{"id":41048,"date":"2023-07-29T21:10:00","date_gmt":"2023-07-29T19:10:00","guid":{"rendered":"https:\/\/just-now.news\/de\/deutschland\/westliches-establishment-zeichnet-sich-selbst-fuer-verdienste-um-weltfrieden-und-freiheit-aus\/"},"modified":"2023-07-29T21:10:00","modified_gmt":"2023-07-29T19:10:00","slug":"westliches-establishment-zeichnet-sich-selbst-fuer-verdienste-um-weltfrieden-und-freiheit-aus","status":"publish","type":"post","link":"https:\/\/now-news.de\/de\/deutschland\/westliches-establishment-zeichnet-sich-selbst-fuer-verdienste-um-weltfrieden-und-freiheit-aus\/","title":{"rendered":"Westliches Establishment zeichnet sich selbst f\u00fcr Verdienste um &quot;Weltfrieden und Freiheit&quot; aus"},"content":{"rendered":"<p><img decoding=\"async\" src=\"http:\/\/just-now.news\/de\/wp-content\/uploads\/sites\/3\/2023\/07\/64c4fadeb480cc3e501b0754.jpg\" \/><\/p>\n<div class=\"Text-root Text-type_1 \">\n                Ursula von der Leyen erhielt von Justin Trudeau in einer perfekten Orgie der Selbstbeweihr\u00e4ucherung das &#8220;rechtm\u00e4\u00dfige \u00c4quivalent des Friedensnobelpreises&#8221;. Eine weitere Ohrfeige des Establishments f\u00fcr die B\u00fcrger Europas.\n            <\/div>\n<p><\/p>\n<div class=\"Text-root Text-type_5 ArticleView-text ViewText-root \">\n<p><em>Von\u00a0Rachel Marsden<\/em><\/p>\n<p>Raten Sie mal, wer eine neue Auszeichnung gewonnen und \u00fcberreicht bekommen hat, die ganz bescheiden mit dem Friedensnobelpreis verglichen wird.<\/p>\n<p>Wenn Sie noch nie von der gemeinn\u00fctzigen Organisation World Law Foundation geh\u00f6rt haben, so sei es Ihnen verziehen. Doch obwohl es diese Organisation erst seit 2019 gibt, hat sie bereits eine Auszeichnung ins Leben gerufen, die von der westlichen Presse als nichts weniger als das &#8220;rechtm\u00e4\u00dfige \u00c4quivalent&#8221; der weltweit h\u00f6chsten Auszeichnung f\u00fcr Friedensf\u00f6rderung bezeichnet wird.<\/p>\n<p>Ich frage mich, wo die Medien diese Idee herhaben, wenn nicht von der Organisation selbst. Kann irgendein Normalo einfach eine Denkfabrik gr\u00fcnden und sich selbst die Verantwortung f\u00fcr eine Auszeichnung \u00fcbertragen, die er dann als die neueste Version des Friedensnobelpreises pr\u00e4sentiert? Viel Gl\u00fcck damit. Es sei denn nat\u00fcrlich, der Vorstand dieser Denkfabrik ist bis auf den letzten Stuhl mit Schwergewichten aus dem Establishment besetzt.<\/p>\n<p>Vor ein paar Tagen versammelten sich die bescheidenen Leute hinter der World Law Foundation bei den Vereinten Nationen in New York zum World Law Congress. Einer der gro\u00dfen Punkte auf der Tagesordnung war die \u00dcbergabe der diesj\u00e4hrigen Auszeichnung f\u00fcr Frieden und Freiheit an niemand geringeren als die Pr\u00e4sidentin der Europ\u00e4ischen Kommission, Ursula von der Leyen, die nicht gew\u00e4hlte, aber de facto K\u00f6nigin der EU, die im Namen ihrer Kommission die Auszeichnung entgegennahm.<\/p>\n<p>Wow! Das habe ich nicht kommen sehen. Schon gar nicht, weil ein ehemaliger EU-Kommissar der Vizepr\u00e4sident des Vorstands der Stiftung ist, zu dem auch ehemalige polnische und franz\u00f6sische Premierminister, ehemalige slowenische und lettische Pr\u00e4sidenten, ein ehemaliger EU-Vizepr\u00e4sident und verschiedene Wirtschaftsvertreter, Akademiker und Juristen des westlichen Establishments geh\u00f6ren.<\/p>\n<p>Man m\u00fcsste meinen, dass die durch von der Leyen gef\u00fchrte EU-Kommission ein eher umstrittener Kandidat f\u00fcr einen Friedenspreis gewesen w\u00e4re, wenn man bedenkt, dass sich die Kommission stets unbeirrt auf die Seite des milit\u00e4rischen Interventionismus von Washington gestellt hat oder zumindest wenig bis gar nichts unternahm, um diesem Interventionismus Einhalt zu gebieten. Im Gegenteil: Sie hat im Rahmen des Regimewechsels in Libyen sogar eine Vorreiterrolle gespielt. Zuletzt hatte die EU zu einem Zeitpunkt die Chance, den Konflikt in der Ukraine zu beenden, als dieser noch gar nicht eskaliert war. Br\u00fcssel h\u00e4tte blo\u00df die Einhaltung der Minsker Vereinbarungen durch Kiew fordern und die Bewaffnung und Ausbildung von antirussischer Soldateska durch den Westen an der Grenze zu Russland ablehnen m\u00fcssen.<\/p>\n<blockquote>\n<p><em>&#8220;Zum ersten Mal \u00fcberhaupt wird die Europ\u00e4ische Union den Kauf und die Lieferung von Waffen und anderer Ausr\u00fcstung f\u00fcr ein angegriffenes Land finanzieren&#8221;,<\/em><\/p>\n<\/blockquote>\n<p><a rel=\"nofollow noopener\" target=\"_blank\" href=\"https:\/\/www.euronews.com\/2022\/02\/27\/eu-to-buy-and-deliver-weapons-to-ukraine-the-first-time-the-bloc-has-financed-military-sup\">verk\u00fcndete von der Leyen<\/a> vergangenes Jahr und nannte das &#8220;eine Zeitenwende&#8221;. Wissen Sie, was sonst noch eine Zeitenwende ist? Die Verleihung eines Friedenspreises an jemanden, der auf einen bewaffneten Konflikt reflexartig damit reagierte, das Kriegsgebiet mit noch mehr Waffen zu \u00fcberfluten. Andererseits ist der Friedensnobelpreis vielleicht tats\u00e4chlich das passende \u00c4quivalent, da dieser vorzeitig an den ehemaligen US-Pr\u00e4sidenten Barack Obama verliehen wurde, noch bevor er Bombenangriffe auf Afrika und den Nahen Osten anordnen konnte. Von der Leyen verk\u00f6rpert anscheinend auch den Inbegriff der Freiheit. Oder sie ist zumindest deren beste Inkarnation, die diese Stiftung finden konnte. Gegen wen musste sie \u00fcberhaupt um Freiheit k\u00e4mpfen?<\/p>\n<blockquote>\n<p><em>&#8220;Wir werden diesen Monat eine Gesetzesvorlage f\u00fcr einen Digitalen Gr\u00fcnen Pass vorlegen&#8221;, <a rel=\"nofollow noopener\" target=\"_blank\" href=\"https:\/\/twitter.com\/vonderleyen\/status\/1366346729289904128\">twitterte von der Leyen<\/a> im M\u00e4rz 2021. &#8220;Der Digitale Gr\u00fcne Pass soll das Leben der Europ\u00e4er erleichtern. Ziel ist es, ihnen schrittweise eine sichere Fortbewegung innerhalb der Europ\u00e4ischen Union oder im Ausland zu erm\u00f6glichen \u2013 sei es f\u00fcr die Arbeit oder f\u00fcr den Tourismus.&#8221;<\/em><\/p>\n<\/blockquote>\n<p>Den Teil dar\u00fcber, dass den Europ\u00e4ern das Grundrecht auf Zugang zu allt\u00e4glichen Veranstaltungsorten, auf Reisen, auf Arbeit und auf die Teilnahme an Versammlungen per Knopfdruck verweigert werden k\u00f6nnte, hat sie <a rel=\"nofollow noopener\" target=\"_blank\" href=\"https:\/\/twitter.com\/vonderleyen\/status\/1366352250302513156\">bequemerweise ausgelassen<\/a> \u2013 und das alles nur, weil viele sich gegen eine Impfung entschieden haben, die weder die \u00dcbertragung noch die Ansteckung eines \u00fcberwiegend nicht t\u00f6dlichen Virus verhindern kann. Wir reden \u00fcber dieselbe Pl\u00f6rre gro\u00dfer Pharmakonzerne, \u00fcber die von der Leyen immer noch nicht vor einem Untersuchungsausschuss der EU Rede und Antwort gestanden und immer noch nicht die privaten SMS mit dem CEO von Pfizer \u00fcbergeben hat, die sie mit ihm austauschte, als sie im Namen der EU einen Deal mit dem Konzern abschloss.<\/p>\n<p>Von der Leyen war in dieser Angelegenheit ungef\u00e4hr so offen und ehrlich, wie sie und die EU-Kommission es gegen\u00fcber Medienplattformen und Narrativen sind, von denen die Gefahr ausgeht, dass sie das Dogma des Establishments in Frage stellen, indem sie von oben herab Zensur und Gesetze erlassen, die auf Ebene der Nationalstaaten jedes ordnungsgem\u00e4\u00dfe Verfahren au\u00dfer Kraft setzen.<\/p>\n<p>Nachdem sich die Stiftung also die Frage gestellt hatte, wer ein w\u00fcrdiger Empf\u00e4nger dieses globalen Freiheits- und Friedenspreises sein k\u00f6nnte, nachdem man sich in der Folge eine nicht gew\u00e4hlte EU-B\u00fcrokratie ausgedacht hatte, die Europa noch tiefer in bewaffnete Konflikte zieht, mittels Zensur in die intellektuelle Dunkelheit und durch Inflation in die Armut treibt, wandten sich die Leute bei der Stiftung wohl der Frage zu, wer der Moderator der Veranstaltung und \u00dcbergeber der Auszeichnung sein k\u00f6nnte. Diese H\u00fcter des Weltfriedens und der Freiheit fragten sich offenbar: &#8220;Wen k\u00f6nnten wir dazu bringen, das zu pr\u00e4sentieren, was Freiheit und Frieden verk\u00f6rpert?&#8221;\u00a0<\/p>\n<p>&#8220;Hey! Wie w\u00e4re es mit dem Kerl aus Kanada, der die Niederschlagung des Freedom Convoy der Lastwagenfahrer anordnete, dessen Land dabei half, die <a rel=\"nofollow noopener\" target=\"_blank\" href=\"https:\/\/ottawacitizen.com\/news\/national\/defence-watch\/canadian-officials-who-met-with-ukrainian-unit-linked-to-neo-nazis-feared-exposure-by-news-media-documents\">Neonazis von Asow auszubilden<\/a>, um Krieg gegen Russland zu f\u00fchren, und der dann versuchte, es vor der Presse zu verheimlichen, um Peinlichkeiten zu vermeiden?&#8221;<\/p>\n<p>Es betritt die B\u00fchne: der kanadische Premierminister Justin Trudeau. Nichts zeugt so sehr von Freiheit wie die Ausrufung eines kriegsrechtlichen Vorgehens gegen eine Gruppe hupender Trucker, die gegen die autorit\u00e4ren COVID-Vorschriften von Trudeau und die damit gef\u00f6rderte Zweiklassengesellschaft sowie die anschlie\u00dfende Sperrung ihrer Bankkonten als Strafma\u00dfnahme protestierten.<\/p>\n<blockquote>\n<p><em>&#8220;Nach dem Brexit fragten sich viele, ob die EU weiterhin stark bleiben w\u00fcrde. Der Euroskeptizismus nahm zusehends zu, w\u00e4hrend Protektionismus und Autoritarismus immer vorherrschender wurden&#8221;,<\/em><\/p>\n<\/blockquote>\n<p><a rel=\"nofollow noopener\" target=\"_blank\" href=\"https:\/\/beta.ctvnews.ca\/national\/politics\/2023\/7\/21\/1_6489249.amp.html\">sagte Trudeau in seiner Laudatio<\/a> \u2013\u00a0vermutlich als frisch gebackene Autorit\u00e4t auf dem Gebiet des Autoritarismus, nachdem er sich erst k\u00fcrzlich selbst darin bet\u00e4tigt hatte.<\/p>\n<blockquote>\n<p><em>&#8220;Als Slogans wie &#8216;America First&#8217; lauter wurden, hielten sowohl Kanada als auch Europa an der \u00dcberzeugung fest, dass Wachstum nicht dadurch entsteht, dass man Mauern errichtet und sich nach innen wendet&#8221;, sagte der kanadische Premierminister weiter. <\/em><\/p>\n<\/blockquote>\n<p>Tats\u00e4chlich singt niemand das Lied von &#8220;America First&#8221; lauter als Kanada und Europa, die blindlings der in Washington festgelegten Agenda \u2013 von der Ukraine \u00fcber den Gender-Wahn bis hin zur Klimapolitik \u2013 folgen, selbst wenn all dies zum Nachteil der Interessen ihrer eigenen B\u00fcrger geschieht.<\/p>\n<p>Wenn die EU und Kanada in aktuellen Schl\u00fcsselfragen von globaler Tragweite, Washington unmissverst\u00e4ndlich die Stirn geboten h\u00e4tten, w\u00e4re die Welt heute ein viel besserer Ort, an erster Stelle f\u00fcr die eigenen B\u00fcrger. Und sie m\u00fcssten nicht herumlaufen, dabei in ihr Horn blasen und eine gro\u00dfe Sache daraus machen, dass ein kriecherisches Establishment auch auf der Weltb\u00fchne ihren B\u00fcrgern eine Ohrfeige anbietet.<\/p>\n<p><em>\u00dcbersetzt aus dem <a rel=\"nofollow noopener\" target=\"_blank\" href=\"https:\/\/www.rt.com\/news\/580400-leyen-trudeau-peace-award\/\">Englischen<\/a>.<\/em><\/p>\n<p><em>Rachel Marsden ist eine Kolumnistin, politische Strategin und Moderatorin eines unabh\u00e4ngig produzierten franz\u00f6sischsprachigen Programms, das auf Sputnik France ausgestrahlt wird. Ihre Webseite findet man auf <a rel=\"nofollow noopener\" target=\"_blank\" href=\"http:\/\/rachelmarsden.com\/\">rachelmarsden.com<\/a><\/em><\/p>\n<p><strong>Mehr zum Thema<\/strong>\u00a0\u2013 <a rel=\"nofollow noopener\" target=\"_blank\" href=\"https:\/\/freeassange.rtde.live\/meinung\/171878-gegen-schande-und-verbrechen-deutscher\/\">Gegen die Schande und das Verbrechen deutscher Kriegsbeteiligung: Beitr\u00e4ge zum Frieden mit Russland<\/a><\/p>\n<\/div>\n<p><script async src=\"https:\/\/platform.twitter.com\/widgets.js\" charset=\"utf-8\"><\/script><br \/>\n<br \/><br \/>\n<br \/><a href=\"https:\/\/de.rt.com\/meinung\/176494-westliches-establishment-zeichnet-sich-selbst\/\">Source link <\/a><\/p>\n","protected":false},"excerpt":{"rendered":"<p>Ursula von der Leyen erhielt von Justin Trudeau in einer perfekten Orgie der Selbstbeweihr\u00e4ucherung das &#8220;rechtm\u00e4\u00dfige \u00c4quivalent des Friedensnobelpreises&#8221;. Eine weitere Ohrfeige des Establishments f\u00fcr die B\u00fcrger Europas. Von\u00a0Rachel Marsden Raten Sie mal, wer eine neue Auszeichnung gewonnen und \u00fcberreicht bekommen hat, die ganz bescheiden mit dem Friedensnobelpreis verglichen wird. Wenn Sie noch nie von [&hellip;]<\/p>\n","protected":false},"author":3,"featured_media":41049,"comment_status":"open","ping_status":"open","sticky":false,"template":"","format":"standard","meta":{"_yoast_indexnow_last_ping":["1690658193"],"wp_automatic_camp":["217"],"505ff9016277b87190e35159fc5088fd":["Westliches Establishment zeichnet sich selbst f\u00fcr Verdienste um &quot;Weltfrieden und Freiheit&quot; aus"],"original_link":["https:\/\/de.rt.com\/meinung\/176494-westliches-establishment-zeichnet-sich-selbst\/"],"_thumbnail_id":["41049"],"_wptgpro_p2tg_sent2tg":["a:1:{i:23737;s:19:\"2023-07-29 21:17:45\";}"],"jnews_social_counter_last_update":["1777577125"]},"categories":[19,23],"tags":[679,9079,2032,221,47233,7618,434,140,47232,41216,28613],"yoast_head":"<!-- This site is optimized with the Yoast SEO Premium plugin v22.7 (Yoast SEO v22.7) - https:\/\/yoast.com\/wordpress\/plugins\/seo\/ -->\n<title>Westliches Establishment zeichnet sich selbst f\u00fcr Verdienste um &quot;Weltfrieden und Freiheit&quot; aus - just-now.NEWS Deutschland<\/title>\n<meta name=\"robots\" content=\"index, follow, max-snippet:-1, max-image-preview:large, max-video-preview:-1\" \/>\n<link rel=\"canonical\" href=\"https:\/\/now-news.de\/de\/deutschland\/westliches-establishment-zeichnet-sich-selbst-fuer-verdienste-um-weltfrieden-und-freiheit-aus\/\" \/>\n<meta property=\"og:locale\" content=\"de_DE\" \/>\n<meta property=\"og:type\" content=\"article\" \/>\n<meta property=\"og:title\" content=\"Westliches Establishment zeichnet sich selbst f\u00fcr Verdienste um &quot;Weltfrieden und Freiheit&quot; aus\" \/>\n<meta property=\"og:description\" content=\"Ursula von der Leyen erhielt von Justin Trudeau in einer perfekten Orgie der Selbstbeweihr\u00e4ucherung das &#8220;rechtm\u00e4\u00dfige \u00c4quivalent des Friedensnobelpreises&#8221;. Eine weitere Ohrfeige des Establishments f\u00fcr die B\u00fcrger Europas. Von\u00a0Rachel Marsden Raten Sie mal, wer eine neue Auszeichnung gewonnen und \u00fcberreicht bekommen hat, die ganz bescheiden mit dem Friedensnobelpreis verglichen wird. Wenn Sie noch nie von [&hellip;]\" \/>\n<meta property=\"og:url\" content=\"https:\/\/now-news.de\/de\/deutschland\/westliches-establishment-zeichnet-sich-selbst-fuer-verdienste-um-weltfrieden-und-freiheit-aus\/\" \/>\n<meta property=\"og:site_name\" content=\"just-now.NEWS Deutschland\" \/>\n<meta property=\"article:publisher\" content=\"https:\/\/www.facebook.com\/wirmachenauf\" \/>\n<meta property=\"article:published_time\" content=\"2023-07-29T19:10:00+00:00\" \/>\n<meta property=\"og:image\" content=\"https:\/\/now-news.de\/de\/wp-content\/uploads\/sites\/3\/2023\/07\/Westliches-Establishment-zeichnet-sich-selbst-fuer-Verdienste-um-quotWeltfrieden-und.jpg\" \/>\n\t<meta property=\"og:image:width\" content=\"460\" \/>\n\t<meta property=\"og:image:height\" content=\"259\" \/>\n\t<meta property=\"og:image:type\" content=\"image\/jpeg\" \/>\n<meta name=\"author\" content=\"rtnews\" \/>\n<meta name=\"twitter:card\" content=\"summary_large_image\" \/>\n<meta name=\"twitter:creator\" content=\"@WirMachenAuf_de\" \/>\n<meta name=\"twitter:site\" content=\"@WirMachenAuf_de\" \/>\n<meta name=\"twitter:label1\" content=\"Verfasst von\" \/>\n\t<meta name=\"twitter:data1\" content=\"rtnews\" \/>\n\t<meta name=\"twitter:label2\" content=\"Gesch\u00e4tzte Lesezeit\" \/>\n\t<meta name=\"twitter:data2\" content=\"6\u00a0Minuten\" \/>\n<script type=\"application\/ld+json\" class=\"yoast-schema-graph\">{\"@context\":\"https:\/\/schema.org\",\"@graph\":[{\"@type\":\"Article\",\"@id\":\"https:\/\/now-news.de\/de\/deutschland\/westliches-establishment-zeichnet-sich-selbst-fuer-verdienste-um-weltfrieden-und-freiheit-aus\/#article\",\"isPartOf\":{\"@id\":\"https:\/\/now-news.de\/de\/deutschland\/westliches-establishment-zeichnet-sich-selbst-fuer-verdienste-um-weltfrieden-und-freiheit-aus\/\"},\"author\":{\"name\":\"rtnews\",\"@id\":\"https:\/\/now-news.de\/de\/#\/schema\/person\/fb534a4e865501d8b3285208df34a9b5\"},\"headline\":\"Westliches Establishment zeichnet sich selbst f\u00fcr Verdienste um &quot;Weltfrieden und Freiheit&quot; aus\",\"datePublished\":\"2023-07-29T19:10:00+00:00\",\"dateModified\":\"2023-07-29T19:10:00+00:00\",\"mainEntityOfPage\":{\"@id\":\"https:\/\/now-news.de\/de\/deutschland\/westliches-establishment-zeichnet-sich-selbst-fuer-verdienste-um-weltfrieden-und-freiheit-aus\/\"},\"wordCount\":1302,\"commentCount\":0,\"publisher\":{\"@id\":\"https:\/\/now-news.de\/de\/#organization\"},\"image\":{\"@id\":\"https:\/\/now-news.de\/de\/deutschland\/westliches-establishment-zeichnet-sich-selbst-fuer-verdienste-um-weltfrieden-und-freiheit-aus\/#primaryimage\"},\"thumbnailUrl\":\"https:\/\/now-news.de\/de\/wp-content\/uploads\/sites\/3\/2023\/07\/Westliches-Establishment-zeichnet-sich-selbst-fuer-Verdienste-um-quotWeltfrieden-und.jpg\",\"keywords\":[\"aus\",\"Establishment\",\"Freiheitquot\",\"f\u00fcr\",\"quotWeltfrieden\",\"selbst\",\"sich\",\"und\",\"Verdienste\",\"westliches\",\"zeichnet\"],\"articleSection\":[\"Deutschland\",\"Russland\"],\"inLanguage\":\"de\",\"potentialAction\":[{\"@type\":\"CommentAction\",\"name\":\"Comment\",\"target\":[\"https:\/\/now-news.de\/de\/deutschland\/westliches-establishment-zeichnet-sich-selbst-fuer-verdienste-um-weltfrieden-und-freiheit-aus\/#respond\"]}]},{\"@type\":\"WebPage\",\"@id\":\"https:\/\/now-news.de\/de\/deutschland\/westliches-establishment-zeichnet-sich-selbst-fuer-verdienste-um-weltfrieden-und-freiheit-aus\/\",\"url\":\"https:\/\/now-news.de\/de\/deutschland\/westliches-establishment-zeichnet-sich-selbst-fuer-verdienste-um-weltfrieden-und-freiheit-aus\/\",\"name\":\"Westliches Establishment zeichnet sich selbst f\u00fcr Verdienste um &quot;Weltfrieden und Freiheit&quot; aus - just-now.NEWS Deutschland\",\"isPartOf\":{\"@id\":\"https:\/\/now-news.de\/de\/#website\"},\"primaryImageOfPage\":{\"@id\":\"https:\/\/now-news.de\/de\/deutschland\/westliches-establishment-zeichnet-sich-selbst-fuer-verdienste-um-weltfrieden-und-freiheit-aus\/#primaryimage\"},\"image\":{\"@id\":\"https:\/\/now-news.de\/de\/deutschland\/westliches-establishment-zeichnet-sich-selbst-fuer-verdienste-um-weltfrieden-und-freiheit-aus\/#primaryimage\"},\"thumbnailUrl\":\"https:\/\/now-news.de\/de\/wp-content\/uploads\/sites\/3\/2023\/07\/Westliches-Establishment-zeichnet-sich-selbst-fuer-Verdienste-um-quotWeltfrieden-und.jpg\",\"datePublished\":\"2023-07-29T19:10:00+00:00\",\"dateModified\":\"2023-07-29T19:10:00+00:00\",\"breadcrumb\":{\"@id\":\"https:\/\/now-news.de\/de\/deutschland\/westliches-establishment-zeichnet-sich-selbst-fuer-verdienste-um-weltfrieden-und-freiheit-aus\/#breadcrumb\"},\"inLanguage\":\"de\",\"potentialAction\":[{\"@type\":\"ReadAction\",\"target\":[\"https:\/\/now-news.de\/de\/deutschland\/westliches-establishment-zeichnet-sich-selbst-fuer-verdienste-um-weltfrieden-und-freiheit-aus\/\"]}]},{\"@type\":\"ImageObject\",\"inLanguage\":\"de\",\"@id\":\"https:\/\/now-news.de\/de\/deutschland\/westliches-establishment-zeichnet-sich-selbst-fuer-verdienste-um-weltfrieden-und-freiheit-aus\/#primaryimage\",\"url\":\"https:\/\/now-news.de\/de\/wp-content\/uploads\/sites\/3\/2023\/07\/Westliches-Establishment-zeichnet-sich-selbst-fuer-Verdienste-um-quotWeltfrieden-und.jpg\",\"contentUrl\":\"https:\/\/now-news.de\/de\/wp-content\/uploads\/sites\/3\/2023\/07\/Westliches-Establishment-zeichnet-sich-selbst-fuer-Verdienste-um-quotWeltfrieden-und.jpg\",\"width\":460,\"height\":259,\"caption\":\"Westliches Establishment zeichnet sich selbst f\u00fcr Verdienste um &quot;Weltfrieden und Freiheit&quot; aus\"},{\"@type\":\"BreadcrumbList\",\"@id\":\"https:\/\/now-news.de\/de\/deutschland\/westliches-establishment-zeichnet-sich-selbst-fuer-verdienste-um-weltfrieden-und-freiheit-aus\/#breadcrumb\",\"itemListElement\":[{\"@type\":\"ListItem\",\"position\":1,\"name\":\"Home\",\"item\":\"https:\/\/now-news.de\/de\/\"},{\"@type\":\"ListItem\",\"position\":2,\"name\":\"Westliches Establishment zeichnet sich selbst f\u00fcr Verdienste um &quot;Weltfrieden und Freiheit&quot; aus\"}]},{\"@type\":\"WebSite\",\"@id\":\"https:\/\/now-news.de\/de\/#website\",\"url\":\"https:\/\/now-news.de\/de\/\",\"name\":\"just-now.NEWS Deutschland\",\"description\":\"Das Portal f\u00fcr unzensierte Nachrichten aus der Welt\",\"publisher\":{\"@id\":\"https:\/\/now-news.de\/de\/#organization\"},\"potentialAction\":[{\"@type\":\"SearchAction\",\"target\":{\"@type\":\"EntryPoint\",\"urlTemplate\":\"https:\/\/now-news.de\/de\/?s={search_term_string}\"},\"query-input\":\"required name=search_term_string\"}],\"inLanguage\":\"de\"},{\"@type\":\"Organization\",\"@id\":\"https:\/\/now-news.de\/de\/#organization\",\"name\":\"Just Now News\",\"url\":\"https:\/\/now-news.de\/de\/\",\"logo\":{\"@type\":\"ImageObject\",\"inLanguage\":\"de\",\"@id\":\"https:\/\/now-news.de\/de\/#\/schema\/logo\/image\/\",\"url\":\"http:\/\/just-now.news\/de\/wp-content\/uploads\/sites\/3\/2022\/04\/logo500x500.jpg\",\"contentUrl\":\"http:\/\/just-now.news\/de\/wp-content\/uploads\/sites\/3\/2022\/04\/logo500x500.jpg\",\"width\":500,\"height\":500,\"caption\":\"Just Now News\"},\"image\":{\"@id\":\"https:\/\/now-news.de\/de\/#\/schema\/logo\/image\/\"},\"sameAs\":[\"https:\/\/www.facebook.com\/wirmachenauf\",\"https:\/\/x.com\/WirMachenAuf_de\"]},{\"@type\":\"Person\",\"@id\":\"https:\/\/now-news.de\/de\/#\/schema\/person\/fb534a4e865501d8b3285208df34a9b5\",\"name\":\"rtnews\",\"image\":{\"@type\":\"ImageObject\",\"inLanguage\":\"de\",\"@id\":\"https:\/\/now-news.de\/de\/#\/schema\/person\/image\/\",\"url\":\"https:\/\/secure.gravatar.com\/avatar\/82aafea7d8127119dd649515f56e2117?s=96&d=mm&r=g\",\"contentUrl\":\"https:\/\/secure.gravatar.com\/avatar\/82aafea7d8127119dd649515f56e2117?s=96&d=mm&r=g\",\"caption\":\"rtnews\"},\"url\":\"https:\/\/now-news.de\/de\/author\/rnews\/\"}]}<\/script>\n<!-- \/ Yoast SEO Premium plugin. -->","yoast_head_json":{"title":"Westliches Establishment zeichnet sich selbst f\u00fcr Verdienste um &quot;Weltfrieden und Freiheit&quot; aus - just-now.NEWS Deutschland","robots":{"index":"index","follow":"follow","max-snippet":"max-snippet:-1","max-image-preview":"max-image-preview:large","max-video-preview":"max-video-preview:-1"},"canonical":"https:\/\/now-news.de\/de\/deutschland\/westliches-establishment-zeichnet-sich-selbst-fuer-verdienste-um-weltfrieden-und-freiheit-aus\/","og_locale":"de_DE","og_type":"article","og_title":"Westliches Establishment zeichnet sich selbst f\u00fcr Verdienste um &quot;Weltfrieden und Freiheit&quot; aus","og_description":"Ursula von der Leyen erhielt von Justin Trudeau in einer perfekten Orgie der Selbstbeweihr\u00e4ucherung das &#8220;rechtm\u00e4\u00dfige \u00c4quivalent des Friedensnobelpreises&#8221;. Eine weitere Ohrfeige des Establishments f\u00fcr die B\u00fcrger Europas. Von\u00a0Rachel Marsden Raten Sie mal, wer eine neue Auszeichnung gewonnen und \u00fcberreicht bekommen hat, die ganz bescheiden mit dem Friedensnobelpreis verglichen wird. Wenn Sie noch nie von [&hellip;]","og_url":"https:\/\/now-news.de\/de\/deutschland\/westliches-establishment-zeichnet-sich-selbst-fuer-verdienste-um-weltfrieden-und-freiheit-aus\/","og_site_name":"just-now.NEWS Deutschland","article_publisher":"https:\/\/www.facebook.com\/wirmachenauf","article_published_time":"2023-07-29T19:10:00+00:00","og_image":[{"width":460,"height":259,"url":"https:\/\/now-news.de\/de\/wp-content\/uploads\/sites\/3\/2023\/07\/Westliches-Establishment-zeichnet-sich-selbst-fuer-Verdienste-um-quotWeltfrieden-und.jpg","type":"image\/jpeg"}],"author":"rtnews","twitter_card":"summary_large_image","twitter_creator":"@WirMachenAuf_de","twitter_site":"@WirMachenAuf_de","twitter_misc":{"Verfasst von":"rtnews","Gesch\u00e4tzte Lesezeit":"6\u00a0Minuten"},"schema":{"@context":"https:\/\/schema.org","@graph":[{"@type":"Article","@id":"https:\/\/now-news.de\/de\/deutschland\/westliches-establishment-zeichnet-sich-selbst-fuer-verdienste-um-weltfrieden-und-freiheit-aus\/#article","isPartOf":{"@id":"https:\/\/now-news.de\/de\/deutschland\/westliches-establishment-zeichnet-sich-selbst-fuer-verdienste-um-weltfrieden-und-freiheit-aus\/"},"author":{"name":"rtnews","@id":"https:\/\/now-news.de\/de\/#\/schema\/person\/fb534a4e865501d8b3285208df34a9b5"},"headline":"Westliches Establishment zeichnet sich selbst f\u00fcr Verdienste um &quot;Weltfrieden und Freiheit&quot; aus","datePublished":"2023-07-29T19:10:00+00:00","dateModified":"2023-07-29T19:10:00+00:00","mainEntityOfPage":{"@id":"https:\/\/now-news.de\/de\/deutschland\/westliches-establishment-zeichnet-sich-selbst-fuer-verdienste-um-weltfrieden-und-freiheit-aus\/"},"wordCount":1302,"commentCount":0,"publisher":{"@id":"https:\/\/now-news.de\/de\/#organization"},"image":{"@id":"https:\/\/now-news.de\/de\/deutschland\/westliches-establishment-zeichnet-sich-selbst-fuer-verdienste-um-weltfrieden-und-freiheit-aus\/#primaryimage"},"thumbnailUrl":"https:\/\/now-news.de\/de\/wp-content\/uploads\/sites\/3\/2023\/07\/Westliches-Establishment-zeichnet-sich-selbst-fuer-Verdienste-um-quotWeltfrieden-und.jpg","keywords":["aus","Establishment","Freiheitquot","f\u00fcr","quotWeltfrieden","selbst","sich","und","Verdienste","westliches","zeichnet"],"articleSection":["Deutschland","Russland"],"inLanguage":"de","potentialAction":[{"@type":"CommentAction","name":"Comment","target":["https:\/\/now-news.de\/de\/deutschland\/westliches-establishment-zeichnet-sich-selbst-fuer-verdienste-um-weltfrieden-und-freiheit-aus\/#respond"]}]},{"@type":"WebPage","@id":"https:\/\/now-news.de\/de\/deutschland\/westliches-establishment-zeichnet-sich-selbst-fuer-verdienste-um-weltfrieden-und-freiheit-aus\/","url":"https:\/\/now-news.de\/de\/deutschland\/westliches-establishment-zeichnet-sich-selbst-fuer-verdienste-um-weltfrieden-und-freiheit-aus\/","name":"Westliches Establishment zeichnet sich selbst f\u00fcr Verdienste um &quot;Weltfrieden und Freiheit&quot; aus - just-now.NEWS Deutschland","isPartOf":{"@id":"https:\/\/now-news.de\/de\/#website"},"primaryImageOfPage":{"@id":"https:\/\/now-news.de\/de\/deutschland\/westliches-establishment-zeichnet-sich-selbst-fuer-verdienste-um-weltfrieden-und-freiheit-aus\/#primaryimage"},"image":{"@id":"https:\/\/now-news.de\/de\/deutschland\/westliches-establishment-zeichnet-sich-selbst-fuer-verdienste-um-weltfrieden-und-freiheit-aus\/#primaryimage"},"thumbnailUrl":"https:\/\/now-news.de\/de\/wp-content\/uploads\/sites\/3\/2023\/07\/Westliches-Establishment-zeichnet-sich-selbst-fuer-Verdienste-um-quotWeltfrieden-und.jpg","datePublished":"2023-07-29T19:10:00+00:00","dateModified":"2023-07-29T19:10:00+00:00","breadcrumb":{"@id":"https:\/\/now-news.de\/de\/deutschland\/westliches-establishment-zeichnet-sich-selbst-fuer-verdienste-um-weltfrieden-und-freiheit-aus\/#breadcrumb"},"inLanguage":"de","potentialAction":[{"@type":"ReadAction","target":["https:\/\/now-news.de\/de\/deutschland\/westliches-establishment-zeichnet-sich-selbst-fuer-verdienste-um-weltfrieden-und-freiheit-aus\/"]}]},{"@type":"ImageObject","inLanguage":"de","@id":"https:\/\/now-news.de\/de\/deutschland\/westliches-establishment-zeichnet-sich-selbst-fuer-verdienste-um-weltfrieden-und-freiheit-aus\/#primaryimage","url":"https:\/\/now-news.de\/de\/wp-content\/uploads\/sites\/3\/2023\/07\/Westliches-Establishment-zeichnet-sich-selbst-fuer-Verdienste-um-quotWeltfrieden-und.jpg","contentUrl":"https:\/\/now-news.de\/de\/wp-content\/uploads\/sites\/3\/2023\/07\/Westliches-Establishment-zeichnet-sich-selbst-fuer-Verdienste-um-quotWeltfrieden-und.jpg","width":460,"height":259,"caption":"Westliches Establishment zeichnet sich selbst f\u00fcr Verdienste um &quot;Weltfrieden und Freiheit&quot; aus"},{"@type":"BreadcrumbList","@id":"https:\/\/now-news.de\/de\/deutschland\/westliches-establishment-zeichnet-sich-selbst-fuer-verdienste-um-weltfrieden-und-freiheit-aus\/#breadcrumb","itemListElement":[{"@type":"ListItem","position":1,"name":"Home","item":"https:\/\/now-news.de\/de\/"},{"@type":"ListItem","position":2,"name":"Westliches Establishment zeichnet sich selbst f\u00fcr Verdienste um &quot;Weltfrieden und Freiheit&quot; aus"}]},{"@type":"WebSite","@id":"https:\/\/now-news.de\/de\/#website","url":"https:\/\/now-news.de\/de\/","name":"just-now.NEWS Deutschland","description":"Das Portal f\u00fcr unzensierte Nachrichten aus der Welt","publisher":{"@id":"https:\/\/now-news.de\/de\/#organization"},"potentialAction":[{"@type":"SearchAction","target":{"@type":"EntryPoint","urlTemplate":"https:\/\/now-news.de\/de\/?s={search_term_string}"},"query-input":"required name=search_term_string"}],"inLanguage":"de"},{"@type":"Organization","@id":"https:\/\/now-news.de\/de\/#organization","name":"Just Now News","url":"https:\/\/now-news.de\/de\/","logo":{"@type":"ImageObject","inLanguage":"de","@id":"https:\/\/now-news.de\/de\/#\/schema\/logo\/image\/","url":"http:\/\/just-now.news\/de\/wp-content\/uploads\/sites\/3\/2022\/04\/logo500x500.jpg","contentUrl":"http:\/\/just-now.news\/de\/wp-content\/uploads\/sites\/3\/2022\/04\/logo500x500.jpg","width":500,"height":500,"caption":"Just Now News"},"image":{"@id":"https:\/\/now-news.de\/de\/#\/schema\/logo\/image\/"},"sameAs":["https:\/\/www.facebook.com\/wirmachenauf","https:\/\/x.com\/WirMachenAuf_de"]},{"@type":"Person","@id":"https:\/\/now-news.de\/de\/#\/schema\/person\/fb534a4e865501d8b3285208df34a9b5","name":"rtnews","image":{"@type":"ImageObject","inLanguage":"de","@id":"https:\/\/now-news.de\/de\/#\/schema\/person\/image\/","url":"https:\/\/secure.gravatar.com\/avatar\/82aafea7d8127119dd649515f56e2117?s=96&d=mm&r=g","contentUrl":"https:\/\/secure.gravatar.com\/avatar\/82aafea7d8127119dd649515f56e2117?s=96&d=mm&r=g","caption":"rtnews"},"url":"https:\/\/now-news.de\/de\/author\/rnews\/"}]}},"_links":{"self":[{"href":"https:\/\/now-news.de\/de\/wp-json\/wp\/v2\/posts\/41048"}],"collection":[{"href":"https:\/\/now-news.de\/de\/wp-json\/wp\/v2\/posts"}],"about":[{"href":"https:\/\/now-news.de\/de\/wp-json\/wp\/v2\/types\/post"}],"author":[{"embeddable":true,"href":"https:\/\/now-news.de\/de\/wp-json\/wp\/v2\/users\/3"}],"replies":[{"embeddable":true,"href":"https:\/\/now-news.de\/de\/wp-json\/wp\/v2\/comments?post=41048"}],"version-history":[{"count":0,"href":"https:\/\/now-news.de\/de\/wp-json\/wp\/v2\/posts\/41048\/revisions"}],"wp:featuredmedia":[{"embeddable":true,"href":"https:\/\/now-news.de\/de\/wp-json\/wp\/v2\/media\/41049"}],"wp:attachment":[{"href":"https:\/\/now-news.de\/de\/wp-json\/wp\/v2\/media?parent=41048"}],"wp:term":[{"taxonomy":"category","embeddable":true,"href":"https:\/\/now-news.de\/de\/wp-json\/wp\/v2\/categories?post=41048"},{"taxonomy":"post_tag","embeddable":true,"href":"https:\/\/now-news.de\/de\/wp-json\/wp\/v2\/tags?post=41048"}],"curies":[{"name":"wp","href":"https:\/\/api.w.org\/{rel}","templated":true}]}}