{"id":40966,"date":"2023-07-28T12:47:54","date_gmt":"2023-07-28T10:47:54","guid":{"rendered":"https:\/\/just-now.news\/de\/deutschland\/lebenserwartung-in-deutschland-geht-zurueck\/"},"modified":"2023-07-28T12:47:54","modified_gmt":"2023-07-28T10:47:54","slug":"lebenserwartung-in-deutschland-geht-zurueck","status":"publish","type":"post","link":"https:\/\/now-news.de\/de\/deutschland\/lebenserwartung-in-deutschland-geht-zurueck\/","title":{"rendered":"Lebenserwartung in Deutschland geht zur\u00fcck"},"content":{"rendered":"<p><img decoding=\"async\" src=\"http:\/\/just-now.news\/de\/wp-content\/uploads\/sites\/3\/2023\/07\/64c370ef48fbef5ac3040bd3.jpg\" \/><\/p>\n<div class=\"Text-root Text-type_1 \">\n                Die Lebenserwartung in Deutschland sinkt auch nach dem Ende der Corona-Pandemie weiter. Diese Entwicklung scheint sich zu verstetigen. Der R\u00fcckgang des Wohlstands in Deutschland l\u00e4sst einen weiteren R\u00fcckgang der Lebenserwartung immer wahrscheinlicher werden.\n            <\/div>\n<p><\/p>\n<div class=\"Text-root Text-type_5 ArticleView-text ViewText-root \">\n<p>Die Lebenserwartung der Deutschen sinkt, teilt das Statistische Bundesamt in einer <a rel=\"nofollow noopener\" target=\"_blank\" href=\"https:\/\/www.destatis.de\/DE\/Presse\/Pressemitteilungen\/2023\/07\/PD23_293_12621.html\">Pressemitteilung<\/a> mit. Gegen\u00fcber 2019, dem Jahr vor der Corona-Pandemie ist die durchschnittliche Lebenserwartung deutlich gesunken. M\u00e4nner hatten im Jahr 2022 bei der Geburt eine Lebenserwartung von 78,2 und Frauen von 82,9 Jahren. Im Vergleich zum Vorpandemiejahr 2019 lag die durchschnittliche Lebenserwartung damit um 0,6 Jahre niedriger. Im Vergleich zum Jahr 2021\u00a0ist die Lebenserwartung bei Frauen um 0,2 Jahre zur\u00fcckgegangen, bei den M\u00e4nnern blieb sie unver\u00e4ndert.\u00a0<\/p>\n<p>Allerdings gibt es regionale Unterschiede. In Ostdeutschland ist die Lebenserwartung gestiegen. Sie\u00a0war allerdings in den Jahren davor relativ stark zur\u00fcckgegangen. Trotz des Anstiegs liegt die durchschnittliche Lebenserwartung in Ostdeutschland etwas niedriger als in Westdeutschland. Dort ist sie zwar weiter zur\u00fcckgegangen, liegt aber dennoch etwas \u00fcber der ostdeutschen.\u00a0<\/p>\n<p>Die Lebenserwartung h\u00e4ngt von zahlreichen Faktoren ab. So <a rel=\"nofollow noopener\" target=\"_blank\" href=\"https:\/\/www.demografie-portal.de\/DE\/Fakten\/lebenserwartung.html#:~:text=Die%20tendenzielle%20Zunahme%20der%20Lebenserwartung,dem%20gestiegenen%20materiellen%20Wohlstand%20zusammen.\">schreibt<\/a> das Demografie-Portal der Bundesregierung:\u00a0<\/p>\n<blockquote>\n<p><em>&#8220;Die tendenzielle Zunahme der Lebenserwartung h\u00e4ngt wesentlich mit dem Fortschritt in der medizinischen Versorgung, Hygiene, Ern\u00e4hrung und Wohnsituation sowie den verbesserten Arbeitsbedingungen und dem gestiegenen materiellen Wohlstand zusammen.&#8221;<\/em><\/p>\n<\/blockquote>\n<p>Entsprechend ist mit einem weiteren R\u00fcckgang der Lebenserwartung zu rechnen, wenn es in diesen Feldern zu R\u00fcckschritten kommt. In den Bereichen medizinische Versorgung, Wohnsituation und materieller Wohlstand ist in Deutschland in den n\u00e4chsten Jahren mit einer Verschlechterung der Situation zu rechnen. Dies legt nahe, dass es auch hinsichtlich des R\u00fcckgangs der Lebenserwartung in Deutschland zu einer Verstetigung kommt.\u00a0<\/p>\n<p><strong>Mehr zum Thema<\/strong>\u00a0\u2013 <a rel=\"nofollow noopener\" target=\"_blank\" href=\"https:\/\/freeassange.rtde.live\/meinung\/176223-schwimmen-mit-strom-linken-chefin\/\">Schwimmen mit dem Strom \u2013 Linken-Chefin Wissler im Interview<\/a><\/p>\n<\/div>\n<p><br \/>\n<br \/><a href=\"https:\/\/de.rt.com\/inland\/176398-lebenserwartung-in-deutschland-geht-zurueck\/\">Source link <\/a><\/p>\n","protected":false},"excerpt":{"rendered":"<p>Die Lebenserwartung in Deutschland sinkt auch nach dem Ende der Corona-Pandemie weiter. Diese Entwicklung scheint sich zu verstetigen. Der R\u00fcckgang des Wohlstands in Deutschland l\u00e4sst einen weiteren R\u00fcckgang der Lebenserwartung immer wahrscheinlicher werden. Die Lebenserwartung der Deutschen sinkt, teilt das Statistische Bundesamt in einer Pressemitteilung mit. Gegen\u00fcber 2019, dem Jahr vor der Corona-Pandemie ist die [&hellip;]<\/p>\n","protected":false},"author":3,"featured_media":40967,"comment_status":"open","ping_status":"open","sticky":false,"template":"","format":"standard","meta":{"_yoast_indexnow_last_ping":["1690541646"],"wp_automatic_camp":["217"],"46e2f40f661426582c04ca86c4598c3d":["Lebenserwartung in Deutschland geht zur\u00fcck"],"original_link":["https:\/\/de.rt.com\/inland\/176398-lebenserwartung-in-deutschland-geht-zurueck\/"],"_thumbnail_id":["40967"],"_wptgpro_p2tg_sent2tg":["a:1:{i:23737;s:19:\"2023-07-28 12:55:14\";}"],"jnews_social_counter_last_update":["1777322737"]},"categories":[19,23],"tags":[179,1673,19424,3337],"yoast_head":"<!-- This site is optimized with the Yoast SEO Premium plugin v22.7 (Yoast SEO v22.7) - https:\/\/yoast.com\/wordpress\/plugins\/seo\/ -->\n<title>Lebenserwartung in Deutschland geht zur\u00fcck - just-now.NEWS Deutschland<\/title>\n<meta name=\"robots\" content=\"index, follow, max-snippet:-1, max-image-preview:large, max-video-preview:-1\" \/>\n<link rel=\"canonical\" href=\"https:\/\/now-news.de\/de\/deutschland\/lebenserwartung-in-deutschland-geht-zurueck\/\" \/>\n<meta property=\"og:locale\" content=\"de_DE\" \/>\n<meta property=\"og:type\" content=\"article\" \/>\n<meta property=\"og:title\" content=\"Lebenserwartung in Deutschland geht zur\u00fcck\" \/>\n<meta property=\"og:description\" content=\"Die Lebenserwartung in Deutschland sinkt auch nach dem Ende der Corona-Pandemie weiter. Diese Entwicklung scheint sich zu verstetigen. Der R\u00fcckgang des Wohlstands in Deutschland l\u00e4sst einen weiteren R\u00fcckgang der Lebenserwartung immer wahrscheinlicher werden. Die Lebenserwartung der Deutschen sinkt, teilt das Statistische Bundesamt in einer Pressemitteilung mit. Gegen\u00fcber 2019, dem Jahr vor der Corona-Pandemie ist die [&hellip;]\" \/>\n<meta property=\"og:url\" content=\"https:\/\/now-news.de\/de\/deutschland\/lebenserwartung-in-deutschland-geht-zurueck\/\" \/>\n<meta property=\"og:site_name\" content=\"just-now.NEWS Deutschland\" \/>\n<meta property=\"article:publisher\" content=\"https:\/\/www.facebook.com\/wirmachenauf\" \/>\n<meta property=\"article:published_time\" content=\"2023-07-28T10:47:54+00:00\" \/>\n<meta property=\"og:image\" content=\"https:\/\/now-news.de\/de\/wp-content\/uploads\/sites\/3\/2023\/07\/Lebenserwartung-in-Deutschland-geht-zurueck.jpg\" \/>\n\t<meta property=\"og:image:width\" content=\"460\" \/>\n\t<meta property=\"og:image:height\" content=\"259\" \/>\n\t<meta property=\"og:image:type\" content=\"image\/jpeg\" \/>\n<meta name=\"author\" content=\"rtnews\" \/>\n<meta name=\"twitter:card\" content=\"summary_large_image\" \/>\n<meta name=\"twitter:creator\" content=\"@WirMachenAuf_de\" \/>\n<meta name=\"twitter:site\" content=\"@WirMachenAuf_de\" \/>\n<meta name=\"twitter:label1\" content=\"Verfasst von\" \/>\n\t<meta name=\"twitter:data1\" content=\"rtnews\" \/>\n\t<meta name=\"twitter:label2\" content=\"Gesch\u00e4tzte Lesezeit\" \/>\n\t<meta name=\"twitter:data2\" content=\"1\u00a0Minute\" \/>\n<script type=\"application\/ld+json\" class=\"yoast-schema-graph\">{\"@context\":\"https:\/\/schema.org\",\"@graph\":[{\"@type\":\"Article\",\"@id\":\"https:\/\/now-news.de\/de\/deutschland\/lebenserwartung-in-deutschland-geht-zurueck\/#article\",\"isPartOf\":{\"@id\":\"https:\/\/now-news.de\/de\/deutschland\/lebenserwartung-in-deutschland-geht-zurueck\/\"},\"author\":{\"name\":\"rtnews\",\"@id\":\"https:\/\/now-news.de\/de\/#\/schema\/person\/fb534a4e865501d8b3285208df34a9b5\"},\"headline\":\"Lebenserwartung in Deutschland geht zur\u00fcck\",\"datePublished\":\"2023-07-28T10:47:54+00:00\",\"dateModified\":\"2023-07-28T10:47:54+00:00\",\"mainEntityOfPage\":{\"@id\":\"https:\/\/now-news.de\/de\/deutschland\/lebenserwartung-in-deutschland-geht-zurueck\/\"},\"wordCount\":286,\"commentCount\":0,\"publisher\":{\"@id\":\"https:\/\/now-news.de\/de\/#organization\"},\"image\":{\"@id\":\"https:\/\/now-news.de\/de\/deutschland\/lebenserwartung-in-deutschland-geht-zurueck\/#primaryimage\"},\"thumbnailUrl\":\"https:\/\/now-news.de\/de\/wp-content\/uploads\/sites\/3\/2023\/07\/Lebenserwartung-in-Deutschland-geht-zurueck.jpg\",\"keywords\":[\"Deutschland\",\"Geht\",\"Lebenserwartung\",\"zur\u00fcck\"],\"articleSection\":[\"Deutschland\",\"Russland\"],\"inLanguage\":\"de\",\"potentialAction\":[{\"@type\":\"CommentAction\",\"name\":\"Comment\",\"target\":[\"https:\/\/now-news.de\/de\/deutschland\/lebenserwartung-in-deutschland-geht-zurueck\/#respond\"]}]},{\"@type\":\"WebPage\",\"@id\":\"https:\/\/now-news.de\/de\/deutschland\/lebenserwartung-in-deutschland-geht-zurueck\/\",\"url\":\"https:\/\/now-news.de\/de\/deutschland\/lebenserwartung-in-deutschland-geht-zurueck\/\",\"name\":\"Lebenserwartung in Deutschland geht zur\u00fcck - just-now.NEWS Deutschland\",\"isPartOf\":{\"@id\":\"https:\/\/now-news.de\/de\/#website\"},\"primaryImageOfPage\":{\"@id\":\"https:\/\/now-news.de\/de\/deutschland\/lebenserwartung-in-deutschland-geht-zurueck\/#primaryimage\"},\"image\":{\"@id\":\"https:\/\/now-news.de\/de\/deutschland\/lebenserwartung-in-deutschland-geht-zurueck\/#primaryimage\"},\"thumbnailUrl\":\"https:\/\/now-news.de\/de\/wp-content\/uploads\/sites\/3\/2023\/07\/Lebenserwartung-in-Deutschland-geht-zurueck.jpg\",\"datePublished\":\"2023-07-28T10:47:54+00:00\",\"dateModified\":\"2023-07-28T10:47:54+00:00\",\"breadcrumb\":{\"@id\":\"https:\/\/now-news.de\/de\/deutschland\/lebenserwartung-in-deutschland-geht-zurueck\/#breadcrumb\"},\"inLanguage\":\"de\",\"potentialAction\":[{\"@type\":\"ReadAction\",\"target\":[\"https:\/\/now-news.de\/de\/deutschland\/lebenserwartung-in-deutschland-geht-zurueck\/\"]}]},{\"@type\":\"ImageObject\",\"inLanguage\":\"de\",\"@id\":\"https:\/\/now-news.de\/de\/deutschland\/lebenserwartung-in-deutschland-geht-zurueck\/#primaryimage\",\"url\":\"https:\/\/now-news.de\/de\/wp-content\/uploads\/sites\/3\/2023\/07\/Lebenserwartung-in-Deutschland-geht-zurueck.jpg\",\"contentUrl\":\"https:\/\/now-news.de\/de\/wp-content\/uploads\/sites\/3\/2023\/07\/Lebenserwartung-in-Deutschland-geht-zurueck.jpg\",\"width\":460,\"height\":259,\"caption\":\"Lebenserwartung in Deutschland geht zur\u00fcck\"},{\"@type\":\"BreadcrumbList\",\"@id\":\"https:\/\/now-news.de\/de\/deutschland\/lebenserwartung-in-deutschland-geht-zurueck\/#breadcrumb\",\"itemListElement\":[{\"@type\":\"ListItem\",\"position\":1,\"name\":\"Home\",\"item\":\"https:\/\/now-news.de\/de\/\"},{\"@type\":\"ListItem\",\"position\":2,\"name\":\"Lebenserwartung in Deutschland geht zur\u00fcck\"}]},{\"@type\":\"WebSite\",\"@id\":\"https:\/\/now-news.de\/de\/#website\",\"url\":\"https:\/\/now-news.de\/de\/\",\"name\":\"just-now.NEWS Deutschland\",\"description\":\"Das Portal f\u00fcr unzensierte Nachrichten aus der Welt\",\"publisher\":{\"@id\":\"https:\/\/now-news.de\/de\/#organization\"},\"potentialAction\":[{\"@type\":\"SearchAction\",\"target\":{\"@type\":\"EntryPoint\",\"urlTemplate\":\"https:\/\/now-news.de\/de\/?s={search_term_string}\"},\"query-input\":\"required name=search_term_string\"}],\"inLanguage\":\"de\"},{\"@type\":\"Organization\",\"@id\":\"https:\/\/now-news.de\/de\/#organization\",\"name\":\"Just Now News\",\"url\":\"https:\/\/now-news.de\/de\/\",\"logo\":{\"@type\":\"ImageObject\",\"inLanguage\":\"de\",\"@id\":\"https:\/\/now-news.de\/de\/#\/schema\/logo\/image\/\",\"url\":\"http:\/\/just-now.news\/de\/wp-content\/uploads\/sites\/3\/2022\/04\/logo500x500.jpg\",\"contentUrl\":\"http:\/\/just-now.news\/de\/wp-content\/uploads\/sites\/3\/2022\/04\/logo500x500.jpg\",\"width\":500,\"height\":500,\"caption\":\"Just Now News\"},\"image\":{\"@id\":\"https:\/\/now-news.de\/de\/#\/schema\/logo\/image\/\"},\"sameAs\":[\"https:\/\/www.facebook.com\/wirmachenauf\",\"https:\/\/x.com\/WirMachenAuf_de\"]},{\"@type\":\"Person\",\"@id\":\"https:\/\/now-news.de\/de\/#\/schema\/person\/fb534a4e865501d8b3285208df34a9b5\",\"name\":\"rtnews\",\"image\":{\"@type\":\"ImageObject\",\"inLanguage\":\"de\",\"@id\":\"https:\/\/now-news.de\/de\/#\/schema\/person\/image\/\",\"url\":\"https:\/\/secure.gravatar.com\/avatar\/82aafea7d8127119dd649515f56e2117?s=96&d=mm&r=g\",\"contentUrl\":\"https:\/\/secure.gravatar.com\/avatar\/82aafea7d8127119dd649515f56e2117?s=96&d=mm&r=g\",\"caption\":\"rtnews\"},\"url\":\"https:\/\/now-news.de\/de\/author\/rnews\/\"}]}<\/script>\n<!-- \/ Yoast SEO Premium plugin. -->","yoast_head_json":{"title":"Lebenserwartung in Deutschland geht zur\u00fcck - just-now.NEWS Deutschland","robots":{"index":"index","follow":"follow","max-snippet":"max-snippet:-1","max-image-preview":"max-image-preview:large","max-video-preview":"max-video-preview:-1"},"canonical":"https:\/\/now-news.de\/de\/deutschland\/lebenserwartung-in-deutschland-geht-zurueck\/","og_locale":"de_DE","og_type":"article","og_title":"Lebenserwartung in Deutschland geht zur\u00fcck","og_description":"Die Lebenserwartung in Deutschland sinkt auch nach dem Ende der Corona-Pandemie weiter. Diese Entwicklung scheint sich zu verstetigen. Der R\u00fcckgang des Wohlstands in Deutschland l\u00e4sst einen weiteren R\u00fcckgang der Lebenserwartung immer wahrscheinlicher werden. Die Lebenserwartung der Deutschen sinkt, teilt das Statistische Bundesamt in einer Pressemitteilung mit. Gegen\u00fcber 2019, dem Jahr vor der Corona-Pandemie ist die [&hellip;]","og_url":"https:\/\/now-news.de\/de\/deutschland\/lebenserwartung-in-deutschland-geht-zurueck\/","og_site_name":"just-now.NEWS Deutschland","article_publisher":"https:\/\/www.facebook.com\/wirmachenauf","article_published_time":"2023-07-28T10:47:54+00:00","og_image":[{"width":460,"height":259,"url":"https:\/\/now-news.de\/de\/wp-content\/uploads\/sites\/3\/2023\/07\/Lebenserwartung-in-Deutschland-geht-zurueck.jpg","type":"image\/jpeg"}],"author":"rtnews","twitter_card":"summary_large_image","twitter_creator":"@WirMachenAuf_de","twitter_site":"@WirMachenAuf_de","twitter_misc":{"Verfasst von":"rtnews","Gesch\u00e4tzte Lesezeit":"1\u00a0Minute"},"schema":{"@context":"https:\/\/schema.org","@graph":[{"@type":"Article","@id":"https:\/\/now-news.de\/de\/deutschland\/lebenserwartung-in-deutschland-geht-zurueck\/#article","isPartOf":{"@id":"https:\/\/now-news.de\/de\/deutschland\/lebenserwartung-in-deutschland-geht-zurueck\/"},"author":{"name":"rtnews","@id":"https:\/\/now-news.de\/de\/#\/schema\/person\/fb534a4e865501d8b3285208df34a9b5"},"headline":"Lebenserwartung in Deutschland geht zur\u00fcck","datePublished":"2023-07-28T10:47:54+00:00","dateModified":"2023-07-28T10:47:54+00:00","mainEntityOfPage":{"@id":"https:\/\/now-news.de\/de\/deutschland\/lebenserwartung-in-deutschland-geht-zurueck\/"},"wordCount":286,"commentCount":0,"publisher":{"@id":"https:\/\/now-news.de\/de\/#organization"},"image":{"@id":"https:\/\/now-news.de\/de\/deutschland\/lebenserwartung-in-deutschland-geht-zurueck\/#primaryimage"},"thumbnailUrl":"https:\/\/now-news.de\/de\/wp-content\/uploads\/sites\/3\/2023\/07\/Lebenserwartung-in-Deutschland-geht-zurueck.jpg","keywords":["Deutschland","Geht","Lebenserwartung","zur\u00fcck"],"articleSection":["Deutschland","Russland"],"inLanguage":"de","potentialAction":[{"@type":"CommentAction","name":"Comment","target":["https:\/\/now-news.de\/de\/deutschland\/lebenserwartung-in-deutschland-geht-zurueck\/#respond"]}]},{"@type":"WebPage","@id":"https:\/\/now-news.de\/de\/deutschland\/lebenserwartung-in-deutschland-geht-zurueck\/","url":"https:\/\/now-news.de\/de\/deutschland\/lebenserwartung-in-deutschland-geht-zurueck\/","name":"Lebenserwartung in Deutschland geht zur\u00fcck - just-now.NEWS Deutschland","isPartOf":{"@id":"https:\/\/now-news.de\/de\/#website"},"primaryImageOfPage":{"@id":"https:\/\/now-news.de\/de\/deutschland\/lebenserwartung-in-deutschland-geht-zurueck\/#primaryimage"},"image":{"@id":"https:\/\/now-news.de\/de\/deutschland\/lebenserwartung-in-deutschland-geht-zurueck\/#primaryimage"},"thumbnailUrl":"https:\/\/now-news.de\/de\/wp-content\/uploads\/sites\/3\/2023\/07\/Lebenserwartung-in-Deutschland-geht-zurueck.jpg","datePublished":"2023-07-28T10:47:54+00:00","dateModified":"2023-07-28T10:47:54+00:00","breadcrumb":{"@id":"https:\/\/now-news.de\/de\/deutschland\/lebenserwartung-in-deutschland-geht-zurueck\/#breadcrumb"},"inLanguage":"de","potentialAction":[{"@type":"ReadAction","target":["https:\/\/now-news.de\/de\/deutschland\/lebenserwartung-in-deutschland-geht-zurueck\/"]}]},{"@type":"ImageObject","inLanguage":"de","@id":"https:\/\/now-news.de\/de\/deutschland\/lebenserwartung-in-deutschland-geht-zurueck\/#primaryimage","url":"https:\/\/now-news.de\/de\/wp-content\/uploads\/sites\/3\/2023\/07\/Lebenserwartung-in-Deutschland-geht-zurueck.jpg","contentUrl":"https:\/\/now-news.de\/de\/wp-content\/uploads\/sites\/3\/2023\/07\/Lebenserwartung-in-Deutschland-geht-zurueck.jpg","width":460,"height":259,"caption":"Lebenserwartung in Deutschland geht zur\u00fcck"},{"@type":"BreadcrumbList","@id":"https:\/\/now-news.de\/de\/deutschland\/lebenserwartung-in-deutschland-geht-zurueck\/#breadcrumb","itemListElement":[{"@type":"ListItem","position":1,"name":"Home","item":"https:\/\/now-news.de\/de\/"},{"@type":"ListItem","position":2,"name":"Lebenserwartung in Deutschland geht zur\u00fcck"}]},{"@type":"WebSite","@id":"https:\/\/now-news.de\/de\/#website","url":"https:\/\/now-news.de\/de\/","name":"just-now.NEWS Deutschland","description":"Das Portal f\u00fcr unzensierte Nachrichten aus der Welt","publisher":{"@id":"https:\/\/now-news.de\/de\/#organization"},"potentialAction":[{"@type":"SearchAction","target":{"@type":"EntryPoint","urlTemplate":"https:\/\/now-news.de\/de\/?s={search_term_string}"},"query-input":"required name=search_term_string"}],"inLanguage":"de"},{"@type":"Organization","@id":"https:\/\/now-news.de\/de\/#organization","name":"Just Now News","url":"https:\/\/now-news.de\/de\/","logo":{"@type":"ImageObject","inLanguage":"de","@id":"https:\/\/now-news.de\/de\/#\/schema\/logo\/image\/","url":"http:\/\/just-now.news\/de\/wp-content\/uploads\/sites\/3\/2022\/04\/logo500x500.jpg","contentUrl":"http:\/\/just-now.news\/de\/wp-content\/uploads\/sites\/3\/2022\/04\/logo500x500.jpg","width":500,"height":500,"caption":"Just Now News"},"image":{"@id":"https:\/\/now-news.de\/de\/#\/schema\/logo\/image\/"},"sameAs":["https:\/\/www.facebook.com\/wirmachenauf","https:\/\/x.com\/WirMachenAuf_de"]},{"@type":"Person","@id":"https:\/\/now-news.de\/de\/#\/schema\/person\/fb534a4e865501d8b3285208df34a9b5","name":"rtnews","image":{"@type":"ImageObject","inLanguage":"de","@id":"https:\/\/now-news.de\/de\/#\/schema\/person\/image\/","url":"https:\/\/secure.gravatar.com\/avatar\/82aafea7d8127119dd649515f56e2117?s=96&d=mm&r=g","contentUrl":"https:\/\/secure.gravatar.com\/avatar\/82aafea7d8127119dd649515f56e2117?s=96&d=mm&r=g","caption":"rtnews"},"url":"https:\/\/now-news.de\/de\/author\/rnews\/"}]}},"_links":{"self":[{"href":"https:\/\/now-news.de\/de\/wp-json\/wp\/v2\/posts\/40966"}],"collection":[{"href":"https:\/\/now-news.de\/de\/wp-json\/wp\/v2\/posts"}],"about":[{"href":"https:\/\/now-news.de\/de\/wp-json\/wp\/v2\/types\/post"}],"author":[{"embeddable":true,"href":"https:\/\/now-news.de\/de\/wp-json\/wp\/v2\/users\/3"}],"replies":[{"embeddable":true,"href":"https:\/\/now-news.de\/de\/wp-json\/wp\/v2\/comments?post=40966"}],"version-history":[{"count":0,"href":"https:\/\/now-news.de\/de\/wp-json\/wp\/v2\/posts\/40966\/revisions"}],"wp:featuredmedia":[{"embeddable":true,"href":"https:\/\/now-news.de\/de\/wp-json\/wp\/v2\/media\/40967"}],"wp:attachment":[{"href":"https:\/\/now-news.de\/de\/wp-json\/wp\/v2\/media?parent=40966"}],"wp:term":[{"taxonomy":"category","embeddable":true,"href":"https:\/\/now-news.de\/de\/wp-json\/wp\/v2\/categories?post=40966"},{"taxonomy":"post_tag","embeddable":true,"href":"https:\/\/now-news.de\/de\/wp-json\/wp\/v2\/tags?post=40966"}],"curies":[{"name":"wp","href":"https:\/\/api.w.org\/{rel}","templated":true}]}}