{"id":40880,"date":"2023-07-26T18:28:42","date_gmt":"2023-07-26T16:28:42","guid":{"rendered":"https:\/\/just-now.news\/de\/deutschland\/putin-dankt-aethiopiens-regierungschef-abiy-fuer-teilnahme-am-russland-afrika-gipfel\/"},"modified":"2023-07-26T18:28:42","modified_gmt":"2023-07-26T16:28:42","slug":"putin-dankt-aethiopiens-regierungschef-abiy-fuer-teilnahme-am-russland-afrika-gipfel","status":"publish","type":"post","link":"https:\/\/now-news.de\/de\/deutschland\/putin-dankt-aethiopiens-regierungschef-abiy-fuer-teilnahme-am-russland-afrika-gipfel\/","title":{"rendered":"Putin dankt \u00c4thiopiens Regierungschef Abiy f\u00fcr Teilnahme am Russland-Afrika-Gipfel"},"content":{"rendered":"<p><img decoding=\"async\" src=\"http:\/\/just-now.news\/de\/wp-content\/uploads\/sites\/3\/2023\/07\/64c1283548fbef5c882e7521.jpg\" \/><\/p>\n<div class=\"Text-root Text-type_1 \">\n                In Sankt Petersburg findet diese Woche ein wirtschaftliches und humanit\u00e4res Forum statt, an dem afrikanische Staaten teilnehmen. Im Vorfeld des zweit\u00e4gigen Russland-Afrika-Gipfels hat sich Pr\u00e4sident Wladimir Putin mit dem \u00e4thiopischen Regierungschef Abiy Ahmed Ali getroffen.\n            <\/div>\n<p><\/p>\n<div class=\"Text-root Text-type_5 ArticleView-text ViewText-root \">\n<p>Diese Woche empf\u00e4ngt Russland Regierungsdelegationen aus vielen afrikanischen Staaten, die am zweit\u00e4gigen Wirtschafts- und Humanit\u00e4ren Forum Russland-Afrika in Sankt Petersburg teilnehmen. Im Vorfeld des Gipfels, der bereits zum zweiten Mal stattfindet, hat sich der russische Pr\u00e4sident Wladimir Putin mit dem \u00e4thiopischen Ministerpr\u00e4sidenten Abiy Ahmed Ali getroffen. Der Politiker dankte dem Gast f\u00fcr die Teilnahme an der Veranstaltung in Sankt Petersburg und hob die langj\u00e4hrige, freundschaftliche Beziehung zwischen den beiden L\u00e4ndern hervor.<\/p>\n<p>Im Gespr\u00e4ch teilte Putin mit, dass die russische Regierung p\u00fcnktlich zum Besuch von Abiy ein Paket von Dokumenten vorbereitet habe. Es umfasse bilaterale Abkommen in den Bereichen Informationssicherheit, Luftfahrt, IT- und Kommunikationstechnologien sowie eine Strategie \u00fcber die friedliche Nutzung von Atomenergie. Derzeit werde an mehr als f\u00fcnfzehn weiteren zwischenstaatlichen Abkommen und Projekten gearbeitet, erkl\u00e4rte der Pr\u00e4sident.<\/p>\n<p>Putin sagte w\u00e4hrend des Treffens, dass Russland auf Kosten seines Haushaltes die Quote f\u00fcr \u00e4thiopische Studenten in den Jahren 2023 bis 2024 mehr als verdreifacht habe. In den vergangenen Jahren\u00a0h\u00e4tten\u00a0mehr als 20.000 \u00e4thiopische B\u00fcrger im euroasiatischen Land eine Ausbildung bekommen. Im Juni habe Moskau zudem seine Handelsvertretung in Addis Abeba er\u00f6ffnet. Das Handelsvolumen sei zuletzt um 56 Prozent gestiegen. Der Kremlchef erw\u00e4hnte ferner, dass \u00c4thiopien das erste Land in Afrika sei, zu dem Russland diplomatische Beziehungen aufgenommen habe.<\/p>\n<blockquote>\n<p><em>&#8220;Das war vor 125 Jahren. Neulich begingen wir dieses denkw\u00fcrdige Datum.&#8221;<\/em><\/p>\n<\/blockquote>\n<p>Abiy zeigte sich seinerseits zuversichtlich, dass sein jetziger Besuch in Russland zur St\u00e4rkung der bilateralen Beziehungen beitragen werde. Er wolle mit Putin sowohl bilaterale als auch multilaterale Angelegenheiten besprechen.<\/p>\n<blockquote>\n<p><em>&#8220;Wir haben vereinbart, Fragen in den Bereichen Technologie, Sicherheit, Wirtschaftsaustausch und Handel zu er\u00f6rtern. Ich hoffe, dies wird eine sehr fruchtbare Diskussion sein.&#8221;<\/em><\/p>\n<\/blockquote>\n<p>Der \u00e4thiopische Regierungschef nannte Russland ein Bruderland. Addis Abeba sei an der Entwicklung des bilateralen Verh\u00e4ltnisses, aber auch an der Er\u00f6rterung von regionalen Problemen \u00e4u\u00dferst interessiert.<\/p>\n<p>Kurz vor dem Russland-Afrika-Gipfel hatte der Kremlsprecher Dmitri Peskow bekannt gegeben, dass der Westen viele afrikanische Staats- und Regierungschefs stark unter Druck gesetzt habe, um die Veranstaltung in Sankt Petersburg zum Scheitern zu bringen. Das Forum werde aber stattfinden. Sein Programm sei recht umfangreich, und man habe vor, ein Paket von gemeinsamen Dokumenten zu verabschieden.<\/p>\n<p><strong>Mehr zum Thema<\/strong> \u2013 <a rel=\"nofollow noopener\" target=\"_blank\" href=\"https:\/\/freeassange.rtde.life\/international\/176248-putin-appelliert-an-teilnehmer-wirtschafts\/\">Putin appelliert an Teilnehmer des Russland-Afrika-Forums, die Zusammenarbeit weiter zu st\u00e4rken<\/a><\/p>\n<\/div>\n<p><br \/>\n<br \/><a href=\"https:\/\/de.rt.com\/international\/176253-putin-dankt-aethiopiens-regierungschef-abiy\/\">Source link <\/a><\/p>\n","protected":false},"excerpt":{"rendered":"<p>In Sankt Petersburg findet diese Woche ein wirtschaftliches und humanit\u00e4res Forum statt, an dem afrikanische Staaten teilnehmen. Im Vorfeld des zweit\u00e4gigen Russland-Afrika-Gipfels hat sich Pr\u00e4sident Wladimir Putin mit dem \u00e4thiopischen Regierungschef Abiy Ahmed Ali getroffen. Diese Woche empf\u00e4ngt Russland Regierungsdelegationen aus vielen afrikanischen Staaten, die am zweit\u00e4gigen Wirtschafts- und Humanit\u00e4ren Forum Russland-Afrika in Sankt Petersburg [&hellip;]<\/p>\n","protected":false},"author":3,"featured_media":40881,"comment_status":"open","ping_status":"open","sticky":false,"template":"","format":"standard","meta":{"_yoast_indexnow_last_ping":["1690389713"],"wp_automatic_camp":["217"],"ca8e5f0c784d8add36fedacc5a93abd1":["Putin dankt \u00c4thiopiens Regierungschef Abiy f\u00fcr Teilnahme am Russland-Afrika-Gipfel"],"original_link":["https:\/\/de.rt.com\/international\/176253-putin-dankt-aethiopiens-regierungschef-abiy\/"],"_thumbnail_id":["40881"],"_wptgpro_p2tg_sent2tg":["a:1:{i:23737;s:19:\"2023-07-26 18:44:08\";}"],"jnews_social_counter_last_update":["1777172633"]},"categories":[19,23],"tags":[47133,21096,33494,221,125,21602,47106,21927],"yoast_head":"<!-- This site is optimized with the Yoast SEO Premium plugin v22.7 (Yoast SEO v22.7) - https:\/\/yoast.com\/wordpress\/plugins\/seo\/ -->\n<title>Putin dankt \u00c4thiopiens Regierungschef Abiy f\u00fcr Teilnahme am Russland-Afrika-Gipfel - just-now.NEWS Deutschland<\/title>\n<meta name=\"robots\" content=\"index, follow, max-snippet:-1, max-image-preview:large, max-video-preview:-1\" \/>\n<link rel=\"canonical\" href=\"https:\/\/now-news.de\/de\/deutschland\/putin-dankt-aethiopiens-regierungschef-abiy-fuer-teilnahme-am-russland-afrika-gipfel\/\" \/>\n<meta property=\"og:locale\" content=\"de_DE\" \/>\n<meta property=\"og:type\" content=\"article\" \/>\n<meta property=\"og:title\" content=\"Putin dankt \u00c4thiopiens Regierungschef Abiy f\u00fcr Teilnahme am Russland-Afrika-Gipfel\" \/>\n<meta property=\"og:description\" content=\"In Sankt Petersburg findet diese Woche ein wirtschaftliches und humanit\u00e4res Forum statt, an dem afrikanische Staaten teilnehmen. Im Vorfeld des zweit\u00e4gigen Russland-Afrika-Gipfels hat sich Pr\u00e4sident Wladimir Putin mit dem \u00e4thiopischen Regierungschef Abiy Ahmed Ali getroffen. Diese Woche empf\u00e4ngt Russland Regierungsdelegationen aus vielen afrikanischen Staaten, die am zweit\u00e4gigen Wirtschafts- und Humanit\u00e4ren Forum Russland-Afrika in Sankt Petersburg [&hellip;]\" \/>\n<meta property=\"og:url\" content=\"https:\/\/now-news.de\/de\/deutschland\/putin-dankt-aethiopiens-regierungschef-abiy-fuer-teilnahme-am-russland-afrika-gipfel\/\" \/>\n<meta property=\"og:site_name\" content=\"just-now.NEWS Deutschland\" \/>\n<meta property=\"article:publisher\" content=\"https:\/\/www.facebook.com\/wirmachenauf\" \/>\n<meta property=\"article:published_time\" content=\"2023-07-26T16:28:42+00:00\" \/>\n<meta property=\"og:image\" content=\"https:\/\/now-news.de\/de\/wp-content\/uploads\/sites\/3\/2023\/07\/Putin-dankt-Aethiopiens-Regierungschef-Abiy-fuer-Teilnahme-am-Russland-Afrika-Gipfel.jpg\" \/>\n\t<meta property=\"og:image:width\" content=\"460\" \/>\n\t<meta property=\"og:image:height\" content=\"259\" \/>\n\t<meta property=\"og:image:type\" content=\"image\/jpeg\" \/>\n<meta name=\"author\" content=\"rtnews\" \/>\n<meta name=\"twitter:card\" content=\"summary_large_image\" \/>\n<meta name=\"twitter:creator\" content=\"@WirMachenAuf_de\" \/>\n<meta name=\"twitter:site\" content=\"@WirMachenAuf_de\" \/>\n<meta name=\"twitter:label1\" content=\"Verfasst von\" \/>\n\t<meta name=\"twitter:data1\" content=\"rtnews\" \/>\n\t<meta name=\"twitter:label2\" content=\"Gesch\u00e4tzte Lesezeit\" \/>\n\t<meta name=\"twitter:data2\" content=\"2\u00a0Minuten\" \/>\n<script type=\"application\/ld+json\" class=\"yoast-schema-graph\">{\"@context\":\"https:\/\/schema.org\",\"@graph\":[{\"@type\":\"Article\",\"@id\":\"https:\/\/now-news.de\/de\/deutschland\/putin-dankt-aethiopiens-regierungschef-abiy-fuer-teilnahme-am-russland-afrika-gipfel\/#article\",\"isPartOf\":{\"@id\":\"https:\/\/now-news.de\/de\/deutschland\/putin-dankt-aethiopiens-regierungschef-abiy-fuer-teilnahme-am-russland-afrika-gipfel\/\"},\"author\":{\"name\":\"rtnews\",\"@id\":\"https:\/\/now-news.de\/de\/#\/schema\/person\/fb534a4e865501d8b3285208df34a9b5\"},\"headline\":\"Putin dankt \u00c4thiopiens Regierungschef Abiy f\u00fcr Teilnahme am Russland-Afrika-Gipfel\",\"datePublished\":\"2023-07-26T16:28:42+00:00\",\"dateModified\":\"2023-07-26T16:28:42+00:00\",\"mainEntityOfPage\":{\"@id\":\"https:\/\/now-news.de\/de\/deutschland\/putin-dankt-aethiopiens-regierungschef-abiy-fuer-teilnahme-am-russland-afrika-gipfel\/\"},\"wordCount\":437,\"commentCount\":0,\"publisher\":{\"@id\":\"https:\/\/now-news.de\/de\/#organization\"},\"image\":{\"@id\":\"https:\/\/now-news.de\/de\/deutschland\/putin-dankt-aethiopiens-regierungschef-abiy-fuer-teilnahme-am-russland-afrika-gipfel\/#primaryimage\"},\"thumbnailUrl\":\"https:\/\/now-news.de\/de\/wp-content\/uploads\/sites\/3\/2023\/07\/Putin-dankt-Aethiopiens-Regierungschef-Abiy-fuer-Teilnahme-am-Russland-Afrika-Gipfel.jpg\",\"keywords\":[\"Abiy\",\"\u00c4thiopiens\",\"dankt\",\"f\u00fcr\",\"putin\",\"Regierungschef\",\"RusslandAfrikaGipfel\",\"Teilnahme\"],\"articleSection\":[\"Deutschland\",\"Russland\"],\"inLanguage\":\"de\",\"potentialAction\":[{\"@type\":\"CommentAction\",\"name\":\"Comment\",\"target\":[\"https:\/\/now-news.de\/de\/deutschland\/putin-dankt-aethiopiens-regierungschef-abiy-fuer-teilnahme-am-russland-afrika-gipfel\/#respond\"]}]},{\"@type\":\"WebPage\",\"@id\":\"https:\/\/now-news.de\/de\/deutschland\/putin-dankt-aethiopiens-regierungschef-abiy-fuer-teilnahme-am-russland-afrika-gipfel\/\",\"url\":\"https:\/\/now-news.de\/de\/deutschland\/putin-dankt-aethiopiens-regierungschef-abiy-fuer-teilnahme-am-russland-afrika-gipfel\/\",\"name\":\"Putin dankt \u00c4thiopiens Regierungschef Abiy f\u00fcr Teilnahme am Russland-Afrika-Gipfel - just-now.NEWS Deutschland\",\"isPartOf\":{\"@id\":\"https:\/\/now-news.de\/de\/#website\"},\"primaryImageOfPage\":{\"@id\":\"https:\/\/now-news.de\/de\/deutschland\/putin-dankt-aethiopiens-regierungschef-abiy-fuer-teilnahme-am-russland-afrika-gipfel\/#primaryimage\"},\"image\":{\"@id\":\"https:\/\/now-news.de\/de\/deutschland\/putin-dankt-aethiopiens-regierungschef-abiy-fuer-teilnahme-am-russland-afrika-gipfel\/#primaryimage\"},\"thumbnailUrl\":\"https:\/\/now-news.de\/de\/wp-content\/uploads\/sites\/3\/2023\/07\/Putin-dankt-Aethiopiens-Regierungschef-Abiy-fuer-Teilnahme-am-Russland-Afrika-Gipfel.jpg\",\"datePublished\":\"2023-07-26T16:28:42+00:00\",\"dateModified\":\"2023-07-26T16:28:42+00:00\",\"breadcrumb\":{\"@id\":\"https:\/\/now-news.de\/de\/deutschland\/putin-dankt-aethiopiens-regierungschef-abiy-fuer-teilnahme-am-russland-afrika-gipfel\/#breadcrumb\"},\"inLanguage\":\"de\",\"potentialAction\":[{\"@type\":\"ReadAction\",\"target\":[\"https:\/\/now-news.de\/de\/deutschland\/putin-dankt-aethiopiens-regierungschef-abiy-fuer-teilnahme-am-russland-afrika-gipfel\/\"]}]},{\"@type\":\"ImageObject\",\"inLanguage\":\"de\",\"@id\":\"https:\/\/now-news.de\/de\/deutschland\/putin-dankt-aethiopiens-regierungschef-abiy-fuer-teilnahme-am-russland-afrika-gipfel\/#primaryimage\",\"url\":\"https:\/\/now-news.de\/de\/wp-content\/uploads\/sites\/3\/2023\/07\/Putin-dankt-Aethiopiens-Regierungschef-Abiy-fuer-Teilnahme-am-Russland-Afrika-Gipfel.jpg\",\"contentUrl\":\"https:\/\/now-news.de\/de\/wp-content\/uploads\/sites\/3\/2023\/07\/Putin-dankt-Aethiopiens-Regierungschef-Abiy-fuer-Teilnahme-am-Russland-Afrika-Gipfel.jpg\",\"width\":460,\"height\":259,\"caption\":\"Putin dankt \u00c4thiopiens Regierungschef Abiy f\u00fcr Teilnahme am Russland-Afrika-Gipfel\"},{\"@type\":\"BreadcrumbList\",\"@id\":\"https:\/\/now-news.de\/de\/deutschland\/putin-dankt-aethiopiens-regierungschef-abiy-fuer-teilnahme-am-russland-afrika-gipfel\/#breadcrumb\",\"itemListElement\":[{\"@type\":\"ListItem\",\"position\":1,\"name\":\"Home\",\"item\":\"https:\/\/now-news.de\/de\/\"},{\"@type\":\"ListItem\",\"position\":2,\"name\":\"Putin dankt \u00c4thiopiens Regierungschef Abiy f\u00fcr Teilnahme am Russland-Afrika-Gipfel\"}]},{\"@type\":\"WebSite\",\"@id\":\"https:\/\/now-news.de\/de\/#website\",\"url\":\"https:\/\/now-news.de\/de\/\",\"name\":\"just-now.NEWS Deutschland\",\"description\":\"Das Portal f\u00fcr unzensierte Nachrichten aus der Welt\",\"publisher\":{\"@id\":\"https:\/\/now-news.de\/de\/#organization\"},\"potentialAction\":[{\"@type\":\"SearchAction\",\"target\":{\"@type\":\"EntryPoint\",\"urlTemplate\":\"https:\/\/now-news.de\/de\/?s={search_term_string}\"},\"query-input\":\"required name=search_term_string\"}],\"inLanguage\":\"de\"},{\"@type\":\"Organization\",\"@id\":\"https:\/\/now-news.de\/de\/#organization\",\"name\":\"Just Now News\",\"url\":\"https:\/\/now-news.de\/de\/\",\"logo\":{\"@type\":\"ImageObject\",\"inLanguage\":\"de\",\"@id\":\"https:\/\/now-news.de\/de\/#\/schema\/logo\/image\/\",\"url\":\"http:\/\/just-now.news\/de\/wp-content\/uploads\/sites\/3\/2022\/04\/logo500x500.jpg\",\"contentUrl\":\"http:\/\/just-now.news\/de\/wp-content\/uploads\/sites\/3\/2022\/04\/logo500x500.jpg\",\"width\":500,\"height\":500,\"caption\":\"Just Now News\"},\"image\":{\"@id\":\"https:\/\/now-news.de\/de\/#\/schema\/logo\/image\/\"},\"sameAs\":[\"https:\/\/www.facebook.com\/wirmachenauf\",\"https:\/\/x.com\/WirMachenAuf_de\"]},{\"@type\":\"Person\",\"@id\":\"https:\/\/now-news.de\/de\/#\/schema\/person\/fb534a4e865501d8b3285208df34a9b5\",\"name\":\"rtnews\",\"image\":{\"@type\":\"ImageObject\",\"inLanguage\":\"de\",\"@id\":\"https:\/\/now-news.de\/de\/#\/schema\/person\/image\/\",\"url\":\"https:\/\/secure.gravatar.com\/avatar\/82aafea7d8127119dd649515f56e2117?s=96&d=mm&r=g\",\"contentUrl\":\"https:\/\/secure.gravatar.com\/avatar\/82aafea7d8127119dd649515f56e2117?s=96&d=mm&r=g\",\"caption\":\"rtnews\"},\"url\":\"https:\/\/now-news.de\/de\/author\/rnews\/\"}]}<\/script>\n<!-- \/ Yoast SEO Premium plugin. -->","yoast_head_json":{"title":"Putin dankt \u00c4thiopiens Regierungschef Abiy f\u00fcr Teilnahme am Russland-Afrika-Gipfel - just-now.NEWS Deutschland","robots":{"index":"index","follow":"follow","max-snippet":"max-snippet:-1","max-image-preview":"max-image-preview:large","max-video-preview":"max-video-preview:-1"},"canonical":"https:\/\/now-news.de\/de\/deutschland\/putin-dankt-aethiopiens-regierungschef-abiy-fuer-teilnahme-am-russland-afrika-gipfel\/","og_locale":"de_DE","og_type":"article","og_title":"Putin dankt \u00c4thiopiens Regierungschef Abiy f\u00fcr Teilnahme am Russland-Afrika-Gipfel","og_description":"In Sankt Petersburg findet diese Woche ein wirtschaftliches und humanit\u00e4res Forum statt, an dem afrikanische Staaten teilnehmen. Im Vorfeld des zweit\u00e4gigen Russland-Afrika-Gipfels hat sich Pr\u00e4sident Wladimir Putin mit dem \u00e4thiopischen Regierungschef Abiy Ahmed Ali getroffen. Diese Woche empf\u00e4ngt Russland Regierungsdelegationen aus vielen afrikanischen Staaten, die am zweit\u00e4gigen Wirtschafts- und Humanit\u00e4ren Forum Russland-Afrika in Sankt Petersburg [&hellip;]","og_url":"https:\/\/now-news.de\/de\/deutschland\/putin-dankt-aethiopiens-regierungschef-abiy-fuer-teilnahme-am-russland-afrika-gipfel\/","og_site_name":"just-now.NEWS Deutschland","article_publisher":"https:\/\/www.facebook.com\/wirmachenauf","article_published_time":"2023-07-26T16:28:42+00:00","og_image":[{"width":460,"height":259,"url":"https:\/\/now-news.de\/de\/wp-content\/uploads\/sites\/3\/2023\/07\/Putin-dankt-Aethiopiens-Regierungschef-Abiy-fuer-Teilnahme-am-Russland-Afrika-Gipfel.jpg","type":"image\/jpeg"}],"author":"rtnews","twitter_card":"summary_large_image","twitter_creator":"@WirMachenAuf_de","twitter_site":"@WirMachenAuf_de","twitter_misc":{"Verfasst von":"rtnews","Gesch\u00e4tzte Lesezeit":"2\u00a0Minuten"},"schema":{"@context":"https:\/\/schema.org","@graph":[{"@type":"Article","@id":"https:\/\/now-news.de\/de\/deutschland\/putin-dankt-aethiopiens-regierungschef-abiy-fuer-teilnahme-am-russland-afrika-gipfel\/#article","isPartOf":{"@id":"https:\/\/now-news.de\/de\/deutschland\/putin-dankt-aethiopiens-regierungschef-abiy-fuer-teilnahme-am-russland-afrika-gipfel\/"},"author":{"name":"rtnews","@id":"https:\/\/now-news.de\/de\/#\/schema\/person\/fb534a4e865501d8b3285208df34a9b5"},"headline":"Putin dankt \u00c4thiopiens Regierungschef Abiy f\u00fcr Teilnahme am Russland-Afrika-Gipfel","datePublished":"2023-07-26T16:28:42+00:00","dateModified":"2023-07-26T16:28:42+00:00","mainEntityOfPage":{"@id":"https:\/\/now-news.de\/de\/deutschland\/putin-dankt-aethiopiens-regierungschef-abiy-fuer-teilnahme-am-russland-afrika-gipfel\/"},"wordCount":437,"commentCount":0,"publisher":{"@id":"https:\/\/now-news.de\/de\/#organization"},"image":{"@id":"https:\/\/now-news.de\/de\/deutschland\/putin-dankt-aethiopiens-regierungschef-abiy-fuer-teilnahme-am-russland-afrika-gipfel\/#primaryimage"},"thumbnailUrl":"https:\/\/now-news.de\/de\/wp-content\/uploads\/sites\/3\/2023\/07\/Putin-dankt-Aethiopiens-Regierungschef-Abiy-fuer-Teilnahme-am-Russland-Afrika-Gipfel.jpg","keywords":["Abiy","\u00c4thiopiens","dankt","f\u00fcr","putin","Regierungschef","RusslandAfrikaGipfel","Teilnahme"],"articleSection":["Deutschland","Russland"],"inLanguage":"de","potentialAction":[{"@type":"CommentAction","name":"Comment","target":["https:\/\/now-news.de\/de\/deutschland\/putin-dankt-aethiopiens-regierungschef-abiy-fuer-teilnahme-am-russland-afrika-gipfel\/#respond"]}]},{"@type":"WebPage","@id":"https:\/\/now-news.de\/de\/deutschland\/putin-dankt-aethiopiens-regierungschef-abiy-fuer-teilnahme-am-russland-afrika-gipfel\/","url":"https:\/\/now-news.de\/de\/deutschland\/putin-dankt-aethiopiens-regierungschef-abiy-fuer-teilnahme-am-russland-afrika-gipfel\/","name":"Putin dankt \u00c4thiopiens Regierungschef Abiy f\u00fcr Teilnahme am Russland-Afrika-Gipfel - just-now.NEWS Deutschland","isPartOf":{"@id":"https:\/\/now-news.de\/de\/#website"},"primaryImageOfPage":{"@id":"https:\/\/now-news.de\/de\/deutschland\/putin-dankt-aethiopiens-regierungschef-abiy-fuer-teilnahme-am-russland-afrika-gipfel\/#primaryimage"},"image":{"@id":"https:\/\/now-news.de\/de\/deutschland\/putin-dankt-aethiopiens-regierungschef-abiy-fuer-teilnahme-am-russland-afrika-gipfel\/#primaryimage"},"thumbnailUrl":"https:\/\/now-news.de\/de\/wp-content\/uploads\/sites\/3\/2023\/07\/Putin-dankt-Aethiopiens-Regierungschef-Abiy-fuer-Teilnahme-am-Russland-Afrika-Gipfel.jpg","datePublished":"2023-07-26T16:28:42+00:00","dateModified":"2023-07-26T16:28:42+00:00","breadcrumb":{"@id":"https:\/\/now-news.de\/de\/deutschland\/putin-dankt-aethiopiens-regierungschef-abiy-fuer-teilnahme-am-russland-afrika-gipfel\/#breadcrumb"},"inLanguage":"de","potentialAction":[{"@type":"ReadAction","target":["https:\/\/now-news.de\/de\/deutschland\/putin-dankt-aethiopiens-regierungschef-abiy-fuer-teilnahme-am-russland-afrika-gipfel\/"]}]},{"@type":"ImageObject","inLanguage":"de","@id":"https:\/\/now-news.de\/de\/deutschland\/putin-dankt-aethiopiens-regierungschef-abiy-fuer-teilnahme-am-russland-afrika-gipfel\/#primaryimage","url":"https:\/\/now-news.de\/de\/wp-content\/uploads\/sites\/3\/2023\/07\/Putin-dankt-Aethiopiens-Regierungschef-Abiy-fuer-Teilnahme-am-Russland-Afrika-Gipfel.jpg","contentUrl":"https:\/\/now-news.de\/de\/wp-content\/uploads\/sites\/3\/2023\/07\/Putin-dankt-Aethiopiens-Regierungschef-Abiy-fuer-Teilnahme-am-Russland-Afrika-Gipfel.jpg","width":460,"height":259,"caption":"Putin dankt \u00c4thiopiens Regierungschef Abiy f\u00fcr Teilnahme am Russland-Afrika-Gipfel"},{"@type":"BreadcrumbList","@id":"https:\/\/now-news.de\/de\/deutschland\/putin-dankt-aethiopiens-regierungschef-abiy-fuer-teilnahme-am-russland-afrika-gipfel\/#breadcrumb","itemListElement":[{"@type":"ListItem","position":1,"name":"Home","item":"https:\/\/now-news.de\/de\/"},{"@type":"ListItem","position":2,"name":"Putin dankt \u00c4thiopiens Regierungschef Abiy f\u00fcr Teilnahme am Russland-Afrika-Gipfel"}]},{"@type":"WebSite","@id":"https:\/\/now-news.de\/de\/#website","url":"https:\/\/now-news.de\/de\/","name":"just-now.NEWS Deutschland","description":"Das Portal f\u00fcr unzensierte Nachrichten aus der Welt","publisher":{"@id":"https:\/\/now-news.de\/de\/#organization"},"potentialAction":[{"@type":"SearchAction","target":{"@type":"EntryPoint","urlTemplate":"https:\/\/now-news.de\/de\/?s={search_term_string}"},"query-input":"required name=search_term_string"}],"inLanguage":"de"},{"@type":"Organization","@id":"https:\/\/now-news.de\/de\/#organization","name":"Just Now News","url":"https:\/\/now-news.de\/de\/","logo":{"@type":"ImageObject","inLanguage":"de","@id":"https:\/\/now-news.de\/de\/#\/schema\/logo\/image\/","url":"http:\/\/just-now.news\/de\/wp-content\/uploads\/sites\/3\/2022\/04\/logo500x500.jpg","contentUrl":"http:\/\/just-now.news\/de\/wp-content\/uploads\/sites\/3\/2022\/04\/logo500x500.jpg","width":500,"height":500,"caption":"Just Now News"},"image":{"@id":"https:\/\/now-news.de\/de\/#\/schema\/logo\/image\/"},"sameAs":["https:\/\/www.facebook.com\/wirmachenauf","https:\/\/x.com\/WirMachenAuf_de"]},{"@type":"Person","@id":"https:\/\/now-news.de\/de\/#\/schema\/person\/fb534a4e865501d8b3285208df34a9b5","name":"rtnews","image":{"@type":"ImageObject","inLanguage":"de","@id":"https:\/\/now-news.de\/de\/#\/schema\/person\/image\/","url":"https:\/\/secure.gravatar.com\/avatar\/82aafea7d8127119dd649515f56e2117?s=96&d=mm&r=g","contentUrl":"https:\/\/secure.gravatar.com\/avatar\/82aafea7d8127119dd649515f56e2117?s=96&d=mm&r=g","caption":"rtnews"},"url":"https:\/\/now-news.de\/de\/author\/rnews\/"}]}},"_links":{"self":[{"href":"https:\/\/now-news.de\/de\/wp-json\/wp\/v2\/posts\/40880"}],"collection":[{"href":"https:\/\/now-news.de\/de\/wp-json\/wp\/v2\/posts"}],"about":[{"href":"https:\/\/now-news.de\/de\/wp-json\/wp\/v2\/types\/post"}],"author":[{"embeddable":true,"href":"https:\/\/now-news.de\/de\/wp-json\/wp\/v2\/users\/3"}],"replies":[{"embeddable":true,"href":"https:\/\/now-news.de\/de\/wp-json\/wp\/v2\/comments?post=40880"}],"version-history":[{"count":0,"href":"https:\/\/now-news.de\/de\/wp-json\/wp\/v2\/posts\/40880\/revisions"}],"wp:featuredmedia":[{"embeddable":true,"href":"https:\/\/now-news.de\/de\/wp-json\/wp\/v2\/media\/40881"}],"wp:attachment":[{"href":"https:\/\/now-news.de\/de\/wp-json\/wp\/v2\/media?parent=40880"}],"wp:term":[{"taxonomy":"category","embeddable":true,"href":"https:\/\/now-news.de\/de\/wp-json\/wp\/v2\/categories?post=40880"},{"taxonomy":"post_tag","embeddable":true,"href":"https:\/\/now-news.de\/de\/wp-json\/wp\/v2\/tags?post=40880"}],"curies":[{"name":"wp","href":"https:\/\/api.w.org\/{rel}","templated":true}]}}