{"id":40845,"date":"2023-07-26T10:29:14","date_gmt":"2023-07-26T08:29:14","guid":{"rendered":"https:\/\/just-now.news\/de\/deutschland\/washington-verstaerkt-truppen-in-syrien-und-hat-dabei-auch-russland-im-visier\/"},"modified":"2023-07-26T10:29:14","modified_gmt":"2023-07-26T08:29:14","slug":"washington-verstaerkt-truppen-in-syrien-und-hat-dabei-auch-russland-im-visier","status":"publish","type":"post","link":"https:\/\/now-news.de\/de\/deutschland\/washington-verstaerkt-truppen-in-syrien-und-hat-dabei-auch-russland-im-visier\/","title":{"rendered":"Washington verst\u00e4rkt Truppen in Syrien &#8211; und hat dabei auch Russland im Visier"},"content":{"rendered":"<p><img decoding=\"async\" src=\"http:\/\/just-now.news\/de\/wp-content\/uploads\/sites\/3\/2023\/07\/64bfc41448fbef191c66a9f1.jpg\" \/><\/p>\n<div class=\"Text-root Text-type_1 \">\n                Die USA verst\u00e4rken milit\u00e4rische Pr\u00e4senz in Syrien und begr\u00fcnden das mit der Notwendigkeit, Kurden auszubilden, um proiranischen Kr\u00e4ften entgegenzutreten. Experten meinen jedoch, dass die Aufstockung der Streitkr\u00e4fte dem Wunsch geschuldet ist, Druck auf Moskau auszu\u00fcben.\n            <\/div>\n<p><\/p>\n<div class=\"Text-root Text-type_5 ArticleView-text ViewText-root \">\n<p><em>Von Rafael Fachrutdinow<\/em><\/p>\n<p>Das US-Kommando hat zus\u00e4tzliche milit\u00e4rische Ausr\u00fcstung und materiell-technische Mittel aus dem Irak in seine St\u00fctzpunkte in Syrien verlegt. Dies berichtete die syrische Zeitung\u00a0<em>Al Watan<\/em>\u00a0unter Berufung auf Quellen in Oppositionsgruppen. Demnach \u00fcberquerten mehrere Milit\u00e4rtransportkonvois den Grenz\u00fcbergang Al-Walid und gelangten in das Territorium der nord\u00f6stlichen Provinz Al-Hasaka.<\/p>\n<p>Zusammen mit den gepanzerten Fahrzeugen ist auch eine gro\u00dfe Gruppe von US-Soldaten nach Syrien verlegt worden. Nach Angaben der Zeitung hat sich ihre Zahl seit dem 15. Juli von 500 auf 1.500 erh\u00f6ht. Ein Teil des milit\u00e4risch-technischen Personals hilft bei der Ausbildung kurdischer K\u00e4mpfer der &#8220;Demokratischen Kr\u00e4fte Syriens&#8221;, w\u00e4hrend andere Flugpl\u00e4tze sowie \u00d6l- und Gasfelder in Al-Hasaka und der Nachbarprovinz Deir ez-Zor bewachen, berichtet\u00a0<em>TASS<\/em>.<\/p>\n<p>Die Verst\u00e4rkung der milit\u00e4rischen Pr\u00e4senz Washingtons in Syrien erfolgt vor dem Hintergrund der eskalierenden Konfrontation zwischen den Vereinigten Staaten und Russland in der Region. So kam am vergangenen Samstag die MQ-9-Reaper-Drohne der US-gef\u00fchrten internationalen Koalition dem Flugzeug der russischen Luftstreitkr\u00e4fte in der N\u00e4he von Al-Bab gef\u00e4hrlich nahe. Dies berichtete Oleg Gurinow, stellvertretender Leiter des russischen Zentrums f\u00fcr Vers\u00f6hnung der Konfliktparteien in Syrien.<\/p>\n<p>Ihm zufolge hat das Flugzeug durch den Aufprall der Leitsysteme automatisch Abwehrsysteme ausgel\u00f6st. Gleichzeitig h\u00e4tten die russischen Piloten &#8220;hohe Professionalit\u00e4t bewiesen, indem sie rechtzeitig die notwendigen Ma\u00dfnahmen ergriffen, um eine Kollision zu verhindern&#8221;, sagte er.<\/p>\n<p>Dar\u00fcber hinaus berichtete Gurinow am 20. Juli, dass F-16-Kampfjets der von den USA gef\u00fchrten internationalen Koalition ihre Leitsysteme eingesetzt h\u00e4tten, um ein russisches Kampfflugzeug anzuvisieren. Ende Mai wies er auch darauf hin, dass Piloten der US-Luftstreitkr\u00e4fte Waffensysteme aktivieren, wenn sie sich russischen Flugzeugen in der Luft n\u00e4hern.<\/p>\n<p>Nach Angaben des US-Zentralkommandos f\u00fchrten russische Kampfjets bei solchen Zwischenf\u00e4llen angeblich &#8220;unsichere und unprofessionelle Man\u00f6ver&#8221; durch. Gleichzeitig haben russische Flugzeuge jedes Recht, dort zu sein \u2013 es gibt einen russischen Luftwaffenst\u00fctzpunkt in Syrien auf Ersuchen der Regierung des Landes.<\/p>\n<p>Au\u00dferdem fanden in der Region k\u00fcrzlich russisch-syrische Milit\u00e4r\u00fcbungen statt, bei denen gemeinsame Aktionen der Luftstreitkr\u00e4fte, der Luftverteidigung und der elektronischen Kampff\u00fchrung zur Abwehr von Luftangriffen ge\u00fcbt wurden. Dementsprechend wurde der Luftraum in dem Gebiet gesperrt, und US-amerikanische Drohnen verstie\u00dfen gegen das Verbot.<\/p>\n<p>Sie haben illegal gehandelt \u2013 wie alle US-Milit\u00e4rs, die sich de facto illegal im Osten und S\u00fcdosten Syriens aufhalten. Ihre Pr\u00e4senz ist nicht das Ergebnis einer Resolution des UN-Sicherheitsrats oder direkter Vereinbarungen mit den rechtm\u00e4\u00dfigen syrischen Beh\u00f6rden.<\/p>\n<p>Gleichzeitig h\u00e4lt nicht jeder in den Vereinigten Staaten das Vorgehen seiner Armee in Syrien f\u00fcr richtig. Die F\u00e4higkeit der USA, Russlands Verhalten in Syrien einzud\u00e4mmen, sei begrenzt, sagte Joel Rubin, ein ehemaliger stellvertretender Berater des US-Au\u00dfenministers in der Regierung des fr\u00fcheren Pr\u00e4sidenten Barack Obama. Seiner Meinung nach wird Russland die Nachgiebigkeit der USA weiterhin auf die Probe stellen, insbesondere nachdem die Beziehungen zwischen den beiden L\u00e4ndern durch den Konflikt in der Ukraine weiter abgebrochen sind, berichtet\u00a0<em>Fox News Digital<\/em>.<\/p>\n<p>Dennoch erw\u00e4gen die USA eine milit\u00e4rische Reaktion auf die russische Pr\u00e4senz im syrischen Luftraum angesichts der zunehmenden Spannungen, berichtete\u00a0<em>Daily Express<\/em>\u00a0letzte Woche unter Berufung auf einen hochrangigen Pentagon-Beamten. Die Aktivierung der USA an der syrischen Front kann durch die Tatsache best\u00e4tigt werden, dass fr\u00fchere Kongressabgeordnete einen Gesetzentwurf eingebracht haben, in dem die USA aufgefordert werden, internationale Bem\u00fchungen zu unterst\u00fctzen, um die Regierung des syrischen Pr\u00e4sidenten Baschar al-Assad &#8220;f\u00fcr Kriegsverbrechen und Verbrechen gegen die Menschlichkeit zur Rechenschaft zu ziehen&#8221;, berichtete\u00a0<em>Al Jazeera<\/em>.<\/p>\n<p>Orientalist Kirill Semenov, Experte beim Russischen Rat f\u00fcr Ausw\u00e4rtige Angelegenheiten, wies darauf hin:<\/p>\n<blockquote>\n<p><em>&#8220;Generell bef\u00fcrchten die USA zwar Angriffe proiranischer Milizen auf US-Milit\u00e4reinrichtungen in Syrien, aber eine Verdreifachung des Kontingents zur Ausbildung kurdischer K\u00e4mpfer erscheint mir \u00fcberfl\u00fcssig. Ich glaube, die USA bereiten sich auf eine gr\u00f6\u00dfere Kampfhandlung vor, an der auch Flugzeuge auf dem Milit\u00e4rst\u00fctzpunkt Al Udeid in Katar beteiligt sind.&#8221;<\/em><\/p>\n<\/blockquote>\n<p>Der Analyst warnte:<\/p>\n<blockquote>\n<p><em>&#8220;Wenn wir \u00fcber das Gebiet sprechen, in dem die Amerikaner einen Konflikt erwarten, ist der wahrscheinlichste Kandidat die Stadt Qamischli im Nordosten Syriens. Dort sind proiranische Kr\u00e4fte und kurdische Verb\u00e4nde gemischt. Au\u00dferdem gibt es einen russischen Milit\u00e4rst\u00fctzpunkt am \u00f6rtlichen Flughafen und russische Kontrollpunkte in der gesamten Region. Jede Provokation von irgendeiner Seite dort k\u00f6nnte zu einem Ausbruch f\u00fchren.&#8221;<\/em><\/p>\n<\/blockquote>\n<p>Der Gespr\u00e4chspartner glaubt:<\/p>\n<blockquote>\n<p><em>&#8220;Die T\u00fcrkei wird sich nat\u00fcrlich auch gegen die Verst\u00e4rkung der US-Milit\u00e4rpr\u00e4senz in der Region wenden. Ankara wird dies auf hochrangigen internationalen Plattformen tun. Sie wird die Vereinigten Staaten beschuldigen, terroristische Organisationen zu unterst\u00fctzen, die die T\u00fcrkei als kurdische Einheiten ansieht.&#8221;<\/em><\/p>\n<\/blockquote>\n<p>Wladimir Wassiljew, leitender Forscher des Instituts f\u00fcr die USA und Kanada der Russischen Akademie der Wissenschaften, sieht die Situation anders. Er meint:<\/p>\n<blockquote>\n<p><em>&#8220;Die USA spielen immer auf mehreren Tischen. Der Hauptvektor ist jetzt ein Frontalangriff auf Russland durch die Ukrainer. Aber wenn sich der Misserfolg auf dieser Flanke ihrer Au\u00dfenpolitik verschlimmert und die lautstark angek\u00fcndigte &#8216;Gegenoffensive&#8217; keine Fr\u00fcchte tr\u00e4gt, werden die USA Plan B unter dem Tisch hervorholen \u2013 es geht um Syrien.&#8221;<\/em><\/p>\n<\/blockquote>\n<p>Der Analyst f\u00fchrte aus:<\/p>\n<blockquote>\n<p><em>&#8220;Es scheint, dass Washington beschlossen hat, den Fall Syrien nach der Prigoschins Rebellion zu aktivieren. Sie erwarten, dass die Situation in der Republik eskaliert und die russischen Streitkr\u00e4fte darin einbezogen werden. Au\u00dferdem braucht die Regierung von Biden vor den Wahlen siegreiche geopolitische Entscheidungen. Syrien ist ein langfristiges Projekt der US-Beh\u00f6rden, an dem Barack Obama beteiligt war. Die Demokraten haben dieses Projekt geerbt und kehren nun zu ihm zur\u00fcck.&#8221;<\/em><\/p>\n<\/blockquote>\n<p>Der Experte f\u00fcgte hinzu:<\/p>\n<blockquote>\n<p><em>&#8220;Es ist wahrscheinlich, dass die USA die Situation in Syrien eskalieren werden, genau wie in der Ukraine. Auch der t\u00fcrkische Faktor spielt hier eine wichtige Rolle, die wir ber\u00fccksichtigen m\u00fcssen.&#8221;<\/em><\/p>\n<\/blockquote>\n<p>Es gibt jedoch auch eine andere Sichtweise. So glaubt der Amerikanist Malek Dudakow, dass der Druck auf Russland in Syrien nicht die Priorit\u00e4t Washingtons ist. Er merkte an:<\/p>\n<blockquote>\n<p><em>&#8220;Im Allgemeinen gibt es einflussreiche Leute in der Biden Regierung und in Trumps Team, die sicher sind, dass es f\u00fcr die Amerikaner an der Zeit ist, sich aus Syrien zur\u00fcckzuziehen. Nat\u00fcrlich sollten wir das nicht vor der Wahl erwarten, aber im Jahr 2024 ist es wahrscheinlich, dass die amerikanischen Streitkr\u00e4fte aus der Region abgezogen werden, entweder nach Osteuropa, um Russland zu bek\u00e4mpfen, oder in den asiatisch-pazifischen Raum, um einen Kampf mit China aufzunehmen.&#8221;<\/em><\/p>\n<\/blockquote>\n<p>Der Gespr\u00e4chspartner schlussfolgert:<\/p>\n<blockquote>\n<p><em>&#8220;Daraus k\u00f6nnen wir schlie\u00dfen, dass Zusammenst\u00f6\u00dfe zwischen den Amerikanern und den russischen Truppen in Syrien, falls es welche geben wird, nur zuf\u00e4llig sein werden. Gezielte Provokationen seitens der USA sind in diesem geopolitischen Raum nicht zu erwarten.&#8221;<\/em><\/p>\n<\/blockquote>\n<p><em>\u00dcbersetzt aus dem\u00a0<\/em><a rel=\"nofollow noopener\" target=\"_blank\" href=\"https:\/\/vz.ru\/world\/2023\/7\/24\/1222595.html\"><em>Russischen<\/em><\/a><em>. Zuerst erschienen auf Wsgljad.<\/em><\/p>\n<p><em>Rafael Fachrutdinow ist ein russischer Journalist.<\/em><\/p>\n<p><strong>Mehr zum Thema \u2013\u00a0<\/strong><a rel=\"nofollow noopener\" target=\"_blank\" href=\"https:\/\/freeassange.rtde.me\/international\/174572-russland-und-syrien-starten-gemeinsame\/\">Russland und Syrien starten gemeinsame Milit\u00e4r\u00fcbung<\/a><\/p>\n<\/div>\n<p><br \/>\n<br \/><a href=\"https:\/\/de.rt.com\/international\/176154-warum-amerika-truppen-nach-syrien\/\">Source link <\/a><\/p>\n","protected":false},"excerpt":{"rendered":"<p>Die USA verst\u00e4rken milit\u00e4rische Pr\u00e4senz in Syrien und begr\u00fcnden das mit der Notwendigkeit, Kurden auszubilden, um proiranischen Kr\u00e4ften entgegenzutreten. Experten meinen jedoch, dass die Aufstockung der Streitkr\u00e4fte dem Wunsch geschuldet ist, Druck auf Moskau auszu\u00fcben. Von Rafael Fachrutdinow Das US-Kommando hat zus\u00e4tzliche milit\u00e4rische Ausr\u00fcstung und materiell-technische Mittel aus dem Irak in seine St\u00fctzpunkte in Syrien [&hellip;]<\/p>\n","protected":false},"author":3,"featured_media":40846,"comment_status":"open","ping_status":"open","sticky":false,"template":"","format":"standard","meta":{"_yoast_indexnow_last_ping":["1690360512"],"wp_automatic_camp":["217"],"1c9ee7e471fbdf8db3fb3e8887d34240":["Washington verst\u00e4rkt Truppen in Syrien - und hat dabei auch Russland im Visier"],"original_link":["https:\/\/de.rt.com\/international\/176154-warum-amerika-truppen-nach-syrien\/"],"_thumbnail_id":["40846"],"jnews_social_counter_last_update":["1777282889"],"_wptgpro_p2tg_sent2tg":["a:1:{i:23737;s:19:\"2023-07-26 10:36:29\";}"]},"categories":[19,23],"tags":[1475,10432,423,126,783,3574,140,10898,3523,1039],"yoast_head":"<!-- This site is optimized with the Yoast SEO Premium plugin v22.7 (Yoast SEO v22.7) - https:\/\/yoast.com\/wordpress\/plugins\/seo\/ -->\n<title>Washington verst\u00e4rkt Truppen in Syrien - und hat dabei auch Russland im Visier - just-now.NEWS Deutschland<\/title>\n<meta name=\"robots\" content=\"index, follow, max-snippet:-1, max-image-preview:large, max-video-preview:-1\" \/>\n<link rel=\"canonical\" href=\"https:\/\/now-news.de\/de\/deutschland\/washington-verstaerkt-truppen-in-syrien-und-hat-dabei-auch-russland-im-visier\/\" \/>\n<meta property=\"og:locale\" content=\"de_DE\" \/>\n<meta property=\"og:type\" content=\"article\" \/>\n<meta property=\"og:title\" content=\"Washington verst\u00e4rkt Truppen in Syrien - und hat dabei auch Russland im Visier\" \/>\n<meta property=\"og:description\" content=\"Die USA verst\u00e4rken milit\u00e4rische Pr\u00e4senz in Syrien und begr\u00fcnden das mit der Notwendigkeit, Kurden auszubilden, um proiranischen Kr\u00e4ften entgegenzutreten. Experten meinen jedoch, dass die Aufstockung der Streitkr\u00e4fte dem Wunsch geschuldet ist, Druck auf Moskau auszu\u00fcben. Von Rafael Fachrutdinow Das US-Kommando hat zus\u00e4tzliche milit\u00e4rische Ausr\u00fcstung und materiell-technische Mittel aus dem Irak in seine St\u00fctzpunkte in Syrien [&hellip;]\" \/>\n<meta property=\"og:url\" content=\"https:\/\/now-news.de\/de\/deutschland\/washington-verstaerkt-truppen-in-syrien-und-hat-dabei-auch-russland-im-visier\/\" \/>\n<meta property=\"og:site_name\" content=\"just-now.NEWS Deutschland\" \/>\n<meta property=\"article:publisher\" content=\"https:\/\/www.facebook.com\/wirmachenauf\" \/>\n<meta property=\"article:published_time\" content=\"2023-07-26T08:29:14+00:00\" \/>\n<meta property=\"og:image\" content=\"https:\/\/now-news.de\/de\/wp-content\/uploads\/sites\/3\/2023\/07\/Washington-verstaerkt-Truppen-in-Syrien-und-hat-dabei-auch.jpg\" \/>\n\t<meta property=\"og:image:width\" content=\"460\" \/>\n\t<meta property=\"og:image:height\" content=\"259\" \/>\n\t<meta property=\"og:image:type\" content=\"image\/jpeg\" \/>\n<meta name=\"author\" content=\"rtnews\" \/>\n<meta name=\"twitter:card\" content=\"summary_large_image\" \/>\n<meta name=\"twitter:creator\" content=\"@WirMachenAuf_de\" \/>\n<meta name=\"twitter:site\" content=\"@WirMachenAuf_de\" \/>\n<meta name=\"twitter:label1\" content=\"Verfasst von\" \/>\n\t<meta name=\"twitter:data1\" content=\"rtnews\" \/>\n\t<meta name=\"twitter:label2\" content=\"Gesch\u00e4tzte Lesezeit\" \/>\n\t<meta name=\"twitter:data2\" content=\"6\u00a0Minuten\" \/>\n<script type=\"application\/ld+json\" class=\"yoast-schema-graph\">{\"@context\":\"https:\/\/schema.org\",\"@graph\":[{\"@type\":\"Article\",\"@id\":\"https:\/\/now-news.de\/de\/deutschland\/washington-verstaerkt-truppen-in-syrien-und-hat-dabei-auch-russland-im-visier\/#article\",\"isPartOf\":{\"@id\":\"https:\/\/now-news.de\/de\/deutschland\/washington-verstaerkt-truppen-in-syrien-und-hat-dabei-auch-russland-im-visier\/\"},\"author\":{\"name\":\"rtnews\",\"@id\":\"https:\/\/now-news.de\/de\/#\/schema\/person\/fb534a4e865501d8b3285208df34a9b5\"},\"headline\":\"Washington verst\u00e4rkt Truppen in Syrien &#8211; und hat dabei auch Russland im Visier\",\"datePublished\":\"2023-07-26T08:29:14+00:00\",\"dateModified\":\"2023-07-26T08:29:14+00:00\",\"mainEntityOfPage\":{\"@id\":\"https:\/\/now-news.de\/de\/deutschland\/washington-verstaerkt-truppen-in-syrien-und-hat-dabei-auch-russland-im-visier\/\"},\"wordCount\":1216,\"commentCount\":0,\"publisher\":{\"@id\":\"https:\/\/now-news.de\/de\/#organization\"},\"image\":{\"@id\":\"https:\/\/now-news.de\/de\/deutschland\/washington-verstaerkt-truppen-in-syrien-und-hat-dabei-auch-russland-im-visier\/#primaryimage\"},\"thumbnailUrl\":\"https:\/\/now-news.de\/de\/wp-content\/uploads\/sites\/3\/2023\/07\/Washington-verstaerkt-Truppen-in-Syrien-und-hat-dabei-auch.jpg\",\"keywords\":[\"auch\",\"dabei\",\"hat\",\"russland\",\"Syrien\",\"Truppen\",\"und\",\"verst\u00e4rkt\",\"Visier\",\"Washington\"],\"articleSection\":[\"Deutschland\",\"Russland\"],\"inLanguage\":\"de\",\"potentialAction\":[{\"@type\":\"CommentAction\",\"name\":\"Comment\",\"target\":[\"https:\/\/now-news.de\/de\/deutschland\/washington-verstaerkt-truppen-in-syrien-und-hat-dabei-auch-russland-im-visier\/#respond\"]}]},{\"@type\":\"WebPage\",\"@id\":\"https:\/\/now-news.de\/de\/deutschland\/washington-verstaerkt-truppen-in-syrien-und-hat-dabei-auch-russland-im-visier\/\",\"url\":\"https:\/\/now-news.de\/de\/deutschland\/washington-verstaerkt-truppen-in-syrien-und-hat-dabei-auch-russland-im-visier\/\",\"name\":\"Washington verst\u00e4rkt Truppen in Syrien - und hat dabei auch Russland im Visier - just-now.NEWS Deutschland\",\"isPartOf\":{\"@id\":\"https:\/\/now-news.de\/de\/#website\"},\"primaryImageOfPage\":{\"@id\":\"https:\/\/now-news.de\/de\/deutschland\/washington-verstaerkt-truppen-in-syrien-und-hat-dabei-auch-russland-im-visier\/#primaryimage\"},\"image\":{\"@id\":\"https:\/\/now-news.de\/de\/deutschland\/washington-verstaerkt-truppen-in-syrien-und-hat-dabei-auch-russland-im-visier\/#primaryimage\"},\"thumbnailUrl\":\"https:\/\/now-news.de\/de\/wp-content\/uploads\/sites\/3\/2023\/07\/Washington-verstaerkt-Truppen-in-Syrien-und-hat-dabei-auch.jpg\",\"datePublished\":\"2023-07-26T08:29:14+00:00\",\"dateModified\":\"2023-07-26T08:29:14+00:00\",\"breadcrumb\":{\"@id\":\"https:\/\/now-news.de\/de\/deutschland\/washington-verstaerkt-truppen-in-syrien-und-hat-dabei-auch-russland-im-visier\/#breadcrumb\"},\"inLanguage\":\"de\",\"potentialAction\":[{\"@type\":\"ReadAction\",\"target\":[\"https:\/\/now-news.de\/de\/deutschland\/washington-verstaerkt-truppen-in-syrien-und-hat-dabei-auch-russland-im-visier\/\"]}]},{\"@type\":\"ImageObject\",\"inLanguage\":\"de\",\"@id\":\"https:\/\/now-news.de\/de\/deutschland\/washington-verstaerkt-truppen-in-syrien-und-hat-dabei-auch-russland-im-visier\/#primaryimage\",\"url\":\"https:\/\/now-news.de\/de\/wp-content\/uploads\/sites\/3\/2023\/07\/Washington-verstaerkt-Truppen-in-Syrien-und-hat-dabei-auch.jpg\",\"contentUrl\":\"https:\/\/now-news.de\/de\/wp-content\/uploads\/sites\/3\/2023\/07\/Washington-verstaerkt-Truppen-in-Syrien-und-hat-dabei-auch.jpg\",\"width\":460,\"height\":259,\"caption\":\"Washington verst\u00e4rkt Truppen in Syrien - und hat dabei auch Russland im Visier\"},{\"@type\":\"BreadcrumbList\",\"@id\":\"https:\/\/now-news.de\/de\/deutschland\/washington-verstaerkt-truppen-in-syrien-und-hat-dabei-auch-russland-im-visier\/#breadcrumb\",\"itemListElement\":[{\"@type\":\"ListItem\",\"position\":1,\"name\":\"Home\",\"item\":\"https:\/\/now-news.de\/de\/\"},{\"@type\":\"ListItem\",\"position\":2,\"name\":\"Washington verst\u00e4rkt Truppen in Syrien &#8211; und hat dabei auch Russland im Visier\"}]},{\"@type\":\"WebSite\",\"@id\":\"https:\/\/now-news.de\/de\/#website\",\"url\":\"https:\/\/now-news.de\/de\/\",\"name\":\"just-now.NEWS Deutschland\",\"description\":\"Das Portal f\u00fcr unzensierte Nachrichten aus der Welt\",\"publisher\":{\"@id\":\"https:\/\/now-news.de\/de\/#organization\"},\"potentialAction\":[{\"@type\":\"SearchAction\",\"target\":{\"@type\":\"EntryPoint\",\"urlTemplate\":\"https:\/\/now-news.de\/de\/?s={search_term_string}\"},\"query-input\":\"required name=search_term_string\"}],\"inLanguage\":\"de\"},{\"@type\":\"Organization\",\"@id\":\"https:\/\/now-news.de\/de\/#organization\",\"name\":\"Just Now News\",\"url\":\"https:\/\/now-news.de\/de\/\",\"logo\":{\"@type\":\"ImageObject\",\"inLanguage\":\"de\",\"@id\":\"https:\/\/now-news.de\/de\/#\/schema\/logo\/image\/\",\"url\":\"http:\/\/just-now.news\/de\/wp-content\/uploads\/sites\/3\/2022\/04\/logo500x500.jpg\",\"contentUrl\":\"http:\/\/just-now.news\/de\/wp-content\/uploads\/sites\/3\/2022\/04\/logo500x500.jpg\",\"width\":500,\"height\":500,\"caption\":\"Just Now News\"},\"image\":{\"@id\":\"https:\/\/now-news.de\/de\/#\/schema\/logo\/image\/\"},\"sameAs\":[\"https:\/\/www.facebook.com\/wirmachenauf\",\"https:\/\/x.com\/WirMachenAuf_de\"]},{\"@type\":\"Person\",\"@id\":\"https:\/\/now-news.de\/de\/#\/schema\/person\/fb534a4e865501d8b3285208df34a9b5\",\"name\":\"rtnews\",\"image\":{\"@type\":\"ImageObject\",\"inLanguage\":\"de\",\"@id\":\"https:\/\/now-news.de\/de\/#\/schema\/person\/image\/\",\"url\":\"https:\/\/secure.gravatar.com\/avatar\/82aafea7d8127119dd649515f56e2117?s=96&d=mm&r=g\",\"contentUrl\":\"https:\/\/secure.gravatar.com\/avatar\/82aafea7d8127119dd649515f56e2117?s=96&d=mm&r=g\",\"caption\":\"rtnews\"},\"url\":\"https:\/\/now-news.de\/de\/author\/rnews\/\"}]}<\/script>\n<!-- \/ Yoast SEO Premium plugin. -->","yoast_head_json":{"title":"Washington verst\u00e4rkt Truppen in Syrien - und hat dabei auch Russland im Visier - just-now.NEWS Deutschland","robots":{"index":"index","follow":"follow","max-snippet":"max-snippet:-1","max-image-preview":"max-image-preview:large","max-video-preview":"max-video-preview:-1"},"canonical":"https:\/\/now-news.de\/de\/deutschland\/washington-verstaerkt-truppen-in-syrien-und-hat-dabei-auch-russland-im-visier\/","og_locale":"de_DE","og_type":"article","og_title":"Washington verst\u00e4rkt Truppen in Syrien - und hat dabei auch Russland im Visier","og_description":"Die USA verst\u00e4rken milit\u00e4rische Pr\u00e4senz in Syrien und begr\u00fcnden das mit der Notwendigkeit, Kurden auszubilden, um proiranischen Kr\u00e4ften entgegenzutreten. Experten meinen jedoch, dass die Aufstockung der Streitkr\u00e4fte dem Wunsch geschuldet ist, Druck auf Moskau auszu\u00fcben. Von Rafael Fachrutdinow Das US-Kommando hat zus\u00e4tzliche milit\u00e4rische Ausr\u00fcstung und materiell-technische Mittel aus dem Irak in seine St\u00fctzpunkte in Syrien [&hellip;]","og_url":"https:\/\/now-news.de\/de\/deutschland\/washington-verstaerkt-truppen-in-syrien-und-hat-dabei-auch-russland-im-visier\/","og_site_name":"just-now.NEWS Deutschland","article_publisher":"https:\/\/www.facebook.com\/wirmachenauf","article_published_time":"2023-07-26T08:29:14+00:00","og_image":[{"width":460,"height":259,"url":"https:\/\/now-news.de\/de\/wp-content\/uploads\/sites\/3\/2023\/07\/Washington-verstaerkt-Truppen-in-Syrien-und-hat-dabei-auch.jpg","type":"image\/jpeg"}],"author":"rtnews","twitter_card":"summary_large_image","twitter_creator":"@WirMachenAuf_de","twitter_site":"@WirMachenAuf_de","twitter_misc":{"Verfasst von":"rtnews","Gesch\u00e4tzte Lesezeit":"6\u00a0Minuten"},"schema":{"@context":"https:\/\/schema.org","@graph":[{"@type":"Article","@id":"https:\/\/now-news.de\/de\/deutschland\/washington-verstaerkt-truppen-in-syrien-und-hat-dabei-auch-russland-im-visier\/#article","isPartOf":{"@id":"https:\/\/now-news.de\/de\/deutschland\/washington-verstaerkt-truppen-in-syrien-und-hat-dabei-auch-russland-im-visier\/"},"author":{"name":"rtnews","@id":"https:\/\/now-news.de\/de\/#\/schema\/person\/fb534a4e865501d8b3285208df34a9b5"},"headline":"Washington verst\u00e4rkt Truppen in Syrien &#8211; und hat dabei auch Russland im Visier","datePublished":"2023-07-26T08:29:14+00:00","dateModified":"2023-07-26T08:29:14+00:00","mainEntityOfPage":{"@id":"https:\/\/now-news.de\/de\/deutschland\/washington-verstaerkt-truppen-in-syrien-und-hat-dabei-auch-russland-im-visier\/"},"wordCount":1216,"commentCount":0,"publisher":{"@id":"https:\/\/now-news.de\/de\/#organization"},"image":{"@id":"https:\/\/now-news.de\/de\/deutschland\/washington-verstaerkt-truppen-in-syrien-und-hat-dabei-auch-russland-im-visier\/#primaryimage"},"thumbnailUrl":"https:\/\/now-news.de\/de\/wp-content\/uploads\/sites\/3\/2023\/07\/Washington-verstaerkt-Truppen-in-Syrien-und-hat-dabei-auch.jpg","keywords":["auch","dabei","hat","russland","Syrien","Truppen","und","verst\u00e4rkt","Visier","Washington"],"articleSection":["Deutschland","Russland"],"inLanguage":"de","potentialAction":[{"@type":"CommentAction","name":"Comment","target":["https:\/\/now-news.de\/de\/deutschland\/washington-verstaerkt-truppen-in-syrien-und-hat-dabei-auch-russland-im-visier\/#respond"]}]},{"@type":"WebPage","@id":"https:\/\/now-news.de\/de\/deutschland\/washington-verstaerkt-truppen-in-syrien-und-hat-dabei-auch-russland-im-visier\/","url":"https:\/\/now-news.de\/de\/deutschland\/washington-verstaerkt-truppen-in-syrien-und-hat-dabei-auch-russland-im-visier\/","name":"Washington verst\u00e4rkt Truppen in Syrien - und hat dabei auch Russland im Visier - just-now.NEWS Deutschland","isPartOf":{"@id":"https:\/\/now-news.de\/de\/#website"},"primaryImageOfPage":{"@id":"https:\/\/now-news.de\/de\/deutschland\/washington-verstaerkt-truppen-in-syrien-und-hat-dabei-auch-russland-im-visier\/#primaryimage"},"image":{"@id":"https:\/\/now-news.de\/de\/deutschland\/washington-verstaerkt-truppen-in-syrien-und-hat-dabei-auch-russland-im-visier\/#primaryimage"},"thumbnailUrl":"https:\/\/now-news.de\/de\/wp-content\/uploads\/sites\/3\/2023\/07\/Washington-verstaerkt-Truppen-in-Syrien-und-hat-dabei-auch.jpg","datePublished":"2023-07-26T08:29:14+00:00","dateModified":"2023-07-26T08:29:14+00:00","breadcrumb":{"@id":"https:\/\/now-news.de\/de\/deutschland\/washington-verstaerkt-truppen-in-syrien-und-hat-dabei-auch-russland-im-visier\/#breadcrumb"},"inLanguage":"de","potentialAction":[{"@type":"ReadAction","target":["https:\/\/now-news.de\/de\/deutschland\/washington-verstaerkt-truppen-in-syrien-und-hat-dabei-auch-russland-im-visier\/"]}]},{"@type":"ImageObject","inLanguage":"de","@id":"https:\/\/now-news.de\/de\/deutschland\/washington-verstaerkt-truppen-in-syrien-und-hat-dabei-auch-russland-im-visier\/#primaryimage","url":"https:\/\/now-news.de\/de\/wp-content\/uploads\/sites\/3\/2023\/07\/Washington-verstaerkt-Truppen-in-Syrien-und-hat-dabei-auch.jpg","contentUrl":"https:\/\/now-news.de\/de\/wp-content\/uploads\/sites\/3\/2023\/07\/Washington-verstaerkt-Truppen-in-Syrien-und-hat-dabei-auch.jpg","width":460,"height":259,"caption":"Washington verst\u00e4rkt Truppen in Syrien - und hat dabei auch Russland im Visier"},{"@type":"BreadcrumbList","@id":"https:\/\/now-news.de\/de\/deutschland\/washington-verstaerkt-truppen-in-syrien-und-hat-dabei-auch-russland-im-visier\/#breadcrumb","itemListElement":[{"@type":"ListItem","position":1,"name":"Home","item":"https:\/\/now-news.de\/de\/"},{"@type":"ListItem","position":2,"name":"Washington verst\u00e4rkt Truppen in Syrien &#8211; und hat dabei auch Russland im Visier"}]},{"@type":"WebSite","@id":"https:\/\/now-news.de\/de\/#website","url":"https:\/\/now-news.de\/de\/","name":"just-now.NEWS Deutschland","description":"Das Portal f\u00fcr unzensierte Nachrichten aus der Welt","publisher":{"@id":"https:\/\/now-news.de\/de\/#organization"},"potentialAction":[{"@type":"SearchAction","target":{"@type":"EntryPoint","urlTemplate":"https:\/\/now-news.de\/de\/?s={search_term_string}"},"query-input":"required name=search_term_string"}],"inLanguage":"de"},{"@type":"Organization","@id":"https:\/\/now-news.de\/de\/#organization","name":"Just Now News","url":"https:\/\/now-news.de\/de\/","logo":{"@type":"ImageObject","inLanguage":"de","@id":"https:\/\/now-news.de\/de\/#\/schema\/logo\/image\/","url":"http:\/\/just-now.news\/de\/wp-content\/uploads\/sites\/3\/2022\/04\/logo500x500.jpg","contentUrl":"http:\/\/just-now.news\/de\/wp-content\/uploads\/sites\/3\/2022\/04\/logo500x500.jpg","width":500,"height":500,"caption":"Just Now News"},"image":{"@id":"https:\/\/now-news.de\/de\/#\/schema\/logo\/image\/"},"sameAs":["https:\/\/www.facebook.com\/wirmachenauf","https:\/\/x.com\/WirMachenAuf_de"]},{"@type":"Person","@id":"https:\/\/now-news.de\/de\/#\/schema\/person\/fb534a4e865501d8b3285208df34a9b5","name":"rtnews","image":{"@type":"ImageObject","inLanguage":"de","@id":"https:\/\/now-news.de\/de\/#\/schema\/person\/image\/","url":"https:\/\/secure.gravatar.com\/avatar\/82aafea7d8127119dd649515f56e2117?s=96&d=mm&r=g","contentUrl":"https:\/\/secure.gravatar.com\/avatar\/82aafea7d8127119dd649515f56e2117?s=96&d=mm&r=g","caption":"rtnews"},"url":"https:\/\/now-news.de\/de\/author\/rnews\/"}]}},"_links":{"self":[{"href":"https:\/\/now-news.de\/de\/wp-json\/wp\/v2\/posts\/40845"}],"collection":[{"href":"https:\/\/now-news.de\/de\/wp-json\/wp\/v2\/posts"}],"about":[{"href":"https:\/\/now-news.de\/de\/wp-json\/wp\/v2\/types\/post"}],"author":[{"embeddable":true,"href":"https:\/\/now-news.de\/de\/wp-json\/wp\/v2\/users\/3"}],"replies":[{"embeddable":true,"href":"https:\/\/now-news.de\/de\/wp-json\/wp\/v2\/comments?post=40845"}],"version-history":[{"count":0,"href":"https:\/\/now-news.de\/de\/wp-json\/wp\/v2\/posts\/40845\/revisions"}],"wp:featuredmedia":[{"embeddable":true,"href":"https:\/\/now-news.de\/de\/wp-json\/wp\/v2\/media\/40846"}],"wp:attachment":[{"href":"https:\/\/now-news.de\/de\/wp-json\/wp\/v2\/media?parent=40845"}],"wp:term":[{"taxonomy":"category","embeddable":true,"href":"https:\/\/now-news.de\/de\/wp-json\/wp\/v2\/categories?post=40845"},{"taxonomy":"post_tag","embeddable":true,"href":"https:\/\/now-news.de\/de\/wp-json\/wp\/v2\/tags?post=40845"}],"curies":[{"name":"wp","href":"https:\/\/api.w.org\/{rel}","templated":true}]}}