{"id":40813,"date":"2023-07-25T19:44:23","date_gmt":"2023-07-25T17:44:23","guid":{"rendered":"https:\/\/just-now.news\/de\/deutschland\/rammstein-anwalt-spiegel-unterbietet-in-der-verdachtsberichterstattung-mittlerweile-die-bild\/"},"modified":"2023-07-25T19:44:23","modified_gmt":"2023-07-25T17:44:23","slug":"rammstein-anwalt-spiegel-unterbietet-in-der-verdachtsberichterstattung-mittlerweile-die-bild","status":"publish","type":"post","link":"https:\/\/now-news.de\/de\/deutschland\/rammstein-anwalt-spiegel-unterbietet-in-der-verdachtsberichterstattung-mittlerweile-die-bild\/","title":{"rendered":"Rammstein-Anwalt: &quot;Spiegel&quot; unterbietet in der Verdachtsberichterstattung mittlerweile die &quot;Bild&quot;"},"content":{"rendered":"<p><img decoding=\"async\" src=\"http:\/\/just-now.news\/de\/wp-content\/uploads\/sites\/3\/2023\/07\/64c000a648fbef1c216f5994.jpg\" \/><\/p>\n<div class=\"Text-root Text-type_1 \">\n                In einem Interview mit dem Magazin &#8220;Cicero&#8221; erhebt der Anwalt des Rammstein-S\u00e4ngers Till Lindemann schwere Vorw\u00fcrfe gegen den &#8220;Spiegel&#8221;. Dieser unterbiete in seiner Verdachtsberichterstattung mittlerweile selbst das Boulevard-Blatt &#8220;Bild&#8221;.\n            <\/div>\n<p><\/p>\n<div class=\"Text-root Text-type_5 ArticleView-text ViewText-root \">\n<p>In einem <a rel=\"nofollow noopener\" target=\"_blank\" href=\"https:\/\/www.cicero.de\/kultur\/interview-anwalt-rammstein-lindemann-spiegel-presserecht\">Interview<\/a> mit dem Magazin <em>Cicero<\/em> erhebt Simon Bergmann, Anwalt des Rammstein-S\u00e4ngers Till Lindemann, schwere Vorw\u00fcrfe gegen das Magazin <em>Spiegel<\/em>. Das Vorgehen des <em>Spiegels<\/em> in F\u00e4llen der Verdachtsberichterstattung unterbiete mittlerweile die Methoden und das Niveau der <em>Bild-Zeitung<\/em>. Es handele sich um einen &#8220;rei\u00dferischen, sensationsheischenden Stil&#8221;, der mit Aufkl\u00e4rung von Missst\u00e4nden nur noch am Rande zu tun habe, so Bergmann.<\/p>\n<p>Entgegen h\u00e4ufiger Annahmen sei auch eine &#8220;Waffengleichheit&#8221; nicht zwingend zutreffend, so der Anwalt. Nicht jeder Prominente verf\u00fcge \u00fcber gro\u00dfe finanzielle Mittel. Bl\u00e4tter wie der <em>Spiegel<\/em> und die dazugeh\u00f6rigen Rechtsabteilungen legen es in solchen F\u00e4llen darauf an, dass ihren Opfern im Verlauf eines Rechtsstreits finanziell die Luft ausgehe und sie aufgeben m\u00fcssten, denn es k\u00f6nnten Kosten in sechsstelliger H\u00f6he zusammenkommen. Bergmann erkl\u00e4rte diesbez\u00fcglich gegen\u00fcber <em>Cicero<\/em>:<\/p>\n<blockquote>\n<p><em>&#8220;Nat\u00fcrlich gibt es Leute, die sich das leisten k\u00f6nnen und m\u00fcssen, aber es gibt eben auch Mandanten, die sind zwar prominent, aber es sind keine Million\u00e4re. Und das wissen die Medien, die Prozessgegner. Und die kalkulieren die finanzielle Situation des Betroffenen ein. Die sagen sich: Wir machen die Verdachtsberichterstattung trotz aller Bedenken, aber der Scoop ist so gro\u00df, dass es sich auf jeden Fall rechnet und die Anwaltsgeb\u00fchren buchen wir mit ein.&#8221;<\/em><\/p>\n<\/blockquote>\n<p>Bergmann berichtete auch von einer Reihe von <a rel=\"nofollow noopener\" target=\"_blank\" href=\"https:\/\/test.rtde.life\/inland\/174757-hamburger-landgericht-untersagt-spiegel-teilberichterstattung-ueber-rammstein\/\">Erfolgen <\/a>gegen den <em>Spiegel<\/em> im Zusammenhang mit der Berichterstattung in der Causa Rammstein und f\u00fchrte weiter aus, dass entsprechende Berichte im Zusammenhang mit der &#8220;MeToo&#8221;-Bewegung und Harvey Weinstein &#8220;einen ganz neuen Spin gewonnen haben&#8221;.<\/p>\n<blockquote>\n<p><em>&#8220;Die Redaktionen haben bemerkt, dass dieses Thema die Leute triggert. Es erzielt hohe Aufmerksamkeit, alleine schon das Schlagwort &#8216;MeToo&#8217;, und es garantiert hohe Verkaufszahlen, insbesondere im Digitalbereich.&#8221;<\/em><\/p>\n<\/blockquote>\n<p>Deshalb finde man laut Bergmann auch kaum &#8220;MeToo&#8221;-Berichte ohne eine Bezahlschranke.<\/p>\n<blockquote>\n<p><em>&#8220;Sie erscheinen in der Print-Ausgabe, die man kaufen muss, und h\u00e4ufig im kostenpflichtigen Abo-Bereich, sind dann also nicht frei zug\u00e4nglich. Der Grund daf\u00fcr ist, dass man damit auch Geld machen will. Das hat zu einer erheblichen Zunahme unzul\u00e4ssiger Verdachtsberichterstattung gef\u00fchrt und zu einer gef\u00e4hrlichen Verschiebung der Vorgaben. Das ist eine schlechte Entwicklung.&#8221;<\/em><\/p>\n<\/blockquote>\n<p>Gegen die Tatsache, dass nun die Berliner Staatsanwaltschaft im Fall Rammstein ermittle, habe er hingegen nichts einzuwenden \u2013 im Gegenteil:<\/p>\n<blockquote>\n<p><em>&#8220;Ein Ermittlungsverfahren hat den Vorteil, dass die Vorw\u00fcrfe gekl\u00e4rt werden, und zwar von Profis und nicht von Investigativ-Journalisten.&#8221;<\/em><\/p>\n<\/blockquote>\n<p>Ihm und seinen Mandanten sei es lieber, dass ermittelt werde, als dass die Vorw\u00fcrfe im Raum stehen bleiben. Bergmann f\u00fchrte weiterhin aus, dass der <em>Spiegel<\/em> h\u00e4ufig das erforderliche Mindestma\u00df an Beweistatsachen, welches f\u00fcr eine Verdachtsberichterstattung notwendig sei, ignoriere. In vielen F\u00e4llen existiere anfangs noch nicht einmal eine Strafanzeige oder ein Ermittlungsverfahren. Im Fall Luke Mockridge war das Ermittlungsverfahren beispielsweise bereits eingestellt worden, als die Berichte begannen, bei Rammstein hingegen wurden Verdachtsberichte zum Anlass eines Ermittlungsverfahrens genommen.<\/p>\n<p>In anderen F\u00e4llen, die die <em>Zeit<\/em> betrafen, gab es \u00fcberhaupt kein Ermittlungsverfahren, was die Zeitung jedoch nicht an der entsprechenden Berichterstattung hinderte. Nat\u00fcrlich k\u00f6nne man sich fragen, ob es noch zeitgem\u00e4\u00df sei, dass Groupies mit Rockstars ins Bett gehen m\u00fcssen, so Bergmann.<\/p>\n<blockquote>\n<p><em>&#8220;Das kann man alles kritisch bewerten und den moralischen Zeigefinger erheben. Ich finde diese gespielte Emp\u00f6rung v\u00f6llig \u00fcberzogen.&#8221;<\/em><\/p>\n<\/blockquote>\n<p>Falls es zu Straftaten gekommen sei, wolle er dies auch nicht verteidigen, im Moment k\u00f6nne er dies jedoch nicht erkennen:<\/p>\n<blockquote>\n<p><em>&#8220;Und was die K.O.-Tropfen angeht, da habe ich nichts Relevantes in den vom <\/em><em>Spiegel<\/em><em> vorgelegten Unterlagen und Beweismitteln gefunden. Das hat mittlerweile auch das Landgericht Hamburg so bewertet.&#8221;<\/em><\/p>\n<\/blockquote>\n<p>V\u00f6llig absurd finde er hingegen die Gleichsetzung von Harvey Weinstein mit Till Lindemann und den Vorwurf des Machtmissbrauchs. Diese Vergleiche werden &#8220;manipulativ&#8221; benutzt, da dies auch in Deutschland viele Klicks garantiere. Dabei werde suggeriert, dass auch bei Weinstein alles mit einer Frau angefangen habe und auch Lindemann so enden k\u00f6nne. Dabei ging es im Fall Weinstein um schwere Sexualstraftaten, was nach aktuellem Sachstand nicht ansatzweise in Betracht kommt. Bergmann sagte weiterhin:<\/p>\n<blockquote>\n<p><em>&#8220;Der Machtmissbrauch existiert nicht. Was soll das f\u00fcr eine Macht sein? Prominenz des Rockstars soll die Macht sein. Die nutze er aus. Nur: Diesen Vorwurf k\u00f6nnten Sie gegen jeden Prominenten erheben, der mit einer Frau, die vielleicht nicht seine eigene ist, Sex hat.&#8221;<\/em><\/p>\n<\/blockquote>\n<p>Bergmann stellte weiterhin klar, dass keine der Frauen daran gehindert wurde, den Raum zu verlassen:<\/p>\n<blockquote>\n<p><em>&#8220;Wenn aber jemand sagt wie Shelby Lynn, sie sei gespiked worden, ihr seien K.O.-Tropfen gegeben worden, dann gehen wir dagegen vor. Weil es eine falsche Tatsachenbehauptung ist. Und es muss einem Betroffenen m\u00f6glich sein, sich hiergegen zu verteidigen, um den Rufschaden einzud\u00e4mmen. Das Recht zur Verteidigung geh\u00f6rt zu den fundamentalen Prinzipien eines Rechtsstaats.&#8221; <\/em><\/p>\n<\/blockquote>\n<p><strong>Mehr zum Thema &#8211;<\/strong>\u00a0<a rel=\"nofollow noopener\" target=\"_blank\" href=\"https:\/\/test.rtde.life\/inland\/174757-hamburger-landgericht-untersagt-spiegel-teilberichterstattung-ueber-rammstein\/\">Hamburger Landgericht untersagt &#8220;Spiegel&#8221; Teilberichterstattung \u00fcber Rammstein <\/a><\/p>\n<\/p>\n<\/div>\n<p><br \/>\n<br \/><a href=\"https:\/\/de.rt.com\/inland\/176185-rammstein-anwalt-spiegel-unterbietet-in\/\">Source link <\/a><\/p>\n","protected":false},"excerpt":{"rendered":"<p>In einem Interview mit dem Magazin &#8220;Cicero&#8221; erhebt der Anwalt des Rammstein-S\u00e4ngers Till Lindemann schwere Vorw\u00fcrfe gegen den &#8220;Spiegel&#8221;. Dieser unterbiete in seiner Verdachtsberichterstattung mittlerweile selbst das Boulevard-Blatt &#8220;Bild&#8221;. In einem Interview mit dem Magazin Cicero erhebt Simon Bergmann, Anwalt des Rammstein-S\u00e4ngers Till Lindemann, schwere Vorw\u00fcrfe gegen das Magazin Spiegel. Das Vorgehen des Spiegels in [&hellip;]<\/p>\n","protected":false},"author":3,"featured_media":40814,"comment_status":"open","ping_status":"open","sticky":false,"template":"","format":"standard","meta":{"_yoast_indexnow_last_ping":["1690309006"],"wp_automatic_camp":["217"],"8e0b75d17a43eab505cdffe819778eca":["Rammstein-Anwalt: &quot;Spiegel&quot; unterbietet in der Verdachtsberichterstattung mittlerweile die &quot;Bild&quot;"],"original_link":["https:\/\/de.rt.com\/inland\/176185-rammstein-anwalt-spiegel-unterbietet-in\/"],"_thumbnail_id":["40814"],"jnews_social_counter_last_update":["1777229931"],"_wptgpro_p2tg_sent2tg":["a:1:{i:23737;s:19:\"2023-07-25 20:19:35\";}"]},"categories":[19,23],"tags":[82,45,38191,19982,43496,47092,33086,47093],"yoast_head":"<!-- This site is optimized with the Yoast SEO Premium plugin v22.7 (Yoast SEO v22.7) - https:\/\/yoast.com\/wordpress\/plugins\/seo\/ -->\n<title>Rammstein-Anwalt: &quot;Spiegel&quot; unterbietet in der Verdachtsberichterstattung mittlerweile die &quot;Bild&quot; - just-now.NEWS Deutschland<\/title>\n<meta name=\"robots\" content=\"index, follow, max-snippet:-1, max-image-preview:large, max-video-preview:-1\" \/>\n<link rel=\"canonical\" href=\"https:\/\/now-news.de\/de\/deutschland\/rammstein-anwalt-spiegel-unterbietet-in-der-verdachtsberichterstattung-mittlerweile-die-bild\/\" \/>\n<meta property=\"og:locale\" content=\"de_DE\" \/>\n<meta property=\"og:type\" content=\"article\" \/>\n<meta property=\"og:title\" content=\"Rammstein-Anwalt: &quot;Spiegel&quot; unterbietet in der Verdachtsberichterstattung mittlerweile die &quot;Bild&quot;\" \/>\n<meta property=\"og:description\" content=\"In einem Interview mit dem Magazin &#8220;Cicero&#8221; erhebt der Anwalt des Rammstein-S\u00e4ngers Till Lindemann schwere Vorw\u00fcrfe gegen den &#8220;Spiegel&#8221;. Dieser unterbiete in seiner Verdachtsberichterstattung mittlerweile selbst das Boulevard-Blatt &#8220;Bild&#8221;. In einem Interview mit dem Magazin Cicero erhebt Simon Bergmann, Anwalt des Rammstein-S\u00e4ngers Till Lindemann, schwere Vorw\u00fcrfe gegen das Magazin Spiegel. Das Vorgehen des Spiegels in [&hellip;]\" \/>\n<meta property=\"og:url\" content=\"https:\/\/now-news.de\/de\/deutschland\/rammstein-anwalt-spiegel-unterbietet-in-der-verdachtsberichterstattung-mittlerweile-die-bild\/\" \/>\n<meta property=\"og:site_name\" content=\"just-now.NEWS Deutschland\" \/>\n<meta property=\"article:publisher\" content=\"https:\/\/www.facebook.com\/wirmachenauf\" \/>\n<meta property=\"article:published_time\" content=\"2023-07-25T17:44:23+00:00\" \/>\n<meta property=\"og:image\" content=\"https:\/\/now-news.de\/de\/wp-content\/uploads\/sites\/3\/2023\/07\/Rammstein-Anwalt-quotSpiegelquot-unterbietet-in-der-Verdachtsberichterstattung-mittlerweile-die-quotBildquot.jpg\" \/>\n\t<meta property=\"og:image:width\" content=\"460\" \/>\n\t<meta property=\"og:image:height\" content=\"259\" \/>\n\t<meta property=\"og:image:type\" content=\"image\/jpeg\" \/>\n<meta name=\"author\" content=\"rtnews\" \/>\n<meta name=\"twitter:card\" content=\"summary_large_image\" \/>\n<meta name=\"twitter:creator\" content=\"@WirMachenAuf_de\" \/>\n<meta name=\"twitter:site\" content=\"@WirMachenAuf_de\" \/>\n<meta name=\"twitter:label1\" content=\"Verfasst von\" \/>\n\t<meta name=\"twitter:data1\" content=\"rtnews\" \/>\n\t<meta name=\"twitter:label2\" content=\"Gesch\u00e4tzte Lesezeit\" \/>\n\t<meta name=\"twitter:data2\" content=\"4\u00a0Minuten\" \/>\n<script type=\"application\/ld+json\" class=\"yoast-schema-graph\">{\"@context\":\"https:\/\/schema.org\",\"@graph\":[{\"@type\":\"Article\",\"@id\":\"https:\/\/now-news.de\/de\/deutschland\/rammstein-anwalt-spiegel-unterbietet-in-der-verdachtsberichterstattung-mittlerweile-die-bild\/#article\",\"isPartOf\":{\"@id\":\"https:\/\/now-news.de\/de\/deutschland\/rammstein-anwalt-spiegel-unterbietet-in-der-verdachtsberichterstattung-mittlerweile-die-bild\/\"},\"author\":{\"name\":\"rtnews\",\"@id\":\"https:\/\/now-news.de\/de\/#\/schema\/person\/fb534a4e865501d8b3285208df34a9b5\"},\"headline\":\"Rammstein-Anwalt: &quot;Spiegel&quot; unterbietet in der Verdachtsberichterstattung mittlerweile die &quot;Bild&quot;\",\"datePublished\":\"2023-07-25T17:44:23+00:00\",\"dateModified\":\"2023-07-25T17:44:23+00:00\",\"mainEntityOfPage\":{\"@id\":\"https:\/\/now-news.de\/de\/deutschland\/rammstein-anwalt-spiegel-unterbietet-in-der-verdachtsberichterstattung-mittlerweile-die-bild\/\"},\"wordCount\":845,\"commentCount\":0,\"publisher\":{\"@id\":\"https:\/\/now-news.de\/de\/#organization\"},\"image\":{\"@id\":\"https:\/\/now-news.de\/de\/deutschland\/rammstein-anwalt-spiegel-unterbietet-in-der-verdachtsberichterstattung-mittlerweile-die-bild\/#primaryimage\"},\"thumbnailUrl\":\"https:\/\/now-news.de\/de\/wp-content\/uploads\/sites\/3\/2023\/07\/Rammstein-Anwalt-quotSpiegelquot-unterbietet-in-der-Verdachtsberichterstattung-mittlerweile-die-quotBildquot.jpg\",\"keywords\":[\"der\",\"die\",\"mittlerweile\",\"quotBildquot\",\"quotSpiegelquot\",\"RammsteinAnwalt\",\"unterbietet\",\"Verdachtsberichterstattung\"],\"articleSection\":[\"Deutschland\",\"Russland\"],\"inLanguage\":\"de\",\"potentialAction\":[{\"@type\":\"CommentAction\",\"name\":\"Comment\",\"target\":[\"https:\/\/now-news.de\/de\/deutschland\/rammstein-anwalt-spiegel-unterbietet-in-der-verdachtsberichterstattung-mittlerweile-die-bild\/#respond\"]}]},{\"@type\":\"WebPage\",\"@id\":\"https:\/\/now-news.de\/de\/deutschland\/rammstein-anwalt-spiegel-unterbietet-in-der-verdachtsberichterstattung-mittlerweile-die-bild\/\",\"url\":\"https:\/\/now-news.de\/de\/deutschland\/rammstein-anwalt-spiegel-unterbietet-in-der-verdachtsberichterstattung-mittlerweile-die-bild\/\",\"name\":\"Rammstein-Anwalt: &quot;Spiegel&quot; unterbietet in der Verdachtsberichterstattung mittlerweile die &quot;Bild&quot; - just-now.NEWS Deutschland\",\"isPartOf\":{\"@id\":\"https:\/\/now-news.de\/de\/#website\"},\"primaryImageOfPage\":{\"@id\":\"https:\/\/now-news.de\/de\/deutschland\/rammstein-anwalt-spiegel-unterbietet-in-der-verdachtsberichterstattung-mittlerweile-die-bild\/#primaryimage\"},\"image\":{\"@id\":\"https:\/\/now-news.de\/de\/deutschland\/rammstein-anwalt-spiegel-unterbietet-in-der-verdachtsberichterstattung-mittlerweile-die-bild\/#primaryimage\"},\"thumbnailUrl\":\"https:\/\/now-news.de\/de\/wp-content\/uploads\/sites\/3\/2023\/07\/Rammstein-Anwalt-quotSpiegelquot-unterbietet-in-der-Verdachtsberichterstattung-mittlerweile-die-quotBildquot.jpg\",\"datePublished\":\"2023-07-25T17:44:23+00:00\",\"dateModified\":\"2023-07-25T17:44:23+00:00\",\"breadcrumb\":{\"@id\":\"https:\/\/now-news.de\/de\/deutschland\/rammstein-anwalt-spiegel-unterbietet-in-der-verdachtsberichterstattung-mittlerweile-die-bild\/#breadcrumb\"},\"inLanguage\":\"de\",\"potentialAction\":[{\"@type\":\"ReadAction\",\"target\":[\"https:\/\/now-news.de\/de\/deutschland\/rammstein-anwalt-spiegel-unterbietet-in-der-verdachtsberichterstattung-mittlerweile-die-bild\/\"]}]},{\"@type\":\"ImageObject\",\"inLanguage\":\"de\",\"@id\":\"https:\/\/now-news.de\/de\/deutschland\/rammstein-anwalt-spiegel-unterbietet-in-der-verdachtsberichterstattung-mittlerweile-die-bild\/#primaryimage\",\"url\":\"https:\/\/now-news.de\/de\/wp-content\/uploads\/sites\/3\/2023\/07\/Rammstein-Anwalt-quotSpiegelquot-unterbietet-in-der-Verdachtsberichterstattung-mittlerweile-die-quotBildquot.jpg\",\"contentUrl\":\"https:\/\/now-news.de\/de\/wp-content\/uploads\/sites\/3\/2023\/07\/Rammstein-Anwalt-quotSpiegelquot-unterbietet-in-der-Verdachtsberichterstattung-mittlerweile-die-quotBildquot.jpg\",\"width\":460,\"height\":259,\"caption\":\"Rammstein-Anwalt: &quot;Spiegel&quot; unterbietet in der Verdachtsberichterstattung mittlerweile die &quot;Bild&quot;\"},{\"@type\":\"BreadcrumbList\",\"@id\":\"https:\/\/now-news.de\/de\/deutschland\/rammstein-anwalt-spiegel-unterbietet-in-der-verdachtsberichterstattung-mittlerweile-die-bild\/#breadcrumb\",\"itemListElement\":[{\"@type\":\"ListItem\",\"position\":1,\"name\":\"Home\",\"item\":\"https:\/\/now-news.de\/de\/\"},{\"@type\":\"ListItem\",\"position\":2,\"name\":\"Rammstein-Anwalt: &quot;Spiegel&quot; unterbietet in der Verdachtsberichterstattung mittlerweile die &quot;Bild&quot;\"}]},{\"@type\":\"WebSite\",\"@id\":\"https:\/\/now-news.de\/de\/#website\",\"url\":\"https:\/\/now-news.de\/de\/\",\"name\":\"just-now.NEWS Deutschland\",\"description\":\"Das Portal f\u00fcr unzensierte Nachrichten aus der Welt\",\"publisher\":{\"@id\":\"https:\/\/now-news.de\/de\/#organization\"},\"potentialAction\":[{\"@type\":\"SearchAction\",\"target\":{\"@type\":\"EntryPoint\",\"urlTemplate\":\"https:\/\/now-news.de\/de\/?s={search_term_string}\"},\"query-input\":\"required name=search_term_string\"}],\"inLanguage\":\"de\"},{\"@type\":\"Organization\",\"@id\":\"https:\/\/now-news.de\/de\/#organization\",\"name\":\"Just Now News\",\"url\":\"https:\/\/now-news.de\/de\/\",\"logo\":{\"@type\":\"ImageObject\",\"inLanguage\":\"de\",\"@id\":\"https:\/\/now-news.de\/de\/#\/schema\/logo\/image\/\",\"url\":\"http:\/\/just-now.news\/de\/wp-content\/uploads\/sites\/3\/2022\/04\/logo500x500.jpg\",\"contentUrl\":\"http:\/\/just-now.news\/de\/wp-content\/uploads\/sites\/3\/2022\/04\/logo500x500.jpg\",\"width\":500,\"height\":500,\"caption\":\"Just Now News\"},\"image\":{\"@id\":\"https:\/\/now-news.de\/de\/#\/schema\/logo\/image\/\"},\"sameAs\":[\"https:\/\/www.facebook.com\/wirmachenauf\",\"https:\/\/x.com\/WirMachenAuf_de\"]},{\"@type\":\"Person\",\"@id\":\"https:\/\/now-news.de\/de\/#\/schema\/person\/fb534a4e865501d8b3285208df34a9b5\",\"name\":\"rtnews\",\"image\":{\"@type\":\"ImageObject\",\"inLanguage\":\"de\",\"@id\":\"https:\/\/now-news.de\/de\/#\/schema\/person\/image\/\",\"url\":\"https:\/\/secure.gravatar.com\/avatar\/82aafea7d8127119dd649515f56e2117?s=96&d=mm&r=g\",\"contentUrl\":\"https:\/\/secure.gravatar.com\/avatar\/82aafea7d8127119dd649515f56e2117?s=96&d=mm&r=g\",\"caption\":\"rtnews\"},\"url\":\"https:\/\/now-news.de\/de\/author\/rnews\/\"}]}<\/script>\n<!-- \/ Yoast SEO Premium plugin. -->","yoast_head_json":{"title":"Rammstein-Anwalt: &quot;Spiegel&quot; unterbietet in der Verdachtsberichterstattung mittlerweile die &quot;Bild&quot; - just-now.NEWS Deutschland","robots":{"index":"index","follow":"follow","max-snippet":"max-snippet:-1","max-image-preview":"max-image-preview:large","max-video-preview":"max-video-preview:-1"},"canonical":"https:\/\/now-news.de\/de\/deutschland\/rammstein-anwalt-spiegel-unterbietet-in-der-verdachtsberichterstattung-mittlerweile-die-bild\/","og_locale":"de_DE","og_type":"article","og_title":"Rammstein-Anwalt: &quot;Spiegel&quot; unterbietet in der Verdachtsberichterstattung mittlerweile die &quot;Bild&quot;","og_description":"In einem Interview mit dem Magazin &#8220;Cicero&#8221; erhebt der Anwalt des Rammstein-S\u00e4ngers Till Lindemann schwere Vorw\u00fcrfe gegen den &#8220;Spiegel&#8221;. Dieser unterbiete in seiner Verdachtsberichterstattung mittlerweile selbst das Boulevard-Blatt &#8220;Bild&#8221;. In einem Interview mit dem Magazin Cicero erhebt Simon Bergmann, Anwalt des Rammstein-S\u00e4ngers Till Lindemann, schwere Vorw\u00fcrfe gegen das Magazin Spiegel. Das Vorgehen des Spiegels in [&hellip;]","og_url":"https:\/\/now-news.de\/de\/deutschland\/rammstein-anwalt-spiegel-unterbietet-in-der-verdachtsberichterstattung-mittlerweile-die-bild\/","og_site_name":"just-now.NEWS Deutschland","article_publisher":"https:\/\/www.facebook.com\/wirmachenauf","article_published_time":"2023-07-25T17:44:23+00:00","og_image":[{"width":460,"height":259,"url":"https:\/\/now-news.de\/de\/wp-content\/uploads\/sites\/3\/2023\/07\/Rammstein-Anwalt-quotSpiegelquot-unterbietet-in-der-Verdachtsberichterstattung-mittlerweile-die-quotBildquot.jpg","type":"image\/jpeg"}],"author":"rtnews","twitter_card":"summary_large_image","twitter_creator":"@WirMachenAuf_de","twitter_site":"@WirMachenAuf_de","twitter_misc":{"Verfasst von":"rtnews","Gesch\u00e4tzte Lesezeit":"4\u00a0Minuten"},"schema":{"@context":"https:\/\/schema.org","@graph":[{"@type":"Article","@id":"https:\/\/now-news.de\/de\/deutschland\/rammstein-anwalt-spiegel-unterbietet-in-der-verdachtsberichterstattung-mittlerweile-die-bild\/#article","isPartOf":{"@id":"https:\/\/now-news.de\/de\/deutschland\/rammstein-anwalt-spiegel-unterbietet-in-der-verdachtsberichterstattung-mittlerweile-die-bild\/"},"author":{"name":"rtnews","@id":"https:\/\/now-news.de\/de\/#\/schema\/person\/fb534a4e865501d8b3285208df34a9b5"},"headline":"Rammstein-Anwalt: &quot;Spiegel&quot; unterbietet in der Verdachtsberichterstattung mittlerweile die &quot;Bild&quot;","datePublished":"2023-07-25T17:44:23+00:00","dateModified":"2023-07-25T17:44:23+00:00","mainEntityOfPage":{"@id":"https:\/\/now-news.de\/de\/deutschland\/rammstein-anwalt-spiegel-unterbietet-in-der-verdachtsberichterstattung-mittlerweile-die-bild\/"},"wordCount":845,"commentCount":0,"publisher":{"@id":"https:\/\/now-news.de\/de\/#organization"},"image":{"@id":"https:\/\/now-news.de\/de\/deutschland\/rammstein-anwalt-spiegel-unterbietet-in-der-verdachtsberichterstattung-mittlerweile-die-bild\/#primaryimage"},"thumbnailUrl":"https:\/\/now-news.de\/de\/wp-content\/uploads\/sites\/3\/2023\/07\/Rammstein-Anwalt-quotSpiegelquot-unterbietet-in-der-Verdachtsberichterstattung-mittlerweile-die-quotBildquot.jpg","keywords":["der","die","mittlerweile","quotBildquot","quotSpiegelquot","RammsteinAnwalt","unterbietet","Verdachtsberichterstattung"],"articleSection":["Deutschland","Russland"],"inLanguage":"de","potentialAction":[{"@type":"CommentAction","name":"Comment","target":["https:\/\/now-news.de\/de\/deutschland\/rammstein-anwalt-spiegel-unterbietet-in-der-verdachtsberichterstattung-mittlerweile-die-bild\/#respond"]}]},{"@type":"WebPage","@id":"https:\/\/now-news.de\/de\/deutschland\/rammstein-anwalt-spiegel-unterbietet-in-der-verdachtsberichterstattung-mittlerweile-die-bild\/","url":"https:\/\/now-news.de\/de\/deutschland\/rammstein-anwalt-spiegel-unterbietet-in-der-verdachtsberichterstattung-mittlerweile-die-bild\/","name":"Rammstein-Anwalt: &quot;Spiegel&quot; unterbietet in der Verdachtsberichterstattung mittlerweile die &quot;Bild&quot; - just-now.NEWS Deutschland","isPartOf":{"@id":"https:\/\/now-news.de\/de\/#website"},"primaryImageOfPage":{"@id":"https:\/\/now-news.de\/de\/deutschland\/rammstein-anwalt-spiegel-unterbietet-in-der-verdachtsberichterstattung-mittlerweile-die-bild\/#primaryimage"},"image":{"@id":"https:\/\/now-news.de\/de\/deutschland\/rammstein-anwalt-spiegel-unterbietet-in-der-verdachtsberichterstattung-mittlerweile-die-bild\/#primaryimage"},"thumbnailUrl":"https:\/\/now-news.de\/de\/wp-content\/uploads\/sites\/3\/2023\/07\/Rammstein-Anwalt-quotSpiegelquot-unterbietet-in-der-Verdachtsberichterstattung-mittlerweile-die-quotBildquot.jpg","datePublished":"2023-07-25T17:44:23+00:00","dateModified":"2023-07-25T17:44:23+00:00","breadcrumb":{"@id":"https:\/\/now-news.de\/de\/deutschland\/rammstein-anwalt-spiegel-unterbietet-in-der-verdachtsberichterstattung-mittlerweile-die-bild\/#breadcrumb"},"inLanguage":"de","potentialAction":[{"@type":"ReadAction","target":["https:\/\/now-news.de\/de\/deutschland\/rammstein-anwalt-spiegel-unterbietet-in-der-verdachtsberichterstattung-mittlerweile-die-bild\/"]}]},{"@type":"ImageObject","inLanguage":"de","@id":"https:\/\/now-news.de\/de\/deutschland\/rammstein-anwalt-spiegel-unterbietet-in-der-verdachtsberichterstattung-mittlerweile-die-bild\/#primaryimage","url":"https:\/\/now-news.de\/de\/wp-content\/uploads\/sites\/3\/2023\/07\/Rammstein-Anwalt-quotSpiegelquot-unterbietet-in-der-Verdachtsberichterstattung-mittlerweile-die-quotBildquot.jpg","contentUrl":"https:\/\/now-news.de\/de\/wp-content\/uploads\/sites\/3\/2023\/07\/Rammstein-Anwalt-quotSpiegelquot-unterbietet-in-der-Verdachtsberichterstattung-mittlerweile-die-quotBildquot.jpg","width":460,"height":259,"caption":"Rammstein-Anwalt: &quot;Spiegel&quot; unterbietet in der Verdachtsberichterstattung mittlerweile die &quot;Bild&quot;"},{"@type":"BreadcrumbList","@id":"https:\/\/now-news.de\/de\/deutschland\/rammstein-anwalt-spiegel-unterbietet-in-der-verdachtsberichterstattung-mittlerweile-die-bild\/#breadcrumb","itemListElement":[{"@type":"ListItem","position":1,"name":"Home","item":"https:\/\/now-news.de\/de\/"},{"@type":"ListItem","position":2,"name":"Rammstein-Anwalt: &quot;Spiegel&quot; unterbietet in der Verdachtsberichterstattung mittlerweile die &quot;Bild&quot;"}]},{"@type":"WebSite","@id":"https:\/\/now-news.de\/de\/#website","url":"https:\/\/now-news.de\/de\/","name":"just-now.NEWS Deutschland","description":"Das Portal f\u00fcr unzensierte Nachrichten aus der Welt","publisher":{"@id":"https:\/\/now-news.de\/de\/#organization"},"potentialAction":[{"@type":"SearchAction","target":{"@type":"EntryPoint","urlTemplate":"https:\/\/now-news.de\/de\/?s={search_term_string}"},"query-input":"required name=search_term_string"}],"inLanguage":"de"},{"@type":"Organization","@id":"https:\/\/now-news.de\/de\/#organization","name":"Just Now News","url":"https:\/\/now-news.de\/de\/","logo":{"@type":"ImageObject","inLanguage":"de","@id":"https:\/\/now-news.de\/de\/#\/schema\/logo\/image\/","url":"http:\/\/just-now.news\/de\/wp-content\/uploads\/sites\/3\/2022\/04\/logo500x500.jpg","contentUrl":"http:\/\/just-now.news\/de\/wp-content\/uploads\/sites\/3\/2022\/04\/logo500x500.jpg","width":500,"height":500,"caption":"Just Now News"},"image":{"@id":"https:\/\/now-news.de\/de\/#\/schema\/logo\/image\/"},"sameAs":["https:\/\/www.facebook.com\/wirmachenauf","https:\/\/x.com\/WirMachenAuf_de"]},{"@type":"Person","@id":"https:\/\/now-news.de\/de\/#\/schema\/person\/fb534a4e865501d8b3285208df34a9b5","name":"rtnews","image":{"@type":"ImageObject","inLanguage":"de","@id":"https:\/\/now-news.de\/de\/#\/schema\/person\/image\/","url":"https:\/\/secure.gravatar.com\/avatar\/82aafea7d8127119dd649515f56e2117?s=96&d=mm&r=g","contentUrl":"https:\/\/secure.gravatar.com\/avatar\/82aafea7d8127119dd649515f56e2117?s=96&d=mm&r=g","caption":"rtnews"},"url":"https:\/\/now-news.de\/de\/author\/rnews\/"}]}},"_links":{"self":[{"href":"https:\/\/now-news.de\/de\/wp-json\/wp\/v2\/posts\/40813"}],"collection":[{"href":"https:\/\/now-news.de\/de\/wp-json\/wp\/v2\/posts"}],"about":[{"href":"https:\/\/now-news.de\/de\/wp-json\/wp\/v2\/types\/post"}],"author":[{"embeddable":true,"href":"https:\/\/now-news.de\/de\/wp-json\/wp\/v2\/users\/3"}],"replies":[{"embeddable":true,"href":"https:\/\/now-news.de\/de\/wp-json\/wp\/v2\/comments?post=40813"}],"version-history":[{"count":0,"href":"https:\/\/now-news.de\/de\/wp-json\/wp\/v2\/posts\/40813\/revisions"}],"wp:featuredmedia":[{"embeddable":true,"href":"https:\/\/now-news.de\/de\/wp-json\/wp\/v2\/media\/40814"}],"wp:attachment":[{"href":"https:\/\/now-news.de\/de\/wp-json\/wp\/v2\/media?parent=40813"}],"wp:term":[{"taxonomy":"category","embeddable":true,"href":"https:\/\/now-news.de\/de\/wp-json\/wp\/v2\/categories?post=40813"},{"taxonomy":"post_tag","embeddable":true,"href":"https:\/\/now-news.de\/de\/wp-json\/wp\/v2\/tags?post=40813"}],"curies":[{"name":"wp","href":"https:\/\/api.w.org\/{rel}","templated":true}]}}