{"id":40783,"date":"2023-07-25T15:44:02","date_gmt":"2023-07-25T13:44:02","guid":{"rendered":"https:\/\/just-now.news\/de\/deutschland\/israels-ex-premier-olmert-geraten-jetzt-in-einen-buergerkrieg\/"},"modified":"2023-07-25T15:44:02","modified_gmt":"2023-07-25T13:44:02","slug":"israels-ex-premier-olmert-geraten-jetzt-in-einen-buergerkrieg","status":"publish","type":"post","link":"https:\/\/now-news.de\/de\/deutschland\/israels-ex-premier-olmert-geraten-jetzt-in-einen-buergerkrieg\/","title":{"rendered":"Israels Ex-Premier Olmert: Geraten jetzt in einen B\u00fcrgerkrieg"},"content":{"rendered":"<p><img decoding=\"async\" src=\"http:\/\/just-now.news\/de\/wp-content\/uploads\/sites\/3\/2023\/07\/64bf8cefb480cc070c50e2d0.jpg\" \/><\/p>\n<div class=\"Text-root Text-type_1 \">\n                Laut dem ehemaligen israelischen Premierminister Ehud Olmert steuert Israel auf einen B\u00fcrgerkrieg zu. Er sehe eine &#8220;ernsthafte Bedrohung&#8221;, sagte Olmert in einem Interview mit einem britischen Nachrichtensender. Derweil gehen die Proteste gegen die umstrittene Justizreform weiter.\n            <\/div>\n<p><\/p>\n<div class=\"Text-root Text-type_5 ArticleView-text ViewText-root \">\n<p>In einem Interview mit dem britischen Nachrichtensender <em>Channel 4 News<\/em>\u00a0erkl\u00e4rte\u00a0der ehemalige israelische Premierminister Ehud Olmert, dass Israel nach der Abstimmung am Montag \u00fcber die Verabschiedung eines Gesetzes, das die Anwendung der Angemessenheitsklausel stark einschr\u00e4nkt, in einen B\u00fcrgerkrieg geraten k\u00f6nnte.<\/p>\n<p>&#8220;Das ist eine ernsthafte Bedrohung&#8221;, so Olmert. Und er f\u00fcgte hinzu:<\/p>\n<blockquote>\n<p><em>&#8220;Das hat es noch nie gegeben und wir geraten jetzt in einen B\u00fcrgerkrieg.&#8221;<\/em><\/p>\n<\/blockquote>\n<p>Auf Nachfrage des Interviewers pr\u00e4zisierte\u00a0Olmert:<\/p>\n<blockquote>\n<p><em>&#8220;Ich meine zivilen Ungehorsam mit allen m\u00f6glichen Auswirkungen auf die Stabilit\u00e4t des Staates und auf die Leistungsf\u00e4higkeit der Regierung und auf den Gehorsam des gro\u00dfen Teils der israelischen Bev\u00f6lkerung.&#8221;<\/em><\/p>\n<\/blockquote>\n<p>Seit Wochen gehen in Israel hunderttausende\u00a0B\u00fcrger auf die Stra\u00dfen, um ihren Unmut \u00fcber die Justizreformen der Regierung zum Ausdruck zu bringen. Tausende\u00a0Reservisten der israelischen Streitkr\u00e4fte (IDF)\u00a0haben damit gedroht, ihren Freiwilligendienst einzustellen,\u00a0und die \u00c4rzteschaft befindet sich nach der Verabschiedung des Gesetzes im Streik.<\/p>\n<p>Die Gerichtsreform hat die Gesellschaft tief gespalten. In den St\u00e4dten gehen nicht nur Reformgegner, sondern auch Bef\u00fcrworter auf die Stra\u00dfen. Progressive Israelis verurteilen die neue Gesetzgebung, w\u00e4hrend Konservative und Orthodoxe die Reform ausdr\u00fccklich begr\u00fc\u00dfen.<\/p>\n<p><strong>Mehr zum Thema<\/strong> \u2013 <a rel=\"nofollow noopener\" target=\"_blank\" href=\"https:\/\/freeassange.rtde.life\/der-nahe-osten\/176106-gewalttaetige-proteste-in-israel-mann\/\">Gewaltt\u00e4tige Proteste in Israel \u2013 Mann f\u00e4hrt mit Auto in Menschenmenge<\/a><\/p>\n<div class=\"EmbedBlock-root EmbedBlock-externalVideo EmbedBlock-vk\">\n<div class=\"VkEmbed\"><iframe class=\"lazyload\" data-src=\"https:\/\/vk.com\/video_ext.php?oid=-134310637&amp;id=456268531&amp;hash=855713a0ebad8f0f\" frameborder=\"0\" width=\"853\" height=\"480\" allowfullscreen><\/iframe><\/div>\n<\/div>\n<\/div>\n<p><br \/>\n<br \/><a href=\"https:\/\/de.rt.com\/der-nahe-osten\/176122-ex-premier-olmert-warnt-vor-buergerkrieg-in-israel\/\">Source link <\/a><\/p>\n","protected":false},"excerpt":{"rendered":"<p>Laut dem ehemaligen israelischen Premierminister Ehud Olmert steuert Israel auf einen B\u00fcrgerkrieg zu. Er sehe eine &#8220;ernsthafte Bedrohung&#8221;, sagte Olmert in einem Interview mit einem britischen Nachrichtensender. Derweil gehen die Proteste gegen die umstrittene Justizreform weiter. In einem Interview mit dem britischen Nachrichtensender Channel 4 News\u00a0erkl\u00e4rte\u00a0der ehemalige israelische Premierminister Ehud Olmert, dass Israel nach der [&hellip;]<\/p>\n","protected":false},"author":3,"featured_media":40784,"comment_status":"open","ping_status":"open","sticky":false,"template":"","format":"standard","meta":{"_yoast_indexnow_last_ping":["1690293538"],"wp_automatic_camp":["217"],"cd3962552faaa9144285c719bf34a65a":["Israels Ex-Premier Olmert: Geraten jetzt in einen B\u00fcrgerkrieg"],"original_link":["https:\/\/de.rt.com\/der-nahe-osten\/176122-ex-premier-olmert-warnt-vor-buergerkrieg-in-israel\/"],"_thumbnail_id":["40784"],"_wptgpro_p2tg_sent2tg":["a:1:{i:23737;s:19:\"2023-07-25 16:00:01\";}"],"jnews_social_counter_last_update":["1777184494"]},"categories":[19,23],"tags":[21502,768,27279,11199,3015,2731,47071],"yoast_head":"<!-- This site is optimized with the Yoast SEO Premium plugin v22.7 (Yoast SEO v22.7) - https:\/\/yoast.com\/wordpress\/plugins\/seo\/ -->\n<title>Israels Ex-Premier Olmert: Geraten jetzt in einen B\u00fcrgerkrieg - just-now.NEWS Deutschland<\/title>\n<meta name=\"robots\" content=\"index, follow, max-snippet:-1, max-image-preview:large, max-video-preview:-1\" \/>\n<link rel=\"canonical\" href=\"https:\/\/now-news.de\/de\/deutschland\/israels-ex-premier-olmert-geraten-jetzt-in-einen-buergerkrieg\/\" \/>\n<meta property=\"og:locale\" content=\"de_DE\" \/>\n<meta property=\"og:type\" content=\"article\" \/>\n<meta property=\"og:title\" content=\"Israels Ex-Premier Olmert: Geraten jetzt in einen B\u00fcrgerkrieg\" \/>\n<meta property=\"og:description\" content=\"Laut dem ehemaligen israelischen Premierminister Ehud Olmert steuert Israel auf einen B\u00fcrgerkrieg zu. Er sehe eine &#8220;ernsthafte Bedrohung&#8221;, sagte Olmert in einem Interview mit einem britischen Nachrichtensender. Derweil gehen die Proteste gegen die umstrittene Justizreform weiter. In einem Interview mit dem britischen Nachrichtensender Channel 4 News\u00a0erkl\u00e4rte\u00a0der ehemalige israelische Premierminister Ehud Olmert, dass Israel nach der [&hellip;]\" \/>\n<meta property=\"og:url\" content=\"https:\/\/now-news.de\/de\/deutschland\/israels-ex-premier-olmert-geraten-jetzt-in-einen-buergerkrieg\/\" \/>\n<meta property=\"og:site_name\" content=\"just-now.NEWS Deutschland\" \/>\n<meta property=\"article:publisher\" content=\"https:\/\/www.facebook.com\/wirmachenauf\" \/>\n<meta property=\"article:published_time\" content=\"2023-07-25T13:44:02+00:00\" \/>\n<meta property=\"og:image\" content=\"https:\/\/now-news.de\/de\/wp-content\/uploads\/sites\/3\/2023\/07\/Israels-Ex-Premier-Olmert-Geraten-jetzt-in-einen-Buergerkrieg.jpg\" \/>\n\t<meta property=\"og:image:width\" content=\"460\" \/>\n\t<meta property=\"og:image:height\" content=\"259\" \/>\n\t<meta property=\"og:image:type\" content=\"image\/jpeg\" \/>\n<meta name=\"author\" content=\"rtnews\" \/>\n<meta name=\"twitter:card\" content=\"summary_large_image\" \/>\n<meta name=\"twitter:creator\" content=\"@WirMachenAuf_de\" \/>\n<meta name=\"twitter:site\" content=\"@WirMachenAuf_de\" \/>\n<meta name=\"twitter:label1\" content=\"Verfasst von\" \/>\n\t<meta name=\"twitter:data1\" content=\"rtnews\" \/>\n\t<meta name=\"twitter:label2\" content=\"Gesch\u00e4tzte Lesezeit\" \/>\n\t<meta name=\"twitter:data2\" content=\"1\u00a0Minute\" \/>\n<script type=\"application\/ld+json\" class=\"yoast-schema-graph\">{\"@context\":\"https:\/\/schema.org\",\"@graph\":[{\"@type\":\"Article\",\"@id\":\"https:\/\/now-news.de\/de\/deutschland\/israels-ex-premier-olmert-geraten-jetzt-in-einen-buergerkrieg\/#article\",\"isPartOf\":{\"@id\":\"https:\/\/now-news.de\/de\/deutschland\/israels-ex-premier-olmert-geraten-jetzt-in-einen-buergerkrieg\/\"},\"author\":{\"name\":\"rtnews\",\"@id\":\"https:\/\/now-news.de\/de\/#\/schema\/person\/fb534a4e865501d8b3285208df34a9b5\"},\"headline\":\"Israels Ex-Premier Olmert: Geraten jetzt in einen B\u00fcrgerkrieg\",\"datePublished\":\"2023-07-25T13:44:02+00:00\",\"dateModified\":\"2023-07-25T13:44:02+00:00\",\"mainEntityOfPage\":{\"@id\":\"https:\/\/now-news.de\/de\/deutschland\/israels-ex-premier-olmert-geraten-jetzt-in-einen-buergerkrieg\/\"},\"wordCount\":264,\"commentCount\":0,\"publisher\":{\"@id\":\"https:\/\/now-news.de\/de\/#organization\"},\"image\":{\"@id\":\"https:\/\/now-news.de\/de\/deutschland\/israels-ex-premier-olmert-geraten-jetzt-in-einen-buergerkrieg\/#primaryimage\"},\"thumbnailUrl\":\"https:\/\/now-news.de\/de\/wp-content\/uploads\/sites\/3\/2023\/07\/Israels-Ex-Premier-Olmert-Geraten-jetzt-in-einen-Buergerkrieg.jpg\",\"keywords\":[\"B\u00fcrgerkrieg\",\"einen\",\"ExPremier\",\"geraten\",\"Israels\",\"Jetzt\",\"Olmert\"],\"articleSection\":[\"Deutschland\",\"Russland\"],\"inLanguage\":\"de\",\"potentialAction\":[{\"@type\":\"CommentAction\",\"name\":\"Comment\",\"target\":[\"https:\/\/now-news.de\/de\/deutschland\/israels-ex-premier-olmert-geraten-jetzt-in-einen-buergerkrieg\/#respond\"]}]},{\"@type\":\"WebPage\",\"@id\":\"https:\/\/now-news.de\/de\/deutschland\/israels-ex-premier-olmert-geraten-jetzt-in-einen-buergerkrieg\/\",\"url\":\"https:\/\/now-news.de\/de\/deutschland\/israels-ex-premier-olmert-geraten-jetzt-in-einen-buergerkrieg\/\",\"name\":\"Israels Ex-Premier Olmert: Geraten jetzt in einen B\u00fcrgerkrieg - just-now.NEWS Deutschland\",\"isPartOf\":{\"@id\":\"https:\/\/now-news.de\/de\/#website\"},\"primaryImageOfPage\":{\"@id\":\"https:\/\/now-news.de\/de\/deutschland\/israels-ex-premier-olmert-geraten-jetzt-in-einen-buergerkrieg\/#primaryimage\"},\"image\":{\"@id\":\"https:\/\/now-news.de\/de\/deutschland\/israels-ex-premier-olmert-geraten-jetzt-in-einen-buergerkrieg\/#primaryimage\"},\"thumbnailUrl\":\"https:\/\/now-news.de\/de\/wp-content\/uploads\/sites\/3\/2023\/07\/Israels-Ex-Premier-Olmert-Geraten-jetzt-in-einen-Buergerkrieg.jpg\",\"datePublished\":\"2023-07-25T13:44:02+00:00\",\"dateModified\":\"2023-07-25T13:44:02+00:00\",\"breadcrumb\":{\"@id\":\"https:\/\/now-news.de\/de\/deutschland\/israels-ex-premier-olmert-geraten-jetzt-in-einen-buergerkrieg\/#breadcrumb\"},\"inLanguage\":\"de\",\"potentialAction\":[{\"@type\":\"ReadAction\",\"target\":[\"https:\/\/now-news.de\/de\/deutschland\/israels-ex-premier-olmert-geraten-jetzt-in-einen-buergerkrieg\/\"]}]},{\"@type\":\"ImageObject\",\"inLanguage\":\"de\",\"@id\":\"https:\/\/now-news.de\/de\/deutschland\/israels-ex-premier-olmert-geraten-jetzt-in-einen-buergerkrieg\/#primaryimage\",\"url\":\"https:\/\/now-news.de\/de\/wp-content\/uploads\/sites\/3\/2023\/07\/Israels-Ex-Premier-Olmert-Geraten-jetzt-in-einen-Buergerkrieg.jpg\",\"contentUrl\":\"https:\/\/now-news.de\/de\/wp-content\/uploads\/sites\/3\/2023\/07\/Israels-Ex-Premier-Olmert-Geraten-jetzt-in-einen-Buergerkrieg.jpg\",\"width\":460,\"height\":259,\"caption\":\"Israels Ex-Premier Olmert: Geraten jetzt in einen B\u00fcrgerkrieg\"},{\"@type\":\"BreadcrumbList\",\"@id\":\"https:\/\/now-news.de\/de\/deutschland\/israels-ex-premier-olmert-geraten-jetzt-in-einen-buergerkrieg\/#breadcrumb\",\"itemListElement\":[{\"@type\":\"ListItem\",\"position\":1,\"name\":\"Home\",\"item\":\"https:\/\/now-news.de\/de\/\"},{\"@type\":\"ListItem\",\"position\":2,\"name\":\"Israels Ex-Premier Olmert: Geraten jetzt in einen B\u00fcrgerkrieg\"}]},{\"@type\":\"WebSite\",\"@id\":\"https:\/\/now-news.de\/de\/#website\",\"url\":\"https:\/\/now-news.de\/de\/\",\"name\":\"just-now.NEWS Deutschland\",\"description\":\"Das Portal f\u00fcr unzensierte Nachrichten aus der Welt\",\"publisher\":{\"@id\":\"https:\/\/now-news.de\/de\/#organization\"},\"potentialAction\":[{\"@type\":\"SearchAction\",\"target\":{\"@type\":\"EntryPoint\",\"urlTemplate\":\"https:\/\/now-news.de\/de\/?s={search_term_string}\"},\"query-input\":\"required name=search_term_string\"}],\"inLanguage\":\"de\"},{\"@type\":\"Organization\",\"@id\":\"https:\/\/now-news.de\/de\/#organization\",\"name\":\"Just Now News\",\"url\":\"https:\/\/now-news.de\/de\/\",\"logo\":{\"@type\":\"ImageObject\",\"inLanguage\":\"de\",\"@id\":\"https:\/\/now-news.de\/de\/#\/schema\/logo\/image\/\",\"url\":\"http:\/\/just-now.news\/de\/wp-content\/uploads\/sites\/3\/2022\/04\/logo500x500.jpg\",\"contentUrl\":\"http:\/\/just-now.news\/de\/wp-content\/uploads\/sites\/3\/2022\/04\/logo500x500.jpg\",\"width\":500,\"height\":500,\"caption\":\"Just Now News\"},\"image\":{\"@id\":\"https:\/\/now-news.de\/de\/#\/schema\/logo\/image\/\"},\"sameAs\":[\"https:\/\/www.facebook.com\/wirmachenauf\",\"https:\/\/x.com\/WirMachenAuf_de\"]},{\"@type\":\"Person\",\"@id\":\"https:\/\/now-news.de\/de\/#\/schema\/person\/fb534a4e865501d8b3285208df34a9b5\",\"name\":\"rtnews\",\"image\":{\"@type\":\"ImageObject\",\"inLanguage\":\"de\",\"@id\":\"https:\/\/now-news.de\/de\/#\/schema\/person\/image\/\",\"url\":\"https:\/\/secure.gravatar.com\/avatar\/82aafea7d8127119dd649515f56e2117?s=96&d=mm&r=g\",\"contentUrl\":\"https:\/\/secure.gravatar.com\/avatar\/82aafea7d8127119dd649515f56e2117?s=96&d=mm&r=g\",\"caption\":\"rtnews\"},\"url\":\"https:\/\/now-news.de\/de\/author\/rnews\/\"}]}<\/script>\n<!-- \/ Yoast SEO Premium plugin. -->","yoast_head_json":{"title":"Israels Ex-Premier Olmert: Geraten jetzt in einen B\u00fcrgerkrieg - just-now.NEWS Deutschland","robots":{"index":"index","follow":"follow","max-snippet":"max-snippet:-1","max-image-preview":"max-image-preview:large","max-video-preview":"max-video-preview:-1"},"canonical":"https:\/\/now-news.de\/de\/deutschland\/israels-ex-premier-olmert-geraten-jetzt-in-einen-buergerkrieg\/","og_locale":"de_DE","og_type":"article","og_title":"Israels Ex-Premier Olmert: Geraten jetzt in einen B\u00fcrgerkrieg","og_description":"Laut dem ehemaligen israelischen Premierminister Ehud Olmert steuert Israel auf einen B\u00fcrgerkrieg zu. Er sehe eine &#8220;ernsthafte Bedrohung&#8221;, sagte Olmert in einem Interview mit einem britischen Nachrichtensender. Derweil gehen die Proteste gegen die umstrittene Justizreform weiter. In einem Interview mit dem britischen Nachrichtensender Channel 4 News\u00a0erkl\u00e4rte\u00a0der ehemalige israelische Premierminister Ehud Olmert, dass Israel nach der [&hellip;]","og_url":"https:\/\/now-news.de\/de\/deutschland\/israels-ex-premier-olmert-geraten-jetzt-in-einen-buergerkrieg\/","og_site_name":"just-now.NEWS Deutschland","article_publisher":"https:\/\/www.facebook.com\/wirmachenauf","article_published_time":"2023-07-25T13:44:02+00:00","og_image":[{"width":460,"height":259,"url":"https:\/\/now-news.de\/de\/wp-content\/uploads\/sites\/3\/2023\/07\/Israels-Ex-Premier-Olmert-Geraten-jetzt-in-einen-Buergerkrieg.jpg","type":"image\/jpeg"}],"author":"rtnews","twitter_card":"summary_large_image","twitter_creator":"@WirMachenAuf_de","twitter_site":"@WirMachenAuf_de","twitter_misc":{"Verfasst von":"rtnews","Gesch\u00e4tzte Lesezeit":"1\u00a0Minute"},"schema":{"@context":"https:\/\/schema.org","@graph":[{"@type":"Article","@id":"https:\/\/now-news.de\/de\/deutschland\/israels-ex-premier-olmert-geraten-jetzt-in-einen-buergerkrieg\/#article","isPartOf":{"@id":"https:\/\/now-news.de\/de\/deutschland\/israels-ex-premier-olmert-geraten-jetzt-in-einen-buergerkrieg\/"},"author":{"name":"rtnews","@id":"https:\/\/now-news.de\/de\/#\/schema\/person\/fb534a4e865501d8b3285208df34a9b5"},"headline":"Israels Ex-Premier Olmert: Geraten jetzt in einen B\u00fcrgerkrieg","datePublished":"2023-07-25T13:44:02+00:00","dateModified":"2023-07-25T13:44:02+00:00","mainEntityOfPage":{"@id":"https:\/\/now-news.de\/de\/deutschland\/israels-ex-premier-olmert-geraten-jetzt-in-einen-buergerkrieg\/"},"wordCount":264,"commentCount":0,"publisher":{"@id":"https:\/\/now-news.de\/de\/#organization"},"image":{"@id":"https:\/\/now-news.de\/de\/deutschland\/israels-ex-premier-olmert-geraten-jetzt-in-einen-buergerkrieg\/#primaryimage"},"thumbnailUrl":"https:\/\/now-news.de\/de\/wp-content\/uploads\/sites\/3\/2023\/07\/Israels-Ex-Premier-Olmert-Geraten-jetzt-in-einen-Buergerkrieg.jpg","keywords":["B\u00fcrgerkrieg","einen","ExPremier","geraten","Israels","Jetzt","Olmert"],"articleSection":["Deutschland","Russland"],"inLanguage":"de","potentialAction":[{"@type":"CommentAction","name":"Comment","target":["https:\/\/now-news.de\/de\/deutschland\/israels-ex-premier-olmert-geraten-jetzt-in-einen-buergerkrieg\/#respond"]}]},{"@type":"WebPage","@id":"https:\/\/now-news.de\/de\/deutschland\/israels-ex-premier-olmert-geraten-jetzt-in-einen-buergerkrieg\/","url":"https:\/\/now-news.de\/de\/deutschland\/israels-ex-premier-olmert-geraten-jetzt-in-einen-buergerkrieg\/","name":"Israels Ex-Premier Olmert: Geraten jetzt in einen B\u00fcrgerkrieg - just-now.NEWS Deutschland","isPartOf":{"@id":"https:\/\/now-news.de\/de\/#website"},"primaryImageOfPage":{"@id":"https:\/\/now-news.de\/de\/deutschland\/israels-ex-premier-olmert-geraten-jetzt-in-einen-buergerkrieg\/#primaryimage"},"image":{"@id":"https:\/\/now-news.de\/de\/deutschland\/israels-ex-premier-olmert-geraten-jetzt-in-einen-buergerkrieg\/#primaryimage"},"thumbnailUrl":"https:\/\/now-news.de\/de\/wp-content\/uploads\/sites\/3\/2023\/07\/Israels-Ex-Premier-Olmert-Geraten-jetzt-in-einen-Buergerkrieg.jpg","datePublished":"2023-07-25T13:44:02+00:00","dateModified":"2023-07-25T13:44:02+00:00","breadcrumb":{"@id":"https:\/\/now-news.de\/de\/deutschland\/israels-ex-premier-olmert-geraten-jetzt-in-einen-buergerkrieg\/#breadcrumb"},"inLanguage":"de","potentialAction":[{"@type":"ReadAction","target":["https:\/\/now-news.de\/de\/deutschland\/israels-ex-premier-olmert-geraten-jetzt-in-einen-buergerkrieg\/"]}]},{"@type":"ImageObject","inLanguage":"de","@id":"https:\/\/now-news.de\/de\/deutschland\/israels-ex-premier-olmert-geraten-jetzt-in-einen-buergerkrieg\/#primaryimage","url":"https:\/\/now-news.de\/de\/wp-content\/uploads\/sites\/3\/2023\/07\/Israels-Ex-Premier-Olmert-Geraten-jetzt-in-einen-Buergerkrieg.jpg","contentUrl":"https:\/\/now-news.de\/de\/wp-content\/uploads\/sites\/3\/2023\/07\/Israels-Ex-Premier-Olmert-Geraten-jetzt-in-einen-Buergerkrieg.jpg","width":460,"height":259,"caption":"Israels Ex-Premier Olmert: Geraten jetzt in einen B\u00fcrgerkrieg"},{"@type":"BreadcrumbList","@id":"https:\/\/now-news.de\/de\/deutschland\/israels-ex-premier-olmert-geraten-jetzt-in-einen-buergerkrieg\/#breadcrumb","itemListElement":[{"@type":"ListItem","position":1,"name":"Home","item":"https:\/\/now-news.de\/de\/"},{"@type":"ListItem","position":2,"name":"Israels Ex-Premier Olmert: Geraten jetzt in einen B\u00fcrgerkrieg"}]},{"@type":"WebSite","@id":"https:\/\/now-news.de\/de\/#website","url":"https:\/\/now-news.de\/de\/","name":"just-now.NEWS Deutschland","description":"Das Portal f\u00fcr unzensierte Nachrichten aus der Welt","publisher":{"@id":"https:\/\/now-news.de\/de\/#organization"},"potentialAction":[{"@type":"SearchAction","target":{"@type":"EntryPoint","urlTemplate":"https:\/\/now-news.de\/de\/?s={search_term_string}"},"query-input":"required name=search_term_string"}],"inLanguage":"de"},{"@type":"Organization","@id":"https:\/\/now-news.de\/de\/#organization","name":"Just Now News","url":"https:\/\/now-news.de\/de\/","logo":{"@type":"ImageObject","inLanguage":"de","@id":"https:\/\/now-news.de\/de\/#\/schema\/logo\/image\/","url":"http:\/\/just-now.news\/de\/wp-content\/uploads\/sites\/3\/2022\/04\/logo500x500.jpg","contentUrl":"http:\/\/just-now.news\/de\/wp-content\/uploads\/sites\/3\/2022\/04\/logo500x500.jpg","width":500,"height":500,"caption":"Just Now News"},"image":{"@id":"https:\/\/now-news.de\/de\/#\/schema\/logo\/image\/"},"sameAs":["https:\/\/www.facebook.com\/wirmachenauf","https:\/\/x.com\/WirMachenAuf_de"]},{"@type":"Person","@id":"https:\/\/now-news.de\/de\/#\/schema\/person\/fb534a4e865501d8b3285208df34a9b5","name":"rtnews","image":{"@type":"ImageObject","inLanguage":"de","@id":"https:\/\/now-news.de\/de\/#\/schema\/person\/image\/","url":"https:\/\/secure.gravatar.com\/avatar\/82aafea7d8127119dd649515f56e2117?s=96&d=mm&r=g","contentUrl":"https:\/\/secure.gravatar.com\/avatar\/82aafea7d8127119dd649515f56e2117?s=96&d=mm&r=g","caption":"rtnews"},"url":"https:\/\/now-news.de\/de\/author\/rnews\/"}]}},"_links":{"self":[{"href":"https:\/\/now-news.de\/de\/wp-json\/wp\/v2\/posts\/40783"}],"collection":[{"href":"https:\/\/now-news.de\/de\/wp-json\/wp\/v2\/posts"}],"about":[{"href":"https:\/\/now-news.de\/de\/wp-json\/wp\/v2\/types\/post"}],"author":[{"embeddable":true,"href":"https:\/\/now-news.de\/de\/wp-json\/wp\/v2\/users\/3"}],"replies":[{"embeddable":true,"href":"https:\/\/now-news.de\/de\/wp-json\/wp\/v2\/comments?post=40783"}],"version-history":[{"count":0,"href":"https:\/\/now-news.de\/de\/wp-json\/wp\/v2\/posts\/40783\/revisions"}],"wp:featuredmedia":[{"embeddable":true,"href":"https:\/\/now-news.de\/de\/wp-json\/wp\/v2\/media\/40784"}],"wp:attachment":[{"href":"https:\/\/now-news.de\/de\/wp-json\/wp\/v2\/media?parent=40783"}],"wp:term":[{"taxonomy":"category","embeddable":true,"href":"https:\/\/now-news.de\/de\/wp-json\/wp\/v2\/categories?post=40783"},{"taxonomy":"post_tag","embeddable":true,"href":"https:\/\/now-news.de\/de\/wp-json\/wp\/v2\/tags?post=40783"}],"curies":[{"name":"wp","href":"https:\/\/api.w.org\/{rel}","templated":true}]}}