{"id":40781,"date":"2023-07-25T14:20:23","date_gmt":"2023-07-25T12:20:23","guid":{"rendered":"https:\/\/just-now.news\/de\/deutschland\/berlin-rbb-verschweigt-politischen-hintergrund-der-kundgebung-am-prinzenbad\/"},"modified":"2023-07-25T14:20:23","modified_gmt":"2023-07-25T12:20:23","slug":"berlin-rbb-verschweigt-politischen-hintergrund-der-kundgebung-am-prinzenbad","status":"publish","type":"post","link":"https:\/\/now-news.de\/de\/deutschland\/berlin-rbb-verschweigt-politischen-hintergrund-der-kundgebung-am-prinzenbad\/","title":{"rendered":"Berlin: rbb verschweigt politischen Hintergrund der Kundgebung am Prinzenbad"},"content":{"rendered":"<p><img decoding=\"async\" src=\"http:\/\/just-now.news\/de\/wp-content\/uploads\/sites\/3\/2023\/07\/64bfa671b480cc055f362d17.jpg\" \/><\/p>\n<div class=\"Text-root Text-type_1 \">\n                Der Rundfunk Berlin-Brandenburg (rbb) berichtete am Sonntag \u00fcber eine Kundgebung gegen die neue Ausweisregel f\u00fcr Berliner Schwimmb\u00e4der, verheimlichte jedoch ihren linksradikalen Hintergrund. Der verantwortliche Redakteur war bereits in der Vergangenheit aufgefallen.\n            <\/div>\n<p><\/p>\n<div class=\"Text-root Text-type_5 ArticleView-text ViewText-root \">\n<p>Als Reaktion auf die regelm\u00e4\u00dfigen Ausschreitungen in Berliner Freib\u00e4dern m\u00fcssen sich Besucher seit Neuestem am Eingang per Lichtbildausweis ausweisen. Am Sonntag f\u00fchrte die neue Regel vor dem Prinzenbad in Berlin-Kreuzberg zu einer Kundgebung.<\/p>\n<p>\u00dcber die rund 100 Teilnehmer, die sich gegen die neue Ausweisregel und verst\u00e4rkte Polizeipr\u00e4senz vor Schwimmb\u00e4dern aussprachen, berichtete der <em>Rundfunk Berlin-Brandenburg<\/em> (<em>rbb<\/em>). Den linksradikalen Hintergrund von Organisatoren und Teilnehmern, darunter die &#8220;Internationale Jugend&#8221;, wurde jedoch offenbar bewusst verheimlicht, sodass der Eindruck entstehen konnte, es habe sich um normale B\u00fcrger gehandelt.<\/p>\n<p><strong><em>rbb<\/em> befragte &#8220;professionelle Krawallbarbie&#8221; der Migrantifa<\/strong><\/p>\n<p>\u00dcber Simin Jawabreh, die die Gewaltausbr\u00fcche in Schwimmb\u00e4dern gegen\u00fcber dem <em>rbb<\/em> relativierte, erfuhren die <em>rbb<\/em>-Zuschauer \u00fcber die Bauchbinde immerhin ihre Zugeh\u00f6rigkeit zur sogenannten &#8220;Migrantifa&#8221;, einer Wortsch\u00f6pfung aus Migrant und Antifa. Auf ihrem Instagram-Profil betitelt sich Jawabreh passenderweise als &#8220;professionelle Krawallbarbie&#8221; und &#8220;kommunistische Feministin persisch-pal\u00e4stinensischer Abstammung&#8221;.<\/p>\n<p>Bei den anderen Befragten wurde deren politische Aktivit\u00e4t ganz unterschlagen. Natascha Anahita, die sich gegen\u00fcber dem <em>rbb<\/em> dar\u00fcber emp\u00f6rte, dass Personen ohne P\u00e4sse oder Ausweispapiere nun nicht mehr schwimmen gehen k\u00f6nnten, ist laut im Internet zug\u00e4nglichen Angaben seit \u00fcber zw\u00f6lf Jahren in &#8220;antirassistischen feministischen Widerstandsbewegungen&#8221; aktiv. Eine weitere Befragte, Sigrun Matthiesen, ist Redakteurin bei der linken Monatszeitung <em>Oxi<\/em>.<\/p>\n<p><strong><em>rbb<\/em>-Redakteur relativierte Migrantengewalt an\u00a0Silvester 2022\u00a0<\/strong><\/p>\n<p>Vor dem Columbiabad in Berlin-Neuk\u00f6lln befragte der <em>rbb<\/em> noch\u00a0Carsten Schw\u00e4be, der die Gewaltausbr\u00fcche in Schwimmb\u00e4dern zu einem normalen Verhalten von Jugendlichen erkl\u00e4rte.\u00a0Da erneut\u00a0Angaben zur Person von Schw\u00e4be fehlten, konnte auch hier der Eindruck entstehen, es habe sich um die Aussagen eines Passanten gehandelt.<\/p>\n<p>Schw\u00e4be ist allerdings unter anderem Seminarleiter an der &#8220;Akademie f\u00fcr soziale Demokratie&#8221; der SPD-nahen Friedrich-Ebert-Stiftung (FES). Als Doktorand an der Freien Universit\u00e4t Berlin forscht Schw\u00e4be laut Angaben der FES zum Thema &#8220;Governance von Innovationsprozessen am Beispiel sozial-\u00f6kologischer Transformationen wie der Energiewende&#8221;. Eine zuf\u00e4llige Begegnung mit dem <em>rbb<\/em> scheint nach bereits vielen \u00e4hnlichen Vorf\u00e4llen beim \u00f6ffentlich-rechtlichen Rundfunk unwahrscheinlich.<\/p>\n<p>Auch der verantwortliche <em>rbb<\/em>-Redakteur selbst,\u00a0Thomas Rostek, war bereits in der Vergangenheit dadurch aufgefallen, dass er soziale Probleme in Bezug auf muslimische Migranten relativiert hatte. Nach den Ausschreitungen in Berlin-Neuk\u00f6lln an Silvester 2022 hatte er in einer Einordnung f\u00fcr die <em>Tagesschau<\/em>\u00a0geantwortet, dass es &#8220;in solchen Kontexten immer ein bisschen schwierig&#8221; sei, &#8220;von den T\u00e4tern zu sprechen&#8221;.<\/p>\n<p><strong>Mehr zum Thema\u00a0<\/strong>\u2013\u00a0<a rel=\"nofollow noopener\" target=\"_blank\" href=\"https:\/\/freeassange.rtde.me\/inland\/171809-fall-lina-e-gez-medien\/\">&#8220;Fall Lina E.&#8221; \u2013 GEZ Medien glorifizieren &#8220;Studentin&#8221; und die &#8220;Solidarit\u00e4t&#8221; ihrer &#8220;Sympathisanten&#8221;<\/a><\/p>\n<div class=\"EmbedBlock-root EmbedBlock-externalVideo EmbedBlock-odysee\">\n<div class=\"VkEmbed\"><iframe class=\"lazyload\" data-src=\"https:\/\/odysee.com\/%24\/embed\/%40RTDE%3Ae%2Fmassenschlaegerei-im-berliner-freibad%3A7\" frameborder=\"0\" width=\"853\" height=\"480\" allowfullscreen><\/iframe><\/div>\n<\/div>\n<\/div>\n<p><br \/>\n<br \/><a href=\"https:\/\/de.rt.com\/inland\/176129-berlin-rbb-verschweigt-politischen-hintergrund-der-kundgebung-am-prinzenbad\/\">Source link <\/a><\/p>\n","protected":false},"excerpt":{"rendered":"<p>Der Rundfunk Berlin-Brandenburg (rbb) berichtete am Sonntag \u00fcber eine Kundgebung gegen die neue Ausweisregel f\u00fcr Berliner Schwimmb\u00e4der, verheimlichte jedoch ihren linksradikalen Hintergrund. Der verantwortliche Redakteur war bereits in der Vergangenheit aufgefallen. Als Reaktion auf die regelm\u00e4\u00dfigen Ausschreitungen in Berliner Freib\u00e4dern m\u00fcssen sich Besucher seit Neuestem am Eingang per Lichtbildausweis ausweisen. Am Sonntag f\u00fchrte die neue [&hellip;]<\/p>\n","protected":false},"author":3,"featured_media":40782,"comment_status":"open","ping_status":"open","sticky":false,"template":"","format":"standard","meta":{"_yoast_indexnow_last_ping":["1690287776"],"wp_automatic_camp":["217"],"afd1c251f1d9163f27cbea005aa498e7":["Berlin: rbb verschweigt politischen Hintergrund der Kundgebung am Prinzenbad"],"original_link":["https:\/\/de.rt.com\/inland\/176129-berlin-rbb-verschweigt-politischen-hintergrund-der-kundgebung-am-prinzenbad\/"],"_thumbnail_id":["40782"],"_wptgpro_p2tg_sent2tg":["a:1:{i:23737;s:19:\"2023-07-25 14:24:00\";}"],"jnews_social_counter_last_update":["1777191046"]},"categories":[19,23],"tags":[943,82,27125,14219,21446,47070,30626,21814],"yoast_head":"<!-- This site is optimized with the Yoast SEO Premium plugin v22.7 (Yoast SEO v22.7) - https:\/\/yoast.com\/wordpress\/plugins\/seo\/ -->\n<title>Berlin: rbb verschweigt politischen Hintergrund der Kundgebung am Prinzenbad - just-now.NEWS Deutschland<\/title>\n<meta name=\"robots\" content=\"index, follow, max-snippet:-1, max-image-preview:large, max-video-preview:-1\" \/>\n<link rel=\"canonical\" href=\"https:\/\/now-news.de\/de\/deutschland\/berlin-rbb-verschweigt-politischen-hintergrund-der-kundgebung-am-prinzenbad\/\" \/>\n<meta property=\"og:locale\" content=\"de_DE\" \/>\n<meta property=\"og:type\" content=\"article\" \/>\n<meta property=\"og:title\" content=\"Berlin: rbb verschweigt politischen Hintergrund der Kundgebung am Prinzenbad\" \/>\n<meta property=\"og:description\" content=\"Der Rundfunk Berlin-Brandenburg (rbb) berichtete am Sonntag \u00fcber eine Kundgebung gegen die neue Ausweisregel f\u00fcr Berliner Schwimmb\u00e4der, verheimlichte jedoch ihren linksradikalen Hintergrund. Der verantwortliche Redakteur war bereits in der Vergangenheit aufgefallen. Als Reaktion auf die regelm\u00e4\u00dfigen Ausschreitungen in Berliner Freib\u00e4dern m\u00fcssen sich Besucher seit Neuestem am Eingang per Lichtbildausweis ausweisen. Am Sonntag f\u00fchrte die neue [&hellip;]\" \/>\n<meta property=\"og:url\" content=\"https:\/\/now-news.de\/de\/deutschland\/berlin-rbb-verschweigt-politischen-hintergrund-der-kundgebung-am-prinzenbad\/\" \/>\n<meta property=\"og:site_name\" content=\"just-now.NEWS Deutschland\" \/>\n<meta property=\"article:publisher\" content=\"https:\/\/www.facebook.com\/wirmachenauf\" \/>\n<meta property=\"article:published_time\" content=\"2023-07-25T12:20:23+00:00\" \/>\n<meta property=\"og:image\" content=\"https:\/\/now-news.de\/de\/wp-content\/uploads\/sites\/3\/2023\/07\/Berlin-rbb-verschweigt-politischen-Hintergrund-der-Kundgebung-am-Prinzenbad.jpg\" \/>\n\t<meta property=\"og:image:width\" content=\"460\" \/>\n\t<meta property=\"og:image:height\" content=\"259\" \/>\n\t<meta property=\"og:image:type\" content=\"image\/jpeg\" \/>\n<meta name=\"author\" content=\"rtnews\" \/>\n<meta name=\"twitter:card\" content=\"summary_large_image\" \/>\n<meta name=\"twitter:creator\" content=\"@WirMachenAuf_de\" \/>\n<meta name=\"twitter:site\" content=\"@WirMachenAuf_de\" \/>\n<meta name=\"twitter:label1\" content=\"Verfasst von\" \/>\n\t<meta name=\"twitter:data1\" content=\"rtnews\" \/>\n\t<meta name=\"twitter:label2\" content=\"Gesch\u00e4tzte Lesezeit\" \/>\n\t<meta name=\"twitter:data2\" content=\"2\u00a0Minuten\" \/>\n<script type=\"application\/ld+json\" class=\"yoast-schema-graph\">{\"@context\":\"https:\/\/schema.org\",\"@graph\":[{\"@type\":\"Article\",\"@id\":\"https:\/\/now-news.de\/de\/deutschland\/berlin-rbb-verschweigt-politischen-hintergrund-der-kundgebung-am-prinzenbad\/#article\",\"isPartOf\":{\"@id\":\"https:\/\/now-news.de\/de\/deutschland\/berlin-rbb-verschweigt-politischen-hintergrund-der-kundgebung-am-prinzenbad\/\"},\"author\":{\"name\":\"rtnews\",\"@id\":\"https:\/\/now-news.de\/de\/#\/schema\/person\/fb534a4e865501d8b3285208df34a9b5\"},\"headline\":\"Berlin: rbb verschweigt politischen Hintergrund der Kundgebung am Prinzenbad\",\"datePublished\":\"2023-07-25T12:20:23+00:00\",\"dateModified\":\"2023-07-25T12:20:23+00:00\",\"mainEntityOfPage\":{\"@id\":\"https:\/\/now-news.de\/de\/deutschland\/berlin-rbb-verschweigt-politischen-hintergrund-der-kundgebung-am-prinzenbad\/\"},\"wordCount\":454,\"commentCount\":0,\"publisher\":{\"@id\":\"https:\/\/now-news.de\/de\/#organization\"},\"image\":{\"@id\":\"https:\/\/now-news.de\/de\/deutschland\/berlin-rbb-verschweigt-politischen-hintergrund-der-kundgebung-am-prinzenbad\/#primaryimage\"},\"thumbnailUrl\":\"https:\/\/now-news.de\/de\/wp-content\/uploads\/sites\/3\/2023\/07\/Berlin-rbb-verschweigt-politischen-Hintergrund-der-Kundgebung-am-Prinzenbad.jpg\",\"keywords\":[\"Berlin\",\"der\",\"Hintergrund\",\"Kundgebung\",\"politischen\",\"Prinzenbad\",\"RBB\",\"verschweigt\"],\"articleSection\":[\"Deutschland\",\"Russland\"],\"inLanguage\":\"de\",\"potentialAction\":[{\"@type\":\"CommentAction\",\"name\":\"Comment\",\"target\":[\"https:\/\/now-news.de\/de\/deutschland\/berlin-rbb-verschweigt-politischen-hintergrund-der-kundgebung-am-prinzenbad\/#respond\"]}]},{\"@type\":\"WebPage\",\"@id\":\"https:\/\/now-news.de\/de\/deutschland\/berlin-rbb-verschweigt-politischen-hintergrund-der-kundgebung-am-prinzenbad\/\",\"url\":\"https:\/\/now-news.de\/de\/deutschland\/berlin-rbb-verschweigt-politischen-hintergrund-der-kundgebung-am-prinzenbad\/\",\"name\":\"Berlin: rbb verschweigt politischen Hintergrund der Kundgebung am Prinzenbad - just-now.NEWS Deutschland\",\"isPartOf\":{\"@id\":\"https:\/\/now-news.de\/de\/#website\"},\"primaryImageOfPage\":{\"@id\":\"https:\/\/now-news.de\/de\/deutschland\/berlin-rbb-verschweigt-politischen-hintergrund-der-kundgebung-am-prinzenbad\/#primaryimage\"},\"image\":{\"@id\":\"https:\/\/now-news.de\/de\/deutschland\/berlin-rbb-verschweigt-politischen-hintergrund-der-kundgebung-am-prinzenbad\/#primaryimage\"},\"thumbnailUrl\":\"https:\/\/now-news.de\/de\/wp-content\/uploads\/sites\/3\/2023\/07\/Berlin-rbb-verschweigt-politischen-Hintergrund-der-Kundgebung-am-Prinzenbad.jpg\",\"datePublished\":\"2023-07-25T12:20:23+00:00\",\"dateModified\":\"2023-07-25T12:20:23+00:00\",\"breadcrumb\":{\"@id\":\"https:\/\/now-news.de\/de\/deutschland\/berlin-rbb-verschweigt-politischen-hintergrund-der-kundgebung-am-prinzenbad\/#breadcrumb\"},\"inLanguage\":\"de\",\"potentialAction\":[{\"@type\":\"ReadAction\",\"target\":[\"https:\/\/now-news.de\/de\/deutschland\/berlin-rbb-verschweigt-politischen-hintergrund-der-kundgebung-am-prinzenbad\/\"]}]},{\"@type\":\"ImageObject\",\"inLanguage\":\"de\",\"@id\":\"https:\/\/now-news.de\/de\/deutschland\/berlin-rbb-verschweigt-politischen-hintergrund-der-kundgebung-am-prinzenbad\/#primaryimage\",\"url\":\"https:\/\/now-news.de\/de\/wp-content\/uploads\/sites\/3\/2023\/07\/Berlin-rbb-verschweigt-politischen-Hintergrund-der-Kundgebung-am-Prinzenbad.jpg\",\"contentUrl\":\"https:\/\/now-news.de\/de\/wp-content\/uploads\/sites\/3\/2023\/07\/Berlin-rbb-verschweigt-politischen-Hintergrund-der-Kundgebung-am-Prinzenbad.jpg\",\"width\":460,\"height\":259,\"caption\":\"Berlin: rbb verschweigt politischen Hintergrund der Kundgebung am Prinzenbad\"},{\"@type\":\"BreadcrumbList\",\"@id\":\"https:\/\/now-news.de\/de\/deutschland\/berlin-rbb-verschweigt-politischen-hintergrund-der-kundgebung-am-prinzenbad\/#breadcrumb\",\"itemListElement\":[{\"@type\":\"ListItem\",\"position\":1,\"name\":\"Home\",\"item\":\"https:\/\/now-news.de\/de\/\"},{\"@type\":\"ListItem\",\"position\":2,\"name\":\"Berlin: rbb verschweigt politischen Hintergrund der Kundgebung am Prinzenbad\"}]},{\"@type\":\"WebSite\",\"@id\":\"https:\/\/now-news.de\/de\/#website\",\"url\":\"https:\/\/now-news.de\/de\/\",\"name\":\"just-now.NEWS Deutschland\",\"description\":\"Das Portal f\u00fcr unzensierte Nachrichten aus der Welt\",\"publisher\":{\"@id\":\"https:\/\/now-news.de\/de\/#organization\"},\"potentialAction\":[{\"@type\":\"SearchAction\",\"target\":{\"@type\":\"EntryPoint\",\"urlTemplate\":\"https:\/\/now-news.de\/de\/?s={search_term_string}\"},\"query-input\":\"required name=search_term_string\"}],\"inLanguage\":\"de\"},{\"@type\":\"Organization\",\"@id\":\"https:\/\/now-news.de\/de\/#organization\",\"name\":\"Just Now News\",\"url\":\"https:\/\/now-news.de\/de\/\",\"logo\":{\"@type\":\"ImageObject\",\"inLanguage\":\"de\",\"@id\":\"https:\/\/now-news.de\/de\/#\/schema\/logo\/image\/\",\"url\":\"http:\/\/just-now.news\/de\/wp-content\/uploads\/sites\/3\/2022\/04\/logo500x500.jpg\",\"contentUrl\":\"http:\/\/just-now.news\/de\/wp-content\/uploads\/sites\/3\/2022\/04\/logo500x500.jpg\",\"width\":500,\"height\":500,\"caption\":\"Just Now News\"},\"image\":{\"@id\":\"https:\/\/now-news.de\/de\/#\/schema\/logo\/image\/\"},\"sameAs\":[\"https:\/\/www.facebook.com\/wirmachenauf\",\"https:\/\/x.com\/WirMachenAuf_de\"]},{\"@type\":\"Person\",\"@id\":\"https:\/\/now-news.de\/de\/#\/schema\/person\/fb534a4e865501d8b3285208df34a9b5\",\"name\":\"rtnews\",\"image\":{\"@type\":\"ImageObject\",\"inLanguage\":\"de\",\"@id\":\"https:\/\/now-news.de\/de\/#\/schema\/person\/image\/\",\"url\":\"https:\/\/secure.gravatar.com\/avatar\/82aafea7d8127119dd649515f56e2117?s=96&d=mm&r=g\",\"contentUrl\":\"https:\/\/secure.gravatar.com\/avatar\/82aafea7d8127119dd649515f56e2117?s=96&d=mm&r=g\",\"caption\":\"rtnews\"},\"url\":\"https:\/\/now-news.de\/de\/author\/rnews\/\"}]}<\/script>\n<!-- \/ Yoast SEO Premium plugin. -->","yoast_head_json":{"title":"Berlin: rbb verschweigt politischen Hintergrund der Kundgebung am Prinzenbad - just-now.NEWS Deutschland","robots":{"index":"index","follow":"follow","max-snippet":"max-snippet:-1","max-image-preview":"max-image-preview:large","max-video-preview":"max-video-preview:-1"},"canonical":"https:\/\/now-news.de\/de\/deutschland\/berlin-rbb-verschweigt-politischen-hintergrund-der-kundgebung-am-prinzenbad\/","og_locale":"de_DE","og_type":"article","og_title":"Berlin: rbb verschweigt politischen Hintergrund der Kundgebung am Prinzenbad","og_description":"Der Rundfunk Berlin-Brandenburg (rbb) berichtete am Sonntag \u00fcber eine Kundgebung gegen die neue Ausweisregel f\u00fcr Berliner Schwimmb\u00e4der, verheimlichte jedoch ihren linksradikalen Hintergrund. Der verantwortliche Redakteur war bereits in der Vergangenheit aufgefallen. Als Reaktion auf die regelm\u00e4\u00dfigen Ausschreitungen in Berliner Freib\u00e4dern m\u00fcssen sich Besucher seit Neuestem am Eingang per Lichtbildausweis ausweisen. Am Sonntag f\u00fchrte die neue [&hellip;]","og_url":"https:\/\/now-news.de\/de\/deutschland\/berlin-rbb-verschweigt-politischen-hintergrund-der-kundgebung-am-prinzenbad\/","og_site_name":"just-now.NEWS Deutschland","article_publisher":"https:\/\/www.facebook.com\/wirmachenauf","article_published_time":"2023-07-25T12:20:23+00:00","og_image":[{"width":460,"height":259,"url":"https:\/\/now-news.de\/de\/wp-content\/uploads\/sites\/3\/2023\/07\/Berlin-rbb-verschweigt-politischen-Hintergrund-der-Kundgebung-am-Prinzenbad.jpg","type":"image\/jpeg"}],"author":"rtnews","twitter_card":"summary_large_image","twitter_creator":"@WirMachenAuf_de","twitter_site":"@WirMachenAuf_de","twitter_misc":{"Verfasst von":"rtnews","Gesch\u00e4tzte Lesezeit":"2\u00a0Minuten"},"schema":{"@context":"https:\/\/schema.org","@graph":[{"@type":"Article","@id":"https:\/\/now-news.de\/de\/deutschland\/berlin-rbb-verschweigt-politischen-hintergrund-der-kundgebung-am-prinzenbad\/#article","isPartOf":{"@id":"https:\/\/now-news.de\/de\/deutschland\/berlin-rbb-verschweigt-politischen-hintergrund-der-kundgebung-am-prinzenbad\/"},"author":{"name":"rtnews","@id":"https:\/\/now-news.de\/de\/#\/schema\/person\/fb534a4e865501d8b3285208df34a9b5"},"headline":"Berlin: rbb verschweigt politischen Hintergrund der Kundgebung am Prinzenbad","datePublished":"2023-07-25T12:20:23+00:00","dateModified":"2023-07-25T12:20:23+00:00","mainEntityOfPage":{"@id":"https:\/\/now-news.de\/de\/deutschland\/berlin-rbb-verschweigt-politischen-hintergrund-der-kundgebung-am-prinzenbad\/"},"wordCount":454,"commentCount":0,"publisher":{"@id":"https:\/\/now-news.de\/de\/#organization"},"image":{"@id":"https:\/\/now-news.de\/de\/deutschland\/berlin-rbb-verschweigt-politischen-hintergrund-der-kundgebung-am-prinzenbad\/#primaryimage"},"thumbnailUrl":"https:\/\/now-news.de\/de\/wp-content\/uploads\/sites\/3\/2023\/07\/Berlin-rbb-verschweigt-politischen-Hintergrund-der-Kundgebung-am-Prinzenbad.jpg","keywords":["Berlin","der","Hintergrund","Kundgebung","politischen","Prinzenbad","RBB","verschweigt"],"articleSection":["Deutschland","Russland"],"inLanguage":"de","potentialAction":[{"@type":"CommentAction","name":"Comment","target":["https:\/\/now-news.de\/de\/deutschland\/berlin-rbb-verschweigt-politischen-hintergrund-der-kundgebung-am-prinzenbad\/#respond"]}]},{"@type":"WebPage","@id":"https:\/\/now-news.de\/de\/deutschland\/berlin-rbb-verschweigt-politischen-hintergrund-der-kundgebung-am-prinzenbad\/","url":"https:\/\/now-news.de\/de\/deutschland\/berlin-rbb-verschweigt-politischen-hintergrund-der-kundgebung-am-prinzenbad\/","name":"Berlin: rbb verschweigt politischen Hintergrund der Kundgebung am Prinzenbad - just-now.NEWS Deutschland","isPartOf":{"@id":"https:\/\/now-news.de\/de\/#website"},"primaryImageOfPage":{"@id":"https:\/\/now-news.de\/de\/deutschland\/berlin-rbb-verschweigt-politischen-hintergrund-der-kundgebung-am-prinzenbad\/#primaryimage"},"image":{"@id":"https:\/\/now-news.de\/de\/deutschland\/berlin-rbb-verschweigt-politischen-hintergrund-der-kundgebung-am-prinzenbad\/#primaryimage"},"thumbnailUrl":"https:\/\/now-news.de\/de\/wp-content\/uploads\/sites\/3\/2023\/07\/Berlin-rbb-verschweigt-politischen-Hintergrund-der-Kundgebung-am-Prinzenbad.jpg","datePublished":"2023-07-25T12:20:23+00:00","dateModified":"2023-07-25T12:20:23+00:00","breadcrumb":{"@id":"https:\/\/now-news.de\/de\/deutschland\/berlin-rbb-verschweigt-politischen-hintergrund-der-kundgebung-am-prinzenbad\/#breadcrumb"},"inLanguage":"de","potentialAction":[{"@type":"ReadAction","target":["https:\/\/now-news.de\/de\/deutschland\/berlin-rbb-verschweigt-politischen-hintergrund-der-kundgebung-am-prinzenbad\/"]}]},{"@type":"ImageObject","inLanguage":"de","@id":"https:\/\/now-news.de\/de\/deutschland\/berlin-rbb-verschweigt-politischen-hintergrund-der-kundgebung-am-prinzenbad\/#primaryimage","url":"https:\/\/now-news.de\/de\/wp-content\/uploads\/sites\/3\/2023\/07\/Berlin-rbb-verschweigt-politischen-Hintergrund-der-Kundgebung-am-Prinzenbad.jpg","contentUrl":"https:\/\/now-news.de\/de\/wp-content\/uploads\/sites\/3\/2023\/07\/Berlin-rbb-verschweigt-politischen-Hintergrund-der-Kundgebung-am-Prinzenbad.jpg","width":460,"height":259,"caption":"Berlin: rbb verschweigt politischen Hintergrund der Kundgebung am Prinzenbad"},{"@type":"BreadcrumbList","@id":"https:\/\/now-news.de\/de\/deutschland\/berlin-rbb-verschweigt-politischen-hintergrund-der-kundgebung-am-prinzenbad\/#breadcrumb","itemListElement":[{"@type":"ListItem","position":1,"name":"Home","item":"https:\/\/now-news.de\/de\/"},{"@type":"ListItem","position":2,"name":"Berlin: rbb verschweigt politischen Hintergrund der Kundgebung am Prinzenbad"}]},{"@type":"WebSite","@id":"https:\/\/now-news.de\/de\/#website","url":"https:\/\/now-news.de\/de\/","name":"just-now.NEWS Deutschland","description":"Das Portal f\u00fcr unzensierte Nachrichten aus der Welt","publisher":{"@id":"https:\/\/now-news.de\/de\/#organization"},"potentialAction":[{"@type":"SearchAction","target":{"@type":"EntryPoint","urlTemplate":"https:\/\/now-news.de\/de\/?s={search_term_string}"},"query-input":"required name=search_term_string"}],"inLanguage":"de"},{"@type":"Organization","@id":"https:\/\/now-news.de\/de\/#organization","name":"Just Now News","url":"https:\/\/now-news.de\/de\/","logo":{"@type":"ImageObject","inLanguage":"de","@id":"https:\/\/now-news.de\/de\/#\/schema\/logo\/image\/","url":"http:\/\/just-now.news\/de\/wp-content\/uploads\/sites\/3\/2022\/04\/logo500x500.jpg","contentUrl":"http:\/\/just-now.news\/de\/wp-content\/uploads\/sites\/3\/2022\/04\/logo500x500.jpg","width":500,"height":500,"caption":"Just Now News"},"image":{"@id":"https:\/\/now-news.de\/de\/#\/schema\/logo\/image\/"},"sameAs":["https:\/\/www.facebook.com\/wirmachenauf","https:\/\/x.com\/WirMachenAuf_de"]},{"@type":"Person","@id":"https:\/\/now-news.de\/de\/#\/schema\/person\/fb534a4e865501d8b3285208df34a9b5","name":"rtnews","image":{"@type":"ImageObject","inLanguage":"de","@id":"https:\/\/now-news.de\/de\/#\/schema\/person\/image\/","url":"https:\/\/secure.gravatar.com\/avatar\/82aafea7d8127119dd649515f56e2117?s=96&d=mm&r=g","contentUrl":"https:\/\/secure.gravatar.com\/avatar\/82aafea7d8127119dd649515f56e2117?s=96&d=mm&r=g","caption":"rtnews"},"url":"https:\/\/now-news.de\/de\/author\/rnews\/"}]}},"_links":{"self":[{"href":"https:\/\/now-news.de\/de\/wp-json\/wp\/v2\/posts\/40781"}],"collection":[{"href":"https:\/\/now-news.de\/de\/wp-json\/wp\/v2\/posts"}],"about":[{"href":"https:\/\/now-news.de\/de\/wp-json\/wp\/v2\/types\/post"}],"author":[{"embeddable":true,"href":"https:\/\/now-news.de\/de\/wp-json\/wp\/v2\/users\/3"}],"replies":[{"embeddable":true,"href":"https:\/\/now-news.de\/de\/wp-json\/wp\/v2\/comments?post=40781"}],"version-history":[{"count":0,"href":"https:\/\/now-news.de\/de\/wp-json\/wp\/v2\/posts\/40781\/revisions"}],"wp:featuredmedia":[{"embeddable":true,"href":"https:\/\/now-news.de\/de\/wp-json\/wp\/v2\/media\/40782"}],"wp:attachment":[{"href":"https:\/\/now-news.de\/de\/wp-json\/wp\/v2\/media?parent=40781"}],"wp:term":[{"taxonomy":"category","embeddable":true,"href":"https:\/\/now-news.de\/de\/wp-json\/wp\/v2\/categories?post=40781"},{"taxonomy":"post_tag","embeddable":true,"href":"https:\/\/now-news.de\/de\/wp-json\/wp\/v2\/tags?post=40781"}],"curies":[{"name":"wp","href":"https:\/\/api.w.org\/{rel}","templated":true}]}}