{"id":40767,"date":"2023-07-25T09:31:53","date_gmt":"2023-07-25T07:31:53","guid":{"rendered":"https:\/\/just-now.news\/de\/deutschland\/gewalttaetige-proteste-in-israel-mann-faehrt-mit-auto-in-menschenmenge\/"},"modified":"2023-07-25T09:31:53","modified_gmt":"2023-07-25T07:31:53","slug":"gewalttaetige-proteste-in-israel-mann-faehrt-mit-auto-in-menschenmenge","status":"publish","type":"post","link":"https:\/\/now-news.de\/de\/deutschland\/gewalttaetige-proteste-in-israel-mann-faehrt-mit-auto-in-menschenmenge\/","title":{"rendered":"Gewaltt\u00e4tige Proteste in Israel \u2013 Mann f\u00e4hrt mit Auto in Menschenmenge"},"content":{"rendered":"<p><img decoding=\"async\" src=\"http:\/\/just-now.news\/de\/wp-content\/uploads\/sites\/3\/2023\/07\/64bf78db48fbef1caf06191c.jpg\" \/><\/p>\n<div class=\"Text-root Text-type_1 \">\n                W\u00e4hrend der Proteste gegen die Justizreform in Israel fuhr ein Mann am Montagabend mit einem Fahrzeug in eine Menschenmenge. Dabei wurden drei Menschen verletzt. Der Vorfall ereignete sich nahe der Stadt Kfar Saba, etwa 16 Kilometer nord\u00f6stlich von Tel Aviv.\n            <\/div>\n<p><\/p>\n<div class=\"Text-root Text-type_5 ArticleView-text ViewText-root \">\n<p>In Israel wurden drei Menschen verletzt, als ein Autofahrer w\u00e4hrend einer Kundgebung gegen die h\u00f6chst umstrittene Justizreform des Landes in eine Gruppe von Demonstranten fuhr. Bei Demonstrationen in mehreren St\u00e4dten kam es zu Zusammenst\u00f6\u00dfen zwischen Demonstranten und der Polizei, in deren Folge Dutzende von Menschen festgenommen wurden.<\/p>\n<p>Der Vorfall ereignete sich am Montagabend nahe der Stadt Kfar Saba, etwa 16 Kilometer nord\u00f6stlich von Tel Aviv, wo sich eine Gruppe von Demonstranten versammelte, um gegen die weitreichende Justizreform zu demonstrieren, die zuvor vom israelischen Parlament gebilligt worden war.<\/p>\n<p>In einem im Internet kursierenden Video von dem Vorfall ist zu sehen, wie ein wei\u00dfes Fahrzeug durch die Menge und \u00fcber ein kleines Lagerfeuer f\u00e4hrt und Funken aufwirbelt, w\u00e4hrend die Demonstranten in Panik fliehen. Drei Menschen wurden bei dem Vorfall &#8220;leicht verletzt&#8221;, berichtet die Zeitung <em>Haaretz<\/em> unter Berufung auf die Polizei.<\/p>\n<div class=\"EmbedBlock-root EmbedBlock-twitter\">\n<div class=\"TwitterEmbed\">\n<blockquote class=\"twitter-tweet lazyload\" data-twitter=\"twitter-tweet\">\n<p lang=\"en\" dir=\"ltr\">Judicial reform protests: A car drove through a crowd of protesters in central Israel, lightly injuring three people <a rel=\"nofollow noopener\" target=\"_blank\" href=\"https:\/\/t.co\/TtD2zEC9CB\">pic.twitter.com\/TtD2zEC9CB<\/a><\/p>\n<p>\u2014 Amichai Stein (@AmichaiStein1) <a rel=\"nofollow noopener\" target=\"_blank\" href=\"https:\/\/twitter.com\/AmichaiStein1\/status\/1683539929282822155?ref_src=twsrc%5Etfw\">July 24, 2023<\/a><\/p><\/blockquote>\n<\/div>\n<\/div>\n<p>Ein junger Mann sei verhaftet worden, teilte die \u00f6rtliche Polizei gegen\u00fcber der Zeitung mit. Die israelische Journalistin Noga Tarnopolsky beschrieb den Mann sp\u00e4ter als &#8220;Westjordanland-Siedler&#8221;.<\/p>\n<p>Tausende Israelis demonstrierten in mehreren St\u00e4dten, nachdem die Abgeordneten in der Knesset am Montag den ersten Teil der neuen Justizreform verabschiedetet hatten. Das Gesetz, das die Kontrolle der Regierung durch den Obersten Gerichtshof erheblich einschr\u00e4nkt, ist seit seiner Verabschiedung Anfang des Jahres Gegenstand hitziger Debatten und Kontroversen und hat landesweit eine Welle von Demonstrationen ausgel\u00f6st.<\/p>\n<p>Mindestens 34 Personen wurden am Montag festgenommen, w\u00e4hrend die Polizei sowohl in Tel Aviv als auch in Jerusalem Wasserwerfer gegen die Demonstranten einsetzte, wie lokale Medien berichten. Nach Angaben der Polizei in Tel Aviv wurden bei den Zusammenst\u00f6\u00dfen zehn Beamte verletzt.<\/p>\n<div class=\"EmbedBlock-root EmbedBlock-twitter\">\n<div class=\"TwitterEmbed\">\n<blockquote class=\"twitter-tweet lazyload\" data-twitter=\"twitter-tweet\">\n<p lang=\"iw\" dir=\"rtl\">\u05de\u05db\u05ea\u05d6\u05d9\u05d5\u05ea \u05d1\u05db\u05d9\u05e0\u05d5\u05df \u05d9\u05e9\u05d9\u05e8 \u05dc\u05e8\u05d0\u05e9\u05d9 \u05de\u05e4\u05d2\u05d9\u05e0\u05d9\u05dd. \u05d0\u05d9\u05d9\u05dc\u05d5\u05df \u05e6\u05e4\u05d5\u05df. \u05e7\u05e8\u05d3\u05d9\u05d8: \u05d0\u05d7\u05d9\u05dd \u05dc\u05e0\u05e9\u05e7 <a rel=\"nofollow noopener\" target=\"_blank\" href=\"https:\/\/t.co\/AK6FQoxHDk\">pic.twitter.com\/AK6FQoxHDk<\/a><\/p>\n<p>\u2014 \ud83c\udff3\ufe0f\u200d\ud83c\udf08\ud83c\udff4ShAuLi (@Shaulirena) <a rel=\"nofollow noopener\" target=\"_blank\" href=\"https:\/\/twitter.com\/Shaulirena\/status\/1683581456801726465?ref_src=twsrc%5Etfw\">July 24, 2023<\/a><\/p><\/blockquote>\n<\/div>\n<\/div>\n<p>Die Demonstranten blockierten zudem mehrere Stra\u00dfen und Autobahnen. Die Ayalon-Autobahn nahe Tel Aviv war mehrere Stunden lang durch Menschenmassen, Feuer und Barrikaden blockiert, bevor die Ordnungskr\u00e4fte eingriffen. Nach Angaben der <em>Times of Israel<\/em> blieben viele Menschen danach in der Gegend, w\u00e4hrend sich auf dem H\u00f6hepunkt der Proteste bis zu 15.000 Menschen auf der Ayalon-Autobahn befunden haben sollen.<\/p>\n<p>Ein Sicherheitsbeamter feuerte w\u00e4hrend eines Handgemenges mit Demonstranten in der N\u00e4he des Kibbuz Hatzerim im S\u00fcden Israels mit seiner Handfeuerwaffe in die Luft, berichtet die <em>Jerusalem Post<\/em>. Das Blatt meldet, dass der Sicherheitsbeamte und sechs weitere Personen sp\u00e4ter am Montagabend festgenommen worden seien.<\/p>\n<div class=\"EmbedBlock-root EmbedBlock-twitter\">\n<div class=\"TwitterEmbed\">\n<blockquote class=\"twitter-tweet lazyload\" data-twitter=\"twitter-tweet\">\n<p lang=\"en\" dir=\"ltr\">Clarification: the shooter is the Kibbutz security guard, apparently legally wielding his weapon. <a rel=\"nofollow noopener\" target=\"_blank\" href=\"https:\/\/t.co\/4XjyvfW3HG\">https:\/\/t.co\/4XjyvfW3HG<\/a><\/p>\n<p>\u2014 Noga Tarnopolsky \u05e0\u05d2\u05d4 \u05d8\u05e8\u05e0\u05d5\u05e4\u05d5\u05dc\u05e1\u05e7\u05d9 \u0646\u0648\u063a\u0627 \u062a\u0631\u0646\u0648\u0628\u0648\u0644\u0633\u0643\u064a\ud83d\udc99 (@NTarnopolsky) <a rel=\"nofollow noopener\" target=\"_blank\" href=\"https:\/\/twitter.com\/NTarnopolsky\/status\/1683565904632635392?ref_src=twsrc%5Etfw\">July 24, 2023<\/a><\/p><\/blockquote>\n<\/div>\n<\/div>\n<p>Nach der umstrittenen Abstimmung in der Knesset gab Ministerpr\u00e4sident Benjamin Netanjahu eine Videoerkl\u00e4rung ab, in der er sich zu neuen Gespr\u00e4chen mit seinen Gegnern \u00fcber die Reform bereit erkl\u00e4rte. Um die Kritiker des Gesetzes zu beruhigen, betonte er, dass &#8220;keine Seite das Gericht \u00fcbernehmen wird&#8221;.<\/p>\n<p>In einem eigenen Video warf Oppositionsf\u00fchrer Jair Lapid dem Ministerpr\u00e4sidenten &#8220;L\u00fcgen&#8221; und &#8220;leeres Theater&#8221; vor. Lapid sagte, Netanjahu wolle lediglich &#8220;die Proteste in den Schlaf wiegen&#8221;. Der Abgeordnete erkl\u00e4rte weiter, dass Netanjahus &#8220;extremistische und messianische Regierung nicht am Nachmittag unsere Demokratie zerrei\u00dfen und am Abend sagen kann, dass er einen Dialog vorschl\u00e4gt&#8221;.<\/p>\n<p><strong>Mehr zum Thema<\/strong> \u2013 <a rel=\"nofollow noopener\" target=\"_blank\" href=\"https:\/\/freeassange.rtde.life\/der-nahe-osten\/176067-proteste-erschuettern-israel-zweiten-tag-in-folge\/\">Proteste ignoriert: Israels Parlament billigt Gesetzentwurf zur Justizreform<\/a><\/p>\n<div class=\"EmbedBlock-root EmbedBlock-externalVideo EmbedBlock-vk\">\n<div class=\"VkEmbed\"><iframe class=\"lazyload\" data-src=\"https:\/\/vk.com\/video_ext.php?oid=-134310637&amp;id=456268531&amp;hash=855713a0ebad8f0f\" frameborder=\"0\" width=\"853\" height=\"480\" allowfullscreen><\/iframe><\/div>\n<\/div>\n<\/div>\n<p><script async src=\"https:\/\/platform.twitter.com\/widgets.js\" charset=\"utf-8\"><\/script><br \/>\n<br \/><br \/>\n<br \/><a href=\"https:\/\/de.rt.com\/der-nahe-osten\/176106-gewalttaetige-proteste-in-israel-mann\/\">Source link <\/a><\/p>\n","protected":false},"excerpt":{"rendered":"<p>W\u00e4hrend der Proteste gegen die Justizreform in Israel fuhr ein Mann am Montagabend mit einem Fahrzeug in eine Menschenmenge. Dabei wurden drei Menschen verletzt. Der Vorfall ereignete sich nahe der Stadt Kfar Saba, etwa 16 Kilometer nord\u00f6stlich von Tel Aviv. In Israel wurden drei Menschen verletzt, als ein Autofahrer w\u00e4hrend einer Kundgebung gegen die h\u00f6chst [&hellip;]<\/p>\n","protected":false},"author":3,"featured_media":40768,"comment_status":"open","ping_status":"open","sticky":false,"template":"","format":"standard","meta":{"_yoast_indexnow_last_ping":["1690270378"],"wp_automatic_camp":["217"],"facedb1e594992ef76496f3a991db0f8":["Gewaltt\u00e4tige Proteste in Israel \u2013 Mann f\u00e4hrt mit Auto in Menschenmenge"],"original_link":["https:\/\/de.rt.com\/der-nahe-osten\/176106-gewalttaetige-proteste-in-israel-mann\/"],"_thumbnail_id":["40768"],"_wptgpro_p2tg_sent2tg":["a:1:{i:23737;s:19:\"2023-07-25 09:34:08\";}"],"jnews_social_counter_last_update":["1777660259"]},"categories":[19,23],"tags":[4109,23575,18559,432,8042,8458,419,3824],"yoast_head":"<!-- This site is optimized with the Yoast SEO Premium plugin v22.7 (Yoast SEO v22.7) - https:\/\/yoast.com\/wordpress\/plugins\/seo\/ -->\n<title>Gewaltt\u00e4tige Proteste in Israel \u2013 Mann f\u00e4hrt mit Auto in Menschenmenge - just-now.NEWS Deutschland<\/title>\n<meta name=\"robots\" content=\"index, follow, max-snippet:-1, max-image-preview:large, max-video-preview:-1\" \/>\n<link rel=\"canonical\" href=\"https:\/\/now-news.de\/de\/deutschland\/gewalttaetige-proteste-in-israel-mann-faehrt-mit-auto-in-menschenmenge\/\" \/>\n<meta property=\"og:locale\" content=\"de_DE\" \/>\n<meta property=\"og:type\" content=\"article\" \/>\n<meta property=\"og:title\" content=\"Gewaltt\u00e4tige Proteste in Israel \u2013 Mann f\u00e4hrt mit Auto in Menschenmenge\" \/>\n<meta property=\"og:description\" content=\"W\u00e4hrend der Proteste gegen die Justizreform in Israel fuhr ein Mann am Montagabend mit einem Fahrzeug in eine Menschenmenge. Dabei wurden drei Menschen verletzt. Der Vorfall ereignete sich nahe der Stadt Kfar Saba, etwa 16 Kilometer nord\u00f6stlich von Tel Aviv. In Israel wurden drei Menschen verletzt, als ein Autofahrer w\u00e4hrend einer Kundgebung gegen die h\u00f6chst [&hellip;]\" \/>\n<meta property=\"og:url\" content=\"https:\/\/now-news.de\/de\/deutschland\/gewalttaetige-proteste-in-israel-mann-faehrt-mit-auto-in-menschenmenge\/\" \/>\n<meta property=\"og:site_name\" content=\"just-now.NEWS Deutschland\" \/>\n<meta property=\"article:publisher\" content=\"https:\/\/www.facebook.com\/wirmachenauf\" \/>\n<meta property=\"article:published_time\" content=\"2023-07-25T07:31:53+00:00\" \/>\n<meta property=\"og:image\" content=\"https:\/\/now-news.de\/de\/wp-content\/uploads\/sites\/3\/2023\/07\/Gewalttaetige-Proteste-in-Israel-\u2013-Mann-faehrt-mit-Auto-in.jpg\" \/>\n\t<meta property=\"og:image:width\" content=\"460\" \/>\n\t<meta property=\"og:image:height\" content=\"259\" \/>\n\t<meta property=\"og:image:type\" content=\"image\/jpeg\" \/>\n<meta name=\"author\" content=\"rtnews\" \/>\n<meta name=\"twitter:card\" content=\"summary_large_image\" \/>\n<meta name=\"twitter:creator\" content=\"@WirMachenAuf_de\" \/>\n<meta name=\"twitter:site\" content=\"@WirMachenAuf_de\" \/>\n<meta name=\"twitter:label1\" content=\"Verfasst von\" \/>\n\t<meta name=\"twitter:data1\" content=\"rtnews\" \/>\n\t<meta name=\"twitter:label2\" content=\"Gesch\u00e4tzte Lesezeit\" \/>\n\t<meta name=\"twitter:data2\" content=\"3\u00a0Minuten\" \/>\n<script type=\"application\/ld+json\" class=\"yoast-schema-graph\">{\"@context\":\"https:\/\/schema.org\",\"@graph\":[{\"@type\":\"Article\",\"@id\":\"https:\/\/now-news.de\/de\/deutschland\/gewalttaetige-proteste-in-israel-mann-faehrt-mit-auto-in-menschenmenge\/#article\",\"isPartOf\":{\"@id\":\"https:\/\/now-news.de\/de\/deutschland\/gewalttaetige-proteste-in-israel-mann-faehrt-mit-auto-in-menschenmenge\/\"},\"author\":{\"name\":\"rtnews\",\"@id\":\"https:\/\/now-news.de\/de\/#\/schema\/person\/fb534a4e865501d8b3285208df34a9b5\"},\"headline\":\"Gewaltt\u00e4tige Proteste in Israel \u2013 Mann f\u00e4hrt mit Auto in Menschenmenge\",\"datePublished\":\"2023-07-25T07:31:53+00:00\",\"dateModified\":\"2023-07-25T07:31:53+00:00\",\"mainEntityOfPage\":{\"@id\":\"https:\/\/now-news.de\/de\/deutschland\/gewalttaetige-proteste-in-israel-mann-faehrt-mit-auto-in-menschenmenge\/\"},\"wordCount\":611,\"commentCount\":0,\"publisher\":{\"@id\":\"https:\/\/now-news.de\/de\/#organization\"},\"image\":{\"@id\":\"https:\/\/now-news.de\/de\/deutschland\/gewalttaetige-proteste-in-israel-mann-faehrt-mit-auto-in-menschenmenge\/#primaryimage\"},\"thumbnailUrl\":\"https:\/\/now-news.de\/de\/wp-content\/uploads\/sites\/3\/2023\/07\/Gewalttaetige-Proteste-in-Israel-\u2013-Mann-faehrt-mit-Auto-in.jpg\",\"keywords\":[\"Auto\",\"f\u00e4hrt\",\"Gewaltt\u00e4tige\",\"Israel\",\"Mann\",\"Menschenmenge\",\"mit\",\"Proteste\"],\"articleSection\":[\"Deutschland\",\"Russland\"],\"inLanguage\":\"de\",\"potentialAction\":[{\"@type\":\"CommentAction\",\"name\":\"Comment\",\"target\":[\"https:\/\/now-news.de\/de\/deutschland\/gewalttaetige-proteste-in-israel-mann-faehrt-mit-auto-in-menschenmenge\/#respond\"]}]},{\"@type\":\"WebPage\",\"@id\":\"https:\/\/now-news.de\/de\/deutschland\/gewalttaetige-proteste-in-israel-mann-faehrt-mit-auto-in-menschenmenge\/\",\"url\":\"https:\/\/now-news.de\/de\/deutschland\/gewalttaetige-proteste-in-israel-mann-faehrt-mit-auto-in-menschenmenge\/\",\"name\":\"Gewaltt\u00e4tige Proteste in Israel \u2013 Mann f\u00e4hrt mit Auto in Menschenmenge - just-now.NEWS Deutschland\",\"isPartOf\":{\"@id\":\"https:\/\/now-news.de\/de\/#website\"},\"primaryImageOfPage\":{\"@id\":\"https:\/\/now-news.de\/de\/deutschland\/gewalttaetige-proteste-in-israel-mann-faehrt-mit-auto-in-menschenmenge\/#primaryimage\"},\"image\":{\"@id\":\"https:\/\/now-news.de\/de\/deutschland\/gewalttaetige-proteste-in-israel-mann-faehrt-mit-auto-in-menschenmenge\/#primaryimage\"},\"thumbnailUrl\":\"https:\/\/now-news.de\/de\/wp-content\/uploads\/sites\/3\/2023\/07\/Gewalttaetige-Proteste-in-Israel-\u2013-Mann-faehrt-mit-Auto-in.jpg\",\"datePublished\":\"2023-07-25T07:31:53+00:00\",\"dateModified\":\"2023-07-25T07:31:53+00:00\",\"breadcrumb\":{\"@id\":\"https:\/\/now-news.de\/de\/deutschland\/gewalttaetige-proteste-in-israel-mann-faehrt-mit-auto-in-menschenmenge\/#breadcrumb\"},\"inLanguage\":\"de\",\"potentialAction\":[{\"@type\":\"ReadAction\",\"target\":[\"https:\/\/now-news.de\/de\/deutschland\/gewalttaetige-proteste-in-israel-mann-faehrt-mit-auto-in-menschenmenge\/\"]}]},{\"@type\":\"ImageObject\",\"inLanguage\":\"de\",\"@id\":\"https:\/\/now-news.de\/de\/deutschland\/gewalttaetige-proteste-in-israel-mann-faehrt-mit-auto-in-menschenmenge\/#primaryimage\",\"url\":\"https:\/\/now-news.de\/de\/wp-content\/uploads\/sites\/3\/2023\/07\/Gewalttaetige-Proteste-in-Israel-\u2013-Mann-faehrt-mit-Auto-in.jpg\",\"contentUrl\":\"https:\/\/now-news.de\/de\/wp-content\/uploads\/sites\/3\/2023\/07\/Gewalttaetige-Proteste-in-Israel-\u2013-Mann-faehrt-mit-Auto-in.jpg\",\"width\":460,\"height\":259,\"caption\":\"Gewaltt\u00e4tige Proteste in Israel \u2013 Mann f\u00e4hrt mit Auto in Menschenmenge\"},{\"@type\":\"BreadcrumbList\",\"@id\":\"https:\/\/now-news.de\/de\/deutschland\/gewalttaetige-proteste-in-israel-mann-faehrt-mit-auto-in-menschenmenge\/#breadcrumb\",\"itemListElement\":[{\"@type\":\"ListItem\",\"position\":1,\"name\":\"Home\",\"item\":\"https:\/\/now-news.de\/de\/\"},{\"@type\":\"ListItem\",\"position\":2,\"name\":\"Gewaltt\u00e4tige Proteste in Israel \u2013 Mann f\u00e4hrt mit Auto in Menschenmenge\"}]},{\"@type\":\"WebSite\",\"@id\":\"https:\/\/now-news.de\/de\/#website\",\"url\":\"https:\/\/now-news.de\/de\/\",\"name\":\"just-now.NEWS Deutschland\",\"description\":\"Das Portal f\u00fcr unzensierte Nachrichten aus der Welt\",\"publisher\":{\"@id\":\"https:\/\/now-news.de\/de\/#organization\"},\"potentialAction\":[{\"@type\":\"SearchAction\",\"target\":{\"@type\":\"EntryPoint\",\"urlTemplate\":\"https:\/\/now-news.de\/de\/?s={search_term_string}\"},\"query-input\":\"required name=search_term_string\"}],\"inLanguage\":\"de\"},{\"@type\":\"Organization\",\"@id\":\"https:\/\/now-news.de\/de\/#organization\",\"name\":\"Just Now News\",\"url\":\"https:\/\/now-news.de\/de\/\",\"logo\":{\"@type\":\"ImageObject\",\"inLanguage\":\"de\",\"@id\":\"https:\/\/now-news.de\/de\/#\/schema\/logo\/image\/\",\"url\":\"http:\/\/just-now.news\/de\/wp-content\/uploads\/sites\/3\/2022\/04\/logo500x500.jpg\",\"contentUrl\":\"http:\/\/just-now.news\/de\/wp-content\/uploads\/sites\/3\/2022\/04\/logo500x500.jpg\",\"width\":500,\"height\":500,\"caption\":\"Just Now News\"},\"image\":{\"@id\":\"https:\/\/now-news.de\/de\/#\/schema\/logo\/image\/\"},\"sameAs\":[\"https:\/\/www.facebook.com\/wirmachenauf\",\"https:\/\/x.com\/WirMachenAuf_de\"]},{\"@type\":\"Person\",\"@id\":\"https:\/\/now-news.de\/de\/#\/schema\/person\/fb534a4e865501d8b3285208df34a9b5\",\"name\":\"rtnews\",\"image\":{\"@type\":\"ImageObject\",\"inLanguage\":\"de\",\"@id\":\"https:\/\/now-news.de\/de\/#\/schema\/person\/image\/\",\"url\":\"https:\/\/secure.gravatar.com\/avatar\/82aafea7d8127119dd649515f56e2117?s=96&d=mm&r=g\",\"contentUrl\":\"https:\/\/secure.gravatar.com\/avatar\/82aafea7d8127119dd649515f56e2117?s=96&d=mm&r=g\",\"caption\":\"rtnews\"},\"url\":\"https:\/\/now-news.de\/de\/author\/rnews\/\"}]}<\/script>\n<!-- \/ Yoast SEO Premium plugin. -->","yoast_head_json":{"title":"Gewaltt\u00e4tige Proteste in Israel \u2013 Mann f\u00e4hrt mit Auto in Menschenmenge - just-now.NEWS Deutschland","robots":{"index":"index","follow":"follow","max-snippet":"max-snippet:-1","max-image-preview":"max-image-preview:large","max-video-preview":"max-video-preview:-1"},"canonical":"https:\/\/now-news.de\/de\/deutschland\/gewalttaetige-proteste-in-israel-mann-faehrt-mit-auto-in-menschenmenge\/","og_locale":"de_DE","og_type":"article","og_title":"Gewaltt\u00e4tige Proteste in Israel \u2013 Mann f\u00e4hrt mit Auto in Menschenmenge","og_description":"W\u00e4hrend der Proteste gegen die Justizreform in Israel fuhr ein Mann am Montagabend mit einem Fahrzeug in eine Menschenmenge. Dabei wurden drei Menschen verletzt. Der Vorfall ereignete sich nahe der Stadt Kfar Saba, etwa 16 Kilometer nord\u00f6stlich von Tel Aviv. In Israel wurden drei Menschen verletzt, als ein Autofahrer w\u00e4hrend einer Kundgebung gegen die h\u00f6chst [&hellip;]","og_url":"https:\/\/now-news.de\/de\/deutschland\/gewalttaetige-proteste-in-israel-mann-faehrt-mit-auto-in-menschenmenge\/","og_site_name":"just-now.NEWS Deutschland","article_publisher":"https:\/\/www.facebook.com\/wirmachenauf","article_published_time":"2023-07-25T07:31:53+00:00","og_image":[{"width":460,"height":259,"url":"https:\/\/now-news.de\/de\/wp-content\/uploads\/sites\/3\/2023\/07\/Gewalttaetige-Proteste-in-Israel-\u2013-Mann-faehrt-mit-Auto-in.jpg","type":"image\/jpeg"}],"author":"rtnews","twitter_card":"summary_large_image","twitter_creator":"@WirMachenAuf_de","twitter_site":"@WirMachenAuf_de","twitter_misc":{"Verfasst von":"rtnews","Gesch\u00e4tzte Lesezeit":"3\u00a0Minuten"},"schema":{"@context":"https:\/\/schema.org","@graph":[{"@type":"Article","@id":"https:\/\/now-news.de\/de\/deutschland\/gewalttaetige-proteste-in-israel-mann-faehrt-mit-auto-in-menschenmenge\/#article","isPartOf":{"@id":"https:\/\/now-news.de\/de\/deutschland\/gewalttaetige-proteste-in-israel-mann-faehrt-mit-auto-in-menschenmenge\/"},"author":{"name":"rtnews","@id":"https:\/\/now-news.de\/de\/#\/schema\/person\/fb534a4e865501d8b3285208df34a9b5"},"headline":"Gewaltt\u00e4tige Proteste in Israel \u2013 Mann f\u00e4hrt mit Auto in Menschenmenge","datePublished":"2023-07-25T07:31:53+00:00","dateModified":"2023-07-25T07:31:53+00:00","mainEntityOfPage":{"@id":"https:\/\/now-news.de\/de\/deutschland\/gewalttaetige-proteste-in-israel-mann-faehrt-mit-auto-in-menschenmenge\/"},"wordCount":611,"commentCount":0,"publisher":{"@id":"https:\/\/now-news.de\/de\/#organization"},"image":{"@id":"https:\/\/now-news.de\/de\/deutschland\/gewalttaetige-proteste-in-israel-mann-faehrt-mit-auto-in-menschenmenge\/#primaryimage"},"thumbnailUrl":"https:\/\/now-news.de\/de\/wp-content\/uploads\/sites\/3\/2023\/07\/Gewalttaetige-Proteste-in-Israel-\u2013-Mann-faehrt-mit-Auto-in.jpg","keywords":["Auto","f\u00e4hrt","Gewaltt\u00e4tige","Israel","Mann","Menschenmenge","mit","Proteste"],"articleSection":["Deutschland","Russland"],"inLanguage":"de","potentialAction":[{"@type":"CommentAction","name":"Comment","target":["https:\/\/now-news.de\/de\/deutschland\/gewalttaetige-proteste-in-israel-mann-faehrt-mit-auto-in-menschenmenge\/#respond"]}]},{"@type":"WebPage","@id":"https:\/\/now-news.de\/de\/deutschland\/gewalttaetige-proteste-in-israel-mann-faehrt-mit-auto-in-menschenmenge\/","url":"https:\/\/now-news.de\/de\/deutschland\/gewalttaetige-proteste-in-israel-mann-faehrt-mit-auto-in-menschenmenge\/","name":"Gewaltt\u00e4tige Proteste in Israel \u2013 Mann f\u00e4hrt mit Auto in Menschenmenge - just-now.NEWS Deutschland","isPartOf":{"@id":"https:\/\/now-news.de\/de\/#website"},"primaryImageOfPage":{"@id":"https:\/\/now-news.de\/de\/deutschland\/gewalttaetige-proteste-in-israel-mann-faehrt-mit-auto-in-menschenmenge\/#primaryimage"},"image":{"@id":"https:\/\/now-news.de\/de\/deutschland\/gewalttaetige-proteste-in-israel-mann-faehrt-mit-auto-in-menschenmenge\/#primaryimage"},"thumbnailUrl":"https:\/\/now-news.de\/de\/wp-content\/uploads\/sites\/3\/2023\/07\/Gewalttaetige-Proteste-in-Israel-\u2013-Mann-faehrt-mit-Auto-in.jpg","datePublished":"2023-07-25T07:31:53+00:00","dateModified":"2023-07-25T07:31:53+00:00","breadcrumb":{"@id":"https:\/\/now-news.de\/de\/deutschland\/gewalttaetige-proteste-in-israel-mann-faehrt-mit-auto-in-menschenmenge\/#breadcrumb"},"inLanguage":"de","potentialAction":[{"@type":"ReadAction","target":["https:\/\/now-news.de\/de\/deutschland\/gewalttaetige-proteste-in-israel-mann-faehrt-mit-auto-in-menschenmenge\/"]}]},{"@type":"ImageObject","inLanguage":"de","@id":"https:\/\/now-news.de\/de\/deutschland\/gewalttaetige-proteste-in-israel-mann-faehrt-mit-auto-in-menschenmenge\/#primaryimage","url":"https:\/\/now-news.de\/de\/wp-content\/uploads\/sites\/3\/2023\/07\/Gewalttaetige-Proteste-in-Israel-\u2013-Mann-faehrt-mit-Auto-in.jpg","contentUrl":"https:\/\/now-news.de\/de\/wp-content\/uploads\/sites\/3\/2023\/07\/Gewalttaetige-Proteste-in-Israel-\u2013-Mann-faehrt-mit-Auto-in.jpg","width":460,"height":259,"caption":"Gewaltt\u00e4tige Proteste in Israel \u2013 Mann f\u00e4hrt mit Auto in Menschenmenge"},{"@type":"BreadcrumbList","@id":"https:\/\/now-news.de\/de\/deutschland\/gewalttaetige-proteste-in-israel-mann-faehrt-mit-auto-in-menschenmenge\/#breadcrumb","itemListElement":[{"@type":"ListItem","position":1,"name":"Home","item":"https:\/\/now-news.de\/de\/"},{"@type":"ListItem","position":2,"name":"Gewaltt\u00e4tige Proteste in Israel \u2013 Mann f\u00e4hrt mit Auto in Menschenmenge"}]},{"@type":"WebSite","@id":"https:\/\/now-news.de\/de\/#website","url":"https:\/\/now-news.de\/de\/","name":"just-now.NEWS Deutschland","description":"Das Portal f\u00fcr unzensierte Nachrichten aus der Welt","publisher":{"@id":"https:\/\/now-news.de\/de\/#organization"},"potentialAction":[{"@type":"SearchAction","target":{"@type":"EntryPoint","urlTemplate":"https:\/\/now-news.de\/de\/?s={search_term_string}"},"query-input":"required name=search_term_string"}],"inLanguage":"de"},{"@type":"Organization","@id":"https:\/\/now-news.de\/de\/#organization","name":"Just Now News","url":"https:\/\/now-news.de\/de\/","logo":{"@type":"ImageObject","inLanguage":"de","@id":"https:\/\/now-news.de\/de\/#\/schema\/logo\/image\/","url":"http:\/\/just-now.news\/de\/wp-content\/uploads\/sites\/3\/2022\/04\/logo500x500.jpg","contentUrl":"http:\/\/just-now.news\/de\/wp-content\/uploads\/sites\/3\/2022\/04\/logo500x500.jpg","width":500,"height":500,"caption":"Just Now News"},"image":{"@id":"https:\/\/now-news.de\/de\/#\/schema\/logo\/image\/"},"sameAs":["https:\/\/www.facebook.com\/wirmachenauf","https:\/\/x.com\/WirMachenAuf_de"]},{"@type":"Person","@id":"https:\/\/now-news.de\/de\/#\/schema\/person\/fb534a4e865501d8b3285208df34a9b5","name":"rtnews","image":{"@type":"ImageObject","inLanguage":"de","@id":"https:\/\/now-news.de\/de\/#\/schema\/person\/image\/","url":"https:\/\/secure.gravatar.com\/avatar\/82aafea7d8127119dd649515f56e2117?s=96&d=mm&r=g","contentUrl":"https:\/\/secure.gravatar.com\/avatar\/82aafea7d8127119dd649515f56e2117?s=96&d=mm&r=g","caption":"rtnews"},"url":"https:\/\/now-news.de\/de\/author\/rnews\/"}]}},"_links":{"self":[{"href":"https:\/\/now-news.de\/de\/wp-json\/wp\/v2\/posts\/40767"}],"collection":[{"href":"https:\/\/now-news.de\/de\/wp-json\/wp\/v2\/posts"}],"about":[{"href":"https:\/\/now-news.de\/de\/wp-json\/wp\/v2\/types\/post"}],"author":[{"embeddable":true,"href":"https:\/\/now-news.de\/de\/wp-json\/wp\/v2\/users\/3"}],"replies":[{"embeddable":true,"href":"https:\/\/now-news.de\/de\/wp-json\/wp\/v2\/comments?post=40767"}],"version-history":[{"count":0,"href":"https:\/\/now-news.de\/de\/wp-json\/wp\/v2\/posts\/40767\/revisions"}],"wp:featuredmedia":[{"embeddable":true,"href":"https:\/\/now-news.de\/de\/wp-json\/wp\/v2\/media\/40768"}],"wp:attachment":[{"href":"https:\/\/now-news.de\/de\/wp-json\/wp\/v2\/media?parent=40767"}],"wp:term":[{"taxonomy":"category","embeddable":true,"href":"https:\/\/now-news.de\/de\/wp-json\/wp\/v2\/categories?post=40767"},{"taxonomy":"post_tag","embeddable":true,"href":"https:\/\/now-news.de\/de\/wp-json\/wp\/v2\/tags?post=40767"}],"curies":[{"name":"wp","href":"https:\/\/api.w.org\/{rel}","templated":true}]}}