{"id":40743,"date":"2023-07-24T17:33:48","date_gmt":"2023-07-24T15:33:48","guid":{"rendered":"https:\/\/just-now.news\/de\/deutschland\/will-die-uno-die-totale-digitalisierung\/"},"modified":"2023-07-24T17:33:48","modified_gmt":"2023-07-24T15:33:48","slug":"will-die-uno-die-totale-digitalisierung","status":"publish","type":"post","link":"https:\/\/now-news.de\/de\/deutschland\/will-die-uno-die-totale-digitalisierung\/","title":{"rendered":"Will die UNO die totale Digitalisierung?"},"content":{"rendered":"<p><img decoding=\"async\" src=\"http:\/\/just-now.news\/de\/wp-content\/uploads\/sites\/3\/2023\/07\/64be990148fbef1de97443b6.jpg\" \/><\/p>\n<div class=\"Text-root Text-type_1 \">\n                Putin hat mit der milit\u00e4rischen Spezialoperation in der Ukraine ab Februar 2022 schlagartig die globale Coronakrise beendet. W\u00e4hrend der Wertewesten gegen\u00fcber Moskau mit seinem Dank hierf\u00fcr noch hadert, l\u00e4uft die UNO-Globalisierungsagenda andernorts trotzig weiter.\n            <\/div>\n<p><\/p>\n<div class=\"Text-root Text-type_5 ArticleView-text ViewText-root \">\n<p><em>Von Elem Chintsky<\/em><\/p>\n<p>Die &#8220;aufregendsten und besten&#8221; Diktate kommen von nicht gew\u00e4hlten und vom jeweiligen Volk nicht legitimierten Gremien. Im Zeitalter des international angetriebenen Souver\u00e4nit\u00e4tsabbaus soll die Devise hei\u00dfen, sich zumindest mit den Agenden supranationaler F\u00fchrungsorgane auseinanderzusetzen. Denn diese ersuchen weiterhin den nationalen Regierungen der Welt vorzuschreiben, was sie zu tun oder zu lassen haben.<\/p>\n<p>So auch eines der neuesten Projekte der scheinbar pers\u00f6nlich von UNO-Generalsekret\u00e4r Ant\u00f3nio Guterres betreuten Initiative namens Global Digital Compact \u2013 zu Deutsch: Globaler Digital-Pakt. Das begleitende Thesenpapier vom Mai 2023, mit dem harmlosen Titel A Global Digital Compact \u2014 an Open, Free and Secure Digital Future for All,\u00a0<a rel=\"nofollow noopener\" target=\"_blank\" href=\"https:\/\/www.un.org\/sites\/un2.un.org\/files\/our-common-agenda-policy-brief-gobal-digi-compact-en.pdf\">findet man hier.<\/a><\/p>\n<p><strong>Offizielle Ziele und die eigentlichen Absichten\u00a0<\/strong><\/p>\n<p>Vier Jahre soll an diesem Digital-Pakt gearbeitet worden sein, was auch hei\u00dfen w\u00fcrde, dass die gesamte COVID-Pandemie-\u00c4ra in dieser Inkubationszeit inbegriffen war. Nicht unwichtig, wenn man bedenkt, dass die Coronakrise in Sachen Digitalisierung enorme Fortschritte erm\u00f6glicht hat. IT-Monopolisten wie Google, Meta, Microsoft, Apple oder Amazon waren in der Vorantreibung eines einheitlichen, zentralisierten Internets, auf das immer mehr Menschen angewiesen waren, die mit Abstand gr\u00f6\u00dften Profiteure und Klienten-Sammler des knapp \u00fcber zwei Jahre andauernden Ausnahmezustands. Dieser Trend l\u00e4uft weiter, hatte aber in dieser Zeit eine beispiellose exponentielle Beschleunigung erlebt.<\/p>\n<p>Laut Guterres soll jeder Mensch auf der Erde mit dem Internet verbunden sein. Bisher sind es lediglich 63,5 Prozent der Weltbev\u00f6lkerung, die &#8220;angeschlossen&#8221; sind. Diese Tatsache soll ma\u00dfgeblich f\u00fcr die \u00f6konomische Ungleichheit auf der Welt verantwortlich sein. Statt von digitaler Kontrolle zu sprechen, wird das Schlagwort &#8220;Ungleichheit&#8221; herangezogen. Dass all das neu gedruckte Fiat-Geld der Zentralbanken \u2013 mit den kaum steigenden L\u00f6hnen, der wachsenden Preisinflation und schwindenden Kaufkraft des Geldes sowie der immer weiter steigenden Steuerlast \u2013 die eigentlichen Gr\u00fcnde f\u00fcr die \u00f6konomische Ungleichheit sind, verpasst Guterres zu erw\u00e4hnen.<\/p>\n<p>Das Ph\u00e4nomen der Hyper-Digitalisierung, die w\u00e4hrend der Pandemie stattfand, sieht Guterres als w\u00fcrdige Schablone \u2013 der weiteren Nachahmung wert. Allgemein geht es bei dem globalen Digital-Pakt um die Umsetzung vieler der 17 Grundziele aus der\u00a0<a rel=\"nofollow noopener\" target=\"_blank\" href=\"https:\/\/sdgs.un.org\/2030agenda\">Agenda 2030<\/a>. Sie wurden nat\u00fcrlich noch nicht erreicht und bed\u00fcrfen supranationaler Rechtsgrundlagen, die ebendieser Pakt liefern soll. Guterres sieht ihn als unabdingbar an, um die &#8220;n\u00f6tige Governance f\u00fcr eine nachhaltige digitale Zukunft&#8221; zu erreichen. Im dechiffrierten Neusprech bedeutet der Begriff &#8220;Governance&#8221; in diesem globalen Kontext stets zentralisierte &#8220;Kontrolle&#8221;.<\/p>\n<p>W\u00e4hrend es von den internationalen Leitmedien bisher\u00a0<a rel=\"nofollow noopener\" target=\"_blank\" href=\"https:\/\/apnews.com\/article\/fact-check-climate-change-greenhouse-emissions-eu-730625706797\">dementiert wird<\/a>, dass supranationale Einrichtungen einen &#8220;individuellen Kohlenstoff-Fu\u00dfabdruck-Tracker&#8221;\u00a0 planen, ist da der private Sektor mit dieser Ank\u00fcndigung gro\u00dfz\u00fcgiger: Im Sommer 2022 hatte n\u00e4mlich der Pr\u00e4sident des chinesischen Gro\u00dfkonzerns Alibaba Group, J. Michael Evans, genau das bei einem WEF-Treffen\u00a0<a rel=\"nofollow noopener\" target=\"_blank\" href=\"https:\/\/youtu.be\/tqiz4g8LdoM?t=1779\">in Aussicht gestellt<\/a>. Es sei noch nicht umgesetzt, aber die Technologie sei da und man arbeite weiter daran \u2013 sicherlich in Symbiose mit dem &#8220;noch freiwilligen&#8221;\u00a0<a rel=\"nofollow noopener\" target=\"_blank\" href=\"https:\/\/offset.climateneutralnow.org\/footprintcalc\">UNO-Rechner f\u00fcr den Kohlenstoff-Fu\u00dfabdruck<\/a>.<\/p>\n<p>So ist ein weiteres der Ziele die unmissverst\u00e4ndliche Einf\u00fchrung einer digitalen Identit\u00e4t f\u00fcr jeden einzelnen Menschen, die zentralistisch und quer \u00fcber alle \u00f6ffentlichen Einrichtungen, Institutionen und \u00c4mter aller L\u00e4nder vernetzt und geeicht wurde. Ein weiterer Wunsch ist die Einf\u00fchrung der CBDCs, also der digitalen Zentralbankenw\u00e4hrungen, die das heutige Fiatsystem abl\u00f6sen sollen. Vollkommen zentralisiertes Digitalgeld, das totale \u00dcberwachung, Kontrolle und Transparenz einer jeden Transaktion gew\u00e4hrleistet \u2013 nicht nur f\u00fcr die penible Z\u00e4hlung von ausgesto\u00dfenem Kohlenstoffdioxid-Molek\u00fclen.<\/p>\n<p><strong>Ein Guterres in Davos<\/strong><\/p>\n<p><a rel=\"nofollow noopener\" target=\"_blank\" href=\"https:\/\/www.youtube.com\/watch?v=0fa2_-fetKc\">In seiner Rede<\/a>\u00a0beim World Economic Forum (WEF) im Januar 2023 hatte Ant\u00f3nio Guterres ziemlich klar eingestanden, dass das WEF die Vereinten Nationen anleitet, die &#8220;Sustainable Development Goals&#8221; (SDG) \u2013\u00a0 auch &#8220;Ziele f\u00fcr nachhaltige Entwicklung&#8221; genannt \u2013 \u00fcber die Mechanismen des\u00a0<a rel=\"nofollow noopener\" target=\"_blank\" href=\"https:\/\/www.investopedia.com\/terms\/e\/environmental-social-and-governance-esg-criteria.asp\">Environmental Social and Governance Investment (ESG)<\/a>\u00a0zu implementieren. Was hei\u00dft das aber? Grob erfasst bedeutet das, dass das WEF den ausf\u00fchrenden privaten Sektor der UNO darstellt und so die &#8220;gr\u00fcnen, nachhaltigen Investitionen&#8221; versucht durchsetzen. Aber laut Guterres immer noch nicht gr\u00fcndlich und weitreichend genug. Der private Sektor z\u00f6gert immer mehr, w\u00e4hrend der \u00f6ffentliche Sektor ungehindert mitzieht. Letzteres bedeutet, dass trotz vernommener Versp\u00e4tung im Zeitplan einige Ziele von der UNO trotzdem durchgesetzt werden k\u00f6nnen.<\/p>\n<p>Das Beispiel \u00fcber die\u00a0<a rel=\"nofollow noopener\" target=\"_blank\" href=\"https:\/\/www.biometricupdate.com\/202306\/united-nations-taking-over-eu-covid-certificate-program-july-1\">j\u00fcngste UNO-\u00dcbernahme<\/a>\u00a0des EU-Covid-Zertifikats f\u00fcr die Einf\u00fchrung eines &#8220;digitalen Weltgesundheitspasses&#8221; zeigt, dass Prozesse diesbez\u00fcglich weiterhin am Laufen sind. Der &#8220;digitale Weltgesundheitspass&#8221; k\u00f6nnte ein Vorreiter f\u00fcr einen sp\u00e4teren generellen digitalen &#8220;Identit\u00e4tsausweis&#8221; stellen.<\/p>\n<p>Die beim WEF anwesenden Politiker rief Guterres dazu auf, den kontr\u00e4r gestimmten Volkswillen in ihren L\u00e4ndern so weit zu ignorieren, um zumindest vonseiten des \u00f6ffentlichen Sektors keine weiteren Verz\u00f6gerungen hinnehmen zu m\u00fcssen. In dem Dokument des Digital-Paktes antizipiert Guterres, dass es durchaus Individuen oder Gruppen geben k\u00f6nnte, die sich einer digitalen Gleichschaltung und Synchronisierung vehement widersetzen k\u00f6nnten. An dieser Stelle lautet sein L\u00f6sungsansatz, dass die Regierungen der UNO-Mitgliedsstaaten die geplante &#8220;digitale Identit\u00e4t&#8221; zur Bedingung machen, um anschlie\u00dfend am Gesundheitssystem teilnehmen zu d\u00fcrfen. Dieser erpressende Anreiz wurde bereits in L\u00e4ndern wie Deutschland am Beispiel der offiziell zwar nicht existenten, aber per Gewohnheitsrecht aggressiv implementierten &#8220;Impfpflicht&#8221; massenhaft erprobt. Neben der Nutzung des Gesundheitssystems mit einem solchen &#8220;Digital-Ausweis&#8221;, nennt Guterres in seinem Papier auch &#8220;Ausbildungs- und Kultureinrichtungen&#8221; als m\u00f6gliche weitere Institutionen, wo eine &#8220;digitale Identit\u00e4t&#8221; obligatorisch werden k\u00f6nnte.<\/p>\n<p>Die schwer von der Hand zu weisende, unheilige Symbiose zwischen dem privaten Sektor im WEF und der UNO zeigt, dass im schlimmsten Fall die vermeintlich unvoreingenommenen, neutralen Vereinten Nationen als Organisation der westlichen Oligarchie untergeordnet sind. Im besten Fall gehen sie einvernehmlich vor. Es sei noch ein weiteres Mal betont: Hierf\u00fcr ist kein direktes Mandat vom Volk \u2013 von auch nur einem registrierten B\u00fcrger des &#8220;freien Westens&#8221; oder sonst wo \u2013 direkt verliehen worden. Bei den nationalen Wahlkampagnen innerhalb der EU der letzten Jahrzehnte werden diese Aspekte selten bis gar nicht thematisiert.<\/p>\n<p><strong>Die falsche Dichotomie<\/strong><\/p>\n<p>In der Unterst\u00fctzung und erfolgreichen Umsetzung dieser zentralisierenden Digitalisierungsagenda kategorisiert Guterres zwischen zwei gro\u00dfen Sph\u00e4ren: Den M\u00fchen des \u00f6ffentlichen Sektors, also aller Regierungen der UNO-Mitglieder \u2013 sowie des internationalen privaten Sektors \u2013 die Finanzoligarchie, die IT-Monopole, der milit\u00e4risch-industrielle Komplex, die Big-Pharma-Industrie, welche sich allesamt effizient im WEF geb\u00fcndelt haben. Die immer weiter wachsenden B\u00fcrokratien der Nationalregierungen zeigen, dass sie an immer gr\u00f6\u00dferer Kontrolle und Bevormundung ihrer Subjekte interessiert sind, w\u00e4hrend die Erfolgsgeschichte des privaten Sektors eindringlich suggeriert, dass er aus immer weiter steigenden Profiten seine Motivation bezieht.<\/p>\n<p>F\u00fcr die einen gibt es h\u00f6rige, von Pandemien ver\u00e4ngstigte Staatssubjekte, f\u00fcr die anderen die sinnesbet\u00e4ubte Konsumenten- und Klientenkaste. Die Synergetik zwischen Kontrolle und Profit erlebt aber oft Umkehrungen. Eine stets steigende Steuerlast und die Erfindung immer neuerer Steuern beweisen, dass es auch im \u00f6ffentlichen Sektor durchaus Profitgier gibt. Wobei die immer transparenter werdenden politischen und ideologischen Agenden innerhalb der privaten Unterhaltungsbranche von einem Wunsch, kognitive Kontrolle und Umerziehung zu gew\u00e4hrleisten, gespickt sind. Wie man es auch dreht, der \u00f6ffentliche und private Sektor ist bereits zu intim verwoben, als dass man da irgendwie auf eine gem\u00e4\u00dfigte Reform hoffen k\u00f6nnte, wie das Parteisponsoring der SPD durch den Impfstoffhersteller Pfizer in der Vergangenheit sehr gut\u00a0<a rel=\"nofollow noopener\" target=\"_blank\" href=\"https:\/\/www.cicero.de\/innenpolitik\/sponsoring-auf-dem-spd-parteitag-rent-a-sozi-lauterbach-pfizer-impfkampagne-booster\">zeigte<\/a>.<\/p>\n<p>Der UNO-Generalsekret\u00e4r wird sicher auch von manchen Instanzen zu ungeduldig vernommen, da er vom \u00f6ffentlichen sowie privaten Sektor eine volle Datenfreigabe erwartet. Diese br\u00e4uchte seine eigene Einrichtung, um eine gr\u00fcndliche und l\u00fcckenlose Analyse und Bewertung der Kohlenstoffdioxid-relevanten Handlungen aller Menschen auf der Erde zuzulassen.<\/p>\n<p>Anschlie\u00dfend widmet sich Guterres im Digital-Pakt seinem passionierten Sorgenkind namens &#8220;Online-Sicherheit&#8221;, die selbstverst\u00e4ndlich de facto &#8220;Internetzensur&#8221; repr\u00e4sentiert. Diese laufe laut ihm auch allzu schleppend, indem er auf Seite 9 seines Manifests klagt: &#8220;Die offene, sichere Nutzung des Internets entgleitet uns \u2013 m\u00f6glicherweise dauerhaft.&#8221; Daraufhin verspricht er, dass, wenn seine allumfassende Internetzensur erfolgreich umgesetzt wird und ein &#8220;offenes und freies Internet&#8221; hervorbringt, Cyber-Verbrechen, herk\u00f6mmliche Verbrechen, Desinformation und Hassrede, die \u00fcber das heutige Internet koordiniert werden, ein Relikt der Vergangenheit werden w\u00fcrden.\u00a0<\/p>\n<p>Statt so wehleidig \u00fcber das klassisch zug\u00e4ngliche Internet zu klagen, das ihm zu viel Rede-, Meinungs- und Gewissensfreiheit zul\u00e4sst, sollte Guterres auf den gr\u00f6\u00dften B\u00fchnen der Welt beginnen, \u00fcber den Menschenhandel und den systemischen sexuellen Kindesmissbrauch, den das &#8220;Dark Web&#8221; erm\u00f6glicht, zu wettern. Hierf\u00fcr ein enormes UNO-Budget zu sammeln, welches konkret eingesetzt wird f\u00fcr die Ermittlung, Ahndung, Verhaftung und Bestrafung von Menschenh\u00e4ndlern, P\u00e4dophilen, Kindersch\u00e4ndern und Kinderm\u00f6rdern. Zivilisatorisch ist das die dringlichste Angelegenheit \u00fcberhaupt. Eine, welche mit hoher Sicherheit ihr volles Bek\u00e4mpfungspotenzial noch nicht einmal im Ansatz erreicht hat, wenn man das von der perfiden Nachfrage f\u00fcr diese Art Verbrechen angetriebene exponentielle Wachstum ber\u00fccksichtigt.<\/p>\n<p>Dabei ist es\u00a0<a rel=\"nofollow noopener\" target=\"_blank\" href=\"https:\/\/www.unodc.org\/unodc\/en\/press\/releases\/2023\/January\/global-report-on-trafficking-in-persons-2022.html\">ein Bericht<\/a>\u00a0aus Guterres eigenem Hause, der besagt, dass durchs Internet erm\u00f6glichter sexueller Missbrauch ausgerechnet w\u00e4hrend der Pandemie und ihrer glorreichen &#8220;Digitalisierung&#8221; stark angestiegen ist. Es ist also nicht so, dass die UNO sich vor\u00a0<a rel=\"nofollow noopener\" target=\"_blank\" href=\"https:\/\/www.unodc.org\/e4j\/zh\/cybercrime\/module-12\/key-issues\/online-child-sexual-exploitation-and-abuse.html\">einer Systematisierung<\/a>\u00a0dieses Problems verweigert \u2013 aber die Priorit\u00e4ten auf globaler Ebene sind eindeutig vollkommen falsch gesetzt.<\/p>\n<p><strong>Die Deadline dr\u00fcckt<\/strong><\/p>\n<p>Bereits jetzt sieht man in Teilen der westlichen Zivilbev\u00f6lkerung einen als Wettlauf vernommenen &#8220;Kampf ums kollektive \u00dcberleben&#8221;, den die deutschen Systemmedien im Rahmen der Klimarettung-Narrative bisher\u00a0<a rel=\"nofollow noopener\" target=\"_blank\" href=\"https:\/\/www.tagesspiegel.de\/politik\/sind-funf-monate-haft-fur-klima-aktivisten-zu-viel-die-angeklagten-beeindruckt-nichts-anderes-9696851.html\">ausgesprochen wohlwollend<\/a>\u00a0in ihrer Berichterstattung begleiten. Auch die deutsche Justiz scheint oft sichtlich\u00a0<a rel=\"nofollow noopener\" target=\"_blank\" href=\"https:\/\/www.24rhein.de\/koeln\/klimaaktivisten-letzte-generation-koeln-mildes-urteil-richterin-hat-sympathien-92164298.html\">voreingenommen zu sein<\/a>\u00a0in ihrer Deutung der Verbrechen der Klimaaktivisten. In den h\u00e4rtesten F\u00e4llen sind sich zu guter Letzt Leitmedien sowie Justiz\u00a0<a rel=\"nofollow noopener\" target=\"_blank\" href=\"https:\/\/www.rbb24.de\/panorama\/beitrag\/2023\/04\/berlin-radfahrerin-tod-klima-aktivisten-rettungseinsatz-keine-verantwortung.html\">einig<\/a>, dass &#8220;die Klimaaktivisten keine Schuld trifft&#8221;.<\/p>\n<p>Guterres Zeitplan f\u00fcr seinen Digital-Pakt ist sehr ambitioniert und hat kleinere und gr\u00f6\u00dfere Deadlines f\u00fcr die Implementierung dieser zentralisierenden &#8220;Gro\u00df-Digitalisierung&#8221;. Bis September 2024, w\u00e4hrend des &#8220;<a rel=\"nofollow noopener\" target=\"_blank\" href=\"https:\/\/www.worldfuturecouncil.org\/de\/un-summit-of-the-future\/\">Summit of the Future<\/a>&#8221;\u00a0w\u00fcnscht sich der UNO-Generalsekret\u00e4r, dass alle UNO-Mitgliedsl\u00e4nder den Pakt angenommen oder sogar ratifiziert haben. Alles soll der globalen Gro\u00dfagenda 2030 \u2013\u00a0<a rel=\"nofollow noopener\" target=\"_blank\" href=\"https:\/\/sdgs.un.org\/2030agenda\">Agenda for Sustainable Development 2030<\/a>\u00a0\u2013 untergeordnet und verpflichtet bleiben. Werden da die in den einzelnen UNO-Mitgliedstaaten verteilten Wahlurnen wom\u00f6glich doch noch ein Wort mitzureden haben?<\/p>\n<p>Guterres hat die von den BRICS-Staaten erstrebte Multipolarit\u00e4t und Abkopplung von dem US-Dollar-System nicht beim Namen genannt. Er sorgte sich aber bei\u00a0<a rel=\"nofollow noopener\" target=\"_blank\" href=\"https:\/\/www.youtube.com\/watch?v=0fa2_-fetKc\">seiner WEF-Rede<\/a>\u00a0um eine sogenannte &#8220;<a rel=\"nofollow noopener\" target=\"_blank\" href=\"https:\/\/de.wikipedia.org\/wiki\/Thukydides-Falle\">Thukydides-Falle<\/a>&#8220;. Diese politologische These besagt, dass die versuchte Abl\u00f6sung eines absteigenden Hegemons (die USA) durch einen aufstrebenden Hegemon (China) einen gro\u00dfen Krieg ausl\u00f6sen w\u00fcrde. Au\u00dferdem w\u00e4ren mindestens zwei verschiedene Internets, zwei verschiedene internationale Finanz-Systeme und dergleichen, die f\u00fcr Guterres Furcht einfl\u00f6\u00dfende Folge. Die UNO h\u00e4lt weiterhin an einer unipolaren, US-dominierten Zentralisierung fest und sieht die von Moskau und Peking betriebene Entwicklung als bedrohliche Anti-These an. Zumindest auf den ersten Blick. Wie die tats\u00e4chliche Synthese in der mittelfristigen Zukunft, sogar nach einem &#8220;gro\u00dfen Krieg&#8221;, ausschauen w\u00fcrde, ist zwar unbekannt. Aber wer sagt, dass Zentralisierung nicht trotzdem umgesetzt wird, nur nicht mehr mit New York als Epizentrum (UNO-Hauptquartier), sondern &#8220;woanders&#8221; Will aber die UNO die totale Digitalisierung? Selbstverst\u00e4ndlich.<\/p>\n<p><em><strong>Elem Chintsky<\/strong> ist ein deutsch-polnischer Journalist, der zu geopolitischen, historischen, finanziellen und kulturellen Themen schreibt. Die fruchtbare Zusammenarbeit mit RT DE besteht seit 2017. Seit Anfang 2020 lebt und arbeitet der freischaffende Autor im russischen Sankt Petersburg. Der urspr\u00fcnglich als Filmregisseur und Drehbuchautor ausgebildete Chintsky betreibt au\u00dferdem einen eigenen\u00a0<a rel=\"nofollow noopener\" target=\"_blank\" href=\"https:\/\/t.me\/elemread\">Kanal auf Telegram<\/a>, auf dem man noch mehr von ihm lesen kann.<\/em><\/p>\n<p><strong>Mehr zum Thema<\/strong> &#8211; <a rel=\"nofollow noopener\" target=\"_blank\" href=\"https:\/\/test.rtde.life\/international\/176040-entwurf-waehrungssystems-zukunft-verhaltenslenkung-kontrolle\/\">Kritik am W\u00e4hrungssystem der Zukunft: &#8220;Verhaltenslenkung, Kontrolle, Zensur&#8221;<\/a><\/p>\n<\/div>\n<p><br \/>\n<br \/><a href=\"https:\/\/de.rt.com\/meinung\/176058-will-uno-totale-digitalisierung\/\">Source link <\/a><\/p>\n","protected":false},"excerpt":{"rendered":"<p>Putin hat mit der milit\u00e4rischen Spezialoperation in der Ukraine ab Februar 2022 schlagartig die globale Coronakrise beendet. W\u00e4hrend der Wertewesten gegen\u00fcber Moskau mit seinem Dank hierf\u00fcr noch hadert, l\u00e4uft die UNO-Globalisierungsagenda andernorts trotzig weiter. Von Elem Chintsky Die &#8220;aufregendsten und besten&#8221; Diktate kommen von nicht gew\u00e4hlten und vom jeweiligen Volk nicht legitimierten Gremien. Im Zeitalter [&hellip;]<\/p>\n","protected":false},"author":3,"featured_media":40744,"comment_status":"open","ping_status":"open","sticky":false,"template":"","format":"standard","meta":{"_yoast_indexnow_last_ping":["1690213391"],"wp_automatic_camp":["217"],"8361fc3e6e9a183e5d7cd22bbcd8e8ba":["Will die UNO die totale Digitalisierung?"],"original_link":["https:\/\/de.rt.com\/meinung\/176058-will-uno-totale-digitalisierung\/"],"_thumbnail_id":["40744"],"jnews_social_counter_last_update":["1777184244"],"_wptgpro_p2tg_sent2tg":["a:1:{i:23737;s:19:\"2023-07-24 17:44:41\";}"]},"categories":[19,23],"tags":[45,5687,7638,5685],"yoast_head":"<!-- This site is optimized with the Yoast SEO Premium plugin v22.7 (Yoast SEO v22.7) - https:\/\/yoast.com\/wordpress\/plugins\/seo\/ -->\n<title>Will die UNO die totale Digitalisierung? - just-now.NEWS Deutschland<\/title>\n<meta name=\"robots\" content=\"index, follow, max-snippet:-1, max-image-preview:large, max-video-preview:-1\" \/>\n<link rel=\"canonical\" href=\"https:\/\/now-news.de\/de\/deutschland\/will-die-uno-die-totale-digitalisierung\/\" \/>\n<meta property=\"og:locale\" content=\"de_DE\" \/>\n<meta property=\"og:type\" content=\"article\" \/>\n<meta property=\"og:title\" content=\"Will die UNO die totale Digitalisierung?\" \/>\n<meta property=\"og:description\" content=\"Putin hat mit der milit\u00e4rischen Spezialoperation in der Ukraine ab Februar 2022 schlagartig die globale Coronakrise beendet. W\u00e4hrend der Wertewesten gegen\u00fcber Moskau mit seinem Dank hierf\u00fcr noch hadert, l\u00e4uft die UNO-Globalisierungsagenda andernorts trotzig weiter. Von Elem Chintsky Die &#8220;aufregendsten und besten&#8221; Diktate kommen von nicht gew\u00e4hlten und vom jeweiligen Volk nicht legitimierten Gremien. Im Zeitalter [&hellip;]\" \/>\n<meta property=\"og:url\" content=\"https:\/\/now-news.de\/de\/deutschland\/will-die-uno-die-totale-digitalisierung\/\" \/>\n<meta property=\"og:site_name\" content=\"just-now.NEWS Deutschland\" \/>\n<meta property=\"article:publisher\" content=\"https:\/\/www.facebook.com\/wirmachenauf\" \/>\n<meta property=\"article:published_time\" content=\"2023-07-24T15:33:48+00:00\" \/>\n<meta property=\"og:image\" content=\"https:\/\/now-news.de\/de\/wp-content\/uploads\/sites\/3\/2023\/07\/Will-die-UNO-die-totale-Digitalisierung.jpg\" \/>\n\t<meta property=\"og:image:width\" content=\"460\" \/>\n\t<meta property=\"og:image:height\" content=\"259\" \/>\n\t<meta property=\"og:image:type\" content=\"image\/jpeg\" \/>\n<meta name=\"author\" content=\"rtnews\" \/>\n<meta name=\"twitter:card\" content=\"summary_large_image\" \/>\n<meta name=\"twitter:creator\" content=\"@WirMachenAuf_de\" \/>\n<meta name=\"twitter:site\" content=\"@WirMachenAuf_de\" \/>\n<meta name=\"twitter:label1\" content=\"Verfasst von\" \/>\n\t<meta name=\"twitter:data1\" content=\"rtnews\" \/>\n\t<meta name=\"twitter:label2\" content=\"Gesch\u00e4tzte Lesezeit\" \/>\n\t<meta name=\"twitter:data2\" content=\"10\u00a0Minuten\" \/>\n<script type=\"application\/ld+json\" class=\"yoast-schema-graph\">{\"@context\":\"https:\/\/schema.org\",\"@graph\":[{\"@type\":\"Article\",\"@id\":\"https:\/\/now-news.de\/de\/deutschland\/will-die-uno-die-totale-digitalisierung\/#article\",\"isPartOf\":{\"@id\":\"https:\/\/now-news.de\/de\/deutschland\/will-die-uno-die-totale-digitalisierung\/\"},\"author\":{\"name\":\"rtnews\",\"@id\":\"https:\/\/now-news.de\/de\/#\/schema\/person\/fb534a4e865501d8b3285208df34a9b5\"},\"headline\":\"Will die UNO die totale Digitalisierung?\",\"datePublished\":\"2023-07-24T15:33:48+00:00\",\"dateModified\":\"2023-07-24T15:33:48+00:00\",\"mainEntityOfPage\":{\"@id\":\"https:\/\/now-news.de\/de\/deutschland\/will-die-uno-die-totale-digitalisierung\/\"},\"wordCount\":1928,\"commentCount\":0,\"publisher\":{\"@id\":\"https:\/\/now-news.de\/de\/#organization\"},\"image\":{\"@id\":\"https:\/\/now-news.de\/de\/deutschland\/will-die-uno-die-totale-digitalisierung\/#primaryimage\"},\"thumbnailUrl\":\"https:\/\/now-news.de\/de\/wp-content\/uploads\/sites\/3\/2023\/07\/Will-die-UNO-die-totale-Digitalisierung.jpg\",\"keywords\":[\"die\",\"Digitalisierung\",\"totale\",\"Uno\"],\"articleSection\":[\"Deutschland\",\"Russland\"],\"inLanguage\":\"de\",\"potentialAction\":[{\"@type\":\"CommentAction\",\"name\":\"Comment\",\"target\":[\"https:\/\/now-news.de\/de\/deutschland\/will-die-uno-die-totale-digitalisierung\/#respond\"]}]},{\"@type\":\"WebPage\",\"@id\":\"https:\/\/now-news.de\/de\/deutschland\/will-die-uno-die-totale-digitalisierung\/\",\"url\":\"https:\/\/now-news.de\/de\/deutschland\/will-die-uno-die-totale-digitalisierung\/\",\"name\":\"Will die UNO die totale Digitalisierung? - just-now.NEWS Deutschland\",\"isPartOf\":{\"@id\":\"https:\/\/now-news.de\/de\/#website\"},\"primaryImageOfPage\":{\"@id\":\"https:\/\/now-news.de\/de\/deutschland\/will-die-uno-die-totale-digitalisierung\/#primaryimage\"},\"image\":{\"@id\":\"https:\/\/now-news.de\/de\/deutschland\/will-die-uno-die-totale-digitalisierung\/#primaryimage\"},\"thumbnailUrl\":\"https:\/\/now-news.de\/de\/wp-content\/uploads\/sites\/3\/2023\/07\/Will-die-UNO-die-totale-Digitalisierung.jpg\",\"datePublished\":\"2023-07-24T15:33:48+00:00\",\"dateModified\":\"2023-07-24T15:33:48+00:00\",\"breadcrumb\":{\"@id\":\"https:\/\/now-news.de\/de\/deutschland\/will-die-uno-die-totale-digitalisierung\/#breadcrumb\"},\"inLanguage\":\"de\",\"potentialAction\":[{\"@type\":\"ReadAction\",\"target\":[\"https:\/\/now-news.de\/de\/deutschland\/will-die-uno-die-totale-digitalisierung\/\"]}]},{\"@type\":\"ImageObject\",\"inLanguage\":\"de\",\"@id\":\"https:\/\/now-news.de\/de\/deutschland\/will-die-uno-die-totale-digitalisierung\/#primaryimage\",\"url\":\"https:\/\/now-news.de\/de\/wp-content\/uploads\/sites\/3\/2023\/07\/Will-die-UNO-die-totale-Digitalisierung.jpg\",\"contentUrl\":\"https:\/\/now-news.de\/de\/wp-content\/uploads\/sites\/3\/2023\/07\/Will-die-UNO-die-totale-Digitalisierung.jpg\",\"width\":460,\"height\":259,\"caption\":\"Will die UNO die totale Digitalisierung?\"},{\"@type\":\"BreadcrumbList\",\"@id\":\"https:\/\/now-news.de\/de\/deutschland\/will-die-uno-die-totale-digitalisierung\/#breadcrumb\",\"itemListElement\":[{\"@type\":\"ListItem\",\"position\":1,\"name\":\"Home\",\"item\":\"https:\/\/now-news.de\/de\/\"},{\"@type\":\"ListItem\",\"position\":2,\"name\":\"Will die UNO die totale Digitalisierung?\"}]},{\"@type\":\"WebSite\",\"@id\":\"https:\/\/now-news.de\/de\/#website\",\"url\":\"https:\/\/now-news.de\/de\/\",\"name\":\"just-now.NEWS Deutschland\",\"description\":\"Das Portal f\u00fcr unzensierte Nachrichten aus der Welt\",\"publisher\":{\"@id\":\"https:\/\/now-news.de\/de\/#organization\"},\"potentialAction\":[{\"@type\":\"SearchAction\",\"target\":{\"@type\":\"EntryPoint\",\"urlTemplate\":\"https:\/\/now-news.de\/de\/?s={search_term_string}\"},\"query-input\":\"required name=search_term_string\"}],\"inLanguage\":\"de\"},{\"@type\":\"Organization\",\"@id\":\"https:\/\/now-news.de\/de\/#organization\",\"name\":\"Just Now News\",\"url\":\"https:\/\/now-news.de\/de\/\",\"logo\":{\"@type\":\"ImageObject\",\"inLanguage\":\"de\",\"@id\":\"https:\/\/now-news.de\/de\/#\/schema\/logo\/image\/\",\"url\":\"http:\/\/just-now.news\/de\/wp-content\/uploads\/sites\/3\/2022\/04\/logo500x500.jpg\",\"contentUrl\":\"http:\/\/just-now.news\/de\/wp-content\/uploads\/sites\/3\/2022\/04\/logo500x500.jpg\",\"width\":500,\"height\":500,\"caption\":\"Just Now News\"},\"image\":{\"@id\":\"https:\/\/now-news.de\/de\/#\/schema\/logo\/image\/\"},\"sameAs\":[\"https:\/\/www.facebook.com\/wirmachenauf\",\"https:\/\/x.com\/WirMachenAuf_de\"]},{\"@type\":\"Person\",\"@id\":\"https:\/\/now-news.de\/de\/#\/schema\/person\/fb534a4e865501d8b3285208df34a9b5\",\"name\":\"rtnews\",\"image\":{\"@type\":\"ImageObject\",\"inLanguage\":\"de\",\"@id\":\"https:\/\/now-news.de\/de\/#\/schema\/person\/image\/\",\"url\":\"https:\/\/secure.gravatar.com\/avatar\/82aafea7d8127119dd649515f56e2117?s=96&d=mm&r=g\",\"contentUrl\":\"https:\/\/secure.gravatar.com\/avatar\/82aafea7d8127119dd649515f56e2117?s=96&d=mm&r=g\",\"caption\":\"rtnews\"},\"url\":\"https:\/\/now-news.de\/de\/author\/rnews\/\"}]}<\/script>\n<!-- \/ Yoast SEO Premium plugin. -->","yoast_head_json":{"title":"Will die UNO die totale Digitalisierung? - just-now.NEWS Deutschland","robots":{"index":"index","follow":"follow","max-snippet":"max-snippet:-1","max-image-preview":"max-image-preview:large","max-video-preview":"max-video-preview:-1"},"canonical":"https:\/\/now-news.de\/de\/deutschland\/will-die-uno-die-totale-digitalisierung\/","og_locale":"de_DE","og_type":"article","og_title":"Will die UNO die totale Digitalisierung?","og_description":"Putin hat mit der milit\u00e4rischen Spezialoperation in der Ukraine ab Februar 2022 schlagartig die globale Coronakrise beendet. W\u00e4hrend der Wertewesten gegen\u00fcber Moskau mit seinem Dank hierf\u00fcr noch hadert, l\u00e4uft die UNO-Globalisierungsagenda andernorts trotzig weiter. Von Elem Chintsky Die &#8220;aufregendsten und besten&#8221; Diktate kommen von nicht gew\u00e4hlten und vom jeweiligen Volk nicht legitimierten Gremien. Im Zeitalter [&hellip;]","og_url":"https:\/\/now-news.de\/de\/deutschland\/will-die-uno-die-totale-digitalisierung\/","og_site_name":"just-now.NEWS Deutschland","article_publisher":"https:\/\/www.facebook.com\/wirmachenauf","article_published_time":"2023-07-24T15:33:48+00:00","og_image":[{"width":460,"height":259,"url":"https:\/\/now-news.de\/de\/wp-content\/uploads\/sites\/3\/2023\/07\/Will-die-UNO-die-totale-Digitalisierung.jpg","type":"image\/jpeg"}],"author":"rtnews","twitter_card":"summary_large_image","twitter_creator":"@WirMachenAuf_de","twitter_site":"@WirMachenAuf_de","twitter_misc":{"Verfasst von":"rtnews","Gesch\u00e4tzte Lesezeit":"10\u00a0Minuten"},"schema":{"@context":"https:\/\/schema.org","@graph":[{"@type":"Article","@id":"https:\/\/now-news.de\/de\/deutschland\/will-die-uno-die-totale-digitalisierung\/#article","isPartOf":{"@id":"https:\/\/now-news.de\/de\/deutschland\/will-die-uno-die-totale-digitalisierung\/"},"author":{"name":"rtnews","@id":"https:\/\/now-news.de\/de\/#\/schema\/person\/fb534a4e865501d8b3285208df34a9b5"},"headline":"Will die UNO die totale Digitalisierung?","datePublished":"2023-07-24T15:33:48+00:00","dateModified":"2023-07-24T15:33:48+00:00","mainEntityOfPage":{"@id":"https:\/\/now-news.de\/de\/deutschland\/will-die-uno-die-totale-digitalisierung\/"},"wordCount":1928,"commentCount":0,"publisher":{"@id":"https:\/\/now-news.de\/de\/#organization"},"image":{"@id":"https:\/\/now-news.de\/de\/deutschland\/will-die-uno-die-totale-digitalisierung\/#primaryimage"},"thumbnailUrl":"https:\/\/now-news.de\/de\/wp-content\/uploads\/sites\/3\/2023\/07\/Will-die-UNO-die-totale-Digitalisierung.jpg","keywords":["die","Digitalisierung","totale","Uno"],"articleSection":["Deutschland","Russland"],"inLanguage":"de","potentialAction":[{"@type":"CommentAction","name":"Comment","target":["https:\/\/now-news.de\/de\/deutschland\/will-die-uno-die-totale-digitalisierung\/#respond"]}]},{"@type":"WebPage","@id":"https:\/\/now-news.de\/de\/deutschland\/will-die-uno-die-totale-digitalisierung\/","url":"https:\/\/now-news.de\/de\/deutschland\/will-die-uno-die-totale-digitalisierung\/","name":"Will die UNO die totale Digitalisierung? - just-now.NEWS Deutschland","isPartOf":{"@id":"https:\/\/now-news.de\/de\/#website"},"primaryImageOfPage":{"@id":"https:\/\/now-news.de\/de\/deutschland\/will-die-uno-die-totale-digitalisierung\/#primaryimage"},"image":{"@id":"https:\/\/now-news.de\/de\/deutschland\/will-die-uno-die-totale-digitalisierung\/#primaryimage"},"thumbnailUrl":"https:\/\/now-news.de\/de\/wp-content\/uploads\/sites\/3\/2023\/07\/Will-die-UNO-die-totale-Digitalisierung.jpg","datePublished":"2023-07-24T15:33:48+00:00","dateModified":"2023-07-24T15:33:48+00:00","breadcrumb":{"@id":"https:\/\/now-news.de\/de\/deutschland\/will-die-uno-die-totale-digitalisierung\/#breadcrumb"},"inLanguage":"de","potentialAction":[{"@type":"ReadAction","target":["https:\/\/now-news.de\/de\/deutschland\/will-die-uno-die-totale-digitalisierung\/"]}]},{"@type":"ImageObject","inLanguage":"de","@id":"https:\/\/now-news.de\/de\/deutschland\/will-die-uno-die-totale-digitalisierung\/#primaryimage","url":"https:\/\/now-news.de\/de\/wp-content\/uploads\/sites\/3\/2023\/07\/Will-die-UNO-die-totale-Digitalisierung.jpg","contentUrl":"https:\/\/now-news.de\/de\/wp-content\/uploads\/sites\/3\/2023\/07\/Will-die-UNO-die-totale-Digitalisierung.jpg","width":460,"height":259,"caption":"Will die UNO die totale Digitalisierung?"},{"@type":"BreadcrumbList","@id":"https:\/\/now-news.de\/de\/deutschland\/will-die-uno-die-totale-digitalisierung\/#breadcrumb","itemListElement":[{"@type":"ListItem","position":1,"name":"Home","item":"https:\/\/now-news.de\/de\/"},{"@type":"ListItem","position":2,"name":"Will die UNO die totale Digitalisierung?"}]},{"@type":"WebSite","@id":"https:\/\/now-news.de\/de\/#website","url":"https:\/\/now-news.de\/de\/","name":"just-now.NEWS Deutschland","description":"Das Portal f\u00fcr unzensierte Nachrichten aus der Welt","publisher":{"@id":"https:\/\/now-news.de\/de\/#organization"},"potentialAction":[{"@type":"SearchAction","target":{"@type":"EntryPoint","urlTemplate":"https:\/\/now-news.de\/de\/?s={search_term_string}"},"query-input":"required name=search_term_string"}],"inLanguage":"de"},{"@type":"Organization","@id":"https:\/\/now-news.de\/de\/#organization","name":"Just Now News","url":"https:\/\/now-news.de\/de\/","logo":{"@type":"ImageObject","inLanguage":"de","@id":"https:\/\/now-news.de\/de\/#\/schema\/logo\/image\/","url":"http:\/\/just-now.news\/de\/wp-content\/uploads\/sites\/3\/2022\/04\/logo500x500.jpg","contentUrl":"http:\/\/just-now.news\/de\/wp-content\/uploads\/sites\/3\/2022\/04\/logo500x500.jpg","width":500,"height":500,"caption":"Just Now News"},"image":{"@id":"https:\/\/now-news.de\/de\/#\/schema\/logo\/image\/"},"sameAs":["https:\/\/www.facebook.com\/wirmachenauf","https:\/\/x.com\/WirMachenAuf_de"]},{"@type":"Person","@id":"https:\/\/now-news.de\/de\/#\/schema\/person\/fb534a4e865501d8b3285208df34a9b5","name":"rtnews","image":{"@type":"ImageObject","inLanguage":"de","@id":"https:\/\/now-news.de\/de\/#\/schema\/person\/image\/","url":"https:\/\/secure.gravatar.com\/avatar\/82aafea7d8127119dd649515f56e2117?s=96&d=mm&r=g","contentUrl":"https:\/\/secure.gravatar.com\/avatar\/82aafea7d8127119dd649515f56e2117?s=96&d=mm&r=g","caption":"rtnews"},"url":"https:\/\/now-news.de\/de\/author\/rnews\/"}]}},"_links":{"self":[{"href":"https:\/\/now-news.de\/de\/wp-json\/wp\/v2\/posts\/40743"}],"collection":[{"href":"https:\/\/now-news.de\/de\/wp-json\/wp\/v2\/posts"}],"about":[{"href":"https:\/\/now-news.de\/de\/wp-json\/wp\/v2\/types\/post"}],"author":[{"embeddable":true,"href":"https:\/\/now-news.de\/de\/wp-json\/wp\/v2\/users\/3"}],"replies":[{"embeddable":true,"href":"https:\/\/now-news.de\/de\/wp-json\/wp\/v2\/comments?post=40743"}],"version-history":[{"count":0,"href":"https:\/\/now-news.de\/de\/wp-json\/wp\/v2\/posts\/40743\/revisions"}],"wp:featuredmedia":[{"embeddable":true,"href":"https:\/\/now-news.de\/de\/wp-json\/wp\/v2\/media\/40744"}],"wp:attachment":[{"href":"https:\/\/now-news.de\/de\/wp-json\/wp\/v2\/media?parent=40743"}],"wp:term":[{"taxonomy":"category","embeddable":true,"href":"https:\/\/now-news.de\/de\/wp-json\/wp\/v2\/categories?post=40743"},{"taxonomy":"post_tag","embeddable":true,"href":"https:\/\/now-news.de\/de\/wp-json\/wp\/v2\/tags?post=40743"}],"curies":[{"name":"wp","href":"https:\/\/api.w.org\/{rel}","templated":true}]}}