{"id":40733,"date":"2023-07-24T11:41:31","date_gmt":"2023-07-24T09:41:31","guid":{"rendered":"https:\/\/just-now.news\/de\/deutschland\/nur-stunden-spaeter-merz-rudert-beim-thema-afd-zurueck\/"},"modified":"2023-07-24T11:41:31","modified_gmt":"2023-07-24T09:41:31","slug":"nur-stunden-spaeter-merz-rudert-beim-thema-afd-zurueck","status":"publish","type":"post","link":"https:\/\/now-news.de\/de\/deutschland\/nur-stunden-spaeter-merz-rudert-beim-thema-afd-zurueck\/","title":{"rendered":"Nur Stunden sp\u00e4ter: Merz rudert beim Thema AfD zur\u00fcck"},"content":{"rendered":"<p><img decoding=\"async\" src=\"http:\/\/just-now.news\/de\/wp-content\/uploads\/sites\/3\/2023\/07\/64be4240b480cc2fcd2f637f.jpg\" \/><\/p>\n<div class=\"Text-root Text-type_1 \">\n                Am Sonntag hatte der CDU-Chef Friedrich Merz im &#8220;ZDF-Sommerinterview&#8221; f\u00fcr einen &#8220;pragmatischen Umgang&#8221; mit der AfD auf kommunaler Ebene geworben. Nach Widerstand von allen Seiten, auch aus der CDU, relativierte Merz nun seine Aussagen.\n            <\/div>\n<p><\/p>\n<div class=\"Text-root Text-type_5 ArticleView-text ViewText-root \">\n<p>Nach scharfer Kritik aus den eigenen Reihen und der &#8220;Ampelkoalition&#8221; ist CDU-Chef Friedrich Merz beim Umgang mit der AfD zur\u00fcckgerudert. Die Beschlusslage der Union gelte. &#8220;Es wird auch auf kommunaler Ebene keine Zusammenarbeit der CDU mit der AfD geben&#8221;, twitterte Merz heute.<\/p>\n<div class=\"EmbedBlock-root EmbedBlock-twitter\">\n<div class=\"TwitterEmbed\">\n<blockquote class=\"twitter-tweet lazyload\" data-twitter=\"twitter-tweet\">\n<p lang=\"de\" dir=\"ltr\">Um es noch einmal klarzustellen, und ich habe es nie anders gesagt: Die Beschlusslage der <a rel=\"nofollow noopener\" target=\"_blank\" href=\"https:\/\/twitter.com\/CDU?ref_src=twsrc%5Etfw\">@CDU<\/a> gilt. Es wird auch auf kommunaler Ebene keine Zusammenarbeit der <a rel=\"nofollow noopener\" target=\"_blank\" href=\"https:\/\/twitter.com\/hashtag\/CDU?src=hash&amp;ref_src=twsrc%5Etfw\">#CDU<\/a> mit der AfD geben. (FM)<\/p>\n<p>\u2014 Friedrich Merz (@_FriedrichMerz) <a rel=\"nofollow noopener\" target=\"_blank\" href=\"https:\/\/twitter.com\/_FriedrichMerz\/status\/1683372734754050048?ref_src=twsrc%5Etfw\">July 24, 2023<\/a><\/p><\/blockquote>\n<\/div>\n<\/div>\n<p>Er hatte im <em>ZDF-Sommerinterview<\/em> gestern erneut bekr\u00e4ftigt, dass die Union nicht mit der AfD kooperieren werde. Er beschr\u00e4nkte das aber auf &#8220;gesetzgebende K\u00f6rperschaften&#8221;, etwa auf europ\u00e4ischer, Bundes- und Landesebene. Merz hatte in dem Interview gesagt:<\/p>\n<blockquote>\n<p><em>&#8220;Wir sind doch selbstverst\u00e4ndlich verpflichtet, demokratische Wahlen zu akzeptieren. Und wenn dort ein Landrat, ein B\u00fcrgermeister gew\u00e4hlt wird, der der AfD angeh\u00f6rt, ist es selbstverst\u00e4ndlich, dass man nach Wegen sucht, wie man dann in dieser Stadt weiter arbeiten kann.&#8221;<\/em><\/p>\n<\/blockquote>\n<p>Unter Bezugnahme auf die Beschlusslage der CDU schrieb die Abgeordnete Serap G\u00fcler, auch Mitglied im CDU-Bundesvorstand, als Reaktion auf Merz\u2019 Aussagen auf Twitter:<\/p>\n<blockquote>\n<p><em>&#8220;Keine Zusammenarbeit mit der AfD hei\u00dft: keine Zusammenarbeit mit der AfD. Auf keiner Ebene. Ganz einfach. Jetzt nicht und auch in Zukunft nicht.&#8221;<\/em><\/p>\n<\/blockquote>\n<div class=\"EmbedBlock-root EmbedBlock-twitter\">\n<div class=\"TwitterEmbed\">\n<blockquote class=\"twitter-tweet lazyload\" data-twitter=\"twitter-tweet\">\n<p lang=\"de\" dir=\"ltr\">Keine Zusammenarbeit mit der <a rel=\"nofollow noopener\" target=\"_blank\" href=\"https:\/\/twitter.com\/hashtag\/AfD?src=hash&amp;ref_src=twsrc%5Etfw\">#AfD<\/a> hei\u00dft: keine Zusammenarbeit mit der AfD. Auf keiner Ebene. Ganz einfach. Jetzt nicht und auch in Zukunft nicht. DAS ist Beschlusslage der CDU Deutschlands.<\/p>\n<p>\u2014 Serap G\u00fcler (@SerapGueler) <a rel=\"nofollow noopener\" target=\"_blank\" href=\"https:\/\/twitter.com\/SerapGueler\/status\/1683211553661763586?ref_src=twsrc%5Etfw\">July 23, 2023<\/a><\/p><\/blockquote>\n<\/div>\n<\/div>\n<p>CDU-Au\u00dfenexperte Norbert R\u00f6ttgen schrieb, dass seine Partei &#8220;verbindlich ein einschr\u00e4nkungsloses Kooperationsverbot mit der AfD beschlossen&#8221; habe. Eine \u00c4nderung k\u00f6nne nur an einem Bundesparteitag beschlossen werden.<\/p>\n<p>Auch Bayerns Ministerpr\u00e4sident Markus S\u00f6der (CSU) bekr\u00e4ftigte, dass seine Partei jede Zusammenarbeit mit der AfD ablehne, &#8220;egal auf welcher politischen Ebene&#8221;. Denn die AfD sei &#8220;demokratiefeindlich, rechtsextrem und spaltet unsere Gesellschaft. Das ist mit unseren Werten nicht vereinbar.&#8221;<\/p>\n<p>Berlins Regierender B\u00fcrgermeister Kai Wegner (CDU) hatte Merz bei\u00a0<em>RTL\/ntv<\/em>\u00a0aufgefordert, seine Haltung schnell richtigzustellen. Es m\u00fcsse eine klare Brandmauer nach rechts geben. Er erg\u00e4nzte:<\/p>\n<blockquote>\n<p><em>&#8220;Das ist der richtige Weg, und den sollten wir auch nicht aufweichen.&#8221;<\/em><\/p>\n<\/blockquote>\n<p>Wegner verwies auf die heute anstehenden Debatten im Pr\u00e4sidium der CDU. Man werde auch die Positionierung von Merz sicher diskutieren.<\/p>\n<p>SPD-Generalsekret\u00e4r Kevin K\u00fchnert wertete die \u00c4u\u00dferung von CDU-Chef Friedrich Merz zu einem m\u00f6glichen gemeinsamen Vorgehen mit der AfD auf kommunaler Ebene als &#8220;Tabubruch&#8221;. Es sei jetzt Zeit f\u00fcr einen &#8220;Richtungsstreit in der CDU&#8221;, sagte K\u00fchnert heute im\u00a0<em>ZDF-Morgenmagazin<\/em>.<\/p>\n<p>K\u00fchnert sprach von einem Kurswechsel, den Merz offensichtlich f\u00fcr seine CDU anstrebe \u2013 und den er auf eine &#8220;total br\u00fcchige Argumentation&#8221; aufbaue.<\/p>\n<p>&#8220;Er sagt, wir m\u00fcssten doch demokratische Wahlen anerkennen. Aber wer spricht denn dagegen?&#8221;, fragte K\u00fchnert und verwies darauf, dass die AfD mittlerweile einen Landrat sowie einen B\u00fcrgermeister stelle. Es gebe aber kein Anrecht auf politische Kooperation.<\/p>\n<p><strong>Mehr zum Thema<\/strong> \u2013 <a rel=\"nofollow noopener\" target=\"_blank\" href=\"https:\/\/freeassange.rtde.life\/inland\/175748-umfrage-wumms-57-prozent-halten\/\">Umfrage-Wumms: 57 Prozent halten die deutschen Parteien f\u00fcr unf\u00e4hig<\/a><\/p>\n<div class=\"EmbedBlock-root EmbedBlock-externalVideo EmbedBlock-odysee\">\n<div class=\"VkEmbed\"><iframe class=\"lazyload\" data-src=\"https:\/\/odysee.com\/%24\/embed\/%40RTDE%3Ae%2FAfD_im_Landtag_Kinder_werden_mit_Pubert%C3%A4tsblockern_behandelt_die_klinisch_nicht_getestet_sind%3A2\" frameborder=\"0\" width=\"853\" height=\"480\" allowfullscreen><\/iframe><\/div>\n<\/div>\n<\/div>\n<p><script async src=\"https:\/\/platform.twitter.com\/widgets.js\" charset=\"utf-8\"><\/script><br \/>\n<br \/><br \/>\n<br \/><a href=\"https:\/\/de.rt.com\/inland\/176034-nur-stunden-spaeter-merz-rudert-beim-thema-afd-zurueck\/\">Source link <\/a><\/p>\n","protected":false},"excerpt":{"rendered":"<p>Am Sonntag hatte der CDU-Chef Friedrich Merz im &#8220;ZDF-Sommerinterview&#8221; f\u00fcr einen &#8220;pragmatischen Umgang&#8221; mit der AfD auf kommunaler Ebene geworben. Nach Widerstand von allen Seiten, auch aus der CDU, relativierte Merz nun seine Aussagen. Nach scharfer Kritik aus den eigenen Reihen und der &#8220;Ampelkoalition&#8221; ist CDU-Chef Friedrich Merz beim Umgang mit der AfD zur\u00fcckgerudert. Die [&hellip;]<\/p>\n","protected":false},"author":3,"featured_media":40734,"comment_status":"open","ping_status":"open","sticky":false,"template":"","format":"standard","meta":{"_yoast_indexnow_last_ping":["1690192167"],"wp_automatic_camp":["217"],"89303b7f0d7807b3aeba86312a610f7e":["Nur Stunden sp\u00e4ter: Merz rudert beim Thema AfD zur\u00fcck"],"original_link":["https:\/\/de.rt.com\/inland\/176034-nur-stunden-spaeter-merz-rudert-beim-thema-afd-zurueck\/"],"_thumbnail_id":["40734"],"_wptgpro_p2tg_sent2tg":["a:1:{i:23737;s:19:\"2023-07-24 11:50:33\";}"],"jnews_social_counter_last_update":["1777388407"]},"categories":[19,23],"tags":[3815,1814,18728,4230,32098,15978,4231,15832,3337],"yoast_head":"<!-- This site is optimized with the Yoast SEO Premium plugin v22.7 (Yoast SEO v22.7) - https:\/\/yoast.com\/wordpress\/plugins\/seo\/ -->\n<title>Nur Stunden sp\u00e4ter: Merz rudert beim Thema AfD zur\u00fcck - just-now.NEWS Deutschland<\/title>\n<meta name=\"robots\" content=\"index, follow, max-snippet:-1, max-image-preview:large, max-video-preview:-1\" \/>\n<link rel=\"canonical\" href=\"https:\/\/now-news.de\/de\/deutschland\/nur-stunden-spaeter-merz-rudert-beim-thema-afd-zurueck\/\" \/>\n<meta property=\"og:locale\" content=\"de_DE\" \/>\n<meta property=\"og:type\" content=\"article\" \/>\n<meta property=\"og:title\" content=\"Nur Stunden sp\u00e4ter: Merz rudert beim Thema AfD zur\u00fcck\" \/>\n<meta property=\"og:description\" content=\"Am Sonntag hatte der CDU-Chef Friedrich Merz im &#8220;ZDF-Sommerinterview&#8221; f\u00fcr einen &#8220;pragmatischen Umgang&#8221; mit der AfD auf kommunaler Ebene geworben. Nach Widerstand von allen Seiten, auch aus der CDU, relativierte Merz nun seine Aussagen. Nach scharfer Kritik aus den eigenen Reihen und der &#8220;Ampelkoalition&#8221; ist CDU-Chef Friedrich Merz beim Umgang mit der AfD zur\u00fcckgerudert. Die [&hellip;]\" \/>\n<meta property=\"og:url\" content=\"https:\/\/now-news.de\/de\/deutschland\/nur-stunden-spaeter-merz-rudert-beim-thema-afd-zurueck\/\" \/>\n<meta property=\"og:site_name\" content=\"just-now.NEWS Deutschland\" \/>\n<meta property=\"article:publisher\" content=\"https:\/\/www.facebook.com\/wirmachenauf\" \/>\n<meta property=\"article:published_time\" content=\"2023-07-24T09:41:31+00:00\" \/>\n<meta property=\"og:image\" content=\"https:\/\/now-news.de\/de\/wp-content\/uploads\/sites\/3\/2023\/07\/Nur-Stunden-spaeter-Merz-rudert-beim-Thema-AfD-zurueck.jpg\" \/>\n\t<meta property=\"og:image:width\" content=\"460\" \/>\n\t<meta property=\"og:image:height\" content=\"259\" \/>\n\t<meta property=\"og:image:type\" content=\"image\/jpeg\" \/>\n<meta name=\"author\" content=\"rtnews\" \/>\n<meta name=\"twitter:card\" content=\"summary_large_image\" \/>\n<meta name=\"twitter:creator\" content=\"@WirMachenAuf_de\" \/>\n<meta name=\"twitter:site\" content=\"@WirMachenAuf_de\" \/>\n<meta name=\"twitter:label1\" content=\"Verfasst von\" \/>\n\t<meta name=\"twitter:data1\" content=\"rtnews\" \/>\n\t<meta name=\"twitter:label2\" content=\"Gesch\u00e4tzte Lesezeit\" \/>\n\t<meta name=\"twitter:data2\" content=\"3\u00a0Minuten\" \/>\n<script type=\"application\/ld+json\" class=\"yoast-schema-graph\">{\"@context\":\"https:\/\/schema.org\",\"@graph\":[{\"@type\":\"Article\",\"@id\":\"https:\/\/now-news.de\/de\/deutschland\/nur-stunden-spaeter-merz-rudert-beim-thema-afd-zurueck\/#article\",\"isPartOf\":{\"@id\":\"https:\/\/now-news.de\/de\/deutschland\/nur-stunden-spaeter-merz-rudert-beim-thema-afd-zurueck\/\"},\"author\":{\"name\":\"rtnews\",\"@id\":\"https:\/\/now-news.de\/de\/#\/schema\/person\/fb534a4e865501d8b3285208df34a9b5\"},\"headline\":\"Nur Stunden sp\u00e4ter: Merz rudert beim Thema AfD zur\u00fcck\",\"datePublished\":\"2023-07-24T09:41:31+00:00\",\"dateModified\":\"2023-07-24T09:41:31+00:00\",\"mainEntityOfPage\":{\"@id\":\"https:\/\/now-news.de\/de\/deutschland\/nur-stunden-spaeter-merz-rudert-beim-thema-afd-zurueck\/\"},\"wordCount\":546,\"commentCount\":0,\"publisher\":{\"@id\":\"https:\/\/now-news.de\/de\/#organization\"},\"image\":{\"@id\":\"https:\/\/now-news.de\/de\/deutschland\/nur-stunden-spaeter-merz-rudert-beim-thema-afd-zurueck\/#primaryimage\"},\"thumbnailUrl\":\"https:\/\/now-news.de\/de\/wp-content\/uploads\/sites\/3\/2023\/07\/Nur-Stunden-spaeter-Merz-rudert-beim-Thema-AfD-zurueck.jpg\",\"keywords\":[\"AfD\",\"beim\",\"Merz\",\"NUR\",\"rudert\",\"sp\u00e4ter\",\"STUNDEN\",\"Thema\",\"zur\u00fcck\"],\"articleSection\":[\"Deutschland\",\"Russland\"],\"inLanguage\":\"de\",\"potentialAction\":[{\"@type\":\"CommentAction\",\"name\":\"Comment\",\"target\":[\"https:\/\/now-news.de\/de\/deutschland\/nur-stunden-spaeter-merz-rudert-beim-thema-afd-zurueck\/#respond\"]}]},{\"@type\":\"WebPage\",\"@id\":\"https:\/\/now-news.de\/de\/deutschland\/nur-stunden-spaeter-merz-rudert-beim-thema-afd-zurueck\/\",\"url\":\"https:\/\/now-news.de\/de\/deutschland\/nur-stunden-spaeter-merz-rudert-beim-thema-afd-zurueck\/\",\"name\":\"Nur Stunden sp\u00e4ter: Merz rudert beim Thema AfD zur\u00fcck - just-now.NEWS Deutschland\",\"isPartOf\":{\"@id\":\"https:\/\/now-news.de\/de\/#website\"},\"primaryImageOfPage\":{\"@id\":\"https:\/\/now-news.de\/de\/deutschland\/nur-stunden-spaeter-merz-rudert-beim-thema-afd-zurueck\/#primaryimage\"},\"image\":{\"@id\":\"https:\/\/now-news.de\/de\/deutschland\/nur-stunden-spaeter-merz-rudert-beim-thema-afd-zurueck\/#primaryimage\"},\"thumbnailUrl\":\"https:\/\/now-news.de\/de\/wp-content\/uploads\/sites\/3\/2023\/07\/Nur-Stunden-spaeter-Merz-rudert-beim-Thema-AfD-zurueck.jpg\",\"datePublished\":\"2023-07-24T09:41:31+00:00\",\"dateModified\":\"2023-07-24T09:41:31+00:00\",\"breadcrumb\":{\"@id\":\"https:\/\/now-news.de\/de\/deutschland\/nur-stunden-spaeter-merz-rudert-beim-thema-afd-zurueck\/#breadcrumb\"},\"inLanguage\":\"de\",\"potentialAction\":[{\"@type\":\"ReadAction\",\"target\":[\"https:\/\/now-news.de\/de\/deutschland\/nur-stunden-spaeter-merz-rudert-beim-thema-afd-zurueck\/\"]}]},{\"@type\":\"ImageObject\",\"inLanguage\":\"de\",\"@id\":\"https:\/\/now-news.de\/de\/deutschland\/nur-stunden-spaeter-merz-rudert-beim-thema-afd-zurueck\/#primaryimage\",\"url\":\"https:\/\/now-news.de\/de\/wp-content\/uploads\/sites\/3\/2023\/07\/Nur-Stunden-spaeter-Merz-rudert-beim-Thema-AfD-zurueck.jpg\",\"contentUrl\":\"https:\/\/now-news.de\/de\/wp-content\/uploads\/sites\/3\/2023\/07\/Nur-Stunden-spaeter-Merz-rudert-beim-Thema-AfD-zurueck.jpg\",\"width\":460,\"height\":259,\"caption\":\"Nur Stunden sp\u00e4ter: Merz rudert beim Thema AfD zur\u00fcck\"},{\"@type\":\"BreadcrumbList\",\"@id\":\"https:\/\/now-news.de\/de\/deutschland\/nur-stunden-spaeter-merz-rudert-beim-thema-afd-zurueck\/#breadcrumb\",\"itemListElement\":[{\"@type\":\"ListItem\",\"position\":1,\"name\":\"Home\",\"item\":\"https:\/\/now-news.de\/de\/\"},{\"@type\":\"ListItem\",\"position\":2,\"name\":\"Nur Stunden sp\u00e4ter: Merz rudert beim Thema AfD zur\u00fcck\"}]},{\"@type\":\"WebSite\",\"@id\":\"https:\/\/now-news.de\/de\/#website\",\"url\":\"https:\/\/now-news.de\/de\/\",\"name\":\"just-now.NEWS Deutschland\",\"description\":\"Das Portal f\u00fcr unzensierte Nachrichten aus der Welt\",\"publisher\":{\"@id\":\"https:\/\/now-news.de\/de\/#organization\"},\"potentialAction\":[{\"@type\":\"SearchAction\",\"target\":{\"@type\":\"EntryPoint\",\"urlTemplate\":\"https:\/\/now-news.de\/de\/?s={search_term_string}\"},\"query-input\":\"required name=search_term_string\"}],\"inLanguage\":\"de\"},{\"@type\":\"Organization\",\"@id\":\"https:\/\/now-news.de\/de\/#organization\",\"name\":\"Just Now News\",\"url\":\"https:\/\/now-news.de\/de\/\",\"logo\":{\"@type\":\"ImageObject\",\"inLanguage\":\"de\",\"@id\":\"https:\/\/now-news.de\/de\/#\/schema\/logo\/image\/\",\"url\":\"http:\/\/just-now.news\/de\/wp-content\/uploads\/sites\/3\/2022\/04\/logo500x500.jpg\",\"contentUrl\":\"http:\/\/just-now.news\/de\/wp-content\/uploads\/sites\/3\/2022\/04\/logo500x500.jpg\",\"width\":500,\"height\":500,\"caption\":\"Just Now News\"},\"image\":{\"@id\":\"https:\/\/now-news.de\/de\/#\/schema\/logo\/image\/\"},\"sameAs\":[\"https:\/\/www.facebook.com\/wirmachenauf\",\"https:\/\/x.com\/WirMachenAuf_de\"]},{\"@type\":\"Person\",\"@id\":\"https:\/\/now-news.de\/de\/#\/schema\/person\/fb534a4e865501d8b3285208df34a9b5\",\"name\":\"rtnews\",\"image\":{\"@type\":\"ImageObject\",\"inLanguage\":\"de\",\"@id\":\"https:\/\/now-news.de\/de\/#\/schema\/person\/image\/\",\"url\":\"https:\/\/secure.gravatar.com\/avatar\/82aafea7d8127119dd649515f56e2117?s=96&d=mm&r=g\",\"contentUrl\":\"https:\/\/secure.gravatar.com\/avatar\/82aafea7d8127119dd649515f56e2117?s=96&d=mm&r=g\",\"caption\":\"rtnews\"},\"url\":\"https:\/\/now-news.de\/de\/author\/rnews\/\"}]}<\/script>\n<!-- \/ Yoast SEO Premium plugin. -->","yoast_head_json":{"title":"Nur Stunden sp\u00e4ter: Merz rudert beim Thema AfD zur\u00fcck - just-now.NEWS Deutschland","robots":{"index":"index","follow":"follow","max-snippet":"max-snippet:-1","max-image-preview":"max-image-preview:large","max-video-preview":"max-video-preview:-1"},"canonical":"https:\/\/now-news.de\/de\/deutschland\/nur-stunden-spaeter-merz-rudert-beim-thema-afd-zurueck\/","og_locale":"de_DE","og_type":"article","og_title":"Nur Stunden sp\u00e4ter: Merz rudert beim Thema AfD zur\u00fcck","og_description":"Am Sonntag hatte der CDU-Chef Friedrich Merz im &#8220;ZDF-Sommerinterview&#8221; f\u00fcr einen &#8220;pragmatischen Umgang&#8221; mit der AfD auf kommunaler Ebene geworben. Nach Widerstand von allen Seiten, auch aus der CDU, relativierte Merz nun seine Aussagen. Nach scharfer Kritik aus den eigenen Reihen und der &#8220;Ampelkoalition&#8221; ist CDU-Chef Friedrich Merz beim Umgang mit der AfD zur\u00fcckgerudert. Die [&hellip;]","og_url":"https:\/\/now-news.de\/de\/deutschland\/nur-stunden-spaeter-merz-rudert-beim-thema-afd-zurueck\/","og_site_name":"just-now.NEWS Deutschland","article_publisher":"https:\/\/www.facebook.com\/wirmachenauf","article_published_time":"2023-07-24T09:41:31+00:00","og_image":[{"width":460,"height":259,"url":"https:\/\/now-news.de\/de\/wp-content\/uploads\/sites\/3\/2023\/07\/Nur-Stunden-spaeter-Merz-rudert-beim-Thema-AfD-zurueck.jpg","type":"image\/jpeg"}],"author":"rtnews","twitter_card":"summary_large_image","twitter_creator":"@WirMachenAuf_de","twitter_site":"@WirMachenAuf_de","twitter_misc":{"Verfasst von":"rtnews","Gesch\u00e4tzte Lesezeit":"3\u00a0Minuten"},"schema":{"@context":"https:\/\/schema.org","@graph":[{"@type":"Article","@id":"https:\/\/now-news.de\/de\/deutschland\/nur-stunden-spaeter-merz-rudert-beim-thema-afd-zurueck\/#article","isPartOf":{"@id":"https:\/\/now-news.de\/de\/deutschland\/nur-stunden-spaeter-merz-rudert-beim-thema-afd-zurueck\/"},"author":{"name":"rtnews","@id":"https:\/\/now-news.de\/de\/#\/schema\/person\/fb534a4e865501d8b3285208df34a9b5"},"headline":"Nur Stunden sp\u00e4ter: Merz rudert beim Thema AfD zur\u00fcck","datePublished":"2023-07-24T09:41:31+00:00","dateModified":"2023-07-24T09:41:31+00:00","mainEntityOfPage":{"@id":"https:\/\/now-news.de\/de\/deutschland\/nur-stunden-spaeter-merz-rudert-beim-thema-afd-zurueck\/"},"wordCount":546,"commentCount":0,"publisher":{"@id":"https:\/\/now-news.de\/de\/#organization"},"image":{"@id":"https:\/\/now-news.de\/de\/deutschland\/nur-stunden-spaeter-merz-rudert-beim-thema-afd-zurueck\/#primaryimage"},"thumbnailUrl":"https:\/\/now-news.de\/de\/wp-content\/uploads\/sites\/3\/2023\/07\/Nur-Stunden-spaeter-Merz-rudert-beim-Thema-AfD-zurueck.jpg","keywords":["AfD","beim","Merz","NUR","rudert","sp\u00e4ter","STUNDEN","Thema","zur\u00fcck"],"articleSection":["Deutschland","Russland"],"inLanguage":"de","potentialAction":[{"@type":"CommentAction","name":"Comment","target":["https:\/\/now-news.de\/de\/deutschland\/nur-stunden-spaeter-merz-rudert-beim-thema-afd-zurueck\/#respond"]}]},{"@type":"WebPage","@id":"https:\/\/now-news.de\/de\/deutschland\/nur-stunden-spaeter-merz-rudert-beim-thema-afd-zurueck\/","url":"https:\/\/now-news.de\/de\/deutschland\/nur-stunden-spaeter-merz-rudert-beim-thema-afd-zurueck\/","name":"Nur Stunden sp\u00e4ter: Merz rudert beim Thema AfD zur\u00fcck - just-now.NEWS Deutschland","isPartOf":{"@id":"https:\/\/now-news.de\/de\/#website"},"primaryImageOfPage":{"@id":"https:\/\/now-news.de\/de\/deutschland\/nur-stunden-spaeter-merz-rudert-beim-thema-afd-zurueck\/#primaryimage"},"image":{"@id":"https:\/\/now-news.de\/de\/deutschland\/nur-stunden-spaeter-merz-rudert-beim-thema-afd-zurueck\/#primaryimage"},"thumbnailUrl":"https:\/\/now-news.de\/de\/wp-content\/uploads\/sites\/3\/2023\/07\/Nur-Stunden-spaeter-Merz-rudert-beim-Thema-AfD-zurueck.jpg","datePublished":"2023-07-24T09:41:31+00:00","dateModified":"2023-07-24T09:41:31+00:00","breadcrumb":{"@id":"https:\/\/now-news.de\/de\/deutschland\/nur-stunden-spaeter-merz-rudert-beim-thema-afd-zurueck\/#breadcrumb"},"inLanguage":"de","potentialAction":[{"@type":"ReadAction","target":["https:\/\/now-news.de\/de\/deutschland\/nur-stunden-spaeter-merz-rudert-beim-thema-afd-zurueck\/"]}]},{"@type":"ImageObject","inLanguage":"de","@id":"https:\/\/now-news.de\/de\/deutschland\/nur-stunden-spaeter-merz-rudert-beim-thema-afd-zurueck\/#primaryimage","url":"https:\/\/now-news.de\/de\/wp-content\/uploads\/sites\/3\/2023\/07\/Nur-Stunden-spaeter-Merz-rudert-beim-Thema-AfD-zurueck.jpg","contentUrl":"https:\/\/now-news.de\/de\/wp-content\/uploads\/sites\/3\/2023\/07\/Nur-Stunden-spaeter-Merz-rudert-beim-Thema-AfD-zurueck.jpg","width":460,"height":259,"caption":"Nur Stunden sp\u00e4ter: Merz rudert beim Thema AfD zur\u00fcck"},{"@type":"BreadcrumbList","@id":"https:\/\/now-news.de\/de\/deutschland\/nur-stunden-spaeter-merz-rudert-beim-thema-afd-zurueck\/#breadcrumb","itemListElement":[{"@type":"ListItem","position":1,"name":"Home","item":"https:\/\/now-news.de\/de\/"},{"@type":"ListItem","position":2,"name":"Nur Stunden sp\u00e4ter: Merz rudert beim Thema AfD zur\u00fcck"}]},{"@type":"WebSite","@id":"https:\/\/now-news.de\/de\/#website","url":"https:\/\/now-news.de\/de\/","name":"just-now.NEWS Deutschland","description":"Das Portal f\u00fcr unzensierte Nachrichten aus der Welt","publisher":{"@id":"https:\/\/now-news.de\/de\/#organization"},"potentialAction":[{"@type":"SearchAction","target":{"@type":"EntryPoint","urlTemplate":"https:\/\/now-news.de\/de\/?s={search_term_string}"},"query-input":"required name=search_term_string"}],"inLanguage":"de"},{"@type":"Organization","@id":"https:\/\/now-news.de\/de\/#organization","name":"Just Now News","url":"https:\/\/now-news.de\/de\/","logo":{"@type":"ImageObject","inLanguage":"de","@id":"https:\/\/now-news.de\/de\/#\/schema\/logo\/image\/","url":"http:\/\/just-now.news\/de\/wp-content\/uploads\/sites\/3\/2022\/04\/logo500x500.jpg","contentUrl":"http:\/\/just-now.news\/de\/wp-content\/uploads\/sites\/3\/2022\/04\/logo500x500.jpg","width":500,"height":500,"caption":"Just Now News"},"image":{"@id":"https:\/\/now-news.de\/de\/#\/schema\/logo\/image\/"},"sameAs":["https:\/\/www.facebook.com\/wirmachenauf","https:\/\/x.com\/WirMachenAuf_de"]},{"@type":"Person","@id":"https:\/\/now-news.de\/de\/#\/schema\/person\/fb534a4e865501d8b3285208df34a9b5","name":"rtnews","image":{"@type":"ImageObject","inLanguage":"de","@id":"https:\/\/now-news.de\/de\/#\/schema\/person\/image\/","url":"https:\/\/secure.gravatar.com\/avatar\/82aafea7d8127119dd649515f56e2117?s=96&d=mm&r=g","contentUrl":"https:\/\/secure.gravatar.com\/avatar\/82aafea7d8127119dd649515f56e2117?s=96&d=mm&r=g","caption":"rtnews"},"url":"https:\/\/now-news.de\/de\/author\/rnews\/"}]}},"_links":{"self":[{"href":"https:\/\/now-news.de\/de\/wp-json\/wp\/v2\/posts\/40733"}],"collection":[{"href":"https:\/\/now-news.de\/de\/wp-json\/wp\/v2\/posts"}],"about":[{"href":"https:\/\/now-news.de\/de\/wp-json\/wp\/v2\/types\/post"}],"author":[{"embeddable":true,"href":"https:\/\/now-news.de\/de\/wp-json\/wp\/v2\/users\/3"}],"replies":[{"embeddable":true,"href":"https:\/\/now-news.de\/de\/wp-json\/wp\/v2\/comments?post=40733"}],"version-history":[{"count":0,"href":"https:\/\/now-news.de\/de\/wp-json\/wp\/v2\/posts\/40733\/revisions"}],"wp:featuredmedia":[{"embeddable":true,"href":"https:\/\/now-news.de\/de\/wp-json\/wp\/v2\/media\/40734"}],"wp:attachment":[{"href":"https:\/\/now-news.de\/de\/wp-json\/wp\/v2\/media?parent=40733"}],"wp:term":[{"taxonomy":"category","embeddable":true,"href":"https:\/\/now-news.de\/de\/wp-json\/wp\/v2\/categories?post=40733"},{"taxonomy":"post_tag","embeddable":true,"href":"https:\/\/now-news.de\/de\/wp-json\/wp\/v2\/tags?post=40733"}],"curies":[{"name":"wp","href":"https:\/\/api.w.org\/{rel}","templated":true}]}}