{"id":40686,"date":"2023-07-23T10:49:14","date_gmt":"2023-07-23T08:49:14","guid":{"rendered":"https:\/\/just-now.news\/de\/deutschland\/selenskij-verspricht-westlichen-verbuendeten-beschleunigung-der-gegenoffensive\/"},"modified":"2023-07-23T10:49:14","modified_gmt":"2023-07-23T08:49:14","slug":"selenskij-verspricht-westlichen-verbuendeten-beschleunigung-der-gegenoffensive","status":"publish","type":"post","link":"https:\/\/now-news.de\/de\/deutschland\/selenskij-verspricht-westlichen-verbuendeten-beschleunigung-der-gegenoffensive\/","title":{"rendered":"Selenskij verspricht westlichen Verb\u00fcndeten Beschleunigung der Gegenoffensive"},"content":{"rendered":"<p><img decoding=\"async\" src=\"http:\/\/just-now.news\/de\/wp-content\/uploads\/sites\/3\/2023\/07\/64bc278248fbef0465582505.jpg\" \/><\/p>\n<div class=\"Text-root Text-type_1 \">\n                Nach Angaben der Financial Times versprach Wladimir Selenskij seinen Verb\u00fcndeten, die Offensive zu beschleunigen. Er sagte, dass ukrainische Soldaten aktiv Gebiete an der Frontlinie entminen w\u00fcrden. Zuvor hatte Wladimir Putin erkl\u00e4rt, die ukrainische Gegenoffensive sei gescheitert.\n            <\/div>\n<p><\/p>\n<div class=\"Text-root Text-type_5 ArticleView-text ViewText-root \">\n<p>Der ukrainische Pr\u00e4sident Wladimir Selenskij hat seinen westlichen Verb\u00fcndeten versichert, dass die Gegenoffensive der ukrainischen Streitkr\u00e4fte in K\u00fcrze &#8220;an Schwung gewinnen&#8221; werde. So <a rel=\"nofollow noopener\" target=\"_blank\" href=\"https:\/\/www.ft.com\/content\/40dd5453-acb1-4037-a3b2-5a7bd8e50248\">zitiert<\/a>\u00a0die<em> Financial Times<\/em> Selenskijs Aussage auf dem Aspen Security Forum.<strong><em><\/em><\/strong><\/p>\n<p>Die &#8220;erzwungene Verz\u00f6gerung&#8221; bei der Einleitung der Gegenoffensive habe es Russland erm\u00f6glicht, zahlreiche Gebiete zu verminen und Verteidigungsanlagen zu errichten. Selenskij behauptete:<\/p>\n<blockquote>\n<p><em>&#8220;Wir n\u00e4hern uns dem Zeitpunkt, an dem die entsprechenden [Offensiv-]Aktionen an Fahrt gewinnen k\u00f6nnen, weil wir bereits durch die verminten Gebiete fahren und diese entminen.&#8221;<\/em><\/p>\n<\/blockquote>\n<p><em>Der Financial Times<\/em> zufolge zeigten sich Vertreter westlicher L\u00e4nder, die an dem Forum teilnahmen, &#8220;alarmiert \u00fcber den langsamen Fortschritt der Operation&#8221;. Die stellvertretende kanadische Premierministerin Chrystia Freeland teilte dem ukrainischen Pr\u00e4sidenten beispielsweise mit, dass der Fortschritt der Gegenoffensive &#8220;eine Frage ist, die jeden hier besch\u00e4ftigt&#8221; und &#8220;eine Sorge f\u00fcr alle Ihre Freunde auf der Welt&#8221; darstelle.<\/p>\n<p>Jake Sullivan, der nationale Sicherheitsberater des US-Pr\u00e4sidenten, unterstrich, dass die Ergebnisse der ukrainischen milit\u00e4rischen Bem\u00fchungen erst dann deutlich werden, wenn Kiew &#8220;seine Streitkr\u00e4fte vollst\u00e4ndig einsetzt&#8221;. Er teilte auch mit, dass der Schwerpunkt der Ukraine auf der Sicherstellung der Versorgung mit westlichen Kampfjets f\u00fcr die Gegenoffensive &#8220;fehl am Platz&#8221; sei, da die starke russische Luftabwehr verhindere, dass die Luftstreitkr\u00e4fte eine bedeutende Rolle in dem Konflikt spielen.<\/p>\n<p>Der britische Au\u00dfenminister James Cleverly erkl\u00e4rte der Zeitung, die Diskrepanz zwischen den Erwartungen an die ukrainische Gegenoffensive und den westlichen Verpflichtungen sei verst\u00e4ndlich, da der Westen seine eigenen Priorit\u00e4ten habe und die Ukraine einen anderen Ansatz verfolge.<\/p>\n<p>Die ukrainische Gegenoffensive entlang der Frontlinie l\u00e4uft seit Anfang Juni. Der russische Pr\u00e4sident Wladimir Putin hat erkl\u00e4rt, dass die ukrainischen Streitkr\u00e4fte zu keinem Zeitpunkt nennenswerte Fortschritte gemacht haben. Er bezeichnete die ukrainischen Verluste als &#8220;katastrophal&#8221;, wobei fast 50 Prozent seiner Meinung nach nicht wiedergutzumachen seien. Nach Angaben des russischen Verteidigungsministeriums hat die Ukraine seit Beginn der Gegenoffensive bis zum 11. Juli mehr als 26.000 Soldaten, 17 Leopard-Panzer, f\u00fcnf AMX-Radpanzer und zw\u00f6lf Bradley-Sch\u00fctzenpanzer verloren.<\/p>\n<p>Die ukrainischen Beh\u00f6rden geben zu, dass die Gegenoffensive langsamer vorankommt, als ihnen lieb ist, und es &#8220;praktisch unm\u00f6glich&#8221; ist, schnelle Ergebnisse zu erzielen. Laut dem ukrainischen Verteidigungsminister Alexei Resnikow h\u00e4ngt die Situation mit der Bewegung der ukrainischen Streitkr\u00e4fte durch verminte Gebiete zusammen, und die westlichen Partner verstehen dies. Waleri Saluschny, Oberbefehlshaber der ukrainischen Streitkr\u00e4fte, stellte fest:<\/p>\n<blockquote>\n<p><em>&#8220;Das ist keine Show, bei der die ganze Welt zuschaut und Wetten abschlie\u00dft oder \u00c4hnliches. Jeder Tag, jeder Meter wird mit Blut bezahlt.&#8221;<\/em><\/p>\n<\/blockquote>\n<p>Die westlichen L\u00e4nder, insbesondere die USA, haben zugesagt, die Ukraine so lange zu unterst\u00fctzen, wie es n\u00f6tig ist. Im Juli einigten sich die G7 auf Grunds\u00e4tze f\u00fcr langfristige Sicherheitsgarantien f\u00fcr die Ukraine und sagten zu, die Waffenlieferungen zu erh\u00f6hen. Russland hat die Milit\u00e4rhilfe f\u00fcr Kiew kritisiert und erkl\u00e4rt, sie trage nur zur Verl\u00e4ngerung des Konflikts bei, k\u00f6nne aber nicht verhindern, dass die milit\u00e4rische Spezialoperation ihre Ziele erreiche.<\/p>\n<p><strong>Mehr zum Thema<\/strong> \u2013 <a rel=\"nofollow noopener\" target=\"_blank\" href=\"https:\/\/freeassange.rtde.life\/kurzclips\/video\/175858-cia-direktor-langsames-tempo-ukrainischen\/\">CIA-Direktor: Langsames Tempo der ukrainischen Gegenoffensive keine \u00dcberraschung<\/a><\/p>\n<\/div>\n<p><br \/>\n<br \/><a href=\"https:\/\/de.rt.com\/international\/175961-selenskij-verspricht-westlichen-verbuendeten-beschleunigung-der-gegenoffensive\/\">Source link <\/a><\/p>\n","protected":false},"excerpt":{"rendered":"<p>Nach Angaben der Financial Times versprach Wladimir Selenskij seinen Verb\u00fcndeten, die Offensive zu beschleunigen. Er sagte, dass ukrainische Soldaten aktiv Gebiete an der Frontlinie entminen w\u00fcrden. Zuvor hatte Wladimir Putin erkl\u00e4rt, die ukrainische Gegenoffensive sei gescheitert. Der ukrainische Pr\u00e4sident Wladimir Selenskij hat seinen westlichen Verb\u00fcndeten versichert, dass die Gegenoffensive der ukrainischen Streitkr\u00e4fte in K\u00fcrze &#8220;an [&hellip;]<\/p>\n","protected":false},"author":3,"featured_media":40687,"comment_status":"open","ping_status":"open","sticky":false,"template":"","format":"standard","meta":{"_yoast_indexnow_last_ping":["1690102416"],"wp_automatic_camp":["217"],"80a9e727214386036d8ad868992f6416":["Selenskij verspricht westlichen Verb\u00fcndeten Beschleunigung der Gegenoffensive"],"original_link":["https:\/\/de.rt.com\/international\/175961-selenskij-verspricht-westlichen-verbuendeten-beschleunigung-der-gegenoffensive\/"],"_thumbnail_id":["40687"],"_wptgpro_p2tg_sent2tg":["a:1:{i:23737;s:19:\"2023-07-23 10:55:37\";}"],"jnews_social_counter_last_update":["1777444843"]},"categories":[19,23],"tags":[22195,82,33957,6158,27757,958,712],"yoast_head":"<!-- This site is optimized with the Yoast SEO Premium plugin v22.7 (Yoast SEO v22.7) - https:\/\/yoast.com\/wordpress\/plugins\/seo\/ -->\n<title>Selenskij verspricht westlichen Verb\u00fcndeten Beschleunigung der Gegenoffensive - just-now.NEWS Deutschland<\/title>\n<meta name=\"robots\" content=\"index, follow, max-snippet:-1, max-image-preview:large, max-video-preview:-1\" \/>\n<link rel=\"canonical\" href=\"https:\/\/now-news.de\/de\/deutschland\/selenskij-verspricht-westlichen-verbuendeten-beschleunigung-der-gegenoffensive\/\" \/>\n<meta property=\"og:locale\" content=\"de_DE\" \/>\n<meta property=\"og:type\" content=\"article\" \/>\n<meta property=\"og:title\" content=\"Selenskij verspricht westlichen Verb\u00fcndeten Beschleunigung der Gegenoffensive\" \/>\n<meta property=\"og:description\" content=\"Nach Angaben der Financial Times versprach Wladimir Selenskij seinen Verb\u00fcndeten, die Offensive zu beschleunigen. Er sagte, dass ukrainische Soldaten aktiv Gebiete an der Frontlinie entminen w\u00fcrden. Zuvor hatte Wladimir Putin erkl\u00e4rt, die ukrainische Gegenoffensive sei gescheitert. Der ukrainische Pr\u00e4sident Wladimir Selenskij hat seinen westlichen Verb\u00fcndeten versichert, dass die Gegenoffensive der ukrainischen Streitkr\u00e4fte in K\u00fcrze &#8220;an [&hellip;]\" \/>\n<meta property=\"og:url\" content=\"https:\/\/now-news.de\/de\/deutschland\/selenskij-verspricht-westlichen-verbuendeten-beschleunigung-der-gegenoffensive\/\" \/>\n<meta property=\"og:site_name\" content=\"just-now.NEWS Deutschland\" \/>\n<meta property=\"article:publisher\" content=\"https:\/\/www.facebook.com\/wirmachenauf\" \/>\n<meta property=\"article:published_time\" content=\"2023-07-23T08:49:14+00:00\" \/>\n<meta property=\"og:image\" content=\"https:\/\/now-news.de\/de\/wp-content\/uploads\/sites\/3\/2023\/07\/Selenskij-verspricht-westlichen-Verbuendeten-Beschleunigung-der-Gegenoffensive.jpg\" \/>\n\t<meta property=\"og:image:width\" content=\"460\" \/>\n\t<meta property=\"og:image:height\" content=\"259\" \/>\n\t<meta property=\"og:image:type\" content=\"image\/jpeg\" \/>\n<meta name=\"author\" content=\"rtnews\" \/>\n<meta name=\"twitter:card\" content=\"summary_large_image\" \/>\n<meta name=\"twitter:creator\" content=\"@WirMachenAuf_de\" \/>\n<meta name=\"twitter:site\" content=\"@WirMachenAuf_de\" \/>\n<meta name=\"twitter:label1\" content=\"Verfasst von\" \/>\n\t<meta name=\"twitter:data1\" content=\"rtnews\" \/>\n\t<meta name=\"twitter:label2\" content=\"Gesch\u00e4tzte Lesezeit\" \/>\n\t<meta name=\"twitter:data2\" content=\"3\u00a0Minuten\" \/>\n<script type=\"application\/ld+json\" class=\"yoast-schema-graph\">{\"@context\":\"https:\/\/schema.org\",\"@graph\":[{\"@type\":\"Article\",\"@id\":\"https:\/\/now-news.de\/de\/deutschland\/selenskij-verspricht-westlichen-verbuendeten-beschleunigung-der-gegenoffensive\/#article\",\"isPartOf\":{\"@id\":\"https:\/\/now-news.de\/de\/deutschland\/selenskij-verspricht-westlichen-verbuendeten-beschleunigung-der-gegenoffensive\/\"},\"author\":{\"name\":\"rtnews\",\"@id\":\"https:\/\/now-news.de\/de\/#\/schema\/person\/fb534a4e865501d8b3285208df34a9b5\"},\"headline\":\"Selenskij verspricht westlichen Verb\u00fcndeten Beschleunigung der Gegenoffensive\",\"datePublished\":\"2023-07-23T08:49:14+00:00\",\"dateModified\":\"2023-07-23T08:49:14+00:00\",\"mainEntityOfPage\":{\"@id\":\"https:\/\/now-news.de\/de\/deutschland\/selenskij-verspricht-westlichen-verbuendeten-beschleunigung-der-gegenoffensive\/\"},\"wordCount\":565,\"commentCount\":0,\"publisher\":{\"@id\":\"https:\/\/now-news.de\/de\/#organization\"},\"image\":{\"@id\":\"https:\/\/now-news.de\/de\/deutschland\/selenskij-verspricht-westlichen-verbuendeten-beschleunigung-der-gegenoffensive\/#primaryimage\"},\"thumbnailUrl\":\"https:\/\/now-news.de\/de\/wp-content\/uploads\/sites\/3\/2023\/07\/Selenskij-verspricht-westlichen-Verbuendeten-Beschleunigung-der-Gegenoffensive.jpg\",\"keywords\":[\"Beschleunigung\",\"der\",\"Gegenoffensive\",\"Selenskij\",\"Verb\u00fcndeten\",\"verspricht\",\"westlichen\"],\"articleSection\":[\"Deutschland\",\"Russland\"],\"inLanguage\":\"de\",\"potentialAction\":[{\"@type\":\"CommentAction\",\"name\":\"Comment\",\"target\":[\"https:\/\/now-news.de\/de\/deutschland\/selenskij-verspricht-westlichen-verbuendeten-beschleunigung-der-gegenoffensive\/#respond\"]}]},{\"@type\":\"WebPage\",\"@id\":\"https:\/\/now-news.de\/de\/deutschland\/selenskij-verspricht-westlichen-verbuendeten-beschleunigung-der-gegenoffensive\/\",\"url\":\"https:\/\/now-news.de\/de\/deutschland\/selenskij-verspricht-westlichen-verbuendeten-beschleunigung-der-gegenoffensive\/\",\"name\":\"Selenskij verspricht westlichen Verb\u00fcndeten Beschleunigung der Gegenoffensive - just-now.NEWS Deutschland\",\"isPartOf\":{\"@id\":\"https:\/\/now-news.de\/de\/#website\"},\"primaryImageOfPage\":{\"@id\":\"https:\/\/now-news.de\/de\/deutschland\/selenskij-verspricht-westlichen-verbuendeten-beschleunigung-der-gegenoffensive\/#primaryimage\"},\"image\":{\"@id\":\"https:\/\/now-news.de\/de\/deutschland\/selenskij-verspricht-westlichen-verbuendeten-beschleunigung-der-gegenoffensive\/#primaryimage\"},\"thumbnailUrl\":\"https:\/\/now-news.de\/de\/wp-content\/uploads\/sites\/3\/2023\/07\/Selenskij-verspricht-westlichen-Verbuendeten-Beschleunigung-der-Gegenoffensive.jpg\",\"datePublished\":\"2023-07-23T08:49:14+00:00\",\"dateModified\":\"2023-07-23T08:49:14+00:00\",\"breadcrumb\":{\"@id\":\"https:\/\/now-news.de\/de\/deutschland\/selenskij-verspricht-westlichen-verbuendeten-beschleunigung-der-gegenoffensive\/#breadcrumb\"},\"inLanguage\":\"de\",\"potentialAction\":[{\"@type\":\"ReadAction\",\"target\":[\"https:\/\/now-news.de\/de\/deutschland\/selenskij-verspricht-westlichen-verbuendeten-beschleunigung-der-gegenoffensive\/\"]}]},{\"@type\":\"ImageObject\",\"inLanguage\":\"de\",\"@id\":\"https:\/\/now-news.de\/de\/deutschland\/selenskij-verspricht-westlichen-verbuendeten-beschleunigung-der-gegenoffensive\/#primaryimage\",\"url\":\"https:\/\/now-news.de\/de\/wp-content\/uploads\/sites\/3\/2023\/07\/Selenskij-verspricht-westlichen-Verbuendeten-Beschleunigung-der-Gegenoffensive.jpg\",\"contentUrl\":\"https:\/\/now-news.de\/de\/wp-content\/uploads\/sites\/3\/2023\/07\/Selenskij-verspricht-westlichen-Verbuendeten-Beschleunigung-der-Gegenoffensive.jpg\",\"width\":460,\"height\":259,\"caption\":\"Selenskij verspricht westlichen Verb\u00fcndeten Beschleunigung der Gegenoffensive\"},{\"@type\":\"BreadcrumbList\",\"@id\":\"https:\/\/now-news.de\/de\/deutschland\/selenskij-verspricht-westlichen-verbuendeten-beschleunigung-der-gegenoffensive\/#breadcrumb\",\"itemListElement\":[{\"@type\":\"ListItem\",\"position\":1,\"name\":\"Home\",\"item\":\"https:\/\/now-news.de\/de\/\"},{\"@type\":\"ListItem\",\"position\":2,\"name\":\"Selenskij verspricht westlichen Verb\u00fcndeten Beschleunigung der Gegenoffensive\"}]},{\"@type\":\"WebSite\",\"@id\":\"https:\/\/now-news.de\/de\/#website\",\"url\":\"https:\/\/now-news.de\/de\/\",\"name\":\"just-now.NEWS Deutschland\",\"description\":\"Das Portal f\u00fcr unzensierte Nachrichten aus der Welt\",\"publisher\":{\"@id\":\"https:\/\/now-news.de\/de\/#organization\"},\"potentialAction\":[{\"@type\":\"SearchAction\",\"target\":{\"@type\":\"EntryPoint\",\"urlTemplate\":\"https:\/\/now-news.de\/de\/?s={search_term_string}\"},\"query-input\":\"required name=search_term_string\"}],\"inLanguage\":\"de\"},{\"@type\":\"Organization\",\"@id\":\"https:\/\/now-news.de\/de\/#organization\",\"name\":\"Just Now News\",\"url\":\"https:\/\/now-news.de\/de\/\",\"logo\":{\"@type\":\"ImageObject\",\"inLanguage\":\"de\",\"@id\":\"https:\/\/now-news.de\/de\/#\/schema\/logo\/image\/\",\"url\":\"http:\/\/just-now.news\/de\/wp-content\/uploads\/sites\/3\/2022\/04\/logo500x500.jpg\",\"contentUrl\":\"http:\/\/just-now.news\/de\/wp-content\/uploads\/sites\/3\/2022\/04\/logo500x500.jpg\",\"width\":500,\"height\":500,\"caption\":\"Just Now News\"},\"image\":{\"@id\":\"https:\/\/now-news.de\/de\/#\/schema\/logo\/image\/\"},\"sameAs\":[\"https:\/\/www.facebook.com\/wirmachenauf\",\"https:\/\/x.com\/WirMachenAuf_de\"]},{\"@type\":\"Person\",\"@id\":\"https:\/\/now-news.de\/de\/#\/schema\/person\/fb534a4e865501d8b3285208df34a9b5\",\"name\":\"rtnews\",\"image\":{\"@type\":\"ImageObject\",\"inLanguage\":\"de\",\"@id\":\"https:\/\/now-news.de\/de\/#\/schema\/person\/image\/\",\"url\":\"https:\/\/secure.gravatar.com\/avatar\/82aafea7d8127119dd649515f56e2117?s=96&d=mm&r=g\",\"contentUrl\":\"https:\/\/secure.gravatar.com\/avatar\/82aafea7d8127119dd649515f56e2117?s=96&d=mm&r=g\",\"caption\":\"rtnews\"},\"url\":\"https:\/\/now-news.de\/de\/author\/rnews\/\"}]}<\/script>\n<!-- \/ Yoast SEO Premium plugin. -->","yoast_head_json":{"title":"Selenskij verspricht westlichen Verb\u00fcndeten Beschleunigung der Gegenoffensive - just-now.NEWS Deutschland","robots":{"index":"index","follow":"follow","max-snippet":"max-snippet:-1","max-image-preview":"max-image-preview:large","max-video-preview":"max-video-preview:-1"},"canonical":"https:\/\/now-news.de\/de\/deutschland\/selenskij-verspricht-westlichen-verbuendeten-beschleunigung-der-gegenoffensive\/","og_locale":"de_DE","og_type":"article","og_title":"Selenskij verspricht westlichen Verb\u00fcndeten Beschleunigung der Gegenoffensive","og_description":"Nach Angaben der Financial Times versprach Wladimir Selenskij seinen Verb\u00fcndeten, die Offensive zu beschleunigen. Er sagte, dass ukrainische Soldaten aktiv Gebiete an der Frontlinie entminen w\u00fcrden. Zuvor hatte Wladimir Putin erkl\u00e4rt, die ukrainische Gegenoffensive sei gescheitert. Der ukrainische Pr\u00e4sident Wladimir Selenskij hat seinen westlichen Verb\u00fcndeten versichert, dass die Gegenoffensive der ukrainischen Streitkr\u00e4fte in K\u00fcrze &#8220;an [&hellip;]","og_url":"https:\/\/now-news.de\/de\/deutschland\/selenskij-verspricht-westlichen-verbuendeten-beschleunigung-der-gegenoffensive\/","og_site_name":"just-now.NEWS Deutschland","article_publisher":"https:\/\/www.facebook.com\/wirmachenauf","article_published_time":"2023-07-23T08:49:14+00:00","og_image":[{"width":460,"height":259,"url":"https:\/\/now-news.de\/de\/wp-content\/uploads\/sites\/3\/2023\/07\/Selenskij-verspricht-westlichen-Verbuendeten-Beschleunigung-der-Gegenoffensive.jpg","type":"image\/jpeg"}],"author":"rtnews","twitter_card":"summary_large_image","twitter_creator":"@WirMachenAuf_de","twitter_site":"@WirMachenAuf_de","twitter_misc":{"Verfasst von":"rtnews","Gesch\u00e4tzte Lesezeit":"3\u00a0Minuten"},"schema":{"@context":"https:\/\/schema.org","@graph":[{"@type":"Article","@id":"https:\/\/now-news.de\/de\/deutschland\/selenskij-verspricht-westlichen-verbuendeten-beschleunigung-der-gegenoffensive\/#article","isPartOf":{"@id":"https:\/\/now-news.de\/de\/deutschland\/selenskij-verspricht-westlichen-verbuendeten-beschleunigung-der-gegenoffensive\/"},"author":{"name":"rtnews","@id":"https:\/\/now-news.de\/de\/#\/schema\/person\/fb534a4e865501d8b3285208df34a9b5"},"headline":"Selenskij verspricht westlichen Verb\u00fcndeten Beschleunigung der Gegenoffensive","datePublished":"2023-07-23T08:49:14+00:00","dateModified":"2023-07-23T08:49:14+00:00","mainEntityOfPage":{"@id":"https:\/\/now-news.de\/de\/deutschland\/selenskij-verspricht-westlichen-verbuendeten-beschleunigung-der-gegenoffensive\/"},"wordCount":565,"commentCount":0,"publisher":{"@id":"https:\/\/now-news.de\/de\/#organization"},"image":{"@id":"https:\/\/now-news.de\/de\/deutschland\/selenskij-verspricht-westlichen-verbuendeten-beschleunigung-der-gegenoffensive\/#primaryimage"},"thumbnailUrl":"https:\/\/now-news.de\/de\/wp-content\/uploads\/sites\/3\/2023\/07\/Selenskij-verspricht-westlichen-Verbuendeten-Beschleunigung-der-Gegenoffensive.jpg","keywords":["Beschleunigung","der","Gegenoffensive","Selenskij","Verb\u00fcndeten","verspricht","westlichen"],"articleSection":["Deutschland","Russland"],"inLanguage":"de","potentialAction":[{"@type":"CommentAction","name":"Comment","target":["https:\/\/now-news.de\/de\/deutschland\/selenskij-verspricht-westlichen-verbuendeten-beschleunigung-der-gegenoffensive\/#respond"]}]},{"@type":"WebPage","@id":"https:\/\/now-news.de\/de\/deutschland\/selenskij-verspricht-westlichen-verbuendeten-beschleunigung-der-gegenoffensive\/","url":"https:\/\/now-news.de\/de\/deutschland\/selenskij-verspricht-westlichen-verbuendeten-beschleunigung-der-gegenoffensive\/","name":"Selenskij verspricht westlichen Verb\u00fcndeten Beschleunigung der Gegenoffensive - just-now.NEWS Deutschland","isPartOf":{"@id":"https:\/\/now-news.de\/de\/#website"},"primaryImageOfPage":{"@id":"https:\/\/now-news.de\/de\/deutschland\/selenskij-verspricht-westlichen-verbuendeten-beschleunigung-der-gegenoffensive\/#primaryimage"},"image":{"@id":"https:\/\/now-news.de\/de\/deutschland\/selenskij-verspricht-westlichen-verbuendeten-beschleunigung-der-gegenoffensive\/#primaryimage"},"thumbnailUrl":"https:\/\/now-news.de\/de\/wp-content\/uploads\/sites\/3\/2023\/07\/Selenskij-verspricht-westlichen-Verbuendeten-Beschleunigung-der-Gegenoffensive.jpg","datePublished":"2023-07-23T08:49:14+00:00","dateModified":"2023-07-23T08:49:14+00:00","breadcrumb":{"@id":"https:\/\/now-news.de\/de\/deutschland\/selenskij-verspricht-westlichen-verbuendeten-beschleunigung-der-gegenoffensive\/#breadcrumb"},"inLanguage":"de","potentialAction":[{"@type":"ReadAction","target":["https:\/\/now-news.de\/de\/deutschland\/selenskij-verspricht-westlichen-verbuendeten-beschleunigung-der-gegenoffensive\/"]}]},{"@type":"ImageObject","inLanguage":"de","@id":"https:\/\/now-news.de\/de\/deutschland\/selenskij-verspricht-westlichen-verbuendeten-beschleunigung-der-gegenoffensive\/#primaryimage","url":"https:\/\/now-news.de\/de\/wp-content\/uploads\/sites\/3\/2023\/07\/Selenskij-verspricht-westlichen-Verbuendeten-Beschleunigung-der-Gegenoffensive.jpg","contentUrl":"https:\/\/now-news.de\/de\/wp-content\/uploads\/sites\/3\/2023\/07\/Selenskij-verspricht-westlichen-Verbuendeten-Beschleunigung-der-Gegenoffensive.jpg","width":460,"height":259,"caption":"Selenskij verspricht westlichen Verb\u00fcndeten Beschleunigung der Gegenoffensive"},{"@type":"BreadcrumbList","@id":"https:\/\/now-news.de\/de\/deutschland\/selenskij-verspricht-westlichen-verbuendeten-beschleunigung-der-gegenoffensive\/#breadcrumb","itemListElement":[{"@type":"ListItem","position":1,"name":"Home","item":"https:\/\/now-news.de\/de\/"},{"@type":"ListItem","position":2,"name":"Selenskij verspricht westlichen Verb\u00fcndeten Beschleunigung der Gegenoffensive"}]},{"@type":"WebSite","@id":"https:\/\/now-news.de\/de\/#website","url":"https:\/\/now-news.de\/de\/","name":"just-now.NEWS Deutschland","description":"Das Portal f\u00fcr unzensierte Nachrichten aus der Welt","publisher":{"@id":"https:\/\/now-news.de\/de\/#organization"},"potentialAction":[{"@type":"SearchAction","target":{"@type":"EntryPoint","urlTemplate":"https:\/\/now-news.de\/de\/?s={search_term_string}"},"query-input":"required name=search_term_string"}],"inLanguage":"de"},{"@type":"Organization","@id":"https:\/\/now-news.de\/de\/#organization","name":"Just Now News","url":"https:\/\/now-news.de\/de\/","logo":{"@type":"ImageObject","inLanguage":"de","@id":"https:\/\/now-news.de\/de\/#\/schema\/logo\/image\/","url":"http:\/\/just-now.news\/de\/wp-content\/uploads\/sites\/3\/2022\/04\/logo500x500.jpg","contentUrl":"http:\/\/just-now.news\/de\/wp-content\/uploads\/sites\/3\/2022\/04\/logo500x500.jpg","width":500,"height":500,"caption":"Just Now News"},"image":{"@id":"https:\/\/now-news.de\/de\/#\/schema\/logo\/image\/"},"sameAs":["https:\/\/www.facebook.com\/wirmachenauf","https:\/\/x.com\/WirMachenAuf_de"]},{"@type":"Person","@id":"https:\/\/now-news.de\/de\/#\/schema\/person\/fb534a4e865501d8b3285208df34a9b5","name":"rtnews","image":{"@type":"ImageObject","inLanguage":"de","@id":"https:\/\/now-news.de\/de\/#\/schema\/person\/image\/","url":"https:\/\/secure.gravatar.com\/avatar\/82aafea7d8127119dd649515f56e2117?s=96&d=mm&r=g","contentUrl":"https:\/\/secure.gravatar.com\/avatar\/82aafea7d8127119dd649515f56e2117?s=96&d=mm&r=g","caption":"rtnews"},"url":"https:\/\/now-news.de\/de\/author\/rnews\/"}]}},"_links":{"self":[{"href":"https:\/\/now-news.de\/de\/wp-json\/wp\/v2\/posts\/40686"}],"collection":[{"href":"https:\/\/now-news.de\/de\/wp-json\/wp\/v2\/posts"}],"about":[{"href":"https:\/\/now-news.de\/de\/wp-json\/wp\/v2\/types\/post"}],"author":[{"embeddable":true,"href":"https:\/\/now-news.de\/de\/wp-json\/wp\/v2\/users\/3"}],"replies":[{"embeddable":true,"href":"https:\/\/now-news.de\/de\/wp-json\/wp\/v2\/comments?post=40686"}],"version-history":[{"count":0,"href":"https:\/\/now-news.de\/de\/wp-json\/wp\/v2\/posts\/40686\/revisions"}],"wp:featuredmedia":[{"embeddable":true,"href":"https:\/\/now-news.de\/de\/wp-json\/wp\/v2\/media\/40687"}],"wp:attachment":[{"href":"https:\/\/now-news.de\/de\/wp-json\/wp\/v2\/media?parent=40686"}],"wp:term":[{"taxonomy":"category","embeddable":true,"href":"https:\/\/now-news.de\/de\/wp-json\/wp\/v2\/categories?post=40686"},{"taxonomy":"post_tag","embeddable":true,"href":"https:\/\/now-news.de\/de\/wp-json\/wp\/v2\/tags?post=40686"}],"curies":[{"name":"wp","href":"https:\/\/api.w.org\/{rel}","templated":true}]}}