{"id":40580,"date":"2023-07-21T12:57:25","date_gmt":"2023-07-21T10:57:25","guid":{"rendered":"https:\/\/just-now.news\/de\/deutschland\/streit-um-koranverbrennung-eskaliert-irak-weist-schwedischen-botschafter-aus\/"},"modified":"2023-07-21T12:57:25","modified_gmt":"2023-07-21T10:57:25","slug":"streit-um-koranverbrennung-eskaliert-irak-weist-schwedischen-botschafter-aus","status":"publish","type":"post","link":"https:\/\/now-news.de\/de\/deutschland\/streit-um-koranverbrennung-eskaliert-irak-weist-schwedischen-botschafter-aus\/","title":{"rendered":"Streit um Koranverbrennung eskaliert \u2013 Irak weist schwedischen Botschafter aus"},"content":{"rendered":"<p><img decoding=\"async\" src=\"http:\/\/just-now.news\/de\/wp-content\/uploads\/sites\/3\/2023\/07\/64ba5888b480cc6cba42f9aa.jpg\" \/><\/p>\n<div class=\"Text-root Text-type_1 \">\n                Die Spannungen zwischen dem Irak und Schweden weiten sich aus: Die irakische Regierung hat den schwedischen Botschafter in Bagdad aufgefordert, das Land zu verlassen. Hintergrund ist der diplomatische Streit \u00fcber die j\u00fcngste Erlaubnis f\u00fcr eine Koranverbrennung in Stockholm.\n            <\/div>\n<p><\/p>\n<div class=\"Text-root Text-type_5 ArticleView-text ViewText-root \">\n<p>Der Irak hat im Zusammenhang mit dem Streit um Genehmigungen in Schweden f\u00fcr Koranverbrennungen in Stockholm den schwedischen Botschafter ausgewiesen. Gleichzeitig hat Bagdad auch seinen eigenen Botschafter in Schweden abberufen und den Gesch\u00e4ftsverkehr mit schwedischen Unternehmen ausgesetzt.<\/p>\n<p>Am Donnerstag hatten Demonstranten in der irakischen Hauptstadt zum zweiten Mal die schwedische Botschaft gest\u00fcrmt und sie in Brand gesetzt. Der schwedische Au\u00dfenminister Tobias Billstr\u00f6m bezeichnete die Proteste als &#8220;v\u00f6llig inakzeptabel&#8221;.<\/p>\n<p>&#8220;Die irakischen Beh\u00f6rden sind nach dem Wiener \u00dcbereinkommen eindeutig verpflichtet, die diplomatischen Vertretungen und ihr Personal zu sch\u00fctzen&#8221;, f\u00fcgte Billstr\u00f6m hinzu.<\/p>\n<p>Auch die USA, Gro\u00dfbritannien und die EU verurteilten den Angriff auf die schwedische Botschaft. Die USA erkl\u00e4rten, es sei &#8220;inakzeptabel&#8221;, dass die irakischen Streitkr\u00e4fte die schwedische Botschaft im Irak nicht gesch\u00fctzt h\u00e4tten.<\/p>\n<p>Hunderte von Menschen hatte die Botschaft gest\u00fcrmt, nachdem sie erfahren hatten, dass der irakische christliche Fl\u00fcchtling Salwan Momika von der schwedischen Polizei die Erlaubnis erhalten hatte, zum zweiten Mal einen Koran in Stockholm zu verbrennen. Momika trampelte zwar auf dem Koran herum, z\u00fcndete ihn diesmal jedoch \u2013 im Gegensatz zu seiner Aktion vor einem Monat \u2013 nicht an.<\/p>\n<p>Muslime betrachten den Koran als das Wort Gottes und betrachten jede absichtliche Besch\u00e4digung oder Respektlosigkeit dem Buch gegen\u00fcber als zutiefst beleidigend.<\/p>\n<p><strong>Kritik aus Iran,\u00a0der T\u00fcrkei, Katar und Saudi-Arabien<\/strong><\/p>\n<p>Die Demonstranten in Bagdad, bei denen es sich haupts\u00e4chlich um Anh\u00e4nger des schiitischen Geistlichen Muqtada as-Sadr handeln soll, kletterten auf die Mauern der schwedischen Botschaft, legten auf dem Botschaftsgel\u00e4nde Feuer und stie\u00dfen mit der Bereitschaftspolizei zusammen.<\/p>\n<p>Schweden erkl\u00e4rte, dass alle Mitarbeiter der Botschaft in Bagdad in Sicherheit seien. Die irakische Regierung verurteilte den Angriff auf die schwedische Botschaft aufs Sch\u00e4rfste und erkl\u00e4rte, dass 20 Personen in Gewahrsam genommen worden seien.<\/p>\n<p>Sie hatte die schwedische Regierung jedoch auch gewarnt, dass sie die diplomatischen Beziehungen abbrechen w\u00fcrde, sollte sie die zweite Koranverbrennung durch Momika zulassen.<\/p>\n<p>Nach Angaben der staatlichen irakischen Nachrichtenagentur <em>INA<\/em> wurden die Arbeitserlaubnisse f\u00fcr schwedische Unternehmen wie dem Telekommunikationsriesen Ericsson ausgesetzt.<\/p>\n<p>L\u00e4nder wie Iran, Katar, Saudi-Arabien und die T\u00fcrkei haben alle die Genehmigung f\u00fcr Koranverbrennungen verurteilt. Der Streit um den Koran hat die Aufmerksamkeit vieler L\u00e4nder mit muslimischer Bev\u00f6lkerungsmehrheit auf sich gezogen \u2013 wie auch die des Papstes, der seinerseits das Vorgehen von Momika verurteilte.<\/p>\n<p>Anfang dieses Monats erhielt ebenfalls ein anderer Mann die Erlaubnis, die Thora vor der israelischen Botschaft in Stockholm zu verbrennen. Der Mann machte seine Drohung nicht wahr, sondern sagte, er wolle zeigen, dass die Meinungsfreiheit ihre Grenzen habe und diese ber\u00fccksichtigt werden m\u00fcssten.<\/p>\n<p>Kritik an Religionen ist in Schweden von der Meinungsfreiheit gedeckt. Rechtsexperten betrachten es als schwierige Frage, ob das Verbrennen einer heiligen Schrift den Tatbestand der Volksverhetzung darstellt.<\/p>\n<p><strong>Mehr zum Thema<\/strong> \u2013 <a rel=\"nofollow noopener\" target=\"_blank\" href=\"https:\/\/freeassange.rtde.life\/der-nahe-osten\/175746-protest-gegen-koranverbrennungen-schwedische-botschaft-im-irak-gesuermt-und-in-brand-gesetzt\/\">Protest gegen Koranverbrennungen: Schwedische Botschaft im Irak gest\u00fcrmt und in Brand gesetzt<\/a><\/p>\n<div class=\"EmbedBlock-root EmbedBlock-externalVideo EmbedBlock-vk\">\n<div class=\"VkEmbed\"><iframe class=\"lazyload\" data-src=\"https:\/\/vk.com\/video_ext.php?oid=-134310637&amp;id=456268483&amp;hash=4006684be2b3a49b\" frameborder=\"0\" width=\"853\" height=\"480\" allowfullscreen><\/iframe><\/div>\n<\/div>\n<\/div>\n<p><br \/>\n<br \/><a href=\"https:\/\/de.rt.com\/international\/175848-streit-um-koranverbrennung-eskaliert-irak-weist-schwedischen-botschafter-aus\/\">Source link <\/a><\/p>\n","protected":false},"excerpt":{"rendered":"<p>Die Spannungen zwischen dem Irak und Schweden weiten sich aus: Die irakische Regierung hat den schwedischen Botschafter in Bagdad aufgefordert, das Land zu verlassen. Hintergrund ist der diplomatische Streit \u00fcber die j\u00fcngste Erlaubnis f\u00fcr eine Koranverbrennung in Stockholm. Der Irak hat im Zusammenhang mit dem Streit um Genehmigungen in Schweden f\u00fcr Koranverbrennungen in Stockholm den [&hellip;]<\/p>\n","protected":false},"author":3,"featured_media":40581,"comment_status":"open","ping_status":"open","sticky":false,"template":"","format":"standard","meta":{"_yoast_indexnow_last_ping":["1689937914"],"wp_automatic_camp":["217"],"7e69a74788fae83d5c9f74be8603498d":["Streit um Koranverbrennung eskaliert \u2013 Irak weist schwedischen Botschafter aus"],"original_link":["https:\/\/de.rt.com\/international\/175848-streit-um-koranverbrennung-eskaliert-irak-weist-schwedischen-botschafter-aus\/"],"_thumbnail_id":["40581"],"_wptgpro_p2tg_sent2tg":["a:1:{i:23737;s:19:\"2023-07-21 13:12:58\";}"],"jnews_social_counter_last_update":["1777343752"]},"categories":[19,23],"tags":[679,4992,24074,16849,39465,35590,8148,3334],"yoast_head":"<!-- This site is optimized with the Yoast SEO Premium plugin v22.7 (Yoast SEO v22.7) - https:\/\/yoast.com\/wordpress\/plugins\/seo\/ -->\n<title>Streit um Koranverbrennung eskaliert \u2013 Irak weist schwedischen Botschafter aus - just-now.NEWS Deutschland<\/title>\n<meta name=\"robots\" content=\"index, follow, max-snippet:-1, max-image-preview:large, max-video-preview:-1\" \/>\n<link rel=\"canonical\" href=\"https:\/\/now-news.de\/de\/deutschland\/streit-um-koranverbrennung-eskaliert-irak-weist-schwedischen-botschafter-aus\/\" \/>\n<meta property=\"og:locale\" content=\"de_DE\" \/>\n<meta property=\"og:type\" content=\"article\" \/>\n<meta property=\"og:title\" content=\"Streit um Koranverbrennung eskaliert \u2013 Irak weist schwedischen Botschafter aus\" \/>\n<meta property=\"og:description\" content=\"Die Spannungen zwischen dem Irak und Schweden weiten sich aus: Die irakische Regierung hat den schwedischen Botschafter in Bagdad aufgefordert, das Land zu verlassen. Hintergrund ist der diplomatische Streit \u00fcber die j\u00fcngste Erlaubnis f\u00fcr eine Koranverbrennung in Stockholm. Der Irak hat im Zusammenhang mit dem Streit um Genehmigungen in Schweden f\u00fcr Koranverbrennungen in Stockholm den [&hellip;]\" \/>\n<meta property=\"og:url\" content=\"https:\/\/now-news.de\/de\/deutschland\/streit-um-koranverbrennung-eskaliert-irak-weist-schwedischen-botschafter-aus\/\" \/>\n<meta property=\"og:site_name\" content=\"just-now.NEWS Deutschland\" \/>\n<meta property=\"article:publisher\" content=\"https:\/\/www.facebook.com\/wirmachenauf\" \/>\n<meta property=\"article:published_time\" content=\"2023-07-21T10:57:25+00:00\" \/>\n<meta property=\"og:image\" content=\"https:\/\/now-news.de\/de\/wp-content\/uploads\/sites\/3\/2023\/07\/Streit-um-Koranverbrennung-eskaliert-\u2013-Irak-weist-schwedischen-Botschafter-aus.jpg\" \/>\n\t<meta property=\"og:image:width\" content=\"460\" \/>\n\t<meta property=\"og:image:height\" content=\"259\" \/>\n\t<meta property=\"og:image:type\" content=\"image\/jpeg\" \/>\n<meta name=\"author\" content=\"rtnews\" \/>\n<meta name=\"twitter:card\" content=\"summary_large_image\" \/>\n<meta name=\"twitter:creator\" content=\"@WirMachenAuf_de\" \/>\n<meta name=\"twitter:site\" content=\"@WirMachenAuf_de\" \/>\n<meta name=\"twitter:label1\" content=\"Verfasst von\" \/>\n\t<meta name=\"twitter:data1\" content=\"rtnews\" \/>\n\t<meta name=\"twitter:label2\" content=\"Gesch\u00e4tzte Lesezeit\" \/>\n\t<meta name=\"twitter:data2\" content=\"3\u00a0Minuten\" \/>\n<script type=\"application\/ld+json\" class=\"yoast-schema-graph\">{\"@context\":\"https:\/\/schema.org\",\"@graph\":[{\"@type\":\"Article\",\"@id\":\"https:\/\/now-news.de\/de\/deutschland\/streit-um-koranverbrennung-eskaliert-irak-weist-schwedischen-botschafter-aus\/#article\",\"isPartOf\":{\"@id\":\"https:\/\/now-news.de\/de\/deutschland\/streit-um-koranverbrennung-eskaliert-irak-weist-schwedischen-botschafter-aus\/\"},\"author\":{\"name\":\"rtnews\",\"@id\":\"https:\/\/now-news.de\/de\/#\/schema\/person\/fb534a4e865501d8b3285208df34a9b5\"},\"headline\":\"Streit um Koranverbrennung eskaliert \u2013 Irak weist schwedischen Botschafter aus\",\"datePublished\":\"2023-07-21T10:57:25+00:00\",\"dateModified\":\"2023-07-21T10:57:25+00:00\",\"mainEntityOfPage\":{\"@id\":\"https:\/\/now-news.de\/de\/deutschland\/streit-um-koranverbrennung-eskaliert-irak-weist-schwedischen-botschafter-aus\/\"},\"wordCount\":534,\"commentCount\":0,\"publisher\":{\"@id\":\"https:\/\/now-news.de\/de\/#organization\"},\"image\":{\"@id\":\"https:\/\/now-news.de\/de\/deutschland\/streit-um-koranverbrennung-eskaliert-irak-weist-schwedischen-botschafter-aus\/#primaryimage\"},\"thumbnailUrl\":\"https:\/\/now-news.de\/de\/wp-content\/uploads\/sites\/3\/2023\/07\/Streit-um-Koranverbrennung-eskaliert-\u2013-Irak-weist-schwedischen-Botschafter-aus.jpg\",\"keywords\":[\"aus\",\"Botschafter\",\"eskaliert\",\"Irak\",\"KoranVerbrennung\",\"schwedischen\",\"Streit\",\"weist\"],\"articleSection\":[\"Deutschland\",\"Russland\"],\"inLanguage\":\"de\",\"potentialAction\":[{\"@type\":\"CommentAction\",\"name\":\"Comment\",\"target\":[\"https:\/\/now-news.de\/de\/deutschland\/streit-um-koranverbrennung-eskaliert-irak-weist-schwedischen-botschafter-aus\/#respond\"]}]},{\"@type\":\"WebPage\",\"@id\":\"https:\/\/now-news.de\/de\/deutschland\/streit-um-koranverbrennung-eskaliert-irak-weist-schwedischen-botschafter-aus\/\",\"url\":\"https:\/\/now-news.de\/de\/deutschland\/streit-um-koranverbrennung-eskaliert-irak-weist-schwedischen-botschafter-aus\/\",\"name\":\"Streit um Koranverbrennung eskaliert \u2013 Irak weist schwedischen Botschafter aus - just-now.NEWS Deutschland\",\"isPartOf\":{\"@id\":\"https:\/\/now-news.de\/de\/#website\"},\"primaryImageOfPage\":{\"@id\":\"https:\/\/now-news.de\/de\/deutschland\/streit-um-koranverbrennung-eskaliert-irak-weist-schwedischen-botschafter-aus\/#primaryimage\"},\"image\":{\"@id\":\"https:\/\/now-news.de\/de\/deutschland\/streit-um-koranverbrennung-eskaliert-irak-weist-schwedischen-botschafter-aus\/#primaryimage\"},\"thumbnailUrl\":\"https:\/\/now-news.de\/de\/wp-content\/uploads\/sites\/3\/2023\/07\/Streit-um-Koranverbrennung-eskaliert-\u2013-Irak-weist-schwedischen-Botschafter-aus.jpg\",\"datePublished\":\"2023-07-21T10:57:25+00:00\",\"dateModified\":\"2023-07-21T10:57:25+00:00\",\"breadcrumb\":{\"@id\":\"https:\/\/now-news.de\/de\/deutschland\/streit-um-koranverbrennung-eskaliert-irak-weist-schwedischen-botschafter-aus\/#breadcrumb\"},\"inLanguage\":\"de\",\"potentialAction\":[{\"@type\":\"ReadAction\",\"target\":[\"https:\/\/now-news.de\/de\/deutschland\/streit-um-koranverbrennung-eskaliert-irak-weist-schwedischen-botschafter-aus\/\"]}]},{\"@type\":\"ImageObject\",\"inLanguage\":\"de\",\"@id\":\"https:\/\/now-news.de\/de\/deutschland\/streit-um-koranverbrennung-eskaliert-irak-weist-schwedischen-botschafter-aus\/#primaryimage\",\"url\":\"https:\/\/now-news.de\/de\/wp-content\/uploads\/sites\/3\/2023\/07\/Streit-um-Koranverbrennung-eskaliert-\u2013-Irak-weist-schwedischen-Botschafter-aus.jpg\",\"contentUrl\":\"https:\/\/now-news.de\/de\/wp-content\/uploads\/sites\/3\/2023\/07\/Streit-um-Koranverbrennung-eskaliert-\u2013-Irak-weist-schwedischen-Botschafter-aus.jpg\",\"width\":460,\"height\":259,\"caption\":\"Streit um Koranverbrennung eskaliert \u2013 Irak weist schwedischen Botschafter aus\"},{\"@type\":\"BreadcrumbList\",\"@id\":\"https:\/\/now-news.de\/de\/deutschland\/streit-um-koranverbrennung-eskaliert-irak-weist-schwedischen-botschafter-aus\/#breadcrumb\",\"itemListElement\":[{\"@type\":\"ListItem\",\"position\":1,\"name\":\"Home\",\"item\":\"https:\/\/now-news.de\/de\/\"},{\"@type\":\"ListItem\",\"position\":2,\"name\":\"Streit um Koranverbrennung eskaliert \u2013 Irak weist schwedischen Botschafter aus\"}]},{\"@type\":\"WebSite\",\"@id\":\"https:\/\/now-news.de\/de\/#website\",\"url\":\"https:\/\/now-news.de\/de\/\",\"name\":\"just-now.NEWS Deutschland\",\"description\":\"Das Portal f\u00fcr unzensierte Nachrichten aus der Welt\",\"publisher\":{\"@id\":\"https:\/\/now-news.de\/de\/#organization\"},\"potentialAction\":[{\"@type\":\"SearchAction\",\"target\":{\"@type\":\"EntryPoint\",\"urlTemplate\":\"https:\/\/now-news.de\/de\/?s={search_term_string}\"},\"query-input\":\"required name=search_term_string\"}],\"inLanguage\":\"de\"},{\"@type\":\"Organization\",\"@id\":\"https:\/\/now-news.de\/de\/#organization\",\"name\":\"Just Now News\",\"url\":\"https:\/\/now-news.de\/de\/\",\"logo\":{\"@type\":\"ImageObject\",\"inLanguage\":\"de\",\"@id\":\"https:\/\/now-news.de\/de\/#\/schema\/logo\/image\/\",\"url\":\"http:\/\/just-now.news\/de\/wp-content\/uploads\/sites\/3\/2022\/04\/logo500x500.jpg\",\"contentUrl\":\"http:\/\/just-now.news\/de\/wp-content\/uploads\/sites\/3\/2022\/04\/logo500x500.jpg\",\"width\":500,\"height\":500,\"caption\":\"Just Now News\"},\"image\":{\"@id\":\"https:\/\/now-news.de\/de\/#\/schema\/logo\/image\/\"},\"sameAs\":[\"https:\/\/www.facebook.com\/wirmachenauf\",\"https:\/\/x.com\/WirMachenAuf_de\"]},{\"@type\":\"Person\",\"@id\":\"https:\/\/now-news.de\/de\/#\/schema\/person\/fb534a4e865501d8b3285208df34a9b5\",\"name\":\"rtnews\",\"image\":{\"@type\":\"ImageObject\",\"inLanguage\":\"de\",\"@id\":\"https:\/\/now-news.de\/de\/#\/schema\/person\/image\/\",\"url\":\"https:\/\/secure.gravatar.com\/avatar\/82aafea7d8127119dd649515f56e2117?s=96&d=mm&r=g\",\"contentUrl\":\"https:\/\/secure.gravatar.com\/avatar\/82aafea7d8127119dd649515f56e2117?s=96&d=mm&r=g\",\"caption\":\"rtnews\"},\"url\":\"https:\/\/now-news.de\/de\/author\/rnews\/\"}]}<\/script>\n<!-- \/ Yoast SEO Premium plugin. -->","yoast_head_json":{"title":"Streit um Koranverbrennung eskaliert \u2013 Irak weist schwedischen Botschafter aus - just-now.NEWS Deutschland","robots":{"index":"index","follow":"follow","max-snippet":"max-snippet:-1","max-image-preview":"max-image-preview:large","max-video-preview":"max-video-preview:-1"},"canonical":"https:\/\/now-news.de\/de\/deutschland\/streit-um-koranverbrennung-eskaliert-irak-weist-schwedischen-botschafter-aus\/","og_locale":"de_DE","og_type":"article","og_title":"Streit um Koranverbrennung eskaliert \u2013 Irak weist schwedischen Botschafter aus","og_description":"Die Spannungen zwischen dem Irak und Schweden weiten sich aus: Die irakische Regierung hat den schwedischen Botschafter in Bagdad aufgefordert, das Land zu verlassen. Hintergrund ist der diplomatische Streit \u00fcber die j\u00fcngste Erlaubnis f\u00fcr eine Koranverbrennung in Stockholm. Der Irak hat im Zusammenhang mit dem Streit um Genehmigungen in Schweden f\u00fcr Koranverbrennungen in Stockholm den [&hellip;]","og_url":"https:\/\/now-news.de\/de\/deutschland\/streit-um-koranverbrennung-eskaliert-irak-weist-schwedischen-botschafter-aus\/","og_site_name":"just-now.NEWS Deutschland","article_publisher":"https:\/\/www.facebook.com\/wirmachenauf","article_published_time":"2023-07-21T10:57:25+00:00","og_image":[{"width":460,"height":259,"url":"https:\/\/now-news.de\/de\/wp-content\/uploads\/sites\/3\/2023\/07\/Streit-um-Koranverbrennung-eskaliert-\u2013-Irak-weist-schwedischen-Botschafter-aus.jpg","type":"image\/jpeg"}],"author":"rtnews","twitter_card":"summary_large_image","twitter_creator":"@WirMachenAuf_de","twitter_site":"@WirMachenAuf_de","twitter_misc":{"Verfasst von":"rtnews","Gesch\u00e4tzte Lesezeit":"3\u00a0Minuten"},"schema":{"@context":"https:\/\/schema.org","@graph":[{"@type":"Article","@id":"https:\/\/now-news.de\/de\/deutschland\/streit-um-koranverbrennung-eskaliert-irak-weist-schwedischen-botschafter-aus\/#article","isPartOf":{"@id":"https:\/\/now-news.de\/de\/deutschland\/streit-um-koranverbrennung-eskaliert-irak-weist-schwedischen-botschafter-aus\/"},"author":{"name":"rtnews","@id":"https:\/\/now-news.de\/de\/#\/schema\/person\/fb534a4e865501d8b3285208df34a9b5"},"headline":"Streit um Koranverbrennung eskaliert \u2013 Irak weist schwedischen Botschafter aus","datePublished":"2023-07-21T10:57:25+00:00","dateModified":"2023-07-21T10:57:25+00:00","mainEntityOfPage":{"@id":"https:\/\/now-news.de\/de\/deutschland\/streit-um-koranverbrennung-eskaliert-irak-weist-schwedischen-botschafter-aus\/"},"wordCount":534,"commentCount":0,"publisher":{"@id":"https:\/\/now-news.de\/de\/#organization"},"image":{"@id":"https:\/\/now-news.de\/de\/deutschland\/streit-um-koranverbrennung-eskaliert-irak-weist-schwedischen-botschafter-aus\/#primaryimage"},"thumbnailUrl":"https:\/\/now-news.de\/de\/wp-content\/uploads\/sites\/3\/2023\/07\/Streit-um-Koranverbrennung-eskaliert-\u2013-Irak-weist-schwedischen-Botschafter-aus.jpg","keywords":["aus","Botschafter","eskaliert","Irak","KoranVerbrennung","schwedischen","Streit","weist"],"articleSection":["Deutschland","Russland"],"inLanguage":"de","potentialAction":[{"@type":"CommentAction","name":"Comment","target":["https:\/\/now-news.de\/de\/deutschland\/streit-um-koranverbrennung-eskaliert-irak-weist-schwedischen-botschafter-aus\/#respond"]}]},{"@type":"WebPage","@id":"https:\/\/now-news.de\/de\/deutschland\/streit-um-koranverbrennung-eskaliert-irak-weist-schwedischen-botschafter-aus\/","url":"https:\/\/now-news.de\/de\/deutschland\/streit-um-koranverbrennung-eskaliert-irak-weist-schwedischen-botschafter-aus\/","name":"Streit um Koranverbrennung eskaliert \u2013 Irak weist schwedischen Botschafter aus - just-now.NEWS Deutschland","isPartOf":{"@id":"https:\/\/now-news.de\/de\/#website"},"primaryImageOfPage":{"@id":"https:\/\/now-news.de\/de\/deutschland\/streit-um-koranverbrennung-eskaliert-irak-weist-schwedischen-botschafter-aus\/#primaryimage"},"image":{"@id":"https:\/\/now-news.de\/de\/deutschland\/streit-um-koranverbrennung-eskaliert-irak-weist-schwedischen-botschafter-aus\/#primaryimage"},"thumbnailUrl":"https:\/\/now-news.de\/de\/wp-content\/uploads\/sites\/3\/2023\/07\/Streit-um-Koranverbrennung-eskaliert-\u2013-Irak-weist-schwedischen-Botschafter-aus.jpg","datePublished":"2023-07-21T10:57:25+00:00","dateModified":"2023-07-21T10:57:25+00:00","breadcrumb":{"@id":"https:\/\/now-news.de\/de\/deutschland\/streit-um-koranverbrennung-eskaliert-irak-weist-schwedischen-botschafter-aus\/#breadcrumb"},"inLanguage":"de","potentialAction":[{"@type":"ReadAction","target":["https:\/\/now-news.de\/de\/deutschland\/streit-um-koranverbrennung-eskaliert-irak-weist-schwedischen-botschafter-aus\/"]}]},{"@type":"ImageObject","inLanguage":"de","@id":"https:\/\/now-news.de\/de\/deutschland\/streit-um-koranverbrennung-eskaliert-irak-weist-schwedischen-botschafter-aus\/#primaryimage","url":"https:\/\/now-news.de\/de\/wp-content\/uploads\/sites\/3\/2023\/07\/Streit-um-Koranverbrennung-eskaliert-\u2013-Irak-weist-schwedischen-Botschafter-aus.jpg","contentUrl":"https:\/\/now-news.de\/de\/wp-content\/uploads\/sites\/3\/2023\/07\/Streit-um-Koranverbrennung-eskaliert-\u2013-Irak-weist-schwedischen-Botschafter-aus.jpg","width":460,"height":259,"caption":"Streit um Koranverbrennung eskaliert \u2013 Irak weist schwedischen Botschafter aus"},{"@type":"BreadcrumbList","@id":"https:\/\/now-news.de\/de\/deutschland\/streit-um-koranverbrennung-eskaliert-irak-weist-schwedischen-botschafter-aus\/#breadcrumb","itemListElement":[{"@type":"ListItem","position":1,"name":"Home","item":"https:\/\/now-news.de\/de\/"},{"@type":"ListItem","position":2,"name":"Streit um Koranverbrennung eskaliert \u2013 Irak weist schwedischen Botschafter aus"}]},{"@type":"WebSite","@id":"https:\/\/now-news.de\/de\/#website","url":"https:\/\/now-news.de\/de\/","name":"just-now.NEWS Deutschland","description":"Das Portal f\u00fcr unzensierte Nachrichten aus der Welt","publisher":{"@id":"https:\/\/now-news.de\/de\/#organization"},"potentialAction":[{"@type":"SearchAction","target":{"@type":"EntryPoint","urlTemplate":"https:\/\/now-news.de\/de\/?s={search_term_string}"},"query-input":"required name=search_term_string"}],"inLanguage":"de"},{"@type":"Organization","@id":"https:\/\/now-news.de\/de\/#organization","name":"Just Now News","url":"https:\/\/now-news.de\/de\/","logo":{"@type":"ImageObject","inLanguage":"de","@id":"https:\/\/now-news.de\/de\/#\/schema\/logo\/image\/","url":"http:\/\/just-now.news\/de\/wp-content\/uploads\/sites\/3\/2022\/04\/logo500x500.jpg","contentUrl":"http:\/\/just-now.news\/de\/wp-content\/uploads\/sites\/3\/2022\/04\/logo500x500.jpg","width":500,"height":500,"caption":"Just Now News"},"image":{"@id":"https:\/\/now-news.de\/de\/#\/schema\/logo\/image\/"},"sameAs":["https:\/\/www.facebook.com\/wirmachenauf","https:\/\/x.com\/WirMachenAuf_de"]},{"@type":"Person","@id":"https:\/\/now-news.de\/de\/#\/schema\/person\/fb534a4e865501d8b3285208df34a9b5","name":"rtnews","image":{"@type":"ImageObject","inLanguage":"de","@id":"https:\/\/now-news.de\/de\/#\/schema\/person\/image\/","url":"https:\/\/secure.gravatar.com\/avatar\/82aafea7d8127119dd649515f56e2117?s=96&d=mm&r=g","contentUrl":"https:\/\/secure.gravatar.com\/avatar\/82aafea7d8127119dd649515f56e2117?s=96&d=mm&r=g","caption":"rtnews"},"url":"https:\/\/now-news.de\/de\/author\/rnews\/"}]}},"_links":{"self":[{"href":"https:\/\/now-news.de\/de\/wp-json\/wp\/v2\/posts\/40580"}],"collection":[{"href":"https:\/\/now-news.de\/de\/wp-json\/wp\/v2\/posts"}],"about":[{"href":"https:\/\/now-news.de\/de\/wp-json\/wp\/v2\/types\/post"}],"author":[{"embeddable":true,"href":"https:\/\/now-news.de\/de\/wp-json\/wp\/v2\/users\/3"}],"replies":[{"embeddable":true,"href":"https:\/\/now-news.de\/de\/wp-json\/wp\/v2\/comments?post=40580"}],"version-history":[{"count":0,"href":"https:\/\/now-news.de\/de\/wp-json\/wp\/v2\/posts\/40580\/revisions"}],"wp:featuredmedia":[{"embeddable":true,"href":"https:\/\/now-news.de\/de\/wp-json\/wp\/v2\/media\/40581"}],"wp:attachment":[{"href":"https:\/\/now-news.de\/de\/wp-json\/wp\/v2\/media?parent=40580"}],"wp:term":[{"taxonomy":"category","embeddable":true,"href":"https:\/\/now-news.de\/de\/wp-json\/wp\/v2\/categories?post=40580"},{"taxonomy":"post_tag","embeddable":true,"href":"https:\/\/now-news.de\/de\/wp-json\/wp\/v2\/tags?post=40580"}],"curies":[{"name":"wp","href":"https:\/\/api.w.org\/{rel}","templated":true}]}}