{"id":40578,"date":"2023-07-21T12:16:23","date_gmt":"2023-07-21T10:16:23","guid":{"rendered":"https:\/\/just-now.news\/de\/deutschland\/nach-scheitern-der-nato-aufnahme-der-ukraine-zwei-moegliche-racheakte-von-selenskij-gegen-den-westen\/"},"modified":"2023-07-21T12:16:23","modified_gmt":"2023-07-21T10:16:23","slug":"nach-scheitern-der-nato-aufnahme-der-ukraine-zwei-moegliche-racheakte-von-selenskij-gegen-den-westen","status":"publish","type":"post","link":"https:\/\/now-news.de\/de\/deutschland\/nach-scheitern-der-nato-aufnahme-der-ukraine-zwei-moegliche-racheakte-von-selenskij-gegen-den-westen\/","title":{"rendered":"Nach Scheitern der NATO-Aufnahme der Ukraine: Zwei m\u00f6gliche Racheakte von Selenskij gegen den Westen"},"content":{"rendered":"<p><img decoding=\"async\" src=\"http:\/\/just-now.news\/de\/wp-content\/uploads\/sites\/3\/2023\/07\/64ba371ab480cc3ffd6bdda9.jpg\" \/><\/p>\n<div class=\"Text-root Text-type_1 \">\n                Der ehemalige iranische Botschafter in Italien und Afghanistan glaubt, dass kein Verlass mehr auf Selenskij im Westen sei. Als Reaktion auf das Scheitern der ukrainischen NATO-Aufnahme w\u00fcrde er entweder versuchen, die NATO durch einen Angriff auf das Kernkraftwerk Saporoschje in den Krieg mit Russland hineinzuziehen, oder direkt ohne Absprache mit den USA mit Putin verhandeln.\n            <\/div>\n<p><\/p>\n<div class=\"Text-root Text-type_5 ArticleView-text ViewText-root \">\n<p>Die Gegenoffensive der Ukraine ist ins Stocken geraten, wobei die m\u00f6gliche NATO-Aufnahme Kiews mittlerweile gescheitert ist.\u00a0Die Debatte um den Beitritt der Ukraine\u00a0in die NATO war allerdings von Anfang an eine Scheindebatte. Im Vorfeld des NATO-Gipfels in Vilnius\u00a0hatte bereits der US-Pr\u00e4sident Joe Biden angedeutet, dass eine NATO-Mitgliedschaft der Ukraine nicht in Sicht sei. Vor diesem Hintergrund analysierte der ehemalige iranische Botschafter in Italien und Afghanistan,\u00a0Abolfazl Zohrevand, in einem YouTube- <a rel=\"nofollow noopener\" target=\"_blank\" href=\"https:\/\/www.youtube.com\/watch?v=8cVyOIaRreo\">Kanal<\/a>, wie die ukrainische F\u00fchrung mit der neuen Tatsache umgehen wird.<\/p>\n<p>Der ehemalige Diplomat Zohrevand spekuliert, dass\u00a0Selenskij angesichts der gescheiterten Gegenoffensive zwei m\u00f6gliche Pl\u00e4ne h\u00e4tte, um aus dieser schwierigen Situation herauszukommen.\u00a0Erstens k\u00f6nnte Selenskij\u00a0versuchen, die NATO in den Krieg hineinzuziehen, obwohl Biden mehrfach betont hatte, dass der Westen keinen Krieg mit Russland will.\u00a0Zohrevand glaubt, Kiew w\u00fcrde durch die aus Frankreich gelieferten Langstrecken-Waffen\u00a0das Kernkraftwerk Saporoschje angreifen und die Russen dazu\u00a0provozieren, als Reaktion auf die Kernkraftwerke in Europa zu zielen. Damit sei dann NATO im Krieg mit Russland.<\/p>\n<p>Frankreichs Pr\u00e4sident Emmanuel Macron\u00a0sicherte k\u00fcrzlich\u00a0der Ukraine die Lieferung weiterer Waffen zu, darunter Marschflugk\u00f6rper mit h\u00f6herer Reichweite.<\/p>\n<p>Zweitens h\u00e4lt der iranische Experte f\u00fcr Geopolitik in einem weiteren Szenario\u00a0f\u00fcr m\u00f6glich, dass Selenskij selbst die Initiative ergreifen und direkt mit Putin ohne Absprache mit dem Westen verhandeln k\u00f6nnte. Das w\u00e4re dann eine Ohrfeige f\u00fcr die USA.<\/p>\n<p>Im Westen habe man schon keinen Verlass mehr auf\u00a0Selenskij, und deswegen &#8220;arbeiten\u00a0Spitzenpolitiker im Westen hinter der Kulisse daran, ihn mit einem neuen Nachfolger zu ersetzen&#8221;, glaubte der Iraner. Laut Zohrevand sei die ukrainische Offensive nicht nur gescheitert, sondern die Russen w\u00fcrden in den n\u00e4chsten Monaten weitere Gebiete in der Ukraine in Richtung Odessa und\u00a0Charkow &#8220;erobern&#8221;.\u00a0Derzeit soll Russland 100.000 Soldaten angeblich\u00a0nahe der Region Charkow im Nordosten der Ukraine zusammenziehen.<\/p>\n<p>Hinzu\u00a0kommt, dass die Kremlf\u00fchrung nach der\u00a0Verlegung von S\u00f6ldnern der russischen Wagner-Gruppe in das Nachbarland\u00a0Wei\u00dfrussland im Endeffekt\u00a0eine neue Front gegen den Westen er\u00f6ffnet habe, ohne dass &#8220;Moskau selbst daran direkt beteiligt&#8221; sei. Polen sei deswegen bereits in Alarmstimmung.<\/p>\n<p><strong>Mehr zum Thema<\/strong> &#8211; <a rel=\"nofollow noopener\" target=\"_blank\" href=\"https:\/\/test.rtde.me\/meinung\/175774-usa-schicken-selenskij-durch-ukrainischen\/\">Schwache Gegenoffensive: USA schicken Selenskij eine Warnung<\/a><\/p>\n<\/div>\n<p><br \/>\n<br \/><a href=\"https:\/\/de.rt.com\/international\/175834-nach-scheitern-nato-aufnahme-ukraine\/\">Source link <\/a><\/p>\n","protected":false},"excerpt":{"rendered":"<p>Der ehemalige iranische Botschafter in Italien und Afghanistan glaubt, dass kein Verlass mehr auf Selenskij im Westen sei. Als Reaktion auf das Scheitern der ukrainischen NATO-Aufnahme w\u00fcrde er entweder versuchen, die NATO durch einen Angriff auf das Kernkraftwerk Saporoschje in den Krieg mit Russland hineinzuziehen, oder direkt ohne Absprache mit den USA mit Putin verhandeln. [&hellip;]<\/p>\n","protected":false},"author":3,"featured_media":40579,"comment_status":"open","ping_status":"open","sticky":false,"template":"","format":"standard","meta":{"_yoast_indexnow_last_ping":["1689935998"],"wp_automatic_camp":["217"],"5433a128be54d5cdb5ec5a0d42c420e5":["Nach Scheitern der NATO-Aufnahme der Ukraine: Zwei m\u00f6gliche Racheakte von Selenskij gegen den Westen"],"original_link":["https:\/\/de.rt.com\/international\/175834-nach-scheitern-nato-aufnahme-ukraine\/"],"_thumbnail_id":["40579"],"_wptgpro_p2tg_sent2tg":["a:1:{i:23737;s:19:\"2023-07-21 12:41:02\";}"],"jnews_social_counter_last_update":["1777179282"]},"categories":[19,23],"tags":[48,82,278,26307,979,20174,46976,11272,6158,127,50,378,1003],"yoast_head":"<!-- This site is optimized with the Yoast SEO Premium plugin v22.7 (Yoast SEO v22.7) - https:\/\/yoast.com\/wordpress\/plugins\/seo\/ -->\n<title>Nach Scheitern der NATO-Aufnahme der Ukraine: Zwei m\u00f6gliche Racheakte von Selenskij gegen den Westen - just-now.NEWS Deutschland<\/title>\n<meta name=\"robots\" content=\"index, follow, max-snippet:-1, max-image-preview:large, max-video-preview:-1\" \/>\n<link rel=\"canonical\" href=\"https:\/\/now-news.de\/de\/deutschland\/nach-scheitern-der-nato-aufnahme-der-ukraine-zwei-moegliche-racheakte-von-selenskij-gegen-den-westen\/\" \/>\n<meta property=\"og:locale\" content=\"de_DE\" \/>\n<meta property=\"og:type\" content=\"article\" \/>\n<meta property=\"og:title\" content=\"Nach Scheitern der NATO-Aufnahme der Ukraine: Zwei m\u00f6gliche Racheakte von Selenskij gegen den Westen\" \/>\n<meta property=\"og:description\" content=\"Der ehemalige iranische Botschafter in Italien und Afghanistan glaubt, dass kein Verlass mehr auf Selenskij im Westen sei. Als Reaktion auf das Scheitern der ukrainischen NATO-Aufnahme w\u00fcrde er entweder versuchen, die NATO durch einen Angriff auf das Kernkraftwerk Saporoschje in den Krieg mit Russland hineinzuziehen, oder direkt ohne Absprache mit den USA mit Putin verhandeln. [&hellip;]\" \/>\n<meta property=\"og:url\" content=\"https:\/\/now-news.de\/de\/deutschland\/nach-scheitern-der-nato-aufnahme-der-ukraine-zwei-moegliche-racheakte-von-selenskij-gegen-den-westen\/\" \/>\n<meta property=\"og:site_name\" content=\"just-now.NEWS Deutschland\" \/>\n<meta property=\"article:publisher\" content=\"https:\/\/www.facebook.com\/wirmachenauf\" \/>\n<meta property=\"article:published_time\" content=\"2023-07-21T10:16:23+00:00\" \/>\n<meta property=\"og:image\" content=\"https:\/\/now-news.de\/de\/wp-content\/uploads\/sites\/3\/2023\/07\/Nach-Scheitern-der-NATO-Aufnahme-der-Ukraine-Zwei-moegliche-Racheakte-von.jpg\" \/>\n\t<meta property=\"og:image:width\" content=\"460\" \/>\n\t<meta property=\"og:image:height\" content=\"259\" \/>\n\t<meta property=\"og:image:type\" content=\"image\/jpeg\" \/>\n<meta name=\"author\" content=\"rtnews\" \/>\n<meta name=\"twitter:card\" content=\"summary_large_image\" \/>\n<meta name=\"twitter:creator\" content=\"@WirMachenAuf_de\" \/>\n<meta name=\"twitter:site\" content=\"@WirMachenAuf_de\" \/>\n<meta name=\"twitter:label1\" content=\"Verfasst von\" \/>\n\t<meta name=\"twitter:data1\" content=\"rtnews\" \/>\n\t<meta name=\"twitter:label2\" content=\"Gesch\u00e4tzte Lesezeit\" \/>\n\t<meta name=\"twitter:data2\" content=\"2\u00a0Minuten\" \/>\n<script type=\"application\/ld+json\" class=\"yoast-schema-graph\">{\"@context\":\"https:\/\/schema.org\",\"@graph\":[{\"@type\":\"Article\",\"@id\":\"https:\/\/now-news.de\/de\/deutschland\/nach-scheitern-der-nato-aufnahme-der-ukraine-zwei-moegliche-racheakte-von-selenskij-gegen-den-westen\/#article\",\"isPartOf\":{\"@id\":\"https:\/\/now-news.de\/de\/deutschland\/nach-scheitern-der-nato-aufnahme-der-ukraine-zwei-moegliche-racheakte-von-selenskij-gegen-den-westen\/\"},\"author\":{\"name\":\"rtnews\",\"@id\":\"https:\/\/now-news.de\/de\/#\/schema\/person\/fb534a4e865501d8b3285208df34a9b5\"},\"headline\":\"Nach Scheitern der NATO-Aufnahme der Ukraine: Zwei m\u00f6gliche Racheakte von Selenskij gegen den Westen\",\"datePublished\":\"2023-07-21T10:16:23+00:00\",\"dateModified\":\"2023-07-21T10:16:23+00:00\",\"mainEntityOfPage\":{\"@id\":\"https:\/\/now-news.de\/de\/deutschland\/nach-scheitern-der-nato-aufnahme-der-ukraine-zwei-moegliche-racheakte-von-selenskij-gegen-den-westen\/\"},\"wordCount\":442,\"commentCount\":0,\"publisher\":{\"@id\":\"https:\/\/now-news.de\/de\/#organization\"},\"image\":{\"@id\":\"https:\/\/now-news.de\/de\/deutschland\/nach-scheitern-der-nato-aufnahme-der-ukraine-zwei-moegliche-racheakte-von-selenskij-gegen-den-westen\/#primaryimage\"},\"thumbnailUrl\":\"https:\/\/now-news.de\/de\/wp-content\/uploads\/sites\/3\/2023\/07\/Nach-Scheitern-der-NATO-Aufnahme-der-Ukraine-Zwei-moegliche-Racheakte-von.jpg\",\"keywords\":[\"den\",\"der\",\"gegen\",\"m\u00f6gliche\",\"nach\",\"NATOAufnahme\",\"Racheakte\",\"Scheitern\",\"Selenskij\",\"ukraine\",\"von\",\"Westen\",\"zwei\"],\"articleSection\":[\"Deutschland\",\"Russland\"],\"inLanguage\":\"de\",\"potentialAction\":[{\"@type\":\"CommentAction\",\"name\":\"Comment\",\"target\":[\"https:\/\/now-news.de\/de\/deutschland\/nach-scheitern-der-nato-aufnahme-der-ukraine-zwei-moegliche-racheakte-von-selenskij-gegen-den-westen\/#respond\"]}]},{\"@type\":\"WebPage\",\"@id\":\"https:\/\/now-news.de\/de\/deutschland\/nach-scheitern-der-nato-aufnahme-der-ukraine-zwei-moegliche-racheakte-von-selenskij-gegen-den-westen\/\",\"url\":\"https:\/\/now-news.de\/de\/deutschland\/nach-scheitern-der-nato-aufnahme-der-ukraine-zwei-moegliche-racheakte-von-selenskij-gegen-den-westen\/\",\"name\":\"Nach Scheitern der NATO-Aufnahme der Ukraine: Zwei m\u00f6gliche Racheakte von Selenskij gegen den Westen - just-now.NEWS Deutschland\",\"isPartOf\":{\"@id\":\"https:\/\/now-news.de\/de\/#website\"},\"primaryImageOfPage\":{\"@id\":\"https:\/\/now-news.de\/de\/deutschland\/nach-scheitern-der-nato-aufnahme-der-ukraine-zwei-moegliche-racheakte-von-selenskij-gegen-den-westen\/#primaryimage\"},\"image\":{\"@id\":\"https:\/\/now-news.de\/de\/deutschland\/nach-scheitern-der-nato-aufnahme-der-ukraine-zwei-moegliche-racheakte-von-selenskij-gegen-den-westen\/#primaryimage\"},\"thumbnailUrl\":\"https:\/\/now-news.de\/de\/wp-content\/uploads\/sites\/3\/2023\/07\/Nach-Scheitern-der-NATO-Aufnahme-der-Ukraine-Zwei-moegliche-Racheakte-von.jpg\",\"datePublished\":\"2023-07-21T10:16:23+00:00\",\"dateModified\":\"2023-07-21T10:16:23+00:00\",\"breadcrumb\":{\"@id\":\"https:\/\/now-news.de\/de\/deutschland\/nach-scheitern-der-nato-aufnahme-der-ukraine-zwei-moegliche-racheakte-von-selenskij-gegen-den-westen\/#breadcrumb\"},\"inLanguage\":\"de\",\"potentialAction\":[{\"@type\":\"ReadAction\",\"target\":[\"https:\/\/now-news.de\/de\/deutschland\/nach-scheitern-der-nato-aufnahme-der-ukraine-zwei-moegliche-racheakte-von-selenskij-gegen-den-westen\/\"]}]},{\"@type\":\"ImageObject\",\"inLanguage\":\"de\",\"@id\":\"https:\/\/now-news.de\/de\/deutschland\/nach-scheitern-der-nato-aufnahme-der-ukraine-zwei-moegliche-racheakte-von-selenskij-gegen-den-westen\/#primaryimage\",\"url\":\"https:\/\/now-news.de\/de\/wp-content\/uploads\/sites\/3\/2023\/07\/Nach-Scheitern-der-NATO-Aufnahme-der-Ukraine-Zwei-moegliche-Racheakte-von.jpg\",\"contentUrl\":\"https:\/\/now-news.de\/de\/wp-content\/uploads\/sites\/3\/2023\/07\/Nach-Scheitern-der-NATO-Aufnahme-der-Ukraine-Zwei-moegliche-Racheakte-von.jpg\",\"width\":460,\"height\":259,\"caption\":\"Nach Scheitern der NATO-Aufnahme der Ukraine: Zwei m\u00f6gliche Racheakte von Selenskij gegen den Westen\"},{\"@type\":\"BreadcrumbList\",\"@id\":\"https:\/\/now-news.de\/de\/deutschland\/nach-scheitern-der-nato-aufnahme-der-ukraine-zwei-moegliche-racheakte-von-selenskij-gegen-den-westen\/#breadcrumb\",\"itemListElement\":[{\"@type\":\"ListItem\",\"position\":1,\"name\":\"Home\",\"item\":\"https:\/\/now-news.de\/de\/\"},{\"@type\":\"ListItem\",\"position\":2,\"name\":\"Nach Scheitern der NATO-Aufnahme der Ukraine: Zwei m\u00f6gliche Racheakte von Selenskij gegen den Westen\"}]},{\"@type\":\"WebSite\",\"@id\":\"https:\/\/now-news.de\/de\/#website\",\"url\":\"https:\/\/now-news.de\/de\/\",\"name\":\"just-now.NEWS Deutschland\",\"description\":\"Das Portal f\u00fcr unzensierte Nachrichten aus der Welt\",\"publisher\":{\"@id\":\"https:\/\/now-news.de\/de\/#organization\"},\"potentialAction\":[{\"@type\":\"SearchAction\",\"target\":{\"@type\":\"EntryPoint\",\"urlTemplate\":\"https:\/\/now-news.de\/de\/?s={search_term_string}\"},\"query-input\":\"required name=search_term_string\"}],\"inLanguage\":\"de\"},{\"@type\":\"Organization\",\"@id\":\"https:\/\/now-news.de\/de\/#organization\",\"name\":\"Just Now News\",\"url\":\"https:\/\/now-news.de\/de\/\",\"logo\":{\"@type\":\"ImageObject\",\"inLanguage\":\"de\",\"@id\":\"https:\/\/now-news.de\/de\/#\/schema\/logo\/image\/\",\"url\":\"http:\/\/just-now.news\/de\/wp-content\/uploads\/sites\/3\/2022\/04\/logo500x500.jpg\",\"contentUrl\":\"http:\/\/just-now.news\/de\/wp-content\/uploads\/sites\/3\/2022\/04\/logo500x500.jpg\",\"width\":500,\"height\":500,\"caption\":\"Just Now News\"},\"image\":{\"@id\":\"https:\/\/now-news.de\/de\/#\/schema\/logo\/image\/\"},\"sameAs\":[\"https:\/\/www.facebook.com\/wirmachenauf\",\"https:\/\/x.com\/WirMachenAuf_de\"]},{\"@type\":\"Person\",\"@id\":\"https:\/\/now-news.de\/de\/#\/schema\/person\/fb534a4e865501d8b3285208df34a9b5\",\"name\":\"rtnews\",\"image\":{\"@type\":\"ImageObject\",\"inLanguage\":\"de\",\"@id\":\"https:\/\/now-news.de\/de\/#\/schema\/person\/image\/\",\"url\":\"https:\/\/secure.gravatar.com\/avatar\/82aafea7d8127119dd649515f56e2117?s=96&d=mm&r=g\",\"contentUrl\":\"https:\/\/secure.gravatar.com\/avatar\/82aafea7d8127119dd649515f56e2117?s=96&d=mm&r=g\",\"caption\":\"rtnews\"},\"url\":\"https:\/\/now-news.de\/de\/author\/rnews\/\"}]}<\/script>\n<!-- \/ Yoast SEO Premium plugin. -->","yoast_head_json":{"title":"Nach Scheitern der NATO-Aufnahme der Ukraine: Zwei m\u00f6gliche Racheakte von Selenskij gegen den Westen - just-now.NEWS Deutschland","robots":{"index":"index","follow":"follow","max-snippet":"max-snippet:-1","max-image-preview":"max-image-preview:large","max-video-preview":"max-video-preview:-1"},"canonical":"https:\/\/now-news.de\/de\/deutschland\/nach-scheitern-der-nato-aufnahme-der-ukraine-zwei-moegliche-racheakte-von-selenskij-gegen-den-westen\/","og_locale":"de_DE","og_type":"article","og_title":"Nach Scheitern der NATO-Aufnahme der Ukraine: Zwei m\u00f6gliche Racheakte von Selenskij gegen den Westen","og_description":"Der ehemalige iranische Botschafter in Italien und Afghanistan glaubt, dass kein Verlass mehr auf Selenskij im Westen sei. Als Reaktion auf das Scheitern der ukrainischen NATO-Aufnahme w\u00fcrde er entweder versuchen, die NATO durch einen Angriff auf das Kernkraftwerk Saporoschje in den Krieg mit Russland hineinzuziehen, oder direkt ohne Absprache mit den USA mit Putin verhandeln. [&hellip;]","og_url":"https:\/\/now-news.de\/de\/deutschland\/nach-scheitern-der-nato-aufnahme-der-ukraine-zwei-moegliche-racheakte-von-selenskij-gegen-den-westen\/","og_site_name":"just-now.NEWS Deutschland","article_publisher":"https:\/\/www.facebook.com\/wirmachenauf","article_published_time":"2023-07-21T10:16:23+00:00","og_image":[{"width":460,"height":259,"url":"https:\/\/now-news.de\/de\/wp-content\/uploads\/sites\/3\/2023\/07\/Nach-Scheitern-der-NATO-Aufnahme-der-Ukraine-Zwei-moegliche-Racheakte-von.jpg","type":"image\/jpeg"}],"author":"rtnews","twitter_card":"summary_large_image","twitter_creator":"@WirMachenAuf_de","twitter_site":"@WirMachenAuf_de","twitter_misc":{"Verfasst von":"rtnews","Gesch\u00e4tzte Lesezeit":"2\u00a0Minuten"},"schema":{"@context":"https:\/\/schema.org","@graph":[{"@type":"Article","@id":"https:\/\/now-news.de\/de\/deutschland\/nach-scheitern-der-nato-aufnahme-der-ukraine-zwei-moegliche-racheakte-von-selenskij-gegen-den-westen\/#article","isPartOf":{"@id":"https:\/\/now-news.de\/de\/deutschland\/nach-scheitern-der-nato-aufnahme-der-ukraine-zwei-moegliche-racheakte-von-selenskij-gegen-den-westen\/"},"author":{"name":"rtnews","@id":"https:\/\/now-news.de\/de\/#\/schema\/person\/fb534a4e865501d8b3285208df34a9b5"},"headline":"Nach Scheitern der NATO-Aufnahme der Ukraine: Zwei m\u00f6gliche Racheakte von Selenskij gegen den Westen","datePublished":"2023-07-21T10:16:23+00:00","dateModified":"2023-07-21T10:16:23+00:00","mainEntityOfPage":{"@id":"https:\/\/now-news.de\/de\/deutschland\/nach-scheitern-der-nato-aufnahme-der-ukraine-zwei-moegliche-racheakte-von-selenskij-gegen-den-westen\/"},"wordCount":442,"commentCount":0,"publisher":{"@id":"https:\/\/now-news.de\/de\/#organization"},"image":{"@id":"https:\/\/now-news.de\/de\/deutschland\/nach-scheitern-der-nato-aufnahme-der-ukraine-zwei-moegliche-racheakte-von-selenskij-gegen-den-westen\/#primaryimage"},"thumbnailUrl":"https:\/\/now-news.de\/de\/wp-content\/uploads\/sites\/3\/2023\/07\/Nach-Scheitern-der-NATO-Aufnahme-der-Ukraine-Zwei-moegliche-Racheakte-von.jpg","keywords":["den","der","gegen","m\u00f6gliche","nach","NATOAufnahme","Racheakte","Scheitern","Selenskij","ukraine","von","Westen","zwei"],"articleSection":["Deutschland","Russland"],"inLanguage":"de","potentialAction":[{"@type":"CommentAction","name":"Comment","target":["https:\/\/now-news.de\/de\/deutschland\/nach-scheitern-der-nato-aufnahme-der-ukraine-zwei-moegliche-racheakte-von-selenskij-gegen-den-westen\/#respond"]}]},{"@type":"WebPage","@id":"https:\/\/now-news.de\/de\/deutschland\/nach-scheitern-der-nato-aufnahme-der-ukraine-zwei-moegliche-racheakte-von-selenskij-gegen-den-westen\/","url":"https:\/\/now-news.de\/de\/deutschland\/nach-scheitern-der-nato-aufnahme-der-ukraine-zwei-moegliche-racheakte-von-selenskij-gegen-den-westen\/","name":"Nach Scheitern der NATO-Aufnahme der Ukraine: Zwei m\u00f6gliche Racheakte von Selenskij gegen den Westen - just-now.NEWS Deutschland","isPartOf":{"@id":"https:\/\/now-news.de\/de\/#website"},"primaryImageOfPage":{"@id":"https:\/\/now-news.de\/de\/deutschland\/nach-scheitern-der-nato-aufnahme-der-ukraine-zwei-moegliche-racheakte-von-selenskij-gegen-den-westen\/#primaryimage"},"image":{"@id":"https:\/\/now-news.de\/de\/deutschland\/nach-scheitern-der-nato-aufnahme-der-ukraine-zwei-moegliche-racheakte-von-selenskij-gegen-den-westen\/#primaryimage"},"thumbnailUrl":"https:\/\/now-news.de\/de\/wp-content\/uploads\/sites\/3\/2023\/07\/Nach-Scheitern-der-NATO-Aufnahme-der-Ukraine-Zwei-moegliche-Racheakte-von.jpg","datePublished":"2023-07-21T10:16:23+00:00","dateModified":"2023-07-21T10:16:23+00:00","breadcrumb":{"@id":"https:\/\/now-news.de\/de\/deutschland\/nach-scheitern-der-nato-aufnahme-der-ukraine-zwei-moegliche-racheakte-von-selenskij-gegen-den-westen\/#breadcrumb"},"inLanguage":"de","potentialAction":[{"@type":"ReadAction","target":["https:\/\/now-news.de\/de\/deutschland\/nach-scheitern-der-nato-aufnahme-der-ukraine-zwei-moegliche-racheakte-von-selenskij-gegen-den-westen\/"]}]},{"@type":"ImageObject","inLanguage":"de","@id":"https:\/\/now-news.de\/de\/deutschland\/nach-scheitern-der-nato-aufnahme-der-ukraine-zwei-moegliche-racheakte-von-selenskij-gegen-den-westen\/#primaryimage","url":"https:\/\/now-news.de\/de\/wp-content\/uploads\/sites\/3\/2023\/07\/Nach-Scheitern-der-NATO-Aufnahme-der-Ukraine-Zwei-moegliche-Racheakte-von.jpg","contentUrl":"https:\/\/now-news.de\/de\/wp-content\/uploads\/sites\/3\/2023\/07\/Nach-Scheitern-der-NATO-Aufnahme-der-Ukraine-Zwei-moegliche-Racheakte-von.jpg","width":460,"height":259,"caption":"Nach Scheitern der NATO-Aufnahme der Ukraine: Zwei m\u00f6gliche Racheakte von Selenskij gegen den Westen"},{"@type":"BreadcrumbList","@id":"https:\/\/now-news.de\/de\/deutschland\/nach-scheitern-der-nato-aufnahme-der-ukraine-zwei-moegliche-racheakte-von-selenskij-gegen-den-westen\/#breadcrumb","itemListElement":[{"@type":"ListItem","position":1,"name":"Home","item":"https:\/\/now-news.de\/de\/"},{"@type":"ListItem","position":2,"name":"Nach Scheitern der NATO-Aufnahme der Ukraine: Zwei m\u00f6gliche Racheakte von Selenskij gegen den Westen"}]},{"@type":"WebSite","@id":"https:\/\/now-news.de\/de\/#website","url":"https:\/\/now-news.de\/de\/","name":"just-now.NEWS Deutschland","description":"Das Portal f\u00fcr unzensierte Nachrichten aus der Welt","publisher":{"@id":"https:\/\/now-news.de\/de\/#organization"},"potentialAction":[{"@type":"SearchAction","target":{"@type":"EntryPoint","urlTemplate":"https:\/\/now-news.de\/de\/?s={search_term_string}"},"query-input":"required name=search_term_string"}],"inLanguage":"de"},{"@type":"Organization","@id":"https:\/\/now-news.de\/de\/#organization","name":"Just Now News","url":"https:\/\/now-news.de\/de\/","logo":{"@type":"ImageObject","inLanguage":"de","@id":"https:\/\/now-news.de\/de\/#\/schema\/logo\/image\/","url":"http:\/\/just-now.news\/de\/wp-content\/uploads\/sites\/3\/2022\/04\/logo500x500.jpg","contentUrl":"http:\/\/just-now.news\/de\/wp-content\/uploads\/sites\/3\/2022\/04\/logo500x500.jpg","width":500,"height":500,"caption":"Just Now News"},"image":{"@id":"https:\/\/now-news.de\/de\/#\/schema\/logo\/image\/"},"sameAs":["https:\/\/www.facebook.com\/wirmachenauf","https:\/\/x.com\/WirMachenAuf_de"]},{"@type":"Person","@id":"https:\/\/now-news.de\/de\/#\/schema\/person\/fb534a4e865501d8b3285208df34a9b5","name":"rtnews","image":{"@type":"ImageObject","inLanguage":"de","@id":"https:\/\/now-news.de\/de\/#\/schema\/person\/image\/","url":"https:\/\/secure.gravatar.com\/avatar\/82aafea7d8127119dd649515f56e2117?s=96&d=mm&r=g","contentUrl":"https:\/\/secure.gravatar.com\/avatar\/82aafea7d8127119dd649515f56e2117?s=96&d=mm&r=g","caption":"rtnews"},"url":"https:\/\/now-news.de\/de\/author\/rnews\/"}]}},"_links":{"self":[{"href":"https:\/\/now-news.de\/de\/wp-json\/wp\/v2\/posts\/40578"}],"collection":[{"href":"https:\/\/now-news.de\/de\/wp-json\/wp\/v2\/posts"}],"about":[{"href":"https:\/\/now-news.de\/de\/wp-json\/wp\/v2\/types\/post"}],"author":[{"embeddable":true,"href":"https:\/\/now-news.de\/de\/wp-json\/wp\/v2\/users\/3"}],"replies":[{"embeddable":true,"href":"https:\/\/now-news.de\/de\/wp-json\/wp\/v2\/comments?post=40578"}],"version-history":[{"count":0,"href":"https:\/\/now-news.de\/de\/wp-json\/wp\/v2\/posts\/40578\/revisions"}],"wp:featuredmedia":[{"embeddable":true,"href":"https:\/\/now-news.de\/de\/wp-json\/wp\/v2\/media\/40579"}],"wp:attachment":[{"href":"https:\/\/now-news.de\/de\/wp-json\/wp\/v2\/media?parent=40578"}],"wp:term":[{"taxonomy":"category","embeddable":true,"href":"https:\/\/now-news.de\/de\/wp-json\/wp\/v2\/categories?post=40578"},{"taxonomy":"post_tag","embeddable":true,"href":"https:\/\/now-news.de\/de\/wp-json\/wp\/v2\/tags?post=40578"}],"curies":[{"name":"wp","href":"https:\/\/api.w.org\/{rel}","templated":true}]}}