{"id":40576,"date":"2023-07-21T12:17:40","date_gmt":"2023-07-21T10:17:40","guid":{"rendered":"https:\/\/just-now.news\/de\/deutschland\/pulverfass-israel-ex-chef-des-inlandsgeheimdienstes-warnt-vor-moeglichem-buergerkrieg\/"},"modified":"2023-07-21T12:17:40","modified_gmt":"2023-07-21T10:17:40","slug":"pulverfass-israel-ex-chef-des-inlandsgeheimdienstes-warnt-vor-moeglichem-buergerkrieg","status":"publish","type":"post","link":"https:\/\/now-news.de\/de\/deutschland\/pulverfass-israel-ex-chef-des-inlandsgeheimdienstes-warnt-vor-moeglichem-buergerkrieg\/","title":{"rendered":"Pulverfass Israel: Ex-Chef des Inlandsgeheimdienstes warnt vor m\u00f6glichem B\u00fcrgerkrieg"},"content":{"rendered":"<p><img decoding=\"async\" src=\"http:\/\/just-now.news\/de\/wp-content\/uploads\/sites\/3\/2023\/07\/64ba445048fbef01bc3b735f.jpg\" \/><\/p>\n<div class=\"Text-root Text-type_1 \">\n                Seit Monaten gehen immer wieder Zehntausende Gegner der Justizreform auf die Stra\u00dfen. Druck kam zuletzt auch seitens des Milit\u00e4rs. Der ehemalige Leiter des Inlandsgeheimdienstes unterst\u00fctzt nun die Dienstverweigerung der Reservisten, weil Netanjahu aus seiner Sicht einen &#8220;Regimewechsel&#8221; herbeif\u00fchren wolle.\n            <\/div>\n<p><\/p>\n<div class=\"Text-root Text-type_5 ArticleView-text ViewText-root \">\n<p>Der ehemalige Leiter des Sicherheitsdienstes Schin Bet\u00a0gab am Donnerstag seine <a rel=\"nofollow noopener\" target=\"_blank\" href=\"https:\/\/www.timesofisrael.com\/ex-shin-bet-chief-justifies-reservists-refusal-to-serve-this-is-a-coup\/\">Unterst\u00fctzung<\/a> f\u00fcr die Reservisten der Armee bekannt, die damit drohen, aus Protest gegen die Pl\u00e4ne der Regierung zur \u00dcberarbeitung des Justizwesens nicht mehr zum Dienst zu erscheinen.\u00a0Er sagte, die Gesetzgebung w\u00fcrde einen &#8220;Regimewechsel&#8221; herbeif\u00fchren und insofern d\u00fcrften Reservisten ihren &#8220;Pflichten&#8221; nicht mehr nachkommen.<\/p>\n<p>Nadav Argaman, der bis Oktober 2021 an der Spitze des israelischen Inlandsgeheimdienstes stand, sprach mit dem <em>Armeeradio<\/em>, wenige Stunden nachdem der Knesset-Ausschuss f\u00fcr Verfassung, Recht und Justiz einen wichtigen Teil der \u00dcberarbeitung der Justizreform f\u00fcr die abschlie\u00dfende Lesung im Parlament in der kommenden Woche gebilligt hatte.<\/p>\n<p>Seit Monaten gehen immer wieder Zehntausende Gegner der Reform auf die Stra\u00dfen. Druck kam zuletzt auch vonseiten des Milit\u00e4rs. Medienberichten zufolge haben bereits tausende Reservisten angek\u00fcndigt, aus Protest gegen die Pl\u00e4ne der rechts-religi\u00f6sen Regierung nicht mehr zum Dienst erscheinen zu wollen.<\/p>\n<p>Argaman sagte, die\u00a0umstrittene Reform\u00a0sei ein &#8220;Staatsstreich&#8221;.\u00a0Der\u00a0&#8220;Regimewechsel&#8221; sei\u00a0eine neue Realit\u00e4t.\u00a0&#8220;Jede Gesetzgebung, die nicht auf einem breiten Konsens beruht, wird den Staat Israel ins Chaos st\u00fcrzen&#8221;, warnte Argaman. Und weiter:<\/p>\n<blockquote>\n<p><em>&#8220;Am Montag soll ein Gesetz verabschiedet werden, von dem ich sehr bef\u00fcrchte, dass es uns zu einem anderen Land machen wird.\u00a0Ich habe Angst um den Staat Israel. Ich f\u00fcrchte sehr, dass wir am Rande eines B\u00fcrgerkriegs stehen.&#8221;<\/em><\/p>\n<\/blockquote>\n<p data-manual=\"paragraph\">Der Gesetzentwurf zur Justizreform k\u00f6nnte bereits kommenden Montag oder Dienstag in Kraft treten. Dem Obersten Gericht w\u00e4re es dann nicht mehr m\u00f6glich, Entscheidungen der Regierung oder einzelner Minister als &#8220;unangemessen&#8221; zu\u00a0bewerten.<\/p>\n<p data-manual=\"paragraph\">Kritiker bef\u00fcrchten, dass es zu willk\u00fcrlichen Entlassungen von Gegnern der Regierungspolitik in entscheidenden Positionen kommen k\u00f6nnte. Seit Monaten gehen immer wieder Zehntausende Gegner der Reform auf die Stra\u00dfen in Israel.<\/p>\n<p><strong>Mehr zum Thema<\/strong> &#8211; <a rel=\"nofollow noopener\" target=\"_blank\" href=\"https:\/\/test.rtde.me\/international\/175033-israel-modell-fuer-ukraine-wie\/\">Israel-Modell f\u00fcr Ukraine: Wie Kiew Europa zum Krisenkontinent macht<\/a><\/p>\n<div class=\"EmbedBlock-root EmbedBlock-externalVideo EmbedBlock-vk\">\n<div class=\"VkEmbed\"><iframe class=\"lazyload\" data-src=\"https:\/\/vk.com\/video_ext.php?oid=-134310637&amp;id=456268374&amp;hash=7024d47f942d1fab\" frameborder=\"0\" width=\"853\" height=\"480\" allowfullscreen><\/iframe><\/div>\n<\/div>\n<\/div>\n<p><br \/>\n<br \/><a href=\"https:\/\/de.rt.com\/der-nahe-osten\/175840-pulverfass-israel-ex-chef-inlandsgeheimdiensts\/\">Source link <\/a><\/p>\n","protected":false},"excerpt":{"rendered":"<p>Seit Monaten gehen immer wieder Zehntausende Gegner der Justizreform auf die Stra\u00dfen. Druck kam zuletzt auch seitens des Milit\u00e4rs. Der ehemalige Leiter des Inlandsgeheimdienstes unterst\u00fctzt nun die Dienstverweigerung der Reservisten, weil Netanjahu aus seiner Sicht einen &#8220;Regimewechsel&#8221; herbeif\u00fchren wolle. Der ehemalige Leiter des Sicherheitsdienstes Schin Bet\u00a0gab am Donnerstag seine Unterst\u00fctzung f\u00fcr die Reservisten der Armee [&hellip;]<\/p>\n","protected":false},"author":3,"featured_media":40577,"comment_status":"open","ping_status":"open","sticky":false,"template":"","format":"standard","meta":{"_yoast_indexnow_last_ping":["1689935066"],"wp_automatic_camp":["217"],"0a4245cf01b49b7acd5d09d224f5d9bb":["Pulverfass Israel: Ex-Chef des Inlandsgeheimdienstes warnt vor m\u00f6glichem B\u00fcrgerkrieg"],"original_link":["https:\/\/de.rt.com\/der-nahe-osten\/175840-pulverfass-israel-ex-chef-inlandsgeheimdiensts\/"],"_thumbnail_id":["40577"],"_wptgpro_p2tg_sent2tg":["a:1:{i:23737;s:19:\"2023-07-21 12:25:31\";}"],"jnews_social_counter_last_update":["1777388530"]},"categories":[19,23],"tags":[21502,583,33483,46975,432,36816,33083,320,912],"yoast_head":"<!-- This site is optimized with the Yoast SEO Premium plugin v22.7 (Yoast SEO v22.7) - https:\/\/yoast.com\/wordpress\/plugins\/seo\/ -->\n<title>Pulverfass Israel: Ex-Chef des Inlandsgeheimdienstes warnt vor m\u00f6glichem B\u00fcrgerkrieg - just-now.NEWS Deutschland<\/title>\n<meta name=\"robots\" content=\"index, follow, max-snippet:-1, max-image-preview:large, max-video-preview:-1\" \/>\n<link rel=\"canonical\" href=\"https:\/\/now-news.de\/de\/deutschland\/pulverfass-israel-ex-chef-des-inlandsgeheimdienstes-warnt-vor-moeglichem-buergerkrieg\/\" \/>\n<meta property=\"og:locale\" content=\"de_DE\" \/>\n<meta property=\"og:type\" content=\"article\" \/>\n<meta property=\"og:title\" content=\"Pulverfass Israel: Ex-Chef des Inlandsgeheimdienstes warnt vor m\u00f6glichem B\u00fcrgerkrieg\" \/>\n<meta property=\"og:description\" content=\"Seit Monaten gehen immer wieder Zehntausende Gegner der Justizreform auf die Stra\u00dfen. Druck kam zuletzt auch seitens des Milit\u00e4rs. Der ehemalige Leiter des Inlandsgeheimdienstes unterst\u00fctzt nun die Dienstverweigerung der Reservisten, weil Netanjahu aus seiner Sicht einen &#8220;Regimewechsel&#8221; herbeif\u00fchren wolle. Der ehemalige Leiter des Sicherheitsdienstes Schin Bet\u00a0gab am Donnerstag seine Unterst\u00fctzung f\u00fcr die Reservisten der Armee [&hellip;]\" \/>\n<meta property=\"og:url\" content=\"https:\/\/now-news.de\/de\/deutschland\/pulverfass-israel-ex-chef-des-inlandsgeheimdienstes-warnt-vor-moeglichem-buergerkrieg\/\" \/>\n<meta property=\"og:site_name\" content=\"just-now.NEWS Deutschland\" \/>\n<meta property=\"article:publisher\" content=\"https:\/\/www.facebook.com\/wirmachenauf\" \/>\n<meta property=\"article:published_time\" content=\"2023-07-21T10:17:40+00:00\" \/>\n<meta property=\"og:image\" content=\"https:\/\/now-news.de\/de\/wp-content\/uploads\/sites\/3\/2023\/07\/Pulverfass-Israel-Ex-Chef-des-Inlandsgeheimdienstes-warnt-vor-moeglichem-Buergerkrieg.jpg\" \/>\n\t<meta property=\"og:image:width\" content=\"460\" \/>\n\t<meta property=\"og:image:height\" content=\"259\" \/>\n\t<meta property=\"og:image:type\" content=\"image\/jpeg\" \/>\n<meta name=\"author\" content=\"rtnews\" \/>\n<meta name=\"twitter:card\" content=\"summary_large_image\" \/>\n<meta name=\"twitter:creator\" content=\"@WirMachenAuf_de\" \/>\n<meta name=\"twitter:site\" content=\"@WirMachenAuf_de\" \/>\n<meta name=\"twitter:label1\" content=\"Verfasst von\" \/>\n\t<meta name=\"twitter:data1\" content=\"rtnews\" \/>\n\t<meta name=\"twitter:label2\" content=\"Gesch\u00e4tzte Lesezeit\" \/>\n\t<meta name=\"twitter:data2\" content=\"2\u00a0Minuten\" \/>\n<script type=\"application\/ld+json\" class=\"yoast-schema-graph\">{\"@context\":\"https:\/\/schema.org\",\"@graph\":[{\"@type\":\"Article\",\"@id\":\"https:\/\/now-news.de\/de\/deutschland\/pulverfass-israel-ex-chef-des-inlandsgeheimdienstes-warnt-vor-moeglichem-buergerkrieg\/#article\",\"isPartOf\":{\"@id\":\"https:\/\/now-news.de\/de\/deutschland\/pulverfass-israel-ex-chef-des-inlandsgeheimdienstes-warnt-vor-moeglichem-buergerkrieg\/\"},\"author\":{\"name\":\"rtnews\",\"@id\":\"https:\/\/now-news.de\/de\/#\/schema\/person\/fb534a4e865501d8b3285208df34a9b5\"},\"headline\":\"Pulverfass Israel: Ex-Chef des Inlandsgeheimdienstes warnt vor m\u00f6glichem B\u00fcrgerkrieg\",\"datePublished\":\"2023-07-21T10:17:40+00:00\",\"dateModified\":\"2023-07-21T10:17:40+00:00\",\"mainEntityOfPage\":{\"@id\":\"https:\/\/now-news.de\/de\/deutschland\/pulverfass-israel-ex-chef-des-inlandsgeheimdienstes-warnt-vor-moeglichem-buergerkrieg\/\"},\"wordCount\":372,\"commentCount\":0,\"publisher\":{\"@id\":\"https:\/\/now-news.de\/de\/#organization\"},\"image\":{\"@id\":\"https:\/\/now-news.de\/de\/deutschland\/pulverfass-israel-ex-chef-des-inlandsgeheimdienstes-warnt-vor-moeglichem-buergerkrieg\/#primaryimage\"},\"thumbnailUrl\":\"https:\/\/now-news.de\/de\/wp-content\/uploads\/sites\/3\/2023\/07\/Pulverfass-Israel-Ex-Chef-des-Inlandsgeheimdienstes-warnt-vor-moeglichem-Buergerkrieg.jpg\",\"keywords\":[\"B\u00fcrgerkrieg\",\"des\",\"ExChef\",\"Inlandsgeheimdienstes\",\"Israel\",\"m\u00f6glichem\",\"Pulverfass\",\"vor\",\"warnt\"],\"articleSection\":[\"Deutschland\",\"Russland\"],\"inLanguage\":\"de\",\"potentialAction\":[{\"@type\":\"CommentAction\",\"name\":\"Comment\",\"target\":[\"https:\/\/now-news.de\/de\/deutschland\/pulverfass-israel-ex-chef-des-inlandsgeheimdienstes-warnt-vor-moeglichem-buergerkrieg\/#respond\"]}]},{\"@type\":\"WebPage\",\"@id\":\"https:\/\/now-news.de\/de\/deutschland\/pulverfass-israel-ex-chef-des-inlandsgeheimdienstes-warnt-vor-moeglichem-buergerkrieg\/\",\"url\":\"https:\/\/now-news.de\/de\/deutschland\/pulverfass-israel-ex-chef-des-inlandsgeheimdienstes-warnt-vor-moeglichem-buergerkrieg\/\",\"name\":\"Pulverfass Israel: Ex-Chef des Inlandsgeheimdienstes warnt vor m\u00f6glichem B\u00fcrgerkrieg - just-now.NEWS Deutschland\",\"isPartOf\":{\"@id\":\"https:\/\/now-news.de\/de\/#website\"},\"primaryImageOfPage\":{\"@id\":\"https:\/\/now-news.de\/de\/deutschland\/pulverfass-israel-ex-chef-des-inlandsgeheimdienstes-warnt-vor-moeglichem-buergerkrieg\/#primaryimage\"},\"image\":{\"@id\":\"https:\/\/now-news.de\/de\/deutschland\/pulverfass-israel-ex-chef-des-inlandsgeheimdienstes-warnt-vor-moeglichem-buergerkrieg\/#primaryimage\"},\"thumbnailUrl\":\"https:\/\/now-news.de\/de\/wp-content\/uploads\/sites\/3\/2023\/07\/Pulverfass-Israel-Ex-Chef-des-Inlandsgeheimdienstes-warnt-vor-moeglichem-Buergerkrieg.jpg\",\"datePublished\":\"2023-07-21T10:17:40+00:00\",\"dateModified\":\"2023-07-21T10:17:40+00:00\",\"breadcrumb\":{\"@id\":\"https:\/\/now-news.de\/de\/deutschland\/pulverfass-israel-ex-chef-des-inlandsgeheimdienstes-warnt-vor-moeglichem-buergerkrieg\/#breadcrumb\"},\"inLanguage\":\"de\",\"potentialAction\":[{\"@type\":\"ReadAction\",\"target\":[\"https:\/\/now-news.de\/de\/deutschland\/pulverfass-israel-ex-chef-des-inlandsgeheimdienstes-warnt-vor-moeglichem-buergerkrieg\/\"]}]},{\"@type\":\"ImageObject\",\"inLanguage\":\"de\",\"@id\":\"https:\/\/now-news.de\/de\/deutschland\/pulverfass-israel-ex-chef-des-inlandsgeheimdienstes-warnt-vor-moeglichem-buergerkrieg\/#primaryimage\",\"url\":\"https:\/\/now-news.de\/de\/wp-content\/uploads\/sites\/3\/2023\/07\/Pulverfass-Israel-Ex-Chef-des-Inlandsgeheimdienstes-warnt-vor-moeglichem-Buergerkrieg.jpg\",\"contentUrl\":\"https:\/\/now-news.de\/de\/wp-content\/uploads\/sites\/3\/2023\/07\/Pulverfass-Israel-Ex-Chef-des-Inlandsgeheimdienstes-warnt-vor-moeglichem-Buergerkrieg.jpg\",\"width\":460,\"height\":259,\"caption\":\"Pulverfass Israel: Ex-Chef des Inlandsgeheimdienstes warnt vor m\u00f6glichem B\u00fcrgerkrieg\"},{\"@type\":\"BreadcrumbList\",\"@id\":\"https:\/\/now-news.de\/de\/deutschland\/pulverfass-israel-ex-chef-des-inlandsgeheimdienstes-warnt-vor-moeglichem-buergerkrieg\/#breadcrumb\",\"itemListElement\":[{\"@type\":\"ListItem\",\"position\":1,\"name\":\"Home\",\"item\":\"https:\/\/now-news.de\/de\/\"},{\"@type\":\"ListItem\",\"position\":2,\"name\":\"Pulverfass Israel: Ex-Chef des Inlandsgeheimdienstes warnt vor m\u00f6glichem B\u00fcrgerkrieg\"}]},{\"@type\":\"WebSite\",\"@id\":\"https:\/\/now-news.de\/de\/#website\",\"url\":\"https:\/\/now-news.de\/de\/\",\"name\":\"just-now.NEWS Deutschland\",\"description\":\"Das Portal f\u00fcr unzensierte Nachrichten aus der Welt\",\"publisher\":{\"@id\":\"https:\/\/now-news.de\/de\/#organization\"},\"potentialAction\":[{\"@type\":\"SearchAction\",\"target\":{\"@type\":\"EntryPoint\",\"urlTemplate\":\"https:\/\/now-news.de\/de\/?s={search_term_string}\"},\"query-input\":\"required name=search_term_string\"}],\"inLanguage\":\"de\"},{\"@type\":\"Organization\",\"@id\":\"https:\/\/now-news.de\/de\/#organization\",\"name\":\"Just Now News\",\"url\":\"https:\/\/now-news.de\/de\/\",\"logo\":{\"@type\":\"ImageObject\",\"inLanguage\":\"de\",\"@id\":\"https:\/\/now-news.de\/de\/#\/schema\/logo\/image\/\",\"url\":\"http:\/\/just-now.news\/de\/wp-content\/uploads\/sites\/3\/2022\/04\/logo500x500.jpg\",\"contentUrl\":\"http:\/\/just-now.news\/de\/wp-content\/uploads\/sites\/3\/2022\/04\/logo500x500.jpg\",\"width\":500,\"height\":500,\"caption\":\"Just Now News\"},\"image\":{\"@id\":\"https:\/\/now-news.de\/de\/#\/schema\/logo\/image\/\"},\"sameAs\":[\"https:\/\/www.facebook.com\/wirmachenauf\",\"https:\/\/x.com\/WirMachenAuf_de\"]},{\"@type\":\"Person\",\"@id\":\"https:\/\/now-news.de\/de\/#\/schema\/person\/fb534a4e865501d8b3285208df34a9b5\",\"name\":\"rtnews\",\"image\":{\"@type\":\"ImageObject\",\"inLanguage\":\"de\",\"@id\":\"https:\/\/now-news.de\/de\/#\/schema\/person\/image\/\",\"url\":\"https:\/\/secure.gravatar.com\/avatar\/82aafea7d8127119dd649515f56e2117?s=96&d=mm&r=g\",\"contentUrl\":\"https:\/\/secure.gravatar.com\/avatar\/82aafea7d8127119dd649515f56e2117?s=96&d=mm&r=g\",\"caption\":\"rtnews\"},\"url\":\"https:\/\/now-news.de\/de\/author\/rnews\/\"}]}<\/script>\n<!-- \/ Yoast SEO Premium plugin. -->","yoast_head_json":{"title":"Pulverfass Israel: Ex-Chef des Inlandsgeheimdienstes warnt vor m\u00f6glichem B\u00fcrgerkrieg - just-now.NEWS Deutschland","robots":{"index":"index","follow":"follow","max-snippet":"max-snippet:-1","max-image-preview":"max-image-preview:large","max-video-preview":"max-video-preview:-1"},"canonical":"https:\/\/now-news.de\/de\/deutschland\/pulverfass-israel-ex-chef-des-inlandsgeheimdienstes-warnt-vor-moeglichem-buergerkrieg\/","og_locale":"de_DE","og_type":"article","og_title":"Pulverfass Israel: Ex-Chef des Inlandsgeheimdienstes warnt vor m\u00f6glichem B\u00fcrgerkrieg","og_description":"Seit Monaten gehen immer wieder Zehntausende Gegner der Justizreform auf die Stra\u00dfen. Druck kam zuletzt auch seitens des Milit\u00e4rs. Der ehemalige Leiter des Inlandsgeheimdienstes unterst\u00fctzt nun die Dienstverweigerung der Reservisten, weil Netanjahu aus seiner Sicht einen &#8220;Regimewechsel&#8221; herbeif\u00fchren wolle. Der ehemalige Leiter des Sicherheitsdienstes Schin Bet\u00a0gab am Donnerstag seine Unterst\u00fctzung f\u00fcr die Reservisten der Armee [&hellip;]","og_url":"https:\/\/now-news.de\/de\/deutschland\/pulverfass-israel-ex-chef-des-inlandsgeheimdienstes-warnt-vor-moeglichem-buergerkrieg\/","og_site_name":"just-now.NEWS Deutschland","article_publisher":"https:\/\/www.facebook.com\/wirmachenauf","article_published_time":"2023-07-21T10:17:40+00:00","og_image":[{"width":460,"height":259,"url":"https:\/\/now-news.de\/de\/wp-content\/uploads\/sites\/3\/2023\/07\/Pulverfass-Israel-Ex-Chef-des-Inlandsgeheimdienstes-warnt-vor-moeglichem-Buergerkrieg.jpg","type":"image\/jpeg"}],"author":"rtnews","twitter_card":"summary_large_image","twitter_creator":"@WirMachenAuf_de","twitter_site":"@WirMachenAuf_de","twitter_misc":{"Verfasst von":"rtnews","Gesch\u00e4tzte Lesezeit":"2\u00a0Minuten"},"schema":{"@context":"https:\/\/schema.org","@graph":[{"@type":"Article","@id":"https:\/\/now-news.de\/de\/deutschland\/pulverfass-israel-ex-chef-des-inlandsgeheimdienstes-warnt-vor-moeglichem-buergerkrieg\/#article","isPartOf":{"@id":"https:\/\/now-news.de\/de\/deutschland\/pulverfass-israel-ex-chef-des-inlandsgeheimdienstes-warnt-vor-moeglichem-buergerkrieg\/"},"author":{"name":"rtnews","@id":"https:\/\/now-news.de\/de\/#\/schema\/person\/fb534a4e865501d8b3285208df34a9b5"},"headline":"Pulverfass Israel: Ex-Chef des Inlandsgeheimdienstes warnt vor m\u00f6glichem B\u00fcrgerkrieg","datePublished":"2023-07-21T10:17:40+00:00","dateModified":"2023-07-21T10:17:40+00:00","mainEntityOfPage":{"@id":"https:\/\/now-news.de\/de\/deutschland\/pulverfass-israel-ex-chef-des-inlandsgeheimdienstes-warnt-vor-moeglichem-buergerkrieg\/"},"wordCount":372,"commentCount":0,"publisher":{"@id":"https:\/\/now-news.de\/de\/#organization"},"image":{"@id":"https:\/\/now-news.de\/de\/deutschland\/pulverfass-israel-ex-chef-des-inlandsgeheimdienstes-warnt-vor-moeglichem-buergerkrieg\/#primaryimage"},"thumbnailUrl":"https:\/\/now-news.de\/de\/wp-content\/uploads\/sites\/3\/2023\/07\/Pulverfass-Israel-Ex-Chef-des-Inlandsgeheimdienstes-warnt-vor-moeglichem-Buergerkrieg.jpg","keywords":["B\u00fcrgerkrieg","des","ExChef","Inlandsgeheimdienstes","Israel","m\u00f6glichem","Pulverfass","vor","warnt"],"articleSection":["Deutschland","Russland"],"inLanguage":"de","potentialAction":[{"@type":"CommentAction","name":"Comment","target":["https:\/\/now-news.de\/de\/deutschland\/pulverfass-israel-ex-chef-des-inlandsgeheimdienstes-warnt-vor-moeglichem-buergerkrieg\/#respond"]}]},{"@type":"WebPage","@id":"https:\/\/now-news.de\/de\/deutschland\/pulverfass-israel-ex-chef-des-inlandsgeheimdienstes-warnt-vor-moeglichem-buergerkrieg\/","url":"https:\/\/now-news.de\/de\/deutschland\/pulverfass-israel-ex-chef-des-inlandsgeheimdienstes-warnt-vor-moeglichem-buergerkrieg\/","name":"Pulverfass Israel: Ex-Chef des Inlandsgeheimdienstes warnt vor m\u00f6glichem B\u00fcrgerkrieg - just-now.NEWS Deutschland","isPartOf":{"@id":"https:\/\/now-news.de\/de\/#website"},"primaryImageOfPage":{"@id":"https:\/\/now-news.de\/de\/deutschland\/pulverfass-israel-ex-chef-des-inlandsgeheimdienstes-warnt-vor-moeglichem-buergerkrieg\/#primaryimage"},"image":{"@id":"https:\/\/now-news.de\/de\/deutschland\/pulverfass-israel-ex-chef-des-inlandsgeheimdienstes-warnt-vor-moeglichem-buergerkrieg\/#primaryimage"},"thumbnailUrl":"https:\/\/now-news.de\/de\/wp-content\/uploads\/sites\/3\/2023\/07\/Pulverfass-Israel-Ex-Chef-des-Inlandsgeheimdienstes-warnt-vor-moeglichem-Buergerkrieg.jpg","datePublished":"2023-07-21T10:17:40+00:00","dateModified":"2023-07-21T10:17:40+00:00","breadcrumb":{"@id":"https:\/\/now-news.de\/de\/deutschland\/pulverfass-israel-ex-chef-des-inlandsgeheimdienstes-warnt-vor-moeglichem-buergerkrieg\/#breadcrumb"},"inLanguage":"de","potentialAction":[{"@type":"ReadAction","target":["https:\/\/now-news.de\/de\/deutschland\/pulverfass-israel-ex-chef-des-inlandsgeheimdienstes-warnt-vor-moeglichem-buergerkrieg\/"]}]},{"@type":"ImageObject","inLanguage":"de","@id":"https:\/\/now-news.de\/de\/deutschland\/pulverfass-israel-ex-chef-des-inlandsgeheimdienstes-warnt-vor-moeglichem-buergerkrieg\/#primaryimage","url":"https:\/\/now-news.de\/de\/wp-content\/uploads\/sites\/3\/2023\/07\/Pulverfass-Israel-Ex-Chef-des-Inlandsgeheimdienstes-warnt-vor-moeglichem-Buergerkrieg.jpg","contentUrl":"https:\/\/now-news.de\/de\/wp-content\/uploads\/sites\/3\/2023\/07\/Pulverfass-Israel-Ex-Chef-des-Inlandsgeheimdienstes-warnt-vor-moeglichem-Buergerkrieg.jpg","width":460,"height":259,"caption":"Pulverfass Israel: Ex-Chef des Inlandsgeheimdienstes warnt vor m\u00f6glichem B\u00fcrgerkrieg"},{"@type":"BreadcrumbList","@id":"https:\/\/now-news.de\/de\/deutschland\/pulverfass-israel-ex-chef-des-inlandsgeheimdienstes-warnt-vor-moeglichem-buergerkrieg\/#breadcrumb","itemListElement":[{"@type":"ListItem","position":1,"name":"Home","item":"https:\/\/now-news.de\/de\/"},{"@type":"ListItem","position":2,"name":"Pulverfass Israel: Ex-Chef des Inlandsgeheimdienstes warnt vor m\u00f6glichem B\u00fcrgerkrieg"}]},{"@type":"WebSite","@id":"https:\/\/now-news.de\/de\/#website","url":"https:\/\/now-news.de\/de\/","name":"just-now.NEWS Deutschland","description":"Das Portal f\u00fcr unzensierte Nachrichten aus der Welt","publisher":{"@id":"https:\/\/now-news.de\/de\/#organization"},"potentialAction":[{"@type":"SearchAction","target":{"@type":"EntryPoint","urlTemplate":"https:\/\/now-news.de\/de\/?s={search_term_string}"},"query-input":"required name=search_term_string"}],"inLanguage":"de"},{"@type":"Organization","@id":"https:\/\/now-news.de\/de\/#organization","name":"Just Now News","url":"https:\/\/now-news.de\/de\/","logo":{"@type":"ImageObject","inLanguage":"de","@id":"https:\/\/now-news.de\/de\/#\/schema\/logo\/image\/","url":"http:\/\/just-now.news\/de\/wp-content\/uploads\/sites\/3\/2022\/04\/logo500x500.jpg","contentUrl":"http:\/\/just-now.news\/de\/wp-content\/uploads\/sites\/3\/2022\/04\/logo500x500.jpg","width":500,"height":500,"caption":"Just Now News"},"image":{"@id":"https:\/\/now-news.de\/de\/#\/schema\/logo\/image\/"},"sameAs":["https:\/\/www.facebook.com\/wirmachenauf","https:\/\/x.com\/WirMachenAuf_de"]},{"@type":"Person","@id":"https:\/\/now-news.de\/de\/#\/schema\/person\/fb534a4e865501d8b3285208df34a9b5","name":"rtnews","image":{"@type":"ImageObject","inLanguage":"de","@id":"https:\/\/now-news.de\/de\/#\/schema\/person\/image\/","url":"https:\/\/secure.gravatar.com\/avatar\/82aafea7d8127119dd649515f56e2117?s=96&d=mm&r=g","contentUrl":"https:\/\/secure.gravatar.com\/avatar\/82aafea7d8127119dd649515f56e2117?s=96&d=mm&r=g","caption":"rtnews"},"url":"https:\/\/now-news.de\/de\/author\/rnews\/"}]}},"_links":{"self":[{"href":"https:\/\/now-news.de\/de\/wp-json\/wp\/v2\/posts\/40576"}],"collection":[{"href":"https:\/\/now-news.de\/de\/wp-json\/wp\/v2\/posts"}],"about":[{"href":"https:\/\/now-news.de\/de\/wp-json\/wp\/v2\/types\/post"}],"author":[{"embeddable":true,"href":"https:\/\/now-news.de\/de\/wp-json\/wp\/v2\/users\/3"}],"replies":[{"embeddable":true,"href":"https:\/\/now-news.de\/de\/wp-json\/wp\/v2\/comments?post=40576"}],"version-history":[{"count":0,"href":"https:\/\/now-news.de\/de\/wp-json\/wp\/v2\/posts\/40576\/revisions"}],"wp:featuredmedia":[{"embeddable":true,"href":"https:\/\/now-news.de\/de\/wp-json\/wp\/v2\/media\/40577"}],"wp:attachment":[{"href":"https:\/\/now-news.de\/de\/wp-json\/wp\/v2\/media?parent=40576"}],"wp:term":[{"taxonomy":"category","embeddable":true,"href":"https:\/\/now-news.de\/de\/wp-json\/wp\/v2\/categories?post=40576"},{"taxonomy":"post_tag","embeddable":true,"href":"https:\/\/now-news.de\/de\/wp-json\/wp\/v2\/tags?post=40576"}],"curies":[{"name":"wp","href":"https:\/\/api.w.org\/{rel}","templated":true}]}}