{"id":40574,"date":"2023-07-21T10:51:20","date_gmt":"2023-07-21T08:51:20","guid":{"rendered":"https:\/\/just-now.news\/de\/deutschland\/westliche-vorraete-an-luftabwehrsystemen-fuer-ukraine-erschoepft\/"},"modified":"2023-07-21T10:51:20","modified_gmt":"2023-07-21T08:51:20","slug":"westliche-vorraete-an-luftabwehrsystemen-fuer-ukraine-erschoepft","status":"publish","type":"post","link":"https:\/\/now-news.de\/de\/deutschland\/westliche-vorraete-an-luftabwehrsystemen-fuer-ukraine-erschoepft\/","title":{"rendered":"Westliche Vorr\u00e4te an Luftabwehrsystemen f\u00fcr Ukraine ersch\u00f6pft"},"content":{"rendered":"<p><img decoding=\"async\" src=\"http:\/\/just-now.news\/de\/wp-content\/uploads\/sites\/3\/2023\/07\/64b94f08b480cc387b374601.jpg\" \/><\/p>\n<div class=\"Text-root Text-type_1 \">\n                Laut Wladimir Selenskij kann die ukrainische Luftverteidigung die russischen Raketen nicht abwehren und ben\u00f6tigt vom Westen neue Systeme. Allerdings k\u00f6nnen die NATO-Staaten Kiew kaum noch Luftabwehrkomplexe anbieten, und selbst deren Lieferung w\u00fcrde die M\u00e4ngel der ukrainischen Luftverteidigung nicht beheben.\n            <\/div>\n<p><\/p>\n<div class=\"Text-root Text-type_5 ArticleView-text ViewText-root \">\n<p><em><\/em><em>Von Jewgeni Posdnjakow<\/em><\/p>\n<p>Der ukrainische Pr\u00e4sident Wladimir Selenskij hat am 19. Juli behauptet, dass Odessa neue Luftabwehrsysteme ben\u00f6tige. Er bemerkte, dass die Ukraine zwar \u00fcber Komplexe der Typen SAMP-T und Patriot verf\u00fcge, allerdings ihre Anzahl in der jetzigen Lage nicht ausreiche, um alle notwendigen Infrastrukturobjekte umfassend zu sch\u00fctzen.<\/p>\n<p>Selenskij betonte, wenn das ukrainische Milit\u00e4r mehr von diesen Systemen h\u00e4tte, k\u00f6nnte es die russischen Angriffe leichter abwehren und damit die Hafeninfrastruktur vor Zerst\u00f6rungen bewahren. Dabei hatte das ukrainische Milit\u00e4rkommando zuvor einger\u00e4umt, dass die Infrastruktur in einem der H\u00e4fen des Gebiets Odessa durch russische Angriffe besch\u00e4digt worden sei. Raketen der Typen Onyx und X-22 h\u00e4tten in der Nacht auf den 19. Juli das Getreide- und \u00d6lterminal besch\u00e4digt. Dar\u00fcber hinaus sein in den Lagersilos und Verladeeinrichtungen ein Feuer ausgebrochen.<\/p>\n<p>Gleichzeitig wurden ein Industrieobjekt und zwei Lager im Kreis Odessa durch Raketen zerst\u00f6rt. Der B\u00fcrgermeister der Stadt, Gennadi Truchanow, bezeichnete die russischen Vergeltungsschl\u00e4ge als den gr\u00f6\u00dften Angriff seit dem Beginn der Milit\u00e4roperation. Er nannte die Nacht &#8220;schrecklich&#8221; und bemerkte, dass\u00a0die russischen\u00a0Streitkr\u00e4fte bei ihrem Angriff auf die Gebietshauptstadt Raketen und Drohnen eingesetzt h\u00e4tten.<\/p>\n<p>Parallel dazu wurden im Umland von Nikolajew und Odessa Treibstofflager mit einem Gesamtvolumen von etwa 70.000 Tonnen vernichtet, von denen aus die Treibstoffversorgung der ukrainischen Milit\u00e4rtechnik organisiert worden war. Dabei gelang es dem ukrainischen Milit\u00e4r, lediglich 14 von 31 der russischen Raketen abzufangen, wie der Journalist der Zeitung <em>The Wall Street Journal,\u00a0<\/em>Jaroslaw Trofimow, auf Twitter schrieb.<\/p>\n<p><a rel=\"nofollow noopener\" target=\"_blank\" href=\"https:\/\/test.rtde.life\/kurzclips\/video\/170421-sehr-effektiv-ukrainische-holt-mehr\/\"><\/a>Die Probleme der ukrainischen Luftabwehr sind seit L\u00e4ngerem bekannt. So schrieb die Zeitung <em>Wsgljad <\/em>noch im April, dass fast 90 Prozent der Luftverteidigung der Ukraine von Systemen der Typen S-300 und Buk gew\u00e4hrleistet werde. Nach Sch\u00e4tzungen der USA vom Februar sollten die Geschosse f\u00fcr Buk-Anlagen Ende M\u00e4rz, und f\u00fcr die S-300 Anfang Mai aufgebraucht sein. Im Durchschnitt verbraucht die Ukraine 69 Buk-Raketen und etwa 200 S-300-Raketen pro Monat. Lieferungen westlicher Luftabwehrsysteme erm\u00f6glichten es zwar, den Munitionsverbrauch etwas zu reduzieren,\u00a0aber nur in ungen\u00fcgendem Ma\u00dfe.<\/p>\n<p>Experten sind der Ansicht, dass die Probleme der ukrainischen Luftabwehr selbst durch eine Steigerung von\u00a0Lieferungen neuer Komplexe nicht zu l\u00f6sen seien. Dar\u00fcber hinaus handelt es sich bei den westlichen Systemen in ukrainischen Diensten vornehmlich um \u00e4ltere Modelle, die keine Marschflugk\u00f6rper abfangen k\u00f6nnen. Ferner bemerken die Experten, dass die USA vor dem Hintergrund des Mangels an Patriot- und SAMP-T-Systemen diese Komplexe nicht in ausreichenden Mengen an die Ukraine \u00fcbergeben werden.<\/p>\n<p>&#8220;Die Ukraine \u00fcbersch\u00e4tzt die Rolle einzelner Luftabwehranlagen. Der Aufbau eines Systems der Luftverteidigung ist ein komplexer Prozess, bei dem nicht die Menge der Technik ausschlaggebend ist, sondern ihre Qualit\u00e4t und Steuerung. Gegenw\u00e4rtig sind die meisten Systeme, \u00fcber die das ukrainische Milit\u00e4r verf\u00fcgt, veraltet und nicht in der Lage, Marschflugk\u00f6rper abzufangen&#8221;, sagte der russische Milit\u00e4rexperte Juri Knutow.<\/p>\n<p>&#8220;Systeme vom Typ SAMP-T und Patriot, von denen Selenskij spricht, sind zweifellos leistungsstark. Dennoch bleibt ihre Herstellung \u00e4u\u00dferst kostspielig. Das erlaubt den westlichen Staaten nicht, sie in uneingeschr\u00e4nkten Mengen zu produzieren. USA und die EU-Staaten sch\u00e4tzen jedes dieser\u00a0Systeme und werden nicht damit um sich werfen&#8221;, f\u00fcgte er hinzu.<\/p>\n<p>&#8220;Doch selbst wenn solche leistungsstarken Systeme geliefert werden, denke ich nicht, dass das viel an der Lage \u00e4ndern wird. Erstens ist kein westliches System auf die Bek\u00e4mpfung der russischen Kinschal-Raketen ausgelegt. Zweitens perfektionieren unsere Milit\u00e4rangeh\u00f6rigen zunehmend die Angriffsmethoden gegen gegnerische Objekte&#8221;, betonte der Experte.<\/p>\n<p><a rel=\"nofollow noopener\" target=\"_blank\" href=\"https:\/\/test.rtde.life\/international\/170388-wie-us-amerikanische-luftabwehr-duell\/\"><\/a>&#8220;W\u00e4hrend des\u00a0gesamten Verlaufs der Milit\u00e4roperation\u00a0vollf\u00fchrte die Armee Russlands Wunder in Sachen Anpassung an die wechselnden Kampfbedingungen. Wir umgehen geschickt die ukrainischen Luftabwehrkomplexe und beseitigen die anvisierten Ziele eins nach dem anderen. Die reiche Erfahrung der Soldaten kann durch keinen hochtechnologischen Komplex wettgemacht werden&#8221;, sagte er.<\/p>\n<p>&#8220;Die ukrainische Milit\u00e4rf\u00fchrung versteht nicht den Kern des Problems: Wirklich zuverl\u00e4ssig und stark wird die Luftverteidigung nicht durch die Anzahl der Anlagen, sondern durch ihre Komplexit\u00e4t und Integrit\u00e4t. Gegenw\u00e4rtig verf\u00fcgt die Ukraine \u00fcber kein Verteidigungssystem, das das ganze Land umfassen k\u00f6nnte&#8221;, erkl\u00e4rte seinerseits Generalleutnant Aitetsch Bischew, ehemaliger Stellvertreter des Kommandanten der Luftstreitkr\u00e4fte f\u00fcr Angelegenheiten des Vereinten Systems\u00a0zur Luftverteidigung der GUS-Mitgliedsstaaten.<\/p>\n<p>&#8220;Faktisch verf\u00fcgt der Gegner nur \u00fcber zersplitterte Gruppierungen, die aus einigen Luftabwehrkomplexen bestehen. Einen ernsthaften Angriff abzuwehren, der mit hochtechnologischen Raketen ausgef\u00fchrt wird, ist f\u00fcr sie von vornherein unm\u00f6glich. Das ukrainische Milit\u00e4r sollte die zersplitterten Verb\u00e4nde zu einem einzigen gesamtstaatlichen System zusammenfassen&#8221;, betonte er.<\/p>\n<p>&#8220;Aber dies ist unter Kampfbedingungen praktisch unm\u00f6glich. Die Lieferung von neuen Luftabwehrkomplexen wird die Lage nicht besser machen. Zweifellos kann die Unterbringung neuer Systeme an einzelnen Frontabschnitten helfen, eine konkrete Region etwas zu befestigen, doch das Gesamtniveau an Schutz\u00a0f\u00fcr das\u00a0ukrainisch kontrollierte Gebiet wird nicht steigen&#8221;, bemerkte der Experte weiter.<\/p>\n<p>&#8220;Dar\u00fcber hinaus werden an die Ukraine sicher nicht die modernsten Ger\u00e4te und in kleinen Mengen geliefert. Die SAMP-T und Patriot sind teuer und schwer zu produzieren. Dar\u00fcber hinaus sind die Milit\u00e4rs der USA und der EU auf der ganzen Welt stationiert, ihr Bedarf an Luftabwehr ist kolossal. Niemand wird diese Komplexe von ihren Stationierungsorten entfernen, und auf Lager sind kaum noch von der Ukraine ben\u00f6tigte Modelle \u00fcbrig&#8221;, schloss Bischew seine Ausf\u00fchrungen.<\/p>\n<p><em>\u00dcbersetzt aus dem Russischen und zuerst erschienen bei <a rel=\"nofollow noopener\" target=\"_blank\" href=\"https:\/\/vz.ru\/world\/2023\/7\/19\/1221901.html\">Wsgljad<\/a>.<\/em><\/p>\n<p><strong>Mehr zum Thema <\/strong>\u2013 <a rel=\"nofollow noopener\" target=\"_blank\" href=\"https:\/\/test.rtde.life\/international\/175650-kiew-in-panik-westen-kurz-davor-ukraine-fallenzulassen\/\">Kiew in Panik: Der Westen ist einen Schritt davon entfernt, die Ukraine fallen zu lassen<\/a><\/p>\n<\/div>\n<p><br \/>\n<br \/><a href=\"https:\/\/de.rt.com\/international\/175800-westliche-vorraete-an-luftabwehrsystemen-fuer\/\">Source link <\/a><\/p>\n","protected":false},"excerpt":{"rendered":"<p>Laut Wladimir Selenskij kann die ukrainische Luftverteidigung die russischen Raketen nicht abwehren und ben\u00f6tigt vom Westen neue Systeme. Allerdings k\u00f6nnen die NATO-Staaten Kiew kaum noch Luftabwehrkomplexe anbieten, und selbst deren Lieferung w\u00fcrde die M\u00e4ngel der ukrainischen Luftverteidigung nicht beheben. Von Jewgeni Posdnjakow Der ukrainische Pr\u00e4sident Wladimir Selenskij hat am 19. Juli behauptet, dass Odessa neue [&hellip;]<\/p>\n","protected":false},"author":3,"featured_media":40575,"comment_status":"open","ping_status":"open","sticky":false,"template":"","format":"standard","meta":{"_yoast_indexnow_last_ping":["1689931282"],"wp_automatic_camp":["217"],"2fd8dd29a8e8f1e96eafe83e14f03b57":["Westliche Vorr\u00e4te an Luftabwehrsystemen f\u00fcr Ukraine ersch\u00f6pft"],"original_link":["https:\/\/de.rt.com\/international\/175800-westliche-vorraete-an-luftabwehrsystemen-fuer\/"],"_thumbnail_id":["40575"],"jnews_social_counter_last_update":["1777318759"],"_wptgpro_p2tg_sent2tg":["a:1:{i:23737;s:19:\"2023-07-21 11:22:30\";}"]},"categories":[19,23],"tags":[24590,221,46004,127,8252,740],"yoast_head":"<!-- This site is optimized with the Yoast SEO Premium plugin v22.7 (Yoast SEO v22.7) - https:\/\/yoast.com\/wordpress\/plugins\/seo\/ -->\n<title>Westliche Vorr\u00e4te an Luftabwehrsystemen f\u00fcr Ukraine ersch\u00f6pft - just-now.NEWS Deutschland<\/title>\n<meta name=\"robots\" content=\"index, follow, max-snippet:-1, max-image-preview:large, max-video-preview:-1\" \/>\n<link rel=\"canonical\" href=\"https:\/\/now-news.de\/de\/deutschland\/westliche-vorraete-an-luftabwehrsystemen-fuer-ukraine-erschoepft\/\" \/>\n<meta property=\"og:locale\" content=\"de_DE\" \/>\n<meta property=\"og:type\" content=\"article\" \/>\n<meta property=\"og:title\" content=\"Westliche Vorr\u00e4te an Luftabwehrsystemen f\u00fcr Ukraine ersch\u00f6pft\" \/>\n<meta property=\"og:description\" content=\"Laut Wladimir Selenskij kann die ukrainische Luftverteidigung die russischen Raketen nicht abwehren und ben\u00f6tigt vom Westen neue Systeme. Allerdings k\u00f6nnen die NATO-Staaten Kiew kaum noch Luftabwehrkomplexe anbieten, und selbst deren Lieferung w\u00fcrde die M\u00e4ngel der ukrainischen Luftverteidigung nicht beheben. Von Jewgeni Posdnjakow Der ukrainische Pr\u00e4sident Wladimir Selenskij hat am 19. Juli behauptet, dass Odessa neue [&hellip;]\" \/>\n<meta property=\"og:url\" content=\"https:\/\/now-news.de\/de\/deutschland\/westliche-vorraete-an-luftabwehrsystemen-fuer-ukraine-erschoepft\/\" \/>\n<meta property=\"og:site_name\" content=\"just-now.NEWS Deutschland\" \/>\n<meta property=\"article:publisher\" content=\"https:\/\/www.facebook.com\/wirmachenauf\" \/>\n<meta property=\"article:published_time\" content=\"2023-07-21T08:51:20+00:00\" \/>\n<meta property=\"og:image\" content=\"https:\/\/now-news.de\/de\/wp-content\/uploads\/sites\/3\/2023\/07\/Westliche-Vorraete-an-Luftabwehrsystemen-fuer-Ukraine-erschoepft.jpg\" \/>\n\t<meta property=\"og:image:width\" content=\"460\" \/>\n\t<meta property=\"og:image:height\" content=\"259\" \/>\n\t<meta property=\"og:image:type\" content=\"image\/jpeg\" \/>\n<meta name=\"author\" content=\"rtnews\" \/>\n<meta name=\"twitter:card\" content=\"summary_large_image\" \/>\n<meta name=\"twitter:creator\" content=\"@WirMachenAuf_de\" \/>\n<meta name=\"twitter:site\" content=\"@WirMachenAuf_de\" \/>\n<meta name=\"twitter:label1\" content=\"Verfasst von\" \/>\n\t<meta name=\"twitter:data1\" content=\"rtnews\" \/>\n\t<meta name=\"twitter:label2\" content=\"Gesch\u00e4tzte Lesezeit\" \/>\n\t<meta name=\"twitter:data2\" content=\"5\u00a0Minuten\" \/>\n<script type=\"application\/ld+json\" class=\"yoast-schema-graph\">{\"@context\":\"https:\/\/schema.org\",\"@graph\":[{\"@type\":\"Article\",\"@id\":\"https:\/\/now-news.de\/de\/deutschland\/westliche-vorraete-an-luftabwehrsystemen-fuer-ukraine-erschoepft\/#article\",\"isPartOf\":{\"@id\":\"https:\/\/now-news.de\/de\/deutschland\/westliche-vorraete-an-luftabwehrsystemen-fuer-ukraine-erschoepft\/\"},\"author\":{\"name\":\"rtnews\",\"@id\":\"https:\/\/now-news.de\/de\/#\/schema\/person\/fb534a4e865501d8b3285208df34a9b5\"},\"headline\":\"Westliche Vorr\u00e4te an Luftabwehrsystemen f\u00fcr Ukraine ersch\u00f6pft\",\"datePublished\":\"2023-07-21T08:51:20+00:00\",\"dateModified\":\"2023-07-21T08:51:20+00:00\",\"mainEntityOfPage\":{\"@id\":\"https:\/\/now-news.de\/de\/deutschland\/westliche-vorraete-an-luftabwehrsystemen-fuer-ukraine-erschoepft\/\"},\"wordCount\":969,\"commentCount\":0,\"publisher\":{\"@id\":\"https:\/\/now-news.de\/de\/#organization\"},\"image\":{\"@id\":\"https:\/\/now-news.de\/de\/deutschland\/westliche-vorraete-an-luftabwehrsystemen-fuer-ukraine-erschoepft\/#primaryimage\"},\"thumbnailUrl\":\"https:\/\/now-news.de\/de\/wp-content\/uploads\/sites\/3\/2023\/07\/Westliche-Vorraete-an-Luftabwehrsystemen-fuer-Ukraine-erschoepft.jpg\",\"keywords\":[\"ersch\u00f6pft\",\"f\u00fcr\",\"Luftabwehrsystemen\",\"ukraine\",\"Vorr\u00e4te\",\"westliche\"],\"articleSection\":[\"Deutschland\",\"Russland\"],\"inLanguage\":\"de\",\"potentialAction\":[{\"@type\":\"CommentAction\",\"name\":\"Comment\",\"target\":[\"https:\/\/now-news.de\/de\/deutschland\/westliche-vorraete-an-luftabwehrsystemen-fuer-ukraine-erschoepft\/#respond\"]}]},{\"@type\":\"WebPage\",\"@id\":\"https:\/\/now-news.de\/de\/deutschland\/westliche-vorraete-an-luftabwehrsystemen-fuer-ukraine-erschoepft\/\",\"url\":\"https:\/\/now-news.de\/de\/deutschland\/westliche-vorraete-an-luftabwehrsystemen-fuer-ukraine-erschoepft\/\",\"name\":\"Westliche Vorr\u00e4te an Luftabwehrsystemen f\u00fcr Ukraine ersch\u00f6pft - just-now.NEWS Deutschland\",\"isPartOf\":{\"@id\":\"https:\/\/now-news.de\/de\/#website\"},\"primaryImageOfPage\":{\"@id\":\"https:\/\/now-news.de\/de\/deutschland\/westliche-vorraete-an-luftabwehrsystemen-fuer-ukraine-erschoepft\/#primaryimage\"},\"image\":{\"@id\":\"https:\/\/now-news.de\/de\/deutschland\/westliche-vorraete-an-luftabwehrsystemen-fuer-ukraine-erschoepft\/#primaryimage\"},\"thumbnailUrl\":\"https:\/\/now-news.de\/de\/wp-content\/uploads\/sites\/3\/2023\/07\/Westliche-Vorraete-an-Luftabwehrsystemen-fuer-Ukraine-erschoepft.jpg\",\"datePublished\":\"2023-07-21T08:51:20+00:00\",\"dateModified\":\"2023-07-21T08:51:20+00:00\",\"breadcrumb\":{\"@id\":\"https:\/\/now-news.de\/de\/deutschland\/westliche-vorraete-an-luftabwehrsystemen-fuer-ukraine-erschoepft\/#breadcrumb\"},\"inLanguage\":\"de\",\"potentialAction\":[{\"@type\":\"ReadAction\",\"target\":[\"https:\/\/now-news.de\/de\/deutschland\/westliche-vorraete-an-luftabwehrsystemen-fuer-ukraine-erschoepft\/\"]}]},{\"@type\":\"ImageObject\",\"inLanguage\":\"de\",\"@id\":\"https:\/\/now-news.de\/de\/deutschland\/westliche-vorraete-an-luftabwehrsystemen-fuer-ukraine-erschoepft\/#primaryimage\",\"url\":\"https:\/\/now-news.de\/de\/wp-content\/uploads\/sites\/3\/2023\/07\/Westliche-Vorraete-an-Luftabwehrsystemen-fuer-Ukraine-erschoepft.jpg\",\"contentUrl\":\"https:\/\/now-news.de\/de\/wp-content\/uploads\/sites\/3\/2023\/07\/Westliche-Vorraete-an-Luftabwehrsystemen-fuer-Ukraine-erschoepft.jpg\",\"width\":460,\"height\":259,\"caption\":\"Westliche Vorr\u00e4te an Luftabwehrsystemen f\u00fcr Ukraine ersch\u00f6pft\"},{\"@type\":\"BreadcrumbList\",\"@id\":\"https:\/\/now-news.de\/de\/deutschland\/westliche-vorraete-an-luftabwehrsystemen-fuer-ukraine-erschoepft\/#breadcrumb\",\"itemListElement\":[{\"@type\":\"ListItem\",\"position\":1,\"name\":\"Home\",\"item\":\"https:\/\/now-news.de\/de\/\"},{\"@type\":\"ListItem\",\"position\":2,\"name\":\"Westliche Vorr\u00e4te an Luftabwehrsystemen f\u00fcr Ukraine ersch\u00f6pft\"}]},{\"@type\":\"WebSite\",\"@id\":\"https:\/\/now-news.de\/de\/#website\",\"url\":\"https:\/\/now-news.de\/de\/\",\"name\":\"just-now.NEWS Deutschland\",\"description\":\"Das Portal f\u00fcr unzensierte Nachrichten aus der Welt\",\"publisher\":{\"@id\":\"https:\/\/now-news.de\/de\/#organization\"},\"potentialAction\":[{\"@type\":\"SearchAction\",\"target\":{\"@type\":\"EntryPoint\",\"urlTemplate\":\"https:\/\/now-news.de\/de\/?s={search_term_string}\"},\"query-input\":\"required name=search_term_string\"}],\"inLanguage\":\"de\"},{\"@type\":\"Organization\",\"@id\":\"https:\/\/now-news.de\/de\/#organization\",\"name\":\"Just Now News\",\"url\":\"https:\/\/now-news.de\/de\/\",\"logo\":{\"@type\":\"ImageObject\",\"inLanguage\":\"de\",\"@id\":\"https:\/\/now-news.de\/de\/#\/schema\/logo\/image\/\",\"url\":\"http:\/\/just-now.news\/de\/wp-content\/uploads\/sites\/3\/2022\/04\/logo500x500.jpg\",\"contentUrl\":\"http:\/\/just-now.news\/de\/wp-content\/uploads\/sites\/3\/2022\/04\/logo500x500.jpg\",\"width\":500,\"height\":500,\"caption\":\"Just Now News\"},\"image\":{\"@id\":\"https:\/\/now-news.de\/de\/#\/schema\/logo\/image\/\"},\"sameAs\":[\"https:\/\/www.facebook.com\/wirmachenauf\",\"https:\/\/x.com\/WirMachenAuf_de\"]},{\"@type\":\"Person\",\"@id\":\"https:\/\/now-news.de\/de\/#\/schema\/person\/fb534a4e865501d8b3285208df34a9b5\",\"name\":\"rtnews\",\"image\":{\"@type\":\"ImageObject\",\"inLanguage\":\"de\",\"@id\":\"https:\/\/now-news.de\/de\/#\/schema\/person\/image\/\",\"url\":\"https:\/\/secure.gravatar.com\/avatar\/82aafea7d8127119dd649515f56e2117?s=96&d=mm&r=g\",\"contentUrl\":\"https:\/\/secure.gravatar.com\/avatar\/82aafea7d8127119dd649515f56e2117?s=96&d=mm&r=g\",\"caption\":\"rtnews\"},\"url\":\"https:\/\/now-news.de\/de\/author\/rnews\/\"}]}<\/script>\n<!-- \/ Yoast SEO Premium plugin. -->","yoast_head_json":{"title":"Westliche Vorr\u00e4te an Luftabwehrsystemen f\u00fcr Ukraine ersch\u00f6pft - just-now.NEWS Deutschland","robots":{"index":"index","follow":"follow","max-snippet":"max-snippet:-1","max-image-preview":"max-image-preview:large","max-video-preview":"max-video-preview:-1"},"canonical":"https:\/\/now-news.de\/de\/deutschland\/westliche-vorraete-an-luftabwehrsystemen-fuer-ukraine-erschoepft\/","og_locale":"de_DE","og_type":"article","og_title":"Westliche Vorr\u00e4te an Luftabwehrsystemen f\u00fcr Ukraine ersch\u00f6pft","og_description":"Laut Wladimir Selenskij kann die ukrainische Luftverteidigung die russischen Raketen nicht abwehren und ben\u00f6tigt vom Westen neue Systeme. Allerdings k\u00f6nnen die NATO-Staaten Kiew kaum noch Luftabwehrkomplexe anbieten, und selbst deren Lieferung w\u00fcrde die M\u00e4ngel der ukrainischen Luftverteidigung nicht beheben. Von Jewgeni Posdnjakow Der ukrainische Pr\u00e4sident Wladimir Selenskij hat am 19. Juli behauptet, dass Odessa neue [&hellip;]","og_url":"https:\/\/now-news.de\/de\/deutschland\/westliche-vorraete-an-luftabwehrsystemen-fuer-ukraine-erschoepft\/","og_site_name":"just-now.NEWS Deutschland","article_publisher":"https:\/\/www.facebook.com\/wirmachenauf","article_published_time":"2023-07-21T08:51:20+00:00","og_image":[{"width":460,"height":259,"url":"https:\/\/now-news.de\/de\/wp-content\/uploads\/sites\/3\/2023\/07\/Westliche-Vorraete-an-Luftabwehrsystemen-fuer-Ukraine-erschoepft.jpg","type":"image\/jpeg"}],"author":"rtnews","twitter_card":"summary_large_image","twitter_creator":"@WirMachenAuf_de","twitter_site":"@WirMachenAuf_de","twitter_misc":{"Verfasst von":"rtnews","Gesch\u00e4tzte Lesezeit":"5\u00a0Minuten"},"schema":{"@context":"https:\/\/schema.org","@graph":[{"@type":"Article","@id":"https:\/\/now-news.de\/de\/deutschland\/westliche-vorraete-an-luftabwehrsystemen-fuer-ukraine-erschoepft\/#article","isPartOf":{"@id":"https:\/\/now-news.de\/de\/deutschland\/westliche-vorraete-an-luftabwehrsystemen-fuer-ukraine-erschoepft\/"},"author":{"name":"rtnews","@id":"https:\/\/now-news.de\/de\/#\/schema\/person\/fb534a4e865501d8b3285208df34a9b5"},"headline":"Westliche Vorr\u00e4te an Luftabwehrsystemen f\u00fcr Ukraine ersch\u00f6pft","datePublished":"2023-07-21T08:51:20+00:00","dateModified":"2023-07-21T08:51:20+00:00","mainEntityOfPage":{"@id":"https:\/\/now-news.de\/de\/deutschland\/westliche-vorraete-an-luftabwehrsystemen-fuer-ukraine-erschoepft\/"},"wordCount":969,"commentCount":0,"publisher":{"@id":"https:\/\/now-news.de\/de\/#organization"},"image":{"@id":"https:\/\/now-news.de\/de\/deutschland\/westliche-vorraete-an-luftabwehrsystemen-fuer-ukraine-erschoepft\/#primaryimage"},"thumbnailUrl":"https:\/\/now-news.de\/de\/wp-content\/uploads\/sites\/3\/2023\/07\/Westliche-Vorraete-an-Luftabwehrsystemen-fuer-Ukraine-erschoepft.jpg","keywords":["ersch\u00f6pft","f\u00fcr","Luftabwehrsystemen","ukraine","Vorr\u00e4te","westliche"],"articleSection":["Deutschland","Russland"],"inLanguage":"de","potentialAction":[{"@type":"CommentAction","name":"Comment","target":["https:\/\/now-news.de\/de\/deutschland\/westliche-vorraete-an-luftabwehrsystemen-fuer-ukraine-erschoepft\/#respond"]}]},{"@type":"WebPage","@id":"https:\/\/now-news.de\/de\/deutschland\/westliche-vorraete-an-luftabwehrsystemen-fuer-ukraine-erschoepft\/","url":"https:\/\/now-news.de\/de\/deutschland\/westliche-vorraete-an-luftabwehrsystemen-fuer-ukraine-erschoepft\/","name":"Westliche Vorr\u00e4te an Luftabwehrsystemen f\u00fcr Ukraine ersch\u00f6pft - just-now.NEWS Deutschland","isPartOf":{"@id":"https:\/\/now-news.de\/de\/#website"},"primaryImageOfPage":{"@id":"https:\/\/now-news.de\/de\/deutschland\/westliche-vorraete-an-luftabwehrsystemen-fuer-ukraine-erschoepft\/#primaryimage"},"image":{"@id":"https:\/\/now-news.de\/de\/deutschland\/westliche-vorraete-an-luftabwehrsystemen-fuer-ukraine-erschoepft\/#primaryimage"},"thumbnailUrl":"https:\/\/now-news.de\/de\/wp-content\/uploads\/sites\/3\/2023\/07\/Westliche-Vorraete-an-Luftabwehrsystemen-fuer-Ukraine-erschoepft.jpg","datePublished":"2023-07-21T08:51:20+00:00","dateModified":"2023-07-21T08:51:20+00:00","breadcrumb":{"@id":"https:\/\/now-news.de\/de\/deutschland\/westliche-vorraete-an-luftabwehrsystemen-fuer-ukraine-erschoepft\/#breadcrumb"},"inLanguage":"de","potentialAction":[{"@type":"ReadAction","target":["https:\/\/now-news.de\/de\/deutschland\/westliche-vorraete-an-luftabwehrsystemen-fuer-ukraine-erschoepft\/"]}]},{"@type":"ImageObject","inLanguage":"de","@id":"https:\/\/now-news.de\/de\/deutschland\/westliche-vorraete-an-luftabwehrsystemen-fuer-ukraine-erschoepft\/#primaryimage","url":"https:\/\/now-news.de\/de\/wp-content\/uploads\/sites\/3\/2023\/07\/Westliche-Vorraete-an-Luftabwehrsystemen-fuer-Ukraine-erschoepft.jpg","contentUrl":"https:\/\/now-news.de\/de\/wp-content\/uploads\/sites\/3\/2023\/07\/Westliche-Vorraete-an-Luftabwehrsystemen-fuer-Ukraine-erschoepft.jpg","width":460,"height":259,"caption":"Westliche Vorr\u00e4te an Luftabwehrsystemen f\u00fcr Ukraine ersch\u00f6pft"},{"@type":"BreadcrumbList","@id":"https:\/\/now-news.de\/de\/deutschland\/westliche-vorraete-an-luftabwehrsystemen-fuer-ukraine-erschoepft\/#breadcrumb","itemListElement":[{"@type":"ListItem","position":1,"name":"Home","item":"https:\/\/now-news.de\/de\/"},{"@type":"ListItem","position":2,"name":"Westliche Vorr\u00e4te an Luftabwehrsystemen f\u00fcr Ukraine ersch\u00f6pft"}]},{"@type":"WebSite","@id":"https:\/\/now-news.de\/de\/#website","url":"https:\/\/now-news.de\/de\/","name":"just-now.NEWS Deutschland","description":"Das Portal f\u00fcr unzensierte Nachrichten aus der Welt","publisher":{"@id":"https:\/\/now-news.de\/de\/#organization"},"potentialAction":[{"@type":"SearchAction","target":{"@type":"EntryPoint","urlTemplate":"https:\/\/now-news.de\/de\/?s={search_term_string}"},"query-input":"required name=search_term_string"}],"inLanguage":"de"},{"@type":"Organization","@id":"https:\/\/now-news.de\/de\/#organization","name":"Just Now News","url":"https:\/\/now-news.de\/de\/","logo":{"@type":"ImageObject","inLanguage":"de","@id":"https:\/\/now-news.de\/de\/#\/schema\/logo\/image\/","url":"http:\/\/just-now.news\/de\/wp-content\/uploads\/sites\/3\/2022\/04\/logo500x500.jpg","contentUrl":"http:\/\/just-now.news\/de\/wp-content\/uploads\/sites\/3\/2022\/04\/logo500x500.jpg","width":500,"height":500,"caption":"Just Now News"},"image":{"@id":"https:\/\/now-news.de\/de\/#\/schema\/logo\/image\/"},"sameAs":["https:\/\/www.facebook.com\/wirmachenauf","https:\/\/x.com\/WirMachenAuf_de"]},{"@type":"Person","@id":"https:\/\/now-news.de\/de\/#\/schema\/person\/fb534a4e865501d8b3285208df34a9b5","name":"rtnews","image":{"@type":"ImageObject","inLanguage":"de","@id":"https:\/\/now-news.de\/de\/#\/schema\/person\/image\/","url":"https:\/\/secure.gravatar.com\/avatar\/82aafea7d8127119dd649515f56e2117?s=96&d=mm&r=g","contentUrl":"https:\/\/secure.gravatar.com\/avatar\/82aafea7d8127119dd649515f56e2117?s=96&d=mm&r=g","caption":"rtnews"},"url":"https:\/\/now-news.de\/de\/author\/rnews\/"}]}},"_links":{"self":[{"href":"https:\/\/now-news.de\/de\/wp-json\/wp\/v2\/posts\/40574"}],"collection":[{"href":"https:\/\/now-news.de\/de\/wp-json\/wp\/v2\/posts"}],"about":[{"href":"https:\/\/now-news.de\/de\/wp-json\/wp\/v2\/types\/post"}],"author":[{"embeddable":true,"href":"https:\/\/now-news.de\/de\/wp-json\/wp\/v2\/users\/3"}],"replies":[{"embeddable":true,"href":"https:\/\/now-news.de\/de\/wp-json\/wp\/v2\/comments?post=40574"}],"version-history":[{"count":0,"href":"https:\/\/now-news.de\/de\/wp-json\/wp\/v2\/posts\/40574\/revisions"}],"wp:featuredmedia":[{"embeddable":true,"href":"https:\/\/now-news.de\/de\/wp-json\/wp\/v2\/media\/40575"}],"wp:attachment":[{"href":"https:\/\/now-news.de\/de\/wp-json\/wp\/v2\/media?parent=40574"}],"wp:term":[{"taxonomy":"category","embeddable":true,"href":"https:\/\/now-news.de\/de\/wp-json\/wp\/v2\/categories?post=40574"},{"taxonomy":"post_tag","embeddable":true,"href":"https:\/\/now-news.de\/de\/wp-json\/wp\/v2\/tags?post=40574"}],"curies":[{"name":"wp","href":"https:\/\/api.w.org\/{rel}","templated":true}]}}