{"id":40564,"date":"2023-07-21T06:30:17","date_gmt":"2023-07-21T04:30:17","guid":{"rendered":"https:\/\/just-now.news\/de\/deutschland\/der-jude-der-keiner-ist-kontroverse-um-deutschen-journalisten\/"},"modified":"2023-07-21T06:30:17","modified_gmt":"2023-07-21T04:30:17","slug":"der-jude-der-keiner-ist-kontroverse-um-deutschen-journalisten","status":"publish","type":"post","link":"https:\/\/now-news.de\/de\/deutschland\/der-jude-der-keiner-ist-kontroverse-um-deutschen-journalisten\/","title":{"rendered":"Der Jude, der keiner ist \u2013 Kontroverse um deutschen Journalisten"},"content":{"rendered":"<p><img decoding=\"async\" src=\"http:\/\/just-now.news\/de\/wp-content\/uploads\/sites\/3\/2023\/07\/64b92c84b480cc387b3745df.jpg\" \/><\/p>\n<div class=\"Text-root Text-type_1 \">\n                Der deutsche Journalist Fabian Wolff, der sich selbst als Jude bezeichnete, und zum Teil israelkritische Positionen vertrat, ist offenbar gar kein Jude. Nun hagelt es Kritik aus dem Bl\u00e4tterwald \u2013 bis hin zu der Bezeichnung &#8220;Kost\u00fcmjude&#8221;.\n            <\/div>\n<p><\/p>\n<div class=\"Text-root Text-type_5 ArticleView-text ViewText-root \">\n<p>Der deutsche Journalist Fabian Wolff, der unter anderem f\u00fcr <em>Die Zeit<\/em> und die <em>Welt<\/em> schreibt, erkl\u00e4rte <a rel=\"nofollow noopener\" target=\"_blank\" href=\"https:\/\/www.zeit.de\/kultur\/2023-07\/juedischsein-familiengeschichte-deutschland-ddr-antisemitismus\">in einem Text, der am Sonntag erschien<\/a>, dass er wohl doch nicht j\u00fcdischer Abstammung sei. Er wisse das allerdings erst seit einigen Monaten. Zudem sei die Sache mit dem J\u00fcdischsein nicht seine Idee gewesen, sondern seine Mutter habe ihn angelogen.<\/p>\n<p>Wolff nahm in der Schar der Kolumnisten, die sich immer wieder zu Israel, Pal\u00e4stina und Antisemitismus \u00e4u\u00dfern, bis jetzt eine gewisse Sonderrolle ein. Er galt als israelkritisch und verteidigte zum Beispiel die BDS-Bewegung und auch den Al-Quds-Marsch. Auch gerne unter dem Verweis, dass er das d\u00fcrfe, weil er Jude sei.<\/p>\n<p>Die Reaktionen auf das &#8220;Outing&#8221; Wolffs sind eindeutig. Der <em><a rel=\"nofollow noopener\" target=\"_blank\" href=\"https:\/\/www.tagesspiegel.de\/gesellschaft\/der-jude-der-keiner-war-kein-wort-des-bedauerns-von-fabian-wolff-10172119.html\">Tagesspiegel<\/a><\/em> bem\u00fcht sich in einem Beitrag zun\u00e4chst um Verst\u00e4ndnis. Diese Geschichte sei &#8220;schrecklich und tragisch&#8221;, &#8220;wenn sie denn stimme&#8221;, habe der Autor &#8220;Mitgef\u00fchl und gro\u00dfen Respekt f\u00fcr den Versuch einer Richtigstellung&#8221; verdient.<\/p>\n<p>Doch, so der <em>Tagesspiegel<\/em> weiter, dass der Autor &#8220;kein Wort dar\u00fcber verliere, was er mit seinen provokanten politischen \u00c4u\u00dferungen angerichtet hat&#8221;, sei ein Problem. Er habe &#8220;unter falschen Voraussetzungen auf den Diskurs einwirkt.&#8221;<\/p>\n<p>Noch angefasster zeigt sich die <em>J\u00fcdische Allgemeine.<\/em>\u00a0In einem Beitrag mit dem Titel &#8220;<a rel=\"nofollow noopener\" target=\"_blank\" href=\"https:\/\/www.juedische-allgemeine.de\/meinung\/der-kostuemjude\/\">Der Kost\u00fcmjude<\/a>&#8220;, so werden Nichtjuden genannt, die vorgeben, Juden zu sein, schreibt die Zeitung, Wolff habe in einem &#8220;unertr\u00e4glich langen \u2013 und ja, man muss es so klar sagen: auch unertr\u00e4glich larmoyanten, Ich-bezogenen und zwischen Selbstverliebtheit und Opfergestus changierenden \u2013 Text in &#8216;Zeit Online'&#8221; nun bekannt, kein Jude zu sein.<\/p>\n<p>Wolff sei laut der <em>J\u00fcdischen Allgemeinen<\/em> mit seiner\u00a0Beichte sowieso nur &#8220;dem gro\u00dfen Outing durch eines der Medien, f\u00fcr die er so gerne schrieb, selbst zuvorgekommen.&#8221; Denn, so die Zeitung:<\/p>\n<blockquote>\n<p><em>&#8220;Mehrere Berliner Juden hatten schon zuvor gro\u00dfe Zweifel an Wolffs angeblicher j\u00fcdischer Biografie angemeldet.&#8221;<\/em><\/p>\n<\/blockquote>\n<p>&#8220;Besonders perfide&#8221; findet die <em>J\u00fcdische Allgemeine<\/em>, dass Wolff Juden, die andere politische Positionen als er vertreten, als &#8220;rechts, rassistisch und blind pro-israelisch&#8221; gebrandmarkt habe. Wolff, habe sich zwar &#8220;so feinf\u00fchlig, empathisch und sanft in vielen Zeitungstexten gegeben&#8221;, so die Zeitung. Doch gleichzeitig habe er andere &#8220;die wirklich j\u00fcdisch seien, herrisch, ultra-aggressiv und apodiktisch abgekanzelt.&#8221;<\/p>\n<p>Zu viel habe an Wolffs J\u00fcdischsein &#8220;konstruiert und nicht plausibel gewirkt.&#8221; Auf Nachfragen habe Wolff &#8220;d\u00fcnnh\u00e4utig und ausweichend reagiert.&#8221; Dass sich Menschen als Juden ausgeben, die es in Wirklichkeit nicht sind, ist indes ein altbekanntes Ph\u00e4nomen.<\/p>\n<p>In einem Beitrag des <em><a rel=\"nofollow noopener\" target=\"_blank\" href=\"https:\/\/www.deutschlandfunk.de\/hochstapler-mit-falscher-juedischer-identitaet-das-seltsame-100.html\">Deutschlandfunks<\/a><\/em>\u00a0von 2020 erkl\u00e4rte der Berliner Psychiater Professor Hans Stoffels, der rund 50 Hochstapler aller Couleur therapiert und Fachartikel \u00fcber dieses Thema publiziert hat, dass er bei vielen dieser Patienten schwere Kindheits-Defizite entdeckt haben will. Stoffels sagte:<\/p>\n<blockquote>\n<p><em>&#8220;Sie haben keine Zuwendung bekommen, sie haben Eltern gehabt, die sich nicht um sie gek\u00fcmmert haben, sie mussten manchmal sogar ins Kinderheim gegeben werden. Also sie hatten sehr schmerzhafte Kindheitserlebnisse. Und da zeigt sich bei diesen Hochstaplern, dass sie eine F\u00e4higkeit dann entwickeln \u2013 mit Hilfe ihrer Phantasie \u2013 in eine neue Identit\u00e4t zu fliehen, die sie eben anhebt in ihrem Selbstwertgef\u00fchl.&#8221;<\/em><\/p>\n<\/blockquote>\n<p>Er sage h\u00e4ufig, so der Psychiater weiter, &#8220;dass die Rollen, die heute jemand erfindet, dass das ein Spiegelbild ist dessen, was in unserer Gesellschaft Anerkennung und Wertsch\u00e4tzung erf\u00e4hrt.&#8221;<\/p>\n<p><strong>Mehr zum Thema<\/strong> \u2013 <a rel=\"nofollow noopener\" target=\"_blank\" href=\"https:\/\/freeassange.rtde.life\/international\/175295-verbrennung-religionsbuecher-in-schweden-israel\/\">Verbrennung von Religionsb\u00fcchern in Schweden: Israel verurteilt genehmigte Tanach-Vernichtung<\/a><\/p>\n<div class=\"EmbedBlock-root EmbedBlock-externalVideo EmbedBlock-vk\">\n<div class=\"VkEmbed\"><iframe class=\"lazyload\" data-src=\"https:\/\/vk.com\/video_ext.php?oid=-134310637&amp;id=456268014&amp;hash=9b436d4ef3b5df96\" frameborder=\"0\" width=\"853\" height=\"480\" allowfullscreen><\/iframe><\/div>\n<\/div>\n<\/div>\n<p><br \/>\n<br \/><a href=\"https:\/\/de.rt.com\/inland\/175770-der-jude-der-keiner-ist-kontroverse-um-deutschen-journalisten\/\">Source link <\/a><\/p>\n","protected":false},"excerpt":{"rendered":"<p>Der deutsche Journalist Fabian Wolff, der sich selbst als Jude bezeichnete, und zum Teil israelkritische Positionen vertrat, ist offenbar gar kein Jude. Nun hagelt es Kritik aus dem Bl\u00e4tterwald \u2013 bis hin zu der Bezeichnung &#8220;Kost\u00fcmjude&#8221;. Der deutsche Journalist Fabian Wolff, der unter anderem f\u00fcr Die Zeit und die Welt schreibt, erkl\u00e4rte in einem Text, [&hellip;]<\/p>\n","protected":false},"author":3,"featured_media":40565,"comment_status":"open","ping_status":"open","sticky":false,"template":"","format":"standard","meta":{"_yoast_indexnow_last_ping":["1689914732"],"wp_automatic_camp":["217"],"c35aa28e7cb9eb65eeca85d9ab5d8471":["Der Jude, der keiner ist \u2013 Kontroverse um deutschen Journalisten"],"original_link":["https:\/\/de.rt.com\/inland\/175770-der-jude-der-keiner-ist-kontroverse-um-deutschen-journalisten\/"],"_thumbnail_id":["40565"],"jnews_social_counter_last_update":["1777420204"],"_wptgpro_p2tg_sent2tg":["a:1:{i:23737;s:19:\"2023-07-21 06:47:00\";}"]},"categories":[19,23],"tags":[82,577,414,2726,19302,27735,25974],"yoast_head":"<!-- This site is optimized with the Yoast SEO Premium plugin v22.7 (Yoast SEO v22.7) - https:\/\/yoast.com\/wordpress\/plugins\/seo\/ -->\n<title>Der Jude, der keiner ist \u2013 Kontroverse um deutschen Journalisten - just-now.NEWS Deutschland<\/title>\n<meta name=\"robots\" content=\"index, follow, max-snippet:-1, max-image-preview:large, max-video-preview:-1\" \/>\n<link rel=\"canonical\" href=\"https:\/\/now-news.de\/de\/deutschland\/der-jude-der-keiner-ist-kontroverse-um-deutschen-journalisten\/\" \/>\n<meta property=\"og:locale\" content=\"de_DE\" \/>\n<meta property=\"og:type\" content=\"article\" \/>\n<meta property=\"og:title\" content=\"Der Jude, der keiner ist \u2013 Kontroverse um deutschen Journalisten\" \/>\n<meta property=\"og:description\" content=\"Der deutsche Journalist Fabian Wolff, der sich selbst als Jude bezeichnete, und zum Teil israelkritische Positionen vertrat, ist offenbar gar kein Jude. Nun hagelt es Kritik aus dem Bl\u00e4tterwald \u2013 bis hin zu der Bezeichnung &#8220;Kost\u00fcmjude&#8221;. Der deutsche Journalist Fabian Wolff, der unter anderem f\u00fcr Die Zeit und die Welt schreibt, erkl\u00e4rte in einem Text, [&hellip;]\" \/>\n<meta property=\"og:url\" content=\"https:\/\/now-news.de\/de\/deutschland\/der-jude-der-keiner-ist-kontroverse-um-deutschen-journalisten\/\" \/>\n<meta property=\"og:site_name\" content=\"just-now.NEWS Deutschland\" \/>\n<meta property=\"article:publisher\" content=\"https:\/\/www.facebook.com\/wirmachenauf\" \/>\n<meta property=\"article:published_time\" content=\"2023-07-21T04:30:17+00:00\" \/>\n<meta property=\"og:image\" content=\"https:\/\/now-news.de\/de\/wp-content\/uploads\/sites\/3\/2023\/07\/Der-Jude-der-keiner-ist-\u2013-Kontroverse-um-deutschen-Journalisten.jpg\" \/>\n\t<meta property=\"og:image:width\" content=\"460\" \/>\n\t<meta property=\"og:image:height\" content=\"259\" \/>\n\t<meta property=\"og:image:type\" content=\"image\/jpeg\" \/>\n<meta name=\"author\" content=\"rtnews\" \/>\n<meta name=\"twitter:card\" content=\"summary_large_image\" \/>\n<meta name=\"twitter:creator\" content=\"@WirMachenAuf_de\" \/>\n<meta name=\"twitter:site\" content=\"@WirMachenAuf_de\" \/>\n<meta name=\"twitter:label1\" content=\"Verfasst von\" \/>\n\t<meta name=\"twitter:data1\" content=\"rtnews\" \/>\n\t<meta name=\"twitter:label2\" content=\"Gesch\u00e4tzte Lesezeit\" \/>\n\t<meta name=\"twitter:data2\" content=\"3\u00a0Minuten\" \/>\n<script type=\"application\/ld+json\" class=\"yoast-schema-graph\">{\"@context\":\"https:\/\/schema.org\",\"@graph\":[{\"@type\":\"Article\",\"@id\":\"https:\/\/now-news.de\/de\/deutschland\/der-jude-der-keiner-ist-kontroverse-um-deutschen-journalisten\/#article\",\"isPartOf\":{\"@id\":\"https:\/\/now-news.de\/de\/deutschland\/der-jude-der-keiner-ist-kontroverse-um-deutschen-journalisten\/\"},\"author\":{\"name\":\"rtnews\",\"@id\":\"https:\/\/now-news.de\/de\/#\/schema\/person\/fb534a4e865501d8b3285208df34a9b5\"},\"headline\":\"Der Jude, der keiner ist \u2013 Kontroverse um deutschen Journalisten\",\"datePublished\":\"2023-07-21T04:30:17+00:00\",\"dateModified\":\"2023-07-21T04:30:17+00:00\",\"mainEntityOfPage\":{\"@id\":\"https:\/\/now-news.de\/de\/deutschland\/der-jude-der-keiner-ist-kontroverse-um-deutschen-journalisten\/\"},\"wordCount\":603,\"commentCount\":0,\"publisher\":{\"@id\":\"https:\/\/now-news.de\/de\/#organization\"},\"image\":{\"@id\":\"https:\/\/now-news.de\/de\/deutschland\/der-jude-der-keiner-ist-kontroverse-um-deutschen-journalisten\/#primaryimage\"},\"thumbnailUrl\":\"https:\/\/now-news.de\/de\/wp-content\/uploads\/sites\/3\/2023\/07\/Der-Jude-der-keiner-ist-\u2013-Kontroverse-um-deutschen-Journalisten.jpg\",\"keywords\":[\"der\",\"Deutschen\",\"ist\",\"Journalisten\",\"Jude\",\"Keiner\",\"kontroverse\"],\"articleSection\":[\"Deutschland\",\"Russland\"],\"inLanguage\":\"de\",\"potentialAction\":[{\"@type\":\"CommentAction\",\"name\":\"Comment\",\"target\":[\"https:\/\/now-news.de\/de\/deutschland\/der-jude-der-keiner-ist-kontroverse-um-deutschen-journalisten\/#respond\"]}]},{\"@type\":\"WebPage\",\"@id\":\"https:\/\/now-news.de\/de\/deutschland\/der-jude-der-keiner-ist-kontroverse-um-deutschen-journalisten\/\",\"url\":\"https:\/\/now-news.de\/de\/deutschland\/der-jude-der-keiner-ist-kontroverse-um-deutschen-journalisten\/\",\"name\":\"Der Jude, der keiner ist \u2013 Kontroverse um deutschen Journalisten - just-now.NEWS Deutschland\",\"isPartOf\":{\"@id\":\"https:\/\/now-news.de\/de\/#website\"},\"primaryImageOfPage\":{\"@id\":\"https:\/\/now-news.de\/de\/deutschland\/der-jude-der-keiner-ist-kontroverse-um-deutschen-journalisten\/#primaryimage\"},\"image\":{\"@id\":\"https:\/\/now-news.de\/de\/deutschland\/der-jude-der-keiner-ist-kontroverse-um-deutschen-journalisten\/#primaryimage\"},\"thumbnailUrl\":\"https:\/\/now-news.de\/de\/wp-content\/uploads\/sites\/3\/2023\/07\/Der-Jude-der-keiner-ist-\u2013-Kontroverse-um-deutschen-Journalisten.jpg\",\"datePublished\":\"2023-07-21T04:30:17+00:00\",\"dateModified\":\"2023-07-21T04:30:17+00:00\",\"breadcrumb\":{\"@id\":\"https:\/\/now-news.de\/de\/deutschland\/der-jude-der-keiner-ist-kontroverse-um-deutschen-journalisten\/#breadcrumb\"},\"inLanguage\":\"de\",\"potentialAction\":[{\"@type\":\"ReadAction\",\"target\":[\"https:\/\/now-news.de\/de\/deutschland\/der-jude-der-keiner-ist-kontroverse-um-deutschen-journalisten\/\"]}]},{\"@type\":\"ImageObject\",\"inLanguage\":\"de\",\"@id\":\"https:\/\/now-news.de\/de\/deutschland\/der-jude-der-keiner-ist-kontroverse-um-deutschen-journalisten\/#primaryimage\",\"url\":\"https:\/\/now-news.de\/de\/wp-content\/uploads\/sites\/3\/2023\/07\/Der-Jude-der-keiner-ist-\u2013-Kontroverse-um-deutschen-Journalisten.jpg\",\"contentUrl\":\"https:\/\/now-news.de\/de\/wp-content\/uploads\/sites\/3\/2023\/07\/Der-Jude-der-keiner-ist-\u2013-Kontroverse-um-deutschen-Journalisten.jpg\",\"width\":460,\"height\":259,\"caption\":\"Der Jude, der keiner ist \u2013 Kontroverse um deutschen Journalisten\"},{\"@type\":\"BreadcrumbList\",\"@id\":\"https:\/\/now-news.de\/de\/deutschland\/der-jude-der-keiner-ist-kontroverse-um-deutschen-journalisten\/#breadcrumb\",\"itemListElement\":[{\"@type\":\"ListItem\",\"position\":1,\"name\":\"Home\",\"item\":\"https:\/\/now-news.de\/de\/\"},{\"@type\":\"ListItem\",\"position\":2,\"name\":\"Der Jude, der keiner ist \u2013 Kontroverse um deutschen Journalisten\"}]},{\"@type\":\"WebSite\",\"@id\":\"https:\/\/now-news.de\/de\/#website\",\"url\":\"https:\/\/now-news.de\/de\/\",\"name\":\"just-now.NEWS Deutschland\",\"description\":\"Das Portal f\u00fcr unzensierte Nachrichten aus der Welt\",\"publisher\":{\"@id\":\"https:\/\/now-news.de\/de\/#organization\"},\"potentialAction\":[{\"@type\":\"SearchAction\",\"target\":{\"@type\":\"EntryPoint\",\"urlTemplate\":\"https:\/\/now-news.de\/de\/?s={search_term_string}\"},\"query-input\":\"required name=search_term_string\"}],\"inLanguage\":\"de\"},{\"@type\":\"Organization\",\"@id\":\"https:\/\/now-news.de\/de\/#organization\",\"name\":\"Just Now News\",\"url\":\"https:\/\/now-news.de\/de\/\",\"logo\":{\"@type\":\"ImageObject\",\"inLanguage\":\"de\",\"@id\":\"https:\/\/now-news.de\/de\/#\/schema\/logo\/image\/\",\"url\":\"http:\/\/just-now.news\/de\/wp-content\/uploads\/sites\/3\/2022\/04\/logo500x500.jpg\",\"contentUrl\":\"http:\/\/just-now.news\/de\/wp-content\/uploads\/sites\/3\/2022\/04\/logo500x500.jpg\",\"width\":500,\"height\":500,\"caption\":\"Just Now News\"},\"image\":{\"@id\":\"https:\/\/now-news.de\/de\/#\/schema\/logo\/image\/\"},\"sameAs\":[\"https:\/\/www.facebook.com\/wirmachenauf\",\"https:\/\/x.com\/WirMachenAuf_de\"]},{\"@type\":\"Person\",\"@id\":\"https:\/\/now-news.de\/de\/#\/schema\/person\/fb534a4e865501d8b3285208df34a9b5\",\"name\":\"rtnews\",\"image\":{\"@type\":\"ImageObject\",\"inLanguage\":\"de\",\"@id\":\"https:\/\/now-news.de\/de\/#\/schema\/person\/image\/\",\"url\":\"https:\/\/secure.gravatar.com\/avatar\/82aafea7d8127119dd649515f56e2117?s=96&d=mm&r=g\",\"contentUrl\":\"https:\/\/secure.gravatar.com\/avatar\/82aafea7d8127119dd649515f56e2117?s=96&d=mm&r=g\",\"caption\":\"rtnews\"},\"url\":\"https:\/\/now-news.de\/de\/author\/rnews\/\"}]}<\/script>\n<!-- \/ Yoast SEO Premium plugin. -->","yoast_head_json":{"title":"Der Jude, der keiner ist \u2013 Kontroverse um deutschen Journalisten - just-now.NEWS Deutschland","robots":{"index":"index","follow":"follow","max-snippet":"max-snippet:-1","max-image-preview":"max-image-preview:large","max-video-preview":"max-video-preview:-1"},"canonical":"https:\/\/now-news.de\/de\/deutschland\/der-jude-der-keiner-ist-kontroverse-um-deutschen-journalisten\/","og_locale":"de_DE","og_type":"article","og_title":"Der Jude, der keiner ist \u2013 Kontroverse um deutschen Journalisten","og_description":"Der deutsche Journalist Fabian Wolff, der sich selbst als Jude bezeichnete, und zum Teil israelkritische Positionen vertrat, ist offenbar gar kein Jude. Nun hagelt es Kritik aus dem Bl\u00e4tterwald \u2013 bis hin zu der Bezeichnung &#8220;Kost\u00fcmjude&#8221;. Der deutsche Journalist Fabian Wolff, der unter anderem f\u00fcr Die Zeit und die Welt schreibt, erkl\u00e4rte in einem Text, [&hellip;]","og_url":"https:\/\/now-news.de\/de\/deutschland\/der-jude-der-keiner-ist-kontroverse-um-deutschen-journalisten\/","og_site_name":"just-now.NEWS Deutschland","article_publisher":"https:\/\/www.facebook.com\/wirmachenauf","article_published_time":"2023-07-21T04:30:17+00:00","og_image":[{"width":460,"height":259,"url":"https:\/\/now-news.de\/de\/wp-content\/uploads\/sites\/3\/2023\/07\/Der-Jude-der-keiner-ist-\u2013-Kontroverse-um-deutschen-Journalisten.jpg","type":"image\/jpeg"}],"author":"rtnews","twitter_card":"summary_large_image","twitter_creator":"@WirMachenAuf_de","twitter_site":"@WirMachenAuf_de","twitter_misc":{"Verfasst von":"rtnews","Gesch\u00e4tzte Lesezeit":"3\u00a0Minuten"},"schema":{"@context":"https:\/\/schema.org","@graph":[{"@type":"Article","@id":"https:\/\/now-news.de\/de\/deutschland\/der-jude-der-keiner-ist-kontroverse-um-deutschen-journalisten\/#article","isPartOf":{"@id":"https:\/\/now-news.de\/de\/deutschland\/der-jude-der-keiner-ist-kontroverse-um-deutschen-journalisten\/"},"author":{"name":"rtnews","@id":"https:\/\/now-news.de\/de\/#\/schema\/person\/fb534a4e865501d8b3285208df34a9b5"},"headline":"Der Jude, der keiner ist \u2013 Kontroverse um deutschen Journalisten","datePublished":"2023-07-21T04:30:17+00:00","dateModified":"2023-07-21T04:30:17+00:00","mainEntityOfPage":{"@id":"https:\/\/now-news.de\/de\/deutschland\/der-jude-der-keiner-ist-kontroverse-um-deutschen-journalisten\/"},"wordCount":603,"commentCount":0,"publisher":{"@id":"https:\/\/now-news.de\/de\/#organization"},"image":{"@id":"https:\/\/now-news.de\/de\/deutschland\/der-jude-der-keiner-ist-kontroverse-um-deutschen-journalisten\/#primaryimage"},"thumbnailUrl":"https:\/\/now-news.de\/de\/wp-content\/uploads\/sites\/3\/2023\/07\/Der-Jude-der-keiner-ist-\u2013-Kontroverse-um-deutschen-Journalisten.jpg","keywords":["der","Deutschen","ist","Journalisten","Jude","Keiner","kontroverse"],"articleSection":["Deutschland","Russland"],"inLanguage":"de","potentialAction":[{"@type":"CommentAction","name":"Comment","target":["https:\/\/now-news.de\/de\/deutschland\/der-jude-der-keiner-ist-kontroverse-um-deutschen-journalisten\/#respond"]}]},{"@type":"WebPage","@id":"https:\/\/now-news.de\/de\/deutschland\/der-jude-der-keiner-ist-kontroverse-um-deutschen-journalisten\/","url":"https:\/\/now-news.de\/de\/deutschland\/der-jude-der-keiner-ist-kontroverse-um-deutschen-journalisten\/","name":"Der Jude, der keiner ist \u2013 Kontroverse um deutschen Journalisten - just-now.NEWS Deutschland","isPartOf":{"@id":"https:\/\/now-news.de\/de\/#website"},"primaryImageOfPage":{"@id":"https:\/\/now-news.de\/de\/deutschland\/der-jude-der-keiner-ist-kontroverse-um-deutschen-journalisten\/#primaryimage"},"image":{"@id":"https:\/\/now-news.de\/de\/deutschland\/der-jude-der-keiner-ist-kontroverse-um-deutschen-journalisten\/#primaryimage"},"thumbnailUrl":"https:\/\/now-news.de\/de\/wp-content\/uploads\/sites\/3\/2023\/07\/Der-Jude-der-keiner-ist-\u2013-Kontroverse-um-deutschen-Journalisten.jpg","datePublished":"2023-07-21T04:30:17+00:00","dateModified":"2023-07-21T04:30:17+00:00","breadcrumb":{"@id":"https:\/\/now-news.de\/de\/deutschland\/der-jude-der-keiner-ist-kontroverse-um-deutschen-journalisten\/#breadcrumb"},"inLanguage":"de","potentialAction":[{"@type":"ReadAction","target":["https:\/\/now-news.de\/de\/deutschland\/der-jude-der-keiner-ist-kontroverse-um-deutschen-journalisten\/"]}]},{"@type":"ImageObject","inLanguage":"de","@id":"https:\/\/now-news.de\/de\/deutschland\/der-jude-der-keiner-ist-kontroverse-um-deutschen-journalisten\/#primaryimage","url":"https:\/\/now-news.de\/de\/wp-content\/uploads\/sites\/3\/2023\/07\/Der-Jude-der-keiner-ist-\u2013-Kontroverse-um-deutschen-Journalisten.jpg","contentUrl":"https:\/\/now-news.de\/de\/wp-content\/uploads\/sites\/3\/2023\/07\/Der-Jude-der-keiner-ist-\u2013-Kontroverse-um-deutschen-Journalisten.jpg","width":460,"height":259,"caption":"Der Jude, der keiner ist \u2013 Kontroverse um deutschen Journalisten"},{"@type":"BreadcrumbList","@id":"https:\/\/now-news.de\/de\/deutschland\/der-jude-der-keiner-ist-kontroverse-um-deutschen-journalisten\/#breadcrumb","itemListElement":[{"@type":"ListItem","position":1,"name":"Home","item":"https:\/\/now-news.de\/de\/"},{"@type":"ListItem","position":2,"name":"Der Jude, der keiner ist \u2013 Kontroverse um deutschen Journalisten"}]},{"@type":"WebSite","@id":"https:\/\/now-news.de\/de\/#website","url":"https:\/\/now-news.de\/de\/","name":"just-now.NEWS Deutschland","description":"Das Portal f\u00fcr unzensierte Nachrichten aus der Welt","publisher":{"@id":"https:\/\/now-news.de\/de\/#organization"},"potentialAction":[{"@type":"SearchAction","target":{"@type":"EntryPoint","urlTemplate":"https:\/\/now-news.de\/de\/?s={search_term_string}"},"query-input":"required name=search_term_string"}],"inLanguage":"de"},{"@type":"Organization","@id":"https:\/\/now-news.de\/de\/#organization","name":"Just Now News","url":"https:\/\/now-news.de\/de\/","logo":{"@type":"ImageObject","inLanguage":"de","@id":"https:\/\/now-news.de\/de\/#\/schema\/logo\/image\/","url":"http:\/\/just-now.news\/de\/wp-content\/uploads\/sites\/3\/2022\/04\/logo500x500.jpg","contentUrl":"http:\/\/just-now.news\/de\/wp-content\/uploads\/sites\/3\/2022\/04\/logo500x500.jpg","width":500,"height":500,"caption":"Just Now News"},"image":{"@id":"https:\/\/now-news.de\/de\/#\/schema\/logo\/image\/"},"sameAs":["https:\/\/www.facebook.com\/wirmachenauf","https:\/\/x.com\/WirMachenAuf_de"]},{"@type":"Person","@id":"https:\/\/now-news.de\/de\/#\/schema\/person\/fb534a4e865501d8b3285208df34a9b5","name":"rtnews","image":{"@type":"ImageObject","inLanguage":"de","@id":"https:\/\/now-news.de\/de\/#\/schema\/person\/image\/","url":"https:\/\/secure.gravatar.com\/avatar\/82aafea7d8127119dd649515f56e2117?s=96&d=mm&r=g","contentUrl":"https:\/\/secure.gravatar.com\/avatar\/82aafea7d8127119dd649515f56e2117?s=96&d=mm&r=g","caption":"rtnews"},"url":"https:\/\/now-news.de\/de\/author\/rnews\/"}]}},"_links":{"self":[{"href":"https:\/\/now-news.de\/de\/wp-json\/wp\/v2\/posts\/40564"}],"collection":[{"href":"https:\/\/now-news.de\/de\/wp-json\/wp\/v2\/posts"}],"about":[{"href":"https:\/\/now-news.de\/de\/wp-json\/wp\/v2\/types\/post"}],"author":[{"embeddable":true,"href":"https:\/\/now-news.de\/de\/wp-json\/wp\/v2\/users\/3"}],"replies":[{"embeddable":true,"href":"https:\/\/now-news.de\/de\/wp-json\/wp\/v2\/comments?post=40564"}],"version-history":[{"count":0,"href":"https:\/\/now-news.de\/de\/wp-json\/wp\/v2\/posts\/40564\/revisions"}],"wp:featuredmedia":[{"embeddable":true,"href":"https:\/\/now-news.de\/de\/wp-json\/wp\/v2\/media\/40565"}],"wp:attachment":[{"href":"https:\/\/now-news.de\/de\/wp-json\/wp\/v2\/media?parent=40564"}],"wp:term":[{"taxonomy":"category","embeddable":true,"href":"https:\/\/now-news.de\/de\/wp-json\/wp\/v2\/categories?post=40564"},{"taxonomy":"post_tag","embeddable":true,"href":"https:\/\/now-news.de\/de\/wp-json\/wp\/v2\/tags?post=40564"}],"curies":[{"name":"wp","href":"https:\/\/api.w.org\/{rel}","templated":true}]}}