{"id":40544,"date":"2023-07-20T17:58:54","date_gmt":"2023-07-20T15:58:54","guid":{"rendered":"https:\/\/just-now.news\/de\/deutschland\/konferenz-der-freien-voelker-europas-bildet-komitee-fuer-schutz-der-rechte-politgefangener\/"},"modified":"2023-07-20T17:58:54","modified_gmt":"2023-07-20T15:58:54","slug":"konferenz-der-freien-voelker-europas-bildet-komitee-fuer-schutz-der-rechte-politgefangener","status":"publish","type":"post","link":"https:\/\/now-news.de\/de\/deutschland\/konferenz-der-freien-voelker-europas-bildet-komitee-fuer-schutz-der-rechte-politgefangener\/","title":{"rendered":"Konferenz der Freien V\u00f6lker Europas bildet Komitee f\u00fcr Schutz der Rechte Politgefangener"},"content":{"rendered":"<p><img decoding=\"async\" src=\"http:\/\/just-now.news\/de\/wp-content\/uploads\/sites\/3\/2023\/07\/64b95983b480cc398a5e3871.jpg\" \/><\/p>\n<div class=\"Text-root Text-type_1 \">\n                Auf der Konferenz der Freien V\u00f6lker Europas, organisiert von der russischen NGO Re:Union, ist die Initiative entstanden, eine humanit\u00e4re christliche Mission zum Schutz der Rechte politischer Gefangener zu gr\u00fcnden.\n            <\/div>\n<p><\/p>\n<div class=\"Text-root Text-type_5 ArticleView-text ViewText-root \">\n<p>Auf einer Konferenz der Freien V\u00f6lker Europas hat der Duma-Abgeordnete Dmitri Kusnezow vorgeschlagen, eine humanit\u00e4re christliche Mission zum Schutz der Rechte politischer Gefangener zu gr\u00fcnden. &#8220;Angesichts der Machtlosigkeit von Amnesty International und des Roten Kreuzes in Bezug auf die Ukraine lade ich alle besorgten B\u00fcrger ein, sich der Initiative anzuschlie\u00dfen, ebenso wie Kirchen und \u00f6ffentliche Organisationen, die traditionelle Werte teilen&#8221;, sagte der Parlamentarier.<\/p>\n<p>Seiner Meinung nach erforderten die Ereignisse in der Ukraine, die mit politisch motivierten Massenverhaftungen zusammenh\u00e4ngen, eine sofortige L\u00f6sung. Seine Initiative gelte jedoch auch f\u00fcr andere L\u00e4nder, in denen &#8220;Menschenrechte verletzt und B\u00fcrger wegen alternativer Ansichten und Meinungen verfolgt w\u00fcrden&#8221;.<\/p>\n<p>Dem Gr\u00fcndungskomitee der neuen internationalen Organisation geh\u00f6ren neben Dmitri Kusnezow auch der Vorsitzende des Internationalen Rates der Russlanddeutschen Waldemar Herdt (Deutschland), der internationale Analyst und stellvertretende Vorsitzende der &#8220;Gemeinschaft der Russophilen Bulgariens&#8221; Stanislaw Mladenow (Bulgarien) sowie der Milit\u00e4rkorrespondent, Filmregisseur und Publizist Igor Damianowitsch (Montenegro) an.<\/p>\n<p>Auf der Konferenz wurden Redner aus Frankreich, Spanien, Italien, Montenegro, Griechenland, Nordmazedonien, Russland, Bulgarien und den Vereinigten Staaten per\u00a0Video zugeschaltet, unter anderem der Kolumnist Scott Ritter, die Bloggerin Larissa Rschondowskaja, der franz\u00f6sische Antikriegsaktivist Roberto Scarcia Amoretti, der Politikwissenschaftler und Forscher am Institut f\u00fcr internationale Politik und Wirtschaft Aleksandar Mitic, der Gr\u00fcnder der polnischen Antikriegsbewegung Leszek Sykulski, und der Journalist Darko Todorovski.<\/p>\n<p>Die Veranstaltung\u00a0fand am Donnerstag in Belgrad\u00a0statt. Zu den besprochenen Themen geh\u00f6rten unter anderem\u00a0die europ\u00e4ische Krise der traditionellen Werte und die LGBTQ-Agenda, die Militarisierung Europas, die Migrationskrise sowie regionale Konflikte.<\/p>\n<p>Bei\u00a0den nachfolgenden\u00a0Konferenzen soll ein Preis zu Ehren von Julian Assange ins Leben gerufen werden, der an Aktivisten verliehen wird, hie\u00df es in einer Pressemeldung.\u00a0<\/p>\n<p><strong>Mehr zum Thema<\/strong> \u2013 <a rel=\"nofollow noopener\" target=\"_blank\" href=\"https:\/\/freeassange.rtde.life\/international\/175457-in-deutschland-droht-mir-haft\/\">&#8220;In Deutschland droht mir Haft&#8221; \u2012 Ein deutscher Arzt rettet russische Soldaten in der Ukraine<\/a><\/p>\n<\/p>\n<\/div>\n<p><br \/>\n<br \/><a href=\"https:\/\/de.rt.com\/international\/175789-konferenz-freien-voelker-europas-bildet\/\">Source link <\/a><\/p>\n","protected":false},"excerpt":{"rendered":"<p>Auf der Konferenz der Freien V\u00f6lker Europas, organisiert von der russischen NGO Re:Union, ist die Initiative entstanden, eine humanit\u00e4re christliche Mission zum Schutz der Rechte politischer Gefangener zu gr\u00fcnden. Auf einer Konferenz der Freien V\u00f6lker Europas hat der Duma-Abgeordnete Dmitri Kusnezow vorgeschlagen, eine humanit\u00e4re christliche Mission zum Schutz der Rechte politischer Gefangener zu gr\u00fcnden. &#8220;Angesichts [&hellip;]<\/p>\n","protected":false},"author":3,"featured_media":40545,"comment_status":"open","ping_status":"open","sticky":false,"template":"","format":"standard","meta":{"_yoast_indexnow_last_ping":["1689872517"],"wp_automatic_camp":["217"],"4e72bf5e616409629031e3ae5bc4e378":["Konferenz der Freien V\u00f6lker Europas bildet Komitee f\u00fcr Schutz der Rechte Politgefangener"],"original_link":["https:\/\/de.rt.com\/international\/175789-konferenz-freien-voelker-europas-bildet\/"],"_thumbnail_id":["40545"],"_wptgpro_p2tg_sent2tg":["a:1:{i:23737;s:19:\"2023-07-20 19:03:11\";}"],"jnews_social_counter_last_update":["1777597784"]},"categories":[19,23],"tags":[10864,82,1293,11265,221,14369,8313,46958,143,10666,43170],"yoast_head":"<!-- This site is optimized with the Yoast SEO Premium plugin v22.7 (Yoast SEO v22.7) - https:\/\/yoast.com\/wordpress\/plugins\/seo\/ -->\n<title>Konferenz der Freien V\u00f6lker Europas bildet Komitee f\u00fcr Schutz der Rechte Politgefangener - just-now.NEWS Deutschland<\/title>\n<meta name=\"robots\" content=\"index, follow, max-snippet:-1, max-image-preview:large, max-video-preview:-1\" \/>\n<link rel=\"canonical\" href=\"https:\/\/now-news.de\/de\/deutschland\/konferenz-der-freien-voelker-europas-bildet-komitee-fuer-schutz-der-rechte-politgefangener\/\" \/>\n<meta property=\"og:locale\" content=\"de_DE\" \/>\n<meta property=\"og:type\" content=\"article\" \/>\n<meta property=\"og:title\" content=\"Konferenz der Freien V\u00f6lker Europas bildet Komitee f\u00fcr Schutz der Rechte Politgefangener\" \/>\n<meta property=\"og:description\" content=\"Auf der Konferenz der Freien V\u00f6lker Europas, organisiert von der russischen NGO Re:Union, ist die Initiative entstanden, eine humanit\u00e4re christliche Mission zum Schutz der Rechte politischer Gefangener zu gr\u00fcnden. Auf einer Konferenz der Freien V\u00f6lker Europas hat der Duma-Abgeordnete Dmitri Kusnezow vorgeschlagen, eine humanit\u00e4re christliche Mission zum Schutz der Rechte politischer Gefangener zu gr\u00fcnden. &#8220;Angesichts [&hellip;]\" \/>\n<meta property=\"og:url\" content=\"https:\/\/now-news.de\/de\/deutschland\/konferenz-der-freien-voelker-europas-bildet-komitee-fuer-schutz-der-rechte-politgefangener\/\" \/>\n<meta property=\"og:site_name\" content=\"just-now.NEWS Deutschland\" \/>\n<meta property=\"article:publisher\" content=\"https:\/\/www.facebook.com\/wirmachenauf\" \/>\n<meta property=\"article:published_time\" content=\"2023-07-20T15:58:54+00:00\" \/>\n<meta property=\"og:image\" content=\"https:\/\/now-news.de\/de\/wp-content\/uploads\/sites\/3\/2023\/07\/Konferenz-der-Freien-Voelker-Europas-bildet-Komitee-fuer-Schutz-der.jpg\" \/>\n\t<meta property=\"og:image:width\" content=\"460\" \/>\n\t<meta property=\"og:image:height\" content=\"259\" \/>\n\t<meta property=\"og:image:type\" content=\"image\/jpeg\" \/>\n<meta name=\"author\" content=\"rtnews\" \/>\n<meta name=\"twitter:card\" content=\"summary_large_image\" \/>\n<meta name=\"twitter:creator\" content=\"@WirMachenAuf_de\" \/>\n<meta name=\"twitter:site\" content=\"@WirMachenAuf_de\" \/>\n<meta name=\"twitter:label1\" content=\"Verfasst von\" \/>\n\t<meta name=\"twitter:data1\" content=\"rtnews\" \/>\n\t<meta name=\"twitter:label2\" content=\"Gesch\u00e4tzte Lesezeit\" \/>\n\t<meta name=\"twitter:data2\" content=\"2\u00a0Minuten\" \/>\n<script type=\"application\/ld+json\" class=\"yoast-schema-graph\">{\"@context\":\"https:\/\/schema.org\",\"@graph\":[{\"@type\":\"Article\",\"@id\":\"https:\/\/now-news.de\/de\/deutschland\/konferenz-der-freien-voelker-europas-bildet-komitee-fuer-schutz-der-rechte-politgefangener\/#article\",\"isPartOf\":{\"@id\":\"https:\/\/now-news.de\/de\/deutschland\/konferenz-der-freien-voelker-europas-bildet-komitee-fuer-schutz-der-rechte-politgefangener\/\"},\"author\":{\"name\":\"rtnews\",\"@id\":\"https:\/\/now-news.de\/de\/#\/schema\/person\/fb534a4e865501d8b3285208df34a9b5\"},\"headline\":\"Konferenz der Freien V\u00f6lker Europas bildet Komitee f\u00fcr Schutz der Rechte Politgefangener\",\"datePublished\":\"2023-07-20T15:58:54+00:00\",\"dateModified\":\"2023-07-20T15:58:54+00:00\",\"mainEntityOfPage\":{\"@id\":\"https:\/\/now-news.de\/de\/deutschland\/konferenz-der-freien-voelker-europas-bildet-komitee-fuer-schutz-der-rechte-politgefangener\/\"},\"wordCount\":353,\"commentCount\":0,\"publisher\":{\"@id\":\"https:\/\/now-news.de\/de\/#organization\"},\"image\":{\"@id\":\"https:\/\/now-news.de\/de\/deutschland\/konferenz-der-freien-voelker-europas-bildet-komitee-fuer-schutz-der-rechte-politgefangener\/#primaryimage\"},\"thumbnailUrl\":\"https:\/\/now-news.de\/de\/wp-content\/uploads\/sites\/3\/2023\/07\/Konferenz-der-Freien-Voelker-Europas-bildet-Komitee-fuer-Schutz-der.jpg\",\"keywords\":[\"bildet\",\"der\",\"Europas\",\"Freien\",\"f\u00fcr\",\"Komitee\",\"Konferenz\",\"Politgefangener\",\"Rechte\",\"Schutz\",\"V\u00f6lker\"],\"articleSection\":[\"Deutschland\",\"Russland\"],\"inLanguage\":\"de\",\"potentialAction\":[{\"@type\":\"CommentAction\",\"name\":\"Comment\",\"target\":[\"https:\/\/now-news.de\/de\/deutschland\/konferenz-der-freien-voelker-europas-bildet-komitee-fuer-schutz-der-rechte-politgefangener\/#respond\"]}]},{\"@type\":\"WebPage\",\"@id\":\"https:\/\/now-news.de\/de\/deutschland\/konferenz-der-freien-voelker-europas-bildet-komitee-fuer-schutz-der-rechte-politgefangener\/\",\"url\":\"https:\/\/now-news.de\/de\/deutschland\/konferenz-der-freien-voelker-europas-bildet-komitee-fuer-schutz-der-rechte-politgefangener\/\",\"name\":\"Konferenz der Freien V\u00f6lker Europas bildet Komitee f\u00fcr Schutz der Rechte Politgefangener - just-now.NEWS Deutschland\",\"isPartOf\":{\"@id\":\"https:\/\/now-news.de\/de\/#website\"},\"primaryImageOfPage\":{\"@id\":\"https:\/\/now-news.de\/de\/deutschland\/konferenz-der-freien-voelker-europas-bildet-komitee-fuer-schutz-der-rechte-politgefangener\/#primaryimage\"},\"image\":{\"@id\":\"https:\/\/now-news.de\/de\/deutschland\/konferenz-der-freien-voelker-europas-bildet-komitee-fuer-schutz-der-rechte-politgefangener\/#primaryimage\"},\"thumbnailUrl\":\"https:\/\/now-news.de\/de\/wp-content\/uploads\/sites\/3\/2023\/07\/Konferenz-der-Freien-Voelker-Europas-bildet-Komitee-fuer-Schutz-der.jpg\",\"datePublished\":\"2023-07-20T15:58:54+00:00\",\"dateModified\":\"2023-07-20T15:58:54+00:00\",\"breadcrumb\":{\"@id\":\"https:\/\/now-news.de\/de\/deutschland\/konferenz-der-freien-voelker-europas-bildet-komitee-fuer-schutz-der-rechte-politgefangener\/#breadcrumb\"},\"inLanguage\":\"de\",\"potentialAction\":[{\"@type\":\"ReadAction\",\"target\":[\"https:\/\/now-news.de\/de\/deutschland\/konferenz-der-freien-voelker-europas-bildet-komitee-fuer-schutz-der-rechte-politgefangener\/\"]}]},{\"@type\":\"ImageObject\",\"inLanguage\":\"de\",\"@id\":\"https:\/\/now-news.de\/de\/deutschland\/konferenz-der-freien-voelker-europas-bildet-komitee-fuer-schutz-der-rechte-politgefangener\/#primaryimage\",\"url\":\"https:\/\/now-news.de\/de\/wp-content\/uploads\/sites\/3\/2023\/07\/Konferenz-der-Freien-Voelker-Europas-bildet-Komitee-fuer-Schutz-der.jpg\",\"contentUrl\":\"https:\/\/now-news.de\/de\/wp-content\/uploads\/sites\/3\/2023\/07\/Konferenz-der-Freien-Voelker-Europas-bildet-Komitee-fuer-Schutz-der.jpg\",\"width\":460,\"height\":259,\"caption\":\"Konferenz der Freien V\u00f6lker Europas bildet Komitee f\u00fcr Schutz der Rechte Politgefangener\"},{\"@type\":\"BreadcrumbList\",\"@id\":\"https:\/\/now-news.de\/de\/deutschland\/konferenz-der-freien-voelker-europas-bildet-komitee-fuer-schutz-der-rechte-politgefangener\/#breadcrumb\",\"itemListElement\":[{\"@type\":\"ListItem\",\"position\":1,\"name\":\"Home\",\"item\":\"https:\/\/now-news.de\/de\/\"},{\"@type\":\"ListItem\",\"position\":2,\"name\":\"Konferenz der Freien V\u00f6lker Europas bildet Komitee f\u00fcr Schutz der Rechte Politgefangener\"}]},{\"@type\":\"WebSite\",\"@id\":\"https:\/\/now-news.de\/de\/#website\",\"url\":\"https:\/\/now-news.de\/de\/\",\"name\":\"just-now.NEWS Deutschland\",\"description\":\"Das Portal f\u00fcr unzensierte Nachrichten aus der Welt\",\"publisher\":{\"@id\":\"https:\/\/now-news.de\/de\/#organization\"},\"potentialAction\":[{\"@type\":\"SearchAction\",\"target\":{\"@type\":\"EntryPoint\",\"urlTemplate\":\"https:\/\/now-news.de\/de\/?s={search_term_string}\"},\"query-input\":\"required name=search_term_string\"}],\"inLanguage\":\"de\"},{\"@type\":\"Organization\",\"@id\":\"https:\/\/now-news.de\/de\/#organization\",\"name\":\"Just Now News\",\"url\":\"https:\/\/now-news.de\/de\/\",\"logo\":{\"@type\":\"ImageObject\",\"inLanguage\":\"de\",\"@id\":\"https:\/\/now-news.de\/de\/#\/schema\/logo\/image\/\",\"url\":\"http:\/\/just-now.news\/de\/wp-content\/uploads\/sites\/3\/2022\/04\/logo500x500.jpg\",\"contentUrl\":\"http:\/\/just-now.news\/de\/wp-content\/uploads\/sites\/3\/2022\/04\/logo500x500.jpg\",\"width\":500,\"height\":500,\"caption\":\"Just Now News\"},\"image\":{\"@id\":\"https:\/\/now-news.de\/de\/#\/schema\/logo\/image\/\"},\"sameAs\":[\"https:\/\/www.facebook.com\/wirmachenauf\",\"https:\/\/x.com\/WirMachenAuf_de\"]},{\"@type\":\"Person\",\"@id\":\"https:\/\/now-news.de\/de\/#\/schema\/person\/fb534a4e865501d8b3285208df34a9b5\",\"name\":\"rtnews\",\"image\":{\"@type\":\"ImageObject\",\"inLanguage\":\"de\",\"@id\":\"https:\/\/now-news.de\/de\/#\/schema\/person\/image\/\",\"url\":\"https:\/\/secure.gravatar.com\/avatar\/82aafea7d8127119dd649515f56e2117?s=96&d=mm&r=g\",\"contentUrl\":\"https:\/\/secure.gravatar.com\/avatar\/82aafea7d8127119dd649515f56e2117?s=96&d=mm&r=g\",\"caption\":\"rtnews\"},\"url\":\"https:\/\/now-news.de\/de\/author\/rnews\/\"}]}<\/script>\n<!-- \/ Yoast SEO Premium plugin. -->","yoast_head_json":{"title":"Konferenz der Freien V\u00f6lker Europas bildet Komitee f\u00fcr Schutz der Rechte Politgefangener - just-now.NEWS Deutschland","robots":{"index":"index","follow":"follow","max-snippet":"max-snippet:-1","max-image-preview":"max-image-preview:large","max-video-preview":"max-video-preview:-1"},"canonical":"https:\/\/now-news.de\/de\/deutschland\/konferenz-der-freien-voelker-europas-bildet-komitee-fuer-schutz-der-rechte-politgefangener\/","og_locale":"de_DE","og_type":"article","og_title":"Konferenz der Freien V\u00f6lker Europas bildet Komitee f\u00fcr Schutz der Rechte Politgefangener","og_description":"Auf der Konferenz der Freien V\u00f6lker Europas, organisiert von der russischen NGO Re:Union, ist die Initiative entstanden, eine humanit\u00e4re christliche Mission zum Schutz der Rechte politischer Gefangener zu gr\u00fcnden. Auf einer Konferenz der Freien V\u00f6lker Europas hat der Duma-Abgeordnete Dmitri Kusnezow vorgeschlagen, eine humanit\u00e4re christliche Mission zum Schutz der Rechte politischer Gefangener zu gr\u00fcnden. &#8220;Angesichts [&hellip;]","og_url":"https:\/\/now-news.de\/de\/deutschland\/konferenz-der-freien-voelker-europas-bildet-komitee-fuer-schutz-der-rechte-politgefangener\/","og_site_name":"just-now.NEWS Deutschland","article_publisher":"https:\/\/www.facebook.com\/wirmachenauf","article_published_time":"2023-07-20T15:58:54+00:00","og_image":[{"width":460,"height":259,"url":"https:\/\/now-news.de\/de\/wp-content\/uploads\/sites\/3\/2023\/07\/Konferenz-der-Freien-Voelker-Europas-bildet-Komitee-fuer-Schutz-der.jpg","type":"image\/jpeg"}],"author":"rtnews","twitter_card":"summary_large_image","twitter_creator":"@WirMachenAuf_de","twitter_site":"@WirMachenAuf_de","twitter_misc":{"Verfasst von":"rtnews","Gesch\u00e4tzte Lesezeit":"2\u00a0Minuten"},"schema":{"@context":"https:\/\/schema.org","@graph":[{"@type":"Article","@id":"https:\/\/now-news.de\/de\/deutschland\/konferenz-der-freien-voelker-europas-bildet-komitee-fuer-schutz-der-rechte-politgefangener\/#article","isPartOf":{"@id":"https:\/\/now-news.de\/de\/deutschland\/konferenz-der-freien-voelker-europas-bildet-komitee-fuer-schutz-der-rechte-politgefangener\/"},"author":{"name":"rtnews","@id":"https:\/\/now-news.de\/de\/#\/schema\/person\/fb534a4e865501d8b3285208df34a9b5"},"headline":"Konferenz der Freien V\u00f6lker Europas bildet Komitee f\u00fcr Schutz der Rechte Politgefangener","datePublished":"2023-07-20T15:58:54+00:00","dateModified":"2023-07-20T15:58:54+00:00","mainEntityOfPage":{"@id":"https:\/\/now-news.de\/de\/deutschland\/konferenz-der-freien-voelker-europas-bildet-komitee-fuer-schutz-der-rechte-politgefangener\/"},"wordCount":353,"commentCount":0,"publisher":{"@id":"https:\/\/now-news.de\/de\/#organization"},"image":{"@id":"https:\/\/now-news.de\/de\/deutschland\/konferenz-der-freien-voelker-europas-bildet-komitee-fuer-schutz-der-rechte-politgefangener\/#primaryimage"},"thumbnailUrl":"https:\/\/now-news.de\/de\/wp-content\/uploads\/sites\/3\/2023\/07\/Konferenz-der-Freien-Voelker-Europas-bildet-Komitee-fuer-Schutz-der.jpg","keywords":["bildet","der","Europas","Freien","f\u00fcr","Komitee","Konferenz","Politgefangener","Rechte","Schutz","V\u00f6lker"],"articleSection":["Deutschland","Russland"],"inLanguage":"de","potentialAction":[{"@type":"CommentAction","name":"Comment","target":["https:\/\/now-news.de\/de\/deutschland\/konferenz-der-freien-voelker-europas-bildet-komitee-fuer-schutz-der-rechte-politgefangener\/#respond"]}]},{"@type":"WebPage","@id":"https:\/\/now-news.de\/de\/deutschland\/konferenz-der-freien-voelker-europas-bildet-komitee-fuer-schutz-der-rechte-politgefangener\/","url":"https:\/\/now-news.de\/de\/deutschland\/konferenz-der-freien-voelker-europas-bildet-komitee-fuer-schutz-der-rechte-politgefangener\/","name":"Konferenz der Freien V\u00f6lker Europas bildet Komitee f\u00fcr Schutz der Rechte Politgefangener - just-now.NEWS Deutschland","isPartOf":{"@id":"https:\/\/now-news.de\/de\/#website"},"primaryImageOfPage":{"@id":"https:\/\/now-news.de\/de\/deutschland\/konferenz-der-freien-voelker-europas-bildet-komitee-fuer-schutz-der-rechte-politgefangener\/#primaryimage"},"image":{"@id":"https:\/\/now-news.de\/de\/deutschland\/konferenz-der-freien-voelker-europas-bildet-komitee-fuer-schutz-der-rechte-politgefangener\/#primaryimage"},"thumbnailUrl":"https:\/\/now-news.de\/de\/wp-content\/uploads\/sites\/3\/2023\/07\/Konferenz-der-Freien-Voelker-Europas-bildet-Komitee-fuer-Schutz-der.jpg","datePublished":"2023-07-20T15:58:54+00:00","dateModified":"2023-07-20T15:58:54+00:00","breadcrumb":{"@id":"https:\/\/now-news.de\/de\/deutschland\/konferenz-der-freien-voelker-europas-bildet-komitee-fuer-schutz-der-rechte-politgefangener\/#breadcrumb"},"inLanguage":"de","potentialAction":[{"@type":"ReadAction","target":["https:\/\/now-news.de\/de\/deutschland\/konferenz-der-freien-voelker-europas-bildet-komitee-fuer-schutz-der-rechte-politgefangener\/"]}]},{"@type":"ImageObject","inLanguage":"de","@id":"https:\/\/now-news.de\/de\/deutschland\/konferenz-der-freien-voelker-europas-bildet-komitee-fuer-schutz-der-rechte-politgefangener\/#primaryimage","url":"https:\/\/now-news.de\/de\/wp-content\/uploads\/sites\/3\/2023\/07\/Konferenz-der-Freien-Voelker-Europas-bildet-Komitee-fuer-Schutz-der.jpg","contentUrl":"https:\/\/now-news.de\/de\/wp-content\/uploads\/sites\/3\/2023\/07\/Konferenz-der-Freien-Voelker-Europas-bildet-Komitee-fuer-Schutz-der.jpg","width":460,"height":259,"caption":"Konferenz der Freien V\u00f6lker Europas bildet Komitee f\u00fcr Schutz der Rechte Politgefangener"},{"@type":"BreadcrumbList","@id":"https:\/\/now-news.de\/de\/deutschland\/konferenz-der-freien-voelker-europas-bildet-komitee-fuer-schutz-der-rechte-politgefangener\/#breadcrumb","itemListElement":[{"@type":"ListItem","position":1,"name":"Home","item":"https:\/\/now-news.de\/de\/"},{"@type":"ListItem","position":2,"name":"Konferenz der Freien V\u00f6lker Europas bildet Komitee f\u00fcr Schutz der Rechte Politgefangener"}]},{"@type":"WebSite","@id":"https:\/\/now-news.de\/de\/#website","url":"https:\/\/now-news.de\/de\/","name":"just-now.NEWS Deutschland","description":"Das Portal f\u00fcr unzensierte Nachrichten aus der Welt","publisher":{"@id":"https:\/\/now-news.de\/de\/#organization"},"potentialAction":[{"@type":"SearchAction","target":{"@type":"EntryPoint","urlTemplate":"https:\/\/now-news.de\/de\/?s={search_term_string}"},"query-input":"required name=search_term_string"}],"inLanguage":"de"},{"@type":"Organization","@id":"https:\/\/now-news.de\/de\/#organization","name":"Just Now News","url":"https:\/\/now-news.de\/de\/","logo":{"@type":"ImageObject","inLanguage":"de","@id":"https:\/\/now-news.de\/de\/#\/schema\/logo\/image\/","url":"http:\/\/just-now.news\/de\/wp-content\/uploads\/sites\/3\/2022\/04\/logo500x500.jpg","contentUrl":"http:\/\/just-now.news\/de\/wp-content\/uploads\/sites\/3\/2022\/04\/logo500x500.jpg","width":500,"height":500,"caption":"Just Now News"},"image":{"@id":"https:\/\/now-news.de\/de\/#\/schema\/logo\/image\/"},"sameAs":["https:\/\/www.facebook.com\/wirmachenauf","https:\/\/x.com\/WirMachenAuf_de"]},{"@type":"Person","@id":"https:\/\/now-news.de\/de\/#\/schema\/person\/fb534a4e865501d8b3285208df34a9b5","name":"rtnews","image":{"@type":"ImageObject","inLanguage":"de","@id":"https:\/\/now-news.de\/de\/#\/schema\/person\/image\/","url":"https:\/\/secure.gravatar.com\/avatar\/82aafea7d8127119dd649515f56e2117?s=96&d=mm&r=g","contentUrl":"https:\/\/secure.gravatar.com\/avatar\/82aafea7d8127119dd649515f56e2117?s=96&d=mm&r=g","caption":"rtnews"},"url":"https:\/\/now-news.de\/de\/author\/rnews\/"}]}},"_links":{"self":[{"href":"https:\/\/now-news.de\/de\/wp-json\/wp\/v2\/posts\/40544"}],"collection":[{"href":"https:\/\/now-news.de\/de\/wp-json\/wp\/v2\/posts"}],"about":[{"href":"https:\/\/now-news.de\/de\/wp-json\/wp\/v2\/types\/post"}],"author":[{"embeddable":true,"href":"https:\/\/now-news.de\/de\/wp-json\/wp\/v2\/users\/3"}],"replies":[{"embeddable":true,"href":"https:\/\/now-news.de\/de\/wp-json\/wp\/v2\/comments?post=40544"}],"version-history":[{"count":0,"href":"https:\/\/now-news.de\/de\/wp-json\/wp\/v2\/posts\/40544\/revisions"}],"wp:featuredmedia":[{"embeddable":true,"href":"https:\/\/now-news.de\/de\/wp-json\/wp\/v2\/media\/40545"}],"wp:attachment":[{"href":"https:\/\/now-news.de\/de\/wp-json\/wp\/v2\/media?parent=40544"}],"wp:term":[{"taxonomy":"category","embeddable":true,"href":"https:\/\/now-news.de\/de\/wp-json\/wp\/v2\/categories?post=40544"},{"taxonomy":"post_tag","embeddable":true,"href":"https:\/\/now-news.de\/de\/wp-json\/wp\/v2\/tags?post=40544"}],"curies":[{"name":"wp","href":"https:\/\/api.w.org\/{rel}","templated":true}]}}