{"id":40534,"date":"2023-07-20T17:02:02","date_gmt":"2023-07-20T15:02:02","guid":{"rendered":"https:\/\/just-now.news\/de\/deutschland\/kann-nur-sagen-weiter-so-ein-deutscher-general-a-d-freut-sich-ueber-terrorakte\/"},"modified":"2023-07-20T17:02:02","modified_gmt":"2023-07-20T15:02:02","slug":"kann-nur-sagen-weiter-so-ein-deutscher-general-a-d-freut-sich-ueber-terrorakte","status":"publish","type":"post","link":"https:\/\/now-news.de\/de\/deutschland\/kann-nur-sagen-weiter-so-ein-deutscher-general-a-d-freut-sich-ueber-terrorakte\/","title":{"rendered":"&quot;Kann nur sagen: Weiter so!&quot; Ein deutscher General a.D. freut sich \u00fcber Terrorakte"},"content":{"rendered":"<p><img decoding=\"async\" src=\"http:\/\/just-now.news\/de\/wp-content\/uploads\/sites\/3\/2023\/07\/64b93b3db480cc36574a1746.jpg\" \/><\/p>\n<div class=\"Text-root Text-type_1 \">\n                Wann immer sich deutsche Milit\u00e4rs zum ukrainischen Krieg \u00e4u\u00dfern, bekleckern sie sich nicht gerade mit Ruhm. General a.D. Klaus Wittmann ist dabei keine Ausnahme. Er versucht die M\u00e4r von den siegreichen Ukrainern zu retten und jubelt sogar \u00fcber Terrorakte.\n            <\/div>\n<p><\/p>\n<div class=\"Text-root Text-type_5 ArticleView-text ViewText-root \">\n<p><em>Von Dagmar Henn<\/em><\/p>\n<p>Eigentlich sollte man beim pensionierten General Klaus Wittmann davon ausgehen, dass er das Handwerk noch ordentlich gelernt hat. Immerhin war die Bundeswehr zu der Zeit, als er anfing, noch eine Armee von einer halben Million. Und auch, wenn sich ehemalige Offiziere der NVA heute noch \u00fcber sie lustig machen, verglichen mit heute war das eine wirklich ernst zu nehmende Armee. Was reitet ihn also, jetzt terroristische Handlungen gut zu finden?<\/p>\n<div class=\"EmbedBlock-root EmbedBlock-twitter\">\n<div class=\"TwitterEmbed\">\n<blockquote class=\"twitter-tweet lazyload\" data-twitter=\"twitter-tweet\">\n<p lang=\"de\" dir=\"ltr\">\ud83c\udde9\ud83c\uddea\ud83c\uddfa\ud83c\udde6\ud83c\uddf7\ud83c\uddfa Nicht von dieser Welt\ud83d\ude33: &#8220;Und zur Krim-Br\u00fccke kann ich nur eines sagen: Weiter so!&#8221; &#8211; WELTBrigadegeneral a.D. der Bundeswehr Klaus Wittmann hat einen Auftritt im deutschen Fernsehen hingelegt, der einen sprachlos macht und schamlos den terroristischen Angriff der <a rel=\"nofollow noopener\" target=\"_blank\" href=\"https:\/\/t.co\/O6KiIt2cmp\">pic.twitter.com\/O6KiIt2cmp<\/a><\/p>\n<p>\u2014 GeorgeOrwell3 (@george_orwell3) <a rel=\"nofollow noopener\" target=\"_blank\" href=\"https:\/\/twitter.com\/george_orwell3\/status\/1682022746862284803?ref_src=twsrc%5Etfw\">July 20, 2023<\/a><\/p><\/blockquote>\n<\/div>\n<\/div>\n<p>Aber von vorn. Im <a rel=\"nofollow noopener\" target=\"_blank\" href=\"https:\/\/www.youtube.com\/watch?v=5SVD1MBBEjI\">Interview<\/a> mit dem Nachrichtensender der <em>Welt<\/em> erkl\u00e4rt er zuerst, man m\u00fcsse mit der ukrainischen Offensive Geduld haben:<\/p>\n<blockquote>\n<p><em>&#8220;Wir sollten in noch viel st\u00e4rkerem Ma\u00dfe die Ukraine ausr\u00fcsten und unterst\u00fctzen mit milit\u00e4rischem Ger\u00e4t. Dass Russland sich ein halbes Jahr so intensiv zur Verteidigung einrichten konnte und eingraben, und die Minenfelder in fast industriellem Ausma\u00df ausbringen konnte, hat ja auch damit zu tun, dass wir ein halbes Jahr zu sp\u00e4t sind mit vielen Lieferungen, die wir dorthin gebracht haben. Panzer, Sch\u00fctzenpanzer. H\u00e4tte der Bundeskanzler den Beschluss bereits im August, September f\u00e4llen k\u00f6nnen, dann s\u00e4he es viel besser aus.&#8221;<\/em><\/p>\n<\/blockquote>\n<p>Der Mann ist studierter Historiker, allerdings kein Milit\u00e4rhistoriker. Sonst w\u00e4re er schon einmal \u00fcber die Tatsache gestolpert, die sich Rasputiza nennt, die Monate des Jahres, in denen sich der weiche Ackerboden in der Ukraine in metertiefen Schlamm verwandelt. Und dann liegt dazwischen noch der Winter. Selbst wenn der Westen die Ukraine mit allem verf\u00fcgbaren Material (dessen Mengen sich bekanntlich in Grenzen halten) bereits im vergangenen Oktober zugesch\u00fcttet h\u00e4tte, vor dem Mai dieses Jahres w\u00e4re das nichts geworden.<\/p>\n<p>Und die Minenfelder? Da haben sich selbst ukrainische Soldaten schon dr\u00fcber lustig gemacht, dass ihnen ihre NATO-Ausbilder gesagt h\u00e4tten, bei ihnen w\u00e4ren Minenfelder hundert auf zweihundert Meter gro\u00df, die k\u00f6nne man umfahren. Jetzt setzt sich selbst ein ehemaliger General vor die Kamera und tut so, als h\u00e4tte noch niemand in der Milit\u00e4rgeschichte Minenfelder von mehr als zweihundert Quadratmetern verlegt, man h\u00e4tte also nie damit rechnen k\u00f6nnen.<\/p>\n<p>Anders gesagt: Die ganze NATO hat sich um Gr\u00f6\u00dfenordnungen vertan mit diesem Krieg, von der Munition bis zur Zahl der involvierten Panzer, und da ist September oder M\u00e4rz wirklich Jacke wie Hose.<\/p>\n<p>Die Ausrede, die Wittman bringt, warum die ukrainische Offensive nicht von der Stelle kommt, ist nicht einmal seine Erfindung. Es sei bewaffnete Aufkl\u00e4rung, das sei eben eine kriechende Offensive. Wobei bewaffnete Aufkl\u00e4rung dazu dient, Schwachstellen des Gegners zu entdecken. Wenn man zwei Monate lang immer wieder an denselben Stellen nach Schwachstellen sucht und keine findet, dann sucht man an der falschen Stelle, oder es gibt schlicht keine. Man wartet fast darauf, dass er die station\u00e4re Offensive erfindet.<\/p>\n<blockquote>\n<p><em>&#8220;Der amerikanische Generalstabschef hat gerade gesagt, er sieht da keinen Misserfolg, er sieht bed\u00e4chtiges, langsames Vorgehen. Die Ukrainer, die sind st\u00e4rker bedacht auf das Schonen der Menschenleben ihrer Soldaten als die Russen.&#8221;<\/em><\/p>\n<\/blockquote>\n<p>Berichte von der Front besagen: Nachdem bei den ersten Anl\u00e4ufen ein Drittel des gelieferten Ger\u00e4ts zerst\u00f6rt wurde\u00a0\u2013 egal, ob Leopard oder Bradley\u00a0\u2013, greift das ukrainische Milit\u00e4r inzwischen weitgehend ohne schwere Technik an, und die Verlustzahlen sind entsprechend. Wie Wittman darauf kommt, dass die Ukrainer, die ihre Truppen ohne Minenr\u00e4umger\u00e4t in die Minenfelder treiben, besser auf ihre Leute achten als die Russen, die hinter diesen Minenfeldern befestigte Stellungen haben und auf das, was durch die Minenfelder krabbelt, nur draufhalten m\u00fcssen, ist Wittmanns Geheimnis.<\/p>\n<p>Allerdings l\u00e4sst er dann doch erkennen, dass er nicht so richtig zuversichtlich ist. Eine siegende Armee braucht n\u00e4mlich keine Terroranschl\u00e4ge. Wittmann aber begr\u00fc\u00dft sie:<\/p>\n<blockquote>\n<p><em>&#8220;Und zur Kertsch-Br\u00fccke kann ich nur sagen: Weiter so!&#8221;<\/em><\/p>\n<\/blockquote>\n<p>Nun, die station\u00e4re Offensive ist mancherorts bereits dabei, sich in eine Retro-Offensive zu verwandeln, wenn man das Wort Frontbegradigung vermeiden will\u00a0\u2013 gerade in der Gegend um Krasny Liman. Der General a.D. wird aber sicher vorerst dabei bleiben, wider besseres Wissen dem Publikum einen ukrainischen Sieg zu verkaufen. Was weder in der Form der kriechenden Bewegung, ob vorw\u00e4rts oder r\u00fcckw\u00e4rts, noch in der Form des blanken Terrors sonderlich interessant oder Sympathie erweckend ist.<\/p>\n<p>Einen H\u00f6hepunkt wird es allerdings geben, sollte Klaus Wittmann seine Auftritte zu diesem Thema weiter fortsetzen: Die Pirouette, die er hinlegt, wenn die USA die Ukraine fallen lassen (und das werden sie eher fr\u00fcher als sp\u00e4ter), die d\u00fcrfte wirklich sehenswert werden.<\/p>\n<p><strong>Mehr zum Thema<\/strong> &#8211; <a rel=\"nofollow noopener\" target=\"_blank\" href=\"https:\/\/freeassange.rtde.live\/international\/175650-kiew-in-panik-westen-kurz-davor-ukraine-fallenzulassen\/\">Kiew in Panik: Der Westen ist einen Schritt davon entfernt, die Ukraine fallen zu lassen <\/a><\/p>\n<\/p>\n<\/div>\n<p><script async src=\"https:\/\/platform.twitter.com\/widgets.js\" charset=\"utf-8\"><\/script><br \/>\n<br \/><br \/>\n<br \/><a href=\"https:\/\/de.rt.com\/meinung\/175783-kann-nur-sagen-weiter-so\/\">Source link <\/a><\/p>\n","protected":false},"excerpt":{"rendered":"<p>Wann immer sich deutsche Milit\u00e4rs zum ukrainischen Krieg \u00e4u\u00dfern, bekleckern sie sich nicht gerade mit Ruhm. General a.D. Klaus Wittmann ist dabei keine Ausnahme. Er versucht die M\u00e4r von den siegreichen Ukrainern zu retten und jubelt sogar \u00fcber Terrorakte. Von Dagmar Henn Eigentlich sollte man beim pensionierten General Klaus Wittmann davon ausgehen, dass er das [&hellip;]<\/p>\n","protected":false},"author":3,"featured_media":40535,"comment_status":"open","ping_status":"open","sticky":false,"template":"","format":"standard","meta":{"_yoast_indexnow_last_ping":["1689865735"],"wp_automatic_camp":["217"],"4f255b60796969fc079cffc2ed937845":["&quot;Kann nur sagen: Weiter so!&quot; Ein deutscher General a.D. freut sich \u00fcber Terrorakte"],"original_link":["https:\/\/de.rt.com\/meinung\/175783-kann-nur-sagen-weiter-so\/"],"_thumbnail_id":["40535"],"_wptgpro_p2tg_sent2tg":["a:1:{i:23737;s:19:\"2023-07-20 17:10:01\";}"],"jnews_social_counter_last_update":["1777336216"]},"categories":[19,23],"tags":[40147,8305,357,29929,7409,4230,23665,3278,434,20402,33014,139,601],"yoast_head":"<!-- This site is optimized with the Yoast SEO Premium plugin v22.7 (Yoast SEO v22.7) - https:\/\/yoast.com\/wordpress\/plugins\/seo\/ -->\n<title>&quot;Kann nur sagen: Weiter so!&quot; Ein deutscher General a.D. freut sich \u00fcber Terrorakte - just-now.NEWS Deutschland<\/title>\n<meta name=\"robots\" content=\"index, follow, max-snippet:-1, max-image-preview:large, max-video-preview:-1\" \/>\n<link rel=\"canonical\" href=\"https:\/\/now-news.de\/de\/deutschland\/kann-nur-sagen-weiter-so-ein-deutscher-general-a-d-freut-sich-ueber-terrorakte\/\" \/>\n<meta property=\"og:locale\" content=\"de_DE\" \/>\n<meta property=\"og:type\" content=\"article\" \/>\n<meta property=\"og:title\" content=\"&quot;Kann nur sagen: Weiter so!&quot; Ein deutscher General a.D. freut sich \u00fcber Terrorakte\" \/>\n<meta property=\"og:description\" content=\"Wann immer sich deutsche Milit\u00e4rs zum ukrainischen Krieg \u00e4u\u00dfern, bekleckern sie sich nicht gerade mit Ruhm. General a.D. Klaus Wittmann ist dabei keine Ausnahme. Er versucht die M\u00e4r von den siegreichen Ukrainern zu retten und jubelt sogar \u00fcber Terrorakte. Von Dagmar Henn Eigentlich sollte man beim pensionierten General Klaus Wittmann davon ausgehen, dass er das [&hellip;]\" \/>\n<meta property=\"og:url\" content=\"https:\/\/now-news.de\/de\/deutschland\/kann-nur-sagen-weiter-so-ein-deutscher-general-a-d-freut-sich-ueber-terrorakte\/\" \/>\n<meta property=\"og:site_name\" content=\"just-now.NEWS Deutschland\" \/>\n<meta property=\"article:publisher\" content=\"https:\/\/www.facebook.com\/wirmachenauf\" \/>\n<meta property=\"article:published_time\" content=\"2023-07-20T15:02:02+00:00\" \/>\n<meta property=\"og:image\" content=\"https:\/\/now-news.de\/de\/wp-content\/uploads\/sites\/3\/2023\/07\/quotKann-nur-sagen-Weiter-soquot-Ein-deutscher-General-aD-freut.jpg\" \/>\n\t<meta property=\"og:image:width\" content=\"460\" \/>\n\t<meta property=\"og:image:height\" content=\"259\" \/>\n\t<meta property=\"og:image:type\" content=\"image\/jpeg\" \/>\n<meta name=\"author\" content=\"rtnews\" \/>\n<meta name=\"twitter:card\" content=\"summary_large_image\" \/>\n<meta name=\"twitter:creator\" content=\"@WirMachenAuf_de\" \/>\n<meta name=\"twitter:site\" content=\"@WirMachenAuf_de\" \/>\n<meta name=\"twitter:label1\" content=\"Verfasst von\" \/>\n\t<meta name=\"twitter:data1\" content=\"rtnews\" \/>\n\t<meta name=\"twitter:label2\" content=\"Gesch\u00e4tzte Lesezeit\" \/>\n\t<meta name=\"twitter:data2\" content=\"4\u00a0Minuten\" \/>\n<script type=\"application\/ld+json\" class=\"yoast-schema-graph\">{\"@context\":\"https:\/\/schema.org\",\"@graph\":[{\"@type\":\"Article\",\"@id\":\"https:\/\/now-news.de\/de\/deutschland\/kann-nur-sagen-weiter-so-ein-deutscher-general-a-d-freut-sich-ueber-terrorakte\/#article\",\"isPartOf\":{\"@id\":\"https:\/\/now-news.de\/de\/deutschland\/kann-nur-sagen-weiter-so-ein-deutscher-general-a-d-freut-sich-ueber-terrorakte\/\"},\"author\":{\"name\":\"rtnews\",\"@id\":\"https:\/\/now-news.de\/de\/#\/schema\/person\/fb534a4e865501d8b3285208df34a9b5\"},\"headline\":\"&quot;Kann nur sagen: Weiter so!&quot; Ein deutscher General a.D. freut sich \u00fcber Terrorakte\",\"datePublished\":\"2023-07-20T15:02:02+00:00\",\"dateModified\":\"2023-07-20T15:02:02+00:00\",\"mainEntityOfPage\":{\"@id\":\"https:\/\/now-news.de\/de\/deutschland\/kann-nur-sagen-weiter-so-ein-deutscher-general-a-d-freut-sich-ueber-terrorakte\/\"},\"wordCount\":872,\"commentCount\":0,\"publisher\":{\"@id\":\"https:\/\/now-news.de\/de\/#organization\"},\"image\":{\"@id\":\"https:\/\/now-news.de\/de\/deutschland\/kann-nur-sagen-weiter-so-ein-deutscher-general-a-d-freut-sich-ueber-terrorakte\/#primaryimage\"},\"thumbnailUrl\":\"https:\/\/now-news.de\/de\/wp-content\/uploads\/sites\/3\/2023\/07\/quotKann-nur-sagen-Weiter-soquot-Ein-deutscher-General-aD-freut.jpg\",\"keywords\":[\"a.D\",\"deutscher\",\"ein\",\"freut\",\"General\",\"NUR\",\"quotKann\",\"sagen\",\"sich\",\"soquot\",\"Terrorakte\",\"\u00fcber\",\"weiter\"],\"articleSection\":[\"Deutschland\",\"Russland\"],\"inLanguage\":\"de\",\"potentialAction\":[{\"@type\":\"CommentAction\",\"name\":\"Comment\",\"target\":[\"https:\/\/now-news.de\/de\/deutschland\/kann-nur-sagen-weiter-so-ein-deutscher-general-a-d-freut-sich-ueber-terrorakte\/#respond\"]}]},{\"@type\":\"WebPage\",\"@id\":\"https:\/\/now-news.de\/de\/deutschland\/kann-nur-sagen-weiter-so-ein-deutscher-general-a-d-freut-sich-ueber-terrorakte\/\",\"url\":\"https:\/\/now-news.de\/de\/deutschland\/kann-nur-sagen-weiter-so-ein-deutscher-general-a-d-freut-sich-ueber-terrorakte\/\",\"name\":\"&quot;Kann nur sagen: Weiter so!&quot; Ein deutscher General a.D. freut sich \u00fcber Terrorakte - just-now.NEWS Deutschland\",\"isPartOf\":{\"@id\":\"https:\/\/now-news.de\/de\/#website\"},\"primaryImageOfPage\":{\"@id\":\"https:\/\/now-news.de\/de\/deutschland\/kann-nur-sagen-weiter-so-ein-deutscher-general-a-d-freut-sich-ueber-terrorakte\/#primaryimage\"},\"image\":{\"@id\":\"https:\/\/now-news.de\/de\/deutschland\/kann-nur-sagen-weiter-so-ein-deutscher-general-a-d-freut-sich-ueber-terrorakte\/#primaryimage\"},\"thumbnailUrl\":\"https:\/\/now-news.de\/de\/wp-content\/uploads\/sites\/3\/2023\/07\/quotKann-nur-sagen-Weiter-soquot-Ein-deutscher-General-aD-freut.jpg\",\"datePublished\":\"2023-07-20T15:02:02+00:00\",\"dateModified\":\"2023-07-20T15:02:02+00:00\",\"breadcrumb\":{\"@id\":\"https:\/\/now-news.de\/de\/deutschland\/kann-nur-sagen-weiter-so-ein-deutscher-general-a-d-freut-sich-ueber-terrorakte\/#breadcrumb\"},\"inLanguage\":\"de\",\"potentialAction\":[{\"@type\":\"ReadAction\",\"target\":[\"https:\/\/now-news.de\/de\/deutschland\/kann-nur-sagen-weiter-so-ein-deutscher-general-a-d-freut-sich-ueber-terrorakte\/\"]}]},{\"@type\":\"ImageObject\",\"inLanguage\":\"de\",\"@id\":\"https:\/\/now-news.de\/de\/deutschland\/kann-nur-sagen-weiter-so-ein-deutscher-general-a-d-freut-sich-ueber-terrorakte\/#primaryimage\",\"url\":\"https:\/\/now-news.de\/de\/wp-content\/uploads\/sites\/3\/2023\/07\/quotKann-nur-sagen-Weiter-soquot-Ein-deutscher-General-aD-freut.jpg\",\"contentUrl\":\"https:\/\/now-news.de\/de\/wp-content\/uploads\/sites\/3\/2023\/07\/quotKann-nur-sagen-Weiter-soquot-Ein-deutscher-General-aD-freut.jpg\",\"width\":460,\"height\":259,\"caption\":\"&quot;Kann nur sagen: Weiter so!&quot; Ein deutscher General a.D. freut sich \u00fcber Terrorakte\"},{\"@type\":\"BreadcrumbList\",\"@id\":\"https:\/\/now-news.de\/de\/deutschland\/kann-nur-sagen-weiter-so-ein-deutscher-general-a-d-freut-sich-ueber-terrorakte\/#breadcrumb\",\"itemListElement\":[{\"@type\":\"ListItem\",\"position\":1,\"name\":\"Home\",\"item\":\"https:\/\/now-news.de\/de\/\"},{\"@type\":\"ListItem\",\"position\":2,\"name\":\"&quot;Kann nur sagen: Weiter so!&quot; Ein deutscher General a.D. freut sich \u00fcber Terrorakte\"}]},{\"@type\":\"WebSite\",\"@id\":\"https:\/\/now-news.de\/de\/#website\",\"url\":\"https:\/\/now-news.de\/de\/\",\"name\":\"just-now.NEWS Deutschland\",\"description\":\"Das Portal f\u00fcr unzensierte Nachrichten aus der Welt\",\"publisher\":{\"@id\":\"https:\/\/now-news.de\/de\/#organization\"},\"potentialAction\":[{\"@type\":\"SearchAction\",\"target\":{\"@type\":\"EntryPoint\",\"urlTemplate\":\"https:\/\/now-news.de\/de\/?s={search_term_string}\"},\"query-input\":\"required name=search_term_string\"}],\"inLanguage\":\"de\"},{\"@type\":\"Organization\",\"@id\":\"https:\/\/now-news.de\/de\/#organization\",\"name\":\"Just Now News\",\"url\":\"https:\/\/now-news.de\/de\/\",\"logo\":{\"@type\":\"ImageObject\",\"inLanguage\":\"de\",\"@id\":\"https:\/\/now-news.de\/de\/#\/schema\/logo\/image\/\",\"url\":\"http:\/\/just-now.news\/de\/wp-content\/uploads\/sites\/3\/2022\/04\/logo500x500.jpg\",\"contentUrl\":\"http:\/\/just-now.news\/de\/wp-content\/uploads\/sites\/3\/2022\/04\/logo500x500.jpg\",\"width\":500,\"height\":500,\"caption\":\"Just Now News\"},\"image\":{\"@id\":\"https:\/\/now-news.de\/de\/#\/schema\/logo\/image\/\"},\"sameAs\":[\"https:\/\/www.facebook.com\/wirmachenauf\",\"https:\/\/x.com\/WirMachenAuf_de\"]},{\"@type\":\"Person\",\"@id\":\"https:\/\/now-news.de\/de\/#\/schema\/person\/fb534a4e865501d8b3285208df34a9b5\",\"name\":\"rtnews\",\"image\":{\"@type\":\"ImageObject\",\"inLanguage\":\"de\",\"@id\":\"https:\/\/now-news.de\/de\/#\/schema\/person\/image\/\",\"url\":\"https:\/\/secure.gravatar.com\/avatar\/82aafea7d8127119dd649515f56e2117?s=96&d=mm&r=g\",\"contentUrl\":\"https:\/\/secure.gravatar.com\/avatar\/82aafea7d8127119dd649515f56e2117?s=96&d=mm&r=g\",\"caption\":\"rtnews\"},\"url\":\"https:\/\/now-news.de\/de\/author\/rnews\/\"}]}<\/script>\n<!-- \/ Yoast SEO Premium plugin. -->","yoast_head_json":{"title":"&quot;Kann nur sagen: Weiter so!&quot; Ein deutscher General a.D. freut sich \u00fcber Terrorakte - just-now.NEWS Deutschland","robots":{"index":"index","follow":"follow","max-snippet":"max-snippet:-1","max-image-preview":"max-image-preview:large","max-video-preview":"max-video-preview:-1"},"canonical":"https:\/\/now-news.de\/de\/deutschland\/kann-nur-sagen-weiter-so-ein-deutscher-general-a-d-freut-sich-ueber-terrorakte\/","og_locale":"de_DE","og_type":"article","og_title":"&quot;Kann nur sagen: Weiter so!&quot; Ein deutscher General a.D. freut sich \u00fcber Terrorakte","og_description":"Wann immer sich deutsche Milit\u00e4rs zum ukrainischen Krieg \u00e4u\u00dfern, bekleckern sie sich nicht gerade mit Ruhm. General a.D. Klaus Wittmann ist dabei keine Ausnahme. Er versucht die M\u00e4r von den siegreichen Ukrainern zu retten und jubelt sogar \u00fcber Terrorakte. Von Dagmar Henn Eigentlich sollte man beim pensionierten General Klaus Wittmann davon ausgehen, dass er das [&hellip;]","og_url":"https:\/\/now-news.de\/de\/deutschland\/kann-nur-sagen-weiter-so-ein-deutscher-general-a-d-freut-sich-ueber-terrorakte\/","og_site_name":"just-now.NEWS Deutschland","article_publisher":"https:\/\/www.facebook.com\/wirmachenauf","article_published_time":"2023-07-20T15:02:02+00:00","og_image":[{"width":460,"height":259,"url":"https:\/\/now-news.de\/de\/wp-content\/uploads\/sites\/3\/2023\/07\/quotKann-nur-sagen-Weiter-soquot-Ein-deutscher-General-aD-freut.jpg","type":"image\/jpeg"}],"author":"rtnews","twitter_card":"summary_large_image","twitter_creator":"@WirMachenAuf_de","twitter_site":"@WirMachenAuf_de","twitter_misc":{"Verfasst von":"rtnews","Gesch\u00e4tzte Lesezeit":"4\u00a0Minuten"},"schema":{"@context":"https:\/\/schema.org","@graph":[{"@type":"Article","@id":"https:\/\/now-news.de\/de\/deutschland\/kann-nur-sagen-weiter-so-ein-deutscher-general-a-d-freut-sich-ueber-terrorakte\/#article","isPartOf":{"@id":"https:\/\/now-news.de\/de\/deutschland\/kann-nur-sagen-weiter-so-ein-deutscher-general-a-d-freut-sich-ueber-terrorakte\/"},"author":{"name":"rtnews","@id":"https:\/\/now-news.de\/de\/#\/schema\/person\/fb534a4e865501d8b3285208df34a9b5"},"headline":"&quot;Kann nur sagen: Weiter so!&quot; Ein deutscher General a.D. freut sich \u00fcber Terrorakte","datePublished":"2023-07-20T15:02:02+00:00","dateModified":"2023-07-20T15:02:02+00:00","mainEntityOfPage":{"@id":"https:\/\/now-news.de\/de\/deutschland\/kann-nur-sagen-weiter-so-ein-deutscher-general-a-d-freut-sich-ueber-terrorakte\/"},"wordCount":872,"commentCount":0,"publisher":{"@id":"https:\/\/now-news.de\/de\/#organization"},"image":{"@id":"https:\/\/now-news.de\/de\/deutschland\/kann-nur-sagen-weiter-so-ein-deutscher-general-a-d-freut-sich-ueber-terrorakte\/#primaryimage"},"thumbnailUrl":"https:\/\/now-news.de\/de\/wp-content\/uploads\/sites\/3\/2023\/07\/quotKann-nur-sagen-Weiter-soquot-Ein-deutscher-General-aD-freut.jpg","keywords":["a.D","deutscher","ein","freut","General","NUR","quotKann","sagen","sich","soquot","Terrorakte","\u00fcber","weiter"],"articleSection":["Deutschland","Russland"],"inLanguage":"de","potentialAction":[{"@type":"CommentAction","name":"Comment","target":["https:\/\/now-news.de\/de\/deutschland\/kann-nur-sagen-weiter-so-ein-deutscher-general-a-d-freut-sich-ueber-terrorakte\/#respond"]}]},{"@type":"WebPage","@id":"https:\/\/now-news.de\/de\/deutschland\/kann-nur-sagen-weiter-so-ein-deutscher-general-a-d-freut-sich-ueber-terrorakte\/","url":"https:\/\/now-news.de\/de\/deutschland\/kann-nur-sagen-weiter-so-ein-deutscher-general-a-d-freut-sich-ueber-terrorakte\/","name":"&quot;Kann nur sagen: Weiter so!&quot; Ein deutscher General a.D. freut sich \u00fcber Terrorakte - just-now.NEWS Deutschland","isPartOf":{"@id":"https:\/\/now-news.de\/de\/#website"},"primaryImageOfPage":{"@id":"https:\/\/now-news.de\/de\/deutschland\/kann-nur-sagen-weiter-so-ein-deutscher-general-a-d-freut-sich-ueber-terrorakte\/#primaryimage"},"image":{"@id":"https:\/\/now-news.de\/de\/deutschland\/kann-nur-sagen-weiter-so-ein-deutscher-general-a-d-freut-sich-ueber-terrorakte\/#primaryimage"},"thumbnailUrl":"https:\/\/now-news.de\/de\/wp-content\/uploads\/sites\/3\/2023\/07\/quotKann-nur-sagen-Weiter-soquot-Ein-deutscher-General-aD-freut.jpg","datePublished":"2023-07-20T15:02:02+00:00","dateModified":"2023-07-20T15:02:02+00:00","breadcrumb":{"@id":"https:\/\/now-news.de\/de\/deutschland\/kann-nur-sagen-weiter-so-ein-deutscher-general-a-d-freut-sich-ueber-terrorakte\/#breadcrumb"},"inLanguage":"de","potentialAction":[{"@type":"ReadAction","target":["https:\/\/now-news.de\/de\/deutschland\/kann-nur-sagen-weiter-so-ein-deutscher-general-a-d-freut-sich-ueber-terrorakte\/"]}]},{"@type":"ImageObject","inLanguage":"de","@id":"https:\/\/now-news.de\/de\/deutschland\/kann-nur-sagen-weiter-so-ein-deutscher-general-a-d-freut-sich-ueber-terrorakte\/#primaryimage","url":"https:\/\/now-news.de\/de\/wp-content\/uploads\/sites\/3\/2023\/07\/quotKann-nur-sagen-Weiter-soquot-Ein-deutscher-General-aD-freut.jpg","contentUrl":"https:\/\/now-news.de\/de\/wp-content\/uploads\/sites\/3\/2023\/07\/quotKann-nur-sagen-Weiter-soquot-Ein-deutscher-General-aD-freut.jpg","width":460,"height":259,"caption":"&quot;Kann nur sagen: Weiter so!&quot; Ein deutscher General a.D. freut sich \u00fcber Terrorakte"},{"@type":"BreadcrumbList","@id":"https:\/\/now-news.de\/de\/deutschland\/kann-nur-sagen-weiter-so-ein-deutscher-general-a-d-freut-sich-ueber-terrorakte\/#breadcrumb","itemListElement":[{"@type":"ListItem","position":1,"name":"Home","item":"https:\/\/now-news.de\/de\/"},{"@type":"ListItem","position":2,"name":"&quot;Kann nur sagen: Weiter so!&quot; Ein deutscher General a.D. freut sich \u00fcber Terrorakte"}]},{"@type":"WebSite","@id":"https:\/\/now-news.de\/de\/#website","url":"https:\/\/now-news.de\/de\/","name":"just-now.NEWS Deutschland","description":"Das Portal f\u00fcr unzensierte Nachrichten aus der Welt","publisher":{"@id":"https:\/\/now-news.de\/de\/#organization"},"potentialAction":[{"@type":"SearchAction","target":{"@type":"EntryPoint","urlTemplate":"https:\/\/now-news.de\/de\/?s={search_term_string}"},"query-input":"required name=search_term_string"}],"inLanguage":"de"},{"@type":"Organization","@id":"https:\/\/now-news.de\/de\/#organization","name":"Just Now News","url":"https:\/\/now-news.de\/de\/","logo":{"@type":"ImageObject","inLanguage":"de","@id":"https:\/\/now-news.de\/de\/#\/schema\/logo\/image\/","url":"http:\/\/just-now.news\/de\/wp-content\/uploads\/sites\/3\/2022\/04\/logo500x500.jpg","contentUrl":"http:\/\/just-now.news\/de\/wp-content\/uploads\/sites\/3\/2022\/04\/logo500x500.jpg","width":500,"height":500,"caption":"Just Now News"},"image":{"@id":"https:\/\/now-news.de\/de\/#\/schema\/logo\/image\/"},"sameAs":["https:\/\/www.facebook.com\/wirmachenauf","https:\/\/x.com\/WirMachenAuf_de"]},{"@type":"Person","@id":"https:\/\/now-news.de\/de\/#\/schema\/person\/fb534a4e865501d8b3285208df34a9b5","name":"rtnews","image":{"@type":"ImageObject","inLanguage":"de","@id":"https:\/\/now-news.de\/de\/#\/schema\/person\/image\/","url":"https:\/\/secure.gravatar.com\/avatar\/82aafea7d8127119dd649515f56e2117?s=96&d=mm&r=g","contentUrl":"https:\/\/secure.gravatar.com\/avatar\/82aafea7d8127119dd649515f56e2117?s=96&d=mm&r=g","caption":"rtnews"},"url":"https:\/\/now-news.de\/de\/author\/rnews\/"}]}},"_links":{"self":[{"href":"https:\/\/now-news.de\/de\/wp-json\/wp\/v2\/posts\/40534"}],"collection":[{"href":"https:\/\/now-news.de\/de\/wp-json\/wp\/v2\/posts"}],"about":[{"href":"https:\/\/now-news.de\/de\/wp-json\/wp\/v2\/types\/post"}],"author":[{"embeddable":true,"href":"https:\/\/now-news.de\/de\/wp-json\/wp\/v2\/users\/3"}],"replies":[{"embeddable":true,"href":"https:\/\/now-news.de\/de\/wp-json\/wp\/v2\/comments?post=40534"}],"version-history":[{"count":0,"href":"https:\/\/now-news.de\/de\/wp-json\/wp\/v2\/posts\/40534\/revisions"}],"wp:featuredmedia":[{"embeddable":true,"href":"https:\/\/now-news.de\/de\/wp-json\/wp\/v2\/media\/40535"}],"wp:attachment":[{"href":"https:\/\/now-news.de\/de\/wp-json\/wp\/v2\/media?parent=40534"}],"wp:term":[{"taxonomy":"category","embeddable":true,"href":"https:\/\/now-news.de\/de\/wp-json\/wp\/v2\/categories?post=40534"},{"taxonomy":"post_tag","embeddable":true,"href":"https:\/\/now-news.de\/de\/wp-json\/wp\/v2\/tags?post=40534"}],"curies":[{"name":"wp","href":"https:\/\/api.w.org\/{rel}","templated":true}]}}