{"id":40526,"date":"2023-07-20T14:13:48","date_gmt":"2023-07-20T12:13:48","guid":{"rendered":"https:\/\/just-now.news\/de\/deutschland\/fuenf-eu-laender-pochen-auf-verlaengerung-des-einfuhrverbots-fuer-ukrainisches-getreide\/"},"modified":"2023-07-20T14:13:48","modified_gmt":"2023-07-20T12:13:48","slug":"fuenf-eu-laender-pochen-auf-verlaengerung-des-einfuhrverbots-fuer-ukrainisches-getreide","status":"publish","type":"post","link":"https:\/\/now-news.de\/de\/deutschland\/fuenf-eu-laender-pochen-auf-verlaengerung-des-einfuhrverbots-fuer-ukrainisches-getreide\/","title":{"rendered":"F\u00fcnf EU-L\u00e4nder pochen auf Verl\u00e4ngerung des Einfuhrverbots f\u00fcr ukrainisches Getreide"},"content":{"rendered":"<p><img decoding=\"async\" src=\"http:\/\/just-now.news\/de\/wp-content\/uploads\/sites\/3\/2023\/07\/64b91f6db480cc387616e2d5.jpg\" \/><\/p>\n<div class=\"Text-root Text-type_1 \">\n                Die Verordnung, gem\u00e4\u00df der die Lieferungen von ukrainischem Getreide in die EU blockiert werden, wird im September auslaufen. Doch nun dr\u00e4ngen einige Nachbarl\u00e4nder der Ukraine auf die Verl\u00e4ngerung des Einfuhrverbots.\n            <\/div>\n<p><\/p>\n<div class=\"Text-root Text-type_5 ArticleView-text ViewText-root \">\n<p>F\u00fcnf EU-Mitgliedstaaten werden die EU-Kommission in Br\u00fcssel um eine Verl\u00e4ngerung des Einfuhrverbots f\u00fcr ukrainisches Getreide bitten, sagte der polnische Landwirtschaftsminister Robert Telus am Mittwoch nach einem Treffen mit Vertretern aus Ungarn, der Slowakei, Rum\u00e4nien und Bulgarien.<\/p>\n<p>Nach Angaben der Nachrichtenagentur <em>Reuters<\/em> unterzeichneten Telus und seine Amtskollegen aus den vier L\u00e4ndern eine gemeinsame Erkl\u00e4rung \u00fcber die Forderung nach Verl\u00e4ngerung des Verbots bis mindestens Ende des Jahres, die sie in Gespr\u00e4chen mit der Europ\u00e4ischen Kommission dieser vorlegen werden. <em>Reuters<\/em> zitiert Telus mit den Worten:<\/p>\n<blockquote>\n<p><em>&#8220;In der Vereinbarung ist aber auch unsere gemeinsame Erkl\u00e4rung enthalten, dass wir sehr offen f\u00fcr den Transit sind.&#8221;<\/em><\/p>\n<\/blockquote>\n<p>Der polnische Ministerpr\u00e4sident Mateusz Morawiecki warnte unterdessen, dass sein Land einseitig Produkte aus der Ukraine verbieten k\u00f6nne, wenn die EU-Kommission keine Mechanismen und Vorschriften zum Schutz der polnischen Landwirte nach Ablauf des offiziellen EU-Verbots einf\u00fchrt.<\/p>\n<p>Die f\u00fcnf EU-Mitgliedstaaten erhalten Beschr\u00e4nkungen f\u00fcr die Einfuhr von ukrainischem Weizen, Mais, Raps und Sonnenblumen\u00f6l aufrecht. Die Beschr\u00e4nkungen wurden in Br\u00fcssel seit Mai eingef\u00fchrt, um die EU-Landwirte vor dem Zustrom des billigen ukrainischen Getreides zu sch\u00fctzen, das die M\u00e4rkte \u00fcberschwemmte, nachdem die EU die Z\u00f6lle nach dem Beginn der russischen Milit\u00e4roperation im vergangenen Jahr ausgesetzt hatte. Das Embargo erlaubt weiterhin den Transit ukrainischen Getreides durch die f\u00fcnf L\u00e4nder und soll am 15. September auslaufen.<\/p>\n<p>Nach der Beendigung der Schwarzmeer-Initiative \u2013 einer von den Vereinten Nationen ausgehandelten Vereinbarung zwischen der Ukraine und Russland, die den Transport ukrainischen Getreides \u00fcber das Schwarze Meer erm\u00f6glichte \u2013 besteht nun jedoch die Sorge, dass ukrainische Erzeugnisse erneut auf die M\u00e4rkte dieser L\u00e4nder gelangen k\u00f6nnten.<\/p>\n<p>Der ungarische Landwirtschaftsminister Istv\u00e1n Nagy erkl\u00e4rte in der vergangenen Woche, dass die Aufrechterhaltung des Einfuhrverbots f\u00fcr ukrainisches Getreide &#8220;der einzige Weg sei, die Interessen der europ\u00e4ischen Landwirte zu sch\u00fctzen&#8221;.<\/p>\n<p>Der slowakische Landwirtschaftsminister Jozef B\u00edre\u0161 sagte am Montag auf einer Pressekonferenz, dass die f\u00fcnf Staaten an einer offiziellen Erkl\u00e4rung f\u00fcr die EU-Kommission arbeiteten, um &#8220;unsere spezifische Situation zu ber\u00fccksichtigen&#8221; und die Beschr\u00e4nkungen zu verl\u00e4ngern sowie auf andere Produkte auszuweiten.<\/p>\n<p>&#8220;Wir unterst\u00fctzen die Ukraine in jeder Hinsicht, aber unter der Bedingung, dass Lebensmittelimporte den Binnenmarkt nicht verzerren d\u00fcrfen&#8221;, sagte Bires.<\/p>\n<p><strong>Mehr zum Thema<\/strong> \u2013 <a rel=\"nofollow noopener\" target=\"_blank\" href=\"https:\/\/freeassange.rtde.life\/europa\/175694-bruesseler-doppelmoral-getreideabkommen-und-hunger\/\">Br\u00fcsseler Doppelmoral: Das Getreideabkommen und der Hunger<\/a><\/p>\n<div class=\"EmbedBlock-root EmbedBlock-externalVideo EmbedBlock-odysee\">\n<div class=\"VkEmbed\"><iframe class=\"lazyload\" data-src=\"https:\/\/odysee.com\/%24\/embed\/%40RTDE%3Ae%2FPutin_zieht_R%C3%BCckkehr_zum_Getreideabkommen_in_Betracht%3A2\" frameborder=\"0\" width=\"853\" height=\"480\" allowfullscreen><\/iframe><\/div>\n<\/div>\n<\/div>\n<p><br \/>\n<br \/><a href=\"https:\/\/de.rt.com\/europa\/175767-fuenf-eu-laender-pochen-auf-verlaengerung-von-einfuhrverbot-fuer-ukrainisches-getreide\/\">Source link <\/a><\/p>\n","protected":false},"excerpt":{"rendered":"<p>Die Verordnung, gem\u00e4\u00df der die Lieferungen von ukrainischem Getreide in die EU blockiert werden, wird im September auslaufen. Doch nun dr\u00e4ngen einige Nachbarl\u00e4nder der Ukraine auf die Verl\u00e4ngerung des Einfuhrverbots. F\u00fcnf EU-Mitgliedstaaten werden die EU-Kommission in Br\u00fcssel um eine Verl\u00e4ngerung des Einfuhrverbots f\u00fcr ukrainisches Getreide bitten, sagte der polnische Landwirtschaftsminister Robert Telus am Mittwoch nach [&hellip;]<\/p>\n","protected":false},"author":3,"featured_media":40527,"comment_status":"open","ping_status":"open","sticky":false,"template":"","format":"standard","meta":{"_yoast_indexnow_last_ping":["1689860945"],"wp_automatic_camp":["217"],"ab73f8d3591485ba534b979837752605":["F\u00fcnf EU-L\u00e4nder pochen auf Verl\u00e4ngerung des Einfuhrverbots f\u00fcr ukrainisches Getreide"],"original_link":["https:\/\/de.rt.com\/europa\/175767-fuenf-eu-laender-pochen-auf-verlaengerung-von-einfuhrverbot-fuer-ukrainisches-getreide\/"],"_thumbnail_id":["40527"],"_wptgpro_p2tg_sent2tg":["a:1:{i:23737;s:19:\"2023-07-20 15:50:19\";}"],"jnews_social_counter_last_update":["1777579417"]},"categories":[19,23],"tags":[133,583,46952,11635,4905,221,21610,46951,4028,23093],"yoast_head":"<!-- This site is optimized with the Yoast SEO Premium plugin v22.7 (Yoast SEO v22.7) - https:\/\/yoast.com\/wordpress\/plugins\/seo\/ -->\n<title>F\u00fcnf EU-L\u00e4nder pochen auf Verl\u00e4ngerung des Einfuhrverbots f\u00fcr ukrainisches Getreide - just-now.NEWS Deutschland<\/title>\n<meta name=\"robots\" content=\"index, follow, max-snippet:-1, max-image-preview:large, max-video-preview:-1\" \/>\n<link rel=\"canonical\" href=\"https:\/\/now-news.de\/de\/deutschland\/fuenf-eu-laender-pochen-auf-verlaengerung-des-einfuhrverbots-fuer-ukrainisches-getreide\/\" \/>\n<meta property=\"og:locale\" content=\"de_DE\" \/>\n<meta property=\"og:type\" content=\"article\" \/>\n<meta property=\"og:title\" content=\"F\u00fcnf EU-L\u00e4nder pochen auf Verl\u00e4ngerung des Einfuhrverbots f\u00fcr ukrainisches Getreide\" \/>\n<meta property=\"og:description\" content=\"Die Verordnung, gem\u00e4\u00df der die Lieferungen von ukrainischem Getreide in die EU blockiert werden, wird im September auslaufen. Doch nun dr\u00e4ngen einige Nachbarl\u00e4nder der Ukraine auf die Verl\u00e4ngerung des Einfuhrverbots. F\u00fcnf EU-Mitgliedstaaten werden die EU-Kommission in Br\u00fcssel um eine Verl\u00e4ngerung des Einfuhrverbots f\u00fcr ukrainisches Getreide bitten, sagte der polnische Landwirtschaftsminister Robert Telus am Mittwoch nach [&hellip;]\" \/>\n<meta property=\"og:url\" content=\"https:\/\/now-news.de\/de\/deutschland\/fuenf-eu-laender-pochen-auf-verlaengerung-des-einfuhrverbots-fuer-ukrainisches-getreide\/\" \/>\n<meta property=\"og:site_name\" content=\"just-now.NEWS Deutschland\" \/>\n<meta property=\"article:publisher\" content=\"https:\/\/www.facebook.com\/wirmachenauf\" \/>\n<meta property=\"article:published_time\" content=\"2023-07-20T12:13:48+00:00\" \/>\n<meta property=\"og:image\" content=\"https:\/\/now-news.de\/de\/wp-content\/uploads\/sites\/3\/2023\/07\/Fuenf-EU-Laender-pochen-auf-Verlaengerung-des-Einfuhrverbots-fuer-ukrainisches-Getreide.jpg\" \/>\n\t<meta property=\"og:image:width\" content=\"460\" \/>\n\t<meta property=\"og:image:height\" content=\"259\" \/>\n\t<meta property=\"og:image:type\" content=\"image\/jpeg\" \/>\n<meta name=\"author\" content=\"rtnews\" \/>\n<meta name=\"twitter:card\" content=\"summary_large_image\" \/>\n<meta name=\"twitter:creator\" content=\"@WirMachenAuf_de\" \/>\n<meta name=\"twitter:site\" content=\"@WirMachenAuf_de\" \/>\n<meta name=\"twitter:label1\" content=\"Verfasst von\" \/>\n\t<meta name=\"twitter:data1\" content=\"rtnews\" \/>\n\t<meta name=\"twitter:label2\" content=\"Gesch\u00e4tzte Lesezeit\" \/>\n\t<meta name=\"twitter:data2\" content=\"2\u00a0Minuten\" \/>\n<script type=\"application\/ld+json\" class=\"yoast-schema-graph\">{\"@context\":\"https:\/\/schema.org\",\"@graph\":[{\"@type\":\"Article\",\"@id\":\"https:\/\/now-news.de\/de\/deutschland\/fuenf-eu-laender-pochen-auf-verlaengerung-des-einfuhrverbots-fuer-ukrainisches-getreide\/#article\",\"isPartOf\":{\"@id\":\"https:\/\/now-news.de\/de\/deutschland\/fuenf-eu-laender-pochen-auf-verlaengerung-des-einfuhrverbots-fuer-ukrainisches-getreide\/\"},\"author\":{\"name\":\"rtnews\",\"@id\":\"https:\/\/now-news.de\/de\/#\/schema\/person\/fb534a4e865501d8b3285208df34a9b5\"},\"headline\":\"F\u00fcnf EU-L\u00e4nder pochen auf Verl\u00e4ngerung des Einfuhrverbots f\u00fcr ukrainisches Getreide\",\"datePublished\":\"2023-07-20T12:13:48+00:00\",\"dateModified\":\"2023-07-20T12:13:48+00:00\",\"mainEntityOfPage\":{\"@id\":\"https:\/\/now-news.de\/de\/deutschland\/fuenf-eu-laender-pochen-auf-verlaengerung-des-einfuhrverbots-fuer-ukrainisches-getreide\/\"},\"wordCount\":446,\"commentCount\":0,\"publisher\":{\"@id\":\"https:\/\/now-news.de\/de\/#organization\"},\"image\":{\"@id\":\"https:\/\/now-news.de\/de\/deutschland\/fuenf-eu-laender-pochen-auf-verlaengerung-des-einfuhrverbots-fuer-ukrainisches-getreide\/#primaryimage\"},\"thumbnailUrl\":\"https:\/\/now-news.de\/de\/wp-content\/uploads\/sites\/3\/2023\/07\/Fuenf-EU-Laender-pochen-auf-Verlaengerung-des-Einfuhrverbots-fuer-ukrainisches-Getreide.jpg\",\"keywords\":[\"AUF\",\"des\",\"Einfuhrverbots\",\"EUL\u00e4nder\",\"f\u00fcnf\",\"f\u00fcr\",\"Getreide\",\"pochen\",\"Ukrainisches\",\"Verl\u00e4ngerung\"],\"articleSection\":[\"Deutschland\",\"Russland\"],\"inLanguage\":\"de\",\"potentialAction\":[{\"@type\":\"CommentAction\",\"name\":\"Comment\",\"target\":[\"https:\/\/now-news.de\/de\/deutschland\/fuenf-eu-laender-pochen-auf-verlaengerung-des-einfuhrverbots-fuer-ukrainisches-getreide\/#respond\"]}]},{\"@type\":\"WebPage\",\"@id\":\"https:\/\/now-news.de\/de\/deutschland\/fuenf-eu-laender-pochen-auf-verlaengerung-des-einfuhrverbots-fuer-ukrainisches-getreide\/\",\"url\":\"https:\/\/now-news.de\/de\/deutschland\/fuenf-eu-laender-pochen-auf-verlaengerung-des-einfuhrverbots-fuer-ukrainisches-getreide\/\",\"name\":\"F\u00fcnf EU-L\u00e4nder pochen auf Verl\u00e4ngerung des Einfuhrverbots f\u00fcr ukrainisches Getreide - just-now.NEWS Deutschland\",\"isPartOf\":{\"@id\":\"https:\/\/now-news.de\/de\/#website\"},\"primaryImageOfPage\":{\"@id\":\"https:\/\/now-news.de\/de\/deutschland\/fuenf-eu-laender-pochen-auf-verlaengerung-des-einfuhrverbots-fuer-ukrainisches-getreide\/#primaryimage\"},\"image\":{\"@id\":\"https:\/\/now-news.de\/de\/deutschland\/fuenf-eu-laender-pochen-auf-verlaengerung-des-einfuhrverbots-fuer-ukrainisches-getreide\/#primaryimage\"},\"thumbnailUrl\":\"https:\/\/now-news.de\/de\/wp-content\/uploads\/sites\/3\/2023\/07\/Fuenf-EU-Laender-pochen-auf-Verlaengerung-des-Einfuhrverbots-fuer-ukrainisches-Getreide.jpg\",\"datePublished\":\"2023-07-20T12:13:48+00:00\",\"dateModified\":\"2023-07-20T12:13:48+00:00\",\"breadcrumb\":{\"@id\":\"https:\/\/now-news.de\/de\/deutschland\/fuenf-eu-laender-pochen-auf-verlaengerung-des-einfuhrverbots-fuer-ukrainisches-getreide\/#breadcrumb\"},\"inLanguage\":\"de\",\"potentialAction\":[{\"@type\":\"ReadAction\",\"target\":[\"https:\/\/now-news.de\/de\/deutschland\/fuenf-eu-laender-pochen-auf-verlaengerung-des-einfuhrverbots-fuer-ukrainisches-getreide\/\"]}]},{\"@type\":\"ImageObject\",\"inLanguage\":\"de\",\"@id\":\"https:\/\/now-news.de\/de\/deutschland\/fuenf-eu-laender-pochen-auf-verlaengerung-des-einfuhrverbots-fuer-ukrainisches-getreide\/#primaryimage\",\"url\":\"https:\/\/now-news.de\/de\/wp-content\/uploads\/sites\/3\/2023\/07\/Fuenf-EU-Laender-pochen-auf-Verlaengerung-des-Einfuhrverbots-fuer-ukrainisches-Getreide.jpg\",\"contentUrl\":\"https:\/\/now-news.de\/de\/wp-content\/uploads\/sites\/3\/2023\/07\/Fuenf-EU-Laender-pochen-auf-Verlaengerung-des-Einfuhrverbots-fuer-ukrainisches-Getreide.jpg\",\"width\":460,\"height\":259,\"caption\":\"F\u00fcnf EU-L\u00e4nder pochen auf Verl\u00e4ngerung des Einfuhrverbots f\u00fcr ukrainisches Getreide\"},{\"@type\":\"BreadcrumbList\",\"@id\":\"https:\/\/now-news.de\/de\/deutschland\/fuenf-eu-laender-pochen-auf-verlaengerung-des-einfuhrverbots-fuer-ukrainisches-getreide\/#breadcrumb\",\"itemListElement\":[{\"@type\":\"ListItem\",\"position\":1,\"name\":\"Home\",\"item\":\"https:\/\/now-news.de\/de\/\"},{\"@type\":\"ListItem\",\"position\":2,\"name\":\"F\u00fcnf EU-L\u00e4nder pochen auf Verl\u00e4ngerung des Einfuhrverbots f\u00fcr ukrainisches Getreide\"}]},{\"@type\":\"WebSite\",\"@id\":\"https:\/\/now-news.de\/de\/#website\",\"url\":\"https:\/\/now-news.de\/de\/\",\"name\":\"just-now.NEWS Deutschland\",\"description\":\"Das Portal f\u00fcr unzensierte Nachrichten aus der Welt\",\"publisher\":{\"@id\":\"https:\/\/now-news.de\/de\/#organization\"},\"potentialAction\":[{\"@type\":\"SearchAction\",\"target\":{\"@type\":\"EntryPoint\",\"urlTemplate\":\"https:\/\/now-news.de\/de\/?s={search_term_string}\"},\"query-input\":\"required name=search_term_string\"}],\"inLanguage\":\"de\"},{\"@type\":\"Organization\",\"@id\":\"https:\/\/now-news.de\/de\/#organization\",\"name\":\"Just Now News\",\"url\":\"https:\/\/now-news.de\/de\/\",\"logo\":{\"@type\":\"ImageObject\",\"inLanguage\":\"de\",\"@id\":\"https:\/\/now-news.de\/de\/#\/schema\/logo\/image\/\",\"url\":\"http:\/\/just-now.news\/de\/wp-content\/uploads\/sites\/3\/2022\/04\/logo500x500.jpg\",\"contentUrl\":\"http:\/\/just-now.news\/de\/wp-content\/uploads\/sites\/3\/2022\/04\/logo500x500.jpg\",\"width\":500,\"height\":500,\"caption\":\"Just Now News\"},\"image\":{\"@id\":\"https:\/\/now-news.de\/de\/#\/schema\/logo\/image\/\"},\"sameAs\":[\"https:\/\/www.facebook.com\/wirmachenauf\",\"https:\/\/x.com\/WirMachenAuf_de\"]},{\"@type\":\"Person\",\"@id\":\"https:\/\/now-news.de\/de\/#\/schema\/person\/fb534a4e865501d8b3285208df34a9b5\",\"name\":\"rtnews\",\"image\":{\"@type\":\"ImageObject\",\"inLanguage\":\"de\",\"@id\":\"https:\/\/now-news.de\/de\/#\/schema\/person\/image\/\",\"url\":\"https:\/\/secure.gravatar.com\/avatar\/82aafea7d8127119dd649515f56e2117?s=96&d=mm&r=g\",\"contentUrl\":\"https:\/\/secure.gravatar.com\/avatar\/82aafea7d8127119dd649515f56e2117?s=96&d=mm&r=g\",\"caption\":\"rtnews\"},\"url\":\"https:\/\/now-news.de\/de\/author\/rnews\/\"}]}<\/script>\n<!-- \/ Yoast SEO Premium plugin. -->","yoast_head_json":{"title":"F\u00fcnf EU-L\u00e4nder pochen auf Verl\u00e4ngerung des Einfuhrverbots f\u00fcr ukrainisches Getreide - just-now.NEWS Deutschland","robots":{"index":"index","follow":"follow","max-snippet":"max-snippet:-1","max-image-preview":"max-image-preview:large","max-video-preview":"max-video-preview:-1"},"canonical":"https:\/\/now-news.de\/de\/deutschland\/fuenf-eu-laender-pochen-auf-verlaengerung-des-einfuhrverbots-fuer-ukrainisches-getreide\/","og_locale":"de_DE","og_type":"article","og_title":"F\u00fcnf EU-L\u00e4nder pochen auf Verl\u00e4ngerung des Einfuhrverbots f\u00fcr ukrainisches Getreide","og_description":"Die Verordnung, gem\u00e4\u00df der die Lieferungen von ukrainischem Getreide in die EU blockiert werden, wird im September auslaufen. Doch nun dr\u00e4ngen einige Nachbarl\u00e4nder der Ukraine auf die Verl\u00e4ngerung des Einfuhrverbots. F\u00fcnf EU-Mitgliedstaaten werden die EU-Kommission in Br\u00fcssel um eine Verl\u00e4ngerung des Einfuhrverbots f\u00fcr ukrainisches Getreide bitten, sagte der polnische Landwirtschaftsminister Robert Telus am Mittwoch nach [&hellip;]","og_url":"https:\/\/now-news.de\/de\/deutschland\/fuenf-eu-laender-pochen-auf-verlaengerung-des-einfuhrverbots-fuer-ukrainisches-getreide\/","og_site_name":"just-now.NEWS Deutschland","article_publisher":"https:\/\/www.facebook.com\/wirmachenauf","article_published_time":"2023-07-20T12:13:48+00:00","og_image":[{"width":460,"height":259,"url":"https:\/\/now-news.de\/de\/wp-content\/uploads\/sites\/3\/2023\/07\/Fuenf-EU-Laender-pochen-auf-Verlaengerung-des-Einfuhrverbots-fuer-ukrainisches-Getreide.jpg","type":"image\/jpeg"}],"author":"rtnews","twitter_card":"summary_large_image","twitter_creator":"@WirMachenAuf_de","twitter_site":"@WirMachenAuf_de","twitter_misc":{"Verfasst von":"rtnews","Gesch\u00e4tzte Lesezeit":"2\u00a0Minuten"},"schema":{"@context":"https:\/\/schema.org","@graph":[{"@type":"Article","@id":"https:\/\/now-news.de\/de\/deutschland\/fuenf-eu-laender-pochen-auf-verlaengerung-des-einfuhrverbots-fuer-ukrainisches-getreide\/#article","isPartOf":{"@id":"https:\/\/now-news.de\/de\/deutschland\/fuenf-eu-laender-pochen-auf-verlaengerung-des-einfuhrverbots-fuer-ukrainisches-getreide\/"},"author":{"name":"rtnews","@id":"https:\/\/now-news.de\/de\/#\/schema\/person\/fb534a4e865501d8b3285208df34a9b5"},"headline":"F\u00fcnf EU-L\u00e4nder pochen auf Verl\u00e4ngerung des Einfuhrverbots f\u00fcr ukrainisches Getreide","datePublished":"2023-07-20T12:13:48+00:00","dateModified":"2023-07-20T12:13:48+00:00","mainEntityOfPage":{"@id":"https:\/\/now-news.de\/de\/deutschland\/fuenf-eu-laender-pochen-auf-verlaengerung-des-einfuhrverbots-fuer-ukrainisches-getreide\/"},"wordCount":446,"commentCount":0,"publisher":{"@id":"https:\/\/now-news.de\/de\/#organization"},"image":{"@id":"https:\/\/now-news.de\/de\/deutschland\/fuenf-eu-laender-pochen-auf-verlaengerung-des-einfuhrverbots-fuer-ukrainisches-getreide\/#primaryimage"},"thumbnailUrl":"https:\/\/now-news.de\/de\/wp-content\/uploads\/sites\/3\/2023\/07\/Fuenf-EU-Laender-pochen-auf-Verlaengerung-des-Einfuhrverbots-fuer-ukrainisches-Getreide.jpg","keywords":["AUF","des","Einfuhrverbots","EUL\u00e4nder","f\u00fcnf","f\u00fcr","Getreide","pochen","Ukrainisches","Verl\u00e4ngerung"],"articleSection":["Deutschland","Russland"],"inLanguage":"de","potentialAction":[{"@type":"CommentAction","name":"Comment","target":["https:\/\/now-news.de\/de\/deutschland\/fuenf-eu-laender-pochen-auf-verlaengerung-des-einfuhrverbots-fuer-ukrainisches-getreide\/#respond"]}]},{"@type":"WebPage","@id":"https:\/\/now-news.de\/de\/deutschland\/fuenf-eu-laender-pochen-auf-verlaengerung-des-einfuhrverbots-fuer-ukrainisches-getreide\/","url":"https:\/\/now-news.de\/de\/deutschland\/fuenf-eu-laender-pochen-auf-verlaengerung-des-einfuhrverbots-fuer-ukrainisches-getreide\/","name":"F\u00fcnf EU-L\u00e4nder pochen auf Verl\u00e4ngerung des Einfuhrverbots f\u00fcr ukrainisches Getreide - just-now.NEWS Deutschland","isPartOf":{"@id":"https:\/\/now-news.de\/de\/#website"},"primaryImageOfPage":{"@id":"https:\/\/now-news.de\/de\/deutschland\/fuenf-eu-laender-pochen-auf-verlaengerung-des-einfuhrverbots-fuer-ukrainisches-getreide\/#primaryimage"},"image":{"@id":"https:\/\/now-news.de\/de\/deutschland\/fuenf-eu-laender-pochen-auf-verlaengerung-des-einfuhrverbots-fuer-ukrainisches-getreide\/#primaryimage"},"thumbnailUrl":"https:\/\/now-news.de\/de\/wp-content\/uploads\/sites\/3\/2023\/07\/Fuenf-EU-Laender-pochen-auf-Verlaengerung-des-Einfuhrverbots-fuer-ukrainisches-Getreide.jpg","datePublished":"2023-07-20T12:13:48+00:00","dateModified":"2023-07-20T12:13:48+00:00","breadcrumb":{"@id":"https:\/\/now-news.de\/de\/deutschland\/fuenf-eu-laender-pochen-auf-verlaengerung-des-einfuhrverbots-fuer-ukrainisches-getreide\/#breadcrumb"},"inLanguage":"de","potentialAction":[{"@type":"ReadAction","target":["https:\/\/now-news.de\/de\/deutschland\/fuenf-eu-laender-pochen-auf-verlaengerung-des-einfuhrverbots-fuer-ukrainisches-getreide\/"]}]},{"@type":"ImageObject","inLanguage":"de","@id":"https:\/\/now-news.de\/de\/deutschland\/fuenf-eu-laender-pochen-auf-verlaengerung-des-einfuhrverbots-fuer-ukrainisches-getreide\/#primaryimage","url":"https:\/\/now-news.de\/de\/wp-content\/uploads\/sites\/3\/2023\/07\/Fuenf-EU-Laender-pochen-auf-Verlaengerung-des-Einfuhrverbots-fuer-ukrainisches-Getreide.jpg","contentUrl":"https:\/\/now-news.de\/de\/wp-content\/uploads\/sites\/3\/2023\/07\/Fuenf-EU-Laender-pochen-auf-Verlaengerung-des-Einfuhrverbots-fuer-ukrainisches-Getreide.jpg","width":460,"height":259,"caption":"F\u00fcnf EU-L\u00e4nder pochen auf Verl\u00e4ngerung des Einfuhrverbots f\u00fcr ukrainisches Getreide"},{"@type":"BreadcrumbList","@id":"https:\/\/now-news.de\/de\/deutschland\/fuenf-eu-laender-pochen-auf-verlaengerung-des-einfuhrverbots-fuer-ukrainisches-getreide\/#breadcrumb","itemListElement":[{"@type":"ListItem","position":1,"name":"Home","item":"https:\/\/now-news.de\/de\/"},{"@type":"ListItem","position":2,"name":"F\u00fcnf EU-L\u00e4nder pochen auf Verl\u00e4ngerung des Einfuhrverbots f\u00fcr ukrainisches Getreide"}]},{"@type":"WebSite","@id":"https:\/\/now-news.de\/de\/#website","url":"https:\/\/now-news.de\/de\/","name":"just-now.NEWS Deutschland","description":"Das Portal f\u00fcr unzensierte Nachrichten aus der Welt","publisher":{"@id":"https:\/\/now-news.de\/de\/#organization"},"potentialAction":[{"@type":"SearchAction","target":{"@type":"EntryPoint","urlTemplate":"https:\/\/now-news.de\/de\/?s={search_term_string}"},"query-input":"required name=search_term_string"}],"inLanguage":"de"},{"@type":"Organization","@id":"https:\/\/now-news.de\/de\/#organization","name":"Just Now News","url":"https:\/\/now-news.de\/de\/","logo":{"@type":"ImageObject","inLanguage":"de","@id":"https:\/\/now-news.de\/de\/#\/schema\/logo\/image\/","url":"http:\/\/just-now.news\/de\/wp-content\/uploads\/sites\/3\/2022\/04\/logo500x500.jpg","contentUrl":"http:\/\/just-now.news\/de\/wp-content\/uploads\/sites\/3\/2022\/04\/logo500x500.jpg","width":500,"height":500,"caption":"Just Now News"},"image":{"@id":"https:\/\/now-news.de\/de\/#\/schema\/logo\/image\/"},"sameAs":["https:\/\/www.facebook.com\/wirmachenauf","https:\/\/x.com\/WirMachenAuf_de"]},{"@type":"Person","@id":"https:\/\/now-news.de\/de\/#\/schema\/person\/fb534a4e865501d8b3285208df34a9b5","name":"rtnews","image":{"@type":"ImageObject","inLanguage":"de","@id":"https:\/\/now-news.de\/de\/#\/schema\/person\/image\/","url":"https:\/\/secure.gravatar.com\/avatar\/82aafea7d8127119dd649515f56e2117?s=96&d=mm&r=g","contentUrl":"https:\/\/secure.gravatar.com\/avatar\/82aafea7d8127119dd649515f56e2117?s=96&d=mm&r=g","caption":"rtnews"},"url":"https:\/\/now-news.de\/de\/author\/rnews\/"}]}},"_links":{"self":[{"href":"https:\/\/now-news.de\/de\/wp-json\/wp\/v2\/posts\/40526"}],"collection":[{"href":"https:\/\/now-news.de\/de\/wp-json\/wp\/v2\/posts"}],"about":[{"href":"https:\/\/now-news.de\/de\/wp-json\/wp\/v2\/types\/post"}],"author":[{"embeddable":true,"href":"https:\/\/now-news.de\/de\/wp-json\/wp\/v2\/users\/3"}],"replies":[{"embeddable":true,"href":"https:\/\/now-news.de\/de\/wp-json\/wp\/v2\/comments?post=40526"}],"version-history":[{"count":0,"href":"https:\/\/now-news.de\/de\/wp-json\/wp\/v2\/posts\/40526\/revisions"}],"wp:featuredmedia":[{"embeddable":true,"href":"https:\/\/now-news.de\/de\/wp-json\/wp\/v2\/media\/40527"}],"wp:attachment":[{"href":"https:\/\/now-news.de\/de\/wp-json\/wp\/v2\/media?parent=40526"}],"wp:term":[{"taxonomy":"category","embeddable":true,"href":"https:\/\/now-news.de\/de\/wp-json\/wp\/v2\/categories?post=40526"},{"taxonomy":"post_tag","embeddable":true,"href":"https:\/\/now-news.de\/de\/wp-json\/wp\/v2\/tags?post=40526"}],"curies":[{"name":"wp","href":"https:\/\/api.w.org\/{rel}","templated":true}]}}