{"id":40508,"date":"2023-07-20T11:48:18","date_gmt":"2023-07-20T09:48:18","guid":{"rendered":"https:\/\/just-now.news\/de\/deutschland\/protest-gegen-koranverbrennungen-schwedische-botschaft-im-irak-gestuermt-und-in-brand-gesetzt\/"},"modified":"2023-07-20T11:48:18","modified_gmt":"2023-07-20T09:48:18","slug":"protest-gegen-koranverbrennungen-schwedische-botschaft-im-irak-gestuermt-und-in-brand-gesetzt","status":"publish","type":"post","link":"https:\/\/now-news.de\/de\/deutschland\/protest-gegen-koranverbrennungen-schwedische-botschaft-im-irak-gestuermt-und-in-brand-gesetzt\/","title":{"rendered":"Protest gegen Koranverbrennungen: Schwedische Botschaft im Irak gest\u00fcrmt und in Brand gesetzt"},"content":{"rendered":"<p><img decoding=\"async\" src=\"http:\/\/just-now.news\/de\/wp-content\/uploads\/sites\/3\/2023\/07\/64b8fd1148fbef34806d0657.jpg\" \/><\/p>\n<div class=\"Text-root Text-type_1 \">\n                Mutma\u00dflich infolge der Ank\u00fcndigung einer weiteren Koranverbrennung in Schweden haben Demonstranten im Irak die Botschaft des Landes gest\u00fcrmt und dort Feuer gelegt. Viele kletterten \u00fcber Absperrungen und riefen Parolen wie &#8220;Ja, ja zum Koran&#8221;. Videos zeigten Br\u00e4nde und Rauchwolken.\n            <\/div>\n<p><\/p>\n<div class=\"Text-root Text-type_5 ArticleView-text ViewText-root \">\n<p>Eine gro\u00dfe Menschenmenge hat am Donnerstagmorgen die schwedische Botschaft im Irak gest\u00fcrmt und das Geb\u00e4ude in Brand gesetzt, um gegen eine in Schweden offiziell genehmigte Koranverbrennung zu protestieren, die vor der irakischen Botschaft in Stockholm geplant war.<\/p>\n<p>Hunderte von Menschen str\u00f6mten am Donnerstag in den fr\u00fchen Morgenstunden zu der diplomatischen Vertretung, nachdem der einflussreiche schiitische Geistliche Muqtada al-Sadr seine Anh\u00e4nger zu einer Demonstration aufgerufen hatte, wie die Nachrichtenagentur <em>Reuters<\/em> berichtet.<\/p>\n<p>Im Internet kursieren Filmaufnahmen, die angeblich den Moment zeigen, in dem die Randalierer die Botschaft st\u00fcrmten.<\/p>\n<p>Auf anderen Videos waren Br\u00e4nde und Qualm zu sehen, schwarze Rauchschwaden quollen aus den Fenstern der Botschaft, w\u00e4hrend die Demonstranten Parolen skandierten.<\/p>\n<div class=\"EmbedBlock-root EmbedBlock-twitter\">\n<div class=\"TwitterEmbed\">\n<blockquote class=\"twitter-tweet lazyload\" data-twitter=\"twitter-tweet\">\n<p lang=\"en\" dir=\"ltr\">BREAKING: Protesters storm Swedish Embassy in Baghdad and set it on fire in response to Stockholm Quran burning <a rel=\"nofollow noopener\" target=\"_blank\" href=\"https:\/\/t.co\/D8wGvLLoId\">pic.twitter.com\/D8wGvLLoId<\/a><\/p>\n<p>\u2014 BNO News (@BNONews) <a rel=\"nofollow noopener\" target=\"_blank\" href=\"https:\/\/twitter.com\/BNONews\/status\/1681817763243802625?ref_src=twsrc%5Etfw\">July 20, 2023<\/a><\/p><\/blockquote>\n<\/div>\n<\/div>\n<p>Eine von <em>Reuters<\/em> zitierte Quelle sagte, dass kein Botschaftsmitarbeiter w\u00e4hrend der Proteste verletzt worden sei, nannte aber keine weiteren Einzelheiten.<\/p>\n<div class=\"EmbedBlock-root EmbedBlock-twitter\">\n<div class=\"TwitterEmbed\">\n<blockquote class=\"twitter-tweet lazyload\" data-twitter=\"twitter-tweet\">\n<p lang=\"ar\" dir=\"rtl\"><a rel=\"nofollow noopener\" target=\"_blank\" href=\"https:\/\/twitter.com\/hashtag\/%D8%B9%D8%A7%D8%AC%D9%84?src=hash&amp;ref_src=twsrc%5Etfw\">#\u0639\u0627\u062c\u0644<\/a>&#8211; \u0645\u062d\u062a\u062c\u0648\u0646 \u064a\u0636\u0631\u0645\u0648\u0646 \u0627\u0644\u0646\u0627\u0631 \u0628\u0640 <a rel=\"nofollow noopener\" target=\"_blank\" href=\"https:\/\/twitter.com\/hashtag\/%D8%B3%D9%81%D8%A7%D8%B1%D8%A9_%D8%A7%D9%84%D8%B3%D9%88%D9%8A%D8%AF?src=hash&amp;ref_src=twsrc%5Etfw\">#\u0633\u0641\u0627\u0631\u0629_\u0627\u0644\u0633\u0648\u064a\u062f<\/a> \u0641\u064a <a rel=\"nofollow noopener\" target=\"_blank\" href=\"https:\/\/twitter.com\/hashtag\/%D8%A8%D8%BA%D8%AF%D8%A7%D8%AF?src=hash&amp;ref_src=twsrc%5Etfw\">#\u0628\u063a\u062f\u0627\u062f<\/a><a rel=\"nofollow noopener\" target=\"_blank\" href=\"https:\/\/twitter.com\/hashtag\/%D8%A7%D9%84%D8%B3%D9%81%D8%A7%D8%B1%D8%A9_%D8%A7%D9%84%D8%B3%D9%88%D9%8A%D8%AF%D9%8A%D8%A9?src=hash&amp;ref_src=twsrc%5Etfw\">#\u0627\u0644\u0633\u0641\u0627\u0631\u0629_\u0627\u0644\u0633\u0648\u064a\u062f\u064a\u0629<\/a><a rel=\"nofollow noopener\" target=\"_blank\" href=\"https:\/\/twitter.com\/hashtag\/%D8%A8%D8%BA%D8%AF%D8%A7%D8%AF?src=hash&amp;ref_src=twsrc%5Etfw\">#\u0628\u063a\u062f\u0627\u062f<\/a><a rel=\"nofollow noopener\" target=\"_blank\" href=\"https:\/\/t.co\/rpoqKqlfpc\">https:\/\/t.co\/rpoqKqlfpc<\/a><a rel=\"nofollow noopener\" target=\"_blank\" href=\"https:\/\/t.co\/4LVvY3qbwX\">pic.twitter.com\/4LVvY3qbwX<\/a><\/p>\n<p>\u2014 \u062c\u0631\u064a\u062f\u0629 \u0627\u0644\u0646\u0647\u0627\u0631 \u0627\u0644\u0643\u0648\u064a\u062a\u064a\u0629 (@naharkw) <a rel=\"nofollow noopener\" target=\"_blank\" href=\"https:\/\/twitter.com\/naharkw\/status\/1681818060116701186?ref_src=twsrc%5Etfw\">July 20, 2023<\/a><\/p><\/blockquote>\n<\/div>\n<\/div>\n<p>Anlass f\u00fcr die Demonstration war Berichten zufolge die Genehmigung der schwedischen Regierung f\u00fcr eine geplante Koranverbrennung vor der irakischen Botschaft in Stockholm am Donnerstag.<\/p>\n<p>Eine \u00e4hnliche Aktion wurde schon im letzten Monat in Stockholm durchgef\u00fchrt und l\u00f6ste in Bagdad heftige Proteste aus, bei denen eine w\u00fctende Menge auch die schwedische Botschaft st\u00fcrmte.<\/p>\n<p>Die Regierungen mehrerer muslimischer L\u00e4nder, darunter der Irak, die Vereinigten Arabischen Emirate, Jordanien, Marokko und die T\u00fcrkei, haben ebenfalls offiziell gegen die Koranverbrennung protestiert. Al-Sadr forderte unterdessen die Ausweisung des schwedischen Botschafters im Irak mit der Begr\u00fcndung, er vertrete eine &#8220;islamfeindliche Nation&#8221;.<\/p>\n<p>Russland und die Vereinigten Staaten von Amerika haben die Aktion in Stockholm ebenfalls verurteilt, obwohl in Washington, D.C. erkl\u00e4rt wurde, dass die Genehmigung der Aktion mit dem Recht Schwedens auf freie Meinungs\u00e4u\u00dferung vereinbar sei.<\/p>\n<p><strong>Mehr zum Thema<\/strong> \u2013 <a rel=\"nofollow noopener\" target=\"_blank\" href=\"https:\/\/freeassange.rtde.life\/international\/174478-schwedische-polizei-erhaelt-neue-antraege\/\">Schwedische Polizei erh\u00e4lt neue Antr\u00e4ge f\u00fcr Verbrennungsaktionen<\/a><\/p>\n<div class=\"EmbedBlock-root EmbedBlock-externalVideo EmbedBlock-vk\">\n<div class=\"VkEmbed\"><iframe class=\"lazyload\" data-src=\"https:\/\/vk.com\/video_ext.php?oid=-134310637&amp;id=456268098&amp;hash=f15ec4353ca8fa6c\" frameborder=\"0\" width=\"853\" height=\"480\" allowfullscreen><\/iframe><\/div>\n<\/div>\n<\/div>\n<p><script async src=\"https:\/\/platform.twitter.com\/widgets.js\" charset=\"utf-8\"><\/script><br \/>\n<br \/><br \/>\n<br \/><a href=\"https:\/\/de.rt.com\/der-nahe-osten\/175746-protest-gegen-koranverbrennungen-schwedische-botschaft-im-irak-gesuermt-und-in-brand-gesetzt\/\">Source link <\/a><\/p>\n","protected":false},"excerpt":{"rendered":"<p>Mutma\u00dflich infolge der Ank\u00fcndigung einer weiteren Koranverbrennung in Schweden haben Demonstranten im Irak die Botschaft des Landes gest\u00fcrmt und dort Feuer gelegt. Viele kletterten \u00fcber Absperrungen und riefen Parolen wie &#8220;Ja, ja zum Koran&#8221;. Videos zeigten Br\u00e4nde und Rauchwolken. Eine gro\u00dfe Menschenmenge hat am Donnerstagmorgen die schwedische Botschaft im Irak gest\u00fcrmt und das Geb\u00e4ude in [&hellip;]<\/p>\n","protected":false},"author":3,"featured_media":40509,"comment_status":"open","ping_status":"open","sticky":false,"template":"","format":"standard","meta":{"_yoast_indexnow_last_ping":["1689851275"],"wp_automatic_camp":["217"],"29ed02daaf19ca30a0c2b30d27f3c37c":["Protest gegen Koranverbrennungen: Schwedische Botschaft im Irak gest\u00fcrmt und in Brand gesetzt"],"original_link":["https:\/\/de.rt.com\/der-nahe-osten\/175746-protest-gegen-koranverbrennungen-schwedische-botschaft-im-irak-gesuermt-und-in-brand-gesetzt\/"],"_thumbnail_id":["40509"],"_wptgpro_p2tg_sent2tg":["a:1:{i:23737;s:19:\"2023-07-20 13:09:28\";}"],"jnews_social_counter_last_update":["1777760773"]},"categories":[19,23],"tags":[186,5430,278,41385,45768,16849,2474,3823,33568,140],"yoast_head":"<!-- This site is optimized with the Yoast SEO Premium plugin v22.7 (Yoast SEO v22.7) - https:\/\/yoast.com\/wordpress\/plugins\/seo\/ -->\n<title>Protest gegen Koranverbrennungen: Schwedische Botschaft im Irak gest\u00fcrmt und in Brand gesetzt - just-now.NEWS Deutschland<\/title>\n<meta name=\"robots\" content=\"index, follow, max-snippet:-1, max-image-preview:large, max-video-preview:-1\" \/>\n<link rel=\"canonical\" href=\"https:\/\/now-news.de\/de\/deutschland\/protest-gegen-koranverbrennungen-schwedische-botschaft-im-irak-gestuermt-und-in-brand-gesetzt\/\" \/>\n<meta property=\"og:locale\" content=\"de_DE\" \/>\n<meta property=\"og:type\" content=\"article\" \/>\n<meta property=\"og:title\" content=\"Protest gegen Koranverbrennungen: Schwedische Botschaft im Irak gest\u00fcrmt und in Brand gesetzt\" \/>\n<meta property=\"og:description\" content=\"Mutma\u00dflich infolge der Ank\u00fcndigung einer weiteren Koranverbrennung in Schweden haben Demonstranten im Irak die Botschaft des Landes gest\u00fcrmt und dort Feuer gelegt. Viele kletterten \u00fcber Absperrungen und riefen Parolen wie &#8220;Ja, ja zum Koran&#8221;. Videos zeigten Br\u00e4nde und Rauchwolken. Eine gro\u00dfe Menschenmenge hat am Donnerstagmorgen die schwedische Botschaft im Irak gest\u00fcrmt und das Geb\u00e4ude in [&hellip;]\" \/>\n<meta property=\"og:url\" content=\"https:\/\/now-news.de\/de\/deutschland\/protest-gegen-koranverbrennungen-schwedische-botschaft-im-irak-gestuermt-und-in-brand-gesetzt\/\" \/>\n<meta property=\"og:site_name\" content=\"just-now.NEWS Deutschland\" \/>\n<meta property=\"article:publisher\" content=\"https:\/\/www.facebook.com\/wirmachenauf\" \/>\n<meta property=\"article:published_time\" content=\"2023-07-20T09:48:18+00:00\" \/>\n<meta property=\"og:image\" content=\"https:\/\/now-news.de\/de\/wp-content\/uploads\/sites\/3\/2023\/07\/Protest-gegen-Koranverbrennungen-Schwedische-Botschaft-im-Irak-gestuermt-und-in.jpg\" \/>\n\t<meta property=\"og:image:width\" content=\"460\" \/>\n\t<meta property=\"og:image:height\" content=\"259\" \/>\n\t<meta property=\"og:image:type\" content=\"image\/jpeg\" \/>\n<meta name=\"author\" content=\"rtnews\" \/>\n<meta name=\"twitter:card\" content=\"summary_large_image\" \/>\n<meta name=\"twitter:creator\" content=\"@WirMachenAuf_de\" \/>\n<meta name=\"twitter:site\" content=\"@WirMachenAuf_de\" \/>\n<meta name=\"twitter:label1\" content=\"Verfasst von\" \/>\n\t<meta name=\"twitter:data1\" content=\"rtnews\" \/>\n\t<meta name=\"twitter:label2\" content=\"Gesch\u00e4tzte Lesezeit\" \/>\n\t<meta name=\"twitter:data2\" content=\"2\u00a0Minuten\" \/>\n<script type=\"application\/ld+json\" class=\"yoast-schema-graph\">{\"@context\":\"https:\/\/schema.org\",\"@graph\":[{\"@type\":\"Article\",\"@id\":\"https:\/\/now-news.de\/de\/deutschland\/protest-gegen-koranverbrennungen-schwedische-botschaft-im-irak-gestuermt-und-in-brand-gesetzt\/#article\",\"isPartOf\":{\"@id\":\"https:\/\/now-news.de\/de\/deutschland\/protest-gegen-koranverbrennungen-schwedische-botschaft-im-irak-gestuermt-und-in-brand-gesetzt\/\"},\"author\":{\"name\":\"rtnews\",\"@id\":\"https:\/\/now-news.de\/de\/#\/schema\/person\/fb534a4e865501d8b3285208df34a9b5\"},\"headline\":\"Protest gegen Koranverbrennungen: Schwedische Botschaft im Irak gest\u00fcrmt und in Brand gesetzt\",\"datePublished\":\"2023-07-20T09:48:18+00:00\",\"dateModified\":\"2023-07-20T09:48:18+00:00\",\"mainEntityOfPage\":{\"@id\":\"https:\/\/now-news.de\/de\/deutschland\/protest-gegen-koranverbrennungen-schwedische-botschaft-im-irak-gestuermt-und-in-brand-gesetzt\/\"},\"wordCount\":390,\"commentCount\":0,\"publisher\":{\"@id\":\"https:\/\/now-news.de\/de\/#organization\"},\"image\":{\"@id\":\"https:\/\/now-news.de\/de\/deutschland\/protest-gegen-koranverbrennungen-schwedische-botschaft-im-irak-gestuermt-und-in-brand-gesetzt\/#primaryimage\"},\"thumbnailUrl\":\"https:\/\/now-news.de\/de\/wp-content\/uploads\/sites\/3\/2023\/07\/Protest-gegen-Koranverbrennungen-Schwedische-Botschaft-im-Irak-gestuermt-und-in.jpg\",\"keywords\":[\"Botschaft\",\"Brand\",\"gegen\",\"gesetzt\",\"gest\u00fcrmt\",\"Irak\",\"Koranverbrennungen\",\"Protest\",\"Schwedische\",\"und\"],\"articleSection\":[\"Deutschland\",\"Russland\"],\"inLanguage\":\"de\",\"potentialAction\":[{\"@type\":\"CommentAction\",\"name\":\"Comment\",\"target\":[\"https:\/\/now-news.de\/de\/deutschland\/protest-gegen-koranverbrennungen-schwedische-botschaft-im-irak-gestuermt-und-in-brand-gesetzt\/#respond\"]}]},{\"@type\":\"WebPage\",\"@id\":\"https:\/\/now-news.de\/de\/deutschland\/protest-gegen-koranverbrennungen-schwedische-botschaft-im-irak-gestuermt-und-in-brand-gesetzt\/\",\"url\":\"https:\/\/now-news.de\/de\/deutschland\/protest-gegen-koranverbrennungen-schwedische-botschaft-im-irak-gestuermt-und-in-brand-gesetzt\/\",\"name\":\"Protest gegen Koranverbrennungen: Schwedische Botschaft im Irak gest\u00fcrmt und in Brand gesetzt - just-now.NEWS Deutschland\",\"isPartOf\":{\"@id\":\"https:\/\/now-news.de\/de\/#website\"},\"primaryImageOfPage\":{\"@id\":\"https:\/\/now-news.de\/de\/deutschland\/protest-gegen-koranverbrennungen-schwedische-botschaft-im-irak-gestuermt-und-in-brand-gesetzt\/#primaryimage\"},\"image\":{\"@id\":\"https:\/\/now-news.de\/de\/deutschland\/protest-gegen-koranverbrennungen-schwedische-botschaft-im-irak-gestuermt-und-in-brand-gesetzt\/#primaryimage\"},\"thumbnailUrl\":\"https:\/\/now-news.de\/de\/wp-content\/uploads\/sites\/3\/2023\/07\/Protest-gegen-Koranverbrennungen-Schwedische-Botschaft-im-Irak-gestuermt-und-in.jpg\",\"datePublished\":\"2023-07-20T09:48:18+00:00\",\"dateModified\":\"2023-07-20T09:48:18+00:00\",\"breadcrumb\":{\"@id\":\"https:\/\/now-news.de\/de\/deutschland\/protest-gegen-koranverbrennungen-schwedische-botschaft-im-irak-gestuermt-und-in-brand-gesetzt\/#breadcrumb\"},\"inLanguage\":\"de\",\"potentialAction\":[{\"@type\":\"ReadAction\",\"target\":[\"https:\/\/now-news.de\/de\/deutschland\/protest-gegen-koranverbrennungen-schwedische-botschaft-im-irak-gestuermt-und-in-brand-gesetzt\/\"]}]},{\"@type\":\"ImageObject\",\"inLanguage\":\"de\",\"@id\":\"https:\/\/now-news.de\/de\/deutschland\/protest-gegen-koranverbrennungen-schwedische-botschaft-im-irak-gestuermt-und-in-brand-gesetzt\/#primaryimage\",\"url\":\"https:\/\/now-news.de\/de\/wp-content\/uploads\/sites\/3\/2023\/07\/Protest-gegen-Koranverbrennungen-Schwedische-Botschaft-im-Irak-gestuermt-und-in.jpg\",\"contentUrl\":\"https:\/\/now-news.de\/de\/wp-content\/uploads\/sites\/3\/2023\/07\/Protest-gegen-Koranverbrennungen-Schwedische-Botschaft-im-Irak-gestuermt-und-in.jpg\",\"width\":460,\"height\":259,\"caption\":\"Protest gegen Koranverbrennungen: Schwedische Botschaft im Irak gest\u00fcrmt und in Brand gesetzt\"},{\"@type\":\"BreadcrumbList\",\"@id\":\"https:\/\/now-news.de\/de\/deutschland\/protest-gegen-koranverbrennungen-schwedische-botschaft-im-irak-gestuermt-und-in-brand-gesetzt\/#breadcrumb\",\"itemListElement\":[{\"@type\":\"ListItem\",\"position\":1,\"name\":\"Home\",\"item\":\"https:\/\/now-news.de\/de\/\"},{\"@type\":\"ListItem\",\"position\":2,\"name\":\"Protest gegen Koranverbrennungen: Schwedische Botschaft im Irak gest\u00fcrmt und in Brand gesetzt\"}]},{\"@type\":\"WebSite\",\"@id\":\"https:\/\/now-news.de\/de\/#website\",\"url\":\"https:\/\/now-news.de\/de\/\",\"name\":\"just-now.NEWS Deutschland\",\"description\":\"Das Portal f\u00fcr unzensierte Nachrichten aus der Welt\",\"publisher\":{\"@id\":\"https:\/\/now-news.de\/de\/#organization\"},\"potentialAction\":[{\"@type\":\"SearchAction\",\"target\":{\"@type\":\"EntryPoint\",\"urlTemplate\":\"https:\/\/now-news.de\/de\/?s={search_term_string}\"},\"query-input\":\"required name=search_term_string\"}],\"inLanguage\":\"de\"},{\"@type\":\"Organization\",\"@id\":\"https:\/\/now-news.de\/de\/#organization\",\"name\":\"Just Now News\",\"url\":\"https:\/\/now-news.de\/de\/\",\"logo\":{\"@type\":\"ImageObject\",\"inLanguage\":\"de\",\"@id\":\"https:\/\/now-news.de\/de\/#\/schema\/logo\/image\/\",\"url\":\"http:\/\/just-now.news\/de\/wp-content\/uploads\/sites\/3\/2022\/04\/logo500x500.jpg\",\"contentUrl\":\"http:\/\/just-now.news\/de\/wp-content\/uploads\/sites\/3\/2022\/04\/logo500x500.jpg\",\"width\":500,\"height\":500,\"caption\":\"Just Now News\"},\"image\":{\"@id\":\"https:\/\/now-news.de\/de\/#\/schema\/logo\/image\/\"},\"sameAs\":[\"https:\/\/www.facebook.com\/wirmachenauf\",\"https:\/\/x.com\/WirMachenAuf_de\"]},{\"@type\":\"Person\",\"@id\":\"https:\/\/now-news.de\/de\/#\/schema\/person\/fb534a4e865501d8b3285208df34a9b5\",\"name\":\"rtnews\",\"image\":{\"@type\":\"ImageObject\",\"inLanguage\":\"de\",\"@id\":\"https:\/\/now-news.de\/de\/#\/schema\/person\/image\/\",\"url\":\"https:\/\/secure.gravatar.com\/avatar\/82aafea7d8127119dd649515f56e2117?s=96&d=mm&r=g\",\"contentUrl\":\"https:\/\/secure.gravatar.com\/avatar\/82aafea7d8127119dd649515f56e2117?s=96&d=mm&r=g\",\"caption\":\"rtnews\"},\"url\":\"https:\/\/now-news.de\/de\/author\/rnews\/\"}]}<\/script>\n<!-- \/ Yoast SEO Premium plugin. -->","yoast_head_json":{"title":"Protest gegen Koranverbrennungen: Schwedische Botschaft im Irak gest\u00fcrmt und in Brand gesetzt - just-now.NEWS Deutschland","robots":{"index":"index","follow":"follow","max-snippet":"max-snippet:-1","max-image-preview":"max-image-preview:large","max-video-preview":"max-video-preview:-1"},"canonical":"https:\/\/now-news.de\/de\/deutschland\/protest-gegen-koranverbrennungen-schwedische-botschaft-im-irak-gestuermt-und-in-brand-gesetzt\/","og_locale":"de_DE","og_type":"article","og_title":"Protest gegen Koranverbrennungen: Schwedische Botschaft im Irak gest\u00fcrmt und in Brand gesetzt","og_description":"Mutma\u00dflich infolge der Ank\u00fcndigung einer weiteren Koranverbrennung in Schweden haben Demonstranten im Irak die Botschaft des Landes gest\u00fcrmt und dort Feuer gelegt. Viele kletterten \u00fcber Absperrungen und riefen Parolen wie &#8220;Ja, ja zum Koran&#8221;. Videos zeigten Br\u00e4nde und Rauchwolken. Eine gro\u00dfe Menschenmenge hat am Donnerstagmorgen die schwedische Botschaft im Irak gest\u00fcrmt und das Geb\u00e4ude in [&hellip;]","og_url":"https:\/\/now-news.de\/de\/deutschland\/protest-gegen-koranverbrennungen-schwedische-botschaft-im-irak-gestuermt-und-in-brand-gesetzt\/","og_site_name":"just-now.NEWS Deutschland","article_publisher":"https:\/\/www.facebook.com\/wirmachenauf","article_published_time":"2023-07-20T09:48:18+00:00","og_image":[{"width":460,"height":259,"url":"https:\/\/now-news.de\/de\/wp-content\/uploads\/sites\/3\/2023\/07\/Protest-gegen-Koranverbrennungen-Schwedische-Botschaft-im-Irak-gestuermt-und-in.jpg","type":"image\/jpeg"}],"author":"rtnews","twitter_card":"summary_large_image","twitter_creator":"@WirMachenAuf_de","twitter_site":"@WirMachenAuf_de","twitter_misc":{"Verfasst von":"rtnews","Gesch\u00e4tzte Lesezeit":"2\u00a0Minuten"},"schema":{"@context":"https:\/\/schema.org","@graph":[{"@type":"Article","@id":"https:\/\/now-news.de\/de\/deutschland\/protest-gegen-koranverbrennungen-schwedische-botschaft-im-irak-gestuermt-und-in-brand-gesetzt\/#article","isPartOf":{"@id":"https:\/\/now-news.de\/de\/deutschland\/protest-gegen-koranverbrennungen-schwedische-botschaft-im-irak-gestuermt-und-in-brand-gesetzt\/"},"author":{"name":"rtnews","@id":"https:\/\/now-news.de\/de\/#\/schema\/person\/fb534a4e865501d8b3285208df34a9b5"},"headline":"Protest gegen Koranverbrennungen: Schwedische Botschaft im Irak gest\u00fcrmt und in Brand gesetzt","datePublished":"2023-07-20T09:48:18+00:00","dateModified":"2023-07-20T09:48:18+00:00","mainEntityOfPage":{"@id":"https:\/\/now-news.de\/de\/deutschland\/protest-gegen-koranverbrennungen-schwedische-botschaft-im-irak-gestuermt-und-in-brand-gesetzt\/"},"wordCount":390,"commentCount":0,"publisher":{"@id":"https:\/\/now-news.de\/de\/#organization"},"image":{"@id":"https:\/\/now-news.de\/de\/deutschland\/protest-gegen-koranverbrennungen-schwedische-botschaft-im-irak-gestuermt-und-in-brand-gesetzt\/#primaryimage"},"thumbnailUrl":"https:\/\/now-news.de\/de\/wp-content\/uploads\/sites\/3\/2023\/07\/Protest-gegen-Koranverbrennungen-Schwedische-Botschaft-im-Irak-gestuermt-und-in.jpg","keywords":["Botschaft","Brand","gegen","gesetzt","gest\u00fcrmt","Irak","Koranverbrennungen","Protest","Schwedische","und"],"articleSection":["Deutschland","Russland"],"inLanguage":"de","potentialAction":[{"@type":"CommentAction","name":"Comment","target":["https:\/\/now-news.de\/de\/deutschland\/protest-gegen-koranverbrennungen-schwedische-botschaft-im-irak-gestuermt-und-in-brand-gesetzt\/#respond"]}]},{"@type":"WebPage","@id":"https:\/\/now-news.de\/de\/deutschland\/protest-gegen-koranverbrennungen-schwedische-botschaft-im-irak-gestuermt-und-in-brand-gesetzt\/","url":"https:\/\/now-news.de\/de\/deutschland\/protest-gegen-koranverbrennungen-schwedische-botschaft-im-irak-gestuermt-und-in-brand-gesetzt\/","name":"Protest gegen Koranverbrennungen: Schwedische Botschaft im Irak gest\u00fcrmt und in Brand gesetzt - just-now.NEWS Deutschland","isPartOf":{"@id":"https:\/\/now-news.de\/de\/#website"},"primaryImageOfPage":{"@id":"https:\/\/now-news.de\/de\/deutschland\/protest-gegen-koranverbrennungen-schwedische-botschaft-im-irak-gestuermt-und-in-brand-gesetzt\/#primaryimage"},"image":{"@id":"https:\/\/now-news.de\/de\/deutschland\/protest-gegen-koranverbrennungen-schwedische-botschaft-im-irak-gestuermt-und-in-brand-gesetzt\/#primaryimage"},"thumbnailUrl":"https:\/\/now-news.de\/de\/wp-content\/uploads\/sites\/3\/2023\/07\/Protest-gegen-Koranverbrennungen-Schwedische-Botschaft-im-Irak-gestuermt-und-in.jpg","datePublished":"2023-07-20T09:48:18+00:00","dateModified":"2023-07-20T09:48:18+00:00","breadcrumb":{"@id":"https:\/\/now-news.de\/de\/deutschland\/protest-gegen-koranverbrennungen-schwedische-botschaft-im-irak-gestuermt-und-in-brand-gesetzt\/#breadcrumb"},"inLanguage":"de","potentialAction":[{"@type":"ReadAction","target":["https:\/\/now-news.de\/de\/deutschland\/protest-gegen-koranverbrennungen-schwedische-botschaft-im-irak-gestuermt-und-in-brand-gesetzt\/"]}]},{"@type":"ImageObject","inLanguage":"de","@id":"https:\/\/now-news.de\/de\/deutschland\/protest-gegen-koranverbrennungen-schwedische-botschaft-im-irak-gestuermt-und-in-brand-gesetzt\/#primaryimage","url":"https:\/\/now-news.de\/de\/wp-content\/uploads\/sites\/3\/2023\/07\/Protest-gegen-Koranverbrennungen-Schwedische-Botschaft-im-Irak-gestuermt-und-in.jpg","contentUrl":"https:\/\/now-news.de\/de\/wp-content\/uploads\/sites\/3\/2023\/07\/Protest-gegen-Koranverbrennungen-Schwedische-Botschaft-im-Irak-gestuermt-und-in.jpg","width":460,"height":259,"caption":"Protest gegen Koranverbrennungen: Schwedische Botschaft im Irak gest\u00fcrmt und in Brand gesetzt"},{"@type":"BreadcrumbList","@id":"https:\/\/now-news.de\/de\/deutschland\/protest-gegen-koranverbrennungen-schwedische-botschaft-im-irak-gestuermt-und-in-brand-gesetzt\/#breadcrumb","itemListElement":[{"@type":"ListItem","position":1,"name":"Home","item":"https:\/\/now-news.de\/de\/"},{"@type":"ListItem","position":2,"name":"Protest gegen Koranverbrennungen: Schwedische Botschaft im Irak gest\u00fcrmt und in Brand gesetzt"}]},{"@type":"WebSite","@id":"https:\/\/now-news.de\/de\/#website","url":"https:\/\/now-news.de\/de\/","name":"just-now.NEWS Deutschland","description":"Das Portal f\u00fcr unzensierte Nachrichten aus der Welt","publisher":{"@id":"https:\/\/now-news.de\/de\/#organization"},"potentialAction":[{"@type":"SearchAction","target":{"@type":"EntryPoint","urlTemplate":"https:\/\/now-news.de\/de\/?s={search_term_string}"},"query-input":"required name=search_term_string"}],"inLanguage":"de"},{"@type":"Organization","@id":"https:\/\/now-news.de\/de\/#organization","name":"Just Now News","url":"https:\/\/now-news.de\/de\/","logo":{"@type":"ImageObject","inLanguage":"de","@id":"https:\/\/now-news.de\/de\/#\/schema\/logo\/image\/","url":"http:\/\/just-now.news\/de\/wp-content\/uploads\/sites\/3\/2022\/04\/logo500x500.jpg","contentUrl":"http:\/\/just-now.news\/de\/wp-content\/uploads\/sites\/3\/2022\/04\/logo500x500.jpg","width":500,"height":500,"caption":"Just Now News"},"image":{"@id":"https:\/\/now-news.de\/de\/#\/schema\/logo\/image\/"},"sameAs":["https:\/\/www.facebook.com\/wirmachenauf","https:\/\/x.com\/WirMachenAuf_de"]},{"@type":"Person","@id":"https:\/\/now-news.de\/de\/#\/schema\/person\/fb534a4e865501d8b3285208df34a9b5","name":"rtnews","image":{"@type":"ImageObject","inLanguage":"de","@id":"https:\/\/now-news.de\/de\/#\/schema\/person\/image\/","url":"https:\/\/secure.gravatar.com\/avatar\/82aafea7d8127119dd649515f56e2117?s=96&d=mm&r=g","contentUrl":"https:\/\/secure.gravatar.com\/avatar\/82aafea7d8127119dd649515f56e2117?s=96&d=mm&r=g","caption":"rtnews"},"url":"https:\/\/now-news.de\/de\/author\/rnews\/"}]}},"_links":{"self":[{"href":"https:\/\/now-news.de\/de\/wp-json\/wp\/v2\/posts\/40508"}],"collection":[{"href":"https:\/\/now-news.de\/de\/wp-json\/wp\/v2\/posts"}],"about":[{"href":"https:\/\/now-news.de\/de\/wp-json\/wp\/v2\/types\/post"}],"author":[{"embeddable":true,"href":"https:\/\/now-news.de\/de\/wp-json\/wp\/v2\/users\/3"}],"replies":[{"embeddable":true,"href":"https:\/\/now-news.de\/de\/wp-json\/wp\/v2\/comments?post=40508"}],"version-history":[{"count":0,"href":"https:\/\/now-news.de\/de\/wp-json\/wp\/v2\/posts\/40508\/revisions"}],"wp:featuredmedia":[{"embeddable":true,"href":"https:\/\/now-news.de\/de\/wp-json\/wp\/v2\/media\/40509"}],"wp:attachment":[{"href":"https:\/\/now-news.de\/de\/wp-json\/wp\/v2\/media?parent=40508"}],"wp:term":[{"taxonomy":"category","embeddable":true,"href":"https:\/\/now-news.de\/de\/wp-json\/wp\/v2\/categories?post=40508"},{"taxonomy":"post_tag","embeddable":true,"href":"https:\/\/now-news.de\/de\/wp-json\/wp\/v2\/tags?post=40508"}],"curies":[{"name":"wp","href":"https:\/\/api.w.org\/{rel}","templated":true}]}}