{"id":40478,"date":"2023-07-19T21:22:34","date_gmt":"2023-07-19T19:22:34","guid":{"rendered":"https:\/\/just-now.news\/de\/deutschland\/gehorsam-und-anpassung-wie-zu-zeiten-der-fuersten-joachim-gauck-bei-lanz\/"},"modified":"2023-07-19T21:22:34","modified_gmt":"2023-07-19T19:22:34","slug":"gehorsam-und-anpassung-wie-zu-zeiten-der-fuersten-joachim-gauck-bei-lanz","status":"publish","type":"post","link":"https:\/\/now-news.de\/de\/deutschland\/gehorsam-und-anpassung-wie-zu-zeiten-der-fuersten-joachim-gauck-bei-lanz\/","title":{"rendered":"&quot;Gehorsam und Anpassung wie zu Zeiten der F\u00fcrsten&quot;: Joachim Gauck bei Lanz"},"content":{"rendered":"<p><img decoding=\"async\" src=\"http:\/\/just-now.news\/de\/wp-content\/uploads\/sites\/3\/2023\/07\/64b8116148fbef344d59fffd.jpg\" \/><\/p>\n<div class=\"Text-root Text-type_1 \">\n                Sie musste ja wieder aufgegriffen werden, die Sage von den angeblich so rechten und autorit\u00e4ren Ossis. Schon allein wegen der Umfrageergebnisse der AfD. Und wer ist besser daf\u00fcr geeignet als Joachim Gauck, selbst ein Erzrechter, aber als Pfarrer geschult darin, Worte zu verdrehen?\n            <\/div>\n<p><\/p>\n<div class=\"Text-root Text-type_5 ArticleView-text ViewText-root \">\n<p><em>Von Dagmar Henn<\/em><\/p>\n<p>Ehe man Joachim Gauck zuh\u00f6rt oder \u00fcberlegt, ob und inwieweit seine Aussagen etwas mit der Wirklichkeit zu tun haben, muss man sich in Erinnerung rufen, wer da spricht. Ein ehemaliger Pfarrer, angetrieben von einem unbez\u00e4hmbaren Groll gegen die DDR und die Sowjetunion, weil Letztere es gewagt hatte, seinen Vater als Kriegsverbrecher zu verurteilen und einzusperren.<\/p>\n<p>Nach der Annexion begann seine gro\u00dfe Karriere \u2013 er \u00fcbernahm die Leitung der Beh\u00f6rde, in der die Unterlagen des Ministeriums f\u00fcr Staatssicherheit der DDR gelagert wurden (\u00fcbrigens auch alle Ermittlungsakten zu Naziverbrechen). Diese Beh\u00f6rde unter seiner Leitung spielte eine zentrale Rolle dabei, nicht nur die Regierungsstrukturen, sondern auch die Universit\u00e4ten von allem, was nur entfernt sozialistisch aussah, zu s\u00e4ubern. Er ist also einer der Hauptverantwortlichen f\u00fcr den heutigen intellektuellen Zustand Deutschlands.<\/p>\n<p>Nach seiner T\u00e4tigkeit als Gro\u00dfinquisitor wurde er dann zum Bundespr\u00e4sidenten gemacht. Das war, angesichts seiner Geschichte, ein klares Signal in Richtung der angegliederten Regionen, dass nach wie vor keine realistische Betrachtung gew\u00fcnscht ist, was nach 1989 eigentlich wem angetan wurde. Und in seinem Gespr\u00e4ch mit Markus Lanz hat er auch erneut bewiesen, dass er die Opfer der feindlichen \u00dcbernahme samt und sonders f\u00fcr selbst an ihrem Schicksal schuldig h\u00e4lt.<\/p>\n<p>Da geht es nicht um den Bereich der politischen Verfolgung; es geht um die Anerkennung von Berufsabschl\u00fcssen und vielfach schlicht um die Tatsache, dass einfach keine Industrie, kein Betrieb \u00fcbrig blieb, bei dem die arbeitslos Gewordenen h\u00e4tten unterkommen k\u00f6nnen.<\/p>\n<p>Dieser industrielle Kahlschlag, der auf dem Gebiet der DDR erfolgte, hat Folgen bis heute\u00a0\u2012 \u00e4hnlich wie im Ruhrgebiet trat eben keine neue an die Stelle der verlorenen Industrie, und beide Regionen sind nach wie vor verarmt, woran ein einzelner Besch\u00e4ftigter oder nach Besch\u00e4ftigung Suchender auch nichts zu \u00e4ndern vermag.<\/p>\n<p>Gauck allerdings ist ein Anh\u00e4nger einer abstrakten, pauschalen &#8220;Freiheit&#8221;, gleich, ob es darum geht, an der B\u00f6rse zu spekulieren oder die Wohnung zu verlieren. Es seien eben viele im Annexionsgebiet &#8220;vielfach zu alt zum Erlernen der neuen Berufe&#8221; gewesen. Dennoch, behauptet er, sei &#8220;unsere Gesellschaft so organisiert, dass keiner unter Br\u00fccken schlafen muss&#8221;. Es ist wohl eine Zeit her, dass Gauck unter den Br\u00fccken einer deutschen Gro\u00dfstadt nachgesehen hat.<\/p>\n<p>Wenn er anf\u00e4ngt, die Botschaft vom irgendwie demokratisch behinderten Ossi zu wiederholen, hat das inzwischen durchaus komische Z\u00fcge, selbst wenn das weder Gauck noch <a rel=\"nofollow noopener\" target=\"_blank\" href=\"https:\/\/www.zdf.de\/gesellschaft\/markus-lanz\/markus-lanz-vom-18-juli-2023-100.html\">Interviewer<\/a> Markus Lanz bemerken.<\/p>\n<p>Klar, was umtreibt, sind die Umfragewerte der AfD. Und Gauck, dem man immer den Pfarrer anmerkt, erkl\u00e4rt, &#8220;dass immer, in jedem Land, eine bestimmte Gruppe der Bev\u00f6lkerung so gestrickt ist, so gepr\u00e4gt ist psychisch, dass sie st\u00e4rker F\u00fchrung sucht und nicht so sehr eigene Mitwirkung und Mitbestimmung. Dass sie eher ein autorit\u00e4res Lebensprinzip bevorzugt und Freiheit eher problematisch ist, Sicherheit ihr eigentliches Hauptthema.&#8221;<\/p>\n<p>So, meint er, seien eben die Ossis\u00a0\u2012 auch wenn sie nichts daf\u00fcr k\u00f6nnten, weil sie so lange unter Diktaturen leben mussten. &#8220;Diese sehr starke R\u00fcckbindung an autorit\u00e4res Gef\u00fchrtwerden, die ist da, und das l\u00e4sst sich bei jeder Wahl belegen.&#8221;<\/p>\n<p>Nun, es gibt aus diesem Jahr die Studie der Friedrich-Ebert-Stiftung (FES) zum Demokratievertrauen, deren Ergebnis, sobald man die Daten unvoreingenommen betrachtet, ein v\u00f6llig anderes Bild zeigt. Dort bevorzugten die nach Gauck so autorit\u00e4ren Ostdeutschen die direkte Demokratie, w\u00e4hrend die Werte f\u00fcr die tats\u00e4chlich undemokratische Expertenherrschaft bei jungen, einkommensstarken und als Mitte-Links kategorisierten Befragten die gr\u00f6\u00dfte Anh\u00e4ngerschaft hatte.<\/p>\n<p>Passt es mit einem &#8220;autorit\u00e4ren Lebensprinzip&#8221;, was immer das sein mag, zusammen, wenn man der Regierung gegen\u00fcber skeptisch ist und mehr direkte Demokratie will? Das ist eher die Position, in der man selbst aktiv nach Informationen suchen und sich seine Meinung erarbeiten muss, anders als jene, die vor dem Fernseher sitzen und alles glauben, was ihnen erz\u00e4hlt wird.<\/p>\n<p>Ein kleines Beispiel aus der FES-Studie: Die Aussage &#8220;Die Gefahren des Impfens werden von der Politik und den meisten Medien absichtlich heruntergespielt&#8221;\u00a0\u2012 eine Ansicht, deren G\u00fcltigkeit mittlerweile belegt ist, die die FES aber unter &#8220;Verschw\u00f6rungstheorien&#8221; einsortierte \u2013 wird im Osten von etwas \u00fcber 50 Prozent der Befragten geteilt, im S\u00fcden von 38 Prozent, im Norden aber nur von 27. Entspricht das nun dem Wunsch, gef\u00fchrt zu werden?<\/p>\n<p>Tats\u00e4chlich sind das ganz andere gesellschaftliche Gruppen, die gern dem folgen, was ihnen pr\u00e4sentiert wird. Eben jene, die sich auch f\u00fcr die Expertenherrschaft aussprechen, die Wohlhabenderen, diejenigen, die den Institutionen vertrauen.<\/p>\n<p>Allerdings, das deutlich niedrigere Vertrauen in die Institutionen ist eben auch Resultat der Erfahrungen, die seit 1989 gemacht wurden. &#8220;Lange politische Ohnmacht bleibt nicht ohne Folgen.&#8221; Mit dieser Aussage hat Gauck ausnahmsweise mal Recht. Wie steht es denn mit der politischen Ohnmacht, wenn nach wie vor 90 Prozent der Leitungsfunktionen in den gekaperten Bundesl\u00e4ndern von Westdeutschen besetzt sind? \u00dcber drei\u00dfig Jahre kann man durchaus eine &#8220;lange politische Ohnmacht&#8221; nennen, und dass man Institutionen nicht vertraut, die in dem Ma\u00df feindselig agiert haben wie die Treuhandanstalt und sonstige bundesdeutsche Beh\u00f6rden, das ist schlicht gesunder Menschenverstand.<\/p>\n<p>&#8220;Gehorsam und Anpassung wie zu Zeiten der F\u00fcrsten bringt dich nach oben.&#8221; Das ist etwas, was Gauck der DDR zuschreibt, als g\u00e4be es das in der Bundesrepublik nicht. Das gab es aber immer. Nur in letzter Zeit wurde dieser Satz noch erweitert: &#8220;Ungehorsam und Unangepasstheit bringt dich, wie zu Zeiten der Inquisition, sehr schnell nach unten.&#8221; Die Beispiele m\u00fcssen hier wohl nicht einzeln aufgef\u00fchrt werden; es gen\u00fcgt zu wissen, dass inzwischen selbst die Rentenversicherung Personen k\u00fcndigt, die eine falsche Ansicht zur Ukraine \u00e4u\u00dfern.<\/p>\n<blockquote>\n<p><em>&#8220;Und dann erinnern sie sich so wie die Generation meiner Eltern nach dem Krieg: Ja, es war auch nicht alles schlecht beim F\u00fchrer. Also es war ja fr\u00fcher nicht alles schlecht in der DDR.&#8221;<\/em><\/p>\n<\/blockquote>\n<p>Dass die DDR weder einen Weltkrieg begonnen noch Millionen in Vernichtungslager geschickt hat, ist egal. Dass es in der Bundesrepublik eine lange und ausgepr\u00e4gte Geschichte politischer Repression gibt, ebenso. Pfarrer Gauck besteht darauf, dass &#8220;eine signifikant gro\u00dfe Minderheit [\u2026] diesen Abschiedsprozess von dem Alten nicht abgeschlossen&#8221; habe.<\/p>\n<blockquote>\n<p><em>&#8220;Sie sind in einem Zwischenreich, sie fremdeln mit dieser offenen Gesellschaft, die ist ihr [sic!] zu vielf\u00e4ltig, macht ihr Angst.&#8221;<\/em><\/p>\n<\/blockquote>\n<p>Die Vielfalt erlebt man tagt\u00e4glich, wenn man den Fernseher einschaltet oder die Zeitung aufschl\u00e4gt. Sofern es sie in der Bundesrepublik je gab \u2013 Vielfalt von Meinungen, nicht Vielfalt von Waschmittelpackungen \u2012, unterlag sie immer st\u00e4rkeren Einschr\u00e4nkungen als in den meisten anderen westeurop\u00e4ischen L\u00e4ndern. Gut, das kann Gauck nicht wissen, er hat nie in der alten Bundesrepublik gelebt.<\/p>\n<p>Er erf\u00fcllt schlicht brav seine Funktion. Den folgsamen Westdeutschen auf die Schulter klopfen, ihre Autorit\u00e4tsh\u00f6rigkeit wegdefinieren, und daf\u00fcr die b\u00f6sen Ossis zu politisch Behinderten erkl\u00e4ren, die zwar nichts daf\u00fcr k\u00f6nnten, von Demokratie nichts zu verstehen, aber eben doch die B\u00f6sen w\u00e4ren. Und zwischendrin einen Freiheitsbegriff propagieren, der zutiefst sozialdarwinistisch ist. Nun, es waren vor allem die Gr\u00fcnen, die damals Gauck als Bundespr\u00e4sidenten propagierten. Von ihrer Zuneigung zu dem radikalen Antikommunisten Gauck hin zu jener f\u00fcr ukrainische Nazis und die Vormacht der USA f\u00fchrt eine einzige, ununterbrochene Linie.<\/p>\n<p>Die wirkliche, unausgesprochene Kernaufgabe zu Beginn der politischen Karriere des Herrn Gauck war es, die Naziakten unter Verschluss zu halten, die dem Einigungsvertrag zufolge eigentlich ins Bundesarchiv h\u00e4tten gehen m\u00fcssen. Aber in der DDR wurde eben auch \u00fcber politische Gr\u00f6\u00dfen der Bundesrepublik ermittelt, und solange diese noch lebten, brauchte es einen Wachhund, der verhinderte, dass der Inhalt dieser Akten politische Folgen haben konnte. Gaucks Funktion war also nicht nur, die ganze (im urspr\u00fcnglichen Wortsinne) linke Traditionslinie in deutschen Universit\u00e4ten auszul\u00f6schen, er h\u00fctete auch das Westerbe der Nazis (sowie die Akten \u00fcber seinen eigenen Vater).<\/p>\n<p>Genau das tut er auch, wenn er die Behauptung vertritt, die &#8220;Ossis&#8221; seien die Rechten dieser Republik. Weil diese Behauptung von der unheilvollen Kontinuit\u00e4t in der Bundesrepublik ablenkt und gleichzeitig von der Tatsache, dass im Osten die russische Position wom\u00f6glich deshalb so gut verstanden wird, weil man selbst die Erfahrung gemacht hat, vom Westen ausgepl\u00fcndert zu werden, und deshalb gut nachvollziehen kann, wenn jemand genau diesen Zustand nie wieder zulassen will. Gauck war einer der wichtigsten Helfer bei diesem Raubzug.<\/p>\n<p><strong>Mehr zum Thema<\/strong> &#8211;\u00a0<a rel=\"nofollow noopener\" target=\"_blank\" href=\"https:\/\/freeassange.rtde.live\/gesellschaft\/170039-wie-begreifen-menschen-in-ost-und-west-die-zeitenwende-in-den-deutsch-russischen-beziehungen\/\">Wie begreifen Menschen in Ost und West die &#8220;Zeitenwende&#8221; in den deutsch-russischen Beziehungen?<\/a><\/p>\n<\/div>\n<p><br \/>\n<br \/><a href=\"https:\/\/de.rt.com\/meinung\/175691-gehorsam-und-anpassung-wie-zu\/\">Source link <\/a><\/p>\n","protected":false},"excerpt":{"rendered":"<p>Sie musste ja wieder aufgegriffen werden, die Sage von den angeblich so rechten und autorit\u00e4ren Ossis. Schon allein wegen der Umfrageergebnisse der AfD. Und wer ist besser daf\u00fcr geeignet als Joachim Gauck, selbst ein Erzrechter, aber als Pfarrer geschult darin, Worte zu verdrehen? Von Dagmar Henn Ehe man Joachim Gauck zuh\u00f6rt oder \u00fcberlegt, ob und [&hellip;]<\/p>\n","protected":false},"author":3,"featured_media":40479,"comment_status":"open","ping_status":"open","sticky":false,"template":"","format":"standard","meta":{"_yoast_indexnow_last_ping":["1689795123"],"wp_automatic_camp":["217"],"bcabee010d972a733e17976cbe4d50fa":["&quot;Gehorsam und Anpassung wie zu Zeiten der F\u00fcrsten&quot;: Joachim Gauck bei Lanz"],"original_link":["https:\/\/de.rt.com\/meinung\/175691-gehorsam-und-anpassung-wie-zu\/"],"_thumbnail_id":["40479"],"jnews_social_counter_last_update":["1777612635"],"_wptgpro_p2tg_sent2tg":["a:1:{i:23737;s:19:\"2023-07-19 21:33:04\";}"]},"categories":[19,23],"tags":[45688,363,82,46926,44137,38469,28498,46925,140,579,519],"yoast_head":"<!-- This site is optimized with the Yoast SEO Premium plugin v22.7 (Yoast SEO v22.7) - https:\/\/yoast.com\/wordpress\/plugins\/seo\/ -->\n<title>&quot;Gehorsam und Anpassung wie zu Zeiten der F\u00fcrsten&quot;: Joachim Gauck bei Lanz - just-now.NEWS Deutschland<\/title>\n<meta name=\"robots\" content=\"index, follow, max-snippet:-1, max-image-preview:large, max-video-preview:-1\" \/>\n<link rel=\"canonical\" href=\"https:\/\/now-news.de\/de\/deutschland\/gehorsam-und-anpassung-wie-zu-zeiten-der-fuersten-joachim-gauck-bei-lanz\/\" \/>\n<meta property=\"og:locale\" content=\"de_DE\" \/>\n<meta property=\"og:type\" content=\"article\" \/>\n<meta property=\"og:title\" content=\"&quot;Gehorsam und Anpassung wie zu Zeiten der F\u00fcrsten&quot;: Joachim Gauck bei Lanz\" \/>\n<meta property=\"og:description\" content=\"Sie musste ja wieder aufgegriffen werden, die Sage von den angeblich so rechten und autorit\u00e4ren Ossis. Schon allein wegen der Umfrageergebnisse der AfD. Und wer ist besser daf\u00fcr geeignet als Joachim Gauck, selbst ein Erzrechter, aber als Pfarrer geschult darin, Worte zu verdrehen? Von Dagmar Henn Ehe man Joachim Gauck zuh\u00f6rt oder \u00fcberlegt, ob und [&hellip;]\" \/>\n<meta property=\"og:url\" content=\"https:\/\/now-news.de\/de\/deutschland\/gehorsam-und-anpassung-wie-zu-zeiten-der-fuersten-joachim-gauck-bei-lanz\/\" \/>\n<meta property=\"og:site_name\" content=\"just-now.NEWS Deutschland\" \/>\n<meta property=\"article:publisher\" content=\"https:\/\/www.facebook.com\/wirmachenauf\" \/>\n<meta property=\"article:published_time\" content=\"2023-07-19T19:22:34+00:00\" \/>\n<meta property=\"og:image\" content=\"https:\/\/now-news.de\/de\/wp-content\/uploads\/sites\/3\/2023\/07\/quotGehorsam-und-Anpassung-wie-zu-Zeiten-der-Fuerstenquot-Joachim-Gauck.jpg\" \/>\n\t<meta property=\"og:image:width\" content=\"460\" \/>\n\t<meta property=\"og:image:height\" content=\"259\" \/>\n\t<meta property=\"og:image:type\" content=\"image\/jpeg\" \/>\n<meta name=\"author\" content=\"rtnews\" \/>\n<meta name=\"twitter:card\" content=\"summary_large_image\" \/>\n<meta name=\"twitter:creator\" content=\"@WirMachenAuf_de\" \/>\n<meta name=\"twitter:site\" content=\"@WirMachenAuf_de\" \/>\n<meta name=\"twitter:label1\" content=\"Verfasst von\" \/>\n\t<meta name=\"twitter:data1\" content=\"rtnews\" \/>\n\t<meta name=\"twitter:label2\" content=\"Gesch\u00e4tzte Lesezeit\" \/>\n\t<meta name=\"twitter:data2\" content=\"7\u00a0Minuten\" \/>\n<script type=\"application\/ld+json\" class=\"yoast-schema-graph\">{\"@context\":\"https:\/\/schema.org\",\"@graph\":[{\"@type\":\"Article\",\"@id\":\"https:\/\/now-news.de\/de\/deutschland\/gehorsam-und-anpassung-wie-zu-zeiten-der-fuersten-joachim-gauck-bei-lanz\/#article\",\"isPartOf\":{\"@id\":\"https:\/\/now-news.de\/de\/deutschland\/gehorsam-und-anpassung-wie-zu-zeiten-der-fuersten-joachim-gauck-bei-lanz\/\"},\"author\":{\"name\":\"rtnews\",\"@id\":\"https:\/\/now-news.de\/de\/#\/schema\/person\/fb534a4e865501d8b3285208df34a9b5\"},\"headline\":\"&quot;Gehorsam und Anpassung wie zu Zeiten der F\u00fcrsten&quot;: Joachim Gauck bei Lanz\",\"datePublished\":\"2023-07-19T19:22:34+00:00\",\"dateModified\":\"2023-07-19T19:22:34+00:00\",\"mainEntityOfPage\":{\"@id\":\"https:\/\/now-news.de\/de\/deutschland\/gehorsam-und-anpassung-wie-zu-zeiten-der-fuersten-joachim-gauck-bei-lanz\/\"},\"wordCount\":1465,\"commentCount\":0,\"publisher\":{\"@id\":\"https:\/\/now-news.de\/de\/#organization\"},\"image\":{\"@id\":\"https:\/\/now-news.de\/de\/deutschland\/gehorsam-und-anpassung-wie-zu-zeiten-der-fuersten-joachim-gauck-bei-lanz\/#primaryimage\"},\"thumbnailUrl\":\"https:\/\/now-news.de\/de\/wp-content\/uploads\/sites\/3\/2023\/07\/quotGehorsam-und-Anpassung-wie-zu-Zeiten-der-Fuerstenquot-Joachim-Gauck.jpg\",\"keywords\":[\"Anpassung\",\"bei\",\"der\",\"F\u00fcrstenquot\",\"Gauck\",\"Joachim\",\"Lanz\",\"quotGehorsam\",\"und\",\"Wie\",\"Zeiten\"],\"articleSection\":[\"Deutschland\",\"Russland\"],\"inLanguage\":\"de\",\"potentialAction\":[{\"@type\":\"CommentAction\",\"name\":\"Comment\",\"target\":[\"https:\/\/now-news.de\/de\/deutschland\/gehorsam-und-anpassung-wie-zu-zeiten-der-fuersten-joachim-gauck-bei-lanz\/#respond\"]}]},{\"@type\":\"WebPage\",\"@id\":\"https:\/\/now-news.de\/de\/deutschland\/gehorsam-und-anpassung-wie-zu-zeiten-der-fuersten-joachim-gauck-bei-lanz\/\",\"url\":\"https:\/\/now-news.de\/de\/deutschland\/gehorsam-und-anpassung-wie-zu-zeiten-der-fuersten-joachim-gauck-bei-lanz\/\",\"name\":\"&quot;Gehorsam und Anpassung wie zu Zeiten der F\u00fcrsten&quot;: Joachim Gauck bei Lanz - just-now.NEWS Deutschland\",\"isPartOf\":{\"@id\":\"https:\/\/now-news.de\/de\/#website\"},\"primaryImageOfPage\":{\"@id\":\"https:\/\/now-news.de\/de\/deutschland\/gehorsam-und-anpassung-wie-zu-zeiten-der-fuersten-joachim-gauck-bei-lanz\/#primaryimage\"},\"image\":{\"@id\":\"https:\/\/now-news.de\/de\/deutschland\/gehorsam-und-anpassung-wie-zu-zeiten-der-fuersten-joachim-gauck-bei-lanz\/#primaryimage\"},\"thumbnailUrl\":\"https:\/\/now-news.de\/de\/wp-content\/uploads\/sites\/3\/2023\/07\/quotGehorsam-und-Anpassung-wie-zu-Zeiten-der-Fuerstenquot-Joachim-Gauck.jpg\",\"datePublished\":\"2023-07-19T19:22:34+00:00\",\"dateModified\":\"2023-07-19T19:22:34+00:00\",\"breadcrumb\":{\"@id\":\"https:\/\/now-news.de\/de\/deutschland\/gehorsam-und-anpassung-wie-zu-zeiten-der-fuersten-joachim-gauck-bei-lanz\/#breadcrumb\"},\"inLanguage\":\"de\",\"potentialAction\":[{\"@type\":\"ReadAction\",\"target\":[\"https:\/\/now-news.de\/de\/deutschland\/gehorsam-und-anpassung-wie-zu-zeiten-der-fuersten-joachim-gauck-bei-lanz\/\"]}]},{\"@type\":\"ImageObject\",\"inLanguage\":\"de\",\"@id\":\"https:\/\/now-news.de\/de\/deutschland\/gehorsam-und-anpassung-wie-zu-zeiten-der-fuersten-joachim-gauck-bei-lanz\/#primaryimage\",\"url\":\"https:\/\/now-news.de\/de\/wp-content\/uploads\/sites\/3\/2023\/07\/quotGehorsam-und-Anpassung-wie-zu-Zeiten-der-Fuerstenquot-Joachim-Gauck.jpg\",\"contentUrl\":\"https:\/\/now-news.de\/de\/wp-content\/uploads\/sites\/3\/2023\/07\/quotGehorsam-und-Anpassung-wie-zu-Zeiten-der-Fuerstenquot-Joachim-Gauck.jpg\",\"width\":460,\"height\":259,\"caption\":\"&quot;Gehorsam und Anpassung wie zu Zeiten der F\u00fcrsten&quot;: Joachim Gauck bei Lanz\"},{\"@type\":\"BreadcrumbList\",\"@id\":\"https:\/\/now-news.de\/de\/deutschland\/gehorsam-und-anpassung-wie-zu-zeiten-der-fuersten-joachim-gauck-bei-lanz\/#breadcrumb\",\"itemListElement\":[{\"@type\":\"ListItem\",\"position\":1,\"name\":\"Home\",\"item\":\"https:\/\/now-news.de\/de\/\"},{\"@type\":\"ListItem\",\"position\":2,\"name\":\"&quot;Gehorsam und Anpassung wie zu Zeiten der F\u00fcrsten&quot;: Joachim Gauck bei Lanz\"}]},{\"@type\":\"WebSite\",\"@id\":\"https:\/\/now-news.de\/de\/#website\",\"url\":\"https:\/\/now-news.de\/de\/\",\"name\":\"just-now.NEWS Deutschland\",\"description\":\"Das Portal f\u00fcr unzensierte Nachrichten aus der Welt\",\"publisher\":{\"@id\":\"https:\/\/now-news.de\/de\/#organization\"},\"potentialAction\":[{\"@type\":\"SearchAction\",\"target\":{\"@type\":\"EntryPoint\",\"urlTemplate\":\"https:\/\/now-news.de\/de\/?s={search_term_string}\"},\"query-input\":\"required name=search_term_string\"}],\"inLanguage\":\"de\"},{\"@type\":\"Organization\",\"@id\":\"https:\/\/now-news.de\/de\/#organization\",\"name\":\"Just Now News\",\"url\":\"https:\/\/now-news.de\/de\/\",\"logo\":{\"@type\":\"ImageObject\",\"inLanguage\":\"de\",\"@id\":\"https:\/\/now-news.de\/de\/#\/schema\/logo\/image\/\",\"url\":\"http:\/\/just-now.news\/de\/wp-content\/uploads\/sites\/3\/2022\/04\/logo500x500.jpg\",\"contentUrl\":\"http:\/\/just-now.news\/de\/wp-content\/uploads\/sites\/3\/2022\/04\/logo500x500.jpg\",\"width\":500,\"height\":500,\"caption\":\"Just Now News\"},\"image\":{\"@id\":\"https:\/\/now-news.de\/de\/#\/schema\/logo\/image\/\"},\"sameAs\":[\"https:\/\/www.facebook.com\/wirmachenauf\",\"https:\/\/x.com\/WirMachenAuf_de\"]},{\"@type\":\"Person\",\"@id\":\"https:\/\/now-news.de\/de\/#\/schema\/person\/fb534a4e865501d8b3285208df34a9b5\",\"name\":\"rtnews\",\"image\":{\"@type\":\"ImageObject\",\"inLanguage\":\"de\",\"@id\":\"https:\/\/now-news.de\/de\/#\/schema\/person\/image\/\",\"url\":\"https:\/\/secure.gravatar.com\/avatar\/82aafea7d8127119dd649515f56e2117?s=96&d=mm&r=g\",\"contentUrl\":\"https:\/\/secure.gravatar.com\/avatar\/82aafea7d8127119dd649515f56e2117?s=96&d=mm&r=g\",\"caption\":\"rtnews\"},\"url\":\"https:\/\/now-news.de\/de\/author\/rnews\/\"}]}<\/script>\n<!-- \/ Yoast SEO Premium plugin. -->","yoast_head_json":{"title":"&quot;Gehorsam und Anpassung wie zu Zeiten der F\u00fcrsten&quot;: Joachim Gauck bei Lanz - just-now.NEWS Deutschland","robots":{"index":"index","follow":"follow","max-snippet":"max-snippet:-1","max-image-preview":"max-image-preview:large","max-video-preview":"max-video-preview:-1"},"canonical":"https:\/\/now-news.de\/de\/deutschland\/gehorsam-und-anpassung-wie-zu-zeiten-der-fuersten-joachim-gauck-bei-lanz\/","og_locale":"de_DE","og_type":"article","og_title":"&quot;Gehorsam und Anpassung wie zu Zeiten der F\u00fcrsten&quot;: Joachim Gauck bei Lanz","og_description":"Sie musste ja wieder aufgegriffen werden, die Sage von den angeblich so rechten und autorit\u00e4ren Ossis. Schon allein wegen der Umfrageergebnisse der AfD. Und wer ist besser daf\u00fcr geeignet als Joachim Gauck, selbst ein Erzrechter, aber als Pfarrer geschult darin, Worte zu verdrehen? Von Dagmar Henn Ehe man Joachim Gauck zuh\u00f6rt oder \u00fcberlegt, ob und [&hellip;]","og_url":"https:\/\/now-news.de\/de\/deutschland\/gehorsam-und-anpassung-wie-zu-zeiten-der-fuersten-joachim-gauck-bei-lanz\/","og_site_name":"just-now.NEWS Deutschland","article_publisher":"https:\/\/www.facebook.com\/wirmachenauf","article_published_time":"2023-07-19T19:22:34+00:00","og_image":[{"width":460,"height":259,"url":"https:\/\/now-news.de\/de\/wp-content\/uploads\/sites\/3\/2023\/07\/quotGehorsam-und-Anpassung-wie-zu-Zeiten-der-Fuerstenquot-Joachim-Gauck.jpg","type":"image\/jpeg"}],"author":"rtnews","twitter_card":"summary_large_image","twitter_creator":"@WirMachenAuf_de","twitter_site":"@WirMachenAuf_de","twitter_misc":{"Verfasst von":"rtnews","Gesch\u00e4tzte Lesezeit":"7\u00a0Minuten"},"schema":{"@context":"https:\/\/schema.org","@graph":[{"@type":"Article","@id":"https:\/\/now-news.de\/de\/deutschland\/gehorsam-und-anpassung-wie-zu-zeiten-der-fuersten-joachim-gauck-bei-lanz\/#article","isPartOf":{"@id":"https:\/\/now-news.de\/de\/deutschland\/gehorsam-und-anpassung-wie-zu-zeiten-der-fuersten-joachim-gauck-bei-lanz\/"},"author":{"name":"rtnews","@id":"https:\/\/now-news.de\/de\/#\/schema\/person\/fb534a4e865501d8b3285208df34a9b5"},"headline":"&quot;Gehorsam und Anpassung wie zu Zeiten der F\u00fcrsten&quot;: Joachim Gauck bei Lanz","datePublished":"2023-07-19T19:22:34+00:00","dateModified":"2023-07-19T19:22:34+00:00","mainEntityOfPage":{"@id":"https:\/\/now-news.de\/de\/deutschland\/gehorsam-und-anpassung-wie-zu-zeiten-der-fuersten-joachim-gauck-bei-lanz\/"},"wordCount":1465,"commentCount":0,"publisher":{"@id":"https:\/\/now-news.de\/de\/#organization"},"image":{"@id":"https:\/\/now-news.de\/de\/deutschland\/gehorsam-und-anpassung-wie-zu-zeiten-der-fuersten-joachim-gauck-bei-lanz\/#primaryimage"},"thumbnailUrl":"https:\/\/now-news.de\/de\/wp-content\/uploads\/sites\/3\/2023\/07\/quotGehorsam-und-Anpassung-wie-zu-Zeiten-der-Fuerstenquot-Joachim-Gauck.jpg","keywords":["Anpassung","bei","der","F\u00fcrstenquot","Gauck","Joachim","Lanz","quotGehorsam","und","Wie","Zeiten"],"articleSection":["Deutschland","Russland"],"inLanguage":"de","potentialAction":[{"@type":"CommentAction","name":"Comment","target":["https:\/\/now-news.de\/de\/deutschland\/gehorsam-und-anpassung-wie-zu-zeiten-der-fuersten-joachim-gauck-bei-lanz\/#respond"]}]},{"@type":"WebPage","@id":"https:\/\/now-news.de\/de\/deutschland\/gehorsam-und-anpassung-wie-zu-zeiten-der-fuersten-joachim-gauck-bei-lanz\/","url":"https:\/\/now-news.de\/de\/deutschland\/gehorsam-und-anpassung-wie-zu-zeiten-der-fuersten-joachim-gauck-bei-lanz\/","name":"&quot;Gehorsam und Anpassung wie zu Zeiten der F\u00fcrsten&quot;: Joachim Gauck bei Lanz - just-now.NEWS Deutschland","isPartOf":{"@id":"https:\/\/now-news.de\/de\/#website"},"primaryImageOfPage":{"@id":"https:\/\/now-news.de\/de\/deutschland\/gehorsam-und-anpassung-wie-zu-zeiten-der-fuersten-joachim-gauck-bei-lanz\/#primaryimage"},"image":{"@id":"https:\/\/now-news.de\/de\/deutschland\/gehorsam-und-anpassung-wie-zu-zeiten-der-fuersten-joachim-gauck-bei-lanz\/#primaryimage"},"thumbnailUrl":"https:\/\/now-news.de\/de\/wp-content\/uploads\/sites\/3\/2023\/07\/quotGehorsam-und-Anpassung-wie-zu-Zeiten-der-Fuerstenquot-Joachim-Gauck.jpg","datePublished":"2023-07-19T19:22:34+00:00","dateModified":"2023-07-19T19:22:34+00:00","breadcrumb":{"@id":"https:\/\/now-news.de\/de\/deutschland\/gehorsam-und-anpassung-wie-zu-zeiten-der-fuersten-joachim-gauck-bei-lanz\/#breadcrumb"},"inLanguage":"de","potentialAction":[{"@type":"ReadAction","target":["https:\/\/now-news.de\/de\/deutschland\/gehorsam-und-anpassung-wie-zu-zeiten-der-fuersten-joachim-gauck-bei-lanz\/"]}]},{"@type":"ImageObject","inLanguage":"de","@id":"https:\/\/now-news.de\/de\/deutschland\/gehorsam-und-anpassung-wie-zu-zeiten-der-fuersten-joachim-gauck-bei-lanz\/#primaryimage","url":"https:\/\/now-news.de\/de\/wp-content\/uploads\/sites\/3\/2023\/07\/quotGehorsam-und-Anpassung-wie-zu-Zeiten-der-Fuerstenquot-Joachim-Gauck.jpg","contentUrl":"https:\/\/now-news.de\/de\/wp-content\/uploads\/sites\/3\/2023\/07\/quotGehorsam-und-Anpassung-wie-zu-Zeiten-der-Fuerstenquot-Joachim-Gauck.jpg","width":460,"height":259,"caption":"&quot;Gehorsam und Anpassung wie zu Zeiten der F\u00fcrsten&quot;: Joachim Gauck bei Lanz"},{"@type":"BreadcrumbList","@id":"https:\/\/now-news.de\/de\/deutschland\/gehorsam-und-anpassung-wie-zu-zeiten-der-fuersten-joachim-gauck-bei-lanz\/#breadcrumb","itemListElement":[{"@type":"ListItem","position":1,"name":"Home","item":"https:\/\/now-news.de\/de\/"},{"@type":"ListItem","position":2,"name":"&quot;Gehorsam und Anpassung wie zu Zeiten der F\u00fcrsten&quot;: Joachim Gauck bei Lanz"}]},{"@type":"WebSite","@id":"https:\/\/now-news.de\/de\/#website","url":"https:\/\/now-news.de\/de\/","name":"just-now.NEWS Deutschland","description":"Das Portal f\u00fcr unzensierte Nachrichten aus der Welt","publisher":{"@id":"https:\/\/now-news.de\/de\/#organization"},"potentialAction":[{"@type":"SearchAction","target":{"@type":"EntryPoint","urlTemplate":"https:\/\/now-news.de\/de\/?s={search_term_string}"},"query-input":"required name=search_term_string"}],"inLanguage":"de"},{"@type":"Organization","@id":"https:\/\/now-news.de\/de\/#organization","name":"Just Now News","url":"https:\/\/now-news.de\/de\/","logo":{"@type":"ImageObject","inLanguage":"de","@id":"https:\/\/now-news.de\/de\/#\/schema\/logo\/image\/","url":"http:\/\/just-now.news\/de\/wp-content\/uploads\/sites\/3\/2022\/04\/logo500x500.jpg","contentUrl":"http:\/\/just-now.news\/de\/wp-content\/uploads\/sites\/3\/2022\/04\/logo500x500.jpg","width":500,"height":500,"caption":"Just Now News"},"image":{"@id":"https:\/\/now-news.de\/de\/#\/schema\/logo\/image\/"},"sameAs":["https:\/\/www.facebook.com\/wirmachenauf","https:\/\/x.com\/WirMachenAuf_de"]},{"@type":"Person","@id":"https:\/\/now-news.de\/de\/#\/schema\/person\/fb534a4e865501d8b3285208df34a9b5","name":"rtnews","image":{"@type":"ImageObject","inLanguage":"de","@id":"https:\/\/now-news.de\/de\/#\/schema\/person\/image\/","url":"https:\/\/secure.gravatar.com\/avatar\/82aafea7d8127119dd649515f56e2117?s=96&d=mm&r=g","contentUrl":"https:\/\/secure.gravatar.com\/avatar\/82aafea7d8127119dd649515f56e2117?s=96&d=mm&r=g","caption":"rtnews"},"url":"https:\/\/now-news.de\/de\/author\/rnews\/"}]}},"_links":{"self":[{"href":"https:\/\/now-news.de\/de\/wp-json\/wp\/v2\/posts\/40478"}],"collection":[{"href":"https:\/\/now-news.de\/de\/wp-json\/wp\/v2\/posts"}],"about":[{"href":"https:\/\/now-news.de\/de\/wp-json\/wp\/v2\/types\/post"}],"author":[{"embeddable":true,"href":"https:\/\/now-news.de\/de\/wp-json\/wp\/v2\/users\/3"}],"replies":[{"embeddable":true,"href":"https:\/\/now-news.de\/de\/wp-json\/wp\/v2\/comments?post=40478"}],"version-history":[{"count":0,"href":"https:\/\/now-news.de\/de\/wp-json\/wp\/v2\/posts\/40478\/revisions"}],"wp:featuredmedia":[{"embeddable":true,"href":"https:\/\/now-news.de\/de\/wp-json\/wp\/v2\/media\/40479"}],"wp:attachment":[{"href":"https:\/\/now-news.de\/de\/wp-json\/wp\/v2\/media?parent=40478"}],"wp:term":[{"taxonomy":"category","embeddable":true,"href":"https:\/\/now-news.de\/de\/wp-json\/wp\/v2\/categories?post=40478"},{"taxonomy":"post_tag","embeddable":true,"href":"https:\/\/now-news.de\/de\/wp-json\/wp\/v2\/tags?post=40478"}],"curies":[{"name":"wp","href":"https:\/\/api.w.org\/{rel}","templated":true}]}}