{"id":40458,"date":"2023-07-19T18:35:42","date_gmt":"2023-07-19T16:35:42","guid":{"rendered":"https:\/\/just-now.news\/de\/deutschland\/medienbericht-eu-verhaengt-militaersanktionen-gegen-weissrussland\/"},"modified":"2023-07-19T18:35:42","modified_gmt":"2023-07-19T16:35:42","slug":"medienbericht-eu-verhaengt-militaersanktionen-gegen-weissrussland","status":"publish","type":"post","link":"https:\/\/now-news.de\/de\/deutschland\/medienbericht-eu-verhaengt-militaersanktionen-gegen-weissrussland\/","title":{"rendered":"Medienbericht: EU verh\u00e4ngt Milit\u00e4rsanktionen gegen Wei\u00dfrussland"},"content":{"rendered":"<p><img decoding=\"async\" src=\"http:\/\/just-now.news\/de\/wp-content\/uploads\/sites\/3\/2023\/07\/64b7e39348fbef337967661c.jpg\" \/><\/p>\n<div class=\"Text-root Text-type_1 \">\n                Medienberichten zufolge wird die EU neue Sanktionen gegen Wei\u00dfrussland verh\u00e4ngen. Die neuen Restriktionen gegen Minsk werden die gleichen sein, die bereits gegen Moskau verh\u00e4ngt wurden, so Insider gegen\u00fcber Politico.\n            <\/div>\n<p><\/p>\n<div class=\"Text-root Text-type_5 ArticleView-text ViewText-root \">\n<p>Die EU-L\u00e4nder haben sich informell auf eine neue Runde von Milit\u00e4rsanktionen gegen Russlands engen Verb\u00fcndeten Wei\u00dfrussland geeinigt, teilten ungenannte europ\u00e4ische Diplomaten gegen\u00fcber dem Magazin <em>Politico<\/em> mit.<\/p>\n<p>Das neue Sanktionspaket sieht Beschr\u00e4nkungen f\u00fcr die Lieferung von Kriegsger\u00e4t, einschlie\u00dflich Flugzeugteilen, nach Minsk vor, berichtete die Zeitung am Dienstag.<\/p>\n<p>Die Liste der eingeschr\u00e4nkten G\u00fcter wird den Quellen zufolge die Sanktionen widerspiegeln, die Br\u00fcssel wegen des Ukraine-Konflikts gegen Moskau verh\u00e4ngt hatte.<\/p>\n<p>Das Paket zielt darauf ab, gegen milit\u00e4rische Komponenten vorzugehen, die angeblich illegal \u00fcber Wei\u00dfrussland nach Russland geliefert werden, so die Diplomaten.<\/p>\n<p>Die neuen Sanktionen w\u00fcrden als ein Schritt in Richtung eines umfassenderen EU-Abkommens zur Einschr\u00e4nkung von Minsk betrachtet.<\/p>\n<p>Den Quellen zufolge sollte die Europ\u00e4ische Kommission den Diplomaten der EU bereits heute Unterlagen mit den Einzelheiten der milit\u00e4rischen Beschr\u00e4nkungen zukommen lassen. Es wird erwartet, dass die stellvertretenden EU-Botschafter die Sanktionen gegen Minsk in der n\u00e4chsten Woche genehmigen werden, f\u00fcgten sie hinzu.<\/p>\n<p>Die Gespr\u00e4che \u00fcber die Sanktionen gegen Wei\u00dfrussland standen im Zusammenhang mit dem sogenannten Post-Cotonou-Abkommen zwischen der EU und 79 afrikanischen und karibischen Staaten. Das Abkommen war aufgrund der Haltung Polens f\u00fcr lange Zeit ins Stocken geraten. Warschau hat sich bereit erkl\u00e4rt, seinen Widerstand gegen das Abkommen zu beenden, um zu bewirken, dass Minsk sanktioniert wird, erl\u00e4uterten die Diplomaten.<\/p>\n<p>Der wei\u00dfrussische Pr\u00e4sident Alexander Lukaschenko \u00e4u\u00dferte sich im vergangenen Monat zu den westlichen Sanktionen und erkl\u00e4rte, diese h\u00e4tten sich &#8220;bereits von einem Instrument zur Durchsetzung von Frieden und Sicherheit in eine neue komplexe Bedrohung auf globaler Ebene verwandelt, die ganze Regionen zu Hunger, K\u00e4lte und Armut verurteilt&#8221;.<\/p>\n<p>Wei\u00dfrussland wurde von den USA und der EU im Zuge des Ukraine-Konflikts strengen Beschr\u00e4nkungen unterworfen, obwohl das Land nicht direkt in die Gefechte verwickelt ist. Minsk hat Russland erlaubt, sein Territorium w\u00e4hrend der Milit\u00e4roperation, die im Februar 2022 begann, zu nutzen.<\/p>\n<p>Im vergangenen Herbst richteten Moskau und Minsk eine gemeinsame Streitmacht auf wei\u00dfrussischem Gebiet ein, und im Juni best\u00e4tigte der russische Pr\u00e4sident Wladimir Putin die Stationierung der ersten russischen taktischen Atomwaffen in Wei\u00dfrussland als Teil einer Vereinbarung zwischen den Verb\u00fcndeten. Lukaschenko hat erkl\u00e4rt, dass diese Schritte notwendig seien, um aggressive Pl\u00e4ne des Westens gegen sein Land und Versuche, es in den Ukraine-Konflikt hineinzuziehen, zu verhindern.<\/p>\n<p><strong>Mehr zum Thema<\/strong> &#8211;\u00a0<a rel=\"nofollow noopener\" target=\"_blank\" href=\"https:\/\/freeassange.rtde.life\/international\/131481-liveticker-ukraine-krieg\/\">Liveticker Ukraine-Krieg \u2013 Beamter: Ukrainische Beh\u00f6rden bereiten Evakuierung von Charkow vor<\/a><br \/><strong><\/strong><\/p>\n<\/div>\n<p><br \/>\n<br \/><a href=\"https:\/\/de.rt.com\/europa\/175666-medienbericht-eu-verhaengt-militaersanktionen-gegen\/\">Source link <\/a><\/p>\n","protected":false},"excerpt":{"rendered":"<p>Medienberichten zufolge wird die EU neue Sanktionen gegen Wei\u00dfrussland verh\u00e4ngen. Die neuen Restriktionen gegen Minsk werden die gleichen sein, die bereits gegen Moskau verh\u00e4ngt wurden, so Insider gegen\u00fcber Politico. Die EU-L\u00e4nder haben sich informell auf eine neue Runde von Milit\u00e4rsanktionen gegen Russlands engen Verb\u00fcndeten Wei\u00dfrussland geeinigt, teilten ungenannte europ\u00e4ische Diplomaten gegen\u00fcber dem Magazin Politico mit. [&hellip;]<\/p>\n","protected":false},"author":3,"featured_media":40459,"comment_status":"open","ping_status":"open","sticky":false,"template":"","format":"standard","meta":{"_yoast_indexnow_last_ping":["1689784617"],"wp_automatic_camp":["217"],"ed8f7a730cb7a6d1528aa86537c6c564":["Medienbericht: EU verh\u00e4ngt Milit\u00e4rsanktionen gegen Wei\u00dfrussland"],"original_link":["https:\/\/de.rt.com\/europa\/175666-medienbericht-eu-verhaengt-militaersanktionen-gegen\/"],"_thumbnail_id":["40459"],"jnews_social_counter_last_update":["1777254203"],"_wptgpro_p2tg_sent2tg":["a:1:{i:23737;s:19:\"2023-07-19 18:38:26\";}"]},"categories":[19,23],"tags":[278,869,46913,10528,18575],"yoast_head":"<!-- This site is optimized with the Yoast SEO Premium plugin v22.7 (Yoast SEO v22.7) - https:\/\/yoast.com\/wordpress\/plugins\/seo\/ -->\n<title>Medienbericht: EU verh\u00e4ngt Milit\u00e4rsanktionen gegen Wei\u00dfrussland - just-now.NEWS Deutschland<\/title>\n<meta name=\"robots\" content=\"index, follow, max-snippet:-1, max-image-preview:large, max-video-preview:-1\" \/>\n<link rel=\"canonical\" href=\"https:\/\/now-news.de\/de\/deutschland\/medienbericht-eu-verhaengt-militaersanktionen-gegen-weissrussland\/\" \/>\n<meta property=\"og:locale\" content=\"de_DE\" \/>\n<meta property=\"og:type\" content=\"article\" \/>\n<meta property=\"og:title\" content=\"Medienbericht: EU verh\u00e4ngt Milit\u00e4rsanktionen gegen Wei\u00dfrussland\" \/>\n<meta property=\"og:description\" content=\"Medienberichten zufolge wird die EU neue Sanktionen gegen Wei\u00dfrussland verh\u00e4ngen. Die neuen Restriktionen gegen Minsk werden die gleichen sein, die bereits gegen Moskau verh\u00e4ngt wurden, so Insider gegen\u00fcber Politico. Die EU-L\u00e4nder haben sich informell auf eine neue Runde von Milit\u00e4rsanktionen gegen Russlands engen Verb\u00fcndeten Wei\u00dfrussland geeinigt, teilten ungenannte europ\u00e4ische Diplomaten gegen\u00fcber dem Magazin Politico mit. [&hellip;]\" \/>\n<meta property=\"og:url\" content=\"https:\/\/now-news.de\/de\/deutschland\/medienbericht-eu-verhaengt-militaersanktionen-gegen-weissrussland\/\" \/>\n<meta property=\"og:site_name\" content=\"just-now.NEWS Deutschland\" \/>\n<meta property=\"article:publisher\" content=\"https:\/\/www.facebook.com\/wirmachenauf\" \/>\n<meta property=\"article:published_time\" content=\"2023-07-19T16:35:42+00:00\" \/>\n<meta property=\"og:image\" content=\"https:\/\/now-news.de\/de\/wp-content\/uploads\/sites\/3\/2023\/07\/Medienbericht-EU-verhaengt-Militaersanktionen-gegen-Weissrussland.jpg\" \/>\n\t<meta property=\"og:image:width\" content=\"460\" \/>\n\t<meta property=\"og:image:height\" content=\"259\" \/>\n\t<meta property=\"og:image:type\" content=\"image\/jpeg\" \/>\n<meta name=\"author\" content=\"rtnews\" \/>\n<meta name=\"twitter:card\" content=\"summary_large_image\" \/>\n<meta name=\"twitter:creator\" content=\"@WirMachenAuf_de\" \/>\n<meta name=\"twitter:site\" content=\"@WirMachenAuf_de\" \/>\n<meta name=\"twitter:label1\" content=\"Verfasst von\" \/>\n\t<meta name=\"twitter:data1\" content=\"rtnews\" \/>\n\t<meta name=\"twitter:label2\" content=\"Gesch\u00e4tzte Lesezeit\" \/>\n\t<meta name=\"twitter:data2\" content=\"2\u00a0Minuten\" \/>\n<script type=\"application\/ld+json\" class=\"yoast-schema-graph\">{\"@context\":\"https:\/\/schema.org\",\"@graph\":[{\"@type\":\"Article\",\"@id\":\"https:\/\/now-news.de\/de\/deutschland\/medienbericht-eu-verhaengt-militaersanktionen-gegen-weissrussland\/#article\",\"isPartOf\":{\"@id\":\"https:\/\/now-news.de\/de\/deutschland\/medienbericht-eu-verhaengt-militaersanktionen-gegen-weissrussland\/\"},\"author\":{\"name\":\"rtnews\",\"@id\":\"https:\/\/now-news.de\/de\/#\/schema\/person\/fb534a4e865501d8b3285208df34a9b5\"},\"headline\":\"Medienbericht: EU verh\u00e4ngt Milit\u00e4rsanktionen gegen Wei\u00dfrussland\",\"datePublished\":\"2023-07-19T16:35:42+00:00\",\"dateModified\":\"2023-07-19T16:35:42+00:00\",\"mainEntityOfPage\":{\"@id\":\"https:\/\/now-news.de\/de\/deutschland\/medienbericht-eu-verhaengt-militaersanktionen-gegen-weissrussland\/\"},\"wordCount\":460,\"commentCount\":0,\"publisher\":{\"@id\":\"https:\/\/now-news.de\/de\/#organization\"},\"image\":{\"@id\":\"https:\/\/now-news.de\/de\/deutschland\/medienbericht-eu-verhaengt-militaersanktionen-gegen-weissrussland\/#primaryimage\"},\"thumbnailUrl\":\"https:\/\/now-news.de\/de\/wp-content\/uploads\/sites\/3\/2023\/07\/Medienbericht-EU-verhaengt-Militaersanktionen-gegen-Weissrussland.jpg\",\"keywords\":[\"gegen\",\"Medienbericht\",\"Milit\u00e4rsanktionen\",\"verh\u00e4ngt\",\"Wei\u00dfrussland\"],\"articleSection\":[\"Deutschland\",\"Russland\"],\"inLanguage\":\"de\",\"potentialAction\":[{\"@type\":\"CommentAction\",\"name\":\"Comment\",\"target\":[\"https:\/\/now-news.de\/de\/deutschland\/medienbericht-eu-verhaengt-militaersanktionen-gegen-weissrussland\/#respond\"]}]},{\"@type\":\"WebPage\",\"@id\":\"https:\/\/now-news.de\/de\/deutschland\/medienbericht-eu-verhaengt-militaersanktionen-gegen-weissrussland\/\",\"url\":\"https:\/\/now-news.de\/de\/deutschland\/medienbericht-eu-verhaengt-militaersanktionen-gegen-weissrussland\/\",\"name\":\"Medienbericht: EU verh\u00e4ngt Milit\u00e4rsanktionen gegen Wei\u00dfrussland - just-now.NEWS Deutschland\",\"isPartOf\":{\"@id\":\"https:\/\/now-news.de\/de\/#website\"},\"primaryImageOfPage\":{\"@id\":\"https:\/\/now-news.de\/de\/deutschland\/medienbericht-eu-verhaengt-militaersanktionen-gegen-weissrussland\/#primaryimage\"},\"image\":{\"@id\":\"https:\/\/now-news.de\/de\/deutschland\/medienbericht-eu-verhaengt-militaersanktionen-gegen-weissrussland\/#primaryimage\"},\"thumbnailUrl\":\"https:\/\/now-news.de\/de\/wp-content\/uploads\/sites\/3\/2023\/07\/Medienbericht-EU-verhaengt-Militaersanktionen-gegen-Weissrussland.jpg\",\"datePublished\":\"2023-07-19T16:35:42+00:00\",\"dateModified\":\"2023-07-19T16:35:42+00:00\",\"breadcrumb\":{\"@id\":\"https:\/\/now-news.de\/de\/deutschland\/medienbericht-eu-verhaengt-militaersanktionen-gegen-weissrussland\/#breadcrumb\"},\"inLanguage\":\"de\",\"potentialAction\":[{\"@type\":\"ReadAction\",\"target\":[\"https:\/\/now-news.de\/de\/deutschland\/medienbericht-eu-verhaengt-militaersanktionen-gegen-weissrussland\/\"]}]},{\"@type\":\"ImageObject\",\"inLanguage\":\"de\",\"@id\":\"https:\/\/now-news.de\/de\/deutschland\/medienbericht-eu-verhaengt-militaersanktionen-gegen-weissrussland\/#primaryimage\",\"url\":\"https:\/\/now-news.de\/de\/wp-content\/uploads\/sites\/3\/2023\/07\/Medienbericht-EU-verhaengt-Militaersanktionen-gegen-Weissrussland.jpg\",\"contentUrl\":\"https:\/\/now-news.de\/de\/wp-content\/uploads\/sites\/3\/2023\/07\/Medienbericht-EU-verhaengt-Militaersanktionen-gegen-Weissrussland.jpg\",\"width\":460,\"height\":259,\"caption\":\"Medienbericht: EU verh\u00e4ngt Milit\u00e4rsanktionen gegen Wei\u00dfrussland\"},{\"@type\":\"BreadcrumbList\",\"@id\":\"https:\/\/now-news.de\/de\/deutschland\/medienbericht-eu-verhaengt-militaersanktionen-gegen-weissrussland\/#breadcrumb\",\"itemListElement\":[{\"@type\":\"ListItem\",\"position\":1,\"name\":\"Home\",\"item\":\"https:\/\/now-news.de\/de\/\"},{\"@type\":\"ListItem\",\"position\":2,\"name\":\"Medienbericht: EU verh\u00e4ngt Milit\u00e4rsanktionen gegen Wei\u00dfrussland\"}]},{\"@type\":\"WebSite\",\"@id\":\"https:\/\/now-news.de\/de\/#website\",\"url\":\"https:\/\/now-news.de\/de\/\",\"name\":\"just-now.NEWS Deutschland\",\"description\":\"Das Portal f\u00fcr unzensierte Nachrichten aus der Welt\",\"publisher\":{\"@id\":\"https:\/\/now-news.de\/de\/#organization\"},\"potentialAction\":[{\"@type\":\"SearchAction\",\"target\":{\"@type\":\"EntryPoint\",\"urlTemplate\":\"https:\/\/now-news.de\/de\/?s={search_term_string}\"},\"query-input\":\"required name=search_term_string\"}],\"inLanguage\":\"de\"},{\"@type\":\"Organization\",\"@id\":\"https:\/\/now-news.de\/de\/#organization\",\"name\":\"Just Now News\",\"url\":\"https:\/\/now-news.de\/de\/\",\"logo\":{\"@type\":\"ImageObject\",\"inLanguage\":\"de\",\"@id\":\"https:\/\/now-news.de\/de\/#\/schema\/logo\/image\/\",\"url\":\"http:\/\/just-now.news\/de\/wp-content\/uploads\/sites\/3\/2022\/04\/logo500x500.jpg\",\"contentUrl\":\"http:\/\/just-now.news\/de\/wp-content\/uploads\/sites\/3\/2022\/04\/logo500x500.jpg\",\"width\":500,\"height\":500,\"caption\":\"Just Now News\"},\"image\":{\"@id\":\"https:\/\/now-news.de\/de\/#\/schema\/logo\/image\/\"},\"sameAs\":[\"https:\/\/www.facebook.com\/wirmachenauf\",\"https:\/\/x.com\/WirMachenAuf_de\"]},{\"@type\":\"Person\",\"@id\":\"https:\/\/now-news.de\/de\/#\/schema\/person\/fb534a4e865501d8b3285208df34a9b5\",\"name\":\"rtnews\",\"image\":{\"@type\":\"ImageObject\",\"inLanguage\":\"de\",\"@id\":\"https:\/\/now-news.de\/de\/#\/schema\/person\/image\/\",\"url\":\"https:\/\/secure.gravatar.com\/avatar\/82aafea7d8127119dd649515f56e2117?s=96&d=mm&r=g\",\"contentUrl\":\"https:\/\/secure.gravatar.com\/avatar\/82aafea7d8127119dd649515f56e2117?s=96&d=mm&r=g\",\"caption\":\"rtnews\"},\"url\":\"https:\/\/now-news.de\/de\/author\/rnews\/\"}]}<\/script>\n<!-- \/ Yoast SEO Premium plugin. -->","yoast_head_json":{"title":"Medienbericht: EU verh\u00e4ngt Milit\u00e4rsanktionen gegen Wei\u00dfrussland - just-now.NEWS Deutschland","robots":{"index":"index","follow":"follow","max-snippet":"max-snippet:-1","max-image-preview":"max-image-preview:large","max-video-preview":"max-video-preview:-1"},"canonical":"https:\/\/now-news.de\/de\/deutschland\/medienbericht-eu-verhaengt-militaersanktionen-gegen-weissrussland\/","og_locale":"de_DE","og_type":"article","og_title":"Medienbericht: EU verh\u00e4ngt Milit\u00e4rsanktionen gegen Wei\u00dfrussland","og_description":"Medienberichten zufolge wird die EU neue Sanktionen gegen Wei\u00dfrussland verh\u00e4ngen. Die neuen Restriktionen gegen Minsk werden die gleichen sein, die bereits gegen Moskau verh\u00e4ngt wurden, so Insider gegen\u00fcber Politico. Die EU-L\u00e4nder haben sich informell auf eine neue Runde von Milit\u00e4rsanktionen gegen Russlands engen Verb\u00fcndeten Wei\u00dfrussland geeinigt, teilten ungenannte europ\u00e4ische Diplomaten gegen\u00fcber dem Magazin Politico mit. [&hellip;]","og_url":"https:\/\/now-news.de\/de\/deutschland\/medienbericht-eu-verhaengt-militaersanktionen-gegen-weissrussland\/","og_site_name":"just-now.NEWS Deutschland","article_publisher":"https:\/\/www.facebook.com\/wirmachenauf","article_published_time":"2023-07-19T16:35:42+00:00","og_image":[{"width":460,"height":259,"url":"https:\/\/now-news.de\/de\/wp-content\/uploads\/sites\/3\/2023\/07\/Medienbericht-EU-verhaengt-Militaersanktionen-gegen-Weissrussland.jpg","type":"image\/jpeg"}],"author":"rtnews","twitter_card":"summary_large_image","twitter_creator":"@WirMachenAuf_de","twitter_site":"@WirMachenAuf_de","twitter_misc":{"Verfasst von":"rtnews","Gesch\u00e4tzte Lesezeit":"2\u00a0Minuten"},"schema":{"@context":"https:\/\/schema.org","@graph":[{"@type":"Article","@id":"https:\/\/now-news.de\/de\/deutschland\/medienbericht-eu-verhaengt-militaersanktionen-gegen-weissrussland\/#article","isPartOf":{"@id":"https:\/\/now-news.de\/de\/deutschland\/medienbericht-eu-verhaengt-militaersanktionen-gegen-weissrussland\/"},"author":{"name":"rtnews","@id":"https:\/\/now-news.de\/de\/#\/schema\/person\/fb534a4e865501d8b3285208df34a9b5"},"headline":"Medienbericht: EU verh\u00e4ngt Milit\u00e4rsanktionen gegen Wei\u00dfrussland","datePublished":"2023-07-19T16:35:42+00:00","dateModified":"2023-07-19T16:35:42+00:00","mainEntityOfPage":{"@id":"https:\/\/now-news.de\/de\/deutschland\/medienbericht-eu-verhaengt-militaersanktionen-gegen-weissrussland\/"},"wordCount":460,"commentCount":0,"publisher":{"@id":"https:\/\/now-news.de\/de\/#organization"},"image":{"@id":"https:\/\/now-news.de\/de\/deutschland\/medienbericht-eu-verhaengt-militaersanktionen-gegen-weissrussland\/#primaryimage"},"thumbnailUrl":"https:\/\/now-news.de\/de\/wp-content\/uploads\/sites\/3\/2023\/07\/Medienbericht-EU-verhaengt-Militaersanktionen-gegen-Weissrussland.jpg","keywords":["gegen","Medienbericht","Milit\u00e4rsanktionen","verh\u00e4ngt","Wei\u00dfrussland"],"articleSection":["Deutschland","Russland"],"inLanguage":"de","potentialAction":[{"@type":"CommentAction","name":"Comment","target":["https:\/\/now-news.de\/de\/deutschland\/medienbericht-eu-verhaengt-militaersanktionen-gegen-weissrussland\/#respond"]}]},{"@type":"WebPage","@id":"https:\/\/now-news.de\/de\/deutschland\/medienbericht-eu-verhaengt-militaersanktionen-gegen-weissrussland\/","url":"https:\/\/now-news.de\/de\/deutschland\/medienbericht-eu-verhaengt-militaersanktionen-gegen-weissrussland\/","name":"Medienbericht: EU verh\u00e4ngt Milit\u00e4rsanktionen gegen Wei\u00dfrussland - just-now.NEWS Deutschland","isPartOf":{"@id":"https:\/\/now-news.de\/de\/#website"},"primaryImageOfPage":{"@id":"https:\/\/now-news.de\/de\/deutschland\/medienbericht-eu-verhaengt-militaersanktionen-gegen-weissrussland\/#primaryimage"},"image":{"@id":"https:\/\/now-news.de\/de\/deutschland\/medienbericht-eu-verhaengt-militaersanktionen-gegen-weissrussland\/#primaryimage"},"thumbnailUrl":"https:\/\/now-news.de\/de\/wp-content\/uploads\/sites\/3\/2023\/07\/Medienbericht-EU-verhaengt-Militaersanktionen-gegen-Weissrussland.jpg","datePublished":"2023-07-19T16:35:42+00:00","dateModified":"2023-07-19T16:35:42+00:00","breadcrumb":{"@id":"https:\/\/now-news.de\/de\/deutschland\/medienbericht-eu-verhaengt-militaersanktionen-gegen-weissrussland\/#breadcrumb"},"inLanguage":"de","potentialAction":[{"@type":"ReadAction","target":["https:\/\/now-news.de\/de\/deutschland\/medienbericht-eu-verhaengt-militaersanktionen-gegen-weissrussland\/"]}]},{"@type":"ImageObject","inLanguage":"de","@id":"https:\/\/now-news.de\/de\/deutschland\/medienbericht-eu-verhaengt-militaersanktionen-gegen-weissrussland\/#primaryimage","url":"https:\/\/now-news.de\/de\/wp-content\/uploads\/sites\/3\/2023\/07\/Medienbericht-EU-verhaengt-Militaersanktionen-gegen-Weissrussland.jpg","contentUrl":"https:\/\/now-news.de\/de\/wp-content\/uploads\/sites\/3\/2023\/07\/Medienbericht-EU-verhaengt-Militaersanktionen-gegen-Weissrussland.jpg","width":460,"height":259,"caption":"Medienbericht: EU verh\u00e4ngt Milit\u00e4rsanktionen gegen Wei\u00dfrussland"},{"@type":"BreadcrumbList","@id":"https:\/\/now-news.de\/de\/deutschland\/medienbericht-eu-verhaengt-militaersanktionen-gegen-weissrussland\/#breadcrumb","itemListElement":[{"@type":"ListItem","position":1,"name":"Home","item":"https:\/\/now-news.de\/de\/"},{"@type":"ListItem","position":2,"name":"Medienbericht: EU verh\u00e4ngt Milit\u00e4rsanktionen gegen Wei\u00dfrussland"}]},{"@type":"WebSite","@id":"https:\/\/now-news.de\/de\/#website","url":"https:\/\/now-news.de\/de\/","name":"just-now.NEWS Deutschland","description":"Das Portal f\u00fcr unzensierte Nachrichten aus der Welt","publisher":{"@id":"https:\/\/now-news.de\/de\/#organization"},"potentialAction":[{"@type":"SearchAction","target":{"@type":"EntryPoint","urlTemplate":"https:\/\/now-news.de\/de\/?s={search_term_string}"},"query-input":"required name=search_term_string"}],"inLanguage":"de"},{"@type":"Organization","@id":"https:\/\/now-news.de\/de\/#organization","name":"Just Now News","url":"https:\/\/now-news.de\/de\/","logo":{"@type":"ImageObject","inLanguage":"de","@id":"https:\/\/now-news.de\/de\/#\/schema\/logo\/image\/","url":"http:\/\/just-now.news\/de\/wp-content\/uploads\/sites\/3\/2022\/04\/logo500x500.jpg","contentUrl":"http:\/\/just-now.news\/de\/wp-content\/uploads\/sites\/3\/2022\/04\/logo500x500.jpg","width":500,"height":500,"caption":"Just Now News"},"image":{"@id":"https:\/\/now-news.de\/de\/#\/schema\/logo\/image\/"},"sameAs":["https:\/\/www.facebook.com\/wirmachenauf","https:\/\/x.com\/WirMachenAuf_de"]},{"@type":"Person","@id":"https:\/\/now-news.de\/de\/#\/schema\/person\/fb534a4e865501d8b3285208df34a9b5","name":"rtnews","image":{"@type":"ImageObject","inLanguage":"de","@id":"https:\/\/now-news.de\/de\/#\/schema\/person\/image\/","url":"https:\/\/secure.gravatar.com\/avatar\/82aafea7d8127119dd649515f56e2117?s=96&d=mm&r=g","contentUrl":"https:\/\/secure.gravatar.com\/avatar\/82aafea7d8127119dd649515f56e2117?s=96&d=mm&r=g","caption":"rtnews"},"url":"https:\/\/now-news.de\/de\/author\/rnews\/"}]}},"_links":{"self":[{"href":"https:\/\/now-news.de\/de\/wp-json\/wp\/v2\/posts\/40458"}],"collection":[{"href":"https:\/\/now-news.de\/de\/wp-json\/wp\/v2\/posts"}],"about":[{"href":"https:\/\/now-news.de\/de\/wp-json\/wp\/v2\/types\/post"}],"author":[{"embeddable":true,"href":"https:\/\/now-news.de\/de\/wp-json\/wp\/v2\/users\/3"}],"replies":[{"embeddable":true,"href":"https:\/\/now-news.de\/de\/wp-json\/wp\/v2\/comments?post=40458"}],"version-history":[{"count":0,"href":"https:\/\/now-news.de\/de\/wp-json\/wp\/v2\/posts\/40458\/revisions"}],"wp:featuredmedia":[{"embeddable":true,"href":"https:\/\/now-news.de\/de\/wp-json\/wp\/v2\/media\/40459"}],"wp:attachment":[{"href":"https:\/\/now-news.de\/de\/wp-json\/wp\/v2\/media?parent=40458"}],"wp:term":[{"taxonomy":"category","embeddable":true,"href":"https:\/\/now-news.de\/de\/wp-json\/wp\/v2\/categories?post=40458"},{"taxonomy":"post_tag","embeddable":true,"href":"https:\/\/now-news.de\/de\/wp-json\/wp\/v2\/tags?post=40458"}],"curies":[{"name":"wp","href":"https:\/\/api.w.org\/{rel}","templated":true}]}}