{"id":40398,"date":"2023-07-19T09:43:48","date_gmt":"2023-07-19T07:43:48","guid":{"rendered":"https:\/\/just-now.news\/de\/deutschland\/pentagon-die-ukraine-wird-jahre-brauchen-um-in-der-luft-eine-paritaet-mit-russland-zu-erreichen\/"},"modified":"2023-07-19T09:43:48","modified_gmt":"2023-07-19T07:43:48","slug":"pentagon-die-ukraine-wird-jahre-brauchen-um-in-der-luft-eine-paritaet-mit-russland-zu-erreichen","status":"publish","type":"post","link":"https:\/\/now-news.de\/de\/deutschland\/pentagon-die-ukraine-wird-jahre-brauchen-um-in-der-luft-eine-paritaet-mit-russland-zu-erreichen\/","title":{"rendered":"Pentagon: Die Ukraine wird Jahre brauchen, um in der Luft eine Parit\u00e4t mit Russland zu erreichen"},"content":{"rendered":"<p><img decoding=\"async\" src=\"http:\/\/just-now.news\/de\/wp-content\/uploads\/sites\/3\/2023\/07\/64b6dd1db480cc565d17cc80.jpg\" \/><\/p>\n<div class=\"Text-root Text-type_1 \">\n                Der Stabschef der US-Armee Mark Milley musste am Dienstag auf einer Pressekonferenz in Washington die Frage nach der Lieferung von Kampfjets f\u00fcr die Ukraine beantworten. Er sagte dazu, dass es nicht m\u00f6glich ist, die ukrainische Luftwaffe in kurzer Zeit so aufzustellen, dass sie der russischen Luftdominanz gewachsen sei.\n            <\/div>\n<p><\/p>\n<div class=\"Text-root Text-type_5 ArticleView-text ViewText-root \">\n<p>Um die milit\u00e4rischen Luft-Luft-Kapazit\u00e4ten der Ukraine auf das Niveau der Russischen Luftstreitkr\u00e4fte zu bringen, w\u00e4ren jahrelange finanzielle Investitionen und die Ausbildung von Piloten erforderlich, sagte Pentagon-Stabschef Mark Milley am Dienstag auf einer Pressekonferenz.<\/p>\n<blockquote>\n<p><em>&#8220;Zehn F-16 sind zwei Milliarden Dollar wert, die Russen haben Hunderte von Kampfflugzeugen der vierten und f\u00fcnften Generation. Wenn wir versuchen mit Russland gleichzuziehen, eins zu eins, zwei zu eins, reden wir \u00fcber eine Menge Flugzeuge, jahrelange Pilotenausbildung, jahrelange Instandhaltung, und viel Geld \u00fcber Jahre, <\/em><br \/><em>um das daf\u00fcr notwendige Niveau der finanziellen Unterst\u00fctzung zu erreichen.&#8221;<\/em><\/p>\n<\/blockquote>\n<p>erkl\u00e4rte er. Milley zufolge konzentrieren die Vereinigten Staaten ihre Bem\u00fchungen deshalb darauf, die Ukraine mit Luftabwehrf\u00e4higkeiten auszustatten.<\/p>\n<p>Im Mai erl\u00e4uterte Joe Biden auf dem G7-Gipfel in Hiroshima dem ukrainischen Pr\u00e4sidenten Wladimir Selenskij die Pl\u00e4ne, ukrainische Piloten in der Bedienung von F-16-Flugzeugen zu schulen. Gleichzeitig wies der nationale Sicherheitsberater des US-Pr\u00e4sidenten, Jake Sullivan, darauf hin, dass Washington und seine Verb\u00fcndeten noch nicht entschieden h\u00e4tten, wer dem Kiewer Regime diese Flugzeuge in welchem Umfang \u00fcberlassen w\u00fcrde.<\/p>\n<p>NATO-Generalsekret\u00e4r Jens Stoltenberg erkl\u00e4rte seinerseits am 16. Juni, dass er die genauen Bedingungen f\u00fcr die \u00dcbergabe der Kampfjets nicht nennen k\u00f6nne und f\u00fcgte hinzu, dass dies von der Ausbildung der Piloten und der Einsch\u00e4tzung der Lage durch die Verb\u00fcndeten abh\u00e4nge. Er f\u00fcgte hinzu, dass unter anderem die Niederlande und D\u00e4nemark ihre Absicht bekundet h\u00e4tten, bereits in diesem Sommer mit der Ausbildung des ukrainischen Milit\u00e4rs zu beginnen.<\/p>\n<p>Wie Wladimir Putin auf der Plenarsitzung des Internationen Wirtschaftsforums Sankt Petersburg betonte, werden die russischen Streitkr\u00e4fte, falls die Ukraine F-16 erh\u00e4lt, auch wenn diese au\u00dferhalb der Ukraine stationiert sind, M\u00f6glichkeiten zur Abwehr dieser Flugzeuge pr\u00fcfen.<\/p>\n<p><strong>Mehr zum Thema<\/strong> &#8211; <a rel=\"nofollow noopener\" target=\"_blank\" href=\"https:\/\/test.rtde.life\/meinung\/175233-einsatz-von-streumunition-in-ukraine\/\">Der Einsatz von Streumunition in der Ukraine ist f\u00fcr die NATO ein Akt der Verzweiflung<\/a><\/p>\n<\/p>\n<\/div>\n<p><br \/>\n<br \/><a href=\"https:\/\/de.rt.com\/international\/175598-pentagon-ukraine-wird-jahre-brauchen-fuer-luftparitaet-mit-russland\/\">Source link <\/a><\/p>\n","protected":false},"excerpt":{"rendered":"<p>Der Stabschef der US-Armee Mark Milley musste am Dienstag auf einer Pressekonferenz in Washington die Frage nach der Lieferung von Kampfjets f\u00fcr die Ukraine beantworten. Er sagte dazu, dass es nicht m\u00f6glich ist, die ukrainische Luftwaffe in kurzer Zeit so aufzustellen, dass sie der russischen Luftdominanz gewachsen sei. Um die milit\u00e4rischen Luft-Luft-Kapazit\u00e4ten der Ukraine auf [&hellip;]<\/p>\n","protected":false},"author":3,"featured_media":40399,"comment_status":"open","ping_status":"open","sticky":false,"template":"","format":"standard","meta":{"_yoast_indexnow_last_ping":["1689752820"],"wp_automatic_camp":["217"],"817b78625ef367c8114ad087ec7208cd":["Pentagon: Die Ukraine wird Jahre brauchen, um in der Luft eine Parit\u00e4t mit Russland zu erreichen"],"original_link":["https:\/\/de.rt.com\/international\/175598-pentagon-ukraine-wird-jahre-brauchen-fuer-luftparitaet-mit-russland\/"],"_thumbnail_id":["40399"],"_wptgpro_p2tg_sent2tg":["a:1:{i:23737;s:19:\"2023-07-19 09:48:12\";}"],"jnews_social_counter_last_update":["1777561636"]},"categories":[19,23],"tags":[16210,82,45,275,4866,7530,9072,419,46882,6356,126,127,374],"yoast_head":"<!-- This site is optimized with the Yoast SEO Premium plugin v22.7 (Yoast SEO v22.7) - https:\/\/yoast.com\/wordpress\/plugins\/seo\/ -->\n<title>Pentagon: Die Ukraine wird Jahre brauchen, um in der Luft eine Parit\u00e4t mit Russland zu erreichen - just-now.NEWS Deutschland<\/title>\n<meta name=\"robots\" content=\"index, follow, max-snippet:-1, max-image-preview:large, max-video-preview:-1\" \/>\n<link rel=\"canonical\" href=\"https:\/\/now-news.de\/de\/deutschland\/pentagon-die-ukraine-wird-jahre-brauchen-um-in-der-luft-eine-paritaet-mit-russland-zu-erreichen\/\" \/>\n<meta property=\"og:locale\" content=\"de_DE\" \/>\n<meta property=\"og:type\" content=\"article\" \/>\n<meta property=\"og:title\" content=\"Pentagon: Die Ukraine wird Jahre brauchen, um in der Luft eine Parit\u00e4t mit Russland zu erreichen\" \/>\n<meta property=\"og:description\" content=\"Der Stabschef der US-Armee Mark Milley musste am Dienstag auf einer Pressekonferenz in Washington die Frage nach der Lieferung von Kampfjets f\u00fcr die Ukraine beantworten. Er sagte dazu, dass es nicht m\u00f6glich ist, die ukrainische Luftwaffe in kurzer Zeit so aufzustellen, dass sie der russischen Luftdominanz gewachsen sei. Um die milit\u00e4rischen Luft-Luft-Kapazit\u00e4ten der Ukraine auf [&hellip;]\" \/>\n<meta property=\"og:url\" content=\"https:\/\/now-news.de\/de\/deutschland\/pentagon-die-ukraine-wird-jahre-brauchen-um-in-der-luft-eine-paritaet-mit-russland-zu-erreichen\/\" \/>\n<meta property=\"og:site_name\" content=\"just-now.NEWS Deutschland\" \/>\n<meta property=\"article:publisher\" content=\"https:\/\/www.facebook.com\/wirmachenauf\" \/>\n<meta property=\"article:published_time\" content=\"2023-07-19T07:43:48+00:00\" \/>\n<meta property=\"og:image\" content=\"https:\/\/now-news.de\/de\/wp-content\/uploads\/sites\/3\/2023\/07\/Pentagon-Die-Ukraine-wird-Jahre-brauchen-um-in-der-Luft.jpg\" \/>\n\t<meta property=\"og:image:width\" content=\"460\" \/>\n\t<meta property=\"og:image:height\" content=\"259\" \/>\n\t<meta property=\"og:image:type\" content=\"image\/jpeg\" \/>\n<meta name=\"author\" content=\"rtnews\" \/>\n<meta name=\"twitter:card\" content=\"summary_large_image\" \/>\n<meta name=\"twitter:creator\" content=\"@WirMachenAuf_de\" \/>\n<meta name=\"twitter:site\" content=\"@WirMachenAuf_de\" \/>\n<meta name=\"twitter:label1\" content=\"Verfasst von\" \/>\n\t<meta name=\"twitter:data1\" content=\"rtnews\" \/>\n\t<meta name=\"twitter:label2\" content=\"Gesch\u00e4tzte Lesezeit\" \/>\n\t<meta name=\"twitter:data2\" content=\"2\u00a0Minuten\" \/>\n<script type=\"application\/ld+json\" class=\"yoast-schema-graph\">{\"@context\":\"https:\/\/schema.org\",\"@graph\":[{\"@type\":\"Article\",\"@id\":\"https:\/\/now-news.de\/de\/deutschland\/pentagon-die-ukraine-wird-jahre-brauchen-um-in-der-luft-eine-paritaet-mit-russland-zu-erreichen\/#article\",\"isPartOf\":{\"@id\":\"https:\/\/now-news.de\/de\/deutschland\/pentagon-die-ukraine-wird-jahre-brauchen-um-in-der-luft-eine-paritaet-mit-russland-zu-erreichen\/\"},\"author\":{\"name\":\"rtnews\",\"@id\":\"https:\/\/now-news.de\/de\/#\/schema\/person\/fb534a4e865501d8b3285208df34a9b5\"},\"headline\":\"Pentagon: Die Ukraine wird Jahre brauchen, um in der Luft eine Parit\u00e4t mit Russland zu erreichen\",\"datePublished\":\"2023-07-19T07:43:48+00:00\",\"dateModified\":\"2023-07-19T07:43:48+00:00\",\"mainEntityOfPage\":{\"@id\":\"https:\/\/now-news.de\/de\/deutschland\/pentagon-die-ukraine-wird-jahre-brauchen-um-in-der-luft-eine-paritaet-mit-russland-zu-erreichen\/\"},\"wordCount\":388,\"commentCount\":0,\"publisher\":{\"@id\":\"https:\/\/now-news.de\/de\/#organization\"},\"image\":{\"@id\":\"https:\/\/now-news.de\/de\/deutschland\/pentagon-die-ukraine-wird-jahre-brauchen-um-in-der-luft-eine-paritaet-mit-russland-zu-erreichen\/#primaryimage\"},\"thumbnailUrl\":\"https:\/\/now-news.de\/de\/wp-content\/uploads\/sites\/3\/2023\/07\/Pentagon-Die-Ukraine-wird-Jahre-brauchen-um-in-der-Luft.jpg\",\"keywords\":[\"BRAUCHEN\",\"der\",\"die\",\"eine\",\"erreichen\",\"Jahre\",\"Luft\",\"mit\",\"Parit\u00e4t\",\"Pentagon\",\"russland\",\"ukraine\",\"wird\"],\"articleSection\":[\"Deutschland\",\"Russland\"],\"inLanguage\":\"de\",\"potentialAction\":[{\"@type\":\"CommentAction\",\"name\":\"Comment\",\"target\":[\"https:\/\/now-news.de\/de\/deutschland\/pentagon-die-ukraine-wird-jahre-brauchen-um-in-der-luft-eine-paritaet-mit-russland-zu-erreichen\/#respond\"]}]},{\"@type\":\"WebPage\",\"@id\":\"https:\/\/now-news.de\/de\/deutschland\/pentagon-die-ukraine-wird-jahre-brauchen-um-in-der-luft-eine-paritaet-mit-russland-zu-erreichen\/\",\"url\":\"https:\/\/now-news.de\/de\/deutschland\/pentagon-die-ukraine-wird-jahre-brauchen-um-in-der-luft-eine-paritaet-mit-russland-zu-erreichen\/\",\"name\":\"Pentagon: Die Ukraine wird Jahre brauchen, um in der Luft eine Parit\u00e4t mit Russland zu erreichen - just-now.NEWS Deutschland\",\"isPartOf\":{\"@id\":\"https:\/\/now-news.de\/de\/#website\"},\"primaryImageOfPage\":{\"@id\":\"https:\/\/now-news.de\/de\/deutschland\/pentagon-die-ukraine-wird-jahre-brauchen-um-in-der-luft-eine-paritaet-mit-russland-zu-erreichen\/#primaryimage\"},\"image\":{\"@id\":\"https:\/\/now-news.de\/de\/deutschland\/pentagon-die-ukraine-wird-jahre-brauchen-um-in-der-luft-eine-paritaet-mit-russland-zu-erreichen\/#primaryimage\"},\"thumbnailUrl\":\"https:\/\/now-news.de\/de\/wp-content\/uploads\/sites\/3\/2023\/07\/Pentagon-Die-Ukraine-wird-Jahre-brauchen-um-in-der-Luft.jpg\",\"datePublished\":\"2023-07-19T07:43:48+00:00\",\"dateModified\":\"2023-07-19T07:43:48+00:00\",\"breadcrumb\":{\"@id\":\"https:\/\/now-news.de\/de\/deutschland\/pentagon-die-ukraine-wird-jahre-brauchen-um-in-der-luft-eine-paritaet-mit-russland-zu-erreichen\/#breadcrumb\"},\"inLanguage\":\"de\",\"potentialAction\":[{\"@type\":\"ReadAction\",\"target\":[\"https:\/\/now-news.de\/de\/deutschland\/pentagon-die-ukraine-wird-jahre-brauchen-um-in-der-luft-eine-paritaet-mit-russland-zu-erreichen\/\"]}]},{\"@type\":\"ImageObject\",\"inLanguage\":\"de\",\"@id\":\"https:\/\/now-news.de\/de\/deutschland\/pentagon-die-ukraine-wird-jahre-brauchen-um-in-der-luft-eine-paritaet-mit-russland-zu-erreichen\/#primaryimage\",\"url\":\"https:\/\/now-news.de\/de\/wp-content\/uploads\/sites\/3\/2023\/07\/Pentagon-Die-Ukraine-wird-Jahre-brauchen-um-in-der-Luft.jpg\",\"contentUrl\":\"https:\/\/now-news.de\/de\/wp-content\/uploads\/sites\/3\/2023\/07\/Pentagon-Die-Ukraine-wird-Jahre-brauchen-um-in-der-Luft.jpg\",\"width\":460,\"height\":259,\"caption\":\"Pentagon: Die Ukraine wird Jahre brauchen, um in der Luft eine Parit\u00e4t mit Russland zu erreichen\"},{\"@type\":\"BreadcrumbList\",\"@id\":\"https:\/\/now-news.de\/de\/deutschland\/pentagon-die-ukraine-wird-jahre-brauchen-um-in-der-luft-eine-paritaet-mit-russland-zu-erreichen\/#breadcrumb\",\"itemListElement\":[{\"@type\":\"ListItem\",\"position\":1,\"name\":\"Home\",\"item\":\"https:\/\/now-news.de\/de\/\"},{\"@type\":\"ListItem\",\"position\":2,\"name\":\"Pentagon: Die Ukraine wird Jahre brauchen, um in der Luft eine Parit\u00e4t mit Russland zu erreichen\"}]},{\"@type\":\"WebSite\",\"@id\":\"https:\/\/now-news.de\/de\/#website\",\"url\":\"https:\/\/now-news.de\/de\/\",\"name\":\"just-now.NEWS Deutschland\",\"description\":\"Das Portal f\u00fcr unzensierte Nachrichten aus der Welt\",\"publisher\":{\"@id\":\"https:\/\/now-news.de\/de\/#organization\"},\"potentialAction\":[{\"@type\":\"SearchAction\",\"target\":{\"@type\":\"EntryPoint\",\"urlTemplate\":\"https:\/\/now-news.de\/de\/?s={search_term_string}\"},\"query-input\":\"required name=search_term_string\"}],\"inLanguage\":\"de\"},{\"@type\":\"Organization\",\"@id\":\"https:\/\/now-news.de\/de\/#organization\",\"name\":\"Just Now News\",\"url\":\"https:\/\/now-news.de\/de\/\",\"logo\":{\"@type\":\"ImageObject\",\"inLanguage\":\"de\",\"@id\":\"https:\/\/now-news.de\/de\/#\/schema\/logo\/image\/\",\"url\":\"http:\/\/just-now.news\/de\/wp-content\/uploads\/sites\/3\/2022\/04\/logo500x500.jpg\",\"contentUrl\":\"http:\/\/just-now.news\/de\/wp-content\/uploads\/sites\/3\/2022\/04\/logo500x500.jpg\",\"width\":500,\"height\":500,\"caption\":\"Just Now News\"},\"image\":{\"@id\":\"https:\/\/now-news.de\/de\/#\/schema\/logo\/image\/\"},\"sameAs\":[\"https:\/\/www.facebook.com\/wirmachenauf\",\"https:\/\/x.com\/WirMachenAuf_de\"]},{\"@type\":\"Person\",\"@id\":\"https:\/\/now-news.de\/de\/#\/schema\/person\/fb534a4e865501d8b3285208df34a9b5\",\"name\":\"rtnews\",\"image\":{\"@type\":\"ImageObject\",\"inLanguage\":\"de\",\"@id\":\"https:\/\/now-news.de\/de\/#\/schema\/person\/image\/\",\"url\":\"https:\/\/secure.gravatar.com\/avatar\/82aafea7d8127119dd649515f56e2117?s=96&d=mm&r=g\",\"contentUrl\":\"https:\/\/secure.gravatar.com\/avatar\/82aafea7d8127119dd649515f56e2117?s=96&d=mm&r=g\",\"caption\":\"rtnews\"},\"url\":\"https:\/\/now-news.de\/de\/author\/rnews\/\"}]}<\/script>\n<!-- \/ Yoast SEO Premium plugin. -->","yoast_head_json":{"title":"Pentagon: Die Ukraine wird Jahre brauchen, um in der Luft eine Parit\u00e4t mit Russland zu erreichen - just-now.NEWS Deutschland","robots":{"index":"index","follow":"follow","max-snippet":"max-snippet:-1","max-image-preview":"max-image-preview:large","max-video-preview":"max-video-preview:-1"},"canonical":"https:\/\/now-news.de\/de\/deutschland\/pentagon-die-ukraine-wird-jahre-brauchen-um-in-der-luft-eine-paritaet-mit-russland-zu-erreichen\/","og_locale":"de_DE","og_type":"article","og_title":"Pentagon: Die Ukraine wird Jahre brauchen, um in der Luft eine Parit\u00e4t mit Russland zu erreichen","og_description":"Der Stabschef der US-Armee Mark Milley musste am Dienstag auf einer Pressekonferenz in Washington die Frage nach der Lieferung von Kampfjets f\u00fcr die Ukraine beantworten. Er sagte dazu, dass es nicht m\u00f6glich ist, die ukrainische Luftwaffe in kurzer Zeit so aufzustellen, dass sie der russischen Luftdominanz gewachsen sei. Um die milit\u00e4rischen Luft-Luft-Kapazit\u00e4ten der Ukraine auf [&hellip;]","og_url":"https:\/\/now-news.de\/de\/deutschland\/pentagon-die-ukraine-wird-jahre-brauchen-um-in-der-luft-eine-paritaet-mit-russland-zu-erreichen\/","og_site_name":"just-now.NEWS Deutschland","article_publisher":"https:\/\/www.facebook.com\/wirmachenauf","article_published_time":"2023-07-19T07:43:48+00:00","og_image":[{"width":460,"height":259,"url":"https:\/\/now-news.de\/de\/wp-content\/uploads\/sites\/3\/2023\/07\/Pentagon-Die-Ukraine-wird-Jahre-brauchen-um-in-der-Luft.jpg","type":"image\/jpeg"}],"author":"rtnews","twitter_card":"summary_large_image","twitter_creator":"@WirMachenAuf_de","twitter_site":"@WirMachenAuf_de","twitter_misc":{"Verfasst von":"rtnews","Gesch\u00e4tzte Lesezeit":"2\u00a0Minuten"},"schema":{"@context":"https:\/\/schema.org","@graph":[{"@type":"Article","@id":"https:\/\/now-news.de\/de\/deutschland\/pentagon-die-ukraine-wird-jahre-brauchen-um-in-der-luft-eine-paritaet-mit-russland-zu-erreichen\/#article","isPartOf":{"@id":"https:\/\/now-news.de\/de\/deutschland\/pentagon-die-ukraine-wird-jahre-brauchen-um-in-der-luft-eine-paritaet-mit-russland-zu-erreichen\/"},"author":{"name":"rtnews","@id":"https:\/\/now-news.de\/de\/#\/schema\/person\/fb534a4e865501d8b3285208df34a9b5"},"headline":"Pentagon: Die Ukraine wird Jahre brauchen, um in der Luft eine Parit\u00e4t mit Russland zu erreichen","datePublished":"2023-07-19T07:43:48+00:00","dateModified":"2023-07-19T07:43:48+00:00","mainEntityOfPage":{"@id":"https:\/\/now-news.de\/de\/deutschland\/pentagon-die-ukraine-wird-jahre-brauchen-um-in-der-luft-eine-paritaet-mit-russland-zu-erreichen\/"},"wordCount":388,"commentCount":0,"publisher":{"@id":"https:\/\/now-news.de\/de\/#organization"},"image":{"@id":"https:\/\/now-news.de\/de\/deutschland\/pentagon-die-ukraine-wird-jahre-brauchen-um-in-der-luft-eine-paritaet-mit-russland-zu-erreichen\/#primaryimage"},"thumbnailUrl":"https:\/\/now-news.de\/de\/wp-content\/uploads\/sites\/3\/2023\/07\/Pentagon-Die-Ukraine-wird-Jahre-brauchen-um-in-der-Luft.jpg","keywords":["BRAUCHEN","der","die","eine","erreichen","Jahre","Luft","mit","Parit\u00e4t","Pentagon","russland","ukraine","wird"],"articleSection":["Deutschland","Russland"],"inLanguage":"de","potentialAction":[{"@type":"CommentAction","name":"Comment","target":["https:\/\/now-news.de\/de\/deutschland\/pentagon-die-ukraine-wird-jahre-brauchen-um-in-der-luft-eine-paritaet-mit-russland-zu-erreichen\/#respond"]}]},{"@type":"WebPage","@id":"https:\/\/now-news.de\/de\/deutschland\/pentagon-die-ukraine-wird-jahre-brauchen-um-in-der-luft-eine-paritaet-mit-russland-zu-erreichen\/","url":"https:\/\/now-news.de\/de\/deutschland\/pentagon-die-ukraine-wird-jahre-brauchen-um-in-der-luft-eine-paritaet-mit-russland-zu-erreichen\/","name":"Pentagon: Die Ukraine wird Jahre brauchen, um in der Luft eine Parit\u00e4t mit Russland zu erreichen - just-now.NEWS Deutschland","isPartOf":{"@id":"https:\/\/now-news.de\/de\/#website"},"primaryImageOfPage":{"@id":"https:\/\/now-news.de\/de\/deutschland\/pentagon-die-ukraine-wird-jahre-brauchen-um-in-der-luft-eine-paritaet-mit-russland-zu-erreichen\/#primaryimage"},"image":{"@id":"https:\/\/now-news.de\/de\/deutschland\/pentagon-die-ukraine-wird-jahre-brauchen-um-in-der-luft-eine-paritaet-mit-russland-zu-erreichen\/#primaryimage"},"thumbnailUrl":"https:\/\/now-news.de\/de\/wp-content\/uploads\/sites\/3\/2023\/07\/Pentagon-Die-Ukraine-wird-Jahre-brauchen-um-in-der-Luft.jpg","datePublished":"2023-07-19T07:43:48+00:00","dateModified":"2023-07-19T07:43:48+00:00","breadcrumb":{"@id":"https:\/\/now-news.de\/de\/deutschland\/pentagon-die-ukraine-wird-jahre-brauchen-um-in-der-luft-eine-paritaet-mit-russland-zu-erreichen\/#breadcrumb"},"inLanguage":"de","potentialAction":[{"@type":"ReadAction","target":["https:\/\/now-news.de\/de\/deutschland\/pentagon-die-ukraine-wird-jahre-brauchen-um-in-der-luft-eine-paritaet-mit-russland-zu-erreichen\/"]}]},{"@type":"ImageObject","inLanguage":"de","@id":"https:\/\/now-news.de\/de\/deutschland\/pentagon-die-ukraine-wird-jahre-brauchen-um-in-der-luft-eine-paritaet-mit-russland-zu-erreichen\/#primaryimage","url":"https:\/\/now-news.de\/de\/wp-content\/uploads\/sites\/3\/2023\/07\/Pentagon-Die-Ukraine-wird-Jahre-brauchen-um-in-der-Luft.jpg","contentUrl":"https:\/\/now-news.de\/de\/wp-content\/uploads\/sites\/3\/2023\/07\/Pentagon-Die-Ukraine-wird-Jahre-brauchen-um-in-der-Luft.jpg","width":460,"height":259,"caption":"Pentagon: Die Ukraine wird Jahre brauchen, um in der Luft eine Parit\u00e4t mit Russland zu erreichen"},{"@type":"BreadcrumbList","@id":"https:\/\/now-news.de\/de\/deutschland\/pentagon-die-ukraine-wird-jahre-brauchen-um-in-der-luft-eine-paritaet-mit-russland-zu-erreichen\/#breadcrumb","itemListElement":[{"@type":"ListItem","position":1,"name":"Home","item":"https:\/\/now-news.de\/de\/"},{"@type":"ListItem","position":2,"name":"Pentagon: Die Ukraine wird Jahre brauchen, um in der Luft eine Parit\u00e4t mit Russland zu erreichen"}]},{"@type":"WebSite","@id":"https:\/\/now-news.de\/de\/#website","url":"https:\/\/now-news.de\/de\/","name":"just-now.NEWS Deutschland","description":"Das Portal f\u00fcr unzensierte Nachrichten aus der Welt","publisher":{"@id":"https:\/\/now-news.de\/de\/#organization"},"potentialAction":[{"@type":"SearchAction","target":{"@type":"EntryPoint","urlTemplate":"https:\/\/now-news.de\/de\/?s={search_term_string}"},"query-input":"required name=search_term_string"}],"inLanguage":"de"},{"@type":"Organization","@id":"https:\/\/now-news.de\/de\/#organization","name":"Just Now News","url":"https:\/\/now-news.de\/de\/","logo":{"@type":"ImageObject","inLanguage":"de","@id":"https:\/\/now-news.de\/de\/#\/schema\/logo\/image\/","url":"http:\/\/just-now.news\/de\/wp-content\/uploads\/sites\/3\/2022\/04\/logo500x500.jpg","contentUrl":"http:\/\/just-now.news\/de\/wp-content\/uploads\/sites\/3\/2022\/04\/logo500x500.jpg","width":500,"height":500,"caption":"Just Now News"},"image":{"@id":"https:\/\/now-news.de\/de\/#\/schema\/logo\/image\/"},"sameAs":["https:\/\/www.facebook.com\/wirmachenauf","https:\/\/x.com\/WirMachenAuf_de"]},{"@type":"Person","@id":"https:\/\/now-news.de\/de\/#\/schema\/person\/fb534a4e865501d8b3285208df34a9b5","name":"rtnews","image":{"@type":"ImageObject","inLanguage":"de","@id":"https:\/\/now-news.de\/de\/#\/schema\/person\/image\/","url":"https:\/\/secure.gravatar.com\/avatar\/82aafea7d8127119dd649515f56e2117?s=96&d=mm&r=g","contentUrl":"https:\/\/secure.gravatar.com\/avatar\/82aafea7d8127119dd649515f56e2117?s=96&d=mm&r=g","caption":"rtnews"},"url":"https:\/\/now-news.de\/de\/author\/rnews\/"}]}},"_links":{"self":[{"href":"https:\/\/now-news.de\/de\/wp-json\/wp\/v2\/posts\/40398"}],"collection":[{"href":"https:\/\/now-news.de\/de\/wp-json\/wp\/v2\/posts"}],"about":[{"href":"https:\/\/now-news.de\/de\/wp-json\/wp\/v2\/types\/post"}],"author":[{"embeddable":true,"href":"https:\/\/now-news.de\/de\/wp-json\/wp\/v2\/users\/3"}],"replies":[{"embeddable":true,"href":"https:\/\/now-news.de\/de\/wp-json\/wp\/v2\/comments?post=40398"}],"version-history":[{"count":0,"href":"https:\/\/now-news.de\/de\/wp-json\/wp\/v2\/posts\/40398\/revisions"}],"wp:featuredmedia":[{"embeddable":true,"href":"https:\/\/now-news.de\/de\/wp-json\/wp\/v2\/media\/40399"}],"wp:attachment":[{"href":"https:\/\/now-news.de\/de\/wp-json\/wp\/v2\/media?parent=40398"}],"wp:term":[{"taxonomy":"category","embeddable":true,"href":"https:\/\/now-news.de\/de\/wp-json\/wp\/v2\/categories?post=40398"},{"taxonomy":"post_tag","embeddable":true,"href":"https:\/\/now-news.de\/de\/wp-json\/wp\/v2\/tags?post=40398"}],"curies":[{"name":"wp","href":"https:\/\/api.w.org\/{rel}","templated":true}]}}