{"id":40352,"date":"2023-07-18T14:35:44","date_gmt":"2023-07-18T12:35:44","guid":{"rendered":"https:\/\/just-now.news\/de\/deutschland\/washington-aeussert-sich-zum-von-kiew-organisierten-terroranschlag-auf-der-krim-bruecke\/"},"modified":"2023-07-18T14:35:44","modified_gmt":"2023-07-18T12:35:44","slug":"washington-aeussert-sich-zum-von-kiew-organisierten-terroranschlag-auf-der-krim-bruecke","status":"publish","type":"post","link":"https:\/\/now-news.de\/de\/deutschland\/washington-aeussert-sich-zum-von-kiew-organisierten-terroranschlag-auf-der-krim-bruecke\/","title":{"rendered":"Washington \u00e4u\u00dfert sich zum von Kiew organisierten Terroranschlag auf der Krim-Br\u00fccke"},"content":{"rendered":"<p><img decoding=\"async\" src=\"http:\/\/just-now.news\/de\/wp-content\/uploads\/sites\/3\/2023\/07\/64b6654748fbef350617d4ed.jpg\" \/><\/p>\n<div class=\"Text-root Text-type_1 \">\n                Als Reaktion auf den ukrainischen Terroranschlag auf der Krim-Br\u00fccke, bei dem zwei russische Zivilisten ermordet worden waren, erkl\u00e4rte US-Au\u00dfenminister Antony Blinken, dass &#8220;die Ukraine entscheiden muss, wie sie diesen Krieg zur Verteidigung ihres Territoriums, ihres Volkes und ihrer Freiheit f\u00fchrt&#8221;.\n            <\/div>\n<p><\/p>\n<div class=\"Text-root Text-type_5 ArticleView-text ViewText-root \">\n<p>Washington &#8220;beobachtet&#8221; die Situation mit der Kertsch-Br\u00fccke zur Krim, sagte US-Au\u00dfenminister Antony Blinken am Montag vor Reportern. Er gab keine direkte Antwort darauf, ob die USA den Angriff der Ukraine auf die Br\u00fccke unterst\u00fctzt hatten, bei dem zwei Zivilisten get\u00f6tet worden waren und ein 14-j\u00e4hriges M\u00e4dchen zur Waise geworden war.<\/p>\n<p>Auf die Frage nach dem Angriff auf die Br\u00fccke entgegnete Blinken beim Pressebriefing des US-Au\u00dfenministeriums, er habe &#8220;nichts Besonderes dazu zu sagen&#8221;. Blinken fuhr fort:<\/p>\n<blockquote>\n<p><em>&#8220;Das ist eine Situation, die wir beobachten. Generell kann ich sagen, dass die Ukraine nat\u00fcrlich selbst entscheiden muss, wie sie diesen Krieg zur Verteidigung ihres Territoriums, ihrer Bev\u00f6lkerung und ihrer Freiheit f\u00fchrt.&#8221;<\/em><\/p>\n<\/blockquote>\n<p>Nach Angaben der russischen Beh\u00f6rden war die Br\u00fccke am fr\u00fchen Montag von zwei Seedrohnen angegriffen worden. Die Explosion hatte keinen der Pfeiler besch\u00e4digt, sondern einen Teil des Stra\u00dfenabschnitts zerst\u00f6rt, als eine Familie mit ihrem Auto vorbeigefahren war.<\/p>\n<p>Alexei Kulik, 40, und seine Frau Natalja, 36, waren auf der Stelle get\u00f6tet worden. Ihre Tochter Angelina, 14, war mit schweren Verletzungen mit einem Rettungsflugzeug nach Krasnodar geflogen worden. Am Montagnachmittag schwor der russische Pr\u00e4sident Wladimir Putin einen schnellen und harten Vergeltungsschlag gegen die Ukraine und betonte zudem:<\/p>\n<blockquote>\n<p><em>&#8220;Der Vorfall ist ein weiterer terroristischer Angriff des Kiewer Regimes. Dieses Verbrechen ist aus milit\u00e4rischer Sicht sinnlos \u2013 da die Krim-Br\u00fccke schon lange nicht mehr f\u00fcr Milit\u00e4rtransporte genutzt wird \u2013 und brutal, da nur unschuldige Zivilisten get\u00f6tet und verletzt wurden.&#8221;<\/em><\/p>\n<\/blockquote>\n<p>Das russische Au\u00dfenministerium nannte die Reaktion aus Kiew &#8220;zynisch und ungeheuerlich&#8221;, w\u00e4hrend einige ukrainische Abgeordnete und Social-Media-Nutzer den Tod der Kuliks und das Leid ihrer Tochter feierten. Ukrainischen Medien zufolge war der Angriff eine gemeinsame Operation der Marine und des Sicherheitsdienstes der Ukraine (SBU).<\/p>\n<p>Dies ist der zweite t\u00f6dliche Angriff Kiews auf die Br\u00fccke, die 2018 gebaut worden war, um die Krim mit dem russischen Festland zu verbinden. Anfang des Monats hatten die ukrainischen Beh\u00f6rden zugegeben, dass sie hinter dem Lkw-Bombenanschlag vom Oktober 2022 stecken, bei dem drei Zivilisten get\u00f6tet und sowohl die Stra\u00dfen- als auch die Eisenbahnbr\u00fccke besch\u00e4digt worden waren. Moskau hatte darauf mit Raketenangriffen auf die ukrainische Infrastruktur reagiert. Am 5. M\u00e4rz war die Br\u00fccke wieder vollst\u00e4ndig repariert worden.<\/p>\n<p><strong>Mehr zum Thema<\/strong> \u2013 <a rel=\"nofollow noopener\" target=\"_blank\" href=\"https:\/\/freeassange.rtde.life\/europa\/175494-podoljaka-zum-ukraine-krieg-kiews\/\">Podoljaka zum Ukraine-Krieg: Kiews Anschlag auf die Krim-Br\u00fccke und die Lage an der Front<\/a><\/p>\n<\/div>\n<p><br \/>\n<br \/><a href=\"https:\/\/de.rt.com\/international\/175533-washington-aeussert-sich-zum-von-kiew-organisierten-anschlag-auf-die-krim-bruecke\/\">Source link <\/a><\/p>\n","protected":false},"excerpt":{"rendered":"<p>Als Reaktion auf den ukrainischen Terroranschlag auf der Krim-Br\u00fccke, bei dem zwei russische Zivilisten ermordet worden waren, erkl\u00e4rte US-Au\u00dfenminister Antony Blinken, dass &#8220;die Ukraine entscheiden muss, wie sie diesen Krieg zur Verteidigung ihres Territoriums, ihres Volkes und ihrer Freiheit f\u00fchrt&#8221;. Washington &#8220;beobachtet&#8221; die Situation mit der Kertsch-Br\u00fccke zur Krim, sagte US-Au\u00dfenminister Antony Blinken am Montag [&hellip;]<\/p>\n","protected":false},"author":3,"featured_media":40353,"comment_status":"open","ping_status":"open","sticky":false,"template":"","format":"standard","meta":{"_yoast_indexnow_last_ping":["1689684056"],"wp_automatic_camp":["217"],"2d9eebbde07791b7677b8f3c32017cb7":["Washington \u00e4u\u00dfert sich zum von Kiew organisierten Terroranschlag auf der Krim-Br\u00fccke"],"original_link":["https:\/\/de.rt.com\/international\/175533-washington-aeussert-sich-zum-von-kiew-organisierten-anschlag-auf-die-krim-bruecke\/"],"_thumbnail_id":["40353"],"_wptgpro_p2tg_sent2tg":["a:1:{i:23737;s:19:\"2023-07-18 14:42:12\";}"],"jnews_social_counter_last_update":["1777256573"]},"categories":[19,23],"tags":[133,10518,82,1025,6316,30968,434,9473,50,1039,565],"yoast_head":"<!-- This site is optimized with the Yoast SEO Premium plugin v22.7 (Yoast SEO v22.7) - https:\/\/yoast.com\/wordpress\/plugins\/seo\/ -->\n<title>Washington \u00e4u\u00dfert sich zum von Kiew organisierten Terroranschlag auf der Krim-Br\u00fccke - just-now.NEWS Deutschland<\/title>\n<meta name=\"robots\" content=\"index, follow, max-snippet:-1, max-image-preview:large, max-video-preview:-1\" \/>\n<link rel=\"canonical\" href=\"https:\/\/now-news.de\/de\/deutschland\/washington-aeussert-sich-zum-von-kiew-organisierten-terroranschlag-auf-der-krim-bruecke\/\" \/>\n<meta property=\"og:locale\" content=\"de_DE\" \/>\n<meta property=\"og:type\" content=\"article\" \/>\n<meta property=\"og:title\" content=\"Washington \u00e4u\u00dfert sich zum von Kiew organisierten Terroranschlag auf der Krim-Br\u00fccke\" \/>\n<meta property=\"og:description\" content=\"Als Reaktion auf den ukrainischen Terroranschlag auf der Krim-Br\u00fccke, bei dem zwei russische Zivilisten ermordet worden waren, erkl\u00e4rte US-Au\u00dfenminister Antony Blinken, dass &#8220;die Ukraine entscheiden muss, wie sie diesen Krieg zur Verteidigung ihres Territoriums, ihres Volkes und ihrer Freiheit f\u00fchrt&#8221;. Washington &#8220;beobachtet&#8221; die Situation mit der Kertsch-Br\u00fccke zur Krim, sagte US-Au\u00dfenminister Antony Blinken am Montag [&hellip;]\" \/>\n<meta property=\"og:url\" content=\"https:\/\/now-news.de\/de\/deutschland\/washington-aeussert-sich-zum-von-kiew-organisierten-terroranschlag-auf-der-krim-bruecke\/\" \/>\n<meta property=\"og:site_name\" content=\"just-now.NEWS Deutschland\" \/>\n<meta property=\"article:publisher\" content=\"https:\/\/www.facebook.com\/wirmachenauf\" \/>\n<meta property=\"article:published_time\" content=\"2023-07-18T12:35:44+00:00\" \/>\n<meta property=\"og:image\" content=\"https:\/\/now-news.de\/de\/wp-content\/uploads\/sites\/3\/2023\/07\/Washington-aeussert-sich-zum-von-Kiew-organisierten-Terroranschlag-auf-der.jpg\" \/>\n\t<meta property=\"og:image:width\" content=\"460\" \/>\n\t<meta property=\"og:image:height\" content=\"259\" \/>\n\t<meta property=\"og:image:type\" content=\"image\/jpeg\" \/>\n<meta name=\"author\" content=\"rtnews\" \/>\n<meta name=\"twitter:card\" content=\"summary_large_image\" \/>\n<meta name=\"twitter:creator\" content=\"@WirMachenAuf_de\" \/>\n<meta name=\"twitter:site\" content=\"@WirMachenAuf_de\" \/>\n<meta name=\"twitter:label1\" content=\"Verfasst von\" \/>\n\t<meta name=\"twitter:data1\" content=\"rtnews\" \/>\n\t<meta name=\"twitter:label2\" content=\"Gesch\u00e4tzte Lesezeit\" \/>\n\t<meta name=\"twitter:data2\" content=\"2\u00a0Minuten\" \/>\n<script type=\"application\/ld+json\" class=\"yoast-schema-graph\">{\"@context\":\"https:\/\/schema.org\",\"@graph\":[{\"@type\":\"Article\",\"@id\":\"https:\/\/now-news.de\/de\/deutschland\/washington-aeussert-sich-zum-von-kiew-organisierten-terroranschlag-auf-der-krim-bruecke\/#article\",\"isPartOf\":{\"@id\":\"https:\/\/now-news.de\/de\/deutschland\/washington-aeussert-sich-zum-von-kiew-organisierten-terroranschlag-auf-der-krim-bruecke\/\"},\"author\":{\"name\":\"rtnews\",\"@id\":\"https:\/\/now-news.de\/de\/#\/schema\/person\/fb534a4e865501d8b3285208df34a9b5\"},\"headline\":\"Washington \u00e4u\u00dfert sich zum von Kiew organisierten Terroranschlag auf der Krim-Br\u00fccke\",\"datePublished\":\"2023-07-18T12:35:44+00:00\",\"dateModified\":\"2023-07-18T12:35:44+00:00\",\"mainEntityOfPage\":{\"@id\":\"https:\/\/now-news.de\/de\/deutschland\/washington-aeussert-sich-zum-von-kiew-organisierten-terroranschlag-auf-der-krim-bruecke\/\"},\"wordCount\":460,\"commentCount\":0,\"publisher\":{\"@id\":\"https:\/\/now-news.de\/de\/#organization\"},\"image\":{\"@id\":\"https:\/\/now-news.de\/de\/deutschland\/washington-aeussert-sich-zum-von-kiew-organisierten-terroranschlag-auf-der-krim-bruecke\/#primaryimage\"},\"thumbnailUrl\":\"https:\/\/now-news.de\/de\/wp-content\/uploads\/sites\/3\/2023\/07\/Washington-aeussert-sich-zum-von-Kiew-organisierten-Terroranschlag-auf-der.jpg\",\"keywords\":[\"AUF\",\"\u00e4u\u00dfert\",\"der\",\"Kiew\",\"KrimBr\u00fccke\",\"Organisierten\",\"sich\",\"Terroranschlag\",\"von\",\"Washington\",\"zum\"],\"articleSection\":[\"Deutschland\",\"Russland\"],\"inLanguage\":\"de\",\"potentialAction\":[{\"@type\":\"CommentAction\",\"name\":\"Comment\",\"target\":[\"https:\/\/now-news.de\/de\/deutschland\/washington-aeussert-sich-zum-von-kiew-organisierten-terroranschlag-auf-der-krim-bruecke\/#respond\"]}]},{\"@type\":\"WebPage\",\"@id\":\"https:\/\/now-news.de\/de\/deutschland\/washington-aeussert-sich-zum-von-kiew-organisierten-terroranschlag-auf-der-krim-bruecke\/\",\"url\":\"https:\/\/now-news.de\/de\/deutschland\/washington-aeussert-sich-zum-von-kiew-organisierten-terroranschlag-auf-der-krim-bruecke\/\",\"name\":\"Washington \u00e4u\u00dfert sich zum von Kiew organisierten Terroranschlag auf der Krim-Br\u00fccke - just-now.NEWS Deutschland\",\"isPartOf\":{\"@id\":\"https:\/\/now-news.de\/de\/#website\"},\"primaryImageOfPage\":{\"@id\":\"https:\/\/now-news.de\/de\/deutschland\/washington-aeussert-sich-zum-von-kiew-organisierten-terroranschlag-auf-der-krim-bruecke\/#primaryimage\"},\"image\":{\"@id\":\"https:\/\/now-news.de\/de\/deutschland\/washington-aeussert-sich-zum-von-kiew-organisierten-terroranschlag-auf-der-krim-bruecke\/#primaryimage\"},\"thumbnailUrl\":\"https:\/\/now-news.de\/de\/wp-content\/uploads\/sites\/3\/2023\/07\/Washington-aeussert-sich-zum-von-Kiew-organisierten-Terroranschlag-auf-der.jpg\",\"datePublished\":\"2023-07-18T12:35:44+00:00\",\"dateModified\":\"2023-07-18T12:35:44+00:00\",\"breadcrumb\":{\"@id\":\"https:\/\/now-news.de\/de\/deutschland\/washington-aeussert-sich-zum-von-kiew-organisierten-terroranschlag-auf-der-krim-bruecke\/#breadcrumb\"},\"inLanguage\":\"de\",\"potentialAction\":[{\"@type\":\"ReadAction\",\"target\":[\"https:\/\/now-news.de\/de\/deutschland\/washington-aeussert-sich-zum-von-kiew-organisierten-terroranschlag-auf-der-krim-bruecke\/\"]}]},{\"@type\":\"ImageObject\",\"inLanguage\":\"de\",\"@id\":\"https:\/\/now-news.de\/de\/deutschland\/washington-aeussert-sich-zum-von-kiew-organisierten-terroranschlag-auf-der-krim-bruecke\/#primaryimage\",\"url\":\"https:\/\/now-news.de\/de\/wp-content\/uploads\/sites\/3\/2023\/07\/Washington-aeussert-sich-zum-von-Kiew-organisierten-Terroranschlag-auf-der.jpg\",\"contentUrl\":\"https:\/\/now-news.de\/de\/wp-content\/uploads\/sites\/3\/2023\/07\/Washington-aeussert-sich-zum-von-Kiew-organisierten-Terroranschlag-auf-der.jpg\",\"width\":460,\"height\":259,\"caption\":\"Washington \u00e4u\u00dfert sich zum von Kiew organisierten Terroranschlag auf der Krim-Br\u00fccke\"},{\"@type\":\"BreadcrumbList\",\"@id\":\"https:\/\/now-news.de\/de\/deutschland\/washington-aeussert-sich-zum-von-kiew-organisierten-terroranschlag-auf-der-krim-bruecke\/#breadcrumb\",\"itemListElement\":[{\"@type\":\"ListItem\",\"position\":1,\"name\":\"Home\",\"item\":\"https:\/\/now-news.de\/de\/\"},{\"@type\":\"ListItem\",\"position\":2,\"name\":\"Washington \u00e4u\u00dfert sich zum von Kiew organisierten Terroranschlag auf der Krim-Br\u00fccke\"}]},{\"@type\":\"WebSite\",\"@id\":\"https:\/\/now-news.de\/de\/#website\",\"url\":\"https:\/\/now-news.de\/de\/\",\"name\":\"just-now.NEWS Deutschland\",\"description\":\"Das Portal f\u00fcr unzensierte Nachrichten aus der Welt\",\"publisher\":{\"@id\":\"https:\/\/now-news.de\/de\/#organization\"},\"potentialAction\":[{\"@type\":\"SearchAction\",\"target\":{\"@type\":\"EntryPoint\",\"urlTemplate\":\"https:\/\/now-news.de\/de\/?s={search_term_string}\"},\"query-input\":\"required name=search_term_string\"}],\"inLanguage\":\"de\"},{\"@type\":\"Organization\",\"@id\":\"https:\/\/now-news.de\/de\/#organization\",\"name\":\"Just Now News\",\"url\":\"https:\/\/now-news.de\/de\/\",\"logo\":{\"@type\":\"ImageObject\",\"inLanguage\":\"de\",\"@id\":\"https:\/\/now-news.de\/de\/#\/schema\/logo\/image\/\",\"url\":\"http:\/\/just-now.news\/de\/wp-content\/uploads\/sites\/3\/2022\/04\/logo500x500.jpg\",\"contentUrl\":\"http:\/\/just-now.news\/de\/wp-content\/uploads\/sites\/3\/2022\/04\/logo500x500.jpg\",\"width\":500,\"height\":500,\"caption\":\"Just Now News\"},\"image\":{\"@id\":\"https:\/\/now-news.de\/de\/#\/schema\/logo\/image\/\"},\"sameAs\":[\"https:\/\/www.facebook.com\/wirmachenauf\",\"https:\/\/x.com\/WirMachenAuf_de\"]},{\"@type\":\"Person\",\"@id\":\"https:\/\/now-news.de\/de\/#\/schema\/person\/fb534a4e865501d8b3285208df34a9b5\",\"name\":\"rtnews\",\"image\":{\"@type\":\"ImageObject\",\"inLanguage\":\"de\",\"@id\":\"https:\/\/now-news.de\/de\/#\/schema\/person\/image\/\",\"url\":\"https:\/\/secure.gravatar.com\/avatar\/82aafea7d8127119dd649515f56e2117?s=96&d=mm&r=g\",\"contentUrl\":\"https:\/\/secure.gravatar.com\/avatar\/82aafea7d8127119dd649515f56e2117?s=96&d=mm&r=g\",\"caption\":\"rtnews\"},\"url\":\"https:\/\/now-news.de\/de\/author\/rnews\/\"}]}<\/script>\n<!-- \/ Yoast SEO Premium plugin. -->","yoast_head_json":{"title":"Washington \u00e4u\u00dfert sich zum von Kiew organisierten Terroranschlag auf der Krim-Br\u00fccke - just-now.NEWS Deutschland","robots":{"index":"index","follow":"follow","max-snippet":"max-snippet:-1","max-image-preview":"max-image-preview:large","max-video-preview":"max-video-preview:-1"},"canonical":"https:\/\/now-news.de\/de\/deutschland\/washington-aeussert-sich-zum-von-kiew-organisierten-terroranschlag-auf-der-krim-bruecke\/","og_locale":"de_DE","og_type":"article","og_title":"Washington \u00e4u\u00dfert sich zum von Kiew organisierten Terroranschlag auf der Krim-Br\u00fccke","og_description":"Als Reaktion auf den ukrainischen Terroranschlag auf der Krim-Br\u00fccke, bei dem zwei russische Zivilisten ermordet worden waren, erkl\u00e4rte US-Au\u00dfenminister Antony Blinken, dass &#8220;die Ukraine entscheiden muss, wie sie diesen Krieg zur Verteidigung ihres Territoriums, ihres Volkes und ihrer Freiheit f\u00fchrt&#8221;. Washington &#8220;beobachtet&#8221; die Situation mit der Kertsch-Br\u00fccke zur Krim, sagte US-Au\u00dfenminister Antony Blinken am Montag [&hellip;]","og_url":"https:\/\/now-news.de\/de\/deutschland\/washington-aeussert-sich-zum-von-kiew-organisierten-terroranschlag-auf-der-krim-bruecke\/","og_site_name":"just-now.NEWS Deutschland","article_publisher":"https:\/\/www.facebook.com\/wirmachenauf","article_published_time":"2023-07-18T12:35:44+00:00","og_image":[{"width":460,"height":259,"url":"https:\/\/now-news.de\/de\/wp-content\/uploads\/sites\/3\/2023\/07\/Washington-aeussert-sich-zum-von-Kiew-organisierten-Terroranschlag-auf-der.jpg","type":"image\/jpeg"}],"author":"rtnews","twitter_card":"summary_large_image","twitter_creator":"@WirMachenAuf_de","twitter_site":"@WirMachenAuf_de","twitter_misc":{"Verfasst von":"rtnews","Gesch\u00e4tzte Lesezeit":"2\u00a0Minuten"},"schema":{"@context":"https:\/\/schema.org","@graph":[{"@type":"Article","@id":"https:\/\/now-news.de\/de\/deutschland\/washington-aeussert-sich-zum-von-kiew-organisierten-terroranschlag-auf-der-krim-bruecke\/#article","isPartOf":{"@id":"https:\/\/now-news.de\/de\/deutschland\/washington-aeussert-sich-zum-von-kiew-organisierten-terroranschlag-auf-der-krim-bruecke\/"},"author":{"name":"rtnews","@id":"https:\/\/now-news.de\/de\/#\/schema\/person\/fb534a4e865501d8b3285208df34a9b5"},"headline":"Washington \u00e4u\u00dfert sich zum von Kiew organisierten Terroranschlag auf der Krim-Br\u00fccke","datePublished":"2023-07-18T12:35:44+00:00","dateModified":"2023-07-18T12:35:44+00:00","mainEntityOfPage":{"@id":"https:\/\/now-news.de\/de\/deutschland\/washington-aeussert-sich-zum-von-kiew-organisierten-terroranschlag-auf-der-krim-bruecke\/"},"wordCount":460,"commentCount":0,"publisher":{"@id":"https:\/\/now-news.de\/de\/#organization"},"image":{"@id":"https:\/\/now-news.de\/de\/deutschland\/washington-aeussert-sich-zum-von-kiew-organisierten-terroranschlag-auf-der-krim-bruecke\/#primaryimage"},"thumbnailUrl":"https:\/\/now-news.de\/de\/wp-content\/uploads\/sites\/3\/2023\/07\/Washington-aeussert-sich-zum-von-Kiew-organisierten-Terroranschlag-auf-der.jpg","keywords":["AUF","\u00e4u\u00dfert","der","Kiew","KrimBr\u00fccke","Organisierten","sich","Terroranschlag","von","Washington","zum"],"articleSection":["Deutschland","Russland"],"inLanguage":"de","potentialAction":[{"@type":"CommentAction","name":"Comment","target":["https:\/\/now-news.de\/de\/deutschland\/washington-aeussert-sich-zum-von-kiew-organisierten-terroranschlag-auf-der-krim-bruecke\/#respond"]}]},{"@type":"WebPage","@id":"https:\/\/now-news.de\/de\/deutschland\/washington-aeussert-sich-zum-von-kiew-organisierten-terroranschlag-auf-der-krim-bruecke\/","url":"https:\/\/now-news.de\/de\/deutschland\/washington-aeussert-sich-zum-von-kiew-organisierten-terroranschlag-auf-der-krim-bruecke\/","name":"Washington \u00e4u\u00dfert sich zum von Kiew organisierten Terroranschlag auf der Krim-Br\u00fccke - just-now.NEWS Deutschland","isPartOf":{"@id":"https:\/\/now-news.de\/de\/#website"},"primaryImageOfPage":{"@id":"https:\/\/now-news.de\/de\/deutschland\/washington-aeussert-sich-zum-von-kiew-organisierten-terroranschlag-auf-der-krim-bruecke\/#primaryimage"},"image":{"@id":"https:\/\/now-news.de\/de\/deutschland\/washington-aeussert-sich-zum-von-kiew-organisierten-terroranschlag-auf-der-krim-bruecke\/#primaryimage"},"thumbnailUrl":"https:\/\/now-news.de\/de\/wp-content\/uploads\/sites\/3\/2023\/07\/Washington-aeussert-sich-zum-von-Kiew-organisierten-Terroranschlag-auf-der.jpg","datePublished":"2023-07-18T12:35:44+00:00","dateModified":"2023-07-18T12:35:44+00:00","breadcrumb":{"@id":"https:\/\/now-news.de\/de\/deutschland\/washington-aeussert-sich-zum-von-kiew-organisierten-terroranschlag-auf-der-krim-bruecke\/#breadcrumb"},"inLanguage":"de","potentialAction":[{"@type":"ReadAction","target":["https:\/\/now-news.de\/de\/deutschland\/washington-aeussert-sich-zum-von-kiew-organisierten-terroranschlag-auf-der-krim-bruecke\/"]}]},{"@type":"ImageObject","inLanguage":"de","@id":"https:\/\/now-news.de\/de\/deutschland\/washington-aeussert-sich-zum-von-kiew-organisierten-terroranschlag-auf-der-krim-bruecke\/#primaryimage","url":"https:\/\/now-news.de\/de\/wp-content\/uploads\/sites\/3\/2023\/07\/Washington-aeussert-sich-zum-von-Kiew-organisierten-Terroranschlag-auf-der.jpg","contentUrl":"https:\/\/now-news.de\/de\/wp-content\/uploads\/sites\/3\/2023\/07\/Washington-aeussert-sich-zum-von-Kiew-organisierten-Terroranschlag-auf-der.jpg","width":460,"height":259,"caption":"Washington \u00e4u\u00dfert sich zum von Kiew organisierten Terroranschlag auf der Krim-Br\u00fccke"},{"@type":"BreadcrumbList","@id":"https:\/\/now-news.de\/de\/deutschland\/washington-aeussert-sich-zum-von-kiew-organisierten-terroranschlag-auf-der-krim-bruecke\/#breadcrumb","itemListElement":[{"@type":"ListItem","position":1,"name":"Home","item":"https:\/\/now-news.de\/de\/"},{"@type":"ListItem","position":2,"name":"Washington \u00e4u\u00dfert sich zum von Kiew organisierten Terroranschlag auf der Krim-Br\u00fccke"}]},{"@type":"WebSite","@id":"https:\/\/now-news.de\/de\/#website","url":"https:\/\/now-news.de\/de\/","name":"just-now.NEWS Deutschland","description":"Das Portal f\u00fcr unzensierte Nachrichten aus der Welt","publisher":{"@id":"https:\/\/now-news.de\/de\/#organization"},"potentialAction":[{"@type":"SearchAction","target":{"@type":"EntryPoint","urlTemplate":"https:\/\/now-news.de\/de\/?s={search_term_string}"},"query-input":"required name=search_term_string"}],"inLanguage":"de"},{"@type":"Organization","@id":"https:\/\/now-news.de\/de\/#organization","name":"Just Now News","url":"https:\/\/now-news.de\/de\/","logo":{"@type":"ImageObject","inLanguage":"de","@id":"https:\/\/now-news.de\/de\/#\/schema\/logo\/image\/","url":"http:\/\/just-now.news\/de\/wp-content\/uploads\/sites\/3\/2022\/04\/logo500x500.jpg","contentUrl":"http:\/\/just-now.news\/de\/wp-content\/uploads\/sites\/3\/2022\/04\/logo500x500.jpg","width":500,"height":500,"caption":"Just Now News"},"image":{"@id":"https:\/\/now-news.de\/de\/#\/schema\/logo\/image\/"},"sameAs":["https:\/\/www.facebook.com\/wirmachenauf","https:\/\/x.com\/WirMachenAuf_de"]},{"@type":"Person","@id":"https:\/\/now-news.de\/de\/#\/schema\/person\/fb534a4e865501d8b3285208df34a9b5","name":"rtnews","image":{"@type":"ImageObject","inLanguage":"de","@id":"https:\/\/now-news.de\/de\/#\/schema\/person\/image\/","url":"https:\/\/secure.gravatar.com\/avatar\/82aafea7d8127119dd649515f56e2117?s=96&d=mm&r=g","contentUrl":"https:\/\/secure.gravatar.com\/avatar\/82aafea7d8127119dd649515f56e2117?s=96&d=mm&r=g","caption":"rtnews"},"url":"https:\/\/now-news.de\/de\/author\/rnews\/"}]}},"_links":{"self":[{"href":"https:\/\/now-news.de\/de\/wp-json\/wp\/v2\/posts\/40352"}],"collection":[{"href":"https:\/\/now-news.de\/de\/wp-json\/wp\/v2\/posts"}],"about":[{"href":"https:\/\/now-news.de\/de\/wp-json\/wp\/v2\/types\/post"}],"author":[{"embeddable":true,"href":"https:\/\/now-news.de\/de\/wp-json\/wp\/v2\/users\/3"}],"replies":[{"embeddable":true,"href":"https:\/\/now-news.de\/de\/wp-json\/wp\/v2\/comments?post=40352"}],"version-history":[{"count":0,"href":"https:\/\/now-news.de\/de\/wp-json\/wp\/v2\/posts\/40352\/revisions"}],"wp:featuredmedia":[{"embeddable":true,"href":"https:\/\/now-news.de\/de\/wp-json\/wp\/v2\/media\/40353"}],"wp:attachment":[{"href":"https:\/\/now-news.de\/de\/wp-json\/wp\/v2\/media?parent=40352"}],"wp:term":[{"taxonomy":"category","embeddable":true,"href":"https:\/\/now-news.de\/de\/wp-json\/wp\/v2\/categories?post=40352"},{"taxonomy":"post_tag","embeddable":true,"href":"https:\/\/now-news.de\/de\/wp-json\/wp\/v2\/tags?post=40352"}],"curies":[{"name":"wp","href":"https:\/\/api.w.org\/{rel}","templated":true}]}}