{"id":40281,"date":"2023-07-17T12:11:30","date_gmt":"2023-07-17T10:11:30","guid":{"rendered":"https:\/\/just-now.news\/de\/deutschland\/medienbericht-carola-rackete-wird-spitzenkandidatin-der-linken-bei-eu-wahl\/"},"modified":"2023-07-17T12:11:30","modified_gmt":"2023-07-17T10:11:30","slug":"medienbericht-carola-rackete-wird-spitzenkandidatin-der-linken-bei-eu-wahl","status":"publish","type":"post","link":"https:\/\/now-news.de\/de\/deutschland\/medienbericht-carola-rackete-wird-spitzenkandidatin-der-linken-bei-eu-wahl\/","title":{"rendered":"Medienbericht: Carola Rackete wird Spitzenkandidatin der Linken bei EU-Wahl"},"content":{"rendered":"<p><img decoding=\"async\" src=\"http:\/\/just-now.news\/de\/wp-content\/uploads\/sites\/3\/2023\/07\/64b510dab480cc14f33c520c.jpg\" \/><\/p>\n<div class=\"Text-root Text-type_1 \">\n                Carola Rackete wurde im Jahr 2019 als Kapit\u00e4nin eines Seenotrettungsschiffes bekannt. Nun soll sie offenbar Spitzenkandidatin f\u00fcr Die Linke bei der EU-Wahl werden. Die Parteif\u00fchrung will so ein &#8220;Signal&#8221; setzen \u2013 gegen Sahra Wagenknecht.\n            <\/div>\n<p><\/p>\n<div class=\"Text-root Text-type_5 ArticleView-text ViewText-root \">\n<p>Die Aktivistin\u00a0Carola Rackete\u00a0soll im kommenden Jahr die Spitzenkandidatin f\u00fcr Die Linke bei der EU-Wahl werden. Das berichtete <em>Zeit Online<\/em> am Montag unter Berufung auf Parteikreise.\u00a0<\/p>\n<p>Der Vorstand der Partei Die Linke setze mit der Kandidatur Racketes ihren Abgrenzungskurs zu ihrer bisherigen Spitzenpolitikerin\u00a0Sahra Wagenknecht, die die\u00a0Gr\u00fcndung einer eigenen Partei angek\u00fcndigt\u00a0und bei den Themen &#8220;Migration&#8221; und &#8220;Klimaschutz&#8221; wiederholt realpolitische Positionen vertreten\u00a0hat.<\/p>\n<p>Rackete war bekannt geworden, als sie im Juni 2019 als Kapit\u00e4nin des Seenotrettungsschiffes &#8220;Sea Watch&#8221; 53 Menschen vor der K\u00fcste Libyens aus dem Mittelmeer\u00a0an Bord nahm und nach wochenlangem Warten trotz eines Verbots der italienischen Beh\u00f6rden den Hafen der Insel Lampedusa anlief.\u00a0<\/p>\n<p>Die Aktivistin soll laut <em>Zeit Online<\/em> am Montag in einer gemeinsamen Pressekonferenz mit den Parteivorsitzenden als Spitzenkandidatin vorgestellt werden. Eine Pressekonferenz ist f\u00fcr 13 Uhr in der Berliner Parteizentrale angesetzt.<\/p>\n<p><strong>Mehr zum Thema<\/strong> &#8211; <a rel=\"nofollow noopener\" target=\"_blank\" href=\"https:\/\/freeassange.rtde.live\/meinung\/93028-carola-rackete-und-ihre-neuen-legionaere-jetzt-ruft-das-klima\/\">Carola Rackete und ihre neuen Legion\u00e4re \u2013 jetzt ruft das Klima<\/a><\/p>\n<\/div>\n<p><br \/>\n<br \/><a href=\"https:\/\/de.rt.com\/inland\/175443-medienbericht-carola-rackete-wird-spitzenkandidatin\/\">Source link <\/a><\/p>\n","protected":false},"excerpt":{"rendered":"<p>Carola Rackete wurde im Jahr 2019 als Kapit\u00e4nin eines Seenotrettungsschiffes bekannt. Nun soll sie offenbar Spitzenkandidatin f\u00fcr Die Linke bei der EU-Wahl werden. Die Parteif\u00fchrung will so ein &#8220;Signal&#8221; setzen \u2013 gegen Sahra Wagenknecht. Die Aktivistin\u00a0Carola Rackete\u00a0soll im kommenden Jahr die Spitzenkandidatin f\u00fcr Die Linke bei der EU-Wahl werden. Das berichtete Zeit Online am Montag [&hellip;]<\/p>\n","protected":false},"author":3,"featured_media":40282,"comment_status":"open","ping_status":"open","sticky":false,"template":"","format":"standard","meta":{"_yoast_indexnow_last_ping":["1689589460"],"wp_automatic_camp":["217"],"3d22e139a6baed4568116e6d300ab3ed":["Medienbericht: Carola Rackete wird Spitzenkandidatin der Linken bei EU-Wahl"],"original_link":["https:\/\/de.rt.com\/inland\/175443-medienbericht-carola-rackete-wird-spitzenkandidatin\/"],"_thumbnail_id":["40282"],"_wptgpro_p2tg_sent2tg":["a:1:{i:23737;s:19:\"2023-07-17 12:25:27\";}"],"jnews_social_counter_last_update":["1777004746"]},"categories":[19,23],"tags":[363,46823,82,46825,7127,869,46824,40429,374],"yoast_head":"<!-- This site is optimized with the Yoast SEO Premium plugin v22.7 (Yoast SEO v22.7) - https:\/\/yoast.com\/wordpress\/plugins\/seo\/ -->\n<title>Medienbericht: Carola Rackete wird Spitzenkandidatin der Linken bei EU-Wahl - just-now.NEWS Deutschland<\/title>\n<meta name=\"robots\" content=\"index, follow, max-snippet:-1, max-image-preview:large, max-video-preview:-1\" \/>\n<link rel=\"canonical\" href=\"https:\/\/now-news.de\/de\/deutschland\/medienbericht-carola-rackete-wird-spitzenkandidatin-der-linken-bei-eu-wahl\/\" \/>\n<meta property=\"og:locale\" content=\"de_DE\" \/>\n<meta property=\"og:type\" content=\"article\" \/>\n<meta property=\"og:title\" content=\"Medienbericht: Carola Rackete wird Spitzenkandidatin der Linken bei EU-Wahl\" \/>\n<meta property=\"og:description\" content=\"Carola Rackete wurde im Jahr 2019 als Kapit\u00e4nin eines Seenotrettungsschiffes bekannt. Nun soll sie offenbar Spitzenkandidatin f\u00fcr Die Linke bei der EU-Wahl werden. Die Parteif\u00fchrung will so ein &#8220;Signal&#8221; setzen \u2013 gegen Sahra Wagenknecht. Die Aktivistin\u00a0Carola Rackete\u00a0soll im kommenden Jahr die Spitzenkandidatin f\u00fcr Die Linke bei der EU-Wahl werden. Das berichtete Zeit Online am Montag [&hellip;]\" \/>\n<meta property=\"og:url\" content=\"https:\/\/now-news.de\/de\/deutschland\/medienbericht-carola-rackete-wird-spitzenkandidatin-der-linken-bei-eu-wahl\/\" \/>\n<meta property=\"og:site_name\" content=\"just-now.NEWS Deutschland\" \/>\n<meta property=\"article:publisher\" content=\"https:\/\/www.facebook.com\/wirmachenauf\" \/>\n<meta property=\"article:published_time\" content=\"2023-07-17T10:11:30+00:00\" \/>\n<meta property=\"og:image\" content=\"https:\/\/now-news.de\/de\/wp-content\/uploads\/sites\/3\/2023\/07\/Medienbericht-Carola-Rackete-wird-Spitzenkandidatin-der-Linken-bei-EU-Wahl.jpg\" \/>\n\t<meta property=\"og:image:width\" content=\"460\" \/>\n\t<meta property=\"og:image:height\" content=\"259\" \/>\n\t<meta property=\"og:image:type\" content=\"image\/jpeg\" \/>\n<meta name=\"author\" content=\"rtnews\" \/>\n<meta name=\"twitter:card\" content=\"summary_large_image\" \/>\n<meta name=\"twitter:creator\" content=\"@WirMachenAuf_de\" \/>\n<meta name=\"twitter:site\" content=\"@WirMachenAuf_de\" \/>\n<meta name=\"twitter:label1\" content=\"Verfasst von\" \/>\n\t<meta name=\"twitter:data1\" content=\"rtnews\" \/>\n\t<meta name=\"twitter:label2\" content=\"Gesch\u00e4tzte Lesezeit\" \/>\n\t<meta name=\"twitter:data2\" content=\"1\u00a0Minute\" \/>\n<script type=\"application\/ld+json\" class=\"yoast-schema-graph\">{\"@context\":\"https:\/\/schema.org\",\"@graph\":[{\"@type\":\"Article\",\"@id\":\"https:\/\/now-news.de\/de\/deutschland\/medienbericht-carola-rackete-wird-spitzenkandidatin-der-linken-bei-eu-wahl\/#article\",\"isPartOf\":{\"@id\":\"https:\/\/now-news.de\/de\/deutschland\/medienbericht-carola-rackete-wird-spitzenkandidatin-der-linken-bei-eu-wahl\/\"},\"author\":{\"name\":\"rtnews\",\"@id\":\"https:\/\/now-news.de\/de\/#\/schema\/person\/fb534a4e865501d8b3285208df34a9b5\"},\"headline\":\"Medienbericht: Carola Rackete wird Spitzenkandidatin der Linken bei EU-Wahl\",\"datePublished\":\"2023-07-17T10:11:30+00:00\",\"dateModified\":\"2023-07-17T10:11:30+00:00\",\"mainEntityOfPage\":{\"@id\":\"https:\/\/now-news.de\/de\/deutschland\/medienbericht-carola-rackete-wird-spitzenkandidatin-der-linken-bei-eu-wahl\/\"},\"wordCount\":204,\"commentCount\":0,\"publisher\":{\"@id\":\"https:\/\/now-news.de\/de\/#organization\"},\"image\":{\"@id\":\"https:\/\/now-news.de\/de\/deutschland\/medienbericht-carola-rackete-wird-spitzenkandidatin-der-linken-bei-eu-wahl\/#primaryimage\"},\"thumbnailUrl\":\"https:\/\/now-news.de\/de\/wp-content\/uploads\/sites\/3\/2023\/07\/Medienbericht-Carola-Rackete-wird-Spitzenkandidatin-der-Linken-bei-EU-Wahl.jpg\",\"keywords\":[\"bei\",\"Carola\",\"der\",\"EUWahl\",\"Linken\",\"Medienbericht\",\"Rackete\",\"Spitzenkandidatin\",\"wird\"],\"articleSection\":[\"Deutschland\",\"Russland\"],\"inLanguage\":\"de\",\"potentialAction\":[{\"@type\":\"CommentAction\",\"name\":\"Comment\",\"target\":[\"https:\/\/now-news.de\/de\/deutschland\/medienbericht-carola-rackete-wird-spitzenkandidatin-der-linken-bei-eu-wahl\/#respond\"]}]},{\"@type\":\"WebPage\",\"@id\":\"https:\/\/now-news.de\/de\/deutschland\/medienbericht-carola-rackete-wird-spitzenkandidatin-der-linken-bei-eu-wahl\/\",\"url\":\"https:\/\/now-news.de\/de\/deutschland\/medienbericht-carola-rackete-wird-spitzenkandidatin-der-linken-bei-eu-wahl\/\",\"name\":\"Medienbericht: Carola Rackete wird Spitzenkandidatin der Linken bei EU-Wahl - just-now.NEWS Deutschland\",\"isPartOf\":{\"@id\":\"https:\/\/now-news.de\/de\/#website\"},\"primaryImageOfPage\":{\"@id\":\"https:\/\/now-news.de\/de\/deutschland\/medienbericht-carola-rackete-wird-spitzenkandidatin-der-linken-bei-eu-wahl\/#primaryimage\"},\"image\":{\"@id\":\"https:\/\/now-news.de\/de\/deutschland\/medienbericht-carola-rackete-wird-spitzenkandidatin-der-linken-bei-eu-wahl\/#primaryimage\"},\"thumbnailUrl\":\"https:\/\/now-news.de\/de\/wp-content\/uploads\/sites\/3\/2023\/07\/Medienbericht-Carola-Rackete-wird-Spitzenkandidatin-der-Linken-bei-EU-Wahl.jpg\",\"datePublished\":\"2023-07-17T10:11:30+00:00\",\"dateModified\":\"2023-07-17T10:11:30+00:00\",\"breadcrumb\":{\"@id\":\"https:\/\/now-news.de\/de\/deutschland\/medienbericht-carola-rackete-wird-spitzenkandidatin-der-linken-bei-eu-wahl\/#breadcrumb\"},\"inLanguage\":\"de\",\"potentialAction\":[{\"@type\":\"ReadAction\",\"target\":[\"https:\/\/now-news.de\/de\/deutschland\/medienbericht-carola-rackete-wird-spitzenkandidatin-der-linken-bei-eu-wahl\/\"]}]},{\"@type\":\"ImageObject\",\"inLanguage\":\"de\",\"@id\":\"https:\/\/now-news.de\/de\/deutschland\/medienbericht-carola-rackete-wird-spitzenkandidatin-der-linken-bei-eu-wahl\/#primaryimage\",\"url\":\"https:\/\/now-news.de\/de\/wp-content\/uploads\/sites\/3\/2023\/07\/Medienbericht-Carola-Rackete-wird-Spitzenkandidatin-der-Linken-bei-EU-Wahl.jpg\",\"contentUrl\":\"https:\/\/now-news.de\/de\/wp-content\/uploads\/sites\/3\/2023\/07\/Medienbericht-Carola-Rackete-wird-Spitzenkandidatin-der-Linken-bei-EU-Wahl.jpg\",\"width\":460,\"height\":259,\"caption\":\"Medienbericht: Carola Rackete wird Spitzenkandidatin der Linken bei EU-Wahl\"},{\"@type\":\"BreadcrumbList\",\"@id\":\"https:\/\/now-news.de\/de\/deutschland\/medienbericht-carola-rackete-wird-spitzenkandidatin-der-linken-bei-eu-wahl\/#breadcrumb\",\"itemListElement\":[{\"@type\":\"ListItem\",\"position\":1,\"name\":\"Home\",\"item\":\"https:\/\/now-news.de\/de\/\"},{\"@type\":\"ListItem\",\"position\":2,\"name\":\"Medienbericht: Carola Rackete wird Spitzenkandidatin der Linken bei EU-Wahl\"}]},{\"@type\":\"WebSite\",\"@id\":\"https:\/\/now-news.de\/de\/#website\",\"url\":\"https:\/\/now-news.de\/de\/\",\"name\":\"just-now.NEWS Deutschland\",\"description\":\"Das Portal f\u00fcr unzensierte Nachrichten aus der Welt\",\"publisher\":{\"@id\":\"https:\/\/now-news.de\/de\/#organization\"},\"potentialAction\":[{\"@type\":\"SearchAction\",\"target\":{\"@type\":\"EntryPoint\",\"urlTemplate\":\"https:\/\/now-news.de\/de\/?s={search_term_string}\"},\"query-input\":\"required name=search_term_string\"}],\"inLanguage\":\"de\"},{\"@type\":\"Organization\",\"@id\":\"https:\/\/now-news.de\/de\/#organization\",\"name\":\"Just Now News\",\"url\":\"https:\/\/now-news.de\/de\/\",\"logo\":{\"@type\":\"ImageObject\",\"inLanguage\":\"de\",\"@id\":\"https:\/\/now-news.de\/de\/#\/schema\/logo\/image\/\",\"url\":\"http:\/\/just-now.news\/de\/wp-content\/uploads\/sites\/3\/2022\/04\/logo500x500.jpg\",\"contentUrl\":\"http:\/\/just-now.news\/de\/wp-content\/uploads\/sites\/3\/2022\/04\/logo500x500.jpg\",\"width\":500,\"height\":500,\"caption\":\"Just Now News\"},\"image\":{\"@id\":\"https:\/\/now-news.de\/de\/#\/schema\/logo\/image\/\"},\"sameAs\":[\"https:\/\/www.facebook.com\/wirmachenauf\",\"https:\/\/x.com\/WirMachenAuf_de\"]},{\"@type\":\"Person\",\"@id\":\"https:\/\/now-news.de\/de\/#\/schema\/person\/fb534a4e865501d8b3285208df34a9b5\",\"name\":\"rtnews\",\"image\":{\"@type\":\"ImageObject\",\"inLanguage\":\"de\",\"@id\":\"https:\/\/now-news.de\/de\/#\/schema\/person\/image\/\",\"url\":\"https:\/\/secure.gravatar.com\/avatar\/82aafea7d8127119dd649515f56e2117?s=96&d=mm&r=g\",\"contentUrl\":\"https:\/\/secure.gravatar.com\/avatar\/82aafea7d8127119dd649515f56e2117?s=96&d=mm&r=g\",\"caption\":\"rtnews\"},\"url\":\"https:\/\/now-news.de\/de\/author\/rnews\/\"}]}<\/script>\n<!-- \/ Yoast SEO Premium plugin. -->","yoast_head_json":{"title":"Medienbericht: Carola Rackete wird Spitzenkandidatin der Linken bei EU-Wahl - just-now.NEWS Deutschland","robots":{"index":"index","follow":"follow","max-snippet":"max-snippet:-1","max-image-preview":"max-image-preview:large","max-video-preview":"max-video-preview:-1"},"canonical":"https:\/\/now-news.de\/de\/deutschland\/medienbericht-carola-rackete-wird-spitzenkandidatin-der-linken-bei-eu-wahl\/","og_locale":"de_DE","og_type":"article","og_title":"Medienbericht: Carola Rackete wird Spitzenkandidatin der Linken bei EU-Wahl","og_description":"Carola Rackete wurde im Jahr 2019 als Kapit\u00e4nin eines Seenotrettungsschiffes bekannt. Nun soll sie offenbar Spitzenkandidatin f\u00fcr Die Linke bei der EU-Wahl werden. Die Parteif\u00fchrung will so ein &#8220;Signal&#8221; setzen \u2013 gegen Sahra Wagenknecht. Die Aktivistin\u00a0Carola Rackete\u00a0soll im kommenden Jahr die Spitzenkandidatin f\u00fcr Die Linke bei der EU-Wahl werden. Das berichtete Zeit Online am Montag [&hellip;]","og_url":"https:\/\/now-news.de\/de\/deutschland\/medienbericht-carola-rackete-wird-spitzenkandidatin-der-linken-bei-eu-wahl\/","og_site_name":"just-now.NEWS Deutschland","article_publisher":"https:\/\/www.facebook.com\/wirmachenauf","article_published_time":"2023-07-17T10:11:30+00:00","og_image":[{"width":460,"height":259,"url":"https:\/\/now-news.de\/de\/wp-content\/uploads\/sites\/3\/2023\/07\/Medienbericht-Carola-Rackete-wird-Spitzenkandidatin-der-Linken-bei-EU-Wahl.jpg","type":"image\/jpeg"}],"author":"rtnews","twitter_card":"summary_large_image","twitter_creator":"@WirMachenAuf_de","twitter_site":"@WirMachenAuf_de","twitter_misc":{"Verfasst von":"rtnews","Gesch\u00e4tzte Lesezeit":"1\u00a0Minute"},"schema":{"@context":"https:\/\/schema.org","@graph":[{"@type":"Article","@id":"https:\/\/now-news.de\/de\/deutschland\/medienbericht-carola-rackete-wird-spitzenkandidatin-der-linken-bei-eu-wahl\/#article","isPartOf":{"@id":"https:\/\/now-news.de\/de\/deutschland\/medienbericht-carola-rackete-wird-spitzenkandidatin-der-linken-bei-eu-wahl\/"},"author":{"name":"rtnews","@id":"https:\/\/now-news.de\/de\/#\/schema\/person\/fb534a4e865501d8b3285208df34a9b5"},"headline":"Medienbericht: Carola Rackete wird Spitzenkandidatin der Linken bei EU-Wahl","datePublished":"2023-07-17T10:11:30+00:00","dateModified":"2023-07-17T10:11:30+00:00","mainEntityOfPage":{"@id":"https:\/\/now-news.de\/de\/deutschland\/medienbericht-carola-rackete-wird-spitzenkandidatin-der-linken-bei-eu-wahl\/"},"wordCount":204,"commentCount":0,"publisher":{"@id":"https:\/\/now-news.de\/de\/#organization"},"image":{"@id":"https:\/\/now-news.de\/de\/deutschland\/medienbericht-carola-rackete-wird-spitzenkandidatin-der-linken-bei-eu-wahl\/#primaryimage"},"thumbnailUrl":"https:\/\/now-news.de\/de\/wp-content\/uploads\/sites\/3\/2023\/07\/Medienbericht-Carola-Rackete-wird-Spitzenkandidatin-der-Linken-bei-EU-Wahl.jpg","keywords":["bei","Carola","der","EUWahl","Linken","Medienbericht","Rackete","Spitzenkandidatin","wird"],"articleSection":["Deutschland","Russland"],"inLanguage":"de","potentialAction":[{"@type":"CommentAction","name":"Comment","target":["https:\/\/now-news.de\/de\/deutschland\/medienbericht-carola-rackete-wird-spitzenkandidatin-der-linken-bei-eu-wahl\/#respond"]}]},{"@type":"WebPage","@id":"https:\/\/now-news.de\/de\/deutschland\/medienbericht-carola-rackete-wird-spitzenkandidatin-der-linken-bei-eu-wahl\/","url":"https:\/\/now-news.de\/de\/deutschland\/medienbericht-carola-rackete-wird-spitzenkandidatin-der-linken-bei-eu-wahl\/","name":"Medienbericht: Carola Rackete wird Spitzenkandidatin der Linken bei EU-Wahl - just-now.NEWS Deutschland","isPartOf":{"@id":"https:\/\/now-news.de\/de\/#website"},"primaryImageOfPage":{"@id":"https:\/\/now-news.de\/de\/deutschland\/medienbericht-carola-rackete-wird-spitzenkandidatin-der-linken-bei-eu-wahl\/#primaryimage"},"image":{"@id":"https:\/\/now-news.de\/de\/deutschland\/medienbericht-carola-rackete-wird-spitzenkandidatin-der-linken-bei-eu-wahl\/#primaryimage"},"thumbnailUrl":"https:\/\/now-news.de\/de\/wp-content\/uploads\/sites\/3\/2023\/07\/Medienbericht-Carola-Rackete-wird-Spitzenkandidatin-der-Linken-bei-EU-Wahl.jpg","datePublished":"2023-07-17T10:11:30+00:00","dateModified":"2023-07-17T10:11:30+00:00","breadcrumb":{"@id":"https:\/\/now-news.de\/de\/deutschland\/medienbericht-carola-rackete-wird-spitzenkandidatin-der-linken-bei-eu-wahl\/#breadcrumb"},"inLanguage":"de","potentialAction":[{"@type":"ReadAction","target":["https:\/\/now-news.de\/de\/deutschland\/medienbericht-carola-rackete-wird-spitzenkandidatin-der-linken-bei-eu-wahl\/"]}]},{"@type":"ImageObject","inLanguage":"de","@id":"https:\/\/now-news.de\/de\/deutschland\/medienbericht-carola-rackete-wird-spitzenkandidatin-der-linken-bei-eu-wahl\/#primaryimage","url":"https:\/\/now-news.de\/de\/wp-content\/uploads\/sites\/3\/2023\/07\/Medienbericht-Carola-Rackete-wird-Spitzenkandidatin-der-Linken-bei-EU-Wahl.jpg","contentUrl":"https:\/\/now-news.de\/de\/wp-content\/uploads\/sites\/3\/2023\/07\/Medienbericht-Carola-Rackete-wird-Spitzenkandidatin-der-Linken-bei-EU-Wahl.jpg","width":460,"height":259,"caption":"Medienbericht: Carola Rackete wird Spitzenkandidatin der Linken bei EU-Wahl"},{"@type":"BreadcrumbList","@id":"https:\/\/now-news.de\/de\/deutschland\/medienbericht-carola-rackete-wird-spitzenkandidatin-der-linken-bei-eu-wahl\/#breadcrumb","itemListElement":[{"@type":"ListItem","position":1,"name":"Home","item":"https:\/\/now-news.de\/de\/"},{"@type":"ListItem","position":2,"name":"Medienbericht: Carola Rackete wird Spitzenkandidatin der Linken bei EU-Wahl"}]},{"@type":"WebSite","@id":"https:\/\/now-news.de\/de\/#website","url":"https:\/\/now-news.de\/de\/","name":"just-now.NEWS Deutschland","description":"Das Portal f\u00fcr unzensierte Nachrichten aus der Welt","publisher":{"@id":"https:\/\/now-news.de\/de\/#organization"},"potentialAction":[{"@type":"SearchAction","target":{"@type":"EntryPoint","urlTemplate":"https:\/\/now-news.de\/de\/?s={search_term_string}"},"query-input":"required name=search_term_string"}],"inLanguage":"de"},{"@type":"Organization","@id":"https:\/\/now-news.de\/de\/#organization","name":"Just Now News","url":"https:\/\/now-news.de\/de\/","logo":{"@type":"ImageObject","inLanguage":"de","@id":"https:\/\/now-news.de\/de\/#\/schema\/logo\/image\/","url":"http:\/\/just-now.news\/de\/wp-content\/uploads\/sites\/3\/2022\/04\/logo500x500.jpg","contentUrl":"http:\/\/just-now.news\/de\/wp-content\/uploads\/sites\/3\/2022\/04\/logo500x500.jpg","width":500,"height":500,"caption":"Just Now News"},"image":{"@id":"https:\/\/now-news.de\/de\/#\/schema\/logo\/image\/"},"sameAs":["https:\/\/www.facebook.com\/wirmachenauf","https:\/\/x.com\/WirMachenAuf_de"]},{"@type":"Person","@id":"https:\/\/now-news.de\/de\/#\/schema\/person\/fb534a4e865501d8b3285208df34a9b5","name":"rtnews","image":{"@type":"ImageObject","inLanguage":"de","@id":"https:\/\/now-news.de\/de\/#\/schema\/person\/image\/","url":"https:\/\/secure.gravatar.com\/avatar\/82aafea7d8127119dd649515f56e2117?s=96&d=mm&r=g","contentUrl":"https:\/\/secure.gravatar.com\/avatar\/82aafea7d8127119dd649515f56e2117?s=96&d=mm&r=g","caption":"rtnews"},"url":"https:\/\/now-news.de\/de\/author\/rnews\/"}]}},"_links":{"self":[{"href":"https:\/\/now-news.de\/de\/wp-json\/wp\/v2\/posts\/40281"}],"collection":[{"href":"https:\/\/now-news.de\/de\/wp-json\/wp\/v2\/posts"}],"about":[{"href":"https:\/\/now-news.de\/de\/wp-json\/wp\/v2\/types\/post"}],"author":[{"embeddable":true,"href":"https:\/\/now-news.de\/de\/wp-json\/wp\/v2\/users\/3"}],"replies":[{"embeddable":true,"href":"https:\/\/now-news.de\/de\/wp-json\/wp\/v2\/comments?post=40281"}],"version-history":[{"count":0,"href":"https:\/\/now-news.de\/de\/wp-json\/wp\/v2\/posts\/40281\/revisions"}],"wp:featuredmedia":[{"embeddable":true,"href":"https:\/\/now-news.de\/de\/wp-json\/wp\/v2\/media\/40282"}],"wp:attachment":[{"href":"https:\/\/now-news.de\/de\/wp-json\/wp\/v2\/media?parent=40281"}],"wp:term":[{"taxonomy":"category","embeddable":true,"href":"https:\/\/now-news.de\/de\/wp-json\/wp\/v2\/categories?post=40281"},{"taxonomy":"post_tag","embeddable":true,"href":"https:\/\/now-news.de\/de\/wp-json\/wp\/v2\/tags?post=40281"}],"curies":[{"name":"wp","href":"https:\/\/api.w.org\/{rel}","templated":true}]}}