{"id":40277,"date":"2023-07-17T11:33:13","date_gmt":"2023-07-17T09:33:13","guid":{"rendered":"https:\/\/just-now.news\/de\/deutschland\/tuerkei-verkauft-bayraktar-drohnen-an-das-kosovo\/"},"modified":"2023-07-17T11:33:13","modified_gmt":"2023-07-17T09:33:13","slug":"tuerkei-verkauft-bayraktar-drohnen-an-das-kosovo","status":"publish","type":"post","link":"https:\/\/now-news.de\/de\/deutschland\/tuerkei-verkauft-bayraktar-drohnen-an-das-kosovo\/","title":{"rendered":"T\u00fcrkei verkauft Bayraktar-Drohnen an das Kosovo"},"content":{"rendered":"<p><img decoding=\"async\" src=\"http:\/\/just-now.news\/de\/wp-content\/uploads\/sites\/3\/2023\/07\/64b50655b480cc163a10aa39.jpg\" \/><\/p>\n<div class=\"Text-root Text-type_1 \">\n                Das Kosovo hat in der T\u00fcrkei Drohnen des Typs Bayraktar TB2 gekauft. Ministerpr\u00e4sident Albin Kurti best\u00e4tigte gestern entsprechende Medienberichte, ohne weitere Angaben zu machen. Bayraktar-Drohnen werden auch von der ukrainischen Armee im Konflikt mit Russland benutzt.\n            <\/div>\n<p><\/p>\n<div class=\"Text-root Text-type_5 ArticleView-text ViewText-root \">\n<p>Das Kosovo hat eine Reihe von Bayraktar-Drohnen aus t\u00fcrkischer Produktion gekauft, wie Regierungschef Albin Kurti am Sonntag erkl\u00e4rte, und das zu einer Zeit, in der das Land mit Unruhen im Norden konfrontiert ist, wo ethnische Serben sich weigern, die Beh\u00f6rden in Pristina anzuerkennen.<\/p>\n<p>In einem Facebook-Post, der ihn zusammen mit seinem Verteidigungsminister Armend Mehaj vor einer Drohne zeigt, erkl\u00e4rte der Premierminister, dass die j\u00fcngsten Sicherheitsausgaben das Land sicherer machen w\u00fcrden.<\/p>\n<p>Kurti nannte weder die Anzahl noch die Kosten der Drohnen, der ersten im Kosovo, noch sagte er, wof\u00fcr sie eingesetzt werden sollen. Bayraktar-Drohnen haben weltweit an Beachtung gewonnen, nachdem sie vom ukrainischen Milit\u00e4r gegen russische Streitkr\u00e4fte eingesetzt wurden.<\/p>\n<p>&#8220;Das Kosovo ist jetzt noch sicherer und immer stolz&#8221;, sagte Kurti und f\u00fcgte hinzu, dass seine Regierung in den letzten zwei Jahren die Truppenst\u00e4rke um 80 Prozent und das Verteidigungsbudget um mehr als 100 Prozent erh\u00f6ht habe.<\/p>\n<p>Das Kosovo baut eine Armee auf, die letztendlich 5.000 regul\u00e4re Soldaten und 3.000 Reservisten haben soll. Auch die NATO hat mehr als 4.500 Soldaten in dem 1,8 Millionen Einwohner z\u00e4hlenden Land stationiert.<\/p>\n<p>Zwischen dem Kosovo und dem Nachbarland Serbien hatten sich die Spannungen j\u00fcngst wieder versch\u00e4rft. Die NATO \u00fcbernahm 1999 die Kontrolle \u00fcber das Kosovo, nachdem sie im Auftrag albanischer Separatisten einen 78-t\u00e4gigen Luftkrieg gegen Serbien gef\u00fchrt hatte.<\/p>\n<p>Obwohl der UN-Sicherheitsrat in seiner Resolution 1244 die territoriale Integrit\u00e4t Serbiens best\u00e4tigte, erkl\u00e4rte die provisorische Regierung in Pristina 2008 die Unabh\u00e4ngigkeit. Die Weigerung Belgrads, die Abspaltung anzuerkennen, wurde von etwa der H\u00e4lfte der L\u00e4nder der Welt unterst\u00fctzt, darunter Russland, China und Indien.<\/p>\n<p><strong>Mehr zum Thema<\/strong> \u2013 <a rel=\"nofollow noopener\" target=\"_blank\" href=\"https:\/\/pressefreiheit.rtde.live\/international\/174995-sind-milosevics-suenden-vergangenheit-zu\/\">Sind Milo\u0161evi\u0107s &#8220;S\u00fcnden der Vergangenheit&#8221; zu einer Orientierung f\u00fcr die Zukunft geworden?<\/a><\/p>\n<div class=\"EmbedBlock-root EmbedBlock-externalVideo EmbedBlock-odysee\">\n<div class=\"VkEmbed\"><iframe class=\"lazyload\" data-src=\"https:\/\/odysee.com\/%24\/embed\/%40RTDE%3Ae%2Fvucic-werden-nicht-zulassen-unser-volk-vertrieben-opfer-progromen-wird%3A9\" frameborder=\"0\" width=\"853\" height=\"480\" allowfullscreen><\/iframe><\/div>\n<\/div>\n<\/div>\n<p><br \/>\n<br \/><a href=\"https:\/\/de.rt.com\/europa\/175435-tuerkei-verkauft-bayraktar-drohnen-an\/\">Source link <\/a><\/p>\n","protected":false},"excerpt":{"rendered":"<p>Das Kosovo hat in der T\u00fcrkei Drohnen des Typs Bayraktar TB2 gekauft. Ministerpr\u00e4sident Albin Kurti best\u00e4tigte gestern entsprechende Medienberichte, ohne weitere Angaben zu machen. Bayraktar-Drohnen werden auch von der ukrainischen Armee im Konflikt mit Russland benutzt. Das Kosovo hat eine Reihe von Bayraktar-Drohnen aus t\u00fcrkischer Produktion gekauft, wie Regierungschef Albin Kurti am Sonntag erkl\u00e4rte, und [&hellip;]<\/p>\n","protected":false},"author":3,"featured_media":40278,"comment_status":"open","ping_status":"open","sticky":false,"template":"","format":"standard","meta":{"_yoast_indexnow_last_ping":["1689586496"],"wp_automatic_camp":["217"],"3efae3cedec468c318b67b3b91f99b4b":["T\u00fcrkei verkauft Bayraktar-Drohnen an das Kosovo"],"original_link":["https:\/\/de.rt.com\/europa\/175435-tuerkei-verkauft-bayraktar-drohnen-an\/"],"_thumbnail_id":["40278"],"_wptgpro_p2tg_sent2tg":["a:1:{i:23737;s:19:\"2023-07-17 11:35:58\";}"],"jnews_social_counter_last_update":["1777578738"]},"categories":[19,23],"tags":[26236,427,2681,1897,3677],"yoast_head":"<!-- This site is optimized with the Yoast SEO Premium plugin v22.7 (Yoast SEO v22.7) - https:\/\/yoast.com\/wordpress\/plugins\/seo\/ -->\n<title>T\u00fcrkei verkauft Bayraktar-Drohnen an das Kosovo - just-now.NEWS Deutschland<\/title>\n<meta name=\"robots\" content=\"index, follow, max-snippet:-1, max-image-preview:large, max-video-preview:-1\" \/>\n<link rel=\"canonical\" href=\"https:\/\/now-news.de\/de\/deutschland\/tuerkei-verkauft-bayraktar-drohnen-an-das-kosovo\/\" \/>\n<meta property=\"og:locale\" content=\"de_DE\" \/>\n<meta property=\"og:type\" content=\"article\" \/>\n<meta property=\"og:title\" content=\"T\u00fcrkei verkauft Bayraktar-Drohnen an das Kosovo\" \/>\n<meta property=\"og:description\" content=\"Das Kosovo hat in der T\u00fcrkei Drohnen des Typs Bayraktar TB2 gekauft. Ministerpr\u00e4sident Albin Kurti best\u00e4tigte gestern entsprechende Medienberichte, ohne weitere Angaben zu machen. Bayraktar-Drohnen werden auch von der ukrainischen Armee im Konflikt mit Russland benutzt. Das Kosovo hat eine Reihe von Bayraktar-Drohnen aus t\u00fcrkischer Produktion gekauft, wie Regierungschef Albin Kurti am Sonntag erkl\u00e4rte, und [&hellip;]\" \/>\n<meta property=\"og:url\" content=\"https:\/\/now-news.de\/de\/deutschland\/tuerkei-verkauft-bayraktar-drohnen-an-das-kosovo\/\" \/>\n<meta property=\"og:site_name\" content=\"just-now.NEWS Deutschland\" \/>\n<meta property=\"article:publisher\" content=\"https:\/\/www.facebook.com\/wirmachenauf\" \/>\n<meta property=\"article:published_time\" content=\"2023-07-17T09:33:13+00:00\" \/>\n<meta property=\"og:image\" content=\"https:\/\/now-news.de\/de\/wp-content\/uploads\/sites\/3\/2023\/07\/Tuerkei-verkauft-Bayraktar-Drohnen-an-das-Kosovo.jpg\" \/>\n\t<meta property=\"og:image:width\" content=\"460\" \/>\n\t<meta property=\"og:image:height\" content=\"259\" \/>\n\t<meta property=\"og:image:type\" content=\"image\/jpeg\" \/>\n<meta name=\"author\" content=\"rtnews\" \/>\n<meta name=\"twitter:card\" content=\"summary_large_image\" \/>\n<meta name=\"twitter:creator\" content=\"@WirMachenAuf_de\" \/>\n<meta name=\"twitter:site\" content=\"@WirMachenAuf_de\" \/>\n<meta name=\"twitter:label1\" content=\"Verfasst von\" \/>\n\t<meta name=\"twitter:data1\" content=\"rtnews\" \/>\n\t<meta name=\"twitter:label2\" content=\"Gesch\u00e4tzte Lesezeit\" \/>\n\t<meta name=\"twitter:data2\" content=\"2\u00a0Minuten\" \/>\n<script type=\"application\/ld+json\" class=\"yoast-schema-graph\">{\"@context\":\"https:\/\/schema.org\",\"@graph\":[{\"@type\":\"Article\",\"@id\":\"https:\/\/now-news.de\/de\/deutschland\/tuerkei-verkauft-bayraktar-drohnen-an-das-kosovo\/#article\",\"isPartOf\":{\"@id\":\"https:\/\/now-news.de\/de\/deutschland\/tuerkei-verkauft-bayraktar-drohnen-an-das-kosovo\/\"},\"author\":{\"name\":\"rtnews\",\"@id\":\"https:\/\/now-news.de\/de\/#\/schema\/person\/fb534a4e865501d8b3285208df34a9b5\"},\"headline\":\"T\u00fcrkei verkauft Bayraktar-Drohnen an das Kosovo\",\"datePublished\":\"2023-07-17T09:33:13+00:00\",\"dateModified\":\"2023-07-17T09:33:13+00:00\",\"mainEntityOfPage\":{\"@id\":\"https:\/\/now-news.de\/de\/deutschland\/tuerkei-verkauft-bayraktar-drohnen-an-das-kosovo\/\"},\"wordCount\":339,\"commentCount\":0,\"publisher\":{\"@id\":\"https:\/\/now-news.de\/de\/#organization\"},\"image\":{\"@id\":\"https:\/\/now-news.de\/de\/deutschland\/tuerkei-verkauft-bayraktar-drohnen-an-das-kosovo\/#primaryimage\"},\"thumbnailUrl\":\"https:\/\/now-news.de\/de\/wp-content\/uploads\/sites\/3\/2023\/07\/Tuerkei-verkauft-Bayraktar-Drohnen-an-das-Kosovo.jpg\",\"keywords\":[\"BayraktarDrohnen\",\"das\",\"Kosovo\",\"T\u00fcrkei\",\"verkauft\"],\"articleSection\":[\"Deutschland\",\"Russland\"],\"inLanguage\":\"de\",\"potentialAction\":[{\"@type\":\"CommentAction\",\"name\":\"Comment\",\"target\":[\"https:\/\/now-news.de\/de\/deutschland\/tuerkei-verkauft-bayraktar-drohnen-an-das-kosovo\/#respond\"]}]},{\"@type\":\"WebPage\",\"@id\":\"https:\/\/now-news.de\/de\/deutschland\/tuerkei-verkauft-bayraktar-drohnen-an-das-kosovo\/\",\"url\":\"https:\/\/now-news.de\/de\/deutschland\/tuerkei-verkauft-bayraktar-drohnen-an-das-kosovo\/\",\"name\":\"T\u00fcrkei verkauft Bayraktar-Drohnen an das Kosovo - just-now.NEWS Deutschland\",\"isPartOf\":{\"@id\":\"https:\/\/now-news.de\/de\/#website\"},\"primaryImageOfPage\":{\"@id\":\"https:\/\/now-news.de\/de\/deutschland\/tuerkei-verkauft-bayraktar-drohnen-an-das-kosovo\/#primaryimage\"},\"image\":{\"@id\":\"https:\/\/now-news.de\/de\/deutschland\/tuerkei-verkauft-bayraktar-drohnen-an-das-kosovo\/#primaryimage\"},\"thumbnailUrl\":\"https:\/\/now-news.de\/de\/wp-content\/uploads\/sites\/3\/2023\/07\/Tuerkei-verkauft-Bayraktar-Drohnen-an-das-Kosovo.jpg\",\"datePublished\":\"2023-07-17T09:33:13+00:00\",\"dateModified\":\"2023-07-17T09:33:13+00:00\",\"breadcrumb\":{\"@id\":\"https:\/\/now-news.de\/de\/deutschland\/tuerkei-verkauft-bayraktar-drohnen-an-das-kosovo\/#breadcrumb\"},\"inLanguage\":\"de\",\"potentialAction\":[{\"@type\":\"ReadAction\",\"target\":[\"https:\/\/now-news.de\/de\/deutschland\/tuerkei-verkauft-bayraktar-drohnen-an-das-kosovo\/\"]}]},{\"@type\":\"ImageObject\",\"inLanguage\":\"de\",\"@id\":\"https:\/\/now-news.de\/de\/deutschland\/tuerkei-verkauft-bayraktar-drohnen-an-das-kosovo\/#primaryimage\",\"url\":\"https:\/\/now-news.de\/de\/wp-content\/uploads\/sites\/3\/2023\/07\/Tuerkei-verkauft-Bayraktar-Drohnen-an-das-Kosovo.jpg\",\"contentUrl\":\"https:\/\/now-news.de\/de\/wp-content\/uploads\/sites\/3\/2023\/07\/Tuerkei-verkauft-Bayraktar-Drohnen-an-das-Kosovo.jpg\",\"width\":460,\"height\":259,\"caption\":\"T\u00fcrkei verkauft Bayraktar-Drohnen an das Kosovo\"},{\"@type\":\"BreadcrumbList\",\"@id\":\"https:\/\/now-news.de\/de\/deutschland\/tuerkei-verkauft-bayraktar-drohnen-an-das-kosovo\/#breadcrumb\",\"itemListElement\":[{\"@type\":\"ListItem\",\"position\":1,\"name\":\"Home\",\"item\":\"https:\/\/now-news.de\/de\/\"},{\"@type\":\"ListItem\",\"position\":2,\"name\":\"T\u00fcrkei verkauft Bayraktar-Drohnen an das Kosovo\"}]},{\"@type\":\"WebSite\",\"@id\":\"https:\/\/now-news.de\/de\/#website\",\"url\":\"https:\/\/now-news.de\/de\/\",\"name\":\"just-now.NEWS Deutschland\",\"description\":\"Das Portal f\u00fcr unzensierte Nachrichten aus der Welt\",\"publisher\":{\"@id\":\"https:\/\/now-news.de\/de\/#organization\"},\"potentialAction\":[{\"@type\":\"SearchAction\",\"target\":{\"@type\":\"EntryPoint\",\"urlTemplate\":\"https:\/\/now-news.de\/de\/?s={search_term_string}\"},\"query-input\":\"required name=search_term_string\"}],\"inLanguage\":\"de\"},{\"@type\":\"Organization\",\"@id\":\"https:\/\/now-news.de\/de\/#organization\",\"name\":\"Just Now News\",\"url\":\"https:\/\/now-news.de\/de\/\",\"logo\":{\"@type\":\"ImageObject\",\"inLanguage\":\"de\",\"@id\":\"https:\/\/now-news.de\/de\/#\/schema\/logo\/image\/\",\"url\":\"http:\/\/just-now.news\/de\/wp-content\/uploads\/sites\/3\/2022\/04\/logo500x500.jpg\",\"contentUrl\":\"http:\/\/just-now.news\/de\/wp-content\/uploads\/sites\/3\/2022\/04\/logo500x500.jpg\",\"width\":500,\"height\":500,\"caption\":\"Just Now News\"},\"image\":{\"@id\":\"https:\/\/now-news.de\/de\/#\/schema\/logo\/image\/\"},\"sameAs\":[\"https:\/\/www.facebook.com\/wirmachenauf\",\"https:\/\/x.com\/WirMachenAuf_de\"]},{\"@type\":\"Person\",\"@id\":\"https:\/\/now-news.de\/de\/#\/schema\/person\/fb534a4e865501d8b3285208df34a9b5\",\"name\":\"rtnews\",\"image\":{\"@type\":\"ImageObject\",\"inLanguage\":\"de\",\"@id\":\"https:\/\/now-news.de\/de\/#\/schema\/person\/image\/\",\"url\":\"https:\/\/secure.gravatar.com\/avatar\/82aafea7d8127119dd649515f56e2117?s=96&d=mm&r=g\",\"contentUrl\":\"https:\/\/secure.gravatar.com\/avatar\/82aafea7d8127119dd649515f56e2117?s=96&d=mm&r=g\",\"caption\":\"rtnews\"},\"url\":\"https:\/\/now-news.de\/de\/author\/rnews\/\"}]}<\/script>\n<!-- \/ Yoast SEO Premium plugin. -->","yoast_head_json":{"title":"T\u00fcrkei verkauft Bayraktar-Drohnen an das Kosovo - just-now.NEWS Deutschland","robots":{"index":"index","follow":"follow","max-snippet":"max-snippet:-1","max-image-preview":"max-image-preview:large","max-video-preview":"max-video-preview:-1"},"canonical":"https:\/\/now-news.de\/de\/deutschland\/tuerkei-verkauft-bayraktar-drohnen-an-das-kosovo\/","og_locale":"de_DE","og_type":"article","og_title":"T\u00fcrkei verkauft Bayraktar-Drohnen an das Kosovo","og_description":"Das Kosovo hat in der T\u00fcrkei Drohnen des Typs Bayraktar TB2 gekauft. Ministerpr\u00e4sident Albin Kurti best\u00e4tigte gestern entsprechende Medienberichte, ohne weitere Angaben zu machen. Bayraktar-Drohnen werden auch von der ukrainischen Armee im Konflikt mit Russland benutzt. Das Kosovo hat eine Reihe von Bayraktar-Drohnen aus t\u00fcrkischer Produktion gekauft, wie Regierungschef Albin Kurti am Sonntag erkl\u00e4rte, und [&hellip;]","og_url":"https:\/\/now-news.de\/de\/deutschland\/tuerkei-verkauft-bayraktar-drohnen-an-das-kosovo\/","og_site_name":"just-now.NEWS Deutschland","article_publisher":"https:\/\/www.facebook.com\/wirmachenauf","article_published_time":"2023-07-17T09:33:13+00:00","og_image":[{"width":460,"height":259,"url":"https:\/\/now-news.de\/de\/wp-content\/uploads\/sites\/3\/2023\/07\/Tuerkei-verkauft-Bayraktar-Drohnen-an-das-Kosovo.jpg","type":"image\/jpeg"}],"author":"rtnews","twitter_card":"summary_large_image","twitter_creator":"@WirMachenAuf_de","twitter_site":"@WirMachenAuf_de","twitter_misc":{"Verfasst von":"rtnews","Gesch\u00e4tzte Lesezeit":"2\u00a0Minuten"},"schema":{"@context":"https:\/\/schema.org","@graph":[{"@type":"Article","@id":"https:\/\/now-news.de\/de\/deutschland\/tuerkei-verkauft-bayraktar-drohnen-an-das-kosovo\/#article","isPartOf":{"@id":"https:\/\/now-news.de\/de\/deutschland\/tuerkei-verkauft-bayraktar-drohnen-an-das-kosovo\/"},"author":{"name":"rtnews","@id":"https:\/\/now-news.de\/de\/#\/schema\/person\/fb534a4e865501d8b3285208df34a9b5"},"headline":"T\u00fcrkei verkauft Bayraktar-Drohnen an das Kosovo","datePublished":"2023-07-17T09:33:13+00:00","dateModified":"2023-07-17T09:33:13+00:00","mainEntityOfPage":{"@id":"https:\/\/now-news.de\/de\/deutschland\/tuerkei-verkauft-bayraktar-drohnen-an-das-kosovo\/"},"wordCount":339,"commentCount":0,"publisher":{"@id":"https:\/\/now-news.de\/de\/#organization"},"image":{"@id":"https:\/\/now-news.de\/de\/deutschland\/tuerkei-verkauft-bayraktar-drohnen-an-das-kosovo\/#primaryimage"},"thumbnailUrl":"https:\/\/now-news.de\/de\/wp-content\/uploads\/sites\/3\/2023\/07\/Tuerkei-verkauft-Bayraktar-Drohnen-an-das-Kosovo.jpg","keywords":["BayraktarDrohnen","das","Kosovo","T\u00fcrkei","verkauft"],"articleSection":["Deutschland","Russland"],"inLanguage":"de","potentialAction":[{"@type":"CommentAction","name":"Comment","target":["https:\/\/now-news.de\/de\/deutschland\/tuerkei-verkauft-bayraktar-drohnen-an-das-kosovo\/#respond"]}]},{"@type":"WebPage","@id":"https:\/\/now-news.de\/de\/deutschland\/tuerkei-verkauft-bayraktar-drohnen-an-das-kosovo\/","url":"https:\/\/now-news.de\/de\/deutschland\/tuerkei-verkauft-bayraktar-drohnen-an-das-kosovo\/","name":"T\u00fcrkei verkauft Bayraktar-Drohnen an das Kosovo - just-now.NEWS Deutschland","isPartOf":{"@id":"https:\/\/now-news.de\/de\/#website"},"primaryImageOfPage":{"@id":"https:\/\/now-news.de\/de\/deutschland\/tuerkei-verkauft-bayraktar-drohnen-an-das-kosovo\/#primaryimage"},"image":{"@id":"https:\/\/now-news.de\/de\/deutschland\/tuerkei-verkauft-bayraktar-drohnen-an-das-kosovo\/#primaryimage"},"thumbnailUrl":"https:\/\/now-news.de\/de\/wp-content\/uploads\/sites\/3\/2023\/07\/Tuerkei-verkauft-Bayraktar-Drohnen-an-das-Kosovo.jpg","datePublished":"2023-07-17T09:33:13+00:00","dateModified":"2023-07-17T09:33:13+00:00","breadcrumb":{"@id":"https:\/\/now-news.de\/de\/deutschland\/tuerkei-verkauft-bayraktar-drohnen-an-das-kosovo\/#breadcrumb"},"inLanguage":"de","potentialAction":[{"@type":"ReadAction","target":["https:\/\/now-news.de\/de\/deutschland\/tuerkei-verkauft-bayraktar-drohnen-an-das-kosovo\/"]}]},{"@type":"ImageObject","inLanguage":"de","@id":"https:\/\/now-news.de\/de\/deutschland\/tuerkei-verkauft-bayraktar-drohnen-an-das-kosovo\/#primaryimage","url":"https:\/\/now-news.de\/de\/wp-content\/uploads\/sites\/3\/2023\/07\/Tuerkei-verkauft-Bayraktar-Drohnen-an-das-Kosovo.jpg","contentUrl":"https:\/\/now-news.de\/de\/wp-content\/uploads\/sites\/3\/2023\/07\/Tuerkei-verkauft-Bayraktar-Drohnen-an-das-Kosovo.jpg","width":460,"height":259,"caption":"T\u00fcrkei verkauft Bayraktar-Drohnen an das Kosovo"},{"@type":"BreadcrumbList","@id":"https:\/\/now-news.de\/de\/deutschland\/tuerkei-verkauft-bayraktar-drohnen-an-das-kosovo\/#breadcrumb","itemListElement":[{"@type":"ListItem","position":1,"name":"Home","item":"https:\/\/now-news.de\/de\/"},{"@type":"ListItem","position":2,"name":"T\u00fcrkei verkauft Bayraktar-Drohnen an das Kosovo"}]},{"@type":"WebSite","@id":"https:\/\/now-news.de\/de\/#website","url":"https:\/\/now-news.de\/de\/","name":"just-now.NEWS Deutschland","description":"Das Portal f\u00fcr unzensierte Nachrichten aus der Welt","publisher":{"@id":"https:\/\/now-news.de\/de\/#organization"},"potentialAction":[{"@type":"SearchAction","target":{"@type":"EntryPoint","urlTemplate":"https:\/\/now-news.de\/de\/?s={search_term_string}"},"query-input":"required name=search_term_string"}],"inLanguage":"de"},{"@type":"Organization","@id":"https:\/\/now-news.de\/de\/#organization","name":"Just Now News","url":"https:\/\/now-news.de\/de\/","logo":{"@type":"ImageObject","inLanguage":"de","@id":"https:\/\/now-news.de\/de\/#\/schema\/logo\/image\/","url":"http:\/\/just-now.news\/de\/wp-content\/uploads\/sites\/3\/2022\/04\/logo500x500.jpg","contentUrl":"http:\/\/just-now.news\/de\/wp-content\/uploads\/sites\/3\/2022\/04\/logo500x500.jpg","width":500,"height":500,"caption":"Just Now News"},"image":{"@id":"https:\/\/now-news.de\/de\/#\/schema\/logo\/image\/"},"sameAs":["https:\/\/www.facebook.com\/wirmachenauf","https:\/\/x.com\/WirMachenAuf_de"]},{"@type":"Person","@id":"https:\/\/now-news.de\/de\/#\/schema\/person\/fb534a4e865501d8b3285208df34a9b5","name":"rtnews","image":{"@type":"ImageObject","inLanguage":"de","@id":"https:\/\/now-news.de\/de\/#\/schema\/person\/image\/","url":"https:\/\/secure.gravatar.com\/avatar\/82aafea7d8127119dd649515f56e2117?s=96&d=mm&r=g","contentUrl":"https:\/\/secure.gravatar.com\/avatar\/82aafea7d8127119dd649515f56e2117?s=96&d=mm&r=g","caption":"rtnews"},"url":"https:\/\/now-news.de\/de\/author\/rnews\/"}]}},"_links":{"self":[{"href":"https:\/\/now-news.de\/de\/wp-json\/wp\/v2\/posts\/40277"}],"collection":[{"href":"https:\/\/now-news.de\/de\/wp-json\/wp\/v2\/posts"}],"about":[{"href":"https:\/\/now-news.de\/de\/wp-json\/wp\/v2\/types\/post"}],"author":[{"embeddable":true,"href":"https:\/\/now-news.de\/de\/wp-json\/wp\/v2\/users\/3"}],"replies":[{"embeddable":true,"href":"https:\/\/now-news.de\/de\/wp-json\/wp\/v2\/comments?post=40277"}],"version-history":[{"count":0,"href":"https:\/\/now-news.de\/de\/wp-json\/wp\/v2\/posts\/40277\/revisions"}],"wp:featuredmedia":[{"embeddable":true,"href":"https:\/\/now-news.de\/de\/wp-json\/wp\/v2\/media\/40278"}],"wp:attachment":[{"href":"https:\/\/now-news.de\/de\/wp-json\/wp\/v2\/media?parent=40277"}],"wp:term":[{"taxonomy":"category","embeddable":true,"href":"https:\/\/now-news.de\/de\/wp-json\/wp\/v2\/categories?post=40277"},{"taxonomy":"post_tag","embeddable":true,"href":"https:\/\/now-news.de\/de\/wp-json\/wp\/v2\/tags?post=40277"}],"curies":[{"name":"wp","href":"https:\/\/api.w.org\/{rel}","templated":true}]}}