{"id":40259,"date":"2023-07-16T21:17:00","date_gmt":"2023-07-16T19:17:00","guid":{"rendered":"https:\/\/just-now.news\/de\/deutschland\/ein-mann-ein-wort-wie-erdogan-seinen-guten-ruf-verspielt\/"},"modified":"2023-07-16T21:17:00","modified_gmt":"2023-07-16T19:17:00","slug":"ein-mann-ein-wort-wie-erdogan-seinen-guten-ruf-verspielt","status":"publish","type":"post","link":"https:\/\/now-news.de\/de\/deutschland\/ein-mann-ein-wort-wie-erdogan-seinen-guten-ruf-verspielt\/","title":{"rendered":"&quot;Ein Mann \u2013 ein Wort&quot;? Wie Erdo\u011fan seinen guten Ruf verspielt"},"content":{"rendered":"<p><img decoding=\"async\" src=\"http:\/\/just-now.news\/de\/wp-content\/uploads\/sites\/3\/2023\/07\/64b1307cb480cc31305277a2.jpg\" \/><\/p>\n<div class=\"Text-root Text-type_1 \">\n                Einerseits machte der t\u00fcrkische Pr\u00e4sident Erdo\u011fan zweifellos das, was er aufrichtig als vorteilhaft f\u00fcr sein Land ansah. Andererseits ist das jedoch nur als Teil einer Entscheidung in einem Nullsummenspiel zu betrachten, das durch Druck &#8220;erzwungen&#8221; wurde.\n            <\/div>\n<p><\/p>\n<div class=\"Text-root Text-type_5 ArticleView-text ViewText-root \">\n<p><em>Von Andrew Korybko<\/em><\/p>\n<p>Niemand sollte \u00fcberrascht sein, dass die T\u00fcrkei <a rel=\"nofollow noopener\" target=\"_blank\" href=\"https:\/\/pressefreiheit.rtde.live\/international\/174920-niemand-sollte-ueberrascht-sein-dass\/\">gegen die Asowstal-Vereinbarung<\/a> versto\u00dfen hat, zumal die meisten Beobachter davon ausgegangen waren, dass diese faschistischen bewaffneten Banden wahrscheinlich doch vor dem Ende des Kriegs in der Ukraine freigelassen werden, nachdem sie aus russischer Kriegsgefangenschaft in die T\u00fcrkei abgeschoben wurden. Dennoch muss diese Entwicklung f\u00fcr den russischen Pr\u00e4sidenten zutiefst entt\u00e4uschend gewesen sein, der zuvor oft die pers\u00f6nliche Integrit\u00e4t seines t\u00fcrkischen Amtskollegen Recep Tayyip Erdo\u011fan in h\u00f6chsten T\u00f6nen gelobt hatte. Zum Beispiel das, <a rel=\"nofollow noopener\" target=\"_blank\" href=\"http:\/\/en.kremlin.ru\/events\/president\/news\/64671\">was er im Dezember 2020 sagte<\/a>:<\/p>\n<blockquote>\n<p><em>&#8220;Wir haben mit Pr\u00e4sident Erdo\u011fan in bestimmten Angelegenheiten unterschiedliche, teilweise auch gegens\u00e4tzliche Ansichten. Aber er h\u00e4lt sein Wort wie ein aufrechter Staatsmann. Er wedelt nicht mit dem Schwanz. Wenn er denkt, dass etwas gut f\u00fcr sein Land ist, dann handelt er entsprechend. Hier geht es um Vorhersehbarkeit. Es ist wichtig zu wissen, mit wem man es zu tun hat.&#8221;<\/em><\/p>\n<\/blockquote>\n<p>Fast zwei Jahre sp\u00e4ter, im Oktober 2022, <a rel=\"nofollow noopener\" target=\"_blank\" href=\"http:\/\/en.kremlin.ru\/events\/president\/news\/69695\">sah es Pr\u00e4sident Putin<\/a> immer noch genauso:<\/p>\n<blockquote>\n<p><em>&#8220;Pr\u00e4sident Erdo\u011fan ist ein best\u00e4ndiger und verl\u00e4sslicher Partner. Das ist wohl seine wichtigste Eigenschaft, dass er ein verl\u00e4sslicher Partner ist. Wir wissen: Nachdem wir einen schwierigen Weg zur\u00fcckgelegt haben und es schwierig war, zu einer Einigung zu kommen, wir aber ebendiese Einigung trotzdem erreicht haben, dann k\u00f6nnen wir sicher sein, dass diese Einigung auch so in Kraft treten wird.&#8221;<\/em><\/p>\n<\/blockquote>\n<p>Kurz darauf, Anfang Dezember 2022, gab die fr\u00fchere deutsche Bundeskanzlerin Angela Merkel zu, dass ihre \u00f6ffentlich verlautbarte politische Unterst\u00fctzung f\u00fcr das Minsker Abkommen nur eine Finte war, um Zeit f\u00fcr die Aufr\u00fcstung der ukrainischen Streitkr\u00e4fte zu gewinnen \u2013 f\u00fcr die geplante R\u00fcckeroberung des Donbass. Der russische Pr\u00e4sident Putin vertraute bis dahin ebenso sehr darauf, dass Merkel aufrichtig zu ihren Erkl\u00e4rungen stehen w\u00fcrde, wie er es im Fall von Pr\u00e4sident Erdo\u011fan getan hatte. Deshalb zeigte er sich auch von Merkels Eingest\u00e4ndnis zutiefst entt\u00e4uscht, wie Putin es w\u00e4hrend einer Pressekonferenz im Dezember 2022 zu erkennen gab:<\/p>\n<blockquote>\n<p><em>&#8220;Ehrlich gesagt hatte ich nicht damit gerechnet, so etwas von der ehemaligen Bundeskanzlerin zu h\u00f6ren, weil ich immer davon ausging, dass die Staatsoberh\u00e4upter der Bundesrepublik Deutschland uns gegen\u00fcber stets aufrichtig waren. &#8230; Augenscheinlich haben wir uns \u2013 offen gesagt \u2013 zu sp\u00e4t zurechtgefunden.&#8221;<\/em><\/p>\n<\/blockquote>\n<p>Russlands Strategie bestand bis zum Beginn seiner milit\u00e4rischen Sonderoperation darin, mit den USA eine Einigung \u00fcber die Ukraine zu erzielen, die Moskaus Sicherheitsbed\u00fcrfnisse auf friedliche Weise erf\u00fcllt und gleichzeitig erm\u00f6glicht h\u00e4tte, dass Russland weiter als wirtschaftliche Br\u00fccke zwischen der EU und China agieren kann. Dies war, im Nachhinein betrachtet, von Anfang an zum Scheitern verurteilt, weil Putin \u2013 der weder ein Monster noch ein Verr\u00fcckter und auch nicht der Strippenzieher ist, als den er im Westen stets karikiert wird \u2013 seine eigene, rationale Weltsicht auf den Westen projizierte.<\/p>\n<p>Wladimir Putin erkannte erst, als es bereits zu sp\u00e4t war, dass seine westlichen Ansprechpartner allesamt unverbesserliche neoliberale Globalisten sind, die sogar bereit sind, die jeweiligen objektiv eigenen nationalen Interessen zu opfern, um ihre radikale Ideologie voranzutreiben. Dies erkl\u00e4rt, warum sie ihn so lange t\u00e4uschen konnten. Obwohl russische Pr\u00e4sident sich erst sp\u00e4t mit dieser Realit\u00e4t auseinandersetzen musste, blieb er noch immer davon \u00fcberzeugt, dass sein t\u00fcrkischer Amtskollege anders aufgestellt sei, sowohl, weil dieser kein &#8220;westliches&#8221; Staatsoberhaupt ist, als auch, weil Erdo\u011fan selbst auch mehrere Meinungsverschiedenheiten mit dem Westen hat.<\/p>\n<p>Um ehrlich zu sein, unterscheidet sich Pr\u00e4sident Erdo\u011fan in der Tat von einem Joe Biden, einer Angela Merkel oder einem Emmanuel Macron, da er nicht wie diese ein neoliberaler Globalist ist. Umso entt\u00e4uschender ist es daher, dass er im Fall der Asowstal-Vereinbarung sein Wort doch nicht gehalten hat. Auch wenn die Freilassung dieser faschistischen &#8220;Asow&#8221;-Schergen von den t\u00fcrkischen Medien als eine Art &#8220;Geste des guten Willens&#8221; dargestellt wurde, weil kurz zuvor Selenskij in Istanbul zu Besuch war, kann davon ausgegangen werden, dass diese Freilassung in Wahrheit Teil einer \u00fcbergeordneten Strategie in Ankara war, die darauf ausgerichtet ist, eine Ann\u00e4herung an den Westen zu erm\u00f6glichen.<\/p>\n<p>Wenige Tage nach der Freilassung der K\u00e4mpfer von Asowstal gab Pr\u00e4sident Erdo\u011fan in einer Presseerkl\u00e4rung bekannt, Schwedens Antrag zum Beitritt in die NATO zu unterst\u00fctzen, im Gegenzug daf\u00fcr, dass Stockholm &#8220;die Bem\u00fchungen zur Neubelebung des EU-Beitrittsprozesses der T\u00fcrkei, einschlie\u00dflich der Revitalisierung der Zollunion zwischen der EU und der T\u00fcrkei und die Liberalisierung in Fragen der Einreisevisa, aktiv unterst\u00fctzt&#8221;. Der Nationale Sicherheitsberater der USA Jake Sullivan gab daraufhin seinerseits bekannt, dass der US-Pr\u00e4sident Biden dem Verkauf von Kampfflugzeugen vom Typ F-16 an die T\u00fcrkei ohne &#8220;Vorbehalte oder Bedingungen&#8221; zustimme. Beide Kehrtwendungen tragen dazu bei, die bisher problematischen t\u00fcrkisch-westlichen Beziehungen zu verbessern.<\/p>\n<p>Erdo\u011fan handelte somit im Einklang mit dem, was Putin durchaus von ihm erwartet hatte, n\u00e4mlich das zu tun, was nach Meinung von Erdo\u011fan gut f\u00fcr sein eigenes Land ist \u2013 selbst auf Kosten eines Versto\u00dfes gegen das Asowstal-Abkommen mit Russland. Zusammen mit der Freilassung dieser faschistischen Bande ergriff Erdo\u011fan konkrete Ma\u00dfnahmen und unterst\u00fctzt nun doch Schwedens Antrag zum NATO-Beitritt \u2013 im Gegenzug f\u00fcr vage Versprechungen, dass Fortschritte bei der Verbesserung der sozio\u00f6konomischen und milit\u00e4rischen Beziehungen der T\u00fcrkei zur EU und zu den USA erzielt werden.<\/p>\n<p>Das soll nicht bedeuten, dass weder die EU noch die USA ihr Wort halten werden. Es liegt in deren beider Interesse, tunlichst nicht wortbr\u00fcchig zu werden \u2013 einfach deshalb, um Erdo\u011fan nicht zu ver\u00e4rgern, weil der in einem solchen Fall vor seinem Volk wie ein Idiot dastehen w\u00fcrde, der ausgenutzt wurde. Damit w\u00fcrde auch die Wahrscheinlichkeit steigen, dass sich die T\u00fcrkei endg\u00fcltig in Richtung Osten verabschiedet. Es geht vielmehr darum, darauf hinzuweisen, dass die diplomatischen Gesten bisher einseitig waren, weil Ankara im Austausch f\u00fcr recht vage Versprechen aus den USA und der EU bereits konkrete Ma\u00dfnahmen ergriffen hat. Ein solcher Schritt wurde von jemandem, der ansonsten so rational wie Pr\u00e4sident Erdo\u011fan denkt, bisher nicht erwartet.<\/p>\n<p>Diese Beobachtung best\u00e4tigt auch die vom Kremlsprecher Dmitri Peskow <a rel=\"nofollow noopener\" target=\"_blank\" href=\"https:\/\/www.rt.com\/news\/579406-kremlin-kiev-ankara-deal\/\">ge\u00e4u\u00dferte Vermutung<\/a>, dass die T\u00fcrkei im Vorfeld des NATO-Gipfels dazu &#8220;gezwungen&#8221; worden sein k\u00f6nnte, gegen die Asowstal-Vereinbarung zu versto\u00dfen. Er f\u00fcgte aber auch hinzu, dass &#8220;ein Versto\u00df gegen eine Vereinbarung niemandem schmeichelt&#8221;. Dies werde sich aber nicht auf die Gas-Vorhaben beider L\u00e4nder oder in anderen Bereichen der &#8220;f\u00fcr beide Seiten vorteilhaften Handels- und Wirtschaftskooperation&#8221; auswirken. Moskau werde jedoch &#8220;sicherlich die aktuelle Situation ber\u00fccksichtigen, wenn es k\u00fcnftige Abkommen mit Ankara in anderen Bereichen abschlie\u00dft&#8221;.<\/p>\n<p>Das aufrichtige Wohlwollen, das die T\u00fcrkei zuvor bei den politischen Entscheidungstr\u00e4gern in Russland genossen hat, schwindet, wie auch die Warnung von Wiktor Bondarew als Vorsitzender des Verteidigungs- und Sicherheitsausschusses des russischen F\u00f6derationsrates deutlich macht. Er sagte, dass die T\u00fcrkei nun Gefahr l\u00e4uft, nach diesem Skandal als &#8220;unfreundlich&#8221; eingestuft zu werden, und zudem weiter:<\/p>\n<blockquote>\n<p><em>&#8220;Nat\u00fcrlich haben die nationale Sicherheit und das nationale Interesse Vorrang. Aber selbst unter starkem westlichen Druck sollte man sein Gesicht wahren k\u00f6nnen, so wie es der ungarische Staatschef Viktor Orb\u00e1n wiederholt getan hat.&#8221;<\/em><\/p>\n<\/blockquote>\n<p>Auch diese Reaktion war v\u00f6llig vorhersehbar, sodass der t\u00fcrkische Pr\u00e4sident auf keinen Fall \u00fcberrascht gewesen sein muss. Das kann nur bedeuten, dass er gegen das Asowstal-Abkommen versto\u00dfen hat, obwohl er wusste, welche Konsequenzen dies f\u00fcr sein pers\u00f6nliches Verh\u00e4ltnis zum Pr\u00e4sidenten Putin und f\u00fcr die Art und Weise der Wahrnehmung der T\u00fcrkei in Russland haben wird. Vor diesem Hintergrund k\u00f6nnte es durchaus sein, dass Erdo\u011fan von der NATO bereits vor ihrem Gipfeltreffen zu einer Entscheidung in einem Nullsummenspiel &#8220;gezwungen&#8221; wurde, um sich erkennbar zwischen Russland und dem Westen zu entscheiden.<\/p>\n<p>Man kann nur spekulieren, welche Folgen es gehabt haben k\u00f6nnte, wenn sich Erdo\u011fan geweigert h\u00e4tte, diese Gesten in Richtung Westen zu senden. Aber sie waren offenbar schwerwiegend genug, dass Erdo\u011fan zu dem Schluss kam, es w\u00e4re den nationalen Interessen seines Landes besser gedient, wenn man sich jetzt den Erwartungen des Westens unterordnet, als sich diesen zu widersetzen. Das soll keine Entschuldigung f\u00fcr das sein, was Erdo\u011fan getan hat, sondern eine Erkl\u00e4rung als ein gut gemeinter Versuch, sein Verhalten auf eine Art und Weise zu verstehen, die v\u00f6llig im Gegensatz zu dem steht, was der russische Pr\u00e4sident von ihm erwartet hatte.<\/p>\n<p>Erdo\u011fan hat treffend kalkuliert, dass Putin zu rational handelt, um als Reaktion auf seine Entscheidung die &#8220;f\u00fcr beide Seiten vorteilhafte Handels- und Wirtschaftskooperation&#8221; auszusetzen, obwohl er gleichzeitig auch wusste, dass ein Versto\u00df gegen dieses Asowstal-Abkommen ihre k\u00fcnftige Zusammenarbeit wahrscheinlich genauso tangieren wird, wie es Peskow nun schon angedeutet hat. Dennoch ging Erdo\u011fan davon aus, dass es diese Konsequenz wert sei, um die Beziehungen zum Westen zu verbessern und den damit verbundenen Druck auf die T\u00fcrkei zu verringern, obwohl die erhofften Leistungen bisher nur einseitig erbracht wurden.<\/p>\n<p>Erdo\u011fan h\u00e4tte dieses sprichw\u00f6rtliche &#8220;Zuckerbrot&#8221; wahrscheinlich nicht akzeptiert, wenn ihm nicht gedroht worden w\u00e4re, sein Land einige &#8220;Peitschen&#8221; sp\u00fcren zu lassen. Und so hat er seinen hart erk\u00e4mpften Ruf als ein &#8220;Mann, der sein Wort h\u00e4lt&#8221;, \u00f6ffentlich diskreditiert. Um somit noch einmal auf die Einsch\u00e4tzung des russischen Pr\u00e4sidenten \u00fcber seinen t\u00fcrkischen Amtskollegen zur\u00fcckzukommen: Man kann sagen, dass Putin teilweise richtig, aber teilweise auch falsch lag. Der russische Staatschef hatte nicht damit gerechnet, dass sein stolzer t\u00fcrkischer Amtskollege sich selbst derart diskreditieren w\u00fcrde. Das Gleiche gilt \u00fcbrigens auch f\u00fcr alle jene Anh\u00e4nger von Erdo\u011fan, die bisher ebenfalls davon ausgingen, dass er mehr Selbstachtung h\u00e4tte.<\/p>\n<p><em>\u00dcbersetzt aus dem <\/em><a rel=\"nofollow noopener\" target=\"_blank\" href=\"https:\/\/korybko.substack.com\/p\/revisiting-putins-praise-of-erdogan\"><em>Englischen<\/em><\/a><em>.<\/em><br \/><em><\/em><\/p>\n<p><em>Andrew Korybko<\/em><em> ist ein in Moskau ans\u00e4ssiger amerikanischer Politologe, der sich auf die US-Strategie in Afrika und Eurasien sowie auf Chinas Belt &amp; Road-Initiative, Russlands geopolitischen Balanceakt und hybride Kriegsf\u00fchrung spezialisiert hat.<\/em><\/p>\n<p><strong>Mehr zum Thema<\/strong> &#8211; <a rel=\"nofollow noopener\" target=\"_blank\" href=\"https:\/\/test.rtde.life\/international\/174920-niemand-sollte-ueberrascht-sein-dass\/\">Niemand sollte \u00fcberrascht sein, dass die T\u00fcrkei gegen die Asowstal-Vereinbarung versto\u00dfen hat<\/a><\/p>\n<\/div>\n<p><br \/>\n<br \/><a href=\"https:\/\/de.rt.com\/international\/175240-mann-wort-wie-erdogan-seinen\/\">Source link <\/a><\/p>\n","protected":false},"excerpt":{"rendered":"<p>Einerseits machte der t\u00fcrkische Pr\u00e4sident Erdo\u011fan zweifellos das, was er aufrichtig als vorteilhaft f\u00fcr sein Land ansah. Andererseits ist das jedoch nur als Teil einer Entscheidung in einem Nullsummenspiel zu betrachten, das durch Druck &#8220;erzwungen&#8221; wurde. Von Andrew Korybko Niemand sollte \u00fcberrascht sein, dass die T\u00fcrkei gegen die Asowstal-Vereinbarung versto\u00dfen hat, zumal die meisten Beobachter [&hellip;]<\/p>\n","protected":false},"author":3,"featured_media":40260,"comment_status":"open","ping_status":"open","sticky":false,"template":"","format":"standard","meta":{"_yoast_indexnow_last_ping":["1689535449"],"wp_automatic_camp":["217"],"69bb379cd8a0ed558013e551861e3663":["&quot;Ein Mann \u2013 ein Wort&quot;? Wie Erdo\u011fan seinen guten Ruf verspielt"],"original_link":["https:\/\/de.rt.com\/international\/175240-mann-wort-wie-erdogan-seinen\/"],"_thumbnail_id":["40260"],"_wptgpro_p2tg_sent2tg":["a:1:{i:23737;s:19:\"2023-07-16 21:25:39\";}"],"jnews_social_counter_last_update":["1777388211"]},"categories":[19,23],"tags":[357,13697,19223,8042,19368,19429,6583,29943,579,46814],"yoast_head":"<!-- This site is optimized with the Yoast SEO Premium plugin v22.7 (Yoast SEO v22.7) - https:\/\/yoast.com\/wordpress\/plugins\/seo\/ -->\n<title>&quot;Ein Mann \u2013 ein Wort&quot;? Wie Erdo\u011fan seinen guten Ruf verspielt - just-now.NEWS Deutschland<\/title>\n<meta name=\"robots\" content=\"index, follow, max-snippet:-1, max-image-preview:large, max-video-preview:-1\" \/>\n<link rel=\"canonical\" href=\"https:\/\/now-news.de\/de\/deutschland\/ein-mann-ein-wort-wie-erdogan-seinen-guten-ruf-verspielt\/\" \/>\n<meta property=\"og:locale\" content=\"de_DE\" \/>\n<meta property=\"og:type\" content=\"article\" \/>\n<meta property=\"og:title\" content=\"&quot;Ein Mann \u2013 ein Wort&quot;? Wie Erdo\u011fan seinen guten Ruf verspielt\" \/>\n<meta property=\"og:description\" content=\"Einerseits machte der t\u00fcrkische Pr\u00e4sident Erdo\u011fan zweifellos das, was er aufrichtig als vorteilhaft f\u00fcr sein Land ansah. Andererseits ist das jedoch nur als Teil einer Entscheidung in einem Nullsummenspiel zu betrachten, das durch Druck &#8220;erzwungen&#8221; wurde. Von Andrew Korybko Niemand sollte \u00fcberrascht sein, dass die T\u00fcrkei gegen die Asowstal-Vereinbarung versto\u00dfen hat, zumal die meisten Beobachter [&hellip;]\" \/>\n<meta property=\"og:url\" content=\"https:\/\/now-news.de\/de\/deutschland\/ein-mann-ein-wort-wie-erdogan-seinen-guten-ruf-verspielt\/\" \/>\n<meta property=\"og:site_name\" content=\"just-now.NEWS Deutschland\" \/>\n<meta property=\"article:publisher\" content=\"https:\/\/www.facebook.com\/wirmachenauf\" \/>\n<meta property=\"article:published_time\" content=\"2023-07-16T19:17:00+00:00\" \/>\n<meta property=\"og:image\" content=\"https:\/\/now-news.de\/de\/wp-content\/uploads\/sites\/3\/2023\/07\/quotEin-Mann-\u2013-ein-Wortquot-Wie-Erdogan-seinen-guten-Ruf.jpg\" \/>\n\t<meta property=\"og:image:width\" content=\"460\" \/>\n\t<meta property=\"og:image:height\" content=\"259\" \/>\n\t<meta property=\"og:image:type\" content=\"image\/jpeg\" \/>\n<meta name=\"author\" content=\"rtnews\" \/>\n<meta name=\"twitter:card\" content=\"summary_large_image\" \/>\n<meta name=\"twitter:creator\" content=\"@WirMachenAuf_de\" \/>\n<meta name=\"twitter:site\" content=\"@WirMachenAuf_de\" \/>\n<meta name=\"twitter:label1\" content=\"Verfasst von\" \/>\n\t<meta name=\"twitter:data1\" content=\"rtnews\" \/>\n\t<meta name=\"twitter:label2\" content=\"Gesch\u00e4tzte Lesezeit\" \/>\n\t<meta name=\"twitter:data2\" content=\"9\u00a0Minuten\" \/>\n<script type=\"application\/ld+json\" class=\"yoast-schema-graph\">{\"@context\":\"https:\/\/schema.org\",\"@graph\":[{\"@type\":\"Article\",\"@id\":\"https:\/\/now-news.de\/de\/deutschland\/ein-mann-ein-wort-wie-erdogan-seinen-guten-ruf-verspielt\/#article\",\"isPartOf\":{\"@id\":\"https:\/\/now-news.de\/de\/deutschland\/ein-mann-ein-wort-wie-erdogan-seinen-guten-ruf-verspielt\/\"},\"author\":{\"name\":\"rtnews\",\"@id\":\"https:\/\/now-news.de\/de\/#\/schema\/person\/fb534a4e865501d8b3285208df34a9b5\"},\"headline\":\"&quot;Ein Mann \u2013 ein Wort&quot;? Wie Erdo\u011fan seinen guten Ruf verspielt\",\"datePublished\":\"2023-07-16T19:17:00+00:00\",\"dateModified\":\"2023-07-16T19:17:00+00:00\",\"mainEntityOfPage\":{\"@id\":\"https:\/\/now-news.de\/de\/deutschland\/ein-mann-ein-wort-wie-erdogan-seinen-guten-ruf-verspielt\/\"},\"wordCount\":1750,\"commentCount\":0,\"publisher\":{\"@id\":\"https:\/\/now-news.de\/de\/#organization\"},\"image\":{\"@id\":\"https:\/\/now-news.de\/de\/deutschland\/ein-mann-ein-wort-wie-erdogan-seinen-guten-ruf-verspielt\/#primaryimage\"},\"thumbnailUrl\":\"https:\/\/now-news.de\/de\/wp-content\/uploads\/sites\/3\/2023\/07\/quotEin-Mann-\u2013-ein-Wortquot-Wie-Erdogan-seinen-guten-Ruf.jpg\",\"keywords\":[\"ein\",\"Erdo\u011fan\",\"GUTEN\",\"Mann\",\"quotEin\",\"Ruf\",\"seinen\",\"verspielt\",\"Wie\",\"Wortquot\"],\"articleSection\":[\"Deutschland\",\"Russland\"],\"inLanguage\":\"de\",\"potentialAction\":[{\"@type\":\"CommentAction\",\"name\":\"Comment\",\"target\":[\"https:\/\/now-news.de\/de\/deutschland\/ein-mann-ein-wort-wie-erdogan-seinen-guten-ruf-verspielt\/#respond\"]}]},{\"@type\":\"WebPage\",\"@id\":\"https:\/\/now-news.de\/de\/deutschland\/ein-mann-ein-wort-wie-erdogan-seinen-guten-ruf-verspielt\/\",\"url\":\"https:\/\/now-news.de\/de\/deutschland\/ein-mann-ein-wort-wie-erdogan-seinen-guten-ruf-verspielt\/\",\"name\":\"&quot;Ein Mann \u2013 ein Wort&quot;? Wie Erdo\u011fan seinen guten Ruf verspielt - just-now.NEWS Deutschland\",\"isPartOf\":{\"@id\":\"https:\/\/now-news.de\/de\/#website\"},\"primaryImageOfPage\":{\"@id\":\"https:\/\/now-news.de\/de\/deutschland\/ein-mann-ein-wort-wie-erdogan-seinen-guten-ruf-verspielt\/#primaryimage\"},\"image\":{\"@id\":\"https:\/\/now-news.de\/de\/deutschland\/ein-mann-ein-wort-wie-erdogan-seinen-guten-ruf-verspielt\/#primaryimage\"},\"thumbnailUrl\":\"https:\/\/now-news.de\/de\/wp-content\/uploads\/sites\/3\/2023\/07\/quotEin-Mann-\u2013-ein-Wortquot-Wie-Erdogan-seinen-guten-Ruf.jpg\",\"datePublished\":\"2023-07-16T19:17:00+00:00\",\"dateModified\":\"2023-07-16T19:17:00+00:00\",\"breadcrumb\":{\"@id\":\"https:\/\/now-news.de\/de\/deutschland\/ein-mann-ein-wort-wie-erdogan-seinen-guten-ruf-verspielt\/#breadcrumb\"},\"inLanguage\":\"de\",\"potentialAction\":[{\"@type\":\"ReadAction\",\"target\":[\"https:\/\/now-news.de\/de\/deutschland\/ein-mann-ein-wort-wie-erdogan-seinen-guten-ruf-verspielt\/\"]}]},{\"@type\":\"ImageObject\",\"inLanguage\":\"de\",\"@id\":\"https:\/\/now-news.de\/de\/deutschland\/ein-mann-ein-wort-wie-erdogan-seinen-guten-ruf-verspielt\/#primaryimage\",\"url\":\"https:\/\/now-news.de\/de\/wp-content\/uploads\/sites\/3\/2023\/07\/quotEin-Mann-\u2013-ein-Wortquot-Wie-Erdogan-seinen-guten-Ruf.jpg\",\"contentUrl\":\"https:\/\/now-news.de\/de\/wp-content\/uploads\/sites\/3\/2023\/07\/quotEin-Mann-\u2013-ein-Wortquot-Wie-Erdogan-seinen-guten-Ruf.jpg\",\"width\":460,\"height\":259,\"caption\":\"&quot;Ein Mann \u2013 ein Wort&quot;? Wie Erdo\u011fan seinen guten Ruf verspielt\"},{\"@type\":\"BreadcrumbList\",\"@id\":\"https:\/\/now-news.de\/de\/deutschland\/ein-mann-ein-wort-wie-erdogan-seinen-guten-ruf-verspielt\/#breadcrumb\",\"itemListElement\":[{\"@type\":\"ListItem\",\"position\":1,\"name\":\"Home\",\"item\":\"https:\/\/now-news.de\/de\/\"},{\"@type\":\"ListItem\",\"position\":2,\"name\":\"&quot;Ein Mann \u2013 ein Wort&quot;? Wie Erdo\u011fan seinen guten Ruf verspielt\"}]},{\"@type\":\"WebSite\",\"@id\":\"https:\/\/now-news.de\/de\/#website\",\"url\":\"https:\/\/now-news.de\/de\/\",\"name\":\"just-now.NEWS Deutschland\",\"description\":\"Das Portal f\u00fcr unzensierte Nachrichten aus der Welt\",\"publisher\":{\"@id\":\"https:\/\/now-news.de\/de\/#organization\"},\"potentialAction\":[{\"@type\":\"SearchAction\",\"target\":{\"@type\":\"EntryPoint\",\"urlTemplate\":\"https:\/\/now-news.de\/de\/?s={search_term_string}\"},\"query-input\":\"required name=search_term_string\"}],\"inLanguage\":\"de\"},{\"@type\":\"Organization\",\"@id\":\"https:\/\/now-news.de\/de\/#organization\",\"name\":\"Just Now News\",\"url\":\"https:\/\/now-news.de\/de\/\",\"logo\":{\"@type\":\"ImageObject\",\"inLanguage\":\"de\",\"@id\":\"https:\/\/now-news.de\/de\/#\/schema\/logo\/image\/\",\"url\":\"http:\/\/just-now.news\/de\/wp-content\/uploads\/sites\/3\/2022\/04\/logo500x500.jpg\",\"contentUrl\":\"http:\/\/just-now.news\/de\/wp-content\/uploads\/sites\/3\/2022\/04\/logo500x500.jpg\",\"width\":500,\"height\":500,\"caption\":\"Just Now News\"},\"image\":{\"@id\":\"https:\/\/now-news.de\/de\/#\/schema\/logo\/image\/\"},\"sameAs\":[\"https:\/\/www.facebook.com\/wirmachenauf\",\"https:\/\/x.com\/WirMachenAuf_de\"]},{\"@type\":\"Person\",\"@id\":\"https:\/\/now-news.de\/de\/#\/schema\/person\/fb534a4e865501d8b3285208df34a9b5\",\"name\":\"rtnews\",\"image\":{\"@type\":\"ImageObject\",\"inLanguage\":\"de\",\"@id\":\"https:\/\/now-news.de\/de\/#\/schema\/person\/image\/\",\"url\":\"https:\/\/secure.gravatar.com\/avatar\/82aafea7d8127119dd649515f56e2117?s=96&d=mm&r=g\",\"contentUrl\":\"https:\/\/secure.gravatar.com\/avatar\/82aafea7d8127119dd649515f56e2117?s=96&d=mm&r=g\",\"caption\":\"rtnews\"},\"url\":\"https:\/\/now-news.de\/de\/author\/rnews\/\"}]}<\/script>\n<!-- \/ Yoast SEO Premium plugin. -->","yoast_head_json":{"title":"&quot;Ein Mann \u2013 ein Wort&quot;? Wie Erdo\u011fan seinen guten Ruf verspielt - just-now.NEWS Deutschland","robots":{"index":"index","follow":"follow","max-snippet":"max-snippet:-1","max-image-preview":"max-image-preview:large","max-video-preview":"max-video-preview:-1"},"canonical":"https:\/\/now-news.de\/de\/deutschland\/ein-mann-ein-wort-wie-erdogan-seinen-guten-ruf-verspielt\/","og_locale":"de_DE","og_type":"article","og_title":"&quot;Ein Mann \u2013 ein Wort&quot;? Wie Erdo\u011fan seinen guten Ruf verspielt","og_description":"Einerseits machte der t\u00fcrkische Pr\u00e4sident Erdo\u011fan zweifellos das, was er aufrichtig als vorteilhaft f\u00fcr sein Land ansah. Andererseits ist das jedoch nur als Teil einer Entscheidung in einem Nullsummenspiel zu betrachten, das durch Druck &#8220;erzwungen&#8221; wurde. Von Andrew Korybko Niemand sollte \u00fcberrascht sein, dass die T\u00fcrkei gegen die Asowstal-Vereinbarung versto\u00dfen hat, zumal die meisten Beobachter [&hellip;]","og_url":"https:\/\/now-news.de\/de\/deutschland\/ein-mann-ein-wort-wie-erdogan-seinen-guten-ruf-verspielt\/","og_site_name":"just-now.NEWS Deutschland","article_publisher":"https:\/\/www.facebook.com\/wirmachenauf","article_published_time":"2023-07-16T19:17:00+00:00","og_image":[{"width":460,"height":259,"url":"https:\/\/now-news.de\/de\/wp-content\/uploads\/sites\/3\/2023\/07\/quotEin-Mann-\u2013-ein-Wortquot-Wie-Erdogan-seinen-guten-Ruf.jpg","type":"image\/jpeg"}],"author":"rtnews","twitter_card":"summary_large_image","twitter_creator":"@WirMachenAuf_de","twitter_site":"@WirMachenAuf_de","twitter_misc":{"Verfasst von":"rtnews","Gesch\u00e4tzte Lesezeit":"9\u00a0Minuten"},"schema":{"@context":"https:\/\/schema.org","@graph":[{"@type":"Article","@id":"https:\/\/now-news.de\/de\/deutschland\/ein-mann-ein-wort-wie-erdogan-seinen-guten-ruf-verspielt\/#article","isPartOf":{"@id":"https:\/\/now-news.de\/de\/deutschland\/ein-mann-ein-wort-wie-erdogan-seinen-guten-ruf-verspielt\/"},"author":{"name":"rtnews","@id":"https:\/\/now-news.de\/de\/#\/schema\/person\/fb534a4e865501d8b3285208df34a9b5"},"headline":"&quot;Ein Mann \u2013 ein Wort&quot;? Wie Erdo\u011fan seinen guten Ruf verspielt","datePublished":"2023-07-16T19:17:00+00:00","dateModified":"2023-07-16T19:17:00+00:00","mainEntityOfPage":{"@id":"https:\/\/now-news.de\/de\/deutschland\/ein-mann-ein-wort-wie-erdogan-seinen-guten-ruf-verspielt\/"},"wordCount":1750,"commentCount":0,"publisher":{"@id":"https:\/\/now-news.de\/de\/#organization"},"image":{"@id":"https:\/\/now-news.de\/de\/deutschland\/ein-mann-ein-wort-wie-erdogan-seinen-guten-ruf-verspielt\/#primaryimage"},"thumbnailUrl":"https:\/\/now-news.de\/de\/wp-content\/uploads\/sites\/3\/2023\/07\/quotEin-Mann-\u2013-ein-Wortquot-Wie-Erdogan-seinen-guten-Ruf.jpg","keywords":["ein","Erdo\u011fan","GUTEN","Mann","quotEin","Ruf","seinen","verspielt","Wie","Wortquot"],"articleSection":["Deutschland","Russland"],"inLanguage":"de","potentialAction":[{"@type":"CommentAction","name":"Comment","target":["https:\/\/now-news.de\/de\/deutschland\/ein-mann-ein-wort-wie-erdogan-seinen-guten-ruf-verspielt\/#respond"]}]},{"@type":"WebPage","@id":"https:\/\/now-news.de\/de\/deutschland\/ein-mann-ein-wort-wie-erdogan-seinen-guten-ruf-verspielt\/","url":"https:\/\/now-news.de\/de\/deutschland\/ein-mann-ein-wort-wie-erdogan-seinen-guten-ruf-verspielt\/","name":"&quot;Ein Mann \u2013 ein Wort&quot;? Wie Erdo\u011fan seinen guten Ruf verspielt - just-now.NEWS Deutschland","isPartOf":{"@id":"https:\/\/now-news.de\/de\/#website"},"primaryImageOfPage":{"@id":"https:\/\/now-news.de\/de\/deutschland\/ein-mann-ein-wort-wie-erdogan-seinen-guten-ruf-verspielt\/#primaryimage"},"image":{"@id":"https:\/\/now-news.de\/de\/deutschland\/ein-mann-ein-wort-wie-erdogan-seinen-guten-ruf-verspielt\/#primaryimage"},"thumbnailUrl":"https:\/\/now-news.de\/de\/wp-content\/uploads\/sites\/3\/2023\/07\/quotEin-Mann-\u2013-ein-Wortquot-Wie-Erdogan-seinen-guten-Ruf.jpg","datePublished":"2023-07-16T19:17:00+00:00","dateModified":"2023-07-16T19:17:00+00:00","breadcrumb":{"@id":"https:\/\/now-news.de\/de\/deutschland\/ein-mann-ein-wort-wie-erdogan-seinen-guten-ruf-verspielt\/#breadcrumb"},"inLanguage":"de","potentialAction":[{"@type":"ReadAction","target":["https:\/\/now-news.de\/de\/deutschland\/ein-mann-ein-wort-wie-erdogan-seinen-guten-ruf-verspielt\/"]}]},{"@type":"ImageObject","inLanguage":"de","@id":"https:\/\/now-news.de\/de\/deutschland\/ein-mann-ein-wort-wie-erdogan-seinen-guten-ruf-verspielt\/#primaryimage","url":"https:\/\/now-news.de\/de\/wp-content\/uploads\/sites\/3\/2023\/07\/quotEin-Mann-\u2013-ein-Wortquot-Wie-Erdogan-seinen-guten-Ruf.jpg","contentUrl":"https:\/\/now-news.de\/de\/wp-content\/uploads\/sites\/3\/2023\/07\/quotEin-Mann-\u2013-ein-Wortquot-Wie-Erdogan-seinen-guten-Ruf.jpg","width":460,"height":259,"caption":"&quot;Ein Mann \u2013 ein Wort&quot;? Wie Erdo\u011fan seinen guten Ruf verspielt"},{"@type":"BreadcrumbList","@id":"https:\/\/now-news.de\/de\/deutschland\/ein-mann-ein-wort-wie-erdogan-seinen-guten-ruf-verspielt\/#breadcrumb","itemListElement":[{"@type":"ListItem","position":1,"name":"Home","item":"https:\/\/now-news.de\/de\/"},{"@type":"ListItem","position":2,"name":"&quot;Ein Mann \u2013 ein Wort&quot;? Wie Erdo\u011fan seinen guten Ruf verspielt"}]},{"@type":"WebSite","@id":"https:\/\/now-news.de\/de\/#website","url":"https:\/\/now-news.de\/de\/","name":"just-now.NEWS Deutschland","description":"Das Portal f\u00fcr unzensierte Nachrichten aus der Welt","publisher":{"@id":"https:\/\/now-news.de\/de\/#organization"},"potentialAction":[{"@type":"SearchAction","target":{"@type":"EntryPoint","urlTemplate":"https:\/\/now-news.de\/de\/?s={search_term_string}"},"query-input":"required name=search_term_string"}],"inLanguage":"de"},{"@type":"Organization","@id":"https:\/\/now-news.de\/de\/#organization","name":"Just Now News","url":"https:\/\/now-news.de\/de\/","logo":{"@type":"ImageObject","inLanguage":"de","@id":"https:\/\/now-news.de\/de\/#\/schema\/logo\/image\/","url":"http:\/\/just-now.news\/de\/wp-content\/uploads\/sites\/3\/2022\/04\/logo500x500.jpg","contentUrl":"http:\/\/just-now.news\/de\/wp-content\/uploads\/sites\/3\/2022\/04\/logo500x500.jpg","width":500,"height":500,"caption":"Just Now News"},"image":{"@id":"https:\/\/now-news.de\/de\/#\/schema\/logo\/image\/"},"sameAs":["https:\/\/www.facebook.com\/wirmachenauf","https:\/\/x.com\/WirMachenAuf_de"]},{"@type":"Person","@id":"https:\/\/now-news.de\/de\/#\/schema\/person\/fb534a4e865501d8b3285208df34a9b5","name":"rtnews","image":{"@type":"ImageObject","inLanguage":"de","@id":"https:\/\/now-news.de\/de\/#\/schema\/person\/image\/","url":"https:\/\/secure.gravatar.com\/avatar\/82aafea7d8127119dd649515f56e2117?s=96&d=mm&r=g","contentUrl":"https:\/\/secure.gravatar.com\/avatar\/82aafea7d8127119dd649515f56e2117?s=96&d=mm&r=g","caption":"rtnews"},"url":"https:\/\/now-news.de\/de\/author\/rnews\/"}]}},"_links":{"self":[{"href":"https:\/\/now-news.de\/de\/wp-json\/wp\/v2\/posts\/40259"}],"collection":[{"href":"https:\/\/now-news.de\/de\/wp-json\/wp\/v2\/posts"}],"about":[{"href":"https:\/\/now-news.de\/de\/wp-json\/wp\/v2\/types\/post"}],"author":[{"embeddable":true,"href":"https:\/\/now-news.de\/de\/wp-json\/wp\/v2\/users\/3"}],"replies":[{"embeddable":true,"href":"https:\/\/now-news.de\/de\/wp-json\/wp\/v2\/comments?post=40259"}],"version-history":[{"count":0,"href":"https:\/\/now-news.de\/de\/wp-json\/wp\/v2\/posts\/40259\/revisions"}],"wp:featuredmedia":[{"embeddable":true,"href":"https:\/\/now-news.de\/de\/wp-json\/wp\/v2\/media\/40260"}],"wp:attachment":[{"href":"https:\/\/now-news.de\/de\/wp-json\/wp\/v2\/media?parent=40259"}],"wp:term":[{"taxonomy":"category","embeddable":true,"href":"https:\/\/now-news.de\/de\/wp-json\/wp\/v2\/categories?post=40259"},{"taxonomy":"post_tag","embeddable":true,"href":"https:\/\/now-news.de\/de\/wp-json\/wp\/v2\/tags?post=40259"}],"curies":[{"name":"wp","href":"https:\/\/api.w.org\/{rel}","templated":true}]}}