{"id":40214,"date":"2023-07-15T20:21:04","date_gmt":"2023-07-15T18:21:04","guid":{"rendered":"https:\/\/just-now.news\/de\/deutschland\/leserdebatte-in-chemnitz-wer-baerbock-einlaedt-darf-keine-diskussion-erwarten\/"},"modified":"2023-07-15T20:21:04","modified_gmt":"2023-07-15T18:21:04","slug":"leserdebatte-in-chemnitz-wer-baerbock-einlaedt-darf-keine-diskussion-erwarten","status":"publish","type":"post","link":"https:\/\/now-news.de\/de\/deutschland\/leserdebatte-in-chemnitz-wer-baerbock-einlaedt-darf-keine-diskussion-erwarten\/","title":{"rendered":"&quot;Leserdebatte&quot; in Chemnitz: Wer Baerbock einl\u00e4dt, darf keine Diskussion erwarten"},"content":{"rendered":"<p><img decoding=\"async\" src=\"http:\/\/just-now.news\/de\/wp-content\/uploads\/sites\/3\/2023\/07\/64b2baf2b480cc7a822f7047.jpg\" \/><\/p>\n<div class=\"Text-root Text-type_1 \">\n                Die Veranstalter der Debatte \u00fcber den Ukraine-Konflikt bem\u00fchten sich, b\u00fcrgernah und gespr\u00e4chsbereit zu wirken. Leider hatten sie vergessen, dass zu einer Diskussion unterschiedliche Standpunkte geh\u00f6ren.\n            <\/div>\n<p><\/p>\n<div class=\"Text-root Text-type_5 ArticleView-text ViewText-root \">\n<p><em>Von Bj\u00f6rn Kawecki<\/em><\/p>\n<p>In Chemnitz hat die Tageszeitung <em>Freie Presse<\/em> am Freitag im Rahmen ihres Formats &#8220;Leserdebatte&#8221; zu einer Diskussion \u00fcber den Ukraine-Konflikt mit Bundesau\u00dfenministerin Annalena Baerbock (B\u00fcndnis 90\/ Die Gr\u00fcnen) und dem ehemaligen Profiboxer Wladimir Klitschko eingeladen. Die Veranstaltung, die unter dem Motto &#8220;Wir sind Heimat&#8221; lief, gab sich zwar b\u00fcrgernah und gespr\u00e4chsbereit. Da zu einer Diskussion aber unterschiedliche Standpunkte geh\u00f6ren, stellte sich das Event schnell als eine B\u00fchne f\u00fcr Baerbock und Klitschko heraus, die sich \u00fcber 90 Minuten in langen, teils wirren Monologen zu ihren l\u00e4ngst bekannten Positionen auslie\u00dfen.<\/p>\n<p>Die drei B\u00fcrger aus Chemnitz, eine vegan kochende Fleischermeisterin von der CDU, ein aus Bayern zugezogener Textilunternehmer und ein afghanischer Fl\u00fcchtling sa\u00dfen\u00a0ebenfalls auf dem Podium. Ihre Rolle ersch\u00f6pfte sich allerdings darin, Baerbock und Klitschko Fragen zu stellen,\u00a0um dann schnell wieder\u00a0den Mund zu halten. Das Gleiche galt offenbar f\u00fcr das Publikum, das mit zunehmender Dauer der Veranstaltung immer m\u00fcder wirkte, sodass die Anwesenheit von Claqueuren unter ihnen immer offensichtlicher wurde.<\/p>\n<p><strong>Vereint im Kampf gegen deutsche Sprache<\/strong><\/p>\n<p>Auff\u00e4llig war, dass\u00a0Baerbock und Klitschko nicht nur\u00a0im verbalen Kampf gegen Russland, sondern auch\u00a0gegen\u00a0die\u00a0deutsche Sprache ein Team bildeten. Obwohl die Fragen an Baerbock und Klitschko\u00a0augenscheinlich vor der Veranstaltung abgesprochen und darauf angelegt waren, die beiden vor dem ostdeutschen Publikum m\u00f6glichst gut aussehen zu lassen, hatten beide Schwierigkeiten, klar zu antworten. Sichtlich bem\u00fcht zeigten sie sich jedoch darin, das Publikum durch die gebetsm\u00fchlenartige Wiederholung von Schilderungen \u00fcber den Schrecken des Krieges f\u00fcr ihre Position zu vereinnahmen.<\/p>\n<p>Klitschko versuchte au\u00dferdem, dem deutschen Publikum damit ein schlechtes Gewissen zu machen, dass er behauptete, die Interessen der Ukraine seien in der Vergangenheit dem g\u00fcnstigen Erdgas aus Russland geopfert worden. Nach einem widerspr\u00fcchlichen Monolog \u00fcber die Frage nach der Bedeutung von Heimat, in dem sich Klitschko kurzerhand selbst zum Chemnitzer erkl\u00e4rte, dankte er den Deutschen f\u00fcr ihren Einsatz f\u00fcr die Ukraine \u2013 was\u00a0er\u00a0wohl f\u00fcr eine gro\u00dfe Geste hielt. An sp\u00e4terer Stelle versuchte er es mit dem Sch\u00fcren antirussischer Ressentiments, indem er an die Zeit erinnerte, als Ostdeutschland der Weisung Moskaus unterstand.<\/p>\n<p>Auch Baerbock redete dem Publikum ins Gewissen, als sie die Anwesenden an die &#8220;Unterst\u00fctzung&#8221;\u00a0durch die Westdeutschen in der Nachwendezeit erinnerte. Die Ostdeutschen h\u00e4tten damals die n\u00f6tige Hilfe bekommen, die 2022 die Ukrainer erhalten haben: &#8220;Andere waren f\u00fcr uns da, als wir sie brauchten, und jetzt k\u00f6nnen wir f\u00fcr andere da sein, wenn sie uns brauchen.&#8221;<\/p>\n<p><strong>Weder Ehrlichkeit noch Diskussion<\/strong><\/p>\n<p>Die Frage des Moderators, ob es um die Ukraine aktuell tats\u00e4chlich so schlecht stehe, wenn sie Streubomben brauche, \u00fcberging Baerbock. Ob die Ukraine Streubomben einsetzen wolle, m\u00fcsse sie selbst entscheiden. Es brauche aber weitere milit\u00e4rische Unterst\u00fctzung. Wer h\u00e4tte es gedacht? Diese sei laut Baerbock erst dann entbehrlich, &#8220;wenn der russische Pr\u00e4sident aufh\u00f6rt, Menschen, \u2026 M\u00fctter, V\u00e4ter, Kinder, tagt\u00e4glich zu bombardieren, zu verschleppen, zu vergewaltigen&#8221;.<\/p>\n<blockquote>\n<p><em>&#8220;Weil das ist das, was im Osten der Ukraine \u2013 wo wir gar nicht dar\u00fcber reden, weil niemand dar\u00fcber berichten kann, weil wir gar nicht wissen, was da passiert \u2013 tagt\u00e4glich passiert.&#8221;<\/em><\/p>\n<\/blockquote>\n<p>Auch wenn es unertr\u00e4glich ist, Baerbock zuzuh\u00f6ren, hat ihr Unverm\u00f6gen, sich ein realistisches Bild von sich selbst und ihrem Publikum zu machen, doch etwas Gutes. Jeder weitere \u00f6ffentliche Auftritt verdeutlicht, wie\u00a0ungeeignet\u00a0sie f\u00fcr das Amt der Au\u00dfenministerin ist.<\/p>\n<p>Sp\u00e4ter schien sich der Moderator der <em>Freien Presse<\/em> \u00fcbrigens an seine Journalistenrolle zu erinnern, und er wiederholte seine Frage, ob die Lage in der Ukraine wirklich so prek\u00e4r sei. Die Gr\u00fcnen-Politikerin \u00fcberging\u00a0sie jedoch\u00a0erneut. Wer Baerbock einl\u00e4dt, sollte keine Ehrlichkeit erwarten \u2013 und schon gar keine Diskussion.<\/p>\n<p><strong>Mehr zum Thema\u00a0<\/strong>\u2013\u00a0<a rel=\"nofollow noopener\" target=\"_blank\" href=\"https:\/\/freeassange.rtde.me\/meinung\/175105-voelkerrechtswidrig-und-brutal-woerter-vernebeln\/\">&#8220;V\u00f6lkerrechtswidrig&#8221; und &#8220;brutal&#8221;: W\u00f6rter, die vernebeln sollen<\/a><\/p>\n<\/div>\n<p><br \/>\n<br \/><a href=\"https:\/\/de.rt.com\/meinung\/175342-leserdebatte-in-chemnitz-wer-baerbock\/\">Source link <\/a><\/p>\n","protected":false},"excerpt":{"rendered":"<p>Die Veranstalter der Debatte \u00fcber den Ukraine-Konflikt bem\u00fchten sich, b\u00fcrgernah und gespr\u00e4chsbereit zu wirken. Leider hatten sie vergessen, dass zu einer Diskussion unterschiedliche Standpunkte geh\u00f6ren. Von Bj\u00f6rn Kawecki In Chemnitz hat die Tageszeitung Freie Presse am Freitag im Rahmen ihres Formats &#8220;Leserdebatte&#8221; zu einer Diskussion \u00fcber den Ukraine-Konflikt mit Bundesau\u00dfenministerin Annalena Baerbock (B\u00fcndnis 90\/ Die [&hellip;]<\/p>\n","protected":false},"author":3,"featured_media":40215,"comment_status":"open","ping_status":"open","sticky":false,"template":"","format":"standard","meta":{"_yoast_indexnow_last_ping":["1689447610"],"wp_automatic_camp":["217"],"e2f0c16df1e66ca33d64343bd73e3cef":["&quot;Leserdebatte&quot; in Chemnitz: Wer Baerbock einl\u00e4dt, darf keine Diskussion erwarten"],"original_link":["https:\/\/de.rt.com\/meinung\/175342-leserdebatte-in-chemnitz-wer-baerbock\/"],"_thumbnail_id":["40215"],"jnews_social_counter_last_update":["1777256693"],"_wptgpro_p2tg_sent2tg":["a:1:{i:23737;s:19:\"2023-07-15 21:01:14\";}"]},"categories":[19,23],"tags":[587,7935,5310,8799,46790,22169,375,46789,8965],"yoast_head":"<!-- This site is optimized with the Yoast SEO Premium plugin v22.7 (Yoast SEO v22.7) - https:\/\/yoast.com\/wordpress\/plugins\/seo\/ -->\n<title>&quot;Leserdebatte&quot; in Chemnitz: Wer Baerbock einl\u00e4dt, darf keine Diskussion erwarten - just-now.NEWS Deutschland<\/title>\n<meta name=\"robots\" content=\"index, follow, max-snippet:-1, max-image-preview:large, max-video-preview:-1\" \/>\n<link rel=\"canonical\" href=\"https:\/\/now-news.de\/de\/deutschland\/leserdebatte-in-chemnitz-wer-baerbock-einlaedt-darf-keine-diskussion-erwarten\/\" \/>\n<meta property=\"og:locale\" content=\"de_DE\" \/>\n<meta property=\"og:type\" content=\"article\" \/>\n<meta property=\"og:title\" content=\"&quot;Leserdebatte&quot; in Chemnitz: Wer Baerbock einl\u00e4dt, darf keine Diskussion erwarten\" \/>\n<meta property=\"og:description\" content=\"Die Veranstalter der Debatte \u00fcber den Ukraine-Konflikt bem\u00fchten sich, b\u00fcrgernah und gespr\u00e4chsbereit zu wirken. Leider hatten sie vergessen, dass zu einer Diskussion unterschiedliche Standpunkte geh\u00f6ren. Von Bj\u00f6rn Kawecki In Chemnitz hat die Tageszeitung Freie Presse am Freitag im Rahmen ihres Formats &#8220;Leserdebatte&#8221; zu einer Diskussion \u00fcber den Ukraine-Konflikt mit Bundesau\u00dfenministerin Annalena Baerbock (B\u00fcndnis 90\/ Die [&hellip;]\" \/>\n<meta property=\"og:url\" content=\"https:\/\/now-news.de\/de\/deutschland\/leserdebatte-in-chemnitz-wer-baerbock-einlaedt-darf-keine-diskussion-erwarten\/\" \/>\n<meta property=\"og:site_name\" content=\"just-now.NEWS Deutschland\" \/>\n<meta property=\"article:publisher\" content=\"https:\/\/www.facebook.com\/wirmachenauf\" \/>\n<meta property=\"article:published_time\" content=\"2023-07-15T18:21:04+00:00\" \/>\n<meta property=\"og:image\" content=\"https:\/\/now-news.de\/de\/wp-content\/uploads\/sites\/3\/2023\/07\/quotLeserdebattequot-in-Chemnitz-Wer-Baerbock-einlaedt-darf-keine-Diskussion-erwarten.jpg\" \/>\n\t<meta property=\"og:image:width\" content=\"460\" \/>\n\t<meta property=\"og:image:height\" content=\"259\" \/>\n\t<meta property=\"og:image:type\" content=\"image\/jpeg\" \/>\n<meta name=\"author\" content=\"rtnews\" \/>\n<meta name=\"twitter:card\" content=\"summary_large_image\" \/>\n<meta name=\"twitter:creator\" content=\"@WirMachenAuf_de\" \/>\n<meta name=\"twitter:site\" content=\"@WirMachenAuf_de\" \/>\n<meta name=\"twitter:label1\" content=\"Verfasst von\" \/>\n\t<meta name=\"twitter:data1\" content=\"rtnews\" \/>\n\t<meta name=\"twitter:label2\" content=\"Gesch\u00e4tzte Lesezeit\" \/>\n\t<meta name=\"twitter:data2\" content=\"3\u00a0Minuten\" \/>\n<script type=\"application\/ld+json\" class=\"yoast-schema-graph\">{\"@context\":\"https:\/\/schema.org\",\"@graph\":[{\"@type\":\"Article\",\"@id\":\"https:\/\/now-news.de\/de\/deutschland\/leserdebatte-in-chemnitz-wer-baerbock-einlaedt-darf-keine-diskussion-erwarten\/#article\",\"isPartOf\":{\"@id\":\"https:\/\/now-news.de\/de\/deutschland\/leserdebatte-in-chemnitz-wer-baerbock-einlaedt-darf-keine-diskussion-erwarten\/\"},\"author\":{\"name\":\"rtnews\",\"@id\":\"https:\/\/now-news.de\/de\/#\/schema\/person\/fb534a4e865501d8b3285208df34a9b5\"},\"headline\":\"&quot;Leserdebatte&quot; in Chemnitz: Wer Baerbock einl\u00e4dt, darf keine Diskussion erwarten\",\"datePublished\":\"2023-07-15T18:21:04+00:00\",\"dateModified\":\"2023-07-15T18:21:04+00:00\",\"mainEntityOfPage\":{\"@id\":\"https:\/\/now-news.de\/de\/deutschland\/leserdebatte-in-chemnitz-wer-baerbock-einlaedt-darf-keine-diskussion-erwarten\/\"},\"wordCount\":694,\"commentCount\":0,\"publisher\":{\"@id\":\"https:\/\/now-news.de\/de\/#organization\"},\"image\":{\"@id\":\"https:\/\/now-news.de\/de\/deutschland\/leserdebatte-in-chemnitz-wer-baerbock-einlaedt-darf-keine-diskussion-erwarten\/#primaryimage\"},\"thumbnailUrl\":\"https:\/\/now-news.de\/de\/wp-content\/uploads\/sites\/3\/2023\/07\/quotLeserdebattequot-in-Chemnitz-Wer-Baerbock-einlaedt-darf-keine-Diskussion-erwarten.jpg\",\"keywords\":[\"Baerbock\",\"Chemnitz\",\"darf\",\"Diskussion\",\"einl\u00e4dt\",\"Erwarten\",\"keine\",\"quotLeserdebattequot\",\"Wer\"],\"articleSection\":[\"Deutschland\",\"Russland\"],\"inLanguage\":\"de\",\"potentialAction\":[{\"@type\":\"CommentAction\",\"name\":\"Comment\",\"target\":[\"https:\/\/now-news.de\/de\/deutschland\/leserdebatte-in-chemnitz-wer-baerbock-einlaedt-darf-keine-diskussion-erwarten\/#respond\"]}]},{\"@type\":\"WebPage\",\"@id\":\"https:\/\/now-news.de\/de\/deutschland\/leserdebatte-in-chemnitz-wer-baerbock-einlaedt-darf-keine-diskussion-erwarten\/\",\"url\":\"https:\/\/now-news.de\/de\/deutschland\/leserdebatte-in-chemnitz-wer-baerbock-einlaedt-darf-keine-diskussion-erwarten\/\",\"name\":\"&quot;Leserdebatte&quot; in Chemnitz: Wer Baerbock einl\u00e4dt, darf keine Diskussion erwarten - just-now.NEWS Deutschland\",\"isPartOf\":{\"@id\":\"https:\/\/now-news.de\/de\/#website\"},\"primaryImageOfPage\":{\"@id\":\"https:\/\/now-news.de\/de\/deutschland\/leserdebatte-in-chemnitz-wer-baerbock-einlaedt-darf-keine-diskussion-erwarten\/#primaryimage\"},\"image\":{\"@id\":\"https:\/\/now-news.de\/de\/deutschland\/leserdebatte-in-chemnitz-wer-baerbock-einlaedt-darf-keine-diskussion-erwarten\/#primaryimage\"},\"thumbnailUrl\":\"https:\/\/now-news.de\/de\/wp-content\/uploads\/sites\/3\/2023\/07\/quotLeserdebattequot-in-Chemnitz-Wer-Baerbock-einlaedt-darf-keine-Diskussion-erwarten.jpg\",\"datePublished\":\"2023-07-15T18:21:04+00:00\",\"dateModified\":\"2023-07-15T18:21:04+00:00\",\"breadcrumb\":{\"@id\":\"https:\/\/now-news.de\/de\/deutschland\/leserdebatte-in-chemnitz-wer-baerbock-einlaedt-darf-keine-diskussion-erwarten\/#breadcrumb\"},\"inLanguage\":\"de\",\"potentialAction\":[{\"@type\":\"ReadAction\",\"target\":[\"https:\/\/now-news.de\/de\/deutschland\/leserdebatte-in-chemnitz-wer-baerbock-einlaedt-darf-keine-diskussion-erwarten\/\"]}]},{\"@type\":\"ImageObject\",\"inLanguage\":\"de\",\"@id\":\"https:\/\/now-news.de\/de\/deutschland\/leserdebatte-in-chemnitz-wer-baerbock-einlaedt-darf-keine-diskussion-erwarten\/#primaryimage\",\"url\":\"https:\/\/now-news.de\/de\/wp-content\/uploads\/sites\/3\/2023\/07\/quotLeserdebattequot-in-Chemnitz-Wer-Baerbock-einlaedt-darf-keine-Diskussion-erwarten.jpg\",\"contentUrl\":\"https:\/\/now-news.de\/de\/wp-content\/uploads\/sites\/3\/2023\/07\/quotLeserdebattequot-in-Chemnitz-Wer-Baerbock-einlaedt-darf-keine-Diskussion-erwarten.jpg\",\"width\":460,\"height\":259,\"caption\":\"&quot;Leserdebatte&quot; in Chemnitz: Wer Baerbock einl\u00e4dt, darf keine Diskussion erwarten\"},{\"@type\":\"BreadcrumbList\",\"@id\":\"https:\/\/now-news.de\/de\/deutschland\/leserdebatte-in-chemnitz-wer-baerbock-einlaedt-darf-keine-diskussion-erwarten\/#breadcrumb\",\"itemListElement\":[{\"@type\":\"ListItem\",\"position\":1,\"name\":\"Home\",\"item\":\"https:\/\/now-news.de\/de\/\"},{\"@type\":\"ListItem\",\"position\":2,\"name\":\"&quot;Leserdebatte&quot; in Chemnitz: Wer Baerbock einl\u00e4dt, darf keine Diskussion erwarten\"}]},{\"@type\":\"WebSite\",\"@id\":\"https:\/\/now-news.de\/de\/#website\",\"url\":\"https:\/\/now-news.de\/de\/\",\"name\":\"just-now.NEWS Deutschland\",\"description\":\"Das Portal f\u00fcr unzensierte Nachrichten aus der Welt\",\"publisher\":{\"@id\":\"https:\/\/now-news.de\/de\/#organization\"},\"potentialAction\":[{\"@type\":\"SearchAction\",\"target\":{\"@type\":\"EntryPoint\",\"urlTemplate\":\"https:\/\/now-news.de\/de\/?s={search_term_string}\"},\"query-input\":\"required name=search_term_string\"}],\"inLanguage\":\"de\"},{\"@type\":\"Organization\",\"@id\":\"https:\/\/now-news.de\/de\/#organization\",\"name\":\"Just Now News\",\"url\":\"https:\/\/now-news.de\/de\/\",\"logo\":{\"@type\":\"ImageObject\",\"inLanguage\":\"de\",\"@id\":\"https:\/\/now-news.de\/de\/#\/schema\/logo\/image\/\",\"url\":\"http:\/\/just-now.news\/de\/wp-content\/uploads\/sites\/3\/2022\/04\/logo500x500.jpg\",\"contentUrl\":\"http:\/\/just-now.news\/de\/wp-content\/uploads\/sites\/3\/2022\/04\/logo500x500.jpg\",\"width\":500,\"height\":500,\"caption\":\"Just Now News\"},\"image\":{\"@id\":\"https:\/\/now-news.de\/de\/#\/schema\/logo\/image\/\"},\"sameAs\":[\"https:\/\/www.facebook.com\/wirmachenauf\",\"https:\/\/x.com\/WirMachenAuf_de\"]},{\"@type\":\"Person\",\"@id\":\"https:\/\/now-news.de\/de\/#\/schema\/person\/fb534a4e865501d8b3285208df34a9b5\",\"name\":\"rtnews\",\"image\":{\"@type\":\"ImageObject\",\"inLanguage\":\"de\",\"@id\":\"https:\/\/now-news.de\/de\/#\/schema\/person\/image\/\",\"url\":\"https:\/\/secure.gravatar.com\/avatar\/82aafea7d8127119dd649515f56e2117?s=96&d=mm&r=g\",\"contentUrl\":\"https:\/\/secure.gravatar.com\/avatar\/82aafea7d8127119dd649515f56e2117?s=96&d=mm&r=g\",\"caption\":\"rtnews\"},\"url\":\"https:\/\/now-news.de\/de\/author\/rnews\/\"}]}<\/script>\n<!-- \/ Yoast SEO Premium plugin. -->","yoast_head_json":{"title":"&quot;Leserdebatte&quot; in Chemnitz: Wer Baerbock einl\u00e4dt, darf keine Diskussion erwarten - just-now.NEWS Deutschland","robots":{"index":"index","follow":"follow","max-snippet":"max-snippet:-1","max-image-preview":"max-image-preview:large","max-video-preview":"max-video-preview:-1"},"canonical":"https:\/\/now-news.de\/de\/deutschland\/leserdebatte-in-chemnitz-wer-baerbock-einlaedt-darf-keine-diskussion-erwarten\/","og_locale":"de_DE","og_type":"article","og_title":"&quot;Leserdebatte&quot; in Chemnitz: Wer Baerbock einl\u00e4dt, darf keine Diskussion erwarten","og_description":"Die Veranstalter der Debatte \u00fcber den Ukraine-Konflikt bem\u00fchten sich, b\u00fcrgernah und gespr\u00e4chsbereit zu wirken. Leider hatten sie vergessen, dass zu einer Diskussion unterschiedliche Standpunkte geh\u00f6ren. Von Bj\u00f6rn Kawecki In Chemnitz hat die Tageszeitung Freie Presse am Freitag im Rahmen ihres Formats &#8220;Leserdebatte&#8221; zu einer Diskussion \u00fcber den Ukraine-Konflikt mit Bundesau\u00dfenministerin Annalena Baerbock (B\u00fcndnis 90\/ Die [&hellip;]","og_url":"https:\/\/now-news.de\/de\/deutschland\/leserdebatte-in-chemnitz-wer-baerbock-einlaedt-darf-keine-diskussion-erwarten\/","og_site_name":"just-now.NEWS Deutschland","article_publisher":"https:\/\/www.facebook.com\/wirmachenauf","article_published_time":"2023-07-15T18:21:04+00:00","og_image":[{"width":460,"height":259,"url":"https:\/\/now-news.de\/de\/wp-content\/uploads\/sites\/3\/2023\/07\/quotLeserdebattequot-in-Chemnitz-Wer-Baerbock-einlaedt-darf-keine-Diskussion-erwarten.jpg","type":"image\/jpeg"}],"author":"rtnews","twitter_card":"summary_large_image","twitter_creator":"@WirMachenAuf_de","twitter_site":"@WirMachenAuf_de","twitter_misc":{"Verfasst von":"rtnews","Gesch\u00e4tzte Lesezeit":"3\u00a0Minuten"},"schema":{"@context":"https:\/\/schema.org","@graph":[{"@type":"Article","@id":"https:\/\/now-news.de\/de\/deutschland\/leserdebatte-in-chemnitz-wer-baerbock-einlaedt-darf-keine-diskussion-erwarten\/#article","isPartOf":{"@id":"https:\/\/now-news.de\/de\/deutschland\/leserdebatte-in-chemnitz-wer-baerbock-einlaedt-darf-keine-diskussion-erwarten\/"},"author":{"name":"rtnews","@id":"https:\/\/now-news.de\/de\/#\/schema\/person\/fb534a4e865501d8b3285208df34a9b5"},"headline":"&quot;Leserdebatte&quot; in Chemnitz: Wer Baerbock einl\u00e4dt, darf keine Diskussion erwarten","datePublished":"2023-07-15T18:21:04+00:00","dateModified":"2023-07-15T18:21:04+00:00","mainEntityOfPage":{"@id":"https:\/\/now-news.de\/de\/deutschland\/leserdebatte-in-chemnitz-wer-baerbock-einlaedt-darf-keine-diskussion-erwarten\/"},"wordCount":694,"commentCount":0,"publisher":{"@id":"https:\/\/now-news.de\/de\/#organization"},"image":{"@id":"https:\/\/now-news.de\/de\/deutschland\/leserdebatte-in-chemnitz-wer-baerbock-einlaedt-darf-keine-diskussion-erwarten\/#primaryimage"},"thumbnailUrl":"https:\/\/now-news.de\/de\/wp-content\/uploads\/sites\/3\/2023\/07\/quotLeserdebattequot-in-Chemnitz-Wer-Baerbock-einlaedt-darf-keine-Diskussion-erwarten.jpg","keywords":["Baerbock","Chemnitz","darf","Diskussion","einl\u00e4dt","Erwarten","keine","quotLeserdebattequot","Wer"],"articleSection":["Deutschland","Russland"],"inLanguage":"de","potentialAction":[{"@type":"CommentAction","name":"Comment","target":["https:\/\/now-news.de\/de\/deutschland\/leserdebatte-in-chemnitz-wer-baerbock-einlaedt-darf-keine-diskussion-erwarten\/#respond"]}]},{"@type":"WebPage","@id":"https:\/\/now-news.de\/de\/deutschland\/leserdebatte-in-chemnitz-wer-baerbock-einlaedt-darf-keine-diskussion-erwarten\/","url":"https:\/\/now-news.de\/de\/deutschland\/leserdebatte-in-chemnitz-wer-baerbock-einlaedt-darf-keine-diskussion-erwarten\/","name":"&quot;Leserdebatte&quot; in Chemnitz: Wer Baerbock einl\u00e4dt, darf keine Diskussion erwarten - just-now.NEWS Deutschland","isPartOf":{"@id":"https:\/\/now-news.de\/de\/#website"},"primaryImageOfPage":{"@id":"https:\/\/now-news.de\/de\/deutschland\/leserdebatte-in-chemnitz-wer-baerbock-einlaedt-darf-keine-diskussion-erwarten\/#primaryimage"},"image":{"@id":"https:\/\/now-news.de\/de\/deutschland\/leserdebatte-in-chemnitz-wer-baerbock-einlaedt-darf-keine-diskussion-erwarten\/#primaryimage"},"thumbnailUrl":"https:\/\/now-news.de\/de\/wp-content\/uploads\/sites\/3\/2023\/07\/quotLeserdebattequot-in-Chemnitz-Wer-Baerbock-einlaedt-darf-keine-Diskussion-erwarten.jpg","datePublished":"2023-07-15T18:21:04+00:00","dateModified":"2023-07-15T18:21:04+00:00","breadcrumb":{"@id":"https:\/\/now-news.de\/de\/deutschland\/leserdebatte-in-chemnitz-wer-baerbock-einlaedt-darf-keine-diskussion-erwarten\/#breadcrumb"},"inLanguage":"de","potentialAction":[{"@type":"ReadAction","target":["https:\/\/now-news.de\/de\/deutschland\/leserdebatte-in-chemnitz-wer-baerbock-einlaedt-darf-keine-diskussion-erwarten\/"]}]},{"@type":"ImageObject","inLanguage":"de","@id":"https:\/\/now-news.de\/de\/deutschland\/leserdebatte-in-chemnitz-wer-baerbock-einlaedt-darf-keine-diskussion-erwarten\/#primaryimage","url":"https:\/\/now-news.de\/de\/wp-content\/uploads\/sites\/3\/2023\/07\/quotLeserdebattequot-in-Chemnitz-Wer-Baerbock-einlaedt-darf-keine-Diskussion-erwarten.jpg","contentUrl":"https:\/\/now-news.de\/de\/wp-content\/uploads\/sites\/3\/2023\/07\/quotLeserdebattequot-in-Chemnitz-Wer-Baerbock-einlaedt-darf-keine-Diskussion-erwarten.jpg","width":460,"height":259,"caption":"&quot;Leserdebatte&quot; in Chemnitz: Wer Baerbock einl\u00e4dt, darf keine Diskussion erwarten"},{"@type":"BreadcrumbList","@id":"https:\/\/now-news.de\/de\/deutschland\/leserdebatte-in-chemnitz-wer-baerbock-einlaedt-darf-keine-diskussion-erwarten\/#breadcrumb","itemListElement":[{"@type":"ListItem","position":1,"name":"Home","item":"https:\/\/now-news.de\/de\/"},{"@type":"ListItem","position":2,"name":"&quot;Leserdebatte&quot; in Chemnitz: Wer Baerbock einl\u00e4dt, darf keine Diskussion erwarten"}]},{"@type":"WebSite","@id":"https:\/\/now-news.de\/de\/#website","url":"https:\/\/now-news.de\/de\/","name":"just-now.NEWS Deutschland","description":"Das Portal f\u00fcr unzensierte Nachrichten aus der Welt","publisher":{"@id":"https:\/\/now-news.de\/de\/#organization"},"potentialAction":[{"@type":"SearchAction","target":{"@type":"EntryPoint","urlTemplate":"https:\/\/now-news.de\/de\/?s={search_term_string}"},"query-input":"required name=search_term_string"}],"inLanguage":"de"},{"@type":"Organization","@id":"https:\/\/now-news.de\/de\/#organization","name":"Just Now News","url":"https:\/\/now-news.de\/de\/","logo":{"@type":"ImageObject","inLanguage":"de","@id":"https:\/\/now-news.de\/de\/#\/schema\/logo\/image\/","url":"http:\/\/just-now.news\/de\/wp-content\/uploads\/sites\/3\/2022\/04\/logo500x500.jpg","contentUrl":"http:\/\/just-now.news\/de\/wp-content\/uploads\/sites\/3\/2022\/04\/logo500x500.jpg","width":500,"height":500,"caption":"Just Now News"},"image":{"@id":"https:\/\/now-news.de\/de\/#\/schema\/logo\/image\/"},"sameAs":["https:\/\/www.facebook.com\/wirmachenauf","https:\/\/x.com\/WirMachenAuf_de"]},{"@type":"Person","@id":"https:\/\/now-news.de\/de\/#\/schema\/person\/fb534a4e865501d8b3285208df34a9b5","name":"rtnews","image":{"@type":"ImageObject","inLanguage":"de","@id":"https:\/\/now-news.de\/de\/#\/schema\/person\/image\/","url":"https:\/\/secure.gravatar.com\/avatar\/82aafea7d8127119dd649515f56e2117?s=96&d=mm&r=g","contentUrl":"https:\/\/secure.gravatar.com\/avatar\/82aafea7d8127119dd649515f56e2117?s=96&d=mm&r=g","caption":"rtnews"},"url":"https:\/\/now-news.de\/de\/author\/rnews\/"}]}},"_links":{"self":[{"href":"https:\/\/now-news.de\/de\/wp-json\/wp\/v2\/posts\/40214"}],"collection":[{"href":"https:\/\/now-news.de\/de\/wp-json\/wp\/v2\/posts"}],"about":[{"href":"https:\/\/now-news.de\/de\/wp-json\/wp\/v2\/types\/post"}],"author":[{"embeddable":true,"href":"https:\/\/now-news.de\/de\/wp-json\/wp\/v2\/users\/3"}],"replies":[{"embeddable":true,"href":"https:\/\/now-news.de\/de\/wp-json\/wp\/v2\/comments?post=40214"}],"version-history":[{"count":0,"href":"https:\/\/now-news.de\/de\/wp-json\/wp\/v2\/posts\/40214\/revisions"}],"wp:featuredmedia":[{"embeddable":true,"href":"https:\/\/now-news.de\/de\/wp-json\/wp\/v2\/media\/40215"}],"wp:attachment":[{"href":"https:\/\/now-news.de\/de\/wp-json\/wp\/v2\/media?parent=40214"}],"wp:term":[{"taxonomy":"category","embeddable":true,"href":"https:\/\/now-news.de\/de\/wp-json\/wp\/v2\/categories?post=40214"},{"taxonomy":"post_tag","embeddable":true,"href":"https:\/\/now-news.de\/de\/wp-json\/wp\/v2\/tags?post=40214"}],"curies":[{"name":"wp","href":"https:\/\/api.w.org\/{rel}","templated":true}]}}