{"id":40204,"date":"2023-07-15T19:06:46","date_gmt":"2023-07-15T17:06:46","guid":{"rendered":"https:\/\/just-now.news\/de\/deutschland\/gruppenvergewaltigung-sechs-deutsche-mit-migrationshintergrund-auf-mallorca-verhaftet\/"},"modified":"2023-07-15T19:06:46","modified_gmt":"2023-07-15T17:06:46","slug":"gruppenvergewaltigung-sechs-deutsche-mit-migrationshintergrund-auf-mallorca-verhaftet","status":"publish","type":"post","link":"https:\/\/now-news.de\/de\/deutschland\/gruppenvergewaltigung-sechs-deutsche-mit-migrationshintergrund-auf-mallorca-verhaftet\/","title":{"rendered":"Gruppenvergewaltigung? Sechs Deutsche &quot;mit Migrationshintergrund&quot; auf Mallorca verhaftet"},"content":{"rendered":"<p><img decoding=\"async\" src=\"http:\/\/just-now.news\/de\/wp-content\/uploads\/sites\/3\/2023\/07\/64b2c865b480cc7a6e60f273.jpeg\" \/><\/p>\n<div class=\"Text-root Text-type_1 \">\n                In der Nacht zum Donnerstag sollen sechs M\u00e4nner in einem Hotel auf Mallorca eine 18-j\u00e4hrige Deutsche vergewaltigt haben. Nach Informationen der &#8220;Bild&#8221; handelt es sich bei den Verd\u00e4chtigen um Deutsche mit Migrationshintergrund, die spanische Presse spricht nur von Deutschen. Die M\u00e4nner befinden sich in Untersuchungshaft.\n            <\/div>\n<p><\/p>\n<div class=\"Text-root Text-type_5 ArticleView-text ViewText-root \">\n<p>Sechs M\u00e4nner im Alter von 21 bis 23 Jahren, die deutsche Staatsangeh\u00f6rige sind und nach Informationen der <em>Bild<\/em> Migrationshintergrund haben, wurden am Donnerstag auf der spanischen Mittelmeerinsel Mallorca festgenommen und befinden sich inzwischen in Untersuchungshaft. Laut Pressemitteilung der \u00f6rtlichen Polizei wird ihnen die Gruppenvergewaltigung einer 18-j\u00e4hrigen Frau, einer Deutschen, vorgeworfen.<\/p>\n<p>Die Tat soll sich bereits in der Nacht zum Donnerstag ereignet haben. Medienberichten zufolge hatten zwei der sechs M\u00e4nner ihr sp\u00e4teres Opfer am Strand (nach einigen Presseberichten auf dem ber\u00fchmten &#8220;Ballermann&#8221;) kennengelernt. Dort soll es zun\u00e4chst zu einvernehmlichem Geschlechtsverkehr gekommen sein. Sp\u00e4ter sei man in ein Hotel gegangen, wo insgesamt f\u00fcnf weitere M\u00e4nner dazugekommen waren. Vier von diesen h\u00e4tten das Opfer zu sexuellen Handlungen gezwungen.\u00a0\u00a0<\/p>\n<p>Laut Pressemitteilung der Polizei wurde der sexuelle \u00dcbergriff von einem der jetzt Inhaftierten mit einem Mobiltelefon gefilmt. In anderen Presseberichten gibt es teilweise abweichende Darstellungen zum mutma\u00dflichen Tathergang.\u00a0<\/p>\n<p>Nach der Tat sei die junge Frau ins Bad des Hotelzimmers gefl\u00fcchtet. Einer der M\u00e4nner soll ihr Hilfe angeboten und sie in ihr Hotel gebracht haben, wo die Polizei alarmiert wurde. Die junge Frau wurde noch in der Nacht nach ersten Befragungen in ein Krankenhaus gebracht.<\/p>\n<p>Den Tatverd\u00e4chtigen drohen nach spanischem Strafgesetzbuch Haftstrafen von bis zu 15 Jahren.\u00a0<\/p>\n<p><strong>Mehr zum Thema<\/strong> \u2013 <a rel=\"nofollow noopener\" target=\"_blank\" href=\"https:\/\/test.rtde.life\/inland\/175253-sexuelle-uebergriffe-am-schlachtensee-durchsuchung\/\">Sexuelle \u00dcbergriffe am Schlachtensee \u2013 Durchsuchung bei verd\u00e4chtigen Jugendlichen<\/a><\/p>\n<\/div>\n<p><br \/>\n<br \/><a href=\"https:\/\/de.rt.com\/gesellschaft\/175350-gruppenvergewaltigung-sechs-deutsche-mit-migrationshintergrund-auf-mallorca-verhaftet\/\">Source link <\/a><\/p>\n","protected":false},"excerpt":{"rendered":"<p>In der Nacht zum Donnerstag sollen sechs M\u00e4nner in einem Hotel auf Mallorca eine 18-j\u00e4hrige Deutsche vergewaltigt haben. Nach Informationen der &#8220;Bild&#8221; handelt es sich bei den Verd\u00e4chtigen um Deutsche mit Migrationshintergrund, die spanische Presse spricht nur von Deutschen. Die M\u00e4nner befinden sich in Untersuchungshaft. Sechs M\u00e4nner im Alter von 21 bis 23 Jahren, die [&hellip;]<\/p>\n","protected":false},"author":3,"featured_media":40205,"comment_status":"open","ping_status":"open","sticky":false,"template":"","format":"standard","meta":{"_yoast_indexnow_last_ping":["1689442687"],"wp_automatic_camp":["217"],"c7af2eb9040548040a4c666a5293d486":["Gruppenvergewaltigung? Sechs Deutsche &quot;mit Migrationshintergrund&quot; auf Mallorca verhaftet"],"original_link":["https:\/\/de.rt.com\/gesellschaft\/175350-gruppenvergewaltigung-sechs-deutsche-mit-migrationshintergrund-auf-mallorca-verhaftet\/"],"_thumbnail_id":["40205"],"_wptgpro_p2tg_sent2tg":["a:1:{i:23737;s:19:\"2023-07-15 19:39:13\";}"],"jnews_social_counter_last_update":["1776997747"]},"categories":[19,23],"tags":[133,2374,46781,46783,46782,22263,14558,8346],"yoast_head":"<!-- This site is optimized with the Yoast SEO Premium plugin v22.7 (Yoast SEO v22.7) - https:\/\/yoast.com\/wordpress\/plugins\/seo\/ -->\n<title>Gruppenvergewaltigung? Sechs Deutsche &quot;mit Migrationshintergrund&quot; auf Mallorca verhaftet - just-now.NEWS Deutschland<\/title>\n<meta name=\"robots\" content=\"index, follow, max-snippet:-1, max-image-preview:large, max-video-preview:-1\" \/>\n<link rel=\"canonical\" href=\"https:\/\/now-news.de\/de\/deutschland\/gruppenvergewaltigung-sechs-deutsche-mit-migrationshintergrund-auf-mallorca-verhaftet\/\" \/>\n<meta property=\"og:locale\" content=\"de_DE\" \/>\n<meta property=\"og:type\" content=\"article\" \/>\n<meta property=\"og:title\" content=\"Gruppenvergewaltigung? Sechs Deutsche &quot;mit Migrationshintergrund&quot; auf Mallorca verhaftet\" \/>\n<meta property=\"og:description\" content=\"In der Nacht zum Donnerstag sollen sechs M\u00e4nner in einem Hotel auf Mallorca eine 18-j\u00e4hrige Deutsche vergewaltigt haben. Nach Informationen der &#8220;Bild&#8221; handelt es sich bei den Verd\u00e4chtigen um Deutsche mit Migrationshintergrund, die spanische Presse spricht nur von Deutschen. Die M\u00e4nner befinden sich in Untersuchungshaft. Sechs M\u00e4nner im Alter von 21 bis 23 Jahren, die [&hellip;]\" \/>\n<meta property=\"og:url\" content=\"https:\/\/now-news.de\/de\/deutschland\/gruppenvergewaltigung-sechs-deutsche-mit-migrationshintergrund-auf-mallorca-verhaftet\/\" \/>\n<meta property=\"og:site_name\" content=\"just-now.NEWS Deutschland\" \/>\n<meta property=\"article:publisher\" content=\"https:\/\/www.facebook.com\/wirmachenauf\" \/>\n<meta property=\"article:published_time\" content=\"2023-07-15T17:06:46+00:00\" \/>\n<meta property=\"og:image\" content=\"https:\/\/now-news.de\/de\/wp-content\/uploads\/sites\/3\/2023\/07\/Gruppenvergewaltigung-Sechs-Deutsche-quotmit-Migrationshintergrundquot-auf-Mallorca-verhaftet.jpeg\" \/>\n\t<meta property=\"og:image:width\" content=\"460\" \/>\n\t<meta property=\"og:image:height\" content=\"259\" \/>\n\t<meta property=\"og:image:type\" content=\"image\/jpeg\" \/>\n<meta name=\"author\" content=\"rtnews\" \/>\n<meta name=\"twitter:card\" content=\"summary_large_image\" \/>\n<meta name=\"twitter:creator\" content=\"@WirMachenAuf_de\" \/>\n<meta name=\"twitter:site\" content=\"@WirMachenAuf_de\" \/>\n<meta name=\"twitter:label1\" content=\"Verfasst von\" \/>\n\t<meta name=\"twitter:data1\" content=\"rtnews\" \/>\n\t<meta name=\"twitter:label2\" content=\"Gesch\u00e4tzte Lesezeit\" \/>\n\t<meta name=\"twitter:data2\" content=\"1\u00a0Minute\" \/>\n<script type=\"application\/ld+json\" class=\"yoast-schema-graph\">{\"@context\":\"https:\/\/schema.org\",\"@graph\":[{\"@type\":\"Article\",\"@id\":\"https:\/\/now-news.de\/de\/deutschland\/gruppenvergewaltigung-sechs-deutsche-mit-migrationshintergrund-auf-mallorca-verhaftet\/#article\",\"isPartOf\":{\"@id\":\"https:\/\/now-news.de\/de\/deutschland\/gruppenvergewaltigung-sechs-deutsche-mit-migrationshintergrund-auf-mallorca-verhaftet\/\"},\"author\":{\"name\":\"rtnews\",\"@id\":\"https:\/\/now-news.de\/de\/#\/schema\/person\/fb534a4e865501d8b3285208df34a9b5\"},\"headline\":\"Gruppenvergewaltigung? Sechs Deutsche &quot;mit Migrationshintergrund&quot; auf Mallorca verhaftet\",\"datePublished\":\"2023-07-15T17:06:46+00:00\",\"dateModified\":\"2023-07-15T17:06:46+00:00\",\"mainEntityOfPage\":{\"@id\":\"https:\/\/now-news.de\/de\/deutschland\/gruppenvergewaltigung-sechs-deutsche-mit-migrationshintergrund-auf-mallorca-verhaftet\/\"},\"wordCount\":287,\"commentCount\":0,\"publisher\":{\"@id\":\"https:\/\/now-news.de\/de\/#organization\"},\"image\":{\"@id\":\"https:\/\/now-news.de\/de\/deutschland\/gruppenvergewaltigung-sechs-deutsche-mit-migrationshintergrund-auf-mallorca-verhaftet\/#primaryimage\"},\"thumbnailUrl\":\"https:\/\/now-news.de\/de\/wp-content\/uploads\/sites\/3\/2023\/07\/Gruppenvergewaltigung-Sechs-Deutsche-quotmit-Migrationshintergrundquot-auf-Mallorca-verhaftet.jpeg\",\"keywords\":[\"AUF\",\"Deutsche\",\"Gruppenvergewaltigung\",\"Mallorca\",\"Migrationshintergrundquot\",\"quotMit\",\"sechs\",\"verhaftet\"],\"articleSection\":[\"Deutschland\",\"Russland\"],\"inLanguage\":\"de\",\"potentialAction\":[{\"@type\":\"CommentAction\",\"name\":\"Comment\",\"target\":[\"https:\/\/now-news.de\/de\/deutschland\/gruppenvergewaltigung-sechs-deutsche-mit-migrationshintergrund-auf-mallorca-verhaftet\/#respond\"]}]},{\"@type\":\"WebPage\",\"@id\":\"https:\/\/now-news.de\/de\/deutschland\/gruppenvergewaltigung-sechs-deutsche-mit-migrationshintergrund-auf-mallorca-verhaftet\/\",\"url\":\"https:\/\/now-news.de\/de\/deutschland\/gruppenvergewaltigung-sechs-deutsche-mit-migrationshintergrund-auf-mallorca-verhaftet\/\",\"name\":\"Gruppenvergewaltigung? Sechs Deutsche &quot;mit Migrationshintergrund&quot; auf Mallorca verhaftet - just-now.NEWS Deutschland\",\"isPartOf\":{\"@id\":\"https:\/\/now-news.de\/de\/#website\"},\"primaryImageOfPage\":{\"@id\":\"https:\/\/now-news.de\/de\/deutschland\/gruppenvergewaltigung-sechs-deutsche-mit-migrationshintergrund-auf-mallorca-verhaftet\/#primaryimage\"},\"image\":{\"@id\":\"https:\/\/now-news.de\/de\/deutschland\/gruppenvergewaltigung-sechs-deutsche-mit-migrationshintergrund-auf-mallorca-verhaftet\/#primaryimage\"},\"thumbnailUrl\":\"https:\/\/now-news.de\/de\/wp-content\/uploads\/sites\/3\/2023\/07\/Gruppenvergewaltigung-Sechs-Deutsche-quotmit-Migrationshintergrundquot-auf-Mallorca-verhaftet.jpeg\",\"datePublished\":\"2023-07-15T17:06:46+00:00\",\"dateModified\":\"2023-07-15T17:06:46+00:00\",\"breadcrumb\":{\"@id\":\"https:\/\/now-news.de\/de\/deutschland\/gruppenvergewaltigung-sechs-deutsche-mit-migrationshintergrund-auf-mallorca-verhaftet\/#breadcrumb\"},\"inLanguage\":\"de\",\"potentialAction\":[{\"@type\":\"ReadAction\",\"target\":[\"https:\/\/now-news.de\/de\/deutschland\/gruppenvergewaltigung-sechs-deutsche-mit-migrationshintergrund-auf-mallorca-verhaftet\/\"]}]},{\"@type\":\"ImageObject\",\"inLanguage\":\"de\",\"@id\":\"https:\/\/now-news.de\/de\/deutschland\/gruppenvergewaltigung-sechs-deutsche-mit-migrationshintergrund-auf-mallorca-verhaftet\/#primaryimage\",\"url\":\"https:\/\/now-news.de\/de\/wp-content\/uploads\/sites\/3\/2023\/07\/Gruppenvergewaltigung-Sechs-Deutsche-quotmit-Migrationshintergrundquot-auf-Mallorca-verhaftet.jpeg\",\"contentUrl\":\"https:\/\/now-news.de\/de\/wp-content\/uploads\/sites\/3\/2023\/07\/Gruppenvergewaltigung-Sechs-Deutsche-quotmit-Migrationshintergrundquot-auf-Mallorca-verhaftet.jpeg\",\"width\":460,\"height\":259,\"caption\":\"Gruppenvergewaltigung? Sechs Deutsche &quot;mit Migrationshintergrund&quot; auf Mallorca verhaftet\"},{\"@type\":\"BreadcrumbList\",\"@id\":\"https:\/\/now-news.de\/de\/deutschland\/gruppenvergewaltigung-sechs-deutsche-mit-migrationshintergrund-auf-mallorca-verhaftet\/#breadcrumb\",\"itemListElement\":[{\"@type\":\"ListItem\",\"position\":1,\"name\":\"Home\",\"item\":\"https:\/\/now-news.de\/de\/\"},{\"@type\":\"ListItem\",\"position\":2,\"name\":\"Gruppenvergewaltigung? Sechs Deutsche &quot;mit Migrationshintergrund&quot; auf Mallorca verhaftet\"}]},{\"@type\":\"WebSite\",\"@id\":\"https:\/\/now-news.de\/de\/#website\",\"url\":\"https:\/\/now-news.de\/de\/\",\"name\":\"just-now.NEWS Deutschland\",\"description\":\"Das Portal f\u00fcr unzensierte Nachrichten aus der Welt\",\"publisher\":{\"@id\":\"https:\/\/now-news.de\/de\/#organization\"},\"potentialAction\":[{\"@type\":\"SearchAction\",\"target\":{\"@type\":\"EntryPoint\",\"urlTemplate\":\"https:\/\/now-news.de\/de\/?s={search_term_string}\"},\"query-input\":\"required name=search_term_string\"}],\"inLanguage\":\"de\"},{\"@type\":\"Organization\",\"@id\":\"https:\/\/now-news.de\/de\/#organization\",\"name\":\"Just Now News\",\"url\":\"https:\/\/now-news.de\/de\/\",\"logo\":{\"@type\":\"ImageObject\",\"inLanguage\":\"de\",\"@id\":\"https:\/\/now-news.de\/de\/#\/schema\/logo\/image\/\",\"url\":\"http:\/\/just-now.news\/de\/wp-content\/uploads\/sites\/3\/2022\/04\/logo500x500.jpg\",\"contentUrl\":\"http:\/\/just-now.news\/de\/wp-content\/uploads\/sites\/3\/2022\/04\/logo500x500.jpg\",\"width\":500,\"height\":500,\"caption\":\"Just Now News\"},\"image\":{\"@id\":\"https:\/\/now-news.de\/de\/#\/schema\/logo\/image\/\"},\"sameAs\":[\"https:\/\/www.facebook.com\/wirmachenauf\",\"https:\/\/x.com\/WirMachenAuf_de\"]},{\"@type\":\"Person\",\"@id\":\"https:\/\/now-news.de\/de\/#\/schema\/person\/fb534a4e865501d8b3285208df34a9b5\",\"name\":\"rtnews\",\"image\":{\"@type\":\"ImageObject\",\"inLanguage\":\"de\",\"@id\":\"https:\/\/now-news.de\/de\/#\/schema\/person\/image\/\",\"url\":\"https:\/\/secure.gravatar.com\/avatar\/82aafea7d8127119dd649515f56e2117?s=96&d=mm&r=g\",\"contentUrl\":\"https:\/\/secure.gravatar.com\/avatar\/82aafea7d8127119dd649515f56e2117?s=96&d=mm&r=g\",\"caption\":\"rtnews\"},\"url\":\"https:\/\/now-news.de\/de\/author\/rnews\/\"}]}<\/script>\n<!-- \/ Yoast SEO Premium plugin. -->","yoast_head_json":{"title":"Gruppenvergewaltigung? Sechs Deutsche &quot;mit Migrationshintergrund&quot; auf Mallorca verhaftet - just-now.NEWS Deutschland","robots":{"index":"index","follow":"follow","max-snippet":"max-snippet:-1","max-image-preview":"max-image-preview:large","max-video-preview":"max-video-preview:-1"},"canonical":"https:\/\/now-news.de\/de\/deutschland\/gruppenvergewaltigung-sechs-deutsche-mit-migrationshintergrund-auf-mallorca-verhaftet\/","og_locale":"de_DE","og_type":"article","og_title":"Gruppenvergewaltigung? Sechs Deutsche &quot;mit Migrationshintergrund&quot; auf Mallorca verhaftet","og_description":"In der Nacht zum Donnerstag sollen sechs M\u00e4nner in einem Hotel auf Mallorca eine 18-j\u00e4hrige Deutsche vergewaltigt haben. Nach Informationen der &#8220;Bild&#8221; handelt es sich bei den Verd\u00e4chtigen um Deutsche mit Migrationshintergrund, die spanische Presse spricht nur von Deutschen. Die M\u00e4nner befinden sich in Untersuchungshaft. Sechs M\u00e4nner im Alter von 21 bis 23 Jahren, die [&hellip;]","og_url":"https:\/\/now-news.de\/de\/deutschland\/gruppenvergewaltigung-sechs-deutsche-mit-migrationshintergrund-auf-mallorca-verhaftet\/","og_site_name":"just-now.NEWS Deutschland","article_publisher":"https:\/\/www.facebook.com\/wirmachenauf","article_published_time":"2023-07-15T17:06:46+00:00","og_image":[{"width":460,"height":259,"url":"https:\/\/now-news.de\/de\/wp-content\/uploads\/sites\/3\/2023\/07\/Gruppenvergewaltigung-Sechs-Deutsche-quotmit-Migrationshintergrundquot-auf-Mallorca-verhaftet.jpeg","type":"image\/jpeg"}],"author":"rtnews","twitter_card":"summary_large_image","twitter_creator":"@WirMachenAuf_de","twitter_site":"@WirMachenAuf_de","twitter_misc":{"Verfasst von":"rtnews","Gesch\u00e4tzte Lesezeit":"1\u00a0Minute"},"schema":{"@context":"https:\/\/schema.org","@graph":[{"@type":"Article","@id":"https:\/\/now-news.de\/de\/deutschland\/gruppenvergewaltigung-sechs-deutsche-mit-migrationshintergrund-auf-mallorca-verhaftet\/#article","isPartOf":{"@id":"https:\/\/now-news.de\/de\/deutschland\/gruppenvergewaltigung-sechs-deutsche-mit-migrationshintergrund-auf-mallorca-verhaftet\/"},"author":{"name":"rtnews","@id":"https:\/\/now-news.de\/de\/#\/schema\/person\/fb534a4e865501d8b3285208df34a9b5"},"headline":"Gruppenvergewaltigung? Sechs Deutsche &quot;mit Migrationshintergrund&quot; auf Mallorca verhaftet","datePublished":"2023-07-15T17:06:46+00:00","dateModified":"2023-07-15T17:06:46+00:00","mainEntityOfPage":{"@id":"https:\/\/now-news.de\/de\/deutschland\/gruppenvergewaltigung-sechs-deutsche-mit-migrationshintergrund-auf-mallorca-verhaftet\/"},"wordCount":287,"commentCount":0,"publisher":{"@id":"https:\/\/now-news.de\/de\/#organization"},"image":{"@id":"https:\/\/now-news.de\/de\/deutschland\/gruppenvergewaltigung-sechs-deutsche-mit-migrationshintergrund-auf-mallorca-verhaftet\/#primaryimage"},"thumbnailUrl":"https:\/\/now-news.de\/de\/wp-content\/uploads\/sites\/3\/2023\/07\/Gruppenvergewaltigung-Sechs-Deutsche-quotmit-Migrationshintergrundquot-auf-Mallorca-verhaftet.jpeg","keywords":["AUF","Deutsche","Gruppenvergewaltigung","Mallorca","Migrationshintergrundquot","quotMit","sechs","verhaftet"],"articleSection":["Deutschland","Russland"],"inLanguage":"de","potentialAction":[{"@type":"CommentAction","name":"Comment","target":["https:\/\/now-news.de\/de\/deutschland\/gruppenvergewaltigung-sechs-deutsche-mit-migrationshintergrund-auf-mallorca-verhaftet\/#respond"]}]},{"@type":"WebPage","@id":"https:\/\/now-news.de\/de\/deutschland\/gruppenvergewaltigung-sechs-deutsche-mit-migrationshintergrund-auf-mallorca-verhaftet\/","url":"https:\/\/now-news.de\/de\/deutschland\/gruppenvergewaltigung-sechs-deutsche-mit-migrationshintergrund-auf-mallorca-verhaftet\/","name":"Gruppenvergewaltigung? Sechs Deutsche &quot;mit Migrationshintergrund&quot; auf Mallorca verhaftet - just-now.NEWS Deutschland","isPartOf":{"@id":"https:\/\/now-news.de\/de\/#website"},"primaryImageOfPage":{"@id":"https:\/\/now-news.de\/de\/deutschland\/gruppenvergewaltigung-sechs-deutsche-mit-migrationshintergrund-auf-mallorca-verhaftet\/#primaryimage"},"image":{"@id":"https:\/\/now-news.de\/de\/deutschland\/gruppenvergewaltigung-sechs-deutsche-mit-migrationshintergrund-auf-mallorca-verhaftet\/#primaryimage"},"thumbnailUrl":"https:\/\/now-news.de\/de\/wp-content\/uploads\/sites\/3\/2023\/07\/Gruppenvergewaltigung-Sechs-Deutsche-quotmit-Migrationshintergrundquot-auf-Mallorca-verhaftet.jpeg","datePublished":"2023-07-15T17:06:46+00:00","dateModified":"2023-07-15T17:06:46+00:00","breadcrumb":{"@id":"https:\/\/now-news.de\/de\/deutschland\/gruppenvergewaltigung-sechs-deutsche-mit-migrationshintergrund-auf-mallorca-verhaftet\/#breadcrumb"},"inLanguage":"de","potentialAction":[{"@type":"ReadAction","target":["https:\/\/now-news.de\/de\/deutschland\/gruppenvergewaltigung-sechs-deutsche-mit-migrationshintergrund-auf-mallorca-verhaftet\/"]}]},{"@type":"ImageObject","inLanguage":"de","@id":"https:\/\/now-news.de\/de\/deutschland\/gruppenvergewaltigung-sechs-deutsche-mit-migrationshintergrund-auf-mallorca-verhaftet\/#primaryimage","url":"https:\/\/now-news.de\/de\/wp-content\/uploads\/sites\/3\/2023\/07\/Gruppenvergewaltigung-Sechs-Deutsche-quotmit-Migrationshintergrundquot-auf-Mallorca-verhaftet.jpeg","contentUrl":"https:\/\/now-news.de\/de\/wp-content\/uploads\/sites\/3\/2023\/07\/Gruppenvergewaltigung-Sechs-Deutsche-quotmit-Migrationshintergrundquot-auf-Mallorca-verhaftet.jpeg","width":460,"height":259,"caption":"Gruppenvergewaltigung? Sechs Deutsche &quot;mit Migrationshintergrund&quot; auf Mallorca verhaftet"},{"@type":"BreadcrumbList","@id":"https:\/\/now-news.de\/de\/deutschland\/gruppenvergewaltigung-sechs-deutsche-mit-migrationshintergrund-auf-mallorca-verhaftet\/#breadcrumb","itemListElement":[{"@type":"ListItem","position":1,"name":"Home","item":"https:\/\/now-news.de\/de\/"},{"@type":"ListItem","position":2,"name":"Gruppenvergewaltigung? Sechs Deutsche &quot;mit Migrationshintergrund&quot; auf Mallorca verhaftet"}]},{"@type":"WebSite","@id":"https:\/\/now-news.de\/de\/#website","url":"https:\/\/now-news.de\/de\/","name":"just-now.NEWS Deutschland","description":"Das Portal f\u00fcr unzensierte Nachrichten aus der Welt","publisher":{"@id":"https:\/\/now-news.de\/de\/#organization"},"potentialAction":[{"@type":"SearchAction","target":{"@type":"EntryPoint","urlTemplate":"https:\/\/now-news.de\/de\/?s={search_term_string}"},"query-input":"required name=search_term_string"}],"inLanguage":"de"},{"@type":"Organization","@id":"https:\/\/now-news.de\/de\/#organization","name":"Just Now News","url":"https:\/\/now-news.de\/de\/","logo":{"@type":"ImageObject","inLanguage":"de","@id":"https:\/\/now-news.de\/de\/#\/schema\/logo\/image\/","url":"http:\/\/just-now.news\/de\/wp-content\/uploads\/sites\/3\/2022\/04\/logo500x500.jpg","contentUrl":"http:\/\/just-now.news\/de\/wp-content\/uploads\/sites\/3\/2022\/04\/logo500x500.jpg","width":500,"height":500,"caption":"Just Now News"},"image":{"@id":"https:\/\/now-news.de\/de\/#\/schema\/logo\/image\/"},"sameAs":["https:\/\/www.facebook.com\/wirmachenauf","https:\/\/x.com\/WirMachenAuf_de"]},{"@type":"Person","@id":"https:\/\/now-news.de\/de\/#\/schema\/person\/fb534a4e865501d8b3285208df34a9b5","name":"rtnews","image":{"@type":"ImageObject","inLanguage":"de","@id":"https:\/\/now-news.de\/de\/#\/schema\/person\/image\/","url":"https:\/\/secure.gravatar.com\/avatar\/82aafea7d8127119dd649515f56e2117?s=96&d=mm&r=g","contentUrl":"https:\/\/secure.gravatar.com\/avatar\/82aafea7d8127119dd649515f56e2117?s=96&d=mm&r=g","caption":"rtnews"},"url":"https:\/\/now-news.de\/de\/author\/rnews\/"}]}},"_links":{"self":[{"href":"https:\/\/now-news.de\/de\/wp-json\/wp\/v2\/posts\/40204"}],"collection":[{"href":"https:\/\/now-news.de\/de\/wp-json\/wp\/v2\/posts"}],"about":[{"href":"https:\/\/now-news.de\/de\/wp-json\/wp\/v2\/types\/post"}],"author":[{"embeddable":true,"href":"https:\/\/now-news.de\/de\/wp-json\/wp\/v2\/users\/3"}],"replies":[{"embeddable":true,"href":"https:\/\/now-news.de\/de\/wp-json\/wp\/v2\/comments?post=40204"}],"version-history":[{"count":0,"href":"https:\/\/now-news.de\/de\/wp-json\/wp\/v2\/posts\/40204\/revisions"}],"wp:featuredmedia":[{"embeddable":true,"href":"https:\/\/now-news.de\/de\/wp-json\/wp\/v2\/media\/40205"}],"wp:attachment":[{"href":"https:\/\/now-news.de\/de\/wp-json\/wp\/v2\/media?parent=40204"}],"wp:term":[{"taxonomy":"category","embeddable":true,"href":"https:\/\/now-news.de\/de\/wp-json\/wp\/v2\/categories?post=40204"},{"taxonomy":"post_tag","embeddable":true,"href":"https:\/\/now-news.de\/de\/wp-json\/wp\/v2\/tags?post=40204"}],"curies":[{"name":"wp","href":"https:\/\/api.w.org\/{rel}","templated":true}]}}