{"id":40198,"date":"2023-07-15T17:45:43","date_gmt":"2023-07-15T15:45:43","guid":{"rendered":"https:\/\/just-now.news\/de\/deutschland\/rt-exklusiv-margarita-simonjan-ueber-das-vereitelte-attentat-auf-sie\/"},"modified":"2023-07-15T17:45:43","modified_gmt":"2023-07-15T15:45:43","slug":"rt-exklusiv-margarita-simonjan-ueber-das-vereitelte-attentat-auf-sie","status":"publish","type":"post","link":"https:\/\/now-news.de\/de\/deutschland\/rt-exklusiv-margarita-simonjan-ueber-das-vereitelte-attentat-auf-sie\/","title":{"rendered":"RT-Exklusiv: Margarita Simonjan \u00fcber das vereitelte Attentat auf sie"},"content":{"rendered":"<p><img decoding=\"async\" src=\"http:\/\/just-now.news\/de\/wp-content\/uploads\/sites\/3\/2023\/07\/64b2bdceb480cc7a245ad3b9.jpg\" \/><\/p>\n<div class=\"Text-root Text-type_1 \">\n                RT-Chefin Margarita Simonjan hat sich nach Bekanntwerden der vom FSB aufgedeckten Anschlagspl\u00e4ne auf sie sich gegen\u00fcber RT exklusiv hierzu ge\u00e4u\u00dfert. Sie r\u00fcckte insbesondere das geringe Alter eines der Attent\u00e4ter in den Mittelpunkt und \u00e4u\u00dferte die Hoffnung, dass der junge Mann seiner Heimat noch dienlich sein wird.\n            <\/div>\n<p><br \/>\n<br \/><a href=\"https:\/\/de.rt.com\/russland\/175346-rt-exklusiv-margarita-simonjan-ueber-das-vereitelte-attentat-auf-sie\/\">Source link <\/a><\/p>\n","protected":false},"excerpt":{"rendered":"<p>RT-Chefin Margarita Simonjan hat sich nach Bekanntwerden der vom FSB aufgedeckten Anschlagspl\u00e4ne auf sie sich gegen\u00fcber RT exklusiv hierzu ge\u00e4u\u00dfert. Sie r\u00fcckte insbesondere das geringe Alter eines der Attent\u00e4ter in den Mittelpunkt und \u00e4u\u00dferte die Hoffnung, dass der junge Mann seiner Heimat noch dienlich sein wird. Source link<\/p>\n","protected":false},"author":3,"featured_media":40199,"comment_status":"open","ping_status":"open","sticky":false,"template":"","format":"standard","meta":{"_yoast_indexnow_last_ping":["1689436859"],"wp_automatic_camp":["217"],"882b3267b1561d73d14233eb42c88256":["RT-Exklusiv: Margarita Simonjan \u00fcber das vereitelte Attentat auf sie"],"original_link":["https:\/\/de.rt.com\/russland\/175346-rt-exklusiv-margarita-simonjan-ueber-das-vereitelte-attentat-auf-sie\/"],"_thumbnail_id":["40199"],"jnews_social_counter_last_update":["1777486230"],"_wptgpro_p2tg_sent2tg":["a:1:{i:23737;s:19:\"2023-07-15 18:02:37\";}"]},"categories":[19,23],"tags":[10708,133,427,38161,40850,527,38162,139,32699],"yoast_head":"<!-- This site is optimized with the Yoast SEO Premium plugin v22.7 (Yoast SEO v22.7) - https:\/\/yoast.com\/wordpress\/plugins\/seo\/ -->\n<title>RT-Exklusiv: Margarita Simonjan \u00fcber das vereitelte Attentat auf sie - just-now.NEWS Deutschland<\/title>\n<meta name=\"robots\" content=\"index, follow, max-snippet:-1, max-image-preview:large, max-video-preview:-1\" \/>\n<link rel=\"canonical\" href=\"https:\/\/now-news.de\/de\/deutschland\/rt-exklusiv-margarita-simonjan-ueber-das-vereitelte-attentat-auf-sie\/\" \/>\n<meta property=\"og:locale\" content=\"de_DE\" \/>\n<meta property=\"og:type\" content=\"article\" \/>\n<meta property=\"og:title\" content=\"RT-Exklusiv: Margarita Simonjan \u00fcber das vereitelte Attentat auf sie\" \/>\n<meta property=\"og:description\" content=\"RT-Chefin Margarita Simonjan hat sich nach Bekanntwerden der vom FSB aufgedeckten Anschlagspl\u00e4ne auf sie sich gegen\u00fcber RT exklusiv hierzu ge\u00e4u\u00dfert. Sie r\u00fcckte insbesondere das geringe Alter eines der Attent\u00e4ter in den Mittelpunkt und \u00e4u\u00dferte die Hoffnung, dass der junge Mann seiner Heimat noch dienlich sein wird. Source link\" \/>\n<meta property=\"og:url\" content=\"https:\/\/now-news.de\/de\/deutschland\/rt-exklusiv-margarita-simonjan-ueber-das-vereitelte-attentat-auf-sie\/\" \/>\n<meta property=\"og:site_name\" content=\"just-now.NEWS Deutschland\" \/>\n<meta property=\"article:publisher\" content=\"https:\/\/www.facebook.com\/wirmachenauf\" \/>\n<meta property=\"article:published_time\" content=\"2023-07-15T15:45:43+00:00\" \/>\n<meta property=\"og:image\" content=\"https:\/\/now-news.de\/de\/wp-content\/uploads\/sites\/3\/2023\/07\/RT-Exklusiv-Margarita-Simonjan-ueber-das-vereitelte-Attentat-auf-sie.jpg\" \/>\n\t<meta property=\"og:image:width\" content=\"460\" \/>\n\t<meta property=\"og:image:height\" content=\"259\" \/>\n\t<meta property=\"og:image:type\" content=\"image\/jpeg\" \/>\n<meta name=\"author\" content=\"rtnews\" \/>\n<meta name=\"twitter:card\" content=\"summary_large_image\" \/>\n<meta name=\"twitter:creator\" content=\"@WirMachenAuf_de\" \/>\n<meta name=\"twitter:site\" content=\"@WirMachenAuf_de\" \/>\n<meta name=\"twitter:label1\" content=\"Verfasst von\" \/>\n\t<meta name=\"twitter:data1\" content=\"rtnews\" \/>\n<script type=\"application\/ld+json\" class=\"yoast-schema-graph\">{\"@context\":\"https:\/\/schema.org\",\"@graph\":[{\"@type\":\"Article\",\"@id\":\"https:\/\/now-news.de\/de\/deutschland\/rt-exklusiv-margarita-simonjan-ueber-das-vereitelte-attentat-auf-sie\/#article\",\"isPartOf\":{\"@id\":\"https:\/\/now-news.de\/de\/deutschland\/rt-exklusiv-margarita-simonjan-ueber-das-vereitelte-attentat-auf-sie\/\"},\"author\":{\"name\":\"rtnews\",\"@id\":\"https:\/\/now-news.de\/de\/#\/schema\/person\/fb534a4e865501d8b3285208df34a9b5\"},\"headline\":\"RT-Exklusiv: Margarita Simonjan \u00fcber das vereitelte Attentat auf sie\",\"datePublished\":\"2023-07-15T15:45:43+00:00\",\"dateModified\":\"2023-07-15T15:45:43+00:00\",\"mainEntityOfPage\":{\"@id\":\"https:\/\/now-news.de\/de\/deutschland\/rt-exklusiv-margarita-simonjan-ueber-das-vereitelte-attentat-auf-sie\/\"},\"wordCount\":65,\"commentCount\":0,\"publisher\":{\"@id\":\"https:\/\/now-news.de\/de\/#organization\"},\"image\":{\"@id\":\"https:\/\/now-news.de\/de\/deutschland\/rt-exklusiv-margarita-simonjan-ueber-das-vereitelte-attentat-auf-sie\/#primaryimage\"},\"thumbnailUrl\":\"https:\/\/now-news.de\/de\/wp-content\/uploads\/sites\/3\/2023\/07\/RT-Exklusiv-Margarita-Simonjan-ueber-das-vereitelte-Attentat-auf-sie.jpg\",\"keywords\":[\"Attentat\",\"AUF\",\"das\",\"Margarita\",\"RTExklusiv\",\"Sie\",\"Simonjan\",\"\u00fcber\",\"vereitelte\"],\"articleSection\":[\"Deutschland\",\"Russland\"],\"inLanguage\":\"de\",\"potentialAction\":[{\"@type\":\"CommentAction\",\"name\":\"Comment\",\"target\":[\"https:\/\/now-news.de\/de\/deutschland\/rt-exklusiv-margarita-simonjan-ueber-das-vereitelte-attentat-auf-sie\/#respond\"]}]},{\"@type\":\"WebPage\",\"@id\":\"https:\/\/now-news.de\/de\/deutschland\/rt-exklusiv-margarita-simonjan-ueber-das-vereitelte-attentat-auf-sie\/\",\"url\":\"https:\/\/now-news.de\/de\/deutschland\/rt-exklusiv-margarita-simonjan-ueber-das-vereitelte-attentat-auf-sie\/\",\"name\":\"RT-Exklusiv: Margarita Simonjan \u00fcber das vereitelte Attentat auf sie - just-now.NEWS Deutschland\",\"isPartOf\":{\"@id\":\"https:\/\/now-news.de\/de\/#website\"},\"primaryImageOfPage\":{\"@id\":\"https:\/\/now-news.de\/de\/deutschland\/rt-exklusiv-margarita-simonjan-ueber-das-vereitelte-attentat-auf-sie\/#primaryimage\"},\"image\":{\"@id\":\"https:\/\/now-news.de\/de\/deutschland\/rt-exklusiv-margarita-simonjan-ueber-das-vereitelte-attentat-auf-sie\/#primaryimage\"},\"thumbnailUrl\":\"https:\/\/now-news.de\/de\/wp-content\/uploads\/sites\/3\/2023\/07\/RT-Exklusiv-Margarita-Simonjan-ueber-das-vereitelte-Attentat-auf-sie.jpg\",\"datePublished\":\"2023-07-15T15:45:43+00:00\",\"dateModified\":\"2023-07-15T15:45:43+00:00\",\"breadcrumb\":{\"@id\":\"https:\/\/now-news.de\/de\/deutschland\/rt-exklusiv-margarita-simonjan-ueber-das-vereitelte-attentat-auf-sie\/#breadcrumb\"},\"inLanguage\":\"de\",\"potentialAction\":[{\"@type\":\"ReadAction\",\"target\":[\"https:\/\/now-news.de\/de\/deutschland\/rt-exklusiv-margarita-simonjan-ueber-das-vereitelte-attentat-auf-sie\/\"]}]},{\"@type\":\"ImageObject\",\"inLanguage\":\"de\",\"@id\":\"https:\/\/now-news.de\/de\/deutschland\/rt-exklusiv-margarita-simonjan-ueber-das-vereitelte-attentat-auf-sie\/#primaryimage\",\"url\":\"https:\/\/now-news.de\/de\/wp-content\/uploads\/sites\/3\/2023\/07\/RT-Exklusiv-Margarita-Simonjan-ueber-das-vereitelte-Attentat-auf-sie.jpg\",\"contentUrl\":\"https:\/\/now-news.de\/de\/wp-content\/uploads\/sites\/3\/2023\/07\/RT-Exklusiv-Margarita-Simonjan-ueber-das-vereitelte-Attentat-auf-sie.jpg\",\"width\":460,\"height\":259,\"caption\":\"RT-Exklusiv: Margarita Simonjan \u00fcber das vereitelte Attentat auf sie\"},{\"@type\":\"BreadcrumbList\",\"@id\":\"https:\/\/now-news.de\/de\/deutschland\/rt-exklusiv-margarita-simonjan-ueber-das-vereitelte-attentat-auf-sie\/#breadcrumb\",\"itemListElement\":[{\"@type\":\"ListItem\",\"position\":1,\"name\":\"Home\",\"item\":\"https:\/\/now-news.de\/de\/\"},{\"@type\":\"ListItem\",\"position\":2,\"name\":\"RT-Exklusiv: Margarita Simonjan \u00fcber das vereitelte Attentat auf sie\"}]},{\"@type\":\"WebSite\",\"@id\":\"https:\/\/now-news.de\/de\/#website\",\"url\":\"https:\/\/now-news.de\/de\/\",\"name\":\"just-now.NEWS Deutschland\",\"description\":\"Das Portal f\u00fcr unzensierte Nachrichten aus der Welt\",\"publisher\":{\"@id\":\"https:\/\/now-news.de\/de\/#organization\"},\"potentialAction\":[{\"@type\":\"SearchAction\",\"target\":{\"@type\":\"EntryPoint\",\"urlTemplate\":\"https:\/\/now-news.de\/de\/?s={search_term_string}\"},\"query-input\":\"required name=search_term_string\"}],\"inLanguage\":\"de\"},{\"@type\":\"Organization\",\"@id\":\"https:\/\/now-news.de\/de\/#organization\",\"name\":\"Just Now News\",\"url\":\"https:\/\/now-news.de\/de\/\",\"logo\":{\"@type\":\"ImageObject\",\"inLanguage\":\"de\",\"@id\":\"https:\/\/now-news.de\/de\/#\/schema\/logo\/image\/\",\"url\":\"http:\/\/just-now.news\/de\/wp-content\/uploads\/sites\/3\/2022\/04\/logo500x500.jpg\",\"contentUrl\":\"http:\/\/just-now.news\/de\/wp-content\/uploads\/sites\/3\/2022\/04\/logo500x500.jpg\",\"width\":500,\"height\":500,\"caption\":\"Just Now News\"},\"image\":{\"@id\":\"https:\/\/now-news.de\/de\/#\/schema\/logo\/image\/\"},\"sameAs\":[\"https:\/\/www.facebook.com\/wirmachenauf\",\"https:\/\/x.com\/WirMachenAuf_de\"]},{\"@type\":\"Person\",\"@id\":\"https:\/\/now-news.de\/de\/#\/schema\/person\/fb534a4e865501d8b3285208df34a9b5\",\"name\":\"rtnews\",\"image\":{\"@type\":\"ImageObject\",\"inLanguage\":\"de\",\"@id\":\"https:\/\/now-news.de\/de\/#\/schema\/person\/image\/\",\"url\":\"https:\/\/secure.gravatar.com\/avatar\/82aafea7d8127119dd649515f56e2117?s=96&d=mm&r=g\",\"contentUrl\":\"https:\/\/secure.gravatar.com\/avatar\/82aafea7d8127119dd649515f56e2117?s=96&d=mm&r=g\",\"caption\":\"rtnews\"},\"url\":\"https:\/\/now-news.de\/de\/author\/rnews\/\"}]}<\/script>\n<!-- \/ Yoast SEO Premium plugin. -->","yoast_head_json":{"title":"RT-Exklusiv: Margarita Simonjan \u00fcber das vereitelte Attentat auf sie - just-now.NEWS Deutschland","robots":{"index":"index","follow":"follow","max-snippet":"max-snippet:-1","max-image-preview":"max-image-preview:large","max-video-preview":"max-video-preview:-1"},"canonical":"https:\/\/now-news.de\/de\/deutschland\/rt-exklusiv-margarita-simonjan-ueber-das-vereitelte-attentat-auf-sie\/","og_locale":"de_DE","og_type":"article","og_title":"RT-Exklusiv: Margarita Simonjan \u00fcber das vereitelte Attentat auf sie","og_description":"RT-Chefin Margarita Simonjan hat sich nach Bekanntwerden der vom FSB aufgedeckten Anschlagspl\u00e4ne auf sie sich gegen\u00fcber RT exklusiv hierzu ge\u00e4u\u00dfert. Sie r\u00fcckte insbesondere das geringe Alter eines der Attent\u00e4ter in den Mittelpunkt und \u00e4u\u00dferte die Hoffnung, dass der junge Mann seiner Heimat noch dienlich sein wird. Source link","og_url":"https:\/\/now-news.de\/de\/deutschland\/rt-exklusiv-margarita-simonjan-ueber-das-vereitelte-attentat-auf-sie\/","og_site_name":"just-now.NEWS Deutschland","article_publisher":"https:\/\/www.facebook.com\/wirmachenauf","article_published_time":"2023-07-15T15:45:43+00:00","og_image":[{"width":460,"height":259,"url":"https:\/\/now-news.de\/de\/wp-content\/uploads\/sites\/3\/2023\/07\/RT-Exklusiv-Margarita-Simonjan-ueber-das-vereitelte-Attentat-auf-sie.jpg","type":"image\/jpeg"}],"author":"rtnews","twitter_card":"summary_large_image","twitter_creator":"@WirMachenAuf_de","twitter_site":"@WirMachenAuf_de","twitter_misc":{"Verfasst von":"rtnews"},"schema":{"@context":"https:\/\/schema.org","@graph":[{"@type":"Article","@id":"https:\/\/now-news.de\/de\/deutschland\/rt-exklusiv-margarita-simonjan-ueber-das-vereitelte-attentat-auf-sie\/#article","isPartOf":{"@id":"https:\/\/now-news.de\/de\/deutschland\/rt-exklusiv-margarita-simonjan-ueber-das-vereitelte-attentat-auf-sie\/"},"author":{"name":"rtnews","@id":"https:\/\/now-news.de\/de\/#\/schema\/person\/fb534a4e865501d8b3285208df34a9b5"},"headline":"RT-Exklusiv: Margarita Simonjan \u00fcber das vereitelte Attentat auf sie","datePublished":"2023-07-15T15:45:43+00:00","dateModified":"2023-07-15T15:45:43+00:00","mainEntityOfPage":{"@id":"https:\/\/now-news.de\/de\/deutschland\/rt-exklusiv-margarita-simonjan-ueber-das-vereitelte-attentat-auf-sie\/"},"wordCount":65,"commentCount":0,"publisher":{"@id":"https:\/\/now-news.de\/de\/#organization"},"image":{"@id":"https:\/\/now-news.de\/de\/deutschland\/rt-exklusiv-margarita-simonjan-ueber-das-vereitelte-attentat-auf-sie\/#primaryimage"},"thumbnailUrl":"https:\/\/now-news.de\/de\/wp-content\/uploads\/sites\/3\/2023\/07\/RT-Exklusiv-Margarita-Simonjan-ueber-das-vereitelte-Attentat-auf-sie.jpg","keywords":["Attentat","AUF","das","Margarita","RTExklusiv","Sie","Simonjan","\u00fcber","vereitelte"],"articleSection":["Deutschland","Russland"],"inLanguage":"de","potentialAction":[{"@type":"CommentAction","name":"Comment","target":["https:\/\/now-news.de\/de\/deutschland\/rt-exklusiv-margarita-simonjan-ueber-das-vereitelte-attentat-auf-sie\/#respond"]}]},{"@type":"WebPage","@id":"https:\/\/now-news.de\/de\/deutschland\/rt-exklusiv-margarita-simonjan-ueber-das-vereitelte-attentat-auf-sie\/","url":"https:\/\/now-news.de\/de\/deutschland\/rt-exklusiv-margarita-simonjan-ueber-das-vereitelte-attentat-auf-sie\/","name":"RT-Exklusiv: Margarita Simonjan \u00fcber das vereitelte Attentat auf sie - just-now.NEWS Deutschland","isPartOf":{"@id":"https:\/\/now-news.de\/de\/#website"},"primaryImageOfPage":{"@id":"https:\/\/now-news.de\/de\/deutschland\/rt-exklusiv-margarita-simonjan-ueber-das-vereitelte-attentat-auf-sie\/#primaryimage"},"image":{"@id":"https:\/\/now-news.de\/de\/deutschland\/rt-exklusiv-margarita-simonjan-ueber-das-vereitelte-attentat-auf-sie\/#primaryimage"},"thumbnailUrl":"https:\/\/now-news.de\/de\/wp-content\/uploads\/sites\/3\/2023\/07\/RT-Exklusiv-Margarita-Simonjan-ueber-das-vereitelte-Attentat-auf-sie.jpg","datePublished":"2023-07-15T15:45:43+00:00","dateModified":"2023-07-15T15:45:43+00:00","breadcrumb":{"@id":"https:\/\/now-news.de\/de\/deutschland\/rt-exklusiv-margarita-simonjan-ueber-das-vereitelte-attentat-auf-sie\/#breadcrumb"},"inLanguage":"de","potentialAction":[{"@type":"ReadAction","target":["https:\/\/now-news.de\/de\/deutschland\/rt-exklusiv-margarita-simonjan-ueber-das-vereitelte-attentat-auf-sie\/"]}]},{"@type":"ImageObject","inLanguage":"de","@id":"https:\/\/now-news.de\/de\/deutschland\/rt-exklusiv-margarita-simonjan-ueber-das-vereitelte-attentat-auf-sie\/#primaryimage","url":"https:\/\/now-news.de\/de\/wp-content\/uploads\/sites\/3\/2023\/07\/RT-Exklusiv-Margarita-Simonjan-ueber-das-vereitelte-Attentat-auf-sie.jpg","contentUrl":"https:\/\/now-news.de\/de\/wp-content\/uploads\/sites\/3\/2023\/07\/RT-Exklusiv-Margarita-Simonjan-ueber-das-vereitelte-Attentat-auf-sie.jpg","width":460,"height":259,"caption":"RT-Exklusiv: Margarita Simonjan \u00fcber das vereitelte Attentat auf sie"},{"@type":"BreadcrumbList","@id":"https:\/\/now-news.de\/de\/deutschland\/rt-exklusiv-margarita-simonjan-ueber-das-vereitelte-attentat-auf-sie\/#breadcrumb","itemListElement":[{"@type":"ListItem","position":1,"name":"Home","item":"https:\/\/now-news.de\/de\/"},{"@type":"ListItem","position":2,"name":"RT-Exklusiv: Margarita Simonjan \u00fcber das vereitelte Attentat auf sie"}]},{"@type":"WebSite","@id":"https:\/\/now-news.de\/de\/#website","url":"https:\/\/now-news.de\/de\/","name":"just-now.NEWS Deutschland","description":"Das Portal f\u00fcr unzensierte Nachrichten aus der Welt","publisher":{"@id":"https:\/\/now-news.de\/de\/#organization"},"potentialAction":[{"@type":"SearchAction","target":{"@type":"EntryPoint","urlTemplate":"https:\/\/now-news.de\/de\/?s={search_term_string}"},"query-input":"required name=search_term_string"}],"inLanguage":"de"},{"@type":"Organization","@id":"https:\/\/now-news.de\/de\/#organization","name":"Just Now News","url":"https:\/\/now-news.de\/de\/","logo":{"@type":"ImageObject","inLanguage":"de","@id":"https:\/\/now-news.de\/de\/#\/schema\/logo\/image\/","url":"http:\/\/just-now.news\/de\/wp-content\/uploads\/sites\/3\/2022\/04\/logo500x500.jpg","contentUrl":"http:\/\/just-now.news\/de\/wp-content\/uploads\/sites\/3\/2022\/04\/logo500x500.jpg","width":500,"height":500,"caption":"Just Now News"},"image":{"@id":"https:\/\/now-news.de\/de\/#\/schema\/logo\/image\/"},"sameAs":["https:\/\/www.facebook.com\/wirmachenauf","https:\/\/x.com\/WirMachenAuf_de"]},{"@type":"Person","@id":"https:\/\/now-news.de\/de\/#\/schema\/person\/fb534a4e865501d8b3285208df34a9b5","name":"rtnews","image":{"@type":"ImageObject","inLanguage":"de","@id":"https:\/\/now-news.de\/de\/#\/schema\/person\/image\/","url":"https:\/\/secure.gravatar.com\/avatar\/82aafea7d8127119dd649515f56e2117?s=96&d=mm&r=g","contentUrl":"https:\/\/secure.gravatar.com\/avatar\/82aafea7d8127119dd649515f56e2117?s=96&d=mm&r=g","caption":"rtnews"},"url":"https:\/\/now-news.de\/de\/author\/rnews\/"}]}},"_links":{"self":[{"href":"https:\/\/now-news.de\/de\/wp-json\/wp\/v2\/posts\/40198"}],"collection":[{"href":"https:\/\/now-news.de\/de\/wp-json\/wp\/v2\/posts"}],"about":[{"href":"https:\/\/now-news.de\/de\/wp-json\/wp\/v2\/types\/post"}],"author":[{"embeddable":true,"href":"https:\/\/now-news.de\/de\/wp-json\/wp\/v2\/users\/3"}],"replies":[{"embeddable":true,"href":"https:\/\/now-news.de\/de\/wp-json\/wp\/v2\/comments?post=40198"}],"version-history":[{"count":0,"href":"https:\/\/now-news.de\/de\/wp-json\/wp\/v2\/posts\/40198\/revisions"}],"wp:featuredmedia":[{"embeddable":true,"href":"https:\/\/now-news.de\/de\/wp-json\/wp\/v2\/media\/40199"}],"wp:attachment":[{"href":"https:\/\/now-news.de\/de\/wp-json\/wp\/v2\/media?parent=40198"}],"wp:term":[{"taxonomy":"category","embeddable":true,"href":"https:\/\/now-news.de\/de\/wp-json\/wp\/v2\/categories?post=40198"},{"taxonomy":"post_tag","embeddable":true,"href":"https:\/\/now-news.de\/de\/wp-json\/wp\/v2\/tags?post=40198"}],"curies":[{"name":"wp","href":"https:\/\/api.w.org\/{rel}","templated":true}]}}