{"id":40155,"date":"2023-07-14T21:16:03","date_gmt":"2023-07-14T19:16:03","guid":{"rendered":"https:\/\/just-now.news\/de\/deutschland\/neuer-waffenlieferant-gesucht-ukrainischer-aussenminister-reist-nach-pakistan\/"},"modified":"2023-07-14T21:16:03","modified_gmt":"2023-07-14T19:16:03","slug":"neuer-waffenlieferant-gesucht-ukrainischer-aussenminister-reist-nach-pakistan","status":"publish","type":"post","link":"https:\/\/now-news.de\/de\/deutschland\/neuer-waffenlieferant-gesucht-ukrainischer-aussenminister-reist-nach-pakistan\/","title":{"rendered":"Neuer Waffenlieferant gesucht \u2013 Ukrainischer Au\u00dfenminister reist nach Pakistan"},"content":{"rendered":"<p><img decoding=\"async\" src=\"http:\/\/just-now.news\/de\/wp-content\/uploads\/sites\/3\/2023\/07\/64b13f5248fbef06933407c4.jpg\" \/><\/p>\n<div class=\"Text-root Text-type_1 \">\n                Die NATO braucht dringend zus\u00e4tzliche Partner, die in ihrem Stellvertreterkrieg gegen Russland die Ukraine mit Waffen beliefern k\u00f6nnen, da im Westen die Vorr\u00e4te langsam zur Neige gehen. Eine Rolle dabei soll wohl Pakistan \u00fcbernehmen.\n            <\/div>\n<p><\/p>\n<div class=\"Text-root Text-type_5 ArticleView-text ViewText-root \">\n<p><em>Von Andrew Korybko<\/em><\/p>\n<p>Wie <em>The News International <\/em>am vergangenen Mittwoch berichtete, soll der <a rel=\"nofollow noopener\" target=\"_blank\" href=\"https:\/\/www.thenews.com.pk\/print\/1089673-ukraine-foreign-minister-may-visit-pakistan\">ukrainische<\/a> Au\u00dfenminister Dmitri Kuleba demn\u00e4chst Pakistan einen &#8220;notfallbedingten Besuch&#8221; abstatten, angeblich um Gespr\u00e4che \u00fcber das in der kommenden Woche bevorstehende Auslaufen des Getreideabkommens zu f\u00fchren. Ein solcher Vorwand ist \u00fcblicherweise kein Grund f\u00fcr einen kurzfristig angesagten Besuch auf so hoher Ebene, geschweige denn f\u00fcr den Spitzendiplomaten eines Landes, das gerade in einen hei\u00dfen Krieg verwickelt ist. Solche Gespr\u00e4che k\u00f6nnten auch aus der Ferne gef\u00fchrt werden, weshalb es wahrscheinlich einen anderen Grund f\u00fcr die bevorstehende Reise von Kuleba gibt.<\/p>\n<p>Im vergangenen Jahr <a rel=\"nofollow noopener\" target=\"_blank\" href=\"https:\/\/www.hindustantimes.com\/world-news\/britains-raf-flights-transporting-ammunition-from-pakistan-to-ukraine-101660657347129.html\">kursierten Berichte<\/a>, wonach Pakistan die Ukraine \u00fcber eine von Gro\u00dfbritannien betriebene Luftbr\u00fccke und via Drittl\u00e4nder heimlich mit Waffen versorgt habe. Islamabad bestreitet dies, obwohl es gute Gr\u00fcnde gibt, diese Behauptungen f\u00fcr <a rel=\"nofollow noopener\" target=\"_blank\" href=\"https:\/\/korybko.substack.com\/p\/interpreting-the-latest-report-about\">glaubw\u00fcrdig<\/a> zu halten. In erster Linie handelt es sich bei Pakistan um einen gro\u00dfen Nicht-NATO-Verb\u00fcndeten, dessen amtierende Regierung und dessen m\u00e4chtiger milit\u00e4rischer und geheimdienstlicher Apparat seit der <a rel=\"nofollow noopener\" target=\"_blank\" href=\"https:\/\/www.globalvillagespace.com\/russian-view-on-us-conspiracy-against-imran-khan\/\">Absetzung<\/a> des ehemaligen Premierministers Imran Khan im April 2022 alle Hebel in Bewegung gesetzt hatten, um die Beziehungen zu den USA zu verbessern.<\/p>\n<p>Der russisch-westliche &#8220;<a rel=\"nofollow noopener\" target=\"_blank\" href=\"https:\/\/korybko.substack.com\/p\/natos-self-declared-race-of-logistics\">Wettlauf der Logistik&#8221; und &#8220;Zerm\u00fcrbungskrieg&#8221;,<\/a> den der NATO-Generalsekret\u00e4r Jens Stoltenberg Mitte Februar schlie\u00dflich anerkannte, tendiert zugunsten Russlands, wie die allm\u00e4hlichen Erfolge auf dem Schlachtfeld seit Jahresbeginn und das bisherige <a rel=\"nofollow noopener\" target=\"_blank\" href=\"https:\/\/korybko.substack.com\/p\/how-will-the-us-respond-after-the\">Scheitern<\/a> von <a rel=\"nofollow noopener\" target=\"_blank\" href=\"https:\/\/korybko.substack.com\/p\/ten-critical-observations-at-the\">Kiews<\/a> j\u00fcngster <a rel=\"nofollow noopener\" target=\"_blank\" href=\"https:\/\/korybko.substack.com\/p\/kiev-faces-seven-key-challenges-ahead\">NATO-gest\u00fctzter<\/a>\u00a0<a rel=\"nofollow noopener\" target=\"_blank\" href=\"https:\/\/korybko.substack.com\/p\/kievs-nato-backed-counteroffensive\">Gegenoffensive<\/a> belegen<a rel=\"nofollow noopener\" target=\"_blank\" href=\"https:\/\/korybko.substack.com\/p\/viktor-orban-is-right-the-counteroffensive\"><\/a>. Biden gab in einem <a rel=\"nofollow noopener\" target=\"_blank\" href=\"https:\/\/edition.cnn.com\/2023\/07\/07\/politics\/joe-biden-cluster-munitions-ukraine\/index.html\">Interview mit <em>CNN<\/em><\/a> sogar zu, dass der einzige Grund, warum er nun die Lieferung von Streumunition an die Ukraine genehmigt habe, darin bestehe, dass &#8220;den Ukrainern die Munition ausgeht, w\u00e4hrend wir nur noch wenig davon vorr\u00e4tig haben&#8221;.<\/p>\n<p>Auch wenn <a rel=\"nofollow noopener\" target=\"_blank\" href=\"https:\/\/www.politico.eu\/article\/cruise-missiles-and-tanks-france-and-germany-send-more-weapons-to-ukraine-russia-war\/\">Frankreich, Deutschland<\/a> und die <a rel=\"nofollow noopener\" target=\"_blank\" href=\"https:\/\/www.reuters.com\/world\/us-cluster-munitions-ukraine-expected-fridays-800m-aid-package-2023-07-07\/\">USA<\/a> in der vergangenen Woche weitere Waffenlieferungen f\u00fcr die Ukraine angek\u00fcndigt haben, k\u00f6nnen die im Westen zunehmend zur Neige gehenden Vorr\u00e4te nicht schnell genug wieder aufgef\u00fcllt werden, um das Tempo, das Ausma\u00df und der Umfang dieser Waffenlieferungen auf unbestimmte Zeit aufrechtzuerhalten. Dies wird wahrscheinlich zu einer <a rel=\"nofollow noopener\" target=\"_blank\" href=\"https:\/\/korybko.substack.com\/p\/five-reasons-why-india-could-mediate\">Wiederaufnahme der Friedensgespr\u00e4che<\/a> bis zum Jahresende f\u00fchren, <a rel=\"nofollow noopener\" target=\"_blank\" href=\"https:\/\/pressefreiheit.rtde.live\/international\/174750-man-beachte-was-nato-chef-stoltenberg-in-seiner-juengsten-ansprache-nicht-erwaehnt-hat\/\">wie auch hier bereits hier erl\u00e4utert wurde<\/a>.\u00a0Bis dahin will die NATO die Gegenoffensive in Kiew noch bis zum Winter fortsetzen und bittet bei den Verb\u00fcndeten auf der ganzen Welt daher dringend um Waffen und Munition.<\/p>\n<p>Dazu geh\u00f6ren S\u00fcdkorea, wor\u00fcber <a rel=\"nofollow noopener\" target=\"_blank\" href=\"https:\/\/korybko.substack.com\/p\/will-the-republic-of-korea-dispatch\">unterschiedliche Berichte<\/a> vorliegen, ob es einer indirekten Bewaffnung der Ukraine zustimmen wird, und eben Pakistan. Diese beiden L\u00e4nder verf\u00fcgen \u00fcber enorme Vorr\u00e4te an Waffen und Munition, die dazu beitragen k\u00f6nnten, Kiews Gegenoffensive in den n\u00e4chsten Monaten voranzutreiben. Kuleba wird bei seinem geplanten &#8220;notfallbedingten Besuch&#8221; in Pakistan wahrscheinlich versuchen, diese Vorr\u00e4te noch st\u00e4rker anzuzapfen, als es Kiew wahrscheinlich ohnehin schon getan hatte.<\/p>\n<p>Man geht davon aus, dass Islamabad Kulebas \u2013 vermutlich von der NATO genehmigten \u2013\u00a0Forderungen nachkommen wird, da Pakistan mittlerweile dem vom Westen kontrollierten IWF verpflichtet ist, nachdem eine Einigung \u00fcber die Auszahlung versprochener Finanzhilfen erzielt werden konnte. Das <em>Time Magazine<\/em> hat k\u00fcrzlich unter dem Titel &#8220;Warum ein IWF-Darlehen in H\u00f6he von drei Milliarden US-Dollar nicht ausreicht, um Pakistans Wirtschaft zu retten&#8221; <a rel=\"nofollow noopener\" target=\"_blank\" href=\"https:\/\/time.com\/6293769\/imf-loan-pakistan\/\">einen Artikel ver\u00f6ffentlicht<\/a>, der in diesem gr\u00f6\u00dferen Kontext darauf hindeutet, dass Pakistan gar keine andere Wahl hat, als das zu tun, was der Westen von dem Land verlangt, da er die Kontrolle \u00fcber Pakistans Geldbeutel hat.<\/p>\n<p>Indizien daf\u00fcr, dass diese Herr-Diener-Beziehung bereits wirkt, k\u00f6nnen aus <a rel=\"nofollow noopener\" target=\"_blank\" href=\"https:\/\/tribune.com.pk\/story\/2425609\/potential-pak-russia-oil-deal-runs-into-hitches\">dem Bericht der <em>Express Tribune<\/em><\/a> vom vergangenen Mittwoch entnommen werden, \u00fcber die &#8220;St\u00f6rungen im potenziellen pakistanisch-russischen \u00d6labkommen&#8221;, der zuf\u00e4llig einen Tag vor dem Artikel von <em>The News<\/em>\u00a0<em>International<\/em> \u00fcber den Besuch von Kuleba ver\u00f6ffentlicht wurde. Die <em>Express Tribune<\/em> zitiert in ihrem Bericht ungenannte Quellen, um zerstreut damit die gro\u00dfen Hoffnungen, die seit einem Jahr bestanden haben, dass Pakistan und Russland ein langfristiges \u00d6labkommen erzielen k\u00f6nnten.<\/p>\n<p>Dies bedeutet nicht automatisch, dass ein solches Abkommen nicht zustande kommen wird. Es bedeutet nur, dass aufgrund einer angeblichen Uneinigkeit in Fragen des Preises und einem angeblichen unbefriedigenden Resultat bei der Raffinierung dieser bestimmten \u00d6l-Sorte, die Chancen auf ein Abkommen immer geringer werden. Trotz dieser angeblichen &#8220;Probleme&#8221; liegt es <a rel=\"nofollow noopener\" target=\"_blank\" href=\"https:\/\/korybko.substack.com\/p\/pakistans-first-ever-import-of-russian\">nach wie vor im Interesse Pakistans<\/a>, einen langfristigen \u00d6lvertrag mit Russland abzuschlie\u00dfen, um den finanziellen Druck auf seinen stark belasteten Staatshaushalt etwas zu verringern, da alle alternativen Quellen wesentlich teurer sind.<\/p>\n<p>Dennoch signalisiert Pakistan \u00fcber die Medien, Beobachter sollten sich keine Hoffnungen machen, dass ein \u00d6labkommen mit Russland zustande k\u00e4me. Diese Einsicht legt wiederum nahe, dass eine der nicht offengelegten Bedingungen beim IWF-Darlehen an Pakistan darin bestehen k\u00f6nnte, dass diese Gelder nicht f\u00fcr den Kauf von russischem \u00d6l verwendet werden d\u00fcrfen, weshalb Islamabad nun nach einem plausiblen Weg sucht, um aus den bereits \u00fcber ein Jahr andauernden Verhandlungen mit Moskau aussteigen zu k\u00f6nnen.<\/p>\n<p>Schlie\u00dflich ist der Zeitpunkt der Erscheinung des Berichts von <em>The<\/em>\u00a0<em>Express Tribune <\/em>h\u00f6chst verd\u00e4chtig, weil alles zusammenzuh\u00e4ngen scheint: Kurz nach Bidens offenem Eingest\u00e4ndnis, dass der NATO &#8220;die Munition ausgeht&#8221;, einen Tag vor dem Bericht in <em>The News International<\/em> \u00fcber einen &#8220;notfallbedingten Besuch&#8221; von Dmitri Kuleba in Pakistan und schlie\u00dflich auch noch unmittelbar nach dem Ende des NATO-Gipfeltreffens in Vilnius. Sollte dies der Fall sein, k\u00f6nnte es durchaus sein, dass mehr Finanzhilfe f\u00fcr Pakistan informell davon abh\u00e4ngig gemacht wurde, dass das Land kein langfristiges \u00d6labkommen mit Russland eingeht und seine indirekten Waffenexporte nach Kiew drastisch erh\u00f6ht.<\/p>\n<p>Der zweite Teil dieser spekulativen Forderungen w\u00fcrde nat\u00fcrlich den Abschluss eines entsprechenden Abkommens \u00fcber die Bedingungen dieser &#8220;Not-Lieferungen&#8221; mit sich ziehen, somit auch die Gespr\u00e4che zwischen Pakistan und der Ukraine auf Au\u00dfenministerebene. Kuleba w\u00fcrde seine Zeit nicht damit verschwenden, nach Pakistan zu reisen, nur um landwirtschaftliche Probleme zu er\u00f6rtern, wenn solche Gespr\u00e4che aus der Ferne gef\u00fchrt werden k\u00f6nnten, w\u00e4hrend er \u00fcber Waffen mit anderen L\u00e4ndern bestimmt gern pers\u00f6nliche Gespr\u00e4che f\u00fchrt.<\/p>\n<p>Die offizielle Erkl\u00e4rung f\u00fcr seinen m\u00f6glicherweise bevorstehenden Besuch h\u00e4lt einer \u00dcberpr\u00fcfung eindeutig nicht stand, weshalb es Gr\u00fcnde f\u00fcr die Annahme gibt, dass der eigentliche Zweck darin besteht, die Bedingungen eines &#8220;Notfall&#8221;-Waffengesch\u00e4fts mit Pakistan auszuhandeln, um Kiews Gegenoffensive bis zum kommenden Winter aufrechtzuerhalten. Die NATO braucht dringend zus\u00e4tzliche Partner, die der Ukraine Kiew Waffen liefern k\u00f6nnen, nachdem im Westen in diesem <a rel=\"nofollow noopener\" target=\"_blank\" href=\"https:\/\/astutenews.com\/2023\/03\/towards-tri-multipolarity-the-golden-billion-the-sino-russo-entente-the-global-south\/\">Neuen Kalten Krieg<\/a> die Vorr\u00e4te langsam zur Neige gehen. Diese Rolle in ihrem <a rel=\"nofollow noopener\" target=\"_blank\" href=\"https:\/\/astutenews.com\/2022\/03\/russia-is-waging-an-existential-struggle-in-defense-of-its-independence-sovereignty\/\">Stellvertreterkrieg<\/a> gegen Russland wird wohl Pakistan \u00fcbernehmen.<\/p>\n<p><em>\u00dcbersetzt aus dem <a rel=\"nofollow noopener\" target=\"_blank\" href=\"https:\/\/korybko.substack.com\/p\/the-ukrainian-fms-reportedly-planned\">Englischen<\/a><\/em><\/p>\n<p><strong><em>Andrew Korybko<\/em><\/strong><em> ist ein in Moskau ans\u00e4ssiger amerikanischer Politologe, der sich auf die US-Strategie in Afrika und Eurasien sowie auf Chinas Belt &amp; Road-Initiative, Russlands geopolitischen Balanceakt und hybride Kriegsf\u00fchrung spezialisiert hat.<\/em><\/p>\n<p><strong>Mehr zum Thema &#8211;<\/strong>\u00a0<a rel=\"nofollow noopener\" target=\"_blank\" href=\"https:\/\/freeassange.rtde.live\/international\/175072-westen-versucht-ukrainische-offensive-durch\/\">Der Westen versucht, die ukrainische Offensive durch Langstreckenraketen zu retten<\/a><\/p>\n<\/p>\n<\/div>\n<p><br \/>\n<br \/><a href=\"https:\/\/de.rt.com\/international\/175252-angekuendigte-reise-ukrainischen-aussenministers-nach\/\">Source link <\/a><\/p>\n","protected":false},"excerpt":{"rendered":"<p>Die NATO braucht dringend zus\u00e4tzliche Partner, die in ihrem Stellvertreterkrieg gegen Russland die Ukraine mit Waffen beliefern k\u00f6nnen, da im Westen die Vorr\u00e4te langsam zur Neige gehen. Eine Rolle dabei soll wohl Pakistan \u00fcbernehmen. Von Andrew Korybko Wie The News International am vergangenen Mittwoch berichtete, soll der ukrainische Au\u00dfenminister Dmitri Kuleba demn\u00e4chst Pakistan einen &#8220;notfallbedingten [&hellip;]<\/p>\n","protected":false},"author":3,"featured_media":40156,"comment_status":"open","ping_status":"open","sticky":false,"template":"","format":"standard","meta":{"_yoast_indexnow_last_ping":["1689363005"],"wp_automatic_camp":["217"],"24966d95bd687c929940f6332b17eaff":["Neuer Waffenlieferant gesucht \u2013 Ukrainischer Au\u00dfenminister reist nach Pakistan"],"original_link":["https:\/\/de.rt.com\/international\/175252-angekuendigte-reise-ukrainischen-aussenministers-nach\/"],"_thumbnail_id":["40156"],"jnews_social_counter_last_update":["1777168837"],"_wptgpro_p2tg_sent2tg":["a:1:{i:23737;s:19:\"2023-07-14 21:31:35\";}"]},"categories":[19,23],"tags":[13830,18407,979,956,1787,29854,488,46755],"yoast_head":"<!-- This site is optimized with the Yoast SEO Premium plugin v22.7 (Yoast SEO v22.7) - https:\/\/yoast.com\/wordpress\/plugins\/seo\/ -->\n<title>Neuer Waffenlieferant gesucht \u2013 Ukrainischer Au\u00dfenminister reist nach Pakistan - just-now.NEWS Deutschland<\/title>\n<meta name=\"robots\" content=\"index, follow, max-snippet:-1, max-image-preview:large, max-video-preview:-1\" \/>\n<link rel=\"canonical\" href=\"https:\/\/now-news.de\/de\/deutschland\/neuer-waffenlieferant-gesucht-ukrainischer-aussenminister-reist-nach-pakistan\/\" \/>\n<meta property=\"og:locale\" content=\"de_DE\" \/>\n<meta property=\"og:type\" content=\"article\" \/>\n<meta property=\"og:title\" content=\"Neuer Waffenlieferant gesucht \u2013 Ukrainischer Au\u00dfenminister reist nach Pakistan\" \/>\n<meta property=\"og:description\" content=\"Die NATO braucht dringend zus\u00e4tzliche Partner, die in ihrem Stellvertreterkrieg gegen Russland die Ukraine mit Waffen beliefern k\u00f6nnen, da im Westen die Vorr\u00e4te langsam zur Neige gehen. Eine Rolle dabei soll wohl Pakistan \u00fcbernehmen. Von Andrew Korybko Wie The News International am vergangenen Mittwoch berichtete, soll der ukrainische Au\u00dfenminister Dmitri Kuleba demn\u00e4chst Pakistan einen &#8220;notfallbedingten [&hellip;]\" \/>\n<meta property=\"og:url\" content=\"https:\/\/now-news.de\/de\/deutschland\/neuer-waffenlieferant-gesucht-ukrainischer-aussenminister-reist-nach-pakistan\/\" \/>\n<meta property=\"og:site_name\" content=\"just-now.NEWS Deutschland\" \/>\n<meta property=\"article:publisher\" content=\"https:\/\/www.facebook.com\/wirmachenauf\" \/>\n<meta property=\"article:published_time\" content=\"2023-07-14T19:16:03+00:00\" \/>\n<meta property=\"og:image\" content=\"https:\/\/now-news.de\/de\/wp-content\/uploads\/sites\/3\/2023\/07\/Neuer-Waffenlieferant-gesucht-\u2013-Ukrainischer-Aussenminister-reist-nach-Pakistan.jpg\" \/>\n\t<meta property=\"og:image:width\" content=\"460\" \/>\n\t<meta property=\"og:image:height\" content=\"259\" \/>\n\t<meta property=\"og:image:type\" content=\"image\/jpeg\" \/>\n<meta name=\"author\" content=\"rtnews\" \/>\n<meta name=\"twitter:card\" content=\"summary_large_image\" \/>\n<meta name=\"twitter:creator\" content=\"@WirMachenAuf_de\" \/>\n<meta name=\"twitter:site\" content=\"@WirMachenAuf_de\" \/>\n<meta name=\"twitter:label1\" content=\"Verfasst von\" \/>\n\t<meta name=\"twitter:data1\" content=\"rtnews\" \/>\n\t<meta name=\"twitter:label2\" content=\"Gesch\u00e4tzte Lesezeit\" \/>\n\t<meta name=\"twitter:data2\" content=\"6\u00a0Minuten\" \/>\n<script type=\"application\/ld+json\" class=\"yoast-schema-graph\">{\"@context\":\"https:\/\/schema.org\",\"@graph\":[{\"@type\":\"Article\",\"@id\":\"https:\/\/now-news.de\/de\/deutschland\/neuer-waffenlieferant-gesucht-ukrainischer-aussenminister-reist-nach-pakistan\/#article\",\"isPartOf\":{\"@id\":\"https:\/\/now-news.de\/de\/deutschland\/neuer-waffenlieferant-gesucht-ukrainischer-aussenminister-reist-nach-pakistan\/\"},\"author\":{\"name\":\"rtnews\",\"@id\":\"https:\/\/now-news.de\/de\/#\/schema\/person\/fb534a4e865501d8b3285208df34a9b5\"},\"headline\":\"Neuer Waffenlieferant gesucht \u2013 Ukrainischer Au\u00dfenminister reist nach Pakistan\",\"datePublished\":\"2023-07-14T19:16:03+00:00\",\"dateModified\":\"2023-07-14T19:16:03+00:00\",\"mainEntityOfPage\":{\"@id\":\"https:\/\/now-news.de\/de\/deutschland\/neuer-waffenlieferant-gesucht-ukrainischer-aussenminister-reist-nach-pakistan\/\"},\"wordCount\":1182,\"commentCount\":0,\"publisher\":{\"@id\":\"https:\/\/now-news.de\/de\/#organization\"},\"image\":{\"@id\":\"https:\/\/now-news.de\/de\/deutschland\/neuer-waffenlieferant-gesucht-ukrainischer-aussenminister-reist-nach-pakistan\/#primaryimage\"},\"thumbnailUrl\":\"https:\/\/now-news.de\/de\/wp-content\/uploads\/sites\/3\/2023\/07\/Neuer-Waffenlieferant-gesucht-\u2013-Ukrainischer-Aussenminister-reist-nach-Pakistan.jpg\",\"keywords\":[\"Au\u00dfenminister\",\"gesucht\",\"nach\",\"Neuer\",\"Pakistan\",\"reist\",\"Ukrainischer\",\"Waffenlieferant\"],\"articleSection\":[\"Deutschland\",\"Russland\"],\"inLanguage\":\"de\",\"potentialAction\":[{\"@type\":\"CommentAction\",\"name\":\"Comment\",\"target\":[\"https:\/\/now-news.de\/de\/deutschland\/neuer-waffenlieferant-gesucht-ukrainischer-aussenminister-reist-nach-pakistan\/#respond\"]}]},{\"@type\":\"WebPage\",\"@id\":\"https:\/\/now-news.de\/de\/deutschland\/neuer-waffenlieferant-gesucht-ukrainischer-aussenminister-reist-nach-pakistan\/\",\"url\":\"https:\/\/now-news.de\/de\/deutschland\/neuer-waffenlieferant-gesucht-ukrainischer-aussenminister-reist-nach-pakistan\/\",\"name\":\"Neuer Waffenlieferant gesucht \u2013 Ukrainischer Au\u00dfenminister reist nach Pakistan - just-now.NEWS Deutschland\",\"isPartOf\":{\"@id\":\"https:\/\/now-news.de\/de\/#website\"},\"primaryImageOfPage\":{\"@id\":\"https:\/\/now-news.de\/de\/deutschland\/neuer-waffenlieferant-gesucht-ukrainischer-aussenminister-reist-nach-pakistan\/#primaryimage\"},\"image\":{\"@id\":\"https:\/\/now-news.de\/de\/deutschland\/neuer-waffenlieferant-gesucht-ukrainischer-aussenminister-reist-nach-pakistan\/#primaryimage\"},\"thumbnailUrl\":\"https:\/\/now-news.de\/de\/wp-content\/uploads\/sites\/3\/2023\/07\/Neuer-Waffenlieferant-gesucht-\u2013-Ukrainischer-Aussenminister-reist-nach-Pakistan.jpg\",\"datePublished\":\"2023-07-14T19:16:03+00:00\",\"dateModified\":\"2023-07-14T19:16:03+00:00\",\"breadcrumb\":{\"@id\":\"https:\/\/now-news.de\/de\/deutschland\/neuer-waffenlieferant-gesucht-ukrainischer-aussenminister-reist-nach-pakistan\/#breadcrumb\"},\"inLanguage\":\"de\",\"potentialAction\":[{\"@type\":\"ReadAction\",\"target\":[\"https:\/\/now-news.de\/de\/deutschland\/neuer-waffenlieferant-gesucht-ukrainischer-aussenminister-reist-nach-pakistan\/\"]}]},{\"@type\":\"ImageObject\",\"inLanguage\":\"de\",\"@id\":\"https:\/\/now-news.de\/de\/deutschland\/neuer-waffenlieferant-gesucht-ukrainischer-aussenminister-reist-nach-pakistan\/#primaryimage\",\"url\":\"https:\/\/now-news.de\/de\/wp-content\/uploads\/sites\/3\/2023\/07\/Neuer-Waffenlieferant-gesucht-\u2013-Ukrainischer-Aussenminister-reist-nach-Pakistan.jpg\",\"contentUrl\":\"https:\/\/now-news.de\/de\/wp-content\/uploads\/sites\/3\/2023\/07\/Neuer-Waffenlieferant-gesucht-\u2013-Ukrainischer-Aussenminister-reist-nach-Pakistan.jpg\",\"width\":460,\"height\":259,\"caption\":\"Neuer Waffenlieferant gesucht \u2013 Ukrainischer Au\u00dfenminister reist nach Pakistan\"},{\"@type\":\"BreadcrumbList\",\"@id\":\"https:\/\/now-news.de\/de\/deutschland\/neuer-waffenlieferant-gesucht-ukrainischer-aussenminister-reist-nach-pakistan\/#breadcrumb\",\"itemListElement\":[{\"@type\":\"ListItem\",\"position\":1,\"name\":\"Home\",\"item\":\"https:\/\/now-news.de\/de\/\"},{\"@type\":\"ListItem\",\"position\":2,\"name\":\"Neuer Waffenlieferant gesucht \u2013 Ukrainischer Au\u00dfenminister reist nach Pakistan\"}]},{\"@type\":\"WebSite\",\"@id\":\"https:\/\/now-news.de\/de\/#website\",\"url\":\"https:\/\/now-news.de\/de\/\",\"name\":\"just-now.NEWS Deutschland\",\"description\":\"Das Portal f\u00fcr unzensierte Nachrichten aus der Welt\",\"publisher\":{\"@id\":\"https:\/\/now-news.de\/de\/#organization\"},\"potentialAction\":[{\"@type\":\"SearchAction\",\"target\":{\"@type\":\"EntryPoint\",\"urlTemplate\":\"https:\/\/now-news.de\/de\/?s={search_term_string}\"},\"query-input\":\"required name=search_term_string\"}],\"inLanguage\":\"de\"},{\"@type\":\"Organization\",\"@id\":\"https:\/\/now-news.de\/de\/#organization\",\"name\":\"Just Now News\",\"url\":\"https:\/\/now-news.de\/de\/\",\"logo\":{\"@type\":\"ImageObject\",\"inLanguage\":\"de\",\"@id\":\"https:\/\/now-news.de\/de\/#\/schema\/logo\/image\/\",\"url\":\"http:\/\/just-now.news\/de\/wp-content\/uploads\/sites\/3\/2022\/04\/logo500x500.jpg\",\"contentUrl\":\"http:\/\/just-now.news\/de\/wp-content\/uploads\/sites\/3\/2022\/04\/logo500x500.jpg\",\"width\":500,\"height\":500,\"caption\":\"Just Now News\"},\"image\":{\"@id\":\"https:\/\/now-news.de\/de\/#\/schema\/logo\/image\/\"},\"sameAs\":[\"https:\/\/www.facebook.com\/wirmachenauf\",\"https:\/\/x.com\/WirMachenAuf_de\"]},{\"@type\":\"Person\",\"@id\":\"https:\/\/now-news.de\/de\/#\/schema\/person\/fb534a4e865501d8b3285208df34a9b5\",\"name\":\"rtnews\",\"image\":{\"@type\":\"ImageObject\",\"inLanguage\":\"de\",\"@id\":\"https:\/\/now-news.de\/de\/#\/schema\/person\/image\/\",\"url\":\"https:\/\/secure.gravatar.com\/avatar\/82aafea7d8127119dd649515f56e2117?s=96&d=mm&r=g\",\"contentUrl\":\"https:\/\/secure.gravatar.com\/avatar\/82aafea7d8127119dd649515f56e2117?s=96&d=mm&r=g\",\"caption\":\"rtnews\"},\"url\":\"https:\/\/now-news.de\/de\/author\/rnews\/\"}]}<\/script>\n<!-- \/ Yoast SEO Premium plugin. -->","yoast_head_json":{"title":"Neuer Waffenlieferant gesucht \u2013 Ukrainischer Au\u00dfenminister reist nach Pakistan - just-now.NEWS Deutschland","robots":{"index":"index","follow":"follow","max-snippet":"max-snippet:-1","max-image-preview":"max-image-preview:large","max-video-preview":"max-video-preview:-1"},"canonical":"https:\/\/now-news.de\/de\/deutschland\/neuer-waffenlieferant-gesucht-ukrainischer-aussenminister-reist-nach-pakistan\/","og_locale":"de_DE","og_type":"article","og_title":"Neuer Waffenlieferant gesucht \u2013 Ukrainischer Au\u00dfenminister reist nach Pakistan","og_description":"Die NATO braucht dringend zus\u00e4tzliche Partner, die in ihrem Stellvertreterkrieg gegen Russland die Ukraine mit Waffen beliefern k\u00f6nnen, da im Westen die Vorr\u00e4te langsam zur Neige gehen. Eine Rolle dabei soll wohl Pakistan \u00fcbernehmen. Von Andrew Korybko Wie The News International am vergangenen Mittwoch berichtete, soll der ukrainische Au\u00dfenminister Dmitri Kuleba demn\u00e4chst Pakistan einen &#8220;notfallbedingten [&hellip;]","og_url":"https:\/\/now-news.de\/de\/deutschland\/neuer-waffenlieferant-gesucht-ukrainischer-aussenminister-reist-nach-pakistan\/","og_site_name":"just-now.NEWS Deutschland","article_publisher":"https:\/\/www.facebook.com\/wirmachenauf","article_published_time":"2023-07-14T19:16:03+00:00","og_image":[{"width":460,"height":259,"url":"https:\/\/now-news.de\/de\/wp-content\/uploads\/sites\/3\/2023\/07\/Neuer-Waffenlieferant-gesucht-\u2013-Ukrainischer-Aussenminister-reist-nach-Pakistan.jpg","type":"image\/jpeg"}],"author":"rtnews","twitter_card":"summary_large_image","twitter_creator":"@WirMachenAuf_de","twitter_site":"@WirMachenAuf_de","twitter_misc":{"Verfasst von":"rtnews","Gesch\u00e4tzte Lesezeit":"6\u00a0Minuten"},"schema":{"@context":"https:\/\/schema.org","@graph":[{"@type":"Article","@id":"https:\/\/now-news.de\/de\/deutschland\/neuer-waffenlieferant-gesucht-ukrainischer-aussenminister-reist-nach-pakistan\/#article","isPartOf":{"@id":"https:\/\/now-news.de\/de\/deutschland\/neuer-waffenlieferant-gesucht-ukrainischer-aussenminister-reist-nach-pakistan\/"},"author":{"name":"rtnews","@id":"https:\/\/now-news.de\/de\/#\/schema\/person\/fb534a4e865501d8b3285208df34a9b5"},"headline":"Neuer Waffenlieferant gesucht \u2013 Ukrainischer Au\u00dfenminister reist nach Pakistan","datePublished":"2023-07-14T19:16:03+00:00","dateModified":"2023-07-14T19:16:03+00:00","mainEntityOfPage":{"@id":"https:\/\/now-news.de\/de\/deutschland\/neuer-waffenlieferant-gesucht-ukrainischer-aussenminister-reist-nach-pakistan\/"},"wordCount":1182,"commentCount":0,"publisher":{"@id":"https:\/\/now-news.de\/de\/#organization"},"image":{"@id":"https:\/\/now-news.de\/de\/deutschland\/neuer-waffenlieferant-gesucht-ukrainischer-aussenminister-reist-nach-pakistan\/#primaryimage"},"thumbnailUrl":"https:\/\/now-news.de\/de\/wp-content\/uploads\/sites\/3\/2023\/07\/Neuer-Waffenlieferant-gesucht-\u2013-Ukrainischer-Aussenminister-reist-nach-Pakistan.jpg","keywords":["Au\u00dfenminister","gesucht","nach","Neuer","Pakistan","reist","Ukrainischer","Waffenlieferant"],"articleSection":["Deutschland","Russland"],"inLanguage":"de","potentialAction":[{"@type":"CommentAction","name":"Comment","target":["https:\/\/now-news.de\/de\/deutschland\/neuer-waffenlieferant-gesucht-ukrainischer-aussenminister-reist-nach-pakistan\/#respond"]}]},{"@type":"WebPage","@id":"https:\/\/now-news.de\/de\/deutschland\/neuer-waffenlieferant-gesucht-ukrainischer-aussenminister-reist-nach-pakistan\/","url":"https:\/\/now-news.de\/de\/deutschland\/neuer-waffenlieferant-gesucht-ukrainischer-aussenminister-reist-nach-pakistan\/","name":"Neuer Waffenlieferant gesucht \u2013 Ukrainischer Au\u00dfenminister reist nach Pakistan - just-now.NEWS Deutschland","isPartOf":{"@id":"https:\/\/now-news.de\/de\/#website"},"primaryImageOfPage":{"@id":"https:\/\/now-news.de\/de\/deutschland\/neuer-waffenlieferant-gesucht-ukrainischer-aussenminister-reist-nach-pakistan\/#primaryimage"},"image":{"@id":"https:\/\/now-news.de\/de\/deutschland\/neuer-waffenlieferant-gesucht-ukrainischer-aussenminister-reist-nach-pakistan\/#primaryimage"},"thumbnailUrl":"https:\/\/now-news.de\/de\/wp-content\/uploads\/sites\/3\/2023\/07\/Neuer-Waffenlieferant-gesucht-\u2013-Ukrainischer-Aussenminister-reist-nach-Pakistan.jpg","datePublished":"2023-07-14T19:16:03+00:00","dateModified":"2023-07-14T19:16:03+00:00","breadcrumb":{"@id":"https:\/\/now-news.de\/de\/deutschland\/neuer-waffenlieferant-gesucht-ukrainischer-aussenminister-reist-nach-pakistan\/#breadcrumb"},"inLanguage":"de","potentialAction":[{"@type":"ReadAction","target":["https:\/\/now-news.de\/de\/deutschland\/neuer-waffenlieferant-gesucht-ukrainischer-aussenminister-reist-nach-pakistan\/"]}]},{"@type":"ImageObject","inLanguage":"de","@id":"https:\/\/now-news.de\/de\/deutschland\/neuer-waffenlieferant-gesucht-ukrainischer-aussenminister-reist-nach-pakistan\/#primaryimage","url":"https:\/\/now-news.de\/de\/wp-content\/uploads\/sites\/3\/2023\/07\/Neuer-Waffenlieferant-gesucht-\u2013-Ukrainischer-Aussenminister-reist-nach-Pakistan.jpg","contentUrl":"https:\/\/now-news.de\/de\/wp-content\/uploads\/sites\/3\/2023\/07\/Neuer-Waffenlieferant-gesucht-\u2013-Ukrainischer-Aussenminister-reist-nach-Pakistan.jpg","width":460,"height":259,"caption":"Neuer Waffenlieferant gesucht \u2013 Ukrainischer Au\u00dfenminister reist nach Pakistan"},{"@type":"BreadcrumbList","@id":"https:\/\/now-news.de\/de\/deutschland\/neuer-waffenlieferant-gesucht-ukrainischer-aussenminister-reist-nach-pakistan\/#breadcrumb","itemListElement":[{"@type":"ListItem","position":1,"name":"Home","item":"https:\/\/now-news.de\/de\/"},{"@type":"ListItem","position":2,"name":"Neuer Waffenlieferant gesucht \u2013 Ukrainischer Au\u00dfenminister reist nach Pakistan"}]},{"@type":"WebSite","@id":"https:\/\/now-news.de\/de\/#website","url":"https:\/\/now-news.de\/de\/","name":"just-now.NEWS Deutschland","description":"Das Portal f\u00fcr unzensierte Nachrichten aus der Welt","publisher":{"@id":"https:\/\/now-news.de\/de\/#organization"},"potentialAction":[{"@type":"SearchAction","target":{"@type":"EntryPoint","urlTemplate":"https:\/\/now-news.de\/de\/?s={search_term_string}"},"query-input":"required name=search_term_string"}],"inLanguage":"de"},{"@type":"Organization","@id":"https:\/\/now-news.de\/de\/#organization","name":"Just Now News","url":"https:\/\/now-news.de\/de\/","logo":{"@type":"ImageObject","inLanguage":"de","@id":"https:\/\/now-news.de\/de\/#\/schema\/logo\/image\/","url":"http:\/\/just-now.news\/de\/wp-content\/uploads\/sites\/3\/2022\/04\/logo500x500.jpg","contentUrl":"http:\/\/just-now.news\/de\/wp-content\/uploads\/sites\/3\/2022\/04\/logo500x500.jpg","width":500,"height":500,"caption":"Just Now News"},"image":{"@id":"https:\/\/now-news.de\/de\/#\/schema\/logo\/image\/"},"sameAs":["https:\/\/www.facebook.com\/wirmachenauf","https:\/\/x.com\/WirMachenAuf_de"]},{"@type":"Person","@id":"https:\/\/now-news.de\/de\/#\/schema\/person\/fb534a4e865501d8b3285208df34a9b5","name":"rtnews","image":{"@type":"ImageObject","inLanguage":"de","@id":"https:\/\/now-news.de\/de\/#\/schema\/person\/image\/","url":"https:\/\/secure.gravatar.com\/avatar\/82aafea7d8127119dd649515f56e2117?s=96&d=mm&r=g","contentUrl":"https:\/\/secure.gravatar.com\/avatar\/82aafea7d8127119dd649515f56e2117?s=96&d=mm&r=g","caption":"rtnews"},"url":"https:\/\/now-news.de\/de\/author\/rnews\/"}]}},"_links":{"self":[{"href":"https:\/\/now-news.de\/de\/wp-json\/wp\/v2\/posts\/40155"}],"collection":[{"href":"https:\/\/now-news.de\/de\/wp-json\/wp\/v2\/posts"}],"about":[{"href":"https:\/\/now-news.de\/de\/wp-json\/wp\/v2\/types\/post"}],"author":[{"embeddable":true,"href":"https:\/\/now-news.de\/de\/wp-json\/wp\/v2\/users\/3"}],"replies":[{"embeddable":true,"href":"https:\/\/now-news.de\/de\/wp-json\/wp\/v2\/comments?post=40155"}],"version-history":[{"count":0,"href":"https:\/\/now-news.de\/de\/wp-json\/wp\/v2\/posts\/40155\/revisions"}],"wp:featuredmedia":[{"embeddable":true,"href":"https:\/\/now-news.de\/de\/wp-json\/wp\/v2\/media\/40156"}],"wp:attachment":[{"href":"https:\/\/now-news.de\/de\/wp-json\/wp\/v2\/media?parent=40155"}],"wp:term":[{"taxonomy":"category","embeddable":true,"href":"https:\/\/now-news.de\/de\/wp-json\/wp\/v2\/categories?post=40155"},{"taxonomy":"post_tag","embeddable":true,"href":"https:\/\/now-news.de\/de\/wp-json\/wp\/v2\/tags?post=40155"}],"curies":[{"name":"wp","href":"https:\/\/api.w.org\/{rel}","templated":true}]}}