{"id":40121,"date":"2023-07-14T13:06:02","date_gmt":"2023-07-14T11:06:02","guid":{"rendered":"https:\/\/just-now.news\/de\/deutschland\/ungarns-ministerpraesident-orban-ukraine-ist-nicht-mehr-souveraen\/"},"modified":"2023-07-14T13:06:02","modified_gmt":"2023-07-14T11:06:02","slug":"ungarns-ministerpraesident-orban-ukraine-ist-nicht-mehr-souveraen","status":"publish","type":"post","link":"https:\/\/now-news.de\/de\/deutschland\/ungarns-ministerpraesident-orban-ukraine-ist-nicht-mehr-souveraen\/","title":{"rendered":"Ungarns Ministerpr\u00e4sident Orb\u00e1n: Ukraine ist nicht mehr souver\u00e4n"},"content":{"rendered":"<p><img decoding=\"async\" src=\"http:\/\/just-now.news\/de\/wp-content\/uploads\/sites\/3\/2023\/07\/64b11d9eb480cc3304033cc8.jpg\" \/><\/p>\n<div class=\"Text-root Text-type_1 \">\n                Die Ukraine ist nicht souver\u00e4n, da das Land von den USA regiert wird. Diese Ansicht vertritt der ungarische Ministerpr\u00e4sident Viktor Orb\u00e1n. Ein Frieden sei schnell m\u00f6glich, falls Washington dazu aufrufe.\n            <\/div>\n<p><\/p>\n<div class=\"Text-root Text-type_5 ArticleView-text ViewText-root \">\n<p>Ungarns Ministerpr\u00e4sident Viktor Orb\u00e1n hat erkl\u00e4rt, dass die Ukraine ihre Souver\u00e4nit\u00e4t bereits verloren habe. Er unterstrich, der Ukraine-Konflikt werde in dem Moment enden, in dem die USA es wollen. Weder Orb\u00e1n noch &#8220;die ganze Welt&#8221; k\u00f6nne begreifen, warum Washington damit z\u00f6gere. Der Politiker w\u00f6rtlich:<\/p>\n<blockquote>\n<p><em>&#8220;Schlie\u00dflich hat die Ukraine ihre Souver\u00e4nit\u00e4t verloren: Sie hat kein Geld, sie hat keine Milit\u00e4rindustrie, sie hat keine eigenen Anlagen f\u00fcr die Milit\u00e4rproduktion. Geld erh\u00e4lt sie haupts\u00e4chlich von den USA, milit\u00e4rische Mittel, \u2013 auch von den Amerikanern und dem Westen.&#8221;<\/em><\/p>\n<\/blockquote>\n<p>Falls Washington sagen w\u00fcrde, dass es Frieden wolle und zu einem Waffenstillstand und Verhandlungen aufriefe, w\u00e4re das nach Ansicht des ungarischen Ministerpr\u00e4sidenten schon am n\u00e4chsten Morgen geschehen. Zusammenfassend erkl\u00e4rte Orb\u00e1n:<\/p>\n<blockquote>\n<p><em>&#8220;Warum die Amerikaner das nicht wollen, darauf haben wir auch auf dem NATO-Gipfel keine Antwort bekommen.&#8221;<\/em><\/p>\n<\/blockquote>\n<p>Die Souver\u00e4nit\u00e4t der Ukraine sei &#8220;ein sehr abstrakter Begriff&#8221;, so Kremlsprecher Dmitri Peskow Mitte Juni. Er betonte, dass Kiew weder den Wunsch noch die F\u00e4higkeit habe, eine souver\u00e4ne Position einzunehmen. Kiew f\u00fchre das aus, was ihm von Washington diktiert werde.<\/p>\n<p>\u00dcberdies zeigte sich der ungarische Politiker sicher, dass ein NATO-Beitritt der Ukraine zum Ausbruch eines Weltkriegs f\u00fchren w\u00fcrde. Orb\u00e1n beklagte, dass im Westen eine kriegerische Stimmung zugunsten der Fortsetzung des Ukraine-Konflikts vorherrsche. Ihm zufolge wolle der Westen den Krieg in der Ukraine. Weiter wies der ungarische Ministerpr\u00e4sident auf die Aggressivit\u00e4t der Ukraine hin, die st\u00e4ndig etwas f\u00fcr sich selbst fordere. Er vermute, dass der Konflikt in der Ukraine noch lange andauern werde, worauf sich die ungarische Regierung einstellen m\u00fcsse.<\/p>\n<p><strong>Mehr zum Thema<\/strong> &#8211; <a rel=\"nofollow noopener\" target=\"_blank\" href=\"https:\/\/freeassange.rtde.live\/kurzclips\/video\/175088-orban-spielt-vilnius-herunter-nato\/\">Viktor Orb\u00e1n: Die NATO hat in ihrer Rolle als Verteidigungsb\u00fcndnis versagt<\/a><\/p>\n<\/div>\n<p><br \/>\n<br \/><a href=\"https:\/\/de.rt.com\/international\/175247-ungarns-ministerpraesident-orban-ukraine-ist\/\">Source link <\/a><\/p>\n","protected":false},"excerpt":{"rendered":"<p>Die Ukraine ist nicht souver\u00e4n, da das Land von den USA regiert wird. Diese Ansicht vertritt der ungarische Ministerpr\u00e4sident Viktor Orb\u00e1n. Ein Frieden sei schnell m\u00f6glich, falls Washington dazu aufrufe. Ungarns Ministerpr\u00e4sident Viktor Orb\u00e1n hat erkl\u00e4rt, dass die Ukraine ihre Souver\u00e4nit\u00e4t bereits verloren habe. Er unterstrich, der Ukraine-Konflikt werde in dem Moment enden, in dem [&hellip;]<\/p>\n","protected":false},"author":3,"featured_media":40122,"comment_status":"open","ping_status":"open","sticky":false,"template":"","format":"standard","meta":{"_yoast_indexnow_last_ping":["1689333116"],"wp_automatic_camp":["217"],"95e9d28edf84d73470416b198b758dc4":["Ungarns Ministerpr\u00e4sident Orb\u00e1n: Ukraine ist nicht mehr souver\u00e4n"],"original_link":["https:\/\/de.rt.com\/international\/175247-ungarns-ministerpraesident-orban-ukraine-ist\/"],"_thumbnail_id":["40122"],"_wptgpro_p2tg_sent2tg":["a:1:{i:23737;s:19:\"2023-07-14 13:13:00\";}"],"jnews_social_counter_last_update":["1777606544"]},"categories":[19,23],"tags":[414,2063,19174,800,6397,30833,127,27176],"yoast_head":"<!-- This site is optimized with the Yoast SEO Premium plugin v22.7 (Yoast SEO v22.7) - https:\/\/yoast.com\/wordpress\/plugins\/seo\/ -->\n<title>Ungarns Ministerpr\u00e4sident Orb\u00e1n: Ukraine ist nicht mehr souver\u00e4n - just-now.NEWS Deutschland<\/title>\n<meta name=\"robots\" content=\"index, follow, max-snippet:-1, max-image-preview:large, max-video-preview:-1\" \/>\n<link rel=\"canonical\" href=\"https:\/\/now-news.de\/de\/deutschland\/ungarns-ministerpraesident-orban-ukraine-ist-nicht-mehr-souveraen\/\" \/>\n<meta property=\"og:locale\" content=\"de_DE\" \/>\n<meta property=\"og:type\" content=\"article\" \/>\n<meta property=\"og:title\" content=\"Ungarns Ministerpr\u00e4sident Orb\u00e1n: Ukraine ist nicht mehr souver\u00e4n\" \/>\n<meta property=\"og:description\" content=\"Die Ukraine ist nicht souver\u00e4n, da das Land von den USA regiert wird. Diese Ansicht vertritt der ungarische Ministerpr\u00e4sident Viktor Orb\u00e1n. Ein Frieden sei schnell m\u00f6glich, falls Washington dazu aufrufe. Ungarns Ministerpr\u00e4sident Viktor Orb\u00e1n hat erkl\u00e4rt, dass die Ukraine ihre Souver\u00e4nit\u00e4t bereits verloren habe. Er unterstrich, der Ukraine-Konflikt werde in dem Moment enden, in dem [&hellip;]\" \/>\n<meta property=\"og:url\" content=\"https:\/\/now-news.de\/de\/deutschland\/ungarns-ministerpraesident-orban-ukraine-ist-nicht-mehr-souveraen\/\" \/>\n<meta property=\"og:site_name\" content=\"just-now.NEWS Deutschland\" \/>\n<meta property=\"article:publisher\" content=\"https:\/\/www.facebook.com\/wirmachenauf\" \/>\n<meta property=\"article:published_time\" content=\"2023-07-14T11:06:02+00:00\" \/>\n<meta property=\"og:image\" content=\"https:\/\/now-news.de\/de\/wp-content\/uploads\/sites\/3\/2023\/07\/Ungarns-Ministerpraesident-Orban-Ukraine-ist-nicht-mehr-souveraen.jpg\" \/>\n\t<meta property=\"og:image:width\" content=\"460\" \/>\n\t<meta property=\"og:image:height\" content=\"259\" \/>\n\t<meta property=\"og:image:type\" content=\"image\/jpeg\" \/>\n<meta name=\"author\" content=\"rtnews\" \/>\n<meta name=\"twitter:card\" content=\"summary_large_image\" \/>\n<meta name=\"twitter:creator\" content=\"@WirMachenAuf_de\" \/>\n<meta name=\"twitter:site\" content=\"@WirMachenAuf_de\" \/>\n<meta name=\"twitter:label1\" content=\"Verfasst von\" \/>\n\t<meta name=\"twitter:data1\" content=\"rtnews\" \/>\n\t<meta name=\"twitter:label2\" content=\"Gesch\u00e4tzte Lesezeit\" \/>\n\t<meta name=\"twitter:data2\" content=\"2\u00a0Minuten\" \/>\n<script type=\"application\/ld+json\" class=\"yoast-schema-graph\">{\"@context\":\"https:\/\/schema.org\",\"@graph\":[{\"@type\":\"Article\",\"@id\":\"https:\/\/now-news.de\/de\/deutschland\/ungarns-ministerpraesident-orban-ukraine-ist-nicht-mehr-souveraen\/#article\",\"isPartOf\":{\"@id\":\"https:\/\/now-news.de\/de\/deutschland\/ungarns-ministerpraesident-orban-ukraine-ist-nicht-mehr-souveraen\/\"},\"author\":{\"name\":\"rtnews\",\"@id\":\"https:\/\/now-news.de\/de\/#\/schema\/person\/fb534a4e865501d8b3285208df34a9b5\"},\"headline\":\"Ungarns Ministerpr\u00e4sident Orb\u00e1n: Ukraine ist nicht mehr souver\u00e4n\",\"datePublished\":\"2023-07-14T11:06:02+00:00\",\"dateModified\":\"2023-07-14T11:06:02+00:00\",\"mainEntityOfPage\":{\"@id\":\"https:\/\/now-news.de\/de\/deutschland\/ungarns-ministerpraesident-orban-ukraine-ist-nicht-mehr-souveraen\/\"},\"wordCount\":350,\"commentCount\":0,\"publisher\":{\"@id\":\"https:\/\/now-news.de\/de\/#organization\"},\"image\":{\"@id\":\"https:\/\/now-news.de\/de\/deutschland\/ungarns-ministerpraesident-orban-ukraine-ist-nicht-mehr-souveraen\/#primaryimage\"},\"thumbnailUrl\":\"https:\/\/now-news.de\/de\/wp-content\/uploads\/sites\/3\/2023\/07\/Ungarns-Ministerpraesident-Orban-Ukraine-ist-nicht-mehr-souveraen.jpg\",\"keywords\":[\"ist\",\"mehr\",\"Ministerpr\u00e4sident\",\"nicht\",\"Orb\u00e1n\",\"souver\u00e4n\",\"ukraine\",\"Ungarns\"],\"articleSection\":[\"Deutschland\",\"Russland\"],\"inLanguage\":\"de\",\"potentialAction\":[{\"@type\":\"CommentAction\",\"name\":\"Comment\",\"target\":[\"https:\/\/now-news.de\/de\/deutschland\/ungarns-ministerpraesident-orban-ukraine-ist-nicht-mehr-souveraen\/#respond\"]}]},{\"@type\":\"WebPage\",\"@id\":\"https:\/\/now-news.de\/de\/deutschland\/ungarns-ministerpraesident-orban-ukraine-ist-nicht-mehr-souveraen\/\",\"url\":\"https:\/\/now-news.de\/de\/deutschland\/ungarns-ministerpraesident-orban-ukraine-ist-nicht-mehr-souveraen\/\",\"name\":\"Ungarns Ministerpr\u00e4sident Orb\u00e1n: Ukraine ist nicht mehr souver\u00e4n - just-now.NEWS Deutschland\",\"isPartOf\":{\"@id\":\"https:\/\/now-news.de\/de\/#website\"},\"primaryImageOfPage\":{\"@id\":\"https:\/\/now-news.de\/de\/deutschland\/ungarns-ministerpraesident-orban-ukraine-ist-nicht-mehr-souveraen\/#primaryimage\"},\"image\":{\"@id\":\"https:\/\/now-news.de\/de\/deutschland\/ungarns-ministerpraesident-orban-ukraine-ist-nicht-mehr-souveraen\/#primaryimage\"},\"thumbnailUrl\":\"https:\/\/now-news.de\/de\/wp-content\/uploads\/sites\/3\/2023\/07\/Ungarns-Ministerpraesident-Orban-Ukraine-ist-nicht-mehr-souveraen.jpg\",\"datePublished\":\"2023-07-14T11:06:02+00:00\",\"dateModified\":\"2023-07-14T11:06:02+00:00\",\"breadcrumb\":{\"@id\":\"https:\/\/now-news.de\/de\/deutschland\/ungarns-ministerpraesident-orban-ukraine-ist-nicht-mehr-souveraen\/#breadcrumb\"},\"inLanguage\":\"de\",\"potentialAction\":[{\"@type\":\"ReadAction\",\"target\":[\"https:\/\/now-news.de\/de\/deutschland\/ungarns-ministerpraesident-orban-ukraine-ist-nicht-mehr-souveraen\/\"]}]},{\"@type\":\"ImageObject\",\"inLanguage\":\"de\",\"@id\":\"https:\/\/now-news.de\/de\/deutschland\/ungarns-ministerpraesident-orban-ukraine-ist-nicht-mehr-souveraen\/#primaryimage\",\"url\":\"https:\/\/now-news.de\/de\/wp-content\/uploads\/sites\/3\/2023\/07\/Ungarns-Ministerpraesident-Orban-Ukraine-ist-nicht-mehr-souveraen.jpg\",\"contentUrl\":\"https:\/\/now-news.de\/de\/wp-content\/uploads\/sites\/3\/2023\/07\/Ungarns-Ministerpraesident-Orban-Ukraine-ist-nicht-mehr-souveraen.jpg\",\"width\":460,\"height\":259,\"caption\":\"Ungarns Ministerpr\u00e4sident Orb\u00e1n: Ukraine ist nicht mehr souver\u00e4n\"},{\"@type\":\"BreadcrumbList\",\"@id\":\"https:\/\/now-news.de\/de\/deutschland\/ungarns-ministerpraesident-orban-ukraine-ist-nicht-mehr-souveraen\/#breadcrumb\",\"itemListElement\":[{\"@type\":\"ListItem\",\"position\":1,\"name\":\"Home\",\"item\":\"https:\/\/now-news.de\/de\/\"},{\"@type\":\"ListItem\",\"position\":2,\"name\":\"Ungarns Ministerpr\u00e4sident Orb\u00e1n: Ukraine ist nicht mehr souver\u00e4n\"}]},{\"@type\":\"WebSite\",\"@id\":\"https:\/\/now-news.de\/de\/#website\",\"url\":\"https:\/\/now-news.de\/de\/\",\"name\":\"just-now.NEWS Deutschland\",\"description\":\"Das Portal f\u00fcr unzensierte Nachrichten aus der Welt\",\"publisher\":{\"@id\":\"https:\/\/now-news.de\/de\/#organization\"},\"potentialAction\":[{\"@type\":\"SearchAction\",\"target\":{\"@type\":\"EntryPoint\",\"urlTemplate\":\"https:\/\/now-news.de\/de\/?s={search_term_string}\"},\"query-input\":\"required name=search_term_string\"}],\"inLanguage\":\"de\"},{\"@type\":\"Organization\",\"@id\":\"https:\/\/now-news.de\/de\/#organization\",\"name\":\"Just Now News\",\"url\":\"https:\/\/now-news.de\/de\/\",\"logo\":{\"@type\":\"ImageObject\",\"inLanguage\":\"de\",\"@id\":\"https:\/\/now-news.de\/de\/#\/schema\/logo\/image\/\",\"url\":\"http:\/\/just-now.news\/de\/wp-content\/uploads\/sites\/3\/2022\/04\/logo500x500.jpg\",\"contentUrl\":\"http:\/\/just-now.news\/de\/wp-content\/uploads\/sites\/3\/2022\/04\/logo500x500.jpg\",\"width\":500,\"height\":500,\"caption\":\"Just Now News\"},\"image\":{\"@id\":\"https:\/\/now-news.de\/de\/#\/schema\/logo\/image\/\"},\"sameAs\":[\"https:\/\/www.facebook.com\/wirmachenauf\",\"https:\/\/x.com\/WirMachenAuf_de\"]},{\"@type\":\"Person\",\"@id\":\"https:\/\/now-news.de\/de\/#\/schema\/person\/fb534a4e865501d8b3285208df34a9b5\",\"name\":\"rtnews\",\"image\":{\"@type\":\"ImageObject\",\"inLanguage\":\"de\",\"@id\":\"https:\/\/now-news.de\/de\/#\/schema\/person\/image\/\",\"url\":\"https:\/\/secure.gravatar.com\/avatar\/82aafea7d8127119dd649515f56e2117?s=96&d=mm&r=g\",\"contentUrl\":\"https:\/\/secure.gravatar.com\/avatar\/82aafea7d8127119dd649515f56e2117?s=96&d=mm&r=g\",\"caption\":\"rtnews\"},\"url\":\"https:\/\/now-news.de\/de\/author\/rnews\/\"}]}<\/script>\n<!-- \/ Yoast SEO Premium plugin. -->","yoast_head_json":{"title":"Ungarns Ministerpr\u00e4sident Orb\u00e1n: Ukraine ist nicht mehr souver\u00e4n - just-now.NEWS Deutschland","robots":{"index":"index","follow":"follow","max-snippet":"max-snippet:-1","max-image-preview":"max-image-preview:large","max-video-preview":"max-video-preview:-1"},"canonical":"https:\/\/now-news.de\/de\/deutschland\/ungarns-ministerpraesident-orban-ukraine-ist-nicht-mehr-souveraen\/","og_locale":"de_DE","og_type":"article","og_title":"Ungarns Ministerpr\u00e4sident Orb\u00e1n: Ukraine ist nicht mehr souver\u00e4n","og_description":"Die Ukraine ist nicht souver\u00e4n, da das Land von den USA regiert wird. Diese Ansicht vertritt der ungarische Ministerpr\u00e4sident Viktor Orb\u00e1n. Ein Frieden sei schnell m\u00f6glich, falls Washington dazu aufrufe. Ungarns Ministerpr\u00e4sident Viktor Orb\u00e1n hat erkl\u00e4rt, dass die Ukraine ihre Souver\u00e4nit\u00e4t bereits verloren habe. Er unterstrich, der Ukraine-Konflikt werde in dem Moment enden, in dem [&hellip;]","og_url":"https:\/\/now-news.de\/de\/deutschland\/ungarns-ministerpraesident-orban-ukraine-ist-nicht-mehr-souveraen\/","og_site_name":"just-now.NEWS Deutschland","article_publisher":"https:\/\/www.facebook.com\/wirmachenauf","article_published_time":"2023-07-14T11:06:02+00:00","og_image":[{"width":460,"height":259,"url":"https:\/\/now-news.de\/de\/wp-content\/uploads\/sites\/3\/2023\/07\/Ungarns-Ministerpraesident-Orban-Ukraine-ist-nicht-mehr-souveraen.jpg","type":"image\/jpeg"}],"author":"rtnews","twitter_card":"summary_large_image","twitter_creator":"@WirMachenAuf_de","twitter_site":"@WirMachenAuf_de","twitter_misc":{"Verfasst von":"rtnews","Gesch\u00e4tzte Lesezeit":"2\u00a0Minuten"},"schema":{"@context":"https:\/\/schema.org","@graph":[{"@type":"Article","@id":"https:\/\/now-news.de\/de\/deutschland\/ungarns-ministerpraesident-orban-ukraine-ist-nicht-mehr-souveraen\/#article","isPartOf":{"@id":"https:\/\/now-news.de\/de\/deutschland\/ungarns-ministerpraesident-orban-ukraine-ist-nicht-mehr-souveraen\/"},"author":{"name":"rtnews","@id":"https:\/\/now-news.de\/de\/#\/schema\/person\/fb534a4e865501d8b3285208df34a9b5"},"headline":"Ungarns Ministerpr\u00e4sident Orb\u00e1n: Ukraine ist nicht mehr souver\u00e4n","datePublished":"2023-07-14T11:06:02+00:00","dateModified":"2023-07-14T11:06:02+00:00","mainEntityOfPage":{"@id":"https:\/\/now-news.de\/de\/deutschland\/ungarns-ministerpraesident-orban-ukraine-ist-nicht-mehr-souveraen\/"},"wordCount":350,"commentCount":0,"publisher":{"@id":"https:\/\/now-news.de\/de\/#organization"},"image":{"@id":"https:\/\/now-news.de\/de\/deutschland\/ungarns-ministerpraesident-orban-ukraine-ist-nicht-mehr-souveraen\/#primaryimage"},"thumbnailUrl":"https:\/\/now-news.de\/de\/wp-content\/uploads\/sites\/3\/2023\/07\/Ungarns-Ministerpraesident-Orban-Ukraine-ist-nicht-mehr-souveraen.jpg","keywords":["ist","mehr","Ministerpr\u00e4sident","nicht","Orb\u00e1n","souver\u00e4n","ukraine","Ungarns"],"articleSection":["Deutschland","Russland"],"inLanguage":"de","potentialAction":[{"@type":"CommentAction","name":"Comment","target":["https:\/\/now-news.de\/de\/deutschland\/ungarns-ministerpraesident-orban-ukraine-ist-nicht-mehr-souveraen\/#respond"]}]},{"@type":"WebPage","@id":"https:\/\/now-news.de\/de\/deutschland\/ungarns-ministerpraesident-orban-ukraine-ist-nicht-mehr-souveraen\/","url":"https:\/\/now-news.de\/de\/deutschland\/ungarns-ministerpraesident-orban-ukraine-ist-nicht-mehr-souveraen\/","name":"Ungarns Ministerpr\u00e4sident Orb\u00e1n: Ukraine ist nicht mehr souver\u00e4n - just-now.NEWS Deutschland","isPartOf":{"@id":"https:\/\/now-news.de\/de\/#website"},"primaryImageOfPage":{"@id":"https:\/\/now-news.de\/de\/deutschland\/ungarns-ministerpraesident-orban-ukraine-ist-nicht-mehr-souveraen\/#primaryimage"},"image":{"@id":"https:\/\/now-news.de\/de\/deutschland\/ungarns-ministerpraesident-orban-ukraine-ist-nicht-mehr-souveraen\/#primaryimage"},"thumbnailUrl":"https:\/\/now-news.de\/de\/wp-content\/uploads\/sites\/3\/2023\/07\/Ungarns-Ministerpraesident-Orban-Ukraine-ist-nicht-mehr-souveraen.jpg","datePublished":"2023-07-14T11:06:02+00:00","dateModified":"2023-07-14T11:06:02+00:00","breadcrumb":{"@id":"https:\/\/now-news.de\/de\/deutschland\/ungarns-ministerpraesident-orban-ukraine-ist-nicht-mehr-souveraen\/#breadcrumb"},"inLanguage":"de","potentialAction":[{"@type":"ReadAction","target":["https:\/\/now-news.de\/de\/deutschland\/ungarns-ministerpraesident-orban-ukraine-ist-nicht-mehr-souveraen\/"]}]},{"@type":"ImageObject","inLanguage":"de","@id":"https:\/\/now-news.de\/de\/deutschland\/ungarns-ministerpraesident-orban-ukraine-ist-nicht-mehr-souveraen\/#primaryimage","url":"https:\/\/now-news.de\/de\/wp-content\/uploads\/sites\/3\/2023\/07\/Ungarns-Ministerpraesident-Orban-Ukraine-ist-nicht-mehr-souveraen.jpg","contentUrl":"https:\/\/now-news.de\/de\/wp-content\/uploads\/sites\/3\/2023\/07\/Ungarns-Ministerpraesident-Orban-Ukraine-ist-nicht-mehr-souveraen.jpg","width":460,"height":259,"caption":"Ungarns Ministerpr\u00e4sident Orb\u00e1n: Ukraine ist nicht mehr souver\u00e4n"},{"@type":"BreadcrumbList","@id":"https:\/\/now-news.de\/de\/deutschland\/ungarns-ministerpraesident-orban-ukraine-ist-nicht-mehr-souveraen\/#breadcrumb","itemListElement":[{"@type":"ListItem","position":1,"name":"Home","item":"https:\/\/now-news.de\/de\/"},{"@type":"ListItem","position":2,"name":"Ungarns Ministerpr\u00e4sident Orb\u00e1n: Ukraine ist nicht mehr souver\u00e4n"}]},{"@type":"WebSite","@id":"https:\/\/now-news.de\/de\/#website","url":"https:\/\/now-news.de\/de\/","name":"just-now.NEWS Deutschland","description":"Das Portal f\u00fcr unzensierte Nachrichten aus der Welt","publisher":{"@id":"https:\/\/now-news.de\/de\/#organization"},"potentialAction":[{"@type":"SearchAction","target":{"@type":"EntryPoint","urlTemplate":"https:\/\/now-news.de\/de\/?s={search_term_string}"},"query-input":"required name=search_term_string"}],"inLanguage":"de"},{"@type":"Organization","@id":"https:\/\/now-news.de\/de\/#organization","name":"Just Now News","url":"https:\/\/now-news.de\/de\/","logo":{"@type":"ImageObject","inLanguage":"de","@id":"https:\/\/now-news.de\/de\/#\/schema\/logo\/image\/","url":"http:\/\/just-now.news\/de\/wp-content\/uploads\/sites\/3\/2022\/04\/logo500x500.jpg","contentUrl":"http:\/\/just-now.news\/de\/wp-content\/uploads\/sites\/3\/2022\/04\/logo500x500.jpg","width":500,"height":500,"caption":"Just Now News"},"image":{"@id":"https:\/\/now-news.de\/de\/#\/schema\/logo\/image\/"},"sameAs":["https:\/\/www.facebook.com\/wirmachenauf","https:\/\/x.com\/WirMachenAuf_de"]},{"@type":"Person","@id":"https:\/\/now-news.de\/de\/#\/schema\/person\/fb534a4e865501d8b3285208df34a9b5","name":"rtnews","image":{"@type":"ImageObject","inLanguage":"de","@id":"https:\/\/now-news.de\/de\/#\/schema\/person\/image\/","url":"https:\/\/secure.gravatar.com\/avatar\/82aafea7d8127119dd649515f56e2117?s=96&d=mm&r=g","contentUrl":"https:\/\/secure.gravatar.com\/avatar\/82aafea7d8127119dd649515f56e2117?s=96&d=mm&r=g","caption":"rtnews"},"url":"https:\/\/now-news.de\/de\/author\/rnews\/"}]}},"_links":{"self":[{"href":"https:\/\/now-news.de\/de\/wp-json\/wp\/v2\/posts\/40121"}],"collection":[{"href":"https:\/\/now-news.de\/de\/wp-json\/wp\/v2\/posts"}],"about":[{"href":"https:\/\/now-news.de\/de\/wp-json\/wp\/v2\/types\/post"}],"author":[{"embeddable":true,"href":"https:\/\/now-news.de\/de\/wp-json\/wp\/v2\/users\/3"}],"replies":[{"embeddable":true,"href":"https:\/\/now-news.de\/de\/wp-json\/wp\/v2\/comments?post=40121"}],"version-history":[{"count":0,"href":"https:\/\/now-news.de\/de\/wp-json\/wp\/v2\/posts\/40121\/revisions"}],"wp:featuredmedia":[{"embeddable":true,"href":"https:\/\/now-news.de\/de\/wp-json\/wp\/v2\/media\/40122"}],"wp:attachment":[{"href":"https:\/\/now-news.de\/de\/wp-json\/wp\/v2\/media?parent=40121"}],"wp:term":[{"taxonomy":"category","embeddable":true,"href":"https:\/\/now-news.de\/de\/wp-json\/wp\/v2\/categories?post=40121"},{"taxonomy":"post_tag","embeddable":true,"href":"https:\/\/now-news.de\/de\/wp-json\/wp\/v2\/tags?post=40121"}],"curies":[{"name":"wp","href":"https:\/\/api.w.org\/{rel}","templated":true}]}}