{"id":40083,"date":"2023-07-13T19:10:10","date_gmt":"2023-07-13T17:10:10","guid":{"rendered":"https:\/\/just-now.news\/de\/deutschland\/un-atomaufsichtsbehoerde-situation-in-saporoschje-atomkraftwerk-prekaer\/"},"modified":"2023-07-13T19:10:10","modified_gmt":"2023-07-13T17:10:10","slug":"un-atomaufsichtsbehoerde-situation-in-saporoschje-atomkraftwerk-prekaer","status":"publish","type":"post","link":"https:\/\/now-news.de\/de\/deutschland\/un-atomaufsichtsbehoerde-situation-in-saporoschje-atomkraftwerk-prekaer\/","title":{"rendered":"UN-Atomaufsichtsbeh\u00f6rde: &quot;Situation in Saporoschje-Atomkraftwerk prek\u00e4r&quot;"},"content":{"rendered":"<p><img decoding=\"async\" src=\"http:\/\/just-now.news\/de\/wp-content\/uploads\/sites\/3\/2023\/07\/64aff14eb480cc121b15c1a0.jpg\" \/><\/p>\n<div class=\"Text-root Text-type_1 \">\n                Beobachter der UN-Atomaufsichtsbeh\u00f6rde (IAEO), die in der Anlage in Saporoschje stationiert sind, berichteten von mehrere Explosionen &#8220;in einiger Entfernung&#8221;. Die Anlage ist die gr\u00f6\u00dfte ihrer Art in Europa und befindet sich in der N\u00e4he der Frontlinie des russisch-ukrainischen Konflikts.\n            <\/div>\n<p><\/p>\n<div class=\"Text-root Text-type_5 ArticleView-text ViewText-root \">\n<p>Die Lage im Kernkraftwerk Saporoschje ist weiterhin &#8220;sehr prek\u00e4r&#8221;, da Inspektoren in den vergangenen Tagen eine Reihe von Explosionen gemeldet haben, so die Internationale Atomenergiebeh\u00f6rde (IAEO) in einem Bericht. Die Anlage ist die gr\u00f6\u00dfte ihrer Art in Europa und befindet sich in der N\u00e4he der Frontlinie des russisch-ukrainischen Konflikts.<\/p>\n<p>In ihrem j\u00fcngsten Bericht \u00fcber die Ukraine, der am Mittwoch ver\u00f6ffentlicht wurde, beschreibt die IAEO ausf\u00fchrlich die Aktivit\u00e4ten ihres Personals in der von Russland kontrollierten Anlage. Die Explosionen, die die Beobachter h\u00f6rten, ereigneten sich &#8220;in einiger Entfernung&#8221; zu verschiedenen Zeiten. Die Anlage selbst wurde nicht in Mitleidenschaft gezogen.<\/p>\n<p>Die IAEO-Mitarbeiter erkl\u00e4rten jedoch, sie h\u00e4tten keine Minen oder Sprengstoffe in der Anlage in Saporoschje gesehen, im Gegensatz zu den ukrainischen Behauptungen, die Anlage sei &#8220;vermint&#8221; worden. Allerdings m\u00fcssen sich die Beobachter noch Zugang zu den D\u00e4chern von zwei Reaktorgeb\u00e4uden verschaffen, wo das russische Milit\u00e4r laut Behauptungen Kiews &#8220;Sprengstoff platziert haben soll&#8221;.<\/p>\n<p>Moskau hat die Behauptungen aus Kiew stets bestritten und die Ukraine beschuldigt, die Grundlagen f\u00fcr eine Operation unter falscher Flagge zu schaffen.<\/p>\n<p>Die IAEO \u00fcberwacht auch die Verf\u00fcgbarkeit von Wasser nach der Zerst\u00f6rung des Kachowka-Damms im vergangenen Monat, einer gro\u00dfen Katastrophe, f\u00fcr die sich Russland und die Ukraine gegenseitig die Schuld gaben. Die Wasserreserven reichen &#8220;f\u00fcr einige Monate&#8221;, so die Agentur.<\/p>\n<p>Das russische Personal des Kraftwerks Saporoschje bereitet sich derzeit darauf vor, den einzigen halb betriebsbereiten Reaktor von der Hei\u00dfabschaltung auf die Kaltabschaltung umzustellen, ein notwendiger Schritt f\u00fcr die Wartung, so die IAEO. Der andere Reaktor soll stattdessen hei\u00df abgeschaltet werden, so die Erkl\u00e4rung weiter. Ein Reaktor in diesem Zustand erm\u00f6glicht die Erzeugung von Dampf, der dann zur Aufbereitung der in Lagertanks gesammelten fl\u00fcssigen radioaktiven Abf\u00e4lle verwendet wird.<\/p>\n<p>Die ukrainische Atomaufsichtsbeh\u00f6rde habe eine Kaltabschaltung aller Reaktoren angeordnet, so die IAEO. Die Anlage br\u00e4uchte f\u00fcr einen sicheren Betrieb eine externe Dampfquelle, wenn alle Reaktoren vollst\u00e4ndig abgeschaltet w\u00fcrden, was nach Ansicht der UN-\u00dcberwachungsbeh\u00f6rde unter den gegebenen Umst\u00e4nden die sicherere Option ist.<\/p>\n<p><strong>Mehr zum Thema<\/strong> \u2013 <a rel=\"nofollow noopener\" target=\"_blank\" href=\"https:\/\/freeassange.rtde.life\/europa\/175123-selenskij-mutterseelenallein-netz-lacht-ueber-lacht-ueber-seinen-vilnius-besuch\/\">Selenskij mutterseelenallein \u2013 das Netz lacht \u00fcber seinen Vilnius-Besuch<\/a><\/p>\n<div class=\"EmbedBlock-root EmbedBlock-externalVideo EmbedBlock-odysee\">\n<div class=\"VkEmbed\"><iframe class=\"lazyload\" data-src=\"https:\/\/odysee.com\/%24\/embed\/%40RTDE%3Ae%2FPodoljaka_Kiews_Taktik_der_Wellenangriffe_Versagt%3Ac\" frameborder=\"0\" width=\"853\" height=\"480\" allowfullscreen><\/iframe><\/div>\n<\/div>\n<\/div>\n<p><br \/>\n<br \/><a href=\"https:\/\/de.rt.com\/international\/175181-un-atomaufsichtsbehoerde-situation-in-saporoschje\/\">Source link <\/a><\/p>\n","protected":false},"excerpt":{"rendered":"<p>Beobachter der UN-Atomaufsichtsbeh\u00f6rde (IAEO), die in der Anlage in Saporoschje stationiert sind, berichteten von mehrere Explosionen &#8220;in einiger Entfernung&#8221;. Die Anlage ist die gr\u00f6\u00dfte ihrer Art in Europa und befindet sich in der N\u00e4he der Frontlinie des russisch-ukrainischen Konflikts. Die Lage im Kernkraftwerk Saporoschje ist weiterhin &#8220;sehr prek\u00e4r&#8221;, da Inspektoren in den vergangenen Tagen eine [&hellip;]<\/p>\n","protected":false},"author":3,"featured_media":40084,"comment_status":"open","ping_status":"open","sticky":false,"template":"","format":"standard","meta":{"_yoast_indexnow_last_ping":["1689268563"],"wp_automatic_camp":["217"],"0c790a32b9fc0c42429945d4963a733b":["UN-Atomaufsichtsbeh\u00f6rde: &quot;Situation in Saporoschje-Atomkraftwerk prek\u00e4r&quot;"],"original_link":["https:\/\/de.rt.com\/international\/175181-un-atomaufsichtsbehoerde-situation-in-saporoschje\/"],"_thumbnail_id":["40084"],"jnews_social_counter_last_update":["1777330841"],"_wptgpro_p2tg_sent2tg":["a:1:{i:23737;s:19:\"2023-07-13 19:17:09\";}"]},"categories":[19,23],"tags":[46717,40490,46716,46715],"yoast_head":"<!-- This site is optimized with the Yoast SEO Premium plugin v22.7 (Yoast SEO v22.7) - https:\/\/yoast.com\/wordpress\/plugins\/seo\/ -->\n<title>UN-Atomaufsichtsbeh\u00f6rde: &quot;Situation in Saporoschje-Atomkraftwerk prek\u00e4r&quot; - just-now.NEWS Deutschland<\/title>\n<meta name=\"robots\" content=\"index, follow, max-snippet:-1, max-image-preview:large, max-video-preview:-1\" \/>\n<link rel=\"canonical\" href=\"https:\/\/now-news.de\/de\/deutschland\/un-atomaufsichtsbehoerde-situation-in-saporoschje-atomkraftwerk-prekaer\/\" \/>\n<meta property=\"og:locale\" content=\"de_DE\" \/>\n<meta property=\"og:type\" content=\"article\" \/>\n<meta property=\"og:title\" content=\"UN-Atomaufsichtsbeh\u00f6rde: &quot;Situation in Saporoschje-Atomkraftwerk prek\u00e4r&quot;\" \/>\n<meta property=\"og:description\" content=\"Beobachter der UN-Atomaufsichtsbeh\u00f6rde (IAEO), die in der Anlage in Saporoschje stationiert sind, berichteten von mehrere Explosionen &#8220;in einiger Entfernung&#8221;. Die Anlage ist die gr\u00f6\u00dfte ihrer Art in Europa und befindet sich in der N\u00e4he der Frontlinie des russisch-ukrainischen Konflikts. Die Lage im Kernkraftwerk Saporoschje ist weiterhin &#8220;sehr prek\u00e4r&#8221;, da Inspektoren in den vergangenen Tagen eine [&hellip;]\" \/>\n<meta property=\"og:url\" content=\"https:\/\/now-news.de\/de\/deutschland\/un-atomaufsichtsbehoerde-situation-in-saporoschje-atomkraftwerk-prekaer\/\" \/>\n<meta property=\"og:site_name\" content=\"just-now.NEWS Deutschland\" \/>\n<meta property=\"article:publisher\" content=\"https:\/\/www.facebook.com\/wirmachenauf\" \/>\n<meta property=\"article:published_time\" content=\"2023-07-13T17:10:10+00:00\" \/>\n<meta property=\"og:image\" content=\"https:\/\/now-news.de\/de\/wp-content\/uploads\/sites\/3\/2023\/07\/UN-Atomaufsichtsbehoerde-quotSituation-in-Saporoschje-Atomkraftwerk-prekaerquot.jpg\" \/>\n\t<meta property=\"og:image:width\" content=\"460\" \/>\n\t<meta property=\"og:image:height\" content=\"259\" \/>\n\t<meta property=\"og:image:type\" content=\"image\/jpeg\" \/>\n<meta name=\"author\" content=\"rtnews\" \/>\n<meta name=\"twitter:card\" content=\"summary_large_image\" \/>\n<meta name=\"twitter:creator\" content=\"@WirMachenAuf_de\" \/>\n<meta name=\"twitter:site\" content=\"@WirMachenAuf_de\" \/>\n<meta name=\"twitter:label1\" content=\"Verfasst von\" \/>\n\t<meta name=\"twitter:data1\" content=\"rtnews\" \/>\n\t<meta name=\"twitter:label2\" content=\"Gesch\u00e4tzte Lesezeit\" \/>\n\t<meta name=\"twitter:data2\" content=\"2\u00a0Minuten\" \/>\n<script type=\"application\/ld+json\" class=\"yoast-schema-graph\">{\"@context\":\"https:\/\/schema.org\",\"@graph\":[{\"@type\":\"Article\",\"@id\":\"https:\/\/now-news.de\/de\/deutschland\/un-atomaufsichtsbehoerde-situation-in-saporoschje-atomkraftwerk-prekaer\/#article\",\"isPartOf\":{\"@id\":\"https:\/\/now-news.de\/de\/deutschland\/un-atomaufsichtsbehoerde-situation-in-saporoschje-atomkraftwerk-prekaer\/\"},\"author\":{\"name\":\"rtnews\",\"@id\":\"https:\/\/now-news.de\/de\/#\/schema\/person\/fb534a4e865501d8b3285208df34a9b5\"},\"headline\":\"UN-Atomaufsichtsbeh\u00f6rde: &quot;Situation in Saporoschje-Atomkraftwerk prek\u00e4r&quot;\",\"datePublished\":\"2023-07-13T17:10:10+00:00\",\"dateModified\":\"2023-07-13T17:10:10+00:00\",\"mainEntityOfPage\":{\"@id\":\"https:\/\/now-news.de\/de\/deutschland\/un-atomaufsichtsbehoerde-situation-in-saporoschje-atomkraftwerk-prekaer\/\"},\"wordCount\":418,\"commentCount\":0,\"publisher\":{\"@id\":\"https:\/\/now-news.de\/de\/#organization\"},\"image\":{\"@id\":\"https:\/\/now-news.de\/de\/deutschland\/un-atomaufsichtsbehoerde-situation-in-saporoschje-atomkraftwerk-prekaer\/#primaryimage\"},\"thumbnailUrl\":\"https:\/\/now-news.de\/de\/wp-content\/uploads\/sites\/3\/2023\/07\/UN-Atomaufsichtsbehoerde-quotSituation-in-Saporoschje-Atomkraftwerk-prekaerquot.jpg\",\"keywords\":[\"prek\u00e4rquot\",\"quotSituation\",\"SaporoschjeAtomkraftwerk\",\"UNAtomaufsichtsbeh\u00f6rde\"],\"articleSection\":[\"Deutschland\",\"Russland\"],\"inLanguage\":\"de\",\"potentialAction\":[{\"@type\":\"CommentAction\",\"name\":\"Comment\",\"target\":[\"https:\/\/now-news.de\/de\/deutschland\/un-atomaufsichtsbehoerde-situation-in-saporoschje-atomkraftwerk-prekaer\/#respond\"]}]},{\"@type\":\"WebPage\",\"@id\":\"https:\/\/now-news.de\/de\/deutschland\/un-atomaufsichtsbehoerde-situation-in-saporoschje-atomkraftwerk-prekaer\/\",\"url\":\"https:\/\/now-news.de\/de\/deutschland\/un-atomaufsichtsbehoerde-situation-in-saporoschje-atomkraftwerk-prekaer\/\",\"name\":\"UN-Atomaufsichtsbeh\u00f6rde: &quot;Situation in Saporoschje-Atomkraftwerk prek\u00e4r&quot; - just-now.NEWS Deutschland\",\"isPartOf\":{\"@id\":\"https:\/\/now-news.de\/de\/#website\"},\"primaryImageOfPage\":{\"@id\":\"https:\/\/now-news.de\/de\/deutschland\/un-atomaufsichtsbehoerde-situation-in-saporoschje-atomkraftwerk-prekaer\/#primaryimage\"},\"image\":{\"@id\":\"https:\/\/now-news.de\/de\/deutschland\/un-atomaufsichtsbehoerde-situation-in-saporoschje-atomkraftwerk-prekaer\/#primaryimage\"},\"thumbnailUrl\":\"https:\/\/now-news.de\/de\/wp-content\/uploads\/sites\/3\/2023\/07\/UN-Atomaufsichtsbehoerde-quotSituation-in-Saporoschje-Atomkraftwerk-prekaerquot.jpg\",\"datePublished\":\"2023-07-13T17:10:10+00:00\",\"dateModified\":\"2023-07-13T17:10:10+00:00\",\"breadcrumb\":{\"@id\":\"https:\/\/now-news.de\/de\/deutschland\/un-atomaufsichtsbehoerde-situation-in-saporoschje-atomkraftwerk-prekaer\/#breadcrumb\"},\"inLanguage\":\"de\",\"potentialAction\":[{\"@type\":\"ReadAction\",\"target\":[\"https:\/\/now-news.de\/de\/deutschland\/un-atomaufsichtsbehoerde-situation-in-saporoschje-atomkraftwerk-prekaer\/\"]}]},{\"@type\":\"ImageObject\",\"inLanguage\":\"de\",\"@id\":\"https:\/\/now-news.de\/de\/deutschland\/un-atomaufsichtsbehoerde-situation-in-saporoschje-atomkraftwerk-prekaer\/#primaryimage\",\"url\":\"https:\/\/now-news.de\/de\/wp-content\/uploads\/sites\/3\/2023\/07\/UN-Atomaufsichtsbehoerde-quotSituation-in-Saporoschje-Atomkraftwerk-prekaerquot.jpg\",\"contentUrl\":\"https:\/\/now-news.de\/de\/wp-content\/uploads\/sites\/3\/2023\/07\/UN-Atomaufsichtsbehoerde-quotSituation-in-Saporoschje-Atomkraftwerk-prekaerquot.jpg\",\"width\":460,\"height\":259,\"caption\":\"UN-Atomaufsichtsbeh\u00f6rde: &quot;Situation in Saporoschje-Atomkraftwerk prek\u00e4r&quot;\"},{\"@type\":\"BreadcrumbList\",\"@id\":\"https:\/\/now-news.de\/de\/deutschland\/un-atomaufsichtsbehoerde-situation-in-saporoschje-atomkraftwerk-prekaer\/#breadcrumb\",\"itemListElement\":[{\"@type\":\"ListItem\",\"position\":1,\"name\":\"Home\",\"item\":\"https:\/\/now-news.de\/de\/\"},{\"@type\":\"ListItem\",\"position\":2,\"name\":\"UN-Atomaufsichtsbeh\u00f6rde: &quot;Situation in Saporoschje-Atomkraftwerk prek\u00e4r&quot;\"}]},{\"@type\":\"WebSite\",\"@id\":\"https:\/\/now-news.de\/de\/#website\",\"url\":\"https:\/\/now-news.de\/de\/\",\"name\":\"just-now.NEWS Deutschland\",\"description\":\"Das Portal f\u00fcr unzensierte Nachrichten aus der Welt\",\"publisher\":{\"@id\":\"https:\/\/now-news.de\/de\/#organization\"},\"potentialAction\":[{\"@type\":\"SearchAction\",\"target\":{\"@type\":\"EntryPoint\",\"urlTemplate\":\"https:\/\/now-news.de\/de\/?s={search_term_string}\"},\"query-input\":\"required name=search_term_string\"}],\"inLanguage\":\"de\"},{\"@type\":\"Organization\",\"@id\":\"https:\/\/now-news.de\/de\/#organization\",\"name\":\"Just Now News\",\"url\":\"https:\/\/now-news.de\/de\/\",\"logo\":{\"@type\":\"ImageObject\",\"inLanguage\":\"de\",\"@id\":\"https:\/\/now-news.de\/de\/#\/schema\/logo\/image\/\",\"url\":\"http:\/\/just-now.news\/de\/wp-content\/uploads\/sites\/3\/2022\/04\/logo500x500.jpg\",\"contentUrl\":\"http:\/\/just-now.news\/de\/wp-content\/uploads\/sites\/3\/2022\/04\/logo500x500.jpg\",\"width\":500,\"height\":500,\"caption\":\"Just Now News\"},\"image\":{\"@id\":\"https:\/\/now-news.de\/de\/#\/schema\/logo\/image\/\"},\"sameAs\":[\"https:\/\/www.facebook.com\/wirmachenauf\",\"https:\/\/x.com\/WirMachenAuf_de\"]},{\"@type\":\"Person\",\"@id\":\"https:\/\/now-news.de\/de\/#\/schema\/person\/fb534a4e865501d8b3285208df34a9b5\",\"name\":\"rtnews\",\"image\":{\"@type\":\"ImageObject\",\"inLanguage\":\"de\",\"@id\":\"https:\/\/now-news.de\/de\/#\/schema\/person\/image\/\",\"url\":\"https:\/\/secure.gravatar.com\/avatar\/82aafea7d8127119dd649515f56e2117?s=96&d=mm&r=g\",\"contentUrl\":\"https:\/\/secure.gravatar.com\/avatar\/82aafea7d8127119dd649515f56e2117?s=96&d=mm&r=g\",\"caption\":\"rtnews\"},\"url\":\"https:\/\/now-news.de\/de\/author\/rnews\/\"}]}<\/script>\n<!-- \/ Yoast SEO Premium plugin. -->","yoast_head_json":{"title":"UN-Atomaufsichtsbeh\u00f6rde: &quot;Situation in Saporoschje-Atomkraftwerk prek\u00e4r&quot; - just-now.NEWS Deutschland","robots":{"index":"index","follow":"follow","max-snippet":"max-snippet:-1","max-image-preview":"max-image-preview:large","max-video-preview":"max-video-preview:-1"},"canonical":"https:\/\/now-news.de\/de\/deutschland\/un-atomaufsichtsbehoerde-situation-in-saporoschje-atomkraftwerk-prekaer\/","og_locale":"de_DE","og_type":"article","og_title":"UN-Atomaufsichtsbeh\u00f6rde: &quot;Situation in Saporoschje-Atomkraftwerk prek\u00e4r&quot;","og_description":"Beobachter der UN-Atomaufsichtsbeh\u00f6rde (IAEO), die in der Anlage in Saporoschje stationiert sind, berichteten von mehrere Explosionen &#8220;in einiger Entfernung&#8221;. Die Anlage ist die gr\u00f6\u00dfte ihrer Art in Europa und befindet sich in der N\u00e4he der Frontlinie des russisch-ukrainischen Konflikts. Die Lage im Kernkraftwerk Saporoschje ist weiterhin &#8220;sehr prek\u00e4r&#8221;, da Inspektoren in den vergangenen Tagen eine [&hellip;]","og_url":"https:\/\/now-news.de\/de\/deutschland\/un-atomaufsichtsbehoerde-situation-in-saporoschje-atomkraftwerk-prekaer\/","og_site_name":"just-now.NEWS Deutschland","article_publisher":"https:\/\/www.facebook.com\/wirmachenauf","article_published_time":"2023-07-13T17:10:10+00:00","og_image":[{"width":460,"height":259,"url":"https:\/\/now-news.de\/de\/wp-content\/uploads\/sites\/3\/2023\/07\/UN-Atomaufsichtsbehoerde-quotSituation-in-Saporoschje-Atomkraftwerk-prekaerquot.jpg","type":"image\/jpeg"}],"author":"rtnews","twitter_card":"summary_large_image","twitter_creator":"@WirMachenAuf_de","twitter_site":"@WirMachenAuf_de","twitter_misc":{"Verfasst von":"rtnews","Gesch\u00e4tzte Lesezeit":"2\u00a0Minuten"},"schema":{"@context":"https:\/\/schema.org","@graph":[{"@type":"Article","@id":"https:\/\/now-news.de\/de\/deutschland\/un-atomaufsichtsbehoerde-situation-in-saporoschje-atomkraftwerk-prekaer\/#article","isPartOf":{"@id":"https:\/\/now-news.de\/de\/deutschland\/un-atomaufsichtsbehoerde-situation-in-saporoschje-atomkraftwerk-prekaer\/"},"author":{"name":"rtnews","@id":"https:\/\/now-news.de\/de\/#\/schema\/person\/fb534a4e865501d8b3285208df34a9b5"},"headline":"UN-Atomaufsichtsbeh\u00f6rde: &quot;Situation in Saporoschje-Atomkraftwerk prek\u00e4r&quot;","datePublished":"2023-07-13T17:10:10+00:00","dateModified":"2023-07-13T17:10:10+00:00","mainEntityOfPage":{"@id":"https:\/\/now-news.de\/de\/deutschland\/un-atomaufsichtsbehoerde-situation-in-saporoschje-atomkraftwerk-prekaer\/"},"wordCount":418,"commentCount":0,"publisher":{"@id":"https:\/\/now-news.de\/de\/#organization"},"image":{"@id":"https:\/\/now-news.de\/de\/deutschland\/un-atomaufsichtsbehoerde-situation-in-saporoschje-atomkraftwerk-prekaer\/#primaryimage"},"thumbnailUrl":"https:\/\/now-news.de\/de\/wp-content\/uploads\/sites\/3\/2023\/07\/UN-Atomaufsichtsbehoerde-quotSituation-in-Saporoschje-Atomkraftwerk-prekaerquot.jpg","keywords":["prek\u00e4rquot","quotSituation","SaporoschjeAtomkraftwerk","UNAtomaufsichtsbeh\u00f6rde"],"articleSection":["Deutschland","Russland"],"inLanguage":"de","potentialAction":[{"@type":"CommentAction","name":"Comment","target":["https:\/\/now-news.de\/de\/deutschland\/un-atomaufsichtsbehoerde-situation-in-saporoschje-atomkraftwerk-prekaer\/#respond"]}]},{"@type":"WebPage","@id":"https:\/\/now-news.de\/de\/deutschland\/un-atomaufsichtsbehoerde-situation-in-saporoschje-atomkraftwerk-prekaer\/","url":"https:\/\/now-news.de\/de\/deutschland\/un-atomaufsichtsbehoerde-situation-in-saporoschje-atomkraftwerk-prekaer\/","name":"UN-Atomaufsichtsbeh\u00f6rde: &quot;Situation in Saporoschje-Atomkraftwerk prek\u00e4r&quot; - just-now.NEWS Deutschland","isPartOf":{"@id":"https:\/\/now-news.de\/de\/#website"},"primaryImageOfPage":{"@id":"https:\/\/now-news.de\/de\/deutschland\/un-atomaufsichtsbehoerde-situation-in-saporoschje-atomkraftwerk-prekaer\/#primaryimage"},"image":{"@id":"https:\/\/now-news.de\/de\/deutschland\/un-atomaufsichtsbehoerde-situation-in-saporoschje-atomkraftwerk-prekaer\/#primaryimage"},"thumbnailUrl":"https:\/\/now-news.de\/de\/wp-content\/uploads\/sites\/3\/2023\/07\/UN-Atomaufsichtsbehoerde-quotSituation-in-Saporoschje-Atomkraftwerk-prekaerquot.jpg","datePublished":"2023-07-13T17:10:10+00:00","dateModified":"2023-07-13T17:10:10+00:00","breadcrumb":{"@id":"https:\/\/now-news.de\/de\/deutschland\/un-atomaufsichtsbehoerde-situation-in-saporoschje-atomkraftwerk-prekaer\/#breadcrumb"},"inLanguage":"de","potentialAction":[{"@type":"ReadAction","target":["https:\/\/now-news.de\/de\/deutschland\/un-atomaufsichtsbehoerde-situation-in-saporoschje-atomkraftwerk-prekaer\/"]}]},{"@type":"ImageObject","inLanguage":"de","@id":"https:\/\/now-news.de\/de\/deutschland\/un-atomaufsichtsbehoerde-situation-in-saporoschje-atomkraftwerk-prekaer\/#primaryimage","url":"https:\/\/now-news.de\/de\/wp-content\/uploads\/sites\/3\/2023\/07\/UN-Atomaufsichtsbehoerde-quotSituation-in-Saporoschje-Atomkraftwerk-prekaerquot.jpg","contentUrl":"https:\/\/now-news.de\/de\/wp-content\/uploads\/sites\/3\/2023\/07\/UN-Atomaufsichtsbehoerde-quotSituation-in-Saporoschje-Atomkraftwerk-prekaerquot.jpg","width":460,"height":259,"caption":"UN-Atomaufsichtsbeh\u00f6rde: &quot;Situation in Saporoschje-Atomkraftwerk prek\u00e4r&quot;"},{"@type":"BreadcrumbList","@id":"https:\/\/now-news.de\/de\/deutschland\/un-atomaufsichtsbehoerde-situation-in-saporoschje-atomkraftwerk-prekaer\/#breadcrumb","itemListElement":[{"@type":"ListItem","position":1,"name":"Home","item":"https:\/\/now-news.de\/de\/"},{"@type":"ListItem","position":2,"name":"UN-Atomaufsichtsbeh\u00f6rde: &quot;Situation in Saporoschje-Atomkraftwerk prek\u00e4r&quot;"}]},{"@type":"WebSite","@id":"https:\/\/now-news.de\/de\/#website","url":"https:\/\/now-news.de\/de\/","name":"just-now.NEWS Deutschland","description":"Das Portal f\u00fcr unzensierte Nachrichten aus der Welt","publisher":{"@id":"https:\/\/now-news.de\/de\/#organization"},"potentialAction":[{"@type":"SearchAction","target":{"@type":"EntryPoint","urlTemplate":"https:\/\/now-news.de\/de\/?s={search_term_string}"},"query-input":"required name=search_term_string"}],"inLanguage":"de"},{"@type":"Organization","@id":"https:\/\/now-news.de\/de\/#organization","name":"Just Now News","url":"https:\/\/now-news.de\/de\/","logo":{"@type":"ImageObject","inLanguage":"de","@id":"https:\/\/now-news.de\/de\/#\/schema\/logo\/image\/","url":"http:\/\/just-now.news\/de\/wp-content\/uploads\/sites\/3\/2022\/04\/logo500x500.jpg","contentUrl":"http:\/\/just-now.news\/de\/wp-content\/uploads\/sites\/3\/2022\/04\/logo500x500.jpg","width":500,"height":500,"caption":"Just Now News"},"image":{"@id":"https:\/\/now-news.de\/de\/#\/schema\/logo\/image\/"},"sameAs":["https:\/\/www.facebook.com\/wirmachenauf","https:\/\/x.com\/WirMachenAuf_de"]},{"@type":"Person","@id":"https:\/\/now-news.de\/de\/#\/schema\/person\/fb534a4e865501d8b3285208df34a9b5","name":"rtnews","image":{"@type":"ImageObject","inLanguage":"de","@id":"https:\/\/now-news.de\/de\/#\/schema\/person\/image\/","url":"https:\/\/secure.gravatar.com\/avatar\/82aafea7d8127119dd649515f56e2117?s=96&d=mm&r=g","contentUrl":"https:\/\/secure.gravatar.com\/avatar\/82aafea7d8127119dd649515f56e2117?s=96&d=mm&r=g","caption":"rtnews"},"url":"https:\/\/now-news.de\/de\/author\/rnews\/"}]}},"_links":{"self":[{"href":"https:\/\/now-news.de\/de\/wp-json\/wp\/v2\/posts\/40083"}],"collection":[{"href":"https:\/\/now-news.de\/de\/wp-json\/wp\/v2\/posts"}],"about":[{"href":"https:\/\/now-news.de\/de\/wp-json\/wp\/v2\/types\/post"}],"author":[{"embeddable":true,"href":"https:\/\/now-news.de\/de\/wp-json\/wp\/v2\/users\/3"}],"replies":[{"embeddable":true,"href":"https:\/\/now-news.de\/de\/wp-json\/wp\/v2\/comments?post=40083"}],"version-history":[{"count":0,"href":"https:\/\/now-news.de\/de\/wp-json\/wp\/v2\/posts\/40083\/revisions"}],"wp:featuredmedia":[{"embeddable":true,"href":"https:\/\/now-news.de\/de\/wp-json\/wp\/v2\/media\/40084"}],"wp:attachment":[{"href":"https:\/\/now-news.de\/de\/wp-json\/wp\/v2\/media?parent=40083"}],"wp:term":[{"taxonomy":"category","embeddable":true,"href":"https:\/\/now-news.de\/de\/wp-json\/wp\/v2\/categories?post=40083"},{"taxonomy":"post_tag","embeddable":true,"href":"https:\/\/now-news.de\/de\/wp-json\/wp\/v2\/tags?post=40083"}],"curies":[{"name":"wp","href":"https:\/\/api.w.org\/{rel}","templated":true}]}}