{"id":40053,"date":"2023-07-13T14:06:13","date_gmt":"2023-07-13T12:06:13","guid":{"rendered":"https:\/\/just-now.news\/de\/deutschland\/tunesier-treiben-hunderte-fluechtlinge-in-die-wueste\/"},"modified":"2023-07-13T14:06:13","modified_gmt":"2023-07-13T12:06:13","slug":"tunesier-treiben-hunderte-fluechtlinge-in-die-wueste","status":"publish","type":"post","link":"https:\/\/now-news.de\/de\/deutschland\/tunesier-treiben-hunderte-fluechtlinge-in-die-wueste\/","title":{"rendered":"Tunesier treiben Hunderte Fl\u00fcchtlinge in die W\u00fcste"},"content":{"rendered":"<p><img decoding=\"async\" src=\"http:\/\/just-now.news\/de\/wp-content\/uploads\/sites\/3\/2023\/07\/64afceae48fbef0693340755.jpg\" \/><\/p>\n<div class=\"Text-root Text-type_1 \">\n                Nachdem es in der tunesischen Hafenstadt Sfax zu Auseinandersetzungen zwischen Bewohnern und Fl\u00fcchtlingen gekommen war, flohen in den vergangenen Tagen Hunderte der afrikanischen Fl\u00fcchtlinge in die W\u00fcste \u2013 oder wurden gewaltsam dorthin vertrieben.\n            <\/div>\n<p><\/p>\n<div class=\"Text-root Text-type_5 ArticleView-text ViewText-root \">\n<p>Nach Auseinandersetzungen zwischen Bewohnern und Fl\u00fcchtlingen in der tunesischen Hafenstadt Sfax flohen in den vergangenen Tagen Hunderte der afrikanischen Fl\u00fcchtlinge in die W\u00fcste \u2013 oder wurden gewaltsam dorthin vertrieben.<\/p>\n<p>Die Hilfsorganisation Roter Halbmond habe die Erlaubnis erhalten, Hunderte Menschen aufzunehmen, die nahe dem Grenzposten Ras Ajdir an der libyschen Grenze ohne Wasser und Nahrung zur\u00fcckgelassen worden waren, sagte der Pr\u00e4sident der Hilfsorganisation, Abdellatif Jabu, der Nachrichtenagentur\u00a0<em>AFP<\/em>\u00a0am Mittwoch.<\/p>\n<p>Die Organisation habe am Sonntag und Montag insgesamt 630 Fl\u00fcchtlinge aufgenommen, und die Zahl k\u00f6nne in den kommenden Tagen noch steigen, sagte er. Die Menschen seien aus verschiedenen Orten gekommen, eine Gruppe aus Tunesien, eine andere aus Libyen. Kleinere Gruppen von Menschen seien immer noch in der Grenzregion gestrandet.<\/p>\n<p>Einem\u00a0<em>AFP<\/em>-Korrespondenten zufolge waren zahlreiche Menschen, darunter Kinder, in einem Schulgeb\u00e4ude in Ben Guerdane westlich von Ras Ajdir untergebracht.<\/p>\n<p>Nach Auseinandersetzungen mit Bewohnern und Bewohnerinnen der Hafenstadt Sfax waren in den vergangenen Tagen Hunderte afrikanische Fl\u00fcchtlinge in die W\u00fcste geflohen oder gewaltsam dorthin vertrieben worden.<\/p>\n<p>Am Montag wurden laut Medienberichten und Menschenrechtsorganisationen etwa 260 Menschen in tunesische St\u00e4dte gebracht, unter anderem nach Medenine, Tataouine und Gabes.<\/p>\n<p>Sfax gilt als einer der Starth\u00e4fen f\u00fcr Fl\u00fcchtlinge aus afrikanischen L\u00e4ndern, die von dort in Booten nach Europa aufbrechen. Die zweitgr\u00f6\u00dfte Stadt Tunesiens liegt rund 130 Kilometer von der italienischen Insel Lampedusa entfernt.<\/p>\n<p>In Tunesien war es zuletzt zu einem Anstieg von Angriffen auf Menschen aus afrikanischen L\u00e4ndern s\u00fcdlich der Sahara gekommen, nachdem Pr\u00e4sident Kais Saied im Februar &#8220;Horden&#8221; illegal Eingewanderter einer &#8220;kriminellen Verschw\u00f6rung&#8221; beschuldigt hatte.<\/p>\n<p><strong>Mehr zum Thema<\/strong> \u2013 <a rel=\"nofollow noopener\" target=\"_blank\" href=\"https:\/\/freeassange.rtde.life\/europa\/174641-unruhen-sind-guerillakrieg-franzoesischer-parlamentarier-fuer-austritt-aus-schengen-abkommen\/\">&#8220;Unruhen sind Guerillakrieg&#8221; \u2013 Franz\u00f6sischer Parlamentarier f\u00fcr Austritt aus Schengen-Abkommen<\/a><\/p>\n<div class=\"EmbedBlock-root EmbedBlock-externalVideo EmbedBlock-odysee\">\n<div class=\"VkEmbed\"><iframe class=\"lazyload\" data-src=\"https:\/\/odysee.com\/%24\/embed\/%40RTDE%3Ae%2FNiederl%C3%A4ndischer_Regierungschef_Rutte_k%C3%BCndigt_R%C3%BCckzug_aus_der_Politik_an%3Ac\" frameborder=\"0\" width=\"853\" height=\"480\" allowfullscreen><\/iframe><\/div>\n<\/div>\n<\/div>\n<p><br \/>\n<br \/><a href=\"https:\/\/de.rt.com\/afrika\/175160-tunesier-treiben-hunderte-fluechtlinge-in\/\">Source link <\/a><\/p>\n","protected":false},"excerpt":{"rendered":"<p>Nachdem es in der tunesischen Hafenstadt Sfax zu Auseinandersetzungen zwischen Bewohnern und Fl\u00fcchtlingen gekommen war, flohen in den vergangenen Tagen Hunderte der afrikanischen Fl\u00fcchtlinge in die W\u00fcste \u2013 oder wurden gewaltsam dorthin vertrieben. Nach Auseinandersetzungen zwischen Bewohnern und Fl\u00fcchtlingen in der tunesischen Hafenstadt Sfax flohen in den vergangenen Tagen Hunderte der afrikanischen Fl\u00fcchtlinge in die [&hellip;]<\/p>\n","protected":false},"author":3,"featured_media":40054,"comment_status":"open","ping_status":"open","sticky":false,"template":"","format":"standard","meta":{"_yoast_indexnow_last_ping":["1689250193"],"wp_automatic_camp":["217"],"f7bad1266821519549ec2d491b8a7593":["Tunesier treiben Hunderte Fl\u00fcchtlinge in die W\u00fcste"],"original_link":["https:\/\/de.rt.com\/afrika\/175160-tunesier-treiben-hunderte-fluechtlinge-in\/"],"_thumbnail_id":["40054"],"_wptgpro_p2tg_sent2tg":["a:1:{i:23737;s:19:\"2023-07-13 14:10:57\";}"],"jnews_social_counter_last_update":["1777348227"]},"categories":[19,23],"tags":[45,7572,4403,6055,46693,29689],"yoast_head":"<!-- This site is optimized with the Yoast SEO Premium plugin v22.7 (Yoast SEO v22.7) - https:\/\/yoast.com\/wordpress\/plugins\/seo\/ -->\n<title>Tunesier treiben Hunderte Fl\u00fcchtlinge in die W\u00fcste - just-now.NEWS Deutschland<\/title>\n<meta name=\"robots\" content=\"index, follow, max-snippet:-1, max-image-preview:large, max-video-preview:-1\" \/>\n<link rel=\"canonical\" href=\"https:\/\/now-news.de\/de\/deutschland\/tunesier-treiben-hunderte-fluechtlinge-in-die-wueste\/\" \/>\n<meta property=\"og:locale\" content=\"de_DE\" \/>\n<meta property=\"og:type\" content=\"article\" \/>\n<meta property=\"og:title\" content=\"Tunesier treiben Hunderte Fl\u00fcchtlinge in die W\u00fcste\" \/>\n<meta property=\"og:description\" content=\"Nachdem es in der tunesischen Hafenstadt Sfax zu Auseinandersetzungen zwischen Bewohnern und Fl\u00fcchtlingen gekommen war, flohen in den vergangenen Tagen Hunderte der afrikanischen Fl\u00fcchtlinge in die W\u00fcste \u2013 oder wurden gewaltsam dorthin vertrieben. Nach Auseinandersetzungen zwischen Bewohnern und Fl\u00fcchtlingen in der tunesischen Hafenstadt Sfax flohen in den vergangenen Tagen Hunderte der afrikanischen Fl\u00fcchtlinge in die [&hellip;]\" \/>\n<meta property=\"og:url\" content=\"https:\/\/now-news.de\/de\/deutschland\/tunesier-treiben-hunderte-fluechtlinge-in-die-wueste\/\" \/>\n<meta property=\"og:site_name\" content=\"just-now.NEWS Deutschland\" \/>\n<meta property=\"article:publisher\" content=\"https:\/\/www.facebook.com\/wirmachenauf\" \/>\n<meta property=\"article:published_time\" content=\"2023-07-13T12:06:13+00:00\" \/>\n<meta property=\"og:image\" content=\"https:\/\/now-news.de\/de\/wp-content\/uploads\/sites\/3\/2023\/07\/Tunesier-treiben-Hunderte-Fluechtlinge-in-die-Wueste.jpg\" \/>\n\t<meta property=\"og:image:width\" content=\"460\" \/>\n\t<meta property=\"og:image:height\" content=\"259\" \/>\n\t<meta property=\"og:image:type\" content=\"image\/jpeg\" \/>\n<meta name=\"author\" content=\"rtnews\" \/>\n<meta name=\"twitter:card\" content=\"summary_large_image\" \/>\n<meta name=\"twitter:creator\" content=\"@WirMachenAuf_de\" \/>\n<meta name=\"twitter:site\" content=\"@WirMachenAuf_de\" \/>\n<meta name=\"twitter:label1\" content=\"Verfasst von\" \/>\n\t<meta name=\"twitter:data1\" content=\"rtnews\" \/>\n\t<meta name=\"twitter:label2\" content=\"Gesch\u00e4tzte Lesezeit\" \/>\n\t<meta name=\"twitter:data2\" content=\"2\u00a0Minuten\" \/>\n<script type=\"application\/ld+json\" class=\"yoast-schema-graph\">{\"@context\":\"https:\/\/schema.org\",\"@graph\":[{\"@type\":\"Article\",\"@id\":\"https:\/\/now-news.de\/de\/deutschland\/tunesier-treiben-hunderte-fluechtlinge-in-die-wueste\/#article\",\"isPartOf\":{\"@id\":\"https:\/\/now-news.de\/de\/deutschland\/tunesier-treiben-hunderte-fluechtlinge-in-die-wueste\/\"},\"author\":{\"name\":\"rtnews\",\"@id\":\"https:\/\/now-news.de\/de\/#\/schema\/person\/fb534a4e865501d8b3285208df34a9b5\"},\"headline\":\"Tunesier treiben Hunderte Fl\u00fcchtlinge in die W\u00fcste\",\"datePublished\":\"2023-07-13T12:06:13+00:00\",\"dateModified\":\"2023-07-13T12:06:13+00:00\",\"mainEntityOfPage\":{\"@id\":\"https:\/\/now-news.de\/de\/deutschland\/tunesier-treiben-hunderte-fluechtlinge-in-die-wueste\/\"},\"wordCount\":327,\"commentCount\":0,\"publisher\":{\"@id\":\"https:\/\/now-news.de\/de\/#organization\"},\"image\":{\"@id\":\"https:\/\/now-news.de\/de\/deutschland\/tunesier-treiben-hunderte-fluechtlinge-in-die-wueste\/#primaryimage\"},\"thumbnailUrl\":\"https:\/\/now-news.de\/de\/wp-content\/uploads\/sites\/3\/2023\/07\/Tunesier-treiben-Hunderte-Fluechtlinge-in-die-Wueste.jpg\",\"keywords\":[\"die\",\"Fl\u00fcchtlinge\",\"Hunderte\",\"treiben\",\"Tunesier\",\"W\u00fcste\"],\"articleSection\":[\"Deutschland\",\"Russland\"],\"inLanguage\":\"de\",\"potentialAction\":[{\"@type\":\"CommentAction\",\"name\":\"Comment\",\"target\":[\"https:\/\/now-news.de\/de\/deutschland\/tunesier-treiben-hunderte-fluechtlinge-in-die-wueste\/#respond\"]}]},{\"@type\":\"WebPage\",\"@id\":\"https:\/\/now-news.de\/de\/deutschland\/tunesier-treiben-hunderte-fluechtlinge-in-die-wueste\/\",\"url\":\"https:\/\/now-news.de\/de\/deutschland\/tunesier-treiben-hunderte-fluechtlinge-in-die-wueste\/\",\"name\":\"Tunesier treiben Hunderte Fl\u00fcchtlinge in die W\u00fcste - just-now.NEWS Deutschland\",\"isPartOf\":{\"@id\":\"https:\/\/now-news.de\/de\/#website\"},\"primaryImageOfPage\":{\"@id\":\"https:\/\/now-news.de\/de\/deutschland\/tunesier-treiben-hunderte-fluechtlinge-in-die-wueste\/#primaryimage\"},\"image\":{\"@id\":\"https:\/\/now-news.de\/de\/deutschland\/tunesier-treiben-hunderte-fluechtlinge-in-die-wueste\/#primaryimage\"},\"thumbnailUrl\":\"https:\/\/now-news.de\/de\/wp-content\/uploads\/sites\/3\/2023\/07\/Tunesier-treiben-Hunderte-Fluechtlinge-in-die-Wueste.jpg\",\"datePublished\":\"2023-07-13T12:06:13+00:00\",\"dateModified\":\"2023-07-13T12:06:13+00:00\",\"breadcrumb\":{\"@id\":\"https:\/\/now-news.de\/de\/deutschland\/tunesier-treiben-hunderte-fluechtlinge-in-die-wueste\/#breadcrumb\"},\"inLanguage\":\"de\",\"potentialAction\":[{\"@type\":\"ReadAction\",\"target\":[\"https:\/\/now-news.de\/de\/deutschland\/tunesier-treiben-hunderte-fluechtlinge-in-die-wueste\/\"]}]},{\"@type\":\"ImageObject\",\"inLanguage\":\"de\",\"@id\":\"https:\/\/now-news.de\/de\/deutschland\/tunesier-treiben-hunderte-fluechtlinge-in-die-wueste\/#primaryimage\",\"url\":\"https:\/\/now-news.de\/de\/wp-content\/uploads\/sites\/3\/2023\/07\/Tunesier-treiben-Hunderte-Fluechtlinge-in-die-Wueste.jpg\",\"contentUrl\":\"https:\/\/now-news.de\/de\/wp-content\/uploads\/sites\/3\/2023\/07\/Tunesier-treiben-Hunderte-Fluechtlinge-in-die-Wueste.jpg\",\"width\":460,\"height\":259,\"caption\":\"Tunesier treiben Hunderte Fl\u00fcchtlinge in die W\u00fcste\"},{\"@type\":\"BreadcrumbList\",\"@id\":\"https:\/\/now-news.de\/de\/deutschland\/tunesier-treiben-hunderte-fluechtlinge-in-die-wueste\/#breadcrumb\",\"itemListElement\":[{\"@type\":\"ListItem\",\"position\":1,\"name\":\"Home\",\"item\":\"https:\/\/now-news.de\/de\/\"},{\"@type\":\"ListItem\",\"position\":2,\"name\":\"Tunesier treiben Hunderte Fl\u00fcchtlinge in die W\u00fcste\"}]},{\"@type\":\"WebSite\",\"@id\":\"https:\/\/now-news.de\/de\/#website\",\"url\":\"https:\/\/now-news.de\/de\/\",\"name\":\"just-now.NEWS Deutschland\",\"description\":\"Das Portal f\u00fcr unzensierte Nachrichten aus der Welt\",\"publisher\":{\"@id\":\"https:\/\/now-news.de\/de\/#organization\"},\"potentialAction\":[{\"@type\":\"SearchAction\",\"target\":{\"@type\":\"EntryPoint\",\"urlTemplate\":\"https:\/\/now-news.de\/de\/?s={search_term_string}\"},\"query-input\":\"required name=search_term_string\"}],\"inLanguage\":\"de\"},{\"@type\":\"Organization\",\"@id\":\"https:\/\/now-news.de\/de\/#organization\",\"name\":\"Just Now News\",\"url\":\"https:\/\/now-news.de\/de\/\",\"logo\":{\"@type\":\"ImageObject\",\"inLanguage\":\"de\",\"@id\":\"https:\/\/now-news.de\/de\/#\/schema\/logo\/image\/\",\"url\":\"http:\/\/just-now.news\/de\/wp-content\/uploads\/sites\/3\/2022\/04\/logo500x500.jpg\",\"contentUrl\":\"http:\/\/just-now.news\/de\/wp-content\/uploads\/sites\/3\/2022\/04\/logo500x500.jpg\",\"width\":500,\"height\":500,\"caption\":\"Just Now News\"},\"image\":{\"@id\":\"https:\/\/now-news.de\/de\/#\/schema\/logo\/image\/\"},\"sameAs\":[\"https:\/\/www.facebook.com\/wirmachenauf\",\"https:\/\/x.com\/WirMachenAuf_de\"]},{\"@type\":\"Person\",\"@id\":\"https:\/\/now-news.de\/de\/#\/schema\/person\/fb534a4e865501d8b3285208df34a9b5\",\"name\":\"rtnews\",\"image\":{\"@type\":\"ImageObject\",\"inLanguage\":\"de\",\"@id\":\"https:\/\/now-news.de\/de\/#\/schema\/person\/image\/\",\"url\":\"https:\/\/secure.gravatar.com\/avatar\/82aafea7d8127119dd649515f56e2117?s=96&d=mm&r=g\",\"contentUrl\":\"https:\/\/secure.gravatar.com\/avatar\/82aafea7d8127119dd649515f56e2117?s=96&d=mm&r=g\",\"caption\":\"rtnews\"},\"url\":\"https:\/\/now-news.de\/de\/author\/rnews\/\"}]}<\/script>\n<!-- \/ Yoast SEO Premium plugin. -->","yoast_head_json":{"title":"Tunesier treiben Hunderte Fl\u00fcchtlinge in die W\u00fcste - just-now.NEWS Deutschland","robots":{"index":"index","follow":"follow","max-snippet":"max-snippet:-1","max-image-preview":"max-image-preview:large","max-video-preview":"max-video-preview:-1"},"canonical":"https:\/\/now-news.de\/de\/deutschland\/tunesier-treiben-hunderte-fluechtlinge-in-die-wueste\/","og_locale":"de_DE","og_type":"article","og_title":"Tunesier treiben Hunderte Fl\u00fcchtlinge in die W\u00fcste","og_description":"Nachdem es in der tunesischen Hafenstadt Sfax zu Auseinandersetzungen zwischen Bewohnern und Fl\u00fcchtlingen gekommen war, flohen in den vergangenen Tagen Hunderte der afrikanischen Fl\u00fcchtlinge in die W\u00fcste \u2013 oder wurden gewaltsam dorthin vertrieben. Nach Auseinandersetzungen zwischen Bewohnern und Fl\u00fcchtlingen in der tunesischen Hafenstadt Sfax flohen in den vergangenen Tagen Hunderte der afrikanischen Fl\u00fcchtlinge in die [&hellip;]","og_url":"https:\/\/now-news.de\/de\/deutschland\/tunesier-treiben-hunderte-fluechtlinge-in-die-wueste\/","og_site_name":"just-now.NEWS Deutschland","article_publisher":"https:\/\/www.facebook.com\/wirmachenauf","article_published_time":"2023-07-13T12:06:13+00:00","og_image":[{"width":460,"height":259,"url":"https:\/\/now-news.de\/de\/wp-content\/uploads\/sites\/3\/2023\/07\/Tunesier-treiben-Hunderte-Fluechtlinge-in-die-Wueste.jpg","type":"image\/jpeg"}],"author":"rtnews","twitter_card":"summary_large_image","twitter_creator":"@WirMachenAuf_de","twitter_site":"@WirMachenAuf_de","twitter_misc":{"Verfasst von":"rtnews","Gesch\u00e4tzte Lesezeit":"2\u00a0Minuten"},"schema":{"@context":"https:\/\/schema.org","@graph":[{"@type":"Article","@id":"https:\/\/now-news.de\/de\/deutschland\/tunesier-treiben-hunderte-fluechtlinge-in-die-wueste\/#article","isPartOf":{"@id":"https:\/\/now-news.de\/de\/deutschland\/tunesier-treiben-hunderte-fluechtlinge-in-die-wueste\/"},"author":{"name":"rtnews","@id":"https:\/\/now-news.de\/de\/#\/schema\/person\/fb534a4e865501d8b3285208df34a9b5"},"headline":"Tunesier treiben Hunderte Fl\u00fcchtlinge in die W\u00fcste","datePublished":"2023-07-13T12:06:13+00:00","dateModified":"2023-07-13T12:06:13+00:00","mainEntityOfPage":{"@id":"https:\/\/now-news.de\/de\/deutschland\/tunesier-treiben-hunderte-fluechtlinge-in-die-wueste\/"},"wordCount":327,"commentCount":0,"publisher":{"@id":"https:\/\/now-news.de\/de\/#organization"},"image":{"@id":"https:\/\/now-news.de\/de\/deutschland\/tunesier-treiben-hunderte-fluechtlinge-in-die-wueste\/#primaryimage"},"thumbnailUrl":"https:\/\/now-news.de\/de\/wp-content\/uploads\/sites\/3\/2023\/07\/Tunesier-treiben-Hunderte-Fluechtlinge-in-die-Wueste.jpg","keywords":["die","Fl\u00fcchtlinge","Hunderte","treiben","Tunesier","W\u00fcste"],"articleSection":["Deutschland","Russland"],"inLanguage":"de","potentialAction":[{"@type":"CommentAction","name":"Comment","target":["https:\/\/now-news.de\/de\/deutschland\/tunesier-treiben-hunderte-fluechtlinge-in-die-wueste\/#respond"]}]},{"@type":"WebPage","@id":"https:\/\/now-news.de\/de\/deutschland\/tunesier-treiben-hunderte-fluechtlinge-in-die-wueste\/","url":"https:\/\/now-news.de\/de\/deutschland\/tunesier-treiben-hunderte-fluechtlinge-in-die-wueste\/","name":"Tunesier treiben Hunderte Fl\u00fcchtlinge in die W\u00fcste - just-now.NEWS Deutschland","isPartOf":{"@id":"https:\/\/now-news.de\/de\/#website"},"primaryImageOfPage":{"@id":"https:\/\/now-news.de\/de\/deutschland\/tunesier-treiben-hunderte-fluechtlinge-in-die-wueste\/#primaryimage"},"image":{"@id":"https:\/\/now-news.de\/de\/deutschland\/tunesier-treiben-hunderte-fluechtlinge-in-die-wueste\/#primaryimage"},"thumbnailUrl":"https:\/\/now-news.de\/de\/wp-content\/uploads\/sites\/3\/2023\/07\/Tunesier-treiben-Hunderte-Fluechtlinge-in-die-Wueste.jpg","datePublished":"2023-07-13T12:06:13+00:00","dateModified":"2023-07-13T12:06:13+00:00","breadcrumb":{"@id":"https:\/\/now-news.de\/de\/deutschland\/tunesier-treiben-hunderte-fluechtlinge-in-die-wueste\/#breadcrumb"},"inLanguage":"de","potentialAction":[{"@type":"ReadAction","target":["https:\/\/now-news.de\/de\/deutschland\/tunesier-treiben-hunderte-fluechtlinge-in-die-wueste\/"]}]},{"@type":"ImageObject","inLanguage":"de","@id":"https:\/\/now-news.de\/de\/deutschland\/tunesier-treiben-hunderte-fluechtlinge-in-die-wueste\/#primaryimage","url":"https:\/\/now-news.de\/de\/wp-content\/uploads\/sites\/3\/2023\/07\/Tunesier-treiben-Hunderte-Fluechtlinge-in-die-Wueste.jpg","contentUrl":"https:\/\/now-news.de\/de\/wp-content\/uploads\/sites\/3\/2023\/07\/Tunesier-treiben-Hunderte-Fluechtlinge-in-die-Wueste.jpg","width":460,"height":259,"caption":"Tunesier treiben Hunderte Fl\u00fcchtlinge in die W\u00fcste"},{"@type":"BreadcrumbList","@id":"https:\/\/now-news.de\/de\/deutschland\/tunesier-treiben-hunderte-fluechtlinge-in-die-wueste\/#breadcrumb","itemListElement":[{"@type":"ListItem","position":1,"name":"Home","item":"https:\/\/now-news.de\/de\/"},{"@type":"ListItem","position":2,"name":"Tunesier treiben Hunderte Fl\u00fcchtlinge in die W\u00fcste"}]},{"@type":"WebSite","@id":"https:\/\/now-news.de\/de\/#website","url":"https:\/\/now-news.de\/de\/","name":"just-now.NEWS Deutschland","description":"Das Portal f\u00fcr unzensierte Nachrichten aus der Welt","publisher":{"@id":"https:\/\/now-news.de\/de\/#organization"},"potentialAction":[{"@type":"SearchAction","target":{"@type":"EntryPoint","urlTemplate":"https:\/\/now-news.de\/de\/?s={search_term_string}"},"query-input":"required name=search_term_string"}],"inLanguage":"de"},{"@type":"Organization","@id":"https:\/\/now-news.de\/de\/#organization","name":"Just Now News","url":"https:\/\/now-news.de\/de\/","logo":{"@type":"ImageObject","inLanguage":"de","@id":"https:\/\/now-news.de\/de\/#\/schema\/logo\/image\/","url":"http:\/\/just-now.news\/de\/wp-content\/uploads\/sites\/3\/2022\/04\/logo500x500.jpg","contentUrl":"http:\/\/just-now.news\/de\/wp-content\/uploads\/sites\/3\/2022\/04\/logo500x500.jpg","width":500,"height":500,"caption":"Just Now News"},"image":{"@id":"https:\/\/now-news.de\/de\/#\/schema\/logo\/image\/"},"sameAs":["https:\/\/www.facebook.com\/wirmachenauf","https:\/\/x.com\/WirMachenAuf_de"]},{"@type":"Person","@id":"https:\/\/now-news.de\/de\/#\/schema\/person\/fb534a4e865501d8b3285208df34a9b5","name":"rtnews","image":{"@type":"ImageObject","inLanguage":"de","@id":"https:\/\/now-news.de\/de\/#\/schema\/person\/image\/","url":"https:\/\/secure.gravatar.com\/avatar\/82aafea7d8127119dd649515f56e2117?s=96&d=mm&r=g","contentUrl":"https:\/\/secure.gravatar.com\/avatar\/82aafea7d8127119dd649515f56e2117?s=96&d=mm&r=g","caption":"rtnews"},"url":"https:\/\/now-news.de\/de\/author\/rnews\/"}]}},"_links":{"self":[{"href":"https:\/\/now-news.de\/de\/wp-json\/wp\/v2\/posts\/40053"}],"collection":[{"href":"https:\/\/now-news.de\/de\/wp-json\/wp\/v2\/posts"}],"about":[{"href":"https:\/\/now-news.de\/de\/wp-json\/wp\/v2\/types\/post"}],"author":[{"embeddable":true,"href":"https:\/\/now-news.de\/de\/wp-json\/wp\/v2\/users\/3"}],"replies":[{"embeddable":true,"href":"https:\/\/now-news.de\/de\/wp-json\/wp\/v2\/comments?post=40053"}],"version-history":[{"count":0,"href":"https:\/\/now-news.de\/de\/wp-json\/wp\/v2\/posts\/40053\/revisions"}],"wp:featuredmedia":[{"embeddable":true,"href":"https:\/\/now-news.de\/de\/wp-json\/wp\/v2\/media\/40054"}],"wp:attachment":[{"href":"https:\/\/now-news.de\/de\/wp-json\/wp\/v2\/media?parent=40053"}],"wp:term":[{"taxonomy":"category","embeddable":true,"href":"https:\/\/now-news.de\/de\/wp-json\/wp\/v2\/categories?post=40053"},{"taxonomy":"post_tag","embeddable":true,"href":"https:\/\/now-news.de\/de\/wp-json\/wp\/v2\/tags?post=40053"}],"curies":[{"name":"wp","href":"https:\/\/api.w.org\/{rel}","templated":true}]}}