{"id":40001,"date":"2023-07-12T18:20:21","date_gmt":"2023-07-12T16:20:21","guid":{"rendered":"https:\/\/just-now.news\/de\/deutschland\/erdogan-hat-den-nato-gipfel-gerettet-und-die-ukraine-vorgefuehrt\/"},"modified":"2023-07-12T18:20:21","modified_gmt":"2023-07-12T16:20:21","slug":"erdogan-hat-den-nato-gipfel-gerettet-und-die-ukraine-vorgefuehrt","status":"publish","type":"post","link":"https:\/\/now-news.de\/de\/deutschland\/erdogan-hat-den-nato-gipfel-gerettet-und-die-ukraine-vorgefuehrt\/","title":{"rendered":"Erdo\u011fan hat den NATO-Gipfel gerettet \u2013 und die Ukraine vorgef\u00fchrt"},"content":{"rendered":"<p><img decoding=\"async\" src=\"http:\/\/just-now.news\/de\/wp-content\/uploads\/sites\/3\/2023\/07\/64ad925a48fbef37d22d4130.jpg\" \/><\/p>\n<div class=\"Text-root Text-type_1 \">\n                Es zeichnet sich ab, dass die Ukraine der gro\u00dfe Verlierer des NATO-Gipfels in Vilnius werden wird. Die NATO selbst wurde in Vilnius ausgerechnet durch den t\u00fcrkischen Pr\u00e4sident Recep Tayyip Erdo\u011fan vor einem Debakel bewahrt. Er setzte nach seinem monatelangen Pokern um den Beitritt Schwedens zum Milit\u00e4rb\u00fcndnis und nunmehr mit seinem Einlenken in letzter Minute das alles andere \u00fcberschattende Thema.\n            <\/div>\n<p><\/p>\n<div class=\"Text-root Text-type_5 ArticleView-text ViewText-root \">\n<p><em>Von Irina Alksnis, RIA Nowosti<\/em><\/p>\n<p>Das R\u00e4nke- und Ratespiel um den NATO-Gipfel in Vilnius hat sich endlich erledigt.<\/p>\n<p>Tatsache ist, dass sich die Vereinigten Staaten von Amerika und Europa im Vorfeld des Gipfeltreffens in einer eher unangenehmen Lage befanden. Dank der monatelangen Bem\u00fchungen westlicher Politiker und Medien wurden enorme Erwartungen an dieses Ereignis gekn\u00fcpft. Die waren in erster Linie mit dem erhofften Erfolg der Gegenoffensive der ukrainischen Streitkr\u00e4fte verbunden, der dem Westen so unvermeidlich schien wie ein Sonnenaufgang. Dies wiederum sollte dem eingeschlafenen transatlantischen B\u00fcndnis neuen Schwung durch die Verabschiedung strategisch bedeutsamer Beschl\u00fcsse f\u00fcr weitere gemeinsame Aktionen verleihen.<\/p>\n<p>Die Hoffnungen der Ukraine selbst konzentrierten sich nat\u00fcrlich ganz auf die Einleitung eines Beitrittsverfahrens zur NATO, was nicht ganz abwegig schien, da diese Idee in den herrschenden Eliten auf beiden Seiten des Atlantiks ihre Bef\u00fcrworter hatte und weiterhin hat.<\/p>\n<p>Aber irgendetwas ist schief gelaufen. Kiew hat in den letzten Wochen nicht nur keine beeindruckenden milit\u00e4rischen Erfolge vorweisen k\u00f6nnen. Die Entwicklungen an der Front haben einen Teil des westlichen Establishments dazu gezwungen, die Realit\u00e4t anzuerkennen, dass die Wette auf einen milit\u00e4rischen Sieg \u00fcber Russland zumindest falsch war und im schlimmsten Fall fatal enden wird. Das bedeutet, dass alle Bem\u00fchungen in dieser Richtung eine nutzlose und sinnlose Verschwendung von Geld, Ressourcen und knapper milit\u00e4rischer Ausr\u00fcstung sind, von dem angeschlagenen Ruf der Hersteller eben dieser Ausr\u00fcstung ganz abgesehen.<\/p>\n<p>So wurden in den letzten Tagen vor dem Gipfel die Uneinigkeit und das Schwanken in den ohnehin schon recht instabilen transatlantischen Reihen offensichtlich. Die Welt jenseits des Westens Welt verharrte in Erwartung des Gipfels von Vilnius, der sich als grandioser Flop zu entpuppen drohte.<\/p>\n<p>Der Westen stand vor der Aufgabe, die Situation und das Gesicht der NATO zu retten \u2013 und hier kam Recep Tayyip Erdo\u011fan ins Spiel. Ihm ist es zu verdanken, dass das wichtigste Ergebnis der Veranstaltung in Vilnius darin besteht, den Beitritt Schwedens zum B\u00fcndnis voranzubringen, w\u00e4hrend die ukrainische Frage, die eigentlich gescheitert ist, dadurch in den Hintergrund ger\u00fcckt ist.<\/p>\n<p>Die Ukraine wird nat\u00fcrlich ihren geb\u00fchrenden Anteil an Aufmerksamkeit und Zusagen erhalten, aber nicht ann\u00e4hernd jene erhofften Zusagen, die dort zuvor erwartet wurden. Der prophylaktischen Hysterie von Wladimir Selenskij kurz vorher nach zu urteilen, der die litauische Hauptstadt noch nicht erreicht hatte, wird man in Kiew die traurigen Aussichten inzwischen erkannt haben.<\/p>\n<p>Es stellt sich die Frage: Wieso macht Erdo\u011fan das?<\/p>\n<p>Es gibt Vermutungen, dass es der F\u00fchrung in Washington, D.C. gelungen ist, den Widerstand der t\u00fcrkischen F\u00fchrung zu brechen und Ankara vollst\u00e4ndig seinem Willen zu unterwerfen, wie es zuvor etwa auch mit Berlin und anderen europ\u00e4ischen Hauptst\u00e4dten geschehen ist. Das ist aber eine Fehleinsch\u00e4tzung.<\/p>\n<p>Erdo\u011fan betreibt vielmehr eine souver\u00e4ne Politik und balanciert seit vielen Jahren geschickt zwischen den Gro\u00dfm\u00e4chten. Indem er seine Einw\u00e4nde gegen die NATO-Mitgliedschaft Schwedens selbst aus dem Weg r\u00e4umte, hat er dem B\u00fcndnis und insbesondere den USA einen gro\u00dfen Gefallen getan \u2013 und das zu geringen oder gar keinen Kosten f\u00fcr sich selbst. Einige Probleme innerhalb des Landes sind zwar nicht ausgeschlossen, wo die Gegner des t\u00fcrkischen Pr\u00e4sidenten ihn bereits beschuldigen, nun doch einem Land zu helfen, in dem der Koran verbrannt wird und &#8220;Terroristen&#8221; (gemeint sind die Anh\u00e4nger der Arbeiterpartei Kurdistans) durch die Stra\u00dfen ziehen. Diese Kritik ist jedoch keine reale Gefahr f\u00fcr\u00a0Erdo\u011fan.<\/p>\n<p>Daf\u00fcr sind die au\u00dfenpolitischen Vorteile f\u00fcr die T\u00fcrkei zahlreich. Erdo\u011fan hat einige der aufgestauten Spannungen mit dem Westen nun abgebaut (und davon gab und gibt es viele) und dabei zugleich sehr wahrscheinlich neue Boni f\u00fcr die T\u00fcrkei ausgehandelt. Offenbar haben die USA Zugest\u00e4ndnisse bei der Lieferung und Modernisierung der t\u00fcrkischen Flotte von F-16-Kampfflugzeugen gemacht. Und das neuerlich von ihm aufgeworfene Thema eines t\u00fcrkischen EU-Beitritts deutet darauf hin, dass er in Ankara sein Bestes tun wird, um das alte Europa f\u00fcr vergangene Dem\u00fctigungen zu bestrafen.<\/p>\n<p>Die Beziehungen zu Moskau werden durch den Schritt der T\u00fcrkei mit Sicherheit nicht beeintr\u00e4chtigt. Zur \u00dcberraschung vieler hat Russland auf die Pl\u00e4ne der Skandinavier, dem B\u00fcndnis beizutreten, sofort gelassen reagiert, und nach dem Beitritt Finnlands d\u00fcrfte auch der Schritt Schwedens, in dieselben Fu\u00dfstapfen zu treten, keine scharfe Reaktion hervorrufen. Die ersten offiziellen Stellungnahmen aus dem Kreml und dem Au\u00dfenministerium best\u00e4tigen dies sogar.<\/p>\n<p>Und schlie\u00dflich, um nicht zu voreilig zu sein: Die Zustimmung Erdo\u011fans zum NATO-Beitritt Schwedens ist keine Garantie daf\u00fcr, dass dieser Prozess erfolgreich abgeschlossen werden kann. T\u00fcrkischen Medien zufolge wird das t\u00fcrkische Parlament die Entscheidung bis Ende n\u00e4chster Woche ratifizieren k\u00f6nnen. Es ist davon auszugehen, dass im Falle einer Nichtumsetzung der bei den Verhandlungen getroffenen Vereinbarungen im Handumdrehen Umst\u00e4nde und Einw\u00e4nde zutage treten werden, die diese parlamentarische Zustimmung kategorisch unm\u00f6glich machen.<\/p>\n<p>Das Haupt-&#8220;Opfer&#8221; all dieser Intrigen ist die F\u00fchrung in Kiew. Da kann man nichts machen. Die Ukraine hat zahlreiche und vielf\u00e4ltige Beispiele daf\u00fcr gesehen, wie Souver\u00e4nit\u00e4t und nationale Interessen verteidigt werden k\u00f6nnen und sollten (die T\u00fcrkei ist nur eines davon). Sie hat sich jedoch entschieden, ihren eigenen Weg zu gehen, der sie zu den aktuellen Zust\u00e4nden gef\u00fchrt hat. Und es wird weiter bergab gehen.<\/p>\n<p><em>\u00dcbersetzt aus dem <a rel=\"nofollow noopener\" target=\"_blank\" href=\"https:\/\/ria.ru\/20230711\/erdogan-1883565268.html\">Russischen<\/a>. Zuerst erschienen auf <\/em>ria.ru<em> am 11. Juli 2023.<br \/><\/em><\/p>\n<p><strong>Mehr zum Thema<\/strong> &#8211; <a rel=\"nofollow noopener\" target=\"_blank\" href=\"https:\/\/test.rtde.life\/meinung\/174747-der-niederlage-entgegensehen-europaeische-union-im-sog-des-ukraine-krieges\/\">Der Niederlage entgegensehen: Die Europ\u00e4ische Union im Sog des Ukraine-Krieges<\/a><\/p>\n<\/div>\n<p><br \/>\n<br \/><a href=\"https:\/\/de.rt.com\/meinung\/175015-erdogan-hat-nato-gipfel-gerettet\/\">Source link <\/a><\/p>\n","protected":false},"excerpt":{"rendered":"<p>Es zeichnet sich ab, dass die Ukraine der gro\u00dfe Verlierer des NATO-Gipfels in Vilnius werden wird. Die NATO selbst wurde in Vilnius ausgerechnet durch den t\u00fcrkischen Pr\u00e4sident Recep Tayyip Erdo\u011fan vor einem Debakel bewahrt. Er setzte nach seinem monatelangen Pokern um den Beitritt Schwedens zum Milit\u00e4rb\u00fcndnis und nunmehr mit seinem Einlenken in letzter Minute das [&hellip;]<\/p>\n","protected":false},"author":3,"featured_media":40002,"comment_status":"open","ping_status":"open","sticky":false,"template":"","format":"standard","meta":{"_yoast_indexnow_last_ping":["1689179755"],"wp_automatic_camp":["217"],"87fd4657cd6814bac387c5cff1d5e47a":["Erdo\u011fan hat den NATO-Gipfel gerettet \u2013 und die Ukraine vorgef\u00fchrt"],"original_link":["https:\/\/de.rt.com\/meinung\/175015-erdogan-hat-nato-gipfel-gerettet\/"],"_thumbnail_id":["40002"],"jnews_social_counter_last_update":["1777339353"],"_wptgpro_p2tg_sent2tg":["a:1:{i:23737;s:19:\"2023-07-12 18:36:58\";}"]},"categories":[19,23],"tags":[48,45,13697,26371,423,45494,127,140,46660],"yoast_head":"<!-- This site is optimized with the Yoast SEO Premium plugin v22.7 (Yoast SEO v22.7) - https:\/\/yoast.com\/wordpress\/plugins\/seo\/ -->\n<title>Erdo\u011fan hat den NATO-Gipfel gerettet \u2013 und die Ukraine vorgef\u00fchrt - just-now.NEWS Deutschland<\/title>\n<meta name=\"robots\" content=\"index, follow, max-snippet:-1, max-image-preview:large, max-video-preview:-1\" \/>\n<link rel=\"canonical\" href=\"https:\/\/now-news.de\/de\/deutschland\/erdogan-hat-den-nato-gipfel-gerettet-und-die-ukraine-vorgefuehrt\/\" \/>\n<meta property=\"og:locale\" content=\"de_DE\" \/>\n<meta property=\"og:type\" content=\"article\" \/>\n<meta property=\"og:title\" content=\"Erdo\u011fan hat den NATO-Gipfel gerettet \u2013 und die Ukraine vorgef\u00fchrt\" \/>\n<meta property=\"og:description\" content=\"Es zeichnet sich ab, dass die Ukraine der gro\u00dfe Verlierer des NATO-Gipfels in Vilnius werden wird. Die NATO selbst wurde in Vilnius ausgerechnet durch den t\u00fcrkischen Pr\u00e4sident Recep Tayyip Erdo\u011fan vor einem Debakel bewahrt. Er setzte nach seinem monatelangen Pokern um den Beitritt Schwedens zum Milit\u00e4rb\u00fcndnis und nunmehr mit seinem Einlenken in letzter Minute das [&hellip;]\" \/>\n<meta property=\"og:url\" content=\"https:\/\/now-news.de\/de\/deutschland\/erdogan-hat-den-nato-gipfel-gerettet-und-die-ukraine-vorgefuehrt\/\" \/>\n<meta property=\"og:site_name\" content=\"just-now.NEWS Deutschland\" \/>\n<meta property=\"article:publisher\" content=\"https:\/\/www.facebook.com\/wirmachenauf\" \/>\n<meta property=\"article:published_time\" content=\"2023-07-12T16:20:21+00:00\" \/>\n<meta property=\"og:image\" content=\"https:\/\/now-news.de\/de\/wp-content\/uploads\/sites\/3\/2023\/07\/Erdogan-hat-den-NATO-Gipfel-gerettet-\u2013-und-die-Ukraine-vorgefuehrt.jpg\" \/>\n\t<meta property=\"og:image:width\" content=\"460\" \/>\n\t<meta property=\"og:image:height\" content=\"259\" \/>\n\t<meta property=\"og:image:type\" content=\"image\/jpeg\" \/>\n<meta name=\"author\" content=\"rtnews\" \/>\n<meta name=\"twitter:card\" content=\"summary_large_image\" \/>\n<meta name=\"twitter:creator\" content=\"@WirMachenAuf_de\" \/>\n<meta name=\"twitter:site\" content=\"@WirMachenAuf_de\" \/>\n<meta name=\"twitter:label1\" content=\"Verfasst von\" \/>\n\t<meta name=\"twitter:data1\" content=\"rtnews\" \/>\n\t<meta name=\"twitter:label2\" content=\"Gesch\u00e4tzte Lesezeit\" \/>\n\t<meta name=\"twitter:data2\" content=\"5\u00a0Minuten\" \/>\n<script type=\"application\/ld+json\" class=\"yoast-schema-graph\">{\"@context\":\"https:\/\/schema.org\",\"@graph\":[{\"@type\":\"Article\",\"@id\":\"https:\/\/now-news.de\/de\/deutschland\/erdogan-hat-den-nato-gipfel-gerettet-und-die-ukraine-vorgefuehrt\/#article\",\"isPartOf\":{\"@id\":\"https:\/\/now-news.de\/de\/deutschland\/erdogan-hat-den-nato-gipfel-gerettet-und-die-ukraine-vorgefuehrt\/\"},\"author\":{\"name\":\"rtnews\",\"@id\":\"https:\/\/now-news.de\/de\/#\/schema\/person\/fb534a4e865501d8b3285208df34a9b5\"},\"headline\":\"Erdo\u011fan hat den NATO-Gipfel gerettet \u2013 und die Ukraine vorgef\u00fchrt\",\"datePublished\":\"2023-07-12T16:20:21+00:00\",\"dateModified\":\"2023-07-12T16:20:21+00:00\",\"mainEntityOfPage\":{\"@id\":\"https:\/\/now-news.de\/de\/deutschland\/erdogan-hat-den-nato-gipfel-gerettet-und-die-ukraine-vorgefuehrt\/\"},\"wordCount\":1007,\"commentCount\":0,\"publisher\":{\"@id\":\"https:\/\/now-news.de\/de\/#organization\"},\"image\":{\"@id\":\"https:\/\/now-news.de\/de\/deutschland\/erdogan-hat-den-nato-gipfel-gerettet-und-die-ukraine-vorgefuehrt\/#primaryimage\"},\"thumbnailUrl\":\"https:\/\/now-news.de\/de\/wp-content\/uploads\/sites\/3\/2023\/07\/Erdogan-hat-den-NATO-Gipfel-gerettet-\u2013-und-die-Ukraine-vorgefuehrt.jpg\",\"keywords\":[\"den\",\"die\",\"Erdo\u011fan\",\"gerettet\",\"hat\",\"NATOGipfel\",\"ukraine\",\"und\",\"vorgef\u00fchrt\"],\"articleSection\":[\"Deutschland\",\"Russland\"],\"inLanguage\":\"de\",\"potentialAction\":[{\"@type\":\"CommentAction\",\"name\":\"Comment\",\"target\":[\"https:\/\/now-news.de\/de\/deutschland\/erdogan-hat-den-nato-gipfel-gerettet-und-die-ukraine-vorgefuehrt\/#respond\"]}]},{\"@type\":\"WebPage\",\"@id\":\"https:\/\/now-news.de\/de\/deutschland\/erdogan-hat-den-nato-gipfel-gerettet-und-die-ukraine-vorgefuehrt\/\",\"url\":\"https:\/\/now-news.de\/de\/deutschland\/erdogan-hat-den-nato-gipfel-gerettet-und-die-ukraine-vorgefuehrt\/\",\"name\":\"Erdo\u011fan hat den NATO-Gipfel gerettet \u2013 und die Ukraine vorgef\u00fchrt - just-now.NEWS Deutschland\",\"isPartOf\":{\"@id\":\"https:\/\/now-news.de\/de\/#website\"},\"primaryImageOfPage\":{\"@id\":\"https:\/\/now-news.de\/de\/deutschland\/erdogan-hat-den-nato-gipfel-gerettet-und-die-ukraine-vorgefuehrt\/#primaryimage\"},\"image\":{\"@id\":\"https:\/\/now-news.de\/de\/deutschland\/erdogan-hat-den-nato-gipfel-gerettet-und-die-ukraine-vorgefuehrt\/#primaryimage\"},\"thumbnailUrl\":\"https:\/\/now-news.de\/de\/wp-content\/uploads\/sites\/3\/2023\/07\/Erdogan-hat-den-NATO-Gipfel-gerettet-\u2013-und-die-Ukraine-vorgefuehrt.jpg\",\"datePublished\":\"2023-07-12T16:20:21+00:00\",\"dateModified\":\"2023-07-12T16:20:21+00:00\",\"breadcrumb\":{\"@id\":\"https:\/\/now-news.de\/de\/deutschland\/erdogan-hat-den-nato-gipfel-gerettet-und-die-ukraine-vorgefuehrt\/#breadcrumb\"},\"inLanguage\":\"de\",\"potentialAction\":[{\"@type\":\"ReadAction\",\"target\":[\"https:\/\/now-news.de\/de\/deutschland\/erdogan-hat-den-nato-gipfel-gerettet-und-die-ukraine-vorgefuehrt\/\"]}]},{\"@type\":\"ImageObject\",\"inLanguage\":\"de\",\"@id\":\"https:\/\/now-news.de\/de\/deutschland\/erdogan-hat-den-nato-gipfel-gerettet-und-die-ukraine-vorgefuehrt\/#primaryimage\",\"url\":\"https:\/\/now-news.de\/de\/wp-content\/uploads\/sites\/3\/2023\/07\/Erdogan-hat-den-NATO-Gipfel-gerettet-\u2013-und-die-Ukraine-vorgefuehrt.jpg\",\"contentUrl\":\"https:\/\/now-news.de\/de\/wp-content\/uploads\/sites\/3\/2023\/07\/Erdogan-hat-den-NATO-Gipfel-gerettet-\u2013-und-die-Ukraine-vorgefuehrt.jpg\",\"width\":460,\"height\":259,\"caption\":\"Erdo\u011fan hat den NATO-Gipfel gerettet \u2013 und die Ukraine vorgef\u00fchrt\"},{\"@type\":\"BreadcrumbList\",\"@id\":\"https:\/\/now-news.de\/de\/deutschland\/erdogan-hat-den-nato-gipfel-gerettet-und-die-ukraine-vorgefuehrt\/#breadcrumb\",\"itemListElement\":[{\"@type\":\"ListItem\",\"position\":1,\"name\":\"Home\",\"item\":\"https:\/\/now-news.de\/de\/\"},{\"@type\":\"ListItem\",\"position\":2,\"name\":\"Erdo\u011fan hat den NATO-Gipfel gerettet \u2013 und die Ukraine vorgef\u00fchrt\"}]},{\"@type\":\"WebSite\",\"@id\":\"https:\/\/now-news.de\/de\/#website\",\"url\":\"https:\/\/now-news.de\/de\/\",\"name\":\"just-now.NEWS Deutschland\",\"description\":\"Das Portal f\u00fcr unzensierte Nachrichten aus der Welt\",\"publisher\":{\"@id\":\"https:\/\/now-news.de\/de\/#organization\"},\"potentialAction\":[{\"@type\":\"SearchAction\",\"target\":{\"@type\":\"EntryPoint\",\"urlTemplate\":\"https:\/\/now-news.de\/de\/?s={search_term_string}\"},\"query-input\":\"required name=search_term_string\"}],\"inLanguage\":\"de\"},{\"@type\":\"Organization\",\"@id\":\"https:\/\/now-news.de\/de\/#organization\",\"name\":\"Just Now News\",\"url\":\"https:\/\/now-news.de\/de\/\",\"logo\":{\"@type\":\"ImageObject\",\"inLanguage\":\"de\",\"@id\":\"https:\/\/now-news.de\/de\/#\/schema\/logo\/image\/\",\"url\":\"http:\/\/just-now.news\/de\/wp-content\/uploads\/sites\/3\/2022\/04\/logo500x500.jpg\",\"contentUrl\":\"http:\/\/just-now.news\/de\/wp-content\/uploads\/sites\/3\/2022\/04\/logo500x500.jpg\",\"width\":500,\"height\":500,\"caption\":\"Just Now News\"},\"image\":{\"@id\":\"https:\/\/now-news.de\/de\/#\/schema\/logo\/image\/\"},\"sameAs\":[\"https:\/\/www.facebook.com\/wirmachenauf\",\"https:\/\/x.com\/WirMachenAuf_de\"]},{\"@type\":\"Person\",\"@id\":\"https:\/\/now-news.de\/de\/#\/schema\/person\/fb534a4e865501d8b3285208df34a9b5\",\"name\":\"rtnews\",\"image\":{\"@type\":\"ImageObject\",\"inLanguage\":\"de\",\"@id\":\"https:\/\/now-news.de\/de\/#\/schema\/person\/image\/\",\"url\":\"https:\/\/secure.gravatar.com\/avatar\/82aafea7d8127119dd649515f56e2117?s=96&d=mm&r=g\",\"contentUrl\":\"https:\/\/secure.gravatar.com\/avatar\/82aafea7d8127119dd649515f56e2117?s=96&d=mm&r=g\",\"caption\":\"rtnews\"},\"url\":\"https:\/\/now-news.de\/de\/author\/rnews\/\"}]}<\/script>\n<!-- \/ Yoast SEO Premium plugin. -->","yoast_head_json":{"title":"Erdo\u011fan hat den NATO-Gipfel gerettet \u2013 und die Ukraine vorgef\u00fchrt - just-now.NEWS Deutschland","robots":{"index":"index","follow":"follow","max-snippet":"max-snippet:-1","max-image-preview":"max-image-preview:large","max-video-preview":"max-video-preview:-1"},"canonical":"https:\/\/now-news.de\/de\/deutschland\/erdogan-hat-den-nato-gipfel-gerettet-und-die-ukraine-vorgefuehrt\/","og_locale":"de_DE","og_type":"article","og_title":"Erdo\u011fan hat den NATO-Gipfel gerettet \u2013 und die Ukraine vorgef\u00fchrt","og_description":"Es zeichnet sich ab, dass die Ukraine der gro\u00dfe Verlierer des NATO-Gipfels in Vilnius werden wird. Die NATO selbst wurde in Vilnius ausgerechnet durch den t\u00fcrkischen Pr\u00e4sident Recep Tayyip Erdo\u011fan vor einem Debakel bewahrt. Er setzte nach seinem monatelangen Pokern um den Beitritt Schwedens zum Milit\u00e4rb\u00fcndnis und nunmehr mit seinem Einlenken in letzter Minute das [&hellip;]","og_url":"https:\/\/now-news.de\/de\/deutschland\/erdogan-hat-den-nato-gipfel-gerettet-und-die-ukraine-vorgefuehrt\/","og_site_name":"just-now.NEWS Deutschland","article_publisher":"https:\/\/www.facebook.com\/wirmachenauf","article_published_time":"2023-07-12T16:20:21+00:00","og_image":[{"width":460,"height":259,"url":"https:\/\/now-news.de\/de\/wp-content\/uploads\/sites\/3\/2023\/07\/Erdogan-hat-den-NATO-Gipfel-gerettet-\u2013-und-die-Ukraine-vorgefuehrt.jpg","type":"image\/jpeg"}],"author":"rtnews","twitter_card":"summary_large_image","twitter_creator":"@WirMachenAuf_de","twitter_site":"@WirMachenAuf_de","twitter_misc":{"Verfasst von":"rtnews","Gesch\u00e4tzte Lesezeit":"5\u00a0Minuten"},"schema":{"@context":"https:\/\/schema.org","@graph":[{"@type":"Article","@id":"https:\/\/now-news.de\/de\/deutschland\/erdogan-hat-den-nato-gipfel-gerettet-und-die-ukraine-vorgefuehrt\/#article","isPartOf":{"@id":"https:\/\/now-news.de\/de\/deutschland\/erdogan-hat-den-nato-gipfel-gerettet-und-die-ukraine-vorgefuehrt\/"},"author":{"name":"rtnews","@id":"https:\/\/now-news.de\/de\/#\/schema\/person\/fb534a4e865501d8b3285208df34a9b5"},"headline":"Erdo\u011fan hat den NATO-Gipfel gerettet \u2013 und die Ukraine vorgef\u00fchrt","datePublished":"2023-07-12T16:20:21+00:00","dateModified":"2023-07-12T16:20:21+00:00","mainEntityOfPage":{"@id":"https:\/\/now-news.de\/de\/deutschland\/erdogan-hat-den-nato-gipfel-gerettet-und-die-ukraine-vorgefuehrt\/"},"wordCount":1007,"commentCount":0,"publisher":{"@id":"https:\/\/now-news.de\/de\/#organization"},"image":{"@id":"https:\/\/now-news.de\/de\/deutschland\/erdogan-hat-den-nato-gipfel-gerettet-und-die-ukraine-vorgefuehrt\/#primaryimage"},"thumbnailUrl":"https:\/\/now-news.de\/de\/wp-content\/uploads\/sites\/3\/2023\/07\/Erdogan-hat-den-NATO-Gipfel-gerettet-\u2013-und-die-Ukraine-vorgefuehrt.jpg","keywords":["den","die","Erdo\u011fan","gerettet","hat","NATOGipfel","ukraine","und","vorgef\u00fchrt"],"articleSection":["Deutschland","Russland"],"inLanguage":"de","potentialAction":[{"@type":"CommentAction","name":"Comment","target":["https:\/\/now-news.de\/de\/deutschland\/erdogan-hat-den-nato-gipfel-gerettet-und-die-ukraine-vorgefuehrt\/#respond"]}]},{"@type":"WebPage","@id":"https:\/\/now-news.de\/de\/deutschland\/erdogan-hat-den-nato-gipfel-gerettet-und-die-ukraine-vorgefuehrt\/","url":"https:\/\/now-news.de\/de\/deutschland\/erdogan-hat-den-nato-gipfel-gerettet-und-die-ukraine-vorgefuehrt\/","name":"Erdo\u011fan hat den NATO-Gipfel gerettet \u2013 und die Ukraine vorgef\u00fchrt - just-now.NEWS Deutschland","isPartOf":{"@id":"https:\/\/now-news.de\/de\/#website"},"primaryImageOfPage":{"@id":"https:\/\/now-news.de\/de\/deutschland\/erdogan-hat-den-nato-gipfel-gerettet-und-die-ukraine-vorgefuehrt\/#primaryimage"},"image":{"@id":"https:\/\/now-news.de\/de\/deutschland\/erdogan-hat-den-nato-gipfel-gerettet-und-die-ukraine-vorgefuehrt\/#primaryimage"},"thumbnailUrl":"https:\/\/now-news.de\/de\/wp-content\/uploads\/sites\/3\/2023\/07\/Erdogan-hat-den-NATO-Gipfel-gerettet-\u2013-und-die-Ukraine-vorgefuehrt.jpg","datePublished":"2023-07-12T16:20:21+00:00","dateModified":"2023-07-12T16:20:21+00:00","breadcrumb":{"@id":"https:\/\/now-news.de\/de\/deutschland\/erdogan-hat-den-nato-gipfel-gerettet-und-die-ukraine-vorgefuehrt\/#breadcrumb"},"inLanguage":"de","potentialAction":[{"@type":"ReadAction","target":["https:\/\/now-news.de\/de\/deutschland\/erdogan-hat-den-nato-gipfel-gerettet-und-die-ukraine-vorgefuehrt\/"]}]},{"@type":"ImageObject","inLanguage":"de","@id":"https:\/\/now-news.de\/de\/deutschland\/erdogan-hat-den-nato-gipfel-gerettet-und-die-ukraine-vorgefuehrt\/#primaryimage","url":"https:\/\/now-news.de\/de\/wp-content\/uploads\/sites\/3\/2023\/07\/Erdogan-hat-den-NATO-Gipfel-gerettet-\u2013-und-die-Ukraine-vorgefuehrt.jpg","contentUrl":"https:\/\/now-news.de\/de\/wp-content\/uploads\/sites\/3\/2023\/07\/Erdogan-hat-den-NATO-Gipfel-gerettet-\u2013-und-die-Ukraine-vorgefuehrt.jpg","width":460,"height":259,"caption":"Erdo\u011fan hat den NATO-Gipfel gerettet \u2013 und die Ukraine vorgef\u00fchrt"},{"@type":"BreadcrumbList","@id":"https:\/\/now-news.de\/de\/deutschland\/erdogan-hat-den-nato-gipfel-gerettet-und-die-ukraine-vorgefuehrt\/#breadcrumb","itemListElement":[{"@type":"ListItem","position":1,"name":"Home","item":"https:\/\/now-news.de\/de\/"},{"@type":"ListItem","position":2,"name":"Erdo\u011fan hat den NATO-Gipfel gerettet \u2013 und die Ukraine vorgef\u00fchrt"}]},{"@type":"WebSite","@id":"https:\/\/now-news.de\/de\/#website","url":"https:\/\/now-news.de\/de\/","name":"just-now.NEWS Deutschland","description":"Das Portal f\u00fcr unzensierte Nachrichten aus der Welt","publisher":{"@id":"https:\/\/now-news.de\/de\/#organization"},"potentialAction":[{"@type":"SearchAction","target":{"@type":"EntryPoint","urlTemplate":"https:\/\/now-news.de\/de\/?s={search_term_string}"},"query-input":"required name=search_term_string"}],"inLanguage":"de"},{"@type":"Organization","@id":"https:\/\/now-news.de\/de\/#organization","name":"Just Now News","url":"https:\/\/now-news.de\/de\/","logo":{"@type":"ImageObject","inLanguage":"de","@id":"https:\/\/now-news.de\/de\/#\/schema\/logo\/image\/","url":"http:\/\/just-now.news\/de\/wp-content\/uploads\/sites\/3\/2022\/04\/logo500x500.jpg","contentUrl":"http:\/\/just-now.news\/de\/wp-content\/uploads\/sites\/3\/2022\/04\/logo500x500.jpg","width":500,"height":500,"caption":"Just Now News"},"image":{"@id":"https:\/\/now-news.de\/de\/#\/schema\/logo\/image\/"},"sameAs":["https:\/\/www.facebook.com\/wirmachenauf","https:\/\/x.com\/WirMachenAuf_de"]},{"@type":"Person","@id":"https:\/\/now-news.de\/de\/#\/schema\/person\/fb534a4e865501d8b3285208df34a9b5","name":"rtnews","image":{"@type":"ImageObject","inLanguage":"de","@id":"https:\/\/now-news.de\/de\/#\/schema\/person\/image\/","url":"https:\/\/secure.gravatar.com\/avatar\/82aafea7d8127119dd649515f56e2117?s=96&d=mm&r=g","contentUrl":"https:\/\/secure.gravatar.com\/avatar\/82aafea7d8127119dd649515f56e2117?s=96&d=mm&r=g","caption":"rtnews"},"url":"https:\/\/now-news.de\/de\/author\/rnews\/"}]}},"_links":{"self":[{"href":"https:\/\/now-news.de\/de\/wp-json\/wp\/v2\/posts\/40001"}],"collection":[{"href":"https:\/\/now-news.de\/de\/wp-json\/wp\/v2\/posts"}],"about":[{"href":"https:\/\/now-news.de\/de\/wp-json\/wp\/v2\/types\/post"}],"author":[{"embeddable":true,"href":"https:\/\/now-news.de\/de\/wp-json\/wp\/v2\/users\/3"}],"replies":[{"embeddable":true,"href":"https:\/\/now-news.de\/de\/wp-json\/wp\/v2\/comments?post=40001"}],"version-history":[{"count":0,"href":"https:\/\/now-news.de\/de\/wp-json\/wp\/v2\/posts\/40001\/revisions"}],"wp:featuredmedia":[{"embeddable":true,"href":"https:\/\/now-news.de\/de\/wp-json\/wp\/v2\/media\/40002"}],"wp:attachment":[{"href":"https:\/\/now-news.de\/de\/wp-json\/wp\/v2\/media?parent=40001"}],"wp:term":[{"taxonomy":"category","embeddable":true,"href":"https:\/\/now-news.de\/de\/wp-json\/wp\/v2\/categories?post=40001"},{"taxonomy":"post_tag","embeddable":true,"href":"https:\/\/now-news.de\/de\/wp-json\/wp\/v2\/tags?post=40001"}],"curies":[{"name":"wp","href":"https:\/\/api.w.org\/{rel}","templated":true}]}}