{"id":39993,"date":"2023-07-12T17:08:34","date_gmt":"2023-07-12T15:08:34","guid":{"rendered":"https:\/\/just-now.news\/de\/deutschland\/kubicki-fordert-aufarbeitung-der-corona-politik-die-gruenen-verweigern-sich\/"},"modified":"2023-07-12T17:08:34","modified_gmt":"2023-07-12T15:08:34","slug":"kubicki-fordert-aufarbeitung-der-corona-politik-die-gruenen-verweigern-sich","status":"publish","type":"post","link":"https:\/\/now-news.de\/de\/deutschland\/kubicki-fordert-aufarbeitung-der-corona-politik-die-gruenen-verweigern-sich\/","title":{"rendered":"Kubicki fordert Aufarbeitung der Corona-Politik \u2013 Die Gr\u00fcnen verweigern sich"},"content":{"rendered":"<p><img decoding=\"async\" src=\"http:\/\/just-now.news\/de\/wp-content\/uploads\/sites\/3\/2023\/07\/64ae9e3548fbef38c528eedd.jpg\" \/><\/p>\n<div class=\"Text-root Text-type_1 \">\n                Im Gegensatz zu anderen L\u00e4ndern l\u00e4sst in der Bundesrepublik Deutschland eine Aufarbeitung der Corona-Politik auf sich warten. Der stellvertretende Bundesvorsitzende der FDP Wolfgang Kubicki erkl\u00e4rte der Berliner Zeitung, dass dies auch an den Gr\u00fcnen liege, die sich einer Aufarbeitung verweigern.\n            <\/div>\n<p><\/p>\n<div class=\"Text-root Text-type_5 ArticleView-text ViewText-root \">\n<p>Die Kollateralsch\u00e4den der Corona-Politik und die fatalen Verwerfungen, mit denen diese Politik verbunden war, kommen auch langsam auch in den Mainstream-Medien an. Eine politische Aufarbeitung der Fehler in der Bundesrepublik l\u00e4sst hingegen weiter auf sich warten.<\/p>\n<p>In anderen L\u00e4ndern ist man bereits weiter: In Italien hat beispielsweise das Parlament am 6. Juli f\u00fcr einen Gesetzentwurf zur Einrichtung einer Untersuchungskommission gestimmt. Die Kommission soll unter anderem Entscheidungen der italienischen Regierung in Bezug auf die Masken- und Impfpflicht, entsprechende Verbote und staatliche Ausgaben \u00fcberpr\u00fcfen.<\/p>\n<p>In der Bundesrepublik gab es zwar \u00e4hnliche Vorschl\u00e4ge, aber eine entsprechende Kommission l\u00e4sst bisher auf sich warten. Der stellvertretende FDP-Bundesvorsitzende Wolfgang Kubicki sieht die Gr\u00fcnde daf\u00fcr auch in der derzeitigen Regierungskoalition. Der <em>Berliner Zeitung<\/em> sagte Kubicki dazu:<\/p>\n<blockquote>\n<p><em>&#8220;Leider sind vor allem unsere gr\u00fcnen Koalitionspartner in einen bedauerlichen Abwehrreflex gegen diese Idee verfallen.&#8221;<\/em><\/p>\n<\/blockquote>\n<p>Kubicki hatte Ende Februar 2023 gemeinsam mit seinem Parteikollegen Andrew Ullmann ein Positionspapier zur Einrichtung einer Enquete-Kommission im Deutschen Bundestag vorgestellt. Es gehe &#8220;vor allem darum, eine Situation zu vermeiden, in der eine Regierung erneut im Blindflug Grundrechtseingriffe vornimmt&#8221;. F\u00fcr Kubicki sei es &#8220;unbegreiflich, wie man sich dagegen positionieren k\u00f6nne&#8221;. Bei Enquete-Kommissionen handelt es sich um \u00fcberfraktionelle Arbeitsgruppen, die zur Untersuchung eines bestimmten Themas berufen werden und Empfehlungen erarbeiten. Die Kommissionen werden vom Bundestag oder von Landesparlamenten eingesetzt. Zum Einsetzen einer solchen Kommission m\u00fcssen im Deutschen Bundestag 25 Prozent der Abgeordneten daf\u00fcr stimmen.<\/p>\n<p>Die AfD forderte Mitte April ebenfalls einen Untersuchungsausschuss, deren Antrag wurde im Bundestag jedoch mit gro\u00dfer Mehrheit abgelehnt. Die Partei will jedoch weiter daf\u00fcr arbeiten: Die AfD-Fraktion des Saarlandes gab beispielsweise bekannt, dass sie am Mittwoch im Landtag wenigstens dort die Einsetzung eines Ausschusses zur Aufarbeitung der staatlichen Corona-Politik beantragen will.<\/p>\n<p>Kubicki sagte weiterhin, dass kaum ein Lebensbereich nicht durch die Corona-Politik beeinflusst wurde, daher sollte von einer solchen Kommission auch kein Bereich ausgespart werden. Der FDP-Politiker betonte jedoch, dass ein besonderes Augenmerk auf den Umgang mit Kindern gelegt werden sollte:<\/p>\n<blockquote>\n<p><em>&#8220;Was haben wir unseren Kindern zugemutet, ohne dass es notwendig war?&#8221;<\/em><\/p>\n<\/blockquote>\n<p>Zum Thema damals angeordneter Schulschlie\u00dfungen legte auch der Corona-Hardliner und derzeitige Bundesminister f\u00fcr Gesundheit Karl Lauterbach (SPD) eine erstaunliche <a rel=\"nofollow noopener\" target=\"_blank\" href=\"https:\/\/test.rtde.tech\/inland\/153250-lauterbachs-kehrtwende-kita-schliessungen-nach\/\">Kehrtwende<\/a> hin. Lauterbach ist bekannt daf\u00fcr, dass er sich in der Corona-Krise regelm\u00e4\u00dfig f\u00fcr noch h\u00e4rtere Ma\u00dfnahmen ausgesprochen hatte. Zu jener Zeit war Lauterbach &#8220;nur&#8221; Bundestagsabgeordneter der SPD, der Gesundheitsminister hie\u00df Jens Spahn (CDU). In der gemeinsamen Koalition der SPD mit den Unionsparteien war Lauterbach jedoch an wichtigen Entscheidungen beteiligt. Nach der Bundestagswahl 2021 und dem folgenden Regierungswechsel wurde er bekanntlich Gesundheitsminister. Im Januar folgte dann seine pers\u00f6nliche Kehrtwende: Lauterbach erkl\u00e4rte, dass die Schlie\u00dfungen von Schulen und Kitas ein Fehler gewesen seien. Kubicki erkl\u00e4rte der <em>Berliner Zeitung <\/em>weiterhin:<\/p>\n<blockquote>\n<p><em>&#8220;Weil sich die Verantwortlichen bei Corona fast ausschlie\u00dflich von Virologen und Modellierern haben leiten lassen, bedarf es dringend einer Aufarbeitung der sozialen und wirtschaftlichen Folgen. Ich m\u00f6chte nie wieder erleben m\u00fcssen, wie derartige wichtige Fragen in den Hinterzimmern des Kanzleramtes ausgehandelt werden und das Parlament zum Zaungast herabgestuft wird, wie es unter der letzten Bundesregierung geschehen ist.&#8221;<\/em><\/p>\n<\/blockquote>\n<p>Es m\u00fcsse daher dringend auch aufgearbeitet werden, wie w\u00e4hrend der Corona-Jahre Entscheidungen getroffen wurden. Eine andere Frage, die hierzulande \u2013 anders als in den USA \u2013 immer noch kaum diskutiert wird, ist die Frage nach dem tats\u00e4chlichen Ursprung des Corona-Virus. Kubicki h\u00e4lt dies allerdings nicht f\u00fcr ein Thema, das f\u00fcr einen deutschen Untersuchungsausschuss geeignet w\u00e4re:<\/p>\n<blockquote>\n<p><em>&#8220;Das w\u00e4re der Fall, wenn die Bundesregierung absichtlich Informationen unterdr\u00fcckt oder manipuliert h\u00e4tte, wof\u00fcr ich keine Anhaltspunkte habe.&#8221;<\/em><\/p>\n<\/blockquote>\n<p>Er erwarte &#8220;nat\u00fcrlich trotzdem, dass die Bundesregierung alle ihre Kenntnisse umfassend mit dem Parlament teilt&#8221;.<\/p>\n<p><strong>Mehr zum Thema <\/strong>&#8211;\u00a0<a rel=\"nofollow noopener\" target=\"_blank\" href=\"https:\/\/test.rtde.life\/inland\/157534-verkuender-regierungsnarrativs-wie-merkel-medien\/\">&#8220;Verk\u00fcnder des Regierungsnarrativs&#8221;: Wie Merkel ausgew\u00e4hlte Medien in der Corona-Krise einspannte <\/a><\/p>\n<\/div>\n<p><br \/>\n<br \/><a href=\"https:\/\/de.rt.com\/inland\/175024-kubicki-fordert-aufarbeitung-corona-politik\/\">Source link <\/a><\/p>\n","protected":false},"excerpt":{"rendered":"<p>Im Gegensatz zu anderen L\u00e4ndern l\u00e4sst in der Bundesrepublik Deutschland eine Aufarbeitung der Corona-Politik auf sich warten. Der stellvertretende Bundesvorsitzende der FDP Wolfgang Kubicki erkl\u00e4rte der Berliner Zeitung, dass dies auch an den Gr\u00fcnen liege, die sich einer Aufarbeitung verweigern. Die Kollateralsch\u00e4den der Corona-Politik und die fatalen Verwerfungen, mit denen diese Politik verbunden war, kommen [&hellip;]<\/p>\n","protected":false},"author":3,"featured_media":39994,"comment_status":"open","ping_status":"open","sticky":false,"template":"","format":"standard","meta":{"_yoast_indexnow_last_ping":["1689174964"],"wp_automatic_camp":["217"],"ca6f0f189b6a16df7324819ad536f9bb":["Kubicki fordert Aufarbeitung der Corona-Politik \u2013 Die Gr\u00fcnen verweigern sich"],"original_link":["https:\/\/de.rt.com\/inland\/175024-kubicki-fordert-aufarbeitung-corona-politik\/"],"_thumbnail_id":["39994"],"_wptgpro_p2tg_sent2tg":["a:1:{i:23737;s:19:\"2023-07-12 17:17:08\";}"],"jnews_social_counter_last_update":["1777592825"]},"categories":[19,23],"tags":[38199,24965,82,45,355,594,21290,434,20272],"yoast_head":"<!-- This site is optimized with the Yoast SEO Premium plugin v22.7 (Yoast SEO v22.7) - https:\/\/yoast.com\/wordpress\/plugins\/seo\/ -->\n<title>Kubicki fordert Aufarbeitung der Corona-Politik \u2013 Die Gr\u00fcnen verweigern sich - just-now.NEWS Deutschland<\/title>\n<meta name=\"robots\" content=\"index, follow, max-snippet:-1, max-image-preview:large, max-video-preview:-1\" \/>\n<link rel=\"canonical\" href=\"https:\/\/now-news.de\/de\/deutschland\/kubicki-fordert-aufarbeitung-der-corona-politik-die-gruenen-verweigern-sich\/\" \/>\n<meta property=\"og:locale\" content=\"de_DE\" \/>\n<meta property=\"og:type\" content=\"article\" \/>\n<meta property=\"og:title\" content=\"Kubicki fordert Aufarbeitung der Corona-Politik \u2013 Die Gr\u00fcnen verweigern sich\" \/>\n<meta property=\"og:description\" content=\"Im Gegensatz zu anderen L\u00e4ndern l\u00e4sst in der Bundesrepublik Deutschland eine Aufarbeitung der Corona-Politik auf sich warten. Der stellvertretende Bundesvorsitzende der FDP Wolfgang Kubicki erkl\u00e4rte der Berliner Zeitung, dass dies auch an den Gr\u00fcnen liege, die sich einer Aufarbeitung verweigern. Die Kollateralsch\u00e4den der Corona-Politik und die fatalen Verwerfungen, mit denen diese Politik verbunden war, kommen [&hellip;]\" \/>\n<meta property=\"og:url\" content=\"https:\/\/now-news.de\/de\/deutschland\/kubicki-fordert-aufarbeitung-der-corona-politik-die-gruenen-verweigern-sich\/\" \/>\n<meta property=\"og:site_name\" content=\"just-now.NEWS Deutschland\" \/>\n<meta property=\"article:publisher\" content=\"https:\/\/www.facebook.com\/wirmachenauf\" \/>\n<meta property=\"article:published_time\" content=\"2023-07-12T15:08:34+00:00\" \/>\n<meta property=\"og:image\" content=\"https:\/\/now-news.de\/de\/wp-content\/uploads\/sites\/3\/2023\/07\/Kubicki-fordert-Aufarbeitung-der-Corona-Politik-\u2013-Die-Gruenen-verweigern-sich.jpg\" \/>\n\t<meta property=\"og:image:width\" content=\"460\" \/>\n\t<meta property=\"og:image:height\" content=\"259\" \/>\n\t<meta property=\"og:image:type\" content=\"image\/jpeg\" \/>\n<meta name=\"author\" content=\"rtnews\" \/>\n<meta name=\"twitter:card\" content=\"summary_large_image\" \/>\n<meta name=\"twitter:creator\" content=\"@WirMachenAuf_de\" \/>\n<meta name=\"twitter:site\" content=\"@WirMachenAuf_de\" \/>\n<meta name=\"twitter:label1\" content=\"Verfasst von\" \/>\n\t<meta name=\"twitter:data1\" content=\"rtnews\" \/>\n\t<meta name=\"twitter:label2\" content=\"Gesch\u00e4tzte Lesezeit\" \/>\n\t<meta name=\"twitter:data2\" content=\"3\u00a0Minuten\" \/>\n<script type=\"application\/ld+json\" class=\"yoast-schema-graph\">{\"@context\":\"https:\/\/schema.org\",\"@graph\":[{\"@type\":\"Article\",\"@id\":\"https:\/\/now-news.de\/de\/deutschland\/kubicki-fordert-aufarbeitung-der-corona-politik-die-gruenen-verweigern-sich\/#article\",\"isPartOf\":{\"@id\":\"https:\/\/now-news.de\/de\/deutschland\/kubicki-fordert-aufarbeitung-der-corona-politik-die-gruenen-verweigern-sich\/\"},\"author\":{\"name\":\"rtnews\",\"@id\":\"https:\/\/now-news.de\/de\/#\/schema\/person\/fb534a4e865501d8b3285208df34a9b5\"},\"headline\":\"Kubicki fordert Aufarbeitung der Corona-Politik \u2013 Die Gr\u00fcnen verweigern sich\",\"datePublished\":\"2023-07-12T15:08:34+00:00\",\"dateModified\":\"2023-07-12T15:08:34+00:00\",\"mainEntityOfPage\":{\"@id\":\"https:\/\/now-news.de\/de\/deutschland\/kubicki-fordert-aufarbeitung-der-corona-politik-die-gruenen-verweigern-sich\/\"},\"wordCount\":691,\"commentCount\":0,\"publisher\":{\"@id\":\"https:\/\/now-news.de\/de\/#organization\"},\"image\":{\"@id\":\"https:\/\/now-news.de\/de\/deutschland\/kubicki-fordert-aufarbeitung-der-corona-politik-die-gruenen-verweigern-sich\/#primaryimage\"},\"thumbnailUrl\":\"https:\/\/now-news.de\/de\/wp-content\/uploads\/sites\/3\/2023\/07\/Kubicki-fordert-Aufarbeitung-der-Corona-Politik-\u2013-Die-Gruenen-verweigern-sich.jpg\",\"keywords\":[\"Aufarbeitung\",\"CoronaPolitik\",\"der\",\"die\",\"fordert\",\"GR\u00dcNEN\",\"Kubicki\",\"sich\",\"verweigern\"],\"articleSection\":[\"Deutschland\",\"Russland\"],\"inLanguage\":\"de\",\"potentialAction\":[{\"@type\":\"CommentAction\",\"name\":\"Comment\",\"target\":[\"https:\/\/now-news.de\/de\/deutschland\/kubicki-fordert-aufarbeitung-der-corona-politik-die-gruenen-verweigern-sich\/#respond\"]}]},{\"@type\":\"WebPage\",\"@id\":\"https:\/\/now-news.de\/de\/deutschland\/kubicki-fordert-aufarbeitung-der-corona-politik-die-gruenen-verweigern-sich\/\",\"url\":\"https:\/\/now-news.de\/de\/deutschland\/kubicki-fordert-aufarbeitung-der-corona-politik-die-gruenen-verweigern-sich\/\",\"name\":\"Kubicki fordert Aufarbeitung der Corona-Politik \u2013 Die Gr\u00fcnen verweigern sich - just-now.NEWS Deutschland\",\"isPartOf\":{\"@id\":\"https:\/\/now-news.de\/de\/#website\"},\"primaryImageOfPage\":{\"@id\":\"https:\/\/now-news.de\/de\/deutschland\/kubicki-fordert-aufarbeitung-der-corona-politik-die-gruenen-verweigern-sich\/#primaryimage\"},\"image\":{\"@id\":\"https:\/\/now-news.de\/de\/deutschland\/kubicki-fordert-aufarbeitung-der-corona-politik-die-gruenen-verweigern-sich\/#primaryimage\"},\"thumbnailUrl\":\"https:\/\/now-news.de\/de\/wp-content\/uploads\/sites\/3\/2023\/07\/Kubicki-fordert-Aufarbeitung-der-Corona-Politik-\u2013-Die-Gruenen-verweigern-sich.jpg\",\"datePublished\":\"2023-07-12T15:08:34+00:00\",\"dateModified\":\"2023-07-12T15:08:34+00:00\",\"breadcrumb\":{\"@id\":\"https:\/\/now-news.de\/de\/deutschland\/kubicki-fordert-aufarbeitung-der-corona-politik-die-gruenen-verweigern-sich\/#breadcrumb\"},\"inLanguage\":\"de\",\"potentialAction\":[{\"@type\":\"ReadAction\",\"target\":[\"https:\/\/now-news.de\/de\/deutschland\/kubicki-fordert-aufarbeitung-der-corona-politik-die-gruenen-verweigern-sich\/\"]}]},{\"@type\":\"ImageObject\",\"inLanguage\":\"de\",\"@id\":\"https:\/\/now-news.de\/de\/deutschland\/kubicki-fordert-aufarbeitung-der-corona-politik-die-gruenen-verweigern-sich\/#primaryimage\",\"url\":\"https:\/\/now-news.de\/de\/wp-content\/uploads\/sites\/3\/2023\/07\/Kubicki-fordert-Aufarbeitung-der-Corona-Politik-\u2013-Die-Gruenen-verweigern-sich.jpg\",\"contentUrl\":\"https:\/\/now-news.de\/de\/wp-content\/uploads\/sites\/3\/2023\/07\/Kubicki-fordert-Aufarbeitung-der-Corona-Politik-\u2013-Die-Gruenen-verweigern-sich.jpg\",\"width\":460,\"height\":259,\"caption\":\"Kubicki fordert Aufarbeitung der Corona-Politik \u2013 Die Gr\u00fcnen verweigern sich\"},{\"@type\":\"BreadcrumbList\",\"@id\":\"https:\/\/now-news.de\/de\/deutschland\/kubicki-fordert-aufarbeitung-der-corona-politik-die-gruenen-verweigern-sich\/#breadcrumb\",\"itemListElement\":[{\"@type\":\"ListItem\",\"position\":1,\"name\":\"Home\",\"item\":\"https:\/\/now-news.de\/de\/\"},{\"@type\":\"ListItem\",\"position\":2,\"name\":\"Kubicki fordert Aufarbeitung der Corona-Politik \u2013 Die Gr\u00fcnen verweigern sich\"}]},{\"@type\":\"WebSite\",\"@id\":\"https:\/\/now-news.de\/de\/#website\",\"url\":\"https:\/\/now-news.de\/de\/\",\"name\":\"just-now.NEWS Deutschland\",\"description\":\"Das Portal f\u00fcr unzensierte Nachrichten aus der Welt\",\"publisher\":{\"@id\":\"https:\/\/now-news.de\/de\/#organization\"},\"potentialAction\":[{\"@type\":\"SearchAction\",\"target\":{\"@type\":\"EntryPoint\",\"urlTemplate\":\"https:\/\/now-news.de\/de\/?s={search_term_string}\"},\"query-input\":\"required name=search_term_string\"}],\"inLanguage\":\"de\"},{\"@type\":\"Organization\",\"@id\":\"https:\/\/now-news.de\/de\/#organization\",\"name\":\"Just Now News\",\"url\":\"https:\/\/now-news.de\/de\/\",\"logo\":{\"@type\":\"ImageObject\",\"inLanguage\":\"de\",\"@id\":\"https:\/\/now-news.de\/de\/#\/schema\/logo\/image\/\",\"url\":\"http:\/\/just-now.news\/de\/wp-content\/uploads\/sites\/3\/2022\/04\/logo500x500.jpg\",\"contentUrl\":\"http:\/\/just-now.news\/de\/wp-content\/uploads\/sites\/3\/2022\/04\/logo500x500.jpg\",\"width\":500,\"height\":500,\"caption\":\"Just Now News\"},\"image\":{\"@id\":\"https:\/\/now-news.de\/de\/#\/schema\/logo\/image\/\"},\"sameAs\":[\"https:\/\/www.facebook.com\/wirmachenauf\",\"https:\/\/x.com\/WirMachenAuf_de\"]},{\"@type\":\"Person\",\"@id\":\"https:\/\/now-news.de\/de\/#\/schema\/person\/fb534a4e865501d8b3285208df34a9b5\",\"name\":\"rtnews\",\"image\":{\"@type\":\"ImageObject\",\"inLanguage\":\"de\",\"@id\":\"https:\/\/now-news.de\/de\/#\/schema\/person\/image\/\",\"url\":\"https:\/\/secure.gravatar.com\/avatar\/82aafea7d8127119dd649515f56e2117?s=96&d=mm&r=g\",\"contentUrl\":\"https:\/\/secure.gravatar.com\/avatar\/82aafea7d8127119dd649515f56e2117?s=96&d=mm&r=g\",\"caption\":\"rtnews\"},\"url\":\"https:\/\/now-news.de\/de\/author\/rnews\/\"}]}<\/script>\n<!-- \/ Yoast SEO Premium plugin. -->","yoast_head_json":{"title":"Kubicki fordert Aufarbeitung der Corona-Politik \u2013 Die Gr\u00fcnen verweigern sich - just-now.NEWS Deutschland","robots":{"index":"index","follow":"follow","max-snippet":"max-snippet:-1","max-image-preview":"max-image-preview:large","max-video-preview":"max-video-preview:-1"},"canonical":"https:\/\/now-news.de\/de\/deutschland\/kubicki-fordert-aufarbeitung-der-corona-politik-die-gruenen-verweigern-sich\/","og_locale":"de_DE","og_type":"article","og_title":"Kubicki fordert Aufarbeitung der Corona-Politik \u2013 Die Gr\u00fcnen verweigern sich","og_description":"Im Gegensatz zu anderen L\u00e4ndern l\u00e4sst in der Bundesrepublik Deutschland eine Aufarbeitung der Corona-Politik auf sich warten. Der stellvertretende Bundesvorsitzende der FDP Wolfgang Kubicki erkl\u00e4rte der Berliner Zeitung, dass dies auch an den Gr\u00fcnen liege, die sich einer Aufarbeitung verweigern. Die Kollateralsch\u00e4den der Corona-Politik und die fatalen Verwerfungen, mit denen diese Politik verbunden war, kommen [&hellip;]","og_url":"https:\/\/now-news.de\/de\/deutschland\/kubicki-fordert-aufarbeitung-der-corona-politik-die-gruenen-verweigern-sich\/","og_site_name":"just-now.NEWS Deutschland","article_publisher":"https:\/\/www.facebook.com\/wirmachenauf","article_published_time":"2023-07-12T15:08:34+00:00","og_image":[{"width":460,"height":259,"url":"https:\/\/now-news.de\/de\/wp-content\/uploads\/sites\/3\/2023\/07\/Kubicki-fordert-Aufarbeitung-der-Corona-Politik-\u2013-Die-Gruenen-verweigern-sich.jpg","type":"image\/jpeg"}],"author":"rtnews","twitter_card":"summary_large_image","twitter_creator":"@WirMachenAuf_de","twitter_site":"@WirMachenAuf_de","twitter_misc":{"Verfasst von":"rtnews","Gesch\u00e4tzte Lesezeit":"3\u00a0Minuten"},"schema":{"@context":"https:\/\/schema.org","@graph":[{"@type":"Article","@id":"https:\/\/now-news.de\/de\/deutschland\/kubicki-fordert-aufarbeitung-der-corona-politik-die-gruenen-verweigern-sich\/#article","isPartOf":{"@id":"https:\/\/now-news.de\/de\/deutschland\/kubicki-fordert-aufarbeitung-der-corona-politik-die-gruenen-verweigern-sich\/"},"author":{"name":"rtnews","@id":"https:\/\/now-news.de\/de\/#\/schema\/person\/fb534a4e865501d8b3285208df34a9b5"},"headline":"Kubicki fordert Aufarbeitung der Corona-Politik \u2013 Die Gr\u00fcnen verweigern sich","datePublished":"2023-07-12T15:08:34+00:00","dateModified":"2023-07-12T15:08:34+00:00","mainEntityOfPage":{"@id":"https:\/\/now-news.de\/de\/deutschland\/kubicki-fordert-aufarbeitung-der-corona-politik-die-gruenen-verweigern-sich\/"},"wordCount":691,"commentCount":0,"publisher":{"@id":"https:\/\/now-news.de\/de\/#organization"},"image":{"@id":"https:\/\/now-news.de\/de\/deutschland\/kubicki-fordert-aufarbeitung-der-corona-politik-die-gruenen-verweigern-sich\/#primaryimage"},"thumbnailUrl":"https:\/\/now-news.de\/de\/wp-content\/uploads\/sites\/3\/2023\/07\/Kubicki-fordert-Aufarbeitung-der-Corona-Politik-\u2013-Die-Gruenen-verweigern-sich.jpg","keywords":["Aufarbeitung","CoronaPolitik","der","die","fordert","GR\u00dcNEN","Kubicki","sich","verweigern"],"articleSection":["Deutschland","Russland"],"inLanguage":"de","potentialAction":[{"@type":"CommentAction","name":"Comment","target":["https:\/\/now-news.de\/de\/deutschland\/kubicki-fordert-aufarbeitung-der-corona-politik-die-gruenen-verweigern-sich\/#respond"]}]},{"@type":"WebPage","@id":"https:\/\/now-news.de\/de\/deutschland\/kubicki-fordert-aufarbeitung-der-corona-politik-die-gruenen-verweigern-sich\/","url":"https:\/\/now-news.de\/de\/deutschland\/kubicki-fordert-aufarbeitung-der-corona-politik-die-gruenen-verweigern-sich\/","name":"Kubicki fordert Aufarbeitung der Corona-Politik \u2013 Die Gr\u00fcnen verweigern sich - just-now.NEWS Deutschland","isPartOf":{"@id":"https:\/\/now-news.de\/de\/#website"},"primaryImageOfPage":{"@id":"https:\/\/now-news.de\/de\/deutschland\/kubicki-fordert-aufarbeitung-der-corona-politik-die-gruenen-verweigern-sich\/#primaryimage"},"image":{"@id":"https:\/\/now-news.de\/de\/deutschland\/kubicki-fordert-aufarbeitung-der-corona-politik-die-gruenen-verweigern-sich\/#primaryimage"},"thumbnailUrl":"https:\/\/now-news.de\/de\/wp-content\/uploads\/sites\/3\/2023\/07\/Kubicki-fordert-Aufarbeitung-der-Corona-Politik-\u2013-Die-Gruenen-verweigern-sich.jpg","datePublished":"2023-07-12T15:08:34+00:00","dateModified":"2023-07-12T15:08:34+00:00","breadcrumb":{"@id":"https:\/\/now-news.de\/de\/deutschland\/kubicki-fordert-aufarbeitung-der-corona-politik-die-gruenen-verweigern-sich\/#breadcrumb"},"inLanguage":"de","potentialAction":[{"@type":"ReadAction","target":["https:\/\/now-news.de\/de\/deutschland\/kubicki-fordert-aufarbeitung-der-corona-politik-die-gruenen-verweigern-sich\/"]}]},{"@type":"ImageObject","inLanguage":"de","@id":"https:\/\/now-news.de\/de\/deutschland\/kubicki-fordert-aufarbeitung-der-corona-politik-die-gruenen-verweigern-sich\/#primaryimage","url":"https:\/\/now-news.de\/de\/wp-content\/uploads\/sites\/3\/2023\/07\/Kubicki-fordert-Aufarbeitung-der-Corona-Politik-\u2013-Die-Gruenen-verweigern-sich.jpg","contentUrl":"https:\/\/now-news.de\/de\/wp-content\/uploads\/sites\/3\/2023\/07\/Kubicki-fordert-Aufarbeitung-der-Corona-Politik-\u2013-Die-Gruenen-verweigern-sich.jpg","width":460,"height":259,"caption":"Kubicki fordert Aufarbeitung der Corona-Politik \u2013 Die Gr\u00fcnen verweigern sich"},{"@type":"BreadcrumbList","@id":"https:\/\/now-news.de\/de\/deutschland\/kubicki-fordert-aufarbeitung-der-corona-politik-die-gruenen-verweigern-sich\/#breadcrumb","itemListElement":[{"@type":"ListItem","position":1,"name":"Home","item":"https:\/\/now-news.de\/de\/"},{"@type":"ListItem","position":2,"name":"Kubicki fordert Aufarbeitung der Corona-Politik \u2013 Die Gr\u00fcnen verweigern sich"}]},{"@type":"WebSite","@id":"https:\/\/now-news.de\/de\/#website","url":"https:\/\/now-news.de\/de\/","name":"just-now.NEWS Deutschland","description":"Das Portal f\u00fcr unzensierte Nachrichten aus der Welt","publisher":{"@id":"https:\/\/now-news.de\/de\/#organization"},"potentialAction":[{"@type":"SearchAction","target":{"@type":"EntryPoint","urlTemplate":"https:\/\/now-news.de\/de\/?s={search_term_string}"},"query-input":"required name=search_term_string"}],"inLanguage":"de"},{"@type":"Organization","@id":"https:\/\/now-news.de\/de\/#organization","name":"Just Now News","url":"https:\/\/now-news.de\/de\/","logo":{"@type":"ImageObject","inLanguage":"de","@id":"https:\/\/now-news.de\/de\/#\/schema\/logo\/image\/","url":"http:\/\/just-now.news\/de\/wp-content\/uploads\/sites\/3\/2022\/04\/logo500x500.jpg","contentUrl":"http:\/\/just-now.news\/de\/wp-content\/uploads\/sites\/3\/2022\/04\/logo500x500.jpg","width":500,"height":500,"caption":"Just Now News"},"image":{"@id":"https:\/\/now-news.de\/de\/#\/schema\/logo\/image\/"},"sameAs":["https:\/\/www.facebook.com\/wirmachenauf","https:\/\/x.com\/WirMachenAuf_de"]},{"@type":"Person","@id":"https:\/\/now-news.de\/de\/#\/schema\/person\/fb534a4e865501d8b3285208df34a9b5","name":"rtnews","image":{"@type":"ImageObject","inLanguage":"de","@id":"https:\/\/now-news.de\/de\/#\/schema\/person\/image\/","url":"https:\/\/secure.gravatar.com\/avatar\/82aafea7d8127119dd649515f56e2117?s=96&d=mm&r=g","contentUrl":"https:\/\/secure.gravatar.com\/avatar\/82aafea7d8127119dd649515f56e2117?s=96&d=mm&r=g","caption":"rtnews"},"url":"https:\/\/now-news.de\/de\/author\/rnews\/"}]}},"_links":{"self":[{"href":"https:\/\/now-news.de\/de\/wp-json\/wp\/v2\/posts\/39993"}],"collection":[{"href":"https:\/\/now-news.de\/de\/wp-json\/wp\/v2\/posts"}],"about":[{"href":"https:\/\/now-news.de\/de\/wp-json\/wp\/v2\/types\/post"}],"author":[{"embeddable":true,"href":"https:\/\/now-news.de\/de\/wp-json\/wp\/v2\/users\/3"}],"replies":[{"embeddable":true,"href":"https:\/\/now-news.de\/de\/wp-json\/wp\/v2\/comments?post=39993"}],"version-history":[{"count":0,"href":"https:\/\/now-news.de\/de\/wp-json\/wp\/v2\/posts\/39993\/revisions"}],"wp:featuredmedia":[{"embeddable":true,"href":"https:\/\/now-news.de\/de\/wp-json\/wp\/v2\/media\/39994"}],"wp:attachment":[{"href":"https:\/\/now-news.de\/de\/wp-json\/wp\/v2\/media?parent=39993"}],"wp:term":[{"taxonomy":"category","embeddable":true,"href":"https:\/\/now-news.de\/de\/wp-json\/wp\/v2\/categories?post=39993"},{"taxonomy":"post_tag","embeddable":true,"href":"https:\/\/now-news.de\/de\/wp-json\/wp\/v2\/tags?post=39993"}],"curies":[{"name":"wp","href":"https:\/\/api.w.org\/{rel}","templated":true}]}}