{"id":39955,"date":"2023-07-12T10:59:23","date_gmt":"2023-07-12T08:59:23","guid":{"rendered":"https:\/\/just-now.news\/de\/deutschland\/thueringer-engagement-gegen-eine-ideologisch-fehlgeleitete-energiepolitik\/"},"modified":"2023-07-12T10:59:23","modified_gmt":"2023-07-12T08:59:23","slug":"thueringer-engagement-gegen-eine-ideologisch-fehlgeleitete-energiepolitik","status":"publish","type":"post","link":"https:\/\/now-news.de\/de\/deutschland\/thueringer-engagement-gegen-eine-ideologisch-fehlgeleitete-energiepolitik\/","title":{"rendered":"Th\u00fcringer Engagement gegen eine &quot;ideologisch fehlgeleitete Energiepolitik&quot;"},"content":{"rendered":"<p><img decoding=\"async\" src=\"http:\/\/just-now.news\/de\/wp-content\/uploads\/sites\/3\/2023\/07\/64ad5d3c48fbef37604c4d6f.jpg\" \/><\/p>\n<div class=\"Text-root Text-type_1 \">\n                Der Diplom-Ingenieur Jochen Langzettel ist im Vorstand des &#8220;Th\u00fcringer Landesverbandes Energiepolitik mit Vernunft&#8221;. Im Interview erkl\u00e4rt er: &#8220;Die gegenw\u00e4rtige Energiepolitik ist weder \u00f6kologisch noch alternativlos. Wir werben f\u00fcr \u00f6konomisch und \u00f6kologisch vern\u00fcnftige, nachhaltige sowie technologisch real umsetzbare Alternativen.&#8221;\n            <\/div>\n<p><\/p>\n<div class=\"Text-root Text-type_5 ArticleView-text ViewText-root \">\n<p><em>Von Felicitas Rabe, 11.07.2023<\/em><\/p>\n<p>Der &#8220;Th\u00fcringer Landesverband Energiepolitik mit Vernunft e. V.&#8221; (<a rel=\"nofollow noopener\" target=\"_blank\" href=\"https:\/\/www.thlemv.de\/\">THLEmV<\/a>) sei 2015 zun\u00e4chst unter dem Namen &#8220;Energiewende mit Vernunft \u2013 B\u00fcndnis Th\u00fcringer B\u00fcrgerinitiativen e. V.&#8221; gegr\u00fcndet worden. Er habe 102 Mitglieder und vertrete mehr als 70 Th\u00fcringer B\u00fcrgerinitiativen. Damit wolle man \u00fcberparteilich eine Interessenvertretung von B\u00fcrgerinitiativen und der durch die &#8220;Energiewende&#8221; betroffenen Bev\u00f6lkerung sein, erkl\u00e4rt der Diplom-Ingenieur f\u00fcr Elektrotechnik Jochen<em><\/em>Langzettel. Im Interview stellt er das Engagement des Vereins in Fragen der Energiepolitik genauer dar.<\/p>\n<p>Schlie\u00dflich h\u00e4tten laut dem Th\u00fcringer Landesplanungsgesetz (Th\u00fcrLPIG) im Freistaat weder die Bewohner noch die Gemeinden oder Verwaltungsgemeinschaften im l\u00e4ndlichen Raum ein Mitbestimmungs- oder Mitwirkungsrecht. Es sei f\u00fcr die Th\u00fcringer auch nicht m\u00f6glich, in einem entsprechenden f\u00f6rmlichen Gesetzgebungsverfahren mitzuwirken, kritisiert der Ingenieur.<\/p>\n<p>Mittlerweile gebe es solche Landesverb\u00e4nde aber in zw\u00f6lf deutschen Bundesl\u00e4ndern. Diese Vereine und weitere B\u00fcrgerinitiativen seien in der Bundesinitiative f\u00fcr eine vern\u00fcnftige Energiepolitik\u00a0<a rel=\"nofollow noopener\" target=\"_blank\" href=\"https:\/\/www.vernunftkraft.de\/\">VERNUNFTKRAFT.<\/a> zusammen\u00adgeschlossen. Langzettel zufolge sei der Aufbau so vieler B\u00fcrgerinitiativen ein Beleg f\u00fcr die Fehler der staatlichen Energiepolitik in Deutschland:<\/p>\n<blockquote>\n<p><em>&#8220;Dass sich die ideologisch fehlgeleitete Energiepolitik der Bundesrepublik zu einem ernst zu nehmenden gesellschaftlichen Problem entwickelt hat, belegen schon allein die bundesweit \u00fcber 1.000 B\u00fcrgerinitiativen unter dem Dach von<\/em> VERNUNFTKRAFT.<strong>&#8220;<\/strong><\/p>\n<\/blockquote>\n<p>In dem th\u00fcringischen Verein engagierten sich Th\u00fcringer f\u00fcr eine ressourcenschonende Energiepolitik, bei der alle Energieformen technisch und wirtschaftlich sinnvoll eingesetzt w\u00fcrden. Gem\u00e4\u00df der <a rel=\"nofollow noopener\" target=\"_blank\" href=\"https:\/\/www.thlemv.de\/wp-content\/uploads\/2020\/12\/2020-12-01_Satzung-3.%C3%84nderg.THLEmV.pdf\">Vereins-Satzung<\/a> setze sich der Verband unter anderem f\u00fcr den Schutz der Gesundheit und der Lebensqualit\u00e4t der Menschen ein und auch f\u00fcr den &#8220;Schutz vor staatlichen Eingriffen und vor unzumutbaren Beeintr\u00e4chtigungen sowie die F\u00f6rderung eines umweltvertr\u00e4glichen und ressourcenschonenden Einsatzes aller Formen erneuerbare Energien.&#8221;<\/p>\n<p>Zu den j\u00fcngsten Projekten geh\u00f6re die Durchf\u00fchrung von Veranstaltungen f\u00fcr mittelst\u00e4ndische Unternehmer in Th\u00fcringen in Kooperation mit der Mittelstandsinitiative <a rel=\"nofollow noopener\" target=\"_blank\" href=\"https:\/\/energie-klartext.de\/\">Energie-Klartext<\/a>. Zuletzt fanden am 13. Juni 2023 der Mittelstandsgipfel S\u00fcdth\u00fcringen bei Wiegand-Glas in Schleusingen und am 15. M\u00e4rz 2023 bereits der Ostth\u00fcringer Gipfel in Hermsdorf statt. In Nord- und Mittelth\u00fcringen seien weitere Veranstaltungen geplant.<\/p>\n<p>Dazu erl\u00e4uterte Langzettel: &#8220;Bei diesen Mittel\u00adstands-Gipfeltreffen kommen Vertreter der Industrie und des Handwerks der Region zusammen, um \u00fcber existenzbedrohende Ursachen und Probleme bez\u00fcglich der Energiewende zu informieren und \u00fcber Bed\u00fcrfnisse zu beraten. Diese Forderungen wollen wir dann an die politischen Entscheidungstr\u00e4ger herantragen.&#8221;<\/p>\n<blockquote>\n<p><em>&#8220;Wir erhoffen und erwarten dabei, dass die Politik in Erfurt, in Berlin und Br\u00fcssel die Argumente versteht, wonach bedarfsgerechte und bezahlbare Energie nicht nur Bedingung zur Gew\u00e4hrleistung der Daseinsvorsorge ist, sondern auch f\u00fcr national und international wettbewerbsf\u00e4hige Preise und entscheidend f\u00fcr Industrie, Handwerk und Handel, \u00fcberall in Th\u00fcringen und in ganz Deutschland ist.&#8221;<\/em><\/p>\n<\/blockquote>\n<p>Mittels vielf\u00e4ltiger Aktivit\u00e4ten habe der Verein auf die Th\u00fcringer Energiepolitik eingewirkt, berichtet der Ingenieur. &#8220;Neben der Durchf\u00fchrung von Demonstrationen vor dem Th\u00fcringer Landtag wurden zahlreiche Petitionen eingereicht. Es wurden Fach\u00adge\u00adspr\u00e4che und Diskussionsforen im Th\u00fcringer Landtag durchgef\u00fchrt. Im Zusammen\u00adhang mit der \u00c4nderung des Th\u00fcringer Waldgesetzes (Th\u00fcrWaldG) \u2013 dem Verbot von Windenergiegewinnung im Wald \u2013 war mit Erfolg die Anh\u00f6rung in den Fachaussch\u00fcssen und im Petitionsausschuss m\u00f6glich.&#8221; K\u00fcrzlich habe der Verband zum Entwurf der Landesregierung auch zur &#8220;Abstandsregelung von Windkraftanlagen zur Wohnbe\u00adbauung&#8221; mehrere umfassende Stellungnahmen abgegeben.<\/p>\n<p>Als Mitglied in der Bundesinitiative f\u00fcr vern\u00fcnftige Energiepolitik &#8220;VERNUNFTKRAFT&#8221; wolle der Th\u00fcringer Verband gemeinsam mit der Bundesinitiative der drohenden Naturzerst\u00f6rung im Namen eines vermeintlich \u00f6kologischen Umbaus der Energieversorgung entgegen treten.<\/p>\n<blockquote>\n<p><em>&#8220;Denn die gegenw\u00e4rtige Energiepolitik ist weder \u00f6kologisch noch alternativlos. Wir werben f\u00fcr \u00f6konomisch und \u00f6kologisch vern\u00fcnftige, nachhaltige sowie technologisch real umsetzbare Alternativen&#8221;<\/em>, sagt Langzettel.<\/p>\n<\/blockquote>\n<p>&#8220;Wir k\u00e4mpfen f\u00fcr echten Naturschutz in der ganzen Stoff- und Wertsch\u00f6pfungskette, statt des vermeintlichen \u00d6kostroms, der unglaubliche Umweltsch\u00e4den im Ausland oder der &#8216;Dritten Welt&#8217; verursacht.&#8221;<\/p>\n<p>Auf die Frage, was er sich vom b\u00fcrgerschaftlichen Engagement in Fragen der Energiepolitik auf der Bundes-, Landes- und kommunalen Ebene verspr\u00e4che, antwortete der Th\u00fcringer Ingenieur unter anderem: &#8220;Mit den Aktivit\u00e4ten versuchen wir durch berufliche und naturwissenschaftliche Sachkompetenz und Argumente die Achtung und Anerkennung im Gesetzgebungsverfahren zu erreichen, indem wir mit Politikern auf Augenh\u00f6he ins fachliche und sachliche Gespr\u00e4ch kommen, die erforderliche \u00d6ffentlichkeit (B\u00fcrger, W\u00e4hler) erreichen und die begrenzten M\u00f6glichkeiten der demokratischen Mitwirkung nutzen.&#8221;<\/p>\n<p>\u00dcber das Engagement des &#8220;Th\u00fcringer Landesverbandes Energiepolitik mit Vernunft e. V.&#8221; und der Bundesinitiative &#8220;VERNUNFTKRAFT.&#8221; kann man sich auf den Webseiten:<br \/><a rel=\"nofollow noopener\" target=\"_blank\" href=\"https:\/\/www.thlemv.de\">https:\/\/www.thlemv.de<\/a> und <a rel=\"nofollow noopener\" target=\"_blank\" href=\"https:\/\/www.vernunftkraft.de\">https:\/\/www.vernunftkraft.de<\/a> informieren.<\/p>\n<p><strong>Mehr zum Thema<\/strong> &#8211; <a rel=\"nofollow noopener\" target=\"_blank\" href=\"https:\/\/pressefreiheit.rtde.live\/inland\/172683-energiekonferenz-in-thueringen-unternehmer-kritisieren\/\">Energiekonferenz in Th\u00fcringen: Unternehmer kritisieren Energiepolitik und Klima-Narrativ <\/a><\/p>\n<\/div>\n<p><br \/>\n<br \/><a href=\"https:\/\/de.rt.com\/inland\/174983-thueringer-engagement-gegen-ideologisch-fehlgeleitete\/\">Source link <\/a><\/p>\n","protected":false},"excerpt":{"rendered":"<p>Der Diplom-Ingenieur Jochen Langzettel ist im Vorstand des &#8220;Th\u00fcringer Landesverbandes Energiepolitik mit Vernunft&#8221;. Im Interview erkl\u00e4rt er: &#8220;Die gegenw\u00e4rtige Energiepolitik ist weder \u00f6kologisch noch alternativlos. Wir werben f\u00fcr \u00f6konomisch und \u00f6kologisch vern\u00fcnftige, nachhaltige sowie technologisch real umsetzbare Alternativen.&#8221; Von Felicitas Rabe, 11.07.2023 Der &#8220;Th\u00fcringer Landesverband Energiepolitik mit Vernunft e. V.&#8221; (THLEmV) sei 2015 zun\u00e4chst unter [&hellip;]<\/p>\n","protected":false},"author":3,"featured_media":39956,"comment_status":"open","ping_status":"open","sticky":false,"template":"","format":"standard","meta":{"_yoast_indexnow_last_ping":["1689152697"],"wp_automatic_camp":["217"],"e04c3fc3412fc06fc56565462466fbab":["Th\u00fcringer Engagement gegen eine &quot;ideologisch fehlgeleitete Energiepolitik&quot;"],"original_link":["https:\/\/de.rt.com\/inland\/174983-thueringer-engagement-gegen-ideologisch-fehlgeleitete\/"],"_thumbnail_id":["39956"],"jnews_social_counter_last_update":["1777489316"],"_wptgpro_p2tg_sent2tg":["a:1:{i:23737;s:19:\"2023-07-12 11:05:58\";}"]},"categories":[19,23],"tags":[275,33953,231,46635,278,46634,33298],"yoast_head":"<!-- This site is optimized with the Yoast SEO Premium plugin v22.7 (Yoast SEO v22.7) - https:\/\/yoast.com\/wordpress\/plugins\/seo\/ -->\n<title>Th\u00fcringer Engagement gegen eine &quot;ideologisch fehlgeleitete Energiepolitik&quot; - just-now.NEWS Deutschland<\/title>\n<meta name=\"robots\" content=\"index, follow, max-snippet:-1, max-image-preview:large, max-video-preview:-1\" \/>\n<link rel=\"canonical\" href=\"https:\/\/now-news.de\/de\/deutschland\/thueringer-engagement-gegen-eine-ideologisch-fehlgeleitete-energiepolitik\/\" \/>\n<meta property=\"og:locale\" content=\"de_DE\" \/>\n<meta property=\"og:type\" content=\"article\" \/>\n<meta property=\"og:title\" content=\"Th\u00fcringer Engagement gegen eine &quot;ideologisch fehlgeleitete Energiepolitik&quot;\" \/>\n<meta property=\"og:description\" content=\"Der Diplom-Ingenieur Jochen Langzettel ist im Vorstand des &#8220;Th\u00fcringer Landesverbandes Energiepolitik mit Vernunft&#8221;. Im Interview erkl\u00e4rt er: &#8220;Die gegenw\u00e4rtige Energiepolitik ist weder \u00f6kologisch noch alternativlos. Wir werben f\u00fcr \u00f6konomisch und \u00f6kologisch vern\u00fcnftige, nachhaltige sowie technologisch real umsetzbare Alternativen.&#8221; Von Felicitas Rabe, 11.07.2023 Der &#8220;Th\u00fcringer Landesverband Energiepolitik mit Vernunft e. V.&#8221; (THLEmV) sei 2015 zun\u00e4chst unter [&hellip;]\" \/>\n<meta property=\"og:url\" content=\"https:\/\/now-news.de\/de\/deutschland\/thueringer-engagement-gegen-eine-ideologisch-fehlgeleitete-energiepolitik\/\" \/>\n<meta property=\"og:site_name\" content=\"just-now.NEWS Deutschland\" \/>\n<meta property=\"article:publisher\" content=\"https:\/\/www.facebook.com\/wirmachenauf\" \/>\n<meta property=\"article:published_time\" content=\"2023-07-12T08:59:23+00:00\" \/>\n<meta property=\"og:image\" content=\"https:\/\/now-news.de\/de\/wp-content\/uploads\/sites\/3\/2023\/07\/Thueringer-Engagement-gegen-eine-quotideologisch-fehlgeleitete-Energiepolitikquot.jpg\" \/>\n\t<meta property=\"og:image:width\" content=\"460\" \/>\n\t<meta property=\"og:image:height\" content=\"259\" \/>\n\t<meta property=\"og:image:type\" content=\"image\/jpeg\" \/>\n<meta name=\"author\" content=\"rtnews\" \/>\n<meta name=\"twitter:card\" content=\"summary_large_image\" \/>\n<meta name=\"twitter:creator\" content=\"@WirMachenAuf_de\" \/>\n<meta name=\"twitter:site\" content=\"@WirMachenAuf_de\" \/>\n<meta name=\"twitter:label1\" content=\"Verfasst von\" \/>\n\t<meta name=\"twitter:data1\" content=\"rtnews\" \/>\n\t<meta name=\"twitter:label2\" content=\"Gesch\u00e4tzte Lesezeit\" \/>\n\t<meta name=\"twitter:data2\" content=\"4\u00a0Minuten\" \/>\n<script type=\"application\/ld+json\" class=\"yoast-schema-graph\">{\"@context\":\"https:\/\/schema.org\",\"@graph\":[{\"@type\":\"Article\",\"@id\":\"https:\/\/now-news.de\/de\/deutschland\/thueringer-engagement-gegen-eine-ideologisch-fehlgeleitete-energiepolitik\/#article\",\"isPartOf\":{\"@id\":\"https:\/\/now-news.de\/de\/deutschland\/thueringer-engagement-gegen-eine-ideologisch-fehlgeleitete-energiepolitik\/\"},\"author\":{\"name\":\"rtnews\",\"@id\":\"https:\/\/now-news.de\/de\/#\/schema\/person\/fb534a4e865501d8b3285208df34a9b5\"},\"headline\":\"Th\u00fcringer Engagement gegen eine &quot;ideologisch fehlgeleitete Energiepolitik&quot;\",\"datePublished\":\"2023-07-12T08:59:23+00:00\",\"dateModified\":\"2023-07-12T08:59:23+00:00\",\"mainEntityOfPage\":{\"@id\":\"https:\/\/now-news.de\/de\/deutschland\/thueringer-engagement-gegen-eine-ideologisch-fehlgeleitete-energiepolitik\/\"},\"wordCount\":831,\"commentCount\":0,\"publisher\":{\"@id\":\"https:\/\/now-news.de\/de\/#organization\"},\"image\":{\"@id\":\"https:\/\/now-news.de\/de\/deutschland\/thueringer-engagement-gegen-eine-ideologisch-fehlgeleitete-energiepolitik\/#primaryimage\"},\"thumbnailUrl\":\"https:\/\/now-news.de\/de\/wp-content\/uploads\/sites\/3\/2023\/07\/Thueringer-Engagement-gegen-eine-quotideologisch-fehlgeleitete-Energiepolitikquot.jpg\",\"keywords\":[\"eine\",\"Energiepolitikquot\",\"Engagement\",\"fehlgeleitete\",\"gegen\",\"quotideologisch\",\"Th\u00fcringer\"],\"articleSection\":[\"Deutschland\",\"Russland\"],\"inLanguage\":\"de\",\"potentialAction\":[{\"@type\":\"CommentAction\",\"name\":\"Comment\",\"target\":[\"https:\/\/now-news.de\/de\/deutschland\/thueringer-engagement-gegen-eine-ideologisch-fehlgeleitete-energiepolitik\/#respond\"]}]},{\"@type\":\"WebPage\",\"@id\":\"https:\/\/now-news.de\/de\/deutschland\/thueringer-engagement-gegen-eine-ideologisch-fehlgeleitete-energiepolitik\/\",\"url\":\"https:\/\/now-news.de\/de\/deutschland\/thueringer-engagement-gegen-eine-ideologisch-fehlgeleitete-energiepolitik\/\",\"name\":\"Th\u00fcringer Engagement gegen eine &quot;ideologisch fehlgeleitete Energiepolitik&quot; - just-now.NEWS Deutschland\",\"isPartOf\":{\"@id\":\"https:\/\/now-news.de\/de\/#website\"},\"primaryImageOfPage\":{\"@id\":\"https:\/\/now-news.de\/de\/deutschland\/thueringer-engagement-gegen-eine-ideologisch-fehlgeleitete-energiepolitik\/#primaryimage\"},\"image\":{\"@id\":\"https:\/\/now-news.de\/de\/deutschland\/thueringer-engagement-gegen-eine-ideologisch-fehlgeleitete-energiepolitik\/#primaryimage\"},\"thumbnailUrl\":\"https:\/\/now-news.de\/de\/wp-content\/uploads\/sites\/3\/2023\/07\/Thueringer-Engagement-gegen-eine-quotideologisch-fehlgeleitete-Energiepolitikquot.jpg\",\"datePublished\":\"2023-07-12T08:59:23+00:00\",\"dateModified\":\"2023-07-12T08:59:23+00:00\",\"breadcrumb\":{\"@id\":\"https:\/\/now-news.de\/de\/deutschland\/thueringer-engagement-gegen-eine-ideologisch-fehlgeleitete-energiepolitik\/#breadcrumb\"},\"inLanguage\":\"de\",\"potentialAction\":[{\"@type\":\"ReadAction\",\"target\":[\"https:\/\/now-news.de\/de\/deutschland\/thueringer-engagement-gegen-eine-ideologisch-fehlgeleitete-energiepolitik\/\"]}]},{\"@type\":\"ImageObject\",\"inLanguage\":\"de\",\"@id\":\"https:\/\/now-news.de\/de\/deutschland\/thueringer-engagement-gegen-eine-ideologisch-fehlgeleitete-energiepolitik\/#primaryimage\",\"url\":\"https:\/\/now-news.de\/de\/wp-content\/uploads\/sites\/3\/2023\/07\/Thueringer-Engagement-gegen-eine-quotideologisch-fehlgeleitete-Energiepolitikquot.jpg\",\"contentUrl\":\"https:\/\/now-news.de\/de\/wp-content\/uploads\/sites\/3\/2023\/07\/Thueringer-Engagement-gegen-eine-quotideologisch-fehlgeleitete-Energiepolitikquot.jpg\",\"width\":460,\"height\":259,\"caption\":\"Th\u00fcringer Engagement gegen eine &quot;ideologisch fehlgeleitete Energiepolitik&quot;\"},{\"@type\":\"BreadcrumbList\",\"@id\":\"https:\/\/now-news.de\/de\/deutschland\/thueringer-engagement-gegen-eine-ideologisch-fehlgeleitete-energiepolitik\/#breadcrumb\",\"itemListElement\":[{\"@type\":\"ListItem\",\"position\":1,\"name\":\"Home\",\"item\":\"https:\/\/now-news.de\/de\/\"},{\"@type\":\"ListItem\",\"position\":2,\"name\":\"Th\u00fcringer Engagement gegen eine &quot;ideologisch fehlgeleitete Energiepolitik&quot;\"}]},{\"@type\":\"WebSite\",\"@id\":\"https:\/\/now-news.de\/de\/#website\",\"url\":\"https:\/\/now-news.de\/de\/\",\"name\":\"just-now.NEWS Deutschland\",\"description\":\"Das Portal f\u00fcr unzensierte Nachrichten aus der Welt\",\"publisher\":{\"@id\":\"https:\/\/now-news.de\/de\/#organization\"},\"potentialAction\":[{\"@type\":\"SearchAction\",\"target\":{\"@type\":\"EntryPoint\",\"urlTemplate\":\"https:\/\/now-news.de\/de\/?s={search_term_string}\"},\"query-input\":\"required name=search_term_string\"}],\"inLanguage\":\"de\"},{\"@type\":\"Organization\",\"@id\":\"https:\/\/now-news.de\/de\/#organization\",\"name\":\"Just Now News\",\"url\":\"https:\/\/now-news.de\/de\/\",\"logo\":{\"@type\":\"ImageObject\",\"inLanguage\":\"de\",\"@id\":\"https:\/\/now-news.de\/de\/#\/schema\/logo\/image\/\",\"url\":\"http:\/\/just-now.news\/de\/wp-content\/uploads\/sites\/3\/2022\/04\/logo500x500.jpg\",\"contentUrl\":\"http:\/\/just-now.news\/de\/wp-content\/uploads\/sites\/3\/2022\/04\/logo500x500.jpg\",\"width\":500,\"height\":500,\"caption\":\"Just Now News\"},\"image\":{\"@id\":\"https:\/\/now-news.de\/de\/#\/schema\/logo\/image\/\"},\"sameAs\":[\"https:\/\/www.facebook.com\/wirmachenauf\",\"https:\/\/x.com\/WirMachenAuf_de\"]},{\"@type\":\"Person\",\"@id\":\"https:\/\/now-news.de\/de\/#\/schema\/person\/fb534a4e865501d8b3285208df34a9b5\",\"name\":\"rtnews\",\"image\":{\"@type\":\"ImageObject\",\"inLanguage\":\"de\",\"@id\":\"https:\/\/now-news.de\/de\/#\/schema\/person\/image\/\",\"url\":\"https:\/\/secure.gravatar.com\/avatar\/82aafea7d8127119dd649515f56e2117?s=96&d=mm&r=g\",\"contentUrl\":\"https:\/\/secure.gravatar.com\/avatar\/82aafea7d8127119dd649515f56e2117?s=96&d=mm&r=g\",\"caption\":\"rtnews\"},\"url\":\"https:\/\/now-news.de\/de\/author\/rnews\/\"}]}<\/script>\n<!-- \/ Yoast SEO Premium plugin. -->","yoast_head_json":{"title":"Th\u00fcringer Engagement gegen eine &quot;ideologisch fehlgeleitete Energiepolitik&quot; - just-now.NEWS Deutschland","robots":{"index":"index","follow":"follow","max-snippet":"max-snippet:-1","max-image-preview":"max-image-preview:large","max-video-preview":"max-video-preview:-1"},"canonical":"https:\/\/now-news.de\/de\/deutschland\/thueringer-engagement-gegen-eine-ideologisch-fehlgeleitete-energiepolitik\/","og_locale":"de_DE","og_type":"article","og_title":"Th\u00fcringer Engagement gegen eine &quot;ideologisch fehlgeleitete Energiepolitik&quot;","og_description":"Der Diplom-Ingenieur Jochen Langzettel ist im Vorstand des &#8220;Th\u00fcringer Landesverbandes Energiepolitik mit Vernunft&#8221;. Im Interview erkl\u00e4rt er: &#8220;Die gegenw\u00e4rtige Energiepolitik ist weder \u00f6kologisch noch alternativlos. Wir werben f\u00fcr \u00f6konomisch und \u00f6kologisch vern\u00fcnftige, nachhaltige sowie technologisch real umsetzbare Alternativen.&#8221; Von Felicitas Rabe, 11.07.2023 Der &#8220;Th\u00fcringer Landesverband Energiepolitik mit Vernunft e. V.&#8221; (THLEmV) sei 2015 zun\u00e4chst unter [&hellip;]","og_url":"https:\/\/now-news.de\/de\/deutschland\/thueringer-engagement-gegen-eine-ideologisch-fehlgeleitete-energiepolitik\/","og_site_name":"just-now.NEWS Deutschland","article_publisher":"https:\/\/www.facebook.com\/wirmachenauf","article_published_time":"2023-07-12T08:59:23+00:00","og_image":[{"width":460,"height":259,"url":"https:\/\/now-news.de\/de\/wp-content\/uploads\/sites\/3\/2023\/07\/Thueringer-Engagement-gegen-eine-quotideologisch-fehlgeleitete-Energiepolitikquot.jpg","type":"image\/jpeg"}],"author":"rtnews","twitter_card":"summary_large_image","twitter_creator":"@WirMachenAuf_de","twitter_site":"@WirMachenAuf_de","twitter_misc":{"Verfasst von":"rtnews","Gesch\u00e4tzte Lesezeit":"4\u00a0Minuten"},"schema":{"@context":"https:\/\/schema.org","@graph":[{"@type":"Article","@id":"https:\/\/now-news.de\/de\/deutschland\/thueringer-engagement-gegen-eine-ideologisch-fehlgeleitete-energiepolitik\/#article","isPartOf":{"@id":"https:\/\/now-news.de\/de\/deutschland\/thueringer-engagement-gegen-eine-ideologisch-fehlgeleitete-energiepolitik\/"},"author":{"name":"rtnews","@id":"https:\/\/now-news.de\/de\/#\/schema\/person\/fb534a4e865501d8b3285208df34a9b5"},"headline":"Th\u00fcringer Engagement gegen eine &quot;ideologisch fehlgeleitete Energiepolitik&quot;","datePublished":"2023-07-12T08:59:23+00:00","dateModified":"2023-07-12T08:59:23+00:00","mainEntityOfPage":{"@id":"https:\/\/now-news.de\/de\/deutschland\/thueringer-engagement-gegen-eine-ideologisch-fehlgeleitete-energiepolitik\/"},"wordCount":831,"commentCount":0,"publisher":{"@id":"https:\/\/now-news.de\/de\/#organization"},"image":{"@id":"https:\/\/now-news.de\/de\/deutschland\/thueringer-engagement-gegen-eine-ideologisch-fehlgeleitete-energiepolitik\/#primaryimage"},"thumbnailUrl":"https:\/\/now-news.de\/de\/wp-content\/uploads\/sites\/3\/2023\/07\/Thueringer-Engagement-gegen-eine-quotideologisch-fehlgeleitete-Energiepolitikquot.jpg","keywords":["eine","Energiepolitikquot","Engagement","fehlgeleitete","gegen","quotideologisch","Th\u00fcringer"],"articleSection":["Deutschland","Russland"],"inLanguage":"de","potentialAction":[{"@type":"CommentAction","name":"Comment","target":["https:\/\/now-news.de\/de\/deutschland\/thueringer-engagement-gegen-eine-ideologisch-fehlgeleitete-energiepolitik\/#respond"]}]},{"@type":"WebPage","@id":"https:\/\/now-news.de\/de\/deutschland\/thueringer-engagement-gegen-eine-ideologisch-fehlgeleitete-energiepolitik\/","url":"https:\/\/now-news.de\/de\/deutschland\/thueringer-engagement-gegen-eine-ideologisch-fehlgeleitete-energiepolitik\/","name":"Th\u00fcringer Engagement gegen eine &quot;ideologisch fehlgeleitete Energiepolitik&quot; - just-now.NEWS Deutschland","isPartOf":{"@id":"https:\/\/now-news.de\/de\/#website"},"primaryImageOfPage":{"@id":"https:\/\/now-news.de\/de\/deutschland\/thueringer-engagement-gegen-eine-ideologisch-fehlgeleitete-energiepolitik\/#primaryimage"},"image":{"@id":"https:\/\/now-news.de\/de\/deutschland\/thueringer-engagement-gegen-eine-ideologisch-fehlgeleitete-energiepolitik\/#primaryimage"},"thumbnailUrl":"https:\/\/now-news.de\/de\/wp-content\/uploads\/sites\/3\/2023\/07\/Thueringer-Engagement-gegen-eine-quotideologisch-fehlgeleitete-Energiepolitikquot.jpg","datePublished":"2023-07-12T08:59:23+00:00","dateModified":"2023-07-12T08:59:23+00:00","breadcrumb":{"@id":"https:\/\/now-news.de\/de\/deutschland\/thueringer-engagement-gegen-eine-ideologisch-fehlgeleitete-energiepolitik\/#breadcrumb"},"inLanguage":"de","potentialAction":[{"@type":"ReadAction","target":["https:\/\/now-news.de\/de\/deutschland\/thueringer-engagement-gegen-eine-ideologisch-fehlgeleitete-energiepolitik\/"]}]},{"@type":"ImageObject","inLanguage":"de","@id":"https:\/\/now-news.de\/de\/deutschland\/thueringer-engagement-gegen-eine-ideologisch-fehlgeleitete-energiepolitik\/#primaryimage","url":"https:\/\/now-news.de\/de\/wp-content\/uploads\/sites\/3\/2023\/07\/Thueringer-Engagement-gegen-eine-quotideologisch-fehlgeleitete-Energiepolitikquot.jpg","contentUrl":"https:\/\/now-news.de\/de\/wp-content\/uploads\/sites\/3\/2023\/07\/Thueringer-Engagement-gegen-eine-quotideologisch-fehlgeleitete-Energiepolitikquot.jpg","width":460,"height":259,"caption":"Th\u00fcringer Engagement gegen eine &quot;ideologisch fehlgeleitete Energiepolitik&quot;"},{"@type":"BreadcrumbList","@id":"https:\/\/now-news.de\/de\/deutschland\/thueringer-engagement-gegen-eine-ideologisch-fehlgeleitete-energiepolitik\/#breadcrumb","itemListElement":[{"@type":"ListItem","position":1,"name":"Home","item":"https:\/\/now-news.de\/de\/"},{"@type":"ListItem","position":2,"name":"Th\u00fcringer Engagement gegen eine &quot;ideologisch fehlgeleitete Energiepolitik&quot;"}]},{"@type":"WebSite","@id":"https:\/\/now-news.de\/de\/#website","url":"https:\/\/now-news.de\/de\/","name":"just-now.NEWS Deutschland","description":"Das Portal f\u00fcr unzensierte Nachrichten aus der Welt","publisher":{"@id":"https:\/\/now-news.de\/de\/#organization"},"potentialAction":[{"@type":"SearchAction","target":{"@type":"EntryPoint","urlTemplate":"https:\/\/now-news.de\/de\/?s={search_term_string}"},"query-input":"required name=search_term_string"}],"inLanguage":"de"},{"@type":"Organization","@id":"https:\/\/now-news.de\/de\/#organization","name":"Just Now News","url":"https:\/\/now-news.de\/de\/","logo":{"@type":"ImageObject","inLanguage":"de","@id":"https:\/\/now-news.de\/de\/#\/schema\/logo\/image\/","url":"http:\/\/just-now.news\/de\/wp-content\/uploads\/sites\/3\/2022\/04\/logo500x500.jpg","contentUrl":"http:\/\/just-now.news\/de\/wp-content\/uploads\/sites\/3\/2022\/04\/logo500x500.jpg","width":500,"height":500,"caption":"Just Now News"},"image":{"@id":"https:\/\/now-news.de\/de\/#\/schema\/logo\/image\/"},"sameAs":["https:\/\/www.facebook.com\/wirmachenauf","https:\/\/x.com\/WirMachenAuf_de"]},{"@type":"Person","@id":"https:\/\/now-news.de\/de\/#\/schema\/person\/fb534a4e865501d8b3285208df34a9b5","name":"rtnews","image":{"@type":"ImageObject","inLanguage":"de","@id":"https:\/\/now-news.de\/de\/#\/schema\/person\/image\/","url":"https:\/\/secure.gravatar.com\/avatar\/82aafea7d8127119dd649515f56e2117?s=96&d=mm&r=g","contentUrl":"https:\/\/secure.gravatar.com\/avatar\/82aafea7d8127119dd649515f56e2117?s=96&d=mm&r=g","caption":"rtnews"},"url":"https:\/\/now-news.de\/de\/author\/rnews\/"}]}},"_links":{"self":[{"href":"https:\/\/now-news.de\/de\/wp-json\/wp\/v2\/posts\/39955"}],"collection":[{"href":"https:\/\/now-news.de\/de\/wp-json\/wp\/v2\/posts"}],"about":[{"href":"https:\/\/now-news.de\/de\/wp-json\/wp\/v2\/types\/post"}],"author":[{"embeddable":true,"href":"https:\/\/now-news.de\/de\/wp-json\/wp\/v2\/users\/3"}],"replies":[{"embeddable":true,"href":"https:\/\/now-news.de\/de\/wp-json\/wp\/v2\/comments?post=39955"}],"version-history":[{"count":0,"href":"https:\/\/now-news.de\/de\/wp-json\/wp\/v2\/posts\/39955\/revisions"}],"wp:featuredmedia":[{"embeddable":true,"href":"https:\/\/now-news.de\/de\/wp-json\/wp\/v2\/media\/39956"}],"wp:attachment":[{"href":"https:\/\/now-news.de\/de\/wp-json\/wp\/v2\/media?parent=39955"}],"wp:term":[{"taxonomy":"category","embeddable":true,"href":"https:\/\/now-news.de\/de\/wp-json\/wp\/v2\/categories?post=39955"},{"taxonomy":"post_tag","embeddable":true,"href":"https:\/\/now-news.de\/de\/wp-json\/wp\/v2\/tags?post=39955"}],"curies":[{"name":"wp","href":"https:\/\/api.w.org\/{rel}","templated":true}]}}