{"id":39931,"date":"2023-07-11T19:28:26","date_gmt":"2023-07-11T17:28:26","guid":{"rendered":"https:\/\/just-now.news\/de\/deutschland\/tschechischer-praesident-fenster-der-moeglichkeiten-wird-sich-schliessen\/"},"modified":"2023-07-11T19:28:26","modified_gmt":"2023-07-11T17:28:26","slug":"tschechischer-praesident-fenster-der-moeglichkeiten-wird-sich-schliessen","status":"publish","type":"post","link":"https:\/\/now-news.de\/de\/deutschland\/tschechischer-praesident-fenster-der-moeglichkeiten-wird-sich-schliessen\/","title":{"rendered":"Tschechischer Pr\u00e4sident: Fenster der M\u00f6glichkeiten wird sich schlie\u00dfen"},"content":{"rendered":"<p><img decoding=\"async\" src=\"http:\/\/just-now.news\/de\/wp-content\/uploads\/sites\/3\/2023\/07\/64ad73d648fbef37604c4d80.jpg\" \/><\/p>\n<div class=\"Text-root Text-type_1 \">\n                Am Rande des NATO-Gipfels in Vilnius sagte der tschechische Pr\u00e4sident laut einem Korrespondentenbericht, dass die Entwicklung auf dem Schlachtfeld bis zum Ende des Jahres die Grundlage f\u00fcr Verhandlungen zwischen der Ukraine und Russland sein k\u00f6nnten.\n            <\/div>\n<p><\/p>\n<div class=\"Text-root Text-type_5 ArticleView-text ViewText-root \">\n<p>Die Ergebnisse auf dem Schlachtfeld bis zum Ende des Jahres werden entscheidend f\u00fcr die Grundlage f\u00fcr Verhandlungen zwischen der Ukraine und Russland sein. Das sagte der tschechische Pr\u00e4sident Petr Pavel am Dienstag laut einem Korrespondenten der ukrainischen Zeitung\u00a0<em>Jewropejskaja Prawda<\/em>\u00a0am Rande des NATO-Gipfels in Vilnius.<\/p>\n<p>Man m\u00fcsse realistisch sein, so Pavel. Das &#8220;Fenster der Gelegenheit&#8221; f\u00fcr\u00a0ein milit\u00e4risches Vorr\u00fccken der Ukraine werde sich noch vor Ende des Jahres schlie\u00dfen, nicht nur wegen der winterlichen Bedingungen, sondern auch wegen der bevorstehenden Wahlen in der Ukraine, in Russland und in den USA.<\/p>\n<p>Laut dem Bericht wies Pavel au\u00dferdem darauf hin, dass\u00a0die Verb\u00fcndeten die milit\u00e4rische Unterst\u00fctzung f\u00fcr die Ukraine mit der Zeit reduzieren w\u00fcrden.\u00a0Was auch immer bis zum Ende dieses Jahres erreicht wird, werde daher die Grundlage f\u00fcr Verhandlungen bilden.<\/p>\n<p><strong>Mehr zum Thema\u00a0<\/strong>\u2013\u00a0<a rel=\"nofollow noopener\" target=\"_blank\" href=\"https:\/\/freeassange.rtde.me\/international\/174970-beispiellos-und-absurd-selenskij-ist\/\">&#8220;Beispiellos und absurd!&#8221; \u2013 Selenskij ist emp\u00f6rt \u00fcber Bedingungen f\u00fcr NATO-Beitritt der Ukraine<\/a><\/p>\n<div class=\"EmbedBlock-root EmbedBlock-externalVideo EmbedBlock-vk\">\n<div class=\"VkEmbed\"><iframe class=\"lazyload\" data-src=\"https:\/\/vk.com\/video_ext.php?oid=-134310637&amp;id=456268343&amp;hash=065775e942555829\" frameborder=\"0\" width=\"853\" height=\"480\" allowfullscreen><\/iframe><\/div>\n<\/div>\n<\/div>\n<p><br \/>\n<br \/><a href=\"https:\/\/de.rt.com\/international\/175006-tschechischer-praesident-fenster-moeglichkeiten-wird\/\">Source link <\/a><\/p>\n","protected":false},"excerpt":{"rendered":"<p>Am Rande des NATO-Gipfels in Vilnius sagte der tschechische Pr\u00e4sident laut einem Korrespondentenbericht, dass die Entwicklung auf dem Schlachtfeld bis zum Ende des Jahres die Grundlage f\u00fcr Verhandlungen zwischen der Ukraine und Russland sein k\u00f6nnten. Die Ergebnisse auf dem Schlachtfeld bis zum Ende des Jahres werden entscheidend f\u00fcr die Grundlage f\u00fcr Verhandlungen zwischen der Ukraine [&hellip;]<\/p>\n","protected":false},"author":3,"featured_media":39932,"comment_status":"open","ping_status":"open","sticky":false,"template":"","format":"standard","meta":{"_yoast_indexnow_last_ping":["1689096662"],"wp_automatic_camp":["217"],"ccf7b4433ad7ba67eaae1665c5cb0909":["Tschechischer Pr\u00e4sident: Fenster der M\u00f6glichkeiten wird sich schlie\u00dfen"],"original_link":["https:\/\/de.rt.com\/international\/175006-tschechischer-praesident-fenster-moeglichkeiten-wird\/"],"_thumbnail_id":["39932"],"_wptgpro_p2tg_sent2tg":["a:1:{i:23737;s:19:\"2023-07-11 19:32:33\";}"],"jnews_social_counter_last_update":["1777437136"]},"categories":[19,23],"tags":[82,22963,42696,3464,18100,434,25471,374],"yoast_head":"<!-- This site is optimized with the Yoast SEO Premium plugin v22.7 (Yoast SEO v22.7) - https:\/\/yoast.com\/wordpress\/plugins\/seo\/ -->\n<title>Tschechischer Pr\u00e4sident: Fenster der M\u00f6glichkeiten wird sich schlie\u00dfen - just-now.NEWS Deutschland<\/title>\n<meta name=\"robots\" content=\"index, follow, max-snippet:-1, max-image-preview:large, max-video-preview:-1\" \/>\n<link rel=\"canonical\" href=\"https:\/\/now-news.de\/de\/deutschland\/tschechischer-praesident-fenster-der-moeglichkeiten-wird-sich-schliessen\/\" \/>\n<meta property=\"og:locale\" content=\"de_DE\" \/>\n<meta property=\"og:type\" content=\"article\" \/>\n<meta property=\"og:title\" content=\"Tschechischer Pr\u00e4sident: Fenster der M\u00f6glichkeiten wird sich schlie\u00dfen\" \/>\n<meta property=\"og:description\" content=\"Am Rande des NATO-Gipfels in Vilnius sagte der tschechische Pr\u00e4sident laut einem Korrespondentenbericht, dass die Entwicklung auf dem Schlachtfeld bis zum Ende des Jahres die Grundlage f\u00fcr Verhandlungen zwischen der Ukraine und Russland sein k\u00f6nnten. Die Ergebnisse auf dem Schlachtfeld bis zum Ende des Jahres werden entscheidend f\u00fcr die Grundlage f\u00fcr Verhandlungen zwischen der Ukraine [&hellip;]\" \/>\n<meta property=\"og:url\" content=\"https:\/\/now-news.de\/de\/deutschland\/tschechischer-praesident-fenster-der-moeglichkeiten-wird-sich-schliessen\/\" \/>\n<meta property=\"og:site_name\" content=\"just-now.NEWS Deutschland\" \/>\n<meta property=\"article:publisher\" content=\"https:\/\/www.facebook.com\/wirmachenauf\" \/>\n<meta property=\"article:published_time\" content=\"2023-07-11T17:28:26+00:00\" \/>\n<meta property=\"og:image\" content=\"https:\/\/now-news.de\/de\/wp-content\/uploads\/sites\/3\/2023\/07\/Tschechischer-Praesident-Fenster-der-Moeglichkeiten-wird-sich-schliessen.jpg\" \/>\n\t<meta property=\"og:image:width\" content=\"460\" \/>\n\t<meta property=\"og:image:height\" content=\"259\" \/>\n\t<meta property=\"og:image:type\" content=\"image\/jpeg\" \/>\n<meta name=\"author\" content=\"rtnews\" \/>\n<meta name=\"twitter:card\" content=\"summary_large_image\" \/>\n<meta name=\"twitter:creator\" content=\"@WirMachenAuf_de\" \/>\n<meta name=\"twitter:site\" content=\"@WirMachenAuf_de\" \/>\n<meta name=\"twitter:label1\" content=\"Verfasst von\" \/>\n\t<meta name=\"twitter:data1\" content=\"rtnews\" \/>\n\t<meta name=\"twitter:label2\" content=\"Gesch\u00e4tzte Lesezeit\" \/>\n\t<meta name=\"twitter:data2\" content=\"1\u00a0Minute\" \/>\n<script type=\"application\/ld+json\" class=\"yoast-schema-graph\">{\"@context\":\"https:\/\/schema.org\",\"@graph\":[{\"@type\":\"Article\",\"@id\":\"https:\/\/now-news.de\/de\/deutschland\/tschechischer-praesident-fenster-der-moeglichkeiten-wird-sich-schliessen\/#article\",\"isPartOf\":{\"@id\":\"https:\/\/now-news.de\/de\/deutschland\/tschechischer-praesident-fenster-der-moeglichkeiten-wird-sich-schliessen\/\"},\"author\":{\"name\":\"rtnews\",\"@id\":\"https:\/\/now-news.de\/de\/#\/schema\/person\/fb534a4e865501d8b3285208df34a9b5\"},\"headline\":\"Tschechischer Pr\u00e4sident: Fenster der M\u00f6glichkeiten wird sich schlie\u00dfen\",\"datePublished\":\"2023-07-11T17:28:26+00:00\",\"dateModified\":\"2023-07-11T17:28:26+00:00\",\"mainEntityOfPage\":{\"@id\":\"https:\/\/now-news.de\/de\/deutschland\/tschechischer-praesident-fenster-der-moeglichkeiten-wird-sich-schliessen\/\"},\"wordCount\":214,\"commentCount\":0,\"publisher\":{\"@id\":\"https:\/\/now-news.de\/de\/#organization\"},\"image\":{\"@id\":\"https:\/\/now-news.de\/de\/deutschland\/tschechischer-praesident-fenster-der-moeglichkeiten-wird-sich-schliessen\/#primaryimage\"},\"thumbnailUrl\":\"https:\/\/now-news.de\/de\/wp-content\/uploads\/sites\/3\/2023\/07\/Tschechischer-Praesident-Fenster-der-Moeglichkeiten-wird-sich-schliessen.jpg\",\"keywords\":[\"der\",\"Fenster\",\"M\u00f6glichkeiten\",\"Pr\u00e4sident\",\"schlie\u00dfen\",\"sich\",\"Tschechischer\",\"wird\"],\"articleSection\":[\"Deutschland\",\"Russland\"],\"inLanguage\":\"de\",\"potentialAction\":[{\"@type\":\"CommentAction\",\"name\":\"Comment\",\"target\":[\"https:\/\/now-news.de\/de\/deutschland\/tschechischer-praesident-fenster-der-moeglichkeiten-wird-sich-schliessen\/#respond\"]}]},{\"@type\":\"WebPage\",\"@id\":\"https:\/\/now-news.de\/de\/deutschland\/tschechischer-praesident-fenster-der-moeglichkeiten-wird-sich-schliessen\/\",\"url\":\"https:\/\/now-news.de\/de\/deutschland\/tschechischer-praesident-fenster-der-moeglichkeiten-wird-sich-schliessen\/\",\"name\":\"Tschechischer Pr\u00e4sident: Fenster der M\u00f6glichkeiten wird sich schlie\u00dfen - just-now.NEWS Deutschland\",\"isPartOf\":{\"@id\":\"https:\/\/now-news.de\/de\/#website\"},\"primaryImageOfPage\":{\"@id\":\"https:\/\/now-news.de\/de\/deutschland\/tschechischer-praesident-fenster-der-moeglichkeiten-wird-sich-schliessen\/#primaryimage\"},\"image\":{\"@id\":\"https:\/\/now-news.de\/de\/deutschland\/tschechischer-praesident-fenster-der-moeglichkeiten-wird-sich-schliessen\/#primaryimage\"},\"thumbnailUrl\":\"https:\/\/now-news.de\/de\/wp-content\/uploads\/sites\/3\/2023\/07\/Tschechischer-Praesident-Fenster-der-Moeglichkeiten-wird-sich-schliessen.jpg\",\"datePublished\":\"2023-07-11T17:28:26+00:00\",\"dateModified\":\"2023-07-11T17:28:26+00:00\",\"breadcrumb\":{\"@id\":\"https:\/\/now-news.de\/de\/deutschland\/tschechischer-praesident-fenster-der-moeglichkeiten-wird-sich-schliessen\/#breadcrumb\"},\"inLanguage\":\"de\",\"potentialAction\":[{\"@type\":\"ReadAction\",\"target\":[\"https:\/\/now-news.de\/de\/deutschland\/tschechischer-praesident-fenster-der-moeglichkeiten-wird-sich-schliessen\/\"]}]},{\"@type\":\"ImageObject\",\"inLanguage\":\"de\",\"@id\":\"https:\/\/now-news.de\/de\/deutschland\/tschechischer-praesident-fenster-der-moeglichkeiten-wird-sich-schliessen\/#primaryimage\",\"url\":\"https:\/\/now-news.de\/de\/wp-content\/uploads\/sites\/3\/2023\/07\/Tschechischer-Praesident-Fenster-der-Moeglichkeiten-wird-sich-schliessen.jpg\",\"contentUrl\":\"https:\/\/now-news.de\/de\/wp-content\/uploads\/sites\/3\/2023\/07\/Tschechischer-Praesident-Fenster-der-Moeglichkeiten-wird-sich-schliessen.jpg\",\"width\":460,\"height\":259,\"caption\":\"Tschechischer Pr\u00e4sident: Fenster der M\u00f6glichkeiten wird sich schlie\u00dfen\"},{\"@type\":\"BreadcrumbList\",\"@id\":\"https:\/\/now-news.de\/de\/deutschland\/tschechischer-praesident-fenster-der-moeglichkeiten-wird-sich-schliessen\/#breadcrumb\",\"itemListElement\":[{\"@type\":\"ListItem\",\"position\":1,\"name\":\"Home\",\"item\":\"https:\/\/now-news.de\/de\/\"},{\"@type\":\"ListItem\",\"position\":2,\"name\":\"Tschechischer Pr\u00e4sident: Fenster der M\u00f6glichkeiten wird sich schlie\u00dfen\"}]},{\"@type\":\"WebSite\",\"@id\":\"https:\/\/now-news.de\/de\/#website\",\"url\":\"https:\/\/now-news.de\/de\/\",\"name\":\"just-now.NEWS Deutschland\",\"description\":\"Das Portal f\u00fcr unzensierte Nachrichten aus der Welt\",\"publisher\":{\"@id\":\"https:\/\/now-news.de\/de\/#organization\"},\"potentialAction\":[{\"@type\":\"SearchAction\",\"target\":{\"@type\":\"EntryPoint\",\"urlTemplate\":\"https:\/\/now-news.de\/de\/?s={search_term_string}\"},\"query-input\":\"required name=search_term_string\"}],\"inLanguage\":\"de\"},{\"@type\":\"Organization\",\"@id\":\"https:\/\/now-news.de\/de\/#organization\",\"name\":\"Just Now News\",\"url\":\"https:\/\/now-news.de\/de\/\",\"logo\":{\"@type\":\"ImageObject\",\"inLanguage\":\"de\",\"@id\":\"https:\/\/now-news.de\/de\/#\/schema\/logo\/image\/\",\"url\":\"http:\/\/just-now.news\/de\/wp-content\/uploads\/sites\/3\/2022\/04\/logo500x500.jpg\",\"contentUrl\":\"http:\/\/just-now.news\/de\/wp-content\/uploads\/sites\/3\/2022\/04\/logo500x500.jpg\",\"width\":500,\"height\":500,\"caption\":\"Just Now News\"},\"image\":{\"@id\":\"https:\/\/now-news.de\/de\/#\/schema\/logo\/image\/\"},\"sameAs\":[\"https:\/\/www.facebook.com\/wirmachenauf\",\"https:\/\/x.com\/WirMachenAuf_de\"]},{\"@type\":\"Person\",\"@id\":\"https:\/\/now-news.de\/de\/#\/schema\/person\/fb534a4e865501d8b3285208df34a9b5\",\"name\":\"rtnews\",\"image\":{\"@type\":\"ImageObject\",\"inLanguage\":\"de\",\"@id\":\"https:\/\/now-news.de\/de\/#\/schema\/person\/image\/\",\"url\":\"https:\/\/secure.gravatar.com\/avatar\/82aafea7d8127119dd649515f56e2117?s=96&d=mm&r=g\",\"contentUrl\":\"https:\/\/secure.gravatar.com\/avatar\/82aafea7d8127119dd649515f56e2117?s=96&d=mm&r=g\",\"caption\":\"rtnews\"},\"url\":\"https:\/\/now-news.de\/de\/author\/rnews\/\"}]}<\/script>\n<!-- \/ Yoast SEO Premium plugin. -->","yoast_head_json":{"title":"Tschechischer Pr\u00e4sident: Fenster der M\u00f6glichkeiten wird sich schlie\u00dfen - just-now.NEWS Deutschland","robots":{"index":"index","follow":"follow","max-snippet":"max-snippet:-1","max-image-preview":"max-image-preview:large","max-video-preview":"max-video-preview:-1"},"canonical":"https:\/\/now-news.de\/de\/deutschland\/tschechischer-praesident-fenster-der-moeglichkeiten-wird-sich-schliessen\/","og_locale":"de_DE","og_type":"article","og_title":"Tschechischer Pr\u00e4sident: Fenster der M\u00f6glichkeiten wird sich schlie\u00dfen","og_description":"Am Rande des NATO-Gipfels in Vilnius sagte der tschechische Pr\u00e4sident laut einem Korrespondentenbericht, dass die Entwicklung auf dem Schlachtfeld bis zum Ende des Jahres die Grundlage f\u00fcr Verhandlungen zwischen der Ukraine und Russland sein k\u00f6nnten. Die Ergebnisse auf dem Schlachtfeld bis zum Ende des Jahres werden entscheidend f\u00fcr die Grundlage f\u00fcr Verhandlungen zwischen der Ukraine [&hellip;]","og_url":"https:\/\/now-news.de\/de\/deutschland\/tschechischer-praesident-fenster-der-moeglichkeiten-wird-sich-schliessen\/","og_site_name":"just-now.NEWS Deutschland","article_publisher":"https:\/\/www.facebook.com\/wirmachenauf","article_published_time":"2023-07-11T17:28:26+00:00","og_image":[{"width":460,"height":259,"url":"https:\/\/now-news.de\/de\/wp-content\/uploads\/sites\/3\/2023\/07\/Tschechischer-Praesident-Fenster-der-Moeglichkeiten-wird-sich-schliessen.jpg","type":"image\/jpeg"}],"author":"rtnews","twitter_card":"summary_large_image","twitter_creator":"@WirMachenAuf_de","twitter_site":"@WirMachenAuf_de","twitter_misc":{"Verfasst von":"rtnews","Gesch\u00e4tzte Lesezeit":"1\u00a0Minute"},"schema":{"@context":"https:\/\/schema.org","@graph":[{"@type":"Article","@id":"https:\/\/now-news.de\/de\/deutschland\/tschechischer-praesident-fenster-der-moeglichkeiten-wird-sich-schliessen\/#article","isPartOf":{"@id":"https:\/\/now-news.de\/de\/deutschland\/tschechischer-praesident-fenster-der-moeglichkeiten-wird-sich-schliessen\/"},"author":{"name":"rtnews","@id":"https:\/\/now-news.de\/de\/#\/schema\/person\/fb534a4e865501d8b3285208df34a9b5"},"headline":"Tschechischer Pr\u00e4sident: Fenster der M\u00f6glichkeiten wird sich schlie\u00dfen","datePublished":"2023-07-11T17:28:26+00:00","dateModified":"2023-07-11T17:28:26+00:00","mainEntityOfPage":{"@id":"https:\/\/now-news.de\/de\/deutschland\/tschechischer-praesident-fenster-der-moeglichkeiten-wird-sich-schliessen\/"},"wordCount":214,"commentCount":0,"publisher":{"@id":"https:\/\/now-news.de\/de\/#organization"},"image":{"@id":"https:\/\/now-news.de\/de\/deutschland\/tschechischer-praesident-fenster-der-moeglichkeiten-wird-sich-schliessen\/#primaryimage"},"thumbnailUrl":"https:\/\/now-news.de\/de\/wp-content\/uploads\/sites\/3\/2023\/07\/Tschechischer-Praesident-Fenster-der-Moeglichkeiten-wird-sich-schliessen.jpg","keywords":["der","Fenster","M\u00f6glichkeiten","Pr\u00e4sident","schlie\u00dfen","sich","Tschechischer","wird"],"articleSection":["Deutschland","Russland"],"inLanguage":"de","potentialAction":[{"@type":"CommentAction","name":"Comment","target":["https:\/\/now-news.de\/de\/deutschland\/tschechischer-praesident-fenster-der-moeglichkeiten-wird-sich-schliessen\/#respond"]}]},{"@type":"WebPage","@id":"https:\/\/now-news.de\/de\/deutschland\/tschechischer-praesident-fenster-der-moeglichkeiten-wird-sich-schliessen\/","url":"https:\/\/now-news.de\/de\/deutschland\/tschechischer-praesident-fenster-der-moeglichkeiten-wird-sich-schliessen\/","name":"Tschechischer Pr\u00e4sident: Fenster der M\u00f6glichkeiten wird sich schlie\u00dfen - just-now.NEWS Deutschland","isPartOf":{"@id":"https:\/\/now-news.de\/de\/#website"},"primaryImageOfPage":{"@id":"https:\/\/now-news.de\/de\/deutschland\/tschechischer-praesident-fenster-der-moeglichkeiten-wird-sich-schliessen\/#primaryimage"},"image":{"@id":"https:\/\/now-news.de\/de\/deutschland\/tschechischer-praesident-fenster-der-moeglichkeiten-wird-sich-schliessen\/#primaryimage"},"thumbnailUrl":"https:\/\/now-news.de\/de\/wp-content\/uploads\/sites\/3\/2023\/07\/Tschechischer-Praesident-Fenster-der-Moeglichkeiten-wird-sich-schliessen.jpg","datePublished":"2023-07-11T17:28:26+00:00","dateModified":"2023-07-11T17:28:26+00:00","breadcrumb":{"@id":"https:\/\/now-news.de\/de\/deutschland\/tschechischer-praesident-fenster-der-moeglichkeiten-wird-sich-schliessen\/#breadcrumb"},"inLanguage":"de","potentialAction":[{"@type":"ReadAction","target":["https:\/\/now-news.de\/de\/deutschland\/tschechischer-praesident-fenster-der-moeglichkeiten-wird-sich-schliessen\/"]}]},{"@type":"ImageObject","inLanguage":"de","@id":"https:\/\/now-news.de\/de\/deutschland\/tschechischer-praesident-fenster-der-moeglichkeiten-wird-sich-schliessen\/#primaryimage","url":"https:\/\/now-news.de\/de\/wp-content\/uploads\/sites\/3\/2023\/07\/Tschechischer-Praesident-Fenster-der-Moeglichkeiten-wird-sich-schliessen.jpg","contentUrl":"https:\/\/now-news.de\/de\/wp-content\/uploads\/sites\/3\/2023\/07\/Tschechischer-Praesident-Fenster-der-Moeglichkeiten-wird-sich-schliessen.jpg","width":460,"height":259,"caption":"Tschechischer Pr\u00e4sident: Fenster der M\u00f6glichkeiten wird sich schlie\u00dfen"},{"@type":"BreadcrumbList","@id":"https:\/\/now-news.de\/de\/deutschland\/tschechischer-praesident-fenster-der-moeglichkeiten-wird-sich-schliessen\/#breadcrumb","itemListElement":[{"@type":"ListItem","position":1,"name":"Home","item":"https:\/\/now-news.de\/de\/"},{"@type":"ListItem","position":2,"name":"Tschechischer Pr\u00e4sident: Fenster der M\u00f6glichkeiten wird sich schlie\u00dfen"}]},{"@type":"WebSite","@id":"https:\/\/now-news.de\/de\/#website","url":"https:\/\/now-news.de\/de\/","name":"just-now.NEWS Deutschland","description":"Das Portal f\u00fcr unzensierte Nachrichten aus der Welt","publisher":{"@id":"https:\/\/now-news.de\/de\/#organization"},"potentialAction":[{"@type":"SearchAction","target":{"@type":"EntryPoint","urlTemplate":"https:\/\/now-news.de\/de\/?s={search_term_string}"},"query-input":"required name=search_term_string"}],"inLanguage":"de"},{"@type":"Organization","@id":"https:\/\/now-news.de\/de\/#organization","name":"Just Now News","url":"https:\/\/now-news.de\/de\/","logo":{"@type":"ImageObject","inLanguage":"de","@id":"https:\/\/now-news.de\/de\/#\/schema\/logo\/image\/","url":"http:\/\/just-now.news\/de\/wp-content\/uploads\/sites\/3\/2022\/04\/logo500x500.jpg","contentUrl":"http:\/\/just-now.news\/de\/wp-content\/uploads\/sites\/3\/2022\/04\/logo500x500.jpg","width":500,"height":500,"caption":"Just Now News"},"image":{"@id":"https:\/\/now-news.de\/de\/#\/schema\/logo\/image\/"},"sameAs":["https:\/\/www.facebook.com\/wirmachenauf","https:\/\/x.com\/WirMachenAuf_de"]},{"@type":"Person","@id":"https:\/\/now-news.de\/de\/#\/schema\/person\/fb534a4e865501d8b3285208df34a9b5","name":"rtnews","image":{"@type":"ImageObject","inLanguage":"de","@id":"https:\/\/now-news.de\/de\/#\/schema\/person\/image\/","url":"https:\/\/secure.gravatar.com\/avatar\/82aafea7d8127119dd649515f56e2117?s=96&d=mm&r=g","contentUrl":"https:\/\/secure.gravatar.com\/avatar\/82aafea7d8127119dd649515f56e2117?s=96&d=mm&r=g","caption":"rtnews"},"url":"https:\/\/now-news.de\/de\/author\/rnews\/"}]}},"_links":{"self":[{"href":"https:\/\/now-news.de\/de\/wp-json\/wp\/v2\/posts\/39931"}],"collection":[{"href":"https:\/\/now-news.de\/de\/wp-json\/wp\/v2\/posts"}],"about":[{"href":"https:\/\/now-news.de\/de\/wp-json\/wp\/v2\/types\/post"}],"author":[{"embeddable":true,"href":"https:\/\/now-news.de\/de\/wp-json\/wp\/v2\/users\/3"}],"replies":[{"embeddable":true,"href":"https:\/\/now-news.de\/de\/wp-json\/wp\/v2\/comments?post=39931"}],"version-history":[{"count":0,"href":"https:\/\/now-news.de\/de\/wp-json\/wp\/v2\/posts\/39931\/revisions"}],"wp:featuredmedia":[{"embeddable":true,"href":"https:\/\/now-news.de\/de\/wp-json\/wp\/v2\/media\/39932"}],"wp:attachment":[{"href":"https:\/\/now-news.de\/de\/wp-json\/wp\/v2\/media?parent=39931"}],"wp:term":[{"taxonomy":"category","embeddable":true,"href":"https:\/\/now-news.de\/de\/wp-json\/wp\/v2\/categories?post=39931"},{"taxonomy":"post_tag","embeddable":true,"href":"https:\/\/now-news.de\/de\/wp-json\/wp\/v2\/tags?post=39931"}],"curies":[{"name":"wp","href":"https:\/\/api.w.org\/{rel}","templated":true}]}}