{"id":39859,"date":"2023-07-10T19:53:17","date_gmt":"2023-07-10T17:53:17","guid":{"rendered":"https:\/\/just-now.news\/de\/deutschland\/bund-und-laender-erzielen-einigung-krankenhausreform-kann-kommen\/"},"modified":"2023-07-10T19:53:17","modified_gmt":"2023-07-10T17:53:17","slug":"bund-und-laender-erzielen-einigung-krankenhausreform-kann-kommen","status":"publish","type":"post","link":"https:\/\/now-news.de\/de\/deutschland\/bund-und-laender-erzielen-einigung-krankenhausreform-kann-kommen\/","title":{"rendered":"Bund und L\u00e4nder erzielen Einigung: Krankenhausreform kann kommen"},"content":{"rendered":"<p><img decoding=\"async\" src=\"http:\/\/just-now.news\/de\/wp-content\/uploads\/sites\/3\/2023\/07\/64ac32ebb480cc747501e63f.jpg\" \/><\/p>\n<div class=\"Text-root Text-type_1 \">\n                Die Bundesregierung und die Bundesl\u00e4nder haben sich am Montag in Berlin auf Eckpunkte f\u00fcr eine Krankenhausreform in Deutschland verst\u00e4ndigt. Nur der Freistaat Bayern stimmte dagegen. Der Bundesgesundheitsminister Lauterbach sprach anschlie\u00dfend von einer &#8220;Revolution&#8221;.\n            <\/div>\n<p><\/p>\n<div class=\"Text-root Text-type_5 ArticleView-text ViewText-root \">\n<p>Laut dem Bundesminister f\u00fcr Gesundheit Karl Lauterbach haben die Bundesregierung und die Bundesl\u00e4nder eine grunds\u00e4tzliche Einigung \u00fcber die von seinem Ministerium angestrebte Reform des Krankenhausnetzes in Deutschland erreicht. Man habe sich \u00fcber &#8220;sehr detaillierte Eckpunkte&#8221; verst\u00e4ndigt, sagte der Lauterbach nach gemeinsamen Beratungen mit den Gesundheitsministern der L\u00e4nder am Montag in Berlin. Lediglich Bayern habe dagegen gestimmt, und Schleswig-Holstein habe sich bei der Abstimmung enthalten. Alle anderen 14 Bundesl\u00e4nder h\u00e4tten den ausgehandelten Eckpunkten zugestimmt, sagte der SPD-Politiker.\u00a0<\/p>\n<p>Als n\u00e4chster Schritt sein nun geplant, bis zum Herbst dem Deutschen Bundestag einen Gesetzentwurf vorzulegen. Zum 1. Januar 2024 solle das entsprechende m\u00f6glichst in Kraft treten. Geplant sei unter anderem auch ein &#8220;Transparenzgesetz&#8221;, das die Offenlegung der Behandlungsqualit\u00e4t aller Krankenh\u00e4user regeln werde.\u00a0\u00a0<\/p>\n<p>Die Pl\u00e4ne sehen vor, f\u00fcr die Kliniken das bisher geltende Verg\u00fctungssystem nach Pauschalen f\u00fcr spezifische Behandlungen abzuschaffen. Dadurch soll der finanzielle Anreiz zur Behandlung von m\u00f6glichst vielen Patienten entfallen. Stattdessen sollen die Krankenh\u00e4user f\u00fcr das Vorhalten von Bettenkapazit\u00e4ten und von notwendigen Leistungsangeboten Pauschalbetr\u00e4ge erhalten.<\/p>\n<p>Diese sogenannten &#8220;Vorhaltepauschalen&#8221; w\u00fcrden laut dem Bundesgesundheitsministerium insbesondere kleinen Krankenh\u00e4usern &#8220;eine Art Existenzgarantie&#8221; geben. Diese Vorhaltepauschalen k\u00f6nnten jedoch nur solche Kliniken erhalten, die bestimmte Qualit\u00e4tskriterien erf\u00fcllten, betonte Lauterbach. Kleine Kliniken k\u00f6nnten sich damit auf Behandlungen konzentrieren, die sie besonders &#8220;gut leisten k\u00f6nnen&#8221;.\u00a0<\/p>\n<p>Neben dieser Basisfinanzierung sollen zur die Verg\u00fctung der Leistungen von Kliniken durch die Krankenkassen wirksamer als bisher definierte Leistungsgruppen eingef\u00fchrt werden. Als Beispiel wurde genannt, dass es eine Leistungsgruppe &#8220;Kardiologie&#8221; geben soll, die bisher in der umfassenderen Gruppe &#8220;innere Medizin&#8221; enthalten war. Die Leistungsgruppen sollen einheitliche Qualit\u00e4tsvorgaben absichern \u2013 etwa bei der Ausstattung, bei Personal und Behandlungserfahrungen des Personals.<\/p>\n<p>Die Behandlungsqualit\u00e4t soll f\u00fcr die Patienten transparenter gemacht werden, etwa durch die Vergabe eines bestimmten &#8220;Levels&#8221;. Ob diese Einstufung auch auf die Finanzierung Einfluss haben wird, ist weiterhin ungekl\u00e4rt. Dar\u00fcber hat es laut Lauterbach keine Einigkeit gegeben. Mit &#8220;Level&#8221; ist die Unterteilung des Kliniknetzes in Stufen gemeint \u2013 von der wohnortnahen Grundversorgung \u00fcber ein zweites Level mit weiteren Angeboten bis hin zu Maximalversorgern wie Universit\u00e4tskliniken und stark spezialisierten Krankenh\u00e4usern.<\/p>\n<p>Verschiedentliche Forderungen aus Bundesl\u00e4ndern nach Finanzspritzen des Bundes f\u00fcr Kliniken konnte nicht durchgesetzt werden. Lauterbach sagte, das werde auch im Hinblick auf die Haushaltslage gepr\u00fcft, wollte aber diesbez\u00fcglich keine Hoffnungen machen. Bis die Reform wirke, w\u00fcrden noch Kliniken in die Insolvenz gehen, gestand er ein.<\/p>\n<p><strong>Mehr zum Thema<\/strong> &#8211; <a rel=\"nofollow noopener\" target=\"_blank\" href=\"https:\/\/test.rtde.life\/meinung\/173747-mehr-qualitaet-durch-weniger-kliniken\/\">Mehr Qualit\u00e4t durch weniger Kliniken? Lauterbachs Reform im Sinne der Bertelsmann-Stiftung<\/a><\/p>\n<\/div>\n<p><br \/>\n<br \/><a href=\"https:\/\/de.rt.com\/inland\/174901-bund-und-laender-erzielen-einigung\/\">Source link <\/a><\/p>\n","protected":false},"excerpt":{"rendered":"<p>Die Bundesregierung und die Bundesl\u00e4nder haben sich am Montag in Berlin auf Eckpunkte f\u00fcr eine Krankenhausreform in Deutschland verst\u00e4ndigt. Nur der Freistaat Bayern stimmte dagegen. Der Bundesgesundheitsminister Lauterbach sprach anschlie\u00dfend von einer &#8220;Revolution&#8221;. Laut dem Bundesminister f\u00fcr Gesundheit Karl Lauterbach haben die Bundesregierung und die Bundesl\u00e4nder eine grunds\u00e4tzliche Einigung \u00fcber die von seinem Ministerium angestrebte [&hellip;]<\/p>\n","protected":false},"author":3,"featured_media":39860,"comment_status":"open","ping_status":"open","sticky":false,"template":"","format":"standard","meta":{"_yoast_indexnow_last_ping":["1689011765"],"wp_automatic_camp":["217"],"3a9a5529ec3ae9f22c2ec09adb5256a5":["Bund und L\u00e4nder erzielen Einigung: Krankenhausreform kann kommen"],"original_link":["https:\/\/de.rt.com\/inland\/174901-bund-und-laender-erzielen-einigung\/"],"_thumbnail_id":["39860"],"_wptgpro_p2tg_sent2tg":["a:1:{i:23737;s:19:\"2023-07-10 19:57:09\";}"],"jnews_social_counter_last_update":["1777180773"]},"categories":[19,23],"tags":[20592,9678,24192,838,8370,40726,10013,140],"yoast_head":"<!-- This site is optimized with the Yoast SEO Premium plugin v22.7 (Yoast SEO v22.7) - https:\/\/yoast.com\/wordpress\/plugins\/seo\/ -->\n<title>Bund und L\u00e4nder erzielen Einigung: Krankenhausreform kann kommen - just-now.NEWS Deutschland<\/title>\n<meta name=\"robots\" content=\"index, follow, max-snippet:-1, max-image-preview:large, max-video-preview:-1\" \/>\n<link rel=\"canonical\" href=\"https:\/\/now-news.de\/de\/deutschland\/bund-und-laender-erzielen-einigung-krankenhausreform-kann-kommen\/\" \/>\n<meta property=\"og:locale\" content=\"de_DE\" \/>\n<meta property=\"og:type\" content=\"article\" \/>\n<meta property=\"og:title\" content=\"Bund und L\u00e4nder erzielen Einigung: Krankenhausreform kann kommen\" \/>\n<meta property=\"og:description\" content=\"Die Bundesregierung und die Bundesl\u00e4nder haben sich am Montag in Berlin auf Eckpunkte f\u00fcr eine Krankenhausreform in Deutschland verst\u00e4ndigt. Nur der Freistaat Bayern stimmte dagegen. Der Bundesgesundheitsminister Lauterbach sprach anschlie\u00dfend von einer &#8220;Revolution&#8221;. Laut dem Bundesminister f\u00fcr Gesundheit Karl Lauterbach haben die Bundesregierung und die Bundesl\u00e4nder eine grunds\u00e4tzliche Einigung \u00fcber die von seinem Ministerium angestrebte [&hellip;]\" \/>\n<meta property=\"og:url\" content=\"https:\/\/now-news.de\/de\/deutschland\/bund-und-laender-erzielen-einigung-krankenhausreform-kann-kommen\/\" \/>\n<meta property=\"og:site_name\" content=\"just-now.NEWS Deutschland\" \/>\n<meta property=\"article:publisher\" content=\"https:\/\/www.facebook.com\/wirmachenauf\" \/>\n<meta property=\"article:published_time\" content=\"2023-07-10T17:53:17+00:00\" \/>\n<meta property=\"og:image\" content=\"https:\/\/now-news.de\/de\/wp-content\/uploads\/sites\/3\/2023\/07\/Bund-und-Laender-erzielen-Einigung-Krankenhausreform-kann-kommen.jpg\" \/>\n\t<meta property=\"og:image:width\" content=\"460\" \/>\n\t<meta property=\"og:image:height\" content=\"259\" \/>\n\t<meta property=\"og:image:type\" content=\"image\/jpeg\" \/>\n<meta name=\"author\" content=\"rtnews\" \/>\n<meta name=\"twitter:card\" content=\"summary_large_image\" \/>\n<meta name=\"twitter:creator\" content=\"@WirMachenAuf_de\" \/>\n<meta name=\"twitter:site\" content=\"@WirMachenAuf_de\" \/>\n<meta name=\"twitter:label1\" content=\"Verfasst von\" \/>\n\t<meta name=\"twitter:data1\" content=\"rtnews\" \/>\n\t<meta name=\"twitter:label2\" content=\"Gesch\u00e4tzte Lesezeit\" \/>\n\t<meta name=\"twitter:data2\" content=\"2\u00a0Minuten\" \/>\n<script type=\"application\/ld+json\" class=\"yoast-schema-graph\">{\"@context\":\"https:\/\/schema.org\",\"@graph\":[{\"@type\":\"Article\",\"@id\":\"https:\/\/now-news.de\/de\/deutschland\/bund-und-laender-erzielen-einigung-krankenhausreform-kann-kommen\/#article\",\"isPartOf\":{\"@id\":\"https:\/\/now-news.de\/de\/deutschland\/bund-und-laender-erzielen-einigung-krankenhausreform-kann-kommen\/\"},\"author\":{\"name\":\"rtnews\",\"@id\":\"https:\/\/now-news.de\/de\/#\/schema\/person\/fb534a4e865501d8b3285208df34a9b5\"},\"headline\":\"Bund und L\u00e4nder erzielen Einigung: Krankenhausreform kann kommen\",\"datePublished\":\"2023-07-10T17:53:17+00:00\",\"dateModified\":\"2023-07-10T17:53:17+00:00\",\"mainEntityOfPage\":{\"@id\":\"https:\/\/now-news.de\/de\/deutschland\/bund-und-laender-erzielen-einigung-krankenhausreform-kann-kommen\/\"},\"wordCount\":478,\"commentCount\":0,\"publisher\":{\"@id\":\"https:\/\/now-news.de\/de\/#organization\"},\"image\":{\"@id\":\"https:\/\/now-news.de\/de\/deutschland\/bund-und-laender-erzielen-einigung-krankenhausreform-kann-kommen\/#primaryimage\"},\"thumbnailUrl\":\"https:\/\/now-news.de\/de\/wp-content\/uploads\/sites\/3\/2023\/07\/Bund-und-Laender-erzielen-Einigung-Krankenhausreform-kann-kommen.jpg\",\"keywords\":[\"Bund\",\"Einigung\",\"erzielen\",\"kann\",\"kommen\",\"Krankenhausreform\",\"L\u00e4nder\",\"und\"],\"articleSection\":[\"Deutschland\",\"Russland\"],\"inLanguage\":\"de\",\"potentialAction\":[{\"@type\":\"CommentAction\",\"name\":\"Comment\",\"target\":[\"https:\/\/now-news.de\/de\/deutschland\/bund-und-laender-erzielen-einigung-krankenhausreform-kann-kommen\/#respond\"]}]},{\"@type\":\"WebPage\",\"@id\":\"https:\/\/now-news.de\/de\/deutschland\/bund-und-laender-erzielen-einigung-krankenhausreform-kann-kommen\/\",\"url\":\"https:\/\/now-news.de\/de\/deutschland\/bund-und-laender-erzielen-einigung-krankenhausreform-kann-kommen\/\",\"name\":\"Bund und L\u00e4nder erzielen Einigung: Krankenhausreform kann kommen - just-now.NEWS Deutschland\",\"isPartOf\":{\"@id\":\"https:\/\/now-news.de\/de\/#website\"},\"primaryImageOfPage\":{\"@id\":\"https:\/\/now-news.de\/de\/deutschland\/bund-und-laender-erzielen-einigung-krankenhausreform-kann-kommen\/#primaryimage\"},\"image\":{\"@id\":\"https:\/\/now-news.de\/de\/deutschland\/bund-und-laender-erzielen-einigung-krankenhausreform-kann-kommen\/#primaryimage\"},\"thumbnailUrl\":\"https:\/\/now-news.de\/de\/wp-content\/uploads\/sites\/3\/2023\/07\/Bund-und-Laender-erzielen-Einigung-Krankenhausreform-kann-kommen.jpg\",\"datePublished\":\"2023-07-10T17:53:17+00:00\",\"dateModified\":\"2023-07-10T17:53:17+00:00\",\"breadcrumb\":{\"@id\":\"https:\/\/now-news.de\/de\/deutschland\/bund-und-laender-erzielen-einigung-krankenhausreform-kann-kommen\/#breadcrumb\"},\"inLanguage\":\"de\",\"potentialAction\":[{\"@type\":\"ReadAction\",\"target\":[\"https:\/\/now-news.de\/de\/deutschland\/bund-und-laender-erzielen-einigung-krankenhausreform-kann-kommen\/\"]}]},{\"@type\":\"ImageObject\",\"inLanguage\":\"de\",\"@id\":\"https:\/\/now-news.de\/de\/deutschland\/bund-und-laender-erzielen-einigung-krankenhausreform-kann-kommen\/#primaryimage\",\"url\":\"https:\/\/now-news.de\/de\/wp-content\/uploads\/sites\/3\/2023\/07\/Bund-und-Laender-erzielen-Einigung-Krankenhausreform-kann-kommen.jpg\",\"contentUrl\":\"https:\/\/now-news.de\/de\/wp-content\/uploads\/sites\/3\/2023\/07\/Bund-und-Laender-erzielen-Einigung-Krankenhausreform-kann-kommen.jpg\",\"width\":460,\"height\":259,\"caption\":\"Bund und L\u00e4nder erzielen Einigung: Krankenhausreform kann kommen\"},{\"@type\":\"BreadcrumbList\",\"@id\":\"https:\/\/now-news.de\/de\/deutschland\/bund-und-laender-erzielen-einigung-krankenhausreform-kann-kommen\/#breadcrumb\",\"itemListElement\":[{\"@type\":\"ListItem\",\"position\":1,\"name\":\"Home\",\"item\":\"https:\/\/now-news.de\/de\/\"},{\"@type\":\"ListItem\",\"position\":2,\"name\":\"Bund und L\u00e4nder erzielen Einigung: Krankenhausreform kann kommen\"}]},{\"@type\":\"WebSite\",\"@id\":\"https:\/\/now-news.de\/de\/#website\",\"url\":\"https:\/\/now-news.de\/de\/\",\"name\":\"just-now.NEWS Deutschland\",\"description\":\"Das Portal f\u00fcr unzensierte Nachrichten aus der Welt\",\"publisher\":{\"@id\":\"https:\/\/now-news.de\/de\/#organization\"},\"potentialAction\":[{\"@type\":\"SearchAction\",\"target\":{\"@type\":\"EntryPoint\",\"urlTemplate\":\"https:\/\/now-news.de\/de\/?s={search_term_string}\"},\"query-input\":\"required name=search_term_string\"}],\"inLanguage\":\"de\"},{\"@type\":\"Organization\",\"@id\":\"https:\/\/now-news.de\/de\/#organization\",\"name\":\"Just Now News\",\"url\":\"https:\/\/now-news.de\/de\/\",\"logo\":{\"@type\":\"ImageObject\",\"inLanguage\":\"de\",\"@id\":\"https:\/\/now-news.de\/de\/#\/schema\/logo\/image\/\",\"url\":\"http:\/\/just-now.news\/de\/wp-content\/uploads\/sites\/3\/2022\/04\/logo500x500.jpg\",\"contentUrl\":\"http:\/\/just-now.news\/de\/wp-content\/uploads\/sites\/3\/2022\/04\/logo500x500.jpg\",\"width\":500,\"height\":500,\"caption\":\"Just Now News\"},\"image\":{\"@id\":\"https:\/\/now-news.de\/de\/#\/schema\/logo\/image\/\"},\"sameAs\":[\"https:\/\/www.facebook.com\/wirmachenauf\",\"https:\/\/x.com\/WirMachenAuf_de\"]},{\"@type\":\"Person\",\"@id\":\"https:\/\/now-news.de\/de\/#\/schema\/person\/fb534a4e865501d8b3285208df34a9b5\",\"name\":\"rtnews\",\"image\":{\"@type\":\"ImageObject\",\"inLanguage\":\"de\",\"@id\":\"https:\/\/now-news.de\/de\/#\/schema\/person\/image\/\",\"url\":\"https:\/\/secure.gravatar.com\/avatar\/82aafea7d8127119dd649515f56e2117?s=96&d=mm&r=g\",\"contentUrl\":\"https:\/\/secure.gravatar.com\/avatar\/82aafea7d8127119dd649515f56e2117?s=96&d=mm&r=g\",\"caption\":\"rtnews\"},\"url\":\"https:\/\/now-news.de\/de\/author\/rnews\/\"}]}<\/script>\n<!-- \/ Yoast SEO Premium plugin. -->","yoast_head_json":{"title":"Bund und L\u00e4nder erzielen Einigung: Krankenhausreform kann kommen - just-now.NEWS Deutschland","robots":{"index":"index","follow":"follow","max-snippet":"max-snippet:-1","max-image-preview":"max-image-preview:large","max-video-preview":"max-video-preview:-1"},"canonical":"https:\/\/now-news.de\/de\/deutschland\/bund-und-laender-erzielen-einigung-krankenhausreform-kann-kommen\/","og_locale":"de_DE","og_type":"article","og_title":"Bund und L\u00e4nder erzielen Einigung: Krankenhausreform kann kommen","og_description":"Die Bundesregierung und die Bundesl\u00e4nder haben sich am Montag in Berlin auf Eckpunkte f\u00fcr eine Krankenhausreform in Deutschland verst\u00e4ndigt. Nur der Freistaat Bayern stimmte dagegen. Der Bundesgesundheitsminister Lauterbach sprach anschlie\u00dfend von einer &#8220;Revolution&#8221;. Laut dem Bundesminister f\u00fcr Gesundheit Karl Lauterbach haben die Bundesregierung und die Bundesl\u00e4nder eine grunds\u00e4tzliche Einigung \u00fcber die von seinem Ministerium angestrebte [&hellip;]","og_url":"https:\/\/now-news.de\/de\/deutschland\/bund-und-laender-erzielen-einigung-krankenhausreform-kann-kommen\/","og_site_name":"just-now.NEWS Deutschland","article_publisher":"https:\/\/www.facebook.com\/wirmachenauf","article_published_time":"2023-07-10T17:53:17+00:00","og_image":[{"width":460,"height":259,"url":"https:\/\/now-news.de\/de\/wp-content\/uploads\/sites\/3\/2023\/07\/Bund-und-Laender-erzielen-Einigung-Krankenhausreform-kann-kommen.jpg","type":"image\/jpeg"}],"author":"rtnews","twitter_card":"summary_large_image","twitter_creator":"@WirMachenAuf_de","twitter_site":"@WirMachenAuf_de","twitter_misc":{"Verfasst von":"rtnews","Gesch\u00e4tzte Lesezeit":"2\u00a0Minuten"},"schema":{"@context":"https:\/\/schema.org","@graph":[{"@type":"Article","@id":"https:\/\/now-news.de\/de\/deutschland\/bund-und-laender-erzielen-einigung-krankenhausreform-kann-kommen\/#article","isPartOf":{"@id":"https:\/\/now-news.de\/de\/deutschland\/bund-und-laender-erzielen-einigung-krankenhausreform-kann-kommen\/"},"author":{"name":"rtnews","@id":"https:\/\/now-news.de\/de\/#\/schema\/person\/fb534a4e865501d8b3285208df34a9b5"},"headline":"Bund und L\u00e4nder erzielen Einigung: Krankenhausreform kann kommen","datePublished":"2023-07-10T17:53:17+00:00","dateModified":"2023-07-10T17:53:17+00:00","mainEntityOfPage":{"@id":"https:\/\/now-news.de\/de\/deutschland\/bund-und-laender-erzielen-einigung-krankenhausreform-kann-kommen\/"},"wordCount":478,"commentCount":0,"publisher":{"@id":"https:\/\/now-news.de\/de\/#organization"},"image":{"@id":"https:\/\/now-news.de\/de\/deutschland\/bund-und-laender-erzielen-einigung-krankenhausreform-kann-kommen\/#primaryimage"},"thumbnailUrl":"https:\/\/now-news.de\/de\/wp-content\/uploads\/sites\/3\/2023\/07\/Bund-und-Laender-erzielen-Einigung-Krankenhausreform-kann-kommen.jpg","keywords":["Bund","Einigung","erzielen","kann","kommen","Krankenhausreform","L\u00e4nder","und"],"articleSection":["Deutschland","Russland"],"inLanguage":"de","potentialAction":[{"@type":"CommentAction","name":"Comment","target":["https:\/\/now-news.de\/de\/deutschland\/bund-und-laender-erzielen-einigung-krankenhausreform-kann-kommen\/#respond"]}]},{"@type":"WebPage","@id":"https:\/\/now-news.de\/de\/deutschland\/bund-und-laender-erzielen-einigung-krankenhausreform-kann-kommen\/","url":"https:\/\/now-news.de\/de\/deutschland\/bund-und-laender-erzielen-einigung-krankenhausreform-kann-kommen\/","name":"Bund und L\u00e4nder erzielen Einigung: Krankenhausreform kann kommen - just-now.NEWS Deutschland","isPartOf":{"@id":"https:\/\/now-news.de\/de\/#website"},"primaryImageOfPage":{"@id":"https:\/\/now-news.de\/de\/deutschland\/bund-und-laender-erzielen-einigung-krankenhausreform-kann-kommen\/#primaryimage"},"image":{"@id":"https:\/\/now-news.de\/de\/deutschland\/bund-und-laender-erzielen-einigung-krankenhausreform-kann-kommen\/#primaryimage"},"thumbnailUrl":"https:\/\/now-news.de\/de\/wp-content\/uploads\/sites\/3\/2023\/07\/Bund-und-Laender-erzielen-Einigung-Krankenhausreform-kann-kommen.jpg","datePublished":"2023-07-10T17:53:17+00:00","dateModified":"2023-07-10T17:53:17+00:00","breadcrumb":{"@id":"https:\/\/now-news.de\/de\/deutschland\/bund-und-laender-erzielen-einigung-krankenhausreform-kann-kommen\/#breadcrumb"},"inLanguage":"de","potentialAction":[{"@type":"ReadAction","target":["https:\/\/now-news.de\/de\/deutschland\/bund-und-laender-erzielen-einigung-krankenhausreform-kann-kommen\/"]}]},{"@type":"ImageObject","inLanguage":"de","@id":"https:\/\/now-news.de\/de\/deutschland\/bund-und-laender-erzielen-einigung-krankenhausreform-kann-kommen\/#primaryimage","url":"https:\/\/now-news.de\/de\/wp-content\/uploads\/sites\/3\/2023\/07\/Bund-und-Laender-erzielen-Einigung-Krankenhausreform-kann-kommen.jpg","contentUrl":"https:\/\/now-news.de\/de\/wp-content\/uploads\/sites\/3\/2023\/07\/Bund-und-Laender-erzielen-Einigung-Krankenhausreform-kann-kommen.jpg","width":460,"height":259,"caption":"Bund und L\u00e4nder erzielen Einigung: Krankenhausreform kann kommen"},{"@type":"BreadcrumbList","@id":"https:\/\/now-news.de\/de\/deutschland\/bund-und-laender-erzielen-einigung-krankenhausreform-kann-kommen\/#breadcrumb","itemListElement":[{"@type":"ListItem","position":1,"name":"Home","item":"https:\/\/now-news.de\/de\/"},{"@type":"ListItem","position":2,"name":"Bund und L\u00e4nder erzielen Einigung: Krankenhausreform kann kommen"}]},{"@type":"WebSite","@id":"https:\/\/now-news.de\/de\/#website","url":"https:\/\/now-news.de\/de\/","name":"just-now.NEWS Deutschland","description":"Das Portal f\u00fcr unzensierte Nachrichten aus der Welt","publisher":{"@id":"https:\/\/now-news.de\/de\/#organization"},"potentialAction":[{"@type":"SearchAction","target":{"@type":"EntryPoint","urlTemplate":"https:\/\/now-news.de\/de\/?s={search_term_string}"},"query-input":"required name=search_term_string"}],"inLanguage":"de"},{"@type":"Organization","@id":"https:\/\/now-news.de\/de\/#organization","name":"Just Now News","url":"https:\/\/now-news.de\/de\/","logo":{"@type":"ImageObject","inLanguage":"de","@id":"https:\/\/now-news.de\/de\/#\/schema\/logo\/image\/","url":"http:\/\/just-now.news\/de\/wp-content\/uploads\/sites\/3\/2022\/04\/logo500x500.jpg","contentUrl":"http:\/\/just-now.news\/de\/wp-content\/uploads\/sites\/3\/2022\/04\/logo500x500.jpg","width":500,"height":500,"caption":"Just Now News"},"image":{"@id":"https:\/\/now-news.de\/de\/#\/schema\/logo\/image\/"},"sameAs":["https:\/\/www.facebook.com\/wirmachenauf","https:\/\/x.com\/WirMachenAuf_de"]},{"@type":"Person","@id":"https:\/\/now-news.de\/de\/#\/schema\/person\/fb534a4e865501d8b3285208df34a9b5","name":"rtnews","image":{"@type":"ImageObject","inLanguage":"de","@id":"https:\/\/now-news.de\/de\/#\/schema\/person\/image\/","url":"https:\/\/secure.gravatar.com\/avatar\/82aafea7d8127119dd649515f56e2117?s=96&d=mm&r=g","contentUrl":"https:\/\/secure.gravatar.com\/avatar\/82aafea7d8127119dd649515f56e2117?s=96&d=mm&r=g","caption":"rtnews"},"url":"https:\/\/now-news.de\/de\/author\/rnews\/"}]}},"_links":{"self":[{"href":"https:\/\/now-news.de\/de\/wp-json\/wp\/v2\/posts\/39859"}],"collection":[{"href":"https:\/\/now-news.de\/de\/wp-json\/wp\/v2\/posts"}],"about":[{"href":"https:\/\/now-news.de\/de\/wp-json\/wp\/v2\/types\/post"}],"author":[{"embeddable":true,"href":"https:\/\/now-news.de\/de\/wp-json\/wp\/v2\/users\/3"}],"replies":[{"embeddable":true,"href":"https:\/\/now-news.de\/de\/wp-json\/wp\/v2\/comments?post=39859"}],"version-history":[{"count":0,"href":"https:\/\/now-news.de\/de\/wp-json\/wp\/v2\/posts\/39859\/revisions"}],"wp:featuredmedia":[{"embeddable":true,"href":"https:\/\/now-news.de\/de\/wp-json\/wp\/v2\/media\/39860"}],"wp:attachment":[{"href":"https:\/\/now-news.de\/de\/wp-json\/wp\/v2\/media?parent=39859"}],"wp:term":[{"taxonomy":"category","embeddable":true,"href":"https:\/\/now-news.de\/de\/wp-json\/wp\/v2\/categories?post=39859"},{"taxonomy":"post_tag","embeddable":true,"href":"https:\/\/now-news.de\/de\/wp-json\/wp\/v2\/tags?post=39859"}],"curies":[{"name":"wp","href":"https:\/\/api.w.org\/{rel}","templated":true}]}}