{"id":39814,"date":"2023-07-10T08:53:33","date_gmt":"2023-07-10T06:53:33","guid":{"rendered":"https:\/\/just-now.news\/de\/deutschland\/zu-teuer-bundesregierung-verweigert-corona-und-impfgeschaedigten-mehr-hilfe\/"},"modified":"2023-07-10T08:53:33","modified_gmt":"2023-07-10T06:53:33","slug":"zu-teuer-bundesregierung-verweigert-corona-und-impfgeschaedigten-mehr-hilfe","status":"publish","type":"post","link":"https:\/\/now-news.de\/de\/deutschland\/zu-teuer-bundesregierung-verweigert-corona-und-impfgeschaedigten-mehr-hilfe\/","title":{"rendered":"Zu teuer? Bundesregierung verweigert Corona- und Impfgesch\u00e4digten mehr Hilfe"},"content":{"rendered":"<p><img decoding=\"async\" src=\"http:\/\/just-now.news\/de\/wp-content\/uploads\/sites\/3\/2023\/07\/64aaf95db480cc2168452e6c.jpg\" \/><\/p>\n<div class=\"Text-root Text-type_1 \">\n                Die Union ist im Bundestag mit einem Antrag gescheitert, in dem sie mehr Geld f\u00fcr die Erforschung von Langzeitsch\u00e4den durch Corona und die mRNA-Impfstoffe sowie f\u00fcr entsprechende Ambulanzen gefordert hatte. Lediglich die Linksfraktion stimmte dem Antrag zu. Die Probleme werden weiterhin verdr\u00e4ngt.\n            <\/div>\n<p><\/p>\n<div class=\"Text-root Text-type_5 ArticleView-text ViewText-root \">\n<p><em>Von Susan Bonath<\/em><\/p>\n<p>Viel hei\u00dfe Luft, wenig Inhalt: Die deutsche Regierung gleicht zunehmend einer Werbeagentur, die mehr auf Propaganda und Selbstbeweihr\u00e4ucherung als auf Politik f\u00fcr die B\u00fcrger setzt. W\u00e4hrend sie in den vergangenen drei Jahren rund 500 Millionen Euro in ihre Corona- und Impfkampagnen investiert hatte, verschleppt sie nun die Hilfe f\u00fcr Long-Covid- und Impfgesch\u00e4digte. Das zeigte eine Debatte im Parlament am Freitag erneut. Demnach setzte Gesundheitsminister Karl Lauterbach seine Ank\u00fcndigung, 100 Millionen Euro in entsprechende Ma\u00dfnahmen zu investieren, bislang ebenfalls nicht um.<\/p>\n<p>Die Unionsfraktion aus CDU und CSU hatte zwei Antr\u00e4ge gestellt. Zum einen forderte sie, die Forschung zu Long Covid, langanhaltenden Impfsch\u00e4den (Post-Vac-Syndrom) und der schweren Autoimmunerkrankung ME\/CFS, die durch Virusinfektionen oder Impfungen ausgel\u00f6st werden kann, durch die Projektf\u00f6rderung des Bundes erheblich auszuweiten, um Betroffenen umgehend helfen zu k\u00f6nnen. Zum anderen m\u00fcsse der Staat Anlaufstellen f\u00fcr Betroffene, sogenannte Kompetenzzentren, schaffen und ihnen den Zugang zu Gesundheits- und Sozialleistungen erleichtern.<\/p>\n<p>Zusammen mit der Union stimmte nur die Linksfraktion im Bundestag f\u00fcr beide Antr\u00e4ge. Die AfD enthielt sich, die Regierungsfraktionen SPD, B\u00fcndnis 90\/ Die Gr\u00fcnen und FDP, die sogenannte &#8220;Ampel&#8221;, votierten geschlossen dagegen. Letztere beschwichtigte, man habe bereits gen\u00fcgend Ma\u00dfnahmen angesto\u00dfen.<\/p>\n<h4>Mittel gek\u00fcrzt<\/h4>\n<p>&#8220;T\u00e4glich erreichen meine Fraktion Berichte von Betroffenen und ihren Angeh\u00f6rigen&#8221;, mahnte der CDU-Politiker Stephan Albani. Noch k\u00f6nnten viele Betroffene nicht wirksam behandelt werden. Staatliche Ma\u00dfnahmen daf\u00fcr fielen unter das Budget mit dem Titel &#8220;Lebenswissenschaften&#8221;. Dieses habe die Bundesregierung in ihrem aktuellen Haushaltsentwurf jedoch nicht aufgestockt, sondern um 50 Millionen Euro gek\u00fcrzt. Seine Fraktion habe sich mit der Ampel-Regierung auf einen gemeinsamen Antrag zu einigen versucht. Dem habe sie sich verweigert, monierte er.<\/p>\n<p>Die Linke-Abgeordnete Kathrin Vogler bezeichnete den Regierungsentwurf f\u00fcr den n\u00e4chsten Haushaltsplan als &#8220;Budget der Grausamkeiten&#8221;. Anstatt sich um eine gute Versorgung von Betroffenen zu k\u00fcmmern, habe Lauterbach inzwischen \u00fcber ein Drittel des F\u00f6rderbudgets f\u00fcr Gesundheit eingestampft. Dieses liege nun auf dem Niveau von 2011. Sie sagte:<\/p>\n<blockquote>\n<p><em>&#8220;Au\u00dfer bei der Bundeswehr wird \u00fcberall gek\u00fcrzt, am h\u00e4rtesten bei der Gesundheit.&#8221;<\/em><\/p>\n<\/blockquote>\n<p>Sie habe versucht, den Gesundheitsminister zur Rede zu stellen. Daraufhin habe er gesagt, die Pandemie sei vorbei, weshalb man nicht mehr so viel Geld brauche. Anfang dieses Jahres hatte er angek\u00fcndigt, 100 Millionen Euro f\u00fcr die Forschung an &#8220;Long Covid&#8221; und dem &#8220;Post-Vac-Syndrom&#8221; bereitzustellen.<\/p>\n<blockquote>\n<p><em>&#8220;Als ich nachgefragt habe, wo er denn diese 100 Millionen in seinem Haushaltsentwurf versteckt, da war der Minister pl\u00f6tzlich ungew\u00f6hnlich wortkarg.&#8221;<\/em><\/p>\n<\/blockquote>\n<p>Vogler k\u00f6nne daraus &#8220;nur den Schluss ziehen, dass es keine 100 Millionen, keine 50 Millionen, vielleicht nicht mal 20 Millionen im n\u00e4chsten Haushalt geben wird&#8221;. Dies sei &#8220;eine Schande&#8221;. Vogler behauptete, laut Nachforschungen litten etwa eine Million Menschen an Long Covid. Die Impfgesch\u00e4digten erw\u00e4hnte sie nicht. Immerhin f\u00fchrt die Ambulanz in der Uniklinik Marburg, die sich um Betroffene k\u00fcmmert, noch immer mehr als 7.500 Betroffene auf ihrer Warteliste. Sie ist bundesweit die einzige Anlaufstelle dieser Art.<\/p>\n<h4>Warnungen missachtet<\/h4>\n<p>Christina Baum von der AfD warf der Bundesregierung vor, sie lasse ME\/CFS-Erkrankte seit vielen Jahren allein. Erst durch Corona und die Impfung sei das Problem auf die Tagesordnung gelangt, und daf\u00fcr habe es zudem noch gro\u00dfen gesellschaftlichen Druck gebraucht. Sie betonte: Diese Autoimmunerkrankung sei auch eine der schweren Nebenwirkungen durch die Corona-Vakzine.<\/p>\n<blockquote>\n<p><em>&#8220;Viele, auch junge, gesunde Menschen haben es bereut, die nie wieder ihrem Beruf oder Hobby nachgehen k\u00f6nnen aufgrund einer Injektion mit Notfallzulassung.&#8221;<\/em><\/p>\n<\/blockquote>\n<p>Der CDU warf Baum vor, die Grundlage f\u00fcr eine irref\u00fchrende Impfkampagne gelegt zu haben. Die Ampel-Regierung habe dies &#8220;auf die Spitze getrieben&#8221;. Allerdings habe ihre Fraktion von Anfang an vor den Sch\u00e4den gewarnt. &#8220;Sie k\u00f6nnen nicht behaupten, Sie h\u00e4tten es nicht gewusst&#8221;, mahnte sie. Warum die AfD den Unionsantr\u00e4gen f\u00fcr mehr Forschung und Hilfen dann nicht zustimmte, sondern sich enthielt, erl\u00e4uterte die Abgeordnete jedoch nicht.<\/p>\n<h4>Ampel hilft mit &#8220;Pressestatements&#8221;<\/h4>\n<p>Die regierenden Fraktionen SPD, B\u00fcndnis 90\/Die Gr\u00fcnen und FDP waren sich hingegen einig: Weitere Mittel seien nicht n\u00f6tig, man investiere bereits genug in die Forschung. Der SPD-Politiker Ruppert St\u00fcwe sprach von &#8220;wenigen F\u00e4llen&#8221; durch die Impfung, ohne dies n\u00e4her zu belegen. Er erl\u00e4uterte, die Bundesrepublik beteilige sich mit 30 Millionen Euro an einem EU-Forschungsprogramm. Auch das Bundesministerium f\u00fcr Bildung und Forschung (BMBF) f\u00f6rdere entsprechende Projekte mit 22,5 Millionen Euro.<\/p>\n<p>Ferner warf St\u00fcwe der Union vor, sie nenne in ihren Antr\u00e4gen keine konkrete Summe f\u00fcr ihre Vorschl\u00e4ge und sage nicht, wo das Geld herkommen solle. Sie h\u00e4tte erkl\u00e4ren sollen, &#8220;wie wir zusammen mit den Pharmaunternehmen forschen k\u00f6nnen&#8221;, so der Politiker. Diese n\u00e4mlich verweigerten es bislang, sich an der Ursachenforschung zu beteiligen, r\u00e4umte er ein. Sie bringe ihnen nicht genug Geld.<\/p>\n<p>\u00c4hnlich \u00e4u\u00dferten sich Linda Heitmann (B\u00fcndnis 90\/ Die Gr\u00fcnen) und Stephan Seiter (FDP). Letzterer beteuerte, manche Forderungen der CDU und CSU seien &#8220;schon auf dem Weg&#8221;, ohne konkret zu werden. Sein Parteikollege Lars Lindemann behauptete, dies sehe man nicht unbedingt am Haushalt, &#8220;weil wir intern umschichten&#8221;.<\/p>\n<p>Heitmann gei\u00dfelte zun\u00e4chst die Vorg\u00e4ngerregierungen. Diese seien daf\u00fcr verantwortlich, dass \u00c4rzte zu wenig \u00fcber die Immunst\u00f6rung w\u00fcssten, was zu mangelhafter Versorgung f\u00fchre. Dann folgte ein Eigenlob: &#8220;Wir haben das Bekanntwerden mit Pressestatements unterst\u00fctzt.&#8221;<\/p>\n<h4>Tabuthema Impfsch\u00e4den<\/h4>\n<p>Deutlich wurde in der Debatte, dass alle Parteien au\u00dfer der AfD das Thema Impfsch\u00e4den nach wie vor so gut es geht verdr\u00e4ngen. Auch die Antragsteller von der Union nahmen das verharmlosende Synonym &#8220;Post-Vac-Syndrom&#8221; nur z\u00f6gerlich in den Mund und stellten allem stets Long Covid voran. Dieses sei mit gesch\u00e4tzt einer Million Betroffenen viel weiter verbreitet, so die g\u00e4ngige Erz\u00e4hlung.<\/p>\n<p>Die Berichterstattung der Medien spricht jedenfalls nicht unbedingt daf\u00fcr. Denn man w\u00fcrde annehmen, dass dann weitaus mehr Long-Covid-Betroffene als mutma\u00dflich Impfgesch\u00e4digte in der Presse auftauchen m\u00fcssten. Aber offenbar h\u00e4lt sich die Anzahl der realen Fallbeispiele dann doch in Grenzen.<\/p>\n<p>Erkrankte Geimpfte machen hingegen seit \u00fcber einem Jahr weitaus h\u00e4ufiger Schlagzeilen. Auch wurde nie gekl\u00e4rt, wie viele der angeblich eine Million Long-Covid-Erkrankten geimpft wurden. Nichts Genaues wei\u00df man nicht, und dabei soll es nach dem Willen der Verantwortlichen wohl auch bleiben.<\/p>\n<h4>Neuer Sicherheitsbericht<\/h4>\n<p>Unterdessen hat sich das Paul-Ehrlich-Institut (PEI) unerwartet dazu durchgerungen, nach Monaten des Schweigens doch noch einen Sicherheitsbericht mit Daten bis M\u00e4rz 2023 zu ver\u00f6ffentlichen. Demnach wurden dem Institut, das dem Bundesministerium f\u00fcr Gesundheit (BMG) unterstellt ist, bei 192,2 Millionen verimpften Dosen knapp 340.300 Verdachtsf\u00e4lle auf Nebenwirkungen gemeldet. Damit kam eine Meldung auf 565 Impfungen. Gesonderte Daten zu geimpften Kindern und Jugendlichen fehlen weiterhin.<\/p>\n<p>Als schwerwiegend stufte das PEI gut 56.400 gemeldete Verdachtsf\u00e4lle ein, das ist ein Fall pro 3.400 Impfungen beziehungsweise ein Fall pro 1.150 Geimpften. Das immer noch in den Medien kursierende Ger\u00fccht von &#8220;weniger als einem schwerwiegenden Verdachtsfall pro 10.000 Impfungen&#8221; geh\u00f6rt demnach ins Reich der Mythen. In den Umlauf gebracht hatte es Minister Lauterbach in einem Interview.<\/p>\n<p>Dem PEI seien zudem 3.315 Todesf\u00e4lle angezeigt worden, bei denen \u00c4rzte oder Angeh\u00f6rige einen Zusammenhang mit der Spritze vermuteten. Das ist ein t\u00f6dlicher Verdachtsfall pro 58.000 Impfdosen beziehungsweise pro 20.000 Geimpften. Das PEI konnte keine statistische H\u00e4ufung und damit keinen Zusammenhang zur Impfung feststellen, wobei es sich allerdings auf Studien aus dem Ausland st\u00fctzte. Die ihm gemeldeten rund 1.500 &#8220;Post-Vac&#8221;-F\u00e4lle k\u00f6nne es auch nicht beurteilen, da unter dieses Kriterium sehr viele unterschiedliche Symptome fielen.<\/p>\n<h4>Fehlender Aufkl\u00e4rungswille<\/h4>\n<p>Zu konstatieren ist, dass sich weder die Politik noch die Gesundheitsbeh\u00f6rden sonderlich bem\u00fchen, Betroffenen zu helfen und gezielt nachzuforschen. Es fehlt an Ehrlichkeit, Transparenz und am Willen, sich mit den Folgen der Pandemie und der Impfungen ernsthaft zu befassen. Die Steuermilliarden pumpen die Regierenden lieber in den Milit\u00e4rapparat und in Kriegshilfen f\u00fcr die Ukraine als in das Gesundheitssystem.<\/p>\n<p><strong>Mehr zum Thema<\/strong> &#8211; <a rel=\"nofollow noopener\" target=\"_blank\" href=\"https:\/\/freeassange.rtde.live\/inland\/166667-gehen-sie-weiter-wie-paul\/\">Gehen Sie weiter &#8230;: Wie das Paul-Ehrlich-Institut Impfsch\u00e4den vertuscht und Analysen verhindert<\/a><\/p>\n<\/p>\n<\/div>\n<p><br \/>\n<br \/><a href=\"https:\/\/de.rt.com\/meinung\/174806-zu-teuer-bundesregierung-verweigert-corona\/\">Source link <\/a><\/p>\n","protected":false},"excerpt":{"rendered":"<p>Die Union ist im Bundestag mit einem Antrag gescheitert, in dem sie mehr Geld f\u00fcr die Erforschung von Langzeitsch\u00e4den durch Corona und die mRNA-Impfstoffe sowie f\u00fcr entsprechende Ambulanzen gefordert hatte. Lediglich die Linksfraktion stimmte dem Antrag zu. Die Probleme werden weiterhin verdr\u00e4ngt. Von Susan Bonath Viel hei\u00dfe Luft, wenig Inhalt: Die deutsche Regierung gleicht zunehmend [&hellip;]<\/p>\n","protected":false},"author":3,"featured_media":39815,"comment_status":"open","ping_status":"open","sticky":false,"template":"","format":"standard","meta":{"_yoast_indexnow_last_ping":["1688972223"],"wp_automatic_camp":["217"],"e2b0252e91fbed65873e8b6124d41a40":["Zu teuer? Bundesregierung verweigert Corona- und Impfgesch\u00e4digten mehr Hilfe"],"original_link":["https:\/\/de.rt.com\/meinung\/174806-zu-teuer-bundesregierung-verweigert-corona\/"],"_thumbnail_id":["39815"],"_wptgpro_p2tg_sent2tg":["a:1:{i:23737;s:19:\"2023-07-10 08:58:07\";}"],"jnews_social_counter_last_update":["1777171005"]},"categories":[19,23],"tags":[3807,124,7571,38362,2063,22406,140,5851],"yoast_head":"<!-- This site is optimized with the Yoast SEO Premium plugin v22.7 (Yoast SEO v22.7) - https:\/\/yoast.com\/wordpress\/plugins\/seo\/ -->\n<title>Zu teuer? Bundesregierung verweigert Corona- und Impfgesch\u00e4digten mehr Hilfe - just-now.NEWS Deutschland<\/title>\n<meta name=\"robots\" content=\"index, follow, max-snippet:-1, max-image-preview:large, max-video-preview:-1\" \/>\n<link rel=\"canonical\" href=\"https:\/\/now-news.de\/de\/deutschland\/zu-teuer-bundesregierung-verweigert-corona-und-impfgeschaedigten-mehr-hilfe\/\" \/>\n<meta property=\"og:locale\" content=\"de_DE\" \/>\n<meta property=\"og:type\" content=\"article\" \/>\n<meta property=\"og:title\" content=\"Zu teuer? Bundesregierung verweigert Corona- und Impfgesch\u00e4digten mehr Hilfe\" \/>\n<meta property=\"og:description\" content=\"Die Union ist im Bundestag mit einem Antrag gescheitert, in dem sie mehr Geld f\u00fcr die Erforschung von Langzeitsch\u00e4den durch Corona und die mRNA-Impfstoffe sowie f\u00fcr entsprechende Ambulanzen gefordert hatte. Lediglich die Linksfraktion stimmte dem Antrag zu. Die Probleme werden weiterhin verdr\u00e4ngt. Von Susan Bonath Viel hei\u00dfe Luft, wenig Inhalt: Die deutsche Regierung gleicht zunehmend [&hellip;]\" \/>\n<meta property=\"og:url\" content=\"https:\/\/now-news.de\/de\/deutschland\/zu-teuer-bundesregierung-verweigert-corona-und-impfgeschaedigten-mehr-hilfe\/\" \/>\n<meta property=\"og:site_name\" content=\"just-now.NEWS Deutschland\" \/>\n<meta property=\"article:publisher\" content=\"https:\/\/www.facebook.com\/wirmachenauf\" \/>\n<meta property=\"article:published_time\" content=\"2023-07-10T06:53:33+00:00\" \/>\n<meta property=\"og:image\" content=\"https:\/\/now-news.de\/de\/wp-content\/uploads\/sites\/3\/2023\/07\/Zu-teuer-Bundesregierung-verweigert-Corona-und-Impfgeschaedigten-mehr-Hilfe.jpg\" \/>\n\t<meta property=\"og:image:width\" content=\"460\" \/>\n\t<meta property=\"og:image:height\" content=\"259\" \/>\n\t<meta property=\"og:image:type\" content=\"image\/jpeg\" \/>\n<meta name=\"author\" content=\"rtnews\" \/>\n<meta name=\"twitter:card\" content=\"summary_large_image\" \/>\n<meta name=\"twitter:creator\" content=\"@WirMachenAuf_de\" \/>\n<meta name=\"twitter:site\" content=\"@WirMachenAuf_de\" \/>\n<meta name=\"twitter:label1\" content=\"Verfasst von\" \/>\n\t<meta name=\"twitter:data1\" content=\"rtnews\" \/>\n\t<meta name=\"twitter:label2\" content=\"Gesch\u00e4tzte Lesezeit\" \/>\n\t<meta name=\"twitter:data2\" content=\"7\u00a0Minuten\" \/>\n<script type=\"application\/ld+json\" class=\"yoast-schema-graph\">{\"@context\":\"https:\/\/schema.org\",\"@graph\":[{\"@type\":\"Article\",\"@id\":\"https:\/\/now-news.de\/de\/deutschland\/zu-teuer-bundesregierung-verweigert-corona-und-impfgeschaedigten-mehr-hilfe\/#article\",\"isPartOf\":{\"@id\":\"https:\/\/now-news.de\/de\/deutschland\/zu-teuer-bundesregierung-verweigert-corona-und-impfgeschaedigten-mehr-hilfe\/\"},\"author\":{\"name\":\"rtnews\",\"@id\":\"https:\/\/now-news.de\/de\/#\/schema\/person\/fb534a4e865501d8b3285208df34a9b5\"},\"headline\":\"Zu teuer? Bundesregierung verweigert Corona- und Impfgesch\u00e4digten mehr Hilfe\",\"datePublished\":\"2023-07-10T06:53:33+00:00\",\"dateModified\":\"2023-07-10T06:53:33+00:00\",\"mainEntityOfPage\":{\"@id\":\"https:\/\/now-news.de\/de\/deutschland\/zu-teuer-bundesregierung-verweigert-corona-und-impfgeschaedigten-mehr-hilfe\/\"},\"wordCount\":1389,\"commentCount\":0,\"publisher\":{\"@id\":\"https:\/\/now-news.de\/de\/#organization\"},\"image\":{\"@id\":\"https:\/\/now-news.de\/de\/deutschland\/zu-teuer-bundesregierung-verweigert-corona-und-impfgeschaedigten-mehr-hilfe\/#primaryimage\"},\"thumbnailUrl\":\"https:\/\/now-news.de\/de\/wp-content\/uploads\/sites\/3\/2023\/07\/Zu-teuer-Bundesregierung-verweigert-Corona-und-Impfgeschaedigten-mehr-Hilfe.jpg\",\"keywords\":[\"Bundesregierung\",\"corona\",\"Hilfe\",\"Impfgesch\u00e4digten\",\"mehr\",\"teuer\",\"und\",\"verweigert\"],\"articleSection\":[\"Deutschland\",\"Russland\"],\"inLanguage\":\"de\",\"potentialAction\":[{\"@type\":\"CommentAction\",\"name\":\"Comment\",\"target\":[\"https:\/\/now-news.de\/de\/deutschland\/zu-teuer-bundesregierung-verweigert-corona-und-impfgeschaedigten-mehr-hilfe\/#respond\"]}]},{\"@type\":\"WebPage\",\"@id\":\"https:\/\/now-news.de\/de\/deutschland\/zu-teuer-bundesregierung-verweigert-corona-und-impfgeschaedigten-mehr-hilfe\/\",\"url\":\"https:\/\/now-news.de\/de\/deutschland\/zu-teuer-bundesregierung-verweigert-corona-und-impfgeschaedigten-mehr-hilfe\/\",\"name\":\"Zu teuer? Bundesregierung verweigert Corona- und Impfgesch\u00e4digten mehr Hilfe - just-now.NEWS Deutschland\",\"isPartOf\":{\"@id\":\"https:\/\/now-news.de\/de\/#website\"},\"primaryImageOfPage\":{\"@id\":\"https:\/\/now-news.de\/de\/deutschland\/zu-teuer-bundesregierung-verweigert-corona-und-impfgeschaedigten-mehr-hilfe\/#primaryimage\"},\"image\":{\"@id\":\"https:\/\/now-news.de\/de\/deutschland\/zu-teuer-bundesregierung-verweigert-corona-und-impfgeschaedigten-mehr-hilfe\/#primaryimage\"},\"thumbnailUrl\":\"https:\/\/now-news.de\/de\/wp-content\/uploads\/sites\/3\/2023\/07\/Zu-teuer-Bundesregierung-verweigert-Corona-und-Impfgeschaedigten-mehr-Hilfe.jpg\",\"datePublished\":\"2023-07-10T06:53:33+00:00\",\"dateModified\":\"2023-07-10T06:53:33+00:00\",\"breadcrumb\":{\"@id\":\"https:\/\/now-news.de\/de\/deutschland\/zu-teuer-bundesregierung-verweigert-corona-und-impfgeschaedigten-mehr-hilfe\/#breadcrumb\"},\"inLanguage\":\"de\",\"potentialAction\":[{\"@type\":\"ReadAction\",\"target\":[\"https:\/\/now-news.de\/de\/deutschland\/zu-teuer-bundesregierung-verweigert-corona-und-impfgeschaedigten-mehr-hilfe\/\"]}]},{\"@type\":\"ImageObject\",\"inLanguage\":\"de\",\"@id\":\"https:\/\/now-news.de\/de\/deutschland\/zu-teuer-bundesregierung-verweigert-corona-und-impfgeschaedigten-mehr-hilfe\/#primaryimage\",\"url\":\"https:\/\/now-news.de\/de\/wp-content\/uploads\/sites\/3\/2023\/07\/Zu-teuer-Bundesregierung-verweigert-Corona-und-Impfgeschaedigten-mehr-Hilfe.jpg\",\"contentUrl\":\"https:\/\/now-news.de\/de\/wp-content\/uploads\/sites\/3\/2023\/07\/Zu-teuer-Bundesregierung-verweigert-Corona-und-Impfgeschaedigten-mehr-Hilfe.jpg\",\"width\":460,\"height\":259,\"caption\":\"Zu teuer? Bundesregierung verweigert Corona- und Impfgesch\u00e4digten mehr Hilfe\"},{\"@type\":\"BreadcrumbList\",\"@id\":\"https:\/\/now-news.de\/de\/deutschland\/zu-teuer-bundesregierung-verweigert-corona-und-impfgeschaedigten-mehr-hilfe\/#breadcrumb\",\"itemListElement\":[{\"@type\":\"ListItem\",\"position\":1,\"name\":\"Home\",\"item\":\"https:\/\/now-news.de\/de\/\"},{\"@type\":\"ListItem\",\"position\":2,\"name\":\"Zu teuer? Bundesregierung verweigert Corona- und Impfgesch\u00e4digten mehr Hilfe\"}]},{\"@type\":\"WebSite\",\"@id\":\"https:\/\/now-news.de\/de\/#website\",\"url\":\"https:\/\/now-news.de\/de\/\",\"name\":\"just-now.NEWS Deutschland\",\"description\":\"Das Portal f\u00fcr unzensierte Nachrichten aus der Welt\",\"publisher\":{\"@id\":\"https:\/\/now-news.de\/de\/#organization\"},\"potentialAction\":[{\"@type\":\"SearchAction\",\"target\":{\"@type\":\"EntryPoint\",\"urlTemplate\":\"https:\/\/now-news.de\/de\/?s={search_term_string}\"},\"query-input\":\"required name=search_term_string\"}],\"inLanguage\":\"de\"},{\"@type\":\"Organization\",\"@id\":\"https:\/\/now-news.de\/de\/#organization\",\"name\":\"Just Now News\",\"url\":\"https:\/\/now-news.de\/de\/\",\"logo\":{\"@type\":\"ImageObject\",\"inLanguage\":\"de\",\"@id\":\"https:\/\/now-news.de\/de\/#\/schema\/logo\/image\/\",\"url\":\"http:\/\/just-now.news\/de\/wp-content\/uploads\/sites\/3\/2022\/04\/logo500x500.jpg\",\"contentUrl\":\"http:\/\/just-now.news\/de\/wp-content\/uploads\/sites\/3\/2022\/04\/logo500x500.jpg\",\"width\":500,\"height\":500,\"caption\":\"Just Now News\"},\"image\":{\"@id\":\"https:\/\/now-news.de\/de\/#\/schema\/logo\/image\/\"},\"sameAs\":[\"https:\/\/www.facebook.com\/wirmachenauf\",\"https:\/\/x.com\/WirMachenAuf_de\"]},{\"@type\":\"Person\",\"@id\":\"https:\/\/now-news.de\/de\/#\/schema\/person\/fb534a4e865501d8b3285208df34a9b5\",\"name\":\"rtnews\",\"image\":{\"@type\":\"ImageObject\",\"inLanguage\":\"de\",\"@id\":\"https:\/\/now-news.de\/de\/#\/schema\/person\/image\/\",\"url\":\"https:\/\/secure.gravatar.com\/avatar\/82aafea7d8127119dd649515f56e2117?s=96&d=mm&r=g\",\"contentUrl\":\"https:\/\/secure.gravatar.com\/avatar\/82aafea7d8127119dd649515f56e2117?s=96&d=mm&r=g\",\"caption\":\"rtnews\"},\"url\":\"https:\/\/now-news.de\/de\/author\/rnews\/\"}]}<\/script>\n<!-- \/ Yoast SEO Premium plugin. -->","yoast_head_json":{"title":"Zu teuer? Bundesregierung verweigert Corona- und Impfgesch\u00e4digten mehr Hilfe - just-now.NEWS Deutschland","robots":{"index":"index","follow":"follow","max-snippet":"max-snippet:-1","max-image-preview":"max-image-preview:large","max-video-preview":"max-video-preview:-1"},"canonical":"https:\/\/now-news.de\/de\/deutschland\/zu-teuer-bundesregierung-verweigert-corona-und-impfgeschaedigten-mehr-hilfe\/","og_locale":"de_DE","og_type":"article","og_title":"Zu teuer? Bundesregierung verweigert Corona- und Impfgesch\u00e4digten mehr Hilfe","og_description":"Die Union ist im Bundestag mit einem Antrag gescheitert, in dem sie mehr Geld f\u00fcr die Erforschung von Langzeitsch\u00e4den durch Corona und die mRNA-Impfstoffe sowie f\u00fcr entsprechende Ambulanzen gefordert hatte. Lediglich die Linksfraktion stimmte dem Antrag zu. Die Probleme werden weiterhin verdr\u00e4ngt. Von Susan Bonath Viel hei\u00dfe Luft, wenig Inhalt: Die deutsche Regierung gleicht zunehmend [&hellip;]","og_url":"https:\/\/now-news.de\/de\/deutschland\/zu-teuer-bundesregierung-verweigert-corona-und-impfgeschaedigten-mehr-hilfe\/","og_site_name":"just-now.NEWS Deutschland","article_publisher":"https:\/\/www.facebook.com\/wirmachenauf","article_published_time":"2023-07-10T06:53:33+00:00","og_image":[{"width":460,"height":259,"url":"https:\/\/now-news.de\/de\/wp-content\/uploads\/sites\/3\/2023\/07\/Zu-teuer-Bundesregierung-verweigert-Corona-und-Impfgeschaedigten-mehr-Hilfe.jpg","type":"image\/jpeg"}],"author":"rtnews","twitter_card":"summary_large_image","twitter_creator":"@WirMachenAuf_de","twitter_site":"@WirMachenAuf_de","twitter_misc":{"Verfasst von":"rtnews","Gesch\u00e4tzte Lesezeit":"7\u00a0Minuten"},"schema":{"@context":"https:\/\/schema.org","@graph":[{"@type":"Article","@id":"https:\/\/now-news.de\/de\/deutschland\/zu-teuer-bundesregierung-verweigert-corona-und-impfgeschaedigten-mehr-hilfe\/#article","isPartOf":{"@id":"https:\/\/now-news.de\/de\/deutschland\/zu-teuer-bundesregierung-verweigert-corona-und-impfgeschaedigten-mehr-hilfe\/"},"author":{"name":"rtnews","@id":"https:\/\/now-news.de\/de\/#\/schema\/person\/fb534a4e865501d8b3285208df34a9b5"},"headline":"Zu teuer? Bundesregierung verweigert Corona- und Impfgesch\u00e4digten mehr Hilfe","datePublished":"2023-07-10T06:53:33+00:00","dateModified":"2023-07-10T06:53:33+00:00","mainEntityOfPage":{"@id":"https:\/\/now-news.de\/de\/deutschland\/zu-teuer-bundesregierung-verweigert-corona-und-impfgeschaedigten-mehr-hilfe\/"},"wordCount":1389,"commentCount":0,"publisher":{"@id":"https:\/\/now-news.de\/de\/#organization"},"image":{"@id":"https:\/\/now-news.de\/de\/deutschland\/zu-teuer-bundesregierung-verweigert-corona-und-impfgeschaedigten-mehr-hilfe\/#primaryimage"},"thumbnailUrl":"https:\/\/now-news.de\/de\/wp-content\/uploads\/sites\/3\/2023\/07\/Zu-teuer-Bundesregierung-verweigert-Corona-und-Impfgeschaedigten-mehr-Hilfe.jpg","keywords":["Bundesregierung","corona","Hilfe","Impfgesch\u00e4digten","mehr","teuer","und","verweigert"],"articleSection":["Deutschland","Russland"],"inLanguage":"de","potentialAction":[{"@type":"CommentAction","name":"Comment","target":["https:\/\/now-news.de\/de\/deutschland\/zu-teuer-bundesregierung-verweigert-corona-und-impfgeschaedigten-mehr-hilfe\/#respond"]}]},{"@type":"WebPage","@id":"https:\/\/now-news.de\/de\/deutschland\/zu-teuer-bundesregierung-verweigert-corona-und-impfgeschaedigten-mehr-hilfe\/","url":"https:\/\/now-news.de\/de\/deutschland\/zu-teuer-bundesregierung-verweigert-corona-und-impfgeschaedigten-mehr-hilfe\/","name":"Zu teuer? Bundesregierung verweigert Corona- und Impfgesch\u00e4digten mehr Hilfe - just-now.NEWS Deutschland","isPartOf":{"@id":"https:\/\/now-news.de\/de\/#website"},"primaryImageOfPage":{"@id":"https:\/\/now-news.de\/de\/deutschland\/zu-teuer-bundesregierung-verweigert-corona-und-impfgeschaedigten-mehr-hilfe\/#primaryimage"},"image":{"@id":"https:\/\/now-news.de\/de\/deutschland\/zu-teuer-bundesregierung-verweigert-corona-und-impfgeschaedigten-mehr-hilfe\/#primaryimage"},"thumbnailUrl":"https:\/\/now-news.de\/de\/wp-content\/uploads\/sites\/3\/2023\/07\/Zu-teuer-Bundesregierung-verweigert-Corona-und-Impfgeschaedigten-mehr-Hilfe.jpg","datePublished":"2023-07-10T06:53:33+00:00","dateModified":"2023-07-10T06:53:33+00:00","breadcrumb":{"@id":"https:\/\/now-news.de\/de\/deutschland\/zu-teuer-bundesregierung-verweigert-corona-und-impfgeschaedigten-mehr-hilfe\/#breadcrumb"},"inLanguage":"de","potentialAction":[{"@type":"ReadAction","target":["https:\/\/now-news.de\/de\/deutschland\/zu-teuer-bundesregierung-verweigert-corona-und-impfgeschaedigten-mehr-hilfe\/"]}]},{"@type":"ImageObject","inLanguage":"de","@id":"https:\/\/now-news.de\/de\/deutschland\/zu-teuer-bundesregierung-verweigert-corona-und-impfgeschaedigten-mehr-hilfe\/#primaryimage","url":"https:\/\/now-news.de\/de\/wp-content\/uploads\/sites\/3\/2023\/07\/Zu-teuer-Bundesregierung-verweigert-Corona-und-Impfgeschaedigten-mehr-Hilfe.jpg","contentUrl":"https:\/\/now-news.de\/de\/wp-content\/uploads\/sites\/3\/2023\/07\/Zu-teuer-Bundesregierung-verweigert-Corona-und-Impfgeschaedigten-mehr-Hilfe.jpg","width":460,"height":259,"caption":"Zu teuer? Bundesregierung verweigert Corona- und Impfgesch\u00e4digten mehr Hilfe"},{"@type":"BreadcrumbList","@id":"https:\/\/now-news.de\/de\/deutschland\/zu-teuer-bundesregierung-verweigert-corona-und-impfgeschaedigten-mehr-hilfe\/#breadcrumb","itemListElement":[{"@type":"ListItem","position":1,"name":"Home","item":"https:\/\/now-news.de\/de\/"},{"@type":"ListItem","position":2,"name":"Zu teuer? Bundesregierung verweigert Corona- und Impfgesch\u00e4digten mehr Hilfe"}]},{"@type":"WebSite","@id":"https:\/\/now-news.de\/de\/#website","url":"https:\/\/now-news.de\/de\/","name":"just-now.NEWS Deutschland","description":"Das Portal f\u00fcr unzensierte Nachrichten aus der Welt","publisher":{"@id":"https:\/\/now-news.de\/de\/#organization"},"potentialAction":[{"@type":"SearchAction","target":{"@type":"EntryPoint","urlTemplate":"https:\/\/now-news.de\/de\/?s={search_term_string}"},"query-input":"required name=search_term_string"}],"inLanguage":"de"},{"@type":"Organization","@id":"https:\/\/now-news.de\/de\/#organization","name":"Just Now News","url":"https:\/\/now-news.de\/de\/","logo":{"@type":"ImageObject","inLanguage":"de","@id":"https:\/\/now-news.de\/de\/#\/schema\/logo\/image\/","url":"http:\/\/just-now.news\/de\/wp-content\/uploads\/sites\/3\/2022\/04\/logo500x500.jpg","contentUrl":"http:\/\/just-now.news\/de\/wp-content\/uploads\/sites\/3\/2022\/04\/logo500x500.jpg","width":500,"height":500,"caption":"Just Now News"},"image":{"@id":"https:\/\/now-news.de\/de\/#\/schema\/logo\/image\/"},"sameAs":["https:\/\/www.facebook.com\/wirmachenauf","https:\/\/x.com\/WirMachenAuf_de"]},{"@type":"Person","@id":"https:\/\/now-news.de\/de\/#\/schema\/person\/fb534a4e865501d8b3285208df34a9b5","name":"rtnews","image":{"@type":"ImageObject","inLanguage":"de","@id":"https:\/\/now-news.de\/de\/#\/schema\/person\/image\/","url":"https:\/\/secure.gravatar.com\/avatar\/82aafea7d8127119dd649515f56e2117?s=96&d=mm&r=g","contentUrl":"https:\/\/secure.gravatar.com\/avatar\/82aafea7d8127119dd649515f56e2117?s=96&d=mm&r=g","caption":"rtnews"},"url":"https:\/\/now-news.de\/de\/author\/rnews\/"}]}},"_links":{"self":[{"href":"https:\/\/now-news.de\/de\/wp-json\/wp\/v2\/posts\/39814"}],"collection":[{"href":"https:\/\/now-news.de\/de\/wp-json\/wp\/v2\/posts"}],"about":[{"href":"https:\/\/now-news.de\/de\/wp-json\/wp\/v2\/types\/post"}],"author":[{"embeddable":true,"href":"https:\/\/now-news.de\/de\/wp-json\/wp\/v2\/users\/3"}],"replies":[{"embeddable":true,"href":"https:\/\/now-news.de\/de\/wp-json\/wp\/v2\/comments?post=39814"}],"version-history":[{"count":0,"href":"https:\/\/now-news.de\/de\/wp-json\/wp\/v2\/posts\/39814\/revisions"}],"wp:featuredmedia":[{"embeddable":true,"href":"https:\/\/now-news.de\/de\/wp-json\/wp\/v2\/media\/39815"}],"wp:attachment":[{"href":"https:\/\/now-news.de\/de\/wp-json\/wp\/v2\/media?parent=39814"}],"wp:term":[{"taxonomy":"category","embeddable":true,"href":"https:\/\/now-news.de\/de\/wp-json\/wp\/v2\/categories?post=39814"},{"taxonomy":"post_tag","embeddable":true,"href":"https:\/\/now-news.de\/de\/wp-json\/wp\/v2\/tags?post=39814"}],"curies":[{"name":"wp","href":"https:\/\/api.w.org\/{rel}","templated":true}]}}