{"id":39796,"date":"2023-07-09T18:18:06","date_gmt":"2023-07-09T16:18:06","guid":{"rendered":"https:\/\/just-now.news\/de\/deutschland\/berlin-polizeimitarbeiter-von-fassadenteil-niedergeschlagen\/"},"modified":"2023-07-09T18:18:06","modified_gmt":"2023-07-09T16:18:06","slug":"berlin-polizeimitarbeiter-von-fassadenteil-niedergeschlagen","status":"publish","type":"post","link":"https:\/\/now-news.de\/de\/deutschland\/berlin-polizeimitarbeiter-von-fassadenteil-niedergeschlagen\/","title":{"rendered":"Berlin: Polizeimitarbeiter von Fassadenteil niedergeschlagen"},"content":{"rendered":"<p><img decoding=\"async\" src=\"http:\/\/just-now.news\/de\/wp-content\/uploads\/sites\/3\/2023\/07\/64aad8d048fbef516a2da2e5.jpg\" \/><\/p>\n<div class=\"Text-root Text-type_1 \">\n                In Berlin wurde ein 63-j\u00e4hriger Polizeimitarbeiter schwer verletzt, als ihn am Samstagabend in der Friedrichstra\u00dfe ein herabfallendes Fassadenteil am Kopf traf. Ein Abschnitt der Stra\u00dfe ist nun wegen Einsturzgefahr gesperrt.\n            <\/div>\n<p><\/p>\n<div class=\"Text-root Text-type_5 ArticleView-text ViewText-root \">\n<p>In Berlin hat ein herabfallendes Fassadenteil einen 63-j\u00e4hrigen Polizeimitarbeiter schwer verletzt. Wie die Polizei am Sonntag mitteilte, war der Mann, ein Angestellter des Zentralen Objektschutzes, gerade mit seinem Kollegen am Samstagabend in der Friedrichstra\u00dfe im Dienst, als er von einem oder mehreren Bruchst\u00fccken einer Steinplatte der Fassade am Kopf getroffen wurde. Den Polizeiangaben zufolge handelte es sich um einen Teil der Fassade in H\u00f6he der sechsten Etage eines B\u00fcrohauses in der Friedrichstra\u00dfe 79.<\/p>\n<p>Passanten alarmierten Rettungskr\u00e4fte, die den Schwerverletzten in ein Krankenhaus brachten. Der 63-J\u00e4hrige wird derzeit intensivmedizinisch behandelt. Der Mitarbeiter, der ihn begleitete, erlitt einen Schock und wurde vor Ort ambulant versorgt. Einsatzkr\u00e4fte der Berliner Feuerwehr begutachteten die Fassade des B\u00fcrohauskomplexes und stellten weitere Sch\u00e4den an Fassadenelementen fest. Daraufhin wurden der Gehweg und die Fahrbahn der Friedrichstra\u00dfe zwischen Behrenstra\u00dfe und Franz\u00f6sischer Stra\u00dfe sowie der Gehweg und ein Teil der Fahrbahn der Franz\u00f6sischen Stra\u00dfe zwischen Friedrichstra\u00dfe und Charlottenstra\u00dfe gesperrt.<\/p>\n<p>Das Landeskriminalamt hat Ermittlungen zum Unfallgeschehen und wegen des Verdachts der Baugef\u00e4hrdung aufgenommen. Der Landeschef der Berliner Gewerkschaft der Polizei (GdP), Stephan Weh, sagte am Sonntag:<\/p>\n<blockquote>\n<p><em>&#8220;Wir sind absolut schockiert und hoffen, dass der Kollege sich vollst\u00e4ndig erholt und dieser dramatische Unfall keine bleibenden Spuren hinterl\u00e4sst. Beide Betroffenen sollten alle Hilfe und Unterst\u00fctzung bekommen, um das Erlebte bestm\u00f6glich verarbeiten zu k\u00f6nnen.&#8221;<\/em><\/p>\n<\/blockquote>\n<p><strong>Mehr zum Thema &#8211;<\/strong>\u00a0<a rel=\"nofollow noopener\" target=\"_blank\" href=\"https:\/\/freeassange.rtde.live\/russland\/109424-zweiter-geburtstag-in-wladiwostok-betonplatte-gefallen\/\">&#8220;Zweiter Geburtstag&#8221;: Betonplatte st\u00fcrzt aufs Auto \u2013 wenige Zentimeter vom Besitzer <\/a><\/p>\n<\/div>\n<p><br \/>\n<br \/><a href=\"https:\/\/de.rt.com\/inland\/174798-berlin-polizeimitarbeiter-von-fassadenteil-niedergeschlagen\/\">Source link <\/a><\/p>\n","protected":false},"excerpt":{"rendered":"<p>In Berlin wurde ein 63-j\u00e4hriger Polizeimitarbeiter schwer verletzt, als ihn am Samstagabend in der Friedrichstra\u00dfe ein herabfallendes Fassadenteil am Kopf traf. Ein Abschnitt der Stra\u00dfe ist nun wegen Einsturzgefahr gesperrt. In Berlin hat ein herabfallendes Fassadenteil einen 63-j\u00e4hrigen Polizeimitarbeiter schwer verletzt. Wie die Polizei am Sonntag mitteilte, war der Mann, ein Angestellter des Zentralen Objektschutzes, [&hellip;]<\/p>\n","protected":false},"author":3,"featured_media":39797,"comment_status":"open","ping_status":"open","sticky":false,"template":"","format":"standard","meta":{"_yoast_indexnow_last_ping":["1688920915"],"wp_automatic_camp":["217"],"8663d99c7df6066079069041a3e7922f":["Berlin: Polizeimitarbeiter von Fassadenteil niedergeschlagen"],"original_link":["https:\/\/de.rt.com\/inland\/174798-berlin-polizeimitarbeiter-von-fassadenteil-niedergeschlagen\/"],"_thumbnail_id":["39797"],"_wptgpro_p2tg_sent2tg":["a:1:{i:23737;s:19:\"2023-07-09 18:42:55\";}"],"jnews_social_counter_last_update":["1777524274"]},"categories":[19,23],"tags":[943,46551,46552,46550,50],"yoast_head":"<!-- This site is optimized with the Yoast SEO Premium plugin v22.7 (Yoast SEO v22.7) - https:\/\/yoast.com\/wordpress\/plugins\/seo\/ -->\n<title>Berlin: Polizeimitarbeiter von Fassadenteil niedergeschlagen - just-now.NEWS Deutschland<\/title>\n<meta name=\"robots\" content=\"index, follow, max-snippet:-1, max-image-preview:large, max-video-preview:-1\" \/>\n<link rel=\"canonical\" href=\"https:\/\/now-news.de\/de\/deutschland\/berlin-polizeimitarbeiter-von-fassadenteil-niedergeschlagen\/\" \/>\n<meta property=\"og:locale\" content=\"de_DE\" \/>\n<meta property=\"og:type\" content=\"article\" \/>\n<meta property=\"og:title\" content=\"Berlin: Polizeimitarbeiter von Fassadenteil niedergeschlagen\" \/>\n<meta property=\"og:description\" content=\"In Berlin wurde ein 63-j\u00e4hriger Polizeimitarbeiter schwer verletzt, als ihn am Samstagabend in der Friedrichstra\u00dfe ein herabfallendes Fassadenteil am Kopf traf. Ein Abschnitt der Stra\u00dfe ist nun wegen Einsturzgefahr gesperrt. In Berlin hat ein herabfallendes Fassadenteil einen 63-j\u00e4hrigen Polizeimitarbeiter schwer verletzt. Wie die Polizei am Sonntag mitteilte, war der Mann, ein Angestellter des Zentralen Objektschutzes, [&hellip;]\" \/>\n<meta property=\"og:url\" content=\"https:\/\/now-news.de\/de\/deutschland\/berlin-polizeimitarbeiter-von-fassadenteil-niedergeschlagen\/\" \/>\n<meta property=\"og:site_name\" content=\"just-now.NEWS Deutschland\" \/>\n<meta property=\"article:publisher\" content=\"https:\/\/www.facebook.com\/wirmachenauf\" \/>\n<meta property=\"article:published_time\" content=\"2023-07-09T16:18:06+00:00\" \/>\n<meta property=\"og:image\" content=\"https:\/\/now-news.de\/de\/wp-content\/uploads\/sites\/3\/2023\/07\/Berlin-Polizeimitarbeiter-von-Fassadenteil-niedergeschlagen.jpg\" \/>\n\t<meta property=\"og:image:width\" content=\"460\" \/>\n\t<meta property=\"og:image:height\" content=\"259\" \/>\n\t<meta property=\"og:image:type\" content=\"image\/jpeg\" \/>\n<meta name=\"author\" content=\"rtnews\" \/>\n<meta name=\"twitter:card\" content=\"summary_large_image\" \/>\n<meta name=\"twitter:creator\" content=\"@WirMachenAuf_de\" \/>\n<meta name=\"twitter:site\" content=\"@WirMachenAuf_de\" \/>\n<meta name=\"twitter:label1\" content=\"Verfasst von\" \/>\n\t<meta name=\"twitter:data1\" content=\"rtnews\" \/>\n\t<meta name=\"twitter:label2\" content=\"Gesch\u00e4tzte Lesezeit\" \/>\n\t<meta name=\"twitter:data2\" content=\"1\u00a0Minute\" \/>\n<script type=\"application\/ld+json\" class=\"yoast-schema-graph\">{\"@context\":\"https:\/\/schema.org\",\"@graph\":[{\"@type\":\"Article\",\"@id\":\"https:\/\/now-news.de\/de\/deutschland\/berlin-polizeimitarbeiter-von-fassadenteil-niedergeschlagen\/#article\",\"isPartOf\":{\"@id\":\"https:\/\/now-news.de\/de\/deutschland\/berlin-polizeimitarbeiter-von-fassadenteil-niedergeschlagen\/\"},\"author\":{\"name\":\"rtnews\",\"@id\":\"https:\/\/now-news.de\/de\/#\/schema\/person\/fb534a4e865501d8b3285208df34a9b5\"},\"headline\":\"Berlin: Polizeimitarbeiter von Fassadenteil niedergeschlagen\",\"datePublished\":\"2023-07-09T16:18:06+00:00\",\"dateModified\":\"2023-07-09T16:18:06+00:00\",\"mainEntityOfPage\":{\"@id\":\"https:\/\/now-news.de\/de\/deutschland\/berlin-polizeimitarbeiter-von-fassadenteil-niedergeschlagen\/\"},\"wordCount\":290,\"commentCount\":0,\"publisher\":{\"@id\":\"https:\/\/now-news.de\/de\/#organization\"},\"image\":{\"@id\":\"https:\/\/now-news.de\/de\/deutschland\/berlin-polizeimitarbeiter-von-fassadenteil-niedergeschlagen\/#primaryimage\"},\"thumbnailUrl\":\"https:\/\/now-news.de\/de\/wp-content\/uploads\/sites\/3\/2023\/07\/Berlin-Polizeimitarbeiter-von-Fassadenteil-niedergeschlagen.jpg\",\"keywords\":[\"Berlin\",\"Fassadenteil\",\"niedergeschlagen\",\"Polizeimitarbeiter\",\"von\"],\"articleSection\":[\"Deutschland\",\"Russland\"],\"inLanguage\":\"de\",\"potentialAction\":[{\"@type\":\"CommentAction\",\"name\":\"Comment\",\"target\":[\"https:\/\/now-news.de\/de\/deutschland\/berlin-polizeimitarbeiter-von-fassadenteil-niedergeschlagen\/#respond\"]}]},{\"@type\":\"WebPage\",\"@id\":\"https:\/\/now-news.de\/de\/deutschland\/berlin-polizeimitarbeiter-von-fassadenteil-niedergeschlagen\/\",\"url\":\"https:\/\/now-news.de\/de\/deutschland\/berlin-polizeimitarbeiter-von-fassadenteil-niedergeschlagen\/\",\"name\":\"Berlin: Polizeimitarbeiter von Fassadenteil niedergeschlagen - just-now.NEWS Deutschland\",\"isPartOf\":{\"@id\":\"https:\/\/now-news.de\/de\/#website\"},\"primaryImageOfPage\":{\"@id\":\"https:\/\/now-news.de\/de\/deutschland\/berlin-polizeimitarbeiter-von-fassadenteil-niedergeschlagen\/#primaryimage\"},\"image\":{\"@id\":\"https:\/\/now-news.de\/de\/deutschland\/berlin-polizeimitarbeiter-von-fassadenteil-niedergeschlagen\/#primaryimage\"},\"thumbnailUrl\":\"https:\/\/now-news.de\/de\/wp-content\/uploads\/sites\/3\/2023\/07\/Berlin-Polizeimitarbeiter-von-Fassadenteil-niedergeschlagen.jpg\",\"datePublished\":\"2023-07-09T16:18:06+00:00\",\"dateModified\":\"2023-07-09T16:18:06+00:00\",\"breadcrumb\":{\"@id\":\"https:\/\/now-news.de\/de\/deutschland\/berlin-polizeimitarbeiter-von-fassadenteil-niedergeschlagen\/#breadcrumb\"},\"inLanguage\":\"de\",\"potentialAction\":[{\"@type\":\"ReadAction\",\"target\":[\"https:\/\/now-news.de\/de\/deutschland\/berlin-polizeimitarbeiter-von-fassadenteil-niedergeschlagen\/\"]}]},{\"@type\":\"ImageObject\",\"inLanguage\":\"de\",\"@id\":\"https:\/\/now-news.de\/de\/deutschland\/berlin-polizeimitarbeiter-von-fassadenteil-niedergeschlagen\/#primaryimage\",\"url\":\"https:\/\/now-news.de\/de\/wp-content\/uploads\/sites\/3\/2023\/07\/Berlin-Polizeimitarbeiter-von-Fassadenteil-niedergeschlagen.jpg\",\"contentUrl\":\"https:\/\/now-news.de\/de\/wp-content\/uploads\/sites\/3\/2023\/07\/Berlin-Polizeimitarbeiter-von-Fassadenteil-niedergeschlagen.jpg\",\"width\":460,\"height\":259,\"caption\":\"Berlin: Polizeimitarbeiter von Fassadenteil niedergeschlagen\"},{\"@type\":\"BreadcrumbList\",\"@id\":\"https:\/\/now-news.de\/de\/deutschland\/berlin-polizeimitarbeiter-von-fassadenteil-niedergeschlagen\/#breadcrumb\",\"itemListElement\":[{\"@type\":\"ListItem\",\"position\":1,\"name\":\"Home\",\"item\":\"https:\/\/now-news.de\/de\/\"},{\"@type\":\"ListItem\",\"position\":2,\"name\":\"Berlin: Polizeimitarbeiter von Fassadenteil niedergeschlagen\"}]},{\"@type\":\"WebSite\",\"@id\":\"https:\/\/now-news.de\/de\/#website\",\"url\":\"https:\/\/now-news.de\/de\/\",\"name\":\"just-now.NEWS Deutschland\",\"description\":\"Das Portal f\u00fcr unzensierte Nachrichten aus der Welt\",\"publisher\":{\"@id\":\"https:\/\/now-news.de\/de\/#organization\"},\"potentialAction\":[{\"@type\":\"SearchAction\",\"target\":{\"@type\":\"EntryPoint\",\"urlTemplate\":\"https:\/\/now-news.de\/de\/?s={search_term_string}\"},\"query-input\":\"required name=search_term_string\"}],\"inLanguage\":\"de\"},{\"@type\":\"Organization\",\"@id\":\"https:\/\/now-news.de\/de\/#organization\",\"name\":\"Just Now News\",\"url\":\"https:\/\/now-news.de\/de\/\",\"logo\":{\"@type\":\"ImageObject\",\"inLanguage\":\"de\",\"@id\":\"https:\/\/now-news.de\/de\/#\/schema\/logo\/image\/\",\"url\":\"http:\/\/just-now.news\/de\/wp-content\/uploads\/sites\/3\/2022\/04\/logo500x500.jpg\",\"contentUrl\":\"http:\/\/just-now.news\/de\/wp-content\/uploads\/sites\/3\/2022\/04\/logo500x500.jpg\",\"width\":500,\"height\":500,\"caption\":\"Just Now News\"},\"image\":{\"@id\":\"https:\/\/now-news.de\/de\/#\/schema\/logo\/image\/\"},\"sameAs\":[\"https:\/\/www.facebook.com\/wirmachenauf\",\"https:\/\/x.com\/WirMachenAuf_de\"]},{\"@type\":\"Person\",\"@id\":\"https:\/\/now-news.de\/de\/#\/schema\/person\/fb534a4e865501d8b3285208df34a9b5\",\"name\":\"rtnews\",\"image\":{\"@type\":\"ImageObject\",\"inLanguage\":\"de\",\"@id\":\"https:\/\/now-news.de\/de\/#\/schema\/person\/image\/\",\"url\":\"https:\/\/secure.gravatar.com\/avatar\/82aafea7d8127119dd649515f56e2117?s=96&d=mm&r=g\",\"contentUrl\":\"https:\/\/secure.gravatar.com\/avatar\/82aafea7d8127119dd649515f56e2117?s=96&d=mm&r=g\",\"caption\":\"rtnews\"},\"url\":\"https:\/\/now-news.de\/de\/author\/rnews\/\"}]}<\/script>\n<!-- \/ Yoast SEO Premium plugin. -->","yoast_head_json":{"title":"Berlin: Polizeimitarbeiter von Fassadenteil niedergeschlagen - just-now.NEWS Deutschland","robots":{"index":"index","follow":"follow","max-snippet":"max-snippet:-1","max-image-preview":"max-image-preview:large","max-video-preview":"max-video-preview:-1"},"canonical":"https:\/\/now-news.de\/de\/deutschland\/berlin-polizeimitarbeiter-von-fassadenteil-niedergeschlagen\/","og_locale":"de_DE","og_type":"article","og_title":"Berlin: Polizeimitarbeiter von Fassadenteil niedergeschlagen","og_description":"In Berlin wurde ein 63-j\u00e4hriger Polizeimitarbeiter schwer verletzt, als ihn am Samstagabend in der Friedrichstra\u00dfe ein herabfallendes Fassadenteil am Kopf traf. Ein Abschnitt der Stra\u00dfe ist nun wegen Einsturzgefahr gesperrt. In Berlin hat ein herabfallendes Fassadenteil einen 63-j\u00e4hrigen Polizeimitarbeiter schwer verletzt. Wie die Polizei am Sonntag mitteilte, war der Mann, ein Angestellter des Zentralen Objektschutzes, [&hellip;]","og_url":"https:\/\/now-news.de\/de\/deutschland\/berlin-polizeimitarbeiter-von-fassadenteil-niedergeschlagen\/","og_site_name":"just-now.NEWS Deutschland","article_publisher":"https:\/\/www.facebook.com\/wirmachenauf","article_published_time":"2023-07-09T16:18:06+00:00","og_image":[{"width":460,"height":259,"url":"https:\/\/now-news.de\/de\/wp-content\/uploads\/sites\/3\/2023\/07\/Berlin-Polizeimitarbeiter-von-Fassadenteil-niedergeschlagen.jpg","type":"image\/jpeg"}],"author":"rtnews","twitter_card":"summary_large_image","twitter_creator":"@WirMachenAuf_de","twitter_site":"@WirMachenAuf_de","twitter_misc":{"Verfasst von":"rtnews","Gesch\u00e4tzte Lesezeit":"1\u00a0Minute"},"schema":{"@context":"https:\/\/schema.org","@graph":[{"@type":"Article","@id":"https:\/\/now-news.de\/de\/deutschland\/berlin-polizeimitarbeiter-von-fassadenteil-niedergeschlagen\/#article","isPartOf":{"@id":"https:\/\/now-news.de\/de\/deutschland\/berlin-polizeimitarbeiter-von-fassadenteil-niedergeschlagen\/"},"author":{"name":"rtnews","@id":"https:\/\/now-news.de\/de\/#\/schema\/person\/fb534a4e865501d8b3285208df34a9b5"},"headline":"Berlin: Polizeimitarbeiter von Fassadenteil niedergeschlagen","datePublished":"2023-07-09T16:18:06+00:00","dateModified":"2023-07-09T16:18:06+00:00","mainEntityOfPage":{"@id":"https:\/\/now-news.de\/de\/deutschland\/berlin-polizeimitarbeiter-von-fassadenteil-niedergeschlagen\/"},"wordCount":290,"commentCount":0,"publisher":{"@id":"https:\/\/now-news.de\/de\/#organization"},"image":{"@id":"https:\/\/now-news.de\/de\/deutschland\/berlin-polizeimitarbeiter-von-fassadenteil-niedergeschlagen\/#primaryimage"},"thumbnailUrl":"https:\/\/now-news.de\/de\/wp-content\/uploads\/sites\/3\/2023\/07\/Berlin-Polizeimitarbeiter-von-Fassadenteil-niedergeschlagen.jpg","keywords":["Berlin","Fassadenteil","niedergeschlagen","Polizeimitarbeiter","von"],"articleSection":["Deutschland","Russland"],"inLanguage":"de","potentialAction":[{"@type":"CommentAction","name":"Comment","target":["https:\/\/now-news.de\/de\/deutschland\/berlin-polizeimitarbeiter-von-fassadenteil-niedergeschlagen\/#respond"]}]},{"@type":"WebPage","@id":"https:\/\/now-news.de\/de\/deutschland\/berlin-polizeimitarbeiter-von-fassadenteil-niedergeschlagen\/","url":"https:\/\/now-news.de\/de\/deutschland\/berlin-polizeimitarbeiter-von-fassadenteil-niedergeschlagen\/","name":"Berlin: Polizeimitarbeiter von Fassadenteil niedergeschlagen - just-now.NEWS Deutschland","isPartOf":{"@id":"https:\/\/now-news.de\/de\/#website"},"primaryImageOfPage":{"@id":"https:\/\/now-news.de\/de\/deutschland\/berlin-polizeimitarbeiter-von-fassadenteil-niedergeschlagen\/#primaryimage"},"image":{"@id":"https:\/\/now-news.de\/de\/deutschland\/berlin-polizeimitarbeiter-von-fassadenteil-niedergeschlagen\/#primaryimage"},"thumbnailUrl":"https:\/\/now-news.de\/de\/wp-content\/uploads\/sites\/3\/2023\/07\/Berlin-Polizeimitarbeiter-von-Fassadenteil-niedergeschlagen.jpg","datePublished":"2023-07-09T16:18:06+00:00","dateModified":"2023-07-09T16:18:06+00:00","breadcrumb":{"@id":"https:\/\/now-news.de\/de\/deutschland\/berlin-polizeimitarbeiter-von-fassadenteil-niedergeschlagen\/#breadcrumb"},"inLanguage":"de","potentialAction":[{"@type":"ReadAction","target":["https:\/\/now-news.de\/de\/deutschland\/berlin-polizeimitarbeiter-von-fassadenteil-niedergeschlagen\/"]}]},{"@type":"ImageObject","inLanguage":"de","@id":"https:\/\/now-news.de\/de\/deutschland\/berlin-polizeimitarbeiter-von-fassadenteil-niedergeschlagen\/#primaryimage","url":"https:\/\/now-news.de\/de\/wp-content\/uploads\/sites\/3\/2023\/07\/Berlin-Polizeimitarbeiter-von-Fassadenteil-niedergeschlagen.jpg","contentUrl":"https:\/\/now-news.de\/de\/wp-content\/uploads\/sites\/3\/2023\/07\/Berlin-Polizeimitarbeiter-von-Fassadenteil-niedergeschlagen.jpg","width":460,"height":259,"caption":"Berlin: Polizeimitarbeiter von Fassadenteil niedergeschlagen"},{"@type":"BreadcrumbList","@id":"https:\/\/now-news.de\/de\/deutschland\/berlin-polizeimitarbeiter-von-fassadenteil-niedergeschlagen\/#breadcrumb","itemListElement":[{"@type":"ListItem","position":1,"name":"Home","item":"https:\/\/now-news.de\/de\/"},{"@type":"ListItem","position":2,"name":"Berlin: Polizeimitarbeiter von Fassadenteil niedergeschlagen"}]},{"@type":"WebSite","@id":"https:\/\/now-news.de\/de\/#website","url":"https:\/\/now-news.de\/de\/","name":"just-now.NEWS Deutschland","description":"Das Portal f\u00fcr unzensierte Nachrichten aus der Welt","publisher":{"@id":"https:\/\/now-news.de\/de\/#organization"},"potentialAction":[{"@type":"SearchAction","target":{"@type":"EntryPoint","urlTemplate":"https:\/\/now-news.de\/de\/?s={search_term_string}"},"query-input":"required name=search_term_string"}],"inLanguage":"de"},{"@type":"Organization","@id":"https:\/\/now-news.de\/de\/#organization","name":"Just Now News","url":"https:\/\/now-news.de\/de\/","logo":{"@type":"ImageObject","inLanguage":"de","@id":"https:\/\/now-news.de\/de\/#\/schema\/logo\/image\/","url":"http:\/\/just-now.news\/de\/wp-content\/uploads\/sites\/3\/2022\/04\/logo500x500.jpg","contentUrl":"http:\/\/just-now.news\/de\/wp-content\/uploads\/sites\/3\/2022\/04\/logo500x500.jpg","width":500,"height":500,"caption":"Just Now News"},"image":{"@id":"https:\/\/now-news.de\/de\/#\/schema\/logo\/image\/"},"sameAs":["https:\/\/www.facebook.com\/wirmachenauf","https:\/\/x.com\/WirMachenAuf_de"]},{"@type":"Person","@id":"https:\/\/now-news.de\/de\/#\/schema\/person\/fb534a4e865501d8b3285208df34a9b5","name":"rtnews","image":{"@type":"ImageObject","inLanguage":"de","@id":"https:\/\/now-news.de\/de\/#\/schema\/person\/image\/","url":"https:\/\/secure.gravatar.com\/avatar\/82aafea7d8127119dd649515f56e2117?s=96&d=mm&r=g","contentUrl":"https:\/\/secure.gravatar.com\/avatar\/82aafea7d8127119dd649515f56e2117?s=96&d=mm&r=g","caption":"rtnews"},"url":"https:\/\/now-news.de\/de\/author\/rnews\/"}]}},"_links":{"self":[{"href":"https:\/\/now-news.de\/de\/wp-json\/wp\/v2\/posts\/39796"}],"collection":[{"href":"https:\/\/now-news.de\/de\/wp-json\/wp\/v2\/posts"}],"about":[{"href":"https:\/\/now-news.de\/de\/wp-json\/wp\/v2\/types\/post"}],"author":[{"embeddable":true,"href":"https:\/\/now-news.de\/de\/wp-json\/wp\/v2\/users\/3"}],"replies":[{"embeddable":true,"href":"https:\/\/now-news.de\/de\/wp-json\/wp\/v2\/comments?post=39796"}],"version-history":[{"count":0,"href":"https:\/\/now-news.de\/de\/wp-json\/wp\/v2\/posts\/39796\/revisions"}],"wp:featuredmedia":[{"embeddable":true,"href":"https:\/\/now-news.de\/de\/wp-json\/wp\/v2\/media\/39797"}],"wp:attachment":[{"href":"https:\/\/now-news.de\/de\/wp-json\/wp\/v2\/media?parent=39796"}],"wp:term":[{"taxonomy":"category","embeddable":true,"href":"https:\/\/now-news.de\/de\/wp-json\/wp\/v2\/categories?post=39796"},{"taxonomy":"post_tag","embeddable":true,"href":"https:\/\/now-news.de\/de\/wp-json\/wp\/v2\/tags?post=39796"}],"curies":[{"name":"wp","href":"https:\/\/api.w.org\/{rel}","templated":true}]}}