{"id":39790,"date":"2023-07-09T17:52:58","date_gmt":"2023-07-09T15:52:58","guid":{"rendered":"https:\/\/just-now.news\/de\/deutschland\/man-beachte-was-nato-chef-stoltenberg-in-seiner-juengsten-ansprache-nicht-erwaehnt-hat\/"},"modified":"2023-07-09T17:52:58","modified_gmt":"2023-07-09T15:52:58","slug":"man-beachte-was-nato-chef-stoltenberg-in-seiner-juengsten-ansprache-nicht-erwaehnt-hat","status":"publish","type":"post","link":"https:\/\/now-news.de\/de\/deutschland\/man-beachte-was-nato-chef-stoltenberg-in-seiner-juengsten-ansprache-nicht-erwaehnt-hat\/","title":{"rendered":"Man beachte, was NATO-Chef Stoltenberg in seiner j\u00fcngsten Ansprache nicht erw\u00e4hnt hat"},"content":{"rendered":"<p><img decoding=\"async\" src=\"http:\/\/just-now.news\/de\/wp-content\/uploads\/sites\/3\/2023\/07\/64aa5994b480cc6043186f3b.jpg\" \/><\/p>\n<div class=\"Text-root Text-type_1 \">\n                Es gibt es keine Garantie daf\u00fcr, dass die USA die Waffenlieferungen an die Ukraine unterbrechen werden. Die nachfolgende Analyse weist jedoch darauf hin, dass Stoltenberg in seiner\u00a0j\u00fcngsten Ansprache auff\u00e4llig vers\u00e4umt hat, Waffenlieferungen zu erw\u00e4hnen, wor\u00fcber man unbedingt nachdenken muss.\n            <\/div>\n<p><\/p>\n<div class=\"Text-root Text-type_5 ArticleView-text ViewText-root \">\n<p><em>Von Andrew Korybko<\/em><\/p>\n<p><strong><\/strong>Alle Augen sind derzeit auf die NATO gerichtet, die kommende Woche in Vilnius zu einem Gipfeltreffen zusammenkommt, und Beobachter fragen sich, ob es dabei zu bahnbrechenden Entwicklungen in den Beziehungen des B\u00fcndnisses mit der Ukraine kommen wird. Generalsekret\u00e4r Jens Stoltenberg gab am Freitag einen Ausblick auf die Veranstaltung und teilte mit, was seiner Meinung nach zwischen den Mitgliedern der Allianz zur Sprache kommen wird. Dabei handelt es sich jedoch nicht wirklich um etwas \u00dcberraschendes, wie man seinen Worten entnehmen kann, die auf der offiziellen Website der NATO <a rel=\"nofollow noopener\" target=\"_blank\" href=\"https:\/\/www.nato.int\/cps\/en\/natohq\/opinions_216939.htm?selectedLocale=en\">transkribiert wurden<\/a>:<\/p>\n<blockquote>\n<p><em>&#8220;Ich gehe davon aus, dass sich die Staats- und Regierungschefs der Allianz auf ein Paket mit drei Elementen einigen werden, um die Ukraine n\u00e4her an die NATO heranzuf\u00fchren. Zun\u00e4chst vereinbaren wir ein mehrj\u00e4hriges Hilfsprogramm zur Gew\u00e4hrleistung der vollst\u00e4ndigen Interoperabilit\u00e4t zwischen den ukrainischen Streitkr\u00e4ften und der NATO. Zweitens werden wir unsere politischen Beziehungen vertiefen, durch die Gr\u00fcndung des NATO-Ukraine-Rates. Und drittens gehe ich davon aus, dass die Staatschefs der Allianz bekr\u00e4ftigen werden, dass die Ukraine Mitglied der NATO werden wird und [dass sie] gemeinsam daran arbeiten werden, die Ukraine diesem Ziel n\u00e4herzubringen.&#8221;<\/em><\/p>\n<\/blockquote>\n<p>Der mehrj\u00e4hrige Hilfsplan ist de facto schon seit einiger Zeit in Kraft, daher ist dieser Teil seiner j\u00fcngsten Ansprache nur eine Best\u00e4tigung daf\u00fcr, dass er auf unbestimmte Zeit in Kraft bleiben wird. Was den NATO-Ukraine-Rat anbelangt, so stellt dies lediglich die Institutionalisierung der Beziehung zur Ukraine seit Beginn der russischen Sonderoperation dar und ist somit ebenfalls nichts Neues. Und schlie\u00dflich ist der letzte Teil des Pakets, den Stoltenberg vorhersagt, lediglich eine politische \u2013 wenn auch provokative \u2013 Erkl\u00e4rung.<\/p>\n<p>Unter diesen Umst\u00e4nden wird dieses voraussichtliche Ergebnis die ukrainische F\u00fchrung in Kiew wahrscheinlich entt\u00e4uschen, die unrealistisch gro\u00dfe Hoffnungen auf bahnbrechende Entwicklungen in den Beziehungen zur NATO gesetzt hatte. Man h\u00e4tte dies jedoch vorhersehen k\u00f6nnen, da es innerhalb der Allianz nie eine glaubw\u00fcrdige Chance gab, einen Konsens \u00fcber die formelle Mitgliedschaft dieser ehemaligen Sowjetrepublik zu erzielen. Man k\u00f6nnte sich in Kiew hingegen gro\u00dfe Sorgen machen, wenn man noch einmal nachlesen w\u00fcrde, was Stoltenberg gesagt hat, und bemerken, dass er auff\u00e4llig etwas nicht gesagt hat.<\/p>\n<p>Das Festhalten an der &#8220;vollst\u00e4ndigen Interoperabilit\u00e4t&#8221; zwischen der NATO und der Ukraine, die Institutionalisierung ihrer neu gewonnenen Beziehungen und die Wiederholung einer politischen Erkl\u00e4rung \u00fcber eine k\u00fcnftige Mitgliedschaft garantieren nicht, dass das Tempo, das Ausma\u00df und der Umfang der Waffenlieferungen f\u00fcr Kiew beibehalten wird. Das Scheitern der von der NATO unterst\u00fctzten Gegenoffensive der Ukraine f\u00fchrte offenbar dazu, dass es der Allianz sauer aufzusto\u00dfen beginnt, dass sie ihren ukrainischen Stellvertreter im Krieg gegen Russland dauerhaft unterst\u00fctzen muss, auf Kosten der eigenen nationalen Sicherheits- und Verteidigungsbed\u00fcrfnisse.<\/p>\n<p>H\u00e4tte die Ukraine im Vorfeld des Gipfels beeindruckende Erfolge auf dem Schlachtfeld erzielen k\u00f6nnen, dann h\u00e4tte Stoltenberg unmissverst\u00e4ndlich versprochen, dass das Tempo, das Ausma\u00df und der Umfang der Waffenlieferungen f\u00fcr Kiew bis zum &#8220;endg\u00fcltigen Sieg&#8221; fortgesetzt werden, um den Schwung aufrechtzuerhalten. Stattdessen muss sich die F\u00fchrung der Ukraine nun mit oberfl\u00e4chlichen politischen Zusagen tr\u00f6sten und dies dem eigenen Volk irgendwie so vermitteln, dass es den Anschein tr\u00e4gt, dass sich die Opfer der vergangenen 17 Monate gelohnt h\u00e4tten.<\/p>\n<p>Selenskij und seine Clique k\u00f6nnten auch das Gef\u00fchl bekommen, dass die NATO indirekt ihre Bereitschaft signalisiert, sich st\u00e4rker auf den asiatisch-pazifischen Raum zu konzentrieren, was m\u00f6glicherweise auf Kosten der Interessen der Ukraine geht, nachdem Stoltenberg in derselben Ansprache angek\u00fcndigt hatte, dass &#8220;die Staatschefs von Australien, Neuseeland, Japan und S\u00fcdkorea zu uns sto\u00dfen werden&#8221;. Diese Mitglieder der Gruppierung AUKUS+ und zugleich De-facto-Mitglieder der NATO sind bereit, im asiatisch-pazifischen Raum an der Eind\u00e4mmung Chinas teilzunehmen, was nach dem Ende des Stellvertreterkriegs mit Russland <a rel=\"nofollow noopener\" target=\"_blank\" href=\"https:\/\/russiancouncil.ru\/en\/analytics-and-comments\/columns\/military-and-security\/why-did-u-s-prioritize-containing-russia-over-china\/\">Priorit\u00e4t haben soll<\/a>.<\/p>\n<p>Zum letztgenannten Szenario: Pr\u00e4sident Putin, Au\u00dfenminister Lawrow und der ehemalige stellvertretende Pr\u00e4sident des Sicherheitsrates, Medwedew, sagten k\u00fcrzlich, dass der Krieg in der Ukraine sofort enden k\u00f6nnte, wenn die NATO die Waffenlieferungen an Kiew beendet. Auch wenn es verfr\u00fcht ist, vorherzusagen, ob dies trotz des Scheiterns der Gegenoffensive in absehbarer Zeit geschehen wird, ist es erw\u00e4hnenswert, dass der wei\u00dfrussische Pr\u00e4sident Alexander Lukaschenko vergangenen Donnerstag vorhergesagt hat, dass Friedensgespr\u00e4che zwischen Moskau und Kiew im Herbst <a rel=\"nofollow noopener\" target=\"_blank\" href=\"https:\/\/interfax.com\/newsroom\/top-stories\/92260\/\">wieder aufgenommen<\/a> werden k\u00f6nnten.<\/p>\n<p>Lukaschenko sagt manchmal Dinge, die im Widerspruch zur russischen Politik stehen und die daher gelegentlich vom Sprecher des Kreml, Dmitri Peskow, \u00f6ffentlich dementiert werden m\u00fcssen, etwa als Lukaschenko <a rel=\"nofollow noopener\" target=\"_blank\" href=\"https:\/\/www.rt.com\/russia\/578013-lukashenko-draft-truce-crimea\/\">behauptete<\/a>, dass der Vertragsentwurf vom Fr\u00fchjahr 2022 auch Einzelheiten \u00fcber ein &#8220;Leasing&#8221; der Krim von Kiew durch Moskau enthielt. Aber in den meisten F\u00e4llen ist er ziemlich zuverl\u00e4ssig. Der &#8220;Wettlauf der Logistik&#8221; und der &#8220;Zerm\u00fcrbungskrieg&#8221;, den Stoltenberg Mitte Februar einr\u00e4umte, scheint einen Tribut von der NATO zu fordern, wie er in seiner j\u00fcngsten Ansprache andeutete, indem er die Fortsetzung der Waffenlieferungen f\u00fcr Kiew einfach nicht erw\u00e4hnte.<\/p>\n<p>Dies k\u00f6nnte auch erkl\u00e4ren, weshalb Pr\u00e4sident Putin, Lawrow und Medwedew \u00fcber ein m\u00f6gliches Einfrieren des Konflikts nach der Wiederaufnahme von Friedensverhandlungen sprachen, die stattfinden k\u00f6nnten, sobald die NATO die Waffenlieferungen unterbricht. Somit k\u00f6nnte man Stoltenbergs auff\u00e4lliges Vers\u00e4umnis in den Kontext von Lukaschenkos Vorhersage stellen. Die Ank\u00fcndigung des NATO-Chefs, dass die asiatisch-pazifischen Mitglieder der AUKUS+ am Gipfeltreffen in der kommenden Woche teilnehmen werden, k\u00f6nnte ebenfalls ein Signal daf\u00fcr sein, dass man sich darauf vorbereitet, den Stellvertreterkrieg gegen Russland zu beenden, um der Eind\u00e4mmung Chinas den Vorrang zu geben.<\/p>\n<p>Um es deutlich zu sagen und damit diese Analyse nicht falsch interpretiert wird: Es gibt keine Garantie daf\u00fcr, dass die USA die Waffenlieferungen an die Ukraine beenden, die Friedensgespr\u00e4che wieder aufgenommen werden und der Konflikt erfolgreich eingefroren wird. Die vorliegende Analyse weist lediglich darauf hin, dass Stoltenbergs j\u00fcngste Ansprache nichts Neues in Bezug auf die Beziehungen zu Kiew beinhaltete, dass er es auff\u00e4llig vers\u00e4umte, Waffenlieferungen zu erw\u00e4hnen, und dass seltsamerweise Verb\u00fcndete aus dem asiatisch-pazifischen Raum zum Gipfeltreffen eingeladen worden sind \u2013 wor\u00fcber man unbedingt nachdenken muss.<\/p>\n<p>Es kann immer noch alles passieren, um den oben beschriebenen Verlauf der Ereignisse zur Makulatur zu machen, wie zum Beispiel, dass Kiew eine Provokation unter falscher Flagge beim Kernkraftwerk Saporoschje durchf\u00fchrt. Aber bisher scheint sich aus den dargelegten Gr\u00fcnden tats\u00e4chlich alles in die oben beschriebene Richtung zu entwickeln. Ohne das erw\u00e4hnte Szenario beim Kernkraftwerk oder \u00e4hnliches und unter der Annahme, dass die von der NATO unterst\u00fctzte Gegenoffensive weiterhin scheitert, besteht daher eine reale M\u00f6glichkeit, dass Lukaschenkos Vorhersage eintreffen wird.<\/p>\n<p><strong>Mehr zum Thema <\/strong>\u2013 <a rel=\"nofollow noopener\" target=\"_blank\" href=\"https:\/\/freeassange.rtde.life\/international\/174427-medienbericht-biden-will-von-der-leyen-als-nato-generalsekretaerin\/\">Medienbericht: Biden will von der Leyen als NATO-Generalsekret\u00e4rin<\/a><\/p>\n<div class=\"EmbedBlock-root EmbedBlock-externalVideo EmbedBlock-odysee\">\n<div class=\"VkEmbed\"><iframe class=\"lazyload\" data-src=\"https:\/\/odysee.com\/%24\/embed\/%40RTDE%3Ae%2FHerr_Pr%C3%A4sident_warum_jetzt_Streumunition_Biden_antwortet_unverbl%C3%BChmt%3A9\" frameborder=\"0\" width=\"853\" height=\"480\" allowfullscreen><\/iframe><\/div>\n<\/div>\n<p><em>Aus dem <a rel=\"nofollow noopener\" target=\"_blank\" href=\"https:\/\/korybko.substack.com\/p\/pay-attention-to-what-nato-chief\">Englischen<\/a>.<\/em><\/p>\n<p><em>Andrew Korybko ist ein in Moskau ans\u00e4ssiger amerikanischer Politologe, der sich auf die US-Strategie in Afrika und Eurasien spezialisiert hat sowie auf Chinas Belt &amp; Road-Initiative, Russlands geopolitischem Balanceakt und hybrider Kriegsf\u00fchrung.<\/em><\/p>\n<\/p>\n<\/div>\n<p><br \/>\n<br \/><a href=\"https:\/\/de.rt.com\/international\/174750-man-beachte-was-nato-chef-stoltenberg-in-seiner-juengsten-ansprache-nicht-erwaehnt-hat\/\">Source link <\/a><\/p>\n","protected":false},"excerpt":{"rendered":"<p>Es gibt es keine Garantie daf\u00fcr, dass die USA die Waffenlieferungen an die Ukraine unterbrechen werden. Die nachfolgende Analyse weist jedoch darauf hin, dass Stoltenberg in seiner\u00a0j\u00fcngsten Ansprache auff\u00e4llig vers\u00e4umt hat, Waffenlieferungen zu erw\u00e4hnen, wor\u00fcber man unbedingt nachdenken muss. Von Andrew Korybko Alle Augen sind derzeit auf die NATO gerichtet, die kommende Woche in Vilnius [&hellip;]<\/p>\n","protected":false},"author":3,"featured_media":39791,"comment_status":"open","ping_status":"open","sticky":false,"template":"","format":"standard","meta":{"_yoast_indexnow_last_ping":["1688918040"],"wp_automatic_camp":["217"],"a98d7b6e494269576a728701c70a2586":["Man beachte, was NATO-Chef Stoltenberg in seiner j\u00fcngsten Ansprache nicht erw\u00e4hnt hat"],"original_link":["https:\/\/de.rt.com\/international\/174750-man-beachte-was-nato-chef-stoltenberg-in-seiner-juengsten-ansprache-nicht-erwaehnt-hat\/"],"_thumbnail_id":["39791"],"_wptgpro_p2tg_sent2tg":["a:1:{i:23737;s:19:\"2023-07-09 17:55:23\";}"],"jnews_social_counter_last_update":["1777175054"]},"categories":[19,23],"tags":[23512,46548,19719,423,22638,3676,26176,800,1607,22084],"yoast_head":"<!-- This site is optimized with the Yoast SEO Premium plugin v22.7 (Yoast SEO v22.7) - https:\/\/yoast.com\/wordpress\/plugins\/seo\/ -->\n<title>Man beachte, was NATO-Chef Stoltenberg in seiner j\u00fcngsten Ansprache nicht erw\u00e4hnt hat - just-now.NEWS Deutschland<\/title>\n<meta name=\"robots\" content=\"index, follow, max-snippet:-1, max-image-preview:large, max-video-preview:-1\" \/>\n<link rel=\"canonical\" href=\"https:\/\/now-news.de\/de\/deutschland\/man-beachte-was-nato-chef-stoltenberg-in-seiner-juengsten-ansprache-nicht-erwaehnt-hat\/\" \/>\n<meta property=\"og:locale\" content=\"de_DE\" \/>\n<meta property=\"og:type\" content=\"article\" \/>\n<meta property=\"og:title\" content=\"Man beachte, was NATO-Chef Stoltenberg in seiner j\u00fcngsten Ansprache nicht erw\u00e4hnt hat\" \/>\n<meta property=\"og:description\" content=\"Es gibt es keine Garantie daf\u00fcr, dass die USA die Waffenlieferungen an die Ukraine unterbrechen werden. Die nachfolgende Analyse weist jedoch darauf hin, dass Stoltenberg in seiner\u00a0j\u00fcngsten Ansprache auff\u00e4llig vers\u00e4umt hat, Waffenlieferungen zu erw\u00e4hnen, wor\u00fcber man unbedingt nachdenken muss. Von Andrew Korybko Alle Augen sind derzeit auf die NATO gerichtet, die kommende Woche in Vilnius [&hellip;]\" \/>\n<meta property=\"og:url\" content=\"https:\/\/now-news.de\/de\/deutschland\/man-beachte-was-nato-chef-stoltenberg-in-seiner-juengsten-ansprache-nicht-erwaehnt-hat\/\" \/>\n<meta property=\"og:site_name\" content=\"just-now.NEWS Deutschland\" \/>\n<meta property=\"article:publisher\" content=\"https:\/\/www.facebook.com\/wirmachenauf\" \/>\n<meta property=\"article:published_time\" content=\"2023-07-09T15:52:58+00:00\" \/>\n<meta property=\"og:image\" content=\"https:\/\/now-news.de\/de\/wp-content\/uploads\/sites\/3\/2023\/07\/Man-beachte-was-NATO-Chef-Stoltenberg-in-seiner-juengsten-Ansprache-nicht.jpg\" \/>\n\t<meta property=\"og:image:width\" content=\"460\" \/>\n\t<meta property=\"og:image:height\" content=\"259\" \/>\n\t<meta property=\"og:image:type\" content=\"image\/jpeg\" \/>\n<meta name=\"author\" content=\"rtnews\" \/>\n<meta name=\"twitter:card\" content=\"summary_large_image\" \/>\n<meta name=\"twitter:creator\" content=\"@WirMachenAuf_de\" \/>\n<meta name=\"twitter:site\" content=\"@WirMachenAuf_de\" \/>\n<meta name=\"twitter:label1\" content=\"Verfasst von\" \/>\n\t<meta name=\"twitter:data1\" content=\"rtnews\" \/>\n\t<meta name=\"twitter:label2\" content=\"Gesch\u00e4tzte Lesezeit\" \/>\n\t<meta name=\"twitter:data2\" content=\"6\u00a0Minuten\" \/>\n<script type=\"application\/ld+json\" class=\"yoast-schema-graph\">{\"@context\":\"https:\/\/schema.org\",\"@graph\":[{\"@type\":\"Article\",\"@id\":\"https:\/\/now-news.de\/de\/deutschland\/man-beachte-was-nato-chef-stoltenberg-in-seiner-juengsten-ansprache-nicht-erwaehnt-hat\/#article\",\"isPartOf\":{\"@id\":\"https:\/\/now-news.de\/de\/deutschland\/man-beachte-was-nato-chef-stoltenberg-in-seiner-juengsten-ansprache-nicht-erwaehnt-hat\/\"},\"author\":{\"name\":\"rtnews\",\"@id\":\"https:\/\/now-news.de\/de\/#\/schema\/person\/fb534a4e865501d8b3285208df34a9b5\"},\"headline\":\"Man beachte, was NATO-Chef Stoltenberg in seiner j\u00fcngsten Ansprache nicht erw\u00e4hnt hat\",\"datePublished\":\"2023-07-09T15:52:58+00:00\",\"dateModified\":\"2023-07-09T15:52:58+00:00\",\"mainEntityOfPage\":{\"@id\":\"https:\/\/now-news.de\/de\/deutschland\/man-beachte-was-nato-chef-stoltenberg-in-seiner-juengsten-ansprache-nicht-erwaehnt-hat\/\"},\"wordCount\":1225,\"commentCount\":0,\"publisher\":{\"@id\":\"https:\/\/now-news.de\/de\/#organization\"},\"image\":{\"@id\":\"https:\/\/now-news.de\/de\/deutschland\/man-beachte-was-nato-chef-stoltenberg-in-seiner-juengsten-ansprache-nicht-erwaehnt-hat\/#primaryimage\"},\"thumbnailUrl\":\"https:\/\/now-news.de\/de\/wp-content\/uploads\/sites\/3\/2023\/07\/Man-beachte-was-NATO-Chef-Stoltenberg-in-seiner-juengsten-Ansprache-nicht.jpg\",\"keywords\":[\"Ansprache\",\"beachte\",\"ERW\u00c4HNT\",\"hat\",\"j\u00fcngsten\",\"Man\",\"NATOChef\",\"nicht\",\"seiner\",\"Stoltenberg\"],\"articleSection\":[\"Deutschland\",\"Russland\"],\"inLanguage\":\"de\",\"potentialAction\":[{\"@type\":\"CommentAction\",\"name\":\"Comment\",\"target\":[\"https:\/\/now-news.de\/de\/deutschland\/man-beachte-was-nato-chef-stoltenberg-in-seiner-juengsten-ansprache-nicht-erwaehnt-hat\/#respond\"]}]},{\"@type\":\"WebPage\",\"@id\":\"https:\/\/now-news.de\/de\/deutschland\/man-beachte-was-nato-chef-stoltenberg-in-seiner-juengsten-ansprache-nicht-erwaehnt-hat\/\",\"url\":\"https:\/\/now-news.de\/de\/deutschland\/man-beachte-was-nato-chef-stoltenberg-in-seiner-juengsten-ansprache-nicht-erwaehnt-hat\/\",\"name\":\"Man beachte, was NATO-Chef Stoltenberg in seiner j\u00fcngsten Ansprache nicht erw\u00e4hnt hat - just-now.NEWS Deutschland\",\"isPartOf\":{\"@id\":\"https:\/\/now-news.de\/de\/#website\"},\"primaryImageOfPage\":{\"@id\":\"https:\/\/now-news.de\/de\/deutschland\/man-beachte-was-nato-chef-stoltenberg-in-seiner-juengsten-ansprache-nicht-erwaehnt-hat\/#primaryimage\"},\"image\":{\"@id\":\"https:\/\/now-news.de\/de\/deutschland\/man-beachte-was-nato-chef-stoltenberg-in-seiner-juengsten-ansprache-nicht-erwaehnt-hat\/#primaryimage\"},\"thumbnailUrl\":\"https:\/\/now-news.de\/de\/wp-content\/uploads\/sites\/3\/2023\/07\/Man-beachte-was-NATO-Chef-Stoltenberg-in-seiner-juengsten-Ansprache-nicht.jpg\",\"datePublished\":\"2023-07-09T15:52:58+00:00\",\"dateModified\":\"2023-07-09T15:52:58+00:00\",\"breadcrumb\":{\"@id\":\"https:\/\/now-news.de\/de\/deutschland\/man-beachte-was-nato-chef-stoltenberg-in-seiner-juengsten-ansprache-nicht-erwaehnt-hat\/#breadcrumb\"},\"inLanguage\":\"de\",\"potentialAction\":[{\"@type\":\"ReadAction\",\"target\":[\"https:\/\/now-news.de\/de\/deutschland\/man-beachte-was-nato-chef-stoltenberg-in-seiner-juengsten-ansprache-nicht-erwaehnt-hat\/\"]}]},{\"@type\":\"ImageObject\",\"inLanguage\":\"de\",\"@id\":\"https:\/\/now-news.de\/de\/deutschland\/man-beachte-was-nato-chef-stoltenberg-in-seiner-juengsten-ansprache-nicht-erwaehnt-hat\/#primaryimage\",\"url\":\"https:\/\/now-news.de\/de\/wp-content\/uploads\/sites\/3\/2023\/07\/Man-beachte-was-NATO-Chef-Stoltenberg-in-seiner-juengsten-Ansprache-nicht.jpg\",\"contentUrl\":\"https:\/\/now-news.de\/de\/wp-content\/uploads\/sites\/3\/2023\/07\/Man-beachte-was-NATO-Chef-Stoltenberg-in-seiner-juengsten-Ansprache-nicht.jpg\",\"width\":460,\"height\":259,\"caption\":\"Man beachte, was NATO-Chef Stoltenberg in seiner j\u00fcngsten Ansprache nicht erw\u00e4hnt hat\"},{\"@type\":\"BreadcrumbList\",\"@id\":\"https:\/\/now-news.de\/de\/deutschland\/man-beachte-was-nato-chef-stoltenberg-in-seiner-juengsten-ansprache-nicht-erwaehnt-hat\/#breadcrumb\",\"itemListElement\":[{\"@type\":\"ListItem\",\"position\":1,\"name\":\"Home\",\"item\":\"https:\/\/now-news.de\/de\/\"},{\"@type\":\"ListItem\",\"position\":2,\"name\":\"Man beachte, was NATO-Chef Stoltenberg in seiner j\u00fcngsten Ansprache nicht erw\u00e4hnt hat\"}]},{\"@type\":\"WebSite\",\"@id\":\"https:\/\/now-news.de\/de\/#website\",\"url\":\"https:\/\/now-news.de\/de\/\",\"name\":\"just-now.NEWS Deutschland\",\"description\":\"Das Portal f\u00fcr unzensierte Nachrichten aus der Welt\",\"publisher\":{\"@id\":\"https:\/\/now-news.de\/de\/#organization\"},\"potentialAction\":[{\"@type\":\"SearchAction\",\"target\":{\"@type\":\"EntryPoint\",\"urlTemplate\":\"https:\/\/now-news.de\/de\/?s={search_term_string}\"},\"query-input\":\"required name=search_term_string\"}],\"inLanguage\":\"de\"},{\"@type\":\"Organization\",\"@id\":\"https:\/\/now-news.de\/de\/#organization\",\"name\":\"Just Now News\",\"url\":\"https:\/\/now-news.de\/de\/\",\"logo\":{\"@type\":\"ImageObject\",\"inLanguage\":\"de\",\"@id\":\"https:\/\/now-news.de\/de\/#\/schema\/logo\/image\/\",\"url\":\"http:\/\/just-now.news\/de\/wp-content\/uploads\/sites\/3\/2022\/04\/logo500x500.jpg\",\"contentUrl\":\"http:\/\/just-now.news\/de\/wp-content\/uploads\/sites\/3\/2022\/04\/logo500x500.jpg\",\"width\":500,\"height\":500,\"caption\":\"Just Now News\"},\"image\":{\"@id\":\"https:\/\/now-news.de\/de\/#\/schema\/logo\/image\/\"},\"sameAs\":[\"https:\/\/www.facebook.com\/wirmachenauf\",\"https:\/\/x.com\/WirMachenAuf_de\"]},{\"@type\":\"Person\",\"@id\":\"https:\/\/now-news.de\/de\/#\/schema\/person\/fb534a4e865501d8b3285208df34a9b5\",\"name\":\"rtnews\",\"image\":{\"@type\":\"ImageObject\",\"inLanguage\":\"de\",\"@id\":\"https:\/\/now-news.de\/de\/#\/schema\/person\/image\/\",\"url\":\"https:\/\/secure.gravatar.com\/avatar\/82aafea7d8127119dd649515f56e2117?s=96&d=mm&r=g\",\"contentUrl\":\"https:\/\/secure.gravatar.com\/avatar\/82aafea7d8127119dd649515f56e2117?s=96&d=mm&r=g\",\"caption\":\"rtnews\"},\"url\":\"https:\/\/now-news.de\/de\/author\/rnews\/\"}]}<\/script>\n<!-- \/ Yoast SEO Premium plugin. -->","yoast_head_json":{"title":"Man beachte, was NATO-Chef Stoltenberg in seiner j\u00fcngsten Ansprache nicht erw\u00e4hnt hat - just-now.NEWS Deutschland","robots":{"index":"index","follow":"follow","max-snippet":"max-snippet:-1","max-image-preview":"max-image-preview:large","max-video-preview":"max-video-preview:-1"},"canonical":"https:\/\/now-news.de\/de\/deutschland\/man-beachte-was-nato-chef-stoltenberg-in-seiner-juengsten-ansprache-nicht-erwaehnt-hat\/","og_locale":"de_DE","og_type":"article","og_title":"Man beachte, was NATO-Chef Stoltenberg in seiner j\u00fcngsten Ansprache nicht erw\u00e4hnt hat","og_description":"Es gibt es keine Garantie daf\u00fcr, dass die USA die Waffenlieferungen an die Ukraine unterbrechen werden. Die nachfolgende Analyse weist jedoch darauf hin, dass Stoltenberg in seiner\u00a0j\u00fcngsten Ansprache auff\u00e4llig vers\u00e4umt hat, Waffenlieferungen zu erw\u00e4hnen, wor\u00fcber man unbedingt nachdenken muss. Von Andrew Korybko Alle Augen sind derzeit auf die NATO gerichtet, die kommende Woche in Vilnius [&hellip;]","og_url":"https:\/\/now-news.de\/de\/deutschland\/man-beachte-was-nato-chef-stoltenberg-in-seiner-juengsten-ansprache-nicht-erwaehnt-hat\/","og_site_name":"just-now.NEWS Deutschland","article_publisher":"https:\/\/www.facebook.com\/wirmachenauf","article_published_time":"2023-07-09T15:52:58+00:00","og_image":[{"width":460,"height":259,"url":"https:\/\/now-news.de\/de\/wp-content\/uploads\/sites\/3\/2023\/07\/Man-beachte-was-NATO-Chef-Stoltenberg-in-seiner-juengsten-Ansprache-nicht.jpg","type":"image\/jpeg"}],"author":"rtnews","twitter_card":"summary_large_image","twitter_creator":"@WirMachenAuf_de","twitter_site":"@WirMachenAuf_de","twitter_misc":{"Verfasst von":"rtnews","Gesch\u00e4tzte Lesezeit":"6\u00a0Minuten"},"schema":{"@context":"https:\/\/schema.org","@graph":[{"@type":"Article","@id":"https:\/\/now-news.de\/de\/deutschland\/man-beachte-was-nato-chef-stoltenberg-in-seiner-juengsten-ansprache-nicht-erwaehnt-hat\/#article","isPartOf":{"@id":"https:\/\/now-news.de\/de\/deutschland\/man-beachte-was-nato-chef-stoltenberg-in-seiner-juengsten-ansprache-nicht-erwaehnt-hat\/"},"author":{"name":"rtnews","@id":"https:\/\/now-news.de\/de\/#\/schema\/person\/fb534a4e865501d8b3285208df34a9b5"},"headline":"Man beachte, was NATO-Chef Stoltenberg in seiner j\u00fcngsten Ansprache nicht erw\u00e4hnt hat","datePublished":"2023-07-09T15:52:58+00:00","dateModified":"2023-07-09T15:52:58+00:00","mainEntityOfPage":{"@id":"https:\/\/now-news.de\/de\/deutschland\/man-beachte-was-nato-chef-stoltenberg-in-seiner-juengsten-ansprache-nicht-erwaehnt-hat\/"},"wordCount":1225,"commentCount":0,"publisher":{"@id":"https:\/\/now-news.de\/de\/#organization"},"image":{"@id":"https:\/\/now-news.de\/de\/deutschland\/man-beachte-was-nato-chef-stoltenberg-in-seiner-juengsten-ansprache-nicht-erwaehnt-hat\/#primaryimage"},"thumbnailUrl":"https:\/\/now-news.de\/de\/wp-content\/uploads\/sites\/3\/2023\/07\/Man-beachte-was-NATO-Chef-Stoltenberg-in-seiner-juengsten-Ansprache-nicht.jpg","keywords":["Ansprache","beachte","ERW\u00c4HNT","hat","j\u00fcngsten","Man","NATOChef","nicht","seiner","Stoltenberg"],"articleSection":["Deutschland","Russland"],"inLanguage":"de","potentialAction":[{"@type":"CommentAction","name":"Comment","target":["https:\/\/now-news.de\/de\/deutschland\/man-beachte-was-nato-chef-stoltenberg-in-seiner-juengsten-ansprache-nicht-erwaehnt-hat\/#respond"]}]},{"@type":"WebPage","@id":"https:\/\/now-news.de\/de\/deutschland\/man-beachte-was-nato-chef-stoltenberg-in-seiner-juengsten-ansprache-nicht-erwaehnt-hat\/","url":"https:\/\/now-news.de\/de\/deutschland\/man-beachte-was-nato-chef-stoltenberg-in-seiner-juengsten-ansprache-nicht-erwaehnt-hat\/","name":"Man beachte, was NATO-Chef Stoltenberg in seiner j\u00fcngsten Ansprache nicht erw\u00e4hnt hat - just-now.NEWS Deutschland","isPartOf":{"@id":"https:\/\/now-news.de\/de\/#website"},"primaryImageOfPage":{"@id":"https:\/\/now-news.de\/de\/deutschland\/man-beachte-was-nato-chef-stoltenberg-in-seiner-juengsten-ansprache-nicht-erwaehnt-hat\/#primaryimage"},"image":{"@id":"https:\/\/now-news.de\/de\/deutschland\/man-beachte-was-nato-chef-stoltenberg-in-seiner-juengsten-ansprache-nicht-erwaehnt-hat\/#primaryimage"},"thumbnailUrl":"https:\/\/now-news.de\/de\/wp-content\/uploads\/sites\/3\/2023\/07\/Man-beachte-was-NATO-Chef-Stoltenberg-in-seiner-juengsten-Ansprache-nicht.jpg","datePublished":"2023-07-09T15:52:58+00:00","dateModified":"2023-07-09T15:52:58+00:00","breadcrumb":{"@id":"https:\/\/now-news.de\/de\/deutschland\/man-beachte-was-nato-chef-stoltenberg-in-seiner-juengsten-ansprache-nicht-erwaehnt-hat\/#breadcrumb"},"inLanguage":"de","potentialAction":[{"@type":"ReadAction","target":["https:\/\/now-news.de\/de\/deutschland\/man-beachte-was-nato-chef-stoltenberg-in-seiner-juengsten-ansprache-nicht-erwaehnt-hat\/"]}]},{"@type":"ImageObject","inLanguage":"de","@id":"https:\/\/now-news.de\/de\/deutschland\/man-beachte-was-nato-chef-stoltenberg-in-seiner-juengsten-ansprache-nicht-erwaehnt-hat\/#primaryimage","url":"https:\/\/now-news.de\/de\/wp-content\/uploads\/sites\/3\/2023\/07\/Man-beachte-was-NATO-Chef-Stoltenberg-in-seiner-juengsten-Ansprache-nicht.jpg","contentUrl":"https:\/\/now-news.de\/de\/wp-content\/uploads\/sites\/3\/2023\/07\/Man-beachte-was-NATO-Chef-Stoltenberg-in-seiner-juengsten-Ansprache-nicht.jpg","width":460,"height":259,"caption":"Man beachte, was NATO-Chef Stoltenberg in seiner j\u00fcngsten Ansprache nicht erw\u00e4hnt hat"},{"@type":"BreadcrumbList","@id":"https:\/\/now-news.de\/de\/deutschland\/man-beachte-was-nato-chef-stoltenberg-in-seiner-juengsten-ansprache-nicht-erwaehnt-hat\/#breadcrumb","itemListElement":[{"@type":"ListItem","position":1,"name":"Home","item":"https:\/\/now-news.de\/de\/"},{"@type":"ListItem","position":2,"name":"Man beachte, was NATO-Chef Stoltenberg in seiner j\u00fcngsten Ansprache nicht erw\u00e4hnt hat"}]},{"@type":"WebSite","@id":"https:\/\/now-news.de\/de\/#website","url":"https:\/\/now-news.de\/de\/","name":"just-now.NEWS Deutschland","description":"Das Portal f\u00fcr unzensierte Nachrichten aus der Welt","publisher":{"@id":"https:\/\/now-news.de\/de\/#organization"},"potentialAction":[{"@type":"SearchAction","target":{"@type":"EntryPoint","urlTemplate":"https:\/\/now-news.de\/de\/?s={search_term_string}"},"query-input":"required name=search_term_string"}],"inLanguage":"de"},{"@type":"Organization","@id":"https:\/\/now-news.de\/de\/#organization","name":"Just Now News","url":"https:\/\/now-news.de\/de\/","logo":{"@type":"ImageObject","inLanguage":"de","@id":"https:\/\/now-news.de\/de\/#\/schema\/logo\/image\/","url":"http:\/\/just-now.news\/de\/wp-content\/uploads\/sites\/3\/2022\/04\/logo500x500.jpg","contentUrl":"http:\/\/just-now.news\/de\/wp-content\/uploads\/sites\/3\/2022\/04\/logo500x500.jpg","width":500,"height":500,"caption":"Just Now News"},"image":{"@id":"https:\/\/now-news.de\/de\/#\/schema\/logo\/image\/"},"sameAs":["https:\/\/www.facebook.com\/wirmachenauf","https:\/\/x.com\/WirMachenAuf_de"]},{"@type":"Person","@id":"https:\/\/now-news.de\/de\/#\/schema\/person\/fb534a4e865501d8b3285208df34a9b5","name":"rtnews","image":{"@type":"ImageObject","inLanguage":"de","@id":"https:\/\/now-news.de\/de\/#\/schema\/person\/image\/","url":"https:\/\/secure.gravatar.com\/avatar\/82aafea7d8127119dd649515f56e2117?s=96&d=mm&r=g","contentUrl":"https:\/\/secure.gravatar.com\/avatar\/82aafea7d8127119dd649515f56e2117?s=96&d=mm&r=g","caption":"rtnews"},"url":"https:\/\/now-news.de\/de\/author\/rnews\/"}]}},"_links":{"self":[{"href":"https:\/\/now-news.de\/de\/wp-json\/wp\/v2\/posts\/39790"}],"collection":[{"href":"https:\/\/now-news.de\/de\/wp-json\/wp\/v2\/posts"}],"about":[{"href":"https:\/\/now-news.de\/de\/wp-json\/wp\/v2\/types\/post"}],"author":[{"embeddable":true,"href":"https:\/\/now-news.de\/de\/wp-json\/wp\/v2\/users\/3"}],"replies":[{"embeddable":true,"href":"https:\/\/now-news.de\/de\/wp-json\/wp\/v2\/comments?post=39790"}],"version-history":[{"count":0,"href":"https:\/\/now-news.de\/de\/wp-json\/wp\/v2\/posts\/39790\/revisions"}],"wp:featuredmedia":[{"embeddable":true,"href":"https:\/\/now-news.de\/de\/wp-json\/wp\/v2\/media\/39791"}],"wp:attachment":[{"href":"https:\/\/now-news.de\/de\/wp-json\/wp\/v2\/media?parent=39790"}],"wp:term":[{"taxonomy":"category","embeddable":true,"href":"https:\/\/now-news.de\/de\/wp-json\/wp\/v2\/categories?post=39790"},{"taxonomy":"post_tag","embeddable":true,"href":"https:\/\/now-news.de\/de\/wp-json\/wp\/v2\/tags?post=39790"}],"curies":[{"name":"wp","href":"https:\/\/api.w.org\/{rel}","templated":true}]}}