{"id":39784,"date":"2023-07-09T16:09:19","date_gmt":"2023-07-09T14:09:19","guid":{"rendered":"https:\/\/just-now.news\/de\/deutschland\/basarfeilscher-erdogan-das-tuerkische-volk-und-die-freigelassenen-asow-fuehrer\/"},"modified":"2023-07-09T16:09:19","modified_gmt":"2023-07-09T14:09:19","slug":"basarfeilscher-erdogan-das-tuerkische-volk-und-die-freigelassenen-asow-fuehrer","status":"publish","type":"post","link":"https:\/\/now-news.de\/de\/deutschland\/basarfeilscher-erdogan-das-tuerkische-volk-und-die-freigelassenen-asow-fuehrer\/","title":{"rendered":"Basarfeilscher Erdo\u011fan, das t\u00fcrkische Volk und die freigelassenen Asow-F\u00fchrer"},"content":{"rendered":"<p><img decoding=\"async\" src=\"http:\/\/just-now.news\/de\/wp-content\/uploads\/sites\/3\/2023\/07\/64aa8d59b480cc1fdc3837a6.jpeg\" \/><\/p>\n<div class=\"Text-root Text-type_1 \">\n                Am Sonnabend wurde bekannt, dass die T\u00fcrkei die vor einem Jahr zwischen Kiew, Moskau und Ankara geschlossene Vereinbarung rund um die Kapitulation des Asow-Regiments in Mariupol gebrochen und die internierten F\u00fchrer der Nationalisten freigelassen hat. Der ukrainische Journalist Oleg Jassinski kommentiert den j\u00fcngsten Wortbruch von Recep Tayyip Erdo\u011fan.\n            <\/div>\n<p><\/p>\n<div class=\"Text-root Text-type_5 ArticleView-text ViewText-root \">\n<p><em>Von Oleg Jassinski<\/em><\/p>\n<p>Ich wei\u00df nicht, ob Erdo\u011fan irgendwann versuchen wird, Russland f\u00fcr die Schmach des gestrigen Tages zu entsch\u00e4digen, wie er es vor ein paar Jahren f\u00fcr das abgeschossene russische Flugzeug und den get\u00f6teten Piloten getan hat. Sicherlich wird dies, wie alles andere, was\u00a0Erdo\u011fan tut, ausschlie\u00dflich von der Logik des Feilschens abh\u00e4ngen.<\/p>\n<p>Auf dem Basar der russisch-t\u00fcrkischen Beziehungen gibt es weder Freunde noch Feinde, sondern nur listige Verk\u00e4ufer, leckeren Kaffee und eine riesige Auswahl an notwendigem und \u00fcberfl\u00fcssigem Ramsch f\u00fcr Liebhaber preisreduzierter Exotik. W\u00fcrde man auf jeden Trick eines orientalischen H\u00e4ndlers mit Groll oder Beleidigtsein reagieren, w\u00e4ren die Nervenzellen schnell aufgezehrt. Erdo\u011fan ist n\u00e4mlich weder Freund noch Feind, sondern genau das: Basarh\u00e4ndler, Feilscher, Trickverk\u00e4ufer. Aber Allah sei mit ihm, nicht er ist das Problem.\u00a0<\/p>\n<p>In der Geschichte des t\u00fcrkischen Urlaubs der Asow-F\u00fchrer (ich erinnere diejenigen, die es vergessen haben, dass es nicht einfach gefangene Milit\u00e4rangeh\u00f6rige sind, sondern bewaffnete Nazif\u00fchrer, und dass Russland versprochen wurde, sie unter keinen Umst\u00e4nden freizulassen) wurden ohne R\u00fccksicht auf langfristige Folgen Prinzipien einer schnellen und effektiven L\u00f6sung eines komplexen Problems geopfert. Es ist f\u00fcr sich genommen nicht verwerflich, Erdo\u011fan f\u00fcr gute Zwecke einzuspannen. Aber bitte ohne ihn &#8220;Freund&#8221; zu nennen und nur nach 100-prozentiger Vorleistung seinerseits.\u00a0<\/p>\n<p>Nun zur Hauptsache. Russische Rettungskr\u00e4fte halfen nach dem schrecklichen Erdbeben im S\u00fcdosten der T\u00fcrkei bei der Tr\u00fcmmerbeseitigung und retteten Tausende von Menschenleben. Einige von Erdo\u011fans Br\u00fcdern im Geiste in russischen sozialen Netzwerken stellen diese Hilfe heute in Frage und sagen:<\/p>\n<blockquote>\n<p><em>&#8220;Der T\u00fcrkei zu helfen ist ein Fehler, w\u00e4hrend sie hilft, unsere eigenen Leute zu t\u00f6ten.&#8221;<\/em><\/p>\n<\/blockquote>\n<p>Die Rettung von Menschenleben (vor allem von Zivilisten und, soweit m\u00f6glich, auch von Milit\u00e4rs), seien es Russen, Ukrainer, T\u00fcrken, Kurden, Israelis, Pal\u00e4stinenser, Amerikaner, Kubaner oder Angeh\u00f6rige eines beliebigen anderen Volkes, ist niemals ein Fehler. Sie ist die erste und oberste Pflicht aller zwischenstaatlichen und zwischenmenschlichen Beziehungen. Ich bin sicher, dass die Retter, die in der T\u00fcrkei t\u00e4tig waren und Menschen aus den Tr\u00fcmmern befreiten, nicht an den t\u00fcrkischen Sultan gedacht haben, sondern an diejenigen, die ihre Hilfe brauchten. Ich bin mir ebenso sicher, dass sie, wenn n\u00f6tig, jederzeit wieder helfen w\u00fcrden, ganz gleich, welche Bestie im betroffenen Land an der Macht ist.<\/p>\n<p>Die Anstifter des gegenw\u00e4rtigen Krieges gegen die Menschheit wollen, dass wir zur mittelalterlichen Praxis des Hasses zwischen L\u00e4ndern und Kulturen zur\u00fcckkehren und unsere V\u00f6lker zu erbitterten Feinden werden. Das w\u00e4re die Gew\u00e4hr f\u00fcr ihren Sieg \u00fcber uns alle. Ich bitte Sie, unter keinen Umst\u00e4nden den riesigen Unterschied zwischen den V\u00f6lkern und ihren Regierungen jemals zu vergessen.<\/p>\n<p><strong>Mehr zum Thema<\/strong> &#8211; <a rel=\"nofollow noopener\" target=\"_blank\" href=\"https:\/\/test.rtde.life\/international\/174763-kreml-zeigt-sich-empoert-ueber\/\">\u00dcbergabe von Asow-K\u00e4mpfern durch die T\u00fcrkei an die Ukraine \u2013 Kreml zeigt sich emp\u00f6rt<\/a><\/p>\n<\/p>\n<\/div>\n<p><br \/>\n<br \/><a href=\"https:\/\/de.rt.com\/meinung\/174768-basarfeilscher-erdogan-tuerkische-volk-und\/\">Source link <\/a><\/p>\n","protected":false},"excerpt":{"rendered":"<p>Am Sonnabend wurde bekannt, dass die T\u00fcrkei die vor einem Jahr zwischen Kiew, Moskau und Ankara geschlossene Vereinbarung rund um die Kapitulation des Asow-Regiments in Mariupol gebrochen und die internierten F\u00fchrer der Nationalisten freigelassen hat. Der ukrainische Journalist Oleg Jassinski kommentiert den j\u00fcngsten Wortbruch von Recep Tayyip Erdo\u011fan. Von Oleg Jassinski Ich wei\u00df nicht, ob [&hellip;]<\/p>\n","protected":false},"author":3,"featured_media":39785,"comment_status":"open","ping_status":"open","sticky":false,"template":"","format":"standard","meta":{"_yoast_indexnow_last_ping":["1688912287"],"wp_automatic_camp":["217"],"2a8311865f9532fad97fca96f75723bf":["Basarfeilscher Erdo\u011fan, das t\u00fcrkische Volk und die freigelassenen Asow-F\u00fchrer"],"original_link":["https:\/\/de.rt.com\/meinung\/174768-basarfeilscher-erdogan-tuerkische-volk-und\/"],"_thumbnail_id":["39785"],"_wptgpro_p2tg_sent2tg":["a:1:{i:23737;s:19:\"2023-07-09 16:19:11\";}"],"jnews_social_counter_last_update":["1777382204"]},"categories":[19,23],"tags":[46544,46542,427,45,13697,46543,18718,140,8952],"yoast_head":"<!-- This site is optimized with the Yoast SEO Premium plugin v22.7 (Yoast SEO v22.7) - https:\/\/yoast.com\/wordpress\/plugins\/seo\/ -->\n<title>Basarfeilscher Erdo\u011fan, das t\u00fcrkische Volk und die freigelassenen Asow-F\u00fchrer - just-now.NEWS Deutschland<\/title>\n<meta name=\"robots\" content=\"index, follow, max-snippet:-1, max-image-preview:large, max-video-preview:-1\" \/>\n<link rel=\"canonical\" href=\"https:\/\/now-news.de\/de\/deutschland\/basarfeilscher-erdogan-das-tuerkische-volk-und-die-freigelassenen-asow-fuehrer\/\" \/>\n<meta property=\"og:locale\" content=\"de_DE\" \/>\n<meta property=\"og:type\" content=\"article\" \/>\n<meta property=\"og:title\" content=\"Basarfeilscher Erdo\u011fan, das t\u00fcrkische Volk und die freigelassenen Asow-F\u00fchrer\" \/>\n<meta property=\"og:description\" content=\"Am Sonnabend wurde bekannt, dass die T\u00fcrkei die vor einem Jahr zwischen Kiew, Moskau und Ankara geschlossene Vereinbarung rund um die Kapitulation des Asow-Regiments in Mariupol gebrochen und die internierten F\u00fchrer der Nationalisten freigelassen hat. Der ukrainische Journalist Oleg Jassinski kommentiert den j\u00fcngsten Wortbruch von Recep Tayyip Erdo\u011fan. Von Oleg Jassinski Ich wei\u00df nicht, ob [&hellip;]\" \/>\n<meta property=\"og:url\" content=\"https:\/\/now-news.de\/de\/deutschland\/basarfeilscher-erdogan-das-tuerkische-volk-und-die-freigelassenen-asow-fuehrer\/\" \/>\n<meta property=\"og:site_name\" content=\"just-now.NEWS Deutschland\" \/>\n<meta property=\"article:publisher\" content=\"https:\/\/www.facebook.com\/wirmachenauf\" \/>\n<meta property=\"article:published_time\" content=\"2023-07-09T14:09:19+00:00\" \/>\n<meta property=\"og:image\" content=\"https:\/\/now-news.de\/de\/wp-content\/uploads\/sites\/3\/2023\/07\/Basarfeilscher-Erdogan-das-tuerkische-Volk-und-die-freigelassenen-Asow-Fuehrer.jpeg\" \/>\n\t<meta property=\"og:image:width\" content=\"460\" \/>\n\t<meta property=\"og:image:height\" content=\"259\" \/>\n\t<meta property=\"og:image:type\" content=\"image\/jpeg\" \/>\n<meta name=\"author\" content=\"rtnews\" \/>\n<meta name=\"twitter:card\" content=\"summary_large_image\" \/>\n<meta name=\"twitter:creator\" content=\"@WirMachenAuf_de\" \/>\n<meta name=\"twitter:site\" content=\"@WirMachenAuf_de\" \/>\n<meta name=\"twitter:label1\" content=\"Verfasst von\" \/>\n\t<meta name=\"twitter:data1\" content=\"rtnews\" \/>\n\t<meta name=\"twitter:label2\" content=\"Gesch\u00e4tzte Lesezeit\" \/>\n\t<meta name=\"twitter:data2\" content=\"3\u00a0Minuten\" \/>\n<script type=\"application\/ld+json\" class=\"yoast-schema-graph\">{\"@context\":\"https:\/\/schema.org\",\"@graph\":[{\"@type\":\"Article\",\"@id\":\"https:\/\/now-news.de\/de\/deutschland\/basarfeilscher-erdogan-das-tuerkische-volk-und-die-freigelassenen-asow-fuehrer\/#article\",\"isPartOf\":{\"@id\":\"https:\/\/now-news.de\/de\/deutschland\/basarfeilscher-erdogan-das-tuerkische-volk-und-die-freigelassenen-asow-fuehrer\/\"},\"author\":{\"name\":\"rtnews\",\"@id\":\"https:\/\/now-news.de\/de\/#\/schema\/person\/fb534a4e865501d8b3285208df34a9b5\"},\"headline\":\"Basarfeilscher Erdo\u011fan, das t\u00fcrkische Volk und die freigelassenen Asow-F\u00fchrer\",\"datePublished\":\"2023-07-09T14:09:19+00:00\",\"dateModified\":\"2023-07-09T14:09:19+00:00\",\"mainEntityOfPage\":{\"@id\":\"https:\/\/now-news.de\/de\/deutschland\/basarfeilscher-erdogan-das-tuerkische-volk-und-die-freigelassenen-asow-fuehrer\/\"},\"wordCount\":561,\"commentCount\":0,\"publisher\":{\"@id\":\"https:\/\/now-news.de\/de\/#organization\"},\"image\":{\"@id\":\"https:\/\/now-news.de\/de\/deutschland\/basarfeilscher-erdogan-das-tuerkische-volk-und-die-freigelassenen-asow-fuehrer\/#primaryimage\"},\"thumbnailUrl\":\"https:\/\/now-news.de\/de\/wp-content\/uploads\/sites\/3\/2023\/07\/Basarfeilscher-Erdogan-das-tuerkische-Volk-und-die-freigelassenen-Asow-Fuehrer.jpeg\",\"keywords\":[\"AsowF\u00fchrer\",\"Basarfeilscher\",\"das\",\"die\",\"Erdo\u011fan\",\"freigelassenen\",\"t\u00fcrkische\",\"und\",\"volk\"],\"articleSection\":[\"Deutschland\",\"Russland\"],\"inLanguage\":\"de\",\"potentialAction\":[{\"@type\":\"CommentAction\",\"name\":\"Comment\",\"target\":[\"https:\/\/now-news.de\/de\/deutschland\/basarfeilscher-erdogan-das-tuerkische-volk-und-die-freigelassenen-asow-fuehrer\/#respond\"]}]},{\"@type\":\"WebPage\",\"@id\":\"https:\/\/now-news.de\/de\/deutschland\/basarfeilscher-erdogan-das-tuerkische-volk-und-die-freigelassenen-asow-fuehrer\/\",\"url\":\"https:\/\/now-news.de\/de\/deutschland\/basarfeilscher-erdogan-das-tuerkische-volk-und-die-freigelassenen-asow-fuehrer\/\",\"name\":\"Basarfeilscher Erdo\u011fan, das t\u00fcrkische Volk und die freigelassenen Asow-F\u00fchrer - just-now.NEWS Deutschland\",\"isPartOf\":{\"@id\":\"https:\/\/now-news.de\/de\/#website\"},\"primaryImageOfPage\":{\"@id\":\"https:\/\/now-news.de\/de\/deutschland\/basarfeilscher-erdogan-das-tuerkische-volk-und-die-freigelassenen-asow-fuehrer\/#primaryimage\"},\"image\":{\"@id\":\"https:\/\/now-news.de\/de\/deutschland\/basarfeilscher-erdogan-das-tuerkische-volk-und-die-freigelassenen-asow-fuehrer\/#primaryimage\"},\"thumbnailUrl\":\"https:\/\/now-news.de\/de\/wp-content\/uploads\/sites\/3\/2023\/07\/Basarfeilscher-Erdogan-das-tuerkische-Volk-und-die-freigelassenen-Asow-Fuehrer.jpeg\",\"datePublished\":\"2023-07-09T14:09:19+00:00\",\"dateModified\":\"2023-07-09T14:09:19+00:00\",\"breadcrumb\":{\"@id\":\"https:\/\/now-news.de\/de\/deutschland\/basarfeilscher-erdogan-das-tuerkische-volk-und-die-freigelassenen-asow-fuehrer\/#breadcrumb\"},\"inLanguage\":\"de\",\"potentialAction\":[{\"@type\":\"ReadAction\",\"target\":[\"https:\/\/now-news.de\/de\/deutschland\/basarfeilscher-erdogan-das-tuerkische-volk-und-die-freigelassenen-asow-fuehrer\/\"]}]},{\"@type\":\"ImageObject\",\"inLanguage\":\"de\",\"@id\":\"https:\/\/now-news.de\/de\/deutschland\/basarfeilscher-erdogan-das-tuerkische-volk-und-die-freigelassenen-asow-fuehrer\/#primaryimage\",\"url\":\"https:\/\/now-news.de\/de\/wp-content\/uploads\/sites\/3\/2023\/07\/Basarfeilscher-Erdogan-das-tuerkische-Volk-und-die-freigelassenen-Asow-Fuehrer.jpeg\",\"contentUrl\":\"https:\/\/now-news.de\/de\/wp-content\/uploads\/sites\/3\/2023\/07\/Basarfeilscher-Erdogan-das-tuerkische-Volk-und-die-freigelassenen-Asow-Fuehrer.jpeg\",\"width\":460,\"height\":259,\"caption\":\"Basarfeilscher Erdo\u011fan, das t\u00fcrkische Volk und die freigelassenen Asow-F\u00fchrer\"},{\"@type\":\"BreadcrumbList\",\"@id\":\"https:\/\/now-news.de\/de\/deutschland\/basarfeilscher-erdogan-das-tuerkische-volk-und-die-freigelassenen-asow-fuehrer\/#breadcrumb\",\"itemListElement\":[{\"@type\":\"ListItem\",\"position\":1,\"name\":\"Home\",\"item\":\"https:\/\/now-news.de\/de\/\"},{\"@type\":\"ListItem\",\"position\":2,\"name\":\"Basarfeilscher Erdo\u011fan, das t\u00fcrkische Volk und die freigelassenen Asow-F\u00fchrer\"}]},{\"@type\":\"WebSite\",\"@id\":\"https:\/\/now-news.de\/de\/#website\",\"url\":\"https:\/\/now-news.de\/de\/\",\"name\":\"just-now.NEWS Deutschland\",\"description\":\"Das Portal f\u00fcr unzensierte Nachrichten aus der Welt\",\"publisher\":{\"@id\":\"https:\/\/now-news.de\/de\/#organization\"},\"potentialAction\":[{\"@type\":\"SearchAction\",\"target\":{\"@type\":\"EntryPoint\",\"urlTemplate\":\"https:\/\/now-news.de\/de\/?s={search_term_string}\"},\"query-input\":\"required name=search_term_string\"}],\"inLanguage\":\"de\"},{\"@type\":\"Organization\",\"@id\":\"https:\/\/now-news.de\/de\/#organization\",\"name\":\"Just Now News\",\"url\":\"https:\/\/now-news.de\/de\/\",\"logo\":{\"@type\":\"ImageObject\",\"inLanguage\":\"de\",\"@id\":\"https:\/\/now-news.de\/de\/#\/schema\/logo\/image\/\",\"url\":\"http:\/\/just-now.news\/de\/wp-content\/uploads\/sites\/3\/2022\/04\/logo500x500.jpg\",\"contentUrl\":\"http:\/\/just-now.news\/de\/wp-content\/uploads\/sites\/3\/2022\/04\/logo500x500.jpg\",\"width\":500,\"height\":500,\"caption\":\"Just Now News\"},\"image\":{\"@id\":\"https:\/\/now-news.de\/de\/#\/schema\/logo\/image\/\"},\"sameAs\":[\"https:\/\/www.facebook.com\/wirmachenauf\",\"https:\/\/x.com\/WirMachenAuf_de\"]},{\"@type\":\"Person\",\"@id\":\"https:\/\/now-news.de\/de\/#\/schema\/person\/fb534a4e865501d8b3285208df34a9b5\",\"name\":\"rtnews\",\"image\":{\"@type\":\"ImageObject\",\"inLanguage\":\"de\",\"@id\":\"https:\/\/now-news.de\/de\/#\/schema\/person\/image\/\",\"url\":\"https:\/\/secure.gravatar.com\/avatar\/82aafea7d8127119dd649515f56e2117?s=96&d=mm&r=g\",\"contentUrl\":\"https:\/\/secure.gravatar.com\/avatar\/82aafea7d8127119dd649515f56e2117?s=96&d=mm&r=g\",\"caption\":\"rtnews\"},\"url\":\"https:\/\/now-news.de\/de\/author\/rnews\/\"}]}<\/script>\n<!-- \/ Yoast SEO Premium plugin. -->","yoast_head_json":{"title":"Basarfeilscher Erdo\u011fan, das t\u00fcrkische Volk und die freigelassenen Asow-F\u00fchrer - just-now.NEWS Deutschland","robots":{"index":"index","follow":"follow","max-snippet":"max-snippet:-1","max-image-preview":"max-image-preview:large","max-video-preview":"max-video-preview:-1"},"canonical":"https:\/\/now-news.de\/de\/deutschland\/basarfeilscher-erdogan-das-tuerkische-volk-und-die-freigelassenen-asow-fuehrer\/","og_locale":"de_DE","og_type":"article","og_title":"Basarfeilscher Erdo\u011fan, das t\u00fcrkische Volk und die freigelassenen Asow-F\u00fchrer","og_description":"Am Sonnabend wurde bekannt, dass die T\u00fcrkei die vor einem Jahr zwischen Kiew, Moskau und Ankara geschlossene Vereinbarung rund um die Kapitulation des Asow-Regiments in Mariupol gebrochen und die internierten F\u00fchrer der Nationalisten freigelassen hat. Der ukrainische Journalist Oleg Jassinski kommentiert den j\u00fcngsten Wortbruch von Recep Tayyip Erdo\u011fan. Von Oleg Jassinski Ich wei\u00df nicht, ob [&hellip;]","og_url":"https:\/\/now-news.de\/de\/deutschland\/basarfeilscher-erdogan-das-tuerkische-volk-und-die-freigelassenen-asow-fuehrer\/","og_site_name":"just-now.NEWS Deutschland","article_publisher":"https:\/\/www.facebook.com\/wirmachenauf","article_published_time":"2023-07-09T14:09:19+00:00","og_image":[{"width":460,"height":259,"url":"https:\/\/now-news.de\/de\/wp-content\/uploads\/sites\/3\/2023\/07\/Basarfeilscher-Erdogan-das-tuerkische-Volk-und-die-freigelassenen-Asow-Fuehrer.jpeg","type":"image\/jpeg"}],"author":"rtnews","twitter_card":"summary_large_image","twitter_creator":"@WirMachenAuf_de","twitter_site":"@WirMachenAuf_de","twitter_misc":{"Verfasst von":"rtnews","Gesch\u00e4tzte Lesezeit":"3\u00a0Minuten"},"schema":{"@context":"https:\/\/schema.org","@graph":[{"@type":"Article","@id":"https:\/\/now-news.de\/de\/deutschland\/basarfeilscher-erdogan-das-tuerkische-volk-und-die-freigelassenen-asow-fuehrer\/#article","isPartOf":{"@id":"https:\/\/now-news.de\/de\/deutschland\/basarfeilscher-erdogan-das-tuerkische-volk-und-die-freigelassenen-asow-fuehrer\/"},"author":{"name":"rtnews","@id":"https:\/\/now-news.de\/de\/#\/schema\/person\/fb534a4e865501d8b3285208df34a9b5"},"headline":"Basarfeilscher Erdo\u011fan, das t\u00fcrkische Volk und die freigelassenen Asow-F\u00fchrer","datePublished":"2023-07-09T14:09:19+00:00","dateModified":"2023-07-09T14:09:19+00:00","mainEntityOfPage":{"@id":"https:\/\/now-news.de\/de\/deutschland\/basarfeilscher-erdogan-das-tuerkische-volk-und-die-freigelassenen-asow-fuehrer\/"},"wordCount":561,"commentCount":0,"publisher":{"@id":"https:\/\/now-news.de\/de\/#organization"},"image":{"@id":"https:\/\/now-news.de\/de\/deutschland\/basarfeilscher-erdogan-das-tuerkische-volk-und-die-freigelassenen-asow-fuehrer\/#primaryimage"},"thumbnailUrl":"https:\/\/now-news.de\/de\/wp-content\/uploads\/sites\/3\/2023\/07\/Basarfeilscher-Erdogan-das-tuerkische-Volk-und-die-freigelassenen-Asow-Fuehrer.jpeg","keywords":["AsowF\u00fchrer","Basarfeilscher","das","die","Erdo\u011fan","freigelassenen","t\u00fcrkische","und","volk"],"articleSection":["Deutschland","Russland"],"inLanguage":"de","potentialAction":[{"@type":"CommentAction","name":"Comment","target":["https:\/\/now-news.de\/de\/deutschland\/basarfeilscher-erdogan-das-tuerkische-volk-und-die-freigelassenen-asow-fuehrer\/#respond"]}]},{"@type":"WebPage","@id":"https:\/\/now-news.de\/de\/deutschland\/basarfeilscher-erdogan-das-tuerkische-volk-und-die-freigelassenen-asow-fuehrer\/","url":"https:\/\/now-news.de\/de\/deutschland\/basarfeilscher-erdogan-das-tuerkische-volk-und-die-freigelassenen-asow-fuehrer\/","name":"Basarfeilscher Erdo\u011fan, das t\u00fcrkische Volk und die freigelassenen Asow-F\u00fchrer - just-now.NEWS Deutschland","isPartOf":{"@id":"https:\/\/now-news.de\/de\/#website"},"primaryImageOfPage":{"@id":"https:\/\/now-news.de\/de\/deutschland\/basarfeilscher-erdogan-das-tuerkische-volk-und-die-freigelassenen-asow-fuehrer\/#primaryimage"},"image":{"@id":"https:\/\/now-news.de\/de\/deutschland\/basarfeilscher-erdogan-das-tuerkische-volk-und-die-freigelassenen-asow-fuehrer\/#primaryimage"},"thumbnailUrl":"https:\/\/now-news.de\/de\/wp-content\/uploads\/sites\/3\/2023\/07\/Basarfeilscher-Erdogan-das-tuerkische-Volk-und-die-freigelassenen-Asow-Fuehrer.jpeg","datePublished":"2023-07-09T14:09:19+00:00","dateModified":"2023-07-09T14:09:19+00:00","breadcrumb":{"@id":"https:\/\/now-news.de\/de\/deutschland\/basarfeilscher-erdogan-das-tuerkische-volk-und-die-freigelassenen-asow-fuehrer\/#breadcrumb"},"inLanguage":"de","potentialAction":[{"@type":"ReadAction","target":["https:\/\/now-news.de\/de\/deutschland\/basarfeilscher-erdogan-das-tuerkische-volk-und-die-freigelassenen-asow-fuehrer\/"]}]},{"@type":"ImageObject","inLanguage":"de","@id":"https:\/\/now-news.de\/de\/deutschland\/basarfeilscher-erdogan-das-tuerkische-volk-und-die-freigelassenen-asow-fuehrer\/#primaryimage","url":"https:\/\/now-news.de\/de\/wp-content\/uploads\/sites\/3\/2023\/07\/Basarfeilscher-Erdogan-das-tuerkische-Volk-und-die-freigelassenen-Asow-Fuehrer.jpeg","contentUrl":"https:\/\/now-news.de\/de\/wp-content\/uploads\/sites\/3\/2023\/07\/Basarfeilscher-Erdogan-das-tuerkische-Volk-und-die-freigelassenen-Asow-Fuehrer.jpeg","width":460,"height":259,"caption":"Basarfeilscher Erdo\u011fan, das t\u00fcrkische Volk und die freigelassenen Asow-F\u00fchrer"},{"@type":"BreadcrumbList","@id":"https:\/\/now-news.de\/de\/deutschland\/basarfeilscher-erdogan-das-tuerkische-volk-und-die-freigelassenen-asow-fuehrer\/#breadcrumb","itemListElement":[{"@type":"ListItem","position":1,"name":"Home","item":"https:\/\/now-news.de\/de\/"},{"@type":"ListItem","position":2,"name":"Basarfeilscher Erdo\u011fan, das t\u00fcrkische Volk und die freigelassenen Asow-F\u00fchrer"}]},{"@type":"WebSite","@id":"https:\/\/now-news.de\/de\/#website","url":"https:\/\/now-news.de\/de\/","name":"just-now.NEWS Deutschland","description":"Das Portal f\u00fcr unzensierte Nachrichten aus der Welt","publisher":{"@id":"https:\/\/now-news.de\/de\/#organization"},"potentialAction":[{"@type":"SearchAction","target":{"@type":"EntryPoint","urlTemplate":"https:\/\/now-news.de\/de\/?s={search_term_string}"},"query-input":"required name=search_term_string"}],"inLanguage":"de"},{"@type":"Organization","@id":"https:\/\/now-news.de\/de\/#organization","name":"Just Now News","url":"https:\/\/now-news.de\/de\/","logo":{"@type":"ImageObject","inLanguage":"de","@id":"https:\/\/now-news.de\/de\/#\/schema\/logo\/image\/","url":"http:\/\/just-now.news\/de\/wp-content\/uploads\/sites\/3\/2022\/04\/logo500x500.jpg","contentUrl":"http:\/\/just-now.news\/de\/wp-content\/uploads\/sites\/3\/2022\/04\/logo500x500.jpg","width":500,"height":500,"caption":"Just Now News"},"image":{"@id":"https:\/\/now-news.de\/de\/#\/schema\/logo\/image\/"},"sameAs":["https:\/\/www.facebook.com\/wirmachenauf","https:\/\/x.com\/WirMachenAuf_de"]},{"@type":"Person","@id":"https:\/\/now-news.de\/de\/#\/schema\/person\/fb534a4e865501d8b3285208df34a9b5","name":"rtnews","image":{"@type":"ImageObject","inLanguage":"de","@id":"https:\/\/now-news.de\/de\/#\/schema\/person\/image\/","url":"https:\/\/secure.gravatar.com\/avatar\/82aafea7d8127119dd649515f56e2117?s=96&d=mm&r=g","contentUrl":"https:\/\/secure.gravatar.com\/avatar\/82aafea7d8127119dd649515f56e2117?s=96&d=mm&r=g","caption":"rtnews"},"url":"https:\/\/now-news.de\/de\/author\/rnews\/"}]}},"_links":{"self":[{"href":"https:\/\/now-news.de\/de\/wp-json\/wp\/v2\/posts\/39784"}],"collection":[{"href":"https:\/\/now-news.de\/de\/wp-json\/wp\/v2\/posts"}],"about":[{"href":"https:\/\/now-news.de\/de\/wp-json\/wp\/v2\/types\/post"}],"author":[{"embeddable":true,"href":"https:\/\/now-news.de\/de\/wp-json\/wp\/v2\/users\/3"}],"replies":[{"embeddable":true,"href":"https:\/\/now-news.de\/de\/wp-json\/wp\/v2\/comments?post=39784"}],"version-history":[{"count":0,"href":"https:\/\/now-news.de\/de\/wp-json\/wp\/v2\/posts\/39784\/revisions"}],"wp:featuredmedia":[{"embeddable":true,"href":"https:\/\/now-news.de\/de\/wp-json\/wp\/v2\/media\/39785"}],"wp:attachment":[{"href":"https:\/\/now-news.de\/de\/wp-json\/wp\/v2\/media?parent=39784"}],"wp:term":[{"taxonomy":"category","embeddable":true,"href":"https:\/\/now-news.de\/de\/wp-json\/wp\/v2\/categories?post=39784"},{"taxonomy":"post_tag","embeddable":true,"href":"https:\/\/now-news.de\/de\/wp-json\/wp\/v2\/tags?post=39784"}],"curies":[{"name":"wp","href":"https:\/\/api.w.org\/{rel}","templated":true}]}}