{"id":39780,"date":"2023-07-09T15:30:23","date_gmt":"2023-07-09T13:30:23","guid":{"rendered":"https:\/\/just-now.news\/de\/deutschland\/steinmeier-zu-streubomben-den-usa-nicht-in-den-arm-fallen\/"},"modified":"2023-07-09T15:30:23","modified_gmt":"2023-07-09T13:30:23","slug":"steinmeier-zu-streubomben-den-usa-nicht-in-den-arm-fallen","status":"publish","type":"post","link":"https:\/\/now-news.de\/de\/deutschland\/steinmeier-zu-streubomben-den-usa-nicht-in-den-arm-fallen\/","title":{"rendered":"Steinmeier zu Streubomben: &quot;Den USA nicht in den Arm fallen&quot;"},"content":{"rendered":"<p><img decoding=\"async\" src=\"http:\/\/just-now.news\/de\/wp-content\/uploads\/sites\/3\/2023\/07\/64aab683b480cc1cfd254841.jpg\" \/><\/p>\n<div class=\"Text-root Text-type_1 \">\n                Moralische Bedenken habe man, hei\u00dft es quer durch Europa zur Lieferung von Streubomben. Die \u00e4u\u00dfert auch Bundespr\u00e4sident Steinmeier. Aber dann macht er sogleich den Scholz und erkl\u00e4rt, dass man das trotzdem hinnehmen m\u00fcsse, damit die Ukraine siegt.\n            <\/div>\n<p><\/p>\n<div class=\"Text-root Text-type_5 ArticleView-text ViewText-root \">\n<p><em>Von Dagmar Henn<\/em><\/p>\n<p>Auch US-Pr\u00e4sident Joe Biden hat inzwischen erkl\u00e4rt, die Lieferung von Streubomben an Kiew sei n\u00f6tig, weil die USA keine anderen Granaten im Kaliber 155 mm mehr bes\u00e4\u00dfen. In den europ\u00e4ischen L\u00e4ndern hat diese Meldung Emp\u00f6rung ausgel\u00f6st\u00a0\u2012 schlie\u00dflich haben die meisten L\u00e4nder die Konvention unterzeichnet, die den Einsatz dieser Munition verbietet. Selbst Bundesau\u00dfenministerin Annalena Baerbock raffte sich dazu auf, gegen diese Lieferung zu protestieren.<\/p>\n<p>Allerdings, was dieser Protest wert ist, zeigte bereits Bundespr\u00e4sident Frank-Walter Steinmeier. Der erkl\u00e4rte n\u00e4mlich im Sommerinterview mit dem <em>ZDF<\/em>, man k\u00f6nne &#8220;in der gegenw\u00e4rtigen Situation den USA nicht in den Arm fallen&#8221; (<em>&#8220;in den Arm fallen&#8221; = &#8220;jemanden hindern\/zur\u00fcckhalten&#8221;, Anm.d.Red.<\/em>). Man m\u00fcsse &#8220;Verst\u00e4ndnis daf\u00fcr haben, dass die Ukraine die russischen Truppen zur\u00fcckzudr\u00e4ngen versucht&#8221;.<\/p>\n<p>Steinmeier war in seiner Funktion als Au\u00dfenminister sogar derjenige, der f\u00fcr Deutschland das Abkommen gegen Streubomben unterzeichnet hatte. Aber seine Unterschrift ist bekanntlich wenig wert\u00a0\u2012 schlie\u00dflich unterzeichnete er auch im Februar 2014 das Abkommen zwischen Janukowitsch und der vom Westen gef\u00f6rderten &#8220;Opposition&#8221; (einschlie\u00dflich des Faschisten Tjagnibok), um am Tag danach, als diese &#8220;Opposition&#8221; das Abkommen brach, nichts mehr davon zu wissen und die Putschregierung anzuerkennen.<\/p>\n<p>Steinmeier kann nicht wirklich behaupten, ahnungslos zu sein, wie es zum B\u00fcrgerkrieg in der Ukraine kam. Er war damals einer der Hauptverantwortlichen, die es geschehen lie\u00dfen, dass die Kiewer Putschisten die Proteste im Donbass zum Anlass f\u00fcr einen B\u00fcrgerkrieg nahmen, der dann acht Jahre anhielt. Er war der deutsche Politiker, der die Wahrheit \u00fcber diese Ereignisse h\u00e4tte erz\u00e4hlen m\u00fcssen. Stattdessen trug er dazu bei, das M\u00e4rchen \u00fcber eine &#8220;russische Invasion&#8221; zu verbreiten. Seine Weigerung, bei einem Besuch wenige Tage nach dem Massaker von Odessa den Ort des Verbrechens zu besuchen, kam einer Erkl\u00e4rung gleich, die Kiewer Regierung d\u00fcrfe tun, was sie wolle.<\/p>\n<p>Moralische Emp\u00f6rung richtete sich einzig gegen Russland, auch seitens Steinmeier. Der Einsatz von Artillerie gegen Wohngebiete durch Kiew? Hat nie stattgefunden. Die Schmetterlingsminen, mit denen die Ukraine nach wie vor Donezk beschie\u00dft? Gibt es nicht. Die Liste der Kiewer Kriegsverbrechen, die einen betr\u00e4chtlichen Umfang erreicht hat, wird vollst\u00e4ndig \u00fcbersehen.<\/p>\n<p>Was ist also von dem moralischen R\u00fclpser zu halten, der den europ\u00e4ischen Kehlen gerade entronnen ist? Gar nichts, er dient nur dazu, das eigene Image etwas aufzupolieren. Denn letzten Endes ist es wichtiger, dass die Ukraine siegt, oder es ist wichtiger, zumindest so zu tun, als k\u00f6nnte sie das, und ansonsten brav den Instruktionen aus Washington zu folgen. Schlie\u00dflich kann man &#8220;den USA nicht in den Arm fallen&#8221;.<\/p>\n<p>Nun, wenn man einen wildgewordenen Schl\u00e4ger daran hindern will, weitere Verw\u00fcstungen anzurichten, muss man ihm in den Arm fallen. Wenn sich aber die so hochmoralischen europ\u00e4ischen L\u00e4nder nicht einmal bei Waffen, deren Verbot sie unterzeichnet haben, dazu aufraffen k\u00f6nnen, den USA &#8220;in den Arm zu fallen&#8221;, was werden sie noch alles brav und folgsam akzeptieren? Wo ist die Grenze?<\/p>\n<p>Jeder, der sich nur ansatzweise die M\u00fche macht, zu verfolgen, was auf die zivilen Bewohner des Donbass niedergeht, wei\u00df, das jedes neue westliche Waffensystem mit Begeisterung dazu genutzt wird, um die Menschen dort zu terrorisieren. Das gilt f\u00fcr die NATO-Haubitzen ebenso wie f\u00fcr die HIMARS-Systeme oder die Storm Shadow-Raketen. Genau das wird auch mit den Streubomben passieren, die die USA jetzt liefern wollen. Sie werden \u00fcber Schulen und Kinderspielpl\u00e4tzen im Donbass niedergehen.<\/p>\n<p>W\u00e4ren das Journalisten, die das Interview f\u00fcr das <em>ZDF<\/em> gef\u00fchrt haben, sie h\u00e4tten nachbohren m\u00fcssen. Wie ist das denn, wenn die USA beschlie\u00dfen sollten, taktische Atomwaffen an die Ukraine zu liefern? Was ist mit biologischen Waffen, f\u00fcr die schlie\u00dflich in der Ukraine jahrelang geforscht wurde? Gibt es \u00fcberhaupt einen Punkt, an dem es Steinmeier und der restlichen Berliner Blase in den Sinn k\u00e4me, den USA in den Arm zu fallen? Oder reicht ihre Bereitschaft, f\u00fcr die Kiewer Nazitruppe Opfer zu bringen, bis zur globalen Vernichtung?<\/p>\n<p>Steinmeier ist, neben Angela Merkel, derjenige, der 2014 den USA nicht in den Arm gefallen ist, als der Putsch in Kiew inszeniert wurde\u00a0\u2012 im Gegenteil, er hat eifrig mitgeholfen. Nichts von dem heutigen Elend g\u00e4be es \u00fcberhaupt, h\u00e4tte er sich damals anders entschieden. Seitdem wachsen die westliche Bereitschaft, zu verbrecherischen Ma\u00dfnahmen zu greifen, und die Unterw\u00fcrfigkeit gegen\u00fcber den schlimmsten Kriegstreibern stetig im gleichen Ma\u00df.<\/p>\n<p>Die Deutschen und die \u00fcbrigen Westeurop\u00e4er sollten sich allerdings von dieser fl\u00fcchtigen Emp\u00f6rung, die ihre Regierungen vorspielen, nicht einlullen lassen, sondern dar\u00fcber nachdenken, wie man den Regierungen, die &#8220;den USA nicht in den Arm fallen&#8221; wollen, in den Arm fallen kann.<\/p>\n<p><strong>Mehr zum Thema<\/strong> &#8211;\u00a0<a rel=\"nofollow noopener\" target=\"_blank\" href=\"https:\/\/freeassange.rtde.live\/meinung\/159001-minsk-ii-als-finte-oder\/\">Minsk II als Finte oder ein Wandel der deutschen Russlandpolitik<\/a><\/p>\n<\/p>\n<\/div>\n<p><br \/>\n<br \/><a href=\"https:\/\/de.rt.com\/meinung\/174784-steinmeier-zu-streubomben-usa-nicht\/\">Source link <\/a><\/p>\n","protected":false},"excerpt":{"rendered":"<p>Moralische Bedenken habe man, hei\u00dft es quer durch Europa zur Lieferung von Streubomben. Die \u00e4u\u00dfert auch Bundespr\u00e4sident Steinmeier. Aber dann macht er sogleich den Scholz und erkl\u00e4rt, dass man das trotzdem hinnehmen m\u00fcsse, damit die Ukraine siegt. Von Dagmar Henn Auch US-Pr\u00e4sident Joe Biden hat inzwischen erkl\u00e4rt, die Lieferung von Streubomben an Kiew sei n\u00f6tig, [&hellip;]<\/p>\n","protected":false},"author":3,"featured_media":39781,"comment_status":"open","ping_status":"open","sticky":false,"template":"","format":"standard","meta":{"_yoast_indexnow_last_ping":["1688910361"],"wp_automatic_camp":["217"],"ae5071b9546bb6afc628c3941b9995e1":["Steinmeier zu Streubomben: &quot;Den USA nicht in den Arm fallen&quot;"],"original_link":["https:\/\/de.rt.com\/meinung\/174784-steinmeier-zu-streubomben-usa-nicht\/"],"_thumbnail_id":["39781"],"jnews_social_counter_last_update":["1777330571"],"_wptgpro_p2tg_sent2tg":["a:1:{i:23737;s:19:\"2023-07-09 15:47:14\";}"]},"categories":[19,23],"tags":[39830,48,46541,800,41138,1723,46540,193],"yoast_head":"<!-- This site is optimized with the Yoast SEO Premium plugin v22.7 (Yoast SEO v22.7) - https:\/\/yoast.com\/wordpress\/plugins\/seo\/ -->\n<title>Steinmeier zu Streubomben: &quot;Den USA nicht in den Arm fallen&quot; - just-now.NEWS Deutschland<\/title>\n<meta name=\"robots\" content=\"index, follow, max-snippet:-1, max-image-preview:large, max-video-preview:-1\" \/>\n<link rel=\"canonical\" href=\"https:\/\/now-news.de\/de\/deutschland\/steinmeier-zu-streubomben-den-usa-nicht-in-den-arm-fallen\/\" \/>\n<meta property=\"og:locale\" content=\"de_DE\" \/>\n<meta property=\"og:type\" content=\"article\" \/>\n<meta property=\"og:title\" content=\"Steinmeier zu Streubomben: &quot;Den USA nicht in den Arm fallen&quot;\" \/>\n<meta property=\"og:description\" content=\"Moralische Bedenken habe man, hei\u00dft es quer durch Europa zur Lieferung von Streubomben. Die \u00e4u\u00dfert auch Bundespr\u00e4sident Steinmeier. Aber dann macht er sogleich den Scholz und erkl\u00e4rt, dass man das trotzdem hinnehmen m\u00fcsse, damit die Ukraine siegt. Von Dagmar Henn Auch US-Pr\u00e4sident Joe Biden hat inzwischen erkl\u00e4rt, die Lieferung von Streubomben an Kiew sei n\u00f6tig, [&hellip;]\" \/>\n<meta property=\"og:url\" content=\"https:\/\/now-news.de\/de\/deutschland\/steinmeier-zu-streubomben-den-usa-nicht-in-den-arm-fallen\/\" \/>\n<meta property=\"og:site_name\" content=\"just-now.NEWS Deutschland\" \/>\n<meta property=\"article:publisher\" content=\"https:\/\/www.facebook.com\/wirmachenauf\" \/>\n<meta property=\"article:published_time\" content=\"2023-07-09T13:30:23+00:00\" \/>\n<meta property=\"og:image\" content=\"https:\/\/now-news.de\/de\/wp-content\/uploads\/sites\/3\/2023\/07\/Steinmeier-zu-Streubomben-quotDen-USA-nicht-in-den-Arm-fallenquot.jpg\" \/>\n\t<meta property=\"og:image:width\" content=\"460\" \/>\n\t<meta property=\"og:image:height\" content=\"259\" \/>\n\t<meta property=\"og:image:type\" content=\"image\/jpeg\" \/>\n<meta name=\"author\" content=\"rtnews\" \/>\n<meta name=\"twitter:card\" content=\"summary_large_image\" \/>\n<meta name=\"twitter:creator\" content=\"@WirMachenAuf_de\" \/>\n<meta name=\"twitter:site\" content=\"@WirMachenAuf_de\" \/>\n<meta name=\"twitter:label1\" content=\"Verfasst von\" \/>\n\t<meta name=\"twitter:data1\" content=\"rtnews\" \/>\n\t<meta name=\"twitter:label2\" content=\"Gesch\u00e4tzte Lesezeit\" \/>\n\t<meta name=\"twitter:data2\" content=\"4\u00a0Minuten\" \/>\n<script type=\"application\/ld+json\" class=\"yoast-schema-graph\">{\"@context\":\"https:\/\/schema.org\",\"@graph\":[{\"@type\":\"Article\",\"@id\":\"https:\/\/now-news.de\/de\/deutschland\/steinmeier-zu-streubomben-den-usa-nicht-in-den-arm-fallen\/#article\",\"isPartOf\":{\"@id\":\"https:\/\/now-news.de\/de\/deutschland\/steinmeier-zu-streubomben-den-usa-nicht-in-den-arm-fallen\/\"},\"author\":{\"name\":\"rtnews\",\"@id\":\"https:\/\/now-news.de\/de\/#\/schema\/person\/fb534a4e865501d8b3285208df34a9b5\"},\"headline\":\"Steinmeier zu Streubomben: &quot;Den USA nicht in den Arm fallen&quot;\",\"datePublished\":\"2023-07-09T13:30:23+00:00\",\"dateModified\":\"2023-07-09T13:30:23+00:00\",\"mainEntityOfPage\":{\"@id\":\"https:\/\/now-news.de\/de\/deutschland\/steinmeier-zu-streubomben-den-usa-nicht-in-den-arm-fallen\/\"},\"wordCount\":867,\"commentCount\":0,\"publisher\":{\"@id\":\"https:\/\/now-news.de\/de\/#organization\"},\"image\":{\"@id\":\"https:\/\/now-news.de\/de\/deutschland\/steinmeier-zu-streubomben-den-usa-nicht-in-den-arm-fallen\/#primaryimage\"},\"thumbnailUrl\":\"https:\/\/now-news.de\/de\/wp-content\/uploads\/sites\/3\/2023\/07\/Steinmeier-zu-Streubomben-quotDen-USA-nicht-in-den-Arm-fallenquot.jpg\",\"keywords\":[\"arm\",\"den\",\"fallenquot\",\"nicht\",\"quotDen\",\"Steinmeier\",\"Streubomben\",\"USA\"],\"articleSection\":[\"Deutschland\",\"Russland\"],\"inLanguage\":\"de\",\"potentialAction\":[{\"@type\":\"CommentAction\",\"name\":\"Comment\",\"target\":[\"https:\/\/now-news.de\/de\/deutschland\/steinmeier-zu-streubomben-den-usa-nicht-in-den-arm-fallen\/#respond\"]}]},{\"@type\":\"WebPage\",\"@id\":\"https:\/\/now-news.de\/de\/deutschland\/steinmeier-zu-streubomben-den-usa-nicht-in-den-arm-fallen\/\",\"url\":\"https:\/\/now-news.de\/de\/deutschland\/steinmeier-zu-streubomben-den-usa-nicht-in-den-arm-fallen\/\",\"name\":\"Steinmeier zu Streubomben: &quot;Den USA nicht in den Arm fallen&quot; - just-now.NEWS Deutschland\",\"isPartOf\":{\"@id\":\"https:\/\/now-news.de\/de\/#website\"},\"primaryImageOfPage\":{\"@id\":\"https:\/\/now-news.de\/de\/deutschland\/steinmeier-zu-streubomben-den-usa-nicht-in-den-arm-fallen\/#primaryimage\"},\"image\":{\"@id\":\"https:\/\/now-news.de\/de\/deutschland\/steinmeier-zu-streubomben-den-usa-nicht-in-den-arm-fallen\/#primaryimage\"},\"thumbnailUrl\":\"https:\/\/now-news.de\/de\/wp-content\/uploads\/sites\/3\/2023\/07\/Steinmeier-zu-Streubomben-quotDen-USA-nicht-in-den-Arm-fallenquot.jpg\",\"datePublished\":\"2023-07-09T13:30:23+00:00\",\"dateModified\":\"2023-07-09T13:30:23+00:00\",\"breadcrumb\":{\"@id\":\"https:\/\/now-news.de\/de\/deutschland\/steinmeier-zu-streubomben-den-usa-nicht-in-den-arm-fallen\/#breadcrumb\"},\"inLanguage\":\"de\",\"potentialAction\":[{\"@type\":\"ReadAction\",\"target\":[\"https:\/\/now-news.de\/de\/deutschland\/steinmeier-zu-streubomben-den-usa-nicht-in-den-arm-fallen\/\"]}]},{\"@type\":\"ImageObject\",\"inLanguage\":\"de\",\"@id\":\"https:\/\/now-news.de\/de\/deutschland\/steinmeier-zu-streubomben-den-usa-nicht-in-den-arm-fallen\/#primaryimage\",\"url\":\"https:\/\/now-news.de\/de\/wp-content\/uploads\/sites\/3\/2023\/07\/Steinmeier-zu-Streubomben-quotDen-USA-nicht-in-den-Arm-fallenquot.jpg\",\"contentUrl\":\"https:\/\/now-news.de\/de\/wp-content\/uploads\/sites\/3\/2023\/07\/Steinmeier-zu-Streubomben-quotDen-USA-nicht-in-den-Arm-fallenquot.jpg\",\"width\":460,\"height\":259,\"caption\":\"Steinmeier zu Streubomben: &quot;Den USA nicht in den Arm fallen&quot;\"},{\"@type\":\"BreadcrumbList\",\"@id\":\"https:\/\/now-news.de\/de\/deutschland\/steinmeier-zu-streubomben-den-usa-nicht-in-den-arm-fallen\/#breadcrumb\",\"itemListElement\":[{\"@type\":\"ListItem\",\"position\":1,\"name\":\"Home\",\"item\":\"https:\/\/now-news.de\/de\/\"},{\"@type\":\"ListItem\",\"position\":2,\"name\":\"Steinmeier zu Streubomben: &quot;Den USA nicht in den Arm fallen&quot;\"}]},{\"@type\":\"WebSite\",\"@id\":\"https:\/\/now-news.de\/de\/#website\",\"url\":\"https:\/\/now-news.de\/de\/\",\"name\":\"just-now.NEWS Deutschland\",\"description\":\"Das Portal f\u00fcr unzensierte Nachrichten aus der Welt\",\"publisher\":{\"@id\":\"https:\/\/now-news.de\/de\/#organization\"},\"potentialAction\":[{\"@type\":\"SearchAction\",\"target\":{\"@type\":\"EntryPoint\",\"urlTemplate\":\"https:\/\/now-news.de\/de\/?s={search_term_string}\"},\"query-input\":\"required name=search_term_string\"}],\"inLanguage\":\"de\"},{\"@type\":\"Organization\",\"@id\":\"https:\/\/now-news.de\/de\/#organization\",\"name\":\"Just Now News\",\"url\":\"https:\/\/now-news.de\/de\/\",\"logo\":{\"@type\":\"ImageObject\",\"inLanguage\":\"de\",\"@id\":\"https:\/\/now-news.de\/de\/#\/schema\/logo\/image\/\",\"url\":\"http:\/\/just-now.news\/de\/wp-content\/uploads\/sites\/3\/2022\/04\/logo500x500.jpg\",\"contentUrl\":\"http:\/\/just-now.news\/de\/wp-content\/uploads\/sites\/3\/2022\/04\/logo500x500.jpg\",\"width\":500,\"height\":500,\"caption\":\"Just Now News\"},\"image\":{\"@id\":\"https:\/\/now-news.de\/de\/#\/schema\/logo\/image\/\"},\"sameAs\":[\"https:\/\/www.facebook.com\/wirmachenauf\",\"https:\/\/x.com\/WirMachenAuf_de\"]},{\"@type\":\"Person\",\"@id\":\"https:\/\/now-news.de\/de\/#\/schema\/person\/fb534a4e865501d8b3285208df34a9b5\",\"name\":\"rtnews\",\"image\":{\"@type\":\"ImageObject\",\"inLanguage\":\"de\",\"@id\":\"https:\/\/now-news.de\/de\/#\/schema\/person\/image\/\",\"url\":\"https:\/\/secure.gravatar.com\/avatar\/82aafea7d8127119dd649515f56e2117?s=96&d=mm&r=g\",\"contentUrl\":\"https:\/\/secure.gravatar.com\/avatar\/82aafea7d8127119dd649515f56e2117?s=96&d=mm&r=g\",\"caption\":\"rtnews\"},\"url\":\"https:\/\/now-news.de\/de\/author\/rnews\/\"}]}<\/script>\n<!-- \/ Yoast SEO Premium plugin. -->","yoast_head_json":{"title":"Steinmeier zu Streubomben: &quot;Den USA nicht in den Arm fallen&quot; - just-now.NEWS Deutschland","robots":{"index":"index","follow":"follow","max-snippet":"max-snippet:-1","max-image-preview":"max-image-preview:large","max-video-preview":"max-video-preview:-1"},"canonical":"https:\/\/now-news.de\/de\/deutschland\/steinmeier-zu-streubomben-den-usa-nicht-in-den-arm-fallen\/","og_locale":"de_DE","og_type":"article","og_title":"Steinmeier zu Streubomben: &quot;Den USA nicht in den Arm fallen&quot;","og_description":"Moralische Bedenken habe man, hei\u00dft es quer durch Europa zur Lieferung von Streubomben. Die \u00e4u\u00dfert auch Bundespr\u00e4sident Steinmeier. Aber dann macht er sogleich den Scholz und erkl\u00e4rt, dass man das trotzdem hinnehmen m\u00fcsse, damit die Ukraine siegt. Von Dagmar Henn Auch US-Pr\u00e4sident Joe Biden hat inzwischen erkl\u00e4rt, die Lieferung von Streubomben an Kiew sei n\u00f6tig, [&hellip;]","og_url":"https:\/\/now-news.de\/de\/deutschland\/steinmeier-zu-streubomben-den-usa-nicht-in-den-arm-fallen\/","og_site_name":"just-now.NEWS Deutschland","article_publisher":"https:\/\/www.facebook.com\/wirmachenauf","article_published_time":"2023-07-09T13:30:23+00:00","og_image":[{"width":460,"height":259,"url":"https:\/\/now-news.de\/de\/wp-content\/uploads\/sites\/3\/2023\/07\/Steinmeier-zu-Streubomben-quotDen-USA-nicht-in-den-Arm-fallenquot.jpg","type":"image\/jpeg"}],"author":"rtnews","twitter_card":"summary_large_image","twitter_creator":"@WirMachenAuf_de","twitter_site":"@WirMachenAuf_de","twitter_misc":{"Verfasst von":"rtnews","Gesch\u00e4tzte Lesezeit":"4\u00a0Minuten"},"schema":{"@context":"https:\/\/schema.org","@graph":[{"@type":"Article","@id":"https:\/\/now-news.de\/de\/deutschland\/steinmeier-zu-streubomben-den-usa-nicht-in-den-arm-fallen\/#article","isPartOf":{"@id":"https:\/\/now-news.de\/de\/deutschland\/steinmeier-zu-streubomben-den-usa-nicht-in-den-arm-fallen\/"},"author":{"name":"rtnews","@id":"https:\/\/now-news.de\/de\/#\/schema\/person\/fb534a4e865501d8b3285208df34a9b5"},"headline":"Steinmeier zu Streubomben: &quot;Den USA nicht in den Arm fallen&quot;","datePublished":"2023-07-09T13:30:23+00:00","dateModified":"2023-07-09T13:30:23+00:00","mainEntityOfPage":{"@id":"https:\/\/now-news.de\/de\/deutschland\/steinmeier-zu-streubomben-den-usa-nicht-in-den-arm-fallen\/"},"wordCount":867,"commentCount":0,"publisher":{"@id":"https:\/\/now-news.de\/de\/#organization"},"image":{"@id":"https:\/\/now-news.de\/de\/deutschland\/steinmeier-zu-streubomben-den-usa-nicht-in-den-arm-fallen\/#primaryimage"},"thumbnailUrl":"https:\/\/now-news.de\/de\/wp-content\/uploads\/sites\/3\/2023\/07\/Steinmeier-zu-Streubomben-quotDen-USA-nicht-in-den-Arm-fallenquot.jpg","keywords":["arm","den","fallenquot","nicht","quotDen","Steinmeier","Streubomben","USA"],"articleSection":["Deutschland","Russland"],"inLanguage":"de","potentialAction":[{"@type":"CommentAction","name":"Comment","target":["https:\/\/now-news.de\/de\/deutschland\/steinmeier-zu-streubomben-den-usa-nicht-in-den-arm-fallen\/#respond"]}]},{"@type":"WebPage","@id":"https:\/\/now-news.de\/de\/deutschland\/steinmeier-zu-streubomben-den-usa-nicht-in-den-arm-fallen\/","url":"https:\/\/now-news.de\/de\/deutschland\/steinmeier-zu-streubomben-den-usa-nicht-in-den-arm-fallen\/","name":"Steinmeier zu Streubomben: &quot;Den USA nicht in den Arm fallen&quot; - just-now.NEWS Deutschland","isPartOf":{"@id":"https:\/\/now-news.de\/de\/#website"},"primaryImageOfPage":{"@id":"https:\/\/now-news.de\/de\/deutschland\/steinmeier-zu-streubomben-den-usa-nicht-in-den-arm-fallen\/#primaryimage"},"image":{"@id":"https:\/\/now-news.de\/de\/deutschland\/steinmeier-zu-streubomben-den-usa-nicht-in-den-arm-fallen\/#primaryimage"},"thumbnailUrl":"https:\/\/now-news.de\/de\/wp-content\/uploads\/sites\/3\/2023\/07\/Steinmeier-zu-Streubomben-quotDen-USA-nicht-in-den-Arm-fallenquot.jpg","datePublished":"2023-07-09T13:30:23+00:00","dateModified":"2023-07-09T13:30:23+00:00","breadcrumb":{"@id":"https:\/\/now-news.de\/de\/deutschland\/steinmeier-zu-streubomben-den-usa-nicht-in-den-arm-fallen\/#breadcrumb"},"inLanguage":"de","potentialAction":[{"@type":"ReadAction","target":["https:\/\/now-news.de\/de\/deutschland\/steinmeier-zu-streubomben-den-usa-nicht-in-den-arm-fallen\/"]}]},{"@type":"ImageObject","inLanguage":"de","@id":"https:\/\/now-news.de\/de\/deutschland\/steinmeier-zu-streubomben-den-usa-nicht-in-den-arm-fallen\/#primaryimage","url":"https:\/\/now-news.de\/de\/wp-content\/uploads\/sites\/3\/2023\/07\/Steinmeier-zu-Streubomben-quotDen-USA-nicht-in-den-Arm-fallenquot.jpg","contentUrl":"https:\/\/now-news.de\/de\/wp-content\/uploads\/sites\/3\/2023\/07\/Steinmeier-zu-Streubomben-quotDen-USA-nicht-in-den-Arm-fallenquot.jpg","width":460,"height":259,"caption":"Steinmeier zu Streubomben: &quot;Den USA nicht in den Arm fallen&quot;"},{"@type":"BreadcrumbList","@id":"https:\/\/now-news.de\/de\/deutschland\/steinmeier-zu-streubomben-den-usa-nicht-in-den-arm-fallen\/#breadcrumb","itemListElement":[{"@type":"ListItem","position":1,"name":"Home","item":"https:\/\/now-news.de\/de\/"},{"@type":"ListItem","position":2,"name":"Steinmeier zu Streubomben: &quot;Den USA nicht in den Arm fallen&quot;"}]},{"@type":"WebSite","@id":"https:\/\/now-news.de\/de\/#website","url":"https:\/\/now-news.de\/de\/","name":"just-now.NEWS Deutschland","description":"Das Portal f\u00fcr unzensierte Nachrichten aus der Welt","publisher":{"@id":"https:\/\/now-news.de\/de\/#organization"},"potentialAction":[{"@type":"SearchAction","target":{"@type":"EntryPoint","urlTemplate":"https:\/\/now-news.de\/de\/?s={search_term_string}"},"query-input":"required name=search_term_string"}],"inLanguage":"de"},{"@type":"Organization","@id":"https:\/\/now-news.de\/de\/#organization","name":"Just Now News","url":"https:\/\/now-news.de\/de\/","logo":{"@type":"ImageObject","inLanguage":"de","@id":"https:\/\/now-news.de\/de\/#\/schema\/logo\/image\/","url":"http:\/\/just-now.news\/de\/wp-content\/uploads\/sites\/3\/2022\/04\/logo500x500.jpg","contentUrl":"http:\/\/just-now.news\/de\/wp-content\/uploads\/sites\/3\/2022\/04\/logo500x500.jpg","width":500,"height":500,"caption":"Just Now News"},"image":{"@id":"https:\/\/now-news.de\/de\/#\/schema\/logo\/image\/"},"sameAs":["https:\/\/www.facebook.com\/wirmachenauf","https:\/\/x.com\/WirMachenAuf_de"]},{"@type":"Person","@id":"https:\/\/now-news.de\/de\/#\/schema\/person\/fb534a4e865501d8b3285208df34a9b5","name":"rtnews","image":{"@type":"ImageObject","inLanguage":"de","@id":"https:\/\/now-news.de\/de\/#\/schema\/person\/image\/","url":"https:\/\/secure.gravatar.com\/avatar\/82aafea7d8127119dd649515f56e2117?s=96&d=mm&r=g","contentUrl":"https:\/\/secure.gravatar.com\/avatar\/82aafea7d8127119dd649515f56e2117?s=96&d=mm&r=g","caption":"rtnews"},"url":"https:\/\/now-news.de\/de\/author\/rnews\/"}]}},"_links":{"self":[{"href":"https:\/\/now-news.de\/de\/wp-json\/wp\/v2\/posts\/39780"}],"collection":[{"href":"https:\/\/now-news.de\/de\/wp-json\/wp\/v2\/posts"}],"about":[{"href":"https:\/\/now-news.de\/de\/wp-json\/wp\/v2\/types\/post"}],"author":[{"embeddable":true,"href":"https:\/\/now-news.de\/de\/wp-json\/wp\/v2\/users\/3"}],"replies":[{"embeddable":true,"href":"https:\/\/now-news.de\/de\/wp-json\/wp\/v2\/comments?post=39780"}],"version-history":[{"count":0,"href":"https:\/\/now-news.de\/de\/wp-json\/wp\/v2\/posts\/39780\/revisions"}],"wp:featuredmedia":[{"embeddable":true,"href":"https:\/\/now-news.de\/de\/wp-json\/wp\/v2\/media\/39781"}],"wp:attachment":[{"href":"https:\/\/now-news.de\/de\/wp-json\/wp\/v2\/media?parent=39780"}],"wp:term":[{"taxonomy":"category","embeddable":true,"href":"https:\/\/now-news.de\/de\/wp-json\/wp\/v2\/categories?post=39780"},{"taxonomy":"post_tag","embeddable":true,"href":"https:\/\/now-news.de\/de\/wp-json\/wp\/v2\/tags?post=39780"}],"curies":[{"name":"wp","href":"https:\/\/api.w.org\/{rel}","templated":true}]}}