{"id":39778,"date":"2023-07-09T15:10:44","date_gmt":"2023-07-09T13:10:44","guid":{"rendered":"https:\/\/just-now.news\/de\/deutschland\/wie-gestaltet-sich-der-alltag-von-bewohnern-der-volksrepublik-lugansk\/"},"modified":"2023-07-09T15:10:44","modified_gmt":"2023-07-09T13:10:44","slug":"wie-gestaltet-sich-der-alltag-von-bewohnern-der-volksrepublik-lugansk","status":"publish","type":"post","link":"https:\/\/now-news.de\/de\/deutschland\/wie-gestaltet-sich-der-alltag-von-bewohnern-der-volksrepublik-lugansk\/","title":{"rendered":"Wie gestaltet sich der Alltag von Bewohnern der Volksrepublik Lugansk?"},"content":{"rendered":"<div class=\"Text-root Text-type_1 \">\n                Bewohner berichten \u00fcber die im Krieg erlittenen Schrecken in der Volksrepublik Lugansk, der ersten ehemals ukrainischen Region, die vollst\u00e4ndig unter die Kontrolle Russlands kam.\n            <\/div>\n<p><\/p>\n<div class=\"Text-root Text-type_5 ArticleView-text ViewText-root \">\n<p><em>Von Angelina Latypowa<\/em><\/p>\n<p>Die Volksrepublik Lugansk (LVR) war die erste ehemalige Region der Ukraine, die 2022 vollst\u00e4ndig unter die Kontrolle Russlands kam. Vor einem Jahr \u2013 am 3. Juli 2022 \u2013 gab der russische Verteidigungsminister Sergei Schoigu bekannt, dass die russischen Streitkr\u00e4fte zusammen mit den Einheiten der Volksmiliz der LVR die vollst\u00e4ndige Kontrolle \u00fcber die Stadt Lissitschansk und mehrere nahegelegene Siedlungen erlangt h\u00e4tten, darunter Belogorowka und Nowodruschesk, Malorjasanzewo und Belaja Gora. Allerdings blieb nicht das gesamte Gebiet dauerhaft unter russischer Kontrolle. Im vergangenen Herbst eroberten die ukrainischen Streitkr\u00e4fte mehrere Siedlungen an der Grenze zur Region Charkow zur\u00fcck. Das gr\u00f6\u00dfte davon ist das Dorf Makejewka mit etwa 1.000 Einwohnern.<\/p>\n<p>Trotz der anhaltenden K\u00e4mpfe sind die Menschen in der LVR seitdem damit besch\u00e4ftigt, ihre St\u00e4dte und Gemeinden wieder aufzubauen. Wie das Oberhaupt der LVR Leonid Pasetschnik k\u00fcrzlich sagte, haben die Ereignisse an der Front &#8220;im Gro\u00dfen und Ganzen keine besonderen Auswirkungen auf den Wiederaufbau der Region&#8221;.<\/p>\n<p>Angelina Latypowa ist f\u00fcr RT durch die Region gereist und hat mit den Menschen dort gesprochen, um mehr \u00fcber das heutige Leben in der Volksrepublik Lugansk zu erfahren.<\/p>\n<p><strong>\u00a0<\/strong><strong>Lugansk<\/strong><\/p>\n<p>Meine Reise durch den Donbass begann in Lugansk \u2013 der Stadt, in der vor neun Jahren die Zeit stehen blieb. Anders als in Donezk geht es jetzt hier friedlich zu. F\u00fcr die Einwohner von Lugansk ist das Schlimmste \u00fcberstanden. Lediglich aus der Ferne ert\u00f6nt gelegentlich dumpfes Grollen von Artillerie.<\/p>\n<figure class=\"RTImage-root\">\n<div class=\"RTImage-image RTImage-original\"><picture class=\"Picture-root Picture-original\"><!--[if IE 9]><video style=\"display: none;\"><![endif]--><source media=\"(-webkit-min-device-pixel-ratio: 2) and (min-resolution: 120dpi)\" data-srcset=\" \nhttp:\/\/just-now.news\/de\/wp-content\/uploads\/sites\/3\/2023\/07\/64a6a4d448fbef2b8918380d.jpg 850w,\n                http:\/\/just-now.news\/de\/wp-content\/uploads\/sites\/3\/2023\/07\/64a6a4d448fbef2b8918380d.jpg 1960w,\n            \" ><source data-srcset=\" \nhttp:\/\/just-now.news\/de\/wp-content\/uploads\/sites\/3\/2023\/07\/64a6a4d448fbef2b8918380d.jpg 460w,\n              http:\/\/just-now.news\/de\/wp-content\/uploads\/sites\/3\/2023\/07\/64a6a4d448fbef2b8918380d.jpg 980w,\n            \" ><!--[if IE 9]><\/video><![endif]--><img decoding=\"async\" data- src=\"data:image\/png;base64,iVBORw0KGgoAAAANSUhEUgAAABAAAAAJCAQAAACRI2S5AAAAEElEQVR42mNkIAAYRxWAAQAG9gAKqv6+AwAAAABJRU5ErkJggg==\" class=\"Picture-root Picture-original lazyload\" data-src=\"http:\/\/just-now.news\/de\/wp-content\/uploads\/sites\/3\/2023\/07\/64a6a4d448fbef2b8918380d.jpg\" alt=\"\"><\/source><\/source><\/picture><!-- noscript pattern --><noscript><img decoding=\"async\" src=\"http:\/\/just-now.news\/de\/wp-content\/uploads\/sites\/3\/2023\/07\/64a6a4d448fbef2b8918380d.jpg\" alt=\"\"><\/noscript><\/div><figcaption class=\"RTImage-footer\"><span class=\"RTImage-caption\"><span class=\"RTImage-captionItem\">Blick auf Lugansk am Abend<\/span><\/span><span class=\"RTImage-source\"><span class=\"RTImage-captionItem\">Angelina Latypowa<\/span><span class=\"RTImage-captionItem\"> \/ RT<\/span><\/span><\/figcaption><\/figure>\n<p>Die Einheimischen erinnern sich noch mit Schaudern an die Blockade der Stadt, die im Sommer 2014 begann. Viele berichteten von einem &#8220;umherfahrenden M\u00f6rser&#8221;, der sich w\u00e4hrend der Ausgangssperre durch die Stadt bewegte und die Anwohner &#8220;in Angst und Schrecken versetzte&#8221;. Wie sich sp\u00e4ter herausstellte, war der M\u00f6rser auf ein M\u00fcllauto montiert worden.<\/p>\n<figure class=\"RTImage-root\">\n<div class=\"RTImage-image RTImage-original\"><picture class=\"Picture-root Picture-original\"><!--[if IE 9]><video style=\"display: none;\"><![endif]--><source media=\"(-webkit-min-device-pixel-ratio: 2) and (min-resolution: 120dpi)\" data-srcset=\" \nhttp:\/\/just-now.news\/de\/wp-content\/uploads\/sites\/3\/2023\/07\/64a6a51cb480cc74561bcd26.jpg 850w,\n                http:\/\/just-now.news\/de\/wp-content\/uploads\/sites\/3\/2023\/07\/64a6a51cb480cc74561bcd26.jpg 1960w,\n            \" ><source data-srcset=\" \nhttp:\/\/just-now.news\/de\/wp-content\/uploads\/sites\/3\/2023\/07\/64a6a51cb480cc74561bcd26.jpg 460w,\n              http:\/\/just-now.news\/de\/wp-content\/uploads\/sites\/3\/2023\/07\/64a6a51cb480cc74561bcd26.jpg 980w,\n            \" ><!--[if IE 9]><\/video><![endif]--><img decoding=\"async\" data- src=\"data:image\/png;base64,iVBORw0KGgoAAAANSUhEUgAAABAAAAAJCAQAAACRI2S5AAAAEElEQVR42mNkIAAYRxWAAQAG9gAKqv6+AwAAAABJRU5ErkJggg==\" class=\"Picture-root Picture-original lazyload\" data-src=\"http:\/\/just-now.news\/de\/wp-content\/uploads\/sites\/3\/2023\/07\/64a6a51cb480cc74561bcd26.jpg\" alt=\"\"><\/source><\/source><\/picture><!-- noscript pattern --><noscript><img decoding=\"async\" src=\"http:\/\/just-now.news\/de\/wp-content\/uploads\/sites\/3\/2023\/07\/64a6a51cb480cc74561bcd26.jpg\" alt=\"\"><\/noscript><\/div><figcaption class=\"RTImage-footer\"><span class=\"RTImage-caption\"><span class=\"RTImage-captionItem\">Ein Graffiti an der Schule Nr. 7 mit der Aufschrift #Rettet das Volk im Donbass vor der ukrainischen Armee<\/span><\/span><span class=\"RTImage-source\"><span class=\"RTImage-captionItem\">Angelina Latypowa<\/span><span class=\"RTImage-captionItem\"> \/ RT<\/span><\/span><\/figcaption><\/figure>\n<p>W\u00e4hrend der Luftangriffe durch die ukrainische Luftwaffe auf Lugansk im Jahr 2014 versteckten sich viele Einwohner in der Schule Nr. 7. Doch nach einem Artillerieangriff der Streitkr\u00e4fte der Ukraine (AFU) auf die Schule fing das Geb\u00e4ude Feuer. Zu diesem Zeitpunkt stand Lugansk unter einer Blockade, und es gab kein Wasser in der Stadt, sodass Br\u00e4nde nicht gel\u00f6scht werden konnten. Diese Schule war seit 1927 in Betrieb. Infolge dieses Angriffs starben f\u00fcnf Menschen, darunter ein Kind.<\/p>\n<figure class=\"RTImage-root\">\n<div class=\"RTImage-image RTImage-original\"><picture class=\"Picture-root Picture-original\"><!--[if IE 9]><video style=\"display: none;\"><![endif]--><source media=\"(-webkit-min-device-pixel-ratio: 2) and (min-resolution: 120dpi)\" data-srcset=\" \nhttp:\/\/just-now.news\/de\/wp-content\/uploads\/sites\/3\/2023\/07\/64a6a54948fbef2bb64f567e.jpg 850w,\n                http:\/\/just-now.news\/de\/wp-content\/uploads\/sites\/3\/2023\/07\/64a6a54948fbef2bb64f567e.jpg 1960w,\n            \" ><source data-srcset=\" \nhttp:\/\/just-now.news\/de\/wp-content\/uploads\/sites\/3\/2023\/07\/64a6a54948fbef2bb64f567e.jpg 460w,\n              http:\/\/just-now.news\/de\/wp-content\/uploads\/sites\/3\/2023\/07\/64a6a54948fbef2bb64f567e.jpg 980w,\n            \" ><!--[if IE 9]><\/video><![endif]--><img decoding=\"async\" data- src=\"data:image\/png;base64,iVBORw0KGgoAAAANSUhEUgAAABAAAAAJCAQAAACRI2S5AAAAEElEQVR42mNkIAAYRxWAAQAG9gAKqv6+AwAAAABJRU5ErkJggg==\" class=\"Picture-root Picture-original lazyload\" data-src=\"http:\/\/just-now.news\/de\/wp-content\/uploads\/sites\/3\/2023\/07\/64a6a54948fbef2bb64f567e.jpg\" alt=\"\"><\/source><\/source><\/picture><!-- noscript pattern --><noscript><img decoding=\"async\" src=\"http:\/\/just-now.news\/de\/wp-content\/uploads\/sites\/3\/2023\/07\/64a6a54948fbef2bb64f567e.jpg\" alt=\"\"><\/noscript><\/div><figcaption class=\"RTImage-footer\"><span class=\"RTImage-caption\"><span class=\"RTImage-captionItem\">Eine Stra\u00dfe in Lugansk<\/span><\/span><span class=\"RTImage-source\"><span class=\"RTImage-captionItem\">Angelina Latypowa<\/span><span class=\"RTImage-captionItem\"> \/ RT<\/span><\/span><\/figcaption><\/figure>\n<p><strong>\u00a0<\/strong><strong>Altschewsk<\/strong><\/p>\n<p>Altschewsk ist eine Stadt im s\u00fcdwestlichen Teil der LVR mit etwas mehr als 100.000 Einwohnern. Wie Lugansk war auch diese Stadt seit 2014 nicht mehr unter der Kontrolle von Kiew. Ksenia, eine Freiwillige aus Moskau, die in dieser Stadt geboren und aufgewachsen ist, f\u00fchrte mich herum.<\/p>\n<figure class=\"RTImage-root\">\n<div class=\"RTImage-image RTImage-original\"><picture class=\"Picture-root Picture-original\"><!--[if IE 9]><video style=\"display: none;\"><![endif]--><source media=\"(-webkit-min-device-pixel-ratio: 2) and (min-resolution: 120dpi)\" data-srcset=\" \nhttp:\/\/just-now.news\/de\/wp-content\/uploads\/sites\/3\/2023\/07\/64a6a578b480cc745855f92f.jpg 850w,\n                http:\/\/just-now.news\/de\/wp-content\/uploads\/sites\/3\/2023\/07\/64a6a578b480cc745855f92f.jpg 1960w,\n            \" ><source data-srcset=\" \nhttp:\/\/just-now.news\/de\/wp-content\/uploads\/sites\/3\/2023\/07\/64a6a578b480cc745855f92f.jpg 460w,\n              http:\/\/just-now.news\/de\/wp-content\/uploads\/sites\/3\/2023\/07\/64a6a578b480cc745855f92f.jpg 980w,\n            \" ><!--[if IE 9]><\/video><![endif]--><img decoding=\"async\" data- src=\"data:image\/png;base64,iVBORw0KGgoAAAANSUhEUgAAABAAAAAJCAQAAACRI2S5AAAAEElEQVR42mNkIAAYRxWAAQAG9gAKqv6+AwAAAABJRU5ErkJggg==\" class=\"Picture-root Picture-original lazyload\" data-src=\"http:\/\/just-now.news\/de\/wp-content\/uploads\/sites\/3\/2023\/07\/64a6a578b480cc745855f92f.jpg\" alt=\"\"><\/source><\/source><\/picture><!-- noscript pattern --><noscript><img decoding=\"async\" src=\"http:\/\/just-now.news\/de\/wp-content\/uploads\/sites\/3\/2023\/07\/64a6a578b480cc745855f92f.jpg\" alt=\"\"><\/noscript><\/div><figcaption class=\"RTImage-footer\"><span class=\"RTImage-caption\"><span class=\"RTImage-captionItem\">Ksenia ist eine freiwillige Helferin, die aus Moskau angereist ist, um in ihrer Heimatstadt Altschewsk humanit\u00e4re Hilfe zu organisieren.<\/span><\/span><span class=\"RTImage-source\"><span class=\"RTImage-captionItem\">Angelina Latypowa<\/span><span class=\"RTImage-captionItem\"> \/ RT<\/span><\/span><\/figcaption><\/figure>\n<p>Vergangenes Jahr ist Ksenias Sohn Rostislaw bei K\u00e4mpfen nahe Popasnaja gefallen. Er war B\u00fcrger der LVR und wurde wie seine Mutter in diesem Ort geboren. Als die Mobilmachung angek\u00fcndigt wurde, meldete er sich freiwillig, um seine Kameraden zu unterst\u00fctzen, die hier bereits seit 2014 k\u00e4mpften. Am 12. M\u00e4rz wurde Ksenia mitgeteilt, dass Rostislaw gefallen sei. Zuerst hielt sie es f\u00fcr einen Missverst\u00e4ndnis und machte sich in den \u00f6rtlichen Krankenh\u00e4usern auf die Suche nach ihrem Sohn. Schlie\u00dflich hat sich die schreckliche Nachricht jedoch bewahrheitet.<\/p>\n<figure class=\"RTImage-root\">\n<div class=\"RTImage-image RTImage-original\"><picture class=\"Picture-root Picture-original\"><!--[if IE 9]><video style=\"display: none;\"><![endif]--><source media=\"(-webkit-min-device-pixel-ratio: 2) and (min-resolution: 120dpi)\" data-srcset=\" \nhttp:\/\/just-now.news\/de\/wp-content\/uploads\/sites\/3\/2023\/07\/64a6a5a548fbef21d2527820.jpg 850w,\n                http:\/\/just-now.news\/de\/wp-content\/uploads\/sites\/3\/2023\/07\/64a6a5a548fbef21d2527820.jpg 1960w,\n            \" ><source data-srcset=\" \nhttp:\/\/just-now.news\/de\/wp-content\/uploads\/sites\/3\/2023\/07\/64a6a5a548fbef21d2527820.jpg 460w,\n              http:\/\/just-now.news\/de\/wp-content\/uploads\/sites\/3\/2023\/07\/64a6a5a548fbef21d2527820.jpg 980w,\n            \" ><!--[if IE 9]><\/video><![endif]--><img decoding=\"async\" data- src=\"data:image\/png;base64,iVBORw0KGgoAAAANSUhEUgAAABAAAAAJCAQAAACRI2S5AAAAEElEQVR42mNkIAAYRxWAAQAG9gAKqv6+AwAAAABJRU5ErkJggg==\" class=\"Picture-root Picture-original lazyload\" data-src=\"http:\/\/just-now.news\/de\/wp-content\/uploads\/sites\/3\/2023\/07\/64a6a5a548fbef21d2527820.jpg\" alt=\"\"><\/source><\/source><\/picture><!-- noscript pattern --><noscript><img decoding=\"async\" src=\"http:\/\/just-now.news\/de\/wp-content\/uploads\/sites\/3\/2023\/07\/64a6a5a548fbef21d2527820.jpg\" alt=\"\"><\/noscript><\/div><figcaption class=\"RTImage-footer\"><span class=\"RTImage-caption\"><span class=\"RTImage-captionItem\">Ein Hotel in Altschewsk, das im November 2022 durch einen ukrainischen HIMARS-Angriff besch\u00e4digt wurde<\/span><\/span><span class=\"RTImage-source\"><span class=\"RTImage-captionItem\">Angelina Latypowa<\/span><span class=\"RTImage-captionItem\"> \/ RT<\/span><\/span><\/figcaption><\/figure>\n<p>Nach der Trag\u00f6die trat Ksenia der &#8220;Nahrung des Lebens&#8221; bei und half den Bewohnern der Siedlung Trjochisbenka, die ebenfalls in der LVR liegt. Sie sei schockiert gewesen \u00fcber die unmenschlichen Bedingungen, unter denen die Einheimischen nach dem R\u00fcckzug der ukrainischen Armee zur\u00fcckgelassen wurden.<\/p>\n<p>&#8220;Die Ukrainer zerst\u00f6rten absichtlich die Infrastruktur, sodass die Menschen und die Gebiete, die wir einnahmen, in einem schrecklichen Zustand waren. Die Leute hatten nichts, was sie zum normalen Leben brauchten, sie kamen weinend auf mich zu und sagten: &#8216;Wir haben nichts mehr.&#8217; Ich konnte nicht gleichg\u00fcltig bleiben, und so begann ich zu helfen.&#8221;<\/p>\n<figure class=\"RTImage-root\">\n<div class=\"RTImage-image RTImage-original\"><picture class=\"Picture-root Picture-original\"><!--[if IE 9]><video style=\"display: none;\"><![endif]--><source media=\"(-webkit-min-device-pixel-ratio: 2) and (min-resolution: 120dpi)\" data-srcset=\" \nhttp:\/\/just-now.news\/de\/wp-content\/uploads\/sites\/3\/2023\/07\/64a6a5edb480cc7484340442.jpg 850w,\n                http:\/\/just-now.news\/de\/wp-content\/uploads\/sites\/3\/2023\/07\/64a6a5edb480cc7484340442.jpg 1960w,\n            \" ><source data-srcset=\" \nhttp:\/\/just-now.news\/de\/wp-content\/uploads\/sites\/3\/2023\/07\/64a6a5edb480cc7484340442.jpg 460w,\n              http:\/\/just-now.news\/de\/wp-content\/uploads\/sites\/3\/2023\/07\/64a6a5edb480cc7484340442.jpg 980w,\n            \" ><!--[if IE 9]><\/video><![endif]--><img decoding=\"async\" data- src=\"data:image\/png;base64,iVBORw0KGgoAAAANSUhEUgAAABAAAAAJCAQAAACRI2S5AAAAEElEQVR42mNkIAAYRxWAAQAG9gAKqv6+AwAAAABJRU5ErkJggg==\" class=\"Picture-root Picture-original lazyload\" data-src=\"http:\/\/just-now.news\/de\/wp-content\/uploads\/sites\/3\/2023\/07\/64a6a5edb480cc7484340442.jpg\" alt=\"\"><\/source><\/source><\/picture><!-- noscript pattern --><noscript><img decoding=\"async\" src=\"http:\/\/just-now.news\/de\/wp-content\/uploads\/sites\/3\/2023\/07\/64a6a5edb480cc7484340442.jpg\" alt=\"\"><\/noscript><\/div><figcaption class=\"RTImage-footer\"><span class=\"RTImage-caption\"><span class=\"RTImage-captionItem\">Das verlassene Geb\u00e4ude vom Kino Metallurg in Altschewsk<\/span><\/span><span class=\"RTImage-source\"><span class=\"RTImage-captionItem\">Angelina Latypowa<\/span><span class=\"RTImage-captionItem\"> \/ RT<\/span><\/span><\/figcaption><\/figure>\n<p>Zusammen mit ihren Freunden begann Ksenia, humanit\u00e4re Hilfe f\u00fcr die Menschen in Trjochisbenka, Mariupol und f\u00fcr andere von den K\u00e4mpfen betroffene Orte zu organisieren. Zun\u00e4chst verteilten sie Hilfsg\u00fcter nur an Zivilisten, sp\u00e4ter begannen sie aber auch, russische Soldaten zu unterst\u00fctzen. Ksenia k\u00fcmmert sich auch um Kriegsveteranen im Donbass. Wir begleiteten sie zu einem Besuch bei Nikolai Soldatenko, einem Veteran, der sich 2014 freiwillig zur Verteidigung des Donbass gemeldet hatte. Es ist drei Jahre her, seit Nikolay nicht mehr laufen kann. Am Tag des Grenzschutzes &#8220;schenkten&#8221; die Ukrainer seiner Einheit einen Artillerieangriff bei dem er von einem Granatsplitter am R\u00fcckgrat getroffen wurde. Lange Zeit war er v\u00f6llig bewegungsunf\u00e4hig. \u00c4rzte aus Lugansk sagten ihm, er werde nie wieder laufen k\u00f6nnen. Aber dank Spezialisten aus Moskau lernt er jetzt wieder das Gehen, vorerst noch mit einer Gehhilfe.<\/p>\n<figure class=\"RTImage-root\">\n<div class=\"RTImage-image RTImage-original\"><picture class=\"Picture-root Picture-original\"><!--[if IE 9]><video style=\"display: none;\"><![endif]--><source media=\"(-webkit-min-device-pixel-ratio: 2) and (min-resolution: 120dpi)\" data-srcset=\" \nhttp:\/\/just-now.news\/de\/wp-content\/uploads\/sites\/3\/2023\/07\/64a6a61748fbef2adc3a0e9c.jpg 850w,\n                http:\/\/just-now.news\/de\/wp-content\/uploads\/sites\/3\/2023\/07\/64a6a61748fbef2adc3a0e9c.jpg 1960w,\n            \" ><source data-srcset=\" \nhttp:\/\/just-now.news\/de\/wp-content\/uploads\/sites\/3\/2023\/07\/64a6a61748fbef2adc3a0e9c.jpg 460w,\n              http:\/\/just-now.news\/de\/wp-content\/uploads\/sites\/3\/2023\/07\/64a6a61748fbef2adc3a0e9c.jpg 980w,\n            \" ><!--[if IE 9]><\/video><![endif]--><img decoding=\"async\" data- src=\"data:image\/png;base64,iVBORw0KGgoAAAANSUhEUgAAABAAAAAJCAQAAACRI2S5AAAAEElEQVR42mNkIAAYRxWAAQAG9gAKqv6+AwAAAABJRU5ErkJggg==\" class=\"Picture-root Picture-original lazyload\" data-src=\"http:\/\/just-now.news\/de\/wp-content\/uploads\/sites\/3\/2023\/07\/64a6a61748fbef2adc3a0e9c.jpg\" alt=\"\"><\/source><\/source><\/picture><!-- noscript pattern --><noscript><img decoding=\"async\" src=\"http:\/\/just-now.news\/de\/wp-content\/uploads\/sites\/3\/2023\/07\/64a6a61748fbef2adc3a0e9c.jpg\" alt=\"\"><\/noscript><\/div><figcaption class=\"RTImage-footer\"><span class=\"RTImage-caption\"><span class=\"RTImage-captionItem\">Nikolai in seiner Wohnung w\u00e4hrend der Physiotherapie<\/span><\/span><span class=\"RTImage-source\"><span class=\"RTImage-captionItem\">Angelina Latypowa<\/span><span class=\"RTImage-captionItem\"> \/ RT<\/span><\/span><\/figcaption><\/figure>\n<p>Nikolai stammt aus Jenakijewo in der Volksrepublik Donezk, arbeitete aber zu Beginn der K\u00e4mpfe im Jahr 2014 in einem Kombinat in Altschewsk.<\/p>\n<p>&#8220;Am 6. April wurde das Geb\u00e4ude des Sicherheitsdienstes der Ukraine in Lugansk gest\u00fcrmt. Und ab da ging es bergab. Auch wenn es schon zuvor zu Zusammenst\u00f6\u00dfen und K\u00e4mpfen in Slawjansk gekommen war, hofften alle, dass es nicht zu einem ausgepr\u00e4gten Krieg kommen w\u00fcrde. Russische Sprache, ukrainische Sprache \u2013 ich war nie gegen die ukrainische Sprache. Aber als sie anfingen, \u00fcber Bandera zu reden und uns zu sagen &#8216;Mit euch stimmt etwas nicht&#8217;, wurde allm\u00e4hlich alles klar. Und als sie Lugansk, Staniza Luganskaja und Kondraschowka angriffen, hatte ich keinen Zweifel mehr.&#8221;<\/p>\n<figure class=\"RTImage-root\">\n<div class=\"RTImage-image RTImage-original\"><picture class=\"Picture-root Picture-original\"><!--[if IE 9]><video style=\"display: none;\"><![endif]--><source media=\"(-webkit-min-device-pixel-ratio: 2) and (min-resolution: 120dpi)\" data-srcset=\" \nhttp:\/\/just-now.news\/de\/wp-content\/uploads\/sites\/3\/2023\/07\/64a6a644b480cc749503f731.jpg 850w,\n                http:\/\/just-now.news\/de\/wp-content\/uploads\/sites\/3\/2023\/07\/64a6a644b480cc749503f731.jpg 1960w,\n            \" ><source data-srcset=\" \nhttp:\/\/just-now.news\/de\/wp-content\/uploads\/sites\/3\/2023\/07\/64a6a644b480cc749503f731.jpg 460w,\n              http:\/\/just-now.news\/de\/wp-content\/uploads\/sites\/3\/2023\/07\/64a6a644b480cc749503f731.jpg 980w,\n            \" ><!--[if IE 9]><\/video><![endif]--><img decoding=\"async\" data- src=\"data:image\/png;base64,iVBORw0KGgoAAAANSUhEUgAAABAAAAAJCAQAAACRI2S5AAAAEElEQVR42mNkIAAYRxWAAQAG9gAKqv6+AwAAAABJRU5ErkJggg==\" class=\"Picture-root Picture-original lazyload\" data-src=\"http:\/\/just-now.news\/de\/wp-content\/uploads\/sites\/3\/2023\/07\/64a6a644b480cc749503f731.jpg\" alt=\"\"><\/source><\/source><\/picture><!-- noscript pattern --><noscript><img decoding=\"async\" src=\"http:\/\/just-now.news\/de\/wp-content\/uploads\/sites\/3\/2023\/07\/64a6a644b480cc749503f731.jpg\" alt=\"\"><\/noscript><\/div><figcaption class=\"RTImage-footer\"><span class=\"RTImage-caption\"><span class=\"RTImage-captionItem\">Stra\u00dfen in Altschewsk<\/span><\/span><span class=\"RTImage-source\"><span class=\"RTImage-captionItem\">Angelina Latypowa<\/span><span class=\"RTImage-captionItem\"> \/ RT<\/span><\/span><\/figcaption><\/figure>\n<p>Viele Verwandte und Freunde von Nikolai schlossen sich der \u00f6rtlichen Miliz an, und er folgte ihrem Beispiel. Er sagte, dass es sich bei den meisten K\u00e4mpfern um junge M\u00e4nner ohne jegliche milit\u00e4rische Erfahrung gehandelt habe. Menschen wie Nikolai wurden von den ukrainischen Beh\u00f6rden als &#8220;Terroristen&#8221; und &#8220;Separatisten&#8221; bezeichnet. Nikolai selbst sagte, dass er f\u00fcr seine Kinder gek\u00e4mpft habe.<\/p>\n<p>&#8220;Ich habe gek\u00e4mpft, weil ich nicht wollte, dass meinen Kindern jener Unsinn beigebracht wird, den man jetzt den Kindern in der Ukraine beibringt. Ich wollte, dass sie wissen, dass meine Gro\u00dfv\u00e4ter Berlin erobert haben und sich nicht in den W\u00e4ldern Transkarpatien verschanzt hatten, um gegen die Rote Armee zu k\u00e4mpfen. Dagegen habe ich mich gewehrt.&#8221;<\/p>\n<figure class=\"RTImage-root\">\n<div class=\"RTImage-image RTImage-original\"><picture class=\"Picture-root Picture-original\"><!--[if IE 9]><video style=\"display: none;\"><![endif]--><source media=\"(-webkit-min-device-pixel-ratio: 2) and (min-resolution: 120dpi)\" data-srcset=\" \nhttp:\/\/just-now.news\/de\/wp-content\/uploads\/sites\/3\/2023\/07\/64a6a670b480cc734159934c.jpg 850w,\n                http:\/\/just-now.news\/de\/wp-content\/uploads\/sites\/3\/2023\/07\/64a6a670b480cc734159934c.jpg 1960w,\n            \" ><source data-srcset=\" \nhttp:\/\/just-now.news\/de\/wp-content\/uploads\/sites\/3\/2023\/07\/64a6a670b480cc734159934c.jpg 460w,\n              http:\/\/just-now.news\/de\/wp-content\/uploads\/sites\/3\/2023\/07\/64a6a670b480cc734159934c.jpg 980w,\n            \" ><!--[if IE 9]><\/video><![endif]--><img decoding=\"async\" data- src=\"data:image\/png;base64,iVBORw0KGgoAAAANSUhEUgAAABAAAAAJCAQAAACRI2S5AAAAEElEQVR42mNkIAAYRxWAAQAG9gAKqv6+AwAAAABJRU5ErkJggg==\" class=\"Picture-root Picture-original lazyload\" data-src=\"http:\/\/just-now.news\/de\/wp-content\/uploads\/sites\/3\/2023\/07\/64a6a670b480cc734159934c.jpg\" alt=\"\"><\/source><\/source><\/picture><!-- noscript pattern --><noscript><img decoding=\"async\" src=\"http:\/\/just-now.news\/de\/wp-content\/uploads\/sites\/3\/2023\/07\/64a6a670b480cc734159934c.jpg\" alt=\"\"><\/noscript><\/div><figcaption class=\"RTImage-footer\"><span class=\"RTImage-caption\"><span class=\"RTImage-captionItem\">Junge Leute radeln an der \u00f6rtlichen Hochschule vorbei. Am 4. Dezember 2022 traf eine Rakete ein Wohnheim neben der Hochschule und besch\u00e4digte beide Geb\u00e4ude.<\/span><\/span><span class=\"RTImage-source\"><span class=\"RTImage-captionItem\">Angelina Latypowa<\/span><span class=\"RTImage-captionItem\"> \/ RT<\/span><\/span><\/figcaption><\/figure>\n<p>Nach dem ersten Minsker Abkommen \u00e4nderte sich an der Lage in der Region nicht viel \u2013 die ukrainische Armee hielt sich gr\u00f6\u00dftenteils nicht an den Waffenstillstand. Minsk 2 hat auch nicht viel gebracht. Nikolai sagte, die LVR habe zu dem Zeitpunkt schon lange auf den Beistand durch Russland gewartet. Aufgrund der Vorbereitungen der ukrainischen Armee wusste man in Moskau, dass die Streitkr\u00e4fte der Miliz allein damit nicht zurechtkommen w\u00fcrden.<\/p>\n<p>&#8220;Jetzt haben die Menschen nicht nur Hoffnung, sie sind auch zuversichtlich, dass wir nicht im Stich gelassen werden. Der Stellenwert der K\u00e4mpfe hat sich ge\u00e4ndert, und unser Stellenwert hat sich ge\u00e4ndert \u2013 wir sind jetzt ein Teil von Russland, wir werden nicht l\u00e4nger als &#8216;selbsternannt&#8217; bezeichnet, wir wurden anerkannt, wir wurden akzeptiert.&#8221;<\/p>\n<p><strong>Sewerodonezk<\/strong><\/p>\n<p>Anders als Lugansk und Altschewsk stand Sewerodonezk von 2014 bis 2022 unter ukrainischer Kontrolle und diente sogar als Verwaltungszentrum. Nach vier Monaten erbitterter K\u00e4mpfe wurde Sewerodonezk Ende Juni 2022 vollst\u00e4ndig befreit.<\/p>\n<p>Wir sprachen mit einem Mann, der Eimer mit Wasser durch einen der am st\u00e4rksten zerst\u00f6rten Innenh\u00f6fe der Stadt trug. Wie sich herausstellte, wohnte er in der einzigen nicht zerst\u00f6rten Wohnung in diesem Geb\u00e4udeteil. Da es immer noch kein flie\u00dfendes Wasser gibt, muss es der Mann m\u00fchsam in Eimern nach Hause tragen. Au\u00dferdem stellte er die Stromversorgung seiner Wohnung wieder her und baute einen Holzofen zum Heizen. Seine Familie erh\u00e4lt jeden Monat humanit\u00e4re Hilfe aus Russland.<\/p>\n<figure class=\"RTImage-root\">\n<div class=\"RTImage-image RTImage-original\"><picture class=\"Picture-root Picture-original\"><!--[if IE 9]><video style=\"display: none;\"><![endif]--><source media=\"(-webkit-min-device-pixel-ratio: 2) and (min-resolution: 120dpi)\" data-srcset=\" \nhttp:\/\/just-now.news\/de\/wp-content\/uploads\/sites\/3\/2023\/07\/64a6a6a748fbef2b2d76eac0.jpg 850w,\n                http:\/\/just-now.news\/de\/wp-content\/uploads\/sites\/3\/2023\/07\/64a6a6a748fbef2b2d76eac0.jpg 1960w,\n            \" ><source data-srcset=\" \nhttp:\/\/just-now.news\/de\/wp-content\/uploads\/sites\/3\/2023\/07\/64a6a6a748fbef2b2d76eac0.jpg 460w,\n              http:\/\/just-now.news\/de\/wp-content\/uploads\/sites\/3\/2023\/07\/64a6a6a748fbef2b2d76eac0.jpg 980w,\n            \" ><!--[if IE 9]><\/video><![endif]--><img decoding=\"async\" data- src=\"data:image\/png;base64,iVBORw0KGgoAAAANSUhEUgAAABAAAAAJCAQAAACRI2S5AAAAEElEQVR42mNkIAAYRxWAAQAG9gAKqv6+AwAAAABJRU5ErkJggg==\" class=\"Picture-root Picture-original lazyload\" data-src=\"http:\/\/just-now.news\/de\/wp-content\/uploads\/sites\/3\/2023\/07\/64a6a6a748fbef2b2d76eac0.jpg\" alt=\"\"><\/source><\/source><\/picture><!-- noscript pattern --><noscript><img decoding=\"async\" src=\"http:\/\/just-now.news\/de\/wp-content\/uploads\/sites\/3\/2023\/07\/64a6a6a748fbef2b2d76eac0.jpg\" alt=\"\"><\/noscript><\/div><figcaption class=\"RTImage-footer\"><span class=\"RTImage-caption\"><span class=\"RTImage-captionItem\">Bewohner eines zerst\u00f6rten Wohnhauses in Sewerodonezk<\/span><\/span><span class=\"RTImage-source\"><span class=\"RTImage-captionItem\">Angelina Latypowa<\/span><span class=\"RTImage-captionItem\"> \/ RT<\/span><\/span><\/figcaption><\/figure>\n<p>Drei Monate lang fuhren ukrainische Panzer durch die Wohngebiete von Sewerodonezk. Der Mann berichtete, dass die AFU Wohngeb\u00e4ude als Schie\u00dfunterst\u00e4nde benutzte und auch Keller und Wohnungen f\u00fcr milit\u00e4rische Zwecke. Wenn sie unbeteiligte Passanten auf der Stra\u00dfe sahen, h\u00e4tten sie sofort auf sie geschossen, behauptete er.<\/p>\n<figure class=\"RTImage-root\">\n<div class=\"RTImage-image RTImage-original\"><picture class=\"Picture-root Picture-original\"><!--[if IE 9]><video style=\"display: none;\"><![endif]--><source media=\"(-webkit-min-device-pixel-ratio: 2) and (min-resolution: 120dpi)\" data-srcset=\" \nhttp:\/\/just-now.news\/de\/wp-content\/uploads\/sites\/3\/2023\/07\/64a6a6cfb480cc749503f735.jpg 850w,\n                http:\/\/just-now.news\/de\/wp-content\/uploads\/sites\/3\/2023\/07\/64a6a6cfb480cc749503f735.jpg 1960w,\n            \" ><source data-srcset=\" \nhttp:\/\/just-now.news\/de\/wp-content\/uploads\/sites\/3\/2023\/07\/64a6a6cfb480cc749503f735.jpg 460w,\n              http:\/\/just-now.news\/de\/wp-content\/uploads\/sites\/3\/2023\/07\/64a6a6cfb480cc749503f735.jpg 980w,\n            \" ><!--[if IE 9]><\/video><![endif]--><img decoding=\"async\" data- src=\"data:image\/png;base64,iVBORw0KGgoAAAANSUhEUgAAABAAAAAJCAQAAACRI2S5AAAAEElEQVR42mNkIAAYRxWAAQAG9gAKqv6+AwAAAABJRU5ErkJggg==\" class=\"Picture-root Picture-original lazyload\" data-src=\"http:\/\/just-now.news\/de\/wp-content\/uploads\/sites\/3\/2023\/07\/64a6a6cfb480cc749503f735.jpg\" alt=\"\"><\/source><\/source><\/picture><!-- noscript pattern --><noscript><img decoding=\"async\" src=\"http:\/\/just-now.news\/de\/wp-content\/uploads\/sites\/3\/2023\/07\/64a6a6cfb480cc749503f735.jpg\" alt=\"\"><\/noscript><\/div><figcaption class=\"RTImage-footer\"><span class=\"RTImage-caption\"><span class=\"RTImage-captionItem\">Der Mann und sein Nachbar brachten Spielzeug in den Hof.<\/span><\/span><span class=\"RTImage-source\"><span class=\"RTImage-captionItem\">Angelina Latypowa<\/span><span class=\"RTImage-captionItem\"> \/ RT<\/span><\/span><\/figcaption><\/figure>\n<p>&#8220;Am 24. Februar fuhren 15 ukrainische Panzer in die Stadt hinein. Sie begannen wild um sich zu schie\u00dfen, damit die Leute fliehen. Jede Etage des Geb\u00e4udes brannte \u00fcber 40 Minuten lang. Dann ging es zum n\u00e4chsten und dann zum \u00fcbern\u00e4chsten und so weiter. Alles wurde niedergebrannt.&#8221;<\/p>\n<figure class=\"RTImage-root\">\n<div class=\"RTImage-image RTImage-original\"><picture class=\"Picture-root Picture-original\"><!--[if IE 9]><video style=\"display: none;\"><![endif]--><source media=\"(-webkit-min-device-pixel-ratio: 2) and (min-resolution: 120dpi)\" data-srcset=\" \nhttp:\/\/just-now.news\/de\/wp-content\/uploads\/sites\/3\/2023\/07\/64a6a70648fbef2bfd6a0094.jpg 850w,\n                http:\/\/just-now.news\/de\/wp-content\/uploads\/sites\/3\/2023\/07\/64a6a70648fbef2bfd6a0094.jpg 1960w,\n            \" ><source data-srcset=\" \nhttp:\/\/just-now.news\/de\/wp-content\/uploads\/sites\/3\/2023\/07\/64a6a70648fbef2bfd6a0094.jpg 460w,\n              http:\/\/just-now.news\/de\/wp-content\/uploads\/sites\/3\/2023\/07\/64a6a70648fbef2bfd6a0094.jpg 980w,\n            \" ><!--[if IE 9]><\/video><![endif]--><img decoding=\"async\" data- src=\"data:image\/png;base64,iVBORw0KGgoAAAANSUhEUgAAABAAAAAJCAQAAACRI2S5AAAAEElEQVR42mNkIAAYRxWAAQAG9gAKqv6+AwAAAABJRU5ErkJggg==\" class=\"Picture-root Picture-original lazyload\" data-src=\"http:\/\/just-now.news\/de\/wp-content\/uploads\/sites\/3\/2023\/07\/64a6a70648fbef2bfd6a0094.jpg\" alt=\"\"><\/source><\/source><\/picture><!-- noscript pattern --><noscript><img decoding=\"async\" src=\"http:\/\/just-now.news\/de\/wp-content\/uploads\/sites\/3\/2023\/07\/64a6a70648fbef2bfd6a0094.jpg\" alt=\"\"><\/noscript><\/div><figcaption class=\"RTImage-footer\"><span class=\"RTImage-caption\"><span class=\"RTImage-captionItem\">Ein umgest\u00fcrztes zerst\u00f6rtes Auto in einer Stra\u00dfe von Sewerodonezk<\/span><\/span><span class=\"RTImage-source\"><span class=\"RTImage-captionItem\">Angelina Latypowa<\/span><span class=\"RTImage-captionItem\"> \/ RT<\/span><\/span><\/figcaption><\/figure>\n<p>Der Mann schilderte, wie er die AFU vom Fenster seiner Wohnung im neunten Stockwerk aus beobachtete. Als sein Geb\u00e4ude von einem Panzer angegriffen wurde, begann er zu beten. Anschlie\u00dfend schoss der Panzer auf die achte Etage, wodurch seine Wohnung verschont blieb.<\/p>\n<figure class=\"RTImage-root\">\n<div class=\"RTImage-image RTImage-original\"><picture class=\"Picture-root Picture-original\"><!--[if IE 9]><video style=\"display: none;\"><![endif]--><source media=\"(-webkit-min-device-pixel-ratio: 2) and (min-resolution: 120dpi)\" data-srcset=\" \nhttp:\/\/just-now.news\/de\/wp-content\/uploads\/sites\/3\/2023\/07\/64a6a73748fbef68c5133f8c.jpg 850w,\n                http:\/\/just-now.news\/de\/wp-content\/uploads\/sites\/3\/2023\/07\/64a6a73748fbef68c5133f8c.jpg 1960w,\n            \" ><source data-srcset=\" \nhttp:\/\/just-now.news\/de\/wp-content\/uploads\/sites\/3\/2023\/07\/64a6a73748fbef68c5133f8c.jpg 460w,\n              http:\/\/just-now.news\/de\/wp-content\/uploads\/sites\/3\/2023\/07\/64a6a73748fbef68c5133f8c.jpg 980w,\n            \" ><!--[if IE 9]><\/video><![endif]--><img decoding=\"async\" data- src=\"data:image\/png;base64,iVBORw0KGgoAAAANSUhEUgAAABAAAAAJCAQAAACRI2S5AAAAEElEQVR42mNkIAAYRxWAAQAG9gAKqv6+AwAAAABJRU5ErkJggg==\" class=\"Picture-root Picture-original lazyload\" data-src=\"http:\/\/just-now.news\/de\/wp-content\/uploads\/sites\/3\/2023\/07\/64a6a73748fbef68c5133f8c.jpg\" alt=\"\"><\/source><\/source><\/picture><!-- noscript pattern --><noscript><img decoding=\"async\" src=\"http:\/\/just-now.news\/de\/wp-content\/uploads\/sites\/3\/2023\/07\/64a6a73748fbef68c5133f8c.jpg\" alt=\"\"><\/noscript><\/div><figcaption class=\"RTImage-footer\"><span class=\"RTImage-caption\"><span class=\"RTImage-captionItem\">Einige Menschen stellten die Grundausstattung ihrer Wohnungen wieder her und leben weiterhin neben zerst\u00f6rten Wohnungen.<\/span><\/span><span class=\"RTImage-source\"><span class=\"RTImage-captionItem\">Angelina Latypowa<\/span><span class=\"RTImage-captionItem\"> \/ RT<\/span><\/span><\/figcaption><\/figure>\n<p>Auch der Kindergarten, in dem der Mann fr\u00fcher arbeitete, wurde von der AFU angegriffen. Mittlerweile k\u00fcmmert er sich um behinderte Kinder in anderen St\u00e4dten der Volksrepublik Lugansk.<\/p>\n<figure class=\"RTImage-root\">\n<div class=\"RTImage-image RTImage-original\"><picture class=\"Picture-root Picture-original\"><!--[if IE 9]><video style=\"display: none;\"><![endif]--><source media=\"(-webkit-min-device-pixel-ratio: 2) and (min-resolution: 120dpi)\" data-srcset=\" \nhttp:\/\/just-now.news\/de\/wp-content\/uploads\/sites\/3\/2023\/07\/64a6a76648fbef2bb64f5683.jpg 850w,\n                http:\/\/just-now.news\/de\/wp-content\/uploads\/sites\/3\/2023\/07\/64a6a76648fbef2bb64f5683.jpg 1960w,\n            \" ><source data-srcset=\" \nhttp:\/\/just-now.news\/de\/wp-content\/uploads\/sites\/3\/2023\/07\/64a6a76648fbef2bb64f5683.jpg 460w,\n              http:\/\/just-now.news\/de\/wp-content\/uploads\/sites\/3\/2023\/07\/64a6a76648fbef2bb64f5683.jpg 980w,\n            \" ><!--[if IE 9]><\/video><![endif]--><img decoding=\"async\" data- src=\"data:image\/png;base64,iVBORw0KGgoAAAANSUhEUgAAABAAAAAJCAQAAACRI2S5AAAAEElEQVR42mNkIAAYRxWAAQAG9gAKqv6+AwAAAABJRU5ErkJggg==\" class=\"Picture-root Picture-original lazyload\" data-src=\"http:\/\/just-now.news\/de\/wp-content\/uploads\/sites\/3\/2023\/07\/64a6a76648fbef2bb64f5683.jpg\" alt=\"\"><\/source><\/source><\/picture><!-- noscript pattern --><noscript><img decoding=\"async\" src=\"http:\/\/just-now.news\/de\/wp-content\/uploads\/sites\/3\/2023\/07\/64a6a76648fbef2bb64f5683.jpg\" alt=\"\"><\/noscript><\/div><figcaption class=\"RTImage-footer\"><span class=\"RTImage-caption\"><span class=\"RTImage-captionItem\">Ein abgeschossener ukrainischer Panzer, der im Torbogen eines Wohnhauses zu liegen kam<\/span><\/span><span class=\"RTImage-source\"><span class=\"RTImage-captionItem\">Angelina Latypowa<\/span><span class=\"RTImage-captionItem\"> \/ RT<\/span><\/span><\/figcaption><\/figure>\n<p><strong>\u00a0<\/strong><strong>Das Dorf Sinezki<\/strong><\/p>\n<p>Das Dorf Sinezki liegt zwischen Sewerodonezk und Lissitschansk. Die Br\u00fccke \u00fcber den Fluss Donez bei Sinezki, die einst die beiden St\u00e4dte verband, wurde w\u00e4hrend der K\u00e4mpfe zerst\u00f6rt. Hier trafen wir auf einen Gl\u00fcckspilz, einen Hund. Jemand, der in der N\u00e4he stand berichtete uns dar\u00fcber, dass ebendieser Hund lebend aus Tr\u00fcmmern hervorgeholt worden war.<\/p>\n<figure class=\"RTImage-root\">\n<div class=\"RTImage-image RTImage-original\"><picture class=\"Picture-root Picture-original\"><!--[if IE 9]><video style=\"display: none;\"><![endif]--><source media=\"(-webkit-min-device-pixel-ratio: 2) and (min-resolution: 120dpi)\" data-srcset=\" \nhttp:\/\/just-now.news\/de\/wp-content\/uploads\/sites\/3\/2023\/07\/64a6a794b480cc73ff06d216.jpg 850w,\n                http:\/\/just-now.news\/de\/wp-content\/uploads\/sites\/3\/2023\/07\/64a6a794b480cc73ff06d216.jpg 1960w,\n            \" ><source data-srcset=\" \nhttp:\/\/just-now.news\/de\/wp-content\/uploads\/sites\/3\/2023\/07\/64a6a794b480cc73ff06d216.jpg 460w,\n              http:\/\/just-now.news\/de\/wp-content\/uploads\/sites\/3\/2023\/07\/64a6a794b480cc73ff06d216.jpg 980w,\n            \" ><!--[if IE 9]><\/video><![endif]--><img decoding=\"async\" data- src=\"data:image\/png;base64,iVBORw0KGgoAAAANSUhEUgAAABAAAAAJCAQAAACRI2S5AAAAEElEQVR42mNkIAAYRxWAAQAG9gAKqv6+AwAAAABJRU5ErkJggg==\" class=\"Picture-root Picture-original lazyload\" data-src=\"http:\/\/just-now.news\/de\/wp-content\/uploads\/sites\/3\/2023\/07\/64a6a794b480cc73ff06d216.jpg\" alt=\"\"><\/source><\/source><\/picture><!-- noscript pattern --><noscript><img decoding=\"async\" src=\"http:\/\/just-now.news\/de\/wp-content\/uploads\/sites\/3\/2023\/07\/64a6a794b480cc73ff06d216.jpg\" alt=\"\"><\/noscript><\/div><figcaption class=\"RTImage-footer\"><span class=\"RTImage-caption\"><span class=\"RTImage-captionItem\">Der Hund, der aus den Tr\u00fcmmern gerettet wurde<\/span><\/span><span class=\"RTImage-source\"><span class=\"RTImage-captionItem\">Angelina Latypowa<\/span><span class=\"RTImage-captionItem\"> \/ RT<\/span><\/span><\/figcaption><\/figure>\n<p>Kurz darauf lernten wir auch die Besitzerin des Hundes kennen, eine junge Frau, die uns berichtete, dass sie mit ihrem Mann jetzt ohne Gas und Strom lebt und an einem Lagerfeuer Essen kocht. Sie kamen gerade vom Wasser holen aus dem Fluss Donez.<\/p>\n<figure class=\"RTImage-root\">\n<div class=\"RTImage-image RTImage-original\"><picture class=\"Picture-root Picture-original\"><!--[if IE 9]><video style=\"display: none;\"><![endif]--><source media=\"(-webkit-min-device-pixel-ratio: 2) and (min-resolution: 120dpi)\" data-srcset=\" \nhttp:\/\/just-now.news\/de\/wp-content\/uploads\/sites\/3\/2023\/07\/64a6a7c3b480cc727f487a77.jpg 850w,\n                http:\/\/just-now.news\/de\/wp-content\/uploads\/sites\/3\/2023\/07\/64a6a7c3b480cc727f487a77.jpg 1960w,\n            \" ><source data-srcset=\" \nhttp:\/\/just-now.news\/de\/wp-content\/uploads\/sites\/3\/2023\/07\/64a6a7c3b480cc727f487a77.jpg 460w,\n              http:\/\/just-now.news\/de\/wp-content\/uploads\/sites\/3\/2023\/07\/64a6a7c3b480cc727f487a77.jpg 980w,\n            \" ><!--[if IE 9]><\/video><![endif]--><img decoding=\"async\" data- src=\"data:image\/png;base64,iVBORw0KGgoAAAANSUhEUgAAABAAAAAJCAQAAACRI2S5AAAAEElEQVR42mNkIAAYRxWAAQAG9gAKqv6+AwAAAABJRU5ErkJggg==\" class=\"Picture-root Picture-original lazyload\" data-src=\"http:\/\/just-now.news\/de\/wp-content\/uploads\/sites\/3\/2023\/07\/64a6a7c3b480cc727f487a77.jpg\" alt=\"\"><\/source><\/source><\/picture><!-- noscript pattern --><noscript><img decoding=\"async\" src=\"http:\/\/just-now.news\/de\/wp-content\/uploads\/sites\/3\/2023\/07\/64a6a7c3b480cc727f487a77.jpg\" alt=\"\"><\/noscript><\/div><figcaption class=\"RTImage-footer\"><span class=\"RTImage-caption\"><span class=\"RTImage-captionItem\">Die zerst\u00f6rte Br\u00fccke \u00fcber den Fluss Donez<\/span><\/span><span class=\"RTImage-source\"><span class=\"RTImage-captionItem\">Angelina Latypowa<\/span><span class=\"RTImage-captionItem\"> \/ RT<\/span><\/span><\/figcaption><\/figure>\n<p>Als die K\u00e4mpfe begannen, zwang das ukrainische Milit\u00e4r die Einheimischen, ihre H\u00e4user zu verlassen, damit sich die Soldaten der AFU darin verstecken konnten.<\/p>\n<p>&#8220;Sie gingen in die H\u00e4user der Menschen und stellten alles auf den Kopf. Es gab nichts, was nicht mitgenommen wurde. Diese Banditen kamen um sieben Uhr morgens vorbei und riefen: &#8216;\u00d6ffnet die Tore und lasst die Hunde raus. Ihr habt bis zum Abend Zeit, um von hier zu verschwinden!&#8217; Aber wohin sollten wir denn, wer wartete auf uns? Also sind wir hiergeblieben.&#8221;<\/p>\n<figure class=\"RTImage-root\">\n<div class=\"RTImage-image RTImage-original\"><picture class=\"Picture-root Picture-original\"><!--[if IE 9]><video style=\"display: none;\"><![endif]--><source media=\"(-webkit-min-device-pixel-ratio: 2) and (min-resolution: 120dpi)\" data-srcset=\" \nhttp:\/\/just-now.news\/de\/wp-content\/uploads\/sites\/3\/2023\/07\/64a6a7f4b480cc74d7124518.jpg 850w,\n                http:\/\/just-now.news\/de\/wp-content\/uploads\/sites\/3\/2023\/07\/64a6a7f4b480cc74d7124518.jpg 1960w,\n            \" ><source data-srcset=\" \nhttp:\/\/just-now.news\/de\/wp-content\/uploads\/sites\/3\/2023\/07\/64a6a7f4b480cc74d7124518.jpg 460w,\n              http:\/\/just-now.news\/de\/wp-content\/uploads\/sites\/3\/2023\/07\/64a6a7f4b480cc74d7124518.jpg 980w,\n            \" ><!--[if IE 9]><\/video><![endif]--><img decoding=\"async\" data- src=\"data:image\/png;base64,iVBORw0KGgoAAAANSUhEUgAAABAAAAAJCAQAAACRI2S5AAAAEElEQVR42mNkIAAYRxWAAQAG9gAKqv6+AwAAAABJRU5ErkJggg==\" class=\"Picture-root Picture-original lazyload\" data-src=\"http:\/\/just-now.news\/de\/wp-content\/uploads\/sites\/3\/2023\/07\/64a6a7f4b480cc74d7124518.jpg\" alt=\"\"><\/source><\/source><\/picture><!-- noscript pattern --><noscript><img decoding=\"async\" src=\"http:\/\/just-now.news\/de\/wp-content\/uploads\/sites\/3\/2023\/07\/64a6a7f4b480cc74d7124518.jpg\" alt=\"\"><\/noscript><\/div><figcaption class=\"RTImage-footer\"><span class=\"RTImage-caption\"><span class=\"RTImage-captionItem\">Bewohner des Dorfes Sinezki<\/span><\/span><span class=\"RTImage-source\"><span class=\"RTImage-captionItem\">Angelina Latypowa<\/span><span class=\"RTImage-captionItem\"> \/ RT<\/span><\/span><\/figcaption><\/figure>\n<p>Die Dorfbewohner mussten drei Monate lang in ihren Kellern leben. Einige \u00e4ltere Frauen erinnerten sich, dass sie bei einer Unterbrechung des Artilleriefeuers dabei halfen, brennende H\u00e4user zu l\u00f6schen.<\/p>\n<p>&#8220;Wir rannten durch das Dorf und halfen, die Br\u00e4nde zu l\u00f6schen. Wir schleppten Wasser aus dem Donez heran und l\u00f6schten die Feuer, w\u00e4hrend die Ukrainer wieder mit dem Beschuss anfingen. Hier sind alle herzlich zueinander, wir haben uns gegenseitig gerettet und uns gegenseitig geholfen.&#8221;<\/p>\n<p>Einmal, so behaupten Dorfbewohner, w\u00e4ren sie beinahe in einem Massengrab umgekommen. Nachdem sie sich drei Monate lang in einem Keller versteckt hatten, ging einer ihrer Nachbarn hinaus und wurde augenblicklich von einem Granatsplitter get\u00f6tet. Es hei\u00dft, er sei in den Armen einer \u00e4lteren Frau gestorben. Bei seiner Beisetzung waren zehn Dorfbewohner anwesend und w\u00e4hrend der Trauerfeier kam es zu einem Artillerieangriff.<\/p>\n<figure class=\"RTImage-root\">\n<div class=\"RTImage-image RTImage-original\"><picture class=\"Picture-root Picture-original\"><!--[if IE 9]><video style=\"display: none;\"><![endif]--><source media=\"(-webkit-min-device-pixel-ratio: 2) and (min-resolution: 120dpi)\" data-srcset=\" \nhttp:\/\/just-now.news\/de\/wp-content\/uploads\/sites\/3\/2023\/07\/64a6a81fb480cc727f487a7a.jpg 850w,\n                http:\/\/just-now.news\/de\/wp-content\/uploads\/sites\/3\/2023\/07\/64a6a81fb480cc727f487a7a.jpg 1960w,\n            \" ><source data-srcset=\" \nhttp:\/\/just-now.news\/de\/wp-content\/uploads\/sites\/3\/2023\/07\/64a6a81fb480cc727f487a7a.jpg 460w,\n              http:\/\/just-now.news\/de\/wp-content\/uploads\/sites\/3\/2023\/07\/64a6a81fb480cc727f487a7a.jpg 980w,\n            \" ><!--[if IE 9]><\/video><![endif]--><img decoding=\"async\" data- src=\"data:image\/png;base64,iVBORw0KGgoAAAANSUhEUgAAABAAAAAJCAQAAACRI2S5AAAAEElEQVR42mNkIAAYRxWAAQAG9gAKqv6+AwAAAABJRU5ErkJggg==\" class=\"Picture-root Picture-original lazyload\" data-src=\"http:\/\/just-now.news\/de\/wp-content\/uploads\/sites\/3\/2023\/07\/64a6a81fb480cc727f487a7a.jpg\" alt=\"\"><\/source><\/source><\/picture><!-- noscript pattern --><noscript><img decoding=\"async\" src=\"http:\/\/just-now.news\/de\/wp-content\/uploads\/sites\/3\/2023\/07\/64a6a81fb480cc727f487a7a.jpg\" alt=\"\"><\/noscript><\/div><figcaption class=\"RTImage-footer\"><span class=\"RTImage-caption\"><span class=\"RTImage-captionItem\">Eine einheimische Frau erinnert sich an die Schrecken, die sie miterlebt hat.<\/span><\/span><span class=\"RTImage-source\"><span class=\"RTImage-captionItem\">Angelina Latypowa<\/span><span class=\"RTImage-captionItem\"> \/ RT<\/span><\/span><\/figcaption><\/figure>\n<p>Am 26. Juni 2022 wurde den Bewohnern von Sinezki ein neues Leben geschenkt, als Soldaten der LVR in die Stadt einmarschierten und humanit\u00e4re Hilfe brachten. Mittlerweile besucht auch ein Arzt aus Woronesch regelm\u00e4\u00dfig das Dorf.<\/p>\n<p>&#8220;Wir haben hier eine 101-j\u00e4hrige Frau. Sie kann nicht mehr gehen. Wo sollte ich sie sonst hinbringen? Sie ist meine Schwiegermutter. Deshalb sind wir nirgendwo hingegangen. Zum Gl\u00fcck konnten wir noch unsere Kleidung\u00a0im Fluss Donez waschen. Und jetzt bleiben wir hier und warten auf unsere Renten.&#8221;<\/p>\n<figure class=\"RTImage-root\">\n<div class=\"RTImage-image RTImage-original\"><picture class=\"Picture-root Picture-original\"><!--[if IE 9]><video style=\"display: none;\"><![endif]--><source media=\"(-webkit-min-device-pixel-ratio: 2) and (min-resolution: 120dpi)\" data-srcset=\" \nhttp:\/\/just-now.news\/de\/wp-content\/uploads\/sites\/3\/2023\/07\/64a6a84ab480cc74db61a246.jpg 850w,\n                http:\/\/just-now.news\/de\/wp-content\/uploads\/sites\/3\/2023\/07\/64a6a84ab480cc74db61a246.jpg 1960w,\n            \" ><source data-srcset=\" \nhttp:\/\/just-now.news\/de\/wp-content\/uploads\/sites\/3\/2023\/07\/64a6a84ab480cc74db61a246.jpg 460w,\n              http:\/\/just-now.news\/de\/wp-content\/uploads\/sites\/3\/2023\/07\/64a6a84ab480cc74db61a246.jpg 980w,\n            \" ><!--[if IE 9]><\/video><![endif]--><img decoding=\"async\" data- src=\"data:image\/png;base64,iVBORw0KGgoAAAANSUhEUgAAABAAAAAJCAQAAACRI2S5AAAAEElEQVR42mNkIAAYRxWAAQAG9gAKqv6+AwAAAABJRU5ErkJggg==\" class=\"Picture-root Picture-original lazyload\" data-src=\"http:\/\/just-now.news\/de\/wp-content\/uploads\/sites\/3\/2023\/07\/64a6a84ab480cc74db61a246.jpg\" alt=\"\"><\/source><\/source><\/picture><!-- noscript pattern --><noscript><img decoding=\"async\" src=\"http:\/\/just-now.news\/de\/wp-content\/uploads\/sites\/3\/2023\/07\/64a6a84ab480cc74db61a246.jpg\" alt=\"\"><\/noscript><\/div><figcaption class=\"RTImage-footer\"><span class=\"RTImage-caption\"><span class=\"RTImage-captionItem\">\u00c4ltere Bewohner des Dorfes Sinezki nehmen ihre Renten bei einer Br\u00fccke \u00fcber den Fluss Donez entgegen.<\/span><\/span><span class=\"RTImage-source\"><span class=\"RTImage-captionItem\">Angelina Latypowa<\/span><span class=\"RTImage-captionItem\"> \/ RT<\/span><\/span><\/figcaption><\/figure>\n<p><strong>Mehr zum Thema <\/strong>\u2013 <a rel=\"nofollow noopener\" target=\"_blank\" href=\"https:\/\/freeassange.rtde.life\/international\/174442-ukrainischer-verteidigungsminister-bezeichnet-sein-land\/\">Ukrainischer Verteidigungsminister bietet sein Land als Testgel\u00e4nde f\u00fcr westliche Waffen an<\/a><\/p>\n<div class=\"EmbedBlock-root EmbedBlock-externalVideo EmbedBlock-odysee\">\n<div class=\"VkEmbed\"><iframe class=\"lazyload\" data-src=\"https:\/\/odysee.com\/%24\/embed\/%40RTDE%3Ae%2FTote_Verletzte_und_ein_zerst%C3%B6rtes_Krankenhaus_nach_n%C3%A4chtlichem_Beschuss_Makejewka%3A6\" frameborder=\"0\" width=\"853\" height=\"480\" allowfullscreen><\/iframe><\/div>\n<\/div>\n<p><em>\u00dcbersetzt aus dem <\/em><a rel=\"nofollow noopener\" target=\"_blank\" href=\"https:\/\/www.rt.com\/russia\/579072-life-in-lpr-photoreport\/\"><em>Englischen<\/em><\/a><\/p>\n<p><em>Angelina Latypowa ist eine russische unabh\u00e4ngige Journalistin.<\/em><\/p>\n<\/div>\n<p><br \/>\n<br \/><a href=\"https:\/\/de.rt.com\/russland\/174505-wie-gestaltet-sich-der-alltag-der-bewohner-der-volksrepublik-lugansk\/\">Source link <\/a><\/p>\n","protected":false},"excerpt":{"rendered":"<p>Bewohner berichten \u00fcber die im Krieg erlittenen Schrecken in der Volksrepublik Lugansk, der ersten ehemals ukrainischen Region, die vollst\u00e4ndig unter die Kontrolle Russlands kam. Von Angelina Latypowa Die Volksrepublik Lugansk (LVR) war die erste ehemalige Region der Ukraine, die 2022 vollst\u00e4ndig unter die Kontrolle Russlands kam. Vor einem Jahr \u2013 am 3. Juli 2022 \u2013 [&hellip;]<\/p>\n","protected":false},"author":3,"featured_media":39779,"comment_status":"open","ping_status":"open","sticky":false,"template":"","format":"standard","meta":{"_yoast_indexnow_last_ping":["1688908440"],"wp_automatic_camp":["217"],"96e929211c91ae4615b5e24de8853895":["Wie gestaltet sich der Alltag von Bewohnern der Volksrepublik Lugansk?"],"original_link":["https:\/\/de.rt.com\/russland\/174505-wie-gestaltet-sich-der-alltag-der-bewohner-der-volksrepublik-lugansk\/"],"_thumbnail_id":["39779"],"_wptgpro_p2tg_sent2tg":["a:1:{i:23737;s:19:\"2023-07-09 15:15:03\";}"],"jnews_social_counter_last_update":["1777578341"]},"categories":[19,23],"tags":[25710,36599,82,46539,26809,434,4027,50,579],"yoast_head":"<!-- This site is optimized with the Yoast SEO Premium plugin v22.7 (Yoast SEO v22.7) - https:\/\/yoast.com\/wordpress\/plugins\/seo\/ -->\n<title>Wie gestaltet sich der Alltag von Bewohnern der Volksrepublik Lugansk? - just-now.NEWS Deutschland<\/title>\n<meta name=\"robots\" content=\"index, follow, max-snippet:-1, max-image-preview:large, max-video-preview:-1\" \/>\n<link rel=\"canonical\" href=\"https:\/\/now-news.de\/de\/deutschland\/wie-gestaltet-sich-der-alltag-von-bewohnern-der-volksrepublik-lugansk\/\" \/>\n<meta property=\"og:locale\" content=\"de_DE\" \/>\n<meta property=\"og:type\" content=\"article\" \/>\n<meta property=\"og:title\" content=\"Wie gestaltet sich der Alltag von Bewohnern der Volksrepublik Lugansk?\" \/>\n<meta property=\"og:description\" content=\"Bewohner berichten \u00fcber die im Krieg erlittenen Schrecken in der Volksrepublik Lugansk, der ersten ehemals ukrainischen Region, die vollst\u00e4ndig unter die Kontrolle Russlands kam. Von Angelina Latypowa Die Volksrepublik Lugansk (LVR) war die erste ehemalige Region der Ukraine, die 2022 vollst\u00e4ndig unter die Kontrolle Russlands kam. Vor einem Jahr \u2013 am 3. Juli 2022 \u2013 [&hellip;]\" \/>\n<meta property=\"og:url\" content=\"https:\/\/now-news.de\/de\/deutschland\/wie-gestaltet-sich-der-alltag-von-bewohnern-der-volksrepublik-lugansk\/\" \/>\n<meta property=\"og:site_name\" content=\"just-now.NEWS Deutschland\" \/>\n<meta property=\"article:publisher\" content=\"https:\/\/www.facebook.com\/wirmachenauf\" \/>\n<meta property=\"article:published_time\" content=\"2023-07-09T13:10:44+00:00\" \/>\n<meta property=\"og:image\" content=\"https:\/\/now-news.de\/de\/wp-content\/uploads\/sites\/3\/2023\/07\/Wie-gestaltet-sich-der-Alltag-von-Bewohnern-der-Volksrepublik-Lugansk.jpg\" \/>\n\t<meta property=\"og:image:width\" content=\"1240\" \/>\n\t<meta property=\"og:image:height\" content=\"821\" \/>\n\t<meta property=\"og:image:type\" content=\"image\/jpeg\" \/>\n<meta name=\"author\" content=\"rtnews\" \/>\n<meta name=\"twitter:card\" content=\"summary_large_image\" \/>\n<meta name=\"twitter:creator\" content=\"@WirMachenAuf_de\" \/>\n<meta name=\"twitter:site\" content=\"@WirMachenAuf_de\" \/>\n<meta name=\"twitter:label1\" content=\"Verfasst von\" \/>\n\t<meta name=\"twitter:data1\" content=\"rtnews\" \/>\n\t<meta name=\"twitter:label2\" content=\"Gesch\u00e4tzte Lesezeit\" \/>\n\t<meta name=\"twitter:data2\" content=\"11\u00a0Minuten\" \/>\n<script type=\"application\/ld+json\" class=\"yoast-schema-graph\">{\"@context\":\"https:\/\/schema.org\",\"@graph\":[{\"@type\":\"Article\",\"@id\":\"https:\/\/now-news.de\/de\/deutschland\/wie-gestaltet-sich-der-alltag-von-bewohnern-der-volksrepublik-lugansk\/#article\",\"isPartOf\":{\"@id\":\"https:\/\/now-news.de\/de\/deutschland\/wie-gestaltet-sich-der-alltag-von-bewohnern-der-volksrepublik-lugansk\/\"},\"author\":{\"name\":\"rtnews\",\"@id\":\"https:\/\/now-news.de\/de\/#\/schema\/person\/fb534a4e865501d8b3285208df34a9b5\"},\"headline\":\"Wie gestaltet sich der Alltag von Bewohnern der Volksrepublik Lugansk?\",\"datePublished\":\"2023-07-09T13:10:44+00:00\",\"dateModified\":\"2023-07-09T13:10:44+00:00\",\"mainEntityOfPage\":{\"@id\":\"https:\/\/now-news.de\/de\/deutschland\/wie-gestaltet-sich-der-alltag-von-bewohnern-der-volksrepublik-lugansk\/\"},\"wordCount\":2175,\"commentCount\":0,\"publisher\":{\"@id\":\"https:\/\/now-news.de\/de\/#organization\"},\"image\":{\"@id\":\"https:\/\/now-news.de\/de\/deutschland\/wie-gestaltet-sich-der-alltag-von-bewohnern-der-volksrepublik-lugansk\/#primaryimage\"},\"thumbnailUrl\":\"https:\/\/now-news.de\/de\/wp-content\/uploads\/sites\/3\/2023\/07\/Wie-gestaltet-sich-der-Alltag-von-Bewohnern-der-Volksrepublik-Lugansk.jpg\",\"keywords\":[\"Alltag\",\"Bewohnern\",\"der\",\"gestaltet\",\"Lugansk\",\"sich\",\"Volksrepublik\",\"von\",\"Wie\"],\"articleSection\":[\"Deutschland\",\"Russland\"],\"inLanguage\":\"de\",\"potentialAction\":[{\"@type\":\"CommentAction\",\"name\":\"Comment\",\"target\":[\"https:\/\/now-news.de\/de\/deutschland\/wie-gestaltet-sich-der-alltag-von-bewohnern-der-volksrepublik-lugansk\/#respond\"]}]},{\"@type\":\"WebPage\",\"@id\":\"https:\/\/now-news.de\/de\/deutschland\/wie-gestaltet-sich-der-alltag-von-bewohnern-der-volksrepublik-lugansk\/\",\"url\":\"https:\/\/now-news.de\/de\/deutschland\/wie-gestaltet-sich-der-alltag-von-bewohnern-der-volksrepublik-lugansk\/\",\"name\":\"Wie gestaltet sich der Alltag von Bewohnern der Volksrepublik Lugansk? - just-now.NEWS Deutschland\",\"isPartOf\":{\"@id\":\"https:\/\/now-news.de\/de\/#website\"},\"primaryImageOfPage\":{\"@id\":\"https:\/\/now-news.de\/de\/deutschland\/wie-gestaltet-sich-der-alltag-von-bewohnern-der-volksrepublik-lugansk\/#primaryimage\"},\"image\":{\"@id\":\"https:\/\/now-news.de\/de\/deutschland\/wie-gestaltet-sich-der-alltag-von-bewohnern-der-volksrepublik-lugansk\/#primaryimage\"},\"thumbnailUrl\":\"https:\/\/now-news.de\/de\/wp-content\/uploads\/sites\/3\/2023\/07\/Wie-gestaltet-sich-der-Alltag-von-Bewohnern-der-Volksrepublik-Lugansk.jpg\",\"datePublished\":\"2023-07-09T13:10:44+00:00\",\"dateModified\":\"2023-07-09T13:10:44+00:00\",\"breadcrumb\":{\"@id\":\"https:\/\/now-news.de\/de\/deutschland\/wie-gestaltet-sich-der-alltag-von-bewohnern-der-volksrepublik-lugansk\/#breadcrumb\"},\"inLanguage\":\"de\",\"potentialAction\":[{\"@type\":\"ReadAction\",\"target\":[\"https:\/\/now-news.de\/de\/deutschland\/wie-gestaltet-sich-der-alltag-von-bewohnern-der-volksrepublik-lugansk\/\"]}]},{\"@type\":\"ImageObject\",\"inLanguage\":\"de\",\"@id\":\"https:\/\/now-news.de\/de\/deutschland\/wie-gestaltet-sich-der-alltag-von-bewohnern-der-volksrepublik-lugansk\/#primaryimage\",\"url\":\"https:\/\/now-news.de\/de\/wp-content\/uploads\/sites\/3\/2023\/07\/Wie-gestaltet-sich-der-Alltag-von-Bewohnern-der-Volksrepublik-Lugansk.jpg\",\"contentUrl\":\"https:\/\/now-news.de\/de\/wp-content\/uploads\/sites\/3\/2023\/07\/Wie-gestaltet-sich-der-Alltag-von-Bewohnern-der-Volksrepublik-Lugansk.jpg\",\"width\":1240,\"height\":821,\"caption\":\"Wie gestaltet sich der Alltag von Bewohnern der Volksrepublik Lugansk?\"},{\"@type\":\"BreadcrumbList\",\"@id\":\"https:\/\/now-news.de\/de\/deutschland\/wie-gestaltet-sich-der-alltag-von-bewohnern-der-volksrepublik-lugansk\/#breadcrumb\",\"itemListElement\":[{\"@type\":\"ListItem\",\"position\":1,\"name\":\"Home\",\"item\":\"https:\/\/now-news.de\/de\/\"},{\"@type\":\"ListItem\",\"position\":2,\"name\":\"Wie gestaltet sich der Alltag von Bewohnern der Volksrepublik Lugansk?\"}]},{\"@type\":\"WebSite\",\"@id\":\"https:\/\/now-news.de\/de\/#website\",\"url\":\"https:\/\/now-news.de\/de\/\",\"name\":\"just-now.NEWS Deutschland\",\"description\":\"Das Portal f\u00fcr unzensierte Nachrichten aus der Welt\",\"publisher\":{\"@id\":\"https:\/\/now-news.de\/de\/#organization\"},\"potentialAction\":[{\"@type\":\"SearchAction\",\"target\":{\"@type\":\"EntryPoint\",\"urlTemplate\":\"https:\/\/now-news.de\/de\/?s={search_term_string}\"},\"query-input\":\"required name=search_term_string\"}],\"inLanguage\":\"de\"},{\"@type\":\"Organization\",\"@id\":\"https:\/\/now-news.de\/de\/#organization\",\"name\":\"Just Now News\",\"url\":\"https:\/\/now-news.de\/de\/\",\"logo\":{\"@type\":\"ImageObject\",\"inLanguage\":\"de\",\"@id\":\"https:\/\/now-news.de\/de\/#\/schema\/logo\/image\/\",\"url\":\"http:\/\/just-now.news\/de\/wp-content\/uploads\/sites\/3\/2022\/04\/logo500x500.jpg\",\"contentUrl\":\"http:\/\/just-now.news\/de\/wp-content\/uploads\/sites\/3\/2022\/04\/logo500x500.jpg\",\"width\":500,\"height\":500,\"caption\":\"Just Now News\"},\"image\":{\"@id\":\"https:\/\/now-news.de\/de\/#\/schema\/logo\/image\/\"},\"sameAs\":[\"https:\/\/www.facebook.com\/wirmachenauf\",\"https:\/\/x.com\/WirMachenAuf_de\"]},{\"@type\":\"Person\",\"@id\":\"https:\/\/now-news.de\/de\/#\/schema\/person\/fb534a4e865501d8b3285208df34a9b5\",\"name\":\"rtnews\",\"image\":{\"@type\":\"ImageObject\",\"inLanguage\":\"de\",\"@id\":\"https:\/\/now-news.de\/de\/#\/schema\/person\/image\/\",\"url\":\"https:\/\/secure.gravatar.com\/avatar\/82aafea7d8127119dd649515f56e2117?s=96&d=mm&r=g\",\"contentUrl\":\"https:\/\/secure.gravatar.com\/avatar\/82aafea7d8127119dd649515f56e2117?s=96&d=mm&r=g\",\"caption\":\"rtnews\"},\"url\":\"https:\/\/now-news.de\/de\/author\/rnews\/\"}]}<\/script>\n<!-- \/ Yoast SEO Premium plugin. -->","yoast_head_json":{"title":"Wie gestaltet sich der Alltag von Bewohnern der Volksrepublik Lugansk? - just-now.NEWS Deutschland","robots":{"index":"index","follow":"follow","max-snippet":"max-snippet:-1","max-image-preview":"max-image-preview:large","max-video-preview":"max-video-preview:-1"},"canonical":"https:\/\/now-news.de\/de\/deutschland\/wie-gestaltet-sich-der-alltag-von-bewohnern-der-volksrepublik-lugansk\/","og_locale":"de_DE","og_type":"article","og_title":"Wie gestaltet sich der Alltag von Bewohnern der Volksrepublik Lugansk?","og_description":"Bewohner berichten \u00fcber die im Krieg erlittenen Schrecken in der Volksrepublik Lugansk, der ersten ehemals ukrainischen Region, die vollst\u00e4ndig unter die Kontrolle Russlands kam. Von Angelina Latypowa Die Volksrepublik Lugansk (LVR) war die erste ehemalige Region der Ukraine, die 2022 vollst\u00e4ndig unter die Kontrolle Russlands kam. Vor einem Jahr \u2013 am 3. Juli 2022 \u2013 [&hellip;]","og_url":"https:\/\/now-news.de\/de\/deutschland\/wie-gestaltet-sich-der-alltag-von-bewohnern-der-volksrepublik-lugansk\/","og_site_name":"just-now.NEWS Deutschland","article_publisher":"https:\/\/www.facebook.com\/wirmachenauf","article_published_time":"2023-07-09T13:10:44+00:00","og_image":[{"width":1240,"height":821,"url":"https:\/\/now-news.de\/de\/wp-content\/uploads\/sites\/3\/2023\/07\/Wie-gestaltet-sich-der-Alltag-von-Bewohnern-der-Volksrepublik-Lugansk.jpg","type":"image\/jpeg"}],"author":"rtnews","twitter_card":"summary_large_image","twitter_creator":"@WirMachenAuf_de","twitter_site":"@WirMachenAuf_de","twitter_misc":{"Verfasst von":"rtnews","Gesch\u00e4tzte Lesezeit":"11\u00a0Minuten"},"schema":{"@context":"https:\/\/schema.org","@graph":[{"@type":"Article","@id":"https:\/\/now-news.de\/de\/deutschland\/wie-gestaltet-sich-der-alltag-von-bewohnern-der-volksrepublik-lugansk\/#article","isPartOf":{"@id":"https:\/\/now-news.de\/de\/deutschland\/wie-gestaltet-sich-der-alltag-von-bewohnern-der-volksrepublik-lugansk\/"},"author":{"name":"rtnews","@id":"https:\/\/now-news.de\/de\/#\/schema\/person\/fb534a4e865501d8b3285208df34a9b5"},"headline":"Wie gestaltet sich der Alltag von Bewohnern der Volksrepublik Lugansk?","datePublished":"2023-07-09T13:10:44+00:00","dateModified":"2023-07-09T13:10:44+00:00","mainEntityOfPage":{"@id":"https:\/\/now-news.de\/de\/deutschland\/wie-gestaltet-sich-der-alltag-von-bewohnern-der-volksrepublik-lugansk\/"},"wordCount":2175,"commentCount":0,"publisher":{"@id":"https:\/\/now-news.de\/de\/#organization"},"image":{"@id":"https:\/\/now-news.de\/de\/deutschland\/wie-gestaltet-sich-der-alltag-von-bewohnern-der-volksrepublik-lugansk\/#primaryimage"},"thumbnailUrl":"https:\/\/now-news.de\/de\/wp-content\/uploads\/sites\/3\/2023\/07\/Wie-gestaltet-sich-der-Alltag-von-Bewohnern-der-Volksrepublik-Lugansk.jpg","keywords":["Alltag","Bewohnern","der","gestaltet","Lugansk","sich","Volksrepublik","von","Wie"],"articleSection":["Deutschland","Russland"],"inLanguage":"de","potentialAction":[{"@type":"CommentAction","name":"Comment","target":["https:\/\/now-news.de\/de\/deutschland\/wie-gestaltet-sich-der-alltag-von-bewohnern-der-volksrepublik-lugansk\/#respond"]}]},{"@type":"WebPage","@id":"https:\/\/now-news.de\/de\/deutschland\/wie-gestaltet-sich-der-alltag-von-bewohnern-der-volksrepublik-lugansk\/","url":"https:\/\/now-news.de\/de\/deutschland\/wie-gestaltet-sich-der-alltag-von-bewohnern-der-volksrepublik-lugansk\/","name":"Wie gestaltet sich der Alltag von Bewohnern der Volksrepublik Lugansk? - just-now.NEWS Deutschland","isPartOf":{"@id":"https:\/\/now-news.de\/de\/#website"},"primaryImageOfPage":{"@id":"https:\/\/now-news.de\/de\/deutschland\/wie-gestaltet-sich-der-alltag-von-bewohnern-der-volksrepublik-lugansk\/#primaryimage"},"image":{"@id":"https:\/\/now-news.de\/de\/deutschland\/wie-gestaltet-sich-der-alltag-von-bewohnern-der-volksrepublik-lugansk\/#primaryimage"},"thumbnailUrl":"https:\/\/now-news.de\/de\/wp-content\/uploads\/sites\/3\/2023\/07\/Wie-gestaltet-sich-der-Alltag-von-Bewohnern-der-Volksrepublik-Lugansk.jpg","datePublished":"2023-07-09T13:10:44+00:00","dateModified":"2023-07-09T13:10:44+00:00","breadcrumb":{"@id":"https:\/\/now-news.de\/de\/deutschland\/wie-gestaltet-sich-der-alltag-von-bewohnern-der-volksrepublik-lugansk\/#breadcrumb"},"inLanguage":"de","potentialAction":[{"@type":"ReadAction","target":["https:\/\/now-news.de\/de\/deutschland\/wie-gestaltet-sich-der-alltag-von-bewohnern-der-volksrepublik-lugansk\/"]}]},{"@type":"ImageObject","inLanguage":"de","@id":"https:\/\/now-news.de\/de\/deutschland\/wie-gestaltet-sich-der-alltag-von-bewohnern-der-volksrepublik-lugansk\/#primaryimage","url":"https:\/\/now-news.de\/de\/wp-content\/uploads\/sites\/3\/2023\/07\/Wie-gestaltet-sich-der-Alltag-von-Bewohnern-der-Volksrepublik-Lugansk.jpg","contentUrl":"https:\/\/now-news.de\/de\/wp-content\/uploads\/sites\/3\/2023\/07\/Wie-gestaltet-sich-der-Alltag-von-Bewohnern-der-Volksrepublik-Lugansk.jpg","width":1240,"height":821,"caption":"Wie gestaltet sich der Alltag von Bewohnern der Volksrepublik Lugansk?"},{"@type":"BreadcrumbList","@id":"https:\/\/now-news.de\/de\/deutschland\/wie-gestaltet-sich-der-alltag-von-bewohnern-der-volksrepublik-lugansk\/#breadcrumb","itemListElement":[{"@type":"ListItem","position":1,"name":"Home","item":"https:\/\/now-news.de\/de\/"},{"@type":"ListItem","position":2,"name":"Wie gestaltet sich der Alltag von Bewohnern der Volksrepublik Lugansk?"}]},{"@type":"WebSite","@id":"https:\/\/now-news.de\/de\/#website","url":"https:\/\/now-news.de\/de\/","name":"just-now.NEWS Deutschland","description":"Das Portal f\u00fcr unzensierte Nachrichten aus der Welt","publisher":{"@id":"https:\/\/now-news.de\/de\/#organization"},"potentialAction":[{"@type":"SearchAction","target":{"@type":"EntryPoint","urlTemplate":"https:\/\/now-news.de\/de\/?s={search_term_string}"},"query-input":"required name=search_term_string"}],"inLanguage":"de"},{"@type":"Organization","@id":"https:\/\/now-news.de\/de\/#organization","name":"Just Now News","url":"https:\/\/now-news.de\/de\/","logo":{"@type":"ImageObject","inLanguage":"de","@id":"https:\/\/now-news.de\/de\/#\/schema\/logo\/image\/","url":"http:\/\/just-now.news\/de\/wp-content\/uploads\/sites\/3\/2022\/04\/logo500x500.jpg","contentUrl":"http:\/\/just-now.news\/de\/wp-content\/uploads\/sites\/3\/2022\/04\/logo500x500.jpg","width":500,"height":500,"caption":"Just Now News"},"image":{"@id":"https:\/\/now-news.de\/de\/#\/schema\/logo\/image\/"},"sameAs":["https:\/\/www.facebook.com\/wirmachenauf","https:\/\/x.com\/WirMachenAuf_de"]},{"@type":"Person","@id":"https:\/\/now-news.de\/de\/#\/schema\/person\/fb534a4e865501d8b3285208df34a9b5","name":"rtnews","image":{"@type":"ImageObject","inLanguage":"de","@id":"https:\/\/now-news.de\/de\/#\/schema\/person\/image\/","url":"https:\/\/secure.gravatar.com\/avatar\/82aafea7d8127119dd649515f56e2117?s=96&d=mm&r=g","contentUrl":"https:\/\/secure.gravatar.com\/avatar\/82aafea7d8127119dd649515f56e2117?s=96&d=mm&r=g","caption":"rtnews"},"url":"https:\/\/now-news.de\/de\/author\/rnews\/"}]}},"_links":{"self":[{"href":"https:\/\/now-news.de\/de\/wp-json\/wp\/v2\/posts\/39778"}],"collection":[{"href":"https:\/\/now-news.de\/de\/wp-json\/wp\/v2\/posts"}],"about":[{"href":"https:\/\/now-news.de\/de\/wp-json\/wp\/v2\/types\/post"}],"author":[{"embeddable":true,"href":"https:\/\/now-news.de\/de\/wp-json\/wp\/v2\/users\/3"}],"replies":[{"embeddable":true,"href":"https:\/\/now-news.de\/de\/wp-json\/wp\/v2\/comments?post=39778"}],"version-history":[{"count":0,"href":"https:\/\/now-news.de\/de\/wp-json\/wp\/v2\/posts\/39778\/revisions"}],"wp:featuredmedia":[{"embeddable":true,"href":"https:\/\/now-news.de\/de\/wp-json\/wp\/v2\/media\/39779"}],"wp:attachment":[{"href":"https:\/\/now-news.de\/de\/wp-json\/wp\/v2\/media?parent=39778"}],"wp:term":[{"taxonomy":"category","embeddable":true,"href":"https:\/\/now-news.de\/de\/wp-json\/wp\/v2\/categories?post=39778"},{"taxonomy":"post_tag","embeddable":true,"href":"https:\/\/now-news.de\/de\/wp-json\/wp\/v2\/tags?post=39778"}],"curies":[{"name":"wp","href":"https:\/\/api.w.org\/{rel}","templated":true}]}}