{"id":39774,"date":"2023-07-09T14:19:55","date_gmt":"2023-07-09T12:19:55","guid":{"rendered":"https:\/\/just-now.news\/de\/deutschland\/der-niederlage-entgegensehen-die-europaeische-union-im-sog-des-ukraine-krieges\/"},"modified":"2023-07-09T14:19:55","modified_gmt":"2023-07-09T12:19:55","slug":"der-niederlage-entgegensehen-die-europaeische-union-im-sog-des-ukraine-krieges","status":"publish","type":"post","link":"https:\/\/now-news.de\/de\/deutschland\/der-niederlage-entgegensehen-die-europaeische-union-im-sog-des-ukraine-krieges\/","title":{"rendered":"Der Niederlage entgegensehen: Die Europ\u00e4ische Union im Sog des Ukraine-Krieges"},"content":{"rendered":"<p><img decoding=\"async\" src=\"http:\/\/just-now.news\/de\/wp-content\/uploads\/sites\/3\/2023\/07\/64aa53cdb480cc63c31d528a.jpg\" \/><\/p>\n<div class=\"Text-root Text-type_1 \">\n                Selbst wenn Europa untergehen sollte, m\u00fcssen wir uns zumindest davor bewahren, noch l\u00e4nger von den Blutsaugern in Kiew gequ\u00e4lt zu werden. Falls wir uns mit einer Niederlage abfinden m\u00fcssen, dann lasst uns dieser entgegensehen. Aber wir sollten zuerst die Schakale loswerden.\n            <\/div>\n<p><\/p>\n<div class=\"Text-root Text-type_5 ArticleView-text ViewText-root \">\n<p><em>Von Declan Hayes<\/em><\/p>\n<p><strong><\/strong>Dieser Meinungsartikel leitet sich von einer Reihe von Schl\u00fcsselfaktoren ab, um die Zukunft Europas zu beurteilen, falls der Frieden in diesem riesigen Gebiet zwischen Polen und Russland zur\u00fcckkehren sollte. Bei der Aufz\u00e4hlung einiger anderer Schl\u00fcsselfaktoren, die Europa in den Abgrund treiben, werde ich die These aufstellen, dass wir keine Hoffnung haben sollten, dem Joch der Yankees zu entkommen, solange wir nicht zuerst unseren kollektiven Hals vom Bruchpiloten Selenskij und den mit ihm verb\u00fcndeten Parasiten befreit haben.<\/p>\n<p><strong>Der Zusammenbruch der europ\u00e4ischen Wirtschaft an Russlands eiserner Mauer<\/strong><\/p>\n<p>Europas Staatenlenker, unterst\u00fctzt durch etwa 45 angeblich souver\u00e4ne\u00a0<a rel=\"nofollow noopener\" target=\"_blank\" href=\"https:\/\/en.wikipedia.org\/wiki\/List_of_military_aid_to_Ukraine_during_the_Russo-Ukrainian_War\">Satrapen<\/a> der NATO, befinden sich nun seit 500 Tagen in einer Blutfehde gegen Russland, in einem Krieg, den der russische Au\u00dfenminister Lawrow als &#8220;den Krieg des gesamten Westens gegen die Russische F\u00f6deration&#8221; <a rel=\"nofollow noopener\" target=\"_blank\" href=\"https:\/\/t.me\/vicktop55\/15828\">bezeichnete<\/a>.<\/p>\n<p>Da Russland und seine Streitkr\u00e4fte bislang die Oberhand zu haben scheinen, fordert der Kiewer Kriegsmogul Selenskij, dass der Westen ihm nun Kampfflugzeuge vom Typ F-16 und obendrauf noch Kriegsschiffe schenkt, damit seine zusammengew\u00fcrfelten Legionen gegen Russland obsiegen k\u00f6nnen, auch wenn fr\u00fchere Schenkungen europ\u00e4ischer und US-amerikanischer Kampfmittel die russische \u00dcbermacht nicht aufhalten konnten.<\/p>\n<p>Doch die Tage des Blutbarons der Ukraine, Wladimir Selenskij, und der Krieg, den wir mit ihm in Verbindung bringen, sind l\u00e4ngst vorbei und es ist schwer zu verstehen, wie diese erneuten Forderungen aus Kiew milit\u00e4risch sinnvoll sein k\u00f6nnten. Russland k\u00e4mpft, dank der Hilfe seiner iranischen und chinesischen Verb\u00fcndeten, mit hochentwickelten und vollst\u00e4ndig integrierten Luft-, Land- und Seesystemen. Und solange die stellvertretenden ukrainischen Streitkr\u00e4fte der EU nicht mit solchen russischen Waffensystemen mithalten k\u00f6nnen, an denen die russischen Streitkr\u00e4fte jahrelang trainiert wurden, werden sich die Kriegsstrategen von Selenskij auf dem Schlachtfeld auch nicht durchsetzen k\u00f6nnen.<\/p>\n<p>Damit verbunden ist die Tatsache, dass Russland sich in der Ukraine im Kampf gegen eine existenzielle Bedrohung sieht, w\u00e4hrend die deutschen, britischen und franz\u00f6sischen Waffenhersteller die Ukraine lediglich als eine weitere vor\u00fcbergehende Chance auf finanziellen Profit betrachten, bei der sie ihre minderwertigen Waffen an ihre jeweiligen Regierungen verkaufen, die sie anschlie\u00dfend an die Junta von Selenskij verschenken, der diese dann entweder via Schwarzmarkt an franz\u00f6sische und andere Aufst\u00e4ndische verkauft \u2013 oder gelegentlich auch gegen Russland einsetzt, wo sie dann systematisch zerst\u00f6rt werden.<\/p>\n<p>Obwohl die deutsche Rheinmetall aus dieser Farce enorme <a rel=\"nofollow noopener\" target=\"_blank\" href=\"https:\/\/www.bloomberg.com\/news\/features\/2023-04-05\/russia-war-in-ukraine-boosts-german-defense-industry-profits\">Profite<\/a> herausgeholt hat, verschleiern diese Gewinnzahlen den Niedergang Europas. Eine kurze Umfrage zum EURO STOXX 50-Index best\u00e4tigt: Wirtschaftlich gesehen ist Europa mittlerweile ein d\u00fcnner Markt geworden und befindet sich in einem langanhaltenden wirtschaftlichen Niedergang. Und auch die Strategie der NATO, zus\u00e4tzliche Milliarden an Euro in das schwarze Loch namens Ukraine zu pumpen, wird daran nichts \u00e4ndern.<\/p>\n<p>Europa kann in der Ukraine nicht endlos gutes Geld einem schlechten Geld hinterherwerfen. Europa muss seine Absicht erkl\u00e4ren, die Junta von Wladimir Selenskij fallen zu lassen und einen echten, unabh\u00e4ngigen und souver\u00e4nen Frieden mit Russland zu schlie\u00dfen. Wenn das Kiewer Regime den von Europa gesetzten Bedingungen nicht zustimmt, sollte Europa die Ukraine vom Westen aus mit einem Blitzkrieg angreifen und den faschistischen ukrainischen Kriegsherren, die nicht rechtzeitig aus dem Land fl\u00fcchten konnten, seinen Willen mit Waffengewalt aufzwingen. Ohne Europa w\u00e4re die Selenskij-Junta innerhalb von 24 Stunden tot, ein Schicksal, das dem schleichenden Tod, dem Europa jetzt erliegt, weitaus vorzuziehen ist.<\/p>\n<p>W\u00e4hrend es keine Chance gibt, dass die derzeitigen und ehemaligen Staats- und Regierungschefs Europas einer solchen vern\u00fcnftigen Politik zustimmen w\u00fcrden, ist das nur ein weiterer Beweis daf\u00fcr, dass Fran\u00e7ois Hollande, Angela Merkel, Rishi Sunak, Emmanuel Macron und diese abscheuliche Idiotin Ursula von der Leyen Teil des Problems und nicht die L\u00f6sung sind.<\/p>\n<p>\u00dcber zwei Millionen Menschen sind direkt in der amerikanischen R\u00fcstungsindustrie besch\u00e4ftigt, weitere Dutzende Millionen sind indirekt darin besch\u00e4ftigt. Selbst wenn der Ukraine-Krieg ihre Kapazit\u00e4ten \u00fcberfordern sollte, sind diese Menschen und die ihnen unterstellten europ\u00e4ischen Politiker eine m\u00e4chtige Lobby, denen es ziemlich egal sein wird, falls Europa implodieren sollte, solange sie regelm\u00e4\u00dfig ihr Pfund Fleisch erhalten. Im Interesse derjenigen unter uns, die beruflich keine Soziopathen sind, m\u00fcssen solche Menschen aus der Gleichung herausgenommen werden.<\/p>\n<p><strong>B\u00fcrgerliche Unruhen<\/strong><\/p>\n<p>Obwohl viele Teile Europas in Flammen stehen, sind derzeit diejenigen Flammen am hellsten, die in Schweden und Frankreich lodern. Das grundlegende Problem Schwedens besteht darin, dass es seine Tore f\u00fcr eine gro\u00dfe Anzahl von Einwanderern ge\u00f6ffnet hat, von denen viele, vor langer Zeit schon, weite Teile des urbanen Schwedens in Kriegsgebiete verwandelt haben, aufgeteilt zwischen rivalisierenden kriminellen Banden, in denen Waffen- und Bombenattentate sowie Gruppenvergewaltigungen an der Tagesordnung sind. Dies ist selbstverst\u00e4ndlich Lichtjahre von dem privilegierten Leben entfernt, das eine Greta Thunberg und die anderen schwedischen NATO-Evangelisten genie\u00dfen. Aber wie bei allen Seuchen breitet sich auch diese aus, wenn sie nicht ausgerottet oder zumindest einged\u00e4mmt wird.<\/p>\n<p>Dies ist sicherlich auch in Frankreich der Fall, wo ganze Armeen importierter, jugendlicher Krimineller den franz\u00f6sischen Staat nahezu \u00fcberw\u00e4ltigt haben, w\u00e4hrend der franz\u00f6sische Sch\u00f6nwetter-Prinz Emmanuel Macron mit dem 76-j\u00e4hrigen Rock-K\u00f6nig Elton John <a rel=\"nofollow noopener\" target=\"_blank\" href=\"https:\/\/youtu.be\/1mZA2KQ4lXk\">feierte<\/a>, um zu beweisen, dass er hip ist. Unterdessen w\u00e4chst die Unterst\u00fctzung f\u00fcr die am rechten Fl\u00fcgel spielende Marine Le Pen, w\u00e4hrend sich junge Franzosen organisieren, um gemeinsam mit den Ultras aus den Fu\u00dfballvereinen und mit Baseballschl\u00e4gern bewaffnet gegen die Randalierer vorzugehen.<\/p>\n<p>W\u00e4hrend Frankreich brennt, franz\u00f6sische Kleinkinder <a rel=\"nofollow noopener\" target=\"_blank\" href=\"https:\/\/pressefreiheit.rtde.live\/kurzclips\/video\/172213-messerattacke-auf-spielplatz-mindestens-acht\/\">abgestochen<\/a> werden, eine 12-J\u00e4hrige namens Lola Daviet vergewaltigt und ermordet wird und ihre zerst\u00fcckelten \u00dcberreste in einem Koffer aufgefunden werden, ehrt Papst Franziskus den &#8220;K\u00fcnstler&#8221; Andres Serrano in der Sixtinischen Kapelle, wo das gr\u00f6\u00dfte Werk von Michelangelo an der Decke erstrahlt, das bekannterma\u00dfen von Papst Julius II. in Auftrag gegeben wurde. Das gr\u00f6\u00dfte Werk des &#8220;K\u00fcnstlers Serrano&#8221; war bisher, wie man sich vielleicht erinnern kann, betitelt mit &#8220;<a rel=\"nofollow noopener\" target=\"_blank\" href=\"https:\/\/en.wikipedia.org\/wiki\/Piss_Christ\">Pisse-Christus<\/a>&#8220;, das ein kleines Kruzifix aus Plastik in einem Gef\u00e4\u00df zeigt, das randvoll mit dem Urin von Serrano gef\u00fcllt ist. Obwohl der Geschmack von Papst Julius II. eher meinem eigenen als dem von Papst Franziskus entspr\u00e4che,\u00a0w\u00fcrden unsere s\u00e4kularen Oberherren sagen: Jedem, wie es ihm gef\u00e4llt.<\/p>\n<p><strong>S\u00e4kulare Priester<\/strong><\/p>\n<p>Obwohl Papst Julius II. in Machiavellis Werk &#8220;Der Prinz&#8221; eine prominente Rolle spielt, fragt man sich, ob die heutigen Staatslenker \u00fcberhaupt eine Fu\u00dfnote zwischen ihnen in diesem gro\u00dfartigen Werk von Michelangelo verdienen w\u00fcrden. Man nehme Humza Yousaf, Erster Minister Schottlands, der ein Muslim ist und Schwiegereltern in Gaza hat, sich aber weigert, die israelischen Kriegsverbrechen in Gaza offen zu verurteilen. Oder wie w\u00e4re es mit Reza Pahlavi, dem Thronfolger des iranischen Throns, der Jerusalem besuchte, wo er an der j\u00fcdischen Klagemauer betete, aber als guter Muslim, der er angeblich sein soll, nicht in der danebenliegenden Al-Aqsa-Moschee vorbeischauen konnte, die als die drittheiligste St\u00e4tte im Islam gilt, w\u00e4hrend ihre politische Bedeutung f\u00fcr die Muslime der Welt nicht hoch genug eingesch\u00e4tzt werden kann.<\/p>\n<p>Dann ist da noch Annalena Baerbock, Deutschlands fanatische Au\u00dfenministerin, die nach Brasilien reiste, um sich dar\u00fcber zu beschweren, dass sich arme Brasilianer mehr um die Ern\u00e4hrung ihrer Familien k\u00fcmmern als um das Bankguthaben des Pausenclowns Selenskij. Der Himmel stehe uns bei. Obwohl der legend\u00e4re Jack Welch, ehemaliger CEO von General Electric, uns gelehrt hat, dass eine gro\u00dfartige Rede auch eine schreckliche Rede sein kann, wenn sie vor dem falschen Publikum gehalten wird, k\u00f6nnen Baerbock, Pahlavi, Trudeau und Macron vor uns keine guten oder auch nur mittelm\u00e4\u00dfigen Reden halten, weil sie wie sabbernde Scho\u00dfhunde, die sie nun mal sind, darauf fixiert sind, ihren amerikanischen Herren zu gefallen.<\/p>\n<p>Abgesehen von China, Russland, Syrien und einigen anderen, haben die Yankees unsere Eliten derma\u00dfen in ihren Bann gezogen, dass der Anschlag auf die Nord Stream-Pipelines keine Proteste von &#8220;Extinction Rebellion&#8221; oder &#8220;Fridays for Future&#8221; oder einer anderen, von Soros finanzierten Krawallgruppe hervorgerufen hat. Ganz im Gegenteil. Das bankrotte Polen schickt langstreckenf\u00e4hige Raketensysteme in die Ukraine, w\u00e4hrend die britischen Inselaffen, um nicht ins Hintertreffen zu geraten, das Land mit Munition aus abgereichertem Uran \u00fcberschwemmen. W\u00e4hrend die zuk\u00fcnftige Vergiftung der Kinder in der Ukraine durch nuklearen Staub und durch Gifte aus Schwermetallen konsistent ist mit der Kriminalit\u00e4t der Amis in Falludscha, Raqqa, Hanoi, Hiroshima, Nagasaki und einer Million anderer Orte, die sie in die Steinzeit gebombt haben, m\u00fcssen die Ereignisse rund um das Stahlwerk in Mariupol und die Salzminen bei Soledar ihr Kurzzeitged\u00e4chtnis lediglich gestreift haben.<\/p>\n<p>Da es sich bei Mariupol und Soledar um zwei befestigte Bunkeranlagen handelte, die von den Sowjets als Ma\u00dfnahme im Falle eines Atomkriegs angelegt wurden, k\u00f6nnen wir nicht nur sicher sein, dass Russland mit \u00e4hnlichen Anlagen \u00fcbers\u00e4t ist, sondern auch, dass sich das Oberkommando der russischen Streitkr\u00e4fte schon vor langer Zeit auf alles an Bedrohungen vorbereitet hat. Da diese \u00dcberzeugung durch die hervorragende Leistungsf\u00e4higkeit der russischen Verteidigungssysteme best\u00e4rkt wird, m\u00fcssen wir zu dem Schluss kommen, dass ihre Gegen\u00fcber bei der NATO mehr daran interessiert sind, sich durch Einsatz im Vorstand von Rheinmetall und \u00e4hnlichen Unternehmen zu bereichern, als ihre Streitkr\u00e4fte einsatzbereit zu machen, geschweige denn die Interessen des einfachen, entbehrlichen europ\u00e4ischen B\u00fcrgers zu verteidigen.<\/p>\n<p><strong>Redundante Medien<\/strong><\/p>\n<p>Wer qualitativ hochwertige Inhalte zu alledem lesen m\u00f6chte, klicke auf den <a rel=\"nofollow noopener\" target=\"_blank\" href=\"https:\/\/pressefreiheit.rtde.live\/meinung\/174401-frankreich-in-der-revolte-wenn-das-internet-zur-politischen-zerstreuung-wird\/\">Meinungsartikel bei <em>RT DE<\/em><\/a>\u00a0der ehemaligen \u00f6sterreichischen Au\u00dfenministerin Frau Dr. Karin Kneissl, die es einst gewagt hatte, an ihrer Hochzeit eine Runde Wiener Walzer mit dem russischen Pr\u00e4sidenten zu tanzen, und jetzt, nach unz\u00e4hligen Morddrohungen gegen sie, im Libanon im Exil leben muss.<\/p>\n<p>Ich erw\u00e4hne ihren Walzer-Moment mit Putin nur deshalb, weil die Schreibsklaven der NATO offenbar nur zu solchen Verleumdungen in der Lage sind. Hier ist zum Beispiel ein <a rel=\"nofollow noopener\" target=\"_blank\" href=\"https:\/\/www.journalismfund.eu\/supported-projects\/are-mep-friendship-groups-and-pariah-regime-visits-driving-disinformation\">halb gegorener Artikel<\/a> der irischen Staatsaktivistin Norma Costello, die sich von einer in Br\u00fcssel ans\u00e4ssigen unabh\u00e4ngigen \u2013 h\u00fcstel, h\u00fcstel \u2013 NGO ein Stipendium in H\u00f6he von 7.000 Euro ergattert hat, um in einer obskuren Publikation festzuhalten, dass die irischen Europaabgeordneten Clare Daly und Mick Wallace L\u00e4nder des Fruchtbaren Halbmonds (Naher Osten) besucht haben. Das Stipendium war somit nicht nur leicht zu bekommen, sondern auch ein ideologischer Selbstl\u00e4ufer.<\/p>\n<p>Nichts davon beunruhigt den wei\u00dfrussischen Pr\u00e4sidenten Alexander Lukaschenko, der <a rel=\"nofollow noopener\" target=\"_blank\" href=\"https:\/\/twitter.com\/i\/status\/1673461316525146114\">hier zu sehen<\/a> ist, wie er dem Agitator von der <em>BBC<\/em> Gottesfurcht beibringt. Lukaschenko wei\u00df, wie kompliziert die miteinander verflochtenen Geschichten von Wei\u00dfrussland, der Ukraine und dem weltfremden Bulgarien sind und dass ignorante Angelsachsen, die ihre Schergen in der Gestalt von Journalisten, Diplomaten oder Allzweckberatern ausschw\u00e4rmen lassen, angespannte Situationen nur noch schlimmer machen. Man kann \u00fcber Lukaschenko sagen, was man will, aber er kennt die Geschichte seines Landes und wei\u00df, wer die Feinde seines Volkes sind.<\/p>\n<p><strong>Finanzierung ukrainischer Clowns<\/strong><\/p>\n<p>Wei\u00dfrussland ist mit dieser Qual nicht allein. Hier, im unterw\u00fcrfigen Irland, werden wir von ukrainischen &#8220;Dichtern&#8221; \u00fcberrannt, die obendrauf auch noch staatlich subventioniert werden, damit sie hierherkommen, um ihren Landsleuten, die wir ebenfalls subventionieren, ihre infantilen Randnotizen vorlesen zu k\u00f6nnen. Dublins international gefeiertes Abbey Theatre wurde unterdessen beschlagnahmt, um ukrainischen Schauspielern, an denen es offenbar keinen Mangel gibt, einen Urlaub vom Krieg zu erm\u00f6glichen, damit sie hier auf dem H\u00f6hepunkt unserer Tourismussaison auftreten k\u00f6nnen, also genau zu dem Zeitpunkt, an dem zahlende Touristen normalerweise das Abbey Theatre f\u00fcllen, wo ich einst \u2013\u00a0Schreck lass nach!\u00a0\u2013 die Inszenierung eines St\u00fccks von Anton Tschechow besucht habe und wo die Touristen hinpilgern, um irischen Schauspielern bei der Darbietung irischer Theaterinszenierungen zuzusehen, wozu sie jedes Recht haben.<\/p>\n<p>Die Selenskij-Apologetin Natalija Popowitsch <a rel=\"nofollow noopener\" target=\"_blank\" href=\"https:\/\/www.atlanticcouncil.org\/blogs\/ukrainealert\/western-companies-are-still-financing-the-russian-invasion-of-ukraine\/\">schrieb vor kurzem<\/a> f\u00fcr den Atlantic Council, das digitale Kampforgan der NATO, dass die Sabotage der irischen Tourismusindustrie durch ukrainische Fl\u00fcchtlinge irgendwie &#8220;ein sehr direkter russischer Angriff auf den Frieden und die Stabilit\u00e4t sei, von dem westliche Unternehmen im Laufe der Jahre stark profitiert haben&#8221;, und dass Irlands Fall lediglich eines &#8220;von \u00fcber 90.000 mutma\u00dflichen russischen Kriegsverbrechen in der Ukraine&#8221; sei und dass man den Wiederaufbau des ukrainischen Humankapitals und die Modernisierung der Energieinfrastruktur der Ukraine fortsetzen m\u00fcsse, um das Land fest auf den Weg in eine Zukunft mit gr\u00fcner Energie zu bringen.<\/p>\n<p>Wenn sich das alles nach dem Geschw\u00e4tz einer Geisteskranken anh\u00f6rt, dann deshalb, weil es das ist. Wenn die Ukraine keine tragf\u00e4hige wirtschaftliche Vergangenheit hatte, dann k\u00f6nnen wir auch nicht erwarten, dass sie pl\u00f6tzlich aus dem Nichts aufbl\u00fcht und dem Rest von uns in Europa helfen kann, aus unserer wirtschaftlichen Flaute herauszukommen. Umso mehr, wenn wir viele Milliarden guten Geldes vielen Milliarden schlechten Geldes hinterherwerfen, alles auf Wunsch Selenskijs und seiner Legionen von Betr\u00fcgern.<\/p>\n<p>Und dann sind da nat\u00fcrlich noch Onkel Sam, Klaus Schwab und Bill Gates, dessen kolumbianische <a rel=\"nofollow noopener\" target=\"_blank\" href=\"https:\/\/twitter.com\/i\/status\/1665736040219303937\">M\u00fcckenfabrik<\/a> jede Woche 30 Millionen gentechnisch ver\u00e4nderte M\u00fccken in elf verschiedenen L\u00e4ndern freil\u00e4sst, und zwar aus Gr\u00fcnden, die wohl selbst einen Josef Mengele zum Schaudern bringen w\u00fcrden. Ob wir \u00fcber die <a rel=\"nofollow noopener\" target=\"_blank\" href=\"https:\/\/www.judicialwatch.org\/coronavirus-mutants\/\">Spielereien<\/a> von Big Pharma in Wuhan, die <a rel=\"nofollow noopener\" target=\"_blank\" href=\"https:\/\/www.jamesesses.com\/p\/the-horrors-of-the-pink-news-trans?fbclid=IwAR1p4KPbM53hY4gbD6TZlamtrOkcm9Ojuv1HmIce_rcP1rMKn-BAcVHfrZk\">transhumanistischen Kapriolen<\/a> von <em>Pink News<\/em>, die frauenfeindlichen <a rel=\"nofollow noopener\" target=\"_blank\" href=\"https:\/\/youtu.be\/lUHZ4H18Y2c\">Kampagnen<\/a> von Oxfam, die M\u00fcckenplage von Bill Gates oder sogar \u00fcber <a rel=\"nofollow noopener\" target=\"_blank\" href=\"https:\/\/youtu.be\/6ETDpu1-ZEg\">Hollywoods Trans-Barbie-Puppen<\/a> in ihren Trans-Barbie-Welten reden, die NATO verwandelt unser europ\u00e4isches Wunderland in den vom Hohen Vertreter der EU f\u00fcr Au\u00dfen- und Sicherheitspolitik, Josep Borrell, <a rel=\"nofollow noopener\" target=\"_blank\" href=\"https:\/\/pressefreiheit.rtde.live\/europa\/151544-borrell-zur-weltlage-europa-ist\/\">imaginierten Garten<\/a> Eden, in einen dystopischen Alptraum. Und das alles direkt vor unseren Augen, die denen eines Kaninchens im Anblick einer Schlange gleichen.<\/p>\n<p><strong>Abstimmen mit den F\u00fc\u00dfen<\/strong><\/p>\n<p>Europ\u00e4er, die es sich leisten k\u00f6nnen, retten sich nach Dubai, Australien oder wohin auch immer, um dem fast unvermeidlichen Zusammenbruch in Europa zu entgehen. Saudi-Arabien und die anderen Golfstaaten springen auf den Zug auf, der sie in die Gemeinschaft der BRICS-Staaten f\u00fchren wird, w\u00e4hrend die nepalesischen Gurkhas, die lange Zeit als Britanniens h\u00e4rteste Krieger gef\u00fcrchtet waren, sich <a rel=\"nofollow noopener\" target=\"_blank\" href=\"https:\/\/youtu.be\/7CYHr35WO0c\">in gro\u00dfer Zahl<\/a> der russischen Gruppe Wagner anschlie\u00dfen.<\/p>\n<p>Unterdessen m\u00fcssen sich die Europ\u00e4er fragen, wie sie \u00fcberleben k\u00f6nnen, nachdem unsere Aufseher vom WEF fest entschlossen sind, uns jeglichen Ansatzes von Unabh\u00e4ngigkeit zu berauben. W\u00e4hrend die Amis zumindest auf ihre Waffen und ihren Libertarismus zur\u00fcckgreifen k\u00f6nnen, haben wir nur Greta Thunberg, von der Leyen und die Mutter aller Kopfschmerzen mit der ukrainischen Katastrophe.<\/p>\n<p>Aus meiner Sicht gibt es zwei M\u00f6glichkeiten, wie das alles weitergehen wird. Die erste und einfachste M\u00f6glichkeit ist, dass wir es hinnehmen, dass die NATO und ihre Vollstrecker beim WEF alles zerst\u00f6ren, was in Europa gut und wertvoll ist. Die zweite M\u00f6glichkeit \u2013 und der unendlich schwierigere Weg \u2013\u00a0besteht darin, dass wir uns den niederl\u00e4ndischen Bauern, den Ungarn und den anderen noch souver\u00e4nen V\u00f6lkern Europas anschlie\u00dfen und uns zusammentun, um uns zu wehren. Leeres Geschw\u00e4tz vielleicht, aber das ist alles, was noch \u00fcbrigbleibt. Aber da wir \u2013 au\u00dfer als entmannte Vasallen \u2013 nicht in die gro\u00dfen Pl\u00e4ne von Greta, Gates und den anderen Potentaten passen, sollten wir sie auch nicht in unsere Pl\u00e4ne einbeziehen.\u00a0<\/p>\n<p>&#8220;Gebt mir die Freiheit oder den Tod&#8221;, soll Patrick Henry, ein Gr\u00fcndervater der USA, angeblich gerufen haben, um seine Truppen zu sammeln und ihnen darzulegen, was den Kern des ideologischen Kampfes ausmacht, in dem auch wir uns heute befinden. Weil man uns nicht als freie und souver\u00e4ne Menschen leben l\u00e4sst, w\u00e4hrend Annalena Baerbock, Bill Gates, Klaus Schwab, Justin Trudeau, Ursula von der Leyen und ihre Armeen von Idioten uns ihren Yankee-Oberherren auf einem Teller servieren, m\u00fcssen wir uns dazu entschlie\u00dfen, zur\u00fcckzuschlagen und dabei eventuell zu sterben, bevor sie uns umbringen.<\/p>\n<p>Das sind vielleicht wilde Worte, aber Europa ist diesen Weg schon einmal gegangen und hat \u00fcberlebt, wenn auch unter gro\u00dfen Opfern. Aber wie jeder Neuling in einem Fitnessstudio wei\u00df, m\u00fcssen wir erst die ungesunden Dinge aufgeben, bevor wir die gesunden Dinge tun k\u00f6nnen, wie die Beendigung der Besatzung durch die Yankees in Europa. Oder Milliarden von Euro an\u00a0Selenskij und seine Banditen zu schleusen oder ukrainische &#8220;Dichter&#8221; heranzukarren und zu bezahlen, damit sie hierherkommen, um bei uns mit ihren schrecklichen Klageliedern noch mehr Schmerz hervorzurufen.\u00a0<\/p>\n<p>Selbst wenn Europa untergehen sollte, m\u00fcssen wir uns zumindest davor bewahren, noch l\u00e4nger von den Blutsaugern in Kiew gequ\u00e4lt zu werden. Falls wir uns mit einer Niederlage abfinden m\u00fcssen, dann lasst uns dieser entgegensehen. Aber wir sollten zuerst die Kiewer Schakale loswerden, die uns von der NATO an den Hals gehetzt wurden, damit auch sie f\u00fcr den Schaden, den sie uns zugef\u00fcgt haben, b\u00fc\u00dfen m\u00fcssen.<\/p>\n<p><strong>Mehr zum Thema <\/strong>\u2013\u00a0<a rel=\"nofollow noopener\" target=\"_blank\" href=\"https:\/\/freeassange.rtde.life\/kurzclips\/video\/174718-putin-es-ist-ihnen-nicht\/\">Putin: Es ist ihnen nicht gelungen, ihre Ziele gegen Russland zu erreichen<\/a><strong><\/strong><\/p>\n<div class=\"EmbedBlock-root EmbedBlock-externalVideo EmbedBlock-odysee\">\n<div class=\"VkEmbed\"><iframe class=\"lazyload\" data-src=\"https:\/\/odysee.com\/%24\/embed\/%40RTDE%3Ae%2FHerr_Pr%C3%A4sident_warum_jetzt_Streumunition_Biden_antwortet_unverbl%C3%BChmt%3A9\" frameborder=\"0\" width=\"853\" height=\"480\" allowfullscreen><\/iframe><\/div>\n<\/div>\n<p><em>Dieser Text erschien in <a rel=\"nofollow noopener\" target=\"_blank\" href=\"https:\/\/strategic-culture.org\/news\/2023\/07\/05\/embracing-defeat-european-union-in-wake-of-ukrainian-war\/\">englischer Sprache<\/a> bei Strategic Culture Foundation.<\/em><\/p>\n<p><em><strong>Declan Hayes<\/strong> ist katholischer Denker und Aktivist und ehemaliger Dozent f\u00fcr Finanzen an der Universit\u00e4t Southampton.<\/em><\/p>\n<\/div>\n<p><script async src=\"https:\/\/platform.twitter.com\/widgets.js\" charset=\"utf-8\"><\/script><br \/>\n<br \/><br \/>\n<br \/><a href=\"https:\/\/de.rt.com\/meinung\/174747-der-niederlage-entgegensehen-europaeische-union-im-sog-des-ukraine-krieges\/\">Source link <\/a><\/p>\n","protected":false},"excerpt":{"rendered":"<p>Selbst wenn Europa untergehen sollte, m\u00fcssen wir uns zumindest davor bewahren, noch l\u00e4nger von den Blutsaugern in Kiew gequ\u00e4lt zu werden. Falls wir uns mit einer Niederlage abfinden m\u00fcssen, dann lasst uns dieser entgegensehen. Aber wir sollten zuerst die Schakale loswerden. Von Declan Hayes Dieser Meinungsartikel leitet sich von einer Reihe von Schl\u00fcsselfaktoren ab, um [&hellip;]<\/p>\n","protected":false},"author":3,"featured_media":39775,"comment_status":"open","ping_status":"open","sticky":false,"template":"","format":"standard","meta":{"_yoast_indexnow_last_ping":["1688905563"],"wp_automatic_camp":["217"],"ea0bc5452a34c1305b4e5e476b8d7a3d":["Der Niederlage entgegensehen: Die Europ\u00e4ische Union im Sog des Ukraine-Krieges"],"original_link":["https:\/\/de.rt.com\/meinung\/174747-der-niederlage-entgegensehen-europaeische-union-im-sog-des-ukraine-krieges\/"],"_thumbnail_id":["39775"],"jnews_social_counter_last_update":["1777630452"],"_wptgpro_p2tg_sent2tg":["a:1:{i:23737;s:19:\"2023-07-09 14:27:30\";}"]},"categories":[19,23],"tags":[82,583,45,46533,21307,3948,46534,9893,6716],"yoast_head":"<!-- This site is optimized with the Yoast SEO Premium plugin v22.7 (Yoast SEO v22.7) - https:\/\/yoast.com\/wordpress\/plugins\/seo\/ -->\n<title>Der Niederlage entgegensehen: Die Europ\u00e4ische Union im Sog des Ukraine-Krieges - just-now.NEWS Deutschland<\/title>\n<meta name=\"robots\" content=\"index, follow, max-snippet:-1, max-image-preview:large, max-video-preview:-1\" \/>\n<link rel=\"canonical\" href=\"https:\/\/now-news.de\/de\/deutschland\/der-niederlage-entgegensehen-die-europaeische-union-im-sog-des-ukraine-krieges\/\" \/>\n<meta property=\"og:locale\" content=\"de_DE\" \/>\n<meta property=\"og:type\" content=\"article\" \/>\n<meta property=\"og:title\" content=\"Der Niederlage entgegensehen: Die Europ\u00e4ische Union im Sog des Ukraine-Krieges\" \/>\n<meta property=\"og:description\" content=\"Selbst wenn Europa untergehen sollte, m\u00fcssen wir uns zumindest davor bewahren, noch l\u00e4nger von den Blutsaugern in Kiew gequ\u00e4lt zu werden. Falls wir uns mit einer Niederlage abfinden m\u00fcssen, dann lasst uns dieser entgegensehen. Aber wir sollten zuerst die Schakale loswerden. Von Declan Hayes Dieser Meinungsartikel leitet sich von einer Reihe von Schl\u00fcsselfaktoren ab, um [&hellip;]\" \/>\n<meta property=\"og:url\" content=\"https:\/\/now-news.de\/de\/deutschland\/der-niederlage-entgegensehen-die-europaeische-union-im-sog-des-ukraine-krieges\/\" \/>\n<meta property=\"og:site_name\" content=\"just-now.NEWS Deutschland\" \/>\n<meta property=\"article:publisher\" content=\"https:\/\/www.facebook.com\/wirmachenauf\" \/>\n<meta property=\"article:published_time\" content=\"2023-07-09T12:19:55+00:00\" \/>\n<meta property=\"og:image\" content=\"https:\/\/now-news.de\/de\/wp-content\/uploads\/sites\/3\/2023\/07\/Der-Niederlage-entgegensehen-Die-Europaeische-Union-im-Sog-des-Ukraine-Krieges.jpg\" \/>\n\t<meta property=\"og:image:width\" content=\"460\" \/>\n\t<meta property=\"og:image:height\" content=\"259\" \/>\n\t<meta property=\"og:image:type\" content=\"image\/jpeg\" \/>\n<meta name=\"author\" content=\"rtnews\" \/>\n<meta name=\"twitter:card\" content=\"summary_large_image\" \/>\n<meta name=\"twitter:creator\" content=\"@WirMachenAuf_de\" \/>\n<meta name=\"twitter:site\" content=\"@WirMachenAuf_de\" \/>\n<meta name=\"twitter:label1\" content=\"Verfasst von\" \/>\n\t<meta name=\"twitter:data1\" content=\"rtnews\" \/>\n\t<meta name=\"twitter:label2\" content=\"Gesch\u00e4tzte Lesezeit\" \/>\n\t<meta name=\"twitter:data2\" content=\"14\u00a0Minuten\" \/>\n<script type=\"application\/ld+json\" class=\"yoast-schema-graph\">{\"@context\":\"https:\/\/schema.org\",\"@graph\":[{\"@type\":\"Article\",\"@id\":\"https:\/\/now-news.de\/de\/deutschland\/der-niederlage-entgegensehen-die-europaeische-union-im-sog-des-ukraine-krieges\/#article\",\"isPartOf\":{\"@id\":\"https:\/\/now-news.de\/de\/deutschland\/der-niederlage-entgegensehen-die-europaeische-union-im-sog-des-ukraine-krieges\/\"},\"author\":{\"name\":\"rtnews\",\"@id\":\"https:\/\/now-news.de\/de\/#\/schema\/person\/fb534a4e865501d8b3285208df34a9b5\"},\"headline\":\"Der Niederlage entgegensehen: Die Europ\u00e4ische Union im Sog des Ukraine-Krieges\",\"datePublished\":\"2023-07-09T12:19:55+00:00\",\"dateModified\":\"2023-07-09T12:19:55+00:00\",\"mainEntityOfPage\":{\"@id\":\"https:\/\/now-news.de\/de\/deutschland\/der-niederlage-entgegensehen-die-europaeische-union-im-sog-des-ukraine-krieges\/\"},\"wordCount\":2862,\"commentCount\":0,\"publisher\":{\"@id\":\"https:\/\/now-news.de\/de\/#organization\"},\"image\":{\"@id\":\"https:\/\/now-news.de\/de\/deutschland\/der-niederlage-entgegensehen-die-europaeische-union-im-sog-des-ukraine-krieges\/#primaryimage\"},\"thumbnailUrl\":\"https:\/\/now-news.de\/de\/wp-content\/uploads\/sites\/3\/2023\/07\/Der-Niederlage-entgegensehen-Die-Europaeische-Union-im-Sog-des-Ukraine-Krieges.jpg\",\"keywords\":[\"der\",\"des\",\"die\",\"entgegensehen\",\"europ\u00e4ische\",\"Niederlage\",\"Sog\",\"UkraineKrieges\",\"Union\"],\"articleSection\":[\"Deutschland\",\"Russland\"],\"inLanguage\":\"de\",\"potentialAction\":[{\"@type\":\"CommentAction\",\"name\":\"Comment\",\"target\":[\"https:\/\/now-news.de\/de\/deutschland\/der-niederlage-entgegensehen-die-europaeische-union-im-sog-des-ukraine-krieges\/#respond\"]}]},{\"@type\":\"WebPage\",\"@id\":\"https:\/\/now-news.de\/de\/deutschland\/der-niederlage-entgegensehen-die-europaeische-union-im-sog-des-ukraine-krieges\/\",\"url\":\"https:\/\/now-news.de\/de\/deutschland\/der-niederlage-entgegensehen-die-europaeische-union-im-sog-des-ukraine-krieges\/\",\"name\":\"Der Niederlage entgegensehen: Die Europ\u00e4ische Union im Sog des Ukraine-Krieges - just-now.NEWS Deutschland\",\"isPartOf\":{\"@id\":\"https:\/\/now-news.de\/de\/#website\"},\"primaryImageOfPage\":{\"@id\":\"https:\/\/now-news.de\/de\/deutschland\/der-niederlage-entgegensehen-die-europaeische-union-im-sog-des-ukraine-krieges\/#primaryimage\"},\"image\":{\"@id\":\"https:\/\/now-news.de\/de\/deutschland\/der-niederlage-entgegensehen-die-europaeische-union-im-sog-des-ukraine-krieges\/#primaryimage\"},\"thumbnailUrl\":\"https:\/\/now-news.de\/de\/wp-content\/uploads\/sites\/3\/2023\/07\/Der-Niederlage-entgegensehen-Die-Europaeische-Union-im-Sog-des-Ukraine-Krieges.jpg\",\"datePublished\":\"2023-07-09T12:19:55+00:00\",\"dateModified\":\"2023-07-09T12:19:55+00:00\",\"breadcrumb\":{\"@id\":\"https:\/\/now-news.de\/de\/deutschland\/der-niederlage-entgegensehen-die-europaeische-union-im-sog-des-ukraine-krieges\/#breadcrumb\"},\"inLanguage\":\"de\",\"potentialAction\":[{\"@type\":\"ReadAction\",\"target\":[\"https:\/\/now-news.de\/de\/deutschland\/der-niederlage-entgegensehen-die-europaeische-union-im-sog-des-ukraine-krieges\/\"]}]},{\"@type\":\"ImageObject\",\"inLanguage\":\"de\",\"@id\":\"https:\/\/now-news.de\/de\/deutschland\/der-niederlage-entgegensehen-die-europaeische-union-im-sog-des-ukraine-krieges\/#primaryimage\",\"url\":\"https:\/\/now-news.de\/de\/wp-content\/uploads\/sites\/3\/2023\/07\/Der-Niederlage-entgegensehen-Die-Europaeische-Union-im-Sog-des-Ukraine-Krieges.jpg\",\"contentUrl\":\"https:\/\/now-news.de\/de\/wp-content\/uploads\/sites\/3\/2023\/07\/Der-Niederlage-entgegensehen-Die-Europaeische-Union-im-Sog-des-Ukraine-Krieges.jpg\",\"width\":460,\"height\":259,\"caption\":\"Der Niederlage entgegensehen: Die Europ\u00e4ische Union im Sog des Ukraine-Krieges\"},{\"@type\":\"BreadcrumbList\",\"@id\":\"https:\/\/now-news.de\/de\/deutschland\/der-niederlage-entgegensehen-die-europaeische-union-im-sog-des-ukraine-krieges\/#breadcrumb\",\"itemListElement\":[{\"@type\":\"ListItem\",\"position\":1,\"name\":\"Home\",\"item\":\"https:\/\/now-news.de\/de\/\"},{\"@type\":\"ListItem\",\"position\":2,\"name\":\"Der Niederlage entgegensehen: Die Europ\u00e4ische Union im Sog des Ukraine-Krieges\"}]},{\"@type\":\"WebSite\",\"@id\":\"https:\/\/now-news.de\/de\/#website\",\"url\":\"https:\/\/now-news.de\/de\/\",\"name\":\"just-now.NEWS Deutschland\",\"description\":\"Das Portal f\u00fcr unzensierte Nachrichten aus der Welt\",\"publisher\":{\"@id\":\"https:\/\/now-news.de\/de\/#organization\"},\"potentialAction\":[{\"@type\":\"SearchAction\",\"target\":{\"@type\":\"EntryPoint\",\"urlTemplate\":\"https:\/\/now-news.de\/de\/?s={search_term_string}\"},\"query-input\":\"required name=search_term_string\"}],\"inLanguage\":\"de\"},{\"@type\":\"Organization\",\"@id\":\"https:\/\/now-news.de\/de\/#organization\",\"name\":\"Just Now News\",\"url\":\"https:\/\/now-news.de\/de\/\",\"logo\":{\"@type\":\"ImageObject\",\"inLanguage\":\"de\",\"@id\":\"https:\/\/now-news.de\/de\/#\/schema\/logo\/image\/\",\"url\":\"http:\/\/just-now.news\/de\/wp-content\/uploads\/sites\/3\/2022\/04\/logo500x500.jpg\",\"contentUrl\":\"http:\/\/just-now.news\/de\/wp-content\/uploads\/sites\/3\/2022\/04\/logo500x500.jpg\",\"width\":500,\"height\":500,\"caption\":\"Just Now News\"},\"image\":{\"@id\":\"https:\/\/now-news.de\/de\/#\/schema\/logo\/image\/\"},\"sameAs\":[\"https:\/\/www.facebook.com\/wirmachenauf\",\"https:\/\/x.com\/WirMachenAuf_de\"]},{\"@type\":\"Person\",\"@id\":\"https:\/\/now-news.de\/de\/#\/schema\/person\/fb534a4e865501d8b3285208df34a9b5\",\"name\":\"rtnews\",\"image\":{\"@type\":\"ImageObject\",\"inLanguage\":\"de\",\"@id\":\"https:\/\/now-news.de\/de\/#\/schema\/person\/image\/\",\"url\":\"https:\/\/secure.gravatar.com\/avatar\/82aafea7d8127119dd649515f56e2117?s=96&d=mm&r=g\",\"contentUrl\":\"https:\/\/secure.gravatar.com\/avatar\/82aafea7d8127119dd649515f56e2117?s=96&d=mm&r=g\",\"caption\":\"rtnews\"},\"url\":\"https:\/\/now-news.de\/de\/author\/rnews\/\"}]}<\/script>\n<!-- \/ Yoast SEO Premium plugin. -->","yoast_head_json":{"title":"Der Niederlage entgegensehen: Die Europ\u00e4ische Union im Sog des Ukraine-Krieges - just-now.NEWS Deutschland","robots":{"index":"index","follow":"follow","max-snippet":"max-snippet:-1","max-image-preview":"max-image-preview:large","max-video-preview":"max-video-preview:-1"},"canonical":"https:\/\/now-news.de\/de\/deutschland\/der-niederlage-entgegensehen-die-europaeische-union-im-sog-des-ukraine-krieges\/","og_locale":"de_DE","og_type":"article","og_title":"Der Niederlage entgegensehen: Die Europ\u00e4ische Union im Sog des Ukraine-Krieges","og_description":"Selbst wenn Europa untergehen sollte, m\u00fcssen wir uns zumindest davor bewahren, noch l\u00e4nger von den Blutsaugern in Kiew gequ\u00e4lt zu werden. Falls wir uns mit einer Niederlage abfinden m\u00fcssen, dann lasst uns dieser entgegensehen. Aber wir sollten zuerst die Schakale loswerden. Von Declan Hayes Dieser Meinungsartikel leitet sich von einer Reihe von Schl\u00fcsselfaktoren ab, um [&hellip;]","og_url":"https:\/\/now-news.de\/de\/deutschland\/der-niederlage-entgegensehen-die-europaeische-union-im-sog-des-ukraine-krieges\/","og_site_name":"just-now.NEWS Deutschland","article_publisher":"https:\/\/www.facebook.com\/wirmachenauf","article_published_time":"2023-07-09T12:19:55+00:00","og_image":[{"width":460,"height":259,"url":"https:\/\/now-news.de\/de\/wp-content\/uploads\/sites\/3\/2023\/07\/Der-Niederlage-entgegensehen-Die-Europaeische-Union-im-Sog-des-Ukraine-Krieges.jpg","type":"image\/jpeg"}],"author":"rtnews","twitter_card":"summary_large_image","twitter_creator":"@WirMachenAuf_de","twitter_site":"@WirMachenAuf_de","twitter_misc":{"Verfasst von":"rtnews","Gesch\u00e4tzte Lesezeit":"14\u00a0Minuten"},"schema":{"@context":"https:\/\/schema.org","@graph":[{"@type":"Article","@id":"https:\/\/now-news.de\/de\/deutschland\/der-niederlage-entgegensehen-die-europaeische-union-im-sog-des-ukraine-krieges\/#article","isPartOf":{"@id":"https:\/\/now-news.de\/de\/deutschland\/der-niederlage-entgegensehen-die-europaeische-union-im-sog-des-ukraine-krieges\/"},"author":{"name":"rtnews","@id":"https:\/\/now-news.de\/de\/#\/schema\/person\/fb534a4e865501d8b3285208df34a9b5"},"headline":"Der Niederlage entgegensehen: Die Europ\u00e4ische Union im Sog des Ukraine-Krieges","datePublished":"2023-07-09T12:19:55+00:00","dateModified":"2023-07-09T12:19:55+00:00","mainEntityOfPage":{"@id":"https:\/\/now-news.de\/de\/deutschland\/der-niederlage-entgegensehen-die-europaeische-union-im-sog-des-ukraine-krieges\/"},"wordCount":2862,"commentCount":0,"publisher":{"@id":"https:\/\/now-news.de\/de\/#organization"},"image":{"@id":"https:\/\/now-news.de\/de\/deutschland\/der-niederlage-entgegensehen-die-europaeische-union-im-sog-des-ukraine-krieges\/#primaryimage"},"thumbnailUrl":"https:\/\/now-news.de\/de\/wp-content\/uploads\/sites\/3\/2023\/07\/Der-Niederlage-entgegensehen-Die-Europaeische-Union-im-Sog-des-Ukraine-Krieges.jpg","keywords":["der","des","die","entgegensehen","europ\u00e4ische","Niederlage","Sog","UkraineKrieges","Union"],"articleSection":["Deutschland","Russland"],"inLanguage":"de","potentialAction":[{"@type":"CommentAction","name":"Comment","target":["https:\/\/now-news.de\/de\/deutschland\/der-niederlage-entgegensehen-die-europaeische-union-im-sog-des-ukraine-krieges\/#respond"]}]},{"@type":"WebPage","@id":"https:\/\/now-news.de\/de\/deutschland\/der-niederlage-entgegensehen-die-europaeische-union-im-sog-des-ukraine-krieges\/","url":"https:\/\/now-news.de\/de\/deutschland\/der-niederlage-entgegensehen-die-europaeische-union-im-sog-des-ukraine-krieges\/","name":"Der Niederlage entgegensehen: Die Europ\u00e4ische Union im Sog des Ukraine-Krieges - just-now.NEWS Deutschland","isPartOf":{"@id":"https:\/\/now-news.de\/de\/#website"},"primaryImageOfPage":{"@id":"https:\/\/now-news.de\/de\/deutschland\/der-niederlage-entgegensehen-die-europaeische-union-im-sog-des-ukraine-krieges\/#primaryimage"},"image":{"@id":"https:\/\/now-news.de\/de\/deutschland\/der-niederlage-entgegensehen-die-europaeische-union-im-sog-des-ukraine-krieges\/#primaryimage"},"thumbnailUrl":"https:\/\/now-news.de\/de\/wp-content\/uploads\/sites\/3\/2023\/07\/Der-Niederlage-entgegensehen-Die-Europaeische-Union-im-Sog-des-Ukraine-Krieges.jpg","datePublished":"2023-07-09T12:19:55+00:00","dateModified":"2023-07-09T12:19:55+00:00","breadcrumb":{"@id":"https:\/\/now-news.de\/de\/deutschland\/der-niederlage-entgegensehen-die-europaeische-union-im-sog-des-ukraine-krieges\/#breadcrumb"},"inLanguage":"de","potentialAction":[{"@type":"ReadAction","target":["https:\/\/now-news.de\/de\/deutschland\/der-niederlage-entgegensehen-die-europaeische-union-im-sog-des-ukraine-krieges\/"]}]},{"@type":"ImageObject","inLanguage":"de","@id":"https:\/\/now-news.de\/de\/deutschland\/der-niederlage-entgegensehen-die-europaeische-union-im-sog-des-ukraine-krieges\/#primaryimage","url":"https:\/\/now-news.de\/de\/wp-content\/uploads\/sites\/3\/2023\/07\/Der-Niederlage-entgegensehen-Die-Europaeische-Union-im-Sog-des-Ukraine-Krieges.jpg","contentUrl":"https:\/\/now-news.de\/de\/wp-content\/uploads\/sites\/3\/2023\/07\/Der-Niederlage-entgegensehen-Die-Europaeische-Union-im-Sog-des-Ukraine-Krieges.jpg","width":460,"height":259,"caption":"Der Niederlage entgegensehen: Die Europ\u00e4ische Union im Sog des Ukraine-Krieges"},{"@type":"BreadcrumbList","@id":"https:\/\/now-news.de\/de\/deutschland\/der-niederlage-entgegensehen-die-europaeische-union-im-sog-des-ukraine-krieges\/#breadcrumb","itemListElement":[{"@type":"ListItem","position":1,"name":"Home","item":"https:\/\/now-news.de\/de\/"},{"@type":"ListItem","position":2,"name":"Der Niederlage entgegensehen: Die Europ\u00e4ische Union im Sog des Ukraine-Krieges"}]},{"@type":"WebSite","@id":"https:\/\/now-news.de\/de\/#website","url":"https:\/\/now-news.de\/de\/","name":"just-now.NEWS Deutschland","description":"Das Portal f\u00fcr unzensierte Nachrichten aus der Welt","publisher":{"@id":"https:\/\/now-news.de\/de\/#organization"},"potentialAction":[{"@type":"SearchAction","target":{"@type":"EntryPoint","urlTemplate":"https:\/\/now-news.de\/de\/?s={search_term_string}"},"query-input":"required name=search_term_string"}],"inLanguage":"de"},{"@type":"Organization","@id":"https:\/\/now-news.de\/de\/#organization","name":"Just Now News","url":"https:\/\/now-news.de\/de\/","logo":{"@type":"ImageObject","inLanguage":"de","@id":"https:\/\/now-news.de\/de\/#\/schema\/logo\/image\/","url":"http:\/\/just-now.news\/de\/wp-content\/uploads\/sites\/3\/2022\/04\/logo500x500.jpg","contentUrl":"http:\/\/just-now.news\/de\/wp-content\/uploads\/sites\/3\/2022\/04\/logo500x500.jpg","width":500,"height":500,"caption":"Just Now News"},"image":{"@id":"https:\/\/now-news.de\/de\/#\/schema\/logo\/image\/"},"sameAs":["https:\/\/www.facebook.com\/wirmachenauf","https:\/\/x.com\/WirMachenAuf_de"]},{"@type":"Person","@id":"https:\/\/now-news.de\/de\/#\/schema\/person\/fb534a4e865501d8b3285208df34a9b5","name":"rtnews","image":{"@type":"ImageObject","inLanguage":"de","@id":"https:\/\/now-news.de\/de\/#\/schema\/person\/image\/","url":"https:\/\/secure.gravatar.com\/avatar\/82aafea7d8127119dd649515f56e2117?s=96&d=mm&r=g","contentUrl":"https:\/\/secure.gravatar.com\/avatar\/82aafea7d8127119dd649515f56e2117?s=96&d=mm&r=g","caption":"rtnews"},"url":"https:\/\/now-news.de\/de\/author\/rnews\/"}]}},"_links":{"self":[{"href":"https:\/\/now-news.de\/de\/wp-json\/wp\/v2\/posts\/39774"}],"collection":[{"href":"https:\/\/now-news.de\/de\/wp-json\/wp\/v2\/posts"}],"about":[{"href":"https:\/\/now-news.de\/de\/wp-json\/wp\/v2\/types\/post"}],"author":[{"embeddable":true,"href":"https:\/\/now-news.de\/de\/wp-json\/wp\/v2\/users\/3"}],"replies":[{"embeddable":true,"href":"https:\/\/now-news.de\/de\/wp-json\/wp\/v2\/comments?post=39774"}],"version-history":[{"count":0,"href":"https:\/\/now-news.de\/de\/wp-json\/wp\/v2\/posts\/39774\/revisions"}],"wp:featuredmedia":[{"embeddable":true,"href":"https:\/\/now-news.de\/de\/wp-json\/wp\/v2\/media\/39775"}],"wp:attachment":[{"href":"https:\/\/now-news.de\/de\/wp-json\/wp\/v2\/media?parent=39774"}],"wp:term":[{"taxonomy":"category","embeddable":true,"href":"https:\/\/now-news.de\/de\/wp-json\/wp\/v2\/categories?post=39774"},{"taxonomy":"post_tag","embeddable":true,"href":"https:\/\/now-news.de\/de\/wp-json\/wp\/v2\/tags?post=39774"}],"curies":[{"name":"wp","href":"https:\/\/api.w.org\/{rel}","templated":true}]}}