{"id":39762,"date":"2023-07-09T12:20:18","date_gmt":"2023-07-09T10:20:18","guid":{"rendered":"https:\/\/just-now.news\/de\/deutschland\/uebergabe-von-asow-kaempfern-durch-die-tuerkei-an-die-ukraine-kreml-zeigt-sich-empoert\/"},"modified":"2023-07-09T12:20:18","modified_gmt":"2023-07-09T10:20:18","slug":"uebergabe-von-asow-kaempfern-durch-die-tuerkei-an-die-ukraine-kreml-zeigt-sich-empoert","status":"publish","type":"post","link":"https:\/\/now-news.de\/de\/deutschland\/uebergabe-von-asow-kaempfern-durch-die-tuerkei-an-die-ukraine-kreml-zeigt-sich-empoert\/","title":{"rendered":"\u00dcbergabe von Asow-K\u00e4mpfern durch die T\u00fcrkei an die Ukraine \u2013 Kreml zeigt sich emp\u00f6rt"},"content":{"rendered":"<p><img decoding=\"async\" src=\"http:\/\/just-now.news\/de\/wp-content\/uploads\/sites\/3\/2023\/07\/64aa795ab480cc21045c7a07.jpg\" \/><\/p>\n<div class=\"Text-root Text-type_1 \">\n                Kreml-Sprecher Dmitri Peskow bezeichnete die R\u00fcckholung von Asow-K\u00e4mpfern durch die T\u00fcrkei an die Ukraine als Versto\u00df gegen Vereinbarungen. Der Pressesprecher unterstrich, dass sich Moskau dieses Schrittes nicht bewusst gewesen sei.\n            <\/div>\n<p><\/p>\n<div class=\"Text-root Text-type_5 ArticleView-text ViewText-root \">\n<p>Die R\u00fcckf\u00fchrung von f\u00fcnf Asow-F\u00fchrern aus der T\u00fcrkei in die Ukraine sei ein Versto\u00df gegen die bestehenden Vereinbarungen, so der russische Pr\u00e4sidentensprecher Dmitri Peskow gegen\u00fcber <em>RIA Nowosti<\/em>. W\u00f6rtlich hie\u00df es:<\/p>\n<blockquote>\n<p><em>&#8220;Die R\u00fcckf\u00fchrung der Asow-F\u00fchrer aus der T\u00fcrkei in die Ukraine ist nichts anderes als ein direkter Versto\u00df gegen die bestehenden Abkommen. In diesem Fall haben sowohl die ukrainische als auch die t\u00fcrkische Seite die Bedingungen verletzt.&#8221;<\/em><\/p>\n<\/blockquote>\n<p>Aus dem entsprechenden Abkommen geht hervor, dass die genannten Personen bis zum Ende des Konflikts auf t\u00fcrkischem Staatsgebiet bleiben sollten. Gleichzeitig habe aber niemand Russland \u00fcber die Verlegung der K\u00e4mpfer informiert, so Peskow. Er betonte, dass die T\u00fcrkei angesichts des Versagens der ukrainischen Streitkr\u00e4fte an der Front zu diesem Schritt gezwungen worden sei. Der Beamte pr\u00e4zisierte:<\/p>\n<blockquote>\n<p><em>&#8220;Das sind die Niederlagen, mit denen die Truppen des Kiewer Regimes nun t\u00e4glich konfrontiert sind.&#8221;<\/em><\/p>\n<\/blockquote>\n<p>Peskow erinnerte auch an das bevorstehende Gipfeltreffen der Nordatlantischen Allianz, bei dessen Vorbereitung Ankara unter gro\u00dfem Druck stehe:<\/p>\n<blockquote>\n<p><em>&#8220;Und die T\u00fcrkei selbst, die ja Mitglied der NATO ist, zeigt auf diese Weise ihre Solidarit\u00e4t mit dem B\u00fcndnis. Wir alle verstehen das.&#8221;<\/em><\/p>\n<\/blockquote>\n<p>Jedoch sehe eine solche Verletzung der bestehenden Vereinbarungen f\u00fcr niemanden gut aus, res\u00fcmierte der Kreml-Sprecher.<\/p>\n<p>Pr\u00e4sident Wladimir Selenskij erkl\u00e4rte am 8. Juli, dass die f\u00fcnf Kommandeure des Asow-Bataillons aus der T\u00fcrkei in die Ukraine zur\u00fcckgekehrt seien. Sie waren nach einem Kriegsgefangenenaustausch im vergangenen September in der T\u00fcrkei gelandet. Die Ukraine erhielt daraufhin 215 Personen und Russland 55 Milit\u00e4rangeh\u00f6rige sowie den ukrainischen Politiker Wiktor Medwedtschuk. Zugleich sollten die f\u00fcnf Asow-Kommandeure bis zum Ende der Feindseligkeiten &#8220;unter der pers\u00f6nlichen Garantie des t\u00fcrkischen Pr\u00e4sidenten&#8221; in der T\u00fcrkei bleiben.<\/p>\n<p>Am Tag zuvor war Selenskij zu Gespr\u00e4chen mit dem t\u00fcrkischen Pr\u00e4sidenten Recep Tayyip Erdo\u011fan in der T\u00fcrkei eingetroffen. Sie sprachen \u00fcber den Getreidedeal, einen Gefangenenaustausch, die NATO-Mitgliedschaft Kiews, die bilaterale Zusammenarbeit und den Wiederaufbau der Ukraine.<\/p>\n<p>Seit dem Beginn der speziellen russischen Milit\u00e4roperation in der Ukraine nahmen K\u00e4mpfer des im Jahr 2014 gegr\u00fcndeten ber\u00fcchtigten Asow-Bataillons an Kampfhandlungen teil. Sie sind f\u00fcr ihre Neonazi-Ideologie, Brutalit\u00e4t und Kriegsverbrechen bekannt.<\/p>\n<p><strong>Mehr zum Thema<\/strong> \u2013 <a rel=\"nofollow noopener\" target=\"_blank\" href=\"https:\/\/kurz.rt.com\/3qtt\">Medien: Macron \u00e4ndert seine Position zur NATO-Erweiterung und unterst\u00fctzt Mitgliedschaft der Ukraine<\/a><\/p>\n<\/p>\n<\/div>\n<p><br \/>\n<br \/><a href=\"https:\/\/de.rt.com\/international\/174763-kreml-zeigt-sich-empoert-ueber\/\">Source link <\/a><\/p>\n","protected":false},"excerpt":{"rendered":"<p>Kreml-Sprecher Dmitri Peskow bezeichnete die R\u00fcckholung von Asow-K\u00e4mpfern durch die T\u00fcrkei an die Ukraine als Versto\u00df gegen Vereinbarungen. Der Pressesprecher unterstrich, dass sich Moskau dieses Schrittes nicht bewusst gewesen sei. Die R\u00fcckf\u00fchrung von f\u00fcnf Asow-F\u00fchrern aus der T\u00fcrkei in die Ukraine sei ein Versto\u00df gegen die bestehenden Vereinbarungen, so der russische Pr\u00e4sidentensprecher Dmitri Peskow gegen\u00fcber [&hellip;]<\/p>\n","protected":false},"author":3,"featured_media":39763,"comment_status":"open","ping_status":"open","sticky":false,"template":"","format":"standard","meta":{"_yoast_indexnow_last_ping":["1688899799"],"wp_automatic_camp":["217"],"8288594c7a4b37ebcb8366ba10509ff7":["\u00dcbergabe von Asow-K\u00e4mpfern durch die T\u00fcrkei an die Ukraine \u2013 Kreml zeigt sich emp\u00f6rt"],"original_link":["https:\/\/de.rt.com\/international\/174763-kreml-zeigt-sich-empoert-ueber\/"],"_thumbnail_id":["39763"],"_wptgpro_p2tg_sent2tg":["a:1:{i:23737;s:19:\"2023-07-09 12:51:08\";}"],"jnews_social_counter_last_update":["1777603081"]},"categories":[19,23],"tags":[46531,45,1024,765,6312,434,1897,20754,127,50,5315],"yoast_head":"<!-- This site is optimized with the Yoast SEO Premium plugin v22.7 (Yoast SEO v22.7) - https:\/\/yoast.com\/wordpress\/plugins\/seo\/ -->\n<title>\u00dcbergabe von Asow-K\u00e4mpfern durch die T\u00fcrkei an die Ukraine \u2013 Kreml zeigt sich emp\u00f6rt - just-now.NEWS Deutschland<\/title>\n<meta name=\"robots\" content=\"index, follow, max-snippet:-1, max-image-preview:large, max-video-preview:-1\" \/>\n<link rel=\"canonical\" href=\"https:\/\/now-news.de\/de\/deutschland\/uebergabe-von-asow-kaempfern-durch-die-tuerkei-an-die-ukraine-kreml-zeigt-sich-empoert\/\" \/>\n<meta property=\"og:locale\" content=\"de_DE\" \/>\n<meta property=\"og:type\" content=\"article\" \/>\n<meta property=\"og:title\" content=\"\u00dcbergabe von Asow-K\u00e4mpfern durch die T\u00fcrkei an die Ukraine \u2013 Kreml zeigt sich emp\u00f6rt\" \/>\n<meta property=\"og:description\" content=\"Kreml-Sprecher Dmitri Peskow bezeichnete die R\u00fcckholung von Asow-K\u00e4mpfern durch die T\u00fcrkei an die Ukraine als Versto\u00df gegen Vereinbarungen. Der Pressesprecher unterstrich, dass sich Moskau dieses Schrittes nicht bewusst gewesen sei. Die R\u00fcckf\u00fchrung von f\u00fcnf Asow-F\u00fchrern aus der T\u00fcrkei in die Ukraine sei ein Versto\u00df gegen die bestehenden Vereinbarungen, so der russische Pr\u00e4sidentensprecher Dmitri Peskow gegen\u00fcber [&hellip;]\" \/>\n<meta property=\"og:url\" content=\"https:\/\/now-news.de\/de\/deutschland\/uebergabe-von-asow-kaempfern-durch-die-tuerkei-an-die-ukraine-kreml-zeigt-sich-empoert\/\" \/>\n<meta property=\"og:site_name\" content=\"just-now.NEWS Deutschland\" \/>\n<meta property=\"article:publisher\" content=\"https:\/\/www.facebook.com\/wirmachenauf\" \/>\n<meta property=\"article:published_time\" content=\"2023-07-09T10:20:18+00:00\" \/>\n<meta property=\"og:image\" content=\"https:\/\/now-news.de\/de\/wp-content\/uploads\/sites\/3\/2023\/07\/Uebergabe-von-Asow-Kaempfern-durch-die-Tuerkei-an-die-Ukraine-\u2013.jpg\" \/>\n\t<meta property=\"og:image:width\" content=\"460\" \/>\n\t<meta property=\"og:image:height\" content=\"259\" \/>\n\t<meta property=\"og:image:type\" content=\"image\/jpeg\" \/>\n<meta name=\"author\" content=\"rtnews\" \/>\n<meta name=\"twitter:card\" content=\"summary_large_image\" \/>\n<meta name=\"twitter:creator\" content=\"@WirMachenAuf_de\" \/>\n<meta name=\"twitter:site\" content=\"@WirMachenAuf_de\" \/>\n<meta name=\"twitter:label1\" content=\"Verfasst von\" \/>\n\t<meta name=\"twitter:data1\" content=\"rtnews\" \/>\n\t<meta name=\"twitter:label2\" content=\"Gesch\u00e4tzte Lesezeit\" \/>\n\t<meta name=\"twitter:data2\" content=\"2\u00a0Minuten\" \/>\n<script type=\"application\/ld+json\" class=\"yoast-schema-graph\">{\"@context\":\"https:\/\/schema.org\",\"@graph\":[{\"@type\":\"Article\",\"@id\":\"https:\/\/now-news.de\/de\/deutschland\/uebergabe-von-asow-kaempfern-durch-die-tuerkei-an-die-ukraine-kreml-zeigt-sich-empoert\/#article\",\"isPartOf\":{\"@id\":\"https:\/\/now-news.de\/de\/deutschland\/uebergabe-von-asow-kaempfern-durch-die-tuerkei-an-die-ukraine-kreml-zeigt-sich-empoert\/\"},\"author\":{\"name\":\"rtnews\",\"@id\":\"https:\/\/now-news.de\/de\/#\/schema\/person\/fb534a4e865501d8b3285208df34a9b5\"},\"headline\":\"\u00dcbergabe von Asow-K\u00e4mpfern durch die T\u00fcrkei an die Ukraine \u2013 Kreml zeigt sich emp\u00f6rt\",\"datePublished\":\"2023-07-09T10:20:18+00:00\",\"dateModified\":\"2023-07-09T10:20:18+00:00\",\"mainEntityOfPage\":{\"@id\":\"https:\/\/now-news.de\/de\/deutschland\/uebergabe-von-asow-kaempfern-durch-die-tuerkei-an-die-ukraine-kreml-zeigt-sich-empoert\/\"},\"wordCount\":443,\"commentCount\":0,\"publisher\":{\"@id\":\"https:\/\/now-news.de\/de\/#organization\"},\"image\":{\"@id\":\"https:\/\/now-news.de\/de\/deutschland\/uebergabe-von-asow-kaempfern-durch-die-tuerkei-an-die-ukraine-kreml-zeigt-sich-empoert\/#primaryimage\"},\"thumbnailUrl\":\"https:\/\/now-news.de\/de\/wp-content\/uploads\/sites\/3\/2023\/07\/Uebergabe-von-Asow-Kaempfern-durch-die-Tuerkei-an-die-Ukraine-\u2013.jpg\",\"keywords\":[\"AsowK\u00e4mpfern\",\"die\",\"durch\",\"emp\u00f6rt\",\"Kreml\",\"sich\",\"T\u00fcrkei\",\"\u00dcbergabe\",\"ukraine\",\"von\",\"zeigt\"],\"articleSection\":[\"Deutschland\",\"Russland\"],\"inLanguage\":\"de\",\"potentialAction\":[{\"@type\":\"CommentAction\",\"name\":\"Comment\",\"target\":[\"https:\/\/now-news.de\/de\/deutschland\/uebergabe-von-asow-kaempfern-durch-die-tuerkei-an-die-ukraine-kreml-zeigt-sich-empoert\/#respond\"]}]},{\"@type\":\"WebPage\",\"@id\":\"https:\/\/now-news.de\/de\/deutschland\/uebergabe-von-asow-kaempfern-durch-die-tuerkei-an-die-ukraine-kreml-zeigt-sich-empoert\/\",\"url\":\"https:\/\/now-news.de\/de\/deutschland\/uebergabe-von-asow-kaempfern-durch-die-tuerkei-an-die-ukraine-kreml-zeigt-sich-empoert\/\",\"name\":\"\u00dcbergabe von Asow-K\u00e4mpfern durch die T\u00fcrkei an die Ukraine \u2013 Kreml zeigt sich emp\u00f6rt - just-now.NEWS Deutschland\",\"isPartOf\":{\"@id\":\"https:\/\/now-news.de\/de\/#website\"},\"primaryImageOfPage\":{\"@id\":\"https:\/\/now-news.de\/de\/deutschland\/uebergabe-von-asow-kaempfern-durch-die-tuerkei-an-die-ukraine-kreml-zeigt-sich-empoert\/#primaryimage\"},\"image\":{\"@id\":\"https:\/\/now-news.de\/de\/deutschland\/uebergabe-von-asow-kaempfern-durch-die-tuerkei-an-die-ukraine-kreml-zeigt-sich-empoert\/#primaryimage\"},\"thumbnailUrl\":\"https:\/\/now-news.de\/de\/wp-content\/uploads\/sites\/3\/2023\/07\/Uebergabe-von-Asow-Kaempfern-durch-die-Tuerkei-an-die-Ukraine-\u2013.jpg\",\"datePublished\":\"2023-07-09T10:20:18+00:00\",\"dateModified\":\"2023-07-09T10:20:18+00:00\",\"breadcrumb\":{\"@id\":\"https:\/\/now-news.de\/de\/deutschland\/uebergabe-von-asow-kaempfern-durch-die-tuerkei-an-die-ukraine-kreml-zeigt-sich-empoert\/#breadcrumb\"},\"inLanguage\":\"de\",\"potentialAction\":[{\"@type\":\"ReadAction\",\"target\":[\"https:\/\/now-news.de\/de\/deutschland\/uebergabe-von-asow-kaempfern-durch-die-tuerkei-an-die-ukraine-kreml-zeigt-sich-empoert\/\"]}]},{\"@type\":\"ImageObject\",\"inLanguage\":\"de\",\"@id\":\"https:\/\/now-news.de\/de\/deutschland\/uebergabe-von-asow-kaempfern-durch-die-tuerkei-an-die-ukraine-kreml-zeigt-sich-empoert\/#primaryimage\",\"url\":\"https:\/\/now-news.de\/de\/wp-content\/uploads\/sites\/3\/2023\/07\/Uebergabe-von-Asow-Kaempfern-durch-die-Tuerkei-an-die-Ukraine-\u2013.jpg\",\"contentUrl\":\"https:\/\/now-news.de\/de\/wp-content\/uploads\/sites\/3\/2023\/07\/Uebergabe-von-Asow-Kaempfern-durch-die-Tuerkei-an-die-Ukraine-\u2013.jpg\",\"width\":460,\"height\":259,\"caption\":\"\u00dcbergabe von Asow-K\u00e4mpfern durch die T\u00fcrkei an die Ukraine \u2013 Kreml zeigt sich emp\u00f6rt\"},{\"@type\":\"BreadcrumbList\",\"@id\":\"https:\/\/now-news.de\/de\/deutschland\/uebergabe-von-asow-kaempfern-durch-die-tuerkei-an-die-ukraine-kreml-zeigt-sich-empoert\/#breadcrumb\",\"itemListElement\":[{\"@type\":\"ListItem\",\"position\":1,\"name\":\"Home\",\"item\":\"https:\/\/now-news.de\/de\/\"},{\"@type\":\"ListItem\",\"position\":2,\"name\":\"\u00dcbergabe von Asow-K\u00e4mpfern durch die T\u00fcrkei an die Ukraine \u2013 Kreml zeigt sich emp\u00f6rt\"}]},{\"@type\":\"WebSite\",\"@id\":\"https:\/\/now-news.de\/de\/#website\",\"url\":\"https:\/\/now-news.de\/de\/\",\"name\":\"just-now.NEWS Deutschland\",\"description\":\"Das Portal f\u00fcr unzensierte Nachrichten aus der Welt\",\"publisher\":{\"@id\":\"https:\/\/now-news.de\/de\/#organization\"},\"potentialAction\":[{\"@type\":\"SearchAction\",\"target\":{\"@type\":\"EntryPoint\",\"urlTemplate\":\"https:\/\/now-news.de\/de\/?s={search_term_string}\"},\"query-input\":\"required name=search_term_string\"}],\"inLanguage\":\"de\"},{\"@type\":\"Organization\",\"@id\":\"https:\/\/now-news.de\/de\/#organization\",\"name\":\"Just Now News\",\"url\":\"https:\/\/now-news.de\/de\/\",\"logo\":{\"@type\":\"ImageObject\",\"inLanguage\":\"de\",\"@id\":\"https:\/\/now-news.de\/de\/#\/schema\/logo\/image\/\",\"url\":\"http:\/\/just-now.news\/de\/wp-content\/uploads\/sites\/3\/2022\/04\/logo500x500.jpg\",\"contentUrl\":\"http:\/\/just-now.news\/de\/wp-content\/uploads\/sites\/3\/2022\/04\/logo500x500.jpg\",\"width\":500,\"height\":500,\"caption\":\"Just Now News\"},\"image\":{\"@id\":\"https:\/\/now-news.de\/de\/#\/schema\/logo\/image\/\"},\"sameAs\":[\"https:\/\/www.facebook.com\/wirmachenauf\",\"https:\/\/x.com\/WirMachenAuf_de\"]},{\"@type\":\"Person\",\"@id\":\"https:\/\/now-news.de\/de\/#\/schema\/person\/fb534a4e865501d8b3285208df34a9b5\",\"name\":\"rtnews\",\"image\":{\"@type\":\"ImageObject\",\"inLanguage\":\"de\",\"@id\":\"https:\/\/now-news.de\/de\/#\/schema\/person\/image\/\",\"url\":\"https:\/\/secure.gravatar.com\/avatar\/82aafea7d8127119dd649515f56e2117?s=96&d=mm&r=g\",\"contentUrl\":\"https:\/\/secure.gravatar.com\/avatar\/82aafea7d8127119dd649515f56e2117?s=96&d=mm&r=g\",\"caption\":\"rtnews\"},\"url\":\"https:\/\/now-news.de\/de\/author\/rnews\/\"}]}<\/script>\n<!-- \/ Yoast SEO Premium plugin. -->","yoast_head_json":{"title":"\u00dcbergabe von Asow-K\u00e4mpfern durch die T\u00fcrkei an die Ukraine \u2013 Kreml zeigt sich emp\u00f6rt - just-now.NEWS Deutschland","robots":{"index":"index","follow":"follow","max-snippet":"max-snippet:-1","max-image-preview":"max-image-preview:large","max-video-preview":"max-video-preview:-1"},"canonical":"https:\/\/now-news.de\/de\/deutschland\/uebergabe-von-asow-kaempfern-durch-die-tuerkei-an-die-ukraine-kreml-zeigt-sich-empoert\/","og_locale":"de_DE","og_type":"article","og_title":"\u00dcbergabe von Asow-K\u00e4mpfern durch die T\u00fcrkei an die Ukraine \u2013 Kreml zeigt sich emp\u00f6rt","og_description":"Kreml-Sprecher Dmitri Peskow bezeichnete die R\u00fcckholung von Asow-K\u00e4mpfern durch die T\u00fcrkei an die Ukraine als Versto\u00df gegen Vereinbarungen. Der Pressesprecher unterstrich, dass sich Moskau dieses Schrittes nicht bewusst gewesen sei. Die R\u00fcckf\u00fchrung von f\u00fcnf Asow-F\u00fchrern aus der T\u00fcrkei in die Ukraine sei ein Versto\u00df gegen die bestehenden Vereinbarungen, so der russische Pr\u00e4sidentensprecher Dmitri Peskow gegen\u00fcber [&hellip;]","og_url":"https:\/\/now-news.de\/de\/deutschland\/uebergabe-von-asow-kaempfern-durch-die-tuerkei-an-die-ukraine-kreml-zeigt-sich-empoert\/","og_site_name":"just-now.NEWS Deutschland","article_publisher":"https:\/\/www.facebook.com\/wirmachenauf","article_published_time":"2023-07-09T10:20:18+00:00","og_image":[{"width":460,"height":259,"url":"https:\/\/now-news.de\/de\/wp-content\/uploads\/sites\/3\/2023\/07\/Uebergabe-von-Asow-Kaempfern-durch-die-Tuerkei-an-die-Ukraine-\u2013.jpg","type":"image\/jpeg"}],"author":"rtnews","twitter_card":"summary_large_image","twitter_creator":"@WirMachenAuf_de","twitter_site":"@WirMachenAuf_de","twitter_misc":{"Verfasst von":"rtnews","Gesch\u00e4tzte Lesezeit":"2\u00a0Minuten"},"schema":{"@context":"https:\/\/schema.org","@graph":[{"@type":"Article","@id":"https:\/\/now-news.de\/de\/deutschland\/uebergabe-von-asow-kaempfern-durch-die-tuerkei-an-die-ukraine-kreml-zeigt-sich-empoert\/#article","isPartOf":{"@id":"https:\/\/now-news.de\/de\/deutschland\/uebergabe-von-asow-kaempfern-durch-die-tuerkei-an-die-ukraine-kreml-zeigt-sich-empoert\/"},"author":{"name":"rtnews","@id":"https:\/\/now-news.de\/de\/#\/schema\/person\/fb534a4e865501d8b3285208df34a9b5"},"headline":"\u00dcbergabe von Asow-K\u00e4mpfern durch die T\u00fcrkei an die Ukraine \u2013 Kreml zeigt sich emp\u00f6rt","datePublished":"2023-07-09T10:20:18+00:00","dateModified":"2023-07-09T10:20:18+00:00","mainEntityOfPage":{"@id":"https:\/\/now-news.de\/de\/deutschland\/uebergabe-von-asow-kaempfern-durch-die-tuerkei-an-die-ukraine-kreml-zeigt-sich-empoert\/"},"wordCount":443,"commentCount":0,"publisher":{"@id":"https:\/\/now-news.de\/de\/#organization"},"image":{"@id":"https:\/\/now-news.de\/de\/deutschland\/uebergabe-von-asow-kaempfern-durch-die-tuerkei-an-die-ukraine-kreml-zeigt-sich-empoert\/#primaryimage"},"thumbnailUrl":"https:\/\/now-news.de\/de\/wp-content\/uploads\/sites\/3\/2023\/07\/Uebergabe-von-Asow-Kaempfern-durch-die-Tuerkei-an-die-Ukraine-\u2013.jpg","keywords":["AsowK\u00e4mpfern","die","durch","emp\u00f6rt","Kreml","sich","T\u00fcrkei","\u00dcbergabe","ukraine","von","zeigt"],"articleSection":["Deutschland","Russland"],"inLanguage":"de","potentialAction":[{"@type":"CommentAction","name":"Comment","target":["https:\/\/now-news.de\/de\/deutschland\/uebergabe-von-asow-kaempfern-durch-die-tuerkei-an-die-ukraine-kreml-zeigt-sich-empoert\/#respond"]}]},{"@type":"WebPage","@id":"https:\/\/now-news.de\/de\/deutschland\/uebergabe-von-asow-kaempfern-durch-die-tuerkei-an-die-ukraine-kreml-zeigt-sich-empoert\/","url":"https:\/\/now-news.de\/de\/deutschland\/uebergabe-von-asow-kaempfern-durch-die-tuerkei-an-die-ukraine-kreml-zeigt-sich-empoert\/","name":"\u00dcbergabe von Asow-K\u00e4mpfern durch die T\u00fcrkei an die Ukraine \u2013 Kreml zeigt sich emp\u00f6rt - just-now.NEWS Deutschland","isPartOf":{"@id":"https:\/\/now-news.de\/de\/#website"},"primaryImageOfPage":{"@id":"https:\/\/now-news.de\/de\/deutschland\/uebergabe-von-asow-kaempfern-durch-die-tuerkei-an-die-ukraine-kreml-zeigt-sich-empoert\/#primaryimage"},"image":{"@id":"https:\/\/now-news.de\/de\/deutschland\/uebergabe-von-asow-kaempfern-durch-die-tuerkei-an-die-ukraine-kreml-zeigt-sich-empoert\/#primaryimage"},"thumbnailUrl":"https:\/\/now-news.de\/de\/wp-content\/uploads\/sites\/3\/2023\/07\/Uebergabe-von-Asow-Kaempfern-durch-die-Tuerkei-an-die-Ukraine-\u2013.jpg","datePublished":"2023-07-09T10:20:18+00:00","dateModified":"2023-07-09T10:20:18+00:00","breadcrumb":{"@id":"https:\/\/now-news.de\/de\/deutschland\/uebergabe-von-asow-kaempfern-durch-die-tuerkei-an-die-ukraine-kreml-zeigt-sich-empoert\/#breadcrumb"},"inLanguage":"de","potentialAction":[{"@type":"ReadAction","target":["https:\/\/now-news.de\/de\/deutschland\/uebergabe-von-asow-kaempfern-durch-die-tuerkei-an-die-ukraine-kreml-zeigt-sich-empoert\/"]}]},{"@type":"ImageObject","inLanguage":"de","@id":"https:\/\/now-news.de\/de\/deutschland\/uebergabe-von-asow-kaempfern-durch-die-tuerkei-an-die-ukraine-kreml-zeigt-sich-empoert\/#primaryimage","url":"https:\/\/now-news.de\/de\/wp-content\/uploads\/sites\/3\/2023\/07\/Uebergabe-von-Asow-Kaempfern-durch-die-Tuerkei-an-die-Ukraine-\u2013.jpg","contentUrl":"https:\/\/now-news.de\/de\/wp-content\/uploads\/sites\/3\/2023\/07\/Uebergabe-von-Asow-Kaempfern-durch-die-Tuerkei-an-die-Ukraine-\u2013.jpg","width":460,"height":259,"caption":"\u00dcbergabe von Asow-K\u00e4mpfern durch die T\u00fcrkei an die Ukraine \u2013 Kreml zeigt sich emp\u00f6rt"},{"@type":"BreadcrumbList","@id":"https:\/\/now-news.de\/de\/deutschland\/uebergabe-von-asow-kaempfern-durch-die-tuerkei-an-die-ukraine-kreml-zeigt-sich-empoert\/#breadcrumb","itemListElement":[{"@type":"ListItem","position":1,"name":"Home","item":"https:\/\/now-news.de\/de\/"},{"@type":"ListItem","position":2,"name":"\u00dcbergabe von Asow-K\u00e4mpfern durch die T\u00fcrkei an die Ukraine \u2013 Kreml zeigt sich emp\u00f6rt"}]},{"@type":"WebSite","@id":"https:\/\/now-news.de\/de\/#website","url":"https:\/\/now-news.de\/de\/","name":"just-now.NEWS Deutschland","description":"Das Portal f\u00fcr unzensierte Nachrichten aus der Welt","publisher":{"@id":"https:\/\/now-news.de\/de\/#organization"},"potentialAction":[{"@type":"SearchAction","target":{"@type":"EntryPoint","urlTemplate":"https:\/\/now-news.de\/de\/?s={search_term_string}"},"query-input":"required name=search_term_string"}],"inLanguage":"de"},{"@type":"Organization","@id":"https:\/\/now-news.de\/de\/#organization","name":"Just Now News","url":"https:\/\/now-news.de\/de\/","logo":{"@type":"ImageObject","inLanguage":"de","@id":"https:\/\/now-news.de\/de\/#\/schema\/logo\/image\/","url":"http:\/\/just-now.news\/de\/wp-content\/uploads\/sites\/3\/2022\/04\/logo500x500.jpg","contentUrl":"http:\/\/just-now.news\/de\/wp-content\/uploads\/sites\/3\/2022\/04\/logo500x500.jpg","width":500,"height":500,"caption":"Just Now News"},"image":{"@id":"https:\/\/now-news.de\/de\/#\/schema\/logo\/image\/"},"sameAs":["https:\/\/www.facebook.com\/wirmachenauf","https:\/\/x.com\/WirMachenAuf_de"]},{"@type":"Person","@id":"https:\/\/now-news.de\/de\/#\/schema\/person\/fb534a4e865501d8b3285208df34a9b5","name":"rtnews","image":{"@type":"ImageObject","inLanguage":"de","@id":"https:\/\/now-news.de\/de\/#\/schema\/person\/image\/","url":"https:\/\/secure.gravatar.com\/avatar\/82aafea7d8127119dd649515f56e2117?s=96&d=mm&r=g","contentUrl":"https:\/\/secure.gravatar.com\/avatar\/82aafea7d8127119dd649515f56e2117?s=96&d=mm&r=g","caption":"rtnews"},"url":"https:\/\/now-news.de\/de\/author\/rnews\/"}]}},"_links":{"self":[{"href":"https:\/\/now-news.de\/de\/wp-json\/wp\/v2\/posts\/39762"}],"collection":[{"href":"https:\/\/now-news.de\/de\/wp-json\/wp\/v2\/posts"}],"about":[{"href":"https:\/\/now-news.de\/de\/wp-json\/wp\/v2\/types\/post"}],"author":[{"embeddable":true,"href":"https:\/\/now-news.de\/de\/wp-json\/wp\/v2\/users\/3"}],"replies":[{"embeddable":true,"href":"https:\/\/now-news.de\/de\/wp-json\/wp\/v2\/comments?post=39762"}],"version-history":[{"count":0,"href":"https:\/\/now-news.de\/de\/wp-json\/wp\/v2\/posts\/39762\/revisions"}],"wp:featuredmedia":[{"embeddable":true,"href":"https:\/\/now-news.de\/de\/wp-json\/wp\/v2\/media\/39763"}],"wp:attachment":[{"href":"https:\/\/now-news.de\/de\/wp-json\/wp\/v2\/media?parent=39762"}],"wp:term":[{"taxonomy":"category","embeddable":true,"href":"https:\/\/now-news.de\/de\/wp-json\/wp\/v2\/categories?post=39762"},{"taxonomy":"post_tag","embeddable":true,"href":"https:\/\/now-news.de\/de\/wp-json\/wp\/v2\/tags?post=39762"}],"curies":[{"name":"wp","href":"https:\/\/api.w.org\/{rel}","templated":true}]}}