{"id":39752,"date":"2023-07-09T10:07:53","date_gmt":"2023-07-09T08:07:53","guid":{"rendered":"https:\/\/just-now.news\/de\/deutschland\/parallelgesellschaften-und-no-go-areas-unser-wertesystem-produziert-sie-selbst\/"},"modified":"2023-07-09T10:07:53","modified_gmt":"2023-07-09T08:07:53","slug":"parallelgesellschaften-und-no-go-areas-unser-wertesystem-produziert-sie-selbst","status":"publish","type":"post","link":"https:\/\/now-news.de\/de\/deutschland\/parallelgesellschaften-und-no-go-areas-unser-wertesystem-produziert-sie-selbst\/","title":{"rendered":"Parallelgesellschaften und No-Go-Areas: Unser &quot;Wertesystem&quot; produziert sie selbst"},"content":{"rendered":"<p><img decoding=\"async\" src=\"http:\/\/just-now.news\/de\/wp-content\/uploads\/sites\/3\/2023\/07\/64a6bee0b480cc727f487a97.jpg\" \/><\/p>\n<div class=\"Text-root Text-type_1 \">\n                Die gewaltsamen Unruhen in Frankreichs Vorst\u00e4dten haben auch das deutsche B\u00fcrgertum aufgeschreckt. Der Bundestag debattiert, Medien warnen, vermutlich liegen schon Entw\u00fcrfe f\u00fcr sch\u00e4rfere Polizeigesetze in der Schublade. L\u00f6sungen sind das nicht, die Lage ist hausgemacht.\n            <\/div>\n<p><\/p>\n<div class=\"Text-root Text-type_5 ArticleView-text ViewText-root \">\n<p><em>Von Susan Bonath<\/em><\/p>\n<p>Die zerst\u00f6rerischen Proteste in Frankreich nach der T\u00f6tung eines 17-J\u00e4hrigen durch einen Polizisten machen der Oberschicht und der &#8220;b\u00fcrgerlichen Mitte&#8221; zu schaffen. Pr\u00e4sident Macron sagte deshalb\u00a0<a rel=\"nofollow noopener\" target=\"_blank\" href=\"https:\/\/www.tagesschau.de\/ausland\/europa\/macron-staatsbesuch-abgesagt-100.html\">seinen Staatsbesuch in Berlin ab<\/a>\u00a0und\u00a0<a rel=\"nofollow noopener\" target=\"_blank\" href=\"https:\/\/www.zeit.de\/politik\/ausland\/2023-07\/frankreich-unruhen-emmanuel-macron-praesident-blockade-soziale-medien\">erw\u00e4gt<\/a>\u00a0sogar, die sozialen Netzwerke zu blockieren.<\/p>\n<p>Die Regierung mobilisiert eine regelrechte B\u00fcrgerkriegsarmee von 45.000 Mann. Uniformierte Elite-Schl\u00e4ger verpr\u00fcgeln wahllos Leute und verhaften Tausende. Tr\u00e4nengas und Kn\u00fcppel sind ihre Antwort auf die Unruhen. Ein weiterer junger Mensch\u00a0<a rel=\"nofollow noopener\" target=\"_blank\" href=\"https:\/\/www.zeit.de\/politik\/ausland\/2023-07\/frankreich-unruhen-krawalle-marseille-polizei-gummigeschoss-toter\">starb durch eins der Gummigeschosse<\/a>, massenhaft eingesetzt durch die Staatsmacht. Zwei Polizeigewerkschaften\u00a0<a rel=\"nofollow noopener\" target=\"_blank\" href=\"https:\/\/www.stern.de\/politik\/ausland\/frankreich--polizeigewerkschaften-bezeichnen-protestierende-als--schaedlinge--33610024.html\">nannten die Demonstranten &#8220;Sch\u00e4dlinge<\/a>&#8220;. Angefeuert durch die Partei Rassemblement National unter Marine Le Pen, die den sofortigen Ausnahmezustand fordert, zieht der Apparat das volle Programm durch.<\/p>\n<p>Die Welle aus Zerst\u00f6rung, Brandschatzung und Pl\u00fcnderungen, die die Erschie\u00dfung des Jugendlichen Nahel bei einer Verkehrskontrolle ausl\u00f6ste, erz\u00fcrnt viele. In sozialen Netzwerken und einigen alternativen Medien wird erregt \u00fcber angebliche fr\u00fchere Taten des Get\u00f6teten spekuliert und das Opfer posthum zum blo\u00dfen Verbrecher abgewertet, als w\u00fcrde dies, selbst wenn es stimmen sollte, den Todesschuss durch die Staatsgewalt rechtfertigen. Wenn \u00fcberhaupt, sollen sie doch friedlich protestieren, hei\u00dft es vielfach.<\/p>\n<p><strong>Unterdr\u00fcckte Generationen<\/strong><\/p>\n<p>Doch wer sich \u00fcber die gewaltt\u00e4tigen Ausschreitungen der franz\u00f6sischen Vorstadt-Jugend echauffiert, darf die strukturelle Gewalt von der anderen Seite nicht leugnen. Man stelle sich vor, in dem Auto, in dem Nahel ohne unmittelbare Gefahr f\u00fcr den Beamten von diesem erschossen wurde, h\u00e4tte ein hellh\u00e4utiger Jugendlicher aus gutem Hause gesessen. Vermutlich h\u00e4tte es diesen Todesschuss nie gegeben.<\/p>\n<p>Die strukturelle Gewalt des Staatsapparats kommt nicht immer so eindr\u00fccklich daher wie eine brennende Barrikade. Und sie hat eine lange Geschichte. Bis weit nach dem Zweiten Weltkrieg war Frankreich eine aggressive Kolonialmacht, deren postkoloniale Ambitionen sich danach keineswegs in Luft aufl\u00f6sten. Nahels Vorfahren stammen laut Medien zum Teil aus Algerien, das sich erst 1962 nach einem fast ein Jahrzehnt andauernden blutigen Krieg von den Franzosen befreien konnte. Dort waren es die Besatzer, die Zerst\u00f6rung, Zerr\u00fcttung, Elend, Leichenberge und eine traumatisierte Bev\u00f6lkerung hinterlie\u00dfen.<\/p>\n<p>Wie die BRD holte auch Frankreich w\u00e4hrend des Wirtschaftsbooms nach dem Krieg billige Arbeiter aus den von zuvor eigens ausgepl\u00fcnderten L\u00e4ndern zu sich. Man errichtete die riesigen Vorstadtsiedlungen aus Betonkl\u00f6tzen, die Banlieues, um sie unterzubringen. Sie blieben dort unter sich, denn sie sollten f\u00fcr m\u00f6glichst wenig Lohn arbeiten, aber sonst niemanden st\u00f6ren. Statt Integration bekamen sie eigene Schulen, wo man ihre Kinder notd\u00fcrftig ausbildete f\u00fcr eine neue Generation g\u00fcnstiger Arbeitskr\u00e4fte.<\/p>\n<p>Doch die Krisendynamik des Kapitalismus ist unerbittlich, viele Jobs verschwanden, f\u00fcr die Bewohner der Vorst\u00e4dte blieb die unterste Kategorie der Hilfsarbeiten \u00fcbrig, wenn \u00fcberhaupt. In beengten Verh\u00e4ltnissen aufeinander hockend, verarmten die Menschen noch mehr. Wer in einer Banlieue zur Schule geht, hat sp\u00e4ter kaum eine Chance auf eine gute Ausbildung und eine Arbeit, von der man halbwegs gut leben kann. Die Ansage &#8220;Dann strengt euch doch mehr an!&#8221; ist zynisch.<\/p>\n<p><strong>Wie du mir, so ich dir<\/strong><\/p>\n<p>Wo unterprivilegierte Menschen mit geringen Perspektiven aufeinander hocken, keinen Ausweg aus der Armut sehen und sowieso keinen Zugang zur Mehrheitsgesellschaft haben, versuchen die Leute eben anders an Geld zu kommen. Durch Armut und Ausgrenzung z\u00fcchtet die Bourgeoisie Bandenkriminalit\u00e4t, Drogenhandel, religi\u00f6s motivierte Parallelgesellschaften und \u00c4hnliches.<\/p>\n<p>Wie manifest die Ausgrenzung ist, zeigt die Art der Debatte. Ab der unteren Mittelschicht aufw\u00e4rts spricht man vorwiegend \u00fcber diese Unterschicht, so wie man in Deutschland in Talkshows \u00fcber &#8220;faule Hartz-IV-Empf\u00e4nger&#8221; herzog. Mal bedauert man sie heuchlerisch, mal zieht man pseudo-sozialwissenschaftlich \u00fcber sie her oder man wertet sie einfach pauschal ab, nach dem Motto: Selbst schuld.<\/p>\n<p>Nat\u00fcrlich will diese Unterschicht dann nichts mehr mit &#8220;denen da oben&#8221; zu tun haben. F\u00fcr den, der ganz unten ist, sind die da oben naturgegeben besonders viele. Dann organisieren &#8220;die da unten&#8221; sich eben selbst, entwickeln ihre eigene Art von rauer Kultur und Solidarit\u00e4t und begegnen den Ausgrenzern nach dem Motto: wie du mir, so ich dir, Auge um Auge, Zahn um Zahn.<\/p>\n<p>Ihre M\u00f6glichkeiten sind dabei freilich beschr\u00e4nkt, ihre Mittel andere als die des Staates und des B\u00fcrgertums. Organisierte Gewalt von unten ist in allererster Linie eine Art des Umgangs mit struktureller Gewalt von oben, die in Gestalt von Chancenlosigkeit, Armut, Ausgrenzung, abwertendem Umgang und st\u00e4ndigen Polizeikontrollen daherkommt. Es ist ein hilfloser Versuch der Abwehr von systematischer Entrechtung und Abwertung. Das begann nicht erst gestern, sondern hat eine lange Tradition.<\/p>\n<p>Das ist eigentlich kein unbekanntes Ph\u00e4nomen. Eine sp\u00e4tmittelalterliche Ballade beschreibt einen Wegelagerer namens Robin Hood als R\u00e4cher der Enterbten, als Helden, der mit seinen vogelfreien Kameraden die Kutschen von Reichen \u00fcberfiel und die Beute unter den Armen verteilte. Die modernen Kutschen zeigen sich in Gestalt von Bankh\u00e4usern, Fuhrparks, Hotel- und Ladenketten.<\/p>\n<p><strong>Gewalt erzeugt Gegengewalt<\/strong><\/p>\n<p>Wer ohne Anbindung an die Mehrheitsgesellschaft perspektivlos in einem abgeschotteten Getto aufw\u00e4chst, lernt es nicht, mit der b\u00fcrgerlichen Gesellschaft umzugehen. Die meisten Betroffenen wollen das auch gar nicht mehr, denn die ausgrenzende &#8220;Mitte&#8221; erleben sie als Feind, materiell, ideell und emotional. Die Leute entwickeln ein Gesp\u00fcr daf\u00fcr, wer zu ihnen geh\u00f6rt und wer nicht, ein Gesp\u00fcr f\u00fcr b\u00fcrgerlichen Habitus und Heuchelei. Das ist etwas grunds\u00e4tzlich Trennendes.<\/p>\n<p>Gesellschaften, die mit ihren politischen, wirtschaftlichen und Eigentumsverh\u00e4ltnissen soziale Ungleichheit f\u00f6rdern. Abstiegs\u00e4ngste befl\u00fcgeln und die Ordnung mit einer repressiven Exekutive herzustellen versuchen, produzieren von ganz allein Parallelgesellschaften und &#8220;No-go-Areas&#8221;, wo sich die Menschen abseits der b\u00fcrgerlichen Normen selbst organisieren. Das muss man nicht gut finden, es liegt aber in der menschlichen Natur. Dort reicht dann ein kleiner Funke, der das Fass zum \u00dcberlaufen bringt.<\/p>\n<p>Die T\u00f6tung des 17-j\u00e4hrigen Jungen durch die Exekutive ohne Notwehr war zweifelsohne ein gro\u00dfer Funke, der die ganze, jahrzehntelang gesch\u00fcrte und verinnerlichte Wut erwartbar explodieren lie\u00df. Wer das nicht will, muss f\u00fcr soziale Chancengleichheit und Integration k\u00e4mpfen und darf nicht daf\u00fcr sorgen, dass wenige immer reicher und viele immer \u00e4rmer werden. Eine pr\u00fcgelnde und t\u00f6tende Polizei befeuert das Gegenteil. Gewalt erzeugt immer Gegengewalt, in Frankreich, Deutschland und \u00fcberall.<\/p>\n<p><strong>Mehr zum Thema &#8211;<\/strong>\u00a0<a rel=\"nofollow noopener\" target=\"_blank\" href=\"https:\/\/freeassange.rtde.life\/meinung\/174124-neue-generation-aufstands-in-frankreich\/\">Die neue Generation des Aufstands in Frankreich<\/a><\/p>\n<\/p>\n<\/div>\n<p><br \/>\n<br \/><a href=\"https:\/\/de.rt.com\/meinung\/174550-parallelgesellschaften-und-no-go-areas\/\">Source link <\/a><\/p>\n","protected":false},"excerpt":{"rendered":"<p>Die gewaltsamen Unruhen in Frankreichs Vorst\u00e4dten haben auch das deutsche B\u00fcrgertum aufgeschreckt. Der Bundestag debattiert, Medien warnen, vermutlich liegen schon Entw\u00fcrfe f\u00fcr sch\u00e4rfere Polizeigesetze in der Schublade. L\u00f6sungen sind das nicht, die Lage ist hausgemacht. Von Susan Bonath Die zerst\u00f6rerischen Proteste in Frankreich nach der T\u00f6tung eines 17-J\u00e4hrigen durch einen Polizisten machen der Oberschicht und [&hellip;]<\/p>\n","protected":false},"author":3,"featured_media":39753,"comment_status":"open","ping_status":"open","sticky":false,"template":"","format":"standard","meta":{"_yoast_indexnow_last_ping":["1688890140"],"wp_automatic_camp":["217"],"91f977221ee3e050dde946bbd2d8cb93":["Parallelgesellschaften und No-Go-Areas: Unser &quot;Wertesystem&quot; produziert sie selbst"],"original_link":["https:\/\/de.rt.com\/meinung\/174550-parallelgesellschaften-und-no-go-areas\/"],"_thumbnail_id":["39753"],"_wptgpro_p2tg_sent2tg":["a:1:{i:23737;s:19:\"2023-07-09 10:10:03\";}"],"jnews_social_counter_last_update":["1777346868"]},"categories":[19,23],"tags":[46524,46523,30644,46525,7618,527,140,24970],"yoast_head":"<!-- This site is optimized with the Yoast SEO Premium plugin v22.7 (Yoast SEO v22.7) - https:\/\/yoast.com\/wordpress\/plugins\/seo\/ -->\n<title>Parallelgesellschaften und No-Go-Areas: Unser &quot;Wertesystem&quot; produziert sie selbst - just-now.NEWS Deutschland<\/title>\n<meta name=\"robots\" content=\"index, follow, max-snippet:-1, max-image-preview:large, max-video-preview:-1\" \/>\n<link rel=\"canonical\" href=\"https:\/\/now-news.de\/de\/deutschland\/parallelgesellschaften-und-no-go-areas-unser-wertesystem-produziert-sie-selbst\/\" \/>\n<meta property=\"og:locale\" content=\"de_DE\" \/>\n<meta property=\"og:type\" content=\"article\" \/>\n<meta property=\"og:title\" content=\"Parallelgesellschaften und No-Go-Areas: Unser &quot;Wertesystem&quot; produziert sie selbst\" \/>\n<meta property=\"og:description\" content=\"Die gewaltsamen Unruhen in Frankreichs Vorst\u00e4dten haben auch das deutsche B\u00fcrgertum aufgeschreckt. Der Bundestag debattiert, Medien warnen, vermutlich liegen schon Entw\u00fcrfe f\u00fcr sch\u00e4rfere Polizeigesetze in der Schublade. L\u00f6sungen sind das nicht, die Lage ist hausgemacht. Von Susan Bonath Die zerst\u00f6rerischen Proteste in Frankreich nach der T\u00f6tung eines 17-J\u00e4hrigen durch einen Polizisten machen der Oberschicht und [&hellip;]\" \/>\n<meta property=\"og:url\" content=\"https:\/\/now-news.de\/de\/deutschland\/parallelgesellschaften-und-no-go-areas-unser-wertesystem-produziert-sie-selbst\/\" \/>\n<meta property=\"og:site_name\" content=\"just-now.NEWS Deutschland\" \/>\n<meta property=\"article:publisher\" content=\"https:\/\/www.facebook.com\/wirmachenauf\" \/>\n<meta property=\"article:published_time\" content=\"2023-07-09T08:07:53+00:00\" \/>\n<meta property=\"og:image\" content=\"https:\/\/now-news.de\/de\/wp-content\/uploads\/sites\/3\/2023\/07\/Parallelgesellschaften-und-No-Go-Areas-Unser-quotWertesystemquot-produziert-sie-selbst.jpg\" \/>\n\t<meta property=\"og:image:width\" content=\"460\" \/>\n\t<meta property=\"og:image:height\" content=\"259\" \/>\n\t<meta property=\"og:image:type\" content=\"image\/jpeg\" \/>\n<meta name=\"author\" content=\"rtnews\" \/>\n<meta name=\"twitter:card\" content=\"summary_large_image\" \/>\n<meta name=\"twitter:creator\" content=\"@WirMachenAuf_de\" \/>\n<meta name=\"twitter:site\" content=\"@WirMachenAuf_de\" \/>\n<meta name=\"twitter:label1\" content=\"Verfasst von\" \/>\n\t<meta name=\"twitter:data1\" content=\"rtnews\" \/>\n\t<meta name=\"twitter:label2\" content=\"Gesch\u00e4tzte Lesezeit\" \/>\n\t<meta name=\"twitter:data2\" content=\"5\u00a0Minuten\" \/>\n<script type=\"application\/ld+json\" class=\"yoast-schema-graph\">{\"@context\":\"https:\/\/schema.org\",\"@graph\":[{\"@type\":\"Article\",\"@id\":\"https:\/\/now-news.de\/de\/deutschland\/parallelgesellschaften-und-no-go-areas-unser-wertesystem-produziert-sie-selbst\/#article\",\"isPartOf\":{\"@id\":\"https:\/\/now-news.de\/de\/deutschland\/parallelgesellschaften-und-no-go-areas-unser-wertesystem-produziert-sie-selbst\/\"},\"author\":{\"name\":\"rtnews\",\"@id\":\"https:\/\/now-news.de\/de\/#\/schema\/person\/fb534a4e865501d8b3285208df34a9b5\"},\"headline\":\"Parallelgesellschaften und No-Go-Areas: Unser &quot;Wertesystem&quot; produziert sie selbst\",\"datePublished\":\"2023-07-09T08:07:53+00:00\",\"dateModified\":\"2023-07-09T08:07:53+00:00\",\"mainEntityOfPage\":{\"@id\":\"https:\/\/now-news.de\/de\/deutschland\/parallelgesellschaften-und-no-go-areas-unser-wertesystem-produziert-sie-selbst\/\"},\"wordCount\":1098,\"commentCount\":0,\"publisher\":{\"@id\":\"https:\/\/now-news.de\/de\/#organization\"},\"image\":{\"@id\":\"https:\/\/now-news.de\/de\/deutschland\/parallelgesellschaften-und-no-go-areas-unser-wertesystem-produziert-sie-selbst\/#primaryimage\"},\"thumbnailUrl\":\"https:\/\/now-news.de\/de\/wp-content\/uploads\/sites\/3\/2023\/07\/Parallelgesellschaften-und-No-Go-Areas-Unser-quotWertesystemquot-produziert-sie-selbst.jpg\",\"keywords\":[\"NoGoAreas\",\"Parallelgesellschaften\",\"produziert\",\"quotWertesystemquot\",\"selbst\",\"Sie\",\"und\",\"unser\"],\"articleSection\":[\"Deutschland\",\"Russland\"],\"inLanguage\":\"de\",\"potentialAction\":[{\"@type\":\"CommentAction\",\"name\":\"Comment\",\"target\":[\"https:\/\/now-news.de\/de\/deutschland\/parallelgesellschaften-und-no-go-areas-unser-wertesystem-produziert-sie-selbst\/#respond\"]}]},{\"@type\":\"WebPage\",\"@id\":\"https:\/\/now-news.de\/de\/deutschland\/parallelgesellschaften-und-no-go-areas-unser-wertesystem-produziert-sie-selbst\/\",\"url\":\"https:\/\/now-news.de\/de\/deutschland\/parallelgesellschaften-und-no-go-areas-unser-wertesystem-produziert-sie-selbst\/\",\"name\":\"Parallelgesellschaften und No-Go-Areas: Unser &quot;Wertesystem&quot; produziert sie selbst - just-now.NEWS Deutschland\",\"isPartOf\":{\"@id\":\"https:\/\/now-news.de\/de\/#website\"},\"primaryImageOfPage\":{\"@id\":\"https:\/\/now-news.de\/de\/deutschland\/parallelgesellschaften-und-no-go-areas-unser-wertesystem-produziert-sie-selbst\/#primaryimage\"},\"image\":{\"@id\":\"https:\/\/now-news.de\/de\/deutschland\/parallelgesellschaften-und-no-go-areas-unser-wertesystem-produziert-sie-selbst\/#primaryimage\"},\"thumbnailUrl\":\"https:\/\/now-news.de\/de\/wp-content\/uploads\/sites\/3\/2023\/07\/Parallelgesellschaften-und-No-Go-Areas-Unser-quotWertesystemquot-produziert-sie-selbst.jpg\",\"datePublished\":\"2023-07-09T08:07:53+00:00\",\"dateModified\":\"2023-07-09T08:07:53+00:00\",\"breadcrumb\":{\"@id\":\"https:\/\/now-news.de\/de\/deutschland\/parallelgesellschaften-und-no-go-areas-unser-wertesystem-produziert-sie-selbst\/#breadcrumb\"},\"inLanguage\":\"de\",\"potentialAction\":[{\"@type\":\"ReadAction\",\"target\":[\"https:\/\/now-news.de\/de\/deutschland\/parallelgesellschaften-und-no-go-areas-unser-wertesystem-produziert-sie-selbst\/\"]}]},{\"@type\":\"ImageObject\",\"inLanguage\":\"de\",\"@id\":\"https:\/\/now-news.de\/de\/deutschland\/parallelgesellschaften-und-no-go-areas-unser-wertesystem-produziert-sie-selbst\/#primaryimage\",\"url\":\"https:\/\/now-news.de\/de\/wp-content\/uploads\/sites\/3\/2023\/07\/Parallelgesellschaften-und-No-Go-Areas-Unser-quotWertesystemquot-produziert-sie-selbst.jpg\",\"contentUrl\":\"https:\/\/now-news.de\/de\/wp-content\/uploads\/sites\/3\/2023\/07\/Parallelgesellschaften-und-No-Go-Areas-Unser-quotWertesystemquot-produziert-sie-selbst.jpg\",\"width\":460,\"height\":259,\"caption\":\"Parallelgesellschaften und No-Go-Areas: Unser &quot;Wertesystem&quot; produziert sie selbst\"},{\"@type\":\"BreadcrumbList\",\"@id\":\"https:\/\/now-news.de\/de\/deutschland\/parallelgesellschaften-und-no-go-areas-unser-wertesystem-produziert-sie-selbst\/#breadcrumb\",\"itemListElement\":[{\"@type\":\"ListItem\",\"position\":1,\"name\":\"Home\",\"item\":\"https:\/\/now-news.de\/de\/\"},{\"@type\":\"ListItem\",\"position\":2,\"name\":\"Parallelgesellschaften und No-Go-Areas: Unser &quot;Wertesystem&quot; produziert sie selbst\"}]},{\"@type\":\"WebSite\",\"@id\":\"https:\/\/now-news.de\/de\/#website\",\"url\":\"https:\/\/now-news.de\/de\/\",\"name\":\"just-now.NEWS Deutschland\",\"description\":\"Das Portal f\u00fcr unzensierte Nachrichten aus der Welt\",\"publisher\":{\"@id\":\"https:\/\/now-news.de\/de\/#organization\"},\"potentialAction\":[{\"@type\":\"SearchAction\",\"target\":{\"@type\":\"EntryPoint\",\"urlTemplate\":\"https:\/\/now-news.de\/de\/?s={search_term_string}\"},\"query-input\":\"required name=search_term_string\"}],\"inLanguage\":\"de\"},{\"@type\":\"Organization\",\"@id\":\"https:\/\/now-news.de\/de\/#organization\",\"name\":\"Just Now News\",\"url\":\"https:\/\/now-news.de\/de\/\",\"logo\":{\"@type\":\"ImageObject\",\"inLanguage\":\"de\",\"@id\":\"https:\/\/now-news.de\/de\/#\/schema\/logo\/image\/\",\"url\":\"http:\/\/just-now.news\/de\/wp-content\/uploads\/sites\/3\/2022\/04\/logo500x500.jpg\",\"contentUrl\":\"http:\/\/just-now.news\/de\/wp-content\/uploads\/sites\/3\/2022\/04\/logo500x500.jpg\",\"width\":500,\"height\":500,\"caption\":\"Just Now News\"},\"image\":{\"@id\":\"https:\/\/now-news.de\/de\/#\/schema\/logo\/image\/\"},\"sameAs\":[\"https:\/\/www.facebook.com\/wirmachenauf\",\"https:\/\/x.com\/WirMachenAuf_de\"]},{\"@type\":\"Person\",\"@id\":\"https:\/\/now-news.de\/de\/#\/schema\/person\/fb534a4e865501d8b3285208df34a9b5\",\"name\":\"rtnews\",\"image\":{\"@type\":\"ImageObject\",\"inLanguage\":\"de\",\"@id\":\"https:\/\/now-news.de\/de\/#\/schema\/person\/image\/\",\"url\":\"https:\/\/secure.gravatar.com\/avatar\/82aafea7d8127119dd649515f56e2117?s=96&d=mm&r=g\",\"contentUrl\":\"https:\/\/secure.gravatar.com\/avatar\/82aafea7d8127119dd649515f56e2117?s=96&d=mm&r=g\",\"caption\":\"rtnews\"},\"url\":\"https:\/\/now-news.de\/de\/author\/rnews\/\"}]}<\/script>\n<!-- \/ Yoast SEO Premium plugin. -->","yoast_head_json":{"title":"Parallelgesellschaften und No-Go-Areas: Unser &quot;Wertesystem&quot; produziert sie selbst - just-now.NEWS Deutschland","robots":{"index":"index","follow":"follow","max-snippet":"max-snippet:-1","max-image-preview":"max-image-preview:large","max-video-preview":"max-video-preview:-1"},"canonical":"https:\/\/now-news.de\/de\/deutschland\/parallelgesellschaften-und-no-go-areas-unser-wertesystem-produziert-sie-selbst\/","og_locale":"de_DE","og_type":"article","og_title":"Parallelgesellschaften und No-Go-Areas: Unser &quot;Wertesystem&quot; produziert sie selbst","og_description":"Die gewaltsamen Unruhen in Frankreichs Vorst\u00e4dten haben auch das deutsche B\u00fcrgertum aufgeschreckt. Der Bundestag debattiert, Medien warnen, vermutlich liegen schon Entw\u00fcrfe f\u00fcr sch\u00e4rfere Polizeigesetze in der Schublade. L\u00f6sungen sind das nicht, die Lage ist hausgemacht. Von Susan Bonath Die zerst\u00f6rerischen Proteste in Frankreich nach der T\u00f6tung eines 17-J\u00e4hrigen durch einen Polizisten machen der Oberschicht und [&hellip;]","og_url":"https:\/\/now-news.de\/de\/deutschland\/parallelgesellschaften-und-no-go-areas-unser-wertesystem-produziert-sie-selbst\/","og_site_name":"just-now.NEWS Deutschland","article_publisher":"https:\/\/www.facebook.com\/wirmachenauf","article_published_time":"2023-07-09T08:07:53+00:00","og_image":[{"width":460,"height":259,"url":"https:\/\/now-news.de\/de\/wp-content\/uploads\/sites\/3\/2023\/07\/Parallelgesellschaften-und-No-Go-Areas-Unser-quotWertesystemquot-produziert-sie-selbst.jpg","type":"image\/jpeg"}],"author":"rtnews","twitter_card":"summary_large_image","twitter_creator":"@WirMachenAuf_de","twitter_site":"@WirMachenAuf_de","twitter_misc":{"Verfasst von":"rtnews","Gesch\u00e4tzte Lesezeit":"5\u00a0Minuten"},"schema":{"@context":"https:\/\/schema.org","@graph":[{"@type":"Article","@id":"https:\/\/now-news.de\/de\/deutschland\/parallelgesellschaften-und-no-go-areas-unser-wertesystem-produziert-sie-selbst\/#article","isPartOf":{"@id":"https:\/\/now-news.de\/de\/deutschland\/parallelgesellschaften-und-no-go-areas-unser-wertesystem-produziert-sie-selbst\/"},"author":{"name":"rtnews","@id":"https:\/\/now-news.de\/de\/#\/schema\/person\/fb534a4e865501d8b3285208df34a9b5"},"headline":"Parallelgesellschaften und No-Go-Areas: Unser &quot;Wertesystem&quot; produziert sie selbst","datePublished":"2023-07-09T08:07:53+00:00","dateModified":"2023-07-09T08:07:53+00:00","mainEntityOfPage":{"@id":"https:\/\/now-news.de\/de\/deutschland\/parallelgesellschaften-und-no-go-areas-unser-wertesystem-produziert-sie-selbst\/"},"wordCount":1098,"commentCount":0,"publisher":{"@id":"https:\/\/now-news.de\/de\/#organization"},"image":{"@id":"https:\/\/now-news.de\/de\/deutschland\/parallelgesellschaften-und-no-go-areas-unser-wertesystem-produziert-sie-selbst\/#primaryimage"},"thumbnailUrl":"https:\/\/now-news.de\/de\/wp-content\/uploads\/sites\/3\/2023\/07\/Parallelgesellschaften-und-No-Go-Areas-Unser-quotWertesystemquot-produziert-sie-selbst.jpg","keywords":["NoGoAreas","Parallelgesellschaften","produziert","quotWertesystemquot","selbst","Sie","und","unser"],"articleSection":["Deutschland","Russland"],"inLanguage":"de","potentialAction":[{"@type":"CommentAction","name":"Comment","target":["https:\/\/now-news.de\/de\/deutschland\/parallelgesellschaften-und-no-go-areas-unser-wertesystem-produziert-sie-selbst\/#respond"]}]},{"@type":"WebPage","@id":"https:\/\/now-news.de\/de\/deutschland\/parallelgesellschaften-und-no-go-areas-unser-wertesystem-produziert-sie-selbst\/","url":"https:\/\/now-news.de\/de\/deutschland\/parallelgesellschaften-und-no-go-areas-unser-wertesystem-produziert-sie-selbst\/","name":"Parallelgesellschaften und No-Go-Areas: Unser &quot;Wertesystem&quot; produziert sie selbst - just-now.NEWS Deutschland","isPartOf":{"@id":"https:\/\/now-news.de\/de\/#website"},"primaryImageOfPage":{"@id":"https:\/\/now-news.de\/de\/deutschland\/parallelgesellschaften-und-no-go-areas-unser-wertesystem-produziert-sie-selbst\/#primaryimage"},"image":{"@id":"https:\/\/now-news.de\/de\/deutschland\/parallelgesellschaften-und-no-go-areas-unser-wertesystem-produziert-sie-selbst\/#primaryimage"},"thumbnailUrl":"https:\/\/now-news.de\/de\/wp-content\/uploads\/sites\/3\/2023\/07\/Parallelgesellschaften-und-No-Go-Areas-Unser-quotWertesystemquot-produziert-sie-selbst.jpg","datePublished":"2023-07-09T08:07:53+00:00","dateModified":"2023-07-09T08:07:53+00:00","breadcrumb":{"@id":"https:\/\/now-news.de\/de\/deutschland\/parallelgesellschaften-und-no-go-areas-unser-wertesystem-produziert-sie-selbst\/#breadcrumb"},"inLanguage":"de","potentialAction":[{"@type":"ReadAction","target":["https:\/\/now-news.de\/de\/deutschland\/parallelgesellschaften-und-no-go-areas-unser-wertesystem-produziert-sie-selbst\/"]}]},{"@type":"ImageObject","inLanguage":"de","@id":"https:\/\/now-news.de\/de\/deutschland\/parallelgesellschaften-und-no-go-areas-unser-wertesystem-produziert-sie-selbst\/#primaryimage","url":"https:\/\/now-news.de\/de\/wp-content\/uploads\/sites\/3\/2023\/07\/Parallelgesellschaften-und-No-Go-Areas-Unser-quotWertesystemquot-produziert-sie-selbst.jpg","contentUrl":"https:\/\/now-news.de\/de\/wp-content\/uploads\/sites\/3\/2023\/07\/Parallelgesellschaften-und-No-Go-Areas-Unser-quotWertesystemquot-produziert-sie-selbst.jpg","width":460,"height":259,"caption":"Parallelgesellschaften und No-Go-Areas: Unser &quot;Wertesystem&quot; produziert sie selbst"},{"@type":"BreadcrumbList","@id":"https:\/\/now-news.de\/de\/deutschland\/parallelgesellschaften-und-no-go-areas-unser-wertesystem-produziert-sie-selbst\/#breadcrumb","itemListElement":[{"@type":"ListItem","position":1,"name":"Home","item":"https:\/\/now-news.de\/de\/"},{"@type":"ListItem","position":2,"name":"Parallelgesellschaften und No-Go-Areas: Unser &quot;Wertesystem&quot; produziert sie selbst"}]},{"@type":"WebSite","@id":"https:\/\/now-news.de\/de\/#website","url":"https:\/\/now-news.de\/de\/","name":"just-now.NEWS Deutschland","description":"Das Portal f\u00fcr unzensierte Nachrichten aus der Welt","publisher":{"@id":"https:\/\/now-news.de\/de\/#organization"},"potentialAction":[{"@type":"SearchAction","target":{"@type":"EntryPoint","urlTemplate":"https:\/\/now-news.de\/de\/?s={search_term_string}"},"query-input":"required name=search_term_string"}],"inLanguage":"de"},{"@type":"Organization","@id":"https:\/\/now-news.de\/de\/#organization","name":"Just Now News","url":"https:\/\/now-news.de\/de\/","logo":{"@type":"ImageObject","inLanguage":"de","@id":"https:\/\/now-news.de\/de\/#\/schema\/logo\/image\/","url":"http:\/\/just-now.news\/de\/wp-content\/uploads\/sites\/3\/2022\/04\/logo500x500.jpg","contentUrl":"http:\/\/just-now.news\/de\/wp-content\/uploads\/sites\/3\/2022\/04\/logo500x500.jpg","width":500,"height":500,"caption":"Just Now News"},"image":{"@id":"https:\/\/now-news.de\/de\/#\/schema\/logo\/image\/"},"sameAs":["https:\/\/www.facebook.com\/wirmachenauf","https:\/\/x.com\/WirMachenAuf_de"]},{"@type":"Person","@id":"https:\/\/now-news.de\/de\/#\/schema\/person\/fb534a4e865501d8b3285208df34a9b5","name":"rtnews","image":{"@type":"ImageObject","inLanguage":"de","@id":"https:\/\/now-news.de\/de\/#\/schema\/person\/image\/","url":"https:\/\/secure.gravatar.com\/avatar\/82aafea7d8127119dd649515f56e2117?s=96&d=mm&r=g","contentUrl":"https:\/\/secure.gravatar.com\/avatar\/82aafea7d8127119dd649515f56e2117?s=96&d=mm&r=g","caption":"rtnews"},"url":"https:\/\/now-news.de\/de\/author\/rnews\/"}]}},"_links":{"self":[{"href":"https:\/\/now-news.de\/de\/wp-json\/wp\/v2\/posts\/39752"}],"collection":[{"href":"https:\/\/now-news.de\/de\/wp-json\/wp\/v2\/posts"}],"about":[{"href":"https:\/\/now-news.de\/de\/wp-json\/wp\/v2\/types\/post"}],"author":[{"embeddable":true,"href":"https:\/\/now-news.de\/de\/wp-json\/wp\/v2\/users\/3"}],"replies":[{"embeddable":true,"href":"https:\/\/now-news.de\/de\/wp-json\/wp\/v2\/comments?post=39752"}],"version-history":[{"count":0,"href":"https:\/\/now-news.de\/de\/wp-json\/wp\/v2\/posts\/39752\/revisions"}],"wp:featuredmedia":[{"embeddable":true,"href":"https:\/\/now-news.de\/de\/wp-json\/wp\/v2\/media\/39753"}],"wp:attachment":[{"href":"https:\/\/now-news.de\/de\/wp-json\/wp\/v2\/media?parent=39752"}],"wp:term":[{"taxonomy":"category","embeddable":true,"href":"https:\/\/now-news.de\/de\/wp-json\/wp\/v2\/categories?post=39752"},{"taxonomy":"post_tag","embeddable":true,"href":"https:\/\/now-news.de\/de\/wp-json\/wp\/v2\/tags?post=39752"}],"curies":[{"name":"wp","href":"https:\/\/api.w.org\/{rel}","templated":true}]}}