{"id":39748,"date":"2023-07-09T07:50:39","date_gmt":"2023-07-09T05:50:39","guid":{"rendered":"https:\/\/just-now.news\/de\/deutschland\/ein-virus-und-die-frage-wie-verlor-eine-gesellschaft-vernunft-und-humanitaet\/"},"modified":"2023-07-09T07:50:39","modified_gmt":"2023-07-09T05:50:39","slug":"ein-virus-und-die-frage-wie-verlor-eine-gesellschaft-vernunft-und-humanitaet","status":"publish","type":"post","link":"https:\/\/now-news.de\/de\/deutschland\/ein-virus-und-die-frage-wie-verlor-eine-gesellschaft-vernunft-und-humanitaet\/","title":{"rendered":"Ein Virus und die Frage: Wie verlor eine Gesellschaft Vernunft und Humanit\u00e4t?"},"content":{"rendered":"<p><img decoding=\"async\" src=\"http:\/\/just-now.news\/de\/wp-content\/uploads\/sites\/3\/2023\/07\/64a80104b480cc200e157b91.jpg\" \/><\/p>\n<div class=\"Text-root Text-type_1 \">\n                Ist &#8220;Corona&#8221; Schnee von gestern? Nicht f\u00fcr Buchautor Rainer Fischbach: Er fragt &#8220;nach der mentalen Verfassung einer Gesellschaft, die das zulie\u00df&#8221;. Dabei spielt f\u00fcr ihn insbesondere die &#8220;Reaktionsweise der menschlichen Physis und Psyche&#8221; in westlichen Gesellschaften eine Schl\u00fcsselrolle.\n            <\/div>\n<p><\/p>\n<div class=\"Text-root Text-type_5 ArticleView-text ViewText-root \">\n<p><em>Von Kaspar Sachse<\/em><\/p>\n<p>Psychisch gest\u00f6rte und handys\u00fcchtige Kinder und Jugendliche, eine vermeintlich <a rel=\"nofollow noopener\" target=\"_blank\" href=\"https:\/\/freeassange.rtde.live\/inland\/171835-uebersterblichkeit-in-deutschland-minister-lauterbach\/\">unerkl\u00e4rliche \u00dcbersterblichkeit seit 2021<\/a>, gigantische\u00a0Staatsschulden\u00a0auf Kosten der Steuerzahler und zuk\u00fcnftiger Generationen auf der einen Seite, Riesengewinne bei Big Tech, Big Pharma und Big Money auf der anderen. All das sowie eine tief gespaltene Gesellschaft hat &#8220;ein Virus&#8221; namens COVID-19 \u2013 oder besser gesagt die politisch getroffenen &#8220;Ma\u00dfnahmen&#8221; gegen dessen Ausbreitung \u2013 zu verantworten.\u00a0<\/p>\n<p>In seinem <a rel=\"nofollow noopener\" target=\"_blank\" href=\"https:\/\/www.shaker-media.eu\/de\/content\/bookshop\/index.asp?ISBN=978-3-95631-962-4&amp;ID=2\">neuesten Buch<\/a> &#8220;Ein Virus zum Beispiel: Wie eine Gesellschaft Vernunft und Humanit\u00e4t verlor \u2212 und wie sie wiederzugewinnen w\u00e4ren&#8221; nimmt <a rel=\"nofollow noopener\" target=\"_blank\" href=\"https:\/\/www.rainer-fischbach.info\/\">Rainer Fischbach<\/a>, der\u00a0Philosophie, Informatik, Internationale Politik und Planungswissenschaften studiert hat, diese Zeit noch einmal auseinander. In dem 284-seitigen Werk, das f\u00fcr 27,90 Euro bei Shaker Media <a rel=\"nofollow noopener\" target=\"_blank\" href=\"https:\/\/www.shaker-media.eu\/de\/content\/bookshop\/index.asp?ISBN=978-3-95631-962-4&amp;ID=2\">zu bekommen ist<\/a>,\u00a0analysiert er vielschichtig die drei Jahre &#8220;Corona-Ausnahmezustand mit Ma\u00dfnahmen, die bis heute einer Begr\u00fcndung ermangeln&#8221;, &#8220;w\u00e4hrend ihre negativen Folgen, wenn sie auch un\u00fcberschaubar bleiben, doch zunehmend deutlicher werden&#8221;. Vor allem die Psyche einer ver\u00e4ngstigten Gesellschaft und das desolate Versagen der politischen Linken, die zum Teil noch h\u00e4rtere Ma\u00dfnahmen als der wieder erstarkte Staat forderte sowie das offenbar zerst\u00f6rte menschliche &#8220;Verh\u00e4ltnis zur Natur&#8221; (S.9) interessieren Fischbach.<\/p>\n<p>Im ersten Kapitel &#8220;Pl\u00e4doyer f\u00fcr die H\u00e4resie&#8221; gibt Fischbach einen \u00dcberblick \u00fcber die &#8220;Intellektuellen Zumutungen der Jahre seit 2020&#8221; (S.13). Besonders die &#8220;sozialistische Linke&#8221; steht dabei \u2013\u00a0<a rel=\"nofollow noopener\" target=\"_blank\" href=\"https:\/\/mediashop.at\/buecher\/die-selbstzerstoerung-der-deutschen-linken\/\">ganz zu Recht<\/a>\u00a0\u2013 im Kreuzfeuer der Kritik, hat sie sich doch zu n\u00fctzlichen Idioten ihrer kapitalistischen Gegner gemacht, oder wie es das ehemalige Mitglied des wissenschaftlichen Beirats der Rosa-Luxemburg-Stiftung ausdr\u00fcckt:\u00a0<\/p>\n<blockquote>\n<p><em>&#8220;Nur als desastr\u00f6s ist der Ausverkauf linker Traditionsbest\u00e4nde und Vokabeln zu bezeichnen: indem &#8216;Solidarit\u00e4t&#8217; zur Formel f\u00fcr die Akzeptanz, wenn nicht gar die aggressive Verteidigung und Durchsetzung ebenso sinnloser wie destruktiver Ma\u00dfnahmen wurde, begann ihre Karriere zum Unwort des Jahres.&#8221; (S.25)<\/em><\/p>\n<\/blockquote>\n<p>Sprache spielte dabei auch in anderer Hinsicht eine gro\u00dfe Rolle: So sieht Fischbach einen Zusammenhang in der &#8220;linken&#8221; Diskreditierung der Ma\u00dfnahmen-Kritiker: So reiht sich der &#8220;Corona-Leugner&#8221; hervorragend zum &#8220;Klima-\u00a0beziehungsweise Wissenschaftsleugner&#8221; ein, bis zum &#8220;Holocaustleugner&#8221; (S.30) ist es dabei f\u00fcr die wissenschaftsgl\u00e4ubigen Linken nur noch ein kurzer Weg. Doch auch die Wissenschaft, insbesondere die Medizin am Beispiel des Agierens von Gesundheitsminister Karl Lauterbach, bekommt im ersten Kapitel ihr Fett weg, das sei &#8220;mechanistische Medizin ihn Reinkultur, die keine Menschen mehr, sondern Laborwerte behandelt&#8221;. (S.72)\u00a0<\/p>\n<p>Im zweiten Kapitel &#8220;Krankheit, Natur und Wissenschaft. Ein verwickeltes Verh\u00e4ltnis&#8221; baut Fischbach seine Kritik am bedingungslosen &#8220;listen to the science&#8221;-Wissenschaftsverst\u00e4ndnis (S. 77), das besonders in der medial verstrahlten Generation Thunberg verbreitet ist, aus. F\u00fcr diese durchdigitalisierten Pseudolinken und ihre wahnhafte Suche nach &#8220;Safe Spaces&#8221; kam das von oben verordnete &#8220;Social Distancing&#8221; folglich genau zum richtigen Zeitpunkt. Die sich damit perfekt erg\u00e4nzende &#8220;Politik der Angst&#8221; schaffte es laut dem Autor, die irrationalen \u00c4ngste einer urbanen Linken im Homeoffice zu befeuern, die weniger &#8220;vor dem Verlust des Arbeitsplatzes&#8221;, sondern vor dem &#8220;Klimawandel&#8221; oder dem &#8220;Aufstand der Unvern\u00fcnftigen, (&#8230;) die angeblich partout nicht auf die Wissenschaft h\u00f6ren wollen&#8221; (S.122) gepr\u00e4gt war und ist.\u00a0<\/p>\n<p>Im n\u00e4chsten Kapitel &#8220;Pandemie der Eindimensionalit\u00e4t&#8221; handelt es sich um eine erweiterte Fassung eines Artikels, den Fischbach im letzten Jahr auf den <em>Nachdenkseiten<\/em>\u00a0<a rel=\"nofollow noopener\" target=\"_blank\" href=\"https:\/\/www.nachdenkseiten.de\/?p=80460\">ver\u00f6ffentlicht<\/a> hat und der die eng gef\u00fchrte &#8220;Politik der Entm\u00fcndigung&#8221; auseinandernimmt. Dabei stellt er die Frage: &#8220;Ein Problem und eine L\u00f6sung?&#8221; (S. 135) und kritisiert mit Blick auf die Impfstoffe die &#8220;Medikalisierung des Lebens&#8221; (S. 154) durch eine wissenschaftlich-mechanistische Ideologie, die zu Recht auf Widerstand st\u00f6\u00dft. Besonders provokant wird es zumindest dem Titel nach im vierten Kapitel &#8220;Von Leugnern, Nazis und Esoterikern&#8221;: Dort wird die &#8220;eigene Tugendhaftigkeit&#8221; der Wissenschaft aufgezeigt, die \u00e4hnlich wie im derzeitigen (woken) Tugendkapitalismus ein Feindbild ben\u00f6tigt und welche \u2013 unter anderem Vorzeichen \u2013 \u00e4hnliche Mechanismen wie im Nationalsozialismus aufweist:\u00a0<\/p>\n<blockquote>\n<p><em>&#8220;Das eine wie das andere Programm orientiert sich am Modell \u00e4rztlicher Allwissenheit und Allmacht, gegen die Einw\u00e4nde unzul\u00e4ssig seien, beide berufen sich auf eine eindimensionale Wissenschaft, die dem Paradigma folgt, das nur lineare Wirkungsketten in einer zum Materialbestand reduzierten Welt wahrnimmt, beide dulden keine Ausnahmen, kennen kein Vertrauen in das Individuum, seine Empfindung und seine Kr\u00e4fte, beide Grenzen die, die sich darauf verlassen, als Volkssch\u00e4dlinge aus. Der kleine Unterschied: Volkssch\u00e4dlinge hei\u00dfen heute Covidioten, Bekloppte, Egoisten, Unsolidarische, Verschw\u00f6rungsgl\u00e4ubige, Esoteriker oder eben Nazis (&#8230;)&#8221;. (S. 195-196)\u00a0<\/em><\/p>\n<\/blockquote>\n<p>Im n\u00e4chsten Kapitel &#8220;Zweite Welle, zweiter Akt&#8221; werden vor allem die elektronischen \u00dcberwachungswerkzeuge, wie der QR-Code f\u00fcr Geimpfte betrachtet, die als &#8220;Blaupause f\u00fcr einen totalit\u00e4ren \u00dcberwachungsstaat&#8221; (S. 15) nach WEF-Vorstellungen dienen, aufgezeigt, ehe im vorletzten Kapitel am Beispiel &#8220;Indien&#8221; dargestellt wird, wie die Umweltverschmutzung in Smog-belasteten St\u00e4dten wie Kalkutta Atemwegserkrankungen massiv beg\u00fcnstigen &#8211; was \u00fcbrigens auch in Norditalien (der ein oder andere mag sich noch an die &#8220;Bilder von Bergamo&#8221; erinnern) zutraf. Im letzten Akt: &#8220;Woher kommt das SARS-CoV-2?&#8221; (S. 275) gibt Fischbach zahlreiche Hinweise darauf, dass die sogenannte &#8220;Laborthese&#8221; doch wesentlich wahrscheinlicher ist als den Ursprung des Virus der Fledermaus in die Schuhe zu schieben.<\/p>\n<p>Festzuhalten bleibt: Rainer Fischbach hat ein gro\u00dfartiges Buch geschrieben, welches am Beispiel eines Virus \u2013 und insbesondere der panischen Reaktionen darauf \u2013 den ganzen ideologischen Irrsinn einer eindimensionalen, mechanistischen Wissenschaftsagenda im Verbund mit einer technokratischen und von Pharmalobbyisten durchseuchten Politikerkaste aufzeigt. Dabei wurde wieder einmal erschreckend deutlich gemacht, wie &#8220;d\u00fcnn der Firnis der Zivilisation&#8221; ist, was man beispielsweise auch am totalit\u00e4ren Umgang mit der &#8220;Bek\u00e4mpfung des Klimawandels&#8221; beobachten kann.<\/p>\n<p><strong>Mehr zum Thema<\/strong> &#8211; <a rel=\"nofollow noopener\" target=\"_blank\" href=\"https:\/\/freeassange.rtde.live\/meinung\/174333-corona-aufarbeitung-aber-wir-hatten\/\">Corona-Aufarbeitung: &#8220;Aber wir hatten keine rechte Wahl&#8221;? \u2013 Replik auf einen Tagesthemen-Kommentar<\/a><\/p>\n<\/p>\n<\/div>\n<p><br \/>\n<br \/><a href=\"https:\/\/de.rt.com\/gesellschaft\/174435-virus-und-frage-wie-verlor\/\">Source link <\/a><\/p>\n","protected":false},"excerpt":{"rendered":"<p>Ist &#8220;Corona&#8221; Schnee von gestern? Nicht f\u00fcr Buchautor Rainer Fischbach: Er fragt &#8220;nach der mentalen Verfassung einer Gesellschaft, die das zulie\u00df&#8221;. Dabei spielt f\u00fcr ihn insbesondere die &#8220;Reaktionsweise der menschlichen Physis und Psyche&#8221; in westlichen Gesellschaften eine Schl\u00fcsselrolle. Von Kaspar Sachse Psychisch gest\u00f6rte und handys\u00fcchtige Kinder und Jugendliche, eine vermeintlich unerkl\u00e4rliche \u00dcbersterblichkeit seit 2021, gigantische\u00a0Staatsschulden\u00a0auf [&hellip;]<\/p>\n","protected":false},"author":3,"featured_media":39749,"comment_status":"open","ping_status":"open","sticky":false,"template":"","format":"standard","meta":{"_yoast_indexnow_last_ping":["1688882458"],"wp_automatic_camp":["217"],"bc05f93302e5f639faec62c07333608e":["Ein Virus und die Frage: Wie verlor eine Gesellschaft Vernunft und Humanit\u00e4t?"],"original_link":["https:\/\/de.rt.com\/gesellschaft\/174435-virus-und-frage-wie-verlor\/"],"_thumbnail_id":["39749"],"jnews_social_counter_last_update":["1777348857"],"_wptgpro_p2tg_sent2tg":["a:1:{i:23737;s:19:\"2023-07-09 08:02:03\";}"]},"categories":[19,23],"tags":[45,357,275,16962,5420,4562,140,24467,11918,407,579],"yoast_head":"<!-- This site is optimized with the Yoast SEO Premium plugin v22.7 (Yoast SEO v22.7) - https:\/\/yoast.com\/wordpress\/plugins\/seo\/ -->\n<title>Ein Virus und die Frage: Wie verlor eine Gesellschaft Vernunft und Humanit\u00e4t? - just-now.NEWS Deutschland<\/title>\n<meta name=\"robots\" content=\"index, follow, max-snippet:-1, max-image-preview:large, max-video-preview:-1\" \/>\n<link rel=\"canonical\" href=\"https:\/\/now-news.de\/de\/deutschland\/ein-virus-und-die-frage-wie-verlor-eine-gesellschaft-vernunft-und-humanitaet\/\" \/>\n<meta property=\"og:locale\" content=\"de_DE\" \/>\n<meta property=\"og:type\" content=\"article\" \/>\n<meta property=\"og:title\" content=\"Ein Virus und die Frage: Wie verlor eine Gesellschaft Vernunft und Humanit\u00e4t?\" \/>\n<meta property=\"og:description\" content=\"Ist &#8220;Corona&#8221; Schnee von gestern? Nicht f\u00fcr Buchautor Rainer Fischbach: Er fragt &#8220;nach der mentalen Verfassung einer Gesellschaft, die das zulie\u00df&#8221;. Dabei spielt f\u00fcr ihn insbesondere die &#8220;Reaktionsweise der menschlichen Physis und Psyche&#8221; in westlichen Gesellschaften eine Schl\u00fcsselrolle. Von Kaspar Sachse Psychisch gest\u00f6rte und handys\u00fcchtige Kinder und Jugendliche, eine vermeintlich unerkl\u00e4rliche \u00dcbersterblichkeit seit 2021, gigantische\u00a0Staatsschulden\u00a0auf [&hellip;]\" \/>\n<meta property=\"og:url\" content=\"https:\/\/now-news.de\/de\/deutschland\/ein-virus-und-die-frage-wie-verlor-eine-gesellschaft-vernunft-und-humanitaet\/\" \/>\n<meta property=\"og:site_name\" content=\"just-now.NEWS Deutschland\" \/>\n<meta property=\"article:publisher\" content=\"https:\/\/www.facebook.com\/wirmachenauf\" \/>\n<meta property=\"article:published_time\" content=\"2023-07-09T05:50:39+00:00\" \/>\n<meta property=\"og:image\" content=\"https:\/\/now-news.de\/de\/wp-content\/uploads\/sites\/3\/2023\/07\/Ein-Virus-und-die-Frage-Wie-verlor-eine-Gesellschaft-Vernunft.jpg\" \/>\n\t<meta property=\"og:image:width\" content=\"460\" \/>\n\t<meta property=\"og:image:height\" content=\"259\" \/>\n\t<meta property=\"og:image:type\" content=\"image\/jpeg\" \/>\n<meta name=\"author\" content=\"rtnews\" \/>\n<meta name=\"twitter:card\" content=\"summary_large_image\" \/>\n<meta name=\"twitter:creator\" content=\"@WirMachenAuf_de\" \/>\n<meta name=\"twitter:site\" content=\"@WirMachenAuf_de\" \/>\n<meta name=\"twitter:label1\" content=\"Verfasst von\" \/>\n\t<meta name=\"twitter:data1\" content=\"rtnews\" \/>\n\t<meta name=\"twitter:label2\" content=\"Gesch\u00e4tzte Lesezeit\" \/>\n\t<meta name=\"twitter:data2\" content=\"5\u00a0Minuten\" \/>\n<script type=\"application\/ld+json\" class=\"yoast-schema-graph\">{\"@context\":\"https:\/\/schema.org\",\"@graph\":[{\"@type\":\"Article\",\"@id\":\"https:\/\/now-news.de\/de\/deutschland\/ein-virus-und-die-frage-wie-verlor-eine-gesellschaft-vernunft-und-humanitaet\/#article\",\"isPartOf\":{\"@id\":\"https:\/\/now-news.de\/de\/deutschland\/ein-virus-und-die-frage-wie-verlor-eine-gesellschaft-vernunft-und-humanitaet\/\"},\"author\":{\"name\":\"rtnews\",\"@id\":\"https:\/\/now-news.de\/de\/#\/schema\/person\/fb534a4e865501d8b3285208df34a9b5\"},\"headline\":\"Ein Virus und die Frage: Wie verlor eine Gesellschaft Vernunft und Humanit\u00e4t?\",\"datePublished\":\"2023-07-09T05:50:39+00:00\",\"dateModified\":\"2023-07-09T05:50:39+00:00\",\"mainEntityOfPage\":{\"@id\":\"https:\/\/now-news.de\/de\/deutschland\/ein-virus-und-die-frage-wie-verlor-eine-gesellschaft-vernunft-und-humanitaet\/\"},\"wordCount\":970,\"commentCount\":0,\"publisher\":{\"@id\":\"https:\/\/now-news.de\/de\/#organization\"},\"image\":{\"@id\":\"https:\/\/now-news.de\/de\/deutschland\/ein-virus-und-die-frage-wie-verlor-eine-gesellschaft-vernunft-und-humanitaet\/#primaryimage\"},\"thumbnailUrl\":\"https:\/\/now-news.de\/de\/wp-content\/uploads\/sites\/3\/2023\/07\/Ein-Virus-und-die-Frage-Wie-verlor-eine-Gesellschaft-Vernunft.jpg\",\"keywords\":[\"die\",\"ein\",\"eine\",\"Frage\",\"Gesellschaft\",\"Humanit\u00e4t\",\"und\",\"verlor\",\"Vernunft\",\"VIRUS\",\"Wie\"],\"articleSection\":[\"Deutschland\",\"Russland\"],\"inLanguage\":\"de\",\"potentialAction\":[{\"@type\":\"CommentAction\",\"name\":\"Comment\",\"target\":[\"https:\/\/now-news.de\/de\/deutschland\/ein-virus-und-die-frage-wie-verlor-eine-gesellschaft-vernunft-und-humanitaet\/#respond\"]}]},{\"@type\":\"WebPage\",\"@id\":\"https:\/\/now-news.de\/de\/deutschland\/ein-virus-und-die-frage-wie-verlor-eine-gesellschaft-vernunft-und-humanitaet\/\",\"url\":\"https:\/\/now-news.de\/de\/deutschland\/ein-virus-und-die-frage-wie-verlor-eine-gesellschaft-vernunft-und-humanitaet\/\",\"name\":\"Ein Virus und die Frage: Wie verlor eine Gesellschaft Vernunft und Humanit\u00e4t? - just-now.NEWS Deutschland\",\"isPartOf\":{\"@id\":\"https:\/\/now-news.de\/de\/#website\"},\"primaryImageOfPage\":{\"@id\":\"https:\/\/now-news.de\/de\/deutschland\/ein-virus-und-die-frage-wie-verlor-eine-gesellschaft-vernunft-und-humanitaet\/#primaryimage\"},\"image\":{\"@id\":\"https:\/\/now-news.de\/de\/deutschland\/ein-virus-und-die-frage-wie-verlor-eine-gesellschaft-vernunft-und-humanitaet\/#primaryimage\"},\"thumbnailUrl\":\"https:\/\/now-news.de\/de\/wp-content\/uploads\/sites\/3\/2023\/07\/Ein-Virus-und-die-Frage-Wie-verlor-eine-Gesellschaft-Vernunft.jpg\",\"datePublished\":\"2023-07-09T05:50:39+00:00\",\"dateModified\":\"2023-07-09T05:50:39+00:00\",\"breadcrumb\":{\"@id\":\"https:\/\/now-news.de\/de\/deutschland\/ein-virus-und-die-frage-wie-verlor-eine-gesellschaft-vernunft-und-humanitaet\/#breadcrumb\"},\"inLanguage\":\"de\",\"potentialAction\":[{\"@type\":\"ReadAction\",\"target\":[\"https:\/\/now-news.de\/de\/deutschland\/ein-virus-und-die-frage-wie-verlor-eine-gesellschaft-vernunft-und-humanitaet\/\"]}]},{\"@type\":\"ImageObject\",\"inLanguage\":\"de\",\"@id\":\"https:\/\/now-news.de\/de\/deutschland\/ein-virus-und-die-frage-wie-verlor-eine-gesellschaft-vernunft-und-humanitaet\/#primaryimage\",\"url\":\"https:\/\/now-news.de\/de\/wp-content\/uploads\/sites\/3\/2023\/07\/Ein-Virus-und-die-Frage-Wie-verlor-eine-Gesellschaft-Vernunft.jpg\",\"contentUrl\":\"https:\/\/now-news.de\/de\/wp-content\/uploads\/sites\/3\/2023\/07\/Ein-Virus-und-die-Frage-Wie-verlor-eine-Gesellschaft-Vernunft.jpg\",\"width\":460,\"height\":259,\"caption\":\"Ein Virus und die Frage: Wie verlor eine Gesellschaft Vernunft und Humanit\u00e4t?\"},{\"@type\":\"BreadcrumbList\",\"@id\":\"https:\/\/now-news.de\/de\/deutschland\/ein-virus-und-die-frage-wie-verlor-eine-gesellschaft-vernunft-und-humanitaet\/#breadcrumb\",\"itemListElement\":[{\"@type\":\"ListItem\",\"position\":1,\"name\":\"Home\",\"item\":\"https:\/\/now-news.de\/de\/\"},{\"@type\":\"ListItem\",\"position\":2,\"name\":\"Ein Virus und die Frage: Wie verlor eine Gesellschaft Vernunft und Humanit\u00e4t?\"}]},{\"@type\":\"WebSite\",\"@id\":\"https:\/\/now-news.de\/de\/#website\",\"url\":\"https:\/\/now-news.de\/de\/\",\"name\":\"just-now.NEWS Deutschland\",\"description\":\"Das Portal f\u00fcr unzensierte Nachrichten aus der Welt\",\"publisher\":{\"@id\":\"https:\/\/now-news.de\/de\/#organization\"},\"potentialAction\":[{\"@type\":\"SearchAction\",\"target\":{\"@type\":\"EntryPoint\",\"urlTemplate\":\"https:\/\/now-news.de\/de\/?s={search_term_string}\"},\"query-input\":\"required name=search_term_string\"}],\"inLanguage\":\"de\"},{\"@type\":\"Organization\",\"@id\":\"https:\/\/now-news.de\/de\/#organization\",\"name\":\"Just Now News\",\"url\":\"https:\/\/now-news.de\/de\/\",\"logo\":{\"@type\":\"ImageObject\",\"inLanguage\":\"de\",\"@id\":\"https:\/\/now-news.de\/de\/#\/schema\/logo\/image\/\",\"url\":\"http:\/\/just-now.news\/de\/wp-content\/uploads\/sites\/3\/2022\/04\/logo500x500.jpg\",\"contentUrl\":\"http:\/\/just-now.news\/de\/wp-content\/uploads\/sites\/3\/2022\/04\/logo500x500.jpg\",\"width\":500,\"height\":500,\"caption\":\"Just Now News\"},\"image\":{\"@id\":\"https:\/\/now-news.de\/de\/#\/schema\/logo\/image\/\"},\"sameAs\":[\"https:\/\/www.facebook.com\/wirmachenauf\",\"https:\/\/x.com\/WirMachenAuf_de\"]},{\"@type\":\"Person\",\"@id\":\"https:\/\/now-news.de\/de\/#\/schema\/person\/fb534a4e865501d8b3285208df34a9b5\",\"name\":\"rtnews\",\"image\":{\"@type\":\"ImageObject\",\"inLanguage\":\"de\",\"@id\":\"https:\/\/now-news.de\/de\/#\/schema\/person\/image\/\",\"url\":\"https:\/\/secure.gravatar.com\/avatar\/82aafea7d8127119dd649515f56e2117?s=96&d=mm&r=g\",\"contentUrl\":\"https:\/\/secure.gravatar.com\/avatar\/82aafea7d8127119dd649515f56e2117?s=96&d=mm&r=g\",\"caption\":\"rtnews\"},\"url\":\"https:\/\/now-news.de\/de\/author\/rnews\/\"}]}<\/script>\n<!-- \/ Yoast SEO Premium plugin. -->","yoast_head_json":{"title":"Ein Virus und die Frage: Wie verlor eine Gesellschaft Vernunft und Humanit\u00e4t? - just-now.NEWS Deutschland","robots":{"index":"index","follow":"follow","max-snippet":"max-snippet:-1","max-image-preview":"max-image-preview:large","max-video-preview":"max-video-preview:-1"},"canonical":"https:\/\/now-news.de\/de\/deutschland\/ein-virus-und-die-frage-wie-verlor-eine-gesellschaft-vernunft-und-humanitaet\/","og_locale":"de_DE","og_type":"article","og_title":"Ein Virus und die Frage: Wie verlor eine Gesellschaft Vernunft und Humanit\u00e4t?","og_description":"Ist &#8220;Corona&#8221; Schnee von gestern? Nicht f\u00fcr Buchautor Rainer Fischbach: Er fragt &#8220;nach der mentalen Verfassung einer Gesellschaft, die das zulie\u00df&#8221;. Dabei spielt f\u00fcr ihn insbesondere die &#8220;Reaktionsweise der menschlichen Physis und Psyche&#8221; in westlichen Gesellschaften eine Schl\u00fcsselrolle. Von Kaspar Sachse Psychisch gest\u00f6rte und handys\u00fcchtige Kinder und Jugendliche, eine vermeintlich unerkl\u00e4rliche \u00dcbersterblichkeit seit 2021, gigantische\u00a0Staatsschulden\u00a0auf [&hellip;]","og_url":"https:\/\/now-news.de\/de\/deutschland\/ein-virus-und-die-frage-wie-verlor-eine-gesellschaft-vernunft-und-humanitaet\/","og_site_name":"just-now.NEWS Deutschland","article_publisher":"https:\/\/www.facebook.com\/wirmachenauf","article_published_time":"2023-07-09T05:50:39+00:00","og_image":[{"width":460,"height":259,"url":"https:\/\/now-news.de\/de\/wp-content\/uploads\/sites\/3\/2023\/07\/Ein-Virus-und-die-Frage-Wie-verlor-eine-Gesellschaft-Vernunft.jpg","type":"image\/jpeg"}],"author":"rtnews","twitter_card":"summary_large_image","twitter_creator":"@WirMachenAuf_de","twitter_site":"@WirMachenAuf_de","twitter_misc":{"Verfasst von":"rtnews","Gesch\u00e4tzte Lesezeit":"5\u00a0Minuten"},"schema":{"@context":"https:\/\/schema.org","@graph":[{"@type":"Article","@id":"https:\/\/now-news.de\/de\/deutschland\/ein-virus-und-die-frage-wie-verlor-eine-gesellschaft-vernunft-und-humanitaet\/#article","isPartOf":{"@id":"https:\/\/now-news.de\/de\/deutschland\/ein-virus-und-die-frage-wie-verlor-eine-gesellschaft-vernunft-und-humanitaet\/"},"author":{"name":"rtnews","@id":"https:\/\/now-news.de\/de\/#\/schema\/person\/fb534a4e865501d8b3285208df34a9b5"},"headline":"Ein Virus und die Frage: Wie verlor eine Gesellschaft Vernunft und Humanit\u00e4t?","datePublished":"2023-07-09T05:50:39+00:00","dateModified":"2023-07-09T05:50:39+00:00","mainEntityOfPage":{"@id":"https:\/\/now-news.de\/de\/deutschland\/ein-virus-und-die-frage-wie-verlor-eine-gesellschaft-vernunft-und-humanitaet\/"},"wordCount":970,"commentCount":0,"publisher":{"@id":"https:\/\/now-news.de\/de\/#organization"},"image":{"@id":"https:\/\/now-news.de\/de\/deutschland\/ein-virus-und-die-frage-wie-verlor-eine-gesellschaft-vernunft-und-humanitaet\/#primaryimage"},"thumbnailUrl":"https:\/\/now-news.de\/de\/wp-content\/uploads\/sites\/3\/2023\/07\/Ein-Virus-und-die-Frage-Wie-verlor-eine-Gesellschaft-Vernunft.jpg","keywords":["die","ein","eine","Frage","Gesellschaft","Humanit\u00e4t","und","verlor","Vernunft","VIRUS","Wie"],"articleSection":["Deutschland","Russland"],"inLanguage":"de","potentialAction":[{"@type":"CommentAction","name":"Comment","target":["https:\/\/now-news.de\/de\/deutschland\/ein-virus-und-die-frage-wie-verlor-eine-gesellschaft-vernunft-und-humanitaet\/#respond"]}]},{"@type":"WebPage","@id":"https:\/\/now-news.de\/de\/deutschland\/ein-virus-und-die-frage-wie-verlor-eine-gesellschaft-vernunft-und-humanitaet\/","url":"https:\/\/now-news.de\/de\/deutschland\/ein-virus-und-die-frage-wie-verlor-eine-gesellschaft-vernunft-und-humanitaet\/","name":"Ein Virus und die Frage: Wie verlor eine Gesellschaft Vernunft und Humanit\u00e4t? - just-now.NEWS Deutschland","isPartOf":{"@id":"https:\/\/now-news.de\/de\/#website"},"primaryImageOfPage":{"@id":"https:\/\/now-news.de\/de\/deutschland\/ein-virus-und-die-frage-wie-verlor-eine-gesellschaft-vernunft-und-humanitaet\/#primaryimage"},"image":{"@id":"https:\/\/now-news.de\/de\/deutschland\/ein-virus-und-die-frage-wie-verlor-eine-gesellschaft-vernunft-und-humanitaet\/#primaryimage"},"thumbnailUrl":"https:\/\/now-news.de\/de\/wp-content\/uploads\/sites\/3\/2023\/07\/Ein-Virus-und-die-Frage-Wie-verlor-eine-Gesellschaft-Vernunft.jpg","datePublished":"2023-07-09T05:50:39+00:00","dateModified":"2023-07-09T05:50:39+00:00","breadcrumb":{"@id":"https:\/\/now-news.de\/de\/deutschland\/ein-virus-und-die-frage-wie-verlor-eine-gesellschaft-vernunft-und-humanitaet\/#breadcrumb"},"inLanguage":"de","potentialAction":[{"@type":"ReadAction","target":["https:\/\/now-news.de\/de\/deutschland\/ein-virus-und-die-frage-wie-verlor-eine-gesellschaft-vernunft-und-humanitaet\/"]}]},{"@type":"ImageObject","inLanguage":"de","@id":"https:\/\/now-news.de\/de\/deutschland\/ein-virus-und-die-frage-wie-verlor-eine-gesellschaft-vernunft-und-humanitaet\/#primaryimage","url":"https:\/\/now-news.de\/de\/wp-content\/uploads\/sites\/3\/2023\/07\/Ein-Virus-und-die-Frage-Wie-verlor-eine-Gesellschaft-Vernunft.jpg","contentUrl":"https:\/\/now-news.de\/de\/wp-content\/uploads\/sites\/3\/2023\/07\/Ein-Virus-und-die-Frage-Wie-verlor-eine-Gesellschaft-Vernunft.jpg","width":460,"height":259,"caption":"Ein Virus und die Frage: Wie verlor eine Gesellschaft Vernunft und Humanit\u00e4t?"},{"@type":"BreadcrumbList","@id":"https:\/\/now-news.de\/de\/deutschland\/ein-virus-und-die-frage-wie-verlor-eine-gesellschaft-vernunft-und-humanitaet\/#breadcrumb","itemListElement":[{"@type":"ListItem","position":1,"name":"Home","item":"https:\/\/now-news.de\/de\/"},{"@type":"ListItem","position":2,"name":"Ein Virus und die Frage: Wie verlor eine Gesellschaft Vernunft und Humanit\u00e4t?"}]},{"@type":"WebSite","@id":"https:\/\/now-news.de\/de\/#website","url":"https:\/\/now-news.de\/de\/","name":"just-now.NEWS Deutschland","description":"Das Portal f\u00fcr unzensierte Nachrichten aus der Welt","publisher":{"@id":"https:\/\/now-news.de\/de\/#organization"},"potentialAction":[{"@type":"SearchAction","target":{"@type":"EntryPoint","urlTemplate":"https:\/\/now-news.de\/de\/?s={search_term_string}"},"query-input":"required name=search_term_string"}],"inLanguage":"de"},{"@type":"Organization","@id":"https:\/\/now-news.de\/de\/#organization","name":"Just Now News","url":"https:\/\/now-news.de\/de\/","logo":{"@type":"ImageObject","inLanguage":"de","@id":"https:\/\/now-news.de\/de\/#\/schema\/logo\/image\/","url":"http:\/\/just-now.news\/de\/wp-content\/uploads\/sites\/3\/2022\/04\/logo500x500.jpg","contentUrl":"http:\/\/just-now.news\/de\/wp-content\/uploads\/sites\/3\/2022\/04\/logo500x500.jpg","width":500,"height":500,"caption":"Just Now News"},"image":{"@id":"https:\/\/now-news.de\/de\/#\/schema\/logo\/image\/"},"sameAs":["https:\/\/www.facebook.com\/wirmachenauf","https:\/\/x.com\/WirMachenAuf_de"]},{"@type":"Person","@id":"https:\/\/now-news.de\/de\/#\/schema\/person\/fb534a4e865501d8b3285208df34a9b5","name":"rtnews","image":{"@type":"ImageObject","inLanguage":"de","@id":"https:\/\/now-news.de\/de\/#\/schema\/person\/image\/","url":"https:\/\/secure.gravatar.com\/avatar\/82aafea7d8127119dd649515f56e2117?s=96&d=mm&r=g","contentUrl":"https:\/\/secure.gravatar.com\/avatar\/82aafea7d8127119dd649515f56e2117?s=96&d=mm&r=g","caption":"rtnews"},"url":"https:\/\/now-news.de\/de\/author\/rnews\/"}]}},"_links":{"self":[{"href":"https:\/\/now-news.de\/de\/wp-json\/wp\/v2\/posts\/39748"}],"collection":[{"href":"https:\/\/now-news.de\/de\/wp-json\/wp\/v2\/posts"}],"about":[{"href":"https:\/\/now-news.de\/de\/wp-json\/wp\/v2\/types\/post"}],"author":[{"embeddable":true,"href":"https:\/\/now-news.de\/de\/wp-json\/wp\/v2\/users\/3"}],"replies":[{"embeddable":true,"href":"https:\/\/now-news.de\/de\/wp-json\/wp\/v2\/comments?post=39748"}],"version-history":[{"count":0,"href":"https:\/\/now-news.de\/de\/wp-json\/wp\/v2\/posts\/39748\/revisions"}],"wp:featuredmedia":[{"embeddable":true,"href":"https:\/\/now-news.de\/de\/wp-json\/wp\/v2\/media\/39749"}],"wp:attachment":[{"href":"https:\/\/now-news.de\/de\/wp-json\/wp\/v2\/media?parent=39748"}],"wp:term":[{"taxonomy":"category","embeddable":true,"href":"https:\/\/now-news.de\/de\/wp-json\/wp\/v2\/categories?post=39748"},{"taxonomy":"post_tag","embeddable":true,"href":"https:\/\/now-news.de\/de\/wp-json\/wp\/v2\/tags?post=39748"}],"curies":[{"name":"wp","href":"https:\/\/api.w.org\/{rel}","templated":true}]}}