{"id":39730,"date":"2023-07-08T17:10:29","date_gmt":"2023-07-08T15:10:29","guid":{"rendered":"https:\/\/just-now.news\/de\/deutschland\/pruegelattacke-in-sachsen-15-jaehriger-afghanischer-intensivtaeter-greift-lokfuehrer-an\/"},"modified":"2023-07-08T17:10:29","modified_gmt":"2023-07-08T15:10:29","slug":"pruegelattacke-in-sachsen-15-jaehriger-afghanischer-intensivtaeter-greift-lokfuehrer-an","status":"publish","type":"post","link":"https:\/\/now-news.de\/de\/deutschland\/pruegelattacke-in-sachsen-15-jaehriger-afghanischer-intensivtaeter-greift-lokfuehrer-an\/","title":{"rendered":"Pr\u00fcgelattacke in Sachsen: 15-j\u00e4hriger afghanischer Intensivt\u00e4ter greift Lokf\u00fchrer an"},"content":{"rendered":"<p><img decoding=\"async\" src=\"http:\/\/just-now.news\/de\/wp-content\/uploads\/sites\/3\/2023\/07\/64a9615eb480cc35f22f96e7.jpg\" \/><\/p>\n<div class=\"Text-root Text-type_1 \">\n                Der Vorfall ereignete sich auf einer Fahrt der Erzgebirgsbahn. Der Lokf\u00fchrer wollte in einer Streitdiskussion deeskalierend einwirken und erlitt dabei durch den T\u00e4ter einen Nasen- und Schl\u00fcsselbeinbruch. Die Polizei konnte den Jugendlichen sp\u00e4ter festnehmen. Sie ermittelt aber auch wegen angeblicher &#8220;Hasskommentare&#8221; in den sozialen Medien.\n            <\/div>\n<p><\/p>\n<div class=\"Text-root Text-type_5 ArticleView-text ViewText-root \">\n<p>Die Bundespolizeiinspektion Klingenthal <a rel=\"nofollow noopener\" target=\"_blank\" href=\"https:\/\/www.presseportal.de\/blaulicht\/pm\/74166\/5551551\">informierte<\/a> am 6. Juli \u00fcber\u00a0ein Gewaltdelikt. Bei diesem Vorfall wurde ein 50-j\u00e4hriger deutscher Triebfahrzeugf\u00fchrer an einem Haltepunkt &#8220;von einem 15-j\u00e4hrigen afghanischen Staatsangeh\u00f6rigen angegriffen und dabei im Gesicht und an der Schulter verletzt&#8221;. Der Bahnmitarbeiter wollte demnach einen Streit zwischen zwei Reisenden schlichten und wurde selbst zum Opfer. Im Anschluss fl\u00fcchtete der Angreifer und konnte sp\u00e4ter im Zuge der Fahndung aufgrund von Hinweisen in Aue festgenommen werden.<\/p>\n<p>Die <em>Bild<\/em>-Zeitung berichtete in einem <a rel=\"nofollow noopener\" target=\"_blank\" href=\"https:\/\/www.bild.de\/regional\/dresden\/dresden-aktuell\/sachsen-lokfuehrer-schlaeger-15-festgenommen-84604580.bild.html\">Artikel<\/a> \u00fcber bekannt gewordene Hintergrundinformationen zu dem jungen T\u00e4ter:<\/p>\n<blockquote>\n<p><em>&#8220;Die Staatsanwaltschaft Chemnitz beantragte anschlie\u00dfend Haftbefehl gegen den polizeibekannten Jugendlichen (erfasst unter anderem wegen Bedrohung, K\u00f6rperverletzung, Raub, sexuelle Bel\u00e4stigung).&#8221;<\/em><\/p>\n<\/blockquote>\n<p>Der attackierte Lokf\u00fchrer trug laut Informationen des Boulevardsblattes schwere Verletzungen davon: &#8220;Nase und Schl\u00fcsselbein sind gebrochen, der Mann erlitt einen Schock.&#8221; Zuvor gerieten nach einem planm\u00e4\u00dfigen Halt in Lauter-Bernsbach im s\u00e4chsischen Erzgebirgskreis drei Personen nach dem Ausstieg aneinander. Auf dem Bahnsteig kam es demnach &#8220;zu einem lautstarken Wortgefecht zwischen zwei der ausgestiegenen Reisenden&#8221;, so der Artikel weiter.\u00a0Zwischen dem jungen Afghanen und einem Deutschen (36) soll es dann zu einem Streit gekommen sein, den der Zugf\u00fchrer schlichten wollte. Der Afghane und sein Begleiter fl\u00fcchteten nach dem Angriff.\u00a0Eine Zeugin konnte jedoch Hinweise auf den Tatverd\u00e4chtigen liefern.<strong><\/strong><\/p>\n<\/p>\n<p>Ein Reisender dokumentierte den Vorfall, das Video wurde dann offenbar unmittelbar der vom s\u00e4chsischen Verfassungsschutz als rechtsextremistisch eingestuften Partei Freie Sachsen zugespielt und fand sehr schnell den Weg in die sozialen Medien.<\/p>\n<div class=\"EmbedBlock-root EmbedBlock-twitter\">\n<div class=\"TwitterEmbed\">\n<blockquote class=\"twitter-tweet lazyload\" data-twitter=\"twitter-tweet\">\n<p lang=\"de\" dir=\"ltr\">Update: Der angeblich 15-j\u00e4hrige, afghanische Lokf\u00fchrer-Kopftreter (<a rel=\"nofollow noopener\" target=\"_blank\" href=\"https:\/\/t.co\/MeixpFOKX5\">https:\/\/t.co\/MeixpFOKX5<\/a> ) ist \u00fcberraschenderweise polizeibekannt und prominenter Intensivt\u00e4ter!Nichtsdestotrotz ermittelt die Polizei gegen &#8220;Rechte&#8221;, die \u00fcber die Tat berichten!<a rel=\"nofollow noopener\" target=\"_blank\" href=\"https:\/\/t.co\/5VlpJVuhGm\">https:\/\/t.co\/5VlpJVuhGm<\/a><a rel=\"nofollow noopener\" target=\"_blank\" href=\"https:\/\/twitter.com\/hashtag\/Lauter?src=hash&amp;ref_src=twsrc%5Etfw\">#Lauter<\/a><\/p>\n<p>\u2014 Hartes Geld (@Hartes_Geld) <a rel=\"nofollow noopener\" target=\"_blank\" href=\"https:\/\/twitter.com\/Hartes_Geld\/status\/1677389307009441802?ref_src=twsrc%5Etfw\">July 7, 2023<\/a><\/p><\/blockquote>\n<\/div>\n<\/div>\n<p>Weiterhin ungekl\u00e4rt bleibt, warum andere Reisende, wie auch der an dem Streit beteiligte Deutsche, dem attackierten Lokf\u00fchrer nicht halfen. Die Bundespolizei sucht daher noch Zeugen, die den Streit oder die Pr\u00fcgelattacke beobachtet haben. Ein\u00a0Polizeisprecher best\u00e4tigte der <em>Bild<\/em>-Zeitung, dass das Video &#8220;f\u00fcr die Auswertung und weitere Ermittlungen gesichert&#8221; wurde. Im Rahmen dieser Ermittlungen wurden demnach auch seitens der Polizei &#8220;die Reaktionen zur Pr\u00fcgelattacke in den sozialen Medien&#8221; ausgewertet.<\/p>\n<p>Einige Kommentare erf\u00fcllen &#8220;nach erster strafrechtlicher Bewertung&#8221; laut einem Polizeisprecher den Tatbestand der &#8220;\u00f6ffentlichen Aufforderung zu Straftaten sowie Volksverhetzung&#8221;. Die Verfasser m\u00fcssten mit einem Ermittlungsverfahren rechnen. Ein weiterer <em>Bild<\/em>-Artikel (Bezahlschranke) berichtet \u00fcber den Wiederholungst\u00e4ter:<\/p>\n<blockquote>\n<p><em>&#8220;Allein seit April 2023 sammelte der T\u00e4ter laut Sachsens Landespolizei acht Akteneintr\u00e4ge. Polizeibekannt ist er u.\u00a0a. wegen Unterschlagung, Beleidigung, Diebstahl, Bedrohung, K\u00f6rperverletzung, Raub, sexuelle Bel\u00e4stigung. Zudem gilt er als Dauerausrei\u00dfer aus seiner Jugendeinrichtung im Erzgebirge.&#8221;<\/em><\/p>\n<\/blockquote>\n<p>Der junge Afghane sitzt mittlerweile in U-Haft im s\u00e4chsischen Jugendgef\u00e4ngnis Regis-Breitingen.<\/p>\n<p>Mehr zum Thema &#8211; <a rel=\"nofollow noopener\" target=\"_blank\" href=\"https:\/\/freeassange.rtde.life\/inland\/174604-deutschland-hauptsorge-nummer-1-bei\/\">DeutschlandTrend: Hauptsorge der B\u00fcrger ist die Politik der Regierung<\/a><\/p>\n<\/p>\n<\/div>\n<p><script async src=\"https:\/\/platform.twitter.com\/widgets.js\" charset=\"utf-8\"><\/script><br \/>\n<br \/><br \/>\n<br \/><a href=\"https:\/\/de.rt.com\/inland\/174721-pruegelattacke-und-festnahme-15-jaehriger\/\">Source link <\/a><\/p>\n","protected":false},"excerpt":{"rendered":"<p>Der Vorfall ereignete sich auf einer Fahrt der Erzgebirgsbahn. Der Lokf\u00fchrer wollte in einer Streitdiskussion deeskalierend einwirken und erlitt dabei durch den T\u00e4ter einen Nasen- und Schl\u00fcsselbeinbruch. Die Polizei konnte den Jugendlichen sp\u00e4ter festnehmen. Sie ermittelt aber auch wegen angeblicher &#8220;Hasskommentare&#8221; in den sozialen Medien. Die Bundespolizeiinspektion Klingenthal informierte am 6. Juli \u00fcber\u00a0ein Gewaltdelikt. Bei [&hellip;]<\/p>\n","protected":false},"author":3,"featured_media":39731,"comment_status":"open","ping_status":"open","sticky":false,"template":"","format":"standard","meta":{"_yoast_indexnow_last_ping":["1688829356"],"wp_automatic_camp":["217"],"044986e75e7e4d2507126bc591535b6f":["Pr\u00fcgelattacke in Sachsen: 15-j\u00e4hriger afghanischer Intensivt\u00e4ter greift Lokf\u00fchrer an"],"original_link":["https:\/\/de.rt.com\/inland\/174721-pruegelattacke-und-festnahme-15-jaehriger\/"],"_thumbnail_id":["39731"],"_wptgpro_p2tg_sent2tg":["a:1:{i:23737;s:19:\"2023-07-08 17:17:04\";}"],"jnews_social_counter_last_update":["1777187576"]},"categories":[19,23],"tags":[29621,45752,572,46511,35275,46510,5488],"yoast_head":"<!-- This site is optimized with the Yoast SEO Premium plugin v22.7 (Yoast SEO v22.7) - https:\/\/yoast.com\/wordpress\/plugins\/seo\/ -->\n<title>Pr\u00fcgelattacke in Sachsen: 15-j\u00e4hriger afghanischer Intensivt\u00e4ter greift Lokf\u00fchrer an - just-now.NEWS Deutschland<\/title>\n<meta name=\"robots\" content=\"index, follow, max-snippet:-1, max-image-preview:large, max-video-preview:-1\" \/>\n<link rel=\"canonical\" href=\"https:\/\/now-news.de\/de\/deutschland\/pruegelattacke-in-sachsen-15-jaehriger-afghanischer-intensivtaeter-greift-lokfuehrer-an\/\" \/>\n<meta property=\"og:locale\" content=\"de_DE\" \/>\n<meta property=\"og:type\" content=\"article\" \/>\n<meta property=\"og:title\" content=\"Pr\u00fcgelattacke in Sachsen: 15-j\u00e4hriger afghanischer Intensivt\u00e4ter greift Lokf\u00fchrer an\" \/>\n<meta property=\"og:description\" content=\"Der Vorfall ereignete sich auf einer Fahrt der Erzgebirgsbahn. Der Lokf\u00fchrer wollte in einer Streitdiskussion deeskalierend einwirken und erlitt dabei durch den T\u00e4ter einen Nasen- und Schl\u00fcsselbeinbruch. Die Polizei konnte den Jugendlichen sp\u00e4ter festnehmen. Sie ermittelt aber auch wegen angeblicher &#8220;Hasskommentare&#8221; in den sozialen Medien. Die Bundespolizeiinspektion Klingenthal informierte am 6. Juli \u00fcber\u00a0ein Gewaltdelikt. Bei [&hellip;]\" \/>\n<meta property=\"og:url\" content=\"https:\/\/now-news.de\/de\/deutschland\/pruegelattacke-in-sachsen-15-jaehriger-afghanischer-intensivtaeter-greift-lokfuehrer-an\/\" \/>\n<meta property=\"og:site_name\" content=\"just-now.NEWS Deutschland\" \/>\n<meta property=\"article:publisher\" content=\"https:\/\/www.facebook.com\/wirmachenauf\" \/>\n<meta property=\"article:published_time\" content=\"2023-07-08T15:10:29+00:00\" \/>\n<meta property=\"og:image\" content=\"https:\/\/now-news.de\/de\/wp-content\/uploads\/sites\/3\/2023\/07\/Pruegelattacke-in-Sachsen-15-jaehriger-afghanischer-Intensivtaeter-greift-Lokfuehrer-an.jpg\" \/>\n\t<meta property=\"og:image:width\" content=\"460\" \/>\n\t<meta property=\"og:image:height\" content=\"259\" \/>\n\t<meta property=\"og:image:type\" content=\"image\/jpeg\" \/>\n<meta name=\"author\" content=\"rtnews\" \/>\n<meta name=\"twitter:card\" content=\"summary_large_image\" \/>\n<meta name=\"twitter:creator\" content=\"@WirMachenAuf_de\" \/>\n<meta name=\"twitter:site\" content=\"@WirMachenAuf_de\" \/>\n<meta name=\"twitter:label1\" content=\"Verfasst von\" \/>\n\t<meta name=\"twitter:data1\" content=\"rtnews\" \/>\n\t<meta name=\"twitter:label2\" content=\"Gesch\u00e4tzte Lesezeit\" \/>\n\t<meta name=\"twitter:data2\" content=\"3\u00a0Minuten\" \/>\n<script type=\"application\/ld+json\" class=\"yoast-schema-graph\">{\"@context\":\"https:\/\/schema.org\",\"@graph\":[{\"@type\":\"Article\",\"@id\":\"https:\/\/now-news.de\/de\/deutschland\/pruegelattacke-in-sachsen-15-jaehriger-afghanischer-intensivtaeter-greift-lokfuehrer-an\/#article\",\"isPartOf\":{\"@id\":\"https:\/\/now-news.de\/de\/deutschland\/pruegelattacke-in-sachsen-15-jaehriger-afghanischer-intensivtaeter-greift-lokfuehrer-an\/\"},\"author\":{\"name\":\"rtnews\",\"@id\":\"https:\/\/now-news.de\/de\/#\/schema\/person\/fb534a4e865501d8b3285208df34a9b5\"},\"headline\":\"Pr\u00fcgelattacke in Sachsen: 15-j\u00e4hriger afghanischer Intensivt\u00e4ter greift Lokf\u00fchrer an\",\"datePublished\":\"2023-07-08T15:10:29+00:00\",\"dateModified\":\"2023-07-08T15:10:29+00:00\",\"mainEntityOfPage\":{\"@id\":\"https:\/\/now-news.de\/de\/deutschland\/pruegelattacke-in-sachsen-15-jaehriger-afghanischer-intensivtaeter-greift-lokfuehrer-an\/\"},\"wordCount\":530,\"commentCount\":0,\"publisher\":{\"@id\":\"https:\/\/now-news.de\/de\/#organization\"},\"image\":{\"@id\":\"https:\/\/now-news.de\/de\/deutschland\/pruegelattacke-in-sachsen-15-jaehriger-afghanischer-intensivtaeter-greift-lokfuehrer-an\/#primaryimage\"},\"thumbnailUrl\":\"https:\/\/now-news.de\/de\/wp-content\/uploads\/sites\/3\/2023\/07\/Pruegelattacke-in-Sachsen-15-jaehriger-afghanischer-Intensivtaeter-greift-Lokfuehrer-an.jpg\",\"keywords\":[\"15j\u00e4hriger\",\"afghanischer\",\"greift\",\"Intensivt\u00e4ter\",\"Lokf\u00fchrer\",\"Pr\u00fcgelattacke\",\"Sachsen\"],\"articleSection\":[\"Deutschland\",\"Russland\"],\"inLanguage\":\"de\",\"potentialAction\":[{\"@type\":\"CommentAction\",\"name\":\"Comment\",\"target\":[\"https:\/\/now-news.de\/de\/deutschland\/pruegelattacke-in-sachsen-15-jaehriger-afghanischer-intensivtaeter-greift-lokfuehrer-an\/#respond\"]}]},{\"@type\":\"WebPage\",\"@id\":\"https:\/\/now-news.de\/de\/deutschland\/pruegelattacke-in-sachsen-15-jaehriger-afghanischer-intensivtaeter-greift-lokfuehrer-an\/\",\"url\":\"https:\/\/now-news.de\/de\/deutschland\/pruegelattacke-in-sachsen-15-jaehriger-afghanischer-intensivtaeter-greift-lokfuehrer-an\/\",\"name\":\"Pr\u00fcgelattacke in Sachsen: 15-j\u00e4hriger afghanischer Intensivt\u00e4ter greift Lokf\u00fchrer an - just-now.NEWS Deutschland\",\"isPartOf\":{\"@id\":\"https:\/\/now-news.de\/de\/#website\"},\"primaryImageOfPage\":{\"@id\":\"https:\/\/now-news.de\/de\/deutschland\/pruegelattacke-in-sachsen-15-jaehriger-afghanischer-intensivtaeter-greift-lokfuehrer-an\/#primaryimage\"},\"image\":{\"@id\":\"https:\/\/now-news.de\/de\/deutschland\/pruegelattacke-in-sachsen-15-jaehriger-afghanischer-intensivtaeter-greift-lokfuehrer-an\/#primaryimage\"},\"thumbnailUrl\":\"https:\/\/now-news.de\/de\/wp-content\/uploads\/sites\/3\/2023\/07\/Pruegelattacke-in-Sachsen-15-jaehriger-afghanischer-Intensivtaeter-greift-Lokfuehrer-an.jpg\",\"datePublished\":\"2023-07-08T15:10:29+00:00\",\"dateModified\":\"2023-07-08T15:10:29+00:00\",\"breadcrumb\":{\"@id\":\"https:\/\/now-news.de\/de\/deutschland\/pruegelattacke-in-sachsen-15-jaehriger-afghanischer-intensivtaeter-greift-lokfuehrer-an\/#breadcrumb\"},\"inLanguage\":\"de\",\"potentialAction\":[{\"@type\":\"ReadAction\",\"target\":[\"https:\/\/now-news.de\/de\/deutschland\/pruegelattacke-in-sachsen-15-jaehriger-afghanischer-intensivtaeter-greift-lokfuehrer-an\/\"]}]},{\"@type\":\"ImageObject\",\"inLanguage\":\"de\",\"@id\":\"https:\/\/now-news.de\/de\/deutschland\/pruegelattacke-in-sachsen-15-jaehriger-afghanischer-intensivtaeter-greift-lokfuehrer-an\/#primaryimage\",\"url\":\"https:\/\/now-news.de\/de\/wp-content\/uploads\/sites\/3\/2023\/07\/Pruegelattacke-in-Sachsen-15-jaehriger-afghanischer-Intensivtaeter-greift-Lokfuehrer-an.jpg\",\"contentUrl\":\"https:\/\/now-news.de\/de\/wp-content\/uploads\/sites\/3\/2023\/07\/Pruegelattacke-in-Sachsen-15-jaehriger-afghanischer-Intensivtaeter-greift-Lokfuehrer-an.jpg\",\"width\":460,\"height\":259,\"caption\":\"Pr\u00fcgelattacke in Sachsen: 15-j\u00e4hriger afghanischer Intensivt\u00e4ter greift Lokf\u00fchrer an\"},{\"@type\":\"BreadcrumbList\",\"@id\":\"https:\/\/now-news.de\/de\/deutschland\/pruegelattacke-in-sachsen-15-jaehriger-afghanischer-intensivtaeter-greift-lokfuehrer-an\/#breadcrumb\",\"itemListElement\":[{\"@type\":\"ListItem\",\"position\":1,\"name\":\"Home\",\"item\":\"https:\/\/now-news.de\/de\/\"},{\"@type\":\"ListItem\",\"position\":2,\"name\":\"Pr\u00fcgelattacke in Sachsen: 15-j\u00e4hriger afghanischer Intensivt\u00e4ter greift Lokf\u00fchrer an\"}]},{\"@type\":\"WebSite\",\"@id\":\"https:\/\/now-news.de\/de\/#website\",\"url\":\"https:\/\/now-news.de\/de\/\",\"name\":\"just-now.NEWS Deutschland\",\"description\":\"Das Portal f\u00fcr unzensierte Nachrichten aus der Welt\",\"publisher\":{\"@id\":\"https:\/\/now-news.de\/de\/#organization\"},\"potentialAction\":[{\"@type\":\"SearchAction\",\"target\":{\"@type\":\"EntryPoint\",\"urlTemplate\":\"https:\/\/now-news.de\/de\/?s={search_term_string}\"},\"query-input\":\"required name=search_term_string\"}],\"inLanguage\":\"de\"},{\"@type\":\"Organization\",\"@id\":\"https:\/\/now-news.de\/de\/#organization\",\"name\":\"Just Now News\",\"url\":\"https:\/\/now-news.de\/de\/\",\"logo\":{\"@type\":\"ImageObject\",\"inLanguage\":\"de\",\"@id\":\"https:\/\/now-news.de\/de\/#\/schema\/logo\/image\/\",\"url\":\"http:\/\/just-now.news\/de\/wp-content\/uploads\/sites\/3\/2022\/04\/logo500x500.jpg\",\"contentUrl\":\"http:\/\/just-now.news\/de\/wp-content\/uploads\/sites\/3\/2022\/04\/logo500x500.jpg\",\"width\":500,\"height\":500,\"caption\":\"Just Now News\"},\"image\":{\"@id\":\"https:\/\/now-news.de\/de\/#\/schema\/logo\/image\/\"},\"sameAs\":[\"https:\/\/www.facebook.com\/wirmachenauf\",\"https:\/\/x.com\/WirMachenAuf_de\"]},{\"@type\":\"Person\",\"@id\":\"https:\/\/now-news.de\/de\/#\/schema\/person\/fb534a4e865501d8b3285208df34a9b5\",\"name\":\"rtnews\",\"image\":{\"@type\":\"ImageObject\",\"inLanguage\":\"de\",\"@id\":\"https:\/\/now-news.de\/de\/#\/schema\/person\/image\/\",\"url\":\"https:\/\/secure.gravatar.com\/avatar\/82aafea7d8127119dd649515f56e2117?s=96&d=mm&r=g\",\"contentUrl\":\"https:\/\/secure.gravatar.com\/avatar\/82aafea7d8127119dd649515f56e2117?s=96&d=mm&r=g\",\"caption\":\"rtnews\"},\"url\":\"https:\/\/now-news.de\/de\/author\/rnews\/\"}]}<\/script>\n<!-- \/ Yoast SEO Premium plugin. -->","yoast_head_json":{"title":"Pr\u00fcgelattacke in Sachsen: 15-j\u00e4hriger afghanischer Intensivt\u00e4ter greift Lokf\u00fchrer an - just-now.NEWS Deutschland","robots":{"index":"index","follow":"follow","max-snippet":"max-snippet:-1","max-image-preview":"max-image-preview:large","max-video-preview":"max-video-preview:-1"},"canonical":"https:\/\/now-news.de\/de\/deutschland\/pruegelattacke-in-sachsen-15-jaehriger-afghanischer-intensivtaeter-greift-lokfuehrer-an\/","og_locale":"de_DE","og_type":"article","og_title":"Pr\u00fcgelattacke in Sachsen: 15-j\u00e4hriger afghanischer Intensivt\u00e4ter greift Lokf\u00fchrer an","og_description":"Der Vorfall ereignete sich auf einer Fahrt der Erzgebirgsbahn. Der Lokf\u00fchrer wollte in einer Streitdiskussion deeskalierend einwirken und erlitt dabei durch den T\u00e4ter einen Nasen- und Schl\u00fcsselbeinbruch. Die Polizei konnte den Jugendlichen sp\u00e4ter festnehmen. Sie ermittelt aber auch wegen angeblicher &#8220;Hasskommentare&#8221; in den sozialen Medien. Die Bundespolizeiinspektion Klingenthal informierte am 6. Juli \u00fcber\u00a0ein Gewaltdelikt. Bei [&hellip;]","og_url":"https:\/\/now-news.de\/de\/deutschland\/pruegelattacke-in-sachsen-15-jaehriger-afghanischer-intensivtaeter-greift-lokfuehrer-an\/","og_site_name":"just-now.NEWS Deutschland","article_publisher":"https:\/\/www.facebook.com\/wirmachenauf","article_published_time":"2023-07-08T15:10:29+00:00","og_image":[{"width":460,"height":259,"url":"https:\/\/now-news.de\/de\/wp-content\/uploads\/sites\/3\/2023\/07\/Pruegelattacke-in-Sachsen-15-jaehriger-afghanischer-Intensivtaeter-greift-Lokfuehrer-an.jpg","type":"image\/jpeg"}],"author":"rtnews","twitter_card":"summary_large_image","twitter_creator":"@WirMachenAuf_de","twitter_site":"@WirMachenAuf_de","twitter_misc":{"Verfasst von":"rtnews","Gesch\u00e4tzte Lesezeit":"3\u00a0Minuten"},"schema":{"@context":"https:\/\/schema.org","@graph":[{"@type":"Article","@id":"https:\/\/now-news.de\/de\/deutschland\/pruegelattacke-in-sachsen-15-jaehriger-afghanischer-intensivtaeter-greift-lokfuehrer-an\/#article","isPartOf":{"@id":"https:\/\/now-news.de\/de\/deutschland\/pruegelattacke-in-sachsen-15-jaehriger-afghanischer-intensivtaeter-greift-lokfuehrer-an\/"},"author":{"name":"rtnews","@id":"https:\/\/now-news.de\/de\/#\/schema\/person\/fb534a4e865501d8b3285208df34a9b5"},"headline":"Pr\u00fcgelattacke in Sachsen: 15-j\u00e4hriger afghanischer Intensivt\u00e4ter greift Lokf\u00fchrer an","datePublished":"2023-07-08T15:10:29+00:00","dateModified":"2023-07-08T15:10:29+00:00","mainEntityOfPage":{"@id":"https:\/\/now-news.de\/de\/deutschland\/pruegelattacke-in-sachsen-15-jaehriger-afghanischer-intensivtaeter-greift-lokfuehrer-an\/"},"wordCount":530,"commentCount":0,"publisher":{"@id":"https:\/\/now-news.de\/de\/#organization"},"image":{"@id":"https:\/\/now-news.de\/de\/deutschland\/pruegelattacke-in-sachsen-15-jaehriger-afghanischer-intensivtaeter-greift-lokfuehrer-an\/#primaryimage"},"thumbnailUrl":"https:\/\/now-news.de\/de\/wp-content\/uploads\/sites\/3\/2023\/07\/Pruegelattacke-in-Sachsen-15-jaehriger-afghanischer-Intensivtaeter-greift-Lokfuehrer-an.jpg","keywords":["15j\u00e4hriger","afghanischer","greift","Intensivt\u00e4ter","Lokf\u00fchrer","Pr\u00fcgelattacke","Sachsen"],"articleSection":["Deutschland","Russland"],"inLanguage":"de","potentialAction":[{"@type":"CommentAction","name":"Comment","target":["https:\/\/now-news.de\/de\/deutschland\/pruegelattacke-in-sachsen-15-jaehriger-afghanischer-intensivtaeter-greift-lokfuehrer-an\/#respond"]}]},{"@type":"WebPage","@id":"https:\/\/now-news.de\/de\/deutschland\/pruegelattacke-in-sachsen-15-jaehriger-afghanischer-intensivtaeter-greift-lokfuehrer-an\/","url":"https:\/\/now-news.de\/de\/deutschland\/pruegelattacke-in-sachsen-15-jaehriger-afghanischer-intensivtaeter-greift-lokfuehrer-an\/","name":"Pr\u00fcgelattacke in Sachsen: 15-j\u00e4hriger afghanischer Intensivt\u00e4ter greift Lokf\u00fchrer an - just-now.NEWS Deutschland","isPartOf":{"@id":"https:\/\/now-news.de\/de\/#website"},"primaryImageOfPage":{"@id":"https:\/\/now-news.de\/de\/deutschland\/pruegelattacke-in-sachsen-15-jaehriger-afghanischer-intensivtaeter-greift-lokfuehrer-an\/#primaryimage"},"image":{"@id":"https:\/\/now-news.de\/de\/deutschland\/pruegelattacke-in-sachsen-15-jaehriger-afghanischer-intensivtaeter-greift-lokfuehrer-an\/#primaryimage"},"thumbnailUrl":"https:\/\/now-news.de\/de\/wp-content\/uploads\/sites\/3\/2023\/07\/Pruegelattacke-in-Sachsen-15-jaehriger-afghanischer-Intensivtaeter-greift-Lokfuehrer-an.jpg","datePublished":"2023-07-08T15:10:29+00:00","dateModified":"2023-07-08T15:10:29+00:00","breadcrumb":{"@id":"https:\/\/now-news.de\/de\/deutschland\/pruegelattacke-in-sachsen-15-jaehriger-afghanischer-intensivtaeter-greift-lokfuehrer-an\/#breadcrumb"},"inLanguage":"de","potentialAction":[{"@type":"ReadAction","target":["https:\/\/now-news.de\/de\/deutschland\/pruegelattacke-in-sachsen-15-jaehriger-afghanischer-intensivtaeter-greift-lokfuehrer-an\/"]}]},{"@type":"ImageObject","inLanguage":"de","@id":"https:\/\/now-news.de\/de\/deutschland\/pruegelattacke-in-sachsen-15-jaehriger-afghanischer-intensivtaeter-greift-lokfuehrer-an\/#primaryimage","url":"https:\/\/now-news.de\/de\/wp-content\/uploads\/sites\/3\/2023\/07\/Pruegelattacke-in-Sachsen-15-jaehriger-afghanischer-Intensivtaeter-greift-Lokfuehrer-an.jpg","contentUrl":"https:\/\/now-news.de\/de\/wp-content\/uploads\/sites\/3\/2023\/07\/Pruegelattacke-in-Sachsen-15-jaehriger-afghanischer-Intensivtaeter-greift-Lokfuehrer-an.jpg","width":460,"height":259,"caption":"Pr\u00fcgelattacke in Sachsen: 15-j\u00e4hriger afghanischer Intensivt\u00e4ter greift Lokf\u00fchrer an"},{"@type":"BreadcrumbList","@id":"https:\/\/now-news.de\/de\/deutschland\/pruegelattacke-in-sachsen-15-jaehriger-afghanischer-intensivtaeter-greift-lokfuehrer-an\/#breadcrumb","itemListElement":[{"@type":"ListItem","position":1,"name":"Home","item":"https:\/\/now-news.de\/de\/"},{"@type":"ListItem","position":2,"name":"Pr\u00fcgelattacke in Sachsen: 15-j\u00e4hriger afghanischer Intensivt\u00e4ter greift Lokf\u00fchrer an"}]},{"@type":"WebSite","@id":"https:\/\/now-news.de\/de\/#website","url":"https:\/\/now-news.de\/de\/","name":"just-now.NEWS Deutschland","description":"Das Portal f\u00fcr unzensierte Nachrichten aus der Welt","publisher":{"@id":"https:\/\/now-news.de\/de\/#organization"},"potentialAction":[{"@type":"SearchAction","target":{"@type":"EntryPoint","urlTemplate":"https:\/\/now-news.de\/de\/?s={search_term_string}"},"query-input":"required name=search_term_string"}],"inLanguage":"de"},{"@type":"Organization","@id":"https:\/\/now-news.de\/de\/#organization","name":"Just Now News","url":"https:\/\/now-news.de\/de\/","logo":{"@type":"ImageObject","inLanguage":"de","@id":"https:\/\/now-news.de\/de\/#\/schema\/logo\/image\/","url":"http:\/\/just-now.news\/de\/wp-content\/uploads\/sites\/3\/2022\/04\/logo500x500.jpg","contentUrl":"http:\/\/just-now.news\/de\/wp-content\/uploads\/sites\/3\/2022\/04\/logo500x500.jpg","width":500,"height":500,"caption":"Just Now News"},"image":{"@id":"https:\/\/now-news.de\/de\/#\/schema\/logo\/image\/"},"sameAs":["https:\/\/www.facebook.com\/wirmachenauf","https:\/\/x.com\/WirMachenAuf_de"]},{"@type":"Person","@id":"https:\/\/now-news.de\/de\/#\/schema\/person\/fb534a4e865501d8b3285208df34a9b5","name":"rtnews","image":{"@type":"ImageObject","inLanguage":"de","@id":"https:\/\/now-news.de\/de\/#\/schema\/person\/image\/","url":"https:\/\/secure.gravatar.com\/avatar\/82aafea7d8127119dd649515f56e2117?s=96&d=mm&r=g","contentUrl":"https:\/\/secure.gravatar.com\/avatar\/82aafea7d8127119dd649515f56e2117?s=96&d=mm&r=g","caption":"rtnews"},"url":"https:\/\/now-news.de\/de\/author\/rnews\/"}]}},"_links":{"self":[{"href":"https:\/\/now-news.de\/de\/wp-json\/wp\/v2\/posts\/39730"}],"collection":[{"href":"https:\/\/now-news.de\/de\/wp-json\/wp\/v2\/posts"}],"about":[{"href":"https:\/\/now-news.de\/de\/wp-json\/wp\/v2\/types\/post"}],"author":[{"embeddable":true,"href":"https:\/\/now-news.de\/de\/wp-json\/wp\/v2\/users\/3"}],"replies":[{"embeddable":true,"href":"https:\/\/now-news.de\/de\/wp-json\/wp\/v2\/comments?post=39730"}],"version-history":[{"count":0,"href":"https:\/\/now-news.de\/de\/wp-json\/wp\/v2\/posts\/39730\/revisions"}],"wp:featuredmedia":[{"embeddable":true,"href":"https:\/\/now-news.de\/de\/wp-json\/wp\/v2\/media\/39731"}],"wp:attachment":[{"href":"https:\/\/now-news.de\/de\/wp-json\/wp\/v2\/media?parent=39730"}],"wp:term":[{"taxonomy":"category","embeddable":true,"href":"https:\/\/now-news.de\/de\/wp-json\/wp\/v2\/categories?post=39730"},{"taxonomy":"post_tag","embeddable":true,"href":"https:\/\/now-news.de\/de\/wp-json\/wp\/v2\/tags?post=39730"}],"curies":[{"name":"wp","href":"https:\/\/api.w.org\/{rel}","templated":true}]}}